{"id":198364,"date":"2019-12-13T13:54:20","date_gmt":"2019-12-13T13:54:20","guid":{"rendered":"https:\/\/www.meydan.tv\/article\/evsiz-issiz-senedsiz-aile-dovletden-komek-isteyir\/"},"modified":"2019-12-13T13:54:20","modified_gmt":"2019-12-13T13:54:20","slug":"evsiz-issiz-senedsiz-aile-dovletden-komek-isteyir","status":"publish","type":"post","link":"https:\/\/www.meydan.tv\/az\/article\/evsiz-issiz-senedsiz-aile-dovletden-komek-isteyir\/","title":{"rendered":"Evsiz, i\u015fsiz, s\u0259n\u0259dsiz ail\u0259 d\u00f6vl\u0259td\u0259n k\u00f6m\u0259k ist\u0259yir"},"content":{"rendered":"<p>\n  <i><br \/>\n    Ya\u011f\u0131\u015f sular\u0131 evin i\u00e7in\u0259 dolur, u\u015faqlar\u0131n b\u00f6yr\u0259kl\u0259ri, ciy\u0259rl\u0259ri x\u0259st\u0259dir<br \/>\n  <\/i>\n<\/p>\n<p>\n  \u201cEvimizin dam \u00f6rt\u00fcy\u00fc dem\u0259k olar ki, yoxdur, el\u0259c\u0259, \u0259limiz\u0259 ke\u00e7\u0259n \u015fiferl\u0259ri d\u00fczm\u00fc\u015f\u00fck. Ya\u011f\u0131\u015f ba\u015f\u0131m\u0131za ya\u011f\u0131r. Azya\u015fl\u0131 u\u015faqlar\u0131m var, ayaqlar\u0131 tutulur, ciy\u0259rl\u0259ri, b\u00f6yr\u0259kl\u0259ri x\u0259st\u0259dir. Kanalizasiyam\u0131z yoxdur, \u0259traf\u0131m\u0131z \u00e7irkab sulard\u0131r. X\u0259st\u0259liyin, \u00f6l\u00fcm\u00fcn i\u00e7ind\u0259 ya\u015fay\u0131r\u0131q\u201d.\n<\/p>\n<p>\n  Bunlar\u0131 Meydan TV-y\u0259 \u015eirvan \u015f\u0259h\u0259ri, Neft\u00e7il\u0259r k\u00fc\u00e7\u0259si 3 a \u00fcnvanda ya\u015fayan G\u00fcnay K\u0259rimova deyir. Onun s\u00f6zl\u0259rin\u0259 g\u00f6r\u0259, azya\u015fl\u0131 \u00f6vladlar\u0131na g\u00f6r\u0259 \u00f6z\u00fc i\u015fl\u0259y\u0259 bilmir, h\u0259yat yolda\u015f\u0131 s\u00fcr\u00fcc\u00fcd\u00fcr, ona da i\u015f yoxdur. N\u0259tic\u0259d\u0259 ail\u0259nin durumu d\u00f6z\u00fcms\u00fcz v\u0259ziyy\u0259t\u0259 \u00e7at\u0131b.\n<\/p>\n<p>\n  <b><br \/>\n    \u201c\u015e\u0259raitimizi nec\u0259 quraq, \u00e7\u00f6r\u0259yi hardan qazanaq?\u201d<br \/>\n  <\/b>\n<\/p>\n<p>\n  \u201cAtam \u00f6z pensiyas\u0131 il\u0259 azdan-\u00e7oxdan k\u00f6m\u0259k edirdi, o da d\u00fcnyas\u0131n\u0131 d\u0259yi\u015fdi. O r\u0259hm\u0259t\u0259 ged\u0259nd\u0259n sonra v\u0259ziyy\u0259timiz lap a\u011f\u0131rla\u015fd\u0131. Acl\u0131\u011fa birt\u0259h\u0259r d\u00f6zm\u0259k olar, ancaq bu ya\u011f\u0131\u015f, qar ba\u015f\u0131m\u0131za ya\u011f\u0131r, buna d\u00f6zm\u0259k olmur. Ya\u015fama\u011fa yerimiz yox idi, qay\u0131natamgilin h\u0259y\u0259tinin bir k\u00fcnc\u00fcnd\u0259 atam\u0131n k\u00f6m\u0259kliyi v\u0259 borc-x\u0259rcl\u0259 balaca bir ev tikdik ki, u\u015faqlar \u00e7\u00f6ld\u0259 qalmas\u0131n. Ancaq dam\u0131n\u0131 ba\u011flama\u011fa imkan\u0131m\u0131z olmad\u0131, \u015fiferl\u0259ri d\u00fczd\u00fck ki, a\u00e7\u0131q qalmas\u0131n. Ya\u011f\u0131\u015f ba\u015flayandan \u0259\u015fyalar\u0131m\u0131z suyun alt\u0131nda qal\u0131b. Ya\u011f\u0131\u015f\u0131n qar\u015f\u0131s\u0131n\u0131 almaq \u00fc\u00e7\u00fcn \u015fiferl\u0259rin b\u00f6y\u00fcr-ba\u015f\u0131na d\u00f6\u015f\u0259k, yast\u0131q y\u0131\u011fm\u0131\u015f\u0131q. \u00d6z\u00fcm\u00fcz birt\u0259h\u0259r ev d\u00fcz\u0259tlmi\u015fik, he\u00e7 olmasa dam\u0131n\u0131 ba\u011flama\u011f\u0131 da d\u00f6vl\u0259t el\u0259sin. U\u015faqpulu yox, sosial yard\u0131m yox, i\u015f yox, \u0259km\u0259y\u0259 torpaq yox, saxlama\u011fa heyvan yox, g\u0259lir yox, biz nec\u0259 ya\u015fayaq? \u015e\u0259raitimizi nec\u0259 quraq? \u00c7\u00f6r\u0259yi hardan \u0259ld\u0259 ed\u0259k ki, ac\u0131ndan \u00f6lm\u0259y\u0259k?\u201d\n<\/p>\n<p>\n  <b><br \/>\n    \u201c\u00c7irkab sular\u0131m\u0131z qon\u015fular\u0131n evinin alt\u0131na ax\u0131r\u201d<br \/>\n  <\/b>\n<\/p>\n<p>\n  Tikdikl\u0259ri ev\u0259 kanalizasiya x\u0259tti \u00e7\u0259kilm\u0259diyind\u0259n ail\u0259 \u00f6z\u00fc \u00e7irkab sular \u00fc\u00e7\u00fcn arx yarad\u0131b, bu da qon\u015fular\u0131n naraz\u0131l\u0131\u011f\u0131na s\u0259b\u0259b olub:\n<\/p>\n<p>\n  \u201cBizim \u00e7irkab sular qon\u015fular\u0131n h\u0259y\u0259tl\u0259rin\u0259, evl\u0259rinin alt\u0131na axd\u0131\u011f\u0131 \u00fc\u00e7\u00fcn h\u0259r g\u00fcn m\u00fcbahis\u0259 d\u00fc\u015f\u00fcr. Aidiyy\u0259ti qurumlara m\u00fcraci\u0259t edirik, h\u0259ll etmir. Bu problemi aidiyy\u0259ti qurumlar h\u0259ll etm\u0259lidir, m\u00fcraci\u0259t edirik ki, g\u0259lib kanalizasiya x\u0259ttini h\u0259y\u0259timiz\u0259 birl\u0259\u015fdirsinl\u0259r, m\u00fcraci\u0259tl\u0259rimiz\u0259 cavab vermirl\u0259r\u201d.\n<\/p>\n<p>\n  K\u0259rimovlar ail\u0259sinin daha bir problemi d\u0259 tikdikl\u0259ri evin s\u0259n\u0259dl\u0259\u015fdirilm\u0259si il\u0259 ba\u011fl\u0131d\u0131r.\n<\/p>\n<p>\n  <b><br \/>\n    \u201cBa\u015f\u00e7\u0131n\u0131n q\u0259buluna g\u0259l\u0259nl\u0259ri \u00e7\u0259km\u0259k ist\u0259y\u0259n qad\u0131n\u0131 yer\u0259 y\u0131x\u0131b qollar\u0131n\u0131 burdular\u201d<br \/>\n  <\/b>\n<\/p>\n<p>\n  G\u00fcnay K\u0259rimova ail\u0259nin sosial probleml\u0259rin\u0259 \u00e7ar\u0259 tapmaq \u00fc\u00e7\u00fcn \u015eirvan Rayon \u0130cra Hakimiyy\u0259tinin ba\u015f\u00e7\u0131s\u0131 \u0130lqar Abbasovun q\u0259buluna da gedib:\n<\/p>\n<p>\n  \u201c\u0130cra ba\u015f\u00e7\u0131s\u0131n\u0131n q\u0259buluna getdim, binan\u0131n qar\u015f\u0131s\u0131nda ac\u0131nacaql\u0131 v\u0259ziyy\u0259t vard\u0131. Ba\u015f\u00e7\u0131n\u0131n q\u0259buluna d\u00fc\u015fm\u0259k m\u00fcmk\u00fcn deyildi. Bir qad\u0131n telefonu \u00e7\u0131xartd\u0131, ist\u0259di video \u00e7\u0259ksin, internetd\u0259 payla\u015fs\u0131n ki, prezident v\u0259ziyy\u0259td\u0259n x\u0259b\u0259rdar olsun. Ancaq polisl\u0259r yer\u0259 y\u0131x\u0131b, qollar\u0131n\u0131 burdular, telefonu \u0259lind\u0259n ald\u0131lar. M\u0259n yalvar-yaxarla, birt\u0259h\u0259r ba\u015f\u00e7\u0131n\u0131n q\u0259buluna d\u00fc\u015f\u0259 bildim. M\u0259n\u0259 qulaq asd\u0131, bir n\u0259f\u0259ri \u00e7a\u011f\u0131rd\u0131, dedi, bu xan\u0131m\u0131n probleml\u0259rini ara\u015fd\u0131rma\u011f\u0131 s\u0259n\u0259 tap\u015f\u0131r\u0131ram. O da m\u0259ni \u00e7\u00f6l\u0259 \u00e7\u0131xartd\u0131, dedi, dan\u0131\u015f, g\u00f6r\u0259k, n\u0259 m\u0259s\u0259l\u0259dir. M\u0259n ona b\u00fct\u00fcn probleml\u0259rimizi dan\u0131\u015fd\u0131m. Dedi, s\u0259n s\u0259hv \u00fcnvana g\u0259lmis\u0259n, burda bel\u0259 probleml\u0259r h\u0259ll olunmur. Dedim, nec\u0259 y\u0259ni, s\u0259hv g\u0259lmis\u0259n, bura rayonun icra hakimiyy\u0259tidir, m\u0259n d\u0259 v\u0259t\u0259nda\u015fam, prezident bu ba\u015f\u00e7\u0131n\u0131 t\u0259yin edib ki, m\u0259nim kimi v\u0259t\u0259nda\u015f\u0131n probleml\u0259rini h\u0259ll etsin. \u018fg\u0259r ba\u015f\u00e7\u0131 m\u0259nim probleml\u0259rimi h\u0259ll ed\u0259 bilm\u0259y\u0259c\u0259ks\u0259, n\u0259 i\u015f g\u00f6r\u00fcr, niy\u0259 maa\u015f al\u0131r? Dedi, hara ist\u0259yirs\u0259n, \u015fikay\u0259t et, s\u0259nin probleml\u0259rin bizlik deyil. Sonra da uzaqla\u015f\u0131b getdi. M\u0259n t\u0259z\u0259d\u0259n ba\u015f\u00e7\u0131n\u0131n q\u0259buluna d\u00fc\u015fm\u0259k \u00fc\u00e7\u00fcn binaya daxil olmaq ist\u0259y\u0259nd\u0259, polisl\u0259r buraxmad\u0131, dedil\u0259r, s\u0259n art\u0131q ba\u015f\u00e7\u0131n\u0131n q\u0259bulunda olmusan\u201d.\n<\/p>\n<p>\n  <b><br \/>\n    \u201c\u00d6mr\u00fcm\u00fcz \u201ccv\u201d ata-ata ba\u015fa \u00e7atd\u0131\u201d<br \/>\n  <\/b>\n<\/p>\n<p>\n  Ail\u0259nin ba\u015f\u00e7\u0131s\u0131 Kamal K\u0259rimov uzun m\u00fcdd\u0259tdir ki, i\u015f axtar\u0131\u015f\u0131nda oldu\u011funu deyir:\n<\/p>\n<p>\n  \u201c\u015eirk\u0259tl\u0259r\u0259 \u201ccv\u201d at\u0131ram, ham\u0131s\u0131 bo\u015f \u015feyl\u0259rdir, vaxt itkisidir. \u00d6mr\u00fcm\u00fcz \u201ccv\u201d ata-ata ba\u015fa \u00e7atd\u0131. He\u00e7 yerd\u0259 i\u015f\u0259 q\u0259bul yoxdur. Burda \u201c\u015eirvan O\u0130L\u201d var, atam orda uzun ill\u0259r i\u015fl\u0259yib. O d\u00fcnyas\u0131n\u0131 d\u0259yi\u015f\u0259nd\u0259n sonra getdim, dedim, yeri bo\u015fdur, m\u0259ni onun yerin\u0259 i\u015f\u0259 g\u00f6t\u00fcr\u00fcn. Dedil\u0259r, tap\u015f\u0131r\u0131q olmasa, m\u00fcmk\u00fcn deyil. \u015eirk\u0259tin direktorunun q\u0259buluna d\u00fc\u015fm\u0259k m\u00fcmk\u00fcn deyil, g\u0259r\u0259k Bak\u0131dan SOCAR-dan tap\u015f\u0131r\u0131q ola ki, q\u0259buluna gir\u0259 bilim. M\u0259n d\u0259 sizin vasit\u0259nizl\u0259 ona m\u00fcraci\u0259t etm\u0259k ist\u0259yir\u0259m ki, m\u0259ni q\u0259bul etsin, orda f\u0259hl\u0259, s\u00fcr\u00fcc\u00fc i\u015fl\u0259ri var, xahi\u015f edim, m\u0259n\u0259 i\u015f versin, balalar\u0131ma \u00e7\u00f6r\u0259k g\u0259tirim, evimin dam\u0131n\u0131 \u0259sasl\u0131 t\u0259mir edim, ba\u011flay\u0131m, bizim d\u0259 insan kimi ya\u015famaq haqq\u0131m\u0131z var. K\u00fcl\u0259k tez-tez \u015fiferl\u0259ri u\u00e7urdur, ev \u00fcst\u00fc a\u00e7\u0131q qal\u0131r. Ya\u011f\u0131\u015f u\u015faqlar\u0131n yata\u011f\u0131n\u0131n i\u00e7in\u0259 ya\u011f\u0131r\u201d.\n<\/p>\n<p>\n  <b><br \/>\n    \u0130cra hakimiyy\u0259ti: \u201cAidiyy\u0259ti qurumlara m\u00fcraci\u0259t etsinl\u0259r\u201d<br \/>\n  <\/b>\n<\/p>\n<p>\n  \u015eirvan Rayon \u0130cra Hakimiyy\u0259tind\u0259n Meydan TV-y\u0259 bildirilib ki, K\u0259rimovlar ail\u0259si i\u015f \u00fc\u00e7\u00fcn rayon M\u0259\u015f\u011fulluq M\u0259rk\u0259zin\u0259 m\u00fcraci\u0259t etm\u0259lidil\u0259r. Dam \u00f6rt\u00fcy\u00fcn\u0259 g\u00f6r\u0259 k\u00f6m\u0259k \u00fc\u00e7\u00fcn b\u0259l\u0259diyy\u0259y\u0259, kanalziasiya x\u0259ttinin \u00e7\u0259kilm\u0259si, t\u0259z\u0259 tikilinin s\u0259n\u0259dl\u0259\u015fdirilm\u0259si \u00fc\u00e7\u00fcn d\u0259 aidiyy\u0259ti qurumlara m\u00fcraci\u0259t etm\u0259lidil\u0259r: \u201cBiz yaln\u0131z bunu ed\u0259 bil\u0259rik ki, ail\u0259 biz\u0259 m\u0259ktub g\u00f6nd\u0259rsin, biz d\u0259 o m\u00fcraci\u0259tl\u0259ri aidiyy\u0259ti qurumlara y\u00f6nl\u0259ndir\u0259k. Qurumun b\u00fcdc\u0259sind\u0259 v\u0259t\u0259nda\u015f\u0131n evinin t\u0259miri \u00fc\u00e7\u00fcn maliyy\u0259 v\u0259saiti n\u0259z\u0259rd\u0259 tutulmay\u0131b, biz kanalizasiya x\u0259tti \u00e7\u0259kmirik. Ancaq n\u0259d\u0259ns\u0259 v\u0259t\u0259nda\u015flar bel\u0259 probleml\u0259rin\u0259 g\u00f6r\u0259 aidiyy\u0259ti qurumlara yox, m\u0259hz icra hakimiyy\u0259tin\u0259 yaz\u0131r. H\u0259r qurumun \u00f6z sah\u0259si, \u00f6z v\u0259zif\u0259si, s\u0259lahiyy\u0259ti var\u201d.\n<\/p>\n<figure class=\"wp-block-image size-large\">\n  <img decoding=\"async\" src=\"https:\/\/www.meydan.tv\/az\/reg_shirvan_cirkab-sular-bura-dolur-jpg\/\" alt=\"reg_Shirvan_cirkab sular bura dolur.jpg\" class=\"wp-image-134328\"\/><figcaption>\n    \u00c7irkab sular bura dolur<br \/>\n  <\/figcaption><\/figure>\n<figure class=\"wp-block-image size-large\">\n  <img decoding=\"async\" src=\"https:\/\/www.meydan.tv\/az\/cirkab-sular-bura-dolur\/\" alt=\"\u00c7irkab sular bura dolur\" class=\"wp-image-134331\"\/><figcaption>\n    \u00c7irkab sular bura dolur<br \/>\n  <\/figcaption><\/figure>\n","protected":false},"excerpt":{"rendered":"<p>Ya\u011f\u0131\u015f sular\u0131 evin i\u00e7in\u0259 dolur, u\u015faqlar\u0131n b\u00f6yr\u0259kl\u0259ri, ciy\u0259rl\u0259ri x\u0259st\u0259dir<\/p>\n","protected":false},"author":11,"featured_media":134325,"comment_status":"closed","ping_status":"open","sticky":false,"template":"","format":"standard","meta":{"_acf_changed":false,"_sitemap_exclude":false,"_sitemap_priority":"","_sitemap_frequency":"","footnotes":""},"categories":[60],"tags":[],"class_list":["post-198364","post","type-post","status-publish","format-standard","has-post-thumbnail","hentry","category-bolge","infinite-scroll-item","generate-columns","tablet-grid-50","mobile-grid-100","grid-parent","grid-33","no-featured-image-padding"],"acf":[],"yoast_head":"<!-- This site is optimized with the Yoast SEO plugin v27.5 - https:\/\/yoast.com\/product\/yoast-seo-wordpress\/ -->\n<title>Evsiz, i\u015fsiz, s\u0259n\u0259dsiz ail\u0259 d\u00f6vl\u0259td\u0259n k\u00f6m\u0259k ist\u0259yir - MEYDAN.TV<\/title>\n<meta name=\"robots\" content=\"index, follow, max-snippet:-1, max-image-preview:large, max-video-preview:-1\" \/>\n<link rel=\"canonical\" href=\"https:\/\/www.meydan.tv\/az\/article\/evsiz-issiz-senedsiz-aile-dovletden-komek-isteyir\/\" \/>\n<meta property=\"og:locale\" content=\"az_AZ\" \/>\n<meta property=\"og:type\" content=\"article\" \/>\n<meta property=\"og:title\" content=\"Evsiz, i\u015fsiz, s\u0259n\u0259dsiz ail\u0259 d\u00f6vl\u0259td\u0259n k\u00f6m\u0259k ist\u0259yir - MEYDAN.TV\" \/>\n<meta property=\"og:description\" content=\"Ya\u011f\u0131\u015f sular\u0131 evin i\u00e7in\u0259 dolur, u\u015faqlar\u0131n b\u00f6yr\u0259kl\u0259ri, ciy\u0259rl\u0259ri x\u0259st\u0259dir\" \/>\n<meta property=\"og:url\" content=\"https:\/\/www.meydan.tv\/az\/article\/evsiz-issiz-senedsiz-aile-dovletden-komek-isteyir\/\" \/>\n<meta property=\"og:site_name\" content=\"MEYDAN.TV\" \/>\n<meta property=\"article:published_time\" content=\"2019-12-13T13:54:20+00:00\" \/>\n<meta property=\"og:image\" content=\"https:\/\/www.meydan.tv\/wp-content\/uploads\/reg_shirvan_gunay_kerimova.jpg\" \/>\n\t<meta property=\"og:image:width\" content=\"1032\" \/>\n\t<meta property=\"og:image:height\" content=\"774\" \/>\n\t<meta property=\"og:image:type\" content=\"image\/jpeg\" \/>\n<meta name=\"author\" content=\"user-manager\" \/>\n<meta name=\"twitter:card\" content=\"summary_large_image\" \/>\n<script type=\"application\/ld+json\" class=\"yoast-schema-graph\">{\"@context\":\"https:\\\/\\\/schema.org\",\"@graph\":[{\"@type\":\"Article\",\"@id\":\"https:\\\/\\\/www.meydan.tv\\\/az\\\/article\\\/evsiz-issiz-senedsiz-aile-dovletden-komek-isteyir\\\/#article\",\"isPartOf\":{\"@id\":\"https:\\\/\\\/www.meydan.tv\\\/az\\\/article\\\/evsiz-issiz-senedsiz-aile-dovletden-komek-isteyir\\\/\"},\"author\":{\"name\":\"user-manager\",\"@id\":\"https:\\\/\\\/www.meydan.tv\\\/az\\\/#\\\/schema\\\/person\\\/10d11eccf6da3662cf5fdab9806ea91a\"},\"headline\":\"Evsiz, i\u015fsiz, s\u0259n\u0259dsiz ail\u0259 d\u00f6vl\u0259td\u0259n k\u00f6m\u0259k ist\u0259yir\",\"datePublished\":\"2019-12-13T13:54:20+00:00\",\"mainEntityOfPage\":{\"@id\":\"https:\\\/\\\/www.meydan.tv\\\/az\\\/article\\\/evsiz-issiz-senedsiz-aile-dovletden-komek-isteyir\\\/\"},\"wordCount\":1208,\"publisher\":{\"@id\":\"https:\\\/\\\/www.meydan.tv\\\/az\\\/#organization\"},\"image\":{\"@id\":\"https:\\\/\\\/www.meydan.tv\\\/az\\\/article\\\/evsiz-issiz-senedsiz-aile-dovletden-komek-isteyir\\\/#primaryimage\"},\"thumbnailUrl\":\"https:\\\/\\\/www.meydan.tv\\\/wp-content\\\/uploads\\\/reg_shirvan_gunay_kerimova.jpg\",\"articleSection\":[\"B\u00f6lg\u0259\"],\"inLanguage\":\"az\"},{\"@type\":\"WebPage\",\"@id\":\"https:\\\/\\\/www.meydan.tv\\\/az\\\/article\\\/evsiz-issiz-senedsiz-aile-dovletden-komek-isteyir\\\/\",\"url\":\"https:\\\/\\\/www.meydan.tv\\\/az\\\/article\\\/evsiz-issiz-senedsiz-aile-dovletden-komek-isteyir\\\/\",\"name\":\"Evsiz, i\u015fsiz, s\u0259n\u0259dsiz ail\u0259 d\u00f6vl\u0259td\u0259n k\u00f6m\u0259k ist\u0259yir - MEYDAN.TV\",\"isPartOf\":{\"@id\":\"https:\\\/\\\/www.meydan.tv\\\/az\\\/#website\"},\"primaryImageOfPage\":{\"@id\":\"https:\\\/\\\/www.meydan.tv\\\/az\\\/article\\\/evsiz-issiz-senedsiz-aile-dovletden-komek-isteyir\\\/#primaryimage\"},\"image\":{\"@id\":\"https:\\\/\\\/www.meydan.tv\\\/az\\\/article\\\/evsiz-issiz-senedsiz-aile-dovletden-komek-isteyir\\\/#primaryimage\"},\"thumbnailUrl\":\"https:\\\/\\\/www.meydan.tv\\\/wp-content\\\/uploads\\\/reg_shirvan_gunay_kerimova.jpg\",\"datePublished\":\"2019-12-13T13:54:20+00:00\",\"breadcrumb\":{\"@id\":\"https:\\\/\\\/www.meydan.tv\\\/az\\\/article\\\/evsiz-issiz-senedsiz-aile-dovletden-komek-isteyir\\\/#breadcrumb\"},\"inLanguage\":\"az\",\"potentialAction\":[{\"@type\":\"ReadAction\",\"target\":[\"https:\\\/\\\/www.meydan.tv\\\/az\\\/article\\\/evsiz-issiz-senedsiz-aile-dovletden-komek-isteyir\\\/\"]}]},{\"@type\":\"ImageObject\",\"inLanguage\":\"az\",\"@id\":\"https:\\\/\\\/www.meydan.tv\\\/az\\\/article\\\/evsiz-issiz-senedsiz-aile-dovletden-komek-isteyir\\\/#primaryimage\",\"url\":\"https:\\\/\\\/www.meydan.tv\\\/wp-content\\\/uploads\\\/reg_shirvan_gunay_kerimova.jpg\",\"contentUrl\":\"https:\\\/\\\/www.meydan.tv\\\/wp-content\\\/uploads\\\/reg_shirvan_gunay_kerimova.jpg\",\"width\":1032,\"height\":774,\"caption\":\"Source: Meydan TV\"},{\"@type\":\"BreadcrumbList\",\"@id\":\"https:\\\/\\\/www.meydan.tv\\\/az\\\/article\\\/evsiz-issiz-senedsiz-aile-dovletden-komek-isteyir\\\/#breadcrumb\",\"itemListElement\":[{\"@type\":\"ListItem\",\"position\":1,\"name\":\"Ana s\u0259hif\u0259\",\"item\":\"https:\\\/\\\/www.meydan.tv\\\/az\\\/\"},{\"@type\":\"ListItem\",\"position\":2,\"name\":\"B\u00f6lg\u0259\",\"item\":\"https:\\\/\\\/www.meydan.tv\\\/az\\\/section\\\/bolge\\\/\"},{\"@type\":\"ListItem\",\"position\":3,\"name\":\"Evsiz, i\u015fsiz, s\u0259n\u0259dsiz ail\u0259 d\u00f6vl\u0259td\u0259n k\u00f6m\u0259k ist\u0259yir\"}]},{\"@type\":\"WebSite\",\"@id\":\"https:\\\/\\\/www.meydan.tv\\\/az\\\/#website\",\"url\":\"https:\\\/\\\/www.meydan.tv\\\/az\\\/\",\"name\":\"MEYDAN.TV\",\"description\":\"Meydan TV Az\u0259rbaycan\u0131n media m\u0259kan\u0131ndak\u0131 alternativ s\u0259sidir\",\"publisher\":{\"@id\":\"https:\\\/\\\/www.meydan.tv\\\/az\\\/#organization\"},\"potentialAction\":[{\"@type\":\"SearchAction\",\"target\":{\"@type\":\"EntryPoint\",\"urlTemplate\":\"https:\\\/\\\/www.meydan.tv\\\/az\\\/?s={search_term_string}\"},\"query-input\":{\"@type\":\"PropertyValueSpecification\",\"valueRequired\":true,\"valueName\":\"search_term_string\"}}],\"inLanguage\":\"az\"},{\"@type\":\"Organization\",\"@id\":\"https:\\\/\\\/www.meydan.tv\\\/az\\\/#organization\",\"name\":\"Meydan TV\",\"url\":\"https:\\\/\\\/www.meydan.tv\\\/az\\\/\",\"logo\":{\"@type\":\"ImageObject\",\"inLanguage\":\"az\",\"@id\":\"https:\\\/\\\/www.meydan.tv\\\/az\\\/#\\\/schema\\\/logo\\\/image\\\/\",\"url\":\"https:\\\/\\\/www.meydan.tv\\\/wp-content\\\/uploads\\\/2021\\\/07\\\/meydan-logo.svg\",\"contentUrl\":\"https:\\\/\\\/www.meydan.tv\\\/wp-content\\\/uploads\\\/2021\\\/07\\\/meydan-logo.svg\",\"width\":195,\"height\":46,\"caption\":\"Meydan TV\"},\"image\":{\"@id\":\"https:\\\/\\\/www.meydan.tv\\\/az\\\/#\\\/schema\\\/logo\\\/image\\\/\"}},{\"@type\":\"Person\",\"@id\":\"https:\\\/\\\/www.meydan.tv\\\/az\\\/#\\\/schema\\\/person\\\/10d11eccf6da3662cf5fdab9806ea91a\",\"name\":\"user-manager\"}]}<\/script>\n<!-- \/ Yoast SEO plugin. -->","yoast_head_json":{"title":"Evsiz, i\u015fsiz, s\u0259n\u0259dsiz ail\u0259 d\u00f6vl\u0259td\u0259n k\u00f6m\u0259k ist\u0259yir - MEYDAN.TV","robots":{"index":"index","follow":"follow","max-snippet":"max-snippet:-1","max-image-preview":"max-image-preview:large","max-video-preview":"max-video-preview:-1"},"canonical":"https:\/\/www.meydan.tv\/az\/article\/evsiz-issiz-senedsiz-aile-dovletden-komek-isteyir\/","og_locale":"az_AZ","og_type":"article","og_title":"Evsiz, i\u015fsiz, s\u0259n\u0259dsiz ail\u0259 d\u00f6vl\u0259td\u0259n k\u00f6m\u0259k ist\u0259yir - MEYDAN.TV","og_description":"Ya\u011f\u0131\u015f sular\u0131 evin i\u00e7in\u0259 dolur, u\u015faqlar\u0131n b\u00f6yr\u0259kl\u0259ri, ciy\u0259rl\u0259ri x\u0259st\u0259dir","og_url":"https:\/\/www.meydan.tv\/az\/article\/evsiz-issiz-senedsiz-aile-dovletden-komek-isteyir\/","og_site_name":"MEYDAN.TV","article_published_time":"2019-12-13T13:54:20+00:00","og_image":[{"width":1032,"height":774,"url":"https:\/\/www.meydan.tv\/wp-content\/uploads\/reg_shirvan_gunay_kerimova.jpg","type":"image\/jpeg"}],"author":"user-manager","twitter_card":"summary_large_image","schema":{"@context":"https:\/\/schema.org","@graph":[{"@type":"Article","@id":"https:\/\/www.meydan.tv\/az\/article\/evsiz-issiz-senedsiz-aile-dovletden-komek-isteyir\/#article","isPartOf":{"@id":"https:\/\/www.meydan.tv\/az\/article\/evsiz-issiz-senedsiz-aile-dovletden-komek-isteyir\/"},"author":{"name":"user-manager","@id":"https:\/\/www.meydan.tv\/az\/#\/schema\/person\/10d11eccf6da3662cf5fdab9806ea91a"},"headline":"Evsiz, i\u015fsiz, s\u0259n\u0259dsiz ail\u0259 d\u00f6vl\u0259td\u0259n k\u00f6m\u0259k ist\u0259yir","datePublished":"2019-12-13T13:54:20+00:00","mainEntityOfPage":{"@id":"https:\/\/www.meydan.tv\/az\/article\/evsiz-issiz-senedsiz-aile-dovletden-komek-isteyir\/"},"wordCount":1208,"publisher":{"@id":"https:\/\/www.meydan.tv\/az\/#organization"},"image":{"@id":"https:\/\/www.meydan.tv\/az\/article\/evsiz-issiz-senedsiz-aile-dovletden-komek-isteyir\/#primaryimage"},"thumbnailUrl":"https:\/\/www.meydan.tv\/wp-content\/uploads\/reg_shirvan_gunay_kerimova.jpg","articleSection":["B\u00f6lg\u0259"],"inLanguage":"az"},{"@type":"WebPage","@id":"https:\/\/www.meydan.tv\/az\/article\/evsiz-issiz-senedsiz-aile-dovletden-komek-isteyir\/","url":"https:\/\/www.meydan.tv\/az\/article\/evsiz-issiz-senedsiz-aile-dovletden-komek-isteyir\/","name":"Evsiz, i\u015fsiz, s\u0259n\u0259dsiz ail\u0259 d\u00f6vl\u0259td\u0259n k\u00f6m\u0259k ist\u0259yir - MEYDAN.TV","isPartOf":{"@id":"https:\/\/www.meydan.tv\/az\/#website"},"primaryImageOfPage":{"@id":"https:\/\/www.meydan.tv\/az\/article\/evsiz-issiz-senedsiz-aile-dovletden-komek-isteyir\/#primaryimage"},"image":{"@id":"https:\/\/www.meydan.tv\/az\/article\/evsiz-issiz-senedsiz-aile-dovletden-komek-isteyir\/#primaryimage"},"thumbnailUrl":"https:\/\/www.meydan.tv\/wp-content\/uploads\/reg_shirvan_gunay_kerimova.jpg","datePublished":"2019-12-13T13:54:20+00:00","breadcrumb":{"@id":"https:\/\/www.meydan.tv\/az\/article\/evsiz-issiz-senedsiz-aile-dovletden-komek-isteyir\/#breadcrumb"},"inLanguage":"az","potentialAction":[{"@type":"ReadAction","target":["https:\/\/www.meydan.tv\/az\/article\/evsiz-issiz-senedsiz-aile-dovletden-komek-isteyir\/"]}]},{"@type":"ImageObject","inLanguage":"az","@id":"https:\/\/www.meydan.tv\/az\/article\/evsiz-issiz-senedsiz-aile-dovletden-komek-isteyir\/#primaryimage","url":"https:\/\/www.meydan.tv\/wp-content\/uploads\/reg_shirvan_gunay_kerimova.jpg","contentUrl":"https:\/\/www.meydan.tv\/wp-content\/uploads\/reg_shirvan_gunay_kerimova.jpg","width":1032,"height":774,"caption":"Source: Meydan TV"},{"@type":"BreadcrumbList","@id":"https:\/\/www.meydan.tv\/az\/article\/evsiz-issiz-senedsiz-aile-dovletden-komek-isteyir\/#breadcrumb","itemListElement":[{"@type":"ListItem","position":1,"name":"Ana s\u0259hif\u0259","item":"https:\/\/www.meydan.tv\/az\/"},{"@type":"ListItem","position":2,"name":"B\u00f6lg\u0259","item":"https:\/\/www.meydan.tv\/az\/section\/bolge\/"},{"@type":"ListItem","position":3,"name":"Evsiz, i\u015fsiz, s\u0259n\u0259dsiz ail\u0259 d\u00f6vl\u0259td\u0259n k\u00f6m\u0259k ist\u0259yir"}]},{"@type":"WebSite","@id":"https:\/\/www.meydan.tv\/az\/#website","url":"https:\/\/www.meydan.tv\/az\/","name":"MEYDAN.TV","description":"Meydan TV Az\u0259rbaycan\u0131n media m\u0259kan\u0131ndak\u0131 alternativ s\u0259sidir","publisher":{"@id":"https:\/\/www.meydan.tv\/az\/#organization"},"potentialAction":[{"@type":"SearchAction","target":{"@type":"EntryPoint","urlTemplate":"https:\/\/www.meydan.tv\/az\/?s={search_term_string}"},"query-input":{"@type":"PropertyValueSpecification","valueRequired":true,"valueName":"search_term_string"}}],"inLanguage":"az"},{"@type":"Organization","@id":"https:\/\/www.meydan.tv\/az\/#organization","name":"Meydan TV","url":"https:\/\/www.meydan.tv\/az\/","logo":{"@type":"ImageObject","inLanguage":"az","@id":"https:\/\/www.meydan.tv\/az\/#\/schema\/logo\/image\/","url":"https:\/\/www.meydan.tv\/wp-content\/uploads\/2021\/07\/meydan-logo.svg","contentUrl":"https:\/\/www.meydan.tv\/wp-content\/uploads\/2021\/07\/meydan-logo.svg","width":195,"height":46,"caption":"Meydan TV"},"image":{"@id":"https:\/\/www.meydan.tv\/az\/#\/schema\/logo\/image\/"}},{"@type":"Person","@id":"https:\/\/www.meydan.tv\/az\/#\/schema\/person\/10d11eccf6da3662cf5fdab9806ea91a","name":"user-manager"}]}},"_links":{"self":[{"href":"https:\/\/www.meydan.tv\/az\/wp-json\/wp\/v2\/posts\/198364","targetHints":{"allow":["GET"]}}],"collection":[{"href":"https:\/\/www.meydan.tv\/az\/wp-json\/wp\/v2\/posts"}],"about":[{"href":"https:\/\/www.meydan.tv\/az\/wp-json\/wp\/v2\/types\/post"}],"author":[{"embeddable":true,"href":"https:\/\/www.meydan.tv\/az\/wp-json\/wp\/v2\/users\/11"}],"replies":[{"embeddable":true,"href":"https:\/\/www.meydan.tv\/az\/wp-json\/wp\/v2\/comments?post=198364"}],"version-history":[{"count":0,"href":"https:\/\/www.meydan.tv\/az\/wp-json\/wp\/v2\/posts\/198364\/revisions"}],"wp:featuredmedia":[{"embeddable":true,"href":"https:\/\/www.meydan.tv\/az\/wp-json\/wp\/v2\/media\/134325"}],"wp:attachment":[{"href":"https:\/\/www.meydan.tv\/az\/wp-json\/wp\/v2\/media?parent=198364"}],"wp:term":[{"taxonomy":"category","embeddable":true,"href":"https:\/\/www.meydan.tv\/az\/wp-json\/wp\/v2\/categories?post=198364"},{"taxonomy":"post_tag","embeddable":true,"href":"https:\/\/www.meydan.tv\/az\/wp-json\/wp\/v2\/tags?post=198364"}],"curies":[{"name":"wp","href":"https:\/\/api.w.org\/{rel}","templated":true}]}}