{"id":198355,"date":"2019-12-13T00:51:12","date_gmt":"2019-12-13T00:51:12","guid":{"rendered":"https:\/\/www.meydan.tv\/article\/gulnare-kerimovanin-isvecreli-vekili-olkeye-buraxilmayib\/"},"modified":"2019-12-13T00:51:12","modified_gmt":"2019-12-13T00:51:12","slug":"gulnare-kerimovanin-isvecreli-vekili-olkeye-buraxilmayib","status":"publish","type":"post","link":"https:\/\/www.meydan.tv\/az\/article\/gulnare-kerimovanin-isvecreli-vekili-olkeye-buraxilmayib\/","title":{"rendered":"G\u00fclnar\u0259 K\u0259rimovan\u0131n isve\u00e7r\u0259li v\u0259kili \u00f6lk\u0259y\u0259 burax\u0131lmay\u0131b"},"content":{"rendered":"<p>\n  <i><br \/>\n    Mangeat m\u00fcv\u0259kkilinin h\u0259bsxanadak\u0131 \u015f\u0259rtl\u0259rinin \u201cd\u00f6z\u00fclm\u0259z\u201d oldu\u011funu b\u0259yan edib<br \/>\n  <\/i>\n<\/p>\n<p>\n  \u00d6zb\u0259kistan hakimiyy\u0259ti m\u0259rhum prezident \u0130slam K\u0259rimovun b\u00f6y\u00fck q\u0131z\u0131 G\u00fclnar\u0259 K\u0259rimovaya h\u00fcquqi m\u0259sl\u0259h\u0259t ver\u0259n isve\u00e7r\u0259li v\u0259kili etikan\u0131 pozmaqda g\u00fcnahland\u0131r\u0131b v\u0259 \u00f6lk\u0259y\u0259 girm\u0259sin\u0259 mane olub, &#8211; RFE\/RL x\u0259b\u0259r verir.\n<\/p>\n<p>\n  Dekabr\u0131n 11-d\u0259 RFE\/RL-\u0259 verdiyi a\u00e7\u0131qlamada Gregoire Mangeat \u00d6zb\u0259kistan\u0131n iddialar\u0131n\u0131 t\u0259kzib edib v\u0259 deyib ki, ba\u015f ver\u0259nl\u0259r hakimiyy\u0259tin Da\u015fk\u0259nd b\u00f6lg\u0259sind\u0259ki h\u0259bsxanada saxlan\u0131lan K\u0259rimovaya s\u0259rt m\u00fcnasib\u0259t g\u00f6st\u0259rm\u0259l\u0259rind\u0259n diqq\u0259ti yay\u0131nd\u0131rmaq c\u0259hdidir.\n<\/p>\n<p>\n  Mangeat v\u0259 \u00d6zb\u0259kistan hakimiyy\u0259ti aras\u0131ndak\u0131 \u00e7\u0259ki\u015fm\u0259 K\u0259rimova dastan\u0131nda ba\u015f vermi\u015f son hadis\u0259l\u0259rd\u0259ndir. K\u0259rimova bir zamanlar i\u015f qad\u0131n\u0131 olaraq elit c\u0259miyy\u0259tin parlayan simas\u0131 olub. O, \u00f6z\u00fcn\u00fc bir \u00e7ox sah\u0259d\u0259 \u00f6n\u0259 atd\u0131\u011f\u0131 kimi, pop m\u00fc\u011f\u0259nni olaraq da s\u0131nay\u0131b. 2014-c\u00fc ild\u0259 \u00f6lk\u0259nin prezidenti v\u0259 onun atas\u0131 v\u0259fat etdikd\u0259n sonra K\u0259rimova ictimai s\u0259hn\u0259d\u0259n yox olub.\n<\/p>\n<p>\n  K\u0259rimova 2000-ci ill\u0259rin sonu, 2010-cu ill\u0259rin \u0259vv\u0259ll\u0259rind\u0259 \u00d6zb\u0259kistanda f\u0259aliyy\u0259t\u0259 ba\u015flamaq ist\u0259y\u0259n \u00e7oxmill\u0259tli telekommunikasiya \u015firk\u0259tl\u0259ril\u0259 ba\u011fl\u0131 r\u00fc\u015fv\u0259t v\u0259 korrupsiyada ittiham olunur v\u0259 2015-ci ild\u0259n b\u0259ri \u00d6zb\u0259kistanda ev h\u0259bsind\u0259 saxlan\u0131l\u0131r.\n<\/p>\n<p>\n  Mart ay\u0131nda o v\u0259 onun \u015f\u0259riki AB\u015e prokurorlar\u0131 t\u0259r\u0259find\u0259n AB\u015e-\u0131n xarici korrupsiya qanunlar\u0131n\u0131 pozdu\u011funa g\u00f6r\u0259 ittiham edilib.\n<\/p>\n<p>\n  \u0130ttiham akt\u0131n\u0131n elan olunmas\u0131ndan bir ne\u00e7\u0259 g\u00fcn \u0259vv\u0259l \u00d6zb\u0259kistan hakimiyy\u0259ti onun ev dustaql\u0131\u011f\u0131n\u0131n \u015f\u0259rtl\u0259rini pozdu\u011funu iddia edib v\u0259 onu qad\u0131n h\u0259bsxanas\u0131na k\u00f6\u00e7\u00fcr\u00fcb.\n<\/p>\n<p>\n  Avqust ay\u0131nda prokurorlar onu iki d\u00f6vl\u0259t\u0259 aid sement zavodu il\u0259 \u0259laq\u0259li yeni cinay\u0259t istintaq\u0131na c\u0259lb edibl\u0259r.\n<\/p>\n<p>\n  Bu arada \u0130sve\u00e7r\u0259 prokurorlu\u011fu da K\u0259rimovan\u0131n \u0130sve\u00e7r\u0259d\u0259ki bank hesablar\u0131nda saxlad\u0131\u011f\u0131 y\u00fcz milyonlarla dollarla ba\u011fl\u0131 paralel cinay\u0259t i\u015fi ba\u015flad\u0131b.\n<\/p>\n<p>\n  \u0130sve\u00e7 hakimiyy\u0259ti Da\u015fk\u0259ndl\u0259 raz\u0131l\u0131\u011fa g\u0259ldiyini bildirib v\u0259 deyib ki, K\u0259rimovaya aid 500 milyon dollardan \u00e7ox pulu \u00d6zb\u0259kistana g\u00f6nd\u0259rm\u0259k fikrind\u0259dir.\n<\/p>\n<p>\n  Lakin \u0130sve\u00e7r\u0259 m\u0259hk\u0259m\u0259si t\u0259r\u0259find\u0259n K\u0259rimovan\u0131 t\u0259msil etm\u0259k \u00fc\u00e7\u00fcn t\u0259yin edilmi\u015f v\u0259 \u0259vv\u0259ll\u0259r K\u0259rimova il\u0259 h\u0259bsxanada g\u00f6r\u00fc\u015f\u0259n Mangeat deyib ki, \u0130sve\u00e7r\u0259 hakimiyy\u0259ti \u00d6zb\u0259kistanla dan\u0131\u015f\u0131qlar\u0131 dayand\u0131r\u0131b.\n<\/p>\n<p>\n  El\u0259 h\u0259min ay o, K\u0259rimovan\u0131 g\u00f6rm\u0259k \u00fc\u00e7\u00fcn Da\u015fk\u0259nd\u0259 getdiyini deyib, lakin h\u0259bsxana m\u00fcdiri bu g\u00f6r\u00fc\u015f\u0259 mane\u0259 t\u00f6r\u0259dib. Bundan sonra Mangeat m\u00fcv\u0259kkilinin h\u0259bsxanadak\u0131 \u015f\u0259rtl\u0259rinin \u201cd\u00f6z\u00fclm\u0259z\u201d oldu\u011funu b\u0259yan edib.\n<\/p>\n<p>\n  O deyib ki, oktyabr ay\u0131nda \u00d6zb\u0259kistan hakimiyy\u0259ti onun K\u0259rimovayla g\u00f6r\u00fc\u015fm\u0259k t\u0259l\u0259bini r\u0259dd edib. Onun son m\u00fcraci\u0259ti yanvar ay\u0131nda olub.\n<\/p>\n<p>\n  Lakin dekabr\u0131n 10-da \u00d6zb\u0259kistan Ba\u015f Prokurorlu\u011fu Mangeat\u0131 \u0130sve\u00e7r\u0259nin ba\u015flatd\u0131\u011f\u0131 ittihamlara deyil, K\u0259rimova qar\u015f\u0131 qald\u0131r\u0131lm\u0131\u015f ittihamlara y\u00f6n\u0259ltm\u0259kl\u0259 \u00f6z pe\u015f\u0259 etikas\u0131n\u0131 pozmaqda ittiham edib.\n<\/p>\n<p>\n  A\u00e7\u0131qlamada onu h\u0259bsxana haqq\u0131nda \u201cyalan m\u0259lumat\u201d yayd\u0131\u011f\u0131 bildirilib.\n<\/p>\n<p>\n  Mangeat ittihamlar\u0131 r\u0259dd edir v\u0259 \u00f6zb\u0259k m\u00fcst\u0259ntiql\u0259rinin &quot;qanunsuz f\u0259aliyy\u0259ti&quot;, m\u0259hkumlara qar\u015f\u0131 t\u0259tbiq olunan \u201c\u0259dal\u0259tsiz m\u0259hk\u0259m\u0259 i\u015fl\u0259ri\u201d il\u0259 ba\u011fl\u0131 t\u0259nqidl\u0259rini vur\u011fulay\u0131r.<\/p>\n","protected":false},"excerpt":{"rendered":"<p>Mart ay\u0131nda o v\u0259 onun \u015f\u0259riki AB\u015e prokurorlar\u0131 t\u0259r\u0259find\u0259n AB\u015e-\u0131n xarici korrupsiya qanunlar\u0131n\u0131 pozdu\u011funa g\u00f6r\u0259 ittiham edilib.<\/p>\n","protected":false},"author":11,"featured_media":119645,"comment_status":"closed","ping_status":"open","sticky":false,"template":"","format":"standard","meta":{"_acf_changed":false,"_sitemap_exclude":false,"_sitemap_priority":"","_sitemap_frequency":"","footnotes":""},"categories":[64],"tags":[],"class_list":["post-198355","post","type-post","status-publish","format-standard","has-post-thumbnail","hentry","category-dunya","infinite-scroll-item","generate-columns","tablet-grid-50","mobile-grid-100","grid-parent","grid-33","no-featured-image-padding"],"acf":[],"yoast_head":"<!-- This site is optimized with the Yoast SEO plugin v27.5 - https:\/\/yoast.com\/product\/yoast-seo-wordpress\/ -->\n<title>G\u00fclnar\u0259 K\u0259rimovan\u0131n isve\u00e7r\u0259li v\u0259kili \u00f6lk\u0259y\u0259 burax\u0131lmay\u0131b - MEYDAN.TV<\/title>\n<meta name=\"robots\" content=\"index, follow, max-snippet:-1, max-image-preview:large, max-video-preview:-1\" \/>\n<link rel=\"canonical\" href=\"https:\/\/www.meydan.tv\/az\/article\/gulnare-kerimovanin-isvecreli-vekili-olkeye-buraxilmayib\/\" \/>\n<meta property=\"og:locale\" content=\"az_AZ\" \/>\n<meta property=\"og:type\" content=\"article\" \/>\n<meta property=\"og:title\" content=\"G\u00fclnar\u0259 K\u0259rimovan\u0131n isve\u00e7r\u0259li v\u0259kili \u00f6lk\u0259y\u0259 burax\u0131lmay\u0131b - MEYDAN.TV\" \/>\n<meta property=\"og:description\" content=\"Mart ay\u0131nda o v\u0259 onun \u015f\u0259riki AB\u015e prokurorlar\u0131 t\u0259r\u0259find\u0259n AB\u015e-\u0131n xarici korrupsiya qanunlar\u0131n\u0131 pozdu\u011funa g\u00f6r\u0259 ittiham edilib.\" \/>\n<meta property=\"og:url\" content=\"https:\/\/www.meydan.tv\/az\/article\/gulnare-kerimovanin-isvecreli-vekili-olkeye-buraxilmayib\/\" \/>\n<meta property=\"og:site_name\" content=\"MEYDAN.TV\" \/>\n<meta property=\"article:published_time\" content=\"2019-12-13T00:51:12+00:00\" \/>\n<meta property=\"og:image\" content=\"https:\/\/www.meydan.tv\/wp-content\/uploads\/2c1e7cc4-9da6-4f3c-8f4c-2cab9bf96592_cx0_cy3_cw0_w1023_r1_s.jpg\" \/>\n\t<meta property=\"og:image:width\" content=\"1023\" \/>\n\t<meta property=\"og:image:height\" content=\"575\" \/>\n\t<meta property=\"og:image:type\" content=\"image\/jpeg\" \/>\n<meta name=\"author\" content=\"user-manager\" \/>\n<meta name=\"twitter:card\" content=\"summary_large_image\" \/>\n<script type=\"application\/ld+json\" class=\"yoast-schema-graph\">{\"@context\":\"https:\\\/\\\/schema.org\",\"@graph\":[{\"@type\":\"Article\",\"@id\":\"https:\\\/\\\/www.meydan.tv\\\/az\\\/article\\\/gulnare-kerimovanin-isvecreli-vekili-olkeye-buraxilmayib\\\/#article\",\"isPartOf\":{\"@id\":\"https:\\\/\\\/www.meydan.tv\\\/az\\\/article\\\/gulnare-kerimovanin-isvecreli-vekili-olkeye-buraxilmayib\\\/\"},\"author\":{\"name\":\"user-manager\",\"@id\":\"https:\\\/\\\/www.meydan.tv\\\/az\\\/#\\\/schema\\\/person\\\/10d11eccf6da3662cf5fdab9806ea91a\"},\"headline\":\"G\u00fclnar\u0259 K\u0259rimovan\u0131n isve\u00e7r\u0259li v\u0259kili \u00f6lk\u0259y\u0259 burax\u0131lmay\u0131b\",\"datePublished\":\"2019-12-13T00:51:12+00:00\",\"mainEntityOfPage\":{\"@id\":\"https:\\\/\\\/www.meydan.tv\\\/az\\\/article\\\/gulnare-kerimovanin-isvecreli-vekili-olkeye-buraxilmayib\\\/\"},\"wordCount\":633,\"publisher\":{\"@id\":\"https:\\\/\\\/www.meydan.tv\\\/az\\\/#organization\"},\"image\":{\"@id\":\"https:\\\/\\\/www.meydan.tv\\\/az\\\/article\\\/gulnare-kerimovanin-isvecreli-vekili-olkeye-buraxilmayib\\\/#primaryimage\"},\"thumbnailUrl\":\"https:\\\/\\\/www.meydan.tv\\\/wp-content\\\/uploads\\\/2c1e7cc4-9da6-4f3c-8f4c-2cab9bf96592_cx0_cy3_cw0_w1023_r1_s.jpg\",\"articleSection\":[\"D\u00fcnya\"],\"inLanguage\":\"az\"},{\"@type\":\"WebPage\",\"@id\":\"https:\\\/\\\/www.meydan.tv\\\/az\\\/article\\\/gulnare-kerimovanin-isvecreli-vekili-olkeye-buraxilmayib\\\/\",\"url\":\"https:\\\/\\\/www.meydan.tv\\\/az\\\/article\\\/gulnare-kerimovanin-isvecreli-vekili-olkeye-buraxilmayib\\\/\",\"name\":\"G\u00fclnar\u0259 K\u0259rimovan\u0131n isve\u00e7r\u0259li v\u0259kili \u00f6lk\u0259y\u0259 burax\u0131lmay\u0131b - MEYDAN.TV\",\"isPartOf\":{\"@id\":\"https:\\\/\\\/www.meydan.tv\\\/az\\\/#website\"},\"primaryImageOfPage\":{\"@id\":\"https:\\\/\\\/www.meydan.tv\\\/az\\\/article\\\/gulnare-kerimovanin-isvecreli-vekili-olkeye-buraxilmayib\\\/#primaryimage\"},\"image\":{\"@id\":\"https:\\\/\\\/www.meydan.tv\\\/az\\\/article\\\/gulnare-kerimovanin-isvecreli-vekili-olkeye-buraxilmayib\\\/#primaryimage\"},\"thumbnailUrl\":\"https:\\\/\\\/www.meydan.tv\\\/wp-content\\\/uploads\\\/2c1e7cc4-9da6-4f3c-8f4c-2cab9bf96592_cx0_cy3_cw0_w1023_r1_s.jpg\",\"datePublished\":\"2019-12-13T00:51:12+00:00\",\"breadcrumb\":{\"@id\":\"https:\\\/\\\/www.meydan.tv\\\/az\\\/article\\\/gulnare-kerimovanin-isvecreli-vekili-olkeye-buraxilmayib\\\/#breadcrumb\"},\"inLanguage\":\"az\",\"potentialAction\":[{\"@type\":\"ReadAction\",\"target\":[\"https:\\\/\\\/www.meydan.tv\\\/az\\\/article\\\/gulnare-kerimovanin-isvecreli-vekili-olkeye-buraxilmayib\\\/\"]}]},{\"@type\":\"ImageObject\",\"inLanguage\":\"az\",\"@id\":\"https:\\\/\\\/www.meydan.tv\\\/az\\\/article\\\/gulnare-kerimovanin-isvecreli-vekili-olkeye-buraxilmayib\\\/#primaryimage\",\"url\":\"https:\\\/\\\/www.meydan.tv\\\/wp-content\\\/uploads\\\/2c1e7cc4-9da6-4f3c-8f4c-2cab9bf96592_cx0_cy3_cw0_w1023_r1_s.jpg\",\"contentUrl\":\"https:\\\/\\\/www.meydan.tv\\\/wp-content\\\/uploads\\\/2c1e7cc4-9da6-4f3c-8f4c-2cab9bf96592_cx0_cy3_cw0_w1023_r1_s.jpg\",\"width\":1023,\"height\":575,\"caption\":\"Source: AFP\"},{\"@type\":\"BreadcrumbList\",\"@id\":\"https:\\\/\\\/www.meydan.tv\\\/az\\\/article\\\/gulnare-kerimovanin-isvecreli-vekili-olkeye-buraxilmayib\\\/#breadcrumb\",\"itemListElement\":[{\"@type\":\"ListItem\",\"position\":1,\"name\":\"Ana s\u0259hif\u0259\",\"item\":\"https:\\\/\\\/www.meydan.tv\\\/az\\\/\"},{\"@type\":\"ListItem\",\"position\":2,\"name\":\"D\u00fcnya\",\"item\":\"https:\\\/\\\/www.meydan.tv\\\/az\\\/section\\\/dunya\\\/\"},{\"@type\":\"ListItem\",\"position\":3,\"name\":\"G\u00fclnar\u0259 K\u0259rimovan\u0131n isve\u00e7r\u0259li v\u0259kili \u00f6lk\u0259y\u0259 burax\u0131lmay\u0131b\"}]},{\"@type\":\"WebSite\",\"@id\":\"https:\\\/\\\/www.meydan.tv\\\/az\\\/#website\",\"url\":\"https:\\\/\\\/www.meydan.tv\\\/az\\\/\",\"name\":\"MEYDAN.TV\",\"description\":\"Meydan TV Az\u0259rbaycan\u0131n media m\u0259kan\u0131ndak\u0131 alternativ s\u0259sidir\",\"publisher\":{\"@id\":\"https:\\\/\\\/www.meydan.tv\\\/az\\\/#organization\"},\"potentialAction\":[{\"@type\":\"SearchAction\",\"target\":{\"@type\":\"EntryPoint\",\"urlTemplate\":\"https:\\\/\\\/www.meydan.tv\\\/az\\\/?s={search_term_string}\"},\"query-input\":{\"@type\":\"PropertyValueSpecification\",\"valueRequired\":true,\"valueName\":\"search_term_string\"}}],\"inLanguage\":\"az\"},{\"@type\":\"Organization\",\"@id\":\"https:\\\/\\\/www.meydan.tv\\\/az\\\/#organization\",\"name\":\"Meydan TV\",\"url\":\"https:\\\/\\\/www.meydan.tv\\\/az\\\/\",\"logo\":{\"@type\":\"ImageObject\",\"inLanguage\":\"az\",\"@id\":\"https:\\\/\\\/www.meydan.tv\\\/az\\\/#\\\/schema\\\/logo\\\/image\\\/\",\"url\":\"https:\\\/\\\/www.meydan.tv\\\/wp-content\\\/uploads\\\/2021\\\/07\\\/meydan-logo.svg\",\"contentUrl\":\"https:\\\/\\\/www.meydan.tv\\\/wp-content\\\/uploads\\\/2021\\\/07\\\/meydan-logo.svg\",\"width\":195,\"height\":46,\"caption\":\"Meydan TV\"},\"image\":{\"@id\":\"https:\\\/\\\/www.meydan.tv\\\/az\\\/#\\\/schema\\\/logo\\\/image\\\/\"}},{\"@type\":\"Person\",\"@id\":\"https:\\\/\\\/www.meydan.tv\\\/az\\\/#\\\/schema\\\/person\\\/10d11eccf6da3662cf5fdab9806ea91a\",\"name\":\"user-manager\"}]}<\/script>\n<!-- \/ Yoast SEO plugin. -->","yoast_head_json":{"title":"G\u00fclnar\u0259 K\u0259rimovan\u0131n isve\u00e7r\u0259li v\u0259kili \u00f6lk\u0259y\u0259 burax\u0131lmay\u0131b - MEYDAN.TV","robots":{"index":"index","follow":"follow","max-snippet":"max-snippet:-1","max-image-preview":"max-image-preview:large","max-video-preview":"max-video-preview:-1"},"canonical":"https:\/\/www.meydan.tv\/az\/article\/gulnare-kerimovanin-isvecreli-vekili-olkeye-buraxilmayib\/","og_locale":"az_AZ","og_type":"article","og_title":"G\u00fclnar\u0259 K\u0259rimovan\u0131n isve\u00e7r\u0259li v\u0259kili \u00f6lk\u0259y\u0259 burax\u0131lmay\u0131b - MEYDAN.TV","og_description":"Mart ay\u0131nda o v\u0259 onun \u015f\u0259riki AB\u015e prokurorlar\u0131 t\u0259r\u0259find\u0259n AB\u015e-\u0131n xarici korrupsiya qanunlar\u0131n\u0131 pozdu\u011funa g\u00f6r\u0259 ittiham edilib.","og_url":"https:\/\/www.meydan.tv\/az\/article\/gulnare-kerimovanin-isvecreli-vekili-olkeye-buraxilmayib\/","og_site_name":"MEYDAN.TV","article_published_time":"2019-12-13T00:51:12+00:00","og_image":[{"width":1023,"height":575,"url":"https:\/\/www.meydan.tv\/wp-content\/uploads\/2c1e7cc4-9da6-4f3c-8f4c-2cab9bf96592_cx0_cy3_cw0_w1023_r1_s.jpg","type":"image\/jpeg"}],"author":"user-manager","twitter_card":"summary_large_image","schema":{"@context":"https:\/\/schema.org","@graph":[{"@type":"Article","@id":"https:\/\/www.meydan.tv\/az\/article\/gulnare-kerimovanin-isvecreli-vekili-olkeye-buraxilmayib\/#article","isPartOf":{"@id":"https:\/\/www.meydan.tv\/az\/article\/gulnare-kerimovanin-isvecreli-vekili-olkeye-buraxilmayib\/"},"author":{"name":"user-manager","@id":"https:\/\/www.meydan.tv\/az\/#\/schema\/person\/10d11eccf6da3662cf5fdab9806ea91a"},"headline":"G\u00fclnar\u0259 K\u0259rimovan\u0131n isve\u00e7r\u0259li v\u0259kili \u00f6lk\u0259y\u0259 burax\u0131lmay\u0131b","datePublished":"2019-12-13T00:51:12+00:00","mainEntityOfPage":{"@id":"https:\/\/www.meydan.tv\/az\/article\/gulnare-kerimovanin-isvecreli-vekili-olkeye-buraxilmayib\/"},"wordCount":633,"publisher":{"@id":"https:\/\/www.meydan.tv\/az\/#organization"},"image":{"@id":"https:\/\/www.meydan.tv\/az\/article\/gulnare-kerimovanin-isvecreli-vekili-olkeye-buraxilmayib\/#primaryimage"},"thumbnailUrl":"https:\/\/www.meydan.tv\/wp-content\/uploads\/2c1e7cc4-9da6-4f3c-8f4c-2cab9bf96592_cx0_cy3_cw0_w1023_r1_s.jpg","articleSection":["D\u00fcnya"],"inLanguage":"az"},{"@type":"WebPage","@id":"https:\/\/www.meydan.tv\/az\/article\/gulnare-kerimovanin-isvecreli-vekili-olkeye-buraxilmayib\/","url":"https:\/\/www.meydan.tv\/az\/article\/gulnare-kerimovanin-isvecreli-vekili-olkeye-buraxilmayib\/","name":"G\u00fclnar\u0259 K\u0259rimovan\u0131n isve\u00e7r\u0259li v\u0259kili \u00f6lk\u0259y\u0259 burax\u0131lmay\u0131b - MEYDAN.TV","isPartOf":{"@id":"https:\/\/www.meydan.tv\/az\/#website"},"primaryImageOfPage":{"@id":"https:\/\/www.meydan.tv\/az\/article\/gulnare-kerimovanin-isvecreli-vekili-olkeye-buraxilmayib\/#primaryimage"},"image":{"@id":"https:\/\/www.meydan.tv\/az\/article\/gulnare-kerimovanin-isvecreli-vekili-olkeye-buraxilmayib\/#primaryimage"},"thumbnailUrl":"https:\/\/www.meydan.tv\/wp-content\/uploads\/2c1e7cc4-9da6-4f3c-8f4c-2cab9bf96592_cx0_cy3_cw0_w1023_r1_s.jpg","datePublished":"2019-12-13T00:51:12+00:00","breadcrumb":{"@id":"https:\/\/www.meydan.tv\/az\/article\/gulnare-kerimovanin-isvecreli-vekili-olkeye-buraxilmayib\/#breadcrumb"},"inLanguage":"az","potentialAction":[{"@type":"ReadAction","target":["https:\/\/www.meydan.tv\/az\/article\/gulnare-kerimovanin-isvecreli-vekili-olkeye-buraxilmayib\/"]}]},{"@type":"ImageObject","inLanguage":"az","@id":"https:\/\/www.meydan.tv\/az\/article\/gulnare-kerimovanin-isvecreli-vekili-olkeye-buraxilmayib\/#primaryimage","url":"https:\/\/www.meydan.tv\/wp-content\/uploads\/2c1e7cc4-9da6-4f3c-8f4c-2cab9bf96592_cx0_cy3_cw0_w1023_r1_s.jpg","contentUrl":"https:\/\/www.meydan.tv\/wp-content\/uploads\/2c1e7cc4-9da6-4f3c-8f4c-2cab9bf96592_cx0_cy3_cw0_w1023_r1_s.jpg","width":1023,"height":575,"caption":"Source: AFP"},{"@type":"BreadcrumbList","@id":"https:\/\/www.meydan.tv\/az\/article\/gulnare-kerimovanin-isvecreli-vekili-olkeye-buraxilmayib\/#breadcrumb","itemListElement":[{"@type":"ListItem","position":1,"name":"Ana s\u0259hif\u0259","item":"https:\/\/www.meydan.tv\/az\/"},{"@type":"ListItem","position":2,"name":"D\u00fcnya","item":"https:\/\/www.meydan.tv\/az\/section\/dunya\/"},{"@type":"ListItem","position":3,"name":"G\u00fclnar\u0259 K\u0259rimovan\u0131n isve\u00e7r\u0259li v\u0259kili \u00f6lk\u0259y\u0259 burax\u0131lmay\u0131b"}]},{"@type":"WebSite","@id":"https:\/\/www.meydan.tv\/az\/#website","url":"https:\/\/www.meydan.tv\/az\/","name":"MEYDAN.TV","description":"Meydan TV Az\u0259rbaycan\u0131n media m\u0259kan\u0131ndak\u0131 alternativ s\u0259sidir","publisher":{"@id":"https:\/\/www.meydan.tv\/az\/#organization"},"potentialAction":[{"@type":"SearchAction","target":{"@type":"EntryPoint","urlTemplate":"https:\/\/www.meydan.tv\/az\/?s={search_term_string}"},"query-input":{"@type":"PropertyValueSpecification","valueRequired":true,"valueName":"search_term_string"}}],"inLanguage":"az"},{"@type":"Organization","@id":"https:\/\/www.meydan.tv\/az\/#organization","name":"Meydan TV","url":"https:\/\/www.meydan.tv\/az\/","logo":{"@type":"ImageObject","inLanguage":"az","@id":"https:\/\/www.meydan.tv\/az\/#\/schema\/logo\/image\/","url":"https:\/\/www.meydan.tv\/wp-content\/uploads\/2021\/07\/meydan-logo.svg","contentUrl":"https:\/\/www.meydan.tv\/wp-content\/uploads\/2021\/07\/meydan-logo.svg","width":195,"height":46,"caption":"Meydan TV"},"image":{"@id":"https:\/\/www.meydan.tv\/az\/#\/schema\/logo\/image\/"}},{"@type":"Person","@id":"https:\/\/www.meydan.tv\/az\/#\/schema\/person\/10d11eccf6da3662cf5fdab9806ea91a","name":"user-manager"}]}},"_links":{"self":[{"href":"https:\/\/www.meydan.tv\/az\/wp-json\/wp\/v2\/posts\/198355","targetHints":{"allow":["GET"]}}],"collection":[{"href":"https:\/\/www.meydan.tv\/az\/wp-json\/wp\/v2\/posts"}],"about":[{"href":"https:\/\/www.meydan.tv\/az\/wp-json\/wp\/v2\/types\/post"}],"author":[{"embeddable":true,"href":"https:\/\/www.meydan.tv\/az\/wp-json\/wp\/v2\/users\/11"}],"replies":[{"embeddable":true,"href":"https:\/\/www.meydan.tv\/az\/wp-json\/wp\/v2\/comments?post=198355"}],"version-history":[{"count":0,"href":"https:\/\/www.meydan.tv\/az\/wp-json\/wp\/v2\/posts\/198355\/revisions"}],"wp:featuredmedia":[{"embeddable":true,"href":"https:\/\/www.meydan.tv\/az\/wp-json\/wp\/v2\/media\/119645"}],"wp:attachment":[{"href":"https:\/\/www.meydan.tv\/az\/wp-json\/wp\/v2\/media?parent=198355"}],"wp:term":[{"taxonomy":"category","embeddable":true,"href":"https:\/\/www.meydan.tv\/az\/wp-json\/wp\/v2\/categories?post=198355"},{"taxonomy":"post_tag","embeddable":true,"href":"https:\/\/www.meydan.tv\/az\/wp-json\/wp\/v2\/tags?post=198355"}],"curies":[{"name":"wp","href":"https:\/\/api.w.org\/{rel}","templated":true}]}}