{"id":198353,"date":"2019-12-12T18:31:20","date_gmt":"2019-12-12T18:31:20","guid":{"rendered":"https:\/\/www.meydan.tv\/article\/gurcustan-parlamentinde-keskin-qoxu-plenar-iclasi-dayandirib\/"},"modified":"2019-12-12T18:31:20","modified_gmt":"2019-12-12T18:31:20","slug":"gurcustan-parlamentinde-keskin-qoxu-plenar-iclasi-dayandirib","status":"publish","type":"post","link":"https:\/\/www.meydan.tv\/az\/article\/gurcustan-parlamentinde-keskin-qoxu-plenar-iclasi-dayandirib\/","title":{"rendered":"G\u00fcrc\u00fcstan parlamentind\u0259 k\u0259skin qoxu plenar iclas\u0131 dayand\u0131r\u0131b"},"content":{"rendered":"<p>\n  <i><br \/>\n    Salondak\u0131 k\u0259skin qoxunun s\u0259b\u0259bi h\u0259l\u0259 d\u0259 bilinmir<br \/>\n  <\/i>\n<\/p>\n<p>\n  G\u00fcrc\u00fcstan parlamentinin plenar iclas\u0131 zaman\u0131 deputatlar d\u00f6z\u00fclm\u0259z n\u0259cis qoxusuna g\u00f6r\u0259 texniki fasil\u0259 elan etm\u0259li olublar, &#8211; \u201cNovosti-Georgia\u201d m\u0259lumat verib.\n<\/p>\n<p>\n  Dekabr\u0131n 12-d\u0259 iclasda parlament Ali M\u0259hk\u0259m\u0259 hakimliyin\u0259 namiz\u0259dl\u0259ri t\u0259sdiql\u0259m\u0259li v\u0259 ke\u00e7mi\u015f hakim partiya Vahid Milli H\u0259r\u0259kat Partiyas\u0131n\u0131n \u00fczv\u00fc Niki Meliyan\u0131n (Nicky Melia) m\u0259s\u0259l\u0259sin\u0259 bax\u0131lmal\u0131 idi. Eyni zamanda parlament binas\u0131n\u0131n \u00f6n\u00fcnd\u0259 m\u00fcxalif\u0259t v\u0259 v\u0259t\u0259nda\u015f f\u0259allar\u0131n\u0131n etiraz mitinqi ke\u00e7irilib. Binaya giri\u015f polis t\u0259r\u0259find\u0259n ba\u011flan\u0131b.\n<\/p>\n<p>\n  Salondak\u0131 k\u0259skin qoxunun s\u0259b\u0259bi h\u0259l\u0259 d\u0259 bilinmir. \u0130clasda hakim G\u00fcrc\u00fc Arzusu Partiyas\u0131n\u0131n n\u00fcmay\u0259nd\u0259l\u0259ri d\u0259 olub. Dig\u0259r parlament \u00fczvl\u0259ri iclas\u0131 boykot edibl\u0259r.\n<\/p>\n<p>\n  Parlamentin sabiq spikeri \u0130rakli Kobaxidzenin dediyin\u0259 g\u00f6r\u0259, ad\u0131 a\u00e7\u0131qlanmayan iki m\u00fcxalif mill\u0259t v\u0259kili konfrans ota\u011f\u0131na girib v\u0259 salona g\u00fccl\u00fc qoxusu olan nam\u0259lum madd\u0259 t\u00f6k\u00fcb.\n<\/p>\n<p>\n  Mill\u0259t v\u0259kili Gia Qa\u00e7e\u00e7iladze hadis\u0259ni \u201cterror akt\u0131\u201d adland\u0131r\u0131b.\n<\/p>\n<p>\n  RFE\/RL x\u0259b\u0259r verir ki, bu g\u00fcn Tbilisid\u0259 davam ed\u0259n etirazlarda polis parlamentin binas\u0131na giri\u015fi ba\u011flad\u0131qdan sonra m\u00fcxalif Yeni G\u00fcrc\u00fcstan Partiyas\u0131n\u0131n lideri Giorgi Va\u015fadze d\u0259 daxil olmaqla 12 etiraz\u00e7\u0131n\u0131 saxlay\u0131b.\n<\/p>\n<p>\n  Daxili \u0130\u015fl\u0259r Nazirliyi dekabr\u0131n 12-d\u0259 aksiya i\u015ftirak\u00e7\u0131lar\u0131n\u0131n ki\u00e7ik xuliqanl\u0131\u011fa g\u00f6r\u0259 tutuldu\u011funu qeyd edib v\u0259 onlar\u0131 polis \u0259mrl\u0259rin\u0259 tabe olmamaqda g\u00fcnahland\u0131r\u0131b.\n<\/p>\n<p>\n  Saxlan\u0131lanlar Ali M\u0259hk\u0259m\u0259y\u0259 19 namiz\u0259din se\u00e7ilm\u0259sin\u0259 etiraz olaraq qanunverici orqana giri\u015fi ba\u011flama\u011fa \u00e7al\u0131\u015fan onlarla f\u0259al aras\u0131nda olub.\n<\/p>\n<p>\n  Etiraz\u00e7\u0131lar namiz\u0259dl\u0259rin hakimiyy\u0259t t\u0259r\u0259find\u0259n idar\u0259 edil\u0259n \u201crezin m\u00f6h\u00fcrl\u00fc hakiml\u0259r\u201d oldu\u011funu qeyd edibl\u0259r.\n<\/p>\n<p>\n  Bir ne\u00e7\u0259 h\u0259ft\u0259dir ki, Tbilisid\u0259 \u00f6lk\u0259nin se\u00e7ki sistemind\u0259 islahatlar t\u0259l\u0259b ed\u0259n etiraz aksiyalar\u0131 ke\u00e7irilir. M\u00fcxalif\u0259t se\u00e7ki sisteminin hakim G\u00fcrc\u00fc Arzusu Partiyas\u0131na xidm\u0259t etdiyini iddia edir.\n<\/p>\n<p>\n  AB\u015e v\u0259 Avropa Birliyi d\u00f6vl\u0259tl\u0259ri siyasi partiyalar\u0131 v\u0259 v\u0259t\u0259nda\u015f c\u0259miyy\u0259tini \u201csakit v\u0259 dinc dialoqa\u201d \u00e7a\u011f\u0131r\u0131b.<\/p>\n","protected":false},"excerpt":{"rendered":"<p>Salondak\u0131 k\u0259skin qoxunun s\u0259b\u0259bi h\u0259l\u0259 d\u0259 bilinmir.<\/p>\n","protected":false},"author":11,"featured_media":134304,"comment_status":"closed","ping_status":"open","sticky":false,"template":"","format":"standard","meta":{"_acf_changed":false,"_sitemap_exclude":false,"_sitemap_priority":"","_sitemap_frequency":"","footnotes":""},"categories":[64],"tags":[],"class_list":["post-198353","post","type-post","status-publish","format-standard","has-post-thumbnail","hentry","category-dunya","infinite-scroll-item","generate-columns","tablet-grid-50","mobile-grid-100","grid-parent","grid-33","no-featured-image-padding"],"acf":[],"yoast_head":"<!-- This site is optimized with the Yoast SEO plugin v27.5 - https:\/\/yoast.com\/product\/yoast-seo-wordpress\/ -->\n<title>G\u00fcrc\u00fcstan parlamentind\u0259 k\u0259skin qoxu plenar iclas\u0131 dayand\u0131r\u0131b - MEYDAN.TV<\/title>\n<meta name=\"robots\" content=\"index, follow, max-snippet:-1, max-image-preview:large, max-video-preview:-1\" \/>\n<link rel=\"canonical\" href=\"https:\/\/www.meydan.tv\/az\/article\/gurcustan-parlamentinde-keskin-qoxu-plenar-iclasi-dayandirib\/\" \/>\n<meta property=\"og:locale\" content=\"az_AZ\" \/>\n<meta property=\"og:type\" content=\"article\" \/>\n<meta property=\"og:title\" content=\"G\u00fcrc\u00fcstan parlamentind\u0259 k\u0259skin qoxu plenar iclas\u0131 dayand\u0131r\u0131b - MEYDAN.TV\" \/>\n<meta property=\"og:description\" content=\"Salondak\u0131 k\u0259skin qoxunun s\u0259b\u0259bi h\u0259l\u0259 d\u0259 bilinmir.\" \/>\n<meta property=\"og:url\" content=\"https:\/\/www.meydan.tv\/az\/article\/gurcustan-parlamentinde-keskin-qoxu-plenar-iclasi-dayandirib\/\" \/>\n<meta property=\"og:site_name\" content=\"MEYDAN.TV\" \/>\n<meta property=\"article:published_time\" content=\"2019-12-12T18:31:20+00:00\" \/>\n<meta property=\"og:image\" content=\"https:\/\/www.meydan.tv\/wp-content\/uploads\/gurcustan_parlamenti-scaled.jpg\" \/>\n\t<meta property=\"og:image:width\" content=\"2560\" \/>\n\t<meta property=\"og:image:height\" content=\"1920\" \/>\n\t<meta property=\"og:image:type\" content=\"image\/jpeg\" \/>\n<meta name=\"author\" content=\"user-manager\" \/>\n<meta name=\"twitter:card\" content=\"summary_large_image\" \/>\n<script type=\"application\/ld+json\" class=\"yoast-schema-graph\">{\"@context\":\"https:\\\/\\\/schema.org\",\"@graph\":[{\"@type\":\"Article\",\"@id\":\"https:\\\/\\\/www.meydan.tv\\\/az\\\/article\\\/gurcustan-parlamentinde-keskin-qoxu-plenar-iclasi-dayandirib\\\/#article\",\"isPartOf\":{\"@id\":\"https:\\\/\\\/www.meydan.tv\\\/az\\\/article\\\/gurcustan-parlamentinde-keskin-qoxu-plenar-iclasi-dayandirib\\\/\"},\"author\":{\"name\":\"user-manager\",\"@id\":\"https:\\\/\\\/www.meydan.tv\\\/az\\\/#\\\/schema\\\/person\\\/10d11eccf6da3662cf5fdab9806ea91a\"},\"headline\":\"G\u00fcrc\u00fcstan parlamentind\u0259 k\u0259skin qoxu plenar iclas\u0131 dayand\u0131r\u0131b\",\"datePublished\":\"2019-12-12T18:31:20+00:00\",\"mainEntityOfPage\":{\"@id\":\"https:\\\/\\\/www.meydan.tv\\\/az\\\/article\\\/gurcustan-parlamentinde-keskin-qoxu-plenar-iclasi-dayandirib\\\/\"},\"wordCount\":407,\"publisher\":{\"@id\":\"https:\\\/\\\/www.meydan.tv\\\/az\\\/#organization\"},\"image\":{\"@id\":\"https:\\\/\\\/www.meydan.tv\\\/az\\\/article\\\/gurcustan-parlamentinde-keskin-qoxu-plenar-iclasi-dayandirib\\\/#primaryimage\"},\"thumbnailUrl\":\"https:\\\/\\\/www.meydan.tv\\\/wp-content\\\/uploads\\\/gurcustan_parlamenti-scaled.jpg\",\"articleSection\":[\"D\u00fcnya\"],\"inLanguage\":\"az\"},{\"@type\":\"WebPage\",\"@id\":\"https:\\\/\\\/www.meydan.tv\\\/az\\\/article\\\/gurcustan-parlamentinde-keskin-qoxu-plenar-iclasi-dayandirib\\\/\",\"url\":\"https:\\\/\\\/www.meydan.tv\\\/az\\\/article\\\/gurcustan-parlamentinde-keskin-qoxu-plenar-iclasi-dayandirib\\\/\",\"name\":\"G\u00fcrc\u00fcstan parlamentind\u0259 k\u0259skin qoxu plenar iclas\u0131 dayand\u0131r\u0131b - MEYDAN.TV\",\"isPartOf\":{\"@id\":\"https:\\\/\\\/www.meydan.tv\\\/az\\\/#website\"},\"primaryImageOfPage\":{\"@id\":\"https:\\\/\\\/www.meydan.tv\\\/az\\\/article\\\/gurcustan-parlamentinde-keskin-qoxu-plenar-iclasi-dayandirib\\\/#primaryimage\"},\"image\":{\"@id\":\"https:\\\/\\\/www.meydan.tv\\\/az\\\/article\\\/gurcustan-parlamentinde-keskin-qoxu-plenar-iclasi-dayandirib\\\/#primaryimage\"},\"thumbnailUrl\":\"https:\\\/\\\/www.meydan.tv\\\/wp-content\\\/uploads\\\/gurcustan_parlamenti-scaled.jpg\",\"datePublished\":\"2019-12-12T18:31:20+00:00\",\"breadcrumb\":{\"@id\":\"https:\\\/\\\/www.meydan.tv\\\/az\\\/article\\\/gurcustan-parlamentinde-keskin-qoxu-plenar-iclasi-dayandirib\\\/#breadcrumb\"},\"inLanguage\":\"az\",\"potentialAction\":[{\"@type\":\"ReadAction\",\"target\":[\"https:\\\/\\\/www.meydan.tv\\\/az\\\/article\\\/gurcustan-parlamentinde-keskin-qoxu-plenar-iclasi-dayandirib\\\/\"]}]},{\"@type\":\"ImageObject\",\"inLanguage\":\"az\",\"@id\":\"https:\\\/\\\/www.meydan.tv\\\/az\\\/article\\\/gurcustan-parlamentinde-keskin-qoxu-plenar-iclasi-dayandirib\\\/#primaryimage\",\"url\":\"https:\\\/\\\/www.meydan.tv\\\/wp-content\\\/uploads\\\/gurcustan_parlamenti-scaled.jpg\",\"contentUrl\":\"https:\\\/\\\/www.meydan.tv\\\/wp-content\\\/uploads\\\/gurcustan_parlamenti-scaled.jpg\",\"width\":2560,\"height\":1920,\"caption\":\"G\u00fcrc\u00fcstan parlamenti. Foto: arxiv\"},{\"@type\":\"BreadcrumbList\",\"@id\":\"https:\\\/\\\/www.meydan.tv\\\/az\\\/article\\\/gurcustan-parlamentinde-keskin-qoxu-plenar-iclasi-dayandirib\\\/#breadcrumb\",\"itemListElement\":[{\"@type\":\"ListItem\",\"position\":1,\"name\":\"Ana s\u0259hif\u0259\",\"item\":\"https:\\\/\\\/www.meydan.tv\\\/az\\\/\"},{\"@type\":\"ListItem\",\"position\":2,\"name\":\"D\u00fcnya\",\"item\":\"https:\\\/\\\/www.meydan.tv\\\/az\\\/section\\\/dunya\\\/\"},{\"@type\":\"ListItem\",\"position\":3,\"name\":\"G\u00fcrc\u00fcstan parlamentind\u0259 k\u0259skin qoxu plenar iclas\u0131 dayand\u0131r\u0131b\"}]},{\"@type\":\"WebSite\",\"@id\":\"https:\\\/\\\/www.meydan.tv\\\/az\\\/#website\",\"url\":\"https:\\\/\\\/www.meydan.tv\\\/az\\\/\",\"name\":\"MEYDAN.TV\",\"description\":\"Meydan TV Az\u0259rbaycan\u0131n media m\u0259kan\u0131ndak\u0131 alternativ s\u0259sidir\",\"publisher\":{\"@id\":\"https:\\\/\\\/www.meydan.tv\\\/az\\\/#organization\"},\"potentialAction\":[{\"@type\":\"SearchAction\",\"target\":{\"@type\":\"EntryPoint\",\"urlTemplate\":\"https:\\\/\\\/www.meydan.tv\\\/az\\\/?s={search_term_string}\"},\"query-input\":{\"@type\":\"PropertyValueSpecification\",\"valueRequired\":true,\"valueName\":\"search_term_string\"}}],\"inLanguage\":\"az\"},{\"@type\":\"Organization\",\"@id\":\"https:\\\/\\\/www.meydan.tv\\\/az\\\/#organization\",\"name\":\"Meydan TV\",\"url\":\"https:\\\/\\\/www.meydan.tv\\\/az\\\/\",\"logo\":{\"@type\":\"ImageObject\",\"inLanguage\":\"az\",\"@id\":\"https:\\\/\\\/www.meydan.tv\\\/az\\\/#\\\/schema\\\/logo\\\/image\\\/\",\"url\":\"https:\\\/\\\/www.meydan.tv\\\/wp-content\\\/uploads\\\/2021\\\/07\\\/meydan-logo.svg\",\"contentUrl\":\"https:\\\/\\\/www.meydan.tv\\\/wp-content\\\/uploads\\\/2021\\\/07\\\/meydan-logo.svg\",\"width\":195,\"height\":46,\"caption\":\"Meydan TV\"},\"image\":{\"@id\":\"https:\\\/\\\/www.meydan.tv\\\/az\\\/#\\\/schema\\\/logo\\\/image\\\/\"}},{\"@type\":\"Person\",\"@id\":\"https:\\\/\\\/www.meydan.tv\\\/az\\\/#\\\/schema\\\/person\\\/10d11eccf6da3662cf5fdab9806ea91a\",\"name\":\"user-manager\"}]}<\/script>\n<!-- \/ Yoast SEO plugin. -->","yoast_head_json":{"title":"G\u00fcrc\u00fcstan parlamentind\u0259 k\u0259skin qoxu plenar iclas\u0131 dayand\u0131r\u0131b - MEYDAN.TV","robots":{"index":"index","follow":"follow","max-snippet":"max-snippet:-1","max-image-preview":"max-image-preview:large","max-video-preview":"max-video-preview:-1"},"canonical":"https:\/\/www.meydan.tv\/az\/article\/gurcustan-parlamentinde-keskin-qoxu-plenar-iclasi-dayandirib\/","og_locale":"az_AZ","og_type":"article","og_title":"G\u00fcrc\u00fcstan parlamentind\u0259 k\u0259skin qoxu plenar iclas\u0131 dayand\u0131r\u0131b - MEYDAN.TV","og_description":"Salondak\u0131 k\u0259skin qoxunun s\u0259b\u0259bi h\u0259l\u0259 d\u0259 bilinmir.","og_url":"https:\/\/www.meydan.tv\/az\/article\/gurcustan-parlamentinde-keskin-qoxu-plenar-iclasi-dayandirib\/","og_site_name":"MEYDAN.TV","article_published_time":"2019-12-12T18:31:20+00:00","og_image":[{"width":2560,"height":1920,"url":"https:\/\/www.meydan.tv\/wp-content\/uploads\/gurcustan_parlamenti-scaled.jpg","type":"image\/jpeg"}],"author":"user-manager","twitter_card":"summary_large_image","schema":{"@context":"https:\/\/schema.org","@graph":[{"@type":"Article","@id":"https:\/\/www.meydan.tv\/az\/article\/gurcustan-parlamentinde-keskin-qoxu-plenar-iclasi-dayandirib\/#article","isPartOf":{"@id":"https:\/\/www.meydan.tv\/az\/article\/gurcustan-parlamentinde-keskin-qoxu-plenar-iclasi-dayandirib\/"},"author":{"name":"user-manager","@id":"https:\/\/www.meydan.tv\/az\/#\/schema\/person\/10d11eccf6da3662cf5fdab9806ea91a"},"headline":"G\u00fcrc\u00fcstan parlamentind\u0259 k\u0259skin qoxu plenar iclas\u0131 dayand\u0131r\u0131b","datePublished":"2019-12-12T18:31:20+00:00","mainEntityOfPage":{"@id":"https:\/\/www.meydan.tv\/az\/article\/gurcustan-parlamentinde-keskin-qoxu-plenar-iclasi-dayandirib\/"},"wordCount":407,"publisher":{"@id":"https:\/\/www.meydan.tv\/az\/#organization"},"image":{"@id":"https:\/\/www.meydan.tv\/az\/article\/gurcustan-parlamentinde-keskin-qoxu-plenar-iclasi-dayandirib\/#primaryimage"},"thumbnailUrl":"https:\/\/www.meydan.tv\/wp-content\/uploads\/gurcustan_parlamenti-scaled.jpg","articleSection":["D\u00fcnya"],"inLanguage":"az"},{"@type":"WebPage","@id":"https:\/\/www.meydan.tv\/az\/article\/gurcustan-parlamentinde-keskin-qoxu-plenar-iclasi-dayandirib\/","url":"https:\/\/www.meydan.tv\/az\/article\/gurcustan-parlamentinde-keskin-qoxu-plenar-iclasi-dayandirib\/","name":"G\u00fcrc\u00fcstan parlamentind\u0259 k\u0259skin qoxu plenar iclas\u0131 dayand\u0131r\u0131b - MEYDAN.TV","isPartOf":{"@id":"https:\/\/www.meydan.tv\/az\/#website"},"primaryImageOfPage":{"@id":"https:\/\/www.meydan.tv\/az\/article\/gurcustan-parlamentinde-keskin-qoxu-plenar-iclasi-dayandirib\/#primaryimage"},"image":{"@id":"https:\/\/www.meydan.tv\/az\/article\/gurcustan-parlamentinde-keskin-qoxu-plenar-iclasi-dayandirib\/#primaryimage"},"thumbnailUrl":"https:\/\/www.meydan.tv\/wp-content\/uploads\/gurcustan_parlamenti-scaled.jpg","datePublished":"2019-12-12T18:31:20+00:00","breadcrumb":{"@id":"https:\/\/www.meydan.tv\/az\/article\/gurcustan-parlamentinde-keskin-qoxu-plenar-iclasi-dayandirib\/#breadcrumb"},"inLanguage":"az","potentialAction":[{"@type":"ReadAction","target":["https:\/\/www.meydan.tv\/az\/article\/gurcustan-parlamentinde-keskin-qoxu-plenar-iclasi-dayandirib\/"]}]},{"@type":"ImageObject","inLanguage":"az","@id":"https:\/\/www.meydan.tv\/az\/article\/gurcustan-parlamentinde-keskin-qoxu-plenar-iclasi-dayandirib\/#primaryimage","url":"https:\/\/www.meydan.tv\/wp-content\/uploads\/gurcustan_parlamenti-scaled.jpg","contentUrl":"https:\/\/www.meydan.tv\/wp-content\/uploads\/gurcustan_parlamenti-scaled.jpg","width":2560,"height":1920,"caption":"G\u00fcrc\u00fcstan parlamenti. Foto: arxiv"},{"@type":"BreadcrumbList","@id":"https:\/\/www.meydan.tv\/az\/article\/gurcustan-parlamentinde-keskin-qoxu-plenar-iclasi-dayandirib\/#breadcrumb","itemListElement":[{"@type":"ListItem","position":1,"name":"Ana s\u0259hif\u0259","item":"https:\/\/www.meydan.tv\/az\/"},{"@type":"ListItem","position":2,"name":"D\u00fcnya","item":"https:\/\/www.meydan.tv\/az\/section\/dunya\/"},{"@type":"ListItem","position":3,"name":"G\u00fcrc\u00fcstan parlamentind\u0259 k\u0259skin qoxu plenar iclas\u0131 dayand\u0131r\u0131b"}]},{"@type":"WebSite","@id":"https:\/\/www.meydan.tv\/az\/#website","url":"https:\/\/www.meydan.tv\/az\/","name":"MEYDAN.TV","description":"Meydan TV Az\u0259rbaycan\u0131n media m\u0259kan\u0131ndak\u0131 alternativ s\u0259sidir","publisher":{"@id":"https:\/\/www.meydan.tv\/az\/#organization"},"potentialAction":[{"@type":"SearchAction","target":{"@type":"EntryPoint","urlTemplate":"https:\/\/www.meydan.tv\/az\/?s={search_term_string}"},"query-input":{"@type":"PropertyValueSpecification","valueRequired":true,"valueName":"search_term_string"}}],"inLanguage":"az"},{"@type":"Organization","@id":"https:\/\/www.meydan.tv\/az\/#organization","name":"Meydan TV","url":"https:\/\/www.meydan.tv\/az\/","logo":{"@type":"ImageObject","inLanguage":"az","@id":"https:\/\/www.meydan.tv\/az\/#\/schema\/logo\/image\/","url":"https:\/\/www.meydan.tv\/wp-content\/uploads\/2021\/07\/meydan-logo.svg","contentUrl":"https:\/\/www.meydan.tv\/wp-content\/uploads\/2021\/07\/meydan-logo.svg","width":195,"height":46,"caption":"Meydan TV"},"image":{"@id":"https:\/\/www.meydan.tv\/az\/#\/schema\/logo\/image\/"}},{"@type":"Person","@id":"https:\/\/www.meydan.tv\/az\/#\/schema\/person\/10d11eccf6da3662cf5fdab9806ea91a","name":"user-manager"}]}},"_links":{"self":[{"href":"https:\/\/www.meydan.tv\/az\/wp-json\/wp\/v2\/posts\/198353","targetHints":{"allow":["GET"]}}],"collection":[{"href":"https:\/\/www.meydan.tv\/az\/wp-json\/wp\/v2\/posts"}],"about":[{"href":"https:\/\/www.meydan.tv\/az\/wp-json\/wp\/v2\/types\/post"}],"author":[{"embeddable":true,"href":"https:\/\/www.meydan.tv\/az\/wp-json\/wp\/v2\/users\/11"}],"replies":[{"embeddable":true,"href":"https:\/\/www.meydan.tv\/az\/wp-json\/wp\/v2\/comments?post=198353"}],"version-history":[{"count":0,"href":"https:\/\/www.meydan.tv\/az\/wp-json\/wp\/v2\/posts\/198353\/revisions"}],"wp:featuredmedia":[{"embeddable":true,"href":"https:\/\/www.meydan.tv\/az\/wp-json\/wp\/v2\/media\/134304"}],"wp:attachment":[{"href":"https:\/\/www.meydan.tv\/az\/wp-json\/wp\/v2\/media?parent=198353"}],"wp:term":[{"taxonomy":"category","embeddable":true,"href":"https:\/\/www.meydan.tv\/az\/wp-json\/wp\/v2\/categories?post=198353"},{"taxonomy":"post_tag","embeddable":true,"href":"https:\/\/www.meydan.tv\/az\/wp-json\/wp\/v2\/tags?post=198353"}],"curies":[{"name":"wp","href":"https:\/\/api.w.org\/{rel}","templated":true}]}}