{"id":198350,"date":"2019-12-12T14:00:59","date_gmt":"2019-12-12T14:00:59","guid":{"rendered":"https:\/\/www.meydan.tv\/article\/qurban-qurbanov-10-cu-defe-ilin-mesqcisi-secilib\/"},"modified":"2019-12-12T14:00:59","modified_gmt":"2019-12-12T14:00:59","slug":"qurban-qurbanov-10-cu-defe-ilin-mesqcisi-secilib","status":"publish","type":"post","link":"https:\/\/www.meydan.tv\/az\/article\/qurban-qurbanov-10-cu-defe-ilin-mesqcisi-secilib\/","title":{"rendered":"Qurban Qurbanov 10-cu d\u0259f\u0259 \u201c\u0130lin m\u0259\u015fq\u00e7isi\u201d se\u00e7ilib"},"content":{"rendered":"<p>\n  <i><br \/>\n    Sor\u011fu 64 m\u0259tbu orqan\u0131ndan 68 jurnalistin aras\u0131nda ke\u00e7irilib<br \/>\n  <\/i>\n<\/p>\n<p>\n  Az\u0259rbaycanda jurnalistl\u0259r bu il d\u0259 ilin \u0259n yax\u015f\u0131 futbol m\u0259\u015fq\u00e7isi kimi Qurban Qurbanovu se\u00e7ibl\u0259r.\n<\/p>\n<p>\n  \u201cKomanda.az\u201d sayt\u0131n\u0131n jurnalistl\u0259r aras\u0131nda ke\u00e7irdiyi \u0259n\u0259n\u0259vi sor\u011fuda \u201cQaraba\u011f\u201d\u0131n ba\u015f m\u0259\u015fq\u00e7isi Qurban Qurbanov 10-cu d\u0259f\u0259 qalib olub.\n<\/p>\n<p>\n  Sor\u011fu 64 m\u0259tbu orqan\u0131ndan 68 jurnalistin aras\u0131nda ke\u00e7irilib. Qurban Qurbanov 59 s\u0259s toplamaqla birinci olub. Bununla da, Qurbanov 10-cu d\u0259f\u0259 Az\u0259rbaycanda ilin \u0259n yax\u015f\u0131 m\u0259\u015fq\u00e7isi se\u00e7ilib.\n<\/p>\n<p>\n  Sor\u011fuda i\u015ftirak ed\u0259nl\u0259rd\u0259n 6-s\u0131 \u201cSumqay\u0131t\u201d\u0131n ba\u015f m\u0259\u015fq\u00e7isi Ayxan Abbasova, 2-si \u201cQ\u0259b\u0259l\u0259\u201dy\u0259 \u00f6lk\u0259 kubokunu qazand\u0131rm\u0131\u015f S\u0259nan Qurbanova, 1-i is\u0259 \u201cS\u0259bail\u201din \u00e7al\u0131\u015fd\u0131r\u0131c\u0131s\u0131 Aftandil Hac\u0131yev\u0259 s\u0259s verib. \u201cNeft\u00e7i\u201dnin italiyal\u0131 ba\u015f m\u0259\u015fq\u00e7isi Robert\u0259 Bordin\u0259 sor\u011fuda s\u0259s ver\u0259n olmay\u0131b.\n<\/p>\n<p>\n  \u201cQaraba\u011f\u201d son m\u00f6vs\u00fcmd\u0259 Qurban Qurbanovun r\u0259hb\u0259rliyi alt\u0131nda Az\u0259rbaycan \u00e7empionu olub, Avropa Liqas\u0131n\u0131n qrup m\u0259rh\u0259l\u0259sin\u0259 v\u0259siq\u0259 qazan\u0131b. \u201cQaraba\u011f\u201d cari m\u00f6vs\u00fcmd\u0259 d\u0259 31 xalla Az\u0259rbaycan Premyer Liqas\u0131n\u0131n lideridir.\n<\/p>\n<p>\n  Qurban Qurbanovun ilin \u0259n yax\u015f\u0131 m\u0259\u015fq\u00e7isi kimi m\u00fckafatand\u0131r\u0131lmas\u0131 m\u0259rasimi dekabr\u0131n 14-d\u0259 ke\u00e7iril\u0259c\u0259k.<\/p>\n","protected":false},"excerpt":{"rendered":"<p>Sor\u011fuda i\u015ftirak ed\u0259nl\u0259rd\u0259n 6-s\u0131 \u201cSumqay\u0131t\u201d\u0131n ba\u015f m\u0259\u015fq\u00e7isi Ayxan Abbasova, 2-si \u201cQ\u0259b\u0259l\u0259\u201dy\u0259 \u00f6lk\u0259 kubokunu qazand\u0131rm\u0131\u015f S\u0259nan Qurbanova, 1-i is\u0259 \u201cS\u0259bail\u201din \u00e7al\u0131\u015fd\u0131r\u0131c\u0131s\u0131 Aftandil Hac\u0131yev\u0259 s\u0259s verib.<\/p>\n","protected":false},"author":11,"featured_media":75313,"comment_status":"closed","ping_status":"open","sticky":false,"template":"","format":"standard","meta":{"_acf_changed":false,"_sitemap_exclude":false,"_sitemap_priority":"","_sitemap_frequency":"","footnotes":""},"categories":[62],"tags":[],"class_list":["post-198350","post","type-post","status-publish","format-standard","has-post-thumbnail","hentry","category-sosial","infinite-scroll-item","generate-columns","tablet-grid-50","mobile-grid-100","grid-parent","grid-33","no-featured-image-padding"],"acf":[],"yoast_head":"<!-- This site is optimized with the Yoast SEO plugin v27.4 - https:\/\/yoast.com\/product\/yoast-seo-wordpress\/ -->\n<title>Qurban Qurbanov 10-cu d\u0259f\u0259 \u201c\u0130lin m\u0259\u015fq\u00e7isi\u201d se\u00e7ilib - MEYDAN.TV<\/title>\n<meta name=\"robots\" content=\"index, follow, max-snippet:-1, max-image-preview:large, max-video-preview:-1\" \/>\n<link rel=\"canonical\" href=\"https:\/\/www.meydan.tv\/az\/article\/qurban-qurbanov-10-cu-defe-ilin-mesqcisi-secilib\/\" \/>\n<meta property=\"og:locale\" content=\"az_AZ\" \/>\n<meta property=\"og:type\" content=\"article\" \/>\n<meta property=\"og:title\" content=\"Qurban Qurbanov 10-cu d\u0259f\u0259 \u201c\u0130lin m\u0259\u015fq\u00e7isi\u201d se\u00e7ilib - MEYDAN.TV\" \/>\n<meta property=\"og:description\" content=\"Sor\u011fuda i\u015ftirak ed\u0259nl\u0259rd\u0259n 6-s\u0131 \u201cSumqay\u0131t\u201d\u0131n ba\u015f m\u0259\u015fq\u00e7isi Ayxan Abbasova, 2-si \u201cQ\u0259b\u0259l\u0259\u201dy\u0259 \u00f6lk\u0259 kubokunu qazand\u0131rm\u0131\u015f S\u0259nan Qurbanova, 1-i is\u0259 \u201cS\u0259bail\u201din \u00e7al\u0131\u015fd\u0131r\u0131c\u0131s\u0131 Aftandil Hac\u0131yev\u0259 s\u0259s verib.\" \/>\n<meta property=\"og:url\" content=\"https:\/\/www.meydan.tv\/az\/article\/qurban-qurbanov-10-cu-defe-ilin-mesqcisi-secilib\/\" \/>\n<meta property=\"og:site_name\" content=\"MEYDAN.TV\" \/>\n<meta property=\"article:published_time\" content=\"2019-12-12T14:00:59+00:00\" \/>\n<meta property=\"og:image\" content=\"https:\/\/www.meydan.tv\/wp-content\/uploads\/29122.jpg\" \/>\n\t<meta property=\"og:image:width\" content=\"620\" \/>\n\t<meta property=\"og:image:height\" content=\"350\" \/>\n\t<meta property=\"og:image:type\" content=\"image\/jpeg\" \/>\n<meta name=\"author\" content=\"user-manager\" \/>\n<meta name=\"twitter:card\" content=\"summary_large_image\" \/>\n<script type=\"application\/ld+json\" class=\"yoast-schema-graph\">{\"@context\":\"https:\\\/\\\/schema.org\",\"@graph\":[{\"@type\":\"Article\",\"@id\":\"https:\\\/\\\/www.meydan.tv\\\/az\\\/article\\\/qurban-qurbanov-10-cu-defe-ilin-mesqcisi-secilib\\\/#article\",\"isPartOf\":{\"@id\":\"https:\\\/\\\/www.meydan.tv\\\/az\\\/article\\\/qurban-qurbanov-10-cu-defe-ilin-mesqcisi-secilib\\\/\"},\"author\":{\"name\":\"user-manager\",\"@id\":\"https:\\\/\\\/www.meydan.tv\\\/az\\\/#\\\/schema\\\/person\\\/10d11eccf6da3662cf5fdab9806ea91a\"},\"headline\":\"Qurban Qurbanov 10-cu d\u0259f\u0259 \u201c\u0130lin m\u0259\u015fq\u00e7isi\u201d se\u00e7ilib\",\"datePublished\":\"2019-12-12T14:00:59+00:00\",\"mainEntityOfPage\":{\"@id\":\"https:\\\/\\\/www.meydan.tv\\\/az\\\/article\\\/qurban-qurbanov-10-cu-defe-ilin-mesqcisi-secilib\\\/\"},\"wordCount\":234,\"publisher\":{\"@id\":\"https:\\\/\\\/www.meydan.tv\\\/az\\\/#organization\"},\"image\":{\"@id\":\"https:\\\/\\\/www.meydan.tv\\\/az\\\/article\\\/qurban-qurbanov-10-cu-defe-ilin-mesqcisi-secilib\\\/#primaryimage\"},\"thumbnailUrl\":\"https:\\\/\\\/www.meydan.tv\\\/wp-content\\\/uploads\\\/29122.jpg\",\"articleSection\":[\"Sosial\"],\"inLanguage\":\"az\"},{\"@type\":\"WebPage\",\"@id\":\"https:\\\/\\\/www.meydan.tv\\\/az\\\/article\\\/qurban-qurbanov-10-cu-defe-ilin-mesqcisi-secilib\\\/\",\"url\":\"https:\\\/\\\/www.meydan.tv\\\/az\\\/article\\\/qurban-qurbanov-10-cu-defe-ilin-mesqcisi-secilib\\\/\",\"name\":\"Qurban Qurbanov 10-cu d\u0259f\u0259 \u201c\u0130lin m\u0259\u015fq\u00e7isi\u201d se\u00e7ilib - MEYDAN.TV\",\"isPartOf\":{\"@id\":\"https:\\\/\\\/www.meydan.tv\\\/az\\\/#website\"},\"primaryImageOfPage\":{\"@id\":\"https:\\\/\\\/www.meydan.tv\\\/az\\\/article\\\/qurban-qurbanov-10-cu-defe-ilin-mesqcisi-secilib\\\/#primaryimage\"},\"image\":{\"@id\":\"https:\\\/\\\/www.meydan.tv\\\/az\\\/article\\\/qurban-qurbanov-10-cu-defe-ilin-mesqcisi-secilib\\\/#primaryimage\"},\"thumbnailUrl\":\"https:\\\/\\\/www.meydan.tv\\\/wp-content\\\/uploads\\\/29122.jpg\",\"datePublished\":\"2019-12-12T14:00:59+00:00\",\"breadcrumb\":{\"@id\":\"https:\\\/\\\/www.meydan.tv\\\/az\\\/article\\\/qurban-qurbanov-10-cu-defe-ilin-mesqcisi-secilib\\\/#breadcrumb\"},\"inLanguage\":\"az\",\"potentialAction\":[{\"@type\":\"ReadAction\",\"target\":[\"https:\\\/\\\/www.meydan.tv\\\/az\\\/article\\\/qurban-qurbanov-10-cu-defe-ilin-mesqcisi-secilib\\\/\"]}]},{\"@type\":\"ImageObject\",\"inLanguage\":\"az\",\"@id\":\"https:\\\/\\\/www.meydan.tv\\\/az\\\/article\\\/qurban-qurbanov-10-cu-defe-ilin-mesqcisi-secilib\\\/#primaryimage\",\"url\":\"https:\\\/\\\/www.meydan.tv\\\/wp-content\\\/uploads\\\/29122.jpg\",\"contentUrl\":\"https:\\\/\\\/www.meydan.tv\\\/wp-content\\\/uploads\\\/29122.jpg\",\"width\":620,\"height\":350,\"caption\":\"Source:\"},{\"@type\":\"BreadcrumbList\",\"@id\":\"https:\\\/\\\/www.meydan.tv\\\/az\\\/article\\\/qurban-qurbanov-10-cu-defe-ilin-mesqcisi-secilib\\\/#breadcrumb\",\"itemListElement\":[{\"@type\":\"ListItem\",\"position\":1,\"name\":\"Ana s\u0259hif\u0259\",\"item\":\"https:\\\/\\\/www.meydan.tv\\\/az\\\/\"},{\"@type\":\"ListItem\",\"position\":2,\"name\":\"Sosial\",\"item\":\"https:\\\/\\\/www.meydan.tv\\\/az\\\/section\\\/sosial\\\/\"},{\"@type\":\"ListItem\",\"position\":3,\"name\":\"Qurban Qurbanov 10-cu d\u0259f\u0259 \u201c\u0130lin m\u0259\u015fq\u00e7isi\u201d se\u00e7ilib\"}]},{\"@type\":\"WebSite\",\"@id\":\"https:\\\/\\\/www.meydan.tv\\\/az\\\/#website\",\"url\":\"https:\\\/\\\/www.meydan.tv\\\/az\\\/\",\"name\":\"MEYDAN.TV\",\"description\":\"Meydan TV Az\u0259rbaycan\u0131n media m\u0259kan\u0131ndak\u0131 alternativ s\u0259sidir\",\"publisher\":{\"@id\":\"https:\\\/\\\/www.meydan.tv\\\/az\\\/#organization\"},\"potentialAction\":[{\"@type\":\"SearchAction\",\"target\":{\"@type\":\"EntryPoint\",\"urlTemplate\":\"https:\\\/\\\/www.meydan.tv\\\/az\\\/?s={search_term_string}\"},\"query-input\":{\"@type\":\"PropertyValueSpecification\",\"valueRequired\":true,\"valueName\":\"search_term_string\"}}],\"inLanguage\":\"az\"},{\"@type\":\"Organization\",\"@id\":\"https:\\\/\\\/www.meydan.tv\\\/az\\\/#organization\",\"name\":\"Meydan TV\",\"url\":\"https:\\\/\\\/www.meydan.tv\\\/az\\\/\",\"logo\":{\"@type\":\"ImageObject\",\"inLanguage\":\"az\",\"@id\":\"https:\\\/\\\/www.meydan.tv\\\/az\\\/#\\\/schema\\\/logo\\\/image\\\/\",\"url\":\"https:\\\/\\\/www.meydan.tv\\\/wp-content\\\/uploads\\\/2021\\\/07\\\/meydan-logo.svg\",\"contentUrl\":\"https:\\\/\\\/www.meydan.tv\\\/wp-content\\\/uploads\\\/2021\\\/07\\\/meydan-logo.svg\",\"width\":195,\"height\":46,\"caption\":\"Meydan TV\"},\"image\":{\"@id\":\"https:\\\/\\\/www.meydan.tv\\\/az\\\/#\\\/schema\\\/logo\\\/image\\\/\"}},{\"@type\":\"Person\",\"@id\":\"https:\\\/\\\/www.meydan.tv\\\/az\\\/#\\\/schema\\\/person\\\/10d11eccf6da3662cf5fdab9806ea91a\",\"name\":\"user-manager\"}]}<\/script>\n<!-- \/ Yoast SEO plugin. -->","yoast_head_json":{"title":"Qurban Qurbanov 10-cu d\u0259f\u0259 \u201c\u0130lin m\u0259\u015fq\u00e7isi\u201d se\u00e7ilib - MEYDAN.TV","robots":{"index":"index","follow":"follow","max-snippet":"max-snippet:-1","max-image-preview":"max-image-preview:large","max-video-preview":"max-video-preview:-1"},"canonical":"https:\/\/www.meydan.tv\/az\/article\/qurban-qurbanov-10-cu-defe-ilin-mesqcisi-secilib\/","og_locale":"az_AZ","og_type":"article","og_title":"Qurban Qurbanov 10-cu d\u0259f\u0259 \u201c\u0130lin m\u0259\u015fq\u00e7isi\u201d se\u00e7ilib - MEYDAN.TV","og_description":"Sor\u011fuda i\u015ftirak ed\u0259nl\u0259rd\u0259n 6-s\u0131 \u201cSumqay\u0131t\u201d\u0131n ba\u015f m\u0259\u015fq\u00e7isi Ayxan Abbasova, 2-si \u201cQ\u0259b\u0259l\u0259\u201dy\u0259 \u00f6lk\u0259 kubokunu qazand\u0131rm\u0131\u015f S\u0259nan Qurbanova, 1-i is\u0259 \u201cS\u0259bail\u201din \u00e7al\u0131\u015fd\u0131r\u0131c\u0131s\u0131 Aftandil Hac\u0131yev\u0259 s\u0259s verib.","og_url":"https:\/\/www.meydan.tv\/az\/article\/qurban-qurbanov-10-cu-defe-ilin-mesqcisi-secilib\/","og_site_name":"MEYDAN.TV","article_published_time":"2019-12-12T14:00:59+00:00","og_image":[{"width":620,"height":350,"url":"https:\/\/www.meydan.tv\/wp-content\/uploads\/29122.jpg","type":"image\/jpeg"}],"author":"user-manager","twitter_card":"summary_large_image","schema":{"@context":"https:\/\/schema.org","@graph":[{"@type":"Article","@id":"https:\/\/www.meydan.tv\/az\/article\/qurban-qurbanov-10-cu-defe-ilin-mesqcisi-secilib\/#article","isPartOf":{"@id":"https:\/\/www.meydan.tv\/az\/article\/qurban-qurbanov-10-cu-defe-ilin-mesqcisi-secilib\/"},"author":{"name":"user-manager","@id":"https:\/\/www.meydan.tv\/az\/#\/schema\/person\/10d11eccf6da3662cf5fdab9806ea91a"},"headline":"Qurban Qurbanov 10-cu d\u0259f\u0259 \u201c\u0130lin m\u0259\u015fq\u00e7isi\u201d se\u00e7ilib","datePublished":"2019-12-12T14:00:59+00:00","mainEntityOfPage":{"@id":"https:\/\/www.meydan.tv\/az\/article\/qurban-qurbanov-10-cu-defe-ilin-mesqcisi-secilib\/"},"wordCount":234,"publisher":{"@id":"https:\/\/www.meydan.tv\/az\/#organization"},"image":{"@id":"https:\/\/www.meydan.tv\/az\/article\/qurban-qurbanov-10-cu-defe-ilin-mesqcisi-secilib\/#primaryimage"},"thumbnailUrl":"https:\/\/www.meydan.tv\/wp-content\/uploads\/29122.jpg","articleSection":["Sosial"],"inLanguage":"az"},{"@type":"WebPage","@id":"https:\/\/www.meydan.tv\/az\/article\/qurban-qurbanov-10-cu-defe-ilin-mesqcisi-secilib\/","url":"https:\/\/www.meydan.tv\/az\/article\/qurban-qurbanov-10-cu-defe-ilin-mesqcisi-secilib\/","name":"Qurban Qurbanov 10-cu d\u0259f\u0259 \u201c\u0130lin m\u0259\u015fq\u00e7isi\u201d se\u00e7ilib - MEYDAN.TV","isPartOf":{"@id":"https:\/\/www.meydan.tv\/az\/#website"},"primaryImageOfPage":{"@id":"https:\/\/www.meydan.tv\/az\/article\/qurban-qurbanov-10-cu-defe-ilin-mesqcisi-secilib\/#primaryimage"},"image":{"@id":"https:\/\/www.meydan.tv\/az\/article\/qurban-qurbanov-10-cu-defe-ilin-mesqcisi-secilib\/#primaryimage"},"thumbnailUrl":"https:\/\/www.meydan.tv\/wp-content\/uploads\/29122.jpg","datePublished":"2019-12-12T14:00:59+00:00","breadcrumb":{"@id":"https:\/\/www.meydan.tv\/az\/article\/qurban-qurbanov-10-cu-defe-ilin-mesqcisi-secilib\/#breadcrumb"},"inLanguage":"az","potentialAction":[{"@type":"ReadAction","target":["https:\/\/www.meydan.tv\/az\/article\/qurban-qurbanov-10-cu-defe-ilin-mesqcisi-secilib\/"]}]},{"@type":"ImageObject","inLanguage":"az","@id":"https:\/\/www.meydan.tv\/az\/article\/qurban-qurbanov-10-cu-defe-ilin-mesqcisi-secilib\/#primaryimage","url":"https:\/\/www.meydan.tv\/wp-content\/uploads\/29122.jpg","contentUrl":"https:\/\/www.meydan.tv\/wp-content\/uploads\/29122.jpg","width":620,"height":350,"caption":"Source:"},{"@type":"BreadcrumbList","@id":"https:\/\/www.meydan.tv\/az\/article\/qurban-qurbanov-10-cu-defe-ilin-mesqcisi-secilib\/#breadcrumb","itemListElement":[{"@type":"ListItem","position":1,"name":"Ana s\u0259hif\u0259","item":"https:\/\/www.meydan.tv\/az\/"},{"@type":"ListItem","position":2,"name":"Sosial","item":"https:\/\/www.meydan.tv\/az\/section\/sosial\/"},{"@type":"ListItem","position":3,"name":"Qurban Qurbanov 10-cu d\u0259f\u0259 \u201c\u0130lin m\u0259\u015fq\u00e7isi\u201d se\u00e7ilib"}]},{"@type":"WebSite","@id":"https:\/\/www.meydan.tv\/az\/#website","url":"https:\/\/www.meydan.tv\/az\/","name":"MEYDAN.TV","description":"Meydan TV Az\u0259rbaycan\u0131n media m\u0259kan\u0131ndak\u0131 alternativ s\u0259sidir","publisher":{"@id":"https:\/\/www.meydan.tv\/az\/#organization"},"potentialAction":[{"@type":"SearchAction","target":{"@type":"EntryPoint","urlTemplate":"https:\/\/www.meydan.tv\/az\/?s={search_term_string}"},"query-input":{"@type":"PropertyValueSpecification","valueRequired":true,"valueName":"search_term_string"}}],"inLanguage":"az"},{"@type":"Organization","@id":"https:\/\/www.meydan.tv\/az\/#organization","name":"Meydan TV","url":"https:\/\/www.meydan.tv\/az\/","logo":{"@type":"ImageObject","inLanguage":"az","@id":"https:\/\/www.meydan.tv\/az\/#\/schema\/logo\/image\/","url":"https:\/\/www.meydan.tv\/wp-content\/uploads\/2021\/07\/meydan-logo.svg","contentUrl":"https:\/\/www.meydan.tv\/wp-content\/uploads\/2021\/07\/meydan-logo.svg","width":195,"height":46,"caption":"Meydan TV"},"image":{"@id":"https:\/\/www.meydan.tv\/az\/#\/schema\/logo\/image\/"}},{"@type":"Person","@id":"https:\/\/www.meydan.tv\/az\/#\/schema\/person\/10d11eccf6da3662cf5fdab9806ea91a","name":"user-manager"}]}},"_links":{"self":[{"href":"https:\/\/www.meydan.tv\/az\/wp-json\/wp\/v2\/posts\/198350","targetHints":{"allow":["GET"]}}],"collection":[{"href":"https:\/\/www.meydan.tv\/az\/wp-json\/wp\/v2\/posts"}],"about":[{"href":"https:\/\/www.meydan.tv\/az\/wp-json\/wp\/v2\/types\/post"}],"author":[{"embeddable":true,"href":"https:\/\/www.meydan.tv\/az\/wp-json\/wp\/v2\/users\/11"}],"replies":[{"embeddable":true,"href":"https:\/\/www.meydan.tv\/az\/wp-json\/wp\/v2\/comments?post=198350"}],"version-history":[{"count":0,"href":"https:\/\/www.meydan.tv\/az\/wp-json\/wp\/v2\/posts\/198350\/revisions"}],"wp:featuredmedia":[{"embeddable":true,"href":"https:\/\/www.meydan.tv\/az\/wp-json\/wp\/v2\/media\/75313"}],"wp:attachment":[{"href":"https:\/\/www.meydan.tv\/az\/wp-json\/wp\/v2\/media?parent=198350"}],"wp:term":[{"taxonomy":"category","embeddable":true,"href":"https:\/\/www.meydan.tv\/az\/wp-json\/wp\/v2\/categories?post=198350"},{"taxonomy":"post_tag","embeddable":true,"href":"https:\/\/www.meydan.tv\/az\/wp-json\/wp\/v2\/tags?post=198350"}],"curies":[{"name":"wp","href":"https:\/\/api.w.org\/{rel}","templated":true}]}}