{"id":198334,"date":"2019-12-11T20:52:39","date_gmt":"2019-12-11T20:52:39","guid":{"rendered":"https:\/\/www.meydan.tv\/article\/liftlerle-bagli-resmi-ittiham-pullar-menimsenilib-materiallar-satilib\/"},"modified":"2019-12-11T20:52:39","modified_gmt":"2019-12-11T20:52:39","slug":"liftlerle-bagli-resmi-ittiham-pullar-menimsenilib-materiallar-satilib","status":"publish","type":"post","link":"https:\/\/www.meydan.tv\/az\/article\/liftlerle-bagli-resmi-ittiham-pullar-menimsenilib-materiallar-satilib\/","title":{"rendered":"Liftl\u0259rl\u0259 ba\u011fl\u0131 r\u0259smi ittiham: pullar m\u0259nims\u0259nilib, materiallar sat\u0131l\u0131b&#8230;"},"content":{"rendered":"<p>\n  <i><br \/>\n    2013-2015-ci ill\u0259rd\u0259 1 milyon 835 min manat v\u0259saitin bir hiss\u0259si m\u0259nims\u0259nilib<br \/>\n  <\/i>\n<\/p>\n<p>\n  \u201cBaklift-2\u201d \u0130xtisasla\u015fm\u0131\u015f \u0130stehsalat Birliyinin ke\u00e7mi\u015f r\u0259hb\u0259ri, h\u0259bsd\u0259 olan Ruslan Dilanovun m\u0259hk\u0259m\u0259si ba\u015flay\u0131b. O, liftl\u0259rin d\u0259yi\u015fdirilm\u0259si, t\u0259miri m\u0259qs\u0259dil\u0259 ayr\u0131lan 1.8 milyon manat v\u0259saiti m\u0259nims\u0259m\u0259kd\u0259, materiallar\u0131 satmaqda ittiham olunur. Ona qar\u015f\u0131 Cinay\u0259t M\u0259c\u0259ll\u0259sinin 179.3.2 (k\u00fclli miqdarda m\u0259nims\u0259m\u0259 v\u0259 ya israfetm\u0259), 308.2 (v\u0259zif\u0259 s\u0259lahiyy\u0259tl\u0259rind\u0259n sui-istifad\u0131 etm\u0259, a\u011f\u0131r n\u0259tic\u0259l\u0259r\u0259 s\u0259b\u0259b olduqda), 313-c\u00fc (v\u0259zif\u0259 saxtakarl\u0131\u011f\u0131) madd\u0259l\u0259ril\u0259 ittiham ir\u0259li s\u00fcr\u00fcl\u00fcb.\n<\/p>\n<p>\n  Dekabr\u0131n 11-d\u0259 Bak\u0131 A\u011f\u0131r Cinay\u0259tl\u0259r M\u0259hk\u0259m\u0259sind\u0259 hakim Ramella Allahverdiyevan\u0131n s\u0259drliyil\u0259 ke\u00e7iril\u0259n m\u0259hk\u0259m\u0259 prosesind\u0259 prokuror ittiham akt\u0131n\u0131 elan edib. \u0130ttihama \u0259sas\u0259n, 2013-2015-ci ill\u0259rd\u0259 71 liftin yenid\u0259n qura\u015fd\u0131r\u0131lmas\u0131 v\u0259 t\u0259miri \u00fc\u00e7\u00fcn ayr\u0131lan 1 milyon 835 min manat v\u0259saitin bir hiss\u0259si m\u0259nims\u0259nilib. H\u0259m\u00e7inin yeni liftl\u0259rin qura\u015fd\u0131r\u0131lmas\u0131, t\u0259miri m\u0259qs\u0259dil\u0259 idar\u0259y\u0259 veril\u0259n mal-materiallar sat\u0131l\u0131b. Lakin s\u0259n\u0259dl\u0259rd\u0259 onlar\u0131n t\u0259yinat\u0131 \u00fczr\u0259 istifad\u0259 olundu\u011fu g\u00f6st\u0259rilib.\n<\/p>\n<p>\n  R.Dilanov elan olunmu\u015f ittiham \u00fczr\u0259 \u00f6z\u00fcn\u00fc t\u0259qsirli bilm\u0259yib. Bu \u00fczd\u0259n m\u0259hk\u0259m\u0259 z\u0259r\u0259r\u00e7\u0259kmi\u015f t\u0259r\u0259fi, \u015fahidl\u0259ri dindir\u0259nd\u0259n sonra R.Dilanovun ifad\u0259sini dinl\u0259m\u0259k bar\u0259d\u0259 q\u0259rar q\u0259bul edib.\n<\/p>\n<p>\n  Bu i\u015f \u00fczr\u0259 z\u0259r\u0259r\u00e7\u0259kmi\u015f qismind\u0259 \u201cBaklift\u201d tan\u0131n\u0131b.<\/p>\n","protected":false},"excerpt":{"rendered":"<p>R.Dilanov elan olunmu\u015f ittiham \u00fczr\u0259 \u00f6z\u00fcn\u00fc t\u0259qsirli bilm\u0259yib.<\/p>\n","protected":false},"author":11,"featured_media":134250,"comment_status":"closed","ping_status":"open","sticky":false,"template":"","format":"standard","meta":{"_acf_changed":false,"_sitemap_exclude":false,"_sitemap_priority":"","_sitemap_frequency":"","footnotes":""},"categories":[62],"tags":[],"class_list":["post-198334","post","type-post","status-publish","format-standard","has-post-thumbnail","hentry","category-sosial","infinite-scroll-item","generate-columns","tablet-grid-50","mobile-grid-100","grid-parent","grid-33","no-featured-image-padding"],"acf":[],"yoast_head":"<!-- This site is optimized with the Yoast SEO plugin v27.4 - https:\/\/yoast.com\/product\/yoast-seo-wordpress\/ -->\n<title>Liftl\u0259rl\u0259 ba\u011fl\u0131 r\u0259smi ittiham: pullar m\u0259nims\u0259nilib, materiallar sat\u0131l\u0131b... - MEYDAN.TV<\/title>\n<meta name=\"robots\" content=\"index, follow, max-snippet:-1, max-image-preview:large, max-video-preview:-1\" \/>\n<link rel=\"canonical\" href=\"https:\/\/www.meydan.tv\/az\/article\/liftlerle-bagli-resmi-ittiham-pullar-menimsenilib-materiallar-satilib\/\" \/>\n<meta property=\"og:locale\" content=\"az_AZ\" \/>\n<meta property=\"og:type\" content=\"article\" \/>\n<meta property=\"og:title\" content=\"Liftl\u0259rl\u0259 ba\u011fl\u0131 r\u0259smi ittiham: pullar m\u0259nims\u0259nilib, materiallar sat\u0131l\u0131b... - MEYDAN.TV\" \/>\n<meta property=\"og:description\" content=\"R.Dilanov elan olunmu\u015f ittiham \u00fczr\u0259 \u00f6z\u00fcn\u00fc t\u0259qsirli bilm\u0259yib.\" \/>\n<meta property=\"og:url\" content=\"https:\/\/www.meydan.tv\/az\/article\/liftlerle-bagli-resmi-ittiham-pullar-menimsenilib-materiallar-satilib\/\" \/>\n<meta property=\"og:site_name\" content=\"MEYDAN.TV\" \/>\n<meta property=\"article:published_time\" content=\"2019-12-11T20:52:39+00:00\" \/>\n<meta property=\"og:image\" content=\"https:\/\/www.meydan.tv\/wp-content\/uploads\/ruslan_dilanov___baklift_2_.jpg\" \/>\n\t<meta property=\"og:image:width\" content=\"668\" \/>\n\t<meta property=\"og:image:height\" content=\"480\" \/>\n\t<meta property=\"og:image:type\" content=\"image\/jpeg\" \/>\n<meta name=\"author\" content=\"user-manager\" \/>\n<meta name=\"twitter:card\" content=\"summary_large_image\" \/>\n<script type=\"application\/ld+json\" class=\"yoast-schema-graph\">{\"@context\":\"https:\\\/\\\/schema.org\",\"@graph\":[{\"@type\":\"Article\",\"@id\":\"https:\\\/\\\/www.meydan.tv\\\/az\\\/article\\\/liftlerle-bagli-resmi-ittiham-pullar-menimsenilib-materiallar-satilib\\\/#article\",\"isPartOf\":{\"@id\":\"https:\\\/\\\/www.meydan.tv\\\/az\\\/article\\\/liftlerle-bagli-resmi-ittiham-pullar-menimsenilib-materiallar-satilib\\\/\"},\"author\":{\"name\":\"user-manager\",\"@id\":\"https:\\\/\\\/www.meydan.tv\\\/az\\\/#\\\/schema\\\/person\\\/10d11eccf6da3662cf5fdab9806ea91a\"},\"headline\":\"Liftl\u0259rl\u0259 ba\u011fl\u0131 r\u0259smi ittiham: pullar m\u0259nims\u0259nilib, materiallar sat\u0131l\u0131b&#8230;\",\"datePublished\":\"2019-12-11T20:52:39+00:00\",\"mainEntityOfPage\":{\"@id\":\"https:\\\/\\\/www.meydan.tv\\\/az\\\/article\\\/liftlerle-bagli-resmi-ittiham-pullar-menimsenilib-materiallar-satilib\\\/\"},\"wordCount\":287,\"publisher\":{\"@id\":\"https:\\\/\\\/www.meydan.tv\\\/az\\\/#organization\"},\"image\":{\"@id\":\"https:\\\/\\\/www.meydan.tv\\\/az\\\/article\\\/liftlerle-bagli-resmi-ittiham-pullar-menimsenilib-materiallar-satilib\\\/#primaryimage\"},\"thumbnailUrl\":\"https:\\\/\\\/www.meydan.tv\\\/wp-content\\\/uploads\\\/ruslan_dilanov___baklift_2_.jpg\",\"articleSection\":[\"Sosial\"],\"inLanguage\":\"az\"},{\"@type\":\"WebPage\",\"@id\":\"https:\\\/\\\/www.meydan.tv\\\/az\\\/article\\\/liftlerle-bagli-resmi-ittiham-pullar-menimsenilib-materiallar-satilib\\\/\",\"url\":\"https:\\\/\\\/www.meydan.tv\\\/az\\\/article\\\/liftlerle-bagli-resmi-ittiham-pullar-menimsenilib-materiallar-satilib\\\/\",\"name\":\"Liftl\u0259rl\u0259 ba\u011fl\u0131 r\u0259smi ittiham: pullar m\u0259nims\u0259nilib, materiallar sat\u0131l\u0131b... - MEYDAN.TV\",\"isPartOf\":{\"@id\":\"https:\\\/\\\/www.meydan.tv\\\/az\\\/#website\"},\"primaryImageOfPage\":{\"@id\":\"https:\\\/\\\/www.meydan.tv\\\/az\\\/article\\\/liftlerle-bagli-resmi-ittiham-pullar-menimsenilib-materiallar-satilib\\\/#primaryimage\"},\"image\":{\"@id\":\"https:\\\/\\\/www.meydan.tv\\\/az\\\/article\\\/liftlerle-bagli-resmi-ittiham-pullar-menimsenilib-materiallar-satilib\\\/#primaryimage\"},\"thumbnailUrl\":\"https:\\\/\\\/www.meydan.tv\\\/wp-content\\\/uploads\\\/ruslan_dilanov___baklift_2_.jpg\",\"datePublished\":\"2019-12-11T20:52:39+00:00\",\"breadcrumb\":{\"@id\":\"https:\\\/\\\/www.meydan.tv\\\/az\\\/article\\\/liftlerle-bagli-resmi-ittiham-pullar-menimsenilib-materiallar-satilib\\\/#breadcrumb\"},\"inLanguage\":\"az\",\"potentialAction\":[{\"@type\":\"ReadAction\",\"target\":[\"https:\\\/\\\/www.meydan.tv\\\/az\\\/article\\\/liftlerle-bagli-resmi-ittiham-pullar-menimsenilib-materiallar-satilib\\\/\"]}]},{\"@type\":\"ImageObject\",\"inLanguage\":\"az\",\"@id\":\"https:\\\/\\\/www.meydan.tv\\\/az\\\/article\\\/liftlerle-bagli-resmi-ittiham-pullar-menimsenilib-materiallar-satilib\\\/#primaryimage\",\"url\":\"https:\\\/\\\/www.meydan.tv\\\/wp-content\\\/uploads\\\/ruslan_dilanov___baklift_2_.jpg\",\"contentUrl\":\"https:\\\/\\\/www.meydan.tv\\\/wp-content\\\/uploads\\\/ruslan_dilanov___baklift_2_.jpg\",\"width\":668,\"height\":480,\"caption\":\"Source: Foto: google.az\"},{\"@type\":\"BreadcrumbList\",\"@id\":\"https:\\\/\\\/www.meydan.tv\\\/az\\\/article\\\/liftlerle-bagli-resmi-ittiham-pullar-menimsenilib-materiallar-satilib\\\/#breadcrumb\",\"itemListElement\":[{\"@type\":\"ListItem\",\"position\":1,\"name\":\"Ana s\u0259hif\u0259\",\"item\":\"https:\\\/\\\/www.meydan.tv\\\/az\\\/\"},{\"@type\":\"ListItem\",\"position\":2,\"name\":\"Sosial\",\"item\":\"https:\\\/\\\/www.meydan.tv\\\/az\\\/section\\\/sosial\\\/\"},{\"@type\":\"ListItem\",\"position\":3,\"name\":\"Liftl\u0259rl\u0259 ba\u011fl\u0131 r\u0259smi ittiham: pullar m\u0259nims\u0259nilib, materiallar sat\u0131l\u0131b&#8230;\"}]},{\"@type\":\"WebSite\",\"@id\":\"https:\\\/\\\/www.meydan.tv\\\/az\\\/#website\",\"url\":\"https:\\\/\\\/www.meydan.tv\\\/az\\\/\",\"name\":\"MEYDAN.TV\",\"description\":\"Meydan TV Az\u0259rbaycan\u0131n media m\u0259kan\u0131ndak\u0131 alternativ s\u0259sidir\",\"publisher\":{\"@id\":\"https:\\\/\\\/www.meydan.tv\\\/az\\\/#organization\"},\"potentialAction\":[{\"@type\":\"SearchAction\",\"target\":{\"@type\":\"EntryPoint\",\"urlTemplate\":\"https:\\\/\\\/www.meydan.tv\\\/az\\\/?s={search_term_string}\"},\"query-input\":{\"@type\":\"PropertyValueSpecification\",\"valueRequired\":true,\"valueName\":\"search_term_string\"}}],\"inLanguage\":\"az\"},{\"@type\":\"Organization\",\"@id\":\"https:\\\/\\\/www.meydan.tv\\\/az\\\/#organization\",\"name\":\"Meydan TV\",\"url\":\"https:\\\/\\\/www.meydan.tv\\\/az\\\/\",\"logo\":{\"@type\":\"ImageObject\",\"inLanguage\":\"az\",\"@id\":\"https:\\\/\\\/www.meydan.tv\\\/az\\\/#\\\/schema\\\/logo\\\/image\\\/\",\"url\":\"https:\\\/\\\/www.meydan.tv\\\/wp-content\\\/uploads\\\/2021\\\/07\\\/meydan-logo.svg\",\"contentUrl\":\"https:\\\/\\\/www.meydan.tv\\\/wp-content\\\/uploads\\\/2021\\\/07\\\/meydan-logo.svg\",\"width\":195,\"height\":46,\"caption\":\"Meydan TV\"},\"image\":{\"@id\":\"https:\\\/\\\/www.meydan.tv\\\/az\\\/#\\\/schema\\\/logo\\\/image\\\/\"}},{\"@type\":\"Person\",\"@id\":\"https:\\\/\\\/www.meydan.tv\\\/az\\\/#\\\/schema\\\/person\\\/10d11eccf6da3662cf5fdab9806ea91a\",\"name\":\"user-manager\"}]}<\/script>\n<!-- \/ Yoast SEO plugin. -->","yoast_head_json":{"title":"Liftl\u0259rl\u0259 ba\u011fl\u0131 r\u0259smi ittiham: pullar m\u0259nims\u0259nilib, materiallar sat\u0131l\u0131b... - MEYDAN.TV","robots":{"index":"index","follow":"follow","max-snippet":"max-snippet:-1","max-image-preview":"max-image-preview:large","max-video-preview":"max-video-preview:-1"},"canonical":"https:\/\/www.meydan.tv\/az\/article\/liftlerle-bagli-resmi-ittiham-pullar-menimsenilib-materiallar-satilib\/","og_locale":"az_AZ","og_type":"article","og_title":"Liftl\u0259rl\u0259 ba\u011fl\u0131 r\u0259smi ittiham: pullar m\u0259nims\u0259nilib, materiallar sat\u0131l\u0131b... - MEYDAN.TV","og_description":"R.Dilanov elan olunmu\u015f ittiham \u00fczr\u0259 \u00f6z\u00fcn\u00fc t\u0259qsirli bilm\u0259yib.","og_url":"https:\/\/www.meydan.tv\/az\/article\/liftlerle-bagli-resmi-ittiham-pullar-menimsenilib-materiallar-satilib\/","og_site_name":"MEYDAN.TV","article_published_time":"2019-12-11T20:52:39+00:00","og_image":[{"width":668,"height":480,"url":"https:\/\/www.meydan.tv\/wp-content\/uploads\/ruslan_dilanov___baklift_2_.jpg","type":"image\/jpeg"}],"author":"user-manager","twitter_card":"summary_large_image","schema":{"@context":"https:\/\/schema.org","@graph":[{"@type":"Article","@id":"https:\/\/www.meydan.tv\/az\/article\/liftlerle-bagli-resmi-ittiham-pullar-menimsenilib-materiallar-satilib\/#article","isPartOf":{"@id":"https:\/\/www.meydan.tv\/az\/article\/liftlerle-bagli-resmi-ittiham-pullar-menimsenilib-materiallar-satilib\/"},"author":{"name":"user-manager","@id":"https:\/\/www.meydan.tv\/az\/#\/schema\/person\/10d11eccf6da3662cf5fdab9806ea91a"},"headline":"Liftl\u0259rl\u0259 ba\u011fl\u0131 r\u0259smi ittiham: pullar m\u0259nims\u0259nilib, materiallar sat\u0131l\u0131b&#8230;","datePublished":"2019-12-11T20:52:39+00:00","mainEntityOfPage":{"@id":"https:\/\/www.meydan.tv\/az\/article\/liftlerle-bagli-resmi-ittiham-pullar-menimsenilib-materiallar-satilib\/"},"wordCount":287,"publisher":{"@id":"https:\/\/www.meydan.tv\/az\/#organization"},"image":{"@id":"https:\/\/www.meydan.tv\/az\/article\/liftlerle-bagli-resmi-ittiham-pullar-menimsenilib-materiallar-satilib\/#primaryimage"},"thumbnailUrl":"https:\/\/www.meydan.tv\/wp-content\/uploads\/ruslan_dilanov___baklift_2_.jpg","articleSection":["Sosial"],"inLanguage":"az"},{"@type":"WebPage","@id":"https:\/\/www.meydan.tv\/az\/article\/liftlerle-bagli-resmi-ittiham-pullar-menimsenilib-materiallar-satilib\/","url":"https:\/\/www.meydan.tv\/az\/article\/liftlerle-bagli-resmi-ittiham-pullar-menimsenilib-materiallar-satilib\/","name":"Liftl\u0259rl\u0259 ba\u011fl\u0131 r\u0259smi ittiham: pullar m\u0259nims\u0259nilib, materiallar sat\u0131l\u0131b... - MEYDAN.TV","isPartOf":{"@id":"https:\/\/www.meydan.tv\/az\/#website"},"primaryImageOfPage":{"@id":"https:\/\/www.meydan.tv\/az\/article\/liftlerle-bagli-resmi-ittiham-pullar-menimsenilib-materiallar-satilib\/#primaryimage"},"image":{"@id":"https:\/\/www.meydan.tv\/az\/article\/liftlerle-bagli-resmi-ittiham-pullar-menimsenilib-materiallar-satilib\/#primaryimage"},"thumbnailUrl":"https:\/\/www.meydan.tv\/wp-content\/uploads\/ruslan_dilanov___baklift_2_.jpg","datePublished":"2019-12-11T20:52:39+00:00","breadcrumb":{"@id":"https:\/\/www.meydan.tv\/az\/article\/liftlerle-bagli-resmi-ittiham-pullar-menimsenilib-materiallar-satilib\/#breadcrumb"},"inLanguage":"az","potentialAction":[{"@type":"ReadAction","target":["https:\/\/www.meydan.tv\/az\/article\/liftlerle-bagli-resmi-ittiham-pullar-menimsenilib-materiallar-satilib\/"]}]},{"@type":"ImageObject","inLanguage":"az","@id":"https:\/\/www.meydan.tv\/az\/article\/liftlerle-bagli-resmi-ittiham-pullar-menimsenilib-materiallar-satilib\/#primaryimage","url":"https:\/\/www.meydan.tv\/wp-content\/uploads\/ruslan_dilanov___baklift_2_.jpg","contentUrl":"https:\/\/www.meydan.tv\/wp-content\/uploads\/ruslan_dilanov___baklift_2_.jpg","width":668,"height":480,"caption":"Source: Foto: google.az"},{"@type":"BreadcrumbList","@id":"https:\/\/www.meydan.tv\/az\/article\/liftlerle-bagli-resmi-ittiham-pullar-menimsenilib-materiallar-satilib\/#breadcrumb","itemListElement":[{"@type":"ListItem","position":1,"name":"Ana s\u0259hif\u0259","item":"https:\/\/www.meydan.tv\/az\/"},{"@type":"ListItem","position":2,"name":"Sosial","item":"https:\/\/www.meydan.tv\/az\/section\/sosial\/"},{"@type":"ListItem","position":3,"name":"Liftl\u0259rl\u0259 ba\u011fl\u0131 r\u0259smi ittiham: pullar m\u0259nims\u0259nilib, materiallar sat\u0131l\u0131b&#8230;"}]},{"@type":"WebSite","@id":"https:\/\/www.meydan.tv\/az\/#website","url":"https:\/\/www.meydan.tv\/az\/","name":"MEYDAN.TV","description":"Meydan TV Az\u0259rbaycan\u0131n media m\u0259kan\u0131ndak\u0131 alternativ s\u0259sidir","publisher":{"@id":"https:\/\/www.meydan.tv\/az\/#organization"},"potentialAction":[{"@type":"SearchAction","target":{"@type":"EntryPoint","urlTemplate":"https:\/\/www.meydan.tv\/az\/?s={search_term_string}"},"query-input":{"@type":"PropertyValueSpecification","valueRequired":true,"valueName":"search_term_string"}}],"inLanguage":"az"},{"@type":"Organization","@id":"https:\/\/www.meydan.tv\/az\/#organization","name":"Meydan TV","url":"https:\/\/www.meydan.tv\/az\/","logo":{"@type":"ImageObject","inLanguage":"az","@id":"https:\/\/www.meydan.tv\/az\/#\/schema\/logo\/image\/","url":"https:\/\/www.meydan.tv\/wp-content\/uploads\/2021\/07\/meydan-logo.svg","contentUrl":"https:\/\/www.meydan.tv\/wp-content\/uploads\/2021\/07\/meydan-logo.svg","width":195,"height":46,"caption":"Meydan TV"},"image":{"@id":"https:\/\/www.meydan.tv\/az\/#\/schema\/logo\/image\/"}},{"@type":"Person","@id":"https:\/\/www.meydan.tv\/az\/#\/schema\/person\/10d11eccf6da3662cf5fdab9806ea91a","name":"user-manager"}]}},"_links":{"self":[{"href":"https:\/\/www.meydan.tv\/az\/wp-json\/wp\/v2\/posts\/198334","targetHints":{"allow":["GET"]}}],"collection":[{"href":"https:\/\/www.meydan.tv\/az\/wp-json\/wp\/v2\/posts"}],"about":[{"href":"https:\/\/www.meydan.tv\/az\/wp-json\/wp\/v2\/types\/post"}],"author":[{"embeddable":true,"href":"https:\/\/www.meydan.tv\/az\/wp-json\/wp\/v2\/users\/11"}],"replies":[{"embeddable":true,"href":"https:\/\/www.meydan.tv\/az\/wp-json\/wp\/v2\/comments?post=198334"}],"version-history":[{"count":0,"href":"https:\/\/www.meydan.tv\/az\/wp-json\/wp\/v2\/posts\/198334\/revisions"}],"wp:featuredmedia":[{"embeddable":true,"href":"https:\/\/www.meydan.tv\/az\/wp-json\/wp\/v2\/media\/134250"}],"wp:attachment":[{"href":"https:\/\/www.meydan.tv\/az\/wp-json\/wp\/v2\/media?parent=198334"}],"wp:term":[{"taxonomy":"category","embeddable":true,"href":"https:\/\/www.meydan.tv\/az\/wp-json\/wp\/v2\/categories?post=198334"},{"taxonomy":"post_tag","embeddable":true,"href":"https:\/\/www.meydan.tv\/az\/wp-json\/wp\/v2\/tags?post=198334"}],"curies":[{"name":"wp","href":"https:\/\/api.w.org\/{rel}","templated":true}]}}