{"id":198333,"date":"2019-12-11T18:34:43","date_gmt":"2019-12-11T18:34:43","guid":{"rendered":"https:\/\/www.meydan.tv\/article\/azyasli-ovladlarini-doymekde-gunahlandirilan-ata-hebs-olunub\/"},"modified":"2019-12-11T18:34:43","modified_gmt":"2019-12-11T18:34:43","slug":"azyasli-ovladlarini-doymekde-gunahlandirilan-ata-hebs-olunub","status":"publish","type":"post","link":"https:\/\/www.meydan.tv\/az\/article\/azyasli-ovladlarini-doymekde-gunahlandirilan-ata-hebs-olunub\/","title":{"rendered":"Azya\u015fl\u0131 \u00f6vladlar\u0131n\u0131 d\u00f6ym\u0259kd\u0259 g\u00fcnahland\u0131r\u0131lan ata h\u0259bs olunub"},"content":{"rendered":"<p>\n  <i><br \/>\n    \u00d6gey ana polis n\u0259zar\u0259tin\u0259 g\u00f6t\u00fcr\u00fcl\u00fcb<br \/>\n  <\/i>\n<\/p>\n<p>\n  Azya\u015fl\u0131 Qulu v\u0259 H\u00fcseyn qarda\u015flar\u0131na i\u015fg\u0259nc\u0259 verdiyi deyil\u0259n ata Xaqani \u018fkb\u0259rov h\u0259bs edilib.\n<\/p>\n<p>\n  M\u0259lumat\u0131 Ba\u015f Prokurorluq yay\u0131b. Bildirilib ki, u\u015faqlara i\u015fg\u0259nc\u0259 ver\u0259n \u00f6gey ana Nuran\u0259 \u018fkb\u0259rova bar\u0259sind\u0259 is\u0259 polisin n\u0259zar\u0259ti alt\u0131na verm\u0259 q\u0259timkan t\u0259dbiri se\u00e7ilib. S\u0259b\u0259b onun 16 h\u0259ft\u0259lik hamil\u0259 olmas\u0131d\u0131r.\n<\/p>\n<p>\n  Xaqani \u018fkb\u0259rov v\u0259 Nuran\u0259 \u018fkb\u0259rova Cinay\u0259t M\u0259c\u0259ll\u0259sinin 127.2.2, 133.2.3 v\u0259 133.2.4-c\u00fc madd\u0259l\u0259ri il\u0259 ittiham edilibl\u0259r.\n<\/p>\n<p>\n  M\u0259lumatda o da deyilir ki, i\u015fl\u0259 ba\u011fl\u0131 Bak\u0131 \u015e\u0259h\u0259r Prokurorlu\u011funda istintaq t\u0259dbirl\u0259ri davam etdirilir.\n<\/p>\n<p>\n  \u0130lkin ara\u015fd\u0131rmada is\u0259 m\u0259lum olub ki, ata v\u0259 \u00f6gey analar\u0131 Qulu \u018fkb\u0259rov v\u0259 H\u00fcseyn \u018fkb\u0259rzad\u0259ni Zabrat q\u0259s\u0259b\u0259sind\u0259 ya\u015fad\u0131qlar\u0131 evd\u0259 m\u00fct\u0259madi olaraq d\u00f6y\u00fcbl\u0259r:\n<\/p>\n<p>\n  \u201cOnlara qar\u015f\u0131 m\u00fcxt\u0259lif zorak\u0131 h\u0259r\u0259k\u0259tl\u0259r edilib. Sa\u011flaml\u0131qlar\u0131na q\u0131sa m\u00fcdd\u0259t\u0259 z\u0259r\u0259r g\u0259lib. Azya\u015fl\u0131lar\u0131n ald\u0131qlar\u0131 b\u0259d\u0259n x\u0259sar\u0259tl\u0259rinin \u0259m\u0259l\u0259 g\u0259lm\u0259 m\u00fcdd\u0259tl\u0259rinin atalar\u0131 v\u0259 anal\u0131qlar\u0131 il\u0259 birlikd\u0259 ya\u015fad\u0131qlar\u0131 vaxta uy\u011fun g\u0259lm\u0259si m\u0259hk\u0259m\u0259-tibbi ekspertizas\u0131n\u0131n r\u0259yl\u0259ri il\u0259 t\u0259sdiq olunub\u201d.\n<\/p>\n<p>\n  \u0130stintaq zaman\u0131 azya\u015fl\u0131lar Ail\u0259, Qad\u0131n v\u0259 U\u015faq Probleml\u0259ri \u00fczr\u0259 D\u00f6vl\u0259t Komit\u0259sinin, Sabun\u00e7u Rayon \u0130cra Hakimiyy\u0259ti ba\u015f\u00e7\u0131s\u0131n\u0131n yan\u0131nda Q\u0259yyumluq v\u0259 himay\u0259\u00e7ilik komissiyas\u0131n\u0131n n\u00fcmay\u0259nd\u0259l\u0259rinin, 371 sayl\u0131 orta m\u0259kt\u0259bin ixtisasla\u015fm\u0131\u015f m\u00fc\u0259llim-psixoloqu v\u0259 xalas\u0131n\u0131n i\u015ftirak\u0131 il\u0259 atalar\u0131 v\u0259 anal\u0131qlar\u0131 t\u0259r\u0259find\u0259n i\u015fg\u0259nc\u0259l\u0259r\u0259 m\u0259ruz qalmaqla \u00e7oxsayl\u0131 b\u0259d\u0259n x\u0259sar\u0259tl\u0259ri yetirilm\u0259si bar\u0259d\u0259 ifad\u0259 veribl\u0259r.\n<\/p>\n<p>\n  <a href=\"https:\/\/www.meydan.tv\/az\/article\/usaqlarina-isgence-verdiyi-iddia-edilen-ata-ile-bagli-cinayet-isi-acilib\/?ref=list-news\"><br \/>\n    A\u011fcab\u0259di rayonunun A\u015fa\u011f\u0131 Qiyam\u0259dinli k\u0259nd<br \/>\n  <\/a><br \/>\n  sakini Qulu ki\u015fi sosial \u015f\u0259b\u0259k\u0259l\u0259rd\u0259 videom\u00fcraci\u0259t yay\u0131b. H\u0259min m\u00fcraci\u0259td\u0259 q\u0131z\u0131n\u0131 34 ya\u015f\u0131 olanda itirdiyini, ondan qalan 2 n\u0259v\u0259sin\u0259 ata v\u0259 \u00f6gey analar\u0131 t\u0259r\u0259find\u0259n i\u015fg\u0259nc\u0259 verildiyi s\u00f6yl\u0259nirdi. O bildirirdi ki, 7 ay \u0259rzind\u0259 u\u015faqlar\u0131n atas\u0131 Xaqani \u018fkb\u0259rov v\u0259 anal\u0131qlar\u0131 Nuran\u0259 \u018fkb\u0259rova u\u015faqlara m\u00fcxt\u0259lif i\u015fg\u0259nc\u0259l\u0259r verm\u0259kl\u0259 onlar\u0131n sa\u011flaml\u0131qlar\u0131na x\u0259l\u0259l yetiribl\u0259r.\n<\/p>\n<p>\n  Ata Xaqani \u018fkb\u0259rov \u201cX\u0259z\u0259r\u201d TV-d\u0259 yay\u0131mlanan \u201cS\u0259ni axtar\u0131ram\u201d proqram\u0131na g\u0259l\u0259r\u0259k deyil\u0259nl\u0259ri t\u0259kzib edib. O, \u201ckim \u00f6z u\u015fa\u011f\u0131n\u0131 d\u00f6y\u0259r?\u201d- dey\u0259 m\u0259s\u0259l\u0259y\u0259 m\u00fcnasib\u0259t bildirib.<\/p>\n","protected":false},"excerpt":{"rendered":"<p>\u0130lkin ara\u015fd\u0131rmada is\u0259 m\u0259lum olub ki, ata v\u0259 \u00f6gey analar\u0131 Qulu \u018fkb\u0259rov v\u0259 H\u00fcseyn \u018fkb\u0259rzad\u0259ni Zabrat q\u0259s\u0259b\u0259sind\u0259 ya\u015fad\u0131qlar\u0131 evd\u0259 m\u00fct\u0259madi olaraq d\u00f6y\u00fcbl\u0259r<\/p>\n","protected":false},"author":11,"featured_media":134244,"comment_status":"closed","ping_status":"open","sticky":false,"template":"","format":"standard","meta":{"_acf_changed":false,"_sitemap_exclude":false,"_sitemap_priority":"","_sitemap_frequency":"","footnotes":""},"categories":[62],"tags":[],"class_list":["post-198333","post","type-post","status-publish","format-standard","has-post-thumbnail","hentry","category-sosial","infinite-scroll-item","generate-columns","tablet-grid-50","mobile-grid-100","grid-parent","grid-33","no-featured-image-padding"],"acf":[],"yoast_head":"<!-- This site is optimized with the Yoast SEO plugin v27.4 - https:\/\/yoast.com\/product\/yoast-seo-wordpress\/ -->\n<title>Azya\u015fl\u0131 \u00f6vladlar\u0131n\u0131 d\u00f6ym\u0259kd\u0259 g\u00fcnahland\u0131r\u0131lan ata h\u0259bs olunub - MEYDAN.TV<\/title>\n<meta name=\"robots\" content=\"index, follow, max-snippet:-1, max-image-preview:large, max-video-preview:-1\" \/>\n<link rel=\"canonical\" href=\"https:\/\/www.meydan.tv\/az\/article\/azyasli-ovladlarini-doymekde-gunahlandirilan-ata-hebs-olunub\/\" \/>\n<meta property=\"og:locale\" content=\"az_AZ\" \/>\n<meta property=\"og:type\" content=\"article\" \/>\n<meta property=\"og:title\" content=\"Azya\u015fl\u0131 \u00f6vladlar\u0131n\u0131 d\u00f6ym\u0259kd\u0259 g\u00fcnahland\u0131r\u0131lan ata h\u0259bs olunub - MEYDAN.TV\" \/>\n<meta property=\"og:description\" content=\"\u0130lkin ara\u015fd\u0131rmada is\u0259 m\u0259lum olub ki, ata v\u0259 \u00f6gey analar\u0131 Qulu \u018fkb\u0259rov v\u0259 H\u00fcseyn \u018fkb\u0259rzad\u0259ni Zabrat q\u0259s\u0259b\u0259sind\u0259 ya\u015fad\u0131qlar\u0131 evd\u0259 m\u00fct\u0259madi olaraq d\u00f6y\u00fcbl\u0259r\" \/>\n<meta property=\"og:url\" content=\"https:\/\/www.meydan.tv\/az\/article\/azyasli-ovladlarini-doymekde-gunahlandirilan-ata-hebs-olunub\/\" \/>\n<meta property=\"og:site_name\" content=\"MEYDAN.TV\" \/>\n<meta property=\"article:published_time\" content=\"2019-12-11T18:34:43+00:00\" \/>\n<meta property=\"og:image\" content=\"https:\/\/www.meydan.tv\/wp-content\/uploads\/photo_406401.jpg\" \/>\n\t<meta property=\"og:image:width\" content=\"720\" \/>\n\t<meta property=\"og:image:height\" content=\"480\" \/>\n\t<meta property=\"og:image:type\" content=\"image\/jpeg\" \/>\n<meta name=\"author\" content=\"user-manager\" \/>\n<meta name=\"twitter:card\" content=\"summary_large_image\" \/>\n<script type=\"application\/ld+json\" class=\"yoast-schema-graph\">{\"@context\":\"https:\\\/\\\/schema.org\",\"@graph\":[{\"@type\":\"Article\",\"@id\":\"https:\\\/\\\/www.meydan.tv\\\/az\\\/article\\\/azyasli-ovladlarini-doymekde-gunahlandirilan-ata-hebs-olunub\\\/#article\",\"isPartOf\":{\"@id\":\"https:\\\/\\\/www.meydan.tv\\\/az\\\/article\\\/azyasli-ovladlarini-doymekde-gunahlandirilan-ata-hebs-olunub\\\/\"},\"author\":{\"name\":\"user-manager\",\"@id\":\"https:\\\/\\\/www.meydan.tv\\\/az\\\/#\\\/schema\\\/person\\\/10d11eccf6da3662cf5fdab9806ea91a\"},\"headline\":\"Azya\u015fl\u0131 \u00f6vladlar\u0131n\u0131 d\u00f6ym\u0259kd\u0259 g\u00fcnahland\u0131r\u0131lan ata h\u0259bs olunub\",\"datePublished\":\"2019-12-11T18:34:43+00:00\",\"mainEntityOfPage\":{\"@id\":\"https:\\\/\\\/www.meydan.tv\\\/az\\\/article\\\/azyasli-ovladlarini-doymekde-gunahlandirilan-ata-hebs-olunub\\\/\"},\"wordCount\":485,\"publisher\":{\"@id\":\"https:\\\/\\\/www.meydan.tv\\\/az\\\/#organization\"},\"image\":{\"@id\":\"https:\\\/\\\/www.meydan.tv\\\/az\\\/article\\\/azyasli-ovladlarini-doymekde-gunahlandirilan-ata-hebs-olunub\\\/#primaryimage\"},\"thumbnailUrl\":\"https:\\\/\\\/www.meydan.tv\\\/wp-content\\\/uploads\\\/photo_406401.jpg\",\"articleSection\":[\"Sosial\"],\"inLanguage\":\"az\"},{\"@type\":\"WebPage\",\"@id\":\"https:\\\/\\\/www.meydan.tv\\\/az\\\/article\\\/azyasli-ovladlarini-doymekde-gunahlandirilan-ata-hebs-olunub\\\/\",\"url\":\"https:\\\/\\\/www.meydan.tv\\\/az\\\/article\\\/azyasli-ovladlarini-doymekde-gunahlandirilan-ata-hebs-olunub\\\/\",\"name\":\"Azya\u015fl\u0131 \u00f6vladlar\u0131n\u0131 d\u00f6ym\u0259kd\u0259 g\u00fcnahland\u0131r\u0131lan ata h\u0259bs olunub - MEYDAN.TV\",\"isPartOf\":{\"@id\":\"https:\\\/\\\/www.meydan.tv\\\/az\\\/#website\"},\"primaryImageOfPage\":{\"@id\":\"https:\\\/\\\/www.meydan.tv\\\/az\\\/article\\\/azyasli-ovladlarini-doymekde-gunahlandirilan-ata-hebs-olunub\\\/#primaryimage\"},\"image\":{\"@id\":\"https:\\\/\\\/www.meydan.tv\\\/az\\\/article\\\/azyasli-ovladlarini-doymekde-gunahlandirilan-ata-hebs-olunub\\\/#primaryimage\"},\"thumbnailUrl\":\"https:\\\/\\\/www.meydan.tv\\\/wp-content\\\/uploads\\\/photo_406401.jpg\",\"datePublished\":\"2019-12-11T18:34:43+00:00\",\"breadcrumb\":{\"@id\":\"https:\\\/\\\/www.meydan.tv\\\/az\\\/article\\\/azyasli-ovladlarini-doymekde-gunahlandirilan-ata-hebs-olunub\\\/#breadcrumb\"},\"inLanguage\":\"az\",\"potentialAction\":[{\"@type\":\"ReadAction\",\"target\":[\"https:\\\/\\\/www.meydan.tv\\\/az\\\/article\\\/azyasli-ovladlarini-doymekde-gunahlandirilan-ata-hebs-olunub\\\/\"]}]},{\"@type\":\"ImageObject\",\"inLanguage\":\"az\",\"@id\":\"https:\\\/\\\/www.meydan.tv\\\/az\\\/article\\\/azyasli-ovladlarini-doymekde-gunahlandirilan-ata-hebs-olunub\\\/#primaryimage\",\"url\":\"https:\\\/\\\/www.meydan.tv\\\/wp-content\\\/uploads\\\/photo_406401.jpg\",\"contentUrl\":\"https:\\\/\\\/www.meydan.tv\\\/wp-content\\\/uploads\\\/photo_406401.jpg\",\"width\":720,\"height\":480,\"caption\":\"Source: Foto: sosial \u015f\u0259b\u0259k\u0259\"},{\"@type\":\"BreadcrumbList\",\"@id\":\"https:\\\/\\\/www.meydan.tv\\\/az\\\/article\\\/azyasli-ovladlarini-doymekde-gunahlandirilan-ata-hebs-olunub\\\/#breadcrumb\",\"itemListElement\":[{\"@type\":\"ListItem\",\"position\":1,\"name\":\"Ana s\u0259hif\u0259\",\"item\":\"https:\\\/\\\/www.meydan.tv\\\/az\\\/\"},{\"@type\":\"ListItem\",\"position\":2,\"name\":\"Sosial\",\"item\":\"https:\\\/\\\/www.meydan.tv\\\/az\\\/section\\\/sosial\\\/\"},{\"@type\":\"ListItem\",\"position\":3,\"name\":\"Azya\u015fl\u0131 \u00f6vladlar\u0131n\u0131 d\u00f6ym\u0259kd\u0259 g\u00fcnahland\u0131r\u0131lan ata h\u0259bs olunub\"}]},{\"@type\":\"WebSite\",\"@id\":\"https:\\\/\\\/www.meydan.tv\\\/az\\\/#website\",\"url\":\"https:\\\/\\\/www.meydan.tv\\\/az\\\/\",\"name\":\"MEYDAN.TV\",\"description\":\"Meydan TV Az\u0259rbaycan\u0131n media m\u0259kan\u0131ndak\u0131 alternativ s\u0259sidir\",\"publisher\":{\"@id\":\"https:\\\/\\\/www.meydan.tv\\\/az\\\/#organization\"},\"potentialAction\":[{\"@type\":\"SearchAction\",\"target\":{\"@type\":\"EntryPoint\",\"urlTemplate\":\"https:\\\/\\\/www.meydan.tv\\\/az\\\/?s={search_term_string}\"},\"query-input\":{\"@type\":\"PropertyValueSpecification\",\"valueRequired\":true,\"valueName\":\"search_term_string\"}}],\"inLanguage\":\"az\"},{\"@type\":\"Organization\",\"@id\":\"https:\\\/\\\/www.meydan.tv\\\/az\\\/#organization\",\"name\":\"Meydan TV\",\"url\":\"https:\\\/\\\/www.meydan.tv\\\/az\\\/\",\"logo\":{\"@type\":\"ImageObject\",\"inLanguage\":\"az\",\"@id\":\"https:\\\/\\\/www.meydan.tv\\\/az\\\/#\\\/schema\\\/logo\\\/image\\\/\",\"url\":\"https:\\\/\\\/www.meydan.tv\\\/wp-content\\\/uploads\\\/2021\\\/07\\\/meydan-logo.svg\",\"contentUrl\":\"https:\\\/\\\/www.meydan.tv\\\/wp-content\\\/uploads\\\/2021\\\/07\\\/meydan-logo.svg\",\"width\":195,\"height\":46,\"caption\":\"Meydan TV\"},\"image\":{\"@id\":\"https:\\\/\\\/www.meydan.tv\\\/az\\\/#\\\/schema\\\/logo\\\/image\\\/\"}},{\"@type\":\"Person\",\"@id\":\"https:\\\/\\\/www.meydan.tv\\\/az\\\/#\\\/schema\\\/person\\\/10d11eccf6da3662cf5fdab9806ea91a\",\"name\":\"user-manager\"}]}<\/script>\n<!-- \/ Yoast SEO plugin. -->","yoast_head_json":{"title":"Azya\u015fl\u0131 \u00f6vladlar\u0131n\u0131 d\u00f6ym\u0259kd\u0259 g\u00fcnahland\u0131r\u0131lan ata h\u0259bs olunub - MEYDAN.TV","robots":{"index":"index","follow":"follow","max-snippet":"max-snippet:-1","max-image-preview":"max-image-preview:large","max-video-preview":"max-video-preview:-1"},"canonical":"https:\/\/www.meydan.tv\/az\/article\/azyasli-ovladlarini-doymekde-gunahlandirilan-ata-hebs-olunub\/","og_locale":"az_AZ","og_type":"article","og_title":"Azya\u015fl\u0131 \u00f6vladlar\u0131n\u0131 d\u00f6ym\u0259kd\u0259 g\u00fcnahland\u0131r\u0131lan ata h\u0259bs olunub - MEYDAN.TV","og_description":"\u0130lkin ara\u015fd\u0131rmada is\u0259 m\u0259lum olub ki, ata v\u0259 \u00f6gey analar\u0131 Qulu \u018fkb\u0259rov v\u0259 H\u00fcseyn \u018fkb\u0259rzad\u0259ni Zabrat q\u0259s\u0259b\u0259sind\u0259 ya\u015fad\u0131qlar\u0131 evd\u0259 m\u00fct\u0259madi olaraq d\u00f6y\u00fcbl\u0259r","og_url":"https:\/\/www.meydan.tv\/az\/article\/azyasli-ovladlarini-doymekde-gunahlandirilan-ata-hebs-olunub\/","og_site_name":"MEYDAN.TV","article_published_time":"2019-12-11T18:34:43+00:00","og_image":[{"width":720,"height":480,"url":"https:\/\/www.meydan.tv\/wp-content\/uploads\/photo_406401.jpg","type":"image\/jpeg"}],"author":"user-manager","twitter_card":"summary_large_image","schema":{"@context":"https:\/\/schema.org","@graph":[{"@type":"Article","@id":"https:\/\/www.meydan.tv\/az\/article\/azyasli-ovladlarini-doymekde-gunahlandirilan-ata-hebs-olunub\/#article","isPartOf":{"@id":"https:\/\/www.meydan.tv\/az\/article\/azyasli-ovladlarini-doymekde-gunahlandirilan-ata-hebs-olunub\/"},"author":{"name":"user-manager","@id":"https:\/\/www.meydan.tv\/az\/#\/schema\/person\/10d11eccf6da3662cf5fdab9806ea91a"},"headline":"Azya\u015fl\u0131 \u00f6vladlar\u0131n\u0131 d\u00f6ym\u0259kd\u0259 g\u00fcnahland\u0131r\u0131lan ata h\u0259bs olunub","datePublished":"2019-12-11T18:34:43+00:00","mainEntityOfPage":{"@id":"https:\/\/www.meydan.tv\/az\/article\/azyasli-ovladlarini-doymekde-gunahlandirilan-ata-hebs-olunub\/"},"wordCount":485,"publisher":{"@id":"https:\/\/www.meydan.tv\/az\/#organization"},"image":{"@id":"https:\/\/www.meydan.tv\/az\/article\/azyasli-ovladlarini-doymekde-gunahlandirilan-ata-hebs-olunub\/#primaryimage"},"thumbnailUrl":"https:\/\/www.meydan.tv\/wp-content\/uploads\/photo_406401.jpg","articleSection":["Sosial"],"inLanguage":"az"},{"@type":"WebPage","@id":"https:\/\/www.meydan.tv\/az\/article\/azyasli-ovladlarini-doymekde-gunahlandirilan-ata-hebs-olunub\/","url":"https:\/\/www.meydan.tv\/az\/article\/azyasli-ovladlarini-doymekde-gunahlandirilan-ata-hebs-olunub\/","name":"Azya\u015fl\u0131 \u00f6vladlar\u0131n\u0131 d\u00f6ym\u0259kd\u0259 g\u00fcnahland\u0131r\u0131lan ata h\u0259bs olunub - MEYDAN.TV","isPartOf":{"@id":"https:\/\/www.meydan.tv\/az\/#website"},"primaryImageOfPage":{"@id":"https:\/\/www.meydan.tv\/az\/article\/azyasli-ovladlarini-doymekde-gunahlandirilan-ata-hebs-olunub\/#primaryimage"},"image":{"@id":"https:\/\/www.meydan.tv\/az\/article\/azyasli-ovladlarini-doymekde-gunahlandirilan-ata-hebs-olunub\/#primaryimage"},"thumbnailUrl":"https:\/\/www.meydan.tv\/wp-content\/uploads\/photo_406401.jpg","datePublished":"2019-12-11T18:34:43+00:00","breadcrumb":{"@id":"https:\/\/www.meydan.tv\/az\/article\/azyasli-ovladlarini-doymekde-gunahlandirilan-ata-hebs-olunub\/#breadcrumb"},"inLanguage":"az","potentialAction":[{"@type":"ReadAction","target":["https:\/\/www.meydan.tv\/az\/article\/azyasli-ovladlarini-doymekde-gunahlandirilan-ata-hebs-olunub\/"]}]},{"@type":"ImageObject","inLanguage":"az","@id":"https:\/\/www.meydan.tv\/az\/article\/azyasli-ovladlarini-doymekde-gunahlandirilan-ata-hebs-olunub\/#primaryimage","url":"https:\/\/www.meydan.tv\/wp-content\/uploads\/photo_406401.jpg","contentUrl":"https:\/\/www.meydan.tv\/wp-content\/uploads\/photo_406401.jpg","width":720,"height":480,"caption":"Source: Foto: sosial \u015f\u0259b\u0259k\u0259"},{"@type":"BreadcrumbList","@id":"https:\/\/www.meydan.tv\/az\/article\/azyasli-ovladlarini-doymekde-gunahlandirilan-ata-hebs-olunub\/#breadcrumb","itemListElement":[{"@type":"ListItem","position":1,"name":"Ana s\u0259hif\u0259","item":"https:\/\/www.meydan.tv\/az\/"},{"@type":"ListItem","position":2,"name":"Sosial","item":"https:\/\/www.meydan.tv\/az\/section\/sosial\/"},{"@type":"ListItem","position":3,"name":"Azya\u015fl\u0131 \u00f6vladlar\u0131n\u0131 d\u00f6ym\u0259kd\u0259 g\u00fcnahland\u0131r\u0131lan ata h\u0259bs olunub"}]},{"@type":"WebSite","@id":"https:\/\/www.meydan.tv\/az\/#website","url":"https:\/\/www.meydan.tv\/az\/","name":"MEYDAN.TV","description":"Meydan TV Az\u0259rbaycan\u0131n media m\u0259kan\u0131ndak\u0131 alternativ s\u0259sidir","publisher":{"@id":"https:\/\/www.meydan.tv\/az\/#organization"},"potentialAction":[{"@type":"SearchAction","target":{"@type":"EntryPoint","urlTemplate":"https:\/\/www.meydan.tv\/az\/?s={search_term_string}"},"query-input":{"@type":"PropertyValueSpecification","valueRequired":true,"valueName":"search_term_string"}}],"inLanguage":"az"},{"@type":"Organization","@id":"https:\/\/www.meydan.tv\/az\/#organization","name":"Meydan TV","url":"https:\/\/www.meydan.tv\/az\/","logo":{"@type":"ImageObject","inLanguage":"az","@id":"https:\/\/www.meydan.tv\/az\/#\/schema\/logo\/image\/","url":"https:\/\/www.meydan.tv\/wp-content\/uploads\/2021\/07\/meydan-logo.svg","contentUrl":"https:\/\/www.meydan.tv\/wp-content\/uploads\/2021\/07\/meydan-logo.svg","width":195,"height":46,"caption":"Meydan TV"},"image":{"@id":"https:\/\/www.meydan.tv\/az\/#\/schema\/logo\/image\/"}},{"@type":"Person","@id":"https:\/\/www.meydan.tv\/az\/#\/schema\/person\/10d11eccf6da3662cf5fdab9806ea91a","name":"user-manager"}]}},"_links":{"self":[{"href":"https:\/\/www.meydan.tv\/az\/wp-json\/wp\/v2\/posts\/198333","targetHints":{"allow":["GET"]}}],"collection":[{"href":"https:\/\/www.meydan.tv\/az\/wp-json\/wp\/v2\/posts"}],"about":[{"href":"https:\/\/www.meydan.tv\/az\/wp-json\/wp\/v2\/types\/post"}],"author":[{"embeddable":true,"href":"https:\/\/www.meydan.tv\/az\/wp-json\/wp\/v2\/users\/11"}],"replies":[{"embeddable":true,"href":"https:\/\/www.meydan.tv\/az\/wp-json\/wp\/v2\/comments?post=198333"}],"version-history":[{"count":0,"href":"https:\/\/www.meydan.tv\/az\/wp-json\/wp\/v2\/posts\/198333\/revisions"}],"wp:featuredmedia":[{"embeddable":true,"href":"https:\/\/www.meydan.tv\/az\/wp-json\/wp\/v2\/media\/134244"}],"wp:attachment":[{"href":"https:\/\/www.meydan.tv\/az\/wp-json\/wp\/v2\/media?parent=198333"}],"wp:term":[{"taxonomy":"category","embeddable":true,"href":"https:\/\/www.meydan.tv\/az\/wp-json\/wp\/v2\/categories?post=198333"},{"taxonomy":"post_tag","embeddable":true,"href":"https:\/\/www.meydan.tv\/az\/wp-json\/wp\/v2\/tags?post=198333"}],"curies":[{"name":"wp","href":"https:\/\/api.w.org\/{rel}","templated":true}]}}