{"id":198323,"date":"2019-12-11T14:13:13","date_gmt":"2019-12-11T14:13:13","guid":{"rendered":"https:\/\/www.meydan.tv\/article\/suu-kyi-rohingya-soyqirimi-ittihamini-redd-edib-yanildici-adlandirib\/"},"modified":"2019-12-11T14:13:13","modified_gmt":"2019-12-11T14:13:13","slug":"suu-kyi-rohingya-soyqirimi-ittihamini-redd-edib-yanildici-adlandirib","status":"publish","type":"post","link":"https:\/\/www.meydan.tv\/az\/article\/suu-kyi-rohingya-soyqirimi-ittihamini-redd-edib-yanildici-adlandirib\/","title":{"rendered":"Suu Kyi Rohingya soyq\u0131r\u0131m\u0131 ittiham\u0131n\u0131 r\u0259dd edib, \u201cyan\u0131ld\u0131c\u0131\u201d adland\u0131r\u0131b"},"content":{"rendered":"<p>\n  <i><br \/>\n    \u201cQambiya Myanmarda Raxine \u0259yal\u0259tind\u0259ki ger\u00e7\u0259k v\u0259ziyy\u0259tin natamam v\u0259 yanl\u0131\u015f g\u00f6r\u00fcnt\u00fcs\u00fcn\u00fc yarad\u0131b\u201d<br \/>\n  <\/i>\n<\/p>\n<p>\n  Myanmar lideri Aung San Suu Kyi \u00e7\u0259r\u015f\u0259nb\u0259 g\u00fcn\u00fc \u00f6lk\u0259sinin m\u00fcs\u0259lman Rohingya azl\u0131\u011f\u0131na qar\u015f\u0131 t\u00f6r\u0259dil\u0259n soyq\u0131r\u0131m ittihamlar\u0131n\u0131 \u201cnatamam v\u0259 yan\u0131ld\u0131c\u0131\u201d adland\u0131r\u0131b v\u0259 bu ittihamlar\u0131 r\u0259dd edib.\n<\/p>\n<p>\n  \u201cReuters\u201d x\u0259b\u0259r verir ki, Suu Kyi m\u0259hk\u0259m\u0259 i\u015finin AB\u015e-\u0131n \u0259n y\u00fcks\u0259k m\u0259hk\u0259m\u0259si t\u0259r\u0259find\u0259n dinl\u0259nilm\u0259sin\u0259 qar\u015f\u0131 \u00e7\u0131x\u0131b.\n<\/p>\n<p>\n  Nobel S\u00fclh m\u00fckafat\u0131 laureat\u0131 olan Suu Kyi Beyn\u0259lxalq \u018fdal\u0259t M\u0259hk\u0259m\u0259sind\u0259 \u00fc\u00e7 g\u00fcn davam ed\u0259n m\u0259hk\u0259m\u0259 iclas\u0131nda \u00e7\u0131x\u0131\u015f edib v\u0259 ke\u00e7\u0259n ay Qambiyan\u0131n Myanmara qar\u015f\u0131 qald\u0131rd\u0131\u011f\u0131 iddialara etiraz edib. Ke\u00e7\u0259n ay Qambiya Myanmar\u0131 1948-ci il Soyq\u0131r\u0131m Konvensiyas\u0131n\u0131 pozmaqda g\u00fcnahland\u0131r\u0131b.\n<\/p>\n<p>\n  Suu Kyi bir zamanlar Q\u0259rbd\u0259 demokratiyan\u0131n q\u0259hr\u0259man\u0131 kimi t\u0259msil olunub. O, Haaqada m\u0259hk\u0259m\u0259 salonunda onu ill\u0259rdir ev dustaql\u0131\u011f\u0131na m\u0259hkum etmi\u015f h\u0259rbi q\u00fcvv\u0259l\u0259rin m\u00fcdafi\u0259si \u00fc\u00e7\u00fcn t\u0259xmin\u0259n 30 d\u0259qiq\u0259 nitq s\u00f6yl\u0259yib.\n<\/p>\n<p>\n  O deyib ki, 2017-ci ilin avqustunda q\u0259rbi Raxine \u0259yal\u0259tind\u0259 h\u0259rbi r\u0259hb\u0259rlik alt\u0131nda h\u0259yata ke\u00e7irilmi\u015f \u201ct\u0259mizl\u0259m\u0259 \u0259m\u0259liyyat\u0131\u201d polisl\u0259 vuru\u015fan Rohingya militanlar\u0131n\u0131n h\u00fccumlar\u0131na qar\u015f\u0131 anti-terror \u0259m\u0259liyyat\u0131 olub.\n<\/p>\n<p>\n  \u201cQambiya Myanmarda Raxine \u0259yal\u0259tind\u0259ki ger\u00e7\u0259k v\u0259ziyy\u0259tin natamam v\u0259 yanl\u0131\u015f g\u00f6r\u00fcnt\u00fcs\u00fcn\u00fc yarad\u0131b,\u201d &#8211; o deyib.\n<\/p>\n<p>\n  Myanmar\u0131 m\u00fcdafi\u0259 ed\u0259n Suu Kyi \u0259m\u0259liyyat zaman\u0131 qeyri-b\u0259rab\u0259r h\u0259rbi g\u00fccd\u0259n istifad\u0259 edilmi\u015f oldu\u011funu v\u0259 m\u00fclki \u015f\u0259xsl\u0259rin \u00f6ld\u00fcr\u00fcld\u00fcy\u00fcn\u00fc etiraf edib, lakin bunun soyq\u0131r\u0131m olmad\u0131\u011f\u0131n\u0131 vur\u011fulay\u0131b.\n<\/p>\n<p>\n  \u201c\u015e\u00fcbh\u0259siz ki, bel\u0259 bir v\u0259ziyy\u0259td\u0259 soyq\u0131r\u0131m niyy\u0259ti yegan\u0259 hipotez ola bilm\u0259z\u201d, &#8211; o, 17 hakimin i\u015ftirak etdiyi paneld\u0259 \u00e7\u0131x\u0131\u015f\u0131 zaman\u0131 deyib:\n<\/p>\n<p>\n  \u201cM\u0259s\u0259l\u0259yl\u0259 ba\u011fl\u0131 f\u0259al ara\u015fd\u0131rma aparan, s\u0259sl\u0259ndiril\u0259n s\u0259hv i\u015fl\u0259rd\u0259 g\u00fcnahkar bilin\u0259n \u0259sg\u0259r v\u0259 zabitl\u0259ri m\u00fchakim\u0259 ed\u0259n v\u0259 c\u0259zaland\u0131ran bir d\u00f6vl\u0259tin soyq\u0131r\u0131m niyy\u0259ti ola bil\u0259rmi?\u201d\n<\/p>\n<p>\n  730 mind\u0259n \u00e7ox rohingyal\u0131 h\u0259rbi q\u00fcvv\u0259l\u0259rin t\u0259ziyiqind\u0259n sonra Myanmardan Banqlade\u015f\u0259 qa\u00e7\u0131b.\n<\/p>\n<p>\n  Ke\u00e7\u0259n il Myanmar h\u0259rbi q\u00fcvv\u0259l\u0259ri b\u0259yan edib ki, 2017-ci ilin sentyabr\u0131nda \u0130nn Din k\u0259ndind\u0259 10 rohingyal\u0131 ki\u015fi v\u0259 o\u011flan\u0131n q\u0259tliam\u0131nda i\u015ftirak ed\u0259n 7 \u0259sg\u0259r a\u011f\u0131r \u0259m\u0259k \u015f\u0259raitind\u0259 10 il h\u0259bs c\u0259zas\u0131na m\u0259hkum edilib.\n<\/p>\n<p>\n  7 \u0259sg\u0259r ordunun 2017-ci il \u0259m\u0259liyyat\u0131ndan sonra c\u0259zaland\u0131rd\u0131\u011f\u0131 yegan\u0259 t\u0259hl\u00fck\u0259sizlik i\u015f\u00e7il\u0259ri olub. Onlar h\u0259bsxanada bir ild\u0259n az vaxt ke\u00e7irdikd\u0259n sonra vaxt\u0131ndan \u0259vv\u0259l azadl\u0131\u011fa burax\u0131l\u0131blar.<\/p>\n","protected":false},"excerpt":{"rendered":"<p>O, Haaqada m\u0259hk\u0259m\u0259 salonunda onu ill\u0259rdir ev dustaql\u0131\u011f\u0131na m\u0259hkum etmi\u015f h\u0259rbi q\u00fcvv\u0259l\u0259rin m\u00fcdafi\u0259si \u00fc\u00e7\u00fcn t\u0259xmin\u0259n 30 d\u0259qiq\u0259 nitq s\u00f6yl\u0259yib.<\/p>\n","protected":false},"author":11,"featured_media":134220,"comment_status":"closed","ping_status":"open","sticky":false,"template":"","format":"standard","meta":{"_acf_changed":false,"_sitemap_exclude":false,"_sitemap_priority":"","_sitemap_frequency":"","footnotes":""},"categories":[64],"tags":[],"class_list":["post-198323","post","type-post","status-publish","format-standard","has-post-thumbnail","hentry","category-dunya","infinite-scroll-item","generate-columns","tablet-grid-50","mobile-grid-100","grid-parent","grid-33","no-featured-image-padding"],"acf":[],"yoast_head":"<!-- This site is optimized with the Yoast SEO plugin v27.5 - https:\/\/yoast.com\/product\/yoast-seo-wordpress\/ -->\n<title>Suu Kyi Rohingya soyq\u0131r\u0131m\u0131 ittiham\u0131n\u0131 r\u0259dd edib, \u201cyan\u0131ld\u0131c\u0131\u201d adland\u0131r\u0131b - MEYDAN.TV<\/title>\n<meta name=\"robots\" content=\"index, follow, max-snippet:-1, max-image-preview:large, max-video-preview:-1\" \/>\n<link rel=\"canonical\" href=\"https:\/\/www.meydan.tv\/az\/article\/suu-kyi-rohingya-soyqirimi-ittihamini-redd-edib-yanildici-adlandirib\/\" \/>\n<meta property=\"og:locale\" content=\"az_AZ\" \/>\n<meta property=\"og:type\" content=\"article\" \/>\n<meta property=\"og:title\" content=\"Suu Kyi Rohingya soyq\u0131r\u0131m\u0131 ittiham\u0131n\u0131 r\u0259dd edib, \u201cyan\u0131ld\u0131c\u0131\u201d adland\u0131r\u0131b - MEYDAN.TV\" \/>\n<meta property=\"og:description\" content=\"O, Haaqada m\u0259hk\u0259m\u0259 salonunda onu ill\u0259rdir ev dustaql\u0131\u011f\u0131na m\u0259hkum etmi\u015f h\u0259rbi q\u00fcvv\u0259l\u0259rin m\u00fcdafi\u0259si \u00fc\u00e7\u00fcn t\u0259xmin\u0259n 30 d\u0259qiq\u0259 nitq s\u00f6yl\u0259yib.\" \/>\n<meta property=\"og:url\" content=\"https:\/\/www.meydan.tv\/az\/article\/suu-kyi-rohingya-soyqirimi-ittihamini-redd-edib-yanildici-adlandirib\/\" \/>\n<meta property=\"og:site_name\" content=\"MEYDAN.TV\" \/>\n<meta property=\"article:published_time\" content=\"2019-12-11T14:13:13+00:00\" \/>\n<meta property=\"og:image\" content=\"https:\/\/www.meydan.tv\/wp-content\/uploads\/103405358_af820290-c920-4716-b847-fb098936e532.jpg\" \/>\n\t<meta property=\"og:image:width\" content=\"853\" \/>\n\t<meta property=\"og:image:height\" content=\"480\" \/>\n\t<meta property=\"og:image:type\" content=\"image\/jpeg\" \/>\n<meta name=\"author\" content=\"user-manager\" \/>\n<meta name=\"twitter:card\" content=\"summary_large_image\" \/>\n<script type=\"application\/ld+json\" class=\"yoast-schema-graph\">{\"@context\":\"https:\\\/\\\/schema.org\",\"@graph\":[{\"@type\":\"Article\",\"@id\":\"https:\\\/\\\/www.meydan.tv\\\/az\\\/article\\\/suu-kyi-rohingya-soyqirimi-ittihamini-redd-edib-yanildici-adlandirib\\\/#article\",\"isPartOf\":{\"@id\":\"https:\\\/\\\/www.meydan.tv\\\/az\\\/article\\\/suu-kyi-rohingya-soyqirimi-ittihamini-redd-edib-yanildici-adlandirib\\\/\"},\"author\":{\"name\":\"user-manager\",\"@id\":\"https:\\\/\\\/www.meydan.tv\\\/az\\\/#\\\/schema\\\/person\\\/10d11eccf6da3662cf5fdab9806ea91a\"},\"headline\":\"Suu Kyi Rohingya soyq\u0131r\u0131m\u0131 ittiham\u0131n\u0131 r\u0259dd edib, \u201cyan\u0131ld\u0131c\u0131\u201d adland\u0131r\u0131b\",\"datePublished\":\"2019-12-11T14:13:13+00:00\",\"mainEntityOfPage\":{\"@id\":\"https:\\\/\\\/www.meydan.tv\\\/az\\\/article\\\/suu-kyi-rohingya-soyqirimi-ittihamini-redd-edib-yanildici-adlandirib\\\/\"},\"wordCount\":522,\"publisher\":{\"@id\":\"https:\\\/\\\/www.meydan.tv\\\/az\\\/#organization\"},\"image\":{\"@id\":\"https:\\\/\\\/www.meydan.tv\\\/az\\\/article\\\/suu-kyi-rohingya-soyqirimi-ittihamini-redd-edib-yanildici-adlandirib\\\/#primaryimage\"},\"thumbnailUrl\":\"https:\\\/\\\/www.meydan.tv\\\/wp-content\\\/uploads\\\/103405358_af820290-c920-4716-b847-fb098936e532.jpg\",\"articleSection\":[\"D\u00fcnya\"],\"inLanguage\":\"az\"},{\"@type\":\"WebPage\",\"@id\":\"https:\\\/\\\/www.meydan.tv\\\/az\\\/article\\\/suu-kyi-rohingya-soyqirimi-ittihamini-redd-edib-yanildici-adlandirib\\\/\",\"url\":\"https:\\\/\\\/www.meydan.tv\\\/az\\\/article\\\/suu-kyi-rohingya-soyqirimi-ittihamini-redd-edib-yanildici-adlandirib\\\/\",\"name\":\"Suu Kyi Rohingya soyq\u0131r\u0131m\u0131 ittiham\u0131n\u0131 r\u0259dd edib, \u201cyan\u0131ld\u0131c\u0131\u201d adland\u0131r\u0131b - MEYDAN.TV\",\"isPartOf\":{\"@id\":\"https:\\\/\\\/www.meydan.tv\\\/az\\\/#website\"},\"primaryImageOfPage\":{\"@id\":\"https:\\\/\\\/www.meydan.tv\\\/az\\\/article\\\/suu-kyi-rohingya-soyqirimi-ittihamini-redd-edib-yanildici-adlandirib\\\/#primaryimage\"},\"image\":{\"@id\":\"https:\\\/\\\/www.meydan.tv\\\/az\\\/article\\\/suu-kyi-rohingya-soyqirimi-ittihamini-redd-edib-yanildici-adlandirib\\\/#primaryimage\"},\"thumbnailUrl\":\"https:\\\/\\\/www.meydan.tv\\\/wp-content\\\/uploads\\\/103405358_af820290-c920-4716-b847-fb098936e532.jpg\",\"datePublished\":\"2019-12-11T14:13:13+00:00\",\"breadcrumb\":{\"@id\":\"https:\\\/\\\/www.meydan.tv\\\/az\\\/article\\\/suu-kyi-rohingya-soyqirimi-ittihamini-redd-edib-yanildici-adlandirib\\\/#breadcrumb\"},\"inLanguage\":\"az\",\"potentialAction\":[{\"@type\":\"ReadAction\",\"target\":[\"https:\\\/\\\/www.meydan.tv\\\/az\\\/article\\\/suu-kyi-rohingya-soyqirimi-ittihamini-redd-edib-yanildici-adlandirib\\\/\"]}]},{\"@type\":\"ImageObject\",\"inLanguage\":\"az\",\"@id\":\"https:\\\/\\\/www.meydan.tv\\\/az\\\/article\\\/suu-kyi-rohingya-soyqirimi-ittihamini-redd-edib-yanildici-adlandirib\\\/#primaryimage\",\"url\":\"https:\\\/\\\/www.meydan.tv\\\/wp-content\\\/uploads\\\/103405358_af820290-c920-4716-b847-fb098936e532.jpg\",\"contentUrl\":\"https:\\\/\\\/www.meydan.tv\\\/wp-content\\\/uploads\\\/103405358_af820290-c920-4716-b847-fb098936e532.jpg\",\"width\":853,\"height\":480,\"caption\":\"Source: Foto: arxiv\"},{\"@type\":\"BreadcrumbList\",\"@id\":\"https:\\\/\\\/www.meydan.tv\\\/az\\\/article\\\/suu-kyi-rohingya-soyqirimi-ittihamini-redd-edib-yanildici-adlandirib\\\/#breadcrumb\",\"itemListElement\":[{\"@type\":\"ListItem\",\"position\":1,\"name\":\"Ana s\u0259hif\u0259\",\"item\":\"https:\\\/\\\/www.meydan.tv\\\/az\\\/\"},{\"@type\":\"ListItem\",\"position\":2,\"name\":\"D\u00fcnya\",\"item\":\"https:\\\/\\\/www.meydan.tv\\\/az\\\/section\\\/dunya\\\/\"},{\"@type\":\"ListItem\",\"position\":3,\"name\":\"Suu Kyi Rohingya soyq\u0131r\u0131m\u0131 ittiham\u0131n\u0131 r\u0259dd edib, \u201cyan\u0131ld\u0131c\u0131\u201d adland\u0131r\u0131b\"}]},{\"@type\":\"WebSite\",\"@id\":\"https:\\\/\\\/www.meydan.tv\\\/az\\\/#website\",\"url\":\"https:\\\/\\\/www.meydan.tv\\\/az\\\/\",\"name\":\"MEYDAN.TV\",\"description\":\"Meydan TV Az\u0259rbaycan\u0131n media m\u0259kan\u0131ndak\u0131 alternativ s\u0259sidir\",\"publisher\":{\"@id\":\"https:\\\/\\\/www.meydan.tv\\\/az\\\/#organization\"},\"potentialAction\":[{\"@type\":\"SearchAction\",\"target\":{\"@type\":\"EntryPoint\",\"urlTemplate\":\"https:\\\/\\\/www.meydan.tv\\\/az\\\/?s={search_term_string}\"},\"query-input\":{\"@type\":\"PropertyValueSpecification\",\"valueRequired\":true,\"valueName\":\"search_term_string\"}}],\"inLanguage\":\"az\"},{\"@type\":\"Organization\",\"@id\":\"https:\\\/\\\/www.meydan.tv\\\/az\\\/#organization\",\"name\":\"Meydan TV\",\"url\":\"https:\\\/\\\/www.meydan.tv\\\/az\\\/\",\"logo\":{\"@type\":\"ImageObject\",\"inLanguage\":\"az\",\"@id\":\"https:\\\/\\\/www.meydan.tv\\\/az\\\/#\\\/schema\\\/logo\\\/image\\\/\",\"url\":\"https:\\\/\\\/www.meydan.tv\\\/wp-content\\\/uploads\\\/2021\\\/07\\\/meydan-logo.svg\",\"contentUrl\":\"https:\\\/\\\/www.meydan.tv\\\/wp-content\\\/uploads\\\/2021\\\/07\\\/meydan-logo.svg\",\"width\":195,\"height\":46,\"caption\":\"Meydan TV\"},\"image\":{\"@id\":\"https:\\\/\\\/www.meydan.tv\\\/az\\\/#\\\/schema\\\/logo\\\/image\\\/\"}},{\"@type\":\"Person\",\"@id\":\"https:\\\/\\\/www.meydan.tv\\\/az\\\/#\\\/schema\\\/person\\\/10d11eccf6da3662cf5fdab9806ea91a\",\"name\":\"user-manager\"}]}<\/script>\n<!-- \/ Yoast SEO plugin. -->","yoast_head_json":{"title":"Suu Kyi Rohingya soyq\u0131r\u0131m\u0131 ittiham\u0131n\u0131 r\u0259dd edib, \u201cyan\u0131ld\u0131c\u0131\u201d adland\u0131r\u0131b - MEYDAN.TV","robots":{"index":"index","follow":"follow","max-snippet":"max-snippet:-1","max-image-preview":"max-image-preview:large","max-video-preview":"max-video-preview:-1"},"canonical":"https:\/\/www.meydan.tv\/az\/article\/suu-kyi-rohingya-soyqirimi-ittihamini-redd-edib-yanildici-adlandirib\/","og_locale":"az_AZ","og_type":"article","og_title":"Suu Kyi Rohingya soyq\u0131r\u0131m\u0131 ittiham\u0131n\u0131 r\u0259dd edib, \u201cyan\u0131ld\u0131c\u0131\u201d adland\u0131r\u0131b - MEYDAN.TV","og_description":"O, Haaqada m\u0259hk\u0259m\u0259 salonunda onu ill\u0259rdir ev dustaql\u0131\u011f\u0131na m\u0259hkum etmi\u015f h\u0259rbi q\u00fcvv\u0259l\u0259rin m\u00fcdafi\u0259si \u00fc\u00e7\u00fcn t\u0259xmin\u0259n 30 d\u0259qiq\u0259 nitq s\u00f6yl\u0259yib.","og_url":"https:\/\/www.meydan.tv\/az\/article\/suu-kyi-rohingya-soyqirimi-ittihamini-redd-edib-yanildici-adlandirib\/","og_site_name":"MEYDAN.TV","article_published_time":"2019-12-11T14:13:13+00:00","og_image":[{"width":853,"height":480,"url":"https:\/\/www.meydan.tv\/wp-content\/uploads\/103405358_af820290-c920-4716-b847-fb098936e532.jpg","type":"image\/jpeg"}],"author":"user-manager","twitter_card":"summary_large_image","schema":{"@context":"https:\/\/schema.org","@graph":[{"@type":"Article","@id":"https:\/\/www.meydan.tv\/az\/article\/suu-kyi-rohingya-soyqirimi-ittihamini-redd-edib-yanildici-adlandirib\/#article","isPartOf":{"@id":"https:\/\/www.meydan.tv\/az\/article\/suu-kyi-rohingya-soyqirimi-ittihamini-redd-edib-yanildici-adlandirib\/"},"author":{"name":"user-manager","@id":"https:\/\/www.meydan.tv\/az\/#\/schema\/person\/10d11eccf6da3662cf5fdab9806ea91a"},"headline":"Suu Kyi Rohingya soyq\u0131r\u0131m\u0131 ittiham\u0131n\u0131 r\u0259dd edib, \u201cyan\u0131ld\u0131c\u0131\u201d adland\u0131r\u0131b","datePublished":"2019-12-11T14:13:13+00:00","mainEntityOfPage":{"@id":"https:\/\/www.meydan.tv\/az\/article\/suu-kyi-rohingya-soyqirimi-ittihamini-redd-edib-yanildici-adlandirib\/"},"wordCount":522,"publisher":{"@id":"https:\/\/www.meydan.tv\/az\/#organization"},"image":{"@id":"https:\/\/www.meydan.tv\/az\/article\/suu-kyi-rohingya-soyqirimi-ittihamini-redd-edib-yanildici-adlandirib\/#primaryimage"},"thumbnailUrl":"https:\/\/www.meydan.tv\/wp-content\/uploads\/103405358_af820290-c920-4716-b847-fb098936e532.jpg","articleSection":["D\u00fcnya"],"inLanguage":"az"},{"@type":"WebPage","@id":"https:\/\/www.meydan.tv\/az\/article\/suu-kyi-rohingya-soyqirimi-ittihamini-redd-edib-yanildici-adlandirib\/","url":"https:\/\/www.meydan.tv\/az\/article\/suu-kyi-rohingya-soyqirimi-ittihamini-redd-edib-yanildici-adlandirib\/","name":"Suu Kyi Rohingya soyq\u0131r\u0131m\u0131 ittiham\u0131n\u0131 r\u0259dd edib, \u201cyan\u0131ld\u0131c\u0131\u201d adland\u0131r\u0131b - MEYDAN.TV","isPartOf":{"@id":"https:\/\/www.meydan.tv\/az\/#website"},"primaryImageOfPage":{"@id":"https:\/\/www.meydan.tv\/az\/article\/suu-kyi-rohingya-soyqirimi-ittihamini-redd-edib-yanildici-adlandirib\/#primaryimage"},"image":{"@id":"https:\/\/www.meydan.tv\/az\/article\/suu-kyi-rohingya-soyqirimi-ittihamini-redd-edib-yanildici-adlandirib\/#primaryimage"},"thumbnailUrl":"https:\/\/www.meydan.tv\/wp-content\/uploads\/103405358_af820290-c920-4716-b847-fb098936e532.jpg","datePublished":"2019-12-11T14:13:13+00:00","breadcrumb":{"@id":"https:\/\/www.meydan.tv\/az\/article\/suu-kyi-rohingya-soyqirimi-ittihamini-redd-edib-yanildici-adlandirib\/#breadcrumb"},"inLanguage":"az","potentialAction":[{"@type":"ReadAction","target":["https:\/\/www.meydan.tv\/az\/article\/suu-kyi-rohingya-soyqirimi-ittihamini-redd-edib-yanildici-adlandirib\/"]}]},{"@type":"ImageObject","inLanguage":"az","@id":"https:\/\/www.meydan.tv\/az\/article\/suu-kyi-rohingya-soyqirimi-ittihamini-redd-edib-yanildici-adlandirib\/#primaryimage","url":"https:\/\/www.meydan.tv\/wp-content\/uploads\/103405358_af820290-c920-4716-b847-fb098936e532.jpg","contentUrl":"https:\/\/www.meydan.tv\/wp-content\/uploads\/103405358_af820290-c920-4716-b847-fb098936e532.jpg","width":853,"height":480,"caption":"Source: Foto: arxiv"},{"@type":"BreadcrumbList","@id":"https:\/\/www.meydan.tv\/az\/article\/suu-kyi-rohingya-soyqirimi-ittihamini-redd-edib-yanildici-adlandirib\/#breadcrumb","itemListElement":[{"@type":"ListItem","position":1,"name":"Ana s\u0259hif\u0259","item":"https:\/\/www.meydan.tv\/az\/"},{"@type":"ListItem","position":2,"name":"D\u00fcnya","item":"https:\/\/www.meydan.tv\/az\/section\/dunya\/"},{"@type":"ListItem","position":3,"name":"Suu Kyi Rohingya soyq\u0131r\u0131m\u0131 ittiham\u0131n\u0131 r\u0259dd edib, \u201cyan\u0131ld\u0131c\u0131\u201d adland\u0131r\u0131b"}]},{"@type":"WebSite","@id":"https:\/\/www.meydan.tv\/az\/#website","url":"https:\/\/www.meydan.tv\/az\/","name":"MEYDAN.TV","description":"Meydan TV Az\u0259rbaycan\u0131n media m\u0259kan\u0131ndak\u0131 alternativ s\u0259sidir","publisher":{"@id":"https:\/\/www.meydan.tv\/az\/#organization"},"potentialAction":[{"@type":"SearchAction","target":{"@type":"EntryPoint","urlTemplate":"https:\/\/www.meydan.tv\/az\/?s={search_term_string}"},"query-input":{"@type":"PropertyValueSpecification","valueRequired":true,"valueName":"search_term_string"}}],"inLanguage":"az"},{"@type":"Organization","@id":"https:\/\/www.meydan.tv\/az\/#organization","name":"Meydan TV","url":"https:\/\/www.meydan.tv\/az\/","logo":{"@type":"ImageObject","inLanguage":"az","@id":"https:\/\/www.meydan.tv\/az\/#\/schema\/logo\/image\/","url":"https:\/\/www.meydan.tv\/wp-content\/uploads\/2021\/07\/meydan-logo.svg","contentUrl":"https:\/\/www.meydan.tv\/wp-content\/uploads\/2021\/07\/meydan-logo.svg","width":195,"height":46,"caption":"Meydan TV"},"image":{"@id":"https:\/\/www.meydan.tv\/az\/#\/schema\/logo\/image\/"}},{"@type":"Person","@id":"https:\/\/www.meydan.tv\/az\/#\/schema\/person\/10d11eccf6da3662cf5fdab9806ea91a","name":"user-manager"}]}},"_links":{"self":[{"href":"https:\/\/www.meydan.tv\/az\/wp-json\/wp\/v2\/posts\/198323","targetHints":{"allow":["GET"]}}],"collection":[{"href":"https:\/\/www.meydan.tv\/az\/wp-json\/wp\/v2\/posts"}],"about":[{"href":"https:\/\/www.meydan.tv\/az\/wp-json\/wp\/v2\/types\/post"}],"author":[{"embeddable":true,"href":"https:\/\/www.meydan.tv\/az\/wp-json\/wp\/v2\/users\/11"}],"replies":[{"embeddable":true,"href":"https:\/\/www.meydan.tv\/az\/wp-json\/wp\/v2\/comments?post=198323"}],"version-history":[{"count":0,"href":"https:\/\/www.meydan.tv\/az\/wp-json\/wp\/v2\/posts\/198323\/revisions"}],"wp:featuredmedia":[{"embeddable":true,"href":"https:\/\/www.meydan.tv\/az\/wp-json\/wp\/v2\/media\/134220"}],"wp:attachment":[{"href":"https:\/\/www.meydan.tv\/az\/wp-json\/wp\/v2\/media?parent=198323"}],"wp:term":[{"taxonomy":"category","embeddable":true,"href":"https:\/\/www.meydan.tv\/az\/wp-json\/wp\/v2\/categories?post=198323"},{"taxonomy":"post_tag","embeddable":true,"href":"https:\/\/www.meydan.tv\/az\/wp-json\/wp\/v2\/tags?post=198323"}],"curies":[{"name":"wp","href":"https:\/\/api.w.org\/{rel}","templated":true}]}}