{"id":198322,"date":"2019-12-11T13:32:40","date_gmt":"2019-12-11T13:32:40","guid":{"rendered":"https:\/\/www.meydan.tv\/article\/das-karxanalari-korpunu-dagidib-torpaqlarimiza-elimiz-catmir\/"},"modified":"2019-12-11T13:32:40","modified_gmt":"2019-12-11T13:32:40","slug":"das-karxanalari-korpunu-dagidib-torpaqlarimiza-elimiz-catmir","status":"publish","type":"post","link":"https:\/\/www.meydan.tv\/az\/article\/das-karxanalari-korpunu-dagidib-torpaqlarimiza-elimiz-catmir\/","title":{"rendered":"\u201cDa\u015f karxanalar\u0131 k\u00f6rp\u00fcn\u00fc da\u011f\u0131d\u0131b, torpaqlar\u0131m\u0131za \u0259limiz \u00e7atm\u0131r\u201d"},"content":{"rendered":"<p>\n  <i><br \/>\n    Yuxar\u0131 T\u0259ngivan k\u0259ndinin sakinl\u0259ri k\u0259ndi iki yer\u0259 b\u00f6l\u0259n L\u0259nk\u0259ran\u00e7ay\u0131n \u00fcz\u0259rind\u0259n k\u00f6rp\u00fc sal\u0131nmas\u0131n\u0131 ist\u0259yir<br \/>\n  <\/i>\n<\/p>\n<p>\n  \u201c\u0130lin 9 ay\u0131 k\u0259ndimizd\u0259 sel, da\u015fq\u0131n olur. \u00d6r\u00fc\u015f\u00fcm\u00fcz, \u0259kin torpaqlar\u0131m\u0131z &#8211; ham\u0131s\u0131 \u00e7ay\u0131n \u0259ks t\u0259r\u0259find\u0259dir. \u00c7ay\u0131n s\u0259viyy\u0259si qalxanda, da\u015fq\u0131nlar olanda torpaqlar\u0131m\u0131za t\u0259r\u0259f ke\u00e7\u0259 bilmirik, heyvanlar\u0131 \u00f6r\u00fc\u015f\u0259 apara bilmirik. Bu v\u0259ziyy\u0259t 5 ild\u0259n \u00e7oxdur ki, bel\u0259 davam edir\u201d.\n<\/p>\n<p>\n  L\u0259nk\u0259ran\u0131n Yuxar\u0131 T\u0259ngivan k\u0259nd sakinl\u0259ri Meydan TV-y\u0259 dan\u0131\u015f\u0131rlar ki, k\u0259ndi iki hiss\u0259y\u0259 b\u00f6l\u0259n \u00e7ay\u0131n \u00fcz\u0259rind\u0259 k\u00f6rp\u00fcn\u00fcn olmamas\u0131 i\u015fl\u0259rini \u00e7\u0259tinl\u0259\u015fdirir. \u00c7ayda suyun s\u0259viyy\u0259si qalxanda k\u0259ndlil\u0259r \u00e7ay\u0131n \u0259ks t\u0259r\u0259fin\u0259 ke\u00e7\u0259 bilmirl\u0259r. Halbuki, \u0259sas t\u0259s\u0259rr\u00fcfatlar\u0131 el\u0259 \u00e7ay\u0131n \u0259ks t\u0259r\u0259find\u0259 yerl\u0259\u015fir.\n<\/p>\n<p>\n  <b><br \/>\n    \u201cBu boyda k\u0259ndin t\u0259s\u0259rr\u00fcfat\u0131 bat\u0131b gedir\u201d<br \/>\n  <\/b>\n<\/p>\n<p>\n  Sakinl\u0259rin dem\u0259sin\u0259 g\u00f6r\u0259, \u0259vv\u0259ll\u0259r \u00e7ay\u0131n \u00fcz\u0259rind\u0259 k\u00f6rp\u00fc varm\u0131\u015f:\n<\/p>\n<p>\n  \u201c10 il \u0259vv\u0259l\u0259d\u0259k d\u0259d\u0259-babalar\u0131m\u0131z\u0131n d\u00fcz\u0259ltdiyi bir k\u00f6rp\u00fc vard\u0131, istifad\u0259 edirdik. O k\u00f6rp\u00fcn\u00fc ill\u0259rl\u0259 \u0259n g\u00fccl\u00fc sel-da\u015fq\u0131nlar da da\u011f\u0131da bilm\u0259di. Ancaq g\u0259tirib iki da\u015f karxanas\u0131 qurdular, \u00e7ay\u0131n dibini o q\u0259d\u0259r qazd\u0131lar ki, k\u00f6rp\u00fc \u00e7\u00f6kd\u00fc. Bizim \u015fikay\u0259tl\u0259rimizd\u0259n sonra h\u0259min karxana sahibl\u0259ri bir d\u0259mir k\u00f6rp\u00fc d\u00fcz\u0259ltdil\u0259r, ancaq \u0259vv\u0259lki k\u00f6rp\u00fc kimi m\u00f6hk\u0259m olmad\u0131, bir d\u0259f\u0259 sel g\u0259lm\u0259kl\u0259, k\u00f6rp\u00fcn\u00fc yuyub apard\u0131, yerind\u0259 qal\u0131qlar\u0131 qald\u0131. 5 ild\u0259n \u00e7oxdur ki, k\u00f6rp\u00fc yoxdur, hara m\u00fcraci\u0259t ediriks\u0259, he\u00e7 kim vecin\u0259 alm\u0131r. Bu boyda k\u0259ndin t\u0259s\u0259rr\u00fcfat\u0131 bat\u0131b gedir. \u0130nsanlar \u00e7ay\u0131n o t\u0259r\u0259fin\u0259 ke\u00e7ib \u0259kinl\u0259, heyvandarl\u0131qla m\u0259\u015f\u011ful ola bilmirl\u0259r\u201d.\n<\/p>\n<p>\n  T\u0259ngivan sakinl\u0259ri L\u0259nk\u0259ran Rayon \u0130cra Hakimiyy\u0259tin\u0259 m\u00fcraci\u0259t edibl\u0259r. Onlar qurumun n\u0259z\u0259rin\u0259 k\u0259ndd\u0259 az\u0131 300 n\u0259f\u0259rin ya\u015fad\u0131\u011f\u0131n\u0131, adamlar\u0131n t\u0259s\u0259rr\u00fcfatla m\u0259\u015f\u011ful olmaq \u00fc\u00e7\u00fcn \u00e7ay\u0131n o t\u0259r\u0259fin\u0259 ke\u00e7\u0259 bilm\u0259m\u0259l\u0259rini \u00e7atd\u0131r\u0131blar.\n<\/p>\n<figure class=\"wp-block-image size-large\">\n  <img decoding=\"async\" src=\"https:\/\/www.meydan.tv\/az\/image_from_ios-2-jpg-77\/\" alt=\"image_from_ios (2).jpg\" class=\"wp-image-134214\"\/><figcaption>\n    &#8220;O k\u00f6rp\u00fcn\u00fc ill\u0259rl\u0259 \u0259n g\u00fccl\u00fc sel-da\u015fq\u0131nlar da da\u011f\u0131da bilm\u0259di&#8221;<br \/>\n  <\/figcaption><\/figure>\n<p>\n  <b><br \/>\n    \u201cQurduqlar\u0131 k\u00f6rp\u00fcn\u00fc sel apard\u0131\u201d<br \/>\n  <\/b>\n<\/p>\n<p>\n  \u201cSonuncu d\u0259f\u0259 1 ay \u0259vv\u0259l m\u00fcraci\u0259t etdik, biz\u0259 cavab m\u0259ktubu g\u0259ldi, oxuyub kar\u0131xd\u0131q. M\u0259ktubda yaz\u0131l\u0131b ki, k\u00f6hn\u0259 k\u00f6rp\u00fc k\u0259nd sakinl\u0259ri t\u0259r\u0259find\u0259n normalara uy\u011fun in\u015fa edilm\u0259diyi \u00fc\u00e7\u00fcn sel sular\u0131 da\u011f\u0131d\u0131b. K\u00f6hn\u0259 k\u00f6rp\u00fcn\u00fcn yerind\u0259 \u0259halinin v\u0259 n\u0259qliyyat vasit\u0259l\u0259rinin h\u0259r\u0259k\u0259ti \u00fc\u00e7\u00fcn istifad\u0259y\u0259 tam yararl\u0131, m\u00fcasir standartlara uy\u011fun d\u0259mir-beton k\u00f6rp\u00fc tikilib. Dediyimiz kimi, d\u0259d\u0259-babadan qalan k\u00f6rp\u00fcn\u00fc sel yox, i\u015fbazlar da\u011f\u0131d\u0131blar. T\u0259z\u0259 v\u0259 m\u00f6hk\u0259m k\u00f6rp\u00fc dey\u0259nd\u0259 is\u0259 icra hakimiyy\u0259ti da\u015f karxanas\u0131 sahibl\u0259rinin qura\u015fd\u0131rd\u0131\u011f\u0131 d\u0259mir k\u00f6rp\u00fcn\u00fc n\u0259z\u0259rd\u0259 tutur. X\u0259b\u0259rl\u0259ri yoxdur ki, 5 ildir o korp\u00fc d\u0259 yoxdur. Deyirik, 300-\u0259 yax\u0131n \u0259halisi olan k\u0259ndin ortas\u0131ndan ke\u00e7\u0259n L\u0259nk\u0259ran\u00e7ay\u0131n \u00fcst\u00fcnd\u0259n k\u00f6rp\u00fc salmaq laz\u0131md\u0131r, deyirl\u0259r, k\u00f6rp\u00fcn\u00fcz var. Han\u0131? G\u0259lsinl\u0259r, o k\u00f6rp\u00fcn\u00fc \u0259haliy\u0259 g\u00f6st\u0259rsinl\u0259r. Adamlar \u0259ziyy\u0259t \u00e7\u0259kir, \u00f6r\u00fc\u015f \u00e7ay\u0131n sa\u011f sahilind\u0259, mal-qara sol sahilind\u0259, \u0259kin sah\u0259l\u0259rimiz sa\u011f sahilind\u0259, \u00f6z\u00fcm\u00fcz sol sahilind\u0259&#8230; K\u0259ndd\u0259 i\u015f yeri yoxdur, insanlar \u0259kinl\u0259, heyvandarl\u0131qla dolan\u0131r. Bir k\u00f6rp\u00fcy\u0259 g\u00f6r\u0259 h\u0259r \u015feyd\u0259n m\u0259hrum olmu\u015fuq, k\u0259ndd\u0259 h\u0259yat dayan\u0131b\u201d, &#8211; sakinl\u0259r deyir.\n<\/p>\n<p>\n  <b><br \/>\n    \u201cHan\u0131 dedikl\u0259ri t\u0259z\u0259, m\u00fcasir k\u00f6rp\u00fc?\u201d<br \/>\n  <\/b>\n<\/p>\n<p>\n  \u201cBiz\u0259 cavab yaz\u0131blar ki, k\u0259nd sakinl\u0259rinin vaxtil\u0259 tikdiyi k\u00f6rp\u00fc normalara cavab verm\u0259diyi \u00fc\u00e7\u00fcn da\u011f\u0131l\u0131b. \u018fvv\u0259lc\u0259 icra hakimiyy\u0259tind\u0259 \u0259yl\u0259\u015f\u0259nl\u0259rd\u0259n soru\u015fmaq laz\u0131md\u0131r ki, k\u00f6rp\u00fcn\u00fc ac\u0131ndan \u00f6lm\u0259m\u0259k \u00fc\u00e7\u00fcn vurnuxan \u0259hali tikm\u0259li idi, yoxsa d\u00f6vl\u0259t? Vaxtil\u0259 \u0259hali g\u00f6zl\u0259yib, g\u00f6r\u00fcb d\u00f6vl\u0259td\u0259n h\u0259r\u0259k\u0259t yoxdur, nec\u0259 ki, m\u0259cbur qal\u0131b, \u00f6z\u00fc qollar\u0131n\u0131 \u00e7\u0131rmalay\u0131b, k\u00f6rp\u00fc tikib ki, \u00e7ay\u0131n o t\u0259r\u0259fin\u0259 ke\u00e7ib t\u0259s\u0259rr\u00fcfat i\u015fl\u0259rini g\u00f6rs\u00fcn. M\u0259murlar imkan, \u015f\u0259rait yarad\u0131b, i\u015fbazlar \u00e7ay\u0131n dibini qaz\u0131b, k\u00f6rp\u00fcn\u00fc da\u011f\u0131d\u0131blarsa, buna g\u00f6r\u0259 g\u00fcnah\u0131 da\u011f\u0131lan k\u00f6rp\u00fcd\u0259 yox, \u00f6zl\u0259rind\u0259 g\u00f6rs\u00fcnl\u0259r. \u0130\u015fbazlar \u00e7ay\u0131n dibini 20 metr d\u0259rinliyind\u0259, 50 metr enind\u0259 qazanda icra hakimiyy\u0259ti hara bax\u0131rd\u0131? Bilmirdil\u0259r ki, bu d\u0259rinlikd\u0259 qaz\u0131nt\u0131ya k\u00f6rp\u00fc davam g\u0259tirm\u0259z? \u0130\u015fbazlardan r\u00fc\u015fv\u0259t al\u0131b, \u00e7ay\u0131n qaz\u0131lmas\u0131na g\u00f6z yummaqlar\u0131 bir k\u0259ndin 5 ild\u0259n \u00e7oxdur k\u00f6rp\u00fcs\u00fcz qalmas\u0131na s\u0259b\u0259b olub, indi z\u0259hm\u0259t \u00e7\u0259ksinl\u0259r, ya g\u0259lib biz\u0259 dedikl\u0259ri o t\u0259z\u0259, m\u00fcasir k\u00f6rp\u00fcn\u00fcn yerini g\u00f6st\u0259rsinl\u0259r, ya da k\u00f6rp\u00fc tiksinl\u0259r\u201d.\n<\/p>\n<figure class=\"wp-block-image size-large\">\n  <img decoding=\"async\" src=\"https:\/\/www.meydan.tv\/az\/image_from_ios-jpg-123\/\" alt=\"image_from_ios.jpg\" class=\"wp-image-134208\"\/><figcaption>\n    &#8220;M\u0259murlar imkan, \u015f\u0259rait yarad\u0131b, i\u015fbazlar \u00e7ay\u0131n dibini qaz\u0131b, k\u00f6rp\u00fcn\u00fc da\u011f\u0131d\u0131blarsa, buna g\u00f6r\u0259 g\u00fcnah\u0131 da\u011f\u0131lan k\u00f6rp\u00fcd\u0259 yox, \u00f6zl\u0259rind\u0259 g\u00f6rs\u00fcnl\u0259r&#8221;<br \/>\n  <\/figcaption><\/figure>\n<p>\n  L\u0259nk\u0259ran \u015e\u0259h\u0259r \u0130cra Hakimiyy\u0259tind\u0259n Meydan TV-y\u0259 bildirilib ki, L\u0259nk\u0259ran\u00e7ay \u00e7ay\u0131n\u0131n Yuxar\u0131 T\u0259ngivan k\u0259ndind\u0259n ke\u00e7\u0259n hiss\u0259sind\u0259 k\u00f6rp\u00fc olub, sel sular\u0131 k\u00f6rp\u00fcn\u00fc da\u011f\u0131d\u0131b. Yax\u0131n vaxtlarda \u0259raziy\u0259 bax\u0131\u015f ke\u00e7iril\u0259c\u0259k v\u0259 t\u0259dbir g\u00f6r\u00fclm\u0259si \u00fc\u00e7\u00fcn aidiyy\u0259ti qurumlara m\u00fcraci\u0259t olunacaq: \u201c\u00c7ayda uzun m\u00fcdd\u0259tdir ki, he\u00e7 bir qaz\u0131nt\u0131 apar\u0131lm\u0131r. Karxanalar orda f\u0259aliyy\u0259tl\u0259rini \u00e7oxdan dayand\u0131r\u0131blar. K\u00f6rp\u00fcn\u00fc sel da\u011f\u0131d\u0131b, bax\u0131\u015f ke\u00e7iril\u0259r, laz\u0131mi t\u0259dbirl\u0259r g\u00f6r\u00fcl\u0259r\u201d.\n<\/p>\n<p>\n  Yuxar\u0131 T\u0259ngivanda k\u0259ndlil\u0259rin \u0259sas m\u0259\u015f\u011fuliyy\u0259ti heyvandarl\u0131q v\u0259 \u0259kin i\u015fl\u0259ridir. Deyirl\u0259r ki, k\u00f6rp\u00fcn\u00fcn olmamas\u0131 5 ild\u0259n \u00e7oxdur ki, onlar\u0131 qazancs\u0131z v\u0259 dolan\u0131\u015f\u0131qs\u0131z qoyub.\n<\/p>\n<figure class=\"wp-block-image size-large\">\n  <img decoding=\"async\" src=\"https:\/\/www.meydan.tv\/az\/image_from_ios-3-jpg-41\/\" alt=\"image_from_ios (3).jpg\" class=\"wp-image-134217\"\/><figcaption>\n    L\u0259nk\u0259ran Rayon \u0130cra Hakimiyy\u0259tinin I m\u00fcavini M\u00f6h\u00fcbb\u0259t Babayevin cavab m\u0259ktubu<br \/>\n  <\/figcaption><\/figure>\n<figure class=\"wp-block-image size-large\">\n  <img decoding=\"async\" src=\"https:\/\/www.meydan.tv\/az\/image_from_ios-4-jpg-86\/\" alt=\"image_from_ios (4).jpg\" class=\"wp-image-134226\"\/><figcaption>\n    \u0130cra ba\u015f\u00e7\u0131s\u0131n\u0131n ad\u0131na \u0259riz\u0259<br \/>\n  <\/figcaption><\/figure>\n","protected":false},"excerpt":{"rendered":"<p>\u201c\u00c7ayda uzun m\u00fcdd\u0259tdir ki, he\u00e7 bir qaz\u0131nt\u0131 apar\u0131lm\u0131r\u201d.<\/p>\n","protected":false},"author":11,"featured_media":134211,"comment_status":"closed","ping_status":"open","sticky":false,"template":"","format":"standard","meta":{"_acf_changed":false,"_sitemap_exclude":false,"_sitemap_priority":"","_sitemap_frequency":"","footnotes":""},"categories":[60],"tags":[],"class_list":["post-198322","post","type-post","status-publish","format-standard","has-post-thumbnail","hentry","category-bolge","infinite-scroll-item","generate-columns","tablet-grid-50","mobile-grid-100","grid-parent","grid-33","no-featured-image-padding"],"acf":[],"yoast_head":"<!-- This site is optimized with the Yoast SEO plugin v27.5 - https:\/\/yoast.com\/product\/yoast-seo-wordpress\/ -->\n<title>\u201cDa\u015f karxanalar\u0131 k\u00f6rp\u00fcn\u00fc da\u011f\u0131d\u0131b, torpaqlar\u0131m\u0131za \u0259limiz \u00e7atm\u0131r\u201d - MEYDAN.TV<\/title>\n<meta name=\"robots\" content=\"index, follow, max-snippet:-1, max-image-preview:large, max-video-preview:-1\" \/>\n<link rel=\"canonical\" href=\"https:\/\/www.meydan.tv\/az\/article\/das-karxanalari-korpunu-dagidib-torpaqlarimiza-elimiz-catmir\/\" \/>\n<meta property=\"og:locale\" content=\"az_AZ\" \/>\n<meta property=\"og:type\" content=\"article\" \/>\n<meta property=\"og:title\" content=\"\u201cDa\u015f karxanalar\u0131 k\u00f6rp\u00fcn\u00fc da\u011f\u0131d\u0131b, torpaqlar\u0131m\u0131za \u0259limiz \u00e7atm\u0131r\u201d - MEYDAN.TV\" \/>\n<meta property=\"og:description\" content=\"\u201c\u00c7ayda uzun m\u00fcdd\u0259tdir ki, he\u00e7 bir qaz\u0131nt\u0131 apar\u0131lm\u0131r\u201d.\" \/>\n<meta property=\"og:url\" content=\"https:\/\/www.meydan.tv\/az\/article\/das-karxanalari-korpunu-dagidib-torpaqlarimiza-elimiz-catmir\/\" \/>\n<meta property=\"og:site_name\" content=\"MEYDAN.TV\" \/>\n<meta property=\"article:published_time\" content=\"2019-12-11T13:32:40+00:00\" \/>\n<meta property=\"og:image\" content=\"https:\/\/www.meydan.tv\/wp-content\/uploads\/image_from_ios_1_nxo4ojr.jpg\" \/>\n\t<meta property=\"og:image:width\" content=\"1280\" \/>\n\t<meta property=\"og:image:height\" content=\"960\" \/>\n\t<meta property=\"og:image:type\" content=\"image\/jpeg\" \/>\n<meta name=\"author\" content=\"user-manager\" \/>\n<meta name=\"twitter:card\" content=\"summary_large_image\" \/>\n<script type=\"application\/ld+json\" class=\"yoast-schema-graph\">{\"@context\":\"https:\\\/\\\/schema.org\",\"@graph\":[{\"@type\":\"Article\",\"@id\":\"https:\\\/\\\/www.meydan.tv\\\/az\\\/article\\\/das-karxanalari-korpunu-dagidib-torpaqlarimiza-elimiz-catmir\\\/#article\",\"isPartOf\":{\"@id\":\"https:\\\/\\\/www.meydan.tv\\\/az\\\/article\\\/das-karxanalari-korpunu-dagidib-torpaqlarimiza-elimiz-catmir\\\/\"},\"author\":{\"name\":\"user-manager\",\"@id\":\"https:\\\/\\\/www.meydan.tv\\\/az\\\/#\\\/schema\\\/person\\\/10d11eccf6da3662cf5fdab9806ea91a\"},\"headline\":\"\u201cDa\u015f karxanalar\u0131 k\u00f6rp\u00fcn\u00fc da\u011f\u0131d\u0131b, torpaqlar\u0131m\u0131za \u0259limiz \u00e7atm\u0131r\u201d\",\"datePublished\":\"2019-12-11T13:32:40+00:00\",\"mainEntityOfPage\":{\"@id\":\"https:\\\/\\\/www.meydan.tv\\\/az\\\/article\\\/das-karxanalari-korpunu-dagidib-torpaqlarimiza-elimiz-catmir\\\/\"},\"wordCount\":1119,\"publisher\":{\"@id\":\"https:\\\/\\\/www.meydan.tv\\\/az\\\/#organization\"},\"image\":{\"@id\":\"https:\\\/\\\/www.meydan.tv\\\/az\\\/article\\\/das-karxanalari-korpunu-dagidib-torpaqlarimiza-elimiz-catmir\\\/#primaryimage\"},\"thumbnailUrl\":\"https:\\\/\\\/www.meydan.tv\\\/wp-content\\\/uploads\\\/image_from_ios_1_nxo4ojr.jpg\",\"articleSection\":[\"B\u00f6lg\u0259\"],\"inLanguage\":\"az\"},{\"@type\":\"WebPage\",\"@id\":\"https:\\\/\\\/www.meydan.tv\\\/az\\\/article\\\/das-karxanalari-korpunu-dagidib-torpaqlarimiza-elimiz-catmir\\\/\",\"url\":\"https:\\\/\\\/www.meydan.tv\\\/az\\\/article\\\/das-karxanalari-korpunu-dagidib-torpaqlarimiza-elimiz-catmir\\\/\",\"name\":\"\u201cDa\u015f karxanalar\u0131 k\u00f6rp\u00fcn\u00fc da\u011f\u0131d\u0131b, torpaqlar\u0131m\u0131za \u0259limiz \u00e7atm\u0131r\u201d - MEYDAN.TV\",\"isPartOf\":{\"@id\":\"https:\\\/\\\/www.meydan.tv\\\/az\\\/#website\"},\"primaryImageOfPage\":{\"@id\":\"https:\\\/\\\/www.meydan.tv\\\/az\\\/article\\\/das-karxanalari-korpunu-dagidib-torpaqlarimiza-elimiz-catmir\\\/#primaryimage\"},\"image\":{\"@id\":\"https:\\\/\\\/www.meydan.tv\\\/az\\\/article\\\/das-karxanalari-korpunu-dagidib-torpaqlarimiza-elimiz-catmir\\\/#primaryimage\"},\"thumbnailUrl\":\"https:\\\/\\\/www.meydan.tv\\\/wp-content\\\/uploads\\\/image_from_ios_1_nxo4ojr.jpg\",\"datePublished\":\"2019-12-11T13:32:40+00:00\",\"breadcrumb\":{\"@id\":\"https:\\\/\\\/www.meydan.tv\\\/az\\\/article\\\/das-karxanalari-korpunu-dagidib-torpaqlarimiza-elimiz-catmir\\\/#breadcrumb\"},\"inLanguage\":\"az\",\"potentialAction\":[{\"@type\":\"ReadAction\",\"target\":[\"https:\\\/\\\/www.meydan.tv\\\/az\\\/article\\\/das-karxanalari-korpunu-dagidib-torpaqlarimiza-elimiz-catmir\\\/\"]}]},{\"@type\":\"ImageObject\",\"inLanguage\":\"az\",\"@id\":\"https:\\\/\\\/www.meydan.tv\\\/az\\\/article\\\/das-karxanalari-korpunu-dagidib-torpaqlarimiza-elimiz-catmir\\\/#primaryimage\",\"url\":\"https:\\\/\\\/www.meydan.tv\\\/wp-content\\\/uploads\\\/image_from_ios_1_nxo4ojr.jpg\",\"contentUrl\":\"https:\\\/\\\/www.meydan.tv\\\/wp-content\\\/uploads\\\/image_from_ios_1_nxo4ojr.jpg\",\"width\":1280,\"height\":960,\"caption\":\"Source: Specify Source\"},{\"@type\":\"BreadcrumbList\",\"@id\":\"https:\\\/\\\/www.meydan.tv\\\/az\\\/article\\\/das-karxanalari-korpunu-dagidib-torpaqlarimiza-elimiz-catmir\\\/#breadcrumb\",\"itemListElement\":[{\"@type\":\"ListItem\",\"position\":1,\"name\":\"Ana s\u0259hif\u0259\",\"item\":\"https:\\\/\\\/www.meydan.tv\\\/az\\\/\"},{\"@type\":\"ListItem\",\"position\":2,\"name\":\"B\u00f6lg\u0259\",\"item\":\"https:\\\/\\\/www.meydan.tv\\\/az\\\/section\\\/bolge\\\/\"},{\"@type\":\"ListItem\",\"position\":3,\"name\":\"\u201cDa\u015f karxanalar\u0131 k\u00f6rp\u00fcn\u00fc da\u011f\u0131d\u0131b, torpaqlar\u0131m\u0131za \u0259limiz \u00e7atm\u0131r\u201d\"}]},{\"@type\":\"WebSite\",\"@id\":\"https:\\\/\\\/www.meydan.tv\\\/az\\\/#website\",\"url\":\"https:\\\/\\\/www.meydan.tv\\\/az\\\/\",\"name\":\"MEYDAN.TV\",\"description\":\"Meydan TV Az\u0259rbaycan\u0131n media m\u0259kan\u0131ndak\u0131 alternativ s\u0259sidir\",\"publisher\":{\"@id\":\"https:\\\/\\\/www.meydan.tv\\\/az\\\/#organization\"},\"potentialAction\":[{\"@type\":\"SearchAction\",\"target\":{\"@type\":\"EntryPoint\",\"urlTemplate\":\"https:\\\/\\\/www.meydan.tv\\\/az\\\/?s={search_term_string}\"},\"query-input\":{\"@type\":\"PropertyValueSpecification\",\"valueRequired\":true,\"valueName\":\"search_term_string\"}}],\"inLanguage\":\"az\"},{\"@type\":\"Organization\",\"@id\":\"https:\\\/\\\/www.meydan.tv\\\/az\\\/#organization\",\"name\":\"Meydan TV\",\"url\":\"https:\\\/\\\/www.meydan.tv\\\/az\\\/\",\"logo\":{\"@type\":\"ImageObject\",\"inLanguage\":\"az\",\"@id\":\"https:\\\/\\\/www.meydan.tv\\\/az\\\/#\\\/schema\\\/logo\\\/image\\\/\",\"url\":\"https:\\\/\\\/www.meydan.tv\\\/wp-content\\\/uploads\\\/2021\\\/07\\\/meydan-logo.svg\",\"contentUrl\":\"https:\\\/\\\/www.meydan.tv\\\/wp-content\\\/uploads\\\/2021\\\/07\\\/meydan-logo.svg\",\"width\":195,\"height\":46,\"caption\":\"Meydan TV\"},\"image\":{\"@id\":\"https:\\\/\\\/www.meydan.tv\\\/az\\\/#\\\/schema\\\/logo\\\/image\\\/\"}},{\"@type\":\"Person\",\"@id\":\"https:\\\/\\\/www.meydan.tv\\\/az\\\/#\\\/schema\\\/person\\\/10d11eccf6da3662cf5fdab9806ea91a\",\"name\":\"user-manager\"}]}<\/script>\n<!-- \/ Yoast SEO plugin. -->","yoast_head_json":{"title":"\u201cDa\u015f karxanalar\u0131 k\u00f6rp\u00fcn\u00fc da\u011f\u0131d\u0131b, torpaqlar\u0131m\u0131za \u0259limiz \u00e7atm\u0131r\u201d - MEYDAN.TV","robots":{"index":"index","follow":"follow","max-snippet":"max-snippet:-1","max-image-preview":"max-image-preview:large","max-video-preview":"max-video-preview:-1"},"canonical":"https:\/\/www.meydan.tv\/az\/article\/das-karxanalari-korpunu-dagidib-torpaqlarimiza-elimiz-catmir\/","og_locale":"az_AZ","og_type":"article","og_title":"\u201cDa\u015f karxanalar\u0131 k\u00f6rp\u00fcn\u00fc da\u011f\u0131d\u0131b, torpaqlar\u0131m\u0131za \u0259limiz \u00e7atm\u0131r\u201d - MEYDAN.TV","og_description":"\u201c\u00c7ayda uzun m\u00fcdd\u0259tdir ki, he\u00e7 bir qaz\u0131nt\u0131 apar\u0131lm\u0131r\u201d.","og_url":"https:\/\/www.meydan.tv\/az\/article\/das-karxanalari-korpunu-dagidib-torpaqlarimiza-elimiz-catmir\/","og_site_name":"MEYDAN.TV","article_published_time":"2019-12-11T13:32:40+00:00","og_image":[{"width":1280,"height":960,"url":"https:\/\/www.meydan.tv\/wp-content\/uploads\/image_from_ios_1_nxo4ojr.jpg","type":"image\/jpeg"}],"author":"user-manager","twitter_card":"summary_large_image","schema":{"@context":"https:\/\/schema.org","@graph":[{"@type":"Article","@id":"https:\/\/www.meydan.tv\/az\/article\/das-karxanalari-korpunu-dagidib-torpaqlarimiza-elimiz-catmir\/#article","isPartOf":{"@id":"https:\/\/www.meydan.tv\/az\/article\/das-karxanalari-korpunu-dagidib-torpaqlarimiza-elimiz-catmir\/"},"author":{"name":"user-manager","@id":"https:\/\/www.meydan.tv\/az\/#\/schema\/person\/10d11eccf6da3662cf5fdab9806ea91a"},"headline":"\u201cDa\u015f karxanalar\u0131 k\u00f6rp\u00fcn\u00fc da\u011f\u0131d\u0131b, torpaqlar\u0131m\u0131za \u0259limiz \u00e7atm\u0131r\u201d","datePublished":"2019-12-11T13:32:40+00:00","mainEntityOfPage":{"@id":"https:\/\/www.meydan.tv\/az\/article\/das-karxanalari-korpunu-dagidib-torpaqlarimiza-elimiz-catmir\/"},"wordCount":1119,"publisher":{"@id":"https:\/\/www.meydan.tv\/az\/#organization"},"image":{"@id":"https:\/\/www.meydan.tv\/az\/article\/das-karxanalari-korpunu-dagidib-torpaqlarimiza-elimiz-catmir\/#primaryimage"},"thumbnailUrl":"https:\/\/www.meydan.tv\/wp-content\/uploads\/image_from_ios_1_nxo4ojr.jpg","articleSection":["B\u00f6lg\u0259"],"inLanguage":"az"},{"@type":"WebPage","@id":"https:\/\/www.meydan.tv\/az\/article\/das-karxanalari-korpunu-dagidib-torpaqlarimiza-elimiz-catmir\/","url":"https:\/\/www.meydan.tv\/az\/article\/das-karxanalari-korpunu-dagidib-torpaqlarimiza-elimiz-catmir\/","name":"\u201cDa\u015f karxanalar\u0131 k\u00f6rp\u00fcn\u00fc da\u011f\u0131d\u0131b, torpaqlar\u0131m\u0131za \u0259limiz \u00e7atm\u0131r\u201d - MEYDAN.TV","isPartOf":{"@id":"https:\/\/www.meydan.tv\/az\/#website"},"primaryImageOfPage":{"@id":"https:\/\/www.meydan.tv\/az\/article\/das-karxanalari-korpunu-dagidib-torpaqlarimiza-elimiz-catmir\/#primaryimage"},"image":{"@id":"https:\/\/www.meydan.tv\/az\/article\/das-karxanalari-korpunu-dagidib-torpaqlarimiza-elimiz-catmir\/#primaryimage"},"thumbnailUrl":"https:\/\/www.meydan.tv\/wp-content\/uploads\/image_from_ios_1_nxo4ojr.jpg","datePublished":"2019-12-11T13:32:40+00:00","breadcrumb":{"@id":"https:\/\/www.meydan.tv\/az\/article\/das-karxanalari-korpunu-dagidib-torpaqlarimiza-elimiz-catmir\/#breadcrumb"},"inLanguage":"az","potentialAction":[{"@type":"ReadAction","target":["https:\/\/www.meydan.tv\/az\/article\/das-karxanalari-korpunu-dagidib-torpaqlarimiza-elimiz-catmir\/"]}]},{"@type":"ImageObject","inLanguage":"az","@id":"https:\/\/www.meydan.tv\/az\/article\/das-karxanalari-korpunu-dagidib-torpaqlarimiza-elimiz-catmir\/#primaryimage","url":"https:\/\/www.meydan.tv\/wp-content\/uploads\/image_from_ios_1_nxo4ojr.jpg","contentUrl":"https:\/\/www.meydan.tv\/wp-content\/uploads\/image_from_ios_1_nxo4ojr.jpg","width":1280,"height":960,"caption":"Source: Specify Source"},{"@type":"BreadcrumbList","@id":"https:\/\/www.meydan.tv\/az\/article\/das-karxanalari-korpunu-dagidib-torpaqlarimiza-elimiz-catmir\/#breadcrumb","itemListElement":[{"@type":"ListItem","position":1,"name":"Ana s\u0259hif\u0259","item":"https:\/\/www.meydan.tv\/az\/"},{"@type":"ListItem","position":2,"name":"B\u00f6lg\u0259","item":"https:\/\/www.meydan.tv\/az\/section\/bolge\/"},{"@type":"ListItem","position":3,"name":"\u201cDa\u015f karxanalar\u0131 k\u00f6rp\u00fcn\u00fc da\u011f\u0131d\u0131b, torpaqlar\u0131m\u0131za \u0259limiz \u00e7atm\u0131r\u201d"}]},{"@type":"WebSite","@id":"https:\/\/www.meydan.tv\/az\/#website","url":"https:\/\/www.meydan.tv\/az\/","name":"MEYDAN.TV","description":"Meydan TV Az\u0259rbaycan\u0131n media m\u0259kan\u0131ndak\u0131 alternativ s\u0259sidir","publisher":{"@id":"https:\/\/www.meydan.tv\/az\/#organization"},"potentialAction":[{"@type":"SearchAction","target":{"@type":"EntryPoint","urlTemplate":"https:\/\/www.meydan.tv\/az\/?s={search_term_string}"},"query-input":{"@type":"PropertyValueSpecification","valueRequired":true,"valueName":"search_term_string"}}],"inLanguage":"az"},{"@type":"Organization","@id":"https:\/\/www.meydan.tv\/az\/#organization","name":"Meydan TV","url":"https:\/\/www.meydan.tv\/az\/","logo":{"@type":"ImageObject","inLanguage":"az","@id":"https:\/\/www.meydan.tv\/az\/#\/schema\/logo\/image\/","url":"https:\/\/www.meydan.tv\/wp-content\/uploads\/2021\/07\/meydan-logo.svg","contentUrl":"https:\/\/www.meydan.tv\/wp-content\/uploads\/2021\/07\/meydan-logo.svg","width":195,"height":46,"caption":"Meydan TV"},"image":{"@id":"https:\/\/www.meydan.tv\/az\/#\/schema\/logo\/image\/"}},{"@type":"Person","@id":"https:\/\/www.meydan.tv\/az\/#\/schema\/person\/10d11eccf6da3662cf5fdab9806ea91a","name":"user-manager"}]}},"_links":{"self":[{"href":"https:\/\/www.meydan.tv\/az\/wp-json\/wp\/v2\/posts\/198322","targetHints":{"allow":["GET"]}}],"collection":[{"href":"https:\/\/www.meydan.tv\/az\/wp-json\/wp\/v2\/posts"}],"about":[{"href":"https:\/\/www.meydan.tv\/az\/wp-json\/wp\/v2\/types\/post"}],"author":[{"embeddable":true,"href":"https:\/\/www.meydan.tv\/az\/wp-json\/wp\/v2\/users\/11"}],"replies":[{"embeddable":true,"href":"https:\/\/www.meydan.tv\/az\/wp-json\/wp\/v2\/comments?post=198322"}],"version-history":[{"count":0,"href":"https:\/\/www.meydan.tv\/az\/wp-json\/wp\/v2\/posts\/198322\/revisions"}],"wp:featuredmedia":[{"embeddable":true,"href":"https:\/\/www.meydan.tv\/az\/wp-json\/wp\/v2\/media\/134211"}],"wp:attachment":[{"href":"https:\/\/www.meydan.tv\/az\/wp-json\/wp\/v2\/media?parent=198322"}],"wp:term":[{"taxonomy":"category","embeddable":true,"href":"https:\/\/www.meydan.tv\/az\/wp-json\/wp\/v2\/categories?post=198322"},{"taxonomy":"post_tag","embeddable":true,"href":"https:\/\/www.meydan.tv\/az\/wp-json\/wp\/v2\/tags?post=198322"}],"curies":[{"name":"wp","href":"https:\/\/api.w.org\/{rel}","templated":true}]}}