{"id":198320,"date":"2019-12-11T12:41:44","date_gmt":"2019-12-11T12:41:44","guid":{"rendered":"https:\/\/www.meydan.tv\/article\/gnd-biri-glir-hrsi-d-bir-ey-istyir\/"},"modified":"2019-12-11T12:41:44","modified_gmt":"2019-12-11T12:41:44","slug":"gnd-biri-glir-hrsi-d-bir-ey-istyir","status":"publish","type":"post","link":"https:\/\/www.meydan.tv\/az\/article\/gnd-biri-glir-hrsi-d-bir-ey-istyir\/","title":{"rendered":"Qaraba\u011f \u0259lili etiraz olaraq ma\u015f\u0131n\u0131n\u0131 yand\u0131r\u0131b"},"content":{"rendered":"<p>\n  <i><br \/>\n    \u201cBizim hesab\u0131m\u0131za qurulmu\u015f d\u00f6vl\u0259td\u0259 bizi saym\u0131rlar\u201d<br \/>\n  <\/i>\n<\/p>\n<p>\n  El\u015fad Quliyevin 46 ya\u015f\u0131 var, G\u0259nc\u0259 sakinidir. O, 1992-ci il Qaraba\u011f d\u00f6y\u00fc\u015fl\u0259rind\u0259 i\u015ftirak edib. 3-c\u00fc qrup \u0259lilliyi d\u0259 el\u0259 bu d\u00f6y\u00fc\u015fl\u0259rd\u0259 qazan\u0131b. Deyir, v\u0259t\u0259ni u\u011frunda can\u0131n\u0131 qoyub, yen\u0259 olsa, yen\u0259 ed\u0259r: \u201cF\u0259xri f\u0259rmanlar\u0131m\u0131n say\u0131-hesab\u0131 yoxdur. Ancaq bu g\u00fcn \u0259ziyy\u0259timin qiym\u0259tl\u0259ndirilm\u0259m\u0259si m\u0259ni \u00fcz\u00fcr.\n<\/p>\n<p>\n  \u018fslind\u0259 kifay\u0259t q\u0259d\u0259r d\u0259rin yaralar\u0131m var. Sad\u0259c\u0259 vaxt\u0131nda pul ist\u0259dil\u0259r, verm\u0259dim. 3-c\u00fc qrupla \u00e7\u0131xard\u0131lar. Bu, m\u0259nim ayaqlar alt\u0131na al\u0131nan yegan\u0259 h\u00fcququm deyil\u201d.\n<\/p>\n<p>\n  <b><br \/>\n    \u201cHirsimd\u0259n ma\u015f\u0131n\u0131ma od vurub, yand\u0131rd\u0131m\u201d<br \/>\n  <\/b>\n<\/p>\n<p>\n  El\u015fad Quliyev deyir ki, b\u00fct\u00fcn Qaraba\u011f m\u00fcharib\u0259si \u0259lill\u0259rin\u0259 ev, ma\u015f\u0131n verilib. Ancaq indiy\u0259d\u0259k onun qap\u0131s\u0131n\u0131 d\u00f6y\u0259n olmay\u0131b:\n<\/p>\n<p>\n  \u201cS\u0259simi \u00e7\u0131xarmad\u0131m dey\u0259 h\u0259mi\u015f\u0259 m\u0259ni k\u0259narda qoydular. B\u00fct\u00fcn bu haqs\u0131zl\u0131qlar m\u0259ni t\u0259ng\u0259 g\u0259tirdi. Bu yax\u0131nlarda hirsimd\u0259n ma\u015f\u0131n\u0131ma od vurub, yand\u0131rd\u0131m. El\u0259c\u0259 ma\u015f\u0131n qal\u0131b polis idar\u0259sind\u0259. Dan\u0131\u015fma\u011fa da utan\u0131ram. Ona g\u00f6r\u0259 ki, can\u0131m\u0131 qoymu\u015fam, ancaq qiym\u0259tl\u0259ndir\u0259n yoxdur\u201d.\n<\/p>\n<p>\n  <b><br \/>\n    \u201c\u00c7\u0259tinlikl\u0259 ya\u015fay\u0131r, sosial probleml\u0259r i\u00e7ind\u0259 bo\u011fuluruq\u201d<br \/>\n  <\/b>\n<\/p>\n<p>\n  El\u015fad Quliyevin \u00f6hd\u0259sind\u0259 3 azya\u015fl\u0131 \u00f6vlad\u0131 var. Deyir, \u00e7\u0259tindir, g\u00fccl\u0259 dolan\u0131rlar:\n<\/p>\n<p>\n  \u201c\u0130\u015fl\u0259yir\u0259m gec\u0259-g\u00fcnd\u00fcz. Ancaq bu, m\u0259n\u0259 \u00e7ox \u00e7\u0259tindir. \u00c7\u00fcnki \u0259s\u0259bl\u0259rim yerind\u0259 deyil. Ald\u0131\u011f\u0131m yaralar, c\u0259bh\u0259d\u0259 g\u00f6rd\u00fckl\u0259rim v\u0259 s. bir g\u00fcn\u0259 unudulas\u0131 \u015feyl\u0259r deyil. Bir bax\u0131n, prezident g\u00fcnd\u0259 birin\u0259 \u201cXalq artisti\u201d ad\u0131 verir. Onlara h\u0259r \u015f\u0259raiti qurur. Ancaq hesab\u0131m\u0131za qurulmu\u015f d\u00f6vl\u0259td\u0259 bizi saym\u0131rlar. \u00c7\u0259tinlikl\u0259 ya\u015fayan, sosial probleml\u0259r i\u00e7ind\u0259 bo\u011fulan, \u00e7ar\u0259sizlik i\u00e7ind\u0259 ya\u015fayan bizik\u201d.\n<\/p>\n<p>\n  <b><br \/>\n    \u201cHam\u0131m\u0131z x\u0259st\u0259lik tapm\u0131\u015f\u0131q\u201d<br \/>\n  <\/b>\n<\/p>\n<p>\n  El\u015fad Quliyevin evi yoxdur. 5 n\u0259f\u0259r ail\u0259 \u00fczv\u00fc il\u0259 birlikd\u0259 12 ildir kiray\u0259d\u0259 qal\u0131r. Kiray\u0259 qald\u0131\u011f\u0131 evin \u015f\u0259raiti pisdir. Deyir, ba\u015fqa, normal evd\u0259 qalma\u011fa imkan\u0131 yoxdur. Normal kiray\u0259 evl\u0259r \u00e7ox bahad\u0131r:\n<\/p>\n<p>\n  \u201cG\u00fcc\u00fcm buna \u00e7at\u0131r. Bir bax\u0131n, divarlar\u0131 r\u00fctub\u0259td\u0259n t\u00f6k\u00fcl\u00fcr. El\u0259 u\u015faqlar\u0131m da revmatizmadan \u0259ziyy\u0259t \u00e7\u0259kirl\u0259r. Ham\u0131m\u0131z x\u0259st\u0259lik tapm\u0131\u015f\u0131q\u201d.\n<\/p>\n<figure class=\"wp-block-image size-large\">\n  <img decoding=\"async\" src=\"https:\/\/www.meydan.tv\/az\/image_from_ios-jpg-124\/\" alt=\"image_from_ios.jpg\" class=\"wp-image-134204\"\/><figcaption>\n    \u201cF\u0259xri f\u0259rmanlar\u0131m\u0131n say\u0131-hesab\u0131 yoxdur&#8221;.<br \/>\n  <\/figcaption><\/figure>\n<p>\n  <b><br \/>\n    \u201cBu insanlar\u0131n ham\u0131s\u0131na eyni g\u00f6zl\u0259 baxmaq laz\u0131md\u0131r\u201d<br \/>\n  <\/b>\n<\/p>\n<p>\n  El\u015fad Quliyevin G\u0259nc\u0259d\u0259 \u0259rzaq ma\u011fazas\u0131 var. Gec\u0259-g\u00fcnd\u00fcz i\u015fl\u0259yib, ail\u0259sini doland\u0131rma\u011fa \u00e7al\u0131\u015f\u0131r. Deyir, ona da imkan vermirl\u0259r. G\u00fcnd\u0259 biri g\u0259lir, h\u0259r\u0259si d\u0259 bir \u015fey ist\u0259yir:\n<\/p>\n<p>\n  \u201cQ\u0131r\u011f\u0131nla, \u0259limin qabar\u0131 il\u0259 \u00f6z\u00fcm\u0259 i\u015f qurmu\u015fam. Z\u00fclml\u0259, q\u0131r\u011f\u0131nlarla, dava-dala\u015fla. He\u00e7 n\u0259 asan ba\u015fa g\u0259lmir. Birt\u0259h\u0259r i\u015fimi qurmu\u015fam. Birc\u0259 haqq\u0131m olan evimi, ma\u015f\u0131n\u0131m\u0131 da vers\u0259l\u0259r, rahat ya\u015fayaram, vermirl\u0259r. Ayr\u0131-se\u00e7kilik edirl\u0259r. V\u0259t\u0259n yolunda can\u0131n\u0131 qoyan insanlar\u0131 ay\u0131r\u0131rlar. Kimin\u0259 yax\u015f\u0131 \u015f\u0259rait qurur, i\u015f, ev, ma\u015f\u0131nla t\u0259min edil\u0259r. Kimi d\u0259 m\u0259nim kimi s\u00fcr\u00fcn\u00fcr. Olmaz bel\u0259. Bu insanlar\u0131n ham\u0131s\u0131na eyni g\u00f6zl\u0259 baxmaq laz\u0131md\u0131r\u201d.\n<\/p>\n<p>\n  <b><br \/>\n    \u201cAyl\u0131q kiray\u0259m 140 manatd\u0131r, \u00e7atd\u0131ra bilmir\u0259m\u201d<br \/>\n  <\/b>\n<\/p>\n<p>\n  El\u015fad Quliyev deyir ki, problemi il\u0259 ba\u011fl\u0131 m\u00fcraci\u0259t etm\u0259diyi \u00fcnvan qalmay\u0131b. Ancaq \u015fikay\u0259t m\u0259ktublar\u0131na baxan yoxdur. \u018fn az\u0131ndan bug\u00fcn\u0259d\u0259k yazd\u0131qlar\u0131 bir i\u015f\u0259 yaramay\u0131b:\n<\/p>\n<p>\n  \u201cM\u0259n demir\u0259m ki, m\u0259n\u0259 2 m\u0259rt\u0259b\u0259li ev verin, yaxud bahal\u0131 ma\u015f\u0131n al\u0131n v\u0259 s. Ev b\u00fct\u00fcn Qaraba\u011f qazil\u0259ri \u00fc\u00e7\u00fcn n\u0259z\u0259rd\u0259 tutulub. Onlara n\u0259 verilibs\u0259, eynisind\u0259n m\u0259n\u0259 d\u0259 \u00e7at\u0131r. Ayl\u0131q kiray\u0259m 140 manatd\u0131r, \u00e7atd\u0131ra bilmir\u0259m. 200 manat is\u0259 3-c\u00fc qrup \u0259lilliy\u0259 g\u00f6r\u0259 pensiya al\u0131ram. Ald\u0131\u011f\u0131m\u0131n yar\u0131dan \u00e7oxunu verir\u0259m kiray\u0259y\u0259. Xahi\u015f edir\u0259m, haqq\u0131m olan evi, ma\u015f\u0131n\u0131 m\u0259n\u0259 d\u0259 versinl\u0259r\u201d.\n<\/p>\n<p>\n  <b><br \/>\n    \u201cD\u00f6vl\u0259t he\u00e7 kimi ay\u0131r\u0131b, ayr\u0131-se\u00e7kilik etmir\u201d<br \/>\n  <\/b>\n<\/p>\n<p>\n  G\u0259nc\u0259 \u015e\u0259h\u0259r \u0130cra Hakimiyy\u0259tind\u0259n Meydan TV-y\u0259 m\u0259s\u0259l\u0259ni ara\u015fd\u0131racaqlar\u0131n\u0131 s\u00f6yl\u0259yibl\u0259r:\n<\/p>\n<p>\n  \u201cG\u00f6r\u00fcn\u00fcr, ya m\u00fcraci\u0259t etm\u0259yib, ya da edib, ancaq balansda ev yoxdur. Yoxsa, d\u00f6vl\u0259t he\u00e7 kim\u0259 qar\u015f\u0131 ayr\u0131-se\u00e7kilik etmir. Bel\u0259 \u015feyl\u0259r bir g\u00fcnd\u0259 h\u0259ll edilmir\u201d.\n<\/p>\n<p>\n  Bu g\u00fcn Qaraba\u011f m\u00fcharib\u0259sind\u0259 \u0259lillik qazanm\u0131\u015f minl\u0259rl\u0259 insan d\u00f6vl\u0259td\u0259n ev almaq \u00fc\u00e7\u00fcn qeydiyyatdad\u0131r, g\u00f6zl\u0259yir. Onlar\u0131n \u0259ks\u0259riyy\u0259ti m\u00fcharib\u0259d\u0259 a\u011f\u0131r x\u0259sar\u0259tl\u0259r ald\u0131qlar\u0131ndan \u0259m\u0259k qabiliyy\u0259tl\u0259ri yoxdur. Buna g\u00f6r\u0259 \u00f6zl\u0259rin\u0259 ev almaq v\u0259 ya in\u015fa etm\u0259k iqtidar\u0131nda deyill\u0259r.\n<\/p>\n<p>\n  R\u0259smi m\u0259lumatlara g\u00f6r\u0259, imtiyazl\u0131 \u015f\u0259xsl\u0259rin evl\u0259 t\u0259min olunmas\u0131 \u00fc\u00e7\u00fcn 2001-ci ild\u0259n indiy\u0259 q\u0259d\u0259r 2,5 milyard manatdan \u00e7ox v\u0259sait x\u0259rcl\u0259nib.\n<\/p>\n<figure class=\"wp-block-image size-large\">\n  <img decoding=\"async\" src=\"https:\/\/www.meydan.tv\/az\/image_from_ios-2-jpg-78\/\" alt=\"image_from_ios (2).jpg\" class=\"wp-image-134195\"\/><figcaption>\n    &#8220;V\u0259t\u0259n yolunda can\u0131n\u0131 qoyan insanlar\u0131 ay\u0131r\u0131rlar&#8221;<br \/>\n  <\/figcaption><\/figure>\n","protected":false},"excerpt":{"rendered":"<p>&#8221; G\u00fcnd\u0259 biri g\u0259lir, h\u0259r\u0259si d\u0259 bir \u015fey ist\u0259yir&#8221;<\/p>\n","protected":false},"author":11,"featured_media":134205,"comment_status":"closed","ping_status":"open","sticky":false,"template":"","format":"standard","meta":{"_acf_changed":false,"_sitemap_exclude":false,"_sitemap_priority":"","_sitemap_frequency":"","footnotes":""},"categories":[60],"tags":[],"class_list":["post-198320","post","type-post","status-publish","format-standard","has-post-thumbnail","hentry","category-bolge","infinite-scroll-item","generate-columns","tablet-grid-50","mobile-grid-100","grid-parent","grid-33","no-featured-image-padding"],"acf":[],"yoast_head":"<!-- This site is optimized with the Yoast SEO plugin v27.5 - https:\/\/yoast.com\/product\/yoast-seo-wordpress\/ -->\n<title>Qaraba\u011f \u0259lili etiraz olaraq ma\u015f\u0131n\u0131n\u0131 yand\u0131r\u0131b - MEYDAN.TV<\/title>\n<meta name=\"robots\" content=\"index, follow, max-snippet:-1, max-image-preview:large, max-video-preview:-1\" \/>\n<link rel=\"canonical\" href=\"https:\/\/www.meydan.tv\/az\/article\/gnd-biri-glir-hrsi-d-bir-ey-istyir\/\" \/>\n<meta property=\"og:locale\" content=\"az_AZ\" \/>\n<meta property=\"og:type\" content=\"article\" \/>\n<meta property=\"og:title\" content=\"Qaraba\u011f \u0259lili etiraz olaraq ma\u015f\u0131n\u0131n\u0131 yand\u0131r\u0131b - MEYDAN.TV\" \/>\n<meta property=\"og:description\" content=\"&quot; G\u00fcnd\u0259 biri g\u0259lir, h\u0259r\u0259si d\u0259 bir \u015fey ist\u0259yir&quot;\" \/>\n<meta property=\"og:url\" content=\"https:\/\/www.meydan.tv\/az\/article\/gnd-biri-glir-hrsi-d-bir-ey-istyir\/\" \/>\n<meta property=\"og:site_name\" content=\"MEYDAN.TV\" \/>\n<meta property=\"article:published_time\" content=\"2019-12-11T12:41:44+00:00\" \/>\n<meta property=\"og:image\" content=\"https:\/\/www.meydan.tv\/wp-content\/uploads\/image_from_ios_3_zhr8hmy-scaled.jpg\" \/>\n\t<meta property=\"og:image:width\" content=\"2560\" \/>\n\t<meta property=\"og:image:height\" content=\"1920\" \/>\n\t<meta property=\"og:image:type\" content=\"image\/jpeg\" \/>\n<meta name=\"author\" content=\"user-manager\" \/>\n<meta name=\"twitter:card\" content=\"summary_large_image\" \/>\n<script type=\"application\/ld+json\" class=\"yoast-schema-graph\">{\"@context\":\"https:\\\/\\\/schema.org\",\"@graph\":[{\"@type\":\"Article\",\"@id\":\"https:\\\/\\\/www.meydan.tv\\\/az\\\/article\\\/gnd-biri-glir-hrsi-d-bir-ey-istyir\\\/#article\",\"isPartOf\":{\"@id\":\"https:\\\/\\\/www.meydan.tv\\\/az\\\/article\\\/gnd-biri-glir-hrsi-d-bir-ey-istyir\\\/\"},\"author\":{\"name\":\"user-manager\",\"@id\":\"https:\\\/\\\/www.meydan.tv\\\/az\\\/#\\\/schema\\\/person\\\/10d11eccf6da3662cf5fdab9806ea91a\"},\"headline\":\"Qaraba\u011f \u0259lili etiraz olaraq ma\u015f\u0131n\u0131n\u0131 yand\u0131r\u0131b\",\"datePublished\":\"2019-12-11T12:41:44+00:00\",\"mainEntityOfPage\":{\"@id\":\"https:\\\/\\\/www.meydan.tv\\\/az\\\/article\\\/gnd-biri-glir-hrsi-d-bir-ey-istyir\\\/\"},\"wordCount\":901,\"publisher\":{\"@id\":\"https:\\\/\\\/www.meydan.tv\\\/az\\\/#organization\"},\"image\":{\"@id\":\"https:\\\/\\\/www.meydan.tv\\\/az\\\/article\\\/gnd-biri-glir-hrsi-d-bir-ey-istyir\\\/#primaryimage\"},\"thumbnailUrl\":\"https:\\\/\\\/www.meydan.tv\\\/wp-content\\\/uploads\\\/image_from_ios_3_zhr8hmy-scaled.jpg\",\"articleSection\":[\"B\u00f6lg\u0259\"],\"inLanguage\":\"az\"},{\"@type\":\"WebPage\",\"@id\":\"https:\\\/\\\/www.meydan.tv\\\/az\\\/article\\\/gnd-biri-glir-hrsi-d-bir-ey-istyir\\\/\",\"url\":\"https:\\\/\\\/www.meydan.tv\\\/az\\\/article\\\/gnd-biri-glir-hrsi-d-bir-ey-istyir\\\/\",\"name\":\"Qaraba\u011f \u0259lili etiraz olaraq ma\u015f\u0131n\u0131n\u0131 yand\u0131r\u0131b - MEYDAN.TV\",\"isPartOf\":{\"@id\":\"https:\\\/\\\/www.meydan.tv\\\/az\\\/#website\"},\"primaryImageOfPage\":{\"@id\":\"https:\\\/\\\/www.meydan.tv\\\/az\\\/article\\\/gnd-biri-glir-hrsi-d-bir-ey-istyir\\\/#primaryimage\"},\"image\":{\"@id\":\"https:\\\/\\\/www.meydan.tv\\\/az\\\/article\\\/gnd-biri-glir-hrsi-d-bir-ey-istyir\\\/#primaryimage\"},\"thumbnailUrl\":\"https:\\\/\\\/www.meydan.tv\\\/wp-content\\\/uploads\\\/image_from_ios_3_zhr8hmy-scaled.jpg\",\"datePublished\":\"2019-12-11T12:41:44+00:00\",\"breadcrumb\":{\"@id\":\"https:\\\/\\\/www.meydan.tv\\\/az\\\/article\\\/gnd-biri-glir-hrsi-d-bir-ey-istyir\\\/#breadcrumb\"},\"inLanguage\":\"az\",\"potentialAction\":[{\"@type\":\"ReadAction\",\"target\":[\"https:\\\/\\\/www.meydan.tv\\\/az\\\/article\\\/gnd-biri-glir-hrsi-d-bir-ey-istyir\\\/\"]}]},{\"@type\":\"ImageObject\",\"inLanguage\":\"az\",\"@id\":\"https:\\\/\\\/www.meydan.tv\\\/az\\\/article\\\/gnd-biri-glir-hrsi-d-bir-ey-istyir\\\/#primaryimage\",\"url\":\"https:\\\/\\\/www.meydan.tv\\\/wp-content\\\/uploads\\\/image_from_ios_3_zhr8hmy-scaled.jpg\",\"contentUrl\":\"https:\\\/\\\/www.meydan.tv\\\/wp-content\\\/uploads\\\/image_from_ios_3_zhr8hmy-scaled.jpg\",\"width\":2560,\"height\":1920,\"caption\":\"Source: Foto: Meydan TV\"},{\"@type\":\"BreadcrumbList\",\"@id\":\"https:\\\/\\\/www.meydan.tv\\\/az\\\/article\\\/gnd-biri-glir-hrsi-d-bir-ey-istyir\\\/#breadcrumb\",\"itemListElement\":[{\"@type\":\"ListItem\",\"position\":1,\"name\":\"Ana s\u0259hif\u0259\",\"item\":\"https:\\\/\\\/www.meydan.tv\\\/az\\\/\"},{\"@type\":\"ListItem\",\"position\":2,\"name\":\"B\u00f6lg\u0259\",\"item\":\"https:\\\/\\\/www.meydan.tv\\\/az\\\/section\\\/bolge\\\/\"},{\"@type\":\"ListItem\",\"position\":3,\"name\":\"Qaraba\u011f \u0259lili etiraz olaraq ma\u015f\u0131n\u0131n\u0131 yand\u0131r\u0131b\"}]},{\"@type\":\"WebSite\",\"@id\":\"https:\\\/\\\/www.meydan.tv\\\/az\\\/#website\",\"url\":\"https:\\\/\\\/www.meydan.tv\\\/az\\\/\",\"name\":\"MEYDAN.TV\",\"description\":\"Meydan TV Az\u0259rbaycan\u0131n media m\u0259kan\u0131ndak\u0131 alternativ s\u0259sidir\",\"publisher\":{\"@id\":\"https:\\\/\\\/www.meydan.tv\\\/az\\\/#organization\"},\"potentialAction\":[{\"@type\":\"SearchAction\",\"target\":{\"@type\":\"EntryPoint\",\"urlTemplate\":\"https:\\\/\\\/www.meydan.tv\\\/az\\\/?s={search_term_string}\"},\"query-input\":{\"@type\":\"PropertyValueSpecification\",\"valueRequired\":true,\"valueName\":\"search_term_string\"}}],\"inLanguage\":\"az\"},{\"@type\":\"Organization\",\"@id\":\"https:\\\/\\\/www.meydan.tv\\\/az\\\/#organization\",\"name\":\"Meydan TV\",\"url\":\"https:\\\/\\\/www.meydan.tv\\\/az\\\/\",\"logo\":{\"@type\":\"ImageObject\",\"inLanguage\":\"az\",\"@id\":\"https:\\\/\\\/www.meydan.tv\\\/az\\\/#\\\/schema\\\/logo\\\/image\\\/\",\"url\":\"https:\\\/\\\/www.meydan.tv\\\/wp-content\\\/uploads\\\/2021\\\/07\\\/meydan-logo.svg\",\"contentUrl\":\"https:\\\/\\\/www.meydan.tv\\\/wp-content\\\/uploads\\\/2021\\\/07\\\/meydan-logo.svg\",\"width\":195,\"height\":46,\"caption\":\"Meydan TV\"},\"image\":{\"@id\":\"https:\\\/\\\/www.meydan.tv\\\/az\\\/#\\\/schema\\\/logo\\\/image\\\/\"}},{\"@type\":\"Person\",\"@id\":\"https:\\\/\\\/www.meydan.tv\\\/az\\\/#\\\/schema\\\/person\\\/10d11eccf6da3662cf5fdab9806ea91a\",\"name\":\"user-manager\"}]}<\/script>\n<!-- \/ Yoast SEO plugin. -->","yoast_head_json":{"title":"Qaraba\u011f \u0259lili etiraz olaraq ma\u015f\u0131n\u0131n\u0131 yand\u0131r\u0131b - MEYDAN.TV","robots":{"index":"index","follow":"follow","max-snippet":"max-snippet:-1","max-image-preview":"max-image-preview:large","max-video-preview":"max-video-preview:-1"},"canonical":"https:\/\/www.meydan.tv\/az\/article\/gnd-biri-glir-hrsi-d-bir-ey-istyir\/","og_locale":"az_AZ","og_type":"article","og_title":"Qaraba\u011f \u0259lili etiraz olaraq ma\u015f\u0131n\u0131n\u0131 yand\u0131r\u0131b - MEYDAN.TV","og_description":"\" G\u00fcnd\u0259 biri g\u0259lir, h\u0259r\u0259si d\u0259 bir \u015fey ist\u0259yir\"","og_url":"https:\/\/www.meydan.tv\/az\/article\/gnd-biri-glir-hrsi-d-bir-ey-istyir\/","og_site_name":"MEYDAN.TV","article_published_time":"2019-12-11T12:41:44+00:00","og_image":[{"width":2560,"height":1920,"url":"https:\/\/www.meydan.tv\/wp-content\/uploads\/image_from_ios_3_zhr8hmy-scaled.jpg","type":"image\/jpeg"}],"author":"user-manager","twitter_card":"summary_large_image","schema":{"@context":"https:\/\/schema.org","@graph":[{"@type":"Article","@id":"https:\/\/www.meydan.tv\/az\/article\/gnd-biri-glir-hrsi-d-bir-ey-istyir\/#article","isPartOf":{"@id":"https:\/\/www.meydan.tv\/az\/article\/gnd-biri-glir-hrsi-d-bir-ey-istyir\/"},"author":{"name":"user-manager","@id":"https:\/\/www.meydan.tv\/az\/#\/schema\/person\/10d11eccf6da3662cf5fdab9806ea91a"},"headline":"Qaraba\u011f \u0259lili etiraz olaraq ma\u015f\u0131n\u0131n\u0131 yand\u0131r\u0131b","datePublished":"2019-12-11T12:41:44+00:00","mainEntityOfPage":{"@id":"https:\/\/www.meydan.tv\/az\/article\/gnd-biri-glir-hrsi-d-bir-ey-istyir\/"},"wordCount":901,"publisher":{"@id":"https:\/\/www.meydan.tv\/az\/#organization"},"image":{"@id":"https:\/\/www.meydan.tv\/az\/article\/gnd-biri-glir-hrsi-d-bir-ey-istyir\/#primaryimage"},"thumbnailUrl":"https:\/\/www.meydan.tv\/wp-content\/uploads\/image_from_ios_3_zhr8hmy-scaled.jpg","articleSection":["B\u00f6lg\u0259"],"inLanguage":"az"},{"@type":"WebPage","@id":"https:\/\/www.meydan.tv\/az\/article\/gnd-biri-glir-hrsi-d-bir-ey-istyir\/","url":"https:\/\/www.meydan.tv\/az\/article\/gnd-biri-glir-hrsi-d-bir-ey-istyir\/","name":"Qaraba\u011f \u0259lili etiraz olaraq ma\u015f\u0131n\u0131n\u0131 yand\u0131r\u0131b - MEYDAN.TV","isPartOf":{"@id":"https:\/\/www.meydan.tv\/az\/#website"},"primaryImageOfPage":{"@id":"https:\/\/www.meydan.tv\/az\/article\/gnd-biri-glir-hrsi-d-bir-ey-istyir\/#primaryimage"},"image":{"@id":"https:\/\/www.meydan.tv\/az\/article\/gnd-biri-glir-hrsi-d-bir-ey-istyir\/#primaryimage"},"thumbnailUrl":"https:\/\/www.meydan.tv\/wp-content\/uploads\/image_from_ios_3_zhr8hmy-scaled.jpg","datePublished":"2019-12-11T12:41:44+00:00","breadcrumb":{"@id":"https:\/\/www.meydan.tv\/az\/article\/gnd-biri-glir-hrsi-d-bir-ey-istyir\/#breadcrumb"},"inLanguage":"az","potentialAction":[{"@type":"ReadAction","target":["https:\/\/www.meydan.tv\/az\/article\/gnd-biri-glir-hrsi-d-bir-ey-istyir\/"]}]},{"@type":"ImageObject","inLanguage":"az","@id":"https:\/\/www.meydan.tv\/az\/article\/gnd-biri-glir-hrsi-d-bir-ey-istyir\/#primaryimage","url":"https:\/\/www.meydan.tv\/wp-content\/uploads\/image_from_ios_3_zhr8hmy-scaled.jpg","contentUrl":"https:\/\/www.meydan.tv\/wp-content\/uploads\/image_from_ios_3_zhr8hmy-scaled.jpg","width":2560,"height":1920,"caption":"Source: Foto: Meydan TV"},{"@type":"BreadcrumbList","@id":"https:\/\/www.meydan.tv\/az\/article\/gnd-biri-glir-hrsi-d-bir-ey-istyir\/#breadcrumb","itemListElement":[{"@type":"ListItem","position":1,"name":"Ana s\u0259hif\u0259","item":"https:\/\/www.meydan.tv\/az\/"},{"@type":"ListItem","position":2,"name":"B\u00f6lg\u0259","item":"https:\/\/www.meydan.tv\/az\/section\/bolge\/"},{"@type":"ListItem","position":3,"name":"Qaraba\u011f \u0259lili etiraz olaraq ma\u015f\u0131n\u0131n\u0131 yand\u0131r\u0131b"}]},{"@type":"WebSite","@id":"https:\/\/www.meydan.tv\/az\/#website","url":"https:\/\/www.meydan.tv\/az\/","name":"MEYDAN.TV","description":"Meydan TV Az\u0259rbaycan\u0131n media m\u0259kan\u0131ndak\u0131 alternativ s\u0259sidir","publisher":{"@id":"https:\/\/www.meydan.tv\/az\/#organization"},"potentialAction":[{"@type":"SearchAction","target":{"@type":"EntryPoint","urlTemplate":"https:\/\/www.meydan.tv\/az\/?s={search_term_string}"},"query-input":{"@type":"PropertyValueSpecification","valueRequired":true,"valueName":"search_term_string"}}],"inLanguage":"az"},{"@type":"Organization","@id":"https:\/\/www.meydan.tv\/az\/#organization","name":"Meydan TV","url":"https:\/\/www.meydan.tv\/az\/","logo":{"@type":"ImageObject","inLanguage":"az","@id":"https:\/\/www.meydan.tv\/az\/#\/schema\/logo\/image\/","url":"https:\/\/www.meydan.tv\/wp-content\/uploads\/2021\/07\/meydan-logo.svg","contentUrl":"https:\/\/www.meydan.tv\/wp-content\/uploads\/2021\/07\/meydan-logo.svg","width":195,"height":46,"caption":"Meydan TV"},"image":{"@id":"https:\/\/www.meydan.tv\/az\/#\/schema\/logo\/image\/"}},{"@type":"Person","@id":"https:\/\/www.meydan.tv\/az\/#\/schema\/person\/10d11eccf6da3662cf5fdab9806ea91a","name":"user-manager"}]}},"_links":{"self":[{"href":"https:\/\/www.meydan.tv\/az\/wp-json\/wp\/v2\/posts\/198320","targetHints":{"allow":["GET"]}}],"collection":[{"href":"https:\/\/www.meydan.tv\/az\/wp-json\/wp\/v2\/posts"}],"about":[{"href":"https:\/\/www.meydan.tv\/az\/wp-json\/wp\/v2\/types\/post"}],"author":[{"embeddable":true,"href":"https:\/\/www.meydan.tv\/az\/wp-json\/wp\/v2\/users\/11"}],"replies":[{"embeddable":true,"href":"https:\/\/www.meydan.tv\/az\/wp-json\/wp\/v2\/comments?post=198320"}],"version-history":[{"count":0,"href":"https:\/\/www.meydan.tv\/az\/wp-json\/wp\/v2\/posts\/198320\/revisions"}],"wp:featuredmedia":[{"embeddable":true,"href":"https:\/\/www.meydan.tv\/az\/wp-json\/wp\/v2\/media\/134205"}],"wp:attachment":[{"href":"https:\/\/www.meydan.tv\/az\/wp-json\/wp\/v2\/media?parent=198320"}],"wp:term":[{"taxonomy":"category","embeddable":true,"href":"https:\/\/www.meydan.tv\/az\/wp-json\/wp\/v2\/categories?post=198320"},{"taxonomy":"post_tag","embeddable":true,"href":"https:\/\/www.meydan.tv\/az\/wp-json\/wp\/v2\/tags?post=198320"}],"curies":[{"name":"wp","href":"https:\/\/api.w.org\/{rel}","templated":true}]}}