{"id":198317,"date":"2019-12-11T11:07:50","date_gmt":"2019-12-11T11:07:50","guid":{"rendered":"https:\/\/www.meydan.tv\/article\/hesabat-her-bir-azerbaycanli-gurcustanda-orta-hesabla-303-manat-xercleyib\/"},"modified":"2019-12-11T11:07:50","modified_gmt":"2019-12-11T11:07:50","slug":"hesabat-her-bir-azerbaycanli-gurcustanda-orta-hesabla-303-manat-xercleyib","status":"publish","type":"post","link":"https:\/\/www.meydan.tv\/az\/article\/hesabat-her-bir-azerbaycanli-gurcustanda-orta-hesabla-303-manat-xercleyib\/","title":{"rendered":"Hesabat: H\u0259r bir az\u0259rbaycanl\u0131 G\u00fcrc\u00fcstanda orta hesabla 303 manat x\u0259rcl\u0259yib"},"content":{"rendered":"<p>\n  <i><br \/>\n    G\u00fcrc\u00fcstana ged\u0259n turistl\u0259r i\u00e7ind\u0259 az\u0259rbaycanl\u0131lar, Az\u0259rbaycanda is\u0259 g\u00fcrc\u00fcl\u0259r ikinci yerd\u0259dir<br \/>\n  <\/i>\n<\/p>\n<p>\n  G\u00fcrc\u00fcstan\u0131n Milli Turizm Administrasiyas\u0131n\u0131n r\u00fcbl\u00fck hesabat\u0131 (iyun-sentyabr) a\u00e7\u0131qlan\u0131b. Hesabatdan m\u0259lum olur ki, Az\u0259rbaycandan G\u00fcrc\u00fcstana ged\u0259n h\u0259r turist ortalama 524,5 lari (302,32 manat), Erm\u0259nistandan ged\u0259n h\u0259r turist is\u0259 553,9 lari (319,27 manat) x\u0259rcl\u0259yib.\n<\/p>\n<p>\n  Bundan \u0259lav\u0259,<br \/>\n  <a href=\"https:\/\/vergiler.az\/news\/economy\/5999.html\"><br \/>\n    G\u00fcrc\u00fcstan<br \/>\n  <\/a><br \/>\n  a s\u0259f\u0259r ed\u0259n az\u0259rbaycanl\u0131 ziyar\u0259t\u00e7il\u0259rin say\u0131 7 faiz art\u0131b.\n<\/p>\n<p>\n  Bu ilin yanvar-noyabr aylar\u0131nda Az\u0259rbaycandan G\u00fcrc\u00fcstana s\u0259f\u0259r ed\u0259nl\u0259rin say\u0131 1 milyon 404 min 28 n\u0259f\u0259r olub.\n<\/p>\n<p>\n  Hesabatda bildirilir ki, illik m\u00fcqayis\u0259d\u0259 qon\u015fu \u00f6lk\u0259y\u0259 yollanan az\u0259rbaycanl\u0131 ziyar\u0259t\u00e7il\u0259rin say\u0131 92 min 121 n\u0259f\u0259r v\u0259 ya 7 faiz art\u0131b.\n<\/p>\n<p>\n  <b><br \/>\n    Az\u0259rbaycanl\u0131lar G\u00fcrc\u00fcstana getm\u0259 say\u0131na g\u00f6r\u0259 2-ci yeri tutublar<br \/>\n  <\/b>\n<\/p>\n<p>\n  Bu g\u00f6st\u0259rici il\u0259 Az\u0259rbaycan G\u00fcrc\u00fcstana ged\u0259n \u0259cn\u0259bil\u0259rin say\u0131 bax\u0131m\u0131ndan ikinci yeri tutub. Birinci yerd\u0259 1 milyon 406 min 255 n\u0259f\u0259rl\u0259 Rusiya, \u00fc\u00e7\u00fcnc\u00fc yerd\u0259 is\u0259 1 milyon 230 min 834 n\u0259f\u0259rl\u0259 Erm\u0259nistand\u0131r. T\u0259kc\u0259 noyabr ay\u0131nda G\u00fcrc\u00fcstana Az\u0259rbaycandan 114 min 657 insan gedib ki, bu da \u00f6t\u0259n ilin eyni g\u00f6st\u0259ricisind\u0259n 8 min 552 n\u0259f\u0259r, yaxud 8,1 faiz \u00e7oxdur.\n<\/p>\n<p>\n  G\u00fcrc\u00fcstana 2019-cu ilin 11 ay\u0131 \u0259rzind\u0259 8 milyon 690 min 352 n\u0259f\u0259r, t\u0259kc\u0259 noyabrda is\u0259 670 min 122 n\u0259f\u0259r turist s\u0259f\u0259r edib.\n<\/p>\n<p>\n  <b><br \/>\n    Az\u0259rbaycana n\u0259 q\u0259d\u0259r turist g\u0259lir?<br \/>\n  <\/b>\n<\/p>\n<p>\n  <a href=\"https:\/\/apa.az\/az\/turizm_az\/2019-cu-il-azerbaycanda-gelme-turizmi-uzre-rekord-il-olacaq-559872\"><br \/>\n    D\u00f6vl\u0259t Turizm Agentliyi<br \/>\n  <\/a><br \/>\n  nin \u0259n son a\u00e7\u0131qlad\u0131\u011f\u0131 m\u0259lumata g\u00f6r\u0259, 2019-cu ilin yanvar-oktyabr aylar\u0131 \u0259rzind\u0259 Az\u0259rbaycan\u0131 ziyar\u0259t ed\u0259nl\u0259rin say\u0131 \u00f6t\u0259n ilin eyni d\u00f6vr\u00fc il\u0259 m\u00fcqayis\u0259d\u0259 10.9 faiz v\u0259 ya 264 min n\u0259f\u0259r art\u0131b. Say 2.7 milyona \u00e7at\u0131b.\n<\/p>\n<p>\n  Agentlik bildirir ki, bu, 2019-cu ild\u0259 Az\u0259rbaycana g\u0259l\u0259n xarici v\u0259t\u0259nda\u015flar\u0131n say\u0131n\u0131n 3 milyondan art\u0131q olaca\u011f\u0131na \u0259sas verir.\n<\/p>\n<p>\n  Qonaqlar\u0131n b\u00f6y\u00fck hiss\u0259si Rusiyadan (t\u0259qrib\u0259n 800 min n\u0259f\u0259r) v\u0259 G\u00fcrc\u00fcstandan (t\u0259qrib\u0259n 600 min n\u0259f\u0259r) g\u0259lib. Bu iki \u00f6lk\u0259d\u0259n g\u0259l\u0259nl\u0259r Az\u0259rbaycan\u0131 ziyar\u0259t ed\u0259n qonaqlar\u0131n 51.9 faizini t\u0259\u015fkil edir.\n<\/p>\n<figure class=\"wp-block-image size-large\">\n  <img decoding=\"async\" src=\"https:\/\/www.meydan.tv\/az\/1569582186-jpg\/\" alt=\"1569582186.jpg\" class=\"wp-image-134198\"\/><figcaption>\n    D\u00f6vl\u0259t Turizm Agentliyi<br \/>\n  <\/figcaption><\/figure>\n<p>\n  <b><br \/>\n    C\u0259nubi Asiyadan g\u0259l\u0259nl\u0259rin say\u0131 art\u0131b<br \/>\n  <\/b>\n<\/p>\n<p>\n  M\u0259rk\u0259zi v\u0259 C\u0259nubi Asiyadan g\u0259l\u0259n xarici v\u0259t\u0259nda\u015flar\u0131n say\u0131nda da m\u00fcvafiq olaraq 47.9 v\u0259 37.8 faiz art\u0131m m\u00fc\u015fahid\u0259 edilib.\n<\/p>\n<p>\n  2019-cu ilin oktyabr ay\u0131 \u0259rzind\u0259 Az\u0259rbaycan\u0131 264 min n\u0259f\u0259r xarici v\u0259t\u0259nda\u015f ziyar\u0259t edib. Bu da 52 min n\u0259f\u0259r v\u0259 ya 24.7 faiz art\u0131m dem\u0259kdir.\n<\/p>\n<p>\n  \u018fn y\u00fcks\u0259k art\u0131m 74.3 faizl\u0259 \u0130ran v\u0259 65.1 faizl\u0259 Orta Asiya \u00f6lk\u0259l\u0259ri aras\u0131nda qeyd\u0259 al\u0131n\u0131b. M\u00fctl\u0259q sayda \u0259n y\u00fcks\u0259k art\u0131m is\u0259 G\u00fcrc\u00fcstan (9.6 min n\u0259f\u0259r v\u0259 ya 18 faiz art\u0131m) v\u0259 Rusiyadan (9.2 min n\u0259f\u0259r v\u0259 ya 14.4 faiz art\u0131m) g\u0259l\u0259nl\u0259r aras\u0131nda m\u00fc\u015fahid\u0259 edilib.\n<\/p>\n<p>\n  <b><br \/>\n    \u201cH\u0259m G\u00fcrc\u00fcstan, h\u0259m d\u0259 Rusiyada minl\u0259rl\u0259 az\u0259rbaycanl\u0131 ya\u015fay\u0131r\u201d<br \/>\n  <\/b>\n<\/p>\n<p>\n  ReAL \u0130dar\u0259 Hey\u0259tinin \u00fczv\u00fc, iqtisad\u00e7\u0131 Natiq C\u0259f\u0259rli deyir ki, statistikada ilk 2 yeri tutan G\u00fcrc\u00fcstan v\u0259 Rusiyadan g\u0259l\u0259nl\u0259rin say\u0131 h\u0259mi\u015f\u0259 \u015f\u00fcbh\u0259 do\u011furur. \u00c7\u00fcnki h\u0259mi\u015f\u0259 bu \u00f6lk\u0259l\u0259r ilk \u00fc\u00e7l\u00fckd\u0259 olur:\n<\/p>\n<figure class=\"wp-block-image size-large\">\n  <img decoding=\"async\" src=\"https:\/\/www.meydan.tv\/az\/natiq-ceferli-4\/\" alt=\"Natiq C\u0259f\u0259rli\" class=\"wp-image-100572\"\/><figcaption>\n    Natiq C\u0259f\u0259rli<br \/>\n  <\/figcaption><\/figure>\n<p>\n  \u201cS\u0259b\u0259bi h\u0259m G\u00fcrc\u00fcstan, h\u0259m d\u0259 Rusiyada minl\u0259rl\u0259 az\u0259rbaycanl\u0131 soyda\u015f\u0131m\u0131z\u0131n ya\u015famas\u0131d\u0131r. X\u00fcsus\u0259n d\u0259 bayramlar v\u0259 yay \u0259r\u0259f\u0259sind\u0259 onlar Az\u0259rbaycana qohumlar\u0131n\u0131 ziyar\u0259t\u0259 g\u0259lirl\u0259r. Onlar\u0131n h\u0259r biri \u00f6lk\u0259y\u0259 giri\u015fd\u0259 turist kimi qeydiyyata al\u0131n\u0131r. M\u0259nc\u0259, statistika haz\u0131rlanark\u0259n bunlar n\u0259z\u0259r\u0259 al\u0131nmal\u0131d\u0131r. H\u0259r il v\u0259 ya ild\u0259 bir ne\u00e7\u0259 d\u0259f\u0259 g\u0259l\u0259n insan turist say\u0131lmamal\u0131d\u0131r\u201d.\n<\/p>\n<p>\n  C\u0259nubi Asiyadan g\u0259l\u0259nl\u0259rin say\u0131n\u0131n artmas\u0131na g\u0259linc\u0259, Natiq C\u0259f\u0259rli deyir ki, Az\u0259rbaycan h\u00f6kum\u0259ti yenilikc\u0259 Yaponiya v\u0259 \u00c7inl\u0259 viza asanla\u015fd\u0131r\u0131lmas\u0131na gedib. S\u0259b\u0259b bu ola bil\u0259r.<\/p>\n","protected":false},"excerpt":{"rendered":"<p>\u201cX\u00fcsus\u0259n d\u0259 bayramlar v\u0259 yay \u0259r\u0259f\u0259sind\u0259 onlar Az\u0259rbaycana qohumlar\u0131n\u0131 ziyar\u0259t\u0259 g\u0259lirl\u0259r&#8221;<\/p>\n","protected":false},"author":11,"featured_media":116190,"comment_status":"closed","ping_status":"open","sticky":false,"template":"","format":"standard","meta":{"_acf_changed":false,"_sitemap_exclude":false,"_sitemap_priority":"","_sitemap_frequency":"","footnotes":""},"categories":[53],"tags":[],"class_list":["post-198317","post","type-post","status-publish","format-standard","has-post-thumbnail","hentry","category-iqtisadiyyat","infinite-scroll-item","generate-columns","tablet-grid-50","mobile-grid-100","grid-parent","grid-33","no-featured-image-padding"],"acf":[],"yoast_head":"<!-- This site is optimized with the Yoast SEO plugin v27.4 - https:\/\/yoast.com\/product\/yoast-seo-wordpress\/ -->\n<title>Hesabat: H\u0259r bir az\u0259rbaycanl\u0131 G\u00fcrc\u00fcstanda orta hesabla 303 manat x\u0259rcl\u0259yib - MEYDAN.TV<\/title>\n<meta name=\"robots\" content=\"index, follow, max-snippet:-1, max-image-preview:large, max-video-preview:-1\" \/>\n<link rel=\"canonical\" href=\"https:\/\/www.meydan.tv\/az\/article\/hesabat-her-bir-azerbaycanli-gurcustanda-orta-hesabla-303-manat-xercleyib\/\" \/>\n<meta property=\"og:locale\" content=\"az_AZ\" \/>\n<meta property=\"og:type\" content=\"article\" \/>\n<meta property=\"og:title\" content=\"Hesabat: H\u0259r bir az\u0259rbaycanl\u0131 G\u00fcrc\u00fcstanda orta hesabla 303 manat x\u0259rcl\u0259yib - MEYDAN.TV\" \/>\n<meta property=\"og:description\" content=\"\u201cX\u00fcsus\u0259n d\u0259 bayramlar v\u0259 yay \u0259r\u0259f\u0259sind\u0259 onlar Az\u0259rbaycana qohumlar\u0131n\u0131 ziyar\u0259t\u0259 g\u0259lirl\u0259r&quot;\" \/>\n<meta property=\"og:url\" content=\"https:\/\/www.meydan.tv\/az\/article\/hesabat-her-bir-azerbaycanli-gurcustanda-orta-hesabla-303-manat-xercleyib\/\" \/>\n<meta property=\"og:site_name\" content=\"MEYDAN.TV\" \/>\n<meta property=\"article:published_time\" content=\"2019-12-11T11:07:50+00:00\" \/>\n<meta property=\"og:image\" content=\"https:\/\/www.meydan.tv\/wp-content\/uploads\/46309.jpg\" \/>\n\t<meta property=\"og:image:width\" content=\"1280\" \/>\n\t<meta property=\"og:image:height\" content=\"640\" \/>\n\t<meta property=\"og:image:type\" content=\"image\/jpeg\" \/>\n<meta name=\"author\" content=\"user-manager\" \/>\n<meta name=\"twitter:card\" content=\"summary_large_image\" \/>\n<script type=\"application\/ld+json\" class=\"yoast-schema-graph\">{\"@context\":\"https:\\\/\\\/schema.org\",\"@graph\":[{\"@type\":\"Article\",\"@id\":\"https:\\\/\\\/www.meydan.tv\\\/az\\\/article\\\/hesabat-her-bir-azerbaycanli-gurcustanda-orta-hesabla-303-manat-xercleyib\\\/#article\",\"isPartOf\":{\"@id\":\"https:\\\/\\\/www.meydan.tv\\\/az\\\/article\\\/hesabat-her-bir-azerbaycanli-gurcustanda-orta-hesabla-303-manat-xercleyib\\\/\"},\"author\":{\"name\":\"user-manager\",\"@id\":\"https:\\\/\\\/www.meydan.tv\\\/az\\\/#\\\/schema\\\/person\\\/10d11eccf6da3662cf5fdab9806ea91a\"},\"headline\":\"Hesabat: H\u0259r bir az\u0259rbaycanl\u0131 G\u00fcrc\u00fcstanda orta hesabla 303 manat x\u0259rcl\u0259yib\",\"datePublished\":\"2019-12-11T11:07:50+00:00\",\"mainEntityOfPage\":{\"@id\":\"https:\\\/\\\/www.meydan.tv\\\/az\\\/article\\\/hesabat-her-bir-azerbaycanli-gurcustanda-orta-hesabla-303-manat-xercleyib\\\/\"},\"wordCount\":739,\"publisher\":{\"@id\":\"https:\\\/\\\/www.meydan.tv\\\/az\\\/#organization\"},\"image\":{\"@id\":\"https:\\\/\\\/www.meydan.tv\\\/az\\\/article\\\/hesabat-her-bir-azerbaycanli-gurcustanda-orta-hesabla-303-manat-xercleyib\\\/#primaryimage\"},\"thumbnailUrl\":\"https:\\\/\\\/www.meydan.tv\\\/wp-content\\\/uploads\\\/46309.jpg\",\"articleSection\":[\"\u0130qtisadiyyat\"],\"inLanguage\":\"az\"},{\"@type\":\"WebPage\",\"@id\":\"https:\\\/\\\/www.meydan.tv\\\/az\\\/article\\\/hesabat-her-bir-azerbaycanli-gurcustanda-orta-hesabla-303-manat-xercleyib\\\/\",\"url\":\"https:\\\/\\\/www.meydan.tv\\\/az\\\/article\\\/hesabat-her-bir-azerbaycanli-gurcustanda-orta-hesabla-303-manat-xercleyib\\\/\",\"name\":\"Hesabat: H\u0259r bir az\u0259rbaycanl\u0131 G\u00fcrc\u00fcstanda orta hesabla 303 manat x\u0259rcl\u0259yib - MEYDAN.TV\",\"isPartOf\":{\"@id\":\"https:\\\/\\\/www.meydan.tv\\\/az\\\/#website\"},\"primaryImageOfPage\":{\"@id\":\"https:\\\/\\\/www.meydan.tv\\\/az\\\/article\\\/hesabat-her-bir-azerbaycanli-gurcustanda-orta-hesabla-303-manat-xercleyib\\\/#primaryimage\"},\"image\":{\"@id\":\"https:\\\/\\\/www.meydan.tv\\\/az\\\/article\\\/hesabat-her-bir-azerbaycanli-gurcustanda-orta-hesabla-303-manat-xercleyib\\\/#primaryimage\"},\"thumbnailUrl\":\"https:\\\/\\\/www.meydan.tv\\\/wp-content\\\/uploads\\\/46309.jpg\",\"datePublished\":\"2019-12-11T11:07:50+00:00\",\"breadcrumb\":{\"@id\":\"https:\\\/\\\/www.meydan.tv\\\/az\\\/article\\\/hesabat-her-bir-azerbaycanli-gurcustanda-orta-hesabla-303-manat-xercleyib\\\/#breadcrumb\"},\"inLanguage\":\"az\",\"potentialAction\":[{\"@type\":\"ReadAction\",\"target\":[\"https:\\\/\\\/www.meydan.tv\\\/az\\\/article\\\/hesabat-her-bir-azerbaycanli-gurcustanda-orta-hesabla-303-manat-xercleyib\\\/\"]}]},{\"@type\":\"ImageObject\",\"inLanguage\":\"az\",\"@id\":\"https:\\\/\\\/www.meydan.tv\\\/az\\\/article\\\/hesabat-her-bir-azerbaycanli-gurcustanda-orta-hesabla-303-manat-xercleyib\\\/#primaryimage\",\"url\":\"https:\\\/\\\/www.meydan.tv\\\/wp-content\\\/uploads\\\/46309.jpg\",\"contentUrl\":\"https:\\\/\\\/www.meydan.tv\\\/wp-content\\\/uploads\\\/46309.jpg\",\"width\":1280,\"height\":640,\"caption\":\"Foto: arxiv\"},{\"@type\":\"BreadcrumbList\",\"@id\":\"https:\\\/\\\/www.meydan.tv\\\/az\\\/article\\\/hesabat-her-bir-azerbaycanli-gurcustanda-orta-hesabla-303-manat-xercleyib\\\/#breadcrumb\",\"itemListElement\":[{\"@type\":\"ListItem\",\"position\":1,\"name\":\"Ana s\u0259hif\u0259\",\"item\":\"https:\\\/\\\/www.meydan.tv\\\/az\\\/\"},{\"@type\":\"ListItem\",\"position\":2,\"name\":\"\u0130qtisadiyyat\",\"item\":\"https:\\\/\\\/www.meydan.tv\\\/az\\\/section\\\/iqtisadiyyat\\\/\"},{\"@type\":\"ListItem\",\"position\":3,\"name\":\"Hesabat: H\u0259r bir az\u0259rbaycanl\u0131 G\u00fcrc\u00fcstanda orta hesabla 303 manat x\u0259rcl\u0259yib\"}]},{\"@type\":\"WebSite\",\"@id\":\"https:\\\/\\\/www.meydan.tv\\\/az\\\/#website\",\"url\":\"https:\\\/\\\/www.meydan.tv\\\/az\\\/\",\"name\":\"MEYDAN.TV\",\"description\":\"Meydan TV Az\u0259rbaycan\u0131n media m\u0259kan\u0131ndak\u0131 alternativ s\u0259sidir\",\"publisher\":{\"@id\":\"https:\\\/\\\/www.meydan.tv\\\/az\\\/#organization\"},\"potentialAction\":[{\"@type\":\"SearchAction\",\"target\":{\"@type\":\"EntryPoint\",\"urlTemplate\":\"https:\\\/\\\/www.meydan.tv\\\/az\\\/?s={search_term_string}\"},\"query-input\":{\"@type\":\"PropertyValueSpecification\",\"valueRequired\":true,\"valueName\":\"search_term_string\"}}],\"inLanguage\":\"az\"},{\"@type\":\"Organization\",\"@id\":\"https:\\\/\\\/www.meydan.tv\\\/az\\\/#organization\",\"name\":\"Meydan TV\",\"url\":\"https:\\\/\\\/www.meydan.tv\\\/az\\\/\",\"logo\":{\"@type\":\"ImageObject\",\"inLanguage\":\"az\",\"@id\":\"https:\\\/\\\/www.meydan.tv\\\/az\\\/#\\\/schema\\\/logo\\\/image\\\/\",\"url\":\"https:\\\/\\\/www.meydan.tv\\\/wp-content\\\/uploads\\\/2021\\\/07\\\/meydan-logo.svg\",\"contentUrl\":\"https:\\\/\\\/www.meydan.tv\\\/wp-content\\\/uploads\\\/2021\\\/07\\\/meydan-logo.svg\",\"width\":195,\"height\":46,\"caption\":\"Meydan TV\"},\"image\":{\"@id\":\"https:\\\/\\\/www.meydan.tv\\\/az\\\/#\\\/schema\\\/logo\\\/image\\\/\"}},{\"@type\":\"Person\",\"@id\":\"https:\\\/\\\/www.meydan.tv\\\/az\\\/#\\\/schema\\\/person\\\/10d11eccf6da3662cf5fdab9806ea91a\",\"name\":\"user-manager\"}]}<\/script>\n<!-- \/ Yoast SEO plugin. -->","yoast_head_json":{"title":"Hesabat: H\u0259r bir az\u0259rbaycanl\u0131 G\u00fcrc\u00fcstanda orta hesabla 303 manat x\u0259rcl\u0259yib - MEYDAN.TV","robots":{"index":"index","follow":"follow","max-snippet":"max-snippet:-1","max-image-preview":"max-image-preview:large","max-video-preview":"max-video-preview:-1"},"canonical":"https:\/\/www.meydan.tv\/az\/article\/hesabat-her-bir-azerbaycanli-gurcustanda-orta-hesabla-303-manat-xercleyib\/","og_locale":"az_AZ","og_type":"article","og_title":"Hesabat: H\u0259r bir az\u0259rbaycanl\u0131 G\u00fcrc\u00fcstanda orta hesabla 303 manat x\u0259rcl\u0259yib - MEYDAN.TV","og_description":"\u201cX\u00fcsus\u0259n d\u0259 bayramlar v\u0259 yay \u0259r\u0259f\u0259sind\u0259 onlar Az\u0259rbaycana qohumlar\u0131n\u0131 ziyar\u0259t\u0259 g\u0259lirl\u0259r\"","og_url":"https:\/\/www.meydan.tv\/az\/article\/hesabat-her-bir-azerbaycanli-gurcustanda-orta-hesabla-303-manat-xercleyib\/","og_site_name":"MEYDAN.TV","article_published_time":"2019-12-11T11:07:50+00:00","og_image":[{"width":1280,"height":640,"url":"https:\/\/www.meydan.tv\/wp-content\/uploads\/46309.jpg","type":"image\/jpeg"}],"author":"user-manager","twitter_card":"summary_large_image","schema":{"@context":"https:\/\/schema.org","@graph":[{"@type":"Article","@id":"https:\/\/www.meydan.tv\/az\/article\/hesabat-her-bir-azerbaycanli-gurcustanda-orta-hesabla-303-manat-xercleyib\/#article","isPartOf":{"@id":"https:\/\/www.meydan.tv\/az\/article\/hesabat-her-bir-azerbaycanli-gurcustanda-orta-hesabla-303-manat-xercleyib\/"},"author":{"name":"user-manager","@id":"https:\/\/www.meydan.tv\/az\/#\/schema\/person\/10d11eccf6da3662cf5fdab9806ea91a"},"headline":"Hesabat: H\u0259r bir az\u0259rbaycanl\u0131 G\u00fcrc\u00fcstanda orta hesabla 303 manat x\u0259rcl\u0259yib","datePublished":"2019-12-11T11:07:50+00:00","mainEntityOfPage":{"@id":"https:\/\/www.meydan.tv\/az\/article\/hesabat-her-bir-azerbaycanli-gurcustanda-orta-hesabla-303-manat-xercleyib\/"},"wordCount":739,"publisher":{"@id":"https:\/\/www.meydan.tv\/az\/#organization"},"image":{"@id":"https:\/\/www.meydan.tv\/az\/article\/hesabat-her-bir-azerbaycanli-gurcustanda-orta-hesabla-303-manat-xercleyib\/#primaryimage"},"thumbnailUrl":"https:\/\/www.meydan.tv\/wp-content\/uploads\/46309.jpg","articleSection":["\u0130qtisadiyyat"],"inLanguage":"az"},{"@type":"WebPage","@id":"https:\/\/www.meydan.tv\/az\/article\/hesabat-her-bir-azerbaycanli-gurcustanda-orta-hesabla-303-manat-xercleyib\/","url":"https:\/\/www.meydan.tv\/az\/article\/hesabat-her-bir-azerbaycanli-gurcustanda-orta-hesabla-303-manat-xercleyib\/","name":"Hesabat: H\u0259r bir az\u0259rbaycanl\u0131 G\u00fcrc\u00fcstanda orta hesabla 303 manat x\u0259rcl\u0259yib - MEYDAN.TV","isPartOf":{"@id":"https:\/\/www.meydan.tv\/az\/#website"},"primaryImageOfPage":{"@id":"https:\/\/www.meydan.tv\/az\/article\/hesabat-her-bir-azerbaycanli-gurcustanda-orta-hesabla-303-manat-xercleyib\/#primaryimage"},"image":{"@id":"https:\/\/www.meydan.tv\/az\/article\/hesabat-her-bir-azerbaycanli-gurcustanda-orta-hesabla-303-manat-xercleyib\/#primaryimage"},"thumbnailUrl":"https:\/\/www.meydan.tv\/wp-content\/uploads\/46309.jpg","datePublished":"2019-12-11T11:07:50+00:00","breadcrumb":{"@id":"https:\/\/www.meydan.tv\/az\/article\/hesabat-her-bir-azerbaycanli-gurcustanda-orta-hesabla-303-manat-xercleyib\/#breadcrumb"},"inLanguage":"az","potentialAction":[{"@type":"ReadAction","target":["https:\/\/www.meydan.tv\/az\/article\/hesabat-her-bir-azerbaycanli-gurcustanda-orta-hesabla-303-manat-xercleyib\/"]}]},{"@type":"ImageObject","inLanguage":"az","@id":"https:\/\/www.meydan.tv\/az\/article\/hesabat-her-bir-azerbaycanli-gurcustanda-orta-hesabla-303-manat-xercleyib\/#primaryimage","url":"https:\/\/www.meydan.tv\/wp-content\/uploads\/46309.jpg","contentUrl":"https:\/\/www.meydan.tv\/wp-content\/uploads\/46309.jpg","width":1280,"height":640,"caption":"Foto: arxiv"},{"@type":"BreadcrumbList","@id":"https:\/\/www.meydan.tv\/az\/article\/hesabat-her-bir-azerbaycanli-gurcustanda-orta-hesabla-303-manat-xercleyib\/#breadcrumb","itemListElement":[{"@type":"ListItem","position":1,"name":"Ana s\u0259hif\u0259","item":"https:\/\/www.meydan.tv\/az\/"},{"@type":"ListItem","position":2,"name":"\u0130qtisadiyyat","item":"https:\/\/www.meydan.tv\/az\/section\/iqtisadiyyat\/"},{"@type":"ListItem","position":3,"name":"Hesabat: H\u0259r bir az\u0259rbaycanl\u0131 G\u00fcrc\u00fcstanda orta hesabla 303 manat x\u0259rcl\u0259yib"}]},{"@type":"WebSite","@id":"https:\/\/www.meydan.tv\/az\/#website","url":"https:\/\/www.meydan.tv\/az\/","name":"MEYDAN.TV","description":"Meydan TV Az\u0259rbaycan\u0131n media m\u0259kan\u0131ndak\u0131 alternativ s\u0259sidir","publisher":{"@id":"https:\/\/www.meydan.tv\/az\/#organization"},"potentialAction":[{"@type":"SearchAction","target":{"@type":"EntryPoint","urlTemplate":"https:\/\/www.meydan.tv\/az\/?s={search_term_string}"},"query-input":{"@type":"PropertyValueSpecification","valueRequired":true,"valueName":"search_term_string"}}],"inLanguage":"az"},{"@type":"Organization","@id":"https:\/\/www.meydan.tv\/az\/#organization","name":"Meydan TV","url":"https:\/\/www.meydan.tv\/az\/","logo":{"@type":"ImageObject","inLanguage":"az","@id":"https:\/\/www.meydan.tv\/az\/#\/schema\/logo\/image\/","url":"https:\/\/www.meydan.tv\/wp-content\/uploads\/2021\/07\/meydan-logo.svg","contentUrl":"https:\/\/www.meydan.tv\/wp-content\/uploads\/2021\/07\/meydan-logo.svg","width":195,"height":46,"caption":"Meydan TV"},"image":{"@id":"https:\/\/www.meydan.tv\/az\/#\/schema\/logo\/image\/"}},{"@type":"Person","@id":"https:\/\/www.meydan.tv\/az\/#\/schema\/person\/10d11eccf6da3662cf5fdab9806ea91a","name":"user-manager"}]}},"_links":{"self":[{"href":"https:\/\/www.meydan.tv\/az\/wp-json\/wp\/v2\/posts\/198317","targetHints":{"allow":["GET"]}}],"collection":[{"href":"https:\/\/www.meydan.tv\/az\/wp-json\/wp\/v2\/posts"}],"about":[{"href":"https:\/\/www.meydan.tv\/az\/wp-json\/wp\/v2\/types\/post"}],"author":[{"embeddable":true,"href":"https:\/\/www.meydan.tv\/az\/wp-json\/wp\/v2\/users\/11"}],"replies":[{"embeddable":true,"href":"https:\/\/www.meydan.tv\/az\/wp-json\/wp\/v2\/comments?post=198317"}],"version-history":[{"count":0,"href":"https:\/\/www.meydan.tv\/az\/wp-json\/wp\/v2\/posts\/198317\/revisions"}],"wp:featuredmedia":[{"embeddable":true,"href":"https:\/\/www.meydan.tv\/az\/wp-json\/wp\/v2\/media\/116190"}],"wp:attachment":[{"href":"https:\/\/www.meydan.tv\/az\/wp-json\/wp\/v2\/media?parent=198317"}],"wp:term":[{"taxonomy":"category","embeddable":true,"href":"https:\/\/www.meydan.tv\/az\/wp-json\/wp\/v2\/categories?post=198317"},{"taxonomy":"post_tag","embeddable":true,"href":"https:\/\/www.meydan.tv\/az\/wp-json\/wp\/v2\/tags?post=198317"}],"curies":[{"name":"wp","href":"https:\/\/api.w.org\/{rel}","templated":true}]}}