{"id":198302,"date":"2019-12-10T11:55:36","date_gmt":"2019-12-10T11:55:36","guid":{"rendered":"https:\/\/www.meydan.tv\/article\/usaqlarina-isgence-verdiyi-iddia-edilen-ata-ile-bagli-cinayet-isi-acilib\/"},"modified":"2019-12-10T11:55:36","modified_gmt":"2019-12-10T11:55:36","slug":"usaqlarina-isgence-verdiyi-iddia-edilen-ata-ile-bagli-cinayet-isi-acilib","status":"publish","type":"post","link":"https:\/\/www.meydan.tv\/az\/article\/usaqlarina-isgence-verdiyi-iddia-edilen-ata-ile-bagli-cinayet-isi-acilib\/","title":{"rendered":"U\u015faqlar\u0131na i\u015fg\u0259nc\u0259 verdiyi iddia edil\u0259n ata il\u0259 ba\u011fl\u0131 cinay\u0259t i\u015fi a\u00e7\u0131l\u0131b"},"content":{"rendered":"<p>\n  <i><br \/>\n    Baba: \u201cU\u015faqlar\u0131n barmaqlar\u0131n\u0131 yand\u0131r\u0131b, qolunu s\u0131nd\u0131rm\u0131\u015fd\u0131lar\u201d<br \/>\n  <\/i>\n<\/p>\n<p>\n  \u201cQ\u0131z\u0131m\u0131 34 ya\u015f\u0131 olanda itirmi\u015f\u0259m. Qaraciy\u0259r serrozundan \u0259ziyy\u0259t \u00e7\u0259kirdi. Sa\u011falmas\u0131 \u00fc\u00e7\u00fcn laz\u0131m olan pulu toplaya bilm\u0259dim. Ondan geriy\u0259 2 balas\u0131 qalm\u0131\u015fd\u0131. Birinin 1 ya\u015f\u0131 vard\u0131, dig\u0259ri 1 ya\u015f 7 ayl\u0131q idi. G\u00f6z\u00fcm kimi bax\u0131rd\u0131m. Q\u0131z\u0131m\u0131n iyini onlardan al\u0131rd\u0131m. 7 ay \u00f6nc\u0259 atas\u0131 m\u0259hk\u0259m\u0259y\u0259 m\u00fcraci\u0259t edib, u\u015faqlar\u0131 m\u0259nd\u0259n ald\u0131. Hakim dedi: \u201cAnalar\u0131 \u00f6l\u00fcb, u\u015faqlar atalar\u0131 il\u0259 b\u00f6y\u00fcm\u0259lidir\u201d. Daha yoxlamad\u0131lar bu atan\u0131n psixoloji durumu yerind\u0259dir, ya yox\u201d.\n<\/p>\n<p>\n  A\u011fcab\u0259di rayonunun A\u015fa\u011f\u0131 Qiyam\u0259dinli k\u0259nd sakini Qulu ki\u015fi bel\u0259 deyir. Sosial \u015f\u0259b\u0259k\u0259l\u0259rd\u0259 onun v\u0259 n\u0259v\u0259l\u0259rinin videog\u00f6r\u00fcnt\u00fcl\u0259ri yay\u0131l\u0131b.\n<\/p>\n<p>\n  K\u0259nd sakini bildirir ki, 7 ay \u0259rzind\u0259 u\u015faqlar\u0131n atas\u0131 Xaqani Kaz\u0131mov v\u0259 anal\u0131qlar\u0131 Nur\u0259n\u0259 adl\u0131 \u015f\u0259xs onlara i\u015fg\u0259nc\u0259l\u0259r veribl\u0259r:\n<\/p>\n<p>\n  \u201cOnlar Bak\u0131da Zabrat q\u0259s\u0259b\u0259sind\u0259 ya\u015fay\u0131rd\u0131lar. Odur ki, m\u0259n u\u015faqlar\u0131m\u0131n v\u0259ziyy\u0259tind\u0259n \u00e7ox gec x\u0259b\u0259r tutmu\u015fam. U\u015faqlar\u0131 t\u0259k ayaq \u00fcst\u0259 \u00fcz\u00fc divara sar\u0131 saxlay\u0131b, \u00f6zl\u0259ri yem\u0259k yeyirmi\u015f. Nadinclik ed\u0259nd\u0259 onlar\u0131 \u00e7ox pis d\u00f6y\u00fcb, i\u015fg\u0259nc\u0259 veribl\u0259r. Bunlar\u0131n ham\u0131s\u0131n\u0131n m\u0259nd\u0259 \u015f\u0259kill\u0259ri var, s\u00fcbut ed\u0259 bil\u0259r\u0259m\u201d.\n<\/p>\n<p>\n  Qulu ki\u015fi deyir ki, u\u015faqlar\u0131n v\u0259ziyy\u0259ti il\u0259 ba\u011fl\u0131 x\u0259b\u0259r tutanda is\u0259 art\u0131q gec imi\u015f:\n<\/p>\n<p>\n  \u201cU\u015faqlar\u0131n barmaqlar\u0131n\u0131 yand\u0131r\u0131b, qolunu s\u0131nd\u0131rm\u0131\u015fd\u0131lar. B\u0259d\u0259nl\u0259ri is\u0259 yara, g\u00f6y i\u00e7ind\u0259 idi. M\u0259n tez polis\u0259 m\u00fcraci\u0259t etdim. Polisin k\u00f6m\u0259yil\u0259 u\u015faqlar\u0131 atadan al\u0131b, ev\u0259 g\u0259tirdim. Cinay\u0259tkar deyil\u0259m, \u015f\u0259r-b\u00f6htan atm\u0131ram. H\u0259r \u015fey g\u00f6z \u00f6n\u00fcnd\u0259dir. M\u0259n t\u0259s\u0259rr\u00fcfatla m\u0259\u015f\u011ful olan, b\u00fct\u00fcn g\u00fcn\u00fc i\u015fl\u0259yib, \u0259linin qabar\u0131 il\u0259 bir tik\u0259 \u00e7\u00f6r\u0259yini qazanan adamam. N\u0259 i\u015fim var n\u0259v\u0259l\u0259rimin atas\u0131 il\u0259? \u018fg\u0259r u\u015faqlara yax\u015f\u0131 baxsayd\u0131, m\u0259nim d\u0259 i\u015fim asan olard\u0131. Faktiki u\u015faqlar pis g\u00fcnd\u0259dirl\u0259r\u201d.\n<\/p>\n<p>\n  Baba n\u0259v\u0259l\u0259rinin durumu il\u0259 ba\u011fl\u0131 Prezident \u0130lham \u018fliyevd\u0259n, Birinci vitse-prezident Mehriban \u018fliyevadan, \u0259laq\u0259dar qurumlardan k\u00f6m\u0259k ist\u0259yir:\n<\/p>\n<p>\n  \u201cXahi\u015f edir\u0259m, cinay\u0259tkarlar\u0131n c\u0259zalar\u0131na \u00e7atmas\u0131 \u00fc\u00e7\u00fcn g\u00f6st\u0259ri\u015f verin. \u0130\u015fi \u00f6rt-basd\u0131r etm\u0259l\u0259rin\u0259 imkan verm\u0259yin. \u0130ndi b\u00fct\u00fcn m\u0259hk\u0259m\u0259l\u0259r pulla i\u015fl\u0259yir. Kim pul verir, onun lehin\u0259 q\u0259rar \u00e7\u0131xar\u0131l\u0131r. Xahi\u015f edir\u0259m, bunu etm\u0259l\u0259rin\u0259 imkan verm\u0259yin. 7 ay m\u0259nim u\u015faqlar\u0131ma i\u015fg\u0259nc\u0259 verilib. D\u00f6z\u0259 bilmir\u0259m. Balam\u0131 itirmi\u015f\u0259m, bu azm\u0131\u015f kimi bir d\u0259 ondan qalan yadigarlar\u0131n ba\u015f\u0131na oyun a\u00e7\u0131blar. M\u0259n\u0259 \u00e7ox \u00e7\u0259tindir, d\u00f6z\u0259 bilmir\u0259m\u201d.\n<\/p>\n<figure class=\"wp-block-image size-large\">\n  <img decoding=\"async\" src=\"https:\/\/www.meydan.tv\/az\/20191210_124442-jpg\/\" alt=\"20191210_124442.jpg\" class=\"wp-image-134162\"\/><figcaption>\n    Qulu ki\u015fi deyir ki, u\u015faqlar\u0131n v\u0259ziyy\u0259ti il\u0259 ba\u011fl\u0131 x\u0259b\u0259r tutanda art\u0131q gec imi\u015f<br \/>\n  <\/figcaption><\/figure>\n<p>\n  Bu is\u0259 balaca Qulunun s\u00f6zl\u0259ridir: \u201cAtamla Nuran\u0259 yem\u0259k yey\u0259nd\u0259 qaqamla m\u0259ni \u00fcz\u00fc divarda t\u0259k ayaq\u00fcst\u0259 saxlay\u0131rlar. Bir d\u0259f\u0259 onlar kabab yeyirdil\u0259r. H\u00fcseyn \u201cm\u0259n d\u0259 kabab ist\u0259yir\u0259m\u201d, &#8211; dedi. Nuran\u0259 \u015fi\u015fi q\u0131zd\u0131r\u0131b, qaqam\u0131n belin\u0259 v\u0259 boynuna vurdu&#8230;\u201d.\n<\/p>\n<p>\n  H\u00fcseyn deyir ki, atas\u0131 ax\u015famlar ev gec g\u0259lirmi\u015f. Onlar is\u0259 Nuran\u0259nin qorxusunda dinm\u0259zc\u0259 k\u00fcncd\u0259 dayan\u0131rm\u0131\u015flar:\n<\/p>\n<p>\n  \u201cNuran\u0259 \u00e7ay i\u00e7\u0259nd\u0259 qarda\u015f\u0131m Qulu susuz oldu\u011fu \u00fc\u00e7\u00fcn onun a\u011fz\u0131na baxd\u0131. O da isti \u00e7ay\u0131 Qulunun \u00fcz\u00fcn\u0259 at\u0131b, qaqam\u0131n \u00fcz\u00fcn\u00fc yand\u0131rd\u0131. Sonra da m\u0259ni qaz d\u0259miri il\u0259 d\u00f6yd\u00fc&#8230;\u201d.\n<\/p>\n<p>\n  Qulu ki\u015fi internet vasit\u0259sil\u0259 aidiyyat\u0131 qurumlara m\u00fcraci\u0259t edib, n\u0259v\u0259l\u0259rinin b\u0259d\u0259nl\u0259rind\u0259ki i\u015fg\u0259nc\u0259 izl\u0259rini g\u00f6st\u0259rib. Bundan sonra Ba\u015f Prokurorluq m\u0259s\u0259l\u0259 il\u0259 ba\u011fl\u0131 Cinay\u0259t M\u0259c\u0259ll\u0259sinin 127.2.2 (q\u0259sd\u0259n sa\u011flaml\u0131\u011fa az a\u011f\u0131r z\u0259r\u0259r vurma, x\u00fcsusi amans\u0131zl\u0131qla, o c\u00fcml\u0259d\u0259n z\u0259r\u0259r\u00e7\u0259k\u0259n\u0259 a\u011f\u0131r iztirablar verm\u0259kl\u0259 v\u0259 ya sifari\u015fl\u0259, habel\u0259 t\u0259qsirkar \u00fc\u00e7\u00fcn a\u015fkar sur\u0259td\u0259 k\u00f6m\u0259ksiz v\u0259ziyy\u0259td\u0259 olan \u015f\u0259xs bar\u0259sind\u0259 t\u00f6r\u0259dildikd\u0259), 133.2.3 (\u0259zab verm\u0259, bir qrup \u015f\u0259xs, qabaqcadan \u0259lbir olan bir qrup \u015f\u0259xs, m\u00fct\u0259\u015f\u0259kkil d\u0259st\u0259 v\u0259 ya cinay\u0259tkar birlik (t\u0259\u015fkilat) t\u0259r\u0259find\u0259n t\u00f6r\u0259dildikd\u0259) v\u0259 133.2.4-c\u00fc (\u0259zab verm\u0259, t\u0259qsirkar \u015f\u0259xs \u00fc\u00e7\u00fcn a\u015fkar sur\u0259td\u0259 yetkinlik ya\u015f\u0131na \u00e7atmayan, habel\u0259 k\u00f6m\u0259ksiz v\u0259ziyy\u0259td\u0259 olan \u015f\u0259xs\u0259 qar\u015f\u0131 t\u00f6r\u0259dildikd\u0259) madd\u0259l\u0259ri il\u0259 cinay\u0259t i\u015fi ba\u015flay\u0131b.\n<\/p>\n<p>\n  Prokurorlu\u011fun m\u0259tbuat xidm\u0259tinin r\u0259hb\u0259ri Eldar Sultanov deyir ki, paytaxt\u0131n Sabun\u00e7u rayonu \u0259razisind\u0259 azya\u015fl\u0131lar &#8211; Qulu v\u0259 H\u00fcseyn adl\u0131 qarda\u015flar\u0131n ata v\u0259 \u00f6gey analar\u0131 t\u0259r\u0259find\u0259n i\u015fg\u0259nc\u0259l\u0259r\u0259 m\u0259ruz qalmalar\u0131 il\u0259 ba\u011fl\u0131 m\u0259s\u0259l\u0259 istintaq yolu il\u0259 ara\u015fd\u0131r\u0131lacaq:\n<\/p>\n<p>\n  \u201c\u0130\u015f \u00fczr\u0259 ibtidai istintaq\u0131n tam, h\u0259rt\u0259r\u0259fli v\u0259 obyektiv h\u0259yata ke\u00e7irilm\u0259sini t\u0259min etm\u0259k m\u0259qs\u0259di il\u0259 istintaq\u0131n apar\u0131lmas\u0131 Bak\u0131 \u015e\u0259h\u0259r Prokurorlu\u011funun \u0130stintaq idar\u0259sin\u0259 tap\u015f\u0131r\u0131l\u0131b. Cinay\u0259t i\u015fi \u00fczr\u0259 m\u00fcvafiq ekspertizalar t\u0259yin olunub, \u015fahidl\u0259r dindirilib v\u0259 dig\u0259r t\u0259xir\u0259sal\u0131nmaz istintaq h\u0259r\u0259k\u0259tl\u0259ri apar\u0131l\u0131b\u201d.\n<\/p>\n<p>\n  Haz\u0131rda cinay\u0259t i\u015fi \u00fczr\u0259 qeyd olunan qanunsuz hallar\u0131n h\u0259rt\u0259r\u0259fli ara\u015fd\u0131r\u0131lmaqla t\u0259qsirli \u015f\u0259xsl\u0259rin dair\u0259sinin m\u00fc\u0259yy\u0259nl\u0259\u015fdirilm\u0259kl\u0259 cinay\u0259t m\u0259suliyy\u0259tin\u0259 c\u0259lb edilm\u0259l\u0259ri istiqam\u0259tind\u0259 z\u0259ruri istintaq-\u0259m\u0259liyyat t\u0259dbirl\u0259ri davam etdirilir.\n<\/p>\n<figure class=\"wp-block-image size-large\">\n  <img decoding=\"async\" src=\"https:\/\/www.meydan.tv\/az\/20191210_124334-jpg\/\" alt=\"20191210_124334.jpg\" class=\"wp-image-134159\"\/><figcaption>\n    &#8220;\u201cAtamla Nuran\u0259 yem\u0259k yey\u0259nd\u0259 qaqamla m\u0259ni \u00fcz\u00fc divarda t\u0259k ayaq\u00fcst\u0259 saxlay\u0131rlar&#8221;<br \/>\n  <\/figcaption><\/figure>\n<figure class=\"wp-block-image size-large\">\n  <img decoding=\"async\" src=\"https:\/\/www.meydan.tv\/az\/20191210_124521-jpg\/\" alt=\"20191210_124521.jpg\" class=\"wp-image-134165\"\/><figcaption>\n    \u201cNuran\u0259 \u00e7ay i\u00e7\u0259nd\u0259 qarda\u015f\u0131m Qulu susuz oldu\u011fu \u00fc\u00e7\u00fcn onun a\u011fz\u0131na baxd\u0131&#8221;.<br \/>\n  <\/figcaption><\/figure>\n","protected":false},"excerpt":{"rendered":"<p>&#8220;Polisin k\u00f6m\u0259yil\u0259 u\u015faqlar\u0131 atadan al\u0131b, ev\u0259 g\u0259tirdim&#8221;.<\/p>\n","protected":false},"author":11,"featured_media":134153,"comment_status":"closed","ping_status":"open","sticky":false,"template":"","format":"standard","meta":{"_acf_changed":false,"_sitemap_exclude":false,"_sitemap_priority":"","_sitemap_frequency":"","footnotes":""},"categories":[60],"tags":[],"class_list":["post-198302","post","type-post","status-publish","format-standard","has-post-thumbnail","hentry","category-bolge","infinite-scroll-item","generate-columns","tablet-grid-50","mobile-grid-100","grid-parent","grid-33","no-featured-image-padding"],"acf":[],"yoast_head":"<!-- This site is optimized with the Yoast SEO plugin v27.4 - https:\/\/yoast.com\/product\/yoast-seo-wordpress\/ -->\n<title>U\u015faqlar\u0131na i\u015fg\u0259nc\u0259 verdiyi iddia edil\u0259n ata il\u0259 ba\u011fl\u0131 cinay\u0259t i\u015fi a\u00e7\u0131l\u0131b - MEYDAN.TV<\/title>\n<meta name=\"robots\" content=\"index, follow, max-snippet:-1, max-image-preview:large, max-video-preview:-1\" \/>\n<link rel=\"canonical\" href=\"https:\/\/www.meydan.tv\/az\/article\/usaqlarina-isgence-verdiyi-iddia-edilen-ata-ile-bagli-cinayet-isi-acilib\/\" \/>\n<meta property=\"og:locale\" content=\"az_AZ\" \/>\n<meta property=\"og:type\" content=\"article\" \/>\n<meta property=\"og:title\" content=\"U\u015faqlar\u0131na i\u015fg\u0259nc\u0259 verdiyi iddia edil\u0259n ata il\u0259 ba\u011fl\u0131 cinay\u0259t i\u015fi a\u00e7\u0131l\u0131b - MEYDAN.TV\" \/>\n<meta property=\"og:description\" content=\"&quot;Polisin k\u00f6m\u0259yil\u0259 u\u015faqlar\u0131 atadan al\u0131b, ev\u0259 g\u0259tirdim&quot;.\" \/>\n<meta property=\"og:url\" content=\"https:\/\/www.meydan.tv\/az\/article\/usaqlarina-isgence-verdiyi-iddia-edilen-ata-ile-bagli-cinayet-isi-acilib\/\" \/>\n<meta property=\"og:site_name\" content=\"MEYDAN.TV\" \/>\n<meta property=\"article:published_time\" content=\"2019-12-10T11:55:36+00:00\" \/>\n<meta property=\"og:image\" content=\"https:\/\/www.meydan.tv\/wp-content\/uploads\/20191210_124500.jpg\" \/>\n\t<meta property=\"og:image:width\" content=\"960\" \/>\n\t<meta property=\"og:image:height\" content=\"540\" \/>\n\t<meta property=\"og:image:type\" content=\"image\/jpeg\" \/>\n<meta name=\"author\" content=\"user-manager\" \/>\n<meta name=\"twitter:card\" content=\"summary_large_image\" \/>\n<script type=\"application\/ld+json\" class=\"yoast-schema-graph\">{\"@context\":\"https:\\\/\\\/schema.org\",\"@graph\":[{\"@type\":\"Article\",\"@id\":\"https:\\\/\\\/www.meydan.tv\\\/az\\\/article\\\/usaqlarina-isgence-verdiyi-iddia-edilen-ata-ile-bagli-cinayet-isi-acilib\\\/#article\",\"isPartOf\":{\"@id\":\"https:\\\/\\\/www.meydan.tv\\\/az\\\/article\\\/usaqlarina-isgence-verdiyi-iddia-edilen-ata-ile-bagli-cinayet-isi-acilib\\\/\"},\"author\":{\"name\":\"user-manager\",\"@id\":\"https:\\\/\\\/www.meydan.tv\\\/az\\\/#\\\/schema\\\/person\\\/10d11eccf6da3662cf5fdab9806ea91a\"},\"headline\":\"U\u015faqlar\u0131na i\u015fg\u0259nc\u0259 verdiyi iddia edil\u0259n ata il\u0259 ba\u011fl\u0131 cinay\u0259t i\u015fi a\u00e7\u0131l\u0131b\",\"datePublished\":\"2019-12-10T11:55:36+00:00\",\"mainEntityOfPage\":{\"@id\":\"https:\\\/\\\/www.meydan.tv\\\/az\\\/article\\\/usaqlarina-isgence-verdiyi-iddia-edilen-ata-ile-bagli-cinayet-isi-acilib\\\/\"},\"wordCount\":1065,\"publisher\":{\"@id\":\"https:\\\/\\\/www.meydan.tv\\\/az\\\/#organization\"},\"image\":{\"@id\":\"https:\\\/\\\/www.meydan.tv\\\/az\\\/article\\\/usaqlarina-isgence-verdiyi-iddia-edilen-ata-ile-bagli-cinayet-isi-acilib\\\/#primaryimage\"},\"thumbnailUrl\":\"https:\\\/\\\/www.meydan.tv\\\/wp-content\\\/uploads\\\/20191210_124500.jpg\",\"articleSection\":[\"B\u00f6lg\u0259\"],\"inLanguage\":\"az\"},{\"@type\":\"WebPage\",\"@id\":\"https:\\\/\\\/www.meydan.tv\\\/az\\\/article\\\/usaqlarina-isgence-verdiyi-iddia-edilen-ata-ile-bagli-cinayet-isi-acilib\\\/\",\"url\":\"https:\\\/\\\/www.meydan.tv\\\/az\\\/article\\\/usaqlarina-isgence-verdiyi-iddia-edilen-ata-ile-bagli-cinayet-isi-acilib\\\/\",\"name\":\"U\u015faqlar\u0131na i\u015fg\u0259nc\u0259 verdiyi iddia edil\u0259n ata il\u0259 ba\u011fl\u0131 cinay\u0259t i\u015fi a\u00e7\u0131l\u0131b - MEYDAN.TV\",\"isPartOf\":{\"@id\":\"https:\\\/\\\/www.meydan.tv\\\/az\\\/#website\"},\"primaryImageOfPage\":{\"@id\":\"https:\\\/\\\/www.meydan.tv\\\/az\\\/article\\\/usaqlarina-isgence-verdiyi-iddia-edilen-ata-ile-bagli-cinayet-isi-acilib\\\/#primaryimage\"},\"image\":{\"@id\":\"https:\\\/\\\/www.meydan.tv\\\/az\\\/article\\\/usaqlarina-isgence-verdiyi-iddia-edilen-ata-ile-bagli-cinayet-isi-acilib\\\/#primaryimage\"},\"thumbnailUrl\":\"https:\\\/\\\/www.meydan.tv\\\/wp-content\\\/uploads\\\/20191210_124500.jpg\",\"datePublished\":\"2019-12-10T11:55:36+00:00\",\"breadcrumb\":{\"@id\":\"https:\\\/\\\/www.meydan.tv\\\/az\\\/article\\\/usaqlarina-isgence-verdiyi-iddia-edilen-ata-ile-bagli-cinayet-isi-acilib\\\/#breadcrumb\"},\"inLanguage\":\"az\",\"potentialAction\":[{\"@type\":\"ReadAction\",\"target\":[\"https:\\\/\\\/www.meydan.tv\\\/az\\\/article\\\/usaqlarina-isgence-verdiyi-iddia-edilen-ata-ile-bagli-cinayet-isi-acilib\\\/\"]}]},{\"@type\":\"ImageObject\",\"inLanguage\":\"az\",\"@id\":\"https:\\\/\\\/www.meydan.tv\\\/az\\\/article\\\/usaqlarina-isgence-verdiyi-iddia-edilen-ata-ile-bagli-cinayet-isi-acilib\\\/#primaryimage\",\"url\":\"https:\\\/\\\/www.meydan.tv\\\/wp-content\\\/uploads\\\/20191210_124500.jpg\",\"contentUrl\":\"https:\\\/\\\/www.meydan.tv\\\/wp-content\\\/uploads\\\/20191210_124500.jpg\",\"width\":960,\"height\":540,\"caption\":\"Source: Specify Source\"},{\"@type\":\"BreadcrumbList\",\"@id\":\"https:\\\/\\\/www.meydan.tv\\\/az\\\/article\\\/usaqlarina-isgence-verdiyi-iddia-edilen-ata-ile-bagli-cinayet-isi-acilib\\\/#breadcrumb\",\"itemListElement\":[{\"@type\":\"ListItem\",\"position\":1,\"name\":\"Ana s\u0259hif\u0259\",\"item\":\"https:\\\/\\\/www.meydan.tv\\\/az\\\/\"},{\"@type\":\"ListItem\",\"position\":2,\"name\":\"B\u00f6lg\u0259\",\"item\":\"https:\\\/\\\/www.meydan.tv\\\/az\\\/section\\\/bolge\\\/\"},{\"@type\":\"ListItem\",\"position\":3,\"name\":\"U\u015faqlar\u0131na i\u015fg\u0259nc\u0259 verdiyi iddia edil\u0259n ata il\u0259 ba\u011fl\u0131 cinay\u0259t i\u015fi a\u00e7\u0131l\u0131b\"}]},{\"@type\":\"WebSite\",\"@id\":\"https:\\\/\\\/www.meydan.tv\\\/az\\\/#website\",\"url\":\"https:\\\/\\\/www.meydan.tv\\\/az\\\/\",\"name\":\"MEYDAN.TV\",\"description\":\"Meydan TV Az\u0259rbaycan\u0131n media m\u0259kan\u0131ndak\u0131 alternativ s\u0259sidir\",\"publisher\":{\"@id\":\"https:\\\/\\\/www.meydan.tv\\\/az\\\/#organization\"},\"potentialAction\":[{\"@type\":\"SearchAction\",\"target\":{\"@type\":\"EntryPoint\",\"urlTemplate\":\"https:\\\/\\\/www.meydan.tv\\\/az\\\/?s={search_term_string}\"},\"query-input\":{\"@type\":\"PropertyValueSpecification\",\"valueRequired\":true,\"valueName\":\"search_term_string\"}}],\"inLanguage\":\"az\"},{\"@type\":\"Organization\",\"@id\":\"https:\\\/\\\/www.meydan.tv\\\/az\\\/#organization\",\"name\":\"Meydan TV\",\"url\":\"https:\\\/\\\/www.meydan.tv\\\/az\\\/\",\"logo\":{\"@type\":\"ImageObject\",\"inLanguage\":\"az\",\"@id\":\"https:\\\/\\\/www.meydan.tv\\\/az\\\/#\\\/schema\\\/logo\\\/image\\\/\",\"url\":\"https:\\\/\\\/www.meydan.tv\\\/wp-content\\\/uploads\\\/2021\\\/07\\\/meydan-logo.svg\",\"contentUrl\":\"https:\\\/\\\/www.meydan.tv\\\/wp-content\\\/uploads\\\/2021\\\/07\\\/meydan-logo.svg\",\"width\":195,\"height\":46,\"caption\":\"Meydan TV\"},\"image\":{\"@id\":\"https:\\\/\\\/www.meydan.tv\\\/az\\\/#\\\/schema\\\/logo\\\/image\\\/\"}},{\"@type\":\"Person\",\"@id\":\"https:\\\/\\\/www.meydan.tv\\\/az\\\/#\\\/schema\\\/person\\\/10d11eccf6da3662cf5fdab9806ea91a\",\"name\":\"user-manager\"}]}<\/script>\n<!-- \/ Yoast SEO plugin. -->","yoast_head_json":{"title":"U\u015faqlar\u0131na i\u015fg\u0259nc\u0259 verdiyi iddia edil\u0259n ata il\u0259 ba\u011fl\u0131 cinay\u0259t i\u015fi a\u00e7\u0131l\u0131b - MEYDAN.TV","robots":{"index":"index","follow":"follow","max-snippet":"max-snippet:-1","max-image-preview":"max-image-preview:large","max-video-preview":"max-video-preview:-1"},"canonical":"https:\/\/www.meydan.tv\/az\/article\/usaqlarina-isgence-verdiyi-iddia-edilen-ata-ile-bagli-cinayet-isi-acilib\/","og_locale":"az_AZ","og_type":"article","og_title":"U\u015faqlar\u0131na i\u015fg\u0259nc\u0259 verdiyi iddia edil\u0259n ata il\u0259 ba\u011fl\u0131 cinay\u0259t i\u015fi a\u00e7\u0131l\u0131b - MEYDAN.TV","og_description":"\"Polisin k\u00f6m\u0259yil\u0259 u\u015faqlar\u0131 atadan al\u0131b, ev\u0259 g\u0259tirdim\".","og_url":"https:\/\/www.meydan.tv\/az\/article\/usaqlarina-isgence-verdiyi-iddia-edilen-ata-ile-bagli-cinayet-isi-acilib\/","og_site_name":"MEYDAN.TV","article_published_time":"2019-12-10T11:55:36+00:00","og_image":[{"width":960,"height":540,"url":"https:\/\/www.meydan.tv\/wp-content\/uploads\/20191210_124500.jpg","type":"image\/jpeg"}],"author":"user-manager","twitter_card":"summary_large_image","schema":{"@context":"https:\/\/schema.org","@graph":[{"@type":"Article","@id":"https:\/\/www.meydan.tv\/az\/article\/usaqlarina-isgence-verdiyi-iddia-edilen-ata-ile-bagli-cinayet-isi-acilib\/#article","isPartOf":{"@id":"https:\/\/www.meydan.tv\/az\/article\/usaqlarina-isgence-verdiyi-iddia-edilen-ata-ile-bagli-cinayet-isi-acilib\/"},"author":{"name":"user-manager","@id":"https:\/\/www.meydan.tv\/az\/#\/schema\/person\/10d11eccf6da3662cf5fdab9806ea91a"},"headline":"U\u015faqlar\u0131na i\u015fg\u0259nc\u0259 verdiyi iddia edil\u0259n ata il\u0259 ba\u011fl\u0131 cinay\u0259t i\u015fi a\u00e7\u0131l\u0131b","datePublished":"2019-12-10T11:55:36+00:00","mainEntityOfPage":{"@id":"https:\/\/www.meydan.tv\/az\/article\/usaqlarina-isgence-verdiyi-iddia-edilen-ata-ile-bagli-cinayet-isi-acilib\/"},"wordCount":1065,"publisher":{"@id":"https:\/\/www.meydan.tv\/az\/#organization"},"image":{"@id":"https:\/\/www.meydan.tv\/az\/article\/usaqlarina-isgence-verdiyi-iddia-edilen-ata-ile-bagli-cinayet-isi-acilib\/#primaryimage"},"thumbnailUrl":"https:\/\/www.meydan.tv\/wp-content\/uploads\/20191210_124500.jpg","articleSection":["B\u00f6lg\u0259"],"inLanguage":"az"},{"@type":"WebPage","@id":"https:\/\/www.meydan.tv\/az\/article\/usaqlarina-isgence-verdiyi-iddia-edilen-ata-ile-bagli-cinayet-isi-acilib\/","url":"https:\/\/www.meydan.tv\/az\/article\/usaqlarina-isgence-verdiyi-iddia-edilen-ata-ile-bagli-cinayet-isi-acilib\/","name":"U\u015faqlar\u0131na i\u015fg\u0259nc\u0259 verdiyi iddia edil\u0259n ata il\u0259 ba\u011fl\u0131 cinay\u0259t i\u015fi a\u00e7\u0131l\u0131b - MEYDAN.TV","isPartOf":{"@id":"https:\/\/www.meydan.tv\/az\/#website"},"primaryImageOfPage":{"@id":"https:\/\/www.meydan.tv\/az\/article\/usaqlarina-isgence-verdiyi-iddia-edilen-ata-ile-bagli-cinayet-isi-acilib\/#primaryimage"},"image":{"@id":"https:\/\/www.meydan.tv\/az\/article\/usaqlarina-isgence-verdiyi-iddia-edilen-ata-ile-bagli-cinayet-isi-acilib\/#primaryimage"},"thumbnailUrl":"https:\/\/www.meydan.tv\/wp-content\/uploads\/20191210_124500.jpg","datePublished":"2019-12-10T11:55:36+00:00","breadcrumb":{"@id":"https:\/\/www.meydan.tv\/az\/article\/usaqlarina-isgence-verdiyi-iddia-edilen-ata-ile-bagli-cinayet-isi-acilib\/#breadcrumb"},"inLanguage":"az","potentialAction":[{"@type":"ReadAction","target":["https:\/\/www.meydan.tv\/az\/article\/usaqlarina-isgence-verdiyi-iddia-edilen-ata-ile-bagli-cinayet-isi-acilib\/"]}]},{"@type":"ImageObject","inLanguage":"az","@id":"https:\/\/www.meydan.tv\/az\/article\/usaqlarina-isgence-verdiyi-iddia-edilen-ata-ile-bagli-cinayet-isi-acilib\/#primaryimage","url":"https:\/\/www.meydan.tv\/wp-content\/uploads\/20191210_124500.jpg","contentUrl":"https:\/\/www.meydan.tv\/wp-content\/uploads\/20191210_124500.jpg","width":960,"height":540,"caption":"Source: Specify Source"},{"@type":"BreadcrumbList","@id":"https:\/\/www.meydan.tv\/az\/article\/usaqlarina-isgence-verdiyi-iddia-edilen-ata-ile-bagli-cinayet-isi-acilib\/#breadcrumb","itemListElement":[{"@type":"ListItem","position":1,"name":"Ana s\u0259hif\u0259","item":"https:\/\/www.meydan.tv\/az\/"},{"@type":"ListItem","position":2,"name":"B\u00f6lg\u0259","item":"https:\/\/www.meydan.tv\/az\/section\/bolge\/"},{"@type":"ListItem","position":3,"name":"U\u015faqlar\u0131na i\u015fg\u0259nc\u0259 verdiyi iddia edil\u0259n ata il\u0259 ba\u011fl\u0131 cinay\u0259t i\u015fi a\u00e7\u0131l\u0131b"}]},{"@type":"WebSite","@id":"https:\/\/www.meydan.tv\/az\/#website","url":"https:\/\/www.meydan.tv\/az\/","name":"MEYDAN.TV","description":"Meydan TV Az\u0259rbaycan\u0131n media m\u0259kan\u0131ndak\u0131 alternativ s\u0259sidir","publisher":{"@id":"https:\/\/www.meydan.tv\/az\/#organization"},"potentialAction":[{"@type":"SearchAction","target":{"@type":"EntryPoint","urlTemplate":"https:\/\/www.meydan.tv\/az\/?s={search_term_string}"},"query-input":{"@type":"PropertyValueSpecification","valueRequired":true,"valueName":"search_term_string"}}],"inLanguage":"az"},{"@type":"Organization","@id":"https:\/\/www.meydan.tv\/az\/#organization","name":"Meydan TV","url":"https:\/\/www.meydan.tv\/az\/","logo":{"@type":"ImageObject","inLanguage":"az","@id":"https:\/\/www.meydan.tv\/az\/#\/schema\/logo\/image\/","url":"https:\/\/www.meydan.tv\/wp-content\/uploads\/2021\/07\/meydan-logo.svg","contentUrl":"https:\/\/www.meydan.tv\/wp-content\/uploads\/2021\/07\/meydan-logo.svg","width":195,"height":46,"caption":"Meydan TV"},"image":{"@id":"https:\/\/www.meydan.tv\/az\/#\/schema\/logo\/image\/"}},{"@type":"Person","@id":"https:\/\/www.meydan.tv\/az\/#\/schema\/person\/10d11eccf6da3662cf5fdab9806ea91a","name":"user-manager"}]}},"_links":{"self":[{"href":"https:\/\/www.meydan.tv\/az\/wp-json\/wp\/v2\/posts\/198302","targetHints":{"allow":["GET"]}}],"collection":[{"href":"https:\/\/www.meydan.tv\/az\/wp-json\/wp\/v2\/posts"}],"about":[{"href":"https:\/\/www.meydan.tv\/az\/wp-json\/wp\/v2\/types\/post"}],"author":[{"embeddable":true,"href":"https:\/\/www.meydan.tv\/az\/wp-json\/wp\/v2\/users\/11"}],"replies":[{"embeddable":true,"href":"https:\/\/www.meydan.tv\/az\/wp-json\/wp\/v2\/comments?post=198302"}],"version-history":[{"count":0,"href":"https:\/\/www.meydan.tv\/az\/wp-json\/wp\/v2\/posts\/198302\/revisions"}],"wp:featuredmedia":[{"embeddable":true,"href":"https:\/\/www.meydan.tv\/az\/wp-json\/wp\/v2\/media\/134153"}],"wp:attachment":[{"href":"https:\/\/www.meydan.tv\/az\/wp-json\/wp\/v2\/media?parent=198302"}],"wp:term":[{"taxonomy":"category","embeddable":true,"href":"https:\/\/www.meydan.tv\/az\/wp-json\/wp\/v2\/categories?post=198302"},{"taxonomy":"post_tag","embeddable":true,"href":"https:\/\/www.meydan.tv\/az\/wp-json\/wp\/v2\/tags?post=198302"}],"curies":[{"name":"wp","href":"https:\/\/api.w.org\/{rel}","templated":true}]}}