{"id":198296,"date":"2019-12-10T11:33:29","date_gmt":"2019-12-10T11:33:29","guid":{"rendered":"https:\/\/www.meydan.tv\/article\/nobel-mukafatcisi-peter-handke-boykot-edilir\/"},"modified":"2019-12-10T11:33:29","modified_gmt":"2019-12-10T11:33:29","slug":"nobel-mukafatcisi-peter-handke-boykot-edilir","status":"publish","type":"post","link":"https:\/\/www.meydan.tv\/az\/article\/nobel-mukafatcisi-peter-handke-boykot-edilir\/","title":{"rendered":"Nobel m\u00fckafat\u00e7\u0131s\u0131 Peter Handke boykot edilir"},"content":{"rendered":"<p>\n  <i><br \/>\n    T\u00fcrkiy\u0259 d\u0259 boykota etm\u0259k \u00fc\u00e7\u00fcn Albaniya v\u0259 Kosovaya qo\u015fuldu\u011funu b\u0259yan edib<br \/>\n  <\/i>\n<\/p>\n<p>\n  Dekabr\u0131n 10-da T\u00fcrkiy\u0259 m\u0259rhum serb Slobodan Milo\u015fevi\u00e7i d\u0259st\u0259kl\u0259diyi \u00fc\u00e7\u00fcn t\u0259nqid olunan 2019-cu ilin \u0259d\u0259biyyat m\u00fckafat\u0131 laureat\u0131 Peter Handkey\u0259 etiraz olaraq Nobel m\u00fckafatland\u0131rma m\u0259rasimini boykot etm\u0259k \u00fc\u00e7\u00fcn Albaniya v\u0259 Kosovoya qo\u015fuldu\u011funu b\u0259yan edib, &#8211; RFE\/RL x\u0259b\u0259r verir.\n<\/p>\n<p>\n  T\u00fcrkiy\u0259nin \u0130sve\u00e7d\u0259ki s\u0259firi Hakki Emre Yunt dekabr\u0131n 9-da \u201cH\u00fcrriy\u0259t\u201d\u0259 verdiyi a\u00e7\u0131qlamada \u0259n az\u0131 iki anti-Handke n\u00fcmayi\u015finin ert\u0259si g\u00fcn\u00fc Stokholmda ke\u00e7iril\u0259c\u0259k m\u00fckafatland\u0131rma m\u0259rasimind\u0259 i\u015ftirak etm\u0259y\u0259c\u0259yini bildirib.\n<\/p>\n<p>\n  Bu h\u0259ft\u0259sonu T\u00fcrkiy\u0259 h\u00f6kum\u0259tinin r\u0259smisi \u0130sve\u00e7 Akademiyas\u0131n\u0131 Handkeni m\u00fckafatland\u0131rma q\u0259rar\u0131n\u0131 d\u0259yi\u015fdirm\u0259y\u0259 \u00e7a\u011f\u0131r\u0131b.\n<\/p>\n<p>\n  Kosovonun v\u0259zif\u0259sind\u0259n ayr\u0131lan Xarici i\u015fl\u0259r naziri Behgjet Pacolli \u201cBosniya v\u0259 Kosovada Milo\u015fevi\u00e7in soyq\u0131r\u0131m\u0131n\u0131 d\u0259st\u0259kl\u0259y\u0259n bir yaz\u0131\u00e7\u0131n\u0131n Nobel m\u00fckafat\u0131na layiq olmad\u0131\u011f\u0131n\u0131\u201d bildir\u0259r\u0259k qeyd edib ki, o, \u0130sve\u00e7d\u0259ki s\u0259firin\u0259 m\u00fckafatland\u0131rma m\u0259rasimini boykot etm\u0259si \u00fc\u00e7\u00fcn g\u00f6st\u0259ri\u015f verib.\n<\/p>\n<p>\n  Albaniyan\u0131n Xarici i\u015fl\u0259r naziri Gent \u00c7akaj da eyni add\u0131m\u0131 at\u0131b v\u0259 \u201cYuqoslaviyan\u0131n par\u00e7alanmas\u0131 zaman\u0131 m\u00fcharib\u0259 v\u0259h\u015filikl\u0259ri m\u00fckafatland\u0131r\u0131lmamal\u0131d\u0131r\u201d yazaraq tvit at\u0131b.\n<\/p>\n<p>\n  Y\u00fczl\u0259rl\u0259 insan\u0131n Stokholmun m\u0259rk\u0259zind\u0259ki Norrmalmstorg Meydan\u0131nda Handke \u0259leyhin\u0259 etiraz aksiyas\u0131 \u00fc\u00e7\u00fcn bir araya g\u0259l\u0259c\u0259yi g\u00f6zl\u0259nilir. Dig\u0259r bir n\u00fcmayi\u015fin is\u0259 m\u00fckafatland\u0131rma m\u0259rasiminin ke\u00e7irildiyi Stokholm konsert salonu xaricind\u0259 olaca\u011f\u0131 planla\u015fd\u0131r\u0131l\u0131r.\n<\/p>\n<p>\n  \u0130sve\u00e7 Akademiyas\u0131 oktyabr\u0131n 10-da 77 ya\u015fl\u0131 Handkeni \u018fd\u0259biyyat \u00fczr\u0259 Nobel M\u00fckafat\u0131 il\u0259 \u201cdil bilikl\u0259ril\u0259 \u0259traf\u0131 v\u0259 insan t\u0259cr\u00fcb\u0259sinin spesifikliyini ara\u015fd\u0131ran n\u00fcfuzlu \u0259s\u0259r\u0259 g\u00f6r\u0259\u201d m\u00fckafatland\u0131r\u0131b.\n<\/p>\n<p>\n  Handkenin bu m\u00fckafata layiq g\u00f6r\u00fclm\u0259si Balkanlar\u0131n bir \u00e7ox yerind\u0259, o c\u00fcml\u0259d\u0259n d\u00fcnyan\u0131n ba\u015fqa \u00f6lk\u0259l\u0259rind\u0259 d\u0259 q\u0259z\u0259bl\u0259 qar\u015f\u0131lan\u0131b. Handke 2006-c\u0131 ild\u0259 Milo\u015fevi\u00e7in c\u0259naz\u0259 t\u00f6r\u0259nind\u0259 ke\u00e7mi\u015f prezidenti m\u0259th etmi\u015fdi.\n<\/p>\n<p>\n  Milo\u015fevi\u00e7 1990-c\u0131 ill\u0259rd\u0259 Yuqoslaviyan\u0131n par\u00e7alanmas\u0131ndan sonrak\u0131 m\u00fcnaqi\u015f\u0259l\u0259r zaman\u0131 t\u00f6r\u0259dil\u0259n soyq\u0131r\u0131m v\u0259 dig\u0259r m\u00fcharib\u0259 cinay\u0259tl\u0259rin\u0259 g\u00f6r\u0259 BMT-nin Hollandiyadak\u0131 m\u00fcharib\u0259 cinay\u0259tl\u0259ri m\u0259hk\u0259m\u0259si t\u0259r\u0259find\u0259n m\u00fchakim\u0259 edil\u0259rk\u0259n \u00f6l\u00fcb.\n<\/p>\n<p>\n  Handke 6 dekabrda Stokholmdak\u0131 m\u0259tbuat konfrans\u0131nda Milo\u015fevi\u00e7i niy\u0259 d\u0259st\u0259kl\u0259m\u0259si il\u0259 ba\u011fl\u0131 suallar\u0131 cavabland\u0131rmay\u0131b. \u201cM\u0259n \u0259d\u0259biyyat\u0131 sevir\u0259m, fikirl\u0259ri yox\u201d, &#8211; dey\u0259 o cavab verib.\n<\/p>\n<p>\n  Handkey\u0259 dekabr\u0131n 10-da r\u0259smi olaraq 935 min dollar m\u00fckafat t\u0259qdim edil\u0259c\u0259k.\n<\/p>\n<p>\n  \u0130sve\u00e7d\u0259ki b\u00fct\u00fcn s\u0259firl\u0259r m\u0259rasim\u0259 d\u0259v\u0259t olunub.<\/p>\n","protected":false},"excerpt":{"rendered":"<p>Bu h\u0259ft\u0259sonu T\u00fcrkiy\u0259 h\u00f6kum\u0259tinin r\u0259smisi \u0130sve\u00e7 Akademiyas\u0131n\u0131 Handkeni m\u00fckafatland\u0131rma q\u0259rar\u0131n\u0131 d\u0259yi\u015fdirm\u0259y\u0259 \u00e7a\u011f\u0131r\u0131b.<\/p>\n","protected":false},"author":11,"featured_media":134150,"comment_status":"closed","ping_status":"open","sticky":false,"template":"","format":"standard","meta":{"_acf_changed":false,"_sitemap_exclude":false,"_sitemap_priority":"","_sitemap_frequency":"","footnotes":""},"categories":[64],"tags":[],"class_list":["post-198296","post","type-post","status-publish","format-standard","has-post-thumbnail","hentry","category-dunya","infinite-scroll-item","generate-columns","tablet-grid-50","mobile-grid-100","grid-parent","grid-33","no-featured-image-padding"],"acf":[],"yoast_head":"<!-- This site is optimized with the Yoast SEO plugin v27.5 - https:\/\/yoast.com\/product\/yoast-seo-wordpress\/ -->\n<title>Nobel m\u00fckafat\u00e7\u0131s\u0131 Peter Handke boykot edilir - MEYDAN.TV<\/title>\n<meta name=\"robots\" content=\"index, follow, max-snippet:-1, max-image-preview:large, max-video-preview:-1\" \/>\n<link rel=\"canonical\" href=\"https:\/\/www.meydan.tv\/az\/article\/nobel-mukafatcisi-peter-handke-boykot-edilir\/\" \/>\n<meta property=\"og:locale\" content=\"az_AZ\" \/>\n<meta property=\"og:type\" content=\"article\" \/>\n<meta property=\"og:title\" content=\"Nobel m\u00fckafat\u00e7\u0131s\u0131 Peter Handke boykot edilir - MEYDAN.TV\" \/>\n<meta property=\"og:description\" content=\"Bu h\u0259ft\u0259sonu T\u00fcrkiy\u0259 h\u00f6kum\u0259tinin r\u0259smisi \u0130sve\u00e7 Akademiyas\u0131n\u0131 Handkeni m\u00fckafatland\u0131rma q\u0259rar\u0131n\u0131 d\u0259yi\u015fdirm\u0259y\u0259 \u00e7a\u011f\u0131r\u0131b.\" \/>\n<meta property=\"og:url\" content=\"https:\/\/www.meydan.tv\/az\/article\/nobel-mukafatcisi-peter-handke-boykot-edilir\/\" \/>\n<meta property=\"og:site_name\" content=\"MEYDAN.TV\" \/>\n<meta property=\"article:published_time\" content=\"2019-12-10T11:33:29+00:00\" \/>\n<meta property=\"og:image\" content=\"https:\/\/www.meydan.tv\/wp-content\/uploads\/piter.jpg\" \/>\n\t<meta property=\"og:image:width\" content=\"1920\" \/>\n\t<meta property=\"og:image:height\" content=\"1080\" \/>\n\t<meta property=\"og:image:type\" content=\"image\/jpeg\" \/>\n<meta name=\"author\" content=\"user-manager\" \/>\n<meta name=\"twitter:card\" content=\"summary_large_image\" \/>\n<script type=\"application\/ld+json\" class=\"yoast-schema-graph\">{\"@context\":\"https:\\\/\\\/schema.org\",\"@graph\":[{\"@type\":\"Article\",\"@id\":\"https:\\\/\\\/www.meydan.tv\\\/az\\\/article\\\/nobel-mukafatcisi-peter-handke-boykot-edilir\\\/#article\",\"isPartOf\":{\"@id\":\"https:\\\/\\\/www.meydan.tv\\\/az\\\/article\\\/nobel-mukafatcisi-peter-handke-boykot-edilir\\\/\"},\"author\":{\"name\":\"user-manager\",\"@id\":\"https:\\\/\\\/www.meydan.tv\\\/az\\\/#\\\/schema\\\/person\\\/10d11eccf6da3662cf5fdab9806ea91a\"},\"headline\":\"Nobel m\u00fckafat\u00e7\u0131s\u0131 Peter Handke boykot edilir\",\"datePublished\":\"2019-12-10T11:33:29+00:00\",\"mainEntityOfPage\":{\"@id\":\"https:\\\/\\\/www.meydan.tv\\\/az\\\/article\\\/nobel-mukafatcisi-peter-handke-boykot-edilir\\\/\"},\"wordCount\":524,\"publisher\":{\"@id\":\"https:\\\/\\\/www.meydan.tv\\\/az\\\/#organization\"},\"image\":{\"@id\":\"https:\\\/\\\/www.meydan.tv\\\/az\\\/article\\\/nobel-mukafatcisi-peter-handke-boykot-edilir\\\/#primaryimage\"},\"thumbnailUrl\":\"https:\\\/\\\/www.meydan.tv\\\/wp-content\\\/uploads\\\/piter.jpg\",\"articleSection\":[\"D\u00fcnya\"],\"inLanguage\":\"az\"},{\"@type\":\"WebPage\",\"@id\":\"https:\\\/\\\/www.meydan.tv\\\/az\\\/article\\\/nobel-mukafatcisi-peter-handke-boykot-edilir\\\/\",\"url\":\"https:\\\/\\\/www.meydan.tv\\\/az\\\/article\\\/nobel-mukafatcisi-peter-handke-boykot-edilir\\\/\",\"name\":\"Nobel m\u00fckafat\u00e7\u0131s\u0131 Peter Handke boykot edilir - MEYDAN.TV\",\"isPartOf\":{\"@id\":\"https:\\\/\\\/www.meydan.tv\\\/az\\\/#website\"},\"primaryImageOfPage\":{\"@id\":\"https:\\\/\\\/www.meydan.tv\\\/az\\\/article\\\/nobel-mukafatcisi-peter-handke-boykot-edilir\\\/#primaryimage\"},\"image\":{\"@id\":\"https:\\\/\\\/www.meydan.tv\\\/az\\\/article\\\/nobel-mukafatcisi-peter-handke-boykot-edilir\\\/#primaryimage\"},\"thumbnailUrl\":\"https:\\\/\\\/www.meydan.tv\\\/wp-content\\\/uploads\\\/piter.jpg\",\"datePublished\":\"2019-12-10T11:33:29+00:00\",\"breadcrumb\":{\"@id\":\"https:\\\/\\\/www.meydan.tv\\\/az\\\/article\\\/nobel-mukafatcisi-peter-handke-boykot-edilir\\\/#breadcrumb\"},\"inLanguage\":\"az\",\"potentialAction\":[{\"@type\":\"ReadAction\",\"target\":[\"https:\\\/\\\/www.meydan.tv\\\/az\\\/article\\\/nobel-mukafatcisi-peter-handke-boykot-edilir\\\/\"]}]},{\"@type\":\"ImageObject\",\"inLanguage\":\"az\",\"@id\":\"https:\\\/\\\/www.meydan.tv\\\/az\\\/article\\\/nobel-mukafatcisi-peter-handke-boykot-edilir\\\/#primaryimage\",\"url\":\"https:\\\/\\\/www.meydan.tv\\\/wp-content\\\/uploads\\\/piter.jpg\",\"contentUrl\":\"https:\\\/\\\/www.meydan.tv\\\/wp-content\\\/uploads\\\/piter.jpg\",\"width\":1920,\"height\":1080,\"caption\":\"Source: Specify Source\"},{\"@type\":\"BreadcrumbList\",\"@id\":\"https:\\\/\\\/www.meydan.tv\\\/az\\\/article\\\/nobel-mukafatcisi-peter-handke-boykot-edilir\\\/#breadcrumb\",\"itemListElement\":[{\"@type\":\"ListItem\",\"position\":1,\"name\":\"Ana s\u0259hif\u0259\",\"item\":\"https:\\\/\\\/www.meydan.tv\\\/az\\\/\"},{\"@type\":\"ListItem\",\"position\":2,\"name\":\"D\u00fcnya\",\"item\":\"https:\\\/\\\/www.meydan.tv\\\/az\\\/section\\\/dunya\\\/\"},{\"@type\":\"ListItem\",\"position\":3,\"name\":\"Nobel m\u00fckafat\u00e7\u0131s\u0131 Peter Handke boykot edilir\"}]},{\"@type\":\"WebSite\",\"@id\":\"https:\\\/\\\/www.meydan.tv\\\/az\\\/#website\",\"url\":\"https:\\\/\\\/www.meydan.tv\\\/az\\\/\",\"name\":\"MEYDAN.TV\",\"description\":\"Meydan TV Az\u0259rbaycan\u0131n media m\u0259kan\u0131ndak\u0131 alternativ s\u0259sidir\",\"publisher\":{\"@id\":\"https:\\\/\\\/www.meydan.tv\\\/az\\\/#organization\"},\"potentialAction\":[{\"@type\":\"SearchAction\",\"target\":{\"@type\":\"EntryPoint\",\"urlTemplate\":\"https:\\\/\\\/www.meydan.tv\\\/az\\\/?s={search_term_string}\"},\"query-input\":{\"@type\":\"PropertyValueSpecification\",\"valueRequired\":true,\"valueName\":\"search_term_string\"}}],\"inLanguage\":\"az\"},{\"@type\":\"Organization\",\"@id\":\"https:\\\/\\\/www.meydan.tv\\\/az\\\/#organization\",\"name\":\"Meydan TV\",\"url\":\"https:\\\/\\\/www.meydan.tv\\\/az\\\/\",\"logo\":{\"@type\":\"ImageObject\",\"inLanguage\":\"az\",\"@id\":\"https:\\\/\\\/www.meydan.tv\\\/az\\\/#\\\/schema\\\/logo\\\/image\\\/\",\"url\":\"https:\\\/\\\/www.meydan.tv\\\/wp-content\\\/uploads\\\/2021\\\/07\\\/meydan-logo.svg\",\"contentUrl\":\"https:\\\/\\\/www.meydan.tv\\\/wp-content\\\/uploads\\\/2021\\\/07\\\/meydan-logo.svg\",\"width\":195,\"height\":46,\"caption\":\"Meydan TV\"},\"image\":{\"@id\":\"https:\\\/\\\/www.meydan.tv\\\/az\\\/#\\\/schema\\\/logo\\\/image\\\/\"}},{\"@type\":\"Person\",\"@id\":\"https:\\\/\\\/www.meydan.tv\\\/az\\\/#\\\/schema\\\/person\\\/10d11eccf6da3662cf5fdab9806ea91a\",\"name\":\"user-manager\"}]}<\/script>\n<!-- \/ Yoast SEO plugin. -->","yoast_head_json":{"title":"Nobel m\u00fckafat\u00e7\u0131s\u0131 Peter Handke boykot edilir - MEYDAN.TV","robots":{"index":"index","follow":"follow","max-snippet":"max-snippet:-1","max-image-preview":"max-image-preview:large","max-video-preview":"max-video-preview:-1"},"canonical":"https:\/\/www.meydan.tv\/az\/article\/nobel-mukafatcisi-peter-handke-boykot-edilir\/","og_locale":"az_AZ","og_type":"article","og_title":"Nobel m\u00fckafat\u00e7\u0131s\u0131 Peter Handke boykot edilir - MEYDAN.TV","og_description":"Bu h\u0259ft\u0259sonu T\u00fcrkiy\u0259 h\u00f6kum\u0259tinin r\u0259smisi \u0130sve\u00e7 Akademiyas\u0131n\u0131 Handkeni m\u00fckafatland\u0131rma q\u0259rar\u0131n\u0131 d\u0259yi\u015fdirm\u0259y\u0259 \u00e7a\u011f\u0131r\u0131b.","og_url":"https:\/\/www.meydan.tv\/az\/article\/nobel-mukafatcisi-peter-handke-boykot-edilir\/","og_site_name":"MEYDAN.TV","article_published_time":"2019-12-10T11:33:29+00:00","og_image":[{"width":1920,"height":1080,"url":"https:\/\/www.meydan.tv\/wp-content\/uploads\/piter.jpg","type":"image\/jpeg"}],"author":"user-manager","twitter_card":"summary_large_image","schema":{"@context":"https:\/\/schema.org","@graph":[{"@type":"Article","@id":"https:\/\/www.meydan.tv\/az\/article\/nobel-mukafatcisi-peter-handke-boykot-edilir\/#article","isPartOf":{"@id":"https:\/\/www.meydan.tv\/az\/article\/nobel-mukafatcisi-peter-handke-boykot-edilir\/"},"author":{"name":"user-manager","@id":"https:\/\/www.meydan.tv\/az\/#\/schema\/person\/10d11eccf6da3662cf5fdab9806ea91a"},"headline":"Nobel m\u00fckafat\u00e7\u0131s\u0131 Peter Handke boykot edilir","datePublished":"2019-12-10T11:33:29+00:00","mainEntityOfPage":{"@id":"https:\/\/www.meydan.tv\/az\/article\/nobel-mukafatcisi-peter-handke-boykot-edilir\/"},"wordCount":524,"publisher":{"@id":"https:\/\/www.meydan.tv\/az\/#organization"},"image":{"@id":"https:\/\/www.meydan.tv\/az\/article\/nobel-mukafatcisi-peter-handke-boykot-edilir\/#primaryimage"},"thumbnailUrl":"https:\/\/www.meydan.tv\/wp-content\/uploads\/piter.jpg","articleSection":["D\u00fcnya"],"inLanguage":"az"},{"@type":"WebPage","@id":"https:\/\/www.meydan.tv\/az\/article\/nobel-mukafatcisi-peter-handke-boykot-edilir\/","url":"https:\/\/www.meydan.tv\/az\/article\/nobel-mukafatcisi-peter-handke-boykot-edilir\/","name":"Nobel m\u00fckafat\u00e7\u0131s\u0131 Peter Handke boykot edilir - MEYDAN.TV","isPartOf":{"@id":"https:\/\/www.meydan.tv\/az\/#website"},"primaryImageOfPage":{"@id":"https:\/\/www.meydan.tv\/az\/article\/nobel-mukafatcisi-peter-handke-boykot-edilir\/#primaryimage"},"image":{"@id":"https:\/\/www.meydan.tv\/az\/article\/nobel-mukafatcisi-peter-handke-boykot-edilir\/#primaryimage"},"thumbnailUrl":"https:\/\/www.meydan.tv\/wp-content\/uploads\/piter.jpg","datePublished":"2019-12-10T11:33:29+00:00","breadcrumb":{"@id":"https:\/\/www.meydan.tv\/az\/article\/nobel-mukafatcisi-peter-handke-boykot-edilir\/#breadcrumb"},"inLanguage":"az","potentialAction":[{"@type":"ReadAction","target":["https:\/\/www.meydan.tv\/az\/article\/nobel-mukafatcisi-peter-handke-boykot-edilir\/"]}]},{"@type":"ImageObject","inLanguage":"az","@id":"https:\/\/www.meydan.tv\/az\/article\/nobel-mukafatcisi-peter-handke-boykot-edilir\/#primaryimage","url":"https:\/\/www.meydan.tv\/wp-content\/uploads\/piter.jpg","contentUrl":"https:\/\/www.meydan.tv\/wp-content\/uploads\/piter.jpg","width":1920,"height":1080,"caption":"Source: Specify Source"},{"@type":"BreadcrumbList","@id":"https:\/\/www.meydan.tv\/az\/article\/nobel-mukafatcisi-peter-handke-boykot-edilir\/#breadcrumb","itemListElement":[{"@type":"ListItem","position":1,"name":"Ana s\u0259hif\u0259","item":"https:\/\/www.meydan.tv\/az\/"},{"@type":"ListItem","position":2,"name":"D\u00fcnya","item":"https:\/\/www.meydan.tv\/az\/section\/dunya\/"},{"@type":"ListItem","position":3,"name":"Nobel m\u00fckafat\u00e7\u0131s\u0131 Peter Handke boykot edilir"}]},{"@type":"WebSite","@id":"https:\/\/www.meydan.tv\/az\/#website","url":"https:\/\/www.meydan.tv\/az\/","name":"MEYDAN.TV","description":"Meydan TV Az\u0259rbaycan\u0131n media m\u0259kan\u0131ndak\u0131 alternativ s\u0259sidir","publisher":{"@id":"https:\/\/www.meydan.tv\/az\/#organization"},"potentialAction":[{"@type":"SearchAction","target":{"@type":"EntryPoint","urlTemplate":"https:\/\/www.meydan.tv\/az\/?s={search_term_string}"},"query-input":{"@type":"PropertyValueSpecification","valueRequired":true,"valueName":"search_term_string"}}],"inLanguage":"az"},{"@type":"Organization","@id":"https:\/\/www.meydan.tv\/az\/#organization","name":"Meydan TV","url":"https:\/\/www.meydan.tv\/az\/","logo":{"@type":"ImageObject","inLanguage":"az","@id":"https:\/\/www.meydan.tv\/az\/#\/schema\/logo\/image\/","url":"https:\/\/www.meydan.tv\/wp-content\/uploads\/2021\/07\/meydan-logo.svg","contentUrl":"https:\/\/www.meydan.tv\/wp-content\/uploads\/2021\/07\/meydan-logo.svg","width":195,"height":46,"caption":"Meydan TV"},"image":{"@id":"https:\/\/www.meydan.tv\/az\/#\/schema\/logo\/image\/"}},{"@type":"Person","@id":"https:\/\/www.meydan.tv\/az\/#\/schema\/person\/10d11eccf6da3662cf5fdab9806ea91a","name":"user-manager"}]}},"_links":{"self":[{"href":"https:\/\/www.meydan.tv\/az\/wp-json\/wp\/v2\/posts\/198296","targetHints":{"allow":["GET"]}}],"collection":[{"href":"https:\/\/www.meydan.tv\/az\/wp-json\/wp\/v2\/posts"}],"about":[{"href":"https:\/\/www.meydan.tv\/az\/wp-json\/wp\/v2\/types\/post"}],"author":[{"embeddable":true,"href":"https:\/\/www.meydan.tv\/az\/wp-json\/wp\/v2\/users\/11"}],"replies":[{"embeddable":true,"href":"https:\/\/www.meydan.tv\/az\/wp-json\/wp\/v2\/comments?post=198296"}],"version-history":[{"count":0,"href":"https:\/\/www.meydan.tv\/az\/wp-json\/wp\/v2\/posts\/198296\/revisions"}],"wp:featuredmedia":[{"embeddable":true,"href":"https:\/\/www.meydan.tv\/az\/wp-json\/wp\/v2\/media\/134150"}],"wp:attachment":[{"href":"https:\/\/www.meydan.tv\/az\/wp-json\/wp\/v2\/media?parent=198296"}],"wp:term":[{"taxonomy":"category","embeddable":true,"href":"https:\/\/www.meydan.tv\/az\/wp-json\/wp\/v2\/categories?post=198296"},{"taxonomy":"post_tag","embeddable":true,"href":"https:\/\/www.meydan.tv\/az\/wp-json\/wp\/v2\/tags?post=198296"}],"curies":[{"name":"wp","href":"https:\/\/api.w.org\/{rel}","templated":true}]}}