{"id":198295,"date":"2019-12-10T11:26:24","date_gmt":"2019-12-10T11:26:24","guid":{"rendered":"https:\/\/www.meydan.tv\/article\/masalli-sakini-indi-hansi-zamandi-ki-evinde-hamamin-olmasin\/"},"modified":"2019-12-10T11:26:24","modified_gmt":"2019-12-10T11:26:24","slug":"masalli-sakini-indi-hansi-zamandi-ki-evinde-hamamin-olmasin","status":"publish","type":"post","link":"https:\/\/www.meydan.tv\/az\/article\/masalli-sakini-indi-hansi-zamandi-ki-evinde-hamamin-olmasin\/","title":{"rendered":"Masall\u0131 sakini: \u0130ndi hans\u0131 zamand\u0131 ki, evind\u0259 hamam\u0131n olmas\u0131n?"},"content":{"rendered":"<p>\n  <i><br \/>\n    &quot;\u00d6z\u00fcm d\u0259 bilmir\u0259m, nec\u0259 olur ki, sa\u011f qal\u0131r\u0131q\u201d<br \/>\n  <\/i>\n<\/p>\n<p>\n  Masall\u0131n\u0131n \u018frkivan q\u0259s\u0259b\u0259sind\u0259 R\u0259fiyevl\u0259r ail\u0259sinin \u00e7ox kas\u0131b ya\u015fad\u0131\u011f\u0131n\u0131 ham\u0131 bilir. \u00dcst\u0259lik, ail\u0259nin \u00fc\u00e7 \u00f6vlad\u0131ndan ikisinin g\u00f6z\u00fc g\u00f6rm\u00fcr.\n<\/p>\n<p>\n  <b><br \/>\n    \u201c\u0130ndi hans\u0131 zamand\u0131 ki, evind\u0259 hamam\u0131n olmaya?\u201d<br \/>\n  <\/b>\n<\/p>\n<p>\n  S\u0259simiz\u0259 Aysu R\u0259fiyeva hay verir. U\u015faqlar\u0131n anas\u0131 oldu\u011funu bildirir. H\u0259yat yolda\u015f\u0131 X\u0259yal R\u0259fiyev bir ne\u00e7\u0259 ay \u0259vv\u0259l i\u015fsizlikd\u0259n Rusiyaya \u00fcz tutub. X\u0259yal\u0131n anas\u0131 G\u00fcl\u015f\u0259n Qurbanova deyir ki, bir o\u011flunu itirib, indi X\u0259yal h\u0259yatda qalan yegan\u0259 \u00f6vlad\u0131d\u0131r.\n<\/p>\n<p>\n  \u201cM\u0259n ist\u0259y\u0259r\u0259m ki, yegan\u0259 u\u015fa\u011f\u0131m \u00f6lk\u0259d\u0259n getsin? Ham\u0131s\u0131 imkans\u0131zl\u0131qdand\u0131r. Burda i\u015f tapa bilmirdi. Adi f\u0259hl\u0259lik el\u0259yirdi. \u018fn yax\u015f\u0131 halda g\u00fcn\u0259 15 manat qazan\u0131rd\u0131. O da h\u0259r g\u00fcn olmurdu. \u00c7ar\u0259sizlikd\u0259n getdi. Evin d\u00f6rd t\u0259r\u0259fi m\u00fc\u015f\u0259mb\u0259 idi. Hamam\u0131n divarlar\u0131n\u0131 yenic\u0259 h\u00f6rm\u00fc\u015f\u00fck, he\u00e7 qap\u0131s\u0131 da yoxdu. Evimiz u\u00e7ulub-da\u011f\u0131l\u0131r. \u0130ndi hans\u0131 zamand\u0131 ki, evind\u0259 hamam\u0131n olmas\u0131n?\u201d, &#8211; G\u00fcl\u015f\u0259n xan\u0131m v\u0259ziyy\u0259tin a\u011f\u0131rl\u0131\u011f\u0131n\u0131 bel\u0259 \u00e7atd\u0131r\u0131r.\n<\/p>\n<p>\n  Aysu R\u0259fiyeva deyir ki, h\u0259yat yolda\u015f\u0131na \u00e7ox ehtiyac duyurlar: \u201cDaimi i\u015fi olsa, he\u00e7 Rusiyaya getm\u0259z\u201d.\n<\/p>\n<p>\n  G\u00fcl\u015f\u0259n Qurbanova bu aydan 200 manat pensiya ald\u0131\u011f\u0131n\u0131 deyir. Amma bu pul be\u015f n\u0259f\u0259rin dolan\u0131\u015f\u0131\u011f\u0131na \u00e7atm\u0131r. \u00c7al\u0131\u015f\u0131rlar ki, he\u00e7 kimd\u0259n yard\u0131m ist\u0259m\u0259sinl\u0259r: \u201cG\u00f6y-g\u00f6y\u0259rti \u0259kir\u0259m ki, n\u0259s\u0259 yey\u0259k. \u00c7\u0259tin dolan\u0131r\u0131q. M\u0259n insanlar\u0131n k\u00f6m\u0259yin\u0259 g\u00f6z dikm\u0259yin t\u0259r\u0259fdar\u0131 deyil\u0259m. N\u0259s\u0259 verib, sonra gedib dan\u0131\u015fanda da \u00fcr\u0259yim\u0259 a\u011f\u0131r g\u0259lir. \u00d6z g\u00fcc\u00fcm\u00fcz\u0259 ya\u015famaq ist\u0259rdik\u201d.\n<\/p>\n<p>\n  <b><br \/>\n    \u201cM\u00fcalic\u0259 vaxt\u0131 ke\u00e7ir, amma pul yoxdu\u201d<br \/>\n  <\/b>\n<\/p>\n<p>\n  R\u0259fiyevl\u0259r ail\u0259sind\u0259 5 ya\u015fl\u0131 Sadiq v\u0259 4 ya\u015fl\u0131 R\u00fcqay\u0259 u\u015faq autizmind\u0259n \u0259ziyy\u0259t \u00e7\u0259kir. H\u0259r iki u\u015faq i\u015f\u0131\u011fa h\u0259sr\u0259tdir. Sadiqin \u0259linin \u00fcst\u00fcnd\u0259 yan\u0131q yaras\u0131 g\u00f6r\u00fcr\u00fck. N\u0259n\u0259si deyir ki, u\u015faq g\u00f6z\u00fc g\u00f6rm\u0259diyind\u0259n \u0259lini sobaya vurub.\n<\/p>\n<p>\n  \u201cAnadang\u0259lm\u0259 bel\u0259dil\u0259r. \u00c7ox x\u0259st\u0259xanalara getmi\u015fik. U\u015faq Nevroloji X\u0259st\u0259xanas\u0131nda qeydiyyatdad\u0131rlar. H\u0259r ay ora m\u00fcalic\u0259y\u0259 apar\u0131r\u0131q. G\u00f6z\u00fcm\u00fcz\u00fcn qaba\u011f\u0131nda z\u00fclm \u00e7\u0259kirl\u0259r. T\u0259s\u0259vv\u00fcr el\u0259yin, susuzlay\u0131rlar, amma dey\u0259 bilmirl\u0259r\u201d, &#8211; n\u0259n\u0259 dan\u0131\u015f\u0131r.\n<\/p>\n<p>\n  G\u00fcl\u015f\u0259n xan\u0131m deyir ki, R\u00fcqay\u0259 h\u0259l\u0259 d\u0259 dan\u0131\u015fa bilmir. Uzun m\u00fcdd\u0259t u\u015faqlar\u0131n g\u00f6rm\u0259 qabiliyy\u0259tinin b\u0259rpas\u0131 \u00fc\u00e7\u00fcn \u00e7al\u0131\u015f\u0131blar. Amma ax\u0131r\u0131nc\u0131 d\u0259f\u0259 Z\u0259rif\u0259 \u018fliyeva ad\u0131na Oftalmologiya M\u0259rk\u0259zind\u0259 b\u0259dbin r\u0259y veribl\u0259r.\n<\/p>\n<figure class=\"wp-block-image size-large\">\n  <img decoding=\"async\" src=\"https:\/\/www.meydan.tv\/az\/image_from_ios-jpg-122\/\" alt=\"image_from_ios.jpg\" class=\"wp-image-134141\"\/><figcaption>\n    \u201cHe\u00e7 \u00f6z\u00fcm d\u0259 bilmir\u0259m, nec\u0259 dolan\u0131r\u0131q, nec\u0259 olur ki, sa\u011f qal\u0131r\u0131q\u201d<br \/>\n  <\/figcaption><\/figure>\n<p>\n  \u201cDedil\u0259r ki, \u00e7ar\u0259si yoxdu. Tan\u0131nm\u0131\u015f h\u0259kim Cahid \u015eahbazovun da yan\u0131na apard\u0131q. Dedi, g\u00f6zl\u0259rind\u0259 problem yoxdu, bunlar\u0131n d\u0259rdi beyinl\u0259 \u0259laq\u0259dard\u0131r. Beyin inki\u015faf el\u0259mir. Biz \u0259limizd\u0259n g\u0259l\u0259ni \u0259sirg\u0259mirik. \u0130ndiy\u0259 q\u0259d\u0259r ordan-burdan pul tap\u0131b m\u00fcalic\u0259 el\u0259tdirm\u0259y\u0259 \u00e7al\u0131\u015fm\u0131\u015f\u0131q. N\u0259 q\u0259d\u0259r yolpulumuz \u00e7\u0131x\u0131r. U\u015faqlar\u0131 Bak\u0131ya avtobusla aparmaq olmur, q\u0131\u015fq\u0131r\u0131rlar. Adic\u0259 bez\u0259 pul \u00e7atd\u0131ra bilmirik. Yen\u0259 m\u00fcalic\u0259y\u0259 aparmal\u0131y\u0131q. Vaxt ke\u00e7ir, amma pul yoxdu\u201d, &#8211; G\u00fcl\u015f\u0259n Qurbanova t\u0259\u0259ss\u00fcfl\u0259 bildirir.\n<\/p>\n<p>\n  <b><br \/>\n    \u201c\u0130cra ba\u015f\u00e7\u0131s\u0131na dedim ki, biz bu d\u00fcnyada ya\u015fam\u0131r\u0131q\u201d<br \/>\n  <\/b>\n<\/p>\n<p>\n  G\u00fcl\u015f\u0259n xan\u0131m deyir ki, Sadiq\u0259 g\u00f6r\u0259 150 manat m\u00fcavin\u0259t alma\u011fa ba\u015flay\u0131blar. Amma R\u00fcqay\u0259nin m\u0259s\u0259l\u0259si Masall\u0131 Rayon M\u0259rk\u0259zi X\u0259st\u0259xanas\u0131n\u0131n ba\u015f h\u0259kimi C\u0259lil N\u0259z\u0259rovun \u00fcz\u00fcnd\u0259n yuban\u0131r:\n<\/p>\n<p>\n  \u201cZ\u0259rif\u0259 \u018fliyeva ad\u0131na x\u0259st\u0259xanadan ka\u011f\u0131z g\u0259tirdik. C\u0259lil h\u0259kim pula g\u00f6r\u0259 bizi get-g\u0259l\u0259 sald\u0131, ka\u011f\u0131z\u0131n vaxt\u0131 \u00f6td\u00fc. \u00c7ox s\u00fcr\u00fcnd\u00fcr\u00fcrl\u0259r. U\u015faqlara ayr\u0131lan pul onsuz da onlar\u0131n m\u00fcalic\u0259sin\u0259 \u00e7atm\u0131r. M\u00fcalic\u0259 \u00fc\u00e7\u00fcn kredit g\u00f6t\u00fcrm\u00fc\u015fd\u00fcm. Ham\u0131s\u0131n\u0131 x\u0259st\u0259xanalara x\u0259rcl\u0259mi\u015f\u0259m\u201d.\n<\/p>\n<p>\n  Aysu R\u0259fiyeva deyir ki, d\u00f6vl\u0259td\u0259n he\u00e7 bir yard\u0131m g\u00f6rm\u00fcrl\u0259r. He\u00e7 b\u0259l\u0259diyy\u0259 d\u0259 onlar\u0131n probleml\u0259ri il\u0259 maraqlanm\u0131r. Bayramlarda bir d\u0259f\u0259 d\u0259 olsun qap\u0131lar\u0131n\u0131 d\u00f6y\u0259n olmay\u0131b.\n<\/p>\n<p>\n  Bu yerd\u0259 G\u00fcl\u015f\u0259n Qurbanova Masall\u0131 Rayon \u0130cra Hakimiyy\u0259tinin ba\u015f\u00e7\u0131s\u0131 \u015eahin M\u0259mm\u0259dovla g\u00f6r\u00fc\u015f\u00fcn\u00fc xat\u0131rlay\u0131r:\n<\/p>\n<p>\n  \u201cDedim, \u015fikay\u0259tim C\u0259lil h\u0259kimd\u0259ndi. U\u015faqlar\u0131n x\u0259st\u0259liyi, evin u\u00e7mas\u0131 haqda dan\u0131\u015fd\u0131m. Dedim, biz bu d\u00fcnyada ya\u015fam\u0131r\u0131q. \u0130cra hakimiyy\u0259tinin n\u00fcmay\u0259nd\u0259si sonra m\u0259nim \u015f\u0259xsiyy\u0259t v\u0259siq\u0259mi ist\u0259di ki, siz\u0259 yard\u0131m olacaq. Bir g\u00fcn bankdan z\u0259ng vurdular. Gedib g\u00f6rd\u00fcm ki, 50 manat pul k\u00f6\u00e7\u00fcr\u00fcbl\u0259r\u201d.\n<\/p>\n<p>\n  G\u00fcl\u015f\u0259n xan\u0131mla h\u0259y\u0259td\u0259 bir az da s\u00f6hb\u0259t el\u0259yirik. Ard\u0131c\u0131l 36 il xadim\u0259 i\u015fl\u0259m\u0259sind\u0259n dan\u0131\u015f\u0131r, h\u0259yat\u0131n\u0131n h\u0259mi\u015f\u0259 \u00e7\u0259tin ke\u00e7diyini bildirir. \u201cHe\u00e7 \u00f6z\u00fcm d\u0259 bilmir\u0259m, nec\u0259 dolan\u0131r\u0131q, nec\u0259 olur ki, sa\u011f qal\u0131r\u0131q\u201d, &#8211; deyir. Ax\u0131rda gileyl\u0259nir ki, sosial yard\u0131m almaq \u00fc\u00e7\u00fcn \u00e7ox \u00e7al\u0131\u015f\u0131b, amma he\u00e7 n\u0259 al\u0131nmay\u0131b&#8230;\n<\/p>\n<p>\n  Masall\u0131 Rayon M\u0259rk\u0259zi X\u0259st\u0259xanas\u0131n\u0131n ba\u015f h\u0259kimi C\u0259lil N\u0259z\u0259rov deyil\u0259nl\u0259ri Meydan TV-y\u0259 t\u0259kzib edib:\n<\/p>\n<p>\n  \u201cOla bilm\u0259z, g\u00f6r\u00fcn\u00fcr s\u0259hv anlay\u0131b. Ola bilsin hans\u0131sa s\u0259n\u0259dind\u0259 s\u0259hv varm\u0131\u015f dey\u0259 geri qaytar\u0131l\u0131b. H\u0259ft\u0259nin 4-c\u00fc g\u00fcn\u00fc g\u0259lib komissiyadan ke\u00e7sin\u201d.\n<\/p>\n<p>\n  Masall\u0131 Rayon \u0130cra Hakimiyy\u0259tind\u0259n is\u0259 ail\u0259 il\u0259 maraqlanacaqlar\u0131n\u0131 bildiribl\u0259r.<\/p>\n","protected":false},"excerpt":{"rendered":"<p>&#8220;M\u0259n ist\u0259y\u0259r\u0259m ki, yegan\u0259 u\u015fa\u011f\u0131m \u00f6lk\u0259d\u0259n getsin?&#8221;<\/p>\n","protected":false},"author":11,"featured_media":134144,"comment_status":"closed","ping_status":"open","sticky":false,"template":"","format":"standard","meta":{"_acf_changed":false,"_sitemap_exclude":false,"_sitemap_priority":"","_sitemap_frequency":"","footnotes":""},"categories":[60],"tags":[],"class_list":["post-198295","post","type-post","status-publish","format-standard","has-post-thumbnail","hentry","category-bolge","infinite-scroll-item","generate-columns","tablet-grid-50","mobile-grid-100","grid-parent","grid-33","no-featured-image-padding"],"acf":[],"yoast_head":"<!-- This site is optimized with the Yoast SEO plugin v27.5 - https:\/\/yoast.com\/product\/yoast-seo-wordpress\/ -->\n<title>Masall\u0131 sakini: \u0130ndi hans\u0131 zamand\u0131 ki, evind\u0259 hamam\u0131n olmas\u0131n? - MEYDAN.TV<\/title>\n<meta name=\"robots\" content=\"index, follow, max-snippet:-1, max-image-preview:large, max-video-preview:-1\" \/>\n<link rel=\"canonical\" href=\"https:\/\/www.meydan.tv\/az\/article\/masalli-sakini-indi-hansi-zamandi-ki-evinde-hamamin-olmasin\/\" \/>\n<meta property=\"og:locale\" content=\"az_AZ\" \/>\n<meta property=\"og:type\" content=\"article\" \/>\n<meta property=\"og:title\" content=\"Masall\u0131 sakini: \u0130ndi hans\u0131 zamand\u0131 ki, evind\u0259 hamam\u0131n olmas\u0131n? - MEYDAN.TV\" \/>\n<meta property=\"og:description\" content=\"&quot;M\u0259n ist\u0259y\u0259r\u0259m ki, yegan\u0259 u\u015fa\u011f\u0131m \u00f6lk\u0259d\u0259n getsin?&quot;\" \/>\n<meta property=\"og:url\" content=\"https:\/\/www.meydan.tv\/az\/article\/masalli-sakini-indi-hansi-zamandi-ki-evinde-hamamin-olmasin\/\" \/>\n<meta property=\"og:site_name\" content=\"MEYDAN.TV\" \/>\n<meta property=\"article:published_time\" content=\"2019-12-10T11:26:24+00:00\" \/>\n<meta property=\"og:image\" content=\"https:\/\/www.meydan.tv\/wp-content\/uploads\/image_from_ios_1_hbbwxtn.jpg\" \/>\n\t<meta property=\"og:image:width\" content=\"1024\" \/>\n\t<meta property=\"og:image:height\" content=\"764\" \/>\n\t<meta property=\"og:image:type\" content=\"image\/jpeg\" \/>\n<meta name=\"author\" content=\"user-manager\" \/>\n<meta name=\"twitter:card\" content=\"summary_large_image\" \/>\n<script type=\"application\/ld+json\" class=\"yoast-schema-graph\">{\"@context\":\"https:\\\/\\\/schema.org\",\"@graph\":[{\"@type\":\"Article\",\"@id\":\"https:\\\/\\\/www.meydan.tv\\\/az\\\/article\\\/masalli-sakini-indi-hansi-zamandi-ki-evinde-hamamin-olmasin\\\/#article\",\"isPartOf\":{\"@id\":\"https:\\\/\\\/www.meydan.tv\\\/az\\\/article\\\/masalli-sakini-indi-hansi-zamandi-ki-evinde-hamamin-olmasin\\\/\"},\"author\":{\"name\":\"user-manager\",\"@id\":\"https:\\\/\\\/www.meydan.tv\\\/az\\\/#\\\/schema\\\/person\\\/10d11eccf6da3662cf5fdab9806ea91a\"},\"headline\":\"Masall\u0131 sakini: \u0130ndi hans\u0131 zamand\u0131 ki, evind\u0259 hamam\u0131n olmas\u0131n?\",\"datePublished\":\"2019-12-10T11:26:24+00:00\",\"mainEntityOfPage\":{\"@id\":\"https:\\\/\\\/www.meydan.tv\\\/az\\\/article\\\/masalli-sakini-indi-hansi-zamandi-ki-evinde-hamamin-olmasin\\\/\"},\"wordCount\":1049,\"publisher\":{\"@id\":\"https:\\\/\\\/www.meydan.tv\\\/az\\\/#organization\"},\"image\":{\"@id\":\"https:\\\/\\\/www.meydan.tv\\\/az\\\/article\\\/masalli-sakini-indi-hansi-zamandi-ki-evinde-hamamin-olmasin\\\/#primaryimage\"},\"thumbnailUrl\":\"https:\\\/\\\/www.meydan.tv\\\/wp-content\\\/uploads\\\/image_from_ios_1_hbbwxtn.jpg\",\"articleSection\":[\"B\u00f6lg\u0259\"],\"inLanguage\":\"az\"},{\"@type\":\"WebPage\",\"@id\":\"https:\\\/\\\/www.meydan.tv\\\/az\\\/article\\\/masalli-sakini-indi-hansi-zamandi-ki-evinde-hamamin-olmasin\\\/\",\"url\":\"https:\\\/\\\/www.meydan.tv\\\/az\\\/article\\\/masalli-sakini-indi-hansi-zamandi-ki-evinde-hamamin-olmasin\\\/\",\"name\":\"Masall\u0131 sakini: \u0130ndi hans\u0131 zamand\u0131 ki, evind\u0259 hamam\u0131n olmas\u0131n? - MEYDAN.TV\",\"isPartOf\":{\"@id\":\"https:\\\/\\\/www.meydan.tv\\\/az\\\/#website\"},\"primaryImageOfPage\":{\"@id\":\"https:\\\/\\\/www.meydan.tv\\\/az\\\/article\\\/masalli-sakini-indi-hansi-zamandi-ki-evinde-hamamin-olmasin\\\/#primaryimage\"},\"image\":{\"@id\":\"https:\\\/\\\/www.meydan.tv\\\/az\\\/article\\\/masalli-sakini-indi-hansi-zamandi-ki-evinde-hamamin-olmasin\\\/#primaryimage\"},\"thumbnailUrl\":\"https:\\\/\\\/www.meydan.tv\\\/wp-content\\\/uploads\\\/image_from_ios_1_hbbwxtn.jpg\",\"datePublished\":\"2019-12-10T11:26:24+00:00\",\"breadcrumb\":{\"@id\":\"https:\\\/\\\/www.meydan.tv\\\/az\\\/article\\\/masalli-sakini-indi-hansi-zamandi-ki-evinde-hamamin-olmasin\\\/#breadcrumb\"},\"inLanguage\":\"az\",\"potentialAction\":[{\"@type\":\"ReadAction\",\"target\":[\"https:\\\/\\\/www.meydan.tv\\\/az\\\/article\\\/masalli-sakini-indi-hansi-zamandi-ki-evinde-hamamin-olmasin\\\/\"]}]},{\"@type\":\"ImageObject\",\"inLanguage\":\"az\",\"@id\":\"https:\\\/\\\/www.meydan.tv\\\/az\\\/article\\\/masalli-sakini-indi-hansi-zamandi-ki-evinde-hamamin-olmasin\\\/#primaryimage\",\"url\":\"https:\\\/\\\/www.meydan.tv\\\/wp-content\\\/uploads\\\/image_from_ios_1_hbbwxtn.jpg\",\"contentUrl\":\"https:\\\/\\\/www.meydan.tv\\\/wp-content\\\/uploads\\\/image_from_ios_1_hbbwxtn.jpg\",\"width\":1024,\"height\":764,\"caption\":\"Source: Specify Source\"},{\"@type\":\"BreadcrumbList\",\"@id\":\"https:\\\/\\\/www.meydan.tv\\\/az\\\/article\\\/masalli-sakini-indi-hansi-zamandi-ki-evinde-hamamin-olmasin\\\/#breadcrumb\",\"itemListElement\":[{\"@type\":\"ListItem\",\"position\":1,\"name\":\"Ana s\u0259hif\u0259\",\"item\":\"https:\\\/\\\/www.meydan.tv\\\/az\\\/\"},{\"@type\":\"ListItem\",\"position\":2,\"name\":\"B\u00f6lg\u0259\",\"item\":\"https:\\\/\\\/www.meydan.tv\\\/az\\\/section\\\/bolge\\\/\"},{\"@type\":\"ListItem\",\"position\":3,\"name\":\"Masall\u0131 sakini: \u0130ndi hans\u0131 zamand\u0131 ki, evind\u0259 hamam\u0131n olmas\u0131n?\"}]},{\"@type\":\"WebSite\",\"@id\":\"https:\\\/\\\/www.meydan.tv\\\/az\\\/#website\",\"url\":\"https:\\\/\\\/www.meydan.tv\\\/az\\\/\",\"name\":\"MEYDAN.TV\",\"description\":\"Meydan TV Az\u0259rbaycan\u0131n media m\u0259kan\u0131ndak\u0131 alternativ s\u0259sidir\",\"publisher\":{\"@id\":\"https:\\\/\\\/www.meydan.tv\\\/az\\\/#organization\"},\"potentialAction\":[{\"@type\":\"SearchAction\",\"target\":{\"@type\":\"EntryPoint\",\"urlTemplate\":\"https:\\\/\\\/www.meydan.tv\\\/az\\\/?s={search_term_string}\"},\"query-input\":{\"@type\":\"PropertyValueSpecification\",\"valueRequired\":true,\"valueName\":\"search_term_string\"}}],\"inLanguage\":\"az\"},{\"@type\":\"Organization\",\"@id\":\"https:\\\/\\\/www.meydan.tv\\\/az\\\/#organization\",\"name\":\"Meydan TV\",\"url\":\"https:\\\/\\\/www.meydan.tv\\\/az\\\/\",\"logo\":{\"@type\":\"ImageObject\",\"inLanguage\":\"az\",\"@id\":\"https:\\\/\\\/www.meydan.tv\\\/az\\\/#\\\/schema\\\/logo\\\/image\\\/\",\"url\":\"https:\\\/\\\/www.meydan.tv\\\/wp-content\\\/uploads\\\/2021\\\/07\\\/meydan-logo.svg\",\"contentUrl\":\"https:\\\/\\\/www.meydan.tv\\\/wp-content\\\/uploads\\\/2021\\\/07\\\/meydan-logo.svg\",\"width\":195,\"height\":46,\"caption\":\"Meydan TV\"},\"image\":{\"@id\":\"https:\\\/\\\/www.meydan.tv\\\/az\\\/#\\\/schema\\\/logo\\\/image\\\/\"}},{\"@type\":\"Person\",\"@id\":\"https:\\\/\\\/www.meydan.tv\\\/az\\\/#\\\/schema\\\/person\\\/10d11eccf6da3662cf5fdab9806ea91a\",\"name\":\"user-manager\"}]}<\/script>\n<!-- \/ Yoast SEO plugin. -->","yoast_head_json":{"title":"Masall\u0131 sakini: \u0130ndi hans\u0131 zamand\u0131 ki, evind\u0259 hamam\u0131n olmas\u0131n? - MEYDAN.TV","robots":{"index":"index","follow":"follow","max-snippet":"max-snippet:-1","max-image-preview":"max-image-preview:large","max-video-preview":"max-video-preview:-1"},"canonical":"https:\/\/www.meydan.tv\/az\/article\/masalli-sakini-indi-hansi-zamandi-ki-evinde-hamamin-olmasin\/","og_locale":"az_AZ","og_type":"article","og_title":"Masall\u0131 sakini: \u0130ndi hans\u0131 zamand\u0131 ki, evind\u0259 hamam\u0131n olmas\u0131n? - MEYDAN.TV","og_description":"\"M\u0259n ist\u0259y\u0259r\u0259m ki, yegan\u0259 u\u015fa\u011f\u0131m \u00f6lk\u0259d\u0259n getsin?\"","og_url":"https:\/\/www.meydan.tv\/az\/article\/masalli-sakini-indi-hansi-zamandi-ki-evinde-hamamin-olmasin\/","og_site_name":"MEYDAN.TV","article_published_time":"2019-12-10T11:26:24+00:00","og_image":[{"width":1024,"height":764,"url":"https:\/\/www.meydan.tv\/wp-content\/uploads\/image_from_ios_1_hbbwxtn.jpg","type":"image\/jpeg"}],"author":"user-manager","twitter_card":"summary_large_image","schema":{"@context":"https:\/\/schema.org","@graph":[{"@type":"Article","@id":"https:\/\/www.meydan.tv\/az\/article\/masalli-sakini-indi-hansi-zamandi-ki-evinde-hamamin-olmasin\/#article","isPartOf":{"@id":"https:\/\/www.meydan.tv\/az\/article\/masalli-sakini-indi-hansi-zamandi-ki-evinde-hamamin-olmasin\/"},"author":{"name":"user-manager","@id":"https:\/\/www.meydan.tv\/az\/#\/schema\/person\/10d11eccf6da3662cf5fdab9806ea91a"},"headline":"Masall\u0131 sakini: \u0130ndi hans\u0131 zamand\u0131 ki, evind\u0259 hamam\u0131n olmas\u0131n?","datePublished":"2019-12-10T11:26:24+00:00","mainEntityOfPage":{"@id":"https:\/\/www.meydan.tv\/az\/article\/masalli-sakini-indi-hansi-zamandi-ki-evinde-hamamin-olmasin\/"},"wordCount":1049,"publisher":{"@id":"https:\/\/www.meydan.tv\/az\/#organization"},"image":{"@id":"https:\/\/www.meydan.tv\/az\/article\/masalli-sakini-indi-hansi-zamandi-ki-evinde-hamamin-olmasin\/#primaryimage"},"thumbnailUrl":"https:\/\/www.meydan.tv\/wp-content\/uploads\/image_from_ios_1_hbbwxtn.jpg","articleSection":["B\u00f6lg\u0259"],"inLanguage":"az"},{"@type":"WebPage","@id":"https:\/\/www.meydan.tv\/az\/article\/masalli-sakini-indi-hansi-zamandi-ki-evinde-hamamin-olmasin\/","url":"https:\/\/www.meydan.tv\/az\/article\/masalli-sakini-indi-hansi-zamandi-ki-evinde-hamamin-olmasin\/","name":"Masall\u0131 sakini: \u0130ndi hans\u0131 zamand\u0131 ki, evind\u0259 hamam\u0131n olmas\u0131n? - MEYDAN.TV","isPartOf":{"@id":"https:\/\/www.meydan.tv\/az\/#website"},"primaryImageOfPage":{"@id":"https:\/\/www.meydan.tv\/az\/article\/masalli-sakini-indi-hansi-zamandi-ki-evinde-hamamin-olmasin\/#primaryimage"},"image":{"@id":"https:\/\/www.meydan.tv\/az\/article\/masalli-sakini-indi-hansi-zamandi-ki-evinde-hamamin-olmasin\/#primaryimage"},"thumbnailUrl":"https:\/\/www.meydan.tv\/wp-content\/uploads\/image_from_ios_1_hbbwxtn.jpg","datePublished":"2019-12-10T11:26:24+00:00","breadcrumb":{"@id":"https:\/\/www.meydan.tv\/az\/article\/masalli-sakini-indi-hansi-zamandi-ki-evinde-hamamin-olmasin\/#breadcrumb"},"inLanguage":"az","potentialAction":[{"@type":"ReadAction","target":["https:\/\/www.meydan.tv\/az\/article\/masalli-sakini-indi-hansi-zamandi-ki-evinde-hamamin-olmasin\/"]}]},{"@type":"ImageObject","inLanguage":"az","@id":"https:\/\/www.meydan.tv\/az\/article\/masalli-sakini-indi-hansi-zamandi-ki-evinde-hamamin-olmasin\/#primaryimage","url":"https:\/\/www.meydan.tv\/wp-content\/uploads\/image_from_ios_1_hbbwxtn.jpg","contentUrl":"https:\/\/www.meydan.tv\/wp-content\/uploads\/image_from_ios_1_hbbwxtn.jpg","width":1024,"height":764,"caption":"Source: Specify Source"},{"@type":"BreadcrumbList","@id":"https:\/\/www.meydan.tv\/az\/article\/masalli-sakini-indi-hansi-zamandi-ki-evinde-hamamin-olmasin\/#breadcrumb","itemListElement":[{"@type":"ListItem","position":1,"name":"Ana s\u0259hif\u0259","item":"https:\/\/www.meydan.tv\/az\/"},{"@type":"ListItem","position":2,"name":"B\u00f6lg\u0259","item":"https:\/\/www.meydan.tv\/az\/section\/bolge\/"},{"@type":"ListItem","position":3,"name":"Masall\u0131 sakini: \u0130ndi hans\u0131 zamand\u0131 ki, evind\u0259 hamam\u0131n olmas\u0131n?"}]},{"@type":"WebSite","@id":"https:\/\/www.meydan.tv\/az\/#website","url":"https:\/\/www.meydan.tv\/az\/","name":"MEYDAN.TV","description":"Meydan TV Az\u0259rbaycan\u0131n media m\u0259kan\u0131ndak\u0131 alternativ s\u0259sidir","publisher":{"@id":"https:\/\/www.meydan.tv\/az\/#organization"},"potentialAction":[{"@type":"SearchAction","target":{"@type":"EntryPoint","urlTemplate":"https:\/\/www.meydan.tv\/az\/?s={search_term_string}"},"query-input":{"@type":"PropertyValueSpecification","valueRequired":true,"valueName":"search_term_string"}}],"inLanguage":"az"},{"@type":"Organization","@id":"https:\/\/www.meydan.tv\/az\/#organization","name":"Meydan TV","url":"https:\/\/www.meydan.tv\/az\/","logo":{"@type":"ImageObject","inLanguage":"az","@id":"https:\/\/www.meydan.tv\/az\/#\/schema\/logo\/image\/","url":"https:\/\/www.meydan.tv\/wp-content\/uploads\/2021\/07\/meydan-logo.svg","contentUrl":"https:\/\/www.meydan.tv\/wp-content\/uploads\/2021\/07\/meydan-logo.svg","width":195,"height":46,"caption":"Meydan TV"},"image":{"@id":"https:\/\/www.meydan.tv\/az\/#\/schema\/logo\/image\/"}},{"@type":"Person","@id":"https:\/\/www.meydan.tv\/az\/#\/schema\/person\/10d11eccf6da3662cf5fdab9806ea91a","name":"user-manager"}]}},"_links":{"self":[{"href":"https:\/\/www.meydan.tv\/az\/wp-json\/wp\/v2\/posts\/198295","targetHints":{"allow":["GET"]}}],"collection":[{"href":"https:\/\/www.meydan.tv\/az\/wp-json\/wp\/v2\/posts"}],"about":[{"href":"https:\/\/www.meydan.tv\/az\/wp-json\/wp\/v2\/types\/post"}],"author":[{"embeddable":true,"href":"https:\/\/www.meydan.tv\/az\/wp-json\/wp\/v2\/users\/11"}],"replies":[{"embeddable":true,"href":"https:\/\/www.meydan.tv\/az\/wp-json\/wp\/v2\/comments?post=198295"}],"version-history":[{"count":0,"href":"https:\/\/www.meydan.tv\/az\/wp-json\/wp\/v2\/posts\/198295\/revisions"}],"wp:featuredmedia":[{"embeddable":true,"href":"https:\/\/www.meydan.tv\/az\/wp-json\/wp\/v2\/media\/134144"}],"wp:attachment":[{"href":"https:\/\/www.meydan.tv\/az\/wp-json\/wp\/v2\/media?parent=198295"}],"wp:term":[{"taxonomy":"category","embeddable":true,"href":"https:\/\/www.meydan.tv\/az\/wp-json\/wp\/v2\/categories?post=198295"},{"taxonomy":"post_tag","embeddable":true,"href":"https:\/\/www.meydan.tv\/az\/wp-json\/wp\/v2\/tags?post=198295"}],"curies":[{"name":"wp","href":"https:\/\/api.w.org\/{rel}","templated":true}]}}