{"id":198293,"date":"2019-12-09T23:18:11","date_gmt":"2019-12-09T23:18:11","guid":{"rendered":"https:\/\/www.meydan.tv\/article\/qonsum-prezident-administrasiyasindaki-qohumuna-guvenib-evimi-elimden-almaq-isteyir\/"},"modified":"2019-12-09T23:18:11","modified_gmt":"2019-12-09T23:18:11","slug":"qonsum-prezident-administrasiyasindaki-qohumuna-guvenib-evimi-elimden-almaq-isteyir","status":"publish","type":"post","link":"https:\/\/www.meydan.tv\/az\/article\/qonsum-prezident-administrasiyasindaki-qohumuna-guvenib-evimi-elimden-almaq-isteyir\/","title":{"rendered":"\u201cQon\u015fum Prezident Administrasiyas\u0131ndak\u0131 qohumuna g\u00fcv\u0259nib evimi \u0259limd\u0259n almaq ist\u0259yir\u201d"},"content":{"rendered":"<p>\n  <i><br \/>\n    \u015eamax\u0131 sakini: \u201c\u0130ham \u018fliyev bu il \u015eamax\u0131ya s\u0259f\u0259r ed\u0259nd\u0259 \u015fikay\u0259t m\u0259ktubumu \u015f\u0259xs\u0259n \u00f6z\u00fcn\u0259 t\u0259qdim etmi\u015f\u0259m\u201d<br \/>\n  <\/i>\n<\/p>\n<p>\n  \u201cHans\u0131 qanunda g\u00f6st\u0259rilib ki, 20 ild\u0259n sonra kimins\u0259 haqq\u0131na girib ona m\u0259xsus torpaq sah\u0259sini \u0259lind\u0259n alasan? Prezident tez-tez iclas ke\u00e7irir, m\u0259murlara tap\u015f\u0131r\u0131qlar verir ki, sakinl\u0259rl\u0259 yax\u015f\u0131 davran\u0131n. B\u0259s yax\u015f\u0131, niy\u0259 buna \u0259m\u0259l ed\u0259n yoxdur? M\u0259g\u0259r prezident bu q\u0259d\u0259r haqs\u0131zl\u0131\u011f\u0131 e\u015fidib g\u00f6rm\u00fcr? Biz d\u0259rdimizi kim\u0259 dey\u0259k? Bel\u0259 haqs\u0131zl\u0131q olmuz, d\u0259rdi-s\u0259rd\u0259n x\u0259st\u0259liy\u0259 tutulmu\u015fam\u201d.\n<\/p>\n<p>\n  \u015eamax\u0131 rayonu, Q\u0259dirli k\u00fc\u00e7\u0259si, ev 69 \u00fcnvan\u0131nda yerl\u0259\u015f\u0259n kommunal m\u0259nzild\u0259 ya\u015fayan Sevda Qas\u0131mova Meydan TV-y\u0259 bel\u0259 deyir.\n<\/p>\n<p>\n  \u0130ddia edir ki, qon\u015fular\u0131 Vidadi v\u0259 Ellada Nuriyevl\u0259r 2008-ci ild\u0259n bu yana onlara m\u0259xsus orderi olan 110 kvadratl\u0131q ev v\u0259 t\u0259xmin\u0259n 3 sot h\u0259y\u0259tyan\u0131 torpaq sah\u0259sini \u0259ll\u0259rind\u0259n almaq m\u0259qs\u0259dil\u0259 m\u0259hk\u0259m\u0259l\u0259rd\u0259 s\u00fcr\u00fcnd\u00fcr\u00fcr:\n<\/p>\n<p>\n  \u201cBu il noyabr\u0131n 9-da h\u0259yat yolda\u015f\u0131m R\u00f6v\u015f\u0259n Qas\u0131mov \u018fli o\u011flunun Sumqay\u0131t Apelyasiya M\u0259hk\u0259m\u0259sind\u0259 Ella Nuriyeva Ma\u015fallah q\u0131z\u0131na qar\u015f\u0131 qald\u0131rd\u0131\u011f\u0131 apelyasiya \u015fikay\u0259ti yen\u0259 t\u0259min<br \/>\n  <a href=\"https:\/\/d9mc3ts4czbpr.cloudfront.net\/ru\/article\/qudasi-yuksek-vezifededir-deye-butun-mehkemeler-zengi-ile-hereket-edir\/\"><br \/>\n    olunmay\u0131b<br \/>\n  <\/a><br \/>\n  . Bizim m\u0259hk\u0259m\u0259l\u0259rin \u00e7\u0131xard\u0131\u011f\u0131 q\u0259tnam\u0259l\u0259r\u0259 \u0259m\u0259l edib, Vidadi Nuriyevin ist\u0259diyi kimi ets\u0259k, y\u0259ni \u015f\u0259xsi m\u0259nzilimizin qar\u015f\u0131s\u0131nda olan sah\u0259d\u0259n \u00e7\u0131xsaq, \u00f6z evimiz\u0259 girm\u0259k \u00fc\u00e7\u00fcn g\u0259r\u0259k tavandan de\u015fik a\u00e7aq.\n<\/p>\n<p>\n  Ella Nuriyevan\u0131n ad\u0131na olan birotaql\u0131 m\u0259nzilin sah\u0259si 30-40 kvadrat metrdir. M\u0259nim 110 kvadrat metrlik m\u0259nziliml\u0259 divar qon\u015fusudur, yan-yanad\u0131r. Sa\u011f t\u0259r\u0259fd\u0259ki divar qon\u015fumuz da Vidadi Nuriyevin qay\u0131nanas\u0131d\u0131r, y\u0259ni Ellan\u0131n anas\u0131. Bunlar ist\u0259yirl\u0259r ki, bizi buradan did\u0259rgin sal\u0131b, \u00f6z m\u00fclkiyy\u0259tl\u0259rini geni\u015fl\u0259ndirsinl\u0259r. Vidadi Nuriyev qudas\u0131, Prezident Administrasiyas\u0131n\u0131n D\u00f6vl\u0259t n\u0259zar\u0259ti \u015f\u00f6b\u0259sinin m\u00fcdiri Eldar Nuriyev\u0259 arxalan\u0131r. Onunla quda olandan sonra ba\u015flay\u0131b bizi m\u0259hk\u0259m\u0259y\u0259 verm\u0259y\u0259. M\u0259hk\u0259m\u0259y\u0259 \u00e7a\u011f\u0131r\u0131blar, getmi\u015fik, soru\u015fmu\u015fuq ki, n\u0259y\u0259 g\u00f6r\u0259 burday\u0131q? Deyibl\u0259r ki, torpa\u011f\u0131 s\u0259nd\u0259n al\u0131r\u0131q\u201d.\n<\/p>\n<figure class=\"wp-block-image size-large\">\n  <img decoding=\"async\" src=\"https:\/\/www.meydan.tv\/az\/e5d28852-e6c6-4722-9ff7-afe6f9e2438e-jpeg\/\" alt=\"E5D28852-E6C6-4722-9FF7-AFE6F9E2438E.jpeg\" class=\"wp-image-134111\"\/><figcaption>\n    Evin v\u0259ziyy\u0259ti<br \/>\n  <\/figcaption><\/figure>\n<p>\n  Sevda Qas\u0131movan\u0131n s\u00f6zl\u0259rin\u0259 g\u00f6r\u0259, 1997-ci ild\u0259 Ella Nuriyeva Gennadi Smirnovdan evi alark\u0259n h\u0259y\u0259tyan\u0131 sah\u0259nin b\u00f6l\u00fcnm\u0259sini t\u0259kid edib. \u015eamax\u0131 rayon s\u0259lahiyy\u0259tli orqanlar\u0131n\u0131n n\u00fcmay\u0259nd\u0259l\u0259ri il\u0259 birlikd\u0259 6 n\u0259f\u0259rlik komissiya yarad\u0131l\u0131b:\n<\/p>\n<p>\n  \u201c1997-ci il aprelin 15-d\u0259  evin \u0259vv\u0259lki sahibi Gennadi Smirnov v\u0259 h\u0259yat yolda\u015f\u0131m R\u00f6v\u015f\u0259n Qas\u0131movun i\u015ftirak\u0131 il\u0259 h\u0259y\u0259tyan\u0131 sah\u0259nin b\u00f6l\u00fcnm\u0259si haqda akt t\u0259rtib olundu, komissiya \u00fczvl\u0259ri d\u0259 s\u0259n\u0259di imzalad\u0131. Bir m\u0259qam\u0131 da deyim ki, 1990-c\u0131 il sentyabr\u0131n 18-d\u0259 m\u0259n\u0259 verilmi\u015f 3 sot torpaqdan 1 sotu qanunsuz olaraq onlarda qald\u0131. Qon\u015fuluq prinsipini \u0259sas tutaraq biz o vaxt bununla raz\u0131la\u015fd\u0131q, he\u00e7 n\u0259 dem\u0259dik. \u0130ndi Ella Nuriyeva iddia edir ki, onlar 1997-1998-ci ill\u0259rd\u0259 evi Gennadi Smirnovdan ald\u0131qdan sonra biz guya s\u0259n\u0259dl\u0259rd\u0259 saxtala\u015fd\u0131rma aparm\u0131\u015f\u0131q. Halbuki, saxtala\u015fd\u0131rman\u0131 Ella Nuriyeva  \u00f6z\u00fc apar\u0131b. Ella Nuriyevan\u0131n Gennadi Smirnovdan evi v\u0259 torpa\u011f\u0131 almas\u0131 haqq\u0131nda 3 avqust 1996-c\u0131 il tarixli P4E-23 reyestr n\u00f6mr\u0259li M\u0259r\u0259z\u0259 notariusu t\u0259r\u0259find\u0259n apar\u0131lm\u0131\u015f qeydiyyat saxtad\u0131r. Bu haqda Notarial Arxivinin direktoru Az\u0259r Ta\u011f\u0131yevin t\u0259qdim etdiyi s\u0259n\u0259dl\u0259r \u0259limizd\u0259dir. Ara\u015fd\u0131r\u0131lma do\u011fru apar\u0131lsa, Vidadi Nuriyevin \u0259lind\u0259 he\u00e7 bir d\u00fczg\u00fcn s\u0259n\u0259dinin olmad\u0131\u011f\u0131 ortaya \u00e7\u0131xacaq. M\u0259nim b\u00fct\u00fcn s\u0259n\u0259dl\u0259rim qaydas\u0131nda oldu\u011fu halda, t\u0259\u0259ss\u00fcf ki, yen\u0259 d\u0259 q\u0259rar\u0131 onun xeyrin\u0259 \u00e7\u0131xar\u0131rlar. M\u0259hk\u0259m\u0259l\u0259r etiraf edir ki, bu adam qohumuna arxalan\u0131b dey\u0259 i\u015fi \u0259dal\u0259tl\u0259 apara bilmirl\u0259r. Hans\u0131 hakimi dindirirs\u0259n, deyir ki, yuxar\u0131dan tap\u015f\u0131r\u0131q var, m\u0259n karyeram\u0131 itir\u0259 bilm\u0259r\u0259m. Ay s\u0259n\u0259 qurban olum, b\u0259s yax\u015f\u0131, m\u0259n n\u0259 edim? Vidadi Nuriyev m\u0259murla quda oldu\u011fu \u00fc\u00e7\u00fcn haqs\u0131z yer\u0259 m\u0259hk\u0259m\u0259l\u0259ri susdurub, torpa\u011f\u0131m\u0131z\u0131 \u0259limizd\u0259n al\u0131r. Aidiyyat\u0131 qurumlar hara bax\u0131r ki, m\u0259hk\u0259m\u0259l\u0259r bu q\u0259d\u0259r \u00f6zba\u015f\u0131nal\u0131q edir? M\u0259n niy\u0259 h\u0259y\u0259timi, torpa\u011f\u0131m\u0131 kim\u0259s\u0259 verm\u0259liy\u0259m?\u201d\n<\/p>\n<p>\n  \u015eikay\u0259t\u00e7i iddia edir ki, qar\u015f\u0131 t\u0259r\u0259fin onlar\u0131 m\u0259hk\u0259m\u0259l\u0259rd\u0259 s\u00fcr\u00fcnd\u00fcrm\u0259yinin s\u0259b\u0259bi ev v\u0259 h\u0259y\u0259tyan\u0131 sah\u0259l\u0259rini d\u0259y\u0259r-d\u0259ym\u0259zin\u0259 almaqd\u0131r:\n<\/p>\n<p>\n  \u201cBiz onlarla dan\u0131\u015f\u0131\u011fa girm\u0259y\u0259 \u00e7al\u0131\u015fm\u0131\u015f\u0131q ki, evimizin qiym\u0259ti n\u0259dirs\u0259 h\u0259min pulu \u00f6d\u0259yin s\u00f6hb\u0259t ba\u011flans\u0131n. Lakin Vidadi Nuriyev deyir ki, m\u0259n buran\u0131 s\u0259nd\u0259n havay\u0131 al\u0131ram, 2-3 min manat pul verir\u0259m. 60 min manatl\u0131q evi g\u00f6r\u00fcn, bu adam hans\u0131 qiym\u0259t\u0259 almaq ist\u0259yir. Deyir ki, s\u0259n\u0259 1 metr yer ver\u0259c\u0259y\u0259m. B\u0259s yax\u015f\u0131, sabah yan\u011f\u0131n olsa, m\u0259n evimd\u0259n vertolyotla ged\u0259c\u0259y\u0259m? Bura kommunal m\u0259nzill\u0259r oldu\u011fu \u00fc\u00e7\u00fcn \u00fcmumi say\u0131l\u0131r, b\u00f6l\u00fcnm\u0259m\u0259lidir. Nec\u0259 olur ki, Vidadi Nuriyev h\u0259y\u0259timi b\u00fct\u00fcnl\u00fckl\u0259 m\u0259nims\u0259m\u0259k ist\u0259yir? M\u0259nim 60, h\u0259yat yolda\u015f\u0131m\u0131n is\u0259 65 ya\u015f\u0131 var. Bu ya\u015fdan sonra di\u015fimizl\u0259-d\u0131rna\u011f\u0131m\u0131zla tikdiyimiz evi ona verib hara ged\u0259k? M\u0259n buran\u0131 tikmi\u015f\u0259m ki, d\u0259l\u0259duzun biri g\u0259lib, evimi \u0259limd\u0259n als\u0131n?\u201d\n<\/p>\n<p>\n  Sevda Qas\u0131mova m\u0259s\u0259l\u0259 il\u0259 ba\u011fl\u0131 d\u0259f\u0259l\u0259rl\u0259 Prezident\u0259, Birinci vitse-prezident\u0259, \u018fdliyy\u0259 Nazirliyin\u0259 m\u0259ktub yazsa da, n\u0259tic\u0259si olmad\u0131\u011f\u0131n\u0131 bildirir:\n<\/p>\n<p>\n  \u201c\u0130ham \u018fliyev bu il \u015eamax\u0131ya s\u0259f\u0259r ed\u0259nd\u0259 \u015fikay\u0259t m\u0259ktubumu \u015f\u0259xs\u0259n \u00f6z\u00fcn\u0259 t\u0259qdim etmi\u015f\u0259m. Lakin he\u00e7 bir n\u0259tic\u0259si olmad\u0131, \u015fikay\u0259timiz\u0259 baxmad\u0131lar. Ara\u015fd\u0131rm\u0131\u015f\u0131q, m\u0259lum olub ki, Vidadi Nuriyev 2008-ci ild\u0259n bu yana n\u0259 q\u0259d\u0259r insanlarla torpaq haqq-hesab\u0131 edib. Biz qar\u015f\u0131 t\u0259r\u0259fin saxta s\u0259n\u0259dl\u0259rini o vaxt m\u0259hk\u0259m\u0259d\u0259n g\u00f6t\u00fcrm\u00fc\u015f\u00fck, bizd\u0259 var. T\u0259krar Sumqay\u0131t Apelyasiya M\u0259hk\u0259m\u0259sin\u0259 m\u00fcraci\u0259t ed\u0259c\u0259yik\u201d.\n<\/p>\n<p>\n  Vidadi Nuriyev Meydan TV-y\u0259 a\u00e7\u0131qlamas\u0131nda qanunla h\u0259r\u0259k\u0259t etdiyini bildirib:\n<\/p>\n<p>\n  \u201cR\u00f6v\u015f\u0259n Qas\u0131mov \u00e7ox s\u00f6z dey\u0259 bil\u0259r. O, camaat\u0131n torpa\u011f\u0131n\u0131 tutub, \u0259mlak\u0131na sahib \u00e7\u0131xma\u011fa \u00e7al\u0131\u015f\u0131r. S\u0259n\u0259dl\u0259ri saxtala\u015fd\u0131r\u0131b, ba\u015faqs\u0131n\u0131n \u0259mlak\u0131n\u0131 \u0259l\u0259 ke\u00e7irm\u0259k ist\u0259yir. \u018flimizd\u0259 ekspertizan\u0131n r\u0259yi var. M\u0259hk\u0259m\u0259 q\u0259rardadlar\u0131na \u0259m\u0259l edib onlar\u0131 \u00e7\u0131xaraca\u011fam. H\u0259r \u015feyin qaydas\u0131 var, biz qanunla h\u0259r\u0259k\u0259t edirik\u201d.\n<\/p>\n<p>\n  2019-cu il noyabr\u0131n 29-da \u0130lham \u018fliyevin s\u0259r\u0259ncam\u0131 il\u0259 Eldar Nuriyev Prezident Administrasiyas\u0131n\u0131n D\u00f6vl\u0259t n\u0259zar\u0259ti \u015f\u00f6b\u0259sinin m\u00fcdiri v\u0259zif\u0259sind\u0259n azad edilib.\n<\/p>\n<figure class=\"wp-block-image size-large\">\n  <img decoding=\"async\" src=\"https:\/\/www.meydan.tv\/az\/a980eecc-8f9a-4ad1-8fe2-bdb10d254e19-jpeg\/\" alt=\"A980EECC-8F9A-4AD1-8FE2-BDB10D254E19.jpeg\" class=\"wp-image-134114\"\/><figcaption>\n    Evin bay\u0131rdan g\u00f6r\u00fcn\u00fc\u015f\u00fc<br \/>\n  <\/figcaption><\/figure>\n","protected":false},"excerpt":{"rendered":"<p>\u015eamax\u0131 sakini: \u201c\u0130ham \u018fliyev bu il \u015eamax\u0131ya s\u0259f\u0259r ed\u0259nd\u0259 \u015fikay\u0259t m\u0259ktubumu \u015f\u0259xs\u0259n \u00f6z\u00fcn\u0259 t\u0259qdim etmi\u015f\u0259m\u201d<\/p>\n","protected":false},"author":11,"featured_media":134105,"comment_status":"closed","ping_status":"open","sticky":false,"template":"","format":"standard","meta":{"_acf_changed":false,"_sitemap_exclude":false,"_sitemap_priority":"","_sitemap_frequency":"","footnotes":""},"categories":[60],"tags":[],"class_list":["post-198293","post","type-post","status-publish","format-standard","has-post-thumbnail","hentry","category-bolge","infinite-scroll-item","generate-columns","tablet-grid-50","mobile-grid-100","grid-parent","grid-33","no-featured-image-padding"],"acf":[],"yoast_head":"<!-- This site is optimized with the Yoast SEO plugin v27.5 - https:\/\/yoast.com\/product\/yoast-seo-wordpress\/ -->\n<title>\u201cQon\u015fum Prezident Administrasiyas\u0131ndak\u0131 qohumuna g\u00fcv\u0259nib evimi \u0259limd\u0259n almaq ist\u0259yir\u201d - MEYDAN.TV<\/title>\n<meta name=\"robots\" content=\"index, follow, max-snippet:-1, max-image-preview:large, max-video-preview:-1\" \/>\n<link rel=\"canonical\" href=\"https:\/\/www.meydan.tv\/az\/article\/qonsum-prezident-administrasiyasindaki-qohumuna-guvenib-evimi-elimden-almaq-isteyir\/\" \/>\n<meta property=\"og:locale\" content=\"az_AZ\" \/>\n<meta property=\"og:type\" content=\"article\" \/>\n<meta property=\"og:title\" content=\"\u201cQon\u015fum Prezident Administrasiyas\u0131ndak\u0131 qohumuna g\u00fcv\u0259nib evimi \u0259limd\u0259n almaq ist\u0259yir\u201d - MEYDAN.TV\" \/>\n<meta property=\"og:description\" content=\"\u015eamax\u0131 sakini: \u201c\u0130ham \u018fliyev bu il \u015eamax\u0131ya s\u0259f\u0259r ed\u0259nd\u0259 \u015fikay\u0259t m\u0259ktubumu \u015f\u0259xs\u0259n \u00f6z\u00fcn\u0259 t\u0259qdim etmi\u015f\u0259m\u201d\" \/>\n<meta property=\"og:url\" content=\"https:\/\/www.meydan.tv\/az\/article\/qonsum-prezident-administrasiyasindaki-qohumuna-guvenib-evimi-elimden-almaq-isteyir\/\" \/>\n<meta property=\"og:site_name\" content=\"MEYDAN.TV\" \/>\n<meta property=\"article:published_time\" content=\"2019-12-09T23:18:11+00:00\" \/>\n<meta property=\"og:image\" content=\"https:\/\/www.meydan.tv\/wp-content\/uploads\/6d4f54e1-56ae-4501-adc1-17ec21af4846.jpeg\" \/>\n\t<meta property=\"og:image:width\" content=\"960\" \/>\n\t<meta property=\"og:image:height\" content=\"720\" \/>\n\t<meta property=\"og:image:type\" content=\"image\/jpeg\" \/>\n<meta name=\"author\" content=\"user-manager\" \/>\n<meta name=\"twitter:card\" content=\"summary_large_image\" \/>\n<script type=\"application\/ld+json\" class=\"yoast-schema-graph\">{\"@context\":\"https:\\\/\\\/schema.org\",\"@graph\":[{\"@type\":\"Article\",\"@id\":\"https:\\\/\\\/www.meydan.tv\\\/az\\\/article\\\/qonsum-prezident-administrasiyasindaki-qohumuna-guvenib-evimi-elimden-almaq-isteyir\\\/#article\",\"isPartOf\":{\"@id\":\"https:\\\/\\\/www.meydan.tv\\\/az\\\/article\\\/qonsum-prezident-administrasiyasindaki-qohumuna-guvenib-evimi-elimden-almaq-isteyir\\\/\"},\"author\":{\"name\":\"user-manager\",\"@id\":\"https:\\\/\\\/www.meydan.tv\\\/az\\\/#\\\/schema\\\/person\\\/10d11eccf6da3662cf5fdab9806ea91a\"},\"headline\":\"\u201cQon\u015fum Prezident Administrasiyas\u0131ndak\u0131 qohumuna g\u00fcv\u0259nib evimi \u0259limd\u0259n almaq ist\u0259yir\u201d\",\"datePublished\":\"2019-12-09T23:18:11+00:00\",\"mainEntityOfPage\":{\"@id\":\"https:\\\/\\\/www.meydan.tv\\\/az\\\/article\\\/qonsum-prezident-administrasiyasindaki-qohumuna-guvenib-evimi-elimden-almaq-isteyir\\\/\"},\"wordCount\":1255,\"publisher\":{\"@id\":\"https:\\\/\\\/www.meydan.tv\\\/az\\\/#organization\"},\"image\":{\"@id\":\"https:\\\/\\\/www.meydan.tv\\\/az\\\/article\\\/qonsum-prezident-administrasiyasindaki-qohumuna-guvenib-evimi-elimden-almaq-isteyir\\\/#primaryimage\"},\"thumbnailUrl\":\"https:\\\/\\\/www.meydan.tv\\\/wp-content\\\/uploads\\\/6d4f54e1-56ae-4501-adc1-17ec21af4846.jpeg\",\"articleSection\":[\"B\u00f6lg\u0259\"],\"inLanguage\":\"az\"},{\"@type\":\"WebPage\",\"@id\":\"https:\\\/\\\/www.meydan.tv\\\/az\\\/article\\\/qonsum-prezident-administrasiyasindaki-qohumuna-guvenib-evimi-elimden-almaq-isteyir\\\/\",\"url\":\"https:\\\/\\\/www.meydan.tv\\\/az\\\/article\\\/qonsum-prezident-administrasiyasindaki-qohumuna-guvenib-evimi-elimden-almaq-isteyir\\\/\",\"name\":\"\u201cQon\u015fum Prezident Administrasiyas\u0131ndak\u0131 qohumuna g\u00fcv\u0259nib evimi \u0259limd\u0259n almaq ist\u0259yir\u201d - MEYDAN.TV\",\"isPartOf\":{\"@id\":\"https:\\\/\\\/www.meydan.tv\\\/az\\\/#website\"},\"primaryImageOfPage\":{\"@id\":\"https:\\\/\\\/www.meydan.tv\\\/az\\\/article\\\/qonsum-prezident-administrasiyasindaki-qohumuna-guvenib-evimi-elimden-almaq-isteyir\\\/#primaryimage\"},\"image\":{\"@id\":\"https:\\\/\\\/www.meydan.tv\\\/az\\\/article\\\/qonsum-prezident-administrasiyasindaki-qohumuna-guvenib-evimi-elimden-almaq-isteyir\\\/#primaryimage\"},\"thumbnailUrl\":\"https:\\\/\\\/www.meydan.tv\\\/wp-content\\\/uploads\\\/6d4f54e1-56ae-4501-adc1-17ec21af4846.jpeg\",\"datePublished\":\"2019-12-09T23:18:11+00:00\",\"breadcrumb\":{\"@id\":\"https:\\\/\\\/www.meydan.tv\\\/az\\\/article\\\/qonsum-prezident-administrasiyasindaki-qohumuna-guvenib-evimi-elimden-almaq-isteyir\\\/#breadcrumb\"},\"inLanguage\":\"az\",\"potentialAction\":[{\"@type\":\"ReadAction\",\"target\":[\"https:\\\/\\\/www.meydan.tv\\\/az\\\/article\\\/qonsum-prezident-administrasiyasindaki-qohumuna-guvenib-evimi-elimden-almaq-isteyir\\\/\"]}]},{\"@type\":\"ImageObject\",\"inLanguage\":\"az\",\"@id\":\"https:\\\/\\\/www.meydan.tv\\\/az\\\/article\\\/qonsum-prezident-administrasiyasindaki-qohumuna-guvenib-evimi-elimden-almaq-isteyir\\\/#primaryimage\",\"url\":\"https:\\\/\\\/www.meydan.tv\\\/wp-content\\\/uploads\\\/6d4f54e1-56ae-4501-adc1-17ec21af4846.jpeg\",\"contentUrl\":\"https:\\\/\\\/www.meydan.tv\\\/wp-content\\\/uploads\\\/6d4f54e1-56ae-4501-adc1-17ec21af4846.jpeg\",\"width\":960,\"height\":720,\"caption\":\"Source: Meydan Tv\"},{\"@type\":\"BreadcrumbList\",\"@id\":\"https:\\\/\\\/www.meydan.tv\\\/az\\\/article\\\/qonsum-prezident-administrasiyasindaki-qohumuna-guvenib-evimi-elimden-almaq-isteyir\\\/#breadcrumb\",\"itemListElement\":[{\"@type\":\"ListItem\",\"position\":1,\"name\":\"Ana s\u0259hif\u0259\",\"item\":\"https:\\\/\\\/www.meydan.tv\\\/az\\\/\"},{\"@type\":\"ListItem\",\"position\":2,\"name\":\"B\u00f6lg\u0259\",\"item\":\"https:\\\/\\\/www.meydan.tv\\\/az\\\/section\\\/bolge\\\/\"},{\"@type\":\"ListItem\",\"position\":3,\"name\":\"\u201cQon\u015fum Prezident Administrasiyas\u0131ndak\u0131 qohumuna g\u00fcv\u0259nib evimi \u0259limd\u0259n almaq ist\u0259yir\u201d\"}]},{\"@type\":\"WebSite\",\"@id\":\"https:\\\/\\\/www.meydan.tv\\\/az\\\/#website\",\"url\":\"https:\\\/\\\/www.meydan.tv\\\/az\\\/\",\"name\":\"MEYDAN.TV\",\"description\":\"Meydan TV Az\u0259rbaycan\u0131n media m\u0259kan\u0131ndak\u0131 alternativ s\u0259sidir\",\"publisher\":{\"@id\":\"https:\\\/\\\/www.meydan.tv\\\/az\\\/#organization\"},\"potentialAction\":[{\"@type\":\"SearchAction\",\"target\":{\"@type\":\"EntryPoint\",\"urlTemplate\":\"https:\\\/\\\/www.meydan.tv\\\/az\\\/?s={search_term_string}\"},\"query-input\":{\"@type\":\"PropertyValueSpecification\",\"valueRequired\":true,\"valueName\":\"search_term_string\"}}],\"inLanguage\":\"az\"},{\"@type\":\"Organization\",\"@id\":\"https:\\\/\\\/www.meydan.tv\\\/az\\\/#organization\",\"name\":\"Meydan TV\",\"url\":\"https:\\\/\\\/www.meydan.tv\\\/az\\\/\",\"logo\":{\"@type\":\"ImageObject\",\"inLanguage\":\"az\",\"@id\":\"https:\\\/\\\/www.meydan.tv\\\/az\\\/#\\\/schema\\\/logo\\\/image\\\/\",\"url\":\"https:\\\/\\\/www.meydan.tv\\\/wp-content\\\/uploads\\\/2021\\\/07\\\/meydan-logo.svg\",\"contentUrl\":\"https:\\\/\\\/www.meydan.tv\\\/wp-content\\\/uploads\\\/2021\\\/07\\\/meydan-logo.svg\",\"width\":195,\"height\":46,\"caption\":\"Meydan TV\"},\"image\":{\"@id\":\"https:\\\/\\\/www.meydan.tv\\\/az\\\/#\\\/schema\\\/logo\\\/image\\\/\"}},{\"@type\":\"Person\",\"@id\":\"https:\\\/\\\/www.meydan.tv\\\/az\\\/#\\\/schema\\\/person\\\/10d11eccf6da3662cf5fdab9806ea91a\",\"name\":\"user-manager\"}]}<\/script>\n<!-- \/ Yoast SEO plugin. -->","yoast_head_json":{"title":"\u201cQon\u015fum Prezident Administrasiyas\u0131ndak\u0131 qohumuna g\u00fcv\u0259nib evimi \u0259limd\u0259n almaq ist\u0259yir\u201d - MEYDAN.TV","robots":{"index":"index","follow":"follow","max-snippet":"max-snippet:-1","max-image-preview":"max-image-preview:large","max-video-preview":"max-video-preview:-1"},"canonical":"https:\/\/www.meydan.tv\/az\/article\/qonsum-prezident-administrasiyasindaki-qohumuna-guvenib-evimi-elimden-almaq-isteyir\/","og_locale":"az_AZ","og_type":"article","og_title":"\u201cQon\u015fum Prezident Administrasiyas\u0131ndak\u0131 qohumuna g\u00fcv\u0259nib evimi \u0259limd\u0259n almaq ist\u0259yir\u201d - MEYDAN.TV","og_description":"\u015eamax\u0131 sakini: \u201c\u0130ham \u018fliyev bu il \u015eamax\u0131ya s\u0259f\u0259r ed\u0259nd\u0259 \u015fikay\u0259t m\u0259ktubumu \u015f\u0259xs\u0259n \u00f6z\u00fcn\u0259 t\u0259qdim etmi\u015f\u0259m\u201d","og_url":"https:\/\/www.meydan.tv\/az\/article\/qonsum-prezident-administrasiyasindaki-qohumuna-guvenib-evimi-elimden-almaq-isteyir\/","og_site_name":"MEYDAN.TV","article_published_time":"2019-12-09T23:18:11+00:00","og_image":[{"width":960,"height":720,"url":"https:\/\/www.meydan.tv\/wp-content\/uploads\/6d4f54e1-56ae-4501-adc1-17ec21af4846.jpeg","type":"image\/jpeg"}],"author":"user-manager","twitter_card":"summary_large_image","schema":{"@context":"https:\/\/schema.org","@graph":[{"@type":"Article","@id":"https:\/\/www.meydan.tv\/az\/article\/qonsum-prezident-administrasiyasindaki-qohumuna-guvenib-evimi-elimden-almaq-isteyir\/#article","isPartOf":{"@id":"https:\/\/www.meydan.tv\/az\/article\/qonsum-prezident-administrasiyasindaki-qohumuna-guvenib-evimi-elimden-almaq-isteyir\/"},"author":{"name":"user-manager","@id":"https:\/\/www.meydan.tv\/az\/#\/schema\/person\/10d11eccf6da3662cf5fdab9806ea91a"},"headline":"\u201cQon\u015fum Prezident Administrasiyas\u0131ndak\u0131 qohumuna g\u00fcv\u0259nib evimi \u0259limd\u0259n almaq ist\u0259yir\u201d","datePublished":"2019-12-09T23:18:11+00:00","mainEntityOfPage":{"@id":"https:\/\/www.meydan.tv\/az\/article\/qonsum-prezident-administrasiyasindaki-qohumuna-guvenib-evimi-elimden-almaq-isteyir\/"},"wordCount":1255,"publisher":{"@id":"https:\/\/www.meydan.tv\/az\/#organization"},"image":{"@id":"https:\/\/www.meydan.tv\/az\/article\/qonsum-prezident-administrasiyasindaki-qohumuna-guvenib-evimi-elimden-almaq-isteyir\/#primaryimage"},"thumbnailUrl":"https:\/\/www.meydan.tv\/wp-content\/uploads\/6d4f54e1-56ae-4501-adc1-17ec21af4846.jpeg","articleSection":["B\u00f6lg\u0259"],"inLanguage":"az"},{"@type":"WebPage","@id":"https:\/\/www.meydan.tv\/az\/article\/qonsum-prezident-administrasiyasindaki-qohumuna-guvenib-evimi-elimden-almaq-isteyir\/","url":"https:\/\/www.meydan.tv\/az\/article\/qonsum-prezident-administrasiyasindaki-qohumuna-guvenib-evimi-elimden-almaq-isteyir\/","name":"\u201cQon\u015fum Prezident Administrasiyas\u0131ndak\u0131 qohumuna g\u00fcv\u0259nib evimi \u0259limd\u0259n almaq ist\u0259yir\u201d - MEYDAN.TV","isPartOf":{"@id":"https:\/\/www.meydan.tv\/az\/#website"},"primaryImageOfPage":{"@id":"https:\/\/www.meydan.tv\/az\/article\/qonsum-prezident-administrasiyasindaki-qohumuna-guvenib-evimi-elimden-almaq-isteyir\/#primaryimage"},"image":{"@id":"https:\/\/www.meydan.tv\/az\/article\/qonsum-prezident-administrasiyasindaki-qohumuna-guvenib-evimi-elimden-almaq-isteyir\/#primaryimage"},"thumbnailUrl":"https:\/\/www.meydan.tv\/wp-content\/uploads\/6d4f54e1-56ae-4501-adc1-17ec21af4846.jpeg","datePublished":"2019-12-09T23:18:11+00:00","breadcrumb":{"@id":"https:\/\/www.meydan.tv\/az\/article\/qonsum-prezident-administrasiyasindaki-qohumuna-guvenib-evimi-elimden-almaq-isteyir\/#breadcrumb"},"inLanguage":"az","potentialAction":[{"@type":"ReadAction","target":["https:\/\/www.meydan.tv\/az\/article\/qonsum-prezident-administrasiyasindaki-qohumuna-guvenib-evimi-elimden-almaq-isteyir\/"]}]},{"@type":"ImageObject","inLanguage":"az","@id":"https:\/\/www.meydan.tv\/az\/article\/qonsum-prezident-administrasiyasindaki-qohumuna-guvenib-evimi-elimden-almaq-isteyir\/#primaryimage","url":"https:\/\/www.meydan.tv\/wp-content\/uploads\/6d4f54e1-56ae-4501-adc1-17ec21af4846.jpeg","contentUrl":"https:\/\/www.meydan.tv\/wp-content\/uploads\/6d4f54e1-56ae-4501-adc1-17ec21af4846.jpeg","width":960,"height":720,"caption":"Source: Meydan Tv"},{"@type":"BreadcrumbList","@id":"https:\/\/www.meydan.tv\/az\/article\/qonsum-prezident-administrasiyasindaki-qohumuna-guvenib-evimi-elimden-almaq-isteyir\/#breadcrumb","itemListElement":[{"@type":"ListItem","position":1,"name":"Ana s\u0259hif\u0259","item":"https:\/\/www.meydan.tv\/az\/"},{"@type":"ListItem","position":2,"name":"B\u00f6lg\u0259","item":"https:\/\/www.meydan.tv\/az\/section\/bolge\/"},{"@type":"ListItem","position":3,"name":"\u201cQon\u015fum Prezident Administrasiyas\u0131ndak\u0131 qohumuna g\u00fcv\u0259nib evimi \u0259limd\u0259n almaq ist\u0259yir\u201d"}]},{"@type":"WebSite","@id":"https:\/\/www.meydan.tv\/az\/#website","url":"https:\/\/www.meydan.tv\/az\/","name":"MEYDAN.TV","description":"Meydan TV Az\u0259rbaycan\u0131n media m\u0259kan\u0131ndak\u0131 alternativ s\u0259sidir","publisher":{"@id":"https:\/\/www.meydan.tv\/az\/#organization"},"potentialAction":[{"@type":"SearchAction","target":{"@type":"EntryPoint","urlTemplate":"https:\/\/www.meydan.tv\/az\/?s={search_term_string}"},"query-input":{"@type":"PropertyValueSpecification","valueRequired":true,"valueName":"search_term_string"}}],"inLanguage":"az"},{"@type":"Organization","@id":"https:\/\/www.meydan.tv\/az\/#organization","name":"Meydan TV","url":"https:\/\/www.meydan.tv\/az\/","logo":{"@type":"ImageObject","inLanguage":"az","@id":"https:\/\/www.meydan.tv\/az\/#\/schema\/logo\/image\/","url":"https:\/\/www.meydan.tv\/wp-content\/uploads\/2021\/07\/meydan-logo.svg","contentUrl":"https:\/\/www.meydan.tv\/wp-content\/uploads\/2021\/07\/meydan-logo.svg","width":195,"height":46,"caption":"Meydan TV"},"image":{"@id":"https:\/\/www.meydan.tv\/az\/#\/schema\/logo\/image\/"}},{"@type":"Person","@id":"https:\/\/www.meydan.tv\/az\/#\/schema\/person\/10d11eccf6da3662cf5fdab9806ea91a","name":"user-manager"}]}},"_links":{"self":[{"href":"https:\/\/www.meydan.tv\/az\/wp-json\/wp\/v2\/posts\/198293","targetHints":{"allow":["GET"]}}],"collection":[{"href":"https:\/\/www.meydan.tv\/az\/wp-json\/wp\/v2\/posts"}],"about":[{"href":"https:\/\/www.meydan.tv\/az\/wp-json\/wp\/v2\/types\/post"}],"author":[{"embeddable":true,"href":"https:\/\/www.meydan.tv\/az\/wp-json\/wp\/v2\/users\/11"}],"replies":[{"embeddable":true,"href":"https:\/\/www.meydan.tv\/az\/wp-json\/wp\/v2\/comments?post=198293"}],"version-history":[{"count":0,"href":"https:\/\/www.meydan.tv\/az\/wp-json\/wp\/v2\/posts\/198293\/revisions"}],"wp:featuredmedia":[{"embeddable":true,"href":"https:\/\/www.meydan.tv\/az\/wp-json\/wp\/v2\/media\/134105"}],"wp:attachment":[{"href":"https:\/\/www.meydan.tv\/az\/wp-json\/wp\/v2\/media?parent=198293"}],"wp:term":[{"taxonomy":"category","embeddable":true,"href":"https:\/\/www.meydan.tv\/az\/wp-json\/wp\/v2\/categories?post=198293"},{"taxonomy":"post_tag","embeddable":true,"href":"https:\/\/www.meydan.tv\/az\/wp-json\/wp\/v2\/tags?post=198293"}],"curies":[{"name":"wp","href":"https:\/\/api.w.org\/{rel}","templated":true}]}}