{"id":198291,"date":"2019-12-09T19:52:53","date_gmt":"2019-12-09T19:52:53","guid":{"rendered":"https:\/\/www.meydan.tv\/article\/qizimin-sehheti-agir-oldugundan-2-ildir-mektebe-gede-bilmir\/"},"modified":"2019-12-09T19:52:53","modified_gmt":"2019-12-09T19:52:53","slug":"qizimin-sehheti-agir-oldugundan-2-ildir-mektebe-gede-bilmir","status":"publish","type":"post","link":"https:\/\/www.meydan.tv\/az\/article\/qizimin-sehheti-agir-oldugundan-2-ildir-mektebe-gede-bilmir\/","title":{"rendered":"\u201cQ\u0131z\u0131m\u0131n s\u0259hh\u0259ti a\u011f\u0131r oldu\u011fundan 2 ildir m\u0259kt\u0259b\u0259 ged\u0259 bilmir\u201d"},"content":{"rendered":"<p>\n  <i><br \/>\n    Sabirabad sakini: \u201c\u018flillik v\u0259 \u00fcnvanl\u0131 sosial kartlar\u0131m haz\u0131rda s\u0259l\u0259m g\u00f6t\u00fcrd\u00fcy\u00fcm adamlardad\u0131r\u201d<br \/>\n  <\/i>\n<\/p>\n<p>\n  \u201cAil\u0259d\u0259 alt\u0131 qarda\u015f, d\u00f6rd bac\u0131y\u0131q, aralar\u0131nda s\u0131n\u0131q\u00e7\u0131da \u0259n \u00e7ox m\u0259n olmu\u015fam. H\u0259l\u0259 u\u015faql\u0131qda bir balaca b\u00fcdr\u0259yib, y\u0131x\u0131lan kimi qolum-q\u0131l\u00e7am s\u0131n\u0131rd\u0131.\n<\/p>\n<p>\n  1995-ci ild\u0259 \u0259sg\u0259rlik ya\u015f\u0131m \u00e7atanda, m\u0259ni tibbi m\u00fcayin\u0259 etdikd\u0259n sonra h\u0259qiqi h\u0259rbi xidm\u0259t\u0259 aparmad\u0131lar. 1998-ci il dava-q\u0131r\u011f\u0131nla \u00f6z\u00fcm k\u00f6n\u00fcll\u00fc \u0259sg\u0259r getdim. \u018fsg\u0259rlikd\u0259 olanda g\u00f6rd\u00fcm ki, yox, qa\u00e7maq bir yana, he\u00e7 s\u00fcr\u0259tl\u0259 add\u0131mlaya bilmir\u0259m. Yen\u0259 d\u0259 \u0259h\u0259miyy\u0259t verm\u0259dim. \u018fsg\u0259rliyimi A\u011fdamda \u00e7\u0259kirdim, bizim kazarman\u0131n qap\u0131s\u0131-p\u0259nc\u0259r\u0259si yox idi. Soyuqdan ayaqlar\u0131m \u015fi\u015fm\u0259y\u0259 ba\u015flad\u0131, h\u0259min vaxt s\u0259hh\u0259timl\u0259 \u0259laq\u0259dar komissiya \u00e7a\u011f\u0131r\u0131ld\u0131, v\u0259ziyy\u0259timin a\u011f\u0131r oldu\u011funu bildirdil\u0259r, sonra da ev\u0259 burax\u0131ld\u0131m. Bununla bel\u0259, a\u011f\u0131r x\u0259st\u0259liyimin olmas\u0131ndan x\u0259b\u0259rsiz idim\u201d.\n<\/p>\n<p>\n  Bu s\u00f6zl\u0259ri Meydan TV-y\u0259 Sabirabad rayonu, Yenik\u0259nd sakini G\u00fclal\u0131 \u018fh\u0259dov deyir. S\u00f6yl\u0259yir ki, \u0259sg\u0259rlikd\u0259n qay\u0131dandan bir ne\u00e7\u0259 il sonra ail\u0259 qurub Bak\u0131ya k\u00f6\u00e7\u00fcb:\n<\/p>\n<p>\n  \u201cD\u00fc\u015f\u00fcnd\u00fcm ki, \u015f\u0259h\u0259rd\u0259 \u00f6z\u00fcm\u0259 bir g\u00fcz\u0259ran quraram. Lakin 2007-ci ild\u0259 m\u0259ni k\u00fc\u00e7\u0259d\u0259 ma\u015f\u0131n vurub qa\u00e7d\u0131. Ayaqlar\u0131m s\u0131nm\u0131\u015fd\u0131, bel s\u00fcm\u00fckl\u0259rim q\u0131r\u0131l\u0131b, d\u0259rid\u0259n bay\u0131ra sallanm\u0131\u015fd\u0131. O v\u0259ziyy\u0259td\u0259 sa\u011f qalma\u011f\u0131m m\u00f6c\u00fcz\u0259 idi. \u0130ki d\u0259f\u0259 Respublika Klinik X\u0259st\u0259xanas\u0131nda, iki d\u0259f\u0259 is\u0259 M\u0259rk\u0259zi Klinikada \u0259m\u0259liyyat olundum. M\u0259rk\u0259zi X\u0259st\u0259xanda aya\u011f\u0131m\u0131 k\u0259sm\u0259k ist\u0259dil\u0259r, raz\u0131la\u015fmad\u0131m. K\u0259nd\u0259 g\u0259ldim, s\u0131n\u0131qc\u0131 iki d\u0259f\u0259 s\u00fcm\u00fcy\u00fcm\u00fc s\u0131nd\u0131rd\u0131 ki, t\u0259z\u0259d\u0259n d\u00fcz biti\u015fsin. \u00c7\u00fcnki x\u0259st\u0259xanada m\u00fcalic\u0259m d\u00fczg\u00fcn apar\u0131lmam\u0131\u015fd\u0131. Daha sonra M\u0259rk\u0259zi X\u0259st\u0259xanada \u00e7ana\u011f\u0131mdan s\u00fcm\u00fck g\u00f6t\u00fcr\u00fcb, aya\u011f\u0131ma, k\u00f6\u00e7\u00fcrd\u00fcl\u0259r. Yen\u0259 d\u0259 sa\u011falm\u0131rd\u0131m, \u0259ksin\u0259, x\u0259st\u0259liyim k\u0259skinl\u0259\u015firdi, aya\u011f\u0131mda v\u0259t\u0259rl\u0259r s\u00fcm\u00fckd\u0259n qopurdu. T\u00fckiy\u0259d\u0259 \u0259m\u0259liyyatla aya\u011f\u0131ma v\u0259t\u0259r k\u00f6\u00e7\u00fcr\u00fcld\u00fc.\n<\/p>\n<p>\n  \u0130ki il yataq x\u0259st\u0259si olmu\u015fam, t\u0259rp\u0259n\u0259 bilmirdim. Q\u0259zadan sonra s\u00fcm\u00fckl\u0259rim ba\u015flad\u0131 keyfiyy\u0259tini itirm\u0259y\u0259. S\u00fcm\u00fckl\u0259r tamamil\u0259 \u0259ridi, f\u0259q\u0259r\u0259nin d\u00f6rd\u00fc s\u0131nd\u0131. Qab\u0131r\u011falar\u0131m \u0259yilib, ciy\u0259rim\u0259 girmi\u015fdi. S\u00fcm\u00fcy\u00fcn analizini g\u00f6t\u00fcr\u0259nd\u0259, sanki bizi pendir\u0259 soxurdular. O d\u0259r\u0259c\u0259d\u0259 s\u00fcm\u00fckl\u0259rim elastikl\u0259\u015fmi\u015fdi. X\u0259st\u0259liyim osteoparoza (s\u00fcm\u00fck toxumas\u0131n\u0131n z\u0259d\u0259l\u0259nm\u0259si, deformasiyas\u0131 v\u0259 s\u0131n\u0131\u011f\u0131 il\u0259 n\u0259tic\u0259l\u0259n\u0259n skeletin metabolik x\u0259st\u0259liyi \u2013 red) ox\u015fay\u0131r, amma h\u0259min x\u0259st\u0259lik deyil. \u00c7ox t\u0259\u0259ss\u00fcf ki, Az\u0259rbaycanda h\u0259kiml\u0259r bu x\u0259st\u0259liyin n\u0259 oldu\u011funu tapa bilm\u0259yibl\u0259r. Onur\u011fa c\u0259rrah\u0131 To\u011frul C\u0259lilovun m\u00fcalic\u0259si m\u0259n\u0259 m\u00fc\u0259yy\u0259n d\u0259r\u0259c\u0259d\u0259 k\u00f6m\u0259k oldu.\n<\/p>\n<p>\n  2007-ci ild\u0259n bu g\u00fcn\u0259 kimi s\u0259hh\u0259timl\u0259 \u0259laq\u0259dar dostlar\u0131m, yax\u0131nlar\u0131m, rayon camaat\u0131n\u0131n k\u00f6m\u0259kliyi il\u0259 136 min manat pul x\u0259rcl\u0259nib. Son 1,5 ayd\u0131r ki, s\u0259hh\u0259tim normalla\u015f\u0131b. K\u0259nd camaat\u0131n\u0131n say\u0259sind\u0259 bu g\u00fcn ayaq \u00fcst\u0259y\u0259m. Piyada on be\u015f-iyirmi metr g\u0259zir\u0259m, dir\u0259nir\u0259m. \u018fvv\u0259ll\u0259r iki qoltuqalt\u0131 \u0259sayla g\u0259zirdim, indi \u015f\u00fck\u00fcr, birini atm\u0131\u015fam. S\u00fcm\u00fckl\u0259rimd\u0259 \u0259rim\u0259 dayanm\u0131rd\u0131, deformasiyaya u\u011fray\u0131b, \u0259yilib ciy\u0259rl\u0259rim\u0259 bat\u0131rd\u0131. H\u0259kiml\u0259r s\u00fcm\u00fcy\u00fcm\u0259 iyn\u0259 vurub, dondurdular\u201d.\n<\/p>\n<figure class=\"wp-block-image size-large\">\n  <img decoding=\"async\" src=\"https:\/\/www.meydan.tv\/az\/image_from_ios-1-jpg-77\/\" alt=\"image_from_ios (1).jpg\" class=\"wp-image-133970\"\/><figcaption>\n    MRT m\u00fcayin\u0259 protokolu<br \/>\n  <\/figcaption><\/figure>\n<p>\n  G\u00fclal\u0131 \u018fh\u0259dovun bir o\u011flan, bir q\u0131z \u00f6vlad\u0131 var. Dediyin\u0259 g\u00f6r\u0259, h\u0259kiml\u0259r doqquz ya\u015fl\u0131 S\u0259man\u0131n da atas\u0131n\u0131n x\u0259st\u0259liyinin da\u015f\u0131y\u0131c\u0131s\u0131 oldu\u011funu m\u00fc\u0259yy\u0259n edibl\u0259r:\n<\/p>\n<p>\n  \u201cQ\u0131z\u0131mda t\u0259xmin\u0259n 1,5 il \u0259vv\u0259l a\u011fr\u0131lar vard\u0131. \u00d6z-\u00f6z\u00fcm\u0259 deyirdim, bu g\u00fcn-sabah h\u0259kim\u0259 apararam. Amma pul olmurdu. U\u015faqda k\u0259skin a\u011fr\u0131lar ba\u015flad\u0131, \u00e7\u0131\u011f\u0131r\u0131rd\u0131, a\u011fr\u0131dan t\u0259rp\u0259n\u0259 bilmirdi. To\u011frul h\u0259kimin yan\u0131na apard\u0131m, m\u00fcayin\u0259 etdi, d\u0259li oldu, dedi ki, u\u015faqda da eyni s\u0259nd\u0259ki x\u0259st\u0259likd\u0259ndir.\n<\/p>\n<p>\n  Q\u0131z\u0131m\u0131n s\u00fcm\u00fcy\u00fcnd\u0259 \u0259rim\u0259 iyirmi d\u00f6rd faiz\u0259 \u00e7at\u0131b. Osteoparoza uy\u011fun edil\u0259n m\u00fcalic\u0259nin d\u0259 u\u015fa\u011fa xeyri c\u00fczi, lap az olur. K\u00f6rp\u0259dir, \u00fcr\u0259yim g\u0259lmir ki, ona da iyn\u0259 vurdurum, s\u00fcm\u00fckl\u0259rini dondurum. M\u0259n bu g\u00fcn varam, sabah yoxam. \u0130st\u0259yir\u0259m ki, balam\u0131 m\u00fcalic\u0259 etdirim, tam sa\u011fals\u0131n, m\u0259nim d\u0259 g\u00f6z\u00fcm arxada qalmas\u0131n. Doqquz ayd\u0131r ki, u\u015faq d\u0259mir paltarda, korsetd\u0259 yat\u0131r, \u015fidd\u0259tli a\u011fr\u0131lar\u0131 olur\u201d.\n<\/p>\n<p>\n  Atan\u0131n dediyin\u0259 g\u00f6r\u0259, S\u0259man\u0131n s\u0259hh\u0259ti \u00e7ox a\u011f\u0131r oldu\u011fu \u00fc\u00e7\u00fcn iki ildir m\u0259kt\u0259b\u0259 ged\u0259 bilmir, d\u0259rsl\u0259rind\u0259n geri qal\u0131b:\n<\/p>\n<p>\n  \u201cSinif otaqlar\u0131 \u00e7ox soyuq oldu\u011fu \u00fc\u00e7\u00fcn q\u0131z orada skolioz (onur\u011fa s\u00fctununun \u0259yriliyi-red) oldu. B\u0259d\u0259ni ayaqlar\u0131na a\u011f\u0131rl\u0131q edir, g\u00fcc\u00fc \u00e7atm\u0131r, \u00f6z\u00fcn\u00fc idar\u0259 etm\u0259y\u0259. G\u0259z\u0259 bilmir, anas\u0131 h\u0259y\u0259t\u0259 \u0259lind\u0259n tutub d\u00fc\u015f\u00fcr\u00fcr. On bir ayd\u0131r ki, u\u015fa\u011f\u0131 m\u00fcalic\u0259 etdiririk, bu vaxta q\u0259d\u0259r 11 min manat pul x\u0259rcl\u0259nib, amma he\u00e7 bir n\u0259tic\u0259si yoxdur. Bu x\u0259st\u0259liyin m\u00fcalic\u0259sinin \u0130sraild\u0259 v\u0259 Almaniyada m\u00fcmk\u00fcn oldu\u011funu deyirl\u0259r. \u018fslind\u0259, b\u00f6y\u00fck m\u0259bl\u0259\u011f t\u0259l\u0259b olunmur. Otuz be\u015f min manat laz\u0131md\u0131r. Amma m\u0259nim d\u0259 bu q\u0259d\u0259r pulum yoxdur.\n<\/p>\n<p>\n  Bu d\u0259qiq\u0259 30 min manata yax\u0131n, kreditim, s\u0259l\u0259mim, borcum var. \u018fvv\u0259lki icra ba\u015f\u00e7\u0131s\u0131 sa\u011f olsun, \u00fcnvanl\u0131 sosial yard\u0131m alma\u011f\u0131ma k\u00f6m\u0259klik etmi\u015fdi. Birinci qrup \u0259lil\u0259m. \u018flillik v\u0259 \u00fcnvanl\u0131 sosial kartlar\u0131m haz\u0131rda s\u0259l\u0259m g\u00f6t\u00fcrd\u00fcy\u00fcm adamlardad\u0131r. \u0130ki-\u00fc\u00e7 yer\u0259 kredit \u00f6d\u0259yir\u0259m. S\u0259l\u0259m g\u00f6t\u00fcr\u00fcb, banklara verir\u0259m ki, yalan\u00e7\u0131 \u00e7\u0131xmay\u0131m. D\u0259rmanlara g\u00f6r\u0259 h\u0259r ay pul laz\u0131m olur, borcu-borca calay\u0131ram. Birind\u0259n borc al\u0131ram, dig\u0259rind\u0259n s\u0259l\u0259m, kredit. H\u0259min pullar da y\u0131\u011f\u0131l\u0131b, 30 min manat edib. \u0130kiotaql\u0131 evimi 35 min manata sat\u0131lma\u011fa qoymu\u015fam. Rayon yerind\u0259 kimdir onu alan?\n<\/p>\n<figure class=\"wp-block-image size-large\">\n  <img decoding=\"async\" src=\"https:\/\/www.meydan.tv\/az\/image_from_ios-2-jpg-76\/\" alt=\"image_from_ios (2).jpg\" class=\"wp-image-133973\"\/><figcaption>\n    Rentgen m\u00fcayin\u0259si<br \/>\n  <\/figcaption><\/figure>\n<p>\n  H\u0259yat yolda\u015f\u0131m T\u00fcnzal\u0259 \u018fh\u0259dova da epilepsiya (nevroloji patalogiya-red) x\u0259st\u0259sidir. Ail\u0259nin y\u00fck\u00fc b\u00fct\u00fcnl\u00fckl\u0259 onun \u00fcz\u0259rind\u0259dir. Evin, h\u0259y\u0259t-bacan\u0131n i\u015fl\u0259rini t\u0259kba\u015f\u0131na g\u00f6r\u00fcr. Onu da deyim ki, yolda\u015f\u0131ma da, q\u0131z\u0131ma da \u0259lillik d\u00fc\u015f\u00fcr, lakin Sabirabad Rayon M\u0259rk\u0259zi X\u0259st\u0259xanas\u0131 onlara \u0259llilik d\u0259r\u0259c\u0259si verm\u0259k ist\u0259mir.\n<\/p>\n<p>\n  Bu d\u0259qiq\u0259 m\u0259nim \u00fc\u00e7\u00fcn \u0259n vacib u\u015fa\u011f\u0131m\u0131n h\u0259yat\u0131n\u0131 xilas etm\u0259kdir. Prezident\u0259, Birinci-vitse prezident\u0259 m\u00fcraci\u0259t edir\u0259m, biz\u0259 k\u00f6m\u0259klik etsinl\u0259r, u\u015fa\u011f\u0131m\u0131n h\u0259yat\u0131n\u0131 xilas edim\u201d.\n<\/p>\n<p>\n  Sabirabad Rayon M\u0259rk\u0259zi x\u0259st\u0259xanas\u0131ndan m\u0259s\u0259l\u0259y\u0259 m\u00fcnasib\u0259t \u00f6yr\u0259nm\u0259k m\u00fcmk\u00fcn olmay\u0131b.<\/p>\n","protected":false},"excerpt":{"rendered":"<p>Ail\u0259nin y\u00fck\u00fc b\u00fct\u00fcnl\u00fckl\u0259 onun \u00fcz\u0259rind\u0259dir.<\/p>\n","protected":false},"author":11,"featured_media":133967,"comment_status":"closed","ping_status":"open","sticky":false,"template":"","format":"standard","meta":{"_acf_changed":false,"_sitemap_exclude":false,"_sitemap_priority":"","_sitemap_frequency":"","footnotes":""},"categories":[60],"tags":[],"class_list":["post-198291","post","type-post","status-publish","format-standard","has-post-thumbnail","hentry","category-bolge","infinite-scroll-item","generate-columns","tablet-grid-50","mobile-grid-100","grid-parent","grid-33","no-featured-image-padding"],"acf":[],"yoast_head":"<!-- This site is optimized with the Yoast SEO plugin v27.5 - https:\/\/yoast.com\/product\/yoast-seo-wordpress\/ -->\n<title>\u201cQ\u0131z\u0131m\u0131n s\u0259hh\u0259ti a\u011f\u0131r oldu\u011fundan 2 ildir m\u0259kt\u0259b\u0259 ged\u0259 bilmir\u201d - MEYDAN.TV<\/title>\n<meta name=\"robots\" content=\"index, follow, max-snippet:-1, max-image-preview:large, max-video-preview:-1\" \/>\n<link rel=\"canonical\" href=\"https:\/\/www.meydan.tv\/az\/article\/qizimin-sehheti-agir-oldugundan-2-ildir-mektebe-gede-bilmir\/\" \/>\n<meta property=\"og:locale\" content=\"az_AZ\" \/>\n<meta property=\"og:type\" content=\"article\" \/>\n<meta property=\"og:title\" content=\"\u201cQ\u0131z\u0131m\u0131n s\u0259hh\u0259ti a\u011f\u0131r oldu\u011fundan 2 ildir m\u0259kt\u0259b\u0259 ged\u0259 bilmir\u201d - MEYDAN.TV\" \/>\n<meta property=\"og:description\" content=\"Ail\u0259nin y\u00fck\u00fc b\u00fct\u00fcnl\u00fckl\u0259 onun \u00fcz\u0259rind\u0259dir.\" \/>\n<meta property=\"og:url\" content=\"https:\/\/www.meydan.tv\/az\/article\/qizimin-sehheti-agir-oldugundan-2-ildir-mektebe-gede-bilmir\/\" \/>\n<meta property=\"og:site_name\" content=\"MEYDAN.TV\" \/>\n<meta property=\"article:published_time\" content=\"2019-12-09T19:52:53+00:00\" \/>\n<meta property=\"og:image\" content=\"https:\/\/www.meydan.tv\/wp-content\/uploads\/20191204_143415.jpg\" \/>\n\t<meta property=\"og:image:width\" content=\"720\" \/>\n\t<meta property=\"og:image:height\" content=\"550\" \/>\n\t<meta property=\"og:image:type\" content=\"image\/jpeg\" \/>\n<meta name=\"author\" content=\"user-manager\" \/>\n<meta name=\"twitter:card\" content=\"summary_large_image\" \/>\n<script type=\"application\/ld+json\" class=\"yoast-schema-graph\">{\"@context\":\"https:\\\/\\\/schema.org\",\"@graph\":[{\"@type\":\"Article\",\"@id\":\"https:\\\/\\\/www.meydan.tv\\\/az\\\/article\\\/qizimin-sehheti-agir-oldugundan-2-ildir-mektebe-gede-bilmir\\\/#article\",\"isPartOf\":{\"@id\":\"https:\\\/\\\/www.meydan.tv\\\/az\\\/article\\\/qizimin-sehheti-agir-oldugundan-2-ildir-mektebe-gede-bilmir\\\/\"},\"author\":{\"name\":\"user-manager\",\"@id\":\"https:\\\/\\\/www.meydan.tv\\\/az\\\/#\\\/schema\\\/person\\\/10d11eccf6da3662cf5fdab9806ea91a\"},\"headline\":\"\u201cQ\u0131z\u0131m\u0131n s\u0259hh\u0259ti a\u011f\u0131r oldu\u011fundan 2 ildir m\u0259kt\u0259b\u0259 ged\u0259 bilmir\u201d\",\"datePublished\":\"2019-12-09T19:52:53+00:00\",\"mainEntityOfPage\":{\"@id\":\"https:\\\/\\\/www.meydan.tv\\\/az\\\/article\\\/qizimin-sehheti-agir-oldugundan-2-ildir-mektebe-gede-bilmir\\\/\"},\"wordCount\":1330,\"publisher\":{\"@id\":\"https:\\\/\\\/www.meydan.tv\\\/az\\\/#organization\"},\"image\":{\"@id\":\"https:\\\/\\\/www.meydan.tv\\\/az\\\/article\\\/qizimin-sehheti-agir-oldugundan-2-ildir-mektebe-gede-bilmir\\\/#primaryimage\"},\"thumbnailUrl\":\"https:\\\/\\\/www.meydan.tv\\\/wp-content\\\/uploads\\\/20191204_143415.jpg\",\"articleSection\":[\"B\u00f6lg\u0259\"],\"inLanguage\":\"az\"},{\"@type\":\"WebPage\",\"@id\":\"https:\\\/\\\/www.meydan.tv\\\/az\\\/article\\\/qizimin-sehheti-agir-oldugundan-2-ildir-mektebe-gede-bilmir\\\/\",\"url\":\"https:\\\/\\\/www.meydan.tv\\\/az\\\/article\\\/qizimin-sehheti-agir-oldugundan-2-ildir-mektebe-gede-bilmir\\\/\",\"name\":\"\u201cQ\u0131z\u0131m\u0131n s\u0259hh\u0259ti a\u011f\u0131r oldu\u011fundan 2 ildir m\u0259kt\u0259b\u0259 ged\u0259 bilmir\u201d - MEYDAN.TV\",\"isPartOf\":{\"@id\":\"https:\\\/\\\/www.meydan.tv\\\/az\\\/#website\"},\"primaryImageOfPage\":{\"@id\":\"https:\\\/\\\/www.meydan.tv\\\/az\\\/article\\\/qizimin-sehheti-agir-oldugundan-2-ildir-mektebe-gede-bilmir\\\/#primaryimage\"},\"image\":{\"@id\":\"https:\\\/\\\/www.meydan.tv\\\/az\\\/article\\\/qizimin-sehheti-agir-oldugundan-2-ildir-mektebe-gede-bilmir\\\/#primaryimage\"},\"thumbnailUrl\":\"https:\\\/\\\/www.meydan.tv\\\/wp-content\\\/uploads\\\/20191204_143415.jpg\",\"datePublished\":\"2019-12-09T19:52:53+00:00\",\"breadcrumb\":{\"@id\":\"https:\\\/\\\/www.meydan.tv\\\/az\\\/article\\\/qizimin-sehheti-agir-oldugundan-2-ildir-mektebe-gede-bilmir\\\/#breadcrumb\"},\"inLanguage\":\"az\",\"potentialAction\":[{\"@type\":\"ReadAction\",\"target\":[\"https:\\\/\\\/www.meydan.tv\\\/az\\\/article\\\/qizimin-sehheti-agir-oldugundan-2-ildir-mektebe-gede-bilmir\\\/\"]}]},{\"@type\":\"ImageObject\",\"inLanguage\":\"az\",\"@id\":\"https:\\\/\\\/www.meydan.tv\\\/az\\\/article\\\/qizimin-sehheti-agir-oldugundan-2-ildir-mektebe-gede-bilmir\\\/#primaryimage\",\"url\":\"https:\\\/\\\/www.meydan.tv\\\/wp-content\\\/uploads\\\/20191204_143415.jpg\",\"contentUrl\":\"https:\\\/\\\/www.meydan.tv\\\/wp-content\\\/uploads\\\/20191204_143415.jpg\",\"width\":720,\"height\":550,\"caption\":\"Source: Specify Source\"},{\"@type\":\"BreadcrumbList\",\"@id\":\"https:\\\/\\\/www.meydan.tv\\\/az\\\/article\\\/qizimin-sehheti-agir-oldugundan-2-ildir-mektebe-gede-bilmir\\\/#breadcrumb\",\"itemListElement\":[{\"@type\":\"ListItem\",\"position\":1,\"name\":\"Ana s\u0259hif\u0259\",\"item\":\"https:\\\/\\\/www.meydan.tv\\\/az\\\/\"},{\"@type\":\"ListItem\",\"position\":2,\"name\":\"B\u00f6lg\u0259\",\"item\":\"https:\\\/\\\/www.meydan.tv\\\/az\\\/section\\\/bolge\\\/\"},{\"@type\":\"ListItem\",\"position\":3,\"name\":\"\u201cQ\u0131z\u0131m\u0131n s\u0259hh\u0259ti a\u011f\u0131r oldu\u011fundan 2 ildir m\u0259kt\u0259b\u0259 ged\u0259 bilmir\u201d\"}]},{\"@type\":\"WebSite\",\"@id\":\"https:\\\/\\\/www.meydan.tv\\\/az\\\/#website\",\"url\":\"https:\\\/\\\/www.meydan.tv\\\/az\\\/\",\"name\":\"MEYDAN.TV\",\"description\":\"Meydan TV Az\u0259rbaycan\u0131n media m\u0259kan\u0131ndak\u0131 alternativ s\u0259sidir\",\"publisher\":{\"@id\":\"https:\\\/\\\/www.meydan.tv\\\/az\\\/#organization\"},\"potentialAction\":[{\"@type\":\"SearchAction\",\"target\":{\"@type\":\"EntryPoint\",\"urlTemplate\":\"https:\\\/\\\/www.meydan.tv\\\/az\\\/?s={search_term_string}\"},\"query-input\":{\"@type\":\"PropertyValueSpecification\",\"valueRequired\":true,\"valueName\":\"search_term_string\"}}],\"inLanguage\":\"az\"},{\"@type\":\"Organization\",\"@id\":\"https:\\\/\\\/www.meydan.tv\\\/az\\\/#organization\",\"name\":\"Meydan TV\",\"url\":\"https:\\\/\\\/www.meydan.tv\\\/az\\\/\",\"logo\":{\"@type\":\"ImageObject\",\"inLanguage\":\"az\",\"@id\":\"https:\\\/\\\/www.meydan.tv\\\/az\\\/#\\\/schema\\\/logo\\\/image\\\/\",\"url\":\"https:\\\/\\\/www.meydan.tv\\\/wp-content\\\/uploads\\\/2021\\\/07\\\/meydan-logo.svg\",\"contentUrl\":\"https:\\\/\\\/www.meydan.tv\\\/wp-content\\\/uploads\\\/2021\\\/07\\\/meydan-logo.svg\",\"width\":195,\"height\":46,\"caption\":\"Meydan TV\"},\"image\":{\"@id\":\"https:\\\/\\\/www.meydan.tv\\\/az\\\/#\\\/schema\\\/logo\\\/image\\\/\"}},{\"@type\":\"Person\",\"@id\":\"https:\\\/\\\/www.meydan.tv\\\/az\\\/#\\\/schema\\\/person\\\/10d11eccf6da3662cf5fdab9806ea91a\",\"name\":\"user-manager\"}]}<\/script>\n<!-- \/ Yoast SEO plugin. -->","yoast_head_json":{"title":"\u201cQ\u0131z\u0131m\u0131n s\u0259hh\u0259ti a\u011f\u0131r oldu\u011fundan 2 ildir m\u0259kt\u0259b\u0259 ged\u0259 bilmir\u201d - MEYDAN.TV","robots":{"index":"index","follow":"follow","max-snippet":"max-snippet:-1","max-image-preview":"max-image-preview:large","max-video-preview":"max-video-preview:-1"},"canonical":"https:\/\/www.meydan.tv\/az\/article\/qizimin-sehheti-agir-oldugundan-2-ildir-mektebe-gede-bilmir\/","og_locale":"az_AZ","og_type":"article","og_title":"\u201cQ\u0131z\u0131m\u0131n s\u0259hh\u0259ti a\u011f\u0131r oldu\u011fundan 2 ildir m\u0259kt\u0259b\u0259 ged\u0259 bilmir\u201d - MEYDAN.TV","og_description":"Ail\u0259nin y\u00fck\u00fc b\u00fct\u00fcnl\u00fckl\u0259 onun \u00fcz\u0259rind\u0259dir.","og_url":"https:\/\/www.meydan.tv\/az\/article\/qizimin-sehheti-agir-oldugundan-2-ildir-mektebe-gede-bilmir\/","og_site_name":"MEYDAN.TV","article_published_time":"2019-12-09T19:52:53+00:00","og_image":[{"width":720,"height":550,"url":"https:\/\/www.meydan.tv\/wp-content\/uploads\/20191204_143415.jpg","type":"image\/jpeg"}],"author":"user-manager","twitter_card":"summary_large_image","schema":{"@context":"https:\/\/schema.org","@graph":[{"@type":"Article","@id":"https:\/\/www.meydan.tv\/az\/article\/qizimin-sehheti-agir-oldugundan-2-ildir-mektebe-gede-bilmir\/#article","isPartOf":{"@id":"https:\/\/www.meydan.tv\/az\/article\/qizimin-sehheti-agir-oldugundan-2-ildir-mektebe-gede-bilmir\/"},"author":{"name":"user-manager","@id":"https:\/\/www.meydan.tv\/az\/#\/schema\/person\/10d11eccf6da3662cf5fdab9806ea91a"},"headline":"\u201cQ\u0131z\u0131m\u0131n s\u0259hh\u0259ti a\u011f\u0131r oldu\u011fundan 2 ildir m\u0259kt\u0259b\u0259 ged\u0259 bilmir\u201d","datePublished":"2019-12-09T19:52:53+00:00","mainEntityOfPage":{"@id":"https:\/\/www.meydan.tv\/az\/article\/qizimin-sehheti-agir-oldugundan-2-ildir-mektebe-gede-bilmir\/"},"wordCount":1330,"publisher":{"@id":"https:\/\/www.meydan.tv\/az\/#organization"},"image":{"@id":"https:\/\/www.meydan.tv\/az\/article\/qizimin-sehheti-agir-oldugundan-2-ildir-mektebe-gede-bilmir\/#primaryimage"},"thumbnailUrl":"https:\/\/www.meydan.tv\/wp-content\/uploads\/20191204_143415.jpg","articleSection":["B\u00f6lg\u0259"],"inLanguage":"az"},{"@type":"WebPage","@id":"https:\/\/www.meydan.tv\/az\/article\/qizimin-sehheti-agir-oldugundan-2-ildir-mektebe-gede-bilmir\/","url":"https:\/\/www.meydan.tv\/az\/article\/qizimin-sehheti-agir-oldugundan-2-ildir-mektebe-gede-bilmir\/","name":"\u201cQ\u0131z\u0131m\u0131n s\u0259hh\u0259ti a\u011f\u0131r oldu\u011fundan 2 ildir m\u0259kt\u0259b\u0259 ged\u0259 bilmir\u201d - MEYDAN.TV","isPartOf":{"@id":"https:\/\/www.meydan.tv\/az\/#website"},"primaryImageOfPage":{"@id":"https:\/\/www.meydan.tv\/az\/article\/qizimin-sehheti-agir-oldugundan-2-ildir-mektebe-gede-bilmir\/#primaryimage"},"image":{"@id":"https:\/\/www.meydan.tv\/az\/article\/qizimin-sehheti-agir-oldugundan-2-ildir-mektebe-gede-bilmir\/#primaryimage"},"thumbnailUrl":"https:\/\/www.meydan.tv\/wp-content\/uploads\/20191204_143415.jpg","datePublished":"2019-12-09T19:52:53+00:00","breadcrumb":{"@id":"https:\/\/www.meydan.tv\/az\/article\/qizimin-sehheti-agir-oldugundan-2-ildir-mektebe-gede-bilmir\/#breadcrumb"},"inLanguage":"az","potentialAction":[{"@type":"ReadAction","target":["https:\/\/www.meydan.tv\/az\/article\/qizimin-sehheti-agir-oldugundan-2-ildir-mektebe-gede-bilmir\/"]}]},{"@type":"ImageObject","inLanguage":"az","@id":"https:\/\/www.meydan.tv\/az\/article\/qizimin-sehheti-agir-oldugundan-2-ildir-mektebe-gede-bilmir\/#primaryimage","url":"https:\/\/www.meydan.tv\/wp-content\/uploads\/20191204_143415.jpg","contentUrl":"https:\/\/www.meydan.tv\/wp-content\/uploads\/20191204_143415.jpg","width":720,"height":550,"caption":"Source: Specify Source"},{"@type":"BreadcrumbList","@id":"https:\/\/www.meydan.tv\/az\/article\/qizimin-sehheti-agir-oldugundan-2-ildir-mektebe-gede-bilmir\/#breadcrumb","itemListElement":[{"@type":"ListItem","position":1,"name":"Ana s\u0259hif\u0259","item":"https:\/\/www.meydan.tv\/az\/"},{"@type":"ListItem","position":2,"name":"B\u00f6lg\u0259","item":"https:\/\/www.meydan.tv\/az\/section\/bolge\/"},{"@type":"ListItem","position":3,"name":"\u201cQ\u0131z\u0131m\u0131n s\u0259hh\u0259ti a\u011f\u0131r oldu\u011fundan 2 ildir m\u0259kt\u0259b\u0259 ged\u0259 bilmir\u201d"}]},{"@type":"WebSite","@id":"https:\/\/www.meydan.tv\/az\/#website","url":"https:\/\/www.meydan.tv\/az\/","name":"MEYDAN.TV","description":"Meydan TV Az\u0259rbaycan\u0131n media m\u0259kan\u0131ndak\u0131 alternativ s\u0259sidir","publisher":{"@id":"https:\/\/www.meydan.tv\/az\/#organization"},"potentialAction":[{"@type":"SearchAction","target":{"@type":"EntryPoint","urlTemplate":"https:\/\/www.meydan.tv\/az\/?s={search_term_string}"},"query-input":{"@type":"PropertyValueSpecification","valueRequired":true,"valueName":"search_term_string"}}],"inLanguage":"az"},{"@type":"Organization","@id":"https:\/\/www.meydan.tv\/az\/#organization","name":"Meydan TV","url":"https:\/\/www.meydan.tv\/az\/","logo":{"@type":"ImageObject","inLanguage":"az","@id":"https:\/\/www.meydan.tv\/az\/#\/schema\/logo\/image\/","url":"https:\/\/www.meydan.tv\/wp-content\/uploads\/2021\/07\/meydan-logo.svg","contentUrl":"https:\/\/www.meydan.tv\/wp-content\/uploads\/2021\/07\/meydan-logo.svg","width":195,"height":46,"caption":"Meydan TV"},"image":{"@id":"https:\/\/www.meydan.tv\/az\/#\/schema\/logo\/image\/"}},{"@type":"Person","@id":"https:\/\/www.meydan.tv\/az\/#\/schema\/person\/10d11eccf6da3662cf5fdab9806ea91a","name":"user-manager"}]}},"_links":{"self":[{"href":"https:\/\/www.meydan.tv\/az\/wp-json\/wp\/v2\/posts\/198291","targetHints":{"allow":["GET"]}}],"collection":[{"href":"https:\/\/www.meydan.tv\/az\/wp-json\/wp\/v2\/posts"}],"about":[{"href":"https:\/\/www.meydan.tv\/az\/wp-json\/wp\/v2\/types\/post"}],"author":[{"embeddable":true,"href":"https:\/\/www.meydan.tv\/az\/wp-json\/wp\/v2\/users\/11"}],"replies":[{"embeddable":true,"href":"https:\/\/www.meydan.tv\/az\/wp-json\/wp\/v2\/comments?post=198291"}],"version-history":[{"count":0,"href":"https:\/\/www.meydan.tv\/az\/wp-json\/wp\/v2\/posts\/198291\/revisions"}],"wp:featuredmedia":[{"embeddable":true,"href":"https:\/\/www.meydan.tv\/az\/wp-json\/wp\/v2\/media\/133967"}],"wp:attachment":[{"href":"https:\/\/www.meydan.tv\/az\/wp-json\/wp\/v2\/media?parent=198291"}],"wp:term":[{"taxonomy":"category","embeddable":true,"href":"https:\/\/www.meydan.tv\/az\/wp-json\/wp\/v2\/categories?post=198291"},{"taxonomy":"post_tag","embeddable":true,"href":"https:\/\/www.meydan.tv\/az\/wp-json\/wp\/v2\/tags?post=198291"}],"curies":[{"name":"wp","href":"https:\/\/api.w.org\/{rel}","templated":true}]}}