{"id":198284,"date":"2019-12-09T15:10:15","date_gmt":"2019-12-09T15:10:15","guid":{"rendered":"https:\/\/www.meydan.tv\/article\/huquq-mudafiecileri-haaqa-tribunalindan-once-myanmari-qlobal-boykota-cagirib\/"},"modified":"2019-12-09T15:10:15","modified_gmt":"2019-12-09T15:10:15","slug":"huquq-mudafiecileri-haaqa-tribunalindan-once-myanmari-qlobal-boykota-cagirib","status":"publish","type":"post","link":"https:\/\/www.meydan.tv\/az\/article\/huquq-mudafiecileri-haaqa-tribunalindan-once-myanmari-qlobal-boykota-cagirib\/","title":{"rendered":"H\u00fcquq m\u00fcdafi\u0259\u00e7il\u0259ri Haaqa tribunal\u0131ndan \u00f6nc\u0259 Myanmar\u0131 qlobal boykota \u00e7a\u011f\u0131r\u0131b"},"content":{"rendered":"<p>\n  <i><br \/>\n    Myanmar lideri v\u0259 Nobel S\u00fclh M\u00fckafat\u0131 laureat\u0131 Aung San Suu Kyi \u00fc\u00e7 g\u00fcnl\u00fck dinl\u0259m\u0259l\u0259rd\u0259 \u00f6lk\u0259sinin haqlar\u0131n\u0131 qoruyacaq<br \/>\n  <\/i>\n<\/p>\n<p>\n  Bazar ert\u0259si g\u00fcn\u00fc Myanmar\u0131n Rohingya m\u00fcs\u0259lman azl\u0131\u011f\u0131n\u0131 d\u0259st\u0259kl\u0259y\u0259n insan h\u00fcquqlar\u0131 t\u0259\u015f\u0259bb\u00fcs\u00e7\u00fcl\u0259ri Haaqa Beyn\u0259lxalq \u018fdal\u0259t M\u0259hk\u0259m\u0259sind\u0259 soyq\u0131r\u0131m dinl\u0259m\u0259l\u0259ri ba\u015flamazdan bir g\u00fcn \u0259vv\u0259l d\u00fcnya ictimaiyy\u0259tini \u00f6lk\u0259ni qlobal boykot etm\u0259y\u0259 \u00e7a\u011f\u0131r\u0131b.\n<\/p>\n<p>\n  Bazar g\u00fcn\u00fc Hollandiyaya g\u0259l\u0259n Myanmar lideri v\u0259 Nobel S\u00fclh M\u00fckafat\u0131 laureat\u0131 Aung San Suu Kyi \u00fc\u00e7 g\u00fcnl\u00fck dinl\u0259m\u0259l\u0259rd\u0259 \u00f6lk\u0259sinin haqlar\u0131n\u0131 qoruyacaq.\n<\/p>\n<p>\n  Suu Kyinin ofisi onun Amsterdam\u0131n Schiphol hava liman\u0131na g\u0259li\u015fini sosial medada payla\u015f\u0131b. Hava liman\u0131nda o, Hollandiya s\u0259firi t\u0259r\u0259find\u0259n qar\u015f\u0131lan\u0131b v\u0259 daha sonra D\u00fcnya M\u0259hk\u0259m\u0259si olaraq tan\u0131nan tribunal\u0131n yerl\u0259\u015fdiyi Haaqaya yollan\u0131b.\n<\/p>\n<p>\n  Yax\u0131n g\u00fcnl\u0259rd\u0259 Haaqa \u015f\u0259h\u0259rind\u0259 Rohingyadan sa\u011f qalan qruplar, el\u0259c\u0259 d\u0259 h\u00f6kum\u0259t t\u0259r\u0259fdarlar\u0131 t\u0259r\u0259find\u0259n qar\u015f\u0131l\u0131ql\u0131 n\u00fcmayi\u015fl\u0259rin ke\u00e7irilm\u0259si planla\u015fd\u0131r\u0131l\u0131r.\n<\/p>\n<p>\n  Tribunal ki\u00e7ik, lakin \u0259sas\u0259n Q\u0259rbi Afrikan\u0131n m\u00fcs\u0259lman \u00f6lk\u0259si olaraq tan\u0131nan Qambiyada buddist Myanmar\u0131n Rohingya m\u00fcs\u0259lman azl\u0131\u011f\u0131na qar\u015f\u0131 \u0259n a\u011f\u0131r beyn\u0259lxalq cinay\u0259t olan soyq\u0131r\u0131mda ittiham olunmas\u0131 il\u0259 ba\u011fl\u0131 iddia qald\u0131r\u0131ld\u0131qdan sonra t\u0259\u015fkil olunub.\n<\/p>\n<p>\n  2017-ci ild\u0259 730 mind\u0259n \u00e7ox rohingyal\u0131 h\u0259rbi r\u0259hb\u0259rliyin basq\u0131s\u0131ndan sonra Myanmardan qa\u00e7maq m\u0259cburiyy\u0259tind\u0259 qal\u0131b. Birl\u0259\u015fmi\u015f Mill\u0259tl\u0259r T\u0259\u015fkilat\u0131 rohingyal\u0131lara qar\u015f\u0131 h\u0259yata ke\u00e7iril\u0259nl\u0259rin \u201csoyq\u0131r\u0131m niyy\u0259ti\u201d il\u0259 ba\u015f verdiyini v\u0259 k\u00fctl\u0259vi q\u0259tll\u0259r v\u0259 t\u0259cav\u00fcz hadis\u0259l\u0259ri il\u0259 m\u00fc\u015fayi\u0259t edildiyini bildirib.\n<\/p>\n<p>\n  Myanmar hakimiyy\u0259ti BMT-nin g\u0259ldiyi bu n\u0259tic\u0259sini m\u00fcbahis\u0259li hesab edir v\u0259 qeyd edir ki, h\u00f6kum\u0259tin atd\u0131\u011f\u0131 add\u0131mlar 13 t\u0259hl\u00fck\u0259sizlik i\u015f\u00e7isini \u00f6ld\u00fcr\u0259n Rohingya silahl\u0131lar\u0131n\u0131n h\u00fccumlar\u0131na qar\u015f\u0131 qanuni \u0259ks-terror akt\u0131 olub.\n<\/p>\n<p>\n  \u00dc\u00e7 g\u00fcn davam ed\u0259c\u0259k m\u0259hk\u0259m\u0259 iclas\u0131nda Qambiya h\u00fcquq komit\u0259si Beyn\u0259lxalq Cinay\u0259t M\u0259hk\u0259m\u0259sinin BMT hakiml\u0259rind\u0259n ibar\u0259t 16 n\u0259f\u0259rlik hey\u0259tind\u0259n rohingyal\u0131lar\u0131n qorumas\u0131 \u00fc\u00e7\u00fcn t\u0259dbirl\u0259r t\u0259tbiq edilm\u0259sini ist\u0259y\u0259c\u0259k.\n<\/p>\n<p>\n  Suu Kyinin komandas\u0131 ke\u00e7\u0259n ay deyib ki, o, Haaqa dinl\u0259m\u0259l\u0259rind\u0259 \u00f6lk\u0259sinin \u201cmilli maraqlar\u0131n\u0131\u201d r\u0259hb\u0259r tutacaq.<\/p>\n","protected":false},"excerpt":{"rendered":"<p>Myanmar lideri v\u0259 Nobel S\u00fclh M\u00fckafat\u0131 laureat\u0131 Aung San Suu Kyi \u00fc\u00e7 g\u00fcnl\u00fck dinl\u0259m\u0259l\u0259rd\u0259 \u00f6lk\u0259sinin haqlar\u0131n\u0131 qoruyacaq<\/p>\n","protected":false},"author":11,"featured_media":134108,"comment_status":"closed","ping_status":"open","sticky":false,"template":"","format":"standard","meta":{"_acf_changed":false,"_sitemap_exclude":false,"_sitemap_priority":"","_sitemap_frequency":"","footnotes":""},"categories":[64],"tags":[],"class_list":["post-198284","post","type-post","status-publish","format-standard","has-post-thumbnail","hentry","category-dunya","infinite-scroll-item","generate-columns","tablet-grid-50","mobile-grid-100","grid-parent","grid-33","no-featured-image-padding"],"acf":[],"yoast_head":"<!-- This site is optimized with the Yoast SEO plugin v27.5 - https:\/\/yoast.com\/product\/yoast-seo-wordpress\/ -->\n<title>H\u00fcquq m\u00fcdafi\u0259\u00e7il\u0259ri Haaqa tribunal\u0131ndan \u00f6nc\u0259 Myanmar\u0131 qlobal boykota \u00e7a\u011f\u0131r\u0131b - MEYDAN.TV<\/title>\n<meta name=\"robots\" content=\"index, follow, max-snippet:-1, max-image-preview:large, max-video-preview:-1\" \/>\n<link rel=\"canonical\" href=\"https:\/\/www.meydan.tv\/az\/article\/huquq-mudafiecileri-haaqa-tribunalindan-once-myanmari-qlobal-boykota-cagirib\/\" \/>\n<meta property=\"og:locale\" content=\"az_AZ\" \/>\n<meta property=\"og:type\" content=\"article\" \/>\n<meta property=\"og:title\" content=\"H\u00fcquq m\u00fcdafi\u0259\u00e7il\u0259ri Haaqa tribunal\u0131ndan \u00f6nc\u0259 Myanmar\u0131 qlobal boykota \u00e7a\u011f\u0131r\u0131b - MEYDAN.TV\" \/>\n<meta property=\"og:description\" content=\"Myanmar lideri v\u0259 Nobel S\u00fclh M\u00fckafat\u0131 laureat\u0131 Aung San Suu Kyi \u00fc\u00e7 g\u00fcnl\u00fck dinl\u0259m\u0259l\u0259rd\u0259 \u00f6lk\u0259sinin haqlar\u0131n\u0131 qoruyacaq\" \/>\n<meta property=\"og:url\" content=\"https:\/\/www.meydan.tv\/az\/article\/huquq-mudafiecileri-haaqa-tribunalindan-once-myanmari-qlobal-boykota-cagirib\/\" \/>\n<meta property=\"og:site_name\" content=\"MEYDAN.TV\" \/>\n<meta property=\"article:published_time\" content=\"2019-12-09T15:10:15+00:00\" \/>\n<meta property=\"og:image\" content=\"https:\/\/www.meydan.tv\/wp-content\/uploads\/5d5e69fa3.jpg\" \/>\n\t<meta property=\"og:image:width\" content=\"966\" \/>\n\t<meta property=\"og:image:height\" content=\"644\" \/>\n\t<meta property=\"og:image:type\" content=\"image\/jpeg\" \/>\n<meta name=\"author\" content=\"user-manager\" \/>\n<meta name=\"twitter:card\" content=\"summary_large_image\" \/>\n<script type=\"application\/ld+json\" class=\"yoast-schema-graph\">{\"@context\":\"https:\\\/\\\/schema.org\",\"@graph\":[{\"@type\":\"Article\",\"@id\":\"https:\\\/\\\/www.meydan.tv\\\/az\\\/article\\\/huquq-mudafiecileri-haaqa-tribunalindan-once-myanmari-qlobal-boykota-cagirib\\\/#article\",\"isPartOf\":{\"@id\":\"https:\\\/\\\/www.meydan.tv\\\/az\\\/article\\\/huquq-mudafiecileri-haaqa-tribunalindan-once-myanmari-qlobal-boykota-cagirib\\\/\"},\"author\":{\"name\":\"user-manager\",\"@id\":\"https:\\\/\\\/www.meydan.tv\\\/az\\\/#\\\/schema\\\/person\\\/10d11eccf6da3662cf5fdab9806ea91a\"},\"headline\":\"H\u00fcquq m\u00fcdafi\u0259\u00e7il\u0259ri Haaqa tribunal\u0131ndan \u00f6nc\u0259 Myanmar\u0131 qlobal boykota \u00e7a\u011f\u0131r\u0131b\",\"datePublished\":\"2019-12-09T15:10:15+00:00\",\"mainEntityOfPage\":{\"@id\":\"https:\\\/\\\/www.meydan.tv\\\/az\\\/article\\\/huquq-mudafiecileri-haaqa-tribunalindan-once-myanmari-qlobal-boykota-cagirib\\\/\"},\"wordCount\":468,\"publisher\":{\"@id\":\"https:\\\/\\\/www.meydan.tv\\\/az\\\/#organization\"},\"image\":{\"@id\":\"https:\\\/\\\/www.meydan.tv\\\/az\\\/article\\\/huquq-mudafiecileri-haaqa-tribunalindan-once-myanmari-qlobal-boykota-cagirib\\\/#primaryimage\"},\"thumbnailUrl\":\"https:\\\/\\\/www.meydan.tv\\\/wp-content\\\/uploads\\\/5d5e69fa3.jpg\",\"articleSection\":[\"D\u00fcnya\"],\"inLanguage\":\"az\"},{\"@type\":\"WebPage\",\"@id\":\"https:\\\/\\\/www.meydan.tv\\\/az\\\/article\\\/huquq-mudafiecileri-haaqa-tribunalindan-once-myanmari-qlobal-boykota-cagirib\\\/\",\"url\":\"https:\\\/\\\/www.meydan.tv\\\/az\\\/article\\\/huquq-mudafiecileri-haaqa-tribunalindan-once-myanmari-qlobal-boykota-cagirib\\\/\",\"name\":\"H\u00fcquq m\u00fcdafi\u0259\u00e7il\u0259ri Haaqa tribunal\u0131ndan \u00f6nc\u0259 Myanmar\u0131 qlobal boykota \u00e7a\u011f\u0131r\u0131b - MEYDAN.TV\",\"isPartOf\":{\"@id\":\"https:\\\/\\\/www.meydan.tv\\\/az\\\/#website\"},\"primaryImageOfPage\":{\"@id\":\"https:\\\/\\\/www.meydan.tv\\\/az\\\/article\\\/huquq-mudafiecileri-haaqa-tribunalindan-once-myanmari-qlobal-boykota-cagirib\\\/#primaryimage\"},\"image\":{\"@id\":\"https:\\\/\\\/www.meydan.tv\\\/az\\\/article\\\/huquq-mudafiecileri-haaqa-tribunalindan-once-myanmari-qlobal-boykota-cagirib\\\/#primaryimage\"},\"thumbnailUrl\":\"https:\\\/\\\/www.meydan.tv\\\/wp-content\\\/uploads\\\/5d5e69fa3.jpg\",\"datePublished\":\"2019-12-09T15:10:15+00:00\",\"breadcrumb\":{\"@id\":\"https:\\\/\\\/www.meydan.tv\\\/az\\\/article\\\/huquq-mudafiecileri-haaqa-tribunalindan-once-myanmari-qlobal-boykota-cagirib\\\/#breadcrumb\"},\"inLanguage\":\"az\",\"potentialAction\":[{\"@type\":\"ReadAction\",\"target\":[\"https:\\\/\\\/www.meydan.tv\\\/az\\\/article\\\/huquq-mudafiecileri-haaqa-tribunalindan-once-myanmari-qlobal-boykota-cagirib\\\/\"]}]},{\"@type\":\"ImageObject\",\"inLanguage\":\"az\",\"@id\":\"https:\\\/\\\/www.meydan.tv\\\/az\\\/article\\\/huquq-mudafiecileri-haaqa-tribunalindan-once-myanmari-qlobal-boykota-cagirib\\\/#primaryimage\",\"url\":\"https:\\\/\\\/www.meydan.tv\\\/wp-content\\\/uploads\\\/5d5e69fa3.jpg\",\"contentUrl\":\"https:\\\/\\\/www.meydan.tv\\\/wp-content\\\/uploads\\\/5d5e69fa3.jpg\",\"width\":966,\"height\":644,\"caption\":\"Source: google\"},{\"@type\":\"BreadcrumbList\",\"@id\":\"https:\\\/\\\/www.meydan.tv\\\/az\\\/article\\\/huquq-mudafiecileri-haaqa-tribunalindan-once-myanmari-qlobal-boykota-cagirib\\\/#breadcrumb\",\"itemListElement\":[{\"@type\":\"ListItem\",\"position\":1,\"name\":\"Ana s\u0259hif\u0259\",\"item\":\"https:\\\/\\\/www.meydan.tv\\\/az\\\/\"},{\"@type\":\"ListItem\",\"position\":2,\"name\":\"D\u00fcnya\",\"item\":\"https:\\\/\\\/www.meydan.tv\\\/az\\\/section\\\/dunya\\\/\"},{\"@type\":\"ListItem\",\"position\":3,\"name\":\"H\u00fcquq m\u00fcdafi\u0259\u00e7il\u0259ri Haaqa tribunal\u0131ndan \u00f6nc\u0259 Myanmar\u0131 qlobal boykota \u00e7a\u011f\u0131r\u0131b\"}]},{\"@type\":\"WebSite\",\"@id\":\"https:\\\/\\\/www.meydan.tv\\\/az\\\/#website\",\"url\":\"https:\\\/\\\/www.meydan.tv\\\/az\\\/\",\"name\":\"MEYDAN.TV\",\"description\":\"Meydan TV Az\u0259rbaycan\u0131n media m\u0259kan\u0131ndak\u0131 alternativ s\u0259sidir\",\"publisher\":{\"@id\":\"https:\\\/\\\/www.meydan.tv\\\/az\\\/#organization\"},\"potentialAction\":[{\"@type\":\"SearchAction\",\"target\":{\"@type\":\"EntryPoint\",\"urlTemplate\":\"https:\\\/\\\/www.meydan.tv\\\/az\\\/?s={search_term_string}\"},\"query-input\":{\"@type\":\"PropertyValueSpecification\",\"valueRequired\":true,\"valueName\":\"search_term_string\"}}],\"inLanguage\":\"az\"},{\"@type\":\"Organization\",\"@id\":\"https:\\\/\\\/www.meydan.tv\\\/az\\\/#organization\",\"name\":\"Meydan TV\",\"url\":\"https:\\\/\\\/www.meydan.tv\\\/az\\\/\",\"logo\":{\"@type\":\"ImageObject\",\"inLanguage\":\"az\",\"@id\":\"https:\\\/\\\/www.meydan.tv\\\/az\\\/#\\\/schema\\\/logo\\\/image\\\/\",\"url\":\"https:\\\/\\\/www.meydan.tv\\\/wp-content\\\/uploads\\\/2021\\\/07\\\/meydan-logo.svg\",\"contentUrl\":\"https:\\\/\\\/www.meydan.tv\\\/wp-content\\\/uploads\\\/2021\\\/07\\\/meydan-logo.svg\",\"width\":195,\"height\":46,\"caption\":\"Meydan TV\"},\"image\":{\"@id\":\"https:\\\/\\\/www.meydan.tv\\\/az\\\/#\\\/schema\\\/logo\\\/image\\\/\"}},{\"@type\":\"Person\",\"@id\":\"https:\\\/\\\/www.meydan.tv\\\/az\\\/#\\\/schema\\\/person\\\/10d11eccf6da3662cf5fdab9806ea91a\",\"name\":\"user-manager\"}]}<\/script>\n<!-- \/ Yoast SEO plugin. -->","yoast_head_json":{"title":"H\u00fcquq m\u00fcdafi\u0259\u00e7il\u0259ri Haaqa tribunal\u0131ndan \u00f6nc\u0259 Myanmar\u0131 qlobal boykota \u00e7a\u011f\u0131r\u0131b - MEYDAN.TV","robots":{"index":"index","follow":"follow","max-snippet":"max-snippet:-1","max-image-preview":"max-image-preview:large","max-video-preview":"max-video-preview:-1"},"canonical":"https:\/\/www.meydan.tv\/az\/article\/huquq-mudafiecileri-haaqa-tribunalindan-once-myanmari-qlobal-boykota-cagirib\/","og_locale":"az_AZ","og_type":"article","og_title":"H\u00fcquq m\u00fcdafi\u0259\u00e7il\u0259ri Haaqa tribunal\u0131ndan \u00f6nc\u0259 Myanmar\u0131 qlobal boykota \u00e7a\u011f\u0131r\u0131b - MEYDAN.TV","og_description":"Myanmar lideri v\u0259 Nobel S\u00fclh M\u00fckafat\u0131 laureat\u0131 Aung San Suu Kyi \u00fc\u00e7 g\u00fcnl\u00fck dinl\u0259m\u0259l\u0259rd\u0259 \u00f6lk\u0259sinin haqlar\u0131n\u0131 qoruyacaq","og_url":"https:\/\/www.meydan.tv\/az\/article\/huquq-mudafiecileri-haaqa-tribunalindan-once-myanmari-qlobal-boykota-cagirib\/","og_site_name":"MEYDAN.TV","article_published_time":"2019-12-09T15:10:15+00:00","og_image":[{"width":966,"height":644,"url":"https:\/\/www.meydan.tv\/wp-content\/uploads\/5d5e69fa3.jpg","type":"image\/jpeg"}],"author":"user-manager","twitter_card":"summary_large_image","schema":{"@context":"https:\/\/schema.org","@graph":[{"@type":"Article","@id":"https:\/\/www.meydan.tv\/az\/article\/huquq-mudafiecileri-haaqa-tribunalindan-once-myanmari-qlobal-boykota-cagirib\/#article","isPartOf":{"@id":"https:\/\/www.meydan.tv\/az\/article\/huquq-mudafiecileri-haaqa-tribunalindan-once-myanmari-qlobal-boykota-cagirib\/"},"author":{"name":"user-manager","@id":"https:\/\/www.meydan.tv\/az\/#\/schema\/person\/10d11eccf6da3662cf5fdab9806ea91a"},"headline":"H\u00fcquq m\u00fcdafi\u0259\u00e7il\u0259ri Haaqa tribunal\u0131ndan \u00f6nc\u0259 Myanmar\u0131 qlobal boykota \u00e7a\u011f\u0131r\u0131b","datePublished":"2019-12-09T15:10:15+00:00","mainEntityOfPage":{"@id":"https:\/\/www.meydan.tv\/az\/article\/huquq-mudafiecileri-haaqa-tribunalindan-once-myanmari-qlobal-boykota-cagirib\/"},"wordCount":468,"publisher":{"@id":"https:\/\/www.meydan.tv\/az\/#organization"},"image":{"@id":"https:\/\/www.meydan.tv\/az\/article\/huquq-mudafiecileri-haaqa-tribunalindan-once-myanmari-qlobal-boykota-cagirib\/#primaryimage"},"thumbnailUrl":"https:\/\/www.meydan.tv\/wp-content\/uploads\/5d5e69fa3.jpg","articleSection":["D\u00fcnya"],"inLanguage":"az"},{"@type":"WebPage","@id":"https:\/\/www.meydan.tv\/az\/article\/huquq-mudafiecileri-haaqa-tribunalindan-once-myanmari-qlobal-boykota-cagirib\/","url":"https:\/\/www.meydan.tv\/az\/article\/huquq-mudafiecileri-haaqa-tribunalindan-once-myanmari-qlobal-boykota-cagirib\/","name":"H\u00fcquq m\u00fcdafi\u0259\u00e7il\u0259ri Haaqa tribunal\u0131ndan \u00f6nc\u0259 Myanmar\u0131 qlobal boykota \u00e7a\u011f\u0131r\u0131b - MEYDAN.TV","isPartOf":{"@id":"https:\/\/www.meydan.tv\/az\/#website"},"primaryImageOfPage":{"@id":"https:\/\/www.meydan.tv\/az\/article\/huquq-mudafiecileri-haaqa-tribunalindan-once-myanmari-qlobal-boykota-cagirib\/#primaryimage"},"image":{"@id":"https:\/\/www.meydan.tv\/az\/article\/huquq-mudafiecileri-haaqa-tribunalindan-once-myanmari-qlobal-boykota-cagirib\/#primaryimage"},"thumbnailUrl":"https:\/\/www.meydan.tv\/wp-content\/uploads\/5d5e69fa3.jpg","datePublished":"2019-12-09T15:10:15+00:00","breadcrumb":{"@id":"https:\/\/www.meydan.tv\/az\/article\/huquq-mudafiecileri-haaqa-tribunalindan-once-myanmari-qlobal-boykota-cagirib\/#breadcrumb"},"inLanguage":"az","potentialAction":[{"@type":"ReadAction","target":["https:\/\/www.meydan.tv\/az\/article\/huquq-mudafiecileri-haaqa-tribunalindan-once-myanmari-qlobal-boykota-cagirib\/"]}]},{"@type":"ImageObject","inLanguage":"az","@id":"https:\/\/www.meydan.tv\/az\/article\/huquq-mudafiecileri-haaqa-tribunalindan-once-myanmari-qlobal-boykota-cagirib\/#primaryimage","url":"https:\/\/www.meydan.tv\/wp-content\/uploads\/5d5e69fa3.jpg","contentUrl":"https:\/\/www.meydan.tv\/wp-content\/uploads\/5d5e69fa3.jpg","width":966,"height":644,"caption":"Source: google"},{"@type":"BreadcrumbList","@id":"https:\/\/www.meydan.tv\/az\/article\/huquq-mudafiecileri-haaqa-tribunalindan-once-myanmari-qlobal-boykota-cagirib\/#breadcrumb","itemListElement":[{"@type":"ListItem","position":1,"name":"Ana s\u0259hif\u0259","item":"https:\/\/www.meydan.tv\/az\/"},{"@type":"ListItem","position":2,"name":"D\u00fcnya","item":"https:\/\/www.meydan.tv\/az\/section\/dunya\/"},{"@type":"ListItem","position":3,"name":"H\u00fcquq m\u00fcdafi\u0259\u00e7il\u0259ri Haaqa tribunal\u0131ndan \u00f6nc\u0259 Myanmar\u0131 qlobal boykota \u00e7a\u011f\u0131r\u0131b"}]},{"@type":"WebSite","@id":"https:\/\/www.meydan.tv\/az\/#website","url":"https:\/\/www.meydan.tv\/az\/","name":"MEYDAN.TV","description":"Meydan TV Az\u0259rbaycan\u0131n media m\u0259kan\u0131ndak\u0131 alternativ s\u0259sidir","publisher":{"@id":"https:\/\/www.meydan.tv\/az\/#organization"},"potentialAction":[{"@type":"SearchAction","target":{"@type":"EntryPoint","urlTemplate":"https:\/\/www.meydan.tv\/az\/?s={search_term_string}"},"query-input":{"@type":"PropertyValueSpecification","valueRequired":true,"valueName":"search_term_string"}}],"inLanguage":"az"},{"@type":"Organization","@id":"https:\/\/www.meydan.tv\/az\/#organization","name":"Meydan TV","url":"https:\/\/www.meydan.tv\/az\/","logo":{"@type":"ImageObject","inLanguage":"az","@id":"https:\/\/www.meydan.tv\/az\/#\/schema\/logo\/image\/","url":"https:\/\/www.meydan.tv\/wp-content\/uploads\/2021\/07\/meydan-logo.svg","contentUrl":"https:\/\/www.meydan.tv\/wp-content\/uploads\/2021\/07\/meydan-logo.svg","width":195,"height":46,"caption":"Meydan TV"},"image":{"@id":"https:\/\/www.meydan.tv\/az\/#\/schema\/logo\/image\/"}},{"@type":"Person","@id":"https:\/\/www.meydan.tv\/az\/#\/schema\/person\/10d11eccf6da3662cf5fdab9806ea91a","name":"user-manager"}]}},"_links":{"self":[{"href":"https:\/\/www.meydan.tv\/az\/wp-json\/wp\/v2\/posts\/198284","targetHints":{"allow":["GET"]}}],"collection":[{"href":"https:\/\/www.meydan.tv\/az\/wp-json\/wp\/v2\/posts"}],"about":[{"href":"https:\/\/www.meydan.tv\/az\/wp-json\/wp\/v2\/types\/post"}],"author":[{"embeddable":true,"href":"https:\/\/www.meydan.tv\/az\/wp-json\/wp\/v2\/users\/11"}],"replies":[{"embeddable":true,"href":"https:\/\/www.meydan.tv\/az\/wp-json\/wp\/v2\/comments?post=198284"}],"version-history":[{"count":0,"href":"https:\/\/www.meydan.tv\/az\/wp-json\/wp\/v2\/posts\/198284\/revisions"}],"wp:featuredmedia":[{"embeddable":true,"href":"https:\/\/www.meydan.tv\/az\/wp-json\/wp\/v2\/media\/134108"}],"wp:attachment":[{"href":"https:\/\/www.meydan.tv\/az\/wp-json\/wp\/v2\/media?parent=198284"}],"wp:term":[{"taxonomy":"category","embeddable":true,"href":"https:\/\/www.meydan.tv\/az\/wp-json\/wp\/v2\/categories?post=198284"},{"taxonomy":"post_tag","embeddable":true,"href":"https:\/\/www.meydan.tv\/az\/wp-json\/wp\/v2\/tags?post=198284"}],"curies":[{"name":"wp","href":"https:\/\/api.w.org\/{rel}","templated":true}]}}