{"id":198280,"date":"2019-12-09T12:17:13","date_gmt":"2019-12-09T12:17:13","guid":{"rendered":"https:\/\/www.meydan.tv\/article\/78-yasli-quba-sakini-ev-su-ile-dolur-ayaqlarimiz-tutulub\/"},"modified":"2019-12-09T12:17:13","modified_gmt":"2019-12-09T12:17:13","slug":"78-yasli-quba-sakini-ev-su-ile-dolur-ayaqlarimiz-tutulub","status":"publish","type":"post","link":"https:\/\/www.meydan.tv\/az\/article\/78-yasli-quba-sakini-ev-su-ile-dolur-ayaqlarimiz-tutulub\/","title":{"rendered":"78 ya\u015fl\u0131 Quba sakini: Ev su il\u0259 dolur, ayaqlar\u0131m\u0131z tutulub"},"content":{"rendered":"<p>\n  <i><br \/>\n    Mirvari Mehr\u0259liyeva: \u201cQuba \u0130cra Hakimiyy\u0259tind\u0259n deyirl\u0259r ki, hara ist\u0259yirs\u0259n yaz\u201d<br \/>\n  <\/i>\n<\/p>\n<p>\n  \u201c\u00c7arpay\u0131m\u0131n \u0259traf\u0131na, otaqlar\u0131n h\u0259r k\u00fcnc\u00fcn\u0259 vedr\u0259l\u0259r d\u00fczm\u00fc\u015f\u0259m ki, ya\u011f\u0131\u015f ya\u011fanda otaqlar suyla dolmas\u0131n. Bu d\u0259qiq\u0259 ya\u011f\u0131\u015f ya\u011f\u0131r, yor\u011fan-d\u00f6\u015f\u0259yim, pal-paltar\u0131m suyun i\u00e7ind\u0259dir. \u0130ll\u0259rdir ki, x\u0259st\u0259 q\u0131z\u0131mla bu v\u0259ziyy\u0259td\u0259 ya\u015fay\u0131ram. Hara m\u00fcraci\u0259t edir\u0259ms\u0259, deyirl\u0259r, s\u0259nin evini t\u0259mir etm\u0259y\u0259 d\u00f6vl\u0259tin imkan\u0131 yoxdur. M\u0259nims\u0259 pensiyam he\u00e7 d\u0259rmanlar\u0131ma \u00e7atm\u0131r, indi nec\u0259 olsun, m\u0259n bu zill\u0259tin i\u00e7ind\u0259 nec\u0259 ya\u015fay\u0131m?\u201d\n<\/p>\n<p>\n  Quban\u0131n G\u0259dik k\u0259nd sakini Mirvari Mehr\u0259liyevan\u0131n 78 ya\u015f\u0131 var. O, x\u0259st\u0259likd\u0259n \u0259ziyy\u0259t \u00e7\u0259k\u0259n q\u0131z\u0131 il\u0259 birlikd\u0259 q\u0259zal\u0131 evd\u0259 ya\u015fay\u0131r. Mirvari xan\u0131m Meydan TV-y\u0259 dan\u0131\u015f\u0131r ki, ya\u015fad\u0131qlar\u0131 ev 1936-c\u0131 ild\u0259 tikilib v\u0259 istismar m\u00fcdd\u0259tini \u00e7oxdan ba\u015fa vurub. Ancaq imkans\u0131zl\u0131qdan evin da\u011f\u0131lan hiss\u0259l\u0259rini b\u0259rpa ed\u0259 bilm\u0259yib. N\u0259tic\u0259d\u0259 h\u0259m q\u0131z\u0131, h\u0259m d\u0259 \u00f6z\u00fc x\u0259st\u0259lik tap\u0131b.\n<\/p>\n<p>\n  <b><br \/>\n    \u201cOtaqlara vedr\u0259, l\u0259y\u0259n d\u00fcz\u00fcr\u00fck\u201d<br \/>\n  <\/b>\n<\/p>\n<p>\n  \u201cG\u00f6zl\u0259rimiz g\u00f6rm\u00fcr, n\u0259mi\u015flikd\u0259n ayaqlar\u0131m\u0131z da tutulub, ciy\u0259rl\u0259rimiz, b\u00f6yr\u0259kl\u0259rimiz s\u0131radan \u00e7\u0131x\u0131b. Dam \u00f6rt\u00fcy\u00fc da\u011f\u0131l\u0131b dey\u0259, ya\u011f\u0131\u015f evin i\u00e7in\u0259 ya\u011f\u0131r. Yayda is\u0259 tavandak\u0131 de\u015fikl\u0259rd\u0259n ev\u0259 ilan girir. Bilmirik ki, \u00f6z\u00fcm\u00fcz\u00fc nec\u0259 qoruyaq. Ba\u015fqa n\u0259 deyim, h\u0259r \u015fey g\u00f6z qaba\u011f\u0131ndad\u0131r. Ya\u011f\u0131\u015f ya\u011f\u0131r, otaqlar\u0131 su bas\u0131r. Ona g\u00f6r\u0259 d\u0259 vedr\u0259l\u0259r, l\u0259y\u0259nl\u0259r d\u00fcz\u00fcr\u00fck\u201d, &#8211; \u015fikay\u0259t\u00e7i dan\u0131\u015f\u0131r.\n<\/p>\n<figure class=\"wp-block-image size-large\">\n  <img decoding=\"async\" src=\"https:\/\/www.meydan.tv\/az\/reg_quba_gedik_ev_1-jpg\/\" alt=\"reg_quba_gedik_ev_1.jpg\" class=\"wp-image-134093\"\/><figcaption>\n    &#8220;Ya\u011f\u0131\u015f, k\u00fcl\u0259k b\u0259rkiy\u0259nd\u0259 qorxuruq ki, ev ba\u015f\u0131m\u0131za da\u011f\u0131lar&#8221;<br \/>\n  <\/figcaption><\/figure>\n<p>\n  <b><br \/>\n    \u201cDeyirl\u0259r, \u0259lin hara \u00e7at\u0131r, yaz, onsuz da d\u00fcz\u0259lm\u0259y\u0259c\u0259k\u201d<br \/>\n  <\/b>\n<\/p>\n<p>\n  Mirvari xan\u0131m problemi h\u0259r yer\u0259 yaz\u0131b, h\u0259tta prezident\u0259 d\u0259&#8230; O, \u00f6lk\u0259 ba\u015f\u00e7\u0131s\u0131na yazd\u0131\u011f\u0131 m\u0259ktublarda evinin t\u0259miri \u00fc\u00e7\u00fcn aidiyy\u0259ti qurumlara tap\u015f\u0131r\u0131q verm\u0259sini xahi\u015f edib. Ancaq m\u00fcsb\u0259t cavab al\u0131may\u0131b:\n<\/p>\n<p>\n  \u201c\u0130lham \u018fliyev\u0259 yazd\u0131\u011f\u0131m m\u0259ktublar Quban\u0131n \u0130cra Hakimiyy\u0259tin\u0259 g\u0259lir, ordan da bir m\u0259n\u0259 par\u00e7a ka\u011f\u0131z g\u0259lir ki, s\u0259nin prezident\u0259 yazd\u0131\u011f\u0131n m\u0259ktub biz\u0259 g\u0259lib. V\u0259ssalam&#8230; Bu c\u00fcml\u0259d\u0259n ba\u015fqa ortada he\u00e7 n\u0259 yoxdur. \u018fg\u0259r bu m\u0259ktub icra hakimiyy\u0259tin\u0259 g\u00f6nd\u0259rilibs\u0259, dem\u0259li, t\u0259dbir g\u00f6r\u00fclm\u0259si \u00fc\u00e7\u00fcn g\u00f6nd\u0259rilib, ancaq g\u00f6r\u00fcn\u00fcr, bunlar Prezident Administrasiyas\u0131n\u0131 da saym\u0131rlar. \u0130cra hakimiyy\u0259tin\u0259 ged\u0259nd\u0259 deyirl\u0259r, \u0259lin hara \u00e7at\u0131r, yaz. Prezident Administrasiyas\u0131ndan y\u00fcz bel\u0259 m\u0259ktub g\u0259ls\u0259 d\u0259, xeyri yoxdur. \u00c7\u00fcnki s\u0259nin evini t\u0259mir etm\u0259k bizim v\u0259zif\u0259miz\u0259 daxil deyil\u201d.\n<\/p>\n<p>\n  Mirvari Mehr\u0259liyeva k\u0259nd b\u0259l\u0259diyy\u0259sin\u0259 d\u0259 m\u00fcraci\u0259t edib. B\u0259l\u0259diyy\u0259d\u0259n ona bildirilib ki, evin t\u0259miri \u00fc\u00e7\u00fcn b\u0259l\u0259diyy\u0259 fondunda pul yoxdur.\n<\/p>\n<p>\n  <b><br \/>\n    \u201cGetm\u0259y\u0259 ba\u015fqa yerimiz yoxdur\u201d<br \/>\n  <\/b>\n<\/p>\n<p>\n  Mirvari Mehr\u0259liyeva qorxur ki, bir g\u00fcn q\u0259zal\u0131 ev tamamil\u0259 \u00e7\u00f6k\u0259r, q\u0131z\u0131 il\u0259 da\u015f-k\u0259s\u0259yin alt\u0131nda qalar. Ancaq k\u00f6\u00e7 etm\u0259y\u0259 ba\u015fqa yeri d\u0259 yoxdur. Ona g\u00f6r\u0259 d\u0259 gec\u0259l\u0259ri yuxusuz qal\u0131r:\n<\/p>\n<p>\n  \u201cS\u0259h\u0259r\u0259 q\u0259d\u0259r n\u0259 m\u0259n, n\u0259 d\u0259 q\u0131z\u0131m yata bilirik. S\u0259ls\u0259k\u0259 i\u00e7ind\u0259 oluruq. Ya\u011f\u0131\u015f, k\u00fcl\u0259k b\u0259rkiy\u0259nd\u0259 qorxuruq ki, ev ba\u015f\u0131m\u0131za da\u011f\u0131lar. Bir evin ki da\u015flar\u0131 hiss\u0259-hiss\u0259 qopub d\u00fc\u015f\u00fcr, o evin i\u00e7ind\u0259 nec\u0259 rahat ya\u015fayaq?\n<\/p>\n<p>\n  Quba Rayon \u0130cra Hakimiyy\u0259tind\u0259n Meydan TV-y\u0259 bildirilib ki, Mirvari Mehr\u0259liyevan\u0131n evinin t\u0259mir-b\u0259rpa etm\u0259y\u0259 qurumun imkan\u0131 yoxdur: \u201cQad\u0131n h\u0259r yer\u0259 yaz\u0131r, ancaq bel\u0259 i\u015fl\u0259r \u00fc\u00e7\u00fcn d\u00f6vl\u0259t b\u00fcdc\u0259sind\u0259n biz\u0259 maliyy\u0259 ayr\u0131lm\u0131r. Ba\u015fqa m\u0259nzill\u0259 t\u0259min etm\u0259k d\u0259 m\u00fcmk\u00fcn deyil, \u00e7\u00fcnki m\u0259nzil fondu yoxdur. Bunu h\u0259min ail\u0259y\u0259 d\u0259f\u0259l\u0259rl\u0259 bildirmi\u015fik. Mirvari Mehr\u0259liyeva t\u0259nha deyil, \u00f6vladlar\u0131 var, y\u0131\u011f\u0131\u015f\u0131b anan\u0131n evini t\u0259mir ed\u0259 bil\u0259rl\u0259r. H\u0259r \u015feyi d\u00f6vl\u0259tin \u00fcst\u00fcn\u0259 d\u0259 atmaq olmaz. Bel\u0259 anla\u015f\u0131l\u0131r ki, \u0259sas problem dam \u00f6rt\u00fcy\u00fcnd\u0259dir, k\u0259nd b\u0259l\u0259diyy\u0259sin\u0259 m\u00fcraci\u0259t etsinl\u0259r, b\u0259l\u0259diyy\u0259d\u0259n material verilsin, evl\u0259rinin dam \u00f6rt\u00fcy\u00fcn\u00fc t\u0259mir etsinl\u0259r\u201d.\n<\/p>\n<p>\n  Qurumdan bildirilib ki, 78 ya\u015fl\u0131 Mirvari Mehr\u0259liyevaya \u015fifer v\u0259 sair materiallar\u0131n verilm\u0259si \u00fc\u00e7\u00fcn onlar da \u00f6z t\u0259r\u0259fl\u0259rind\u0259n k\u0259nd b\u0259l\u0259diyy\u0259sin\u0259 m\u0259ktub g\u00f6nd\u0259r\u0259c\u0259kl\u0259r.\n<\/p>\n<figure class=\"wp-block-image size-large\">\n  <img decoding=\"async\" src=\"https:\/\/www.meydan.tv\/az\/reg_quba_gedik_senedler-jpg\/\" alt=\"reg_quba_gedik_senedler.jpg\" class=\"wp-image-134096\"\/><figcaption>\n    &#8220;\u0130lham \u018fliyev\u0259 yazd\u0131\u011f\u0131m m\u0259ktublar Quban\u0131n \u0130cra Hakimiyy\u0259tin\u0259 g\u0259lir, ordan da bir m\u0259n\u0259 par\u00e7a ka\u011f\u0131z g\u0259lir ki, s\u0259nin prezident\u0259 yazd\u0131\u011f\u0131n m\u0259ktub biz\u0259 g\u0259lib&#8221;<br \/>\n  <\/figcaption><\/figure>\n","protected":false},"excerpt":{"rendered":"<p>&#8220;\u0130lham \u018fliyev\u0259 yazd\u0131\u011f\u0131m m\u0259ktublar Quban\u0131n \u0130cra Hakimiyy\u0259tin\u0259 g\u0259lir, ordan da bir m\u0259n\u0259 par\u00e7a ka\u011f\u0131z g\u0259lir ki, s\u0259nin prezident\u0259 yazd\u0131\u011f\u0131n m\u0259ktub biz\u0259 g\u0259lib&#8221;.<\/p>\n","protected":false},"author":11,"featured_media":134090,"comment_status":"closed","ping_status":"open","sticky":false,"template":"","format":"standard","meta":{"_acf_changed":false,"_sitemap_exclude":false,"_sitemap_priority":"","_sitemap_frequency":"","footnotes":""},"categories":[60],"tags":[],"class_list":["post-198280","post","type-post","status-publish","format-standard","has-post-thumbnail","hentry","category-bolge","infinite-scroll-item","generate-columns","tablet-grid-50","mobile-grid-100","grid-parent","grid-33","no-featured-image-padding"],"acf":[],"yoast_head":"<!-- This site is optimized with the Yoast SEO plugin v27.5 - https:\/\/yoast.com\/product\/yoast-seo-wordpress\/ -->\n<title>78 ya\u015fl\u0131 Quba sakini: Ev su il\u0259 dolur, ayaqlar\u0131m\u0131z tutulub - MEYDAN.TV<\/title>\n<meta name=\"robots\" content=\"index, follow, max-snippet:-1, max-image-preview:large, max-video-preview:-1\" \/>\n<link rel=\"canonical\" href=\"https:\/\/www.meydan.tv\/az\/article\/78-yasli-quba-sakini-ev-su-ile-dolur-ayaqlarimiz-tutulub\/\" \/>\n<meta property=\"og:locale\" content=\"az_AZ\" \/>\n<meta property=\"og:type\" content=\"article\" \/>\n<meta property=\"og:title\" content=\"78 ya\u015fl\u0131 Quba sakini: Ev su il\u0259 dolur, ayaqlar\u0131m\u0131z tutulub - MEYDAN.TV\" \/>\n<meta property=\"og:description\" content=\"&quot;\u0130lham \u018fliyev\u0259 yazd\u0131\u011f\u0131m m\u0259ktublar Quban\u0131n \u0130cra Hakimiyy\u0259tin\u0259 g\u0259lir, ordan da bir m\u0259n\u0259 par\u00e7a ka\u011f\u0131z g\u0259lir ki, s\u0259nin prezident\u0259 yazd\u0131\u011f\u0131n m\u0259ktub biz\u0259 g\u0259lib&quot;.\" \/>\n<meta property=\"og:url\" content=\"https:\/\/www.meydan.tv\/az\/article\/78-yasli-quba-sakini-ev-su-ile-dolur-ayaqlarimiz-tutulub\/\" \/>\n<meta property=\"og:site_name\" content=\"MEYDAN.TV\" \/>\n<meta property=\"article:published_time\" content=\"2019-12-09T12:17:13+00:00\" \/>\n<meta property=\"og:image\" content=\"https:\/\/www.meydan.tv\/wp-content\/uploads\/reg_quba_gedik_qezali_evde_yasahayan_mirvari_mehraliyeva.jpg\" \/>\n\t<meta property=\"og:image:width\" content=\"1024\" \/>\n\t<meta property=\"og:image:height\" content=\"576\" \/>\n\t<meta property=\"og:image:type\" content=\"image\/jpeg\" \/>\n<meta name=\"author\" content=\"user-manager\" \/>\n<meta name=\"twitter:card\" content=\"summary_large_image\" \/>\n<script type=\"application\/ld+json\" class=\"yoast-schema-graph\">{\"@context\":\"https:\\\/\\\/schema.org\",\"@graph\":[{\"@type\":\"Article\",\"@id\":\"https:\\\/\\\/www.meydan.tv\\\/az\\\/article\\\/78-yasli-quba-sakini-ev-su-ile-dolur-ayaqlarimiz-tutulub\\\/#article\",\"isPartOf\":{\"@id\":\"https:\\\/\\\/www.meydan.tv\\\/az\\\/article\\\/78-yasli-quba-sakini-ev-su-ile-dolur-ayaqlarimiz-tutulub\\\/\"},\"author\":{\"name\":\"user-manager\",\"@id\":\"https:\\\/\\\/www.meydan.tv\\\/az\\\/#\\\/schema\\\/person\\\/10d11eccf6da3662cf5fdab9806ea91a\"},\"headline\":\"78 ya\u015fl\u0131 Quba sakini: Ev su il\u0259 dolur, ayaqlar\u0131m\u0131z tutulub\",\"datePublished\":\"2019-12-09T12:17:13+00:00\",\"mainEntityOfPage\":{\"@id\":\"https:\\\/\\\/www.meydan.tv\\\/az\\\/article\\\/78-yasli-quba-sakini-ev-su-ile-dolur-ayaqlarimiz-tutulub\\\/\"},\"wordCount\":870,\"publisher\":{\"@id\":\"https:\\\/\\\/www.meydan.tv\\\/az\\\/#organization\"},\"image\":{\"@id\":\"https:\\\/\\\/www.meydan.tv\\\/az\\\/article\\\/78-yasli-quba-sakini-ev-su-ile-dolur-ayaqlarimiz-tutulub\\\/#primaryimage\"},\"thumbnailUrl\":\"https:\\\/\\\/www.meydan.tv\\\/wp-content\\\/uploads\\\/reg_quba_gedik_qezali_evde_yasahayan_mirvari_mehraliyeva.jpg\",\"articleSection\":[\"B\u00f6lg\u0259\"],\"inLanguage\":\"az\"},{\"@type\":\"WebPage\",\"@id\":\"https:\\\/\\\/www.meydan.tv\\\/az\\\/article\\\/78-yasli-quba-sakini-ev-su-ile-dolur-ayaqlarimiz-tutulub\\\/\",\"url\":\"https:\\\/\\\/www.meydan.tv\\\/az\\\/article\\\/78-yasli-quba-sakini-ev-su-ile-dolur-ayaqlarimiz-tutulub\\\/\",\"name\":\"78 ya\u015fl\u0131 Quba sakini: Ev su il\u0259 dolur, ayaqlar\u0131m\u0131z tutulub - MEYDAN.TV\",\"isPartOf\":{\"@id\":\"https:\\\/\\\/www.meydan.tv\\\/az\\\/#website\"},\"primaryImageOfPage\":{\"@id\":\"https:\\\/\\\/www.meydan.tv\\\/az\\\/article\\\/78-yasli-quba-sakini-ev-su-ile-dolur-ayaqlarimiz-tutulub\\\/#primaryimage\"},\"image\":{\"@id\":\"https:\\\/\\\/www.meydan.tv\\\/az\\\/article\\\/78-yasli-quba-sakini-ev-su-ile-dolur-ayaqlarimiz-tutulub\\\/#primaryimage\"},\"thumbnailUrl\":\"https:\\\/\\\/www.meydan.tv\\\/wp-content\\\/uploads\\\/reg_quba_gedik_qezali_evde_yasahayan_mirvari_mehraliyeva.jpg\",\"datePublished\":\"2019-12-09T12:17:13+00:00\",\"breadcrumb\":{\"@id\":\"https:\\\/\\\/www.meydan.tv\\\/az\\\/article\\\/78-yasli-quba-sakini-ev-su-ile-dolur-ayaqlarimiz-tutulub\\\/#breadcrumb\"},\"inLanguage\":\"az\",\"potentialAction\":[{\"@type\":\"ReadAction\",\"target\":[\"https:\\\/\\\/www.meydan.tv\\\/az\\\/article\\\/78-yasli-quba-sakini-ev-su-ile-dolur-ayaqlarimiz-tutulub\\\/\"]}]},{\"@type\":\"ImageObject\",\"inLanguage\":\"az\",\"@id\":\"https:\\\/\\\/www.meydan.tv\\\/az\\\/article\\\/78-yasli-quba-sakini-ev-su-ile-dolur-ayaqlarimiz-tutulub\\\/#primaryimage\",\"url\":\"https:\\\/\\\/www.meydan.tv\\\/wp-content\\\/uploads\\\/reg_quba_gedik_qezali_evde_yasahayan_mirvari_mehraliyeva.jpg\",\"contentUrl\":\"https:\\\/\\\/www.meydan.tv\\\/wp-content\\\/uploads\\\/reg_quba_gedik_qezali_evde_yasahayan_mirvari_mehraliyeva.jpg\",\"width\":1024,\"height\":576,\"caption\":\"Source: Foto: Meydan TV\"},{\"@type\":\"BreadcrumbList\",\"@id\":\"https:\\\/\\\/www.meydan.tv\\\/az\\\/article\\\/78-yasli-quba-sakini-ev-su-ile-dolur-ayaqlarimiz-tutulub\\\/#breadcrumb\",\"itemListElement\":[{\"@type\":\"ListItem\",\"position\":1,\"name\":\"Ana s\u0259hif\u0259\",\"item\":\"https:\\\/\\\/www.meydan.tv\\\/az\\\/\"},{\"@type\":\"ListItem\",\"position\":2,\"name\":\"B\u00f6lg\u0259\",\"item\":\"https:\\\/\\\/www.meydan.tv\\\/az\\\/section\\\/bolge\\\/\"},{\"@type\":\"ListItem\",\"position\":3,\"name\":\"78 ya\u015fl\u0131 Quba sakini: Ev su il\u0259 dolur, ayaqlar\u0131m\u0131z tutulub\"}]},{\"@type\":\"WebSite\",\"@id\":\"https:\\\/\\\/www.meydan.tv\\\/az\\\/#website\",\"url\":\"https:\\\/\\\/www.meydan.tv\\\/az\\\/\",\"name\":\"MEYDAN.TV\",\"description\":\"Meydan TV Az\u0259rbaycan\u0131n media m\u0259kan\u0131ndak\u0131 alternativ s\u0259sidir\",\"publisher\":{\"@id\":\"https:\\\/\\\/www.meydan.tv\\\/az\\\/#organization\"},\"potentialAction\":[{\"@type\":\"SearchAction\",\"target\":{\"@type\":\"EntryPoint\",\"urlTemplate\":\"https:\\\/\\\/www.meydan.tv\\\/az\\\/?s={search_term_string}\"},\"query-input\":{\"@type\":\"PropertyValueSpecification\",\"valueRequired\":true,\"valueName\":\"search_term_string\"}}],\"inLanguage\":\"az\"},{\"@type\":\"Organization\",\"@id\":\"https:\\\/\\\/www.meydan.tv\\\/az\\\/#organization\",\"name\":\"Meydan TV\",\"url\":\"https:\\\/\\\/www.meydan.tv\\\/az\\\/\",\"logo\":{\"@type\":\"ImageObject\",\"inLanguage\":\"az\",\"@id\":\"https:\\\/\\\/www.meydan.tv\\\/az\\\/#\\\/schema\\\/logo\\\/image\\\/\",\"url\":\"https:\\\/\\\/www.meydan.tv\\\/wp-content\\\/uploads\\\/2021\\\/07\\\/meydan-logo.svg\",\"contentUrl\":\"https:\\\/\\\/www.meydan.tv\\\/wp-content\\\/uploads\\\/2021\\\/07\\\/meydan-logo.svg\",\"width\":195,\"height\":46,\"caption\":\"Meydan TV\"},\"image\":{\"@id\":\"https:\\\/\\\/www.meydan.tv\\\/az\\\/#\\\/schema\\\/logo\\\/image\\\/\"}},{\"@type\":\"Person\",\"@id\":\"https:\\\/\\\/www.meydan.tv\\\/az\\\/#\\\/schema\\\/person\\\/10d11eccf6da3662cf5fdab9806ea91a\",\"name\":\"user-manager\"}]}<\/script>\n<!-- \/ Yoast SEO plugin. -->","yoast_head_json":{"title":"78 ya\u015fl\u0131 Quba sakini: Ev su il\u0259 dolur, ayaqlar\u0131m\u0131z tutulub - MEYDAN.TV","robots":{"index":"index","follow":"follow","max-snippet":"max-snippet:-1","max-image-preview":"max-image-preview:large","max-video-preview":"max-video-preview:-1"},"canonical":"https:\/\/www.meydan.tv\/az\/article\/78-yasli-quba-sakini-ev-su-ile-dolur-ayaqlarimiz-tutulub\/","og_locale":"az_AZ","og_type":"article","og_title":"78 ya\u015fl\u0131 Quba sakini: Ev su il\u0259 dolur, ayaqlar\u0131m\u0131z tutulub - MEYDAN.TV","og_description":"\"\u0130lham \u018fliyev\u0259 yazd\u0131\u011f\u0131m m\u0259ktublar Quban\u0131n \u0130cra Hakimiyy\u0259tin\u0259 g\u0259lir, ordan da bir m\u0259n\u0259 par\u00e7a ka\u011f\u0131z g\u0259lir ki, s\u0259nin prezident\u0259 yazd\u0131\u011f\u0131n m\u0259ktub biz\u0259 g\u0259lib\".","og_url":"https:\/\/www.meydan.tv\/az\/article\/78-yasli-quba-sakini-ev-su-ile-dolur-ayaqlarimiz-tutulub\/","og_site_name":"MEYDAN.TV","article_published_time":"2019-12-09T12:17:13+00:00","og_image":[{"width":1024,"height":576,"url":"https:\/\/www.meydan.tv\/wp-content\/uploads\/reg_quba_gedik_qezali_evde_yasahayan_mirvari_mehraliyeva.jpg","type":"image\/jpeg"}],"author":"user-manager","twitter_card":"summary_large_image","schema":{"@context":"https:\/\/schema.org","@graph":[{"@type":"Article","@id":"https:\/\/www.meydan.tv\/az\/article\/78-yasli-quba-sakini-ev-su-ile-dolur-ayaqlarimiz-tutulub\/#article","isPartOf":{"@id":"https:\/\/www.meydan.tv\/az\/article\/78-yasli-quba-sakini-ev-su-ile-dolur-ayaqlarimiz-tutulub\/"},"author":{"name":"user-manager","@id":"https:\/\/www.meydan.tv\/az\/#\/schema\/person\/10d11eccf6da3662cf5fdab9806ea91a"},"headline":"78 ya\u015fl\u0131 Quba sakini: Ev su il\u0259 dolur, ayaqlar\u0131m\u0131z tutulub","datePublished":"2019-12-09T12:17:13+00:00","mainEntityOfPage":{"@id":"https:\/\/www.meydan.tv\/az\/article\/78-yasli-quba-sakini-ev-su-ile-dolur-ayaqlarimiz-tutulub\/"},"wordCount":870,"publisher":{"@id":"https:\/\/www.meydan.tv\/az\/#organization"},"image":{"@id":"https:\/\/www.meydan.tv\/az\/article\/78-yasli-quba-sakini-ev-su-ile-dolur-ayaqlarimiz-tutulub\/#primaryimage"},"thumbnailUrl":"https:\/\/www.meydan.tv\/wp-content\/uploads\/reg_quba_gedik_qezali_evde_yasahayan_mirvari_mehraliyeva.jpg","articleSection":["B\u00f6lg\u0259"],"inLanguage":"az"},{"@type":"WebPage","@id":"https:\/\/www.meydan.tv\/az\/article\/78-yasli-quba-sakini-ev-su-ile-dolur-ayaqlarimiz-tutulub\/","url":"https:\/\/www.meydan.tv\/az\/article\/78-yasli-quba-sakini-ev-su-ile-dolur-ayaqlarimiz-tutulub\/","name":"78 ya\u015fl\u0131 Quba sakini: Ev su il\u0259 dolur, ayaqlar\u0131m\u0131z tutulub - MEYDAN.TV","isPartOf":{"@id":"https:\/\/www.meydan.tv\/az\/#website"},"primaryImageOfPage":{"@id":"https:\/\/www.meydan.tv\/az\/article\/78-yasli-quba-sakini-ev-su-ile-dolur-ayaqlarimiz-tutulub\/#primaryimage"},"image":{"@id":"https:\/\/www.meydan.tv\/az\/article\/78-yasli-quba-sakini-ev-su-ile-dolur-ayaqlarimiz-tutulub\/#primaryimage"},"thumbnailUrl":"https:\/\/www.meydan.tv\/wp-content\/uploads\/reg_quba_gedik_qezali_evde_yasahayan_mirvari_mehraliyeva.jpg","datePublished":"2019-12-09T12:17:13+00:00","breadcrumb":{"@id":"https:\/\/www.meydan.tv\/az\/article\/78-yasli-quba-sakini-ev-su-ile-dolur-ayaqlarimiz-tutulub\/#breadcrumb"},"inLanguage":"az","potentialAction":[{"@type":"ReadAction","target":["https:\/\/www.meydan.tv\/az\/article\/78-yasli-quba-sakini-ev-su-ile-dolur-ayaqlarimiz-tutulub\/"]}]},{"@type":"ImageObject","inLanguage":"az","@id":"https:\/\/www.meydan.tv\/az\/article\/78-yasli-quba-sakini-ev-su-ile-dolur-ayaqlarimiz-tutulub\/#primaryimage","url":"https:\/\/www.meydan.tv\/wp-content\/uploads\/reg_quba_gedik_qezali_evde_yasahayan_mirvari_mehraliyeva.jpg","contentUrl":"https:\/\/www.meydan.tv\/wp-content\/uploads\/reg_quba_gedik_qezali_evde_yasahayan_mirvari_mehraliyeva.jpg","width":1024,"height":576,"caption":"Source: Foto: Meydan TV"},{"@type":"BreadcrumbList","@id":"https:\/\/www.meydan.tv\/az\/article\/78-yasli-quba-sakini-ev-su-ile-dolur-ayaqlarimiz-tutulub\/#breadcrumb","itemListElement":[{"@type":"ListItem","position":1,"name":"Ana s\u0259hif\u0259","item":"https:\/\/www.meydan.tv\/az\/"},{"@type":"ListItem","position":2,"name":"B\u00f6lg\u0259","item":"https:\/\/www.meydan.tv\/az\/section\/bolge\/"},{"@type":"ListItem","position":3,"name":"78 ya\u015fl\u0131 Quba sakini: Ev su il\u0259 dolur, ayaqlar\u0131m\u0131z tutulub"}]},{"@type":"WebSite","@id":"https:\/\/www.meydan.tv\/az\/#website","url":"https:\/\/www.meydan.tv\/az\/","name":"MEYDAN.TV","description":"Meydan TV Az\u0259rbaycan\u0131n media m\u0259kan\u0131ndak\u0131 alternativ s\u0259sidir","publisher":{"@id":"https:\/\/www.meydan.tv\/az\/#organization"},"potentialAction":[{"@type":"SearchAction","target":{"@type":"EntryPoint","urlTemplate":"https:\/\/www.meydan.tv\/az\/?s={search_term_string}"},"query-input":{"@type":"PropertyValueSpecification","valueRequired":true,"valueName":"search_term_string"}}],"inLanguage":"az"},{"@type":"Organization","@id":"https:\/\/www.meydan.tv\/az\/#organization","name":"Meydan TV","url":"https:\/\/www.meydan.tv\/az\/","logo":{"@type":"ImageObject","inLanguage":"az","@id":"https:\/\/www.meydan.tv\/az\/#\/schema\/logo\/image\/","url":"https:\/\/www.meydan.tv\/wp-content\/uploads\/2021\/07\/meydan-logo.svg","contentUrl":"https:\/\/www.meydan.tv\/wp-content\/uploads\/2021\/07\/meydan-logo.svg","width":195,"height":46,"caption":"Meydan TV"},"image":{"@id":"https:\/\/www.meydan.tv\/az\/#\/schema\/logo\/image\/"}},{"@type":"Person","@id":"https:\/\/www.meydan.tv\/az\/#\/schema\/person\/10d11eccf6da3662cf5fdab9806ea91a","name":"user-manager"}]}},"_links":{"self":[{"href":"https:\/\/www.meydan.tv\/az\/wp-json\/wp\/v2\/posts\/198280","targetHints":{"allow":["GET"]}}],"collection":[{"href":"https:\/\/www.meydan.tv\/az\/wp-json\/wp\/v2\/posts"}],"about":[{"href":"https:\/\/www.meydan.tv\/az\/wp-json\/wp\/v2\/types\/post"}],"author":[{"embeddable":true,"href":"https:\/\/www.meydan.tv\/az\/wp-json\/wp\/v2\/users\/11"}],"replies":[{"embeddable":true,"href":"https:\/\/www.meydan.tv\/az\/wp-json\/wp\/v2\/comments?post=198280"}],"version-history":[{"count":0,"href":"https:\/\/www.meydan.tv\/az\/wp-json\/wp\/v2\/posts\/198280\/revisions"}],"wp:featuredmedia":[{"embeddable":true,"href":"https:\/\/www.meydan.tv\/az\/wp-json\/wp\/v2\/media\/134090"}],"wp:attachment":[{"href":"https:\/\/www.meydan.tv\/az\/wp-json\/wp\/v2\/media?parent=198280"}],"wp:term":[{"taxonomy":"category","embeddable":true,"href":"https:\/\/www.meydan.tv\/az\/wp-json\/wp\/v2\/categories?post=198280"},{"taxonomy":"post_tag","embeddable":true,"href":"https:\/\/www.meydan.tv\/az\/wp-json\/wp\/v2\/tags?post=198280"}],"curies":[{"name":"wp","href":"https:\/\/api.w.org\/{rel}","templated":true}]}}