{"id":198279,"date":"2019-12-09T12:47:23","date_gmt":"2019-12-09T12:47:23","guid":{"rendered":"https:\/\/www.meydan.tv\/article\/34-yasli-sanna-marin-finlandiyanin-bas-naziri-olub\/"},"modified":"2019-12-09T12:47:23","modified_gmt":"2019-12-09T12:47:23","slug":"34-yasli-sanna-marin-finlandiyanin-bas-naziri-olub","status":"publish","type":"post","link":"https:\/\/www.meydan.tv\/az\/article\/34-yasli-sanna-marin-finlandiyanin-bas-naziri-olub\/","title":{"rendered":"34 ya\u015fl\u0131 Sanna Marin Finlandiyan\u0131n Ba\u015f naziri olub"},"content":{"rendered":"<p>\n  <i><br \/>\n    O, d\u00fcnyan\u0131n \u0259n g\u0259nc Ba\u015f naziri hesab edilir<br \/>\n  <\/i>\n<\/p>\n<p>\n  Finlandiyan\u0131n N\u0259qliyyat naziri Sanna Marin \u00f6lk\u0259nin Sosial Demokratlar Partiyas\u0131na r\u0259hb\u0259rlik etm\u0259k \u00fc\u00e7\u00fcn se\u00e7ilib v\u0259 \u00f6lk\u0259nin \u0259n g\u0259nc Ba\u015f naziri olub, &#8211; \u201cGuardian\u201d x\u0259b\u0259r verir.\n<\/p>\n<p>\n  Marin \u00f6lk\u0259nin bu g\u00fcn\u0259 q\u0259d\u0259r se\u00e7ilmi\u015f \u0259n g\u0259nc lideridir v\u0259 Finlandiyan\u0131n \u00fc\u00e7\u00fcnc\u00fc qad\u0131n Ba\u015f naziridir.\n<\/p>\n<p>\n  Partiyas\u0131 be\u015f \u00fczvl\u00fc idar\u0259etm\u0259 koalisiyas\u0131nda \u0259n b\u00f6y\u00fcy\u00fc olan 34 ya\u015fl\u0131 Marin v\u0259zif\u0259y\u0259 ba\u015flad\u0131qdan sonra d\u00fcnyan\u0131n \u0259n g\u0259nc ba\u015f naziri olacaq. O, h\u0259m\u00e7inin Finlandiyan\u0131n \u00fc\u00e7\u00fcnc\u00fc qad\u0131n h\u00f6kum\u0259t r\u0259hb\u0259ridir.\n<\/p>\n<p>\n  Aprel se\u00e7kil\u0259rind\u0259 Finlandiyan\u0131n \u0259n b\u00f6y\u00fck partiyas\u0131 olaraq ortaya \u00e7\u0131xan Sosial Demokrat 5,5 milyon \u0259haliy\u0259 sahib \u00f6lk\u0259d\u0259 \u00f6z \u00fczvl\u0259rind\u0259n birini Ba\u015f nazir v\u0259zif\u0259sin\u0259 t\u0259yin ed\u0259 bil\u0259r.\n<\/p>\n<p>\n  Onun t\u0259yinat\u0131 Antti Rinnenin \u00e7\u0259r\u015f\u0259nb\u0259 ax\u015fam\u0131 istefas\u0131nda sonra ba\u015f tutub. Rinne koalisiyadak\u0131 bir partiyan\u0131n ona etimad\u0131n\u0131 itirdiyini elan etdikd\u0259n sonra istefa verib. Bel\u0259 ki, partiya Rinnenin po\u00e7t t\u0259tilini nizamlamaq siyas\u0259tind\u0259n m\u0259mnun qalmay\u0131b.\n<\/p>\n<p>\n  \u201cBizim inam\u0131m\u0131z\u0131 b\u0259rpa etm\u0259k \u00fc\u00e7\u00fcn \u00e7ox i\u015fimiz var\u201d, Marin partiya r\u0259hb\u0259rliyi aras\u0131nda s\u0259s toplad\u0131qdan sonra jurnalistl\u0259r\u0259 a\u00e7\u0131qlamas\u0131nda deyib:\n<\/p>\n<p>\n  \u201cYa\u015f\u0131m v\u0259 ya cinsiyy\u0259tim haqda he\u00e7 vaxt d\u00fc\u015f\u00fcnm\u0259mi\u015f\u0259m. Siyas\u0259t\u0259 girm\u0259yimin s\u0259b\u0259bl\u0259rini v\u0259 m\u0259n\u0259 se\u00e7icil\u0259rin etimad\u0131n\u0131 qazand\u0131ran \u015feyl\u0259ri d\u00fc\u015f\u00fcn\u00fcr\u0259m\u201d.\n<\/p>\n<p>\n  Finlandiyan\u0131n koalisiya h\u00f6kum\u0259tind\u0259ki dig\u0259r d\u00f6rd partiyaya da qad\u0131nlar r\u0259hb\u0259rlik edir: Sol Alyansa 32 ya\u015fl\u0131 Li Anderson, Ya\u015f\u0131l Liqaya 34 ya\u015fl\u0131 Maria Ohisalo, M\u0259rk\u0259z Partiyas\u0131na 32 ya\u015fl\u0131 Katri Kulmuni v\u0259 \u0130sve\u00e7 Xalq Partiyas\u0131na is\u0259 55 ya\u015fl\u0131 Anna-Maja Henriksson.\n<\/p>\n<p>\n  Finlandiyan\u0131n \u0259n b\u00f6y\u00fck q\u0259zeti \u201cHelsingin Sanomat\u201d v\u0259 \u201c\u0130lta-Sanomat\u201d tabloidinin verdiyi m\u0259lumata g\u00f6r\u0259, Marin d\u00fcnyan\u0131n \u0259n g\u0259nc Ba\u015f naziri olacaq. Yeni Zelandiyan\u0131n Ba\u015f naziri Jacinda Ardern 39 ya\u015f\u0131nda, Ukraynan\u0131n ba\u015f naziri Oleksiy Honcharuk is\u0259 35 ya\u015f\u0131ndad\u0131r. \u015eimali Koreyan\u0131n lideri Kim \u00c7enin (Kim Jong) is\u0259 35 ya\u015f\u0131 oldu\u011fu bildirilir.\n<\/p>\n<p>\n  Marin 27 ya\u015f\u0131nda s\u0259naye \u015f\u0259h\u0259ri olan Tampered\u0259 \u015f\u0259h\u0259r m\u0259clisinin ba\u015f\u00e7\u0131s\u0131 olduqdan sonra Fin siyas\u0259tind\u0259 s\u00fcr\u0259tl\u0259 ir\u0259lil\u0259yib.<\/p>\n","protected":false},"excerpt":{"rendered":"<p>\u201cBizim inam\u0131m\u0131z\u0131 b\u0259rpa etm\u0259k \u00fc\u00e7\u00fcn \u00e7ox i\u015fimiz var\u201d, Marin partiya r\u0259hb\u0259rliyi aras\u0131nda s\u0259s toplad\u0131qdan sonra jurnalistl\u0259r\u0259 a\u00e7\u0131qlamas\u0131nda deyib<\/p>\n","protected":false},"author":11,"featured_media":134099,"comment_status":"closed","ping_status":"open","sticky":false,"template":"","format":"standard","meta":{"_acf_changed":false,"_sitemap_exclude":false,"_sitemap_priority":"","_sitemap_frequency":"","footnotes":""},"categories":[64],"tags":[],"class_list":["post-198279","post","type-post","status-publish","format-standard","has-post-thumbnail","hentry","category-dunya","infinite-scroll-item","generate-columns","tablet-grid-50","mobile-grid-100","grid-parent","grid-33","no-featured-image-padding"],"acf":[],"yoast_head":"<!-- This site is optimized with the Yoast SEO plugin v27.5 - https:\/\/yoast.com\/product\/yoast-seo-wordpress\/ -->\n<title>34 ya\u015fl\u0131 Sanna Marin Finlandiyan\u0131n Ba\u015f naziri olub - MEYDAN.TV<\/title>\n<meta name=\"robots\" content=\"index, follow, max-snippet:-1, max-image-preview:large, max-video-preview:-1\" \/>\n<link rel=\"canonical\" href=\"https:\/\/www.meydan.tv\/az\/article\/34-yasli-sanna-marin-finlandiyanin-bas-naziri-olub\/\" \/>\n<meta property=\"og:locale\" content=\"az_AZ\" \/>\n<meta property=\"og:type\" content=\"article\" \/>\n<meta property=\"og:title\" content=\"34 ya\u015fl\u0131 Sanna Marin Finlandiyan\u0131n Ba\u015f naziri olub - MEYDAN.TV\" \/>\n<meta property=\"og:description\" content=\"\u201cBizim inam\u0131m\u0131z\u0131 b\u0259rpa etm\u0259k \u00fc\u00e7\u00fcn \u00e7ox i\u015fimiz var\u201d, Marin partiya r\u0259hb\u0259rliyi aras\u0131nda s\u0259s toplad\u0131qdan sonra jurnalistl\u0259r\u0259 a\u00e7\u0131qlamas\u0131nda deyib\" \/>\n<meta property=\"og:url\" content=\"https:\/\/www.meydan.tv\/az\/article\/34-yasli-sanna-marin-finlandiyanin-bas-naziri-olub\/\" \/>\n<meta property=\"og:site_name\" content=\"MEYDAN.TV\" \/>\n<meta property=\"article:published_time\" content=\"2019-12-09T12:47:23+00:00\" \/>\n<meta property=\"og:image\" content=\"https:\/\/www.meydan.tv\/wp-content\/uploads\/79360887_3062042807143891_4247361947210612736_n.jpg\" \/>\n\t<meta property=\"og:image:width\" content=\"692\" \/>\n\t<meta property=\"og:image:height\" content=\"560\" \/>\n\t<meta property=\"og:image:type\" content=\"image\/jpeg\" \/>\n<meta name=\"author\" content=\"user-manager\" \/>\n<meta name=\"twitter:card\" content=\"summary_large_image\" \/>\n<script type=\"application\/ld+json\" class=\"yoast-schema-graph\">{\"@context\":\"https:\\\/\\\/schema.org\",\"@graph\":[{\"@type\":\"Article\",\"@id\":\"https:\\\/\\\/www.meydan.tv\\\/az\\\/article\\\/34-yasli-sanna-marin-finlandiyanin-bas-naziri-olub\\\/#article\",\"isPartOf\":{\"@id\":\"https:\\\/\\\/www.meydan.tv\\\/az\\\/article\\\/34-yasli-sanna-marin-finlandiyanin-bas-naziri-olub\\\/\"},\"author\":{\"name\":\"user-manager\",\"@id\":\"https:\\\/\\\/www.meydan.tv\\\/az\\\/#\\\/schema\\\/person\\\/10d11eccf6da3662cf5fdab9806ea91a\"},\"headline\":\"34 ya\u015fl\u0131 Sanna Marin Finlandiyan\u0131n Ba\u015f naziri olub\",\"datePublished\":\"2019-12-09T12:47:23+00:00\",\"mainEntityOfPage\":{\"@id\":\"https:\\\/\\\/www.meydan.tv\\\/az\\\/article\\\/34-yasli-sanna-marin-finlandiyanin-bas-naziri-olub\\\/\"},\"wordCount\":411,\"publisher\":{\"@id\":\"https:\\\/\\\/www.meydan.tv\\\/az\\\/#organization\"},\"image\":{\"@id\":\"https:\\\/\\\/www.meydan.tv\\\/az\\\/article\\\/34-yasli-sanna-marin-finlandiyanin-bas-naziri-olub\\\/#primaryimage\"},\"thumbnailUrl\":\"https:\\\/\\\/www.meydan.tv\\\/wp-content\\\/uploads\\\/79360887_3062042807143891_4247361947210612736_n.jpg\",\"articleSection\":[\"D\u00fcnya\"],\"inLanguage\":\"az\"},{\"@type\":\"WebPage\",\"@id\":\"https:\\\/\\\/www.meydan.tv\\\/az\\\/article\\\/34-yasli-sanna-marin-finlandiyanin-bas-naziri-olub\\\/\",\"url\":\"https:\\\/\\\/www.meydan.tv\\\/az\\\/article\\\/34-yasli-sanna-marin-finlandiyanin-bas-naziri-olub\\\/\",\"name\":\"34 ya\u015fl\u0131 Sanna Marin Finlandiyan\u0131n Ba\u015f naziri olub - MEYDAN.TV\",\"isPartOf\":{\"@id\":\"https:\\\/\\\/www.meydan.tv\\\/az\\\/#website\"},\"primaryImageOfPage\":{\"@id\":\"https:\\\/\\\/www.meydan.tv\\\/az\\\/article\\\/34-yasli-sanna-marin-finlandiyanin-bas-naziri-olub\\\/#primaryimage\"},\"image\":{\"@id\":\"https:\\\/\\\/www.meydan.tv\\\/az\\\/article\\\/34-yasli-sanna-marin-finlandiyanin-bas-naziri-olub\\\/#primaryimage\"},\"thumbnailUrl\":\"https:\\\/\\\/www.meydan.tv\\\/wp-content\\\/uploads\\\/79360887_3062042807143891_4247361947210612736_n.jpg\",\"datePublished\":\"2019-12-09T12:47:23+00:00\",\"breadcrumb\":{\"@id\":\"https:\\\/\\\/www.meydan.tv\\\/az\\\/article\\\/34-yasli-sanna-marin-finlandiyanin-bas-naziri-olub\\\/#breadcrumb\"},\"inLanguage\":\"az\",\"potentialAction\":[{\"@type\":\"ReadAction\",\"target\":[\"https:\\\/\\\/www.meydan.tv\\\/az\\\/article\\\/34-yasli-sanna-marin-finlandiyanin-bas-naziri-olub\\\/\"]}]},{\"@type\":\"ImageObject\",\"inLanguage\":\"az\",\"@id\":\"https:\\\/\\\/www.meydan.tv\\\/az\\\/article\\\/34-yasli-sanna-marin-finlandiyanin-bas-naziri-olub\\\/#primaryimage\",\"url\":\"https:\\\/\\\/www.meydan.tv\\\/wp-content\\\/uploads\\\/79360887_3062042807143891_4247361947210612736_n.jpg\",\"contentUrl\":\"https:\\\/\\\/www.meydan.tv\\\/wp-content\\\/uploads\\\/79360887_3062042807143891_4247361947210612736_n.jpg\",\"width\":692,\"height\":560,\"caption\":\"Source: Foto: arxiv\"},{\"@type\":\"BreadcrumbList\",\"@id\":\"https:\\\/\\\/www.meydan.tv\\\/az\\\/article\\\/34-yasli-sanna-marin-finlandiyanin-bas-naziri-olub\\\/#breadcrumb\",\"itemListElement\":[{\"@type\":\"ListItem\",\"position\":1,\"name\":\"Ana s\u0259hif\u0259\",\"item\":\"https:\\\/\\\/www.meydan.tv\\\/az\\\/\"},{\"@type\":\"ListItem\",\"position\":2,\"name\":\"D\u00fcnya\",\"item\":\"https:\\\/\\\/www.meydan.tv\\\/az\\\/section\\\/dunya\\\/\"},{\"@type\":\"ListItem\",\"position\":3,\"name\":\"34 ya\u015fl\u0131 Sanna Marin Finlandiyan\u0131n Ba\u015f naziri olub\"}]},{\"@type\":\"WebSite\",\"@id\":\"https:\\\/\\\/www.meydan.tv\\\/az\\\/#website\",\"url\":\"https:\\\/\\\/www.meydan.tv\\\/az\\\/\",\"name\":\"MEYDAN.TV\",\"description\":\"Meydan TV Az\u0259rbaycan\u0131n media m\u0259kan\u0131ndak\u0131 alternativ s\u0259sidir\",\"publisher\":{\"@id\":\"https:\\\/\\\/www.meydan.tv\\\/az\\\/#organization\"},\"potentialAction\":[{\"@type\":\"SearchAction\",\"target\":{\"@type\":\"EntryPoint\",\"urlTemplate\":\"https:\\\/\\\/www.meydan.tv\\\/az\\\/?s={search_term_string}\"},\"query-input\":{\"@type\":\"PropertyValueSpecification\",\"valueRequired\":true,\"valueName\":\"search_term_string\"}}],\"inLanguage\":\"az\"},{\"@type\":\"Organization\",\"@id\":\"https:\\\/\\\/www.meydan.tv\\\/az\\\/#organization\",\"name\":\"Meydan TV\",\"url\":\"https:\\\/\\\/www.meydan.tv\\\/az\\\/\",\"logo\":{\"@type\":\"ImageObject\",\"inLanguage\":\"az\",\"@id\":\"https:\\\/\\\/www.meydan.tv\\\/az\\\/#\\\/schema\\\/logo\\\/image\\\/\",\"url\":\"https:\\\/\\\/www.meydan.tv\\\/wp-content\\\/uploads\\\/2021\\\/07\\\/meydan-logo.svg\",\"contentUrl\":\"https:\\\/\\\/www.meydan.tv\\\/wp-content\\\/uploads\\\/2021\\\/07\\\/meydan-logo.svg\",\"width\":195,\"height\":46,\"caption\":\"Meydan TV\"},\"image\":{\"@id\":\"https:\\\/\\\/www.meydan.tv\\\/az\\\/#\\\/schema\\\/logo\\\/image\\\/\"}},{\"@type\":\"Person\",\"@id\":\"https:\\\/\\\/www.meydan.tv\\\/az\\\/#\\\/schema\\\/person\\\/10d11eccf6da3662cf5fdab9806ea91a\",\"name\":\"user-manager\"}]}<\/script>\n<!-- \/ Yoast SEO plugin. -->","yoast_head_json":{"title":"34 ya\u015fl\u0131 Sanna Marin Finlandiyan\u0131n Ba\u015f naziri olub - MEYDAN.TV","robots":{"index":"index","follow":"follow","max-snippet":"max-snippet:-1","max-image-preview":"max-image-preview:large","max-video-preview":"max-video-preview:-1"},"canonical":"https:\/\/www.meydan.tv\/az\/article\/34-yasli-sanna-marin-finlandiyanin-bas-naziri-olub\/","og_locale":"az_AZ","og_type":"article","og_title":"34 ya\u015fl\u0131 Sanna Marin Finlandiyan\u0131n Ba\u015f naziri olub - MEYDAN.TV","og_description":"\u201cBizim inam\u0131m\u0131z\u0131 b\u0259rpa etm\u0259k \u00fc\u00e7\u00fcn \u00e7ox i\u015fimiz var\u201d, Marin partiya r\u0259hb\u0259rliyi aras\u0131nda s\u0259s toplad\u0131qdan sonra jurnalistl\u0259r\u0259 a\u00e7\u0131qlamas\u0131nda deyib","og_url":"https:\/\/www.meydan.tv\/az\/article\/34-yasli-sanna-marin-finlandiyanin-bas-naziri-olub\/","og_site_name":"MEYDAN.TV","article_published_time":"2019-12-09T12:47:23+00:00","og_image":[{"width":692,"height":560,"url":"https:\/\/www.meydan.tv\/wp-content\/uploads\/79360887_3062042807143891_4247361947210612736_n.jpg","type":"image\/jpeg"}],"author":"user-manager","twitter_card":"summary_large_image","schema":{"@context":"https:\/\/schema.org","@graph":[{"@type":"Article","@id":"https:\/\/www.meydan.tv\/az\/article\/34-yasli-sanna-marin-finlandiyanin-bas-naziri-olub\/#article","isPartOf":{"@id":"https:\/\/www.meydan.tv\/az\/article\/34-yasli-sanna-marin-finlandiyanin-bas-naziri-olub\/"},"author":{"name":"user-manager","@id":"https:\/\/www.meydan.tv\/az\/#\/schema\/person\/10d11eccf6da3662cf5fdab9806ea91a"},"headline":"34 ya\u015fl\u0131 Sanna Marin Finlandiyan\u0131n Ba\u015f naziri olub","datePublished":"2019-12-09T12:47:23+00:00","mainEntityOfPage":{"@id":"https:\/\/www.meydan.tv\/az\/article\/34-yasli-sanna-marin-finlandiyanin-bas-naziri-olub\/"},"wordCount":411,"publisher":{"@id":"https:\/\/www.meydan.tv\/az\/#organization"},"image":{"@id":"https:\/\/www.meydan.tv\/az\/article\/34-yasli-sanna-marin-finlandiyanin-bas-naziri-olub\/#primaryimage"},"thumbnailUrl":"https:\/\/www.meydan.tv\/wp-content\/uploads\/79360887_3062042807143891_4247361947210612736_n.jpg","articleSection":["D\u00fcnya"],"inLanguage":"az"},{"@type":"WebPage","@id":"https:\/\/www.meydan.tv\/az\/article\/34-yasli-sanna-marin-finlandiyanin-bas-naziri-olub\/","url":"https:\/\/www.meydan.tv\/az\/article\/34-yasli-sanna-marin-finlandiyanin-bas-naziri-olub\/","name":"34 ya\u015fl\u0131 Sanna Marin Finlandiyan\u0131n Ba\u015f naziri olub - MEYDAN.TV","isPartOf":{"@id":"https:\/\/www.meydan.tv\/az\/#website"},"primaryImageOfPage":{"@id":"https:\/\/www.meydan.tv\/az\/article\/34-yasli-sanna-marin-finlandiyanin-bas-naziri-olub\/#primaryimage"},"image":{"@id":"https:\/\/www.meydan.tv\/az\/article\/34-yasli-sanna-marin-finlandiyanin-bas-naziri-olub\/#primaryimage"},"thumbnailUrl":"https:\/\/www.meydan.tv\/wp-content\/uploads\/79360887_3062042807143891_4247361947210612736_n.jpg","datePublished":"2019-12-09T12:47:23+00:00","breadcrumb":{"@id":"https:\/\/www.meydan.tv\/az\/article\/34-yasli-sanna-marin-finlandiyanin-bas-naziri-olub\/#breadcrumb"},"inLanguage":"az","potentialAction":[{"@type":"ReadAction","target":["https:\/\/www.meydan.tv\/az\/article\/34-yasli-sanna-marin-finlandiyanin-bas-naziri-olub\/"]}]},{"@type":"ImageObject","inLanguage":"az","@id":"https:\/\/www.meydan.tv\/az\/article\/34-yasli-sanna-marin-finlandiyanin-bas-naziri-olub\/#primaryimage","url":"https:\/\/www.meydan.tv\/wp-content\/uploads\/79360887_3062042807143891_4247361947210612736_n.jpg","contentUrl":"https:\/\/www.meydan.tv\/wp-content\/uploads\/79360887_3062042807143891_4247361947210612736_n.jpg","width":692,"height":560,"caption":"Source: Foto: arxiv"},{"@type":"BreadcrumbList","@id":"https:\/\/www.meydan.tv\/az\/article\/34-yasli-sanna-marin-finlandiyanin-bas-naziri-olub\/#breadcrumb","itemListElement":[{"@type":"ListItem","position":1,"name":"Ana s\u0259hif\u0259","item":"https:\/\/www.meydan.tv\/az\/"},{"@type":"ListItem","position":2,"name":"D\u00fcnya","item":"https:\/\/www.meydan.tv\/az\/section\/dunya\/"},{"@type":"ListItem","position":3,"name":"34 ya\u015fl\u0131 Sanna Marin Finlandiyan\u0131n Ba\u015f naziri olub"}]},{"@type":"WebSite","@id":"https:\/\/www.meydan.tv\/az\/#website","url":"https:\/\/www.meydan.tv\/az\/","name":"MEYDAN.TV","description":"Meydan TV Az\u0259rbaycan\u0131n media m\u0259kan\u0131ndak\u0131 alternativ s\u0259sidir","publisher":{"@id":"https:\/\/www.meydan.tv\/az\/#organization"},"potentialAction":[{"@type":"SearchAction","target":{"@type":"EntryPoint","urlTemplate":"https:\/\/www.meydan.tv\/az\/?s={search_term_string}"},"query-input":{"@type":"PropertyValueSpecification","valueRequired":true,"valueName":"search_term_string"}}],"inLanguage":"az"},{"@type":"Organization","@id":"https:\/\/www.meydan.tv\/az\/#organization","name":"Meydan TV","url":"https:\/\/www.meydan.tv\/az\/","logo":{"@type":"ImageObject","inLanguage":"az","@id":"https:\/\/www.meydan.tv\/az\/#\/schema\/logo\/image\/","url":"https:\/\/www.meydan.tv\/wp-content\/uploads\/2021\/07\/meydan-logo.svg","contentUrl":"https:\/\/www.meydan.tv\/wp-content\/uploads\/2021\/07\/meydan-logo.svg","width":195,"height":46,"caption":"Meydan TV"},"image":{"@id":"https:\/\/www.meydan.tv\/az\/#\/schema\/logo\/image\/"}},{"@type":"Person","@id":"https:\/\/www.meydan.tv\/az\/#\/schema\/person\/10d11eccf6da3662cf5fdab9806ea91a","name":"user-manager"}]}},"_links":{"self":[{"href":"https:\/\/www.meydan.tv\/az\/wp-json\/wp\/v2\/posts\/198279","targetHints":{"allow":["GET"]}}],"collection":[{"href":"https:\/\/www.meydan.tv\/az\/wp-json\/wp\/v2\/posts"}],"about":[{"href":"https:\/\/www.meydan.tv\/az\/wp-json\/wp\/v2\/types\/post"}],"author":[{"embeddable":true,"href":"https:\/\/www.meydan.tv\/az\/wp-json\/wp\/v2\/users\/11"}],"replies":[{"embeddable":true,"href":"https:\/\/www.meydan.tv\/az\/wp-json\/wp\/v2\/comments?post=198279"}],"version-history":[{"count":0,"href":"https:\/\/www.meydan.tv\/az\/wp-json\/wp\/v2\/posts\/198279\/revisions"}],"wp:featuredmedia":[{"embeddable":true,"href":"https:\/\/www.meydan.tv\/az\/wp-json\/wp\/v2\/media\/134099"}],"wp:attachment":[{"href":"https:\/\/www.meydan.tv\/az\/wp-json\/wp\/v2\/media?parent=198279"}],"wp:term":[{"taxonomy":"category","embeddable":true,"href":"https:\/\/www.meydan.tv\/az\/wp-json\/wp\/v2\/categories?post=198279"},{"taxonomy":"post_tag","embeddable":true,"href":"https:\/\/www.meydan.tv\/az\/wp-json\/wp\/v2\/tags?post=198279"}],"curies":[{"name":"wp","href":"https:\/\/api.w.org\/{rel}","templated":true}]}}