{"id":198273,"date":"2019-12-07T20:54:08","date_gmt":"2019-12-07T20:54:08","guid":{"rendered":"https:\/\/www.meydan.tv\/article\/lacinin-icra-bascisini-tenqid-eden-sexsin-intihar-etdiyi-bildirilir\/"},"modified":"2019-12-07T20:54:08","modified_gmt":"2019-12-07T20:54:08","slug":"lacinin-icra-bascisini-tenqid-eden-sexsin-intihar-etdiyi-bildirilir","status":"publish","type":"post","link":"https:\/\/www.meydan.tv\/az\/article\/lacinin-icra-bascisini-tenqid-eden-sexsin-intihar-etdiyi-bildirilir\/","title":{"rendered":"La\u00e7\u0131n\u0131n icra ba\u015f\u00e7\u0131s\u0131n\u0131 t\u0259nqid ed\u0259n \u015f\u0259xsin intihar etdiyi bildirilir"},"content":{"rendered":"<p>\n  <i><br \/>\n    M\u00fcqabil Bax\u0131\u015fov \u00f6l\u00fcm\u00fcnd\u0259n \u00f6nc\u0259 m\u0259ktub yaz\u0131b<br \/>\n  <\/i>\n<\/p>\n<p>\n  La\u00e7\u0131n rayonundan m\u0259cburi k\u00f6\u00e7k\u00fcn olan M\u00fcqabil Bax\u0131\u015fovun intihar etdiyi bildirilir. Sosial \u015f\u0259b\u0259k\u0259l\u0259rd\u0259 yax\u0131nlar\u0131 onun La\u00e7\u0131n Rayon \u0130cra Hakimiyy\u0259tinin ba\u015f\u00e7\u0131s\u0131 Aqil N\u0259z\u0259rlinin v\u0259 T\u0259hsil \u015e\u00f6b\u0259sinin m\u00fcdiri Nicat H\u0259s\u0259novan\u0131n t\u0259hdidl\u0259ri il\u0259 \u00fczl\u0259\u015fdikd\u0259n sonra \u00f6z\u00fcn\u00fc asd\u0131\u011f\u0131n\u0131 yaz\u0131blar.\n<\/p>\n<p>\n  M\u0259rhumun qarda\u015f\u0131 Yusif Bax\u0131\u015fov \u201cKanal 13\u201d-\u0259 bildirib ki, qarda\u015f\u0131 uzun m\u00fcdd\u0259tdir i\u015fl\u0259m\u0259k \u00fc\u00e7\u00fcn m\u00fcst\u0259lif strukturlara m\u00fcraci\u0259t ets\u0259 d\u0259, icra ba\u015f\u00e7\u0131s\u0131n\u0131 v\u0259 t\u0259hsil \u015f\u00f6b\u0259sini sosial \u015f\u0259b\u0259k\u0259l\u0259rd\u0259 t\u0259nqid etdiyi \u00fc\u00e7\u00fcn i\u015f tapa bilm\u0259yib.\n<\/p>\n<p>\n  M\u00fcqabil Bax\u0131\u015fov m\u0259ktub yazaraq t\u0259hdidl\u0259r\u0259 m\u0259ruz qald\u0131\u011f\u0131 \u00fc\u00e7\u00fcn intihar ed\u0259c\u0259yini bildirib. H\u0259m\u00e7inin m\u0259ktubunda onun intihar\u0131na s\u0259b\u0259b olanlar\u0131n c\u0259zaland\u0131r\u0131lmas\u0131n\u0131 ist\u0259yib.\n<\/p>\n<p>\n  M.Bax\u0131\u015fov sonuncu d\u0259f\u0259 dekabr\u0131n 6-da s\u0259h\u0259r saatlar\u0131nda \u00f6z\u00fcn\u00fcn \u201cFacebook\u201d hesab\u0131ndan payla\u015f\u0131m ed\u0259r\u0259k, La\u00e7\u0131n Rayon T\u0259hsil \u015e\u00f6b\u0259sinin m\u00fcdiri Nicat Bayram o\u011flu H\u0259s\u0259novu t\u0259nqid edib.\n<\/p>\n<p>\n  Dekabr\u0131n 5-d\u0259 is\u0259 canl\u0131 yay\u0131m ed\u0259r\u0259k La\u00e7\u0131n Rayon \u0130cra Hakimiyy\u0259ti ba\u015f\u00e7\u0131s\u0131 Aqil N\u0259z\u0259rlid\u0259n dan\u0131\u015f\u0131b. O, Aqil N\u0259z\u0259rlinin ali t\u0259hsil ala bilm\u0259diyini, T\u0259f\u0259kk\u00fcr Universitetind\u0259n saxta diplom ald\u0131\u011f\u0131n\u0131 iddia edib, bunu t\u0259sdiql\u0259y\u0259n faktlar\u0131 sadalad\u0131\u011f\u0131 \u00fc\u00e7\u00fcn t\u0259hdid\u0259 m\u0259ruz qald\u0131\u011f\u0131n\u0131 deyib. M.Bax\u0131\u015fov onu da deyib ki, Aqil N\u0259z\u0259rli sidik saxlaya bilm\u0259m\u0259si s\u0259b\u0259bi il\u0259 h\u0259rbi xidm\u0259td\u0259n yay\u0131n\u0131b.\n<\/p>\n<p>\n  \u00d6z\u00fcn\u00fc M.Bax\u0131\u015fovun \u0259misi o\u011flu kimi t\u0259qdim ed\u0259n Faiq M\u0259miyev is\u0259 sosial \u015f\u0259b\u0259k\u0259l\u0259rd\u0259ki payla\u015f\u0131mlara yazd\u0131\u011f\u0131 \u015f\u0259rhl\u0259rd\u0259 m\u0259rhumun t\u0259hdidl\u0259r\u0259 m\u0259ruz qald\u0131\u011f\u0131n\u0131 deyib:\n<\/p>\n<p>\n  \u201cM\u00fcqavil Bax\u0131\u015fov m\u0259nim \u0259mim o\u011fludur. Cavan bir adam idi, s\u0259hh\u0259tind\u0259 he\u00e7 bir problemi yox idi. Ali savadl\u0131, layiqli pedaqoq, La\u00e7\u0131n Rayon T\u0259hsil \u015e\u00f6b\u0259sind\u0259 xeyli m\u00fcdd\u0259t metodist v\u0259 inspektor v\u0259zif\u0259l\u0259rind\u0259 i\u015fl\u0259mi\u015f bir m\u00fc\u0259llim idi. Son ill\u0259rd\u0259 La\u00e7\u0131n rayonunda onun ba\u015f\u0131na g\u0259lm\u0259y\u0259n \u015eam m\u00fcsib\u0259tl\u0259ri qalmad\u0131, ilyar\u0131m \u0259rzind\u0259 i\u015fl\u0259 ba\u011fl\u0131 etdiyi m\u00fcraci\u0259tl\u0259rin\u0259 bax\u0131lmad\u0131 v\u0259 t\u0259hdidl\u0259r\u0259 m\u0259ruz qalaraq, can\u0131na q\u0259sd edib bu dunyadan k\u00f6\u00e7d\u00fc\u201d.\n<\/p>\n<p>\n  M.Bax\u0131\u015fov bir m\u00fcdd\u0259t \u00f6nc\u0259 Abdullah \u00d6calan\u0131n r\u0259hb\u0259rliyi il\u0259 T\u00fcrkiy\u0259nin daxilind\u0259 yarad\u0131lan v\u0259 terror t\u0259\u015fkilat\u0131 kimi t\u0259qdim olunan PKK-n\u0131n bayra\u011f\u0131 il\u0259 \u015f\u0259kil \u00e7\u0259kdir\u0259r\u0259k sosial \u015f\u0259b\u0259k\u0259l\u0259rd\u0259 payla\u015fm\u0131\u015fd\u0131. Bundan sonra o, t\u0259nqidl\u0259r\u0259 m\u0259ruz qald\u0131.\n<\/p>\n<p>\n  O, 2016-c\u0131 ilin noyabr\u0131nda h\u0259bs edilmi\u015fdi. Daxili \u0130\u015fl\u0259r Nazirliyinin h\u0259min \u0259r\u0259f\u0259d\u0259 yayd\u0131\u011f\u0131 m\u0259lumatda deyilirdi ki, Bax\u0131\u015fov ayr\u0131-ayr\u0131 vaxtlarda La\u00e7\u0131n rayonunun 4 sakininin etibar\u0131ndan sui-istifad\u0259 etm\u0259kl\u0259 v\u0259 aldatma yolu il\u0259 \u0259mlak\u0131n\u0131 \u0259l\u0259 ke\u00e7irib. O, h\u0259min \u015f\u0259xsl\u0259r\u0259 ail\u0259 \u00fczvl\u0259rini i\u015f\u0259 d\u00fcz\u0259ltm\u0259yi v\u0259d etm\u0259kl\u0259 4 min manata yax\u0131n ziyan vurub. Onun bar\u0259sind\u0259 2 ay 19 g\u00fcnl\u00fck h\u0259bs-q\u0259timkan t\u0259dbiri se\u00e7ilib. Bundan \u0259vv\u0259l is\u0259 M.Bax\u0131\u015fov 2012-ci ilin oktyabr\u0131nda xuliqanl\u0131q madd\u0259si il\u0259 t\u0259qsirli bilin\u0259r\u0259k 3 il m\u00fcdd\u0259tin\u0259 azadl\u0131qdan m\u0259hrum edilib. Lakin bar\u0259sind\u0259 1 il 6 m\u00fcdd\u0259tin\u0259 \u015f\u0259rti s\u0131naq m\u00fcdd\u0259ti olmaqla c\u0259zas\u0131 d\u0259yi\u015fdirilib.\n<\/p>\n<p>\n  H\u0259ft\u0259sonu oldu\u011fundan La\u00e7\u0131n Rayon \u0130cra Hakimiyy\u0259tind\u0259n m\u00fcnasib\u0259t \u00f6yr\u0259nm\u0259k m\u00fcmk\u00fcn olmay\u0131b. D\u0130N v\u0259 Respublika Prokurorlu\u011fundan da h\u0259r hans\u0131 a\u00e7\u0131qlama yay\u0131lmay\u0131b.\n<\/p>\n<p>\n  S\u0259hiyy\u0259 Nazirliyinin m\u0259tbuat xidm\u0259tind\u0259n \u201c<br \/>\n  <a href=\"https:\/\/virtualaz.org\/aktual\/152671\"><br \/>\n    virtualaz.org<br \/>\n  <\/a><br \/>\n  \u201da bildiribl\u0259r ki, intihar hadis\u0259si il\u0259 ba\u011fl\u0131 T\u0259cili Tibbi Yard\u0131ma m\u00fcraci\u0259t daxil olmay\u0131b.<\/p>\n","protected":false},"excerpt":{"rendered":"<p>M.Bax\u0131\u015fov bir m\u00fcdd\u0259t \u00f6nc\u0259 Abdullah \u00d6calan\u0131n r\u0259hb\u0259rliyi il\u0259 T\u00fcrkiy\u0259nin daxilind\u0259 yarad\u0131lan v\u0259 terror t\u0259\u015fkilat\u0131 kimi t\u0259qdim olunan PKK-n\u0131n bayra\u011f\u0131 il\u0259 \u015f\u0259kil \u00e7\u0259kdir\u0259r\u0259k sosial \u015f\u0259b\u0259k\u0259l\u0259rd\u0259 payla\u015fm\u0131\u015fd\u0131.<\/p>\n","protected":false},"author":11,"featured_media":134069,"comment_status":"closed","ping_status":"open","sticky":false,"template":"","format":"standard","meta":{"_acf_changed":false,"_sitemap_exclude":false,"_sitemap_priority":"","_sitemap_frequency":"","footnotes":""},"categories":[59],"tags":[],"class_list":["post-198273","post","type-post","status-publish","format-standard","has-post-thumbnail","hentry","category-siyaset","infinite-scroll-item","generate-columns","tablet-grid-50","mobile-grid-100","grid-parent","grid-33","no-featured-image-padding"],"acf":[],"yoast_head":"<!-- This site is optimized with the Yoast SEO plugin v27.5 - https:\/\/yoast.com\/product\/yoast-seo-wordpress\/ -->\n<title>La\u00e7\u0131n\u0131n icra ba\u015f\u00e7\u0131s\u0131n\u0131 t\u0259nqid ed\u0259n \u015f\u0259xsin intihar etdiyi bildirilir - MEYDAN.TV<\/title>\n<meta name=\"robots\" content=\"index, follow, max-snippet:-1, max-image-preview:large, max-video-preview:-1\" \/>\n<link rel=\"canonical\" href=\"https:\/\/www.meydan.tv\/az\/article\/lacinin-icra-bascisini-tenqid-eden-sexsin-intihar-etdiyi-bildirilir\/\" \/>\n<meta property=\"og:locale\" content=\"az_AZ\" \/>\n<meta property=\"og:type\" content=\"article\" \/>\n<meta property=\"og:title\" content=\"La\u00e7\u0131n\u0131n icra ba\u015f\u00e7\u0131s\u0131n\u0131 t\u0259nqid ed\u0259n \u015f\u0259xsin intihar etdiyi bildirilir - MEYDAN.TV\" \/>\n<meta property=\"og:description\" content=\"M.Bax\u0131\u015fov bir m\u00fcdd\u0259t \u00f6nc\u0259 Abdullah \u00d6calan\u0131n r\u0259hb\u0259rliyi il\u0259 T\u00fcrkiy\u0259nin daxilind\u0259 yarad\u0131lan v\u0259 terror t\u0259\u015fkilat\u0131 kimi t\u0259qdim olunan PKK-n\u0131n bayra\u011f\u0131 il\u0259 \u015f\u0259kil \u00e7\u0259kdir\u0259r\u0259k sosial \u015f\u0259b\u0259k\u0259l\u0259rd\u0259 payla\u015fm\u0131\u015fd\u0131.\" \/>\n<meta property=\"og:url\" content=\"https:\/\/www.meydan.tv\/az\/article\/lacinin-icra-bascisini-tenqid-eden-sexsin-intihar-etdiyi-bildirilir\/\" \/>\n<meta property=\"og:site_name\" content=\"MEYDAN.TV\" \/>\n<meta property=\"article:published_time\" content=\"2019-12-07T20:54:08+00:00\" \/>\n<meta property=\"og:image\" content=\"https:\/\/www.meydan.tv\/wp-content\/uploads\/image_from_ios_23p86f5.jpg\" \/>\n\t<meta property=\"og:image:width\" content=\"682\" \/>\n\t<meta property=\"og:image:height\" content=\"683\" \/>\n\t<meta property=\"og:image:type\" content=\"image\/jpeg\" \/>\n<meta name=\"author\" content=\"user-manager\" \/>\n<meta name=\"twitter:card\" content=\"summary_large_image\" \/>\n<script type=\"application\/ld+json\" class=\"yoast-schema-graph\">{\"@context\":\"https:\\\/\\\/schema.org\",\"@graph\":[{\"@type\":\"Article\",\"@id\":\"https:\\\/\\\/www.meydan.tv\\\/az\\\/article\\\/lacinin-icra-bascisini-tenqid-eden-sexsin-intihar-etdiyi-bildirilir\\\/#article\",\"isPartOf\":{\"@id\":\"https:\\\/\\\/www.meydan.tv\\\/az\\\/article\\\/lacinin-icra-bascisini-tenqid-eden-sexsin-intihar-etdiyi-bildirilir\\\/\"},\"author\":{\"name\":\"user-manager\",\"@id\":\"https:\\\/\\\/www.meydan.tv\\\/az\\\/#\\\/schema\\\/person\\\/10d11eccf6da3662cf5fdab9806ea91a\"},\"headline\":\"La\u00e7\u0131n\u0131n icra ba\u015f\u00e7\u0131s\u0131n\u0131 t\u0259nqid ed\u0259n \u015f\u0259xsin intihar etdiyi bildirilir\",\"datePublished\":\"2019-12-07T20:54:08+00:00\",\"mainEntityOfPage\":{\"@id\":\"https:\\\/\\\/www.meydan.tv\\\/az\\\/article\\\/lacinin-icra-bascisini-tenqid-eden-sexsin-intihar-etdiyi-bildirilir\\\/\"},\"wordCount\":707,\"publisher\":{\"@id\":\"https:\\\/\\\/www.meydan.tv\\\/az\\\/#organization\"},\"image\":{\"@id\":\"https:\\\/\\\/www.meydan.tv\\\/az\\\/article\\\/lacinin-icra-bascisini-tenqid-eden-sexsin-intihar-etdiyi-bildirilir\\\/#primaryimage\"},\"thumbnailUrl\":\"https:\\\/\\\/www.meydan.tv\\\/wp-content\\\/uploads\\\/image_from_ios_23p86f5.jpg\",\"articleSection\":[\"Siyas\u0259t\"],\"inLanguage\":\"az\"},{\"@type\":\"WebPage\",\"@id\":\"https:\\\/\\\/www.meydan.tv\\\/az\\\/article\\\/lacinin-icra-bascisini-tenqid-eden-sexsin-intihar-etdiyi-bildirilir\\\/\",\"url\":\"https:\\\/\\\/www.meydan.tv\\\/az\\\/article\\\/lacinin-icra-bascisini-tenqid-eden-sexsin-intihar-etdiyi-bildirilir\\\/\",\"name\":\"La\u00e7\u0131n\u0131n icra ba\u015f\u00e7\u0131s\u0131n\u0131 t\u0259nqid ed\u0259n \u015f\u0259xsin intihar etdiyi bildirilir - MEYDAN.TV\",\"isPartOf\":{\"@id\":\"https:\\\/\\\/www.meydan.tv\\\/az\\\/#website\"},\"primaryImageOfPage\":{\"@id\":\"https:\\\/\\\/www.meydan.tv\\\/az\\\/article\\\/lacinin-icra-bascisini-tenqid-eden-sexsin-intihar-etdiyi-bildirilir\\\/#primaryimage\"},\"image\":{\"@id\":\"https:\\\/\\\/www.meydan.tv\\\/az\\\/article\\\/lacinin-icra-bascisini-tenqid-eden-sexsin-intihar-etdiyi-bildirilir\\\/#primaryimage\"},\"thumbnailUrl\":\"https:\\\/\\\/www.meydan.tv\\\/wp-content\\\/uploads\\\/image_from_ios_23p86f5.jpg\",\"datePublished\":\"2019-12-07T20:54:08+00:00\",\"breadcrumb\":{\"@id\":\"https:\\\/\\\/www.meydan.tv\\\/az\\\/article\\\/lacinin-icra-bascisini-tenqid-eden-sexsin-intihar-etdiyi-bildirilir\\\/#breadcrumb\"},\"inLanguage\":\"az\",\"potentialAction\":[{\"@type\":\"ReadAction\",\"target\":[\"https:\\\/\\\/www.meydan.tv\\\/az\\\/article\\\/lacinin-icra-bascisini-tenqid-eden-sexsin-intihar-etdiyi-bildirilir\\\/\"]}]},{\"@type\":\"ImageObject\",\"inLanguage\":\"az\",\"@id\":\"https:\\\/\\\/www.meydan.tv\\\/az\\\/article\\\/lacinin-icra-bascisini-tenqid-eden-sexsin-intihar-etdiyi-bildirilir\\\/#primaryimage\",\"url\":\"https:\\\/\\\/www.meydan.tv\\\/wp-content\\\/uploads\\\/image_from_ios_23p86f5.jpg\",\"contentUrl\":\"https:\\\/\\\/www.meydan.tv\\\/wp-content\\\/uploads\\\/image_from_ios_23p86f5.jpg\",\"width\":682,\"height\":683,\"caption\":\"Source: Specify Source\"},{\"@type\":\"BreadcrumbList\",\"@id\":\"https:\\\/\\\/www.meydan.tv\\\/az\\\/article\\\/lacinin-icra-bascisini-tenqid-eden-sexsin-intihar-etdiyi-bildirilir\\\/#breadcrumb\",\"itemListElement\":[{\"@type\":\"ListItem\",\"position\":1,\"name\":\"Ana s\u0259hif\u0259\",\"item\":\"https:\\\/\\\/www.meydan.tv\\\/az\\\/\"},{\"@type\":\"ListItem\",\"position\":2,\"name\":\"Siyas\u0259t\",\"item\":\"https:\\\/\\\/www.meydan.tv\\\/az\\\/section\\\/siyaset\\\/\"},{\"@type\":\"ListItem\",\"position\":3,\"name\":\"La\u00e7\u0131n\u0131n icra ba\u015f\u00e7\u0131s\u0131n\u0131 t\u0259nqid ed\u0259n \u015f\u0259xsin intihar etdiyi bildirilir\"}]},{\"@type\":\"WebSite\",\"@id\":\"https:\\\/\\\/www.meydan.tv\\\/az\\\/#website\",\"url\":\"https:\\\/\\\/www.meydan.tv\\\/az\\\/\",\"name\":\"MEYDAN.TV\",\"description\":\"Meydan TV Az\u0259rbaycan\u0131n media m\u0259kan\u0131ndak\u0131 alternativ s\u0259sidir\",\"publisher\":{\"@id\":\"https:\\\/\\\/www.meydan.tv\\\/az\\\/#organization\"},\"potentialAction\":[{\"@type\":\"SearchAction\",\"target\":{\"@type\":\"EntryPoint\",\"urlTemplate\":\"https:\\\/\\\/www.meydan.tv\\\/az\\\/?s={search_term_string}\"},\"query-input\":{\"@type\":\"PropertyValueSpecification\",\"valueRequired\":true,\"valueName\":\"search_term_string\"}}],\"inLanguage\":\"az\"},{\"@type\":\"Organization\",\"@id\":\"https:\\\/\\\/www.meydan.tv\\\/az\\\/#organization\",\"name\":\"Meydan TV\",\"url\":\"https:\\\/\\\/www.meydan.tv\\\/az\\\/\",\"logo\":{\"@type\":\"ImageObject\",\"inLanguage\":\"az\",\"@id\":\"https:\\\/\\\/www.meydan.tv\\\/az\\\/#\\\/schema\\\/logo\\\/image\\\/\",\"url\":\"https:\\\/\\\/www.meydan.tv\\\/wp-content\\\/uploads\\\/2021\\\/07\\\/meydan-logo.svg\",\"contentUrl\":\"https:\\\/\\\/www.meydan.tv\\\/wp-content\\\/uploads\\\/2021\\\/07\\\/meydan-logo.svg\",\"width\":195,\"height\":46,\"caption\":\"Meydan TV\"},\"image\":{\"@id\":\"https:\\\/\\\/www.meydan.tv\\\/az\\\/#\\\/schema\\\/logo\\\/image\\\/\"}},{\"@type\":\"Person\",\"@id\":\"https:\\\/\\\/www.meydan.tv\\\/az\\\/#\\\/schema\\\/person\\\/10d11eccf6da3662cf5fdab9806ea91a\",\"name\":\"user-manager\"}]}<\/script>\n<!-- \/ Yoast SEO plugin. -->","yoast_head_json":{"title":"La\u00e7\u0131n\u0131n icra ba\u015f\u00e7\u0131s\u0131n\u0131 t\u0259nqid ed\u0259n \u015f\u0259xsin intihar etdiyi bildirilir - MEYDAN.TV","robots":{"index":"index","follow":"follow","max-snippet":"max-snippet:-1","max-image-preview":"max-image-preview:large","max-video-preview":"max-video-preview:-1"},"canonical":"https:\/\/www.meydan.tv\/az\/article\/lacinin-icra-bascisini-tenqid-eden-sexsin-intihar-etdiyi-bildirilir\/","og_locale":"az_AZ","og_type":"article","og_title":"La\u00e7\u0131n\u0131n icra ba\u015f\u00e7\u0131s\u0131n\u0131 t\u0259nqid ed\u0259n \u015f\u0259xsin intihar etdiyi bildirilir - MEYDAN.TV","og_description":"M.Bax\u0131\u015fov bir m\u00fcdd\u0259t \u00f6nc\u0259 Abdullah \u00d6calan\u0131n r\u0259hb\u0259rliyi il\u0259 T\u00fcrkiy\u0259nin daxilind\u0259 yarad\u0131lan v\u0259 terror t\u0259\u015fkilat\u0131 kimi t\u0259qdim olunan PKK-n\u0131n bayra\u011f\u0131 il\u0259 \u015f\u0259kil \u00e7\u0259kdir\u0259r\u0259k sosial \u015f\u0259b\u0259k\u0259l\u0259rd\u0259 payla\u015fm\u0131\u015fd\u0131.","og_url":"https:\/\/www.meydan.tv\/az\/article\/lacinin-icra-bascisini-tenqid-eden-sexsin-intihar-etdiyi-bildirilir\/","og_site_name":"MEYDAN.TV","article_published_time":"2019-12-07T20:54:08+00:00","og_image":[{"width":682,"height":683,"url":"https:\/\/www.meydan.tv\/wp-content\/uploads\/image_from_ios_23p86f5.jpg","type":"image\/jpeg"}],"author":"user-manager","twitter_card":"summary_large_image","schema":{"@context":"https:\/\/schema.org","@graph":[{"@type":"Article","@id":"https:\/\/www.meydan.tv\/az\/article\/lacinin-icra-bascisini-tenqid-eden-sexsin-intihar-etdiyi-bildirilir\/#article","isPartOf":{"@id":"https:\/\/www.meydan.tv\/az\/article\/lacinin-icra-bascisini-tenqid-eden-sexsin-intihar-etdiyi-bildirilir\/"},"author":{"name":"user-manager","@id":"https:\/\/www.meydan.tv\/az\/#\/schema\/person\/10d11eccf6da3662cf5fdab9806ea91a"},"headline":"La\u00e7\u0131n\u0131n icra ba\u015f\u00e7\u0131s\u0131n\u0131 t\u0259nqid ed\u0259n \u015f\u0259xsin intihar etdiyi bildirilir","datePublished":"2019-12-07T20:54:08+00:00","mainEntityOfPage":{"@id":"https:\/\/www.meydan.tv\/az\/article\/lacinin-icra-bascisini-tenqid-eden-sexsin-intihar-etdiyi-bildirilir\/"},"wordCount":707,"publisher":{"@id":"https:\/\/www.meydan.tv\/az\/#organization"},"image":{"@id":"https:\/\/www.meydan.tv\/az\/article\/lacinin-icra-bascisini-tenqid-eden-sexsin-intihar-etdiyi-bildirilir\/#primaryimage"},"thumbnailUrl":"https:\/\/www.meydan.tv\/wp-content\/uploads\/image_from_ios_23p86f5.jpg","articleSection":["Siyas\u0259t"],"inLanguage":"az"},{"@type":"WebPage","@id":"https:\/\/www.meydan.tv\/az\/article\/lacinin-icra-bascisini-tenqid-eden-sexsin-intihar-etdiyi-bildirilir\/","url":"https:\/\/www.meydan.tv\/az\/article\/lacinin-icra-bascisini-tenqid-eden-sexsin-intihar-etdiyi-bildirilir\/","name":"La\u00e7\u0131n\u0131n icra ba\u015f\u00e7\u0131s\u0131n\u0131 t\u0259nqid ed\u0259n \u015f\u0259xsin intihar etdiyi bildirilir - MEYDAN.TV","isPartOf":{"@id":"https:\/\/www.meydan.tv\/az\/#website"},"primaryImageOfPage":{"@id":"https:\/\/www.meydan.tv\/az\/article\/lacinin-icra-bascisini-tenqid-eden-sexsin-intihar-etdiyi-bildirilir\/#primaryimage"},"image":{"@id":"https:\/\/www.meydan.tv\/az\/article\/lacinin-icra-bascisini-tenqid-eden-sexsin-intihar-etdiyi-bildirilir\/#primaryimage"},"thumbnailUrl":"https:\/\/www.meydan.tv\/wp-content\/uploads\/image_from_ios_23p86f5.jpg","datePublished":"2019-12-07T20:54:08+00:00","breadcrumb":{"@id":"https:\/\/www.meydan.tv\/az\/article\/lacinin-icra-bascisini-tenqid-eden-sexsin-intihar-etdiyi-bildirilir\/#breadcrumb"},"inLanguage":"az","potentialAction":[{"@type":"ReadAction","target":["https:\/\/www.meydan.tv\/az\/article\/lacinin-icra-bascisini-tenqid-eden-sexsin-intihar-etdiyi-bildirilir\/"]}]},{"@type":"ImageObject","inLanguage":"az","@id":"https:\/\/www.meydan.tv\/az\/article\/lacinin-icra-bascisini-tenqid-eden-sexsin-intihar-etdiyi-bildirilir\/#primaryimage","url":"https:\/\/www.meydan.tv\/wp-content\/uploads\/image_from_ios_23p86f5.jpg","contentUrl":"https:\/\/www.meydan.tv\/wp-content\/uploads\/image_from_ios_23p86f5.jpg","width":682,"height":683,"caption":"Source: Specify Source"},{"@type":"BreadcrumbList","@id":"https:\/\/www.meydan.tv\/az\/article\/lacinin-icra-bascisini-tenqid-eden-sexsin-intihar-etdiyi-bildirilir\/#breadcrumb","itemListElement":[{"@type":"ListItem","position":1,"name":"Ana s\u0259hif\u0259","item":"https:\/\/www.meydan.tv\/az\/"},{"@type":"ListItem","position":2,"name":"Siyas\u0259t","item":"https:\/\/www.meydan.tv\/az\/section\/siyaset\/"},{"@type":"ListItem","position":3,"name":"La\u00e7\u0131n\u0131n icra ba\u015f\u00e7\u0131s\u0131n\u0131 t\u0259nqid ed\u0259n \u015f\u0259xsin intihar etdiyi bildirilir"}]},{"@type":"WebSite","@id":"https:\/\/www.meydan.tv\/az\/#website","url":"https:\/\/www.meydan.tv\/az\/","name":"MEYDAN.TV","description":"Meydan TV Az\u0259rbaycan\u0131n media m\u0259kan\u0131ndak\u0131 alternativ s\u0259sidir","publisher":{"@id":"https:\/\/www.meydan.tv\/az\/#organization"},"potentialAction":[{"@type":"SearchAction","target":{"@type":"EntryPoint","urlTemplate":"https:\/\/www.meydan.tv\/az\/?s={search_term_string}"},"query-input":{"@type":"PropertyValueSpecification","valueRequired":true,"valueName":"search_term_string"}}],"inLanguage":"az"},{"@type":"Organization","@id":"https:\/\/www.meydan.tv\/az\/#organization","name":"Meydan TV","url":"https:\/\/www.meydan.tv\/az\/","logo":{"@type":"ImageObject","inLanguage":"az","@id":"https:\/\/www.meydan.tv\/az\/#\/schema\/logo\/image\/","url":"https:\/\/www.meydan.tv\/wp-content\/uploads\/2021\/07\/meydan-logo.svg","contentUrl":"https:\/\/www.meydan.tv\/wp-content\/uploads\/2021\/07\/meydan-logo.svg","width":195,"height":46,"caption":"Meydan TV"},"image":{"@id":"https:\/\/www.meydan.tv\/az\/#\/schema\/logo\/image\/"}},{"@type":"Person","@id":"https:\/\/www.meydan.tv\/az\/#\/schema\/person\/10d11eccf6da3662cf5fdab9806ea91a","name":"user-manager"}]}},"_links":{"self":[{"href":"https:\/\/www.meydan.tv\/az\/wp-json\/wp\/v2\/posts\/198273","targetHints":{"allow":["GET"]}}],"collection":[{"href":"https:\/\/www.meydan.tv\/az\/wp-json\/wp\/v2\/posts"}],"about":[{"href":"https:\/\/www.meydan.tv\/az\/wp-json\/wp\/v2\/types\/post"}],"author":[{"embeddable":true,"href":"https:\/\/www.meydan.tv\/az\/wp-json\/wp\/v2\/users\/11"}],"replies":[{"embeddable":true,"href":"https:\/\/www.meydan.tv\/az\/wp-json\/wp\/v2\/comments?post=198273"}],"version-history":[{"count":0,"href":"https:\/\/www.meydan.tv\/az\/wp-json\/wp\/v2\/posts\/198273\/revisions"}],"wp:featuredmedia":[{"embeddable":true,"href":"https:\/\/www.meydan.tv\/az\/wp-json\/wp\/v2\/media\/134069"}],"wp:attachment":[{"href":"https:\/\/www.meydan.tv\/az\/wp-json\/wp\/v2\/media?parent=198273"}],"wp:term":[{"taxonomy":"category","embeddable":true,"href":"https:\/\/www.meydan.tv\/az\/wp-json\/wp\/v2\/categories?post=198273"},{"taxonomy":"post_tag","embeddable":true,"href":"https:\/\/www.meydan.tv\/az\/wp-json\/wp\/v2\/tags?post=198273"}],"curies":[{"name":"wp","href":"https:\/\/api.w.org\/{rel}","templated":true}]}}