{"id":198271,"date":"2019-12-07T17:52:40","date_gmt":"2019-12-07T17:52:40","guid":{"rendered":"https:\/\/www.meydan.tv\/article\/sosial-demokratlar-merkel-hokumetini-qorumaq-ucun-yeni-teklifi-destekleyir\/"},"modified":"2019-12-07T17:52:40","modified_gmt":"2019-12-07T17:52:40","slug":"sosial-demokratlar-merkel-hokumetini-qorumaq-ucun-yeni-teklifi-destekleyir","status":"publish","type":"post","link":"https:\/\/www.meydan.tv\/az\/article\/sosial-demokratlar-merkel-hokumetini-qorumaq-ucun-yeni-teklifi-destekleyir\/","title":{"rendered":"Sosial demokratlar Merkel h\u00f6kum\u0259tini qorumaq \u00fc\u00e7\u00fcn yeni t\u0259klifi d\u0259st\u0259kl\u0259yir"},"content":{"rendered":"<p>\n  <i><br \/>\n    T\u0259klifd\u0259 minimum \u0259m\u0259k haqq\u0131n\u0131n saat ba\u015f\u0131na 9,19 avrodan 12 avroya qald\u0131r\u0131lmas\u0131 t\u0259l\u0259b edilir<br \/>\n  <\/i>\n<\/p>\n<p>\n  Almaniyan\u0131n Sosial Demokratlar Partiyas\u0131n\u0131n (SPD) idar\u0259 hey\u0259tikansler Angela Merkel h\u00f6kum\u0259ti il\u0259 dan\u0131\u015f\u0131qlar \u00fc\u00e7\u00fcn yekdillikl\u0259 raz\u0131l\u0131\u011fa g\u0259lib.\n<\/p>\n<p>\n  Ke\u00e7\u0259n h\u0259ft\u0259 Merkelin m\u00fchafiz\u0259karlarla koalisiyas\u0131n\u0131n iki sol\u00e7u t\u0259nqid\u00e7isi olan Norbert Walter-Borjans v\u0259 Saskia Eskenin SPD r\u0259hb\u0259rliyini qazanmas\u0131ndan sonra bu hal Avropan\u0131n \u0259n b\u00f6y\u00fck iqtisadi g\u00fcc\u00fcnd\u0259 g\u00f6zl\u0259nil\u0259n siyasi b\u00f6hran riskini azald\u0131r.\n<\/p>\n<p>\n  C\u00fcm\u0259 g\u00fcn\u00fc ke\u00e7iril\u0259n SPD konqresi \u00fc\u00e7\u00fcn haz\u0131rlanm\u0131\u015f t\u0259klifd\u0259 yeni SPD liderl\u0259ri Merkelin CDU\/CSU m\u00fchafiz\u0259kar bloku il\u0259 daha \u00e7ox d\u00f6vl\u0259t s\u0259rmay\u0259si, daha y\u00fcks\u0259k \u0259m\u0259k haqq\u0131 v\u0259 iqlimi qorumaqla ba\u011fl\u0131 iddial\u0131 add\u0131mlar haqq\u0131nda dan\u0131\u015f\u0131qlara girm\u0259yi t\u0259klif edir, partiyan\u0131n iki \u00fczv\u00fc anonim \u015f\u0259kild\u0259 \u201cReuters\u201d-\u0259 bildirib.\n<\/p>\n<p>\n  \u201cReuters\u201d t\u0259r\u0259find\u0259n g\u00f6r\u00fcl\u0259n \u0259sas t\u0259klif layih\u0259sind\u0259 qeyd edilir ki, SPD r\u0259hb\u0259rl\u0259ri h\u00f6kum\u0259tin doqmatik b\u00fcdc\u0259 siyas\u0259ti t\u0259r\u0259find\u0259n qar\u015f\u0131s\u0131 al\u0131nmayacaq \u015f\u0259kild\u0259 b\u00f6y\u00fck ictimai s\u0259rmay\u0259y\u0259 t\u0259kan verilm\u0259sin\u0259 \u00e7a\u011f\u0131r\u0131\u015f edib.\n<\/p>\n<p>\n  T\u0259klifd\u0259 minimum \u0259m\u0259k haqq\u0131n\u0131n saat ba\u015f\u0131na 9,19 avrodan 12 avroya qald\u0131r\u0131lmas\u0131 t\u0259l\u0259b edilir.<\/p>\n","protected":false},"excerpt":{"rendered":"<p>T\u0259klifd\u0259 minimum \u0259m\u0259k haqq\u0131n\u0131n saat ba\u015f\u0131na 9,19 avrodan 12 avroya qald\u0131r\u0131lmas\u0131 t\u0259l\u0259b edilir<\/p>\n","protected":false},"author":11,"featured_media":108401,"comment_status":"closed","ping_status":"open","sticky":false,"template":"","format":"standard","meta":{"_acf_changed":false,"_sitemap_exclude":false,"_sitemap_priority":"","_sitemap_frequency":"","footnotes":""},"categories":[64],"tags":[],"class_list":["post-198271","post","type-post","status-publish","format-standard","has-post-thumbnail","hentry","category-dunya","infinite-scroll-item","generate-columns","tablet-grid-50","mobile-grid-100","grid-parent","grid-33","no-featured-image-padding"],"acf":[],"yoast_head":"<!-- This site is optimized with the Yoast SEO plugin v27.5 - https:\/\/yoast.com\/product\/yoast-seo-wordpress\/ -->\n<title>Sosial demokratlar Merkel h\u00f6kum\u0259tini qorumaq \u00fc\u00e7\u00fcn yeni t\u0259klifi d\u0259st\u0259kl\u0259yir - MEYDAN.TV<\/title>\n<meta name=\"robots\" content=\"index, follow, max-snippet:-1, max-image-preview:large, max-video-preview:-1\" \/>\n<link rel=\"canonical\" href=\"https:\/\/www.meydan.tv\/az\/article\/sosial-demokratlar-merkel-hokumetini-qorumaq-ucun-yeni-teklifi-destekleyir\/\" \/>\n<meta property=\"og:locale\" content=\"az_AZ\" \/>\n<meta property=\"og:type\" content=\"article\" \/>\n<meta property=\"og:title\" content=\"Sosial demokratlar Merkel h\u00f6kum\u0259tini qorumaq \u00fc\u00e7\u00fcn yeni t\u0259klifi d\u0259st\u0259kl\u0259yir - MEYDAN.TV\" \/>\n<meta property=\"og:description\" content=\"T\u0259klifd\u0259 minimum \u0259m\u0259k haqq\u0131n\u0131n saat ba\u015f\u0131na 9,19 avrodan 12 avroya qald\u0131r\u0131lmas\u0131 t\u0259l\u0259b edilir\" \/>\n<meta property=\"og:url\" content=\"https:\/\/www.meydan.tv\/az\/article\/sosial-demokratlar-merkel-hokumetini-qorumaq-ucun-yeni-teklifi-destekleyir\/\" \/>\n<meta property=\"og:site_name\" content=\"MEYDAN.TV\" \/>\n<meta property=\"article:published_time\" content=\"2019-12-07T17:52:40+00:00\" \/>\n<meta property=\"og:image\" content=\"https:\/\/www.meydan.tv\/wp-content\/uploads\/43095.jpg\" \/>\n\t<meta property=\"og:image:width\" content=\"665\" \/>\n\t<meta property=\"og:image:height\" content=\"440\" \/>\n\t<meta property=\"og:image:type\" content=\"image\/jpeg\" \/>\n<meta name=\"author\" content=\"user-manager\" \/>\n<meta name=\"twitter:card\" content=\"summary_large_image\" \/>\n<script type=\"application\/ld+json\" class=\"yoast-schema-graph\">{\"@context\":\"https:\\\/\\\/schema.org\",\"@graph\":[{\"@type\":\"Article\",\"@id\":\"https:\\\/\\\/www.meydan.tv\\\/az\\\/article\\\/sosial-demokratlar-merkel-hokumetini-qorumaq-ucun-yeni-teklifi-destekleyir\\\/#article\",\"isPartOf\":{\"@id\":\"https:\\\/\\\/www.meydan.tv\\\/az\\\/article\\\/sosial-demokratlar-merkel-hokumetini-qorumaq-ucun-yeni-teklifi-destekleyir\\\/\"},\"author\":{\"name\":\"user-manager\",\"@id\":\"https:\\\/\\\/www.meydan.tv\\\/az\\\/#\\\/schema\\\/person\\\/10d11eccf6da3662cf5fdab9806ea91a\"},\"headline\":\"Sosial demokratlar Merkel h\u00f6kum\u0259tini qorumaq \u00fc\u00e7\u00fcn yeni t\u0259klifi d\u0259st\u0259kl\u0259yir\",\"datePublished\":\"2019-12-07T17:52:40+00:00\",\"mainEntityOfPage\":{\"@id\":\"https:\\\/\\\/www.meydan.tv\\\/az\\\/article\\\/sosial-demokratlar-merkel-hokumetini-qorumaq-ucun-yeni-teklifi-destekleyir\\\/\"},\"wordCount\":253,\"publisher\":{\"@id\":\"https:\\\/\\\/www.meydan.tv\\\/az\\\/#organization\"},\"image\":{\"@id\":\"https:\\\/\\\/www.meydan.tv\\\/az\\\/article\\\/sosial-demokratlar-merkel-hokumetini-qorumaq-ucun-yeni-teklifi-destekleyir\\\/#primaryimage\"},\"thumbnailUrl\":\"https:\\\/\\\/www.meydan.tv\\\/wp-content\\\/uploads\\\/43095.jpg\",\"articleSection\":[\"D\u00fcnya\"],\"inLanguage\":\"az\"},{\"@type\":\"WebPage\",\"@id\":\"https:\\\/\\\/www.meydan.tv\\\/az\\\/article\\\/sosial-demokratlar-merkel-hokumetini-qorumaq-ucun-yeni-teklifi-destekleyir\\\/\",\"url\":\"https:\\\/\\\/www.meydan.tv\\\/az\\\/article\\\/sosial-demokratlar-merkel-hokumetini-qorumaq-ucun-yeni-teklifi-destekleyir\\\/\",\"name\":\"Sosial demokratlar Merkel h\u00f6kum\u0259tini qorumaq \u00fc\u00e7\u00fcn yeni t\u0259klifi d\u0259st\u0259kl\u0259yir - MEYDAN.TV\",\"isPartOf\":{\"@id\":\"https:\\\/\\\/www.meydan.tv\\\/az\\\/#website\"},\"primaryImageOfPage\":{\"@id\":\"https:\\\/\\\/www.meydan.tv\\\/az\\\/article\\\/sosial-demokratlar-merkel-hokumetini-qorumaq-ucun-yeni-teklifi-destekleyir\\\/#primaryimage\"},\"image\":{\"@id\":\"https:\\\/\\\/www.meydan.tv\\\/az\\\/article\\\/sosial-demokratlar-merkel-hokumetini-qorumaq-ucun-yeni-teklifi-destekleyir\\\/#primaryimage\"},\"thumbnailUrl\":\"https:\\\/\\\/www.meydan.tv\\\/wp-content\\\/uploads\\\/43095.jpg\",\"datePublished\":\"2019-12-07T17:52:40+00:00\",\"breadcrumb\":{\"@id\":\"https:\\\/\\\/www.meydan.tv\\\/az\\\/article\\\/sosial-demokratlar-merkel-hokumetini-qorumaq-ucun-yeni-teklifi-destekleyir\\\/#breadcrumb\"},\"inLanguage\":\"az\",\"potentialAction\":[{\"@type\":\"ReadAction\",\"target\":[\"https:\\\/\\\/www.meydan.tv\\\/az\\\/article\\\/sosial-demokratlar-merkel-hokumetini-qorumaq-ucun-yeni-teklifi-destekleyir\\\/\"]}]},{\"@type\":\"ImageObject\",\"inLanguage\":\"az\",\"@id\":\"https:\\\/\\\/www.meydan.tv\\\/az\\\/article\\\/sosial-demokratlar-merkel-hokumetini-qorumaq-ucun-yeni-teklifi-destekleyir\\\/#primaryimage\",\"url\":\"https:\\\/\\\/www.meydan.tv\\\/wp-content\\\/uploads\\\/43095.jpg\",\"contentUrl\":\"https:\\\/\\\/www.meydan.tv\\\/wp-content\\\/uploads\\\/43095.jpg\",\"width\":665,\"height\":440,\"caption\":\"Source:\"},{\"@type\":\"BreadcrumbList\",\"@id\":\"https:\\\/\\\/www.meydan.tv\\\/az\\\/article\\\/sosial-demokratlar-merkel-hokumetini-qorumaq-ucun-yeni-teklifi-destekleyir\\\/#breadcrumb\",\"itemListElement\":[{\"@type\":\"ListItem\",\"position\":1,\"name\":\"Ana s\u0259hif\u0259\",\"item\":\"https:\\\/\\\/www.meydan.tv\\\/az\\\/\"},{\"@type\":\"ListItem\",\"position\":2,\"name\":\"D\u00fcnya\",\"item\":\"https:\\\/\\\/www.meydan.tv\\\/az\\\/section\\\/dunya\\\/\"},{\"@type\":\"ListItem\",\"position\":3,\"name\":\"Sosial demokratlar Merkel h\u00f6kum\u0259tini qorumaq \u00fc\u00e7\u00fcn yeni t\u0259klifi d\u0259st\u0259kl\u0259yir\"}]},{\"@type\":\"WebSite\",\"@id\":\"https:\\\/\\\/www.meydan.tv\\\/az\\\/#website\",\"url\":\"https:\\\/\\\/www.meydan.tv\\\/az\\\/\",\"name\":\"MEYDAN.TV\",\"description\":\"Meydan TV Az\u0259rbaycan\u0131n media m\u0259kan\u0131ndak\u0131 alternativ s\u0259sidir\",\"publisher\":{\"@id\":\"https:\\\/\\\/www.meydan.tv\\\/az\\\/#organization\"},\"potentialAction\":[{\"@type\":\"SearchAction\",\"target\":{\"@type\":\"EntryPoint\",\"urlTemplate\":\"https:\\\/\\\/www.meydan.tv\\\/az\\\/?s={search_term_string}\"},\"query-input\":{\"@type\":\"PropertyValueSpecification\",\"valueRequired\":true,\"valueName\":\"search_term_string\"}}],\"inLanguage\":\"az\"},{\"@type\":\"Organization\",\"@id\":\"https:\\\/\\\/www.meydan.tv\\\/az\\\/#organization\",\"name\":\"Meydan TV\",\"url\":\"https:\\\/\\\/www.meydan.tv\\\/az\\\/\",\"logo\":{\"@type\":\"ImageObject\",\"inLanguage\":\"az\",\"@id\":\"https:\\\/\\\/www.meydan.tv\\\/az\\\/#\\\/schema\\\/logo\\\/image\\\/\",\"url\":\"https:\\\/\\\/www.meydan.tv\\\/wp-content\\\/uploads\\\/2021\\\/07\\\/meydan-logo.svg\",\"contentUrl\":\"https:\\\/\\\/www.meydan.tv\\\/wp-content\\\/uploads\\\/2021\\\/07\\\/meydan-logo.svg\",\"width\":195,\"height\":46,\"caption\":\"Meydan TV\"},\"image\":{\"@id\":\"https:\\\/\\\/www.meydan.tv\\\/az\\\/#\\\/schema\\\/logo\\\/image\\\/\"}},{\"@type\":\"Person\",\"@id\":\"https:\\\/\\\/www.meydan.tv\\\/az\\\/#\\\/schema\\\/person\\\/10d11eccf6da3662cf5fdab9806ea91a\",\"name\":\"user-manager\"}]}<\/script>\n<!-- \/ Yoast SEO plugin. -->","yoast_head_json":{"title":"Sosial demokratlar Merkel h\u00f6kum\u0259tini qorumaq \u00fc\u00e7\u00fcn yeni t\u0259klifi d\u0259st\u0259kl\u0259yir - MEYDAN.TV","robots":{"index":"index","follow":"follow","max-snippet":"max-snippet:-1","max-image-preview":"max-image-preview:large","max-video-preview":"max-video-preview:-1"},"canonical":"https:\/\/www.meydan.tv\/az\/article\/sosial-demokratlar-merkel-hokumetini-qorumaq-ucun-yeni-teklifi-destekleyir\/","og_locale":"az_AZ","og_type":"article","og_title":"Sosial demokratlar Merkel h\u00f6kum\u0259tini qorumaq \u00fc\u00e7\u00fcn yeni t\u0259klifi d\u0259st\u0259kl\u0259yir - MEYDAN.TV","og_description":"T\u0259klifd\u0259 minimum \u0259m\u0259k haqq\u0131n\u0131n saat ba\u015f\u0131na 9,19 avrodan 12 avroya qald\u0131r\u0131lmas\u0131 t\u0259l\u0259b edilir","og_url":"https:\/\/www.meydan.tv\/az\/article\/sosial-demokratlar-merkel-hokumetini-qorumaq-ucun-yeni-teklifi-destekleyir\/","og_site_name":"MEYDAN.TV","article_published_time":"2019-12-07T17:52:40+00:00","og_image":[{"width":665,"height":440,"url":"https:\/\/www.meydan.tv\/wp-content\/uploads\/43095.jpg","type":"image\/jpeg"}],"author":"user-manager","twitter_card":"summary_large_image","schema":{"@context":"https:\/\/schema.org","@graph":[{"@type":"Article","@id":"https:\/\/www.meydan.tv\/az\/article\/sosial-demokratlar-merkel-hokumetini-qorumaq-ucun-yeni-teklifi-destekleyir\/#article","isPartOf":{"@id":"https:\/\/www.meydan.tv\/az\/article\/sosial-demokratlar-merkel-hokumetini-qorumaq-ucun-yeni-teklifi-destekleyir\/"},"author":{"name":"user-manager","@id":"https:\/\/www.meydan.tv\/az\/#\/schema\/person\/10d11eccf6da3662cf5fdab9806ea91a"},"headline":"Sosial demokratlar Merkel h\u00f6kum\u0259tini qorumaq \u00fc\u00e7\u00fcn yeni t\u0259klifi d\u0259st\u0259kl\u0259yir","datePublished":"2019-12-07T17:52:40+00:00","mainEntityOfPage":{"@id":"https:\/\/www.meydan.tv\/az\/article\/sosial-demokratlar-merkel-hokumetini-qorumaq-ucun-yeni-teklifi-destekleyir\/"},"wordCount":253,"publisher":{"@id":"https:\/\/www.meydan.tv\/az\/#organization"},"image":{"@id":"https:\/\/www.meydan.tv\/az\/article\/sosial-demokratlar-merkel-hokumetini-qorumaq-ucun-yeni-teklifi-destekleyir\/#primaryimage"},"thumbnailUrl":"https:\/\/www.meydan.tv\/wp-content\/uploads\/43095.jpg","articleSection":["D\u00fcnya"],"inLanguage":"az"},{"@type":"WebPage","@id":"https:\/\/www.meydan.tv\/az\/article\/sosial-demokratlar-merkel-hokumetini-qorumaq-ucun-yeni-teklifi-destekleyir\/","url":"https:\/\/www.meydan.tv\/az\/article\/sosial-demokratlar-merkel-hokumetini-qorumaq-ucun-yeni-teklifi-destekleyir\/","name":"Sosial demokratlar Merkel h\u00f6kum\u0259tini qorumaq \u00fc\u00e7\u00fcn yeni t\u0259klifi d\u0259st\u0259kl\u0259yir - MEYDAN.TV","isPartOf":{"@id":"https:\/\/www.meydan.tv\/az\/#website"},"primaryImageOfPage":{"@id":"https:\/\/www.meydan.tv\/az\/article\/sosial-demokratlar-merkel-hokumetini-qorumaq-ucun-yeni-teklifi-destekleyir\/#primaryimage"},"image":{"@id":"https:\/\/www.meydan.tv\/az\/article\/sosial-demokratlar-merkel-hokumetini-qorumaq-ucun-yeni-teklifi-destekleyir\/#primaryimage"},"thumbnailUrl":"https:\/\/www.meydan.tv\/wp-content\/uploads\/43095.jpg","datePublished":"2019-12-07T17:52:40+00:00","breadcrumb":{"@id":"https:\/\/www.meydan.tv\/az\/article\/sosial-demokratlar-merkel-hokumetini-qorumaq-ucun-yeni-teklifi-destekleyir\/#breadcrumb"},"inLanguage":"az","potentialAction":[{"@type":"ReadAction","target":["https:\/\/www.meydan.tv\/az\/article\/sosial-demokratlar-merkel-hokumetini-qorumaq-ucun-yeni-teklifi-destekleyir\/"]}]},{"@type":"ImageObject","inLanguage":"az","@id":"https:\/\/www.meydan.tv\/az\/article\/sosial-demokratlar-merkel-hokumetini-qorumaq-ucun-yeni-teklifi-destekleyir\/#primaryimage","url":"https:\/\/www.meydan.tv\/wp-content\/uploads\/43095.jpg","contentUrl":"https:\/\/www.meydan.tv\/wp-content\/uploads\/43095.jpg","width":665,"height":440,"caption":"Source:"},{"@type":"BreadcrumbList","@id":"https:\/\/www.meydan.tv\/az\/article\/sosial-demokratlar-merkel-hokumetini-qorumaq-ucun-yeni-teklifi-destekleyir\/#breadcrumb","itemListElement":[{"@type":"ListItem","position":1,"name":"Ana s\u0259hif\u0259","item":"https:\/\/www.meydan.tv\/az\/"},{"@type":"ListItem","position":2,"name":"D\u00fcnya","item":"https:\/\/www.meydan.tv\/az\/section\/dunya\/"},{"@type":"ListItem","position":3,"name":"Sosial demokratlar Merkel h\u00f6kum\u0259tini qorumaq \u00fc\u00e7\u00fcn yeni t\u0259klifi d\u0259st\u0259kl\u0259yir"}]},{"@type":"WebSite","@id":"https:\/\/www.meydan.tv\/az\/#website","url":"https:\/\/www.meydan.tv\/az\/","name":"MEYDAN.TV","description":"Meydan TV Az\u0259rbaycan\u0131n media m\u0259kan\u0131ndak\u0131 alternativ s\u0259sidir","publisher":{"@id":"https:\/\/www.meydan.tv\/az\/#organization"},"potentialAction":[{"@type":"SearchAction","target":{"@type":"EntryPoint","urlTemplate":"https:\/\/www.meydan.tv\/az\/?s={search_term_string}"},"query-input":{"@type":"PropertyValueSpecification","valueRequired":true,"valueName":"search_term_string"}}],"inLanguage":"az"},{"@type":"Organization","@id":"https:\/\/www.meydan.tv\/az\/#organization","name":"Meydan TV","url":"https:\/\/www.meydan.tv\/az\/","logo":{"@type":"ImageObject","inLanguage":"az","@id":"https:\/\/www.meydan.tv\/az\/#\/schema\/logo\/image\/","url":"https:\/\/www.meydan.tv\/wp-content\/uploads\/2021\/07\/meydan-logo.svg","contentUrl":"https:\/\/www.meydan.tv\/wp-content\/uploads\/2021\/07\/meydan-logo.svg","width":195,"height":46,"caption":"Meydan TV"},"image":{"@id":"https:\/\/www.meydan.tv\/az\/#\/schema\/logo\/image\/"}},{"@type":"Person","@id":"https:\/\/www.meydan.tv\/az\/#\/schema\/person\/10d11eccf6da3662cf5fdab9806ea91a","name":"user-manager"}]}},"_links":{"self":[{"href":"https:\/\/www.meydan.tv\/az\/wp-json\/wp\/v2\/posts\/198271","targetHints":{"allow":["GET"]}}],"collection":[{"href":"https:\/\/www.meydan.tv\/az\/wp-json\/wp\/v2\/posts"}],"about":[{"href":"https:\/\/www.meydan.tv\/az\/wp-json\/wp\/v2\/types\/post"}],"author":[{"embeddable":true,"href":"https:\/\/www.meydan.tv\/az\/wp-json\/wp\/v2\/users\/11"}],"replies":[{"embeddable":true,"href":"https:\/\/www.meydan.tv\/az\/wp-json\/wp\/v2\/comments?post=198271"}],"version-history":[{"count":0,"href":"https:\/\/www.meydan.tv\/az\/wp-json\/wp\/v2\/posts\/198271\/revisions"}],"wp:featuredmedia":[{"embeddable":true,"href":"https:\/\/www.meydan.tv\/az\/wp-json\/wp\/v2\/media\/108401"}],"wp:attachment":[{"href":"https:\/\/www.meydan.tv\/az\/wp-json\/wp\/v2\/media?parent=198271"}],"wp:term":[{"taxonomy":"category","embeddable":true,"href":"https:\/\/www.meydan.tv\/az\/wp-json\/wp\/v2\/categories?post=198271"},{"taxonomy":"post_tag","embeddable":true,"href":"https:\/\/www.meydan.tv\/az\/wp-json\/wp\/v2\/tags?post=198271"}],"curies":[{"name":"wp","href":"https:\/\/api.w.org\/{rel}","templated":true}]}}