{"id":198262,"date":"2019-12-06T15:29:33","date_gmt":"2019-12-06T15:29:33","guid":{"rendered":"https:\/\/www.meydan.tv\/article\/kurdemirde-kicik-hecmli-avtobuslarda-sagirdler-bir-birinin-belinde-gedir\/"},"modified":"2019-12-06T15:29:33","modified_gmt":"2019-12-06T15:29:33","slug":"kurdemirde-kicik-hecmli-avtobuslarda-sagirdler-bir-birinin-belinde-gedir","status":"publish","type":"post","link":"https:\/\/www.meydan.tv\/az\/article\/kurdemirde-kicik-hecmli-avtobuslarda-sagirdler-bir-birinin-belinde-gedir\/","title":{"rendered":"K\u00fcrd\u0259mird\u0259: Ki\u00e7ik h\u0259cmli avtobuslarda \u015fagirdl\u0259r bir-birinin belind\u0259 gedir"},"content":{"rendered":"<p>\n  <i><br \/>\n    M\u0259rk\u0259z u\u015faqlar\u0131n taleyind\u0259n narahat oldu\u011funu bildirir<br \/>\n  <\/i>\n<\/p>\n<p>\n  \u201cK\u00fcrd\u0259mird\u0259ki \u015f\u0259h\u0259r 1 sayl\u0131 orta m\u0259kt\u0259b t\u0259mir\u0259 ba\u011flan\u0131b. Buna g\u00f6r\u0259 \u015fagirdl\u0259r 3 sayl\u0131, 4 sayl\u0131 v\u0259 Ataki\u015fili k\u0259nd m\u0259kt\u0259bl\u0259rin\u0259 yerl\u0259\u015fdirilib. H\u0259min m\u0259kt\u0259bl\u0259r\u0259 getm\u0259k \u00fc\u00e7\u00fcn ictimai n\u0259qliyyat yox d\u0259r\u0259c\u0259sind\u0259dir. Valideynl\u0259r alternativ vasit\u0259l\u0259rd\u0259n istifad\u0259 edirl\u0259r. Kimi \u00f6z\u00fc apar\u0131r, kimi taksi xidm\u0259tind\u0259n istifad\u0259 edir, g\u00fcc\u00fc \u00e7atmayan da avtobula aparmal\u0131 olur. Sahibkar avtobus s\u00fcr\u00fcc\u00fcl\u0259ri bundan istifad\u0259 edir. Onlar m\u0259kt\u0259b r\u0259hb\u0259rliyi il\u0259 he\u00e7 bir m\u00fcqavil\u0259 ba\u011flamadan \u015fagirdl\u0259rin da\u015f\u0131nmas\u0131nda i\u015ftirak edirl\u0259r. Ki\u00e7ik \u00f6l\u00e7\u00fcl\u00fc avtobuslara h\u0259dd\u0259n art\u0131q \u015fagir mindirirl\u0259r. Bu, t\u0259hl\u00fck\u0259lidir\u201d.\n<\/p>\n<p>\n  Bu bar\u0259d\u0259 dekabr\u0131n 6-da K\u00fcrd\u0259mird\u0259 f\u0259aliyy\u0259t g\u00f6st\u0259r\u0259n Regional \u0130nsan H\u00fcquqlar\u0131 v\u0259 Maarifl\u0259ndirm\u0259 M\u0259rk\u0259zi m\u0259lumat yay\u0131b.\n<\/p>\n<p>\n  M\u0259rk\u0259z K\u00fcrd\u0259mir Rayon \u0130cra Hakimiyy\u0259ti, K\u00fcrd\u0259mir Rayon Polis \u015e\u00f6b\u0259si, K\u00fcrd\u0259mir Rayon Yol Polisi \u0130dar\u0259si v\u0259 K\u00fcrd\u0259mir T\u0259hsil \u015e\u00f6b\u0259sin\u0259 m\u00fcraci\u0259t edib. \u015eagirdl\u0259rin da\u015f\u0131nmas\u0131n\u0131n t\u0259hl\u00fck\u0259li oldu\u011funu, bu bar\u0259d\u0259 t\u0259dbir g\u00f6rm\u0259l\u0259rini ist\u0259yib.\n<\/p>\n<p>\n  Regional \u0130nsan H\u00fcquqlar\u0131 v\u0259 Maarifl\u0259ndirm\u0259 M\u0259rk\u0259zinin m\u0259lumat\u0131nda deyilir ki, onlar d\u0259f\u0259l\u0259rl\u0259 bu sah\u0259d\u0259 monitorinq apar\u0131blar. S\u00fcr\u00fcc\u00fcl\u0259r\u0259 \u015fagirdl\u0259rin da\u015f\u0131nmas\u0131 il\u0259 ba\u011fl\u0131 iradlar\u0131n\u0131 bildiribl\u0259r. Lakin s\u00fcr\u00fcc\u00fcl\u0259r onlar\u0131n dedikl\u0259rini v\u0259 iradlar\u0131n\u0131 g\u00f6zard\u0131 edibl\u0259r:\n<\/p>\n<p>\n  \u201cKi\u00e7ik h\u0259cmli avtobuslara (RAF) 50 n\u0259f\u0259rd\u0259n art\u0131q \u015fagird mindirirl\u0259r. U\u015faqlar bir-birinin belind\u0259 gedir. Ayaq \u00fcst\u0259 duranlar olur. Adi bir \u0259yl\u0259cd\u0259 ne\u00e7\u0259 n\u0259f\u0259r y\u0131x\u0131l\u0131r. Bu, t\u0259hl\u00fck\u0259li hald\u0131r v\u0259 yolverilm\u0259zdir. N\u0259tic\u0259l\u0259ri \u00e7ox ac\u0131 ola bil\u0259r\u201d.\n<\/p>\n<p>\n  Regional \u0130nsan H\u00fcquqlar\u0131 v\u0259 Maarifl\u0259ndirm\u0259 M\u0259rk\u0259zi bildirir ki, s\u00fcr\u00fcc\u00fcl\u0259r\u0259 irad bildir\u0259nd\u0259 \u00e7ox pis cavab verirl\u0259r:\n<\/p>\n<p>\n  \u201cDeyirl\u0259r: \u201cS\u0259n kims\u0259n, bu x\u0259tti pulla alm\u0131\u015fam. \u0130st\u0259diyim kimi s\u00fcr\u00fcr\u0259m. He\u00e7 kim, el\u0259c\u0259 d\u0259 siz biz\u0259 qar\u0131\u015fa bilm\u0259zsiniz\u201d. Biz h\u00fcquqi d\u00f6vl\u0259td\u0259 ya\u015fay\u0131r\u0131q. U\u015faqlar bizim g\u0259l\u0259c\u0259yimizdir. O u\u015faqlar\u0131 qorumaq bizim borcumuzdur. Aidiyyat\u0131 qurumlar\u0131 v\u0259 median\u0131 \u015fagirdl\u0259rin t\u0259hl\u00fck\u0259sizliyini qorumaq \u00fc\u00e7\u00fcn monitorinq aparma\u011fa v\u0259 ya bu m\u0259s\u0259lini diqq\u0259td\u0259 saxlama\u011fa d\u0259v\u0259t edirik. Ara\u015fd\u0131r\u0131n, t\u0259dbir g\u00f6r\u00fcn, \u0259n az\u0131 ac\u0131 n\u0259tic\u0259l\u0259n\u0259nd\u0259n sonra heyifsil\u0259nm\u0259m\u0259k \u00fc\u00e7\u00fcn\u201d.\n<\/p>\n<p>\n  K\u00fcrd\u0259mir Rayon \u0130cra Hakimiyy\u0259ti Ba\u015f\u00e7\u0131s\u0131n\u0131n birinci m\u00fcavini Tac\u0259ddin Novruzov Meydan TV-y\u0259 deyib ki, 1 n\u00f6mr\u0259li m\u0259kt\u0259b d\u00f6vl\u0259tin v\u0259saiti hesab\u0131na t\u0259mir edilir. Buna g\u00f6r\u0259 m\u00fcv\u0259qq\u0259ti ba\u011flan\u0131b v\u0259 \u015fagirdl\u0259r dig\u0259r 3 m\u0259kt\u0259b\u0259 y\u00f6nl\u0259ndirilib:\n<\/p>\n<p>\n  \u201cH\u0259min o m\u0259kt\u0259bl\u0259rin 1 sayl\u0131 m\u0259kt\u0259bl\u0259 aras\u0131 600-700 metr m\u0259saf\u0259dir. Uzaqda deyil. \u018fvv\u0259l nec\u0259 gedirdil\u0259rs\u0259, indi d\u0259 eyni c\u00fcr ged\u0259 bil\u0259rl\u0259r, problem yoxdur. Ataki\u015fili k\u0259ndi d\u0259 \u015f\u0259h\u0259r\u0259 biti\u015fik k\u0259nd oldu\u011fundan, o m\u0259kt\u0259b d\u0259 uzaqda deyil\u201d.\n<\/p>\n<p>\n  Avtobuslara h\u0259dd\u0259n art\u0131q u\u015faq mindirilm\u0259sin\u0259 g\u0259linc\u0259, Tac\u0259ddin Novruzov deyir ki, bu bar\u0259d\u0259 deyil\u0259nl\u0259r h\u0259qiq\u0259ti \u0259ks etdirmir:\n<\/p>\n<p>\n  \u201cMar\u015furtlar var v\u0259 tez-tez i\u015fl\u0259yir. H\u0259min mar\u015furtlara 50-60 \u015fagirdin mindirilm\u0259sind\u0259n is\u0259 s\u00f6hb\u0259t bel\u0259 ged\u0259 bilm\u0259z\u201d.<\/p>\n","protected":false},"excerpt":{"rendered":"<p>\u201cKi\u00e7ik h\u0259cmli avtobuslara (RAF) 50 n\u0259f\u0259rd\u0259n art\u0131q \u015fagird mindirirl\u0259r\u201d.<\/p>\n","protected":false},"author":11,"featured_media":134060,"comment_status":"closed","ping_status":"open","sticky":false,"template":"","format":"standard","meta":{"_acf_changed":false,"_sitemap_exclude":false,"_sitemap_priority":"","_sitemap_frequency":"","footnotes":""},"categories":[60],"tags":[],"class_list":["post-198262","post","type-post","status-publish","format-standard","has-post-thumbnail","hentry","category-bolge","infinite-scroll-item","generate-columns","tablet-grid-50","mobile-grid-100","grid-parent","grid-33","no-featured-image-padding"],"acf":[],"yoast_head":"<!-- This site is optimized with the Yoast SEO plugin v27.5 - https:\/\/yoast.com\/product\/yoast-seo-wordpress\/ -->\n<title>K\u00fcrd\u0259mird\u0259: Ki\u00e7ik h\u0259cmli avtobuslarda \u015fagirdl\u0259r bir-birinin belind\u0259 gedir - MEYDAN.TV<\/title>\n<meta name=\"robots\" content=\"index, follow, max-snippet:-1, max-image-preview:large, max-video-preview:-1\" \/>\n<link rel=\"canonical\" href=\"https:\/\/www.meydan.tv\/az\/article\/kurdemirde-kicik-hecmli-avtobuslarda-sagirdler-bir-birinin-belinde-gedir\/\" \/>\n<meta property=\"og:locale\" content=\"az_AZ\" \/>\n<meta property=\"og:type\" content=\"article\" \/>\n<meta property=\"og:title\" content=\"K\u00fcrd\u0259mird\u0259: Ki\u00e7ik h\u0259cmli avtobuslarda \u015fagirdl\u0259r bir-birinin belind\u0259 gedir - MEYDAN.TV\" \/>\n<meta property=\"og:description\" content=\"\u201cKi\u00e7ik h\u0259cmli avtobuslara (RAF) 50 n\u0259f\u0259rd\u0259n art\u0131q \u015fagird mindirirl\u0259r\u201d.\" \/>\n<meta property=\"og:url\" content=\"https:\/\/www.meydan.tv\/az\/article\/kurdemirde-kicik-hecmli-avtobuslarda-sagirdler-bir-birinin-belinde-gedir\/\" \/>\n<meta property=\"og:site_name\" content=\"MEYDAN.TV\" \/>\n<meta property=\"article:published_time\" content=\"2019-12-06T15:29:33+00:00\" \/>\n<meta property=\"og:image\" content=\"https:\/\/www.meydan.tv\/wp-content\/uploads\/a9e3938e30b32197882634c4b75b4824.png\" \/>\n\t<meta property=\"og:image:width\" content=\"1200\" \/>\n\t<meta property=\"og:image:height\" content=\"1151\" \/>\n\t<meta property=\"og:image:type\" content=\"image\/png\" \/>\n<meta name=\"author\" content=\"user-manager\" \/>\n<meta name=\"twitter:card\" content=\"summary_large_image\" \/>\n<script type=\"application\/ld+json\" class=\"yoast-schema-graph\">{\"@context\":\"https:\\\/\\\/schema.org\",\"@graph\":[{\"@type\":\"Article\",\"@id\":\"https:\\\/\\\/www.meydan.tv\\\/az\\\/article\\\/kurdemirde-kicik-hecmli-avtobuslarda-sagirdler-bir-birinin-belinde-gedir\\\/#article\",\"isPartOf\":{\"@id\":\"https:\\\/\\\/www.meydan.tv\\\/az\\\/article\\\/kurdemirde-kicik-hecmli-avtobuslarda-sagirdler-bir-birinin-belinde-gedir\\\/\"},\"author\":{\"name\":\"user-manager\",\"@id\":\"https:\\\/\\\/www.meydan.tv\\\/az\\\/#\\\/schema\\\/person\\\/10d11eccf6da3662cf5fdab9806ea91a\"},\"headline\":\"K\u00fcrd\u0259mird\u0259: Ki\u00e7ik h\u0259cmli avtobuslarda \u015fagirdl\u0259r bir-birinin belind\u0259 gedir\",\"datePublished\":\"2019-12-06T15:29:33+00:00\",\"mainEntityOfPage\":{\"@id\":\"https:\\\/\\\/www.meydan.tv\\\/az\\\/article\\\/kurdemirde-kicik-hecmli-avtobuslarda-sagirdler-bir-birinin-belinde-gedir\\\/\"},\"wordCount\":657,\"publisher\":{\"@id\":\"https:\\\/\\\/www.meydan.tv\\\/az\\\/#organization\"},\"image\":{\"@id\":\"https:\\\/\\\/www.meydan.tv\\\/az\\\/article\\\/kurdemirde-kicik-hecmli-avtobuslarda-sagirdler-bir-birinin-belinde-gedir\\\/#primaryimage\"},\"thumbnailUrl\":\"https:\\\/\\\/www.meydan.tv\\\/wp-content\\\/uploads\\\/a9e3938e30b32197882634c4b75b4824.png\",\"articleSection\":[\"B\u00f6lg\u0259\"],\"inLanguage\":\"az\"},{\"@type\":\"WebPage\",\"@id\":\"https:\\\/\\\/www.meydan.tv\\\/az\\\/article\\\/kurdemirde-kicik-hecmli-avtobuslarda-sagirdler-bir-birinin-belinde-gedir\\\/\",\"url\":\"https:\\\/\\\/www.meydan.tv\\\/az\\\/article\\\/kurdemirde-kicik-hecmli-avtobuslarda-sagirdler-bir-birinin-belinde-gedir\\\/\",\"name\":\"K\u00fcrd\u0259mird\u0259: Ki\u00e7ik h\u0259cmli avtobuslarda \u015fagirdl\u0259r bir-birinin belind\u0259 gedir - MEYDAN.TV\",\"isPartOf\":{\"@id\":\"https:\\\/\\\/www.meydan.tv\\\/az\\\/#website\"},\"primaryImageOfPage\":{\"@id\":\"https:\\\/\\\/www.meydan.tv\\\/az\\\/article\\\/kurdemirde-kicik-hecmli-avtobuslarda-sagirdler-bir-birinin-belinde-gedir\\\/#primaryimage\"},\"image\":{\"@id\":\"https:\\\/\\\/www.meydan.tv\\\/az\\\/article\\\/kurdemirde-kicik-hecmli-avtobuslarda-sagirdler-bir-birinin-belinde-gedir\\\/#primaryimage\"},\"thumbnailUrl\":\"https:\\\/\\\/www.meydan.tv\\\/wp-content\\\/uploads\\\/a9e3938e30b32197882634c4b75b4824.png\",\"datePublished\":\"2019-12-06T15:29:33+00:00\",\"breadcrumb\":{\"@id\":\"https:\\\/\\\/www.meydan.tv\\\/az\\\/article\\\/kurdemirde-kicik-hecmli-avtobuslarda-sagirdler-bir-birinin-belinde-gedir\\\/#breadcrumb\"},\"inLanguage\":\"az\",\"potentialAction\":[{\"@type\":\"ReadAction\",\"target\":[\"https:\\\/\\\/www.meydan.tv\\\/az\\\/article\\\/kurdemirde-kicik-hecmli-avtobuslarda-sagirdler-bir-birinin-belinde-gedir\\\/\"]}]},{\"@type\":\"ImageObject\",\"inLanguage\":\"az\",\"@id\":\"https:\\\/\\\/www.meydan.tv\\\/az\\\/article\\\/kurdemirde-kicik-hecmli-avtobuslarda-sagirdler-bir-birinin-belinde-gedir\\\/#primaryimage\",\"url\":\"https:\\\/\\\/www.meydan.tv\\\/wp-content\\\/uploads\\\/a9e3938e30b32197882634c4b75b4824.png\",\"contentUrl\":\"https:\\\/\\\/www.meydan.tv\\\/wp-content\\\/uploads\\\/a9e3938e30b32197882634c4b75b4824.png\",\"width\":1200,\"height\":1151,\"caption\":\"Source: Specify Source\"},{\"@type\":\"BreadcrumbList\",\"@id\":\"https:\\\/\\\/www.meydan.tv\\\/az\\\/article\\\/kurdemirde-kicik-hecmli-avtobuslarda-sagirdler-bir-birinin-belinde-gedir\\\/#breadcrumb\",\"itemListElement\":[{\"@type\":\"ListItem\",\"position\":1,\"name\":\"Ana s\u0259hif\u0259\",\"item\":\"https:\\\/\\\/www.meydan.tv\\\/az\\\/\"},{\"@type\":\"ListItem\",\"position\":2,\"name\":\"B\u00f6lg\u0259\",\"item\":\"https:\\\/\\\/www.meydan.tv\\\/az\\\/section\\\/bolge\\\/\"},{\"@type\":\"ListItem\",\"position\":3,\"name\":\"K\u00fcrd\u0259mird\u0259: Ki\u00e7ik h\u0259cmli avtobuslarda \u015fagirdl\u0259r bir-birinin belind\u0259 gedir\"}]},{\"@type\":\"WebSite\",\"@id\":\"https:\\\/\\\/www.meydan.tv\\\/az\\\/#website\",\"url\":\"https:\\\/\\\/www.meydan.tv\\\/az\\\/\",\"name\":\"MEYDAN.TV\",\"description\":\"Meydan TV Az\u0259rbaycan\u0131n media m\u0259kan\u0131ndak\u0131 alternativ s\u0259sidir\",\"publisher\":{\"@id\":\"https:\\\/\\\/www.meydan.tv\\\/az\\\/#organization\"},\"potentialAction\":[{\"@type\":\"SearchAction\",\"target\":{\"@type\":\"EntryPoint\",\"urlTemplate\":\"https:\\\/\\\/www.meydan.tv\\\/az\\\/?s={search_term_string}\"},\"query-input\":{\"@type\":\"PropertyValueSpecification\",\"valueRequired\":true,\"valueName\":\"search_term_string\"}}],\"inLanguage\":\"az\"},{\"@type\":\"Organization\",\"@id\":\"https:\\\/\\\/www.meydan.tv\\\/az\\\/#organization\",\"name\":\"Meydan TV\",\"url\":\"https:\\\/\\\/www.meydan.tv\\\/az\\\/\",\"logo\":{\"@type\":\"ImageObject\",\"inLanguage\":\"az\",\"@id\":\"https:\\\/\\\/www.meydan.tv\\\/az\\\/#\\\/schema\\\/logo\\\/image\\\/\",\"url\":\"https:\\\/\\\/www.meydan.tv\\\/wp-content\\\/uploads\\\/2021\\\/07\\\/meydan-logo.svg\",\"contentUrl\":\"https:\\\/\\\/www.meydan.tv\\\/wp-content\\\/uploads\\\/2021\\\/07\\\/meydan-logo.svg\",\"width\":195,\"height\":46,\"caption\":\"Meydan TV\"},\"image\":{\"@id\":\"https:\\\/\\\/www.meydan.tv\\\/az\\\/#\\\/schema\\\/logo\\\/image\\\/\"}},{\"@type\":\"Person\",\"@id\":\"https:\\\/\\\/www.meydan.tv\\\/az\\\/#\\\/schema\\\/person\\\/10d11eccf6da3662cf5fdab9806ea91a\",\"name\":\"user-manager\"}]}<\/script>\n<!-- \/ Yoast SEO plugin. -->","yoast_head_json":{"title":"K\u00fcrd\u0259mird\u0259: Ki\u00e7ik h\u0259cmli avtobuslarda \u015fagirdl\u0259r bir-birinin belind\u0259 gedir - MEYDAN.TV","robots":{"index":"index","follow":"follow","max-snippet":"max-snippet:-1","max-image-preview":"max-image-preview:large","max-video-preview":"max-video-preview:-1"},"canonical":"https:\/\/www.meydan.tv\/az\/article\/kurdemirde-kicik-hecmli-avtobuslarda-sagirdler-bir-birinin-belinde-gedir\/","og_locale":"az_AZ","og_type":"article","og_title":"K\u00fcrd\u0259mird\u0259: Ki\u00e7ik h\u0259cmli avtobuslarda \u015fagirdl\u0259r bir-birinin belind\u0259 gedir - MEYDAN.TV","og_description":"\u201cKi\u00e7ik h\u0259cmli avtobuslara (RAF) 50 n\u0259f\u0259rd\u0259n art\u0131q \u015fagird mindirirl\u0259r\u201d.","og_url":"https:\/\/www.meydan.tv\/az\/article\/kurdemirde-kicik-hecmli-avtobuslarda-sagirdler-bir-birinin-belinde-gedir\/","og_site_name":"MEYDAN.TV","article_published_time":"2019-12-06T15:29:33+00:00","og_image":[{"width":1200,"height":1151,"url":"https:\/\/www.meydan.tv\/wp-content\/uploads\/a9e3938e30b32197882634c4b75b4824.png","type":"image\/png"}],"author":"user-manager","twitter_card":"summary_large_image","schema":{"@context":"https:\/\/schema.org","@graph":[{"@type":"Article","@id":"https:\/\/www.meydan.tv\/az\/article\/kurdemirde-kicik-hecmli-avtobuslarda-sagirdler-bir-birinin-belinde-gedir\/#article","isPartOf":{"@id":"https:\/\/www.meydan.tv\/az\/article\/kurdemirde-kicik-hecmli-avtobuslarda-sagirdler-bir-birinin-belinde-gedir\/"},"author":{"name":"user-manager","@id":"https:\/\/www.meydan.tv\/az\/#\/schema\/person\/10d11eccf6da3662cf5fdab9806ea91a"},"headline":"K\u00fcrd\u0259mird\u0259: Ki\u00e7ik h\u0259cmli avtobuslarda \u015fagirdl\u0259r bir-birinin belind\u0259 gedir","datePublished":"2019-12-06T15:29:33+00:00","mainEntityOfPage":{"@id":"https:\/\/www.meydan.tv\/az\/article\/kurdemirde-kicik-hecmli-avtobuslarda-sagirdler-bir-birinin-belinde-gedir\/"},"wordCount":657,"publisher":{"@id":"https:\/\/www.meydan.tv\/az\/#organization"},"image":{"@id":"https:\/\/www.meydan.tv\/az\/article\/kurdemirde-kicik-hecmli-avtobuslarda-sagirdler-bir-birinin-belinde-gedir\/#primaryimage"},"thumbnailUrl":"https:\/\/www.meydan.tv\/wp-content\/uploads\/a9e3938e30b32197882634c4b75b4824.png","articleSection":["B\u00f6lg\u0259"],"inLanguage":"az"},{"@type":"WebPage","@id":"https:\/\/www.meydan.tv\/az\/article\/kurdemirde-kicik-hecmli-avtobuslarda-sagirdler-bir-birinin-belinde-gedir\/","url":"https:\/\/www.meydan.tv\/az\/article\/kurdemirde-kicik-hecmli-avtobuslarda-sagirdler-bir-birinin-belinde-gedir\/","name":"K\u00fcrd\u0259mird\u0259: Ki\u00e7ik h\u0259cmli avtobuslarda \u015fagirdl\u0259r bir-birinin belind\u0259 gedir - MEYDAN.TV","isPartOf":{"@id":"https:\/\/www.meydan.tv\/az\/#website"},"primaryImageOfPage":{"@id":"https:\/\/www.meydan.tv\/az\/article\/kurdemirde-kicik-hecmli-avtobuslarda-sagirdler-bir-birinin-belinde-gedir\/#primaryimage"},"image":{"@id":"https:\/\/www.meydan.tv\/az\/article\/kurdemirde-kicik-hecmli-avtobuslarda-sagirdler-bir-birinin-belinde-gedir\/#primaryimage"},"thumbnailUrl":"https:\/\/www.meydan.tv\/wp-content\/uploads\/a9e3938e30b32197882634c4b75b4824.png","datePublished":"2019-12-06T15:29:33+00:00","breadcrumb":{"@id":"https:\/\/www.meydan.tv\/az\/article\/kurdemirde-kicik-hecmli-avtobuslarda-sagirdler-bir-birinin-belinde-gedir\/#breadcrumb"},"inLanguage":"az","potentialAction":[{"@type":"ReadAction","target":["https:\/\/www.meydan.tv\/az\/article\/kurdemirde-kicik-hecmli-avtobuslarda-sagirdler-bir-birinin-belinde-gedir\/"]}]},{"@type":"ImageObject","inLanguage":"az","@id":"https:\/\/www.meydan.tv\/az\/article\/kurdemirde-kicik-hecmli-avtobuslarda-sagirdler-bir-birinin-belinde-gedir\/#primaryimage","url":"https:\/\/www.meydan.tv\/wp-content\/uploads\/a9e3938e30b32197882634c4b75b4824.png","contentUrl":"https:\/\/www.meydan.tv\/wp-content\/uploads\/a9e3938e30b32197882634c4b75b4824.png","width":1200,"height":1151,"caption":"Source: Specify Source"},{"@type":"BreadcrumbList","@id":"https:\/\/www.meydan.tv\/az\/article\/kurdemirde-kicik-hecmli-avtobuslarda-sagirdler-bir-birinin-belinde-gedir\/#breadcrumb","itemListElement":[{"@type":"ListItem","position":1,"name":"Ana s\u0259hif\u0259","item":"https:\/\/www.meydan.tv\/az\/"},{"@type":"ListItem","position":2,"name":"B\u00f6lg\u0259","item":"https:\/\/www.meydan.tv\/az\/section\/bolge\/"},{"@type":"ListItem","position":3,"name":"K\u00fcrd\u0259mird\u0259: Ki\u00e7ik h\u0259cmli avtobuslarda \u015fagirdl\u0259r bir-birinin belind\u0259 gedir"}]},{"@type":"WebSite","@id":"https:\/\/www.meydan.tv\/az\/#website","url":"https:\/\/www.meydan.tv\/az\/","name":"MEYDAN.TV","description":"Meydan TV Az\u0259rbaycan\u0131n media m\u0259kan\u0131ndak\u0131 alternativ s\u0259sidir","publisher":{"@id":"https:\/\/www.meydan.tv\/az\/#organization"},"potentialAction":[{"@type":"SearchAction","target":{"@type":"EntryPoint","urlTemplate":"https:\/\/www.meydan.tv\/az\/?s={search_term_string}"},"query-input":{"@type":"PropertyValueSpecification","valueRequired":true,"valueName":"search_term_string"}}],"inLanguage":"az"},{"@type":"Organization","@id":"https:\/\/www.meydan.tv\/az\/#organization","name":"Meydan TV","url":"https:\/\/www.meydan.tv\/az\/","logo":{"@type":"ImageObject","inLanguage":"az","@id":"https:\/\/www.meydan.tv\/az\/#\/schema\/logo\/image\/","url":"https:\/\/www.meydan.tv\/wp-content\/uploads\/2021\/07\/meydan-logo.svg","contentUrl":"https:\/\/www.meydan.tv\/wp-content\/uploads\/2021\/07\/meydan-logo.svg","width":195,"height":46,"caption":"Meydan TV"},"image":{"@id":"https:\/\/www.meydan.tv\/az\/#\/schema\/logo\/image\/"}},{"@type":"Person","@id":"https:\/\/www.meydan.tv\/az\/#\/schema\/person\/10d11eccf6da3662cf5fdab9806ea91a","name":"user-manager"}]}},"_links":{"self":[{"href":"https:\/\/www.meydan.tv\/az\/wp-json\/wp\/v2\/posts\/198262","targetHints":{"allow":["GET"]}}],"collection":[{"href":"https:\/\/www.meydan.tv\/az\/wp-json\/wp\/v2\/posts"}],"about":[{"href":"https:\/\/www.meydan.tv\/az\/wp-json\/wp\/v2\/types\/post"}],"author":[{"embeddable":true,"href":"https:\/\/www.meydan.tv\/az\/wp-json\/wp\/v2\/users\/11"}],"replies":[{"embeddable":true,"href":"https:\/\/www.meydan.tv\/az\/wp-json\/wp\/v2\/comments?post=198262"}],"version-history":[{"count":0,"href":"https:\/\/www.meydan.tv\/az\/wp-json\/wp\/v2\/posts\/198262\/revisions"}],"wp:featuredmedia":[{"embeddable":true,"href":"https:\/\/www.meydan.tv\/az\/wp-json\/wp\/v2\/media\/134060"}],"wp:attachment":[{"href":"https:\/\/www.meydan.tv\/az\/wp-json\/wp\/v2\/media?parent=198262"}],"wp:term":[{"taxonomy":"category","embeddable":true,"href":"https:\/\/www.meydan.tv\/az\/wp-json\/wp\/v2\/categories?post=198262"},{"taxonomy":"post_tag","embeddable":true,"href":"https:\/\/www.meydan.tv\/az\/wp-json\/wp\/v2\/tags?post=198262"}],"curies":[{"name":"wp","href":"https:\/\/api.w.org\/{rel}","templated":true}]}}