{"id":198259,"date":"2019-12-06T12:10:30","date_gmt":"2019-12-06T12:10:30","guid":{"rendered":"https:\/\/www.meydan.tv\/article\/icra-bascisinin-adamlari-mualice-diaqnostika-merkezini-doyus-meydanina-ceviribler\/"},"modified":"2019-12-06T12:10:30","modified_gmt":"2019-12-06T12:10:30","slug":"icra-bascisinin-adamlari-mualice-diaqnostika-merkezini-doyus-meydanina-ceviribler","status":"publish","type":"post","link":"https:\/\/www.meydan.tv\/az\/article\/icra-bascisinin-adamlari-mualice-diaqnostika-merkezini-doyus-meydanina-ceviribler\/","title":{"rendered":"\u201c\u0130cra ba\u015f\u00e7\u0131s\u0131n\u0131n adamlar\u0131 M\u00fcalic\u0259-Diaqnostika M\u0259rk\u0259zini d\u00f6y\u00fc\u015f meydan\u0131na \u00e7eviribl\u0259r\u201d"},"content":{"rendered":"<p>\n  <i><br \/>\n    F\u00fczulid\u0259 yerl\u0259\u015f\u0259n tibb m\u00fc\u0259ssis\u0259sind\u0259 hey\u0259tin b\u00f6y\u00fck \u0259ks\u0259riyy\u0259tinin bir-biri il\u0259 qohum oldu\u011fu deyilir<br \/>\n  <\/i>\n<\/p>\n<p>\n  \u201cG\u0259l\u0259n ild\u0259n s\u0259hiyy\u0259 xidm\u0259tl\u0259ri icbari tibbi s\u0131\u011fortaya ke\u00e7ir ax\u0131. Bu, bir \u00e7ox insanda, el\u0259c\u0259 d\u0259, bizim rayonda v\u0259t\u0259nda\u015flar\u0131n s\u0259hiyy\u0259y\u0259 \u00fcmidl\u0259rini art\u0131r\u0131r. Ancaq bel\u0259 bir durumda \u00f6lk\u0259nin c\u0259bh\u0259 b\u00f6lg\u0259sind\u0259 yerl\u0259\u015f\u0259n, ucqar rayonu F\u00fczulinin s\u0259hiyy\u0259 sistemi tayfadaxili m\u00fcnaqi\u015f\u0259l\u0259rin d\u00f6y\u00fc\u015f meydan\u00e7as\u0131na \u00e7evrilib\u201d.\n<\/p>\n<p>\n  S\u00f6hb\u0259t B\u00f6y\u00fck B\u0259hm\u0259nli k\u0259ndind\u0259 yerl\u0259\u015f\u0259n F\u00fczuli M\u00fcalic\u0259-Diaqnostika M\u0259rk\u0259zind\u0259n gedir.\n<\/p>\n<p>\n  Meydan TV-y\u0259 dan\u0131\u015fan, ad\u0131n\u0131n a\u00e7\u0131qlanmas\u0131n\u0131 ist\u0259m\u0259y\u0259n m\u0259rk\u0259zin bri ne\u00e7\u0259 i\u015f\u00e7isi \u0259lav\u0259 edir ki, F\u00fczuli S\u0259hiyy\u0259 \u015e\u00f6b\u0259sinin m\u00fcdiri Natiq \u015e\u00fck\u00fcrov icra ba\u015f\u00e7\u0131s\u0131 Al\u0131 Al\u0131yevin yax\u0131n adam\u0131d\u0131r:\n<\/p>\n<p>\n  \u201cRayon sahibkarlar\u0131ndan S\u00fcleyman \u0130smay\u0131lov v\u0259 Natiq \u015e\u00fck\u00fcrovun (h\u0259r iki \u015f\u0259xs h\u0259m\u00e7inin xalao\u011fludur) \u00f6z aralar\u0131ndak\u0131 d\u00fc\u015fm\u0259n\u00e7ilikl\u0259ri, m\u00fc\u0259ssis\u0259d\u0259ki inzibati postlar \u00fcz\u0259rind\u0259n apar\u0131lan m\u00fcbariz\u0259 v\u0259 bu m\u00fcbariz\u0259nin tibb m\u0259rk\u0259zinin i\u015fin\u0259 vurdu\u011fu z\u0259r\u0259r g\u00fcnb\u0259g\u00fcn art\u0131r\u201d.\n<\/p>\n<p>\n  \u015eikay\u0259t\u00e7i deyir ki, F\u00fczuli M\u00fcalic\u0259-Diaqnostika M\u0259rk\u0259zi f\u0259aliyy\u0259t\u0259 ba\u015flayandan m\u00fc\u0259ssis\u0259y\u0259 ba\u015f\u00e7\u0131l\u0131q ed\u0259n C\u00fcm\u015f\u00fcd M\u0259mm\u0259dov bu ilin oktyabr\u0131nda m\u00fc\u0259mmal\u0131 \u015f\u0259kild\u0259, q\u0259fil v\u0259zif\u0259sind\u0259n azad edilib. Onun yerin\u0259 Natiq \u015e\u00fck\u00fcrovun qarda\u015f\u0131 o\u011flu, bu t\u0259yinata q\u0259d\u0259r Horadiz \u015e\u0259h\u0259r M\u0259rk\u0259zi X\u0259st\u0259xanas\u0131n\u0131n ba\u015f h\u0259kimi olmu\u015f \u015eaiq \u015e\u00fck\u00fcrov t\u0259yin edilib:\n<\/p>\n<p>\n  \u201cC\u00fcm\u015f\u00fcd M\u0259mm\u0259dovun v\u0259zif\u0259d\u0259n azad edilm\u0259sind\u0259 birba\u015fa Al\u0131 Al\u0131yevin ill\u0259rdir mara\u011f\u0131 v\u0259 t\u0259kidi oldu\u011fu rayonda h\u0259r k\u0259s\u0259 m\u0259lumdur. Bu d\u0259yi\u015fiklik onsuz da Natiq \u015e\u00fck\u00fcrovla m\u00fcnaqi\u015f\u0259si olan, uzun m\u00fcdd\u0259tdir, ba\u015f h\u0259kim postuna h\u0259yat yolda\u015f\u0131n\u0131n ke\u00e7m\u0259sini ist\u0259y\u0259n S\u00fcleyman \u0130smay\u0131lovu hidd\u0259tl\u0259ndirmi\u015fdi\u201d.\n<\/p>\n<p>\n  M\u0259nb\u0259 bildirir ki, S.\u0130smay\u0131lovun ail\u0259 \u00fczvl\u0259ri haz\u0131rda m\u00fc\u0259ssis\u0259d\u0259 m\u00fcxt\u0259lif postlar tutur. M\u0259s\u0259l\u0259n, Ceyran Q\u0259hr\u0259manova h\u0259yat yolda\u015f\u0131d\u0131r v\u0259 ba\u015f h\u0259kimin m\u00fcalic\u0259 i\u015fl\u0259ri \u00fczr\u0259 m\u00fcavinidir. Sadiq \u0130smay\u0131lov o\u011fludur v\u0259 ba\u015f h\u0259kimin t\u0259s\u0259rr\u00fcfat i\u015fl\u0259ri \u00fczr\u0259 m\u00fcavinidir. Vasif \u0130smay\u0131lov \u0259misi n\u0259v\u0259sidir. Ba\u015f m\u00fchasibdir. Elg\u00fcn \u0130smay\u0131lov da \u0259misi n\u0259v\u0259sidir v\u0259 ba\u015f m\u00fchasibin m\u00fcavinidir. Elg\u00fcn \u0130smay\u0131lovun qarda\u015f\u0131 da m\u00fchasib kimi \u00e7al\u0131\u015f\u0131r. Tahir \u0130smay\u0131lov da onun qohumudur. Kadrlar \u015f\u00f6b\u0259sinin m\u00fcdiridir. \u0130lyas \u0130smay\u0131lov da onun qohumudur v\u0259 qazanxana m\u00fcdiridir. Dig\u0259r yax\u0131n qohumlar olan tibb bac\u0131lar\u0131, xadim\u0259l\u0259r, texniki i\u015f\u00e7il\u0259r d\u0259 var:\n<\/p>\n<p>\n  \u201cNatiq \u015e\u00fck\u00fcrovun x\u0259st\u0259xanada m\u00fcxt\u0259lif postlar tutan qohumlar\u0131 il\u0259 (\u015eaiq \u015e\u00fck\u00fcrov, S\u0259fa \u015e\u00fck\u00fcrov v\u0259 dig\u0259r tibb bac\u0131lar\u0131, t\u0259s\u0259rr\u00fcfat tibb bac\u0131lar\u0131 v\u0259 xadim\u0259l\u0259r) dig\u0259rl\u0259ri m\u00fc\u0259ssis\u0259ni d\u00f6y\u00fc\u015f meydan\u0131na \u00e7eviribl\u0259r. Maraql\u0131d\u0131r, eyni ail\u0259d\u0259n olan h\u0259r iki t\u0259r\u0259fin n\u00fcmay\u0259nd\u0259l\u0259rinin eyni m\u00fc\u0259ssis\u0259nin eyni \u015f\u00f6b\u0259sind\u0259 i\u015fl\u0259m\u0259si n\u0259 q\u0259d\u0259r qanuna uy\u011fundur? B\u00fct\u00fcn bu prosesl\u0259rin n\u0259tic\u0259si olaraq \u0259sas funksiyas\u0131 \u0259halinin sa\u011flaml\u0131\u011f\u0131na xidm\u0259t etm\u0259k olan s\u0259hiyy\u0259 obyektinin i\u015fi dem\u0259k olar ki, alt-\u00fcst olub\u201d.\n<\/p>\n<p>\n  \u015eikay\u0259t\u00e7i deyir ki, m\u00fc\u0259ssis\u0259nin h\u0259kiml\u0259ri v\u0259 orta tibb i\u015f\u00e7il\u0259ri bu g\u0259rgin m\u00fchitd\u0259 i\u015fl\u0259m\u0259kd\u0259n bezib. B\u00fct\u00fcn periferik tibb m\u00fc\u0259ssis\u0259l\u0259ri kimi onsuz da ciddi kadr \u00e7at\u0131\u015fmazl\u0131\u011f\u0131 ya\u015fayan bu m\u0259rk\u0259zin bir ne\u00e7\u0259 h\u0259kimi \u0259riz\u0259 yazaraq i\u015fd\u0259n \u00e7\u0131x\u0131b:\n<\/p>\n<p>\n  \u201cBu g\u00fcn\u0259 kimi maa\u015f he\u00e7 vaxt gecikm\u0259mi\u015fdi. Ancaq noyabr\u0131n maa\u015f\u0131 h\u0259l\u0259 verilm\u0259yib. H\u0259kiml\u0259r konflikt yaratmaq \u00fc\u00e7\u00fcn v\u0259zif\u0259l\u0259ndirilmi\u015f saxta \u201cx\u0259st\u0259\u201dl\u0259rl\u0259 h\u0259r g\u00fcn m\u00fcxt\u0259lif probleml\u0259r ya\u015fay\u0131r. \u015eaiq \u015e\u00fck\u00fcrov v\u0259ziyy\u0259ti d\u00fcz\u0259ltm\u0259k yerin\u0259 yaranm\u0131\u015f xaosdan istifad\u0259 ed\u0259r\u0259k m\u00fcxt\u0259lif i\u015f\u00e7il\u0259ri v\u0259zif\u0259d\u0259n azad edib, yerin\u0259 r\u00fc\u015fv\u0259tl\u0259 ba\u015fqa \u015f\u0259xsl\u0259r t\u0259yin edir. C\u00fcm\u015f\u00fcd M\u0259mm\u0259dovun ba\u015f\u00e7\u0131l\u0131\u011f\u0131 il\u0259 ill\u0259rdir, n\u00fcmun\u0259vi, nizam-intizaml\u0131 tibb m\u00fc\u0259ssis\u0259si olmu\u015f F\u00fczuli M\u00fcalic\u0259-Diaqnostika M\u0259rk\u0259zin\u0259 &quot;Prezidentin g\u0259ncl\u0259\u015fdirm\u0259 siyas\u0259ti&quot;ni d\u0259st\u0259kl\u0259y\u0259n n\u00fcmun\u0259 kimi t\u0259lqin edil\u0259r\u0259k r\u0259hb\u0259r t\u0259yin edilmi\u015f \u015eaiq \u015e\u00fck\u00fcrov buran\u0131 da \u0259vv\u0259l r\u0259hb\u0259rlik etdiyi Horadiz \u015e\u0259h\u0259r M\u0259rk\u0259zi X\u0259st\u0259xanas\u0131 kimi sad\u0259c\u0259 ad\u0131 x\u0259st\u0259xana olan tikili obyekt\u0259 \u00e7evirm\u0259k yolunda ir\u0259lil\u0259yir\u201d.\n<\/p>\n<p>\n  M\u0259nb\u0259 deyir ki, onsuz da kadr \u00e7at\u0131\u015fmazl\u0131\u011f\u0131 ya\u015fayan m\u00fc\u0259ssis\u0259d\u0259 y\u00fcz kilometrl\u0259r q\u0259t ed\u0259r\u0259k i\u015fl\u0259m\u0259y\u0259 g\u0259lmi\u015f h\u0259kiml\u0259ri &quot;g\u0259lm\u0259l\u0259r&quot; adland\u0131raraq n\u0259 tibbi, n\u0259 insani etikaya uymayan ayr\u0131-se\u00e7ilikl\u0259 qar\u015f\u0131lay\u0131rlar:\n<\/p>\n<p>\n  \u201cH\u0259r iki m\u00fcnaqi\u015f\u0259 t\u0259r\u0259find\u0259ki saxta diplomlu, adlar\u0131 m\u00fct\u0259madi d\u0259l\u0259duzluq cinay\u0259tl\u0259rind\u0259 hallanm\u0131\u015f \u015f\u0259xsl\u0259r ali t\u0259hsilli h\u0259kiml\u0259ri yox saym\u0131\u015f kimi, m\u0259rk\u0259z sa\u011fl\u0131q oca\u011f\u0131 deyilmi\u015f kimi \u00f6z aralar\u0131nda m\u00fcbariz\u0259 apar\u0131r. Rayon icra ba\u015f\u00e7\u0131s\u0131 Al\u0131 Al\u0131yevin v\u0259ziyy\u0259td\u0259n x\u0259b\u0259ri olsa da, he\u00e7 bir t\u0259dbir g\u00f6rm\u00fcr. D\u00fc\u015f\u00fcn\u00fcr\u00fck ki, h\u0259m S\u0259hiyy\u0259 Nazirliyi, h\u0259m dig\u0259r \u0259laq\u0259dar orqanlar F\u00fczuli M\u00fcalic\u0259-Diaqnostika M\u0259rk\u0259zind\u0259 ba\u015f ver\u0259n bu biab\u0131r\u00e7\u0131 v\u0259ziyy\u0259tl\u0259 ba\u011fl\u0131 d\u0259rhal \u00f6l\u00e7\u00fc g\u00f6t\u00fcrm\u0259lidir\u201d.\n<\/p>\n<p>\n  M\u00fcalic\u0259-Diaqnostika M\u0259rk\u0259zinin ba\u015f h\u0259kimi \u015eaiq \u015e\u00fck\u00fcrov Meydan TV-y\u0259 x\u0259st\u0259xana daxilind\u0259 \u00e7\u0259ki\u015fm\u0259, problem oldu\u011funu inkar edib:\n<\/p>\n<p>\n  \u201cAncaq b\u0259li, o do\u011frudur ki, x\u0259st\u0259xanada bir-birin\u0259 qohum insanlar \u00e7al\u0131\u015f\u0131r. Bu da x\u0259s\u0259xanan\u0131n B\u00f6y\u00fck B\u0259hm\u0259nli k\u0259ndind\u0259 yerl\u0259\u015fm\u0259sind\u0259n ir\u0259li g\u0259lir. H\u0259min adamlar o k\u0259ndin sakinl\u0259ridir. \u00dcst\u0259lik, onlar m\u0259nd\u0259n \u00f6nc\u0259, \u0259vv\u0259lki ba\u015f h\u0259kimin d\u00f6vr\u00fcnd\u0259 i\u015f\u0259 g\u00f6t\u00fcr\u00fcl\u00fcbl\u0259r. M\u0259n g\u0259l\u0259nd\u0259n sonra bir ne\u00e7\u0259 insan\u0131 i\u015fd\u0259n \u00e7\u0131xarm\u0131\u015fam. B\u0259lk\u0259 d\u0259 onlard\u0131r bu yalan m\u0259lumatlar\u0131 yayan. Ancaq haqs\u0131z yer\u0259 d\u0259 \u00e7\u0131xarmam\u0131\u015fam. Onlardan b\u0259zil\u0259ri Bak\u0131da ya\u015fay\u0131rd\u0131, i\u015f\u0259 g\u0259lmirdi v\u0259 ya i\u015fl\u0259rini normal g\u00f6rm\u00fcrd\u00fcl\u0259r. S\u0131rf buna g\u00f6r\u0259 i\u015fd\u0259n \u00e7\u0131xar\u0131l\u0131blar\u201d.\n<\/p>\n<p>\n  F\u00fczuli Rayon \u0130cra Hakimiyy\u0259tind\u0259n is\u0259 Meydan TV-y\u0259 m\u0259s\u0259l\u0259d\u0259n x\u0259b\u0259rsiz olduqlar\u0131n\u0131 deyibl\u0259r:\n<\/p>\n<p>\n  \u201cBu bar\u0259d\u0259 h\u0259r hans\u0131 \u015fikay\u0259t almam\u0131\u015f\u0131q. Ara\u015fd\u0131raca\u011f\u0131q\u201d.<\/p>\n","protected":false},"excerpt":{"rendered":"<p>&#8220;H\u0259r iki m\u00fcnaqi\u015f\u0259 t\u0259r\u0259find\u0259ki saxta diplomlu, adlar\u0131 m\u00fct\u0259madi d\u0259l\u0259duzluq cinay\u0259tl\u0259rind\u0259 hallanm\u0131\u015f \u015f\u0259xsl\u0259r ali t\u0259hsilli h\u0259kiml\u0259ri yox saym\u0131\u015f kimi, m\u0259rk\u0259z sa\u011fl\u0131q oca\u011f\u0131 deyilmi\u015f kimi \u00f6z aralar\u0131nda m\u00fcbariz\u0259 apar\u0131r&#8221;<\/p>\n","protected":false},"author":11,"featured_media":134054,"comment_status":"closed","ping_status":"open","sticky":false,"template":"","format":"standard","meta":{"_acf_changed":false,"_sitemap_exclude":false,"_sitemap_priority":"","_sitemap_frequency":"","footnotes":""},"categories":[60],"tags":[],"class_list":["post-198259","post","type-post","status-publish","format-standard","has-post-thumbnail","hentry","category-bolge","infinite-scroll-item","generate-columns","tablet-grid-50","mobile-grid-100","grid-parent","grid-33","no-featured-image-padding"],"acf":[],"yoast_head":"<!-- This site is optimized with the Yoast SEO plugin v27.5 - https:\/\/yoast.com\/product\/yoast-seo-wordpress\/ -->\n<title>\u201c\u0130cra ba\u015f\u00e7\u0131s\u0131n\u0131n adamlar\u0131 M\u00fcalic\u0259-Diaqnostika M\u0259rk\u0259zini d\u00f6y\u00fc\u015f meydan\u0131na \u00e7eviribl\u0259r\u201d - MEYDAN.TV<\/title>\n<meta name=\"robots\" content=\"index, follow, max-snippet:-1, max-image-preview:large, max-video-preview:-1\" \/>\n<link rel=\"canonical\" href=\"https:\/\/www.meydan.tv\/az\/article\/icra-bascisinin-adamlari-mualice-diaqnostika-merkezini-doyus-meydanina-ceviribler\/\" \/>\n<meta property=\"og:locale\" content=\"az_AZ\" \/>\n<meta property=\"og:type\" content=\"article\" \/>\n<meta property=\"og:title\" content=\"\u201c\u0130cra ba\u015f\u00e7\u0131s\u0131n\u0131n adamlar\u0131 M\u00fcalic\u0259-Diaqnostika M\u0259rk\u0259zini d\u00f6y\u00fc\u015f meydan\u0131na \u00e7eviribl\u0259r\u201d - MEYDAN.TV\" \/>\n<meta property=\"og:description\" content=\"&quot;H\u0259r iki m\u00fcnaqi\u015f\u0259 t\u0259r\u0259find\u0259ki saxta diplomlu, adlar\u0131 m\u00fct\u0259madi d\u0259l\u0259duzluq cinay\u0259tl\u0259rind\u0259 hallanm\u0131\u015f \u015f\u0259xsl\u0259r ali t\u0259hsilli h\u0259kiml\u0259ri yox saym\u0131\u015f kimi, m\u0259rk\u0259z sa\u011fl\u0131q oca\u011f\u0131 deyilmi\u015f kimi \u00f6z aralar\u0131nda m\u00fcbariz\u0259 apar\u0131r&quot;\" \/>\n<meta property=\"og:url\" content=\"https:\/\/www.meydan.tv\/az\/article\/icra-bascisinin-adamlari-mualice-diaqnostika-merkezini-doyus-meydanina-ceviribler\/\" \/>\n<meta property=\"og:site_name\" content=\"MEYDAN.TV\" \/>\n<meta property=\"article:published_time\" content=\"2019-12-06T12:10:30+00:00\" \/>\n<meta property=\"og:image\" content=\"https:\/\/www.meydan.tv\/wp-content\/uploads\/28751406_420517198389486_82766339076259840_n.jpg\" \/>\n\t<meta property=\"og:image:width\" content=\"1080\" \/>\n\t<meta property=\"og:image:height\" content=\"1080\" \/>\n\t<meta property=\"og:image:type\" content=\"image\/jpeg\" \/>\n<meta name=\"author\" content=\"user-manager\" \/>\n<meta name=\"twitter:card\" content=\"summary_large_image\" \/>\n<script type=\"application\/ld+json\" class=\"yoast-schema-graph\">{\"@context\":\"https:\\\/\\\/schema.org\",\"@graph\":[{\"@type\":\"Article\",\"@id\":\"https:\\\/\\\/www.meydan.tv\\\/az\\\/article\\\/icra-bascisinin-adamlari-mualice-diaqnostika-merkezini-doyus-meydanina-ceviribler\\\/#article\",\"isPartOf\":{\"@id\":\"https:\\\/\\\/www.meydan.tv\\\/az\\\/article\\\/icra-bascisinin-adamlari-mualice-diaqnostika-merkezini-doyus-meydanina-ceviribler\\\/\"},\"author\":{\"name\":\"user-manager\",\"@id\":\"https:\\\/\\\/www.meydan.tv\\\/az\\\/#\\\/schema\\\/person\\\/10d11eccf6da3662cf5fdab9806ea91a\"},\"headline\":\"\u201c\u0130cra ba\u015f\u00e7\u0131s\u0131n\u0131n adamlar\u0131 M\u00fcalic\u0259-Diaqnostika M\u0259rk\u0259zini d\u00f6y\u00fc\u015f meydan\u0131na \u00e7eviribl\u0259r\u201d\",\"datePublished\":\"2019-12-06T12:10:30+00:00\",\"mainEntityOfPage\":{\"@id\":\"https:\\\/\\\/www.meydan.tv\\\/az\\\/article\\\/icra-bascisinin-adamlari-mualice-diaqnostika-merkezini-doyus-meydanina-ceviribler\\\/\"},\"wordCount\":1254,\"publisher\":{\"@id\":\"https:\\\/\\\/www.meydan.tv\\\/az\\\/#organization\"},\"image\":{\"@id\":\"https:\\\/\\\/www.meydan.tv\\\/az\\\/article\\\/icra-bascisinin-adamlari-mualice-diaqnostika-merkezini-doyus-meydanina-ceviribler\\\/#primaryimage\"},\"thumbnailUrl\":\"https:\\\/\\\/www.meydan.tv\\\/wp-content\\\/uploads\\\/28751406_420517198389486_82766339076259840_n.jpg\",\"articleSection\":[\"B\u00f6lg\u0259\"],\"inLanguage\":\"az\"},{\"@type\":\"WebPage\",\"@id\":\"https:\\\/\\\/www.meydan.tv\\\/az\\\/article\\\/icra-bascisinin-adamlari-mualice-diaqnostika-merkezini-doyus-meydanina-ceviribler\\\/\",\"url\":\"https:\\\/\\\/www.meydan.tv\\\/az\\\/article\\\/icra-bascisinin-adamlari-mualice-diaqnostika-merkezini-doyus-meydanina-ceviribler\\\/\",\"name\":\"\u201c\u0130cra ba\u015f\u00e7\u0131s\u0131n\u0131n adamlar\u0131 M\u00fcalic\u0259-Diaqnostika M\u0259rk\u0259zini d\u00f6y\u00fc\u015f meydan\u0131na \u00e7eviribl\u0259r\u201d - MEYDAN.TV\",\"isPartOf\":{\"@id\":\"https:\\\/\\\/www.meydan.tv\\\/az\\\/#website\"},\"primaryImageOfPage\":{\"@id\":\"https:\\\/\\\/www.meydan.tv\\\/az\\\/article\\\/icra-bascisinin-adamlari-mualice-diaqnostika-merkezini-doyus-meydanina-ceviribler\\\/#primaryimage\"},\"image\":{\"@id\":\"https:\\\/\\\/www.meydan.tv\\\/az\\\/article\\\/icra-bascisinin-adamlari-mualice-diaqnostika-merkezini-doyus-meydanina-ceviribler\\\/#primaryimage\"},\"thumbnailUrl\":\"https:\\\/\\\/www.meydan.tv\\\/wp-content\\\/uploads\\\/28751406_420517198389486_82766339076259840_n.jpg\",\"datePublished\":\"2019-12-06T12:10:30+00:00\",\"breadcrumb\":{\"@id\":\"https:\\\/\\\/www.meydan.tv\\\/az\\\/article\\\/icra-bascisinin-adamlari-mualice-diaqnostika-merkezini-doyus-meydanina-ceviribler\\\/#breadcrumb\"},\"inLanguage\":\"az\",\"potentialAction\":[{\"@type\":\"ReadAction\",\"target\":[\"https:\\\/\\\/www.meydan.tv\\\/az\\\/article\\\/icra-bascisinin-adamlari-mualice-diaqnostika-merkezini-doyus-meydanina-ceviribler\\\/\"]}]},{\"@type\":\"ImageObject\",\"inLanguage\":\"az\",\"@id\":\"https:\\\/\\\/www.meydan.tv\\\/az\\\/article\\\/icra-bascisinin-adamlari-mualice-diaqnostika-merkezini-doyus-meydanina-ceviribler\\\/#primaryimage\",\"url\":\"https:\\\/\\\/www.meydan.tv\\\/wp-content\\\/uploads\\\/28751406_420517198389486_82766339076259840_n.jpg\",\"contentUrl\":\"https:\\\/\\\/www.meydan.tv\\\/wp-content\\\/uploads\\\/28751406_420517198389486_82766339076259840_n.jpg\",\"width\":1080,\"height\":1080,\"caption\":\"Source: Foto: arxiv\"},{\"@type\":\"BreadcrumbList\",\"@id\":\"https:\\\/\\\/www.meydan.tv\\\/az\\\/article\\\/icra-bascisinin-adamlari-mualice-diaqnostika-merkezini-doyus-meydanina-ceviribler\\\/#breadcrumb\",\"itemListElement\":[{\"@type\":\"ListItem\",\"position\":1,\"name\":\"Ana s\u0259hif\u0259\",\"item\":\"https:\\\/\\\/www.meydan.tv\\\/az\\\/\"},{\"@type\":\"ListItem\",\"position\":2,\"name\":\"B\u00f6lg\u0259\",\"item\":\"https:\\\/\\\/www.meydan.tv\\\/az\\\/section\\\/bolge\\\/\"},{\"@type\":\"ListItem\",\"position\":3,\"name\":\"\u201c\u0130cra ba\u015f\u00e7\u0131s\u0131n\u0131n adamlar\u0131 M\u00fcalic\u0259-Diaqnostika M\u0259rk\u0259zini d\u00f6y\u00fc\u015f meydan\u0131na \u00e7eviribl\u0259r\u201d\"}]},{\"@type\":\"WebSite\",\"@id\":\"https:\\\/\\\/www.meydan.tv\\\/az\\\/#website\",\"url\":\"https:\\\/\\\/www.meydan.tv\\\/az\\\/\",\"name\":\"MEYDAN.TV\",\"description\":\"Meydan TV Az\u0259rbaycan\u0131n media m\u0259kan\u0131ndak\u0131 alternativ s\u0259sidir\",\"publisher\":{\"@id\":\"https:\\\/\\\/www.meydan.tv\\\/az\\\/#organization\"},\"potentialAction\":[{\"@type\":\"SearchAction\",\"target\":{\"@type\":\"EntryPoint\",\"urlTemplate\":\"https:\\\/\\\/www.meydan.tv\\\/az\\\/?s={search_term_string}\"},\"query-input\":{\"@type\":\"PropertyValueSpecification\",\"valueRequired\":true,\"valueName\":\"search_term_string\"}}],\"inLanguage\":\"az\"},{\"@type\":\"Organization\",\"@id\":\"https:\\\/\\\/www.meydan.tv\\\/az\\\/#organization\",\"name\":\"Meydan TV\",\"url\":\"https:\\\/\\\/www.meydan.tv\\\/az\\\/\",\"logo\":{\"@type\":\"ImageObject\",\"inLanguage\":\"az\",\"@id\":\"https:\\\/\\\/www.meydan.tv\\\/az\\\/#\\\/schema\\\/logo\\\/image\\\/\",\"url\":\"https:\\\/\\\/www.meydan.tv\\\/wp-content\\\/uploads\\\/2021\\\/07\\\/meydan-logo.svg\",\"contentUrl\":\"https:\\\/\\\/www.meydan.tv\\\/wp-content\\\/uploads\\\/2021\\\/07\\\/meydan-logo.svg\",\"width\":195,\"height\":46,\"caption\":\"Meydan TV\"},\"image\":{\"@id\":\"https:\\\/\\\/www.meydan.tv\\\/az\\\/#\\\/schema\\\/logo\\\/image\\\/\"}},{\"@type\":\"Person\",\"@id\":\"https:\\\/\\\/www.meydan.tv\\\/az\\\/#\\\/schema\\\/person\\\/10d11eccf6da3662cf5fdab9806ea91a\",\"name\":\"user-manager\"}]}<\/script>\n<!-- \/ Yoast SEO plugin. -->","yoast_head_json":{"title":"\u201c\u0130cra ba\u015f\u00e7\u0131s\u0131n\u0131n adamlar\u0131 M\u00fcalic\u0259-Diaqnostika M\u0259rk\u0259zini d\u00f6y\u00fc\u015f meydan\u0131na \u00e7eviribl\u0259r\u201d - MEYDAN.TV","robots":{"index":"index","follow":"follow","max-snippet":"max-snippet:-1","max-image-preview":"max-image-preview:large","max-video-preview":"max-video-preview:-1"},"canonical":"https:\/\/www.meydan.tv\/az\/article\/icra-bascisinin-adamlari-mualice-diaqnostika-merkezini-doyus-meydanina-ceviribler\/","og_locale":"az_AZ","og_type":"article","og_title":"\u201c\u0130cra ba\u015f\u00e7\u0131s\u0131n\u0131n adamlar\u0131 M\u00fcalic\u0259-Diaqnostika M\u0259rk\u0259zini d\u00f6y\u00fc\u015f meydan\u0131na \u00e7eviribl\u0259r\u201d - MEYDAN.TV","og_description":"\"H\u0259r iki m\u00fcnaqi\u015f\u0259 t\u0259r\u0259find\u0259ki saxta diplomlu, adlar\u0131 m\u00fct\u0259madi d\u0259l\u0259duzluq cinay\u0259tl\u0259rind\u0259 hallanm\u0131\u015f \u015f\u0259xsl\u0259r ali t\u0259hsilli h\u0259kiml\u0259ri yox saym\u0131\u015f kimi, m\u0259rk\u0259z sa\u011fl\u0131q oca\u011f\u0131 deyilmi\u015f kimi \u00f6z aralar\u0131nda m\u00fcbariz\u0259 apar\u0131r\"","og_url":"https:\/\/www.meydan.tv\/az\/article\/icra-bascisinin-adamlari-mualice-diaqnostika-merkezini-doyus-meydanina-ceviribler\/","og_site_name":"MEYDAN.TV","article_published_time":"2019-12-06T12:10:30+00:00","og_image":[{"width":1080,"height":1080,"url":"https:\/\/www.meydan.tv\/wp-content\/uploads\/28751406_420517198389486_82766339076259840_n.jpg","type":"image\/jpeg"}],"author":"user-manager","twitter_card":"summary_large_image","schema":{"@context":"https:\/\/schema.org","@graph":[{"@type":"Article","@id":"https:\/\/www.meydan.tv\/az\/article\/icra-bascisinin-adamlari-mualice-diaqnostika-merkezini-doyus-meydanina-ceviribler\/#article","isPartOf":{"@id":"https:\/\/www.meydan.tv\/az\/article\/icra-bascisinin-adamlari-mualice-diaqnostika-merkezini-doyus-meydanina-ceviribler\/"},"author":{"name":"user-manager","@id":"https:\/\/www.meydan.tv\/az\/#\/schema\/person\/10d11eccf6da3662cf5fdab9806ea91a"},"headline":"\u201c\u0130cra ba\u015f\u00e7\u0131s\u0131n\u0131n adamlar\u0131 M\u00fcalic\u0259-Diaqnostika M\u0259rk\u0259zini d\u00f6y\u00fc\u015f meydan\u0131na \u00e7eviribl\u0259r\u201d","datePublished":"2019-12-06T12:10:30+00:00","mainEntityOfPage":{"@id":"https:\/\/www.meydan.tv\/az\/article\/icra-bascisinin-adamlari-mualice-diaqnostika-merkezini-doyus-meydanina-ceviribler\/"},"wordCount":1254,"publisher":{"@id":"https:\/\/www.meydan.tv\/az\/#organization"},"image":{"@id":"https:\/\/www.meydan.tv\/az\/article\/icra-bascisinin-adamlari-mualice-diaqnostika-merkezini-doyus-meydanina-ceviribler\/#primaryimage"},"thumbnailUrl":"https:\/\/www.meydan.tv\/wp-content\/uploads\/28751406_420517198389486_82766339076259840_n.jpg","articleSection":["B\u00f6lg\u0259"],"inLanguage":"az"},{"@type":"WebPage","@id":"https:\/\/www.meydan.tv\/az\/article\/icra-bascisinin-adamlari-mualice-diaqnostika-merkezini-doyus-meydanina-ceviribler\/","url":"https:\/\/www.meydan.tv\/az\/article\/icra-bascisinin-adamlari-mualice-diaqnostika-merkezini-doyus-meydanina-ceviribler\/","name":"\u201c\u0130cra ba\u015f\u00e7\u0131s\u0131n\u0131n adamlar\u0131 M\u00fcalic\u0259-Diaqnostika M\u0259rk\u0259zini d\u00f6y\u00fc\u015f meydan\u0131na \u00e7eviribl\u0259r\u201d - MEYDAN.TV","isPartOf":{"@id":"https:\/\/www.meydan.tv\/az\/#website"},"primaryImageOfPage":{"@id":"https:\/\/www.meydan.tv\/az\/article\/icra-bascisinin-adamlari-mualice-diaqnostika-merkezini-doyus-meydanina-ceviribler\/#primaryimage"},"image":{"@id":"https:\/\/www.meydan.tv\/az\/article\/icra-bascisinin-adamlari-mualice-diaqnostika-merkezini-doyus-meydanina-ceviribler\/#primaryimage"},"thumbnailUrl":"https:\/\/www.meydan.tv\/wp-content\/uploads\/28751406_420517198389486_82766339076259840_n.jpg","datePublished":"2019-12-06T12:10:30+00:00","breadcrumb":{"@id":"https:\/\/www.meydan.tv\/az\/article\/icra-bascisinin-adamlari-mualice-diaqnostika-merkezini-doyus-meydanina-ceviribler\/#breadcrumb"},"inLanguage":"az","potentialAction":[{"@type":"ReadAction","target":["https:\/\/www.meydan.tv\/az\/article\/icra-bascisinin-adamlari-mualice-diaqnostika-merkezini-doyus-meydanina-ceviribler\/"]}]},{"@type":"ImageObject","inLanguage":"az","@id":"https:\/\/www.meydan.tv\/az\/article\/icra-bascisinin-adamlari-mualice-diaqnostika-merkezini-doyus-meydanina-ceviribler\/#primaryimage","url":"https:\/\/www.meydan.tv\/wp-content\/uploads\/28751406_420517198389486_82766339076259840_n.jpg","contentUrl":"https:\/\/www.meydan.tv\/wp-content\/uploads\/28751406_420517198389486_82766339076259840_n.jpg","width":1080,"height":1080,"caption":"Source: Foto: arxiv"},{"@type":"BreadcrumbList","@id":"https:\/\/www.meydan.tv\/az\/article\/icra-bascisinin-adamlari-mualice-diaqnostika-merkezini-doyus-meydanina-ceviribler\/#breadcrumb","itemListElement":[{"@type":"ListItem","position":1,"name":"Ana s\u0259hif\u0259","item":"https:\/\/www.meydan.tv\/az\/"},{"@type":"ListItem","position":2,"name":"B\u00f6lg\u0259","item":"https:\/\/www.meydan.tv\/az\/section\/bolge\/"},{"@type":"ListItem","position":3,"name":"\u201c\u0130cra ba\u015f\u00e7\u0131s\u0131n\u0131n adamlar\u0131 M\u00fcalic\u0259-Diaqnostika M\u0259rk\u0259zini d\u00f6y\u00fc\u015f meydan\u0131na \u00e7eviribl\u0259r\u201d"}]},{"@type":"WebSite","@id":"https:\/\/www.meydan.tv\/az\/#website","url":"https:\/\/www.meydan.tv\/az\/","name":"MEYDAN.TV","description":"Meydan TV Az\u0259rbaycan\u0131n media m\u0259kan\u0131ndak\u0131 alternativ s\u0259sidir","publisher":{"@id":"https:\/\/www.meydan.tv\/az\/#organization"},"potentialAction":[{"@type":"SearchAction","target":{"@type":"EntryPoint","urlTemplate":"https:\/\/www.meydan.tv\/az\/?s={search_term_string}"},"query-input":{"@type":"PropertyValueSpecification","valueRequired":true,"valueName":"search_term_string"}}],"inLanguage":"az"},{"@type":"Organization","@id":"https:\/\/www.meydan.tv\/az\/#organization","name":"Meydan TV","url":"https:\/\/www.meydan.tv\/az\/","logo":{"@type":"ImageObject","inLanguage":"az","@id":"https:\/\/www.meydan.tv\/az\/#\/schema\/logo\/image\/","url":"https:\/\/www.meydan.tv\/wp-content\/uploads\/2021\/07\/meydan-logo.svg","contentUrl":"https:\/\/www.meydan.tv\/wp-content\/uploads\/2021\/07\/meydan-logo.svg","width":195,"height":46,"caption":"Meydan TV"},"image":{"@id":"https:\/\/www.meydan.tv\/az\/#\/schema\/logo\/image\/"}},{"@type":"Person","@id":"https:\/\/www.meydan.tv\/az\/#\/schema\/person\/10d11eccf6da3662cf5fdab9806ea91a","name":"user-manager"}]}},"_links":{"self":[{"href":"https:\/\/www.meydan.tv\/az\/wp-json\/wp\/v2\/posts\/198259","targetHints":{"allow":["GET"]}}],"collection":[{"href":"https:\/\/www.meydan.tv\/az\/wp-json\/wp\/v2\/posts"}],"about":[{"href":"https:\/\/www.meydan.tv\/az\/wp-json\/wp\/v2\/types\/post"}],"author":[{"embeddable":true,"href":"https:\/\/www.meydan.tv\/az\/wp-json\/wp\/v2\/users\/11"}],"replies":[{"embeddable":true,"href":"https:\/\/www.meydan.tv\/az\/wp-json\/wp\/v2\/comments?post=198259"}],"version-history":[{"count":0,"href":"https:\/\/www.meydan.tv\/az\/wp-json\/wp\/v2\/posts\/198259\/revisions"}],"wp:featuredmedia":[{"embeddable":true,"href":"https:\/\/www.meydan.tv\/az\/wp-json\/wp\/v2\/media\/134054"}],"wp:attachment":[{"href":"https:\/\/www.meydan.tv\/az\/wp-json\/wp\/v2\/media?parent=198259"}],"wp:term":[{"taxonomy":"category","embeddable":true,"href":"https:\/\/www.meydan.tv\/az\/wp-json\/wp\/v2\/categories?post=198259"},{"taxonomy":"post_tag","embeddable":true,"href":"https:\/\/www.meydan.tv\/az\/wp-json\/wp\/v2\/tags?post=198259"}],"curies":[{"name":"wp","href":"https:\/\/api.w.org\/{rel}","templated":true}]}}