{"id":198244,"date":"2019-12-05T11:50:58","date_gmt":"2019-12-05T11:50:58","guid":{"rendered":"https:\/\/www.meydan.tv\/article\/qarabag-muharibesi-veterani-vekil-evimi-elimden-almaq-isteyir\/"},"modified":"2019-12-05T11:50:58","modified_gmt":"2019-12-05T11:50:58","slug":"qarabag-muharibesi-veterani-vekil-evimi-elimden-almaq-isteyir","status":"publish","type":"post","link":"https:\/\/www.meydan.tv\/az\/article\/qarabag-muharibesi-veterani-vekil-evimi-elimden-almaq-isteyir\/","title":{"rendered":"Qaraba\u011f m\u00fcharib\u0259si veteran\u0131: V\u0259kil evimi \u0259limd\u0259n almaq ist\u0259yir"},"content":{"rendered":"<p>\n  <i><br \/>\n    \u201cPrezident\u0259, Birinci vitse-prezident\u0259 m\u00fcraci\u0259t etmi\u015f\u0259m\u201d<br \/>\n  <\/i>\n<\/p>\n<p>\n  \u018ffqan\u0131stan v\u0259 I Qaraba\u011f m\u00fcharib\u0259si veteran\u0131, 3-c\u00fc qrup \u0259lil \u018fb\u00fclf\u0259t H\u0259\u015fimov 12 il \u0259vv\u0259l ald\u0131\u011f\u0131 m\u0259nzilini itirm\u0259k t\u0259hl\u00fck\u0259si il\u0259 \u00fczl\u0259\u015fib. O, bu t\u0259hl\u00fck\u0259ni ona v\u0259t\u0259nda\u015flar\u0131n h\u00fcquqlar\u0131n\u0131 qorumal\u0131 olan v\u0259kil Vaqif \u018fliyevin yaratd\u0131\u011f\u0131n\u0131 deyir.\n<\/p>\n<p>\n  \u015eikay\u0259t\u00e7i deyir ki, h\u0259r \u015fey 1994-c\u00fc ild\u0259 sabiq prezident Heyd\u0259r \u018fliyevin ona ba\u011f\u0131\u015flad\u0131\u011f\u0131 1 otaql\u0131 evi sataraq, 3 otaql\u0131 m\u0259nzil almas\u0131ndan sonra ba\u015flay\u0131b.\n<\/p>\n<p>\n  \u018fb\u00fclf\u0259t H\u0259\u015fimov Meydan TV-y\u0259 deyib ki, 2007-ci ilin avqustunda Xan\u0131mq\u0131z Aslanovadan Sumqay\u0131t \u015f\u0259h\u0259r, 10-cu mikrorayon, ev 55 \u00fcnvan\u0131nda m\u0259nzil al\u0131b. Bunun \u00fc\u00e7\u00fcn ona 36 min 500 dollar \u00f6d\u0259yib:\n<\/p>\n<p>\n  \u201cM\u0259nzili alark\u0259n m\u00fclk s\u0259n\u0259di (\u201ckup\u00e7a\u201d) olub, ancaq m\u0259n almazdan \u0259vv\u0259l M\u0130S-d\u0259n evd\u0259 kiml\u0259rin qeydiyyatda olub-olmamas\u0131 haqda da aray\u0131\u015f ald\u0131m. M\u0259lum oldu ki, m\u0259nzild\u0259 m\u0259n\u0259 evi satan Xan\u0131mq\u0131z Aslanova v\u0259 h\u0259yat yolda\u015f\u0131 Q\u00fcdr\u0259t Aslanovdan ba\u015fqa \u00fc\u00e7\u00fcnc\u00fc \u015f\u0259xs qeydiyyatda deyil. Ev t\u0259mirsiz idi, qohumlar\u0131m\u0131n maddi k\u00f6m\u0259yi il\u0259 t\u0259mir etdirdim. Ancaq 1 ay sonra Sumqay\u0131t Apelyasiya M\u0259hk\u0259m\u0259sind\u0259n problemli m\u0259nzil olmas\u0131 haqda m\u0259ktub ald\u0131m. Q\u0259rib\u0259 v\u0259ziyy\u0259t idi, m\u00fclk s\u0259n\u0259di, M\u0130S-d\u0259n m\u0259nzild\u0259 2 n\u0259f\u0259rd\u0259n ba\u015fqa qeydiyyatda olmad\u0131\u011f\u0131 haqda aray\u0131\u015f m\u0259nd\u0259 oldu\u011fu halda hans\u0131 problem ola bil\u0259rdi? M\u0259hk\u0259m\u0259 ara\u015fd\u0131rmas\u0131 zaman\u0131 m\u0259lum oldu ki, m\u0259nzil Qalina Kaz\u0131movan\u0131n ad\u0131na olub, \u00f6l\u00fcm\u00fcn\u0259 yax\u0131n evi Xan\u0131mq\u0131z Aslanovaya sat\u0131b. Ancaq onun Ukraynada ya\u015fayan o\u011flu Ayd\u0131n Kaz\u0131mov v\u0259kil Vaqif \u018fliyev vasit\u0259sil\u0259 iddia \u0259riz\u0259si verib ki, guya m\u0259nzil onundur. M\u0259hk\u0259m\u0259d\u0259 Xan\u0131mq\u0131z Aslanova arxivd\u0259n s\u0259n\u0259d t\u0259qdim etdi ki, evi ad\u0131na ke\u00e7ir\u0259nd\u0259 m\u00fclk s\u0259n\u0259di nam\u0259lum \u015f\u0259raitd\u0259 itdiyind\u0259n m\u0259hk\u0259m\u0259y\u0259 m\u00fcraci\u0259t edib v\u0259 m\u0259nzilin ona m\u0259xsus olmas\u0131 bar\u0259d\u0259 s\u0259n\u0259d al\u0131b. Eyni zamanda, m\u0259hk\u0259m\u0259 Xan\u0131mq\u0131z Aslanovadan Qalina Kaz\u0131movan\u0131n \u00f6vladlar\u0131n\u0131n evi onun ad\u0131na ke\u00e7irm\u0259k \u00fc\u00e7\u00fcn raz\u0131l\u0131q s\u0259n\u0259di t\u0259l\u0259b edib. N\u0259tic\u0259d\u0259 Qalina Kaz\u0131movan\u0131n Ukraynada ya\u015fayan \u00f6vladlar\u0131 Ayd\u0131n Kaz\u0131mov v\u0259 Tamara Kaz\u0131mova Bak\u0131ya g\u0259lib notarius vasit\u0259sil\u0259 onlara d\u00fc\u015f\u0259n ev pay\u0131ndan imtina etdikl\u0259ri haqda raz\u0131l\u0131q s\u0259n\u0259din\u0259 imza at\u0131blar. V\u0259 buna g\u00f6r\u0259 Xan\u0131mq\u0131z Aslanovadan h\u0259r biri 2 min dollar al\u0131blar v\u0259 h\u0259min s\u0259n\u0259d m\u0259hk\u0259m\u0259y\u0259 t\u0259qdim olundu. Bel\u0259likl\u0259, hakim Yusif Cavadovun s\u0259drliyi il\u0259 ke\u00e7iril\u0259n prosesd\u0259 yerli m\u0259hk\u0259m\u0259nin q\u0259rar\u0131n\u0131 q\u00fcvv\u0259d\u0259 saxlad\u0131. M\u0259hk\u0259m\u0259d\u0259 o da m\u0259lum oldu ki, Xan\u0131mq\u0131z Aslanova Qalina Kaz\u0131movadan evi 5.500 dollara al\u0131b. Bunu prosesd\u0259 qon\u015fular da \u015fahid qismind\u0259 t\u0259sdiql\u0259dil\u0259r\u201d.\n<\/p>\n<figure class=\"wp-block-image size-large\">\n  <img decoding=\"async\" src=\"https:\/\/www.meydan.tv\/az\/img-20191202-wa00091-jpg\/\" alt=\"IMG-20191202-WA0009[1].jpg\" class=\"wp-image-133997\"\/><figcaption>\n    M\u0259nzilin Xan\u0131mq\u0131z Aslanovaya m\u0259xsuslu\u011funu t\u0259sdiql\u0259y\u0259n m\u00fclk s\u0259n\u0259di<br \/>\n  <\/figcaption><\/figure>\n<p>\n  \u018fb\u00fclf\u0259z H\u0259\u015fimov apelyasiya q\u0259rar\u0131n\u0131n 3 ay tamam olmas\u0131na 3 g\u00fcn qalanda Ali M\u0259hk\u0259m\u0259d\u0259n daha bir m\u0259ktub al\u0131b:\n<\/p>\n<p>\n  \u201cM\u0259lum oldu ki, Vaqif \u018fliyev kassasiya \u015fikay\u0259ti verib. Amma m\u0259ktub m\u0259n\u0259 yox, Xan\u0131mq\u0131z Aslanovan\u0131n ad\u0131na g\u0259lmi\u015fdi. O, evd\u0259 qeydiyyatda olsa da, ya\u015fam\u0131rd\u0131. M\u0259hk\u0259m\u0259 prosesl\u0259ri vaxt\u0131m\u0131z\u0131 ald\u0131\u011f\u0131 \u00fc\u00e7\u00fcn qeydiyyatdan \u00e7\u0131xarda bilm\u0259dim, indi d\u0259 qal\u0131r. Ali M\u0259hk\u0259m\u0259d\u0259 hakim Q\u0259hr\u0259man Allahverdiyin s\u0259drliyi ke\u00e7iril\u0259n prosesd\u0259 kassasiya \u015fikay\u0259ti t\u0259min edildi v\u0259 i\u015f yenid\u0259n apelyasiyaya g\u00f6nd\u0259rildi. Guya Sumqay\u0131t m\u0259hk\u0259m\u0259l\u0259rind\u0259 i\u015f\u0259 qanuni bax\u0131lmay\u0131b. H\u0259l\u0259 bu g\u00f6r\u00fcn\u0259n t\u0259r\u0259fidir, prosesd\u0259 a\u015fkarland\u0131 ki, Qalina Kaz\u0131movan\u0131n \u00f6vladlar\u0131n\u0131n m\u0259nzil pay\u0131ndan imtina etdikl\u0259ri haqda notarius s\u0259n\u0259di, \u201ckup\u00e7a\u201d v\u0259 onun \u00f6z\u00fcn\u00fcn imzal\u0131 m\u0259ktubu i\u015f materiallar\u0131nda yoxdur. Y\u0259ni bu s\u0259n\u0259dl\u0259r \u201citib\u201d. Dem\u0259li, Vaqif \u018fliyev \u00f6z \u0259laq\u0259l\u0259ri vasit\u0259sil\u0259 Ali M\u0259hk\u0259m\u0259d\u0259n ist\u0259diyi q\u0259rar\u0131 ala bildi. \u0130\u015f\u0259 yenid\u0259n baxan \u015f\u0259h\u0259r m\u0259hk\u0259m\u0259sind\u0259 hakim Rasim \u0130sg\u0259nd\u0259rov Xan\u0131mq\u0131z Aslanovan\u0131n \u0259leyhin\u0259 q\u0259rar \u00e7\u0131xartd\u0131 v\u0259 i\u015f yenid\u0259n Ali M\u0259hk\u0259m\u0259y\u0259 getdi, orda da \u0259leyhimiz\u0259 h\u00f6km \u00e7\u0131xar\u0131ld\u0131. Q\u0259tnam\u0259d\u0259 qeyd olunub ki, ev \u0259vv\u0259lki v\u0259ziyy\u0259tin\u0259 g\u0259tirilsin, y\u0259ni v\u0259fat etmi\u015f Qalina Kaz\u0131movan\u0131n ad\u0131na r\u0259smil\u0259\u015fdirilsin. Absurda bax\u0131n, m\u0259hk\u0259m\u0259 \u00f6lm\u00fc\u015f adam\u0131n ad\u0131na evin r\u0259smil\u0259\u015fdirilm\u0259si bar\u0259d\u0259 q\u0259rar \u00e7\u0131xard\u0131r. Bir ha\u015fiy\u0259 \u00e7\u0131x\u0131m, prosesd\u0259 art\u0131q Ayd\u0131n Kaz\u0131mov yox, Vaqif \u018fliyev canf\u0259\u015fanl\u0131q edirdi. M\u0259n yaln\u0131z bundan sonra \u00f6z\u00fcm proses\u0259 m\u00fcdaxil\u0259 etdim, \u00e7\u00fcnki ortada 36 min dollardan \u00e7ox pulumun itm\u0259si t\u0259hl\u00fck\u0259si yaranm\u0131\u015fd\u0131. \u0130\u015f\u0259 yenid\u0259n Sumqay\u0131t \u015e\u0259h\u0259r M\u0259hk\u0259m\u0259sind\u0259 hakim \u015e\u00f6vk\u0259t N\u0259c\u0259fova baxd\u0131, m\u0259nzil\u0259 55 min manat qiym\u0259t qoyuldu. V\u0259kil Vaqif \u018fliyev m\u0259bl\u0259\u011fin \u00e7ox olmas\u0131 haqda \u015fikay\u0259t verdi. \u0130\u015f apelyasiyaya g\u00f6nd\u0259rildi, hakim Nazim N\u0259c\u0259fovun s\u0259drliyi il\u0259 ke\u00e7iril\u0259n iclasda q\u0259bul edil\u0259n q\u0259tnam\u0259d\u0259 qeyd olundu ki, al\u0131c\u0131 \u018fb\u00fclf\u0259t H\u0259\u015fimovun maraqlar\u0131na toxunmamaq \u015f\u0259rtil\u0259 icra \u015f\u00f6b\u0259si Ayd\u0131n Kaz\u0131movdan 5500 dollar al\u0131b Xan\u0131mq\u0131z Aslanovaya verm\u0259li, o da bunun \u00fcst\u00fcn\u00fc d\u00fcz\u0259ldib m\u0259n\u0259 43 min manat \u00f6d\u0259m\u0259lidir. Bug\u00fcnk\u00fc g\u00fcn Sumqay\u0131tda 43 min manata 1 otaql\u0131 ev d\u0259 almaq m\u00fcmk\u00fcn deyil. Oktyabr\u0131n 4-d\u0259 m\u0259hk\u0259m\u0259d\u0259 Vaqif \u018fliyev 5500 dollar\u0131 verirdi, \u00e7\u00fcnki evi o almaq ist\u0259yir. Burda bir ha\u015fiy\u0259 \u00e7\u0131x\u0131m: 3 il \u0259vv\u0259l m\u0259ni Sumqay\u0131t \u015e\u0259h\u0259r M\u0259hk\u0259m\u0259sinin icra \u015f\u00f6b\u0259sin\u0259 \u00e7a\u011f\u0131rd\u0131lar, s\u0259drin kabinetin\u0259 daxil olanda Vaqif \u018fliyevi d\u0259 orda g\u00f6rd\u00fcm. S\u0259dr dedi ki, camaat\u0131n evini niy\u0259 bo\u015faltm\u0131rs\u0131n\u0131z, sual verdim ki, m\u0259nim m\u00fclk s\u0259n\u0259dim oldu\u011fu halda niy\u0259 bo\u015faltmal\u0131yam v\u0259 evi bo\u015fald\u0131b kim\u0259 ver\u0259siy\u0259m? Ayd\u0131n Kaz\u0131movun ad\u0131n\u0131 \u00e7\u0259k\u0259nd\u0259, bu adam\u0131n notariusda ev pay\u0131ndan imtina etm\u0259si haqq\u0131nda s\u0259n\u0259di t\u0259qdim etdim. Bunu g\u00f6r\u0259nd\u0259, s\u0259dr susdu, Vaqif \u018fliyev is\u0259 q\u0131zard\u0131. \u00c7\u00fcnki Vaqif \u018flliyev el\u0259 bilirdi ki, h\u0259min s\u0259n\u0259dd\u0259n bir \u0259d\u0259d olub, o da itib, halbuki, orjinal\u0131 m\u0259nd\u0259ydi. M\u0259hk\u0259m\u0259d\u0259n \u00e7\u0131xanda Vaqif \u018fliyev iki o\u011fluya d\u00fc\u015fd\u00fcl\u0259r \u00fcst\u00fcm\u0259 ki, evi bo\u015faltmal\u0131san. Deyirdi ki, s\u0259nd\u0259ki m\u00fclk s\u0259n\u0259di saxtad\u0131r, m\u0259g\u0259r, d\u00f6vl\u0259tin \u201ckup\u00e7a\u201ds\u0131 saxta olur? M\u0259nd\u0259 m\u00fclk s\u0259n\u0259di var v\u0259 h\u0259min evd\u0259 qeydiyyatdayam. M\u0130S-d\u0259n aray\u0131\u015f\u0131m var, \u0259g\u0259r \u201ckup\u00e7a\u201d saxtayd\u0131sa, niy\u0259 aray\u0131\u015f verirdil\u0259r?! M\u0259n Xan\u0131mq\u0131z Aslanovadan qanuni s\u0259n\u0259dl\u0259 ev alm\u0131\u015fam, notariusda t\u0259sdiql\u0259nib v\u0259 bank vasit\u0259sil\u0259 pulu \u00f6d\u0259mi\u015f\u0259m.\n<\/p>\n<p>\n  Vaqif \u018fliyevin bir o\u011flu \u015f\u0259h\u0259r \u0130qtisad M\u0259hk\u0259m\u0259sind\u0259 hakim k\u00f6m\u0259k\u00e7isi i\u015fl\u0259yir. B\u0259lk\u0259 bu sual\u0131m\u0131n yeri deyil, amma verm\u0259liy\u0259m, bu adam hakim k\u00f6m\u0259k\u00e7isi kimi n\u0259 q\u0259d\u0259r maa\u015f al\u0131r ki, paytaxtdak\u0131 yeni tikilid\u0259n ev al\u0131b? \u0130ddia edir\u0259m ki, ald\u0131\u011f\u0131 r\u00fc\u015fv\u0259tl\u0259rin hesab\u0131na m\u0259nzil \u0259ld\u0259 edib\u201d.\n<\/p>\n<figure class=\"wp-block-image size-large\">\n  <img decoding=\"async\" src=\"https:\/\/www.meydan.tv\/az\/img-20191202-wa00101-jpg\/\" alt=\"IMG-20191202-WA0010[1].jpg\" class=\"wp-image-134000\"\/><figcaption>\n    M\u0259nzilin \u018fb\u00fclf\u0259z H\u0259\u015fimova m\u0259xsus oldu\u011funu t\u0259sdiql\u0259y\u0259n m\u00fclk s\u0259n\u0259di<br \/>\n  <\/figcaption><\/figure>\n<p>\n  \u018fb\u00fclf\u0259t H\u0259\u015fimov bildirib ki, o, m\u0259nzilin yenid\u0259n qiym\u0259tl\u0259ndirilm\u0259si il\u0259 ba\u011fl\u0131 iddia qald\u0131r\u0131b:\n<\/p>\n<p>\n  \u201c\u00c7\u00fcnki 2007-ci ild\u0259 m\u0259nzili 36 500 dollara alm\u0131\u015fam, h\u0259min ild\u0259n sonra dollar d\u0259f\u0259l\u0259rl\u0259 bahala\u015f\u0131b v\u0259 evi t\u0259mir etmi\u015f\u0259m, x\u0259rcim \u00e7\u0131x\u0131b. Ona g\u00f6r\u0259 indeksasiya ke\u00e7irilm\u0259li v\u0259 yenid\u0259n qiym\u0259tl\u0259ndirm\u0259 olmal\u0131d\u0131r. G\u0259tirib 80 min manat versinl\u0259r, evi bo\u015fald\u0131ram. M\u0259n \u018ffqan\u0131stan v\u0259 Qaraba\u011f m\u00fcharib\u0259l\u0259rind\u0259 i\u015ftirak etmi\u015f\u0259m, \u00f6z\u00fcm d\u0259 \u0259lil\u0259m, indi bu v\u0259ziyy\u0259td\u0259 bomj kimi k\u00fc\u00e7\u0259d\u0259 qalmal\u0131yam?! Qar\u015f\u0131la\u015fd\u0131\u011f\u0131m \u00f6zba\u015f\u0131nal\u0131qla ba\u011fl\u0131 d\u00f6vl\u0259t ba\u015f\u00e7\u0131s\u0131 \u0130lham \u018fliyev\u0259 v\u0259 Birinci vitse-prezident Mehriban \u018fliyevaya m\u00fcraci\u0259t etmi\u015f\u0259m, amma m\u0259ktublar\u0131m\u0131n onlara \u00e7atd\u0131\u011f\u0131na \u015f\u00fcbh\u0259yl\u0259 yana\u015f\u0131ram, \u00e7\u00fcnki h\u0259l\u0259 reaksiya yoxdur. Ali M\u0259hk\u0259m\u0259nin s\u0259dri Ramiz Rzayev\u0259, Milli M\u0259clis\u0259, D\u00f6vl\u0259t T\u0259hl\u00fck\u0259sizlik Xidm\u0259tin\u0259 yazm\u0131\u015fam. El\u0259 Meydan TV vasit\u0259sil\u0259 V\u0259kill\u0259r Kollegiyas\u0131n\u0131n s\u0259dri Anar Ba\u011f\u0131rova m\u00fcraci\u0259t edir\u0259m, sizin qurumun \u00fczv\u00fc Vaqif \u018fliyev \u018ffqan\u0131stan v\u0259 Qaraba\u011f m\u00fcharib\u0259l\u0259rinin i\u015ftirak\u00e7\u0131s\u0131, \u0259lil olan adam\u0131n m\u0259nzilini \u0259lind\u0259n almaq ist\u0259yir v\u0259 bunun \u00fc\u00e7\u00fcn m\u00fcxt\u0259lif qanunsuz \u0259m\u0259ll\u0259r\u0259 \u0259l at\u0131r, t\u0259dbir g\u00f6r\u00fcn\u201d.\n<\/p>\n<p>\n  Vaqif \u018fliyev \u00f6nc\u0259 Meydan TV-y\u0259 dan\u0131\u015fmaq ist\u0259m\u0259diyini s\u00f6yl\u0259yib. Sonradan bildirib ki, yaln\u0131z m\u00fcxbir i\u015fl\u0259diyi v\u0259kil m\u0259sl\u0259h\u0259txanas\u0131na g\u0259ldiyi t\u0259qdird\u0259 hans\u0131sa a\u00e7\u0131qlama ver\u0259 bil\u0259r.\n<\/p>\n<p>\n  V\u0259kill\u0259r Kollegiyas\u0131ndan is\u0259 bildirilib ki, \u018fb\u00fclf\u0259t H\u0259\u015fimov s\u0259dr Anar Ba\u011f\u0131rovun ad\u0131na \u0259riz\u0259yl\u0259 m\u00fcraci\u0259t etsin.\n<\/p>\n<figure class=\"wp-block-image size-large\">\n  <img decoding=\"async\" src=\"https:\/\/www.meydan.tv\/az\/img-20191202-wa00121-jpg\/\" alt=\"IMG-20191202-WA0012[1].jpg\" class=\"wp-image-134006\"\/><figcaption>\n    Qalina Kaz\u0131movan\u0131n o\u011flunun Xan\u0131mq\u0131z Aslanova t\u0259qdim etdiyi aray\u0131\u015f<br \/>\n  <\/figcaption><\/figure>\n<figure class=\"wp-block-image size-large\">\n  <img decoding=\"async\" src=\"https:\/\/www.meydan.tv\/az\/img-20191202-wa00111-jpg\/\" alt=\"IMG-20191202-WA0011[1].jpg\" class=\"wp-image-134009\"\/><figcaption>\n    Qalina Kaz\u0131movan\u0131n o\u011flunun Xan\u0131mq\u0131z Aslanovaya t\u0259qdim etdiyi aray\u0131\u015f<br \/>\n  <\/figcaption><\/figure>\n<figure class=\"wp-block-image size-large\">\n  <img decoding=\"async\" src=\"https:\/\/www.meydan.tv\/az\/img-20191202-wa00131-jpg\/\" alt=\"IMG-20191202-WA0013[1].jpg\" class=\"wp-image-134012\"\/><figcaption>\n    M\u0259hk\u0259m\u0259 q\u0259rar\u0131<br \/>\n  <\/figcaption><\/figure>\n<figure class=\"wp-block-image size-large\">\n  <img decoding=\"async\" src=\"https:\/\/www.meydan.tv\/az\/img-20191202-wa00061-jpg\/\" alt=\"IMG-20191202-WA0006[1].jpg\" class=\"wp-image-134015\"\/><figcaption>\n    M\u0259hk\u0259m\u0259 q\u0259tnam\u0259si<br \/>\n  <\/figcaption><\/figure>\n<figure class=\"wp-block-image size-large\">\n  <img decoding=\"async\" src=\"https:\/\/www.meydan.tv\/az\/img-20191201-wa0001-1-jpg\/\" alt=\"IMG-20191201-WA0001 (1).jpg\" class=\"wp-image-134018\"\/><figcaption>\n    \u018fb\u00fclf\u0259t H\u0259\u015fimovun \u018ffqan\u0131stan m\u00fcharib\u0259sind\u0259 i\u015ftirak\u0131n\u0131 t\u0259sdiql\u0259y\u0259n m\u00fckafatlar<br \/>\n  <\/figcaption><\/figure>\n","protected":false},"excerpt":{"rendered":"<p>&#8220;S\u0259dr dedi ki, camaat\u0131n evini niy\u0259 bo\u015faltm\u0131rs\u0131n\u0131z, sual verdim ki, m\u0259nim m\u00fclk s\u0259n\u0259dim oldu\u011fu halda niy\u0259 bo\u015faltmal\u0131yam v\u0259 evi bo\u015fald\u0131b kim\u0259 ver\u0259siy\u0259m?&#8221;<\/p>\n","protected":false},"author":11,"featured_media":133985,"comment_status":"closed","ping_status":"open","sticky":false,"template":"","format":"standard","meta":{"_acf_changed":false,"_sitemap_exclude":false,"_sitemap_priority":"","_sitemap_frequency":"","footnotes":""},"categories":[60],"tags":[],"class_list":["post-198244","post","type-post","status-publish","format-standard","has-post-thumbnail","hentry","category-bolge","infinite-scroll-item","generate-columns","tablet-grid-50","mobile-grid-100","grid-parent","grid-33","no-featured-image-padding"],"acf":[],"yoast_head":"<!-- This site is optimized with the Yoast SEO plugin v27.5 - https:\/\/yoast.com\/product\/yoast-seo-wordpress\/ -->\n<title>Qaraba\u011f m\u00fcharib\u0259si veteran\u0131: V\u0259kil evimi \u0259limd\u0259n almaq ist\u0259yir - MEYDAN.TV<\/title>\n<meta name=\"robots\" content=\"index, follow, max-snippet:-1, max-image-preview:large, max-video-preview:-1\" \/>\n<link rel=\"canonical\" href=\"https:\/\/www.meydan.tv\/az\/article\/qarabag-muharibesi-veterani-vekil-evimi-elimden-almaq-isteyir\/\" \/>\n<meta property=\"og:locale\" content=\"az_AZ\" \/>\n<meta property=\"og:type\" content=\"article\" \/>\n<meta property=\"og:title\" content=\"Qaraba\u011f m\u00fcharib\u0259si veteran\u0131: V\u0259kil evimi \u0259limd\u0259n almaq ist\u0259yir - MEYDAN.TV\" \/>\n<meta property=\"og:description\" content=\"&quot;S\u0259dr dedi ki, camaat\u0131n evini niy\u0259 bo\u015faltm\u0131rs\u0131n\u0131z, sual verdim ki, m\u0259nim m\u00fclk s\u0259n\u0259dim oldu\u011fu halda niy\u0259 bo\u015faltmal\u0131yam v\u0259 evi bo\u015fald\u0131b kim\u0259 ver\u0259siy\u0259m?&quot;\" \/>\n<meta property=\"og:url\" content=\"https:\/\/www.meydan.tv\/az\/article\/qarabag-muharibesi-veterani-vekil-evimi-elimden-almaq-isteyir\/\" \/>\n<meta property=\"og:site_name\" content=\"MEYDAN.TV\" \/>\n<meta property=\"article:published_time\" content=\"2019-12-05T11:50:58+00:00\" \/>\n<meta property=\"og:image\" content=\"https:\/\/www.meydan.tv\/wp-content\/uploads\/20191130_150523_1.jpg\" \/>\n\t<meta property=\"og:image:width\" content=\"1264\" \/>\n\t<meta property=\"og:image:height\" content=\"711\" \/>\n\t<meta property=\"og:image:type\" content=\"image\/jpeg\" \/>\n<meta name=\"author\" content=\"user-manager\" \/>\n<meta name=\"twitter:card\" content=\"summary_large_image\" \/>\n<script type=\"application\/ld+json\" class=\"yoast-schema-graph\">{\"@context\":\"https:\\\/\\\/schema.org\",\"@graph\":[{\"@type\":\"Article\",\"@id\":\"https:\\\/\\\/www.meydan.tv\\\/az\\\/article\\\/qarabag-muharibesi-veterani-vekil-evimi-elimden-almaq-isteyir\\\/#article\",\"isPartOf\":{\"@id\":\"https:\\\/\\\/www.meydan.tv\\\/az\\\/article\\\/qarabag-muharibesi-veterani-vekil-evimi-elimden-almaq-isteyir\\\/\"},\"author\":{\"name\":\"user-manager\",\"@id\":\"https:\\\/\\\/www.meydan.tv\\\/az\\\/#\\\/schema\\\/person\\\/10d11eccf6da3662cf5fdab9806ea91a\"},\"headline\":\"Qaraba\u011f m\u00fcharib\u0259si veteran\u0131: V\u0259kil evimi \u0259limd\u0259n almaq ist\u0259yir\",\"datePublished\":\"2019-12-05T11:50:58+00:00\",\"mainEntityOfPage\":{\"@id\":\"https:\\\/\\\/www.meydan.tv\\\/az\\\/article\\\/qarabag-muharibesi-veterani-vekil-evimi-elimden-almaq-isteyir\\\/\"},\"wordCount\":1734,\"publisher\":{\"@id\":\"https:\\\/\\\/www.meydan.tv\\\/az\\\/#organization\"},\"image\":{\"@id\":\"https:\\\/\\\/www.meydan.tv\\\/az\\\/article\\\/qarabag-muharibesi-veterani-vekil-evimi-elimden-almaq-isteyir\\\/#primaryimage\"},\"thumbnailUrl\":\"https:\\\/\\\/www.meydan.tv\\\/wp-content\\\/uploads\\\/20191130_150523_1.jpg\",\"articleSection\":[\"B\u00f6lg\u0259\"],\"inLanguage\":\"az\"},{\"@type\":\"WebPage\",\"@id\":\"https:\\\/\\\/www.meydan.tv\\\/az\\\/article\\\/qarabag-muharibesi-veterani-vekil-evimi-elimden-almaq-isteyir\\\/\",\"url\":\"https:\\\/\\\/www.meydan.tv\\\/az\\\/article\\\/qarabag-muharibesi-veterani-vekil-evimi-elimden-almaq-isteyir\\\/\",\"name\":\"Qaraba\u011f m\u00fcharib\u0259si veteran\u0131: V\u0259kil evimi \u0259limd\u0259n almaq ist\u0259yir - MEYDAN.TV\",\"isPartOf\":{\"@id\":\"https:\\\/\\\/www.meydan.tv\\\/az\\\/#website\"},\"primaryImageOfPage\":{\"@id\":\"https:\\\/\\\/www.meydan.tv\\\/az\\\/article\\\/qarabag-muharibesi-veterani-vekil-evimi-elimden-almaq-isteyir\\\/#primaryimage\"},\"image\":{\"@id\":\"https:\\\/\\\/www.meydan.tv\\\/az\\\/article\\\/qarabag-muharibesi-veterani-vekil-evimi-elimden-almaq-isteyir\\\/#primaryimage\"},\"thumbnailUrl\":\"https:\\\/\\\/www.meydan.tv\\\/wp-content\\\/uploads\\\/20191130_150523_1.jpg\",\"datePublished\":\"2019-12-05T11:50:58+00:00\",\"breadcrumb\":{\"@id\":\"https:\\\/\\\/www.meydan.tv\\\/az\\\/article\\\/qarabag-muharibesi-veterani-vekil-evimi-elimden-almaq-isteyir\\\/#breadcrumb\"},\"inLanguage\":\"az\",\"potentialAction\":[{\"@type\":\"ReadAction\",\"target\":[\"https:\\\/\\\/www.meydan.tv\\\/az\\\/article\\\/qarabag-muharibesi-veterani-vekil-evimi-elimden-almaq-isteyir\\\/\"]}]},{\"@type\":\"ImageObject\",\"inLanguage\":\"az\",\"@id\":\"https:\\\/\\\/www.meydan.tv\\\/az\\\/article\\\/qarabag-muharibesi-veterani-vekil-evimi-elimden-almaq-isteyir\\\/#primaryimage\",\"url\":\"https:\\\/\\\/www.meydan.tv\\\/wp-content\\\/uploads\\\/20191130_150523_1.jpg\",\"contentUrl\":\"https:\\\/\\\/www.meydan.tv\\\/wp-content\\\/uploads\\\/20191130_150523_1.jpg\",\"width\":1264,\"height\":711,\"caption\":\"Source: Foto: Meydan TV\"},{\"@type\":\"BreadcrumbList\",\"@id\":\"https:\\\/\\\/www.meydan.tv\\\/az\\\/article\\\/qarabag-muharibesi-veterani-vekil-evimi-elimden-almaq-isteyir\\\/#breadcrumb\",\"itemListElement\":[{\"@type\":\"ListItem\",\"position\":1,\"name\":\"Ana s\u0259hif\u0259\",\"item\":\"https:\\\/\\\/www.meydan.tv\\\/az\\\/\"},{\"@type\":\"ListItem\",\"position\":2,\"name\":\"B\u00f6lg\u0259\",\"item\":\"https:\\\/\\\/www.meydan.tv\\\/az\\\/section\\\/bolge\\\/\"},{\"@type\":\"ListItem\",\"position\":3,\"name\":\"Qaraba\u011f m\u00fcharib\u0259si veteran\u0131: V\u0259kil evimi \u0259limd\u0259n almaq ist\u0259yir\"}]},{\"@type\":\"WebSite\",\"@id\":\"https:\\\/\\\/www.meydan.tv\\\/az\\\/#website\",\"url\":\"https:\\\/\\\/www.meydan.tv\\\/az\\\/\",\"name\":\"MEYDAN.TV\",\"description\":\"Meydan TV Az\u0259rbaycan\u0131n media m\u0259kan\u0131ndak\u0131 alternativ s\u0259sidir\",\"publisher\":{\"@id\":\"https:\\\/\\\/www.meydan.tv\\\/az\\\/#organization\"},\"potentialAction\":[{\"@type\":\"SearchAction\",\"target\":{\"@type\":\"EntryPoint\",\"urlTemplate\":\"https:\\\/\\\/www.meydan.tv\\\/az\\\/?s={search_term_string}\"},\"query-input\":{\"@type\":\"PropertyValueSpecification\",\"valueRequired\":true,\"valueName\":\"search_term_string\"}}],\"inLanguage\":\"az\"},{\"@type\":\"Organization\",\"@id\":\"https:\\\/\\\/www.meydan.tv\\\/az\\\/#organization\",\"name\":\"Meydan TV\",\"url\":\"https:\\\/\\\/www.meydan.tv\\\/az\\\/\",\"logo\":{\"@type\":\"ImageObject\",\"inLanguage\":\"az\",\"@id\":\"https:\\\/\\\/www.meydan.tv\\\/az\\\/#\\\/schema\\\/logo\\\/image\\\/\",\"url\":\"https:\\\/\\\/www.meydan.tv\\\/wp-content\\\/uploads\\\/2021\\\/07\\\/meydan-logo.svg\",\"contentUrl\":\"https:\\\/\\\/www.meydan.tv\\\/wp-content\\\/uploads\\\/2021\\\/07\\\/meydan-logo.svg\",\"width\":195,\"height\":46,\"caption\":\"Meydan TV\"},\"image\":{\"@id\":\"https:\\\/\\\/www.meydan.tv\\\/az\\\/#\\\/schema\\\/logo\\\/image\\\/\"}},{\"@type\":\"Person\",\"@id\":\"https:\\\/\\\/www.meydan.tv\\\/az\\\/#\\\/schema\\\/person\\\/10d11eccf6da3662cf5fdab9806ea91a\",\"name\":\"user-manager\"}]}<\/script>\n<!-- \/ Yoast SEO plugin. -->","yoast_head_json":{"title":"Qaraba\u011f m\u00fcharib\u0259si veteran\u0131: V\u0259kil evimi \u0259limd\u0259n almaq ist\u0259yir - MEYDAN.TV","robots":{"index":"index","follow":"follow","max-snippet":"max-snippet:-1","max-image-preview":"max-image-preview:large","max-video-preview":"max-video-preview:-1"},"canonical":"https:\/\/www.meydan.tv\/az\/article\/qarabag-muharibesi-veterani-vekil-evimi-elimden-almaq-isteyir\/","og_locale":"az_AZ","og_type":"article","og_title":"Qaraba\u011f m\u00fcharib\u0259si veteran\u0131: V\u0259kil evimi \u0259limd\u0259n almaq ist\u0259yir - MEYDAN.TV","og_description":"\"S\u0259dr dedi ki, camaat\u0131n evini niy\u0259 bo\u015faltm\u0131rs\u0131n\u0131z, sual verdim ki, m\u0259nim m\u00fclk s\u0259n\u0259dim oldu\u011fu halda niy\u0259 bo\u015faltmal\u0131yam v\u0259 evi bo\u015fald\u0131b kim\u0259 ver\u0259siy\u0259m?\"","og_url":"https:\/\/www.meydan.tv\/az\/article\/qarabag-muharibesi-veterani-vekil-evimi-elimden-almaq-isteyir\/","og_site_name":"MEYDAN.TV","article_published_time":"2019-12-05T11:50:58+00:00","og_image":[{"width":1264,"height":711,"url":"https:\/\/www.meydan.tv\/wp-content\/uploads\/20191130_150523_1.jpg","type":"image\/jpeg"}],"author":"user-manager","twitter_card":"summary_large_image","schema":{"@context":"https:\/\/schema.org","@graph":[{"@type":"Article","@id":"https:\/\/www.meydan.tv\/az\/article\/qarabag-muharibesi-veterani-vekil-evimi-elimden-almaq-isteyir\/#article","isPartOf":{"@id":"https:\/\/www.meydan.tv\/az\/article\/qarabag-muharibesi-veterani-vekil-evimi-elimden-almaq-isteyir\/"},"author":{"name":"user-manager","@id":"https:\/\/www.meydan.tv\/az\/#\/schema\/person\/10d11eccf6da3662cf5fdab9806ea91a"},"headline":"Qaraba\u011f m\u00fcharib\u0259si veteran\u0131: V\u0259kil evimi \u0259limd\u0259n almaq ist\u0259yir","datePublished":"2019-12-05T11:50:58+00:00","mainEntityOfPage":{"@id":"https:\/\/www.meydan.tv\/az\/article\/qarabag-muharibesi-veterani-vekil-evimi-elimden-almaq-isteyir\/"},"wordCount":1734,"publisher":{"@id":"https:\/\/www.meydan.tv\/az\/#organization"},"image":{"@id":"https:\/\/www.meydan.tv\/az\/article\/qarabag-muharibesi-veterani-vekil-evimi-elimden-almaq-isteyir\/#primaryimage"},"thumbnailUrl":"https:\/\/www.meydan.tv\/wp-content\/uploads\/20191130_150523_1.jpg","articleSection":["B\u00f6lg\u0259"],"inLanguage":"az"},{"@type":"WebPage","@id":"https:\/\/www.meydan.tv\/az\/article\/qarabag-muharibesi-veterani-vekil-evimi-elimden-almaq-isteyir\/","url":"https:\/\/www.meydan.tv\/az\/article\/qarabag-muharibesi-veterani-vekil-evimi-elimden-almaq-isteyir\/","name":"Qaraba\u011f m\u00fcharib\u0259si veteran\u0131: V\u0259kil evimi \u0259limd\u0259n almaq ist\u0259yir - MEYDAN.TV","isPartOf":{"@id":"https:\/\/www.meydan.tv\/az\/#website"},"primaryImageOfPage":{"@id":"https:\/\/www.meydan.tv\/az\/article\/qarabag-muharibesi-veterani-vekil-evimi-elimden-almaq-isteyir\/#primaryimage"},"image":{"@id":"https:\/\/www.meydan.tv\/az\/article\/qarabag-muharibesi-veterani-vekil-evimi-elimden-almaq-isteyir\/#primaryimage"},"thumbnailUrl":"https:\/\/www.meydan.tv\/wp-content\/uploads\/20191130_150523_1.jpg","datePublished":"2019-12-05T11:50:58+00:00","breadcrumb":{"@id":"https:\/\/www.meydan.tv\/az\/article\/qarabag-muharibesi-veterani-vekil-evimi-elimden-almaq-isteyir\/#breadcrumb"},"inLanguage":"az","potentialAction":[{"@type":"ReadAction","target":["https:\/\/www.meydan.tv\/az\/article\/qarabag-muharibesi-veterani-vekil-evimi-elimden-almaq-isteyir\/"]}]},{"@type":"ImageObject","inLanguage":"az","@id":"https:\/\/www.meydan.tv\/az\/article\/qarabag-muharibesi-veterani-vekil-evimi-elimden-almaq-isteyir\/#primaryimage","url":"https:\/\/www.meydan.tv\/wp-content\/uploads\/20191130_150523_1.jpg","contentUrl":"https:\/\/www.meydan.tv\/wp-content\/uploads\/20191130_150523_1.jpg","width":1264,"height":711,"caption":"Source: Foto: Meydan TV"},{"@type":"BreadcrumbList","@id":"https:\/\/www.meydan.tv\/az\/article\/qarabag-muharibesi-veterani-vekil-evimi-elimden-almaq-isteyir\/#breadcrumb","itemListElement":[{"@type":"ListItem","position":1,"name":"Ana s\u0259hif\u0259","item":"https:\/\/www.meydan.tv\/az\/"},{"@type":"ListItem","position":2,"name":"B\u00f6lg\u0259","item":"https:\/\/www.meydan.tv\/az\/section\/bolge\/"},{"@type":"ListItem","position":3,"name":"Qaraba\u011f m\u00fcharib\u0259si veteran\u0131: V\u0259kil evimi \u0259limd\u0259n almaq ist\u0259yir"}]},{"@type":"WebSite","@id":"https:\/\/www.meydan.tv\/az\/#website","url":"https:\/\/www.meydan.tv\/az\/","name":"MEYDAN.TV","description":"Meydan TV Az\u0259rbaycan\u0131n media m\u0259kan\u0131ndak\u0131 alternativ s\u0259sidir","publisher":{"@id":"https:\/\/www.meydan.tv\/az\/#organization"},"potentialAction":[{"@type":"SearchAction","target":{"@type":"EntryPoint","urlTemplate":"https:\/\/www.meydan.tv\/az\/?s={search_term_string}"},"query-input":{"@type":"PropertyValueSpecification","valueRequired":true,"valueName":"search_term_string"}}],"inLanguage":"az"},{"@type":"Organization","@id":"https:\/\/www.meydan.tv\/az\/#organization","name":"Meydan TV","url":"https:\/\/www.meydan.tv\/az\/","logo":{"@type":"ImageObject","inLanguage":"az","@id":"https:\/\/www.meydan.tv\/az\/#\/schema\/logo\/image\/","url":"https:\/\/www.meydan.tv\/wp-content\/uploads\/2021\/07\/meydan-logo.svg","contentUrl":"https:\/\/www.meydan.tv\/wp-content\/uploads\/2021\/07\/meydan-logo.svg","width":195,"height":46,"caption":"Meydan TV"},"image":{"@id":"https:\/\/www.meydan.tv\/az\/#\/schema\/logo\/image\/"}},{"@type":"Person","@id":"https:\/\/www.meydan.tv\/az\/#\/schema\/person\/10d11eccf6da3662cf5fdab9806ea91a","name":"user-manager"}]}},"_links":{"self":[{"href":"https:\/\/www.meydan.tv\/az\/wp-json\/wp\/v2\/posts\/198244","targetHints":{"allow":["GET"]}}],"collection":[{"href":"https:\/\/www.meydan.tv\/az\/wp-json\/wp\/v2\/posts"}],"about":[{"href":"https:\/\/www.meydan.tv\/az\/wp-json\/wp\/v2\/types\/post"}],"author":[{"embeddable":true,"href":"https:\/\/www.meydan.tv\/az\/wp-json\/wp\/v2\/users\/11"}],"replies":[{"embeddable":true,"href":"https:\/\/www.meydan.tv\/az\/wp-json\/wp\/v2\/comments?post=198244"}],"version-history":[{"count":0,"href":"https:\/\/www.meydan.tv\/az\/wp-json\/wp\/v2\/posts\/198244\/revisions"}],"wp:featuredmedia":[{"embeddable":true,"href":"https:\/\/www.meydan.tv\/az\/wp-json\/wp\/v2\/media\/133985"}],"wp:attachment":[{"href":"https:\/\/www.meydan.tv\/az\/wp-json\/wp\/v2\/media?parent=198244"}],"wp:term":[{"taxonomy":"category","embeddable":true,"href":"https:\/\/www.meydan.tv\/az\/wp-json\/wp\/v2\/categories?post=198244"},{"taxonomy":"post_tag","embeddable":true,"href":"https:\/\/www.meydan.tv\/az\/wp-json\/wp\/v2\/tags?post=198244"}],"curies":[{"name":"wp","href":"https:\/\/api.w.org\/{rel}","templated":true}]}}