{"id":198230,"date":"2019-12-04T11:02:09","date_gmt":"2019-12-04T11:02:09","guid":{"rendered":"https:\/\/www.meydan.tv\/article\/gence-sakini-elmar-veliyev-torpagimi-6-adama-satib\/"},"modified":"2019-12-04T11:02:09","modified_gmt":"2019-12-04T11:02:09","slug":"gence-sakini-elmar-veliyev-torpagimi-6-adama-satib","status":"publish","type":"post","link":"https:\/\/www.meydan.tv\/az\/article\/gence-sakini-elmar-veliyev-torpagimi-6-adama-satib\/","title":{"rendered":"G\u0259nc\u0259 sakini: Elmar V\u0259liyev torpa\u011f\u0131m\u0131 6 adama sat\u0131b"},"content":{"rendered":"<p>\n  <i><br \/>\n    \u201cKe\u00e7mi\u015f icra ba\u015f\u00e7\u0131s\u0131n\u0131n adamlar\u0131 m\u0259n\u0259 h\u0259d\u0259-qorxu g\u0259ldil\u0259r\u201d<br \/>\n  <\/i>\n<\/p>\n<p>\n  \u201cKe\u00e7mi\u015f icra ba\u015f\u00e7\u0131s\u0131 m\u0259nim torpa\u011f\u0131m \u00fcz\u0259rind\u0259 s\u0259r\u0259ncam verib. \u018frazil\u0259rimi 6 adama sat\u0131b. H\u0259min adamlar m\u0259nim torpa\u011f\u0131mda ev tikibl\u0259r. \u0130ll\u0259rdir m\u0259hk\u0259m\u0259l\u0259rd\u0259yik. Dem\u0259k olar, b\u00fct\u00fcn instansiyalarda qalib g\u0259lmi\u015f\u0259m. Ancaq q\u0259rar icra edilmir. H\u0259min \u015f\u0259xsl\u0259r m\u0259n\u0259 aid torpaqlar\u0131 n\u0259 bo\u015fald\u0131r, n\u0259 d\u0259 h\u0259qiqi d\u0259y\u0259ri olan pulu \u00f6d\u0259m\u0259k ist\u0259yirl\u0259r\u201d.\n<\/p>\n<p>\n  G\u0259nc\u0259li sahibkar El\u015fad M\u0259mm\u0259dov Meydan TV-y\u0259 bel\u0259 deyib. Bildirib ki, torpa\u011f\u0131 G\u00f6yg\u00f6l\u00fcn Qu\u015fqara k\u0259ndi (haz\u0131rk\u0131 G\u0259nc\u0259 \u015f\u0259h\u0259ri, Yeni G\u0259nc\u0259 q\u0259s\u0259b\u0259si, \u0259riklik ba\u011f\u0131) \u0259razisind\u0259dir. N\u0259 az, n\u0259 \u00e7ox, d\u00fcz 21 sotdur. G\u0259l\u0259c\u0259y\u0259 yat\u0131r\u0131m m\u0259qs\u0259dil\u0259 2007-ci ild\u0259 al\u0131b. Ancaq bir d\u0259 ay\u0131l\u0131b ki, G\u0259nc\u0259nin ke\u00e7mi\u015f icra ba\u015f\u00e7\u0131s\u0131 Elmar V\u0259liyev h\u0259min torpaqlar\u0131 ba\u015fqalar\u0131na sat\u0131b:\n<\/p>\n<p>\n  \u201c2012-ci il idi. \u0130\u015fl\u0259riml\u0259 ba\u011fl\u0131 T\u00fcrkiy\u0259d\u0259 idim. Anam z\u0259ng etdi ki, bala, s\u0259nin m\u0259rk\u0259zd\u0259ki \u0259razind\u0259 n\u0259s\u0259 tikirl\u0259r. T\u0259l\u0259sik qay\u0131td\u0131m. Ev tikintil\u0259rin\u0259 ba\u015flanm\u0131\u015fd\u0131. Tikinti aparanlar m\u0259n\u0259 icra ba\u015f\u00e7\u0131s\u0131n\u0131n s\u0259r\u0259ncam\u0131n\u0131 g\u00f6st\u0259rdil\u0259r. S\u0259r\u0259ncam ev tikm\u0259kl\u0259 ba\u011fl\u0131 verilmi\u015fdi. Ancaq h\u0259min evin harada tikilm\u0259si g\u00f6st\u0259rilmirdi. \u0130zah etdim ki, etdikl\u0259ri qanunsuzdur. Ancaq vecl\u0259rin\u0259 almad\u0131lar. Dedil\u0259r, sotuna 4,5-5 min \u00f6d\u0259m\u0259kl\u0259 al\u0131blar. \u0130ndi d\u0259 ev tikirl\u0259r\u201d.\n<\/p>\n<p>\n  <b><br \/>\n    \u201c\u0130cra ba\u015f\u00e7\u0131s\u0131 m\u0259nim torpa\u011f\u0131m\u0131 ba\u015fqalar\u0131na pay verib\u201d<br \/>\n  <\/b>\n<\/p>\n<p>\n  \u015eikay\u0259t\u00e7i deyir ki, d\u00fczd\u00fcr, sonradan m\u0259hk\u0259m\u0259d\u0259 \u00e7oxu torpa\u011f\u0131 pulla ald\u0131\u011f\u0131n\u0131 inkar edib. G\u00f6r\u00fcn\u00fcr, onlara tap\u015f\u0131r\u0131q bel\u0259 verilib. \u0130cra Hakimiyy\u0259tinin torpaqlar\u0131 Ulu \u00d6nd\u0259rin ad g\u00fcn\u00fcnd\u0259 onlara pay verdiyini s\u00f6yl\u0259yibl\u0259r:\n<\/p>\n<p>\n  \u201cT\u0259kc\u0259 bir n\u0259f\u0259r sonacan torpa\u011f\u0131 pulla ald\u0131\u011f\u0131n\u0131 dedi. Lap dey\u0259k, sat\u0131lmay\u0131b, h\u0259diyy\u0259dir. \u0130cra ba\u015f\u00e7\u0131s\u0131 kim\u0259s\u0259 yax\u015f\u0131l\u0131q etm\u0259k ist\u0259yirs\u0259, bunu m\u0259nim torpa\u011f\u0131mla niy\u0259 edir?\u201d\n<\/p>\n<p>\n  <b><br \/>\n    \u201cDeyirl\u0259r ki, guya m\u0259n m\u0259hk\u0259m\u0259l\u0259ri pulla sat\u0131n al\u0131ram\u201d<br \/>\n  <\/b>\n<\/p>\n<p>\n  El\u015fad M\u0259mm\u0259dov bundan sonra m\u0259cbur olub, m\u0259hk\u0259m\u0259y\u0259 \u00fcz tutub. \u0130\u015f\u0259 G\u0259nc\u0259 \u015e\u0259h\u0259r M\u0259hk\u0259m\u0259sind\u0259 bax\u0131l\u0131b. Hakim h\u0259min torpaqlar\u0131n s\u0259n\u0259dl\u0259 El\u015fad M\u0259mm\u0259dova aid olmas\u0131 il\u0259 ba\u011fl\u0131 q\u0259rar q\u0259bul edib:\n<\/p>\n<p>\n  \u201c\u0130\u015f b\u00fct\u00fcn m\u0259hk\u0259m\u0259 instansiyalar\u0131n\u0131 ke\u00e7di. Uddum. Sonra icra edilm\u0259di. Sonra i\u015f Ali M\u0259hk\u0259m\u0259d\u0259n yenid\u0259n qaytar\u0131ld\u0131 Apelyasiya M\u0259hk\u0259m\u0259sin\u0259. G\u00f6r\u00fcn\u00fcr, Elmar V\u0259liyevin v\u0259zif\u0259d\u0259ki yax\u0131nlar\u0131 bel\u0259 ist\u0259di. Burada yenid\u0259n \u00f6t\u0259n ay m\u0259hk\u0259m\u0259nin birini udmu\u015fam. \u0130\u015fi sad\u0259c\u0259 yubad\u0131rlar. Bir t\u0259r\u0259fd\u0259n d\u0259 ev tik\u0259nl\u0259r dayanmadan Prezident\u0259, Birinci vitse-prezident\u0259 v\u0259 s. \u015fikay\u0259t m\u0259ktublar\u0131 yaz\u0131rlar. Yaz\u0131rlar ki, guya m\u0259n m\u0259hk\u0259m\u0259l\u0259ri pulla sat\u0131n al\u0131ram\u201d.\n<\/p>\n<figure class=\"wp-block-image size-large\">\n  <img decoding=\"async\" src=\"https:\/\/www.meydan.tv\/az\/image_from_ios-13-jpg-8\/\" alt=\"image_from_ios (13).jpg\" class=\"wp-image-133952\"\/><figcaption>\n    El\u015fad M\u0259mm\u0259dov<br \/>\n  <\/figcaption><\/figure>\n<p>\n  <b><br \/>\n    \u201cH\u0259l\u0259 haqq-\u0259dal\u0259t yerini tapmay\u0131b\u201d<br \/>\n  <\/b>\n<\/p>\n<p>\n  V\u0259t\u0259nda\u015f deyir ki, ev tik\u0259nl\u0259rin \u0259lind\u0259ki torpa\u011f\u0131n s\u0259n\u0259di deyil. Onlarda qanuni he\u00e7 bir s\u0259n\u0259d yoxdur. Amma torpa\u011f\u0131n qanuni \u00e7\u0131xar\u0131\u015f\u0131 ondad\u0131r:\n<\/p>\n<p>\n  \u201c\u00d6z\u00fc d\u0259 birba\u015fa tikinti \u00fc\u00e7\u00fcn olan torpaqd\u0131r. Ke\u00e7mi\u015f ba\u015f\u00e7\u0131 v\u0259 onun \u0259lalt\u0131lar\u0131 G\u0259nc\u0259d\u0259 \u00e7ox insan\u0131n ba\u015f\u0131na bel\u0259 oyun a\u00e7\u0131blar. T\u00f6r\u0259tdikl\u0259ri pis i\u015fl\u0259rin ucu-buca\u011f\u0131 yoxdur. Pis \u0259m\u0259ll\u0259rind\u0259n birinin d\u0259 ucu m\u0259n\u0259 toxunub. Budur, d\u00fcz 6 il yar\u0131md\u0131r ki, m\u0259n m\u0259hk\u0259m\u0259l\u0259rd\u0259 s\u00fcr\u00fcn\u00fcr\u0259m. H\u0259l\u0259 haqq-\u0259dal\u0259t yerini tapmay\u0131b\u201d.\n<\/p>\n<p>\n  <b><br \/>\n    \u201cTorpa\u011f\u0131 alanlara ba\u015fqas\u0131na aid oldu\u011fu deyilm\u0259yib\u201d<br \/>\n  <\/b>\n<\/p>\n<p>\n  El\u015fad M\u0259mm\u0259dov torpa\u011f\u0131nda ev tik\u0259nl\u0259ri d\u0259 q\u0131nam\u0131r. Deyir, o adamlar da bilm\u0259yibl\u0259r ki, h\u0259min torpaq ba\u015fqas\u0131na aiddir:\n<\/p>\n<p>\n  \u201cAncaq b\u00fcn\u00f6vr\u0259 qazanda biz onlara dedik. M\u0259h\u0259l qoymad\u0131lar. G\u0259r\u0259k ara\u015fd\u0131rard\u0131lar. \u0130ndi bu q\u0259d\u0259r \u00e7\u0259tin durumda olmazd\u0131q. Onlar he\u00e7 n\u0259y\u0259 m\u0259h\u0259l qoymadan tikintiy\u0259 davam etdil\u0259r. V\u0259kill\u0259rl\u0259 getmi\u015fdik, izah etdik. Dedil\u0259r: \u201cGedin \u0259linizd\u0259n g\u0259l\u0259ni edin. Biz\u0259 bu torpaqlar\u0131 icra hakimiyy\u0259ti sat\u0131b, siz he\u00e7 n\u0259 ed\u0259 bilm\u0259zsiniz\u201d. Bel\u0259c\u0259 tikintini dayand\u0131rmad\u0131lar\u201d.\n<\/p>\n<p>\n  <b><br \/>\n    \u201cDedil\u0259r, \u201cs\u0259ni aradan g\u00f6t\u00fcrd\u0259rik\u201d\u201d<br \/>\n  <\/b>\n<\/p>\n<p>\n  \u015eikay\u0259t\u00e7i deyir ki, m\u0259hk\u0259m\u0259y\u0259 m\u00fcraci\u0259t etdiyin\u0259 g\u00f6r\u0259 ke\u00e7mi\u015fd\u0259 \u00e7ox h\u0259d\u0259l\u0259r al\u0131b. Ancaq haqq\u0131n\u0131 sonacan t\u0259l\u0259b etm\u0259kd\u0259n \u0259lini \u00fczm\u0259yib:\n<\/p>\n<p>\n  \u201cElmar V\u0259liyevin \u0259lalt\u0131lar\u0131 m\u0259n\u0259 h\u0259d\u0259-qorxu g\u0259ldil\u0259r. Dedil\u0259r, \u201cs\u0259ni aradan g\u00f6t\u00fcrd\u0259rik\u201d. Ancaq m\u0259n m\u0259hk\u0259m\u0259l\u0259rd\u0259n \u0259l \u00e7\u0259km\u0259dim, geri durmad\u0131m. \u0130ndi i\u015f\u0259 \u015e\u0259ki M\u0259hk\u0259m\u0259si bax\u0131r. \u018fll\u0259rind\u0259n g\u0259ldiyi q\u0259d\u0259r q\u0259rar\u0131 yubatma\u011fa \u00e7al\u0131\u015f\u0131rlar\u201d.\n<\/p>\n<p>\n  <b><br \/>\n    \u201cXahi\u015f edir\u0259m, torpa\u011f\u0131m\u0131n qaytar\u0131lmas\u0131na g\u00f6st\u0259ri\u015f verin\u201d<br \/>\n  <\/b>\n<\/p>\n<p>\n  El\u015fad M\u0259mm\u0259dova torpaqlar\u0131n\u0131 itirm\u0259kd\u0259n d\u0259y\u0259n z\u0259r\u0259r bu g\u00fcn 210 min manatd\u0131r. Deyir, h\u0259l\u0259 alanda h\u0259min torpa\u011fa 55 min dollar \u00f6d\u0259yib. Yax\u015f\u0131 yerd\u0259dir, g\u00fcn\u00fc-g\u00fcnd\u0259n qiym\u0259ti qalx\u0131r:\n<\/p>\n<p>\n  \u201cM\u0259hk\u0259m\u0259l\u0259r\u0259 cavabdeh qismind\u0259 Elmar V\u0259liyev g\u0259lmir. Onun ad\u0131 bel\u0259 \u00e7\u0259kilmir. M\u0259nim is\u0259 t\u0259l\u0259bim i\u015fin \u0259dal\u0259tli ara\u015fd\u0131r\u0131lmas\u0131d\u0131r. Z\u0259hm\u0259t \u00e7\u0259kib torpa\u011f\u0131m\u0131 \u00f6z\u00fcm\u0259 qaytars\u0131nlar. Buna g\u00f6r\u0259 m\u0259n d\u0259 Prezident \u0130lham \u018fliyev\u0259, Birinci vitse- prezident Mehriban \u018fliyevaya m\u00fcraci\u0259t edir\u0259m. Dem\u0259k ist\u0259yir\u0259m ki, sizin idar\u0259 etdiyiniz \u00f6lk\u0259dir. Xahi\u015f edir\u0259m, torpa\u011f\u0131m\u0131n m\u0259n\u0259 qaytar\u0131lmas\u0131na g\u00f6st\u0259ri\u015f ver\u0259siniz\u201d.\n<\/p>\n<figure class=\"wp-block-image size-large\">\n  <img decoding=\"async\" src=\"https:\/\/www.meydan.tv\/az\/image_from_ios-14-jpg-9\/\" alt=\"image_from_ios (14).jpg\" class=\"wp-image-133958\"\/><figcaption>\n    &#8220;Sonra i\u015f Ali M\u0259hk\u0259m\u0259d\u0259n yenid\u0259n qaytar\u0131ld\u0131 Apelyasiya M\u0259hk\u0259m\u0259sin\u0259&#8221;.<br \/>\n  <\/figcaption><\/figure>\n<p>\n  <b><br \/>\n    \u201cV\u0259t\u0259nda\u015f Avropa M\u0259hk\u0259m\u0259sin\u0259 m\u00fcraci\u0259t ed\u0259 bil\u0259r\u201d<br \/>\n  <\/b>\n<\/p>\n<p>\n  H\u00fcquq\u015f\u00fcnas Yal\u00e7\u0131n \u0130manov deyir ki, v\u0259t\u0259nda\u015f bel\u0259 durumda Avropa \u0130nsan Haqlar\u0131 M\u0259hk\u0259m\u0259sin\u0259 m\u00fcraci\u0259t ed\u0259 bil\u0259r:\n<\/p>\n<p>\n  \u201c6-c\u0131 madd\u0259nin v\u0259 1 sayl\u0131 protokolun 1-ci madd\u0259sinin pozuntusu il\u0259 m\u0259hk\u0259m\u0259y\u0259 \u00fcz tuta bil\u0259r. Faktiki bu i\u015fd\u0259 onun m\u00fclkiyy\u0259t h\u00fcququ pozulub\u201d.\n<\/p>\n<p>\n  G\u0259nc\u0259 \u015e\u0259h\u0259r \u0130cra Hakimiyy\u0259tind\u0259n i\u015f\u0259 m\u0259hk\u0259m\u0259d\u0259 bax\u0131ld\u0131\u011f\u0131 s\u00f6yl\u0259nib. \u201cKim haql\u0131d\u0131r, m\u0259hk\u0259m\u0259d\u0259 bilin\u0259c\u0259k\u201d, &#8211; deyilib:\n<\/p>\n<p>\n  \u201cBu m\u0259s\u0259l\u0259 \u0259vv\u0259lki ba\u015f\u00e7\u0131n\u0131n d\u00f6vr\u00fcnd\u0259 olub. Odur ki, bizim n\u0259s\u0259 dem\u0259yimiz do\u011fru olmaz. Bu bar\u0259d\u0259 dan\u0131\u015fmaq s\u0259lahiyy\u0259timiz d\u0259 yoxdur. \u0130\u015f\u0259 m\u0259hk\u0259m\u0259 bax\u0131r\u201d.\n<\/p>\n<p>\n  El\u015fad M\u0259mm\u0259dova aid torpaqda \u00f6z\u00fcn\u0259 ev tik\u0259n Nicat \u0130smay\u0131lov, S\u0259ad\u0259t Qocayeva, R\u0259smiyy\u0259 Babayeva, \u018fli Quliyev v\u0259 Q\u0259tib\u0259 \u0130sg\u0259nd\u0259rovan\u0131n m\u0259hk\u0259m\u0259 iddias\u0131nda deyilir ki, h\u0259min \u0259razi El\u015fad M\u0259mm\u0259dova aid deyil. Onun torpa\u011f\u0131 tamamil\u0259 ba\u015fqa yerd\u0259dir. Torpaq sah\u0259sinin plan v\u0259 \u00f6l\u00e7\u00fcs\u00fc s\u0259n\u0259di d\u00fczg\u00fcn haz\u0131rlanmay\u0131b. Onlar \u018fmlak Komit\u0259sinin D\u00f6vl\u0259t Reyestr Xidm\u0259tin\u0259 qar\u015f\u0131 m\u0259hk\u0259m\u0259d\u0259 iddia qald\u0131raraq El\u015fad M\u0259mm\u0259dovun ad\u0131na apar\u0131lm\u0131\u015f reyestr qeydiyyat\u0131n\u0131n l\u0259\u011fv olunmas\u0131n\u0131 da t\u0259l\u0259b edibl\u0259r. Ancaq iddialar\u0131 t\u0259min olunmay\u0131b.\n<\/p>\n<p>\n  <b><br \/>\n    XATIRLATMA<br \/>\n  <\/b>\n<\/p>\n<p>\n  2018-ci il iyulun 3-d\u0259 G\u0259nc\u0259 \u015f\u0259h\u0259r \u0130cra Hakimiyy\u0259tinin ba\u015f\u00e7\u0131s\u0131 Elmar V\u0259liyev\u0259 (art\u0131q h\u0259min v\u0259zif\u0259d\u0259 \u00e7al\u0131\u015fm\u0131r) v\u0259 bir polis serjant\u0131na silahl\u0131 sui-q\u0259sd olub, onlar x\u0259sar\u0259t al\u0131blar.\n<\/p>\n<p>\n  Sui-q\u0259sdi t\u00f6r\u0259tdiyi bildiril\u0259n Yunis S\u0259f\u0259rov h\u0259bs edilib. H\u00fcquq-m\u00fchafiz\u0259 qurumlar\u0131 bunu terror \u0259m\u0259li say\u0131r v\u0259 Yunis S\u0259f\u0259rovun \u0259sas m\u0259qs\u0259dinin Az\u0259rbaycanda \u015f\u0259ri\u0259t qanunlar\u0131 il\u0259 y\u00f6n\u0259ldil\u0259n islam d\u00f6vl\u0259ti qurmaq oldu\u011funu iddia edirl\u0259r. M\u0259hk\u0259m\u0259si ba\u015flanmayan Yunis S\u0259f\u0259rov bu iddialara m\u00fcnasib\u0259tini h\u0259l\u0259 ictimaiyy\u0259t\u0259 a\u00e7\u0131qlamay\u0131b.\n<\/p>\n<p>\n  Bu hadis\u0259d\u0259n sonra Prezident \u0130lham \u018fliyev avqustun 28-d\u0259 Niyazi Bayramovu G\u0259nc\u0259y\u0259 yeni icra ba\u015f\u00e7\u0131s\u0131 t\u0259yin edib.<\/p>\n","protected":false},"excerpt":{"rendered":"<p>\u201cKim haql\u0131d\u0131r, m\u0259hk\u0259m\u0259d\u0259 bilin\u0259c\u0259k\u201d, &#8211; deyilib<\/p>\n","protected":false},"author":11,"featured_media":106226,"comment_status":"closed","ping_status":"open","sticky":false,"template":"","format":"standard","meta":{"_acf_changed":false,"_sitemap_exclude":false,"_sitemap_priority":"","_sitemap_frequency":"","footnotes":""},"categories":[60],"tags":[],"class_list":["post-198230","post","type-post","status-publish","format-standard","has-post-thumbnail","hentry","category-bolge","infinite-scroll-item","generate-columns","tablet-grid-50","mobile-grid-100","grid-parent","grid-33","no-featured-image-padding"],"acf":[],"yoast_head":"<!-- This site is optimized with the Yoast SEO plugin v27.5 - https:\/\/yoast.com\/product\/yoast-seo-wordpress\/ -->\n<title>G\u0259nc\u0259 sakini: Elmar V\u0259liyev torpa\u011f\u0131m\u0131 6 adama sat\u0131b - MEYDAN.TV<\/title>\n<meta name=\"robots\" content=\"index, follow, max-snippet:-1, max-image-preview:large, max-video-preview:-1\" \/>\n<link rel=\"canonical\" href=\"https:\/\/www.meydan.tv\/az\/article\/gence-sakini-elmar-veliyev-torpagimi-6-adama-satib\/\" \/>\n<meta property=\"og:locale\" content=\"az_AZ\" \/>\n<meta property=\"og:type\" content=\"article\" \/>\n<meta property=\"og:title\" content=\"G\u0259nc\u0259 sakini: Elmar V\u0259liyev torpa\u011f\u0131m\u0131 6 adama sat\u0131b - MEYDAN.TV\" \/>\n<meta property=\"og:description\" content=\"\u201cKim haql\u0131d\u0131r, m\u0259hk\u0259m\u0259d\u0259 bilin\u0259c\u0259k\u201d, - deyilib\" \/>\n<meta property=\"og:url\" content=\"https:\/\/www.meydan.tv\/az\/article\/gence-sakini-elmar-veliyev-torpagimi-6-adama-satib\/\" \/>\n<meta property=\"og:site_name\" content=\"MEYDAN.TV\" \/>\n<meta property=\"article:published_time\" content=\"2019-12-04T11:02:09+00:00\" \/>\n<meta property=\"og:image\" content=\"https:\/\/www.meydan.tv\/wp-content\/uploads\/42201.jpg\" \/>\n\t<meta property=\"og:image:width\" content=\"1140\" \/>\n\t<meta property=\"og:image:height\" content=\"500\" \/>\n\t<meta property=\"og:image:type\" content=\"image\/jpeg\" \/>\n<meta name=\"author\" content=\"user-manager\" \/>\n<meta name=\"twitter:card\" content=\"summary_large_image\" \/>\n<script type=\"application\/ld+json\" class=\"yoast-schema-graph\">{\"@context\":\"https:\\\/\\\/schema.org\",\"@graph\":[{\"@type\":\"Article\",\"@id\":\"https:\\\/\\\/www.meydan.tv\\\/az\\\/article\\\/gence-sakini-elmar-veliyev-torpagimi-6-adama-satib\\\/#article\",\"isPartOf\":{\"@id\":\"https:\\\/\\\/www.meydan.tv\\\/az\\\/article\\\/gence-sakini-elmar-veliyev-torpagimi-6-adama-satib\\\/\"},\"author\":{\"name\":\"user-manager\",\"@id\":\"https:\\\/\\\/www.meydan.tv\\\/az\\\/#\\\/schema\\\/person\\\/10d11eccf6da3662cf5fdab9806ea91a\"},\"headline\":\"G\u0259nc\u0259 sakini: Elmar V\u0259liyev torpa\u011f\u0131m\u0131 6 adama sat\u0131b\",\"datePublished\":\"2019-12-04T11:02:09+00:00\",\"mainEntityOfPage\":{\"@id\":\"https:\\\/\\\/www.meydan.tv\\\/az\\\/article\\\/gence-sakini-elmar-veliyev-torpagimi-6-adama-satib\\\/\"},\"wordCount\":1475,\"publisher\":{\"@id\":\"https:\\\/\\\/www.meydan.tv\\\/az\\\/#organization\"},\"image\":{\"@id\":\"https:\\\/\\\/www.meydan.tv\\\/az\\\/article\\\/gence-sakini-elmar-veliyev-torpagimi-6-adama-satib\\\/#primaryimage\"},\"thumbnailUrl\":\"https:\\\/\\\/www.meydan.tv\\\/wp-content\\\/uploads\\\/42201.jpg\",\"articleSection\":[\"B\u00f6lg\u0259\"],\"inLanguage\":\"az\"},{\"@type\":\"WebPage\",\"@id\":\"https:\\\/\\\/www.meydan.tv\\\/az\\\/article\\\/gence-sakini-elmar-veliyev-torpagimi-6-adama-satib\\\/\",\"url\":\"https:\\\/\\\/www.meydan.tv\\\/az\\\/article\\\/gence-sakini-elmar-veliyev-torpagimi-6-adama-satib\\\/\",\"name\":\"G\u0259nc\u0259 sakini: Elmar V\u0259liyev torpa\u011f\u0131m\u0131 6 adama sat\u0131b - MEYDAN.TV\",\"isPartOf\":{\"@id\":\"https:\\\/\\\/www.meydan.tv\\\/az\\\/#website\"},\"primaryImageOfPage\":{\"@id\":\"https:\\\/\\\/www.meydan.tv\\\/az\\\/article\\\/gence-sakini-elmar-veliyev-torpagimi-6-adama-satib\\\/#primaryimage\"},\"image\":{\"@id\":\"https:\\\/\\\/www.meydan.tv\\\/az\\\/article\\\/gence-sakini-elmar-veliyev-torpagimi-6-adama-satib\\\/#primaryimage\"},\"thumbnailUrl\":\"https:\\\/\\\/www.meydan.tv\\\/wp-content\\\/uploads\\\/42201.jpg\",\"datePublished\":\"2019-12-04T11:02:09+00:00\",\"breadcrumb\":{\"@id\":\"https:\\\/\\\/www.meydan.tv\\\/az\\\/article\\\/gence-sakini-elmar-veliyev-torpagimi-6-adama-satib\\\/#breadcrumb\"},\"inLanguage\":\"az\",\"potentialAction\":[{\"@type\":\"ReadAction\",\"target\":[\"https:\\\/\\\/www.meydan.tv\\\/az\\\/article\\\/gence-sakini-elmar-veliyev-torpagimi-6-adama-satib\\\/\"]}]},{\"@type\":\"ImageObject\",\"inLanguage\":\"az\",\"@id\":\"https:\\\/\\\/www.meydan.tv\\\/az\\\/article\\\/gence-sakini-elmar-veliyev-torpagimi-6-adama-satib\\\/#primaryimage\",\"url\":\"https:\\\/\\\/www.meydan.tv\\\/wp-content\\\/uploads\\\/42201.jpg\",\"contentUrl\":\"https:\\\/\\\/www.meydan.tv\\\/wp-content\\\/uploads\\\/42201.jpg\",\"width\":1140,\"height\":500,\"caption\":\"Source:\"},{\"@type\":\"BreadcrumbList\",\"@id\":\"https:\\\/\\\/www.meydan.tv\\\/az\\\/article\\\/gence-sakini-elmar-veliyev-torpagimi-6-adama-satib\\\/#breadcrumb\",\"itemListElement\":[{\"@type\":\"ListItem\",\"position\":1,\"name\":\"Ana s\u0259hif\u0259\",\"item\":\"https:\\\/\\\/www.meydan.tv\\\/az\\\/\"},{\"@type\":\"ListItem\",\"position\":2,\"name\":\"B\u00f6lg\u0259\",\"item\":\"https:\\\/\\\/www.meydan.tv\\\/az\\\/section\\\/bolge\\\/\"},{\"@type\":\"ListItem\",\"position\":3,\"name\":\"G\u0259nc\u0259 sakini: Elmar V\u0259liyev torpa\u011f\u0131m\u0131 6 adama sat\u0131b\"}]},{\"@type\":\"WebSite\",\"@id\":\"https:\\\/\\\/www.meydan.tv\\\/az\\\/#website\",\"url\":\"https:\\\/\\\/www.meydan.tv\\\/az\\\/\",\"name\":\"MEYDAN.TV\",\"description\":\"Meydan TV Az\u0259rbaycan\u0131n media m\u0259kan\u0131ndak\u0131 alternativ s\u0259sidir\",\"publisher\":{\"@id\":\"https:\\\/\\\/www.meydan.tv\\\/az\\\/#organization\"},\"potentialAction\":[{\"@type\":\"SearchAction\",\"target\":{\"@type\":\"EntryPoint\",\"urlTemplate\":\"https:\\\/\\\/www.meydan.tv\\\/az\\\/?s={search_term_string}\"},\"query-input\":{\"@type\":\"PropertyValueSpecification\",\"valueRequired\":true,\"valueName\":\"search_term_string\"}}],\"inLanguage\":\"az\"},{\"@type\":\"Organization\",\"@id\":\"https:\\\/\\\/www.meydan.tv\\\/az\\\/#organization\",\"name\":\"Meydan TV\",\"url\":\"https:\\\/\\\/www.meydan.tv\\\/az\\\/\",\"logo\":{\"@type\":\"ImageObject\",\"inLanguage\":\"az\",\"@id\":\"https:\\\/\\\/www.meydan.tv\\\/az\\\/#\\\/schema\\\/logo\\\/image\\\/\",\"url\":\"https:\\\/\\\/www.meydan.tv\\\/wp-content\\\/uploads\\\/2021\\\/07\\\/meydan-logo.svg\",\"contentUrl\":\"https:\\\/\\\/www.meydan.tv\\\/wp-content\\\/uploads\\\/2021\\\/07\\\/meydan-logo.svg\",\"width\":195,\"height\":46,\"caption\":\"Meydan TV\"},\"image\":{\"@id\":\"https:\\\/\\\/www.meydan.tv\\\/az\\\/#\\\/schema\\\/logo\\\/image\\\/\"}},{\"@type\":\"Person\",\"@id\":\"https:\\\/\\\/www.meydan.tv\\\/az\\\/#\\\/schema\\\/person\\\/10d11eccf6da3662cf5fdab9806ea91a\",\"name\":\"user-manager\"}]}<\/script>\n<!-- \/ Yoast SEO plugin. -->","yoast_head_json":{"title":"G\u0259nc\u0259 sakini: Elmar V\u0259liyev torpa\u011f\u0131m\u0131 6 adama sat\u0131b - MEYDAN.TV","robots":{"index":"index","follow":"follow","max-snippet":"max-snippet:-1","max-image-preview":"max-image-preview:large","max-video-preview":"max-video-preview:-1"},"canonical":"https:\/\/www.meydan.tv\/az\/article\/gence-sakini-elmar-veliyev-torpagimi-6-adama-satib\/","og_locale":"az_AZ","og_type":"article","og_title":"G\u0259nc\u0259 sakini: Elmar V\u0259liyev torpa\u011f\u0131m\u0131 6 adama sat\u0131b - MEYDAN.TV","og_description":"\u201cKim haql\u0131d\u0131r, m\u0259hk\u0259m\u0259d\u0259 bilin\u0259c\u0259k\u201d, - deyilib","og_url":"https:\/\/www.meydan.tv\/az\/article\/gence-sakini-elmar-veliyev-torpagimi-6-adama-satib\/","og_site_name":"MEYDAN.TV","article_published_time":"2019-12-04T11:02:09+00:00","og_image":[{"width":1140,"height":500,"url":"https:\/\/www.meydan.tv\/wp-content\/uploads\/42201.jpg","type":"image\/jpeg"}],"author":"user-manager","twitter_card":"summary_large_image","schema":{"@context":"https:\/\/schema.org","@graph":[{"@type":"Article","@id":"https:\/\/www.meydan.tv\/az\/article\/gence-sakini-elmar-veliyev-torpagimi-6-adama-satib\/#article","isPartOf":{"@id":"https:\/\/www.meydan.tv\/az\/article\/gence-sakini-elmar-veliyev-torpagimi-6-adama-satib\/"},"author":{"name":"user-manager","@id":"https:\/\/www.meydan.tv\/az\/#\/schema\/person\/10d11eccf6da3662cf5fdab9806ea91a"},"headline":"G\u0259nc\u0259 sakini: Elmar V\u0259liyev torpa\u011f\u0131m\u0131 6 adama sat\u0131b","datePublished":"2019-12-04T11:02:09+00:00","mainEntityOfPage":{"@id":"https:\/\/www.meydan.tv\/az\/article\/gence-sakini-elmar-veliyev-torpagimi-6-adama-satib\/"},"wordCount":1475,"publisher":{"@id":"https:\/\/www.meydan.tv\/az\/#organization"},"image":{"@id":"https:\/\/www.meydan.tv\/az\/article\/gence-sakini-elmar-veliyev-torpagimi-6-adama-satib\/#primaryimage"},"thumbnailUrl":"https:\/\/www.meydan.tv\/wp-content\/uploads\/42201.jpg","articleSection":["B\u00f6lg\u0259"],"inLanguage":"az"},{"@type":"WebPage","@id":"https:\/\/www.meydan.tv\/az\/article\/gence-sakini-elmar-veliyev-torpagimi-6-adama-satib\/","url":"https:\/\/www.meydan.tv\/az\/article\/gence-sakini-elmar-veliyev-torpagimi-6-adama-satib\/","name":"G\u0259nc\u0259 sakini: Elmar V\u0259liyev torpa\u011f\u0131m\u0131 6 adama sat\u0131b - MEYDAN.TV","isPartOf":{"@id":"https:\/\/www.meydan.tv\/az\/#website"},"primaryImageOfPage":{"@id":"https:\/\/www.meydan.tv\/az\/article\/gence-sakini-elmar-veliyev-torpagimi-6-adama-satib\/#primaryimage"},"image":{"@id":"https:\/\/www.meydan.tv\/az\/article\/gence-sakini-elmar-veliyev-torpagimi-6-adama-satib\/#primaryimage"},"thumbnailUrl":"https:\/\/www.meydan.tv\/wp-content\/uploads\/42201.jpg","datePublished":"2019-12-04T11:02:09+00:00","breadcrumb":{"@id":"https:\/\/www.meydan.tv\/az\/article\/gence-sakini-elmar-veliyev-torpagimi-6-adama-satib\/#breadcrumb"},"inLanguage":"az","potentialAction":[{"@type":"ReadAction","target":["https:\/\/www.meydan.tv\/az\/article\/gence-sakini-elmar-veliyev-torpagimi-6-adama-satib\/"]}]},{"@type":"ImageObject","inLanguage":"az","@id":"https:\/\/www.meydan.tv\/az\/article\/gence-sakini-elmar-veliyev-torpagimi-6-adama-satib\/#primaryimage","url":"https:\/\/www.meydan.tv\/wp-content\/uploads\/42201.jpg","contentUrl":"https:\/\/www.meydan.tv\/wp-content\/uploads\/42201.jpg","width":1140,"height":500,"caption":"Source:"},{"@type":"BreadcrumbList","@id":"https:\/\/www.meydan.tv\/az\/article\/gence-sakini-elmar-veliyev-torpagimi-6-adama-satib\/#breadcrumb","itemListElement":[{"@type":"ListItem","position":1,"name":"Ana s\u0259hif\u0259","item":"https:\/\/www.meydan.tv\/az\/"},{"@type":"ListItem","position":2,"name":"B\u00f6lg\u0259","item":"https:\/\/www.meydan.tv\/az\/section\/bolge\/"},{"@type":"ListItem","position":3,"name":"G\u0259nc\u0259 sakini: Elmar V\u0259liyev torpa\u011f\u0131m\u0131 6 adama sat\u0131b"}]},{"@type":"WebSite","@id":"https:\/\/www.meydan.tv\/az\/#website","url":"https:\/\/www.meydan.tv\/az\/","name":"MEYDAN.TV","description":"Meydan TV Az\u0259rbaycan\u0131n media m\u0259kan\u0131ndak\u0131 alternativ s\u0259sidir","publisher":{"@id":"https:\/\/www.meydan.tv\/az\/#organization"},"potentialAction":[{"@type":"SearchAction","target":{"@type":"EntryPoint","urlTemplate":"https:\/\/www.meydan.tv\/az\/?s={search_term_string}"},"query-input":{"@type":"PropertyValueSpecification","valueRequired":true,"valueName":"search_term_string"}}],"inLanguage":"az"},{"@type":"Organization","@id":"https:\/\/www.meydan.tv\/az\/#organization","name":"Meydan TV","url":"https:\/\/www.meydan.tv\/az\/","logo":{"@type":"ImageObject","inLanguage":"az","@id":"https:\/\/www.meydan.tv\/az\/#\/schema\/logo\/image\/","url":"https:\/\/www.meydan.tv\/wp-content\/uploads\/2021\/07\/meydan-logo.svg","contentUrl":"https:\/\/www.meydan.tv\/wp-content\/uploads\/2021\/07\/meydan-logo.svg","width":195,"height":46,"caption":"Meydan TV"},"image":{"@id":"https:\/\/www.meydan.tv\/az\/#\/schema\/logo\/image\/"}},{"@type":"Person","@id":"https:\/\/www.meydan.tv\/az\/#\/schema\/person\/10d11eccf6da3662cf5fdab9806ea91a","name":"user-manager"}]}},"_links":{"self":[{"href":"https:\/\/www.meydan.tv\/az\/wp-json\/wp\/v2\/posts\/198230","targetHints":{"allow":["GET"]}}],"collection":[{"href":"https:\/\/www.meydan.tv\/az\/wp-json\/wp\/v2\/posts"}],"about":[{"href":"https:\/\/www.meydan.tv\/az\/wp-json\/wp\/v2\/types\/post"}],"author":[{"embeddable":true,"href":"https:\/\/www.meydan.tv\/az\/wp-json\/wp\/v2\/users\/11"}],"replies":[{"embeddable":true,"href":"https:\/\/www.meydan.tv\/az\/wp-json\/wp\/v2\/comments?post=198230"}],"version-history":[{"count":0,"href":"https:\/\/www.meydan.tv\/az\/wp-json\/wp\/v2\/posts\/198230\/revisions"}],"wp:featuredmedia":[{"embeddable":true,"href":"https:\/\/www.meydan.tv\/az\/wp-json\/wp\/v2\/media\/106226"}],"wp:attachment":[{"href":"https:\/\/www.meydan.tv\/az\/wp-json\/wp\/v2\/media?parent=198230"}],"wp:term":[{"taxonomy":"category","embeddable":true,"href":"https:\/\/www.meydan.tv\/az\/wp-json\/wp\/v2\/categories?post=198230"},{"taxonomy":"post_tag","embeddable":true,"href":"https:\/\/www.meydan.tv\/az\/wp-json\/wp\/v2\/tags?post=198230"}],"curies":[{"name":"wp","href":"https:\/\/api.w.org\/{rel}","templated":true}]}}