{"id":198226,"date":"2019-12-04T10:52:41","date_gmt":"2019-12-04T10:52:41","guid":{"rendered":"https:\/\/www.meydan.tv\/article\/abs-da-senator-kamala-harris-prezidentliye-namizedliyini-geri-cekib\/"},"modified":"2019-12-04T10:52:41","modified_gmt":"2019-12-04T10:52:41","slug":"abs-da-senator-kamala-harris-prezidentliye-namizedliyini-geri-cekib","status":"publish","type":"post","link":"https:\/\/www.meydan.tv\/az\/article\/abs-da-senator-kamala-harris-prezidentliye-namizedliyini-geri-cekib\/","title":{"rendered":"AB\u015e-da senator Kamala Harris prezidentliy\u0259 namiz\u0259dliyini geri \u00e7\u0259kib"},"content":{"rendered":"<p>\n  <i><br \/>\n    \u201cSon bir ne\u00e7\u0259 g\u00fcn \u0259rzind\u0259 h\u0259yat\u0131m\u0131n \u0259n \u00e7\u0259tin q\u0259rarlar\u0131ndan birini verdim\u201d<br \/>\n  <\/i>\n<\/p>\n<p>\n  Kaliforniya \u015ftat\u0131ndan olan senator Kamala Harris se\u00e7ki siyah\u0131lar\u0131nda erk\u0259n y\u00fcks\u0259lm\u0259sin\u0259 baxmayaraq, \u0259sas \u015ftatlarda d\u0259st\u0259k ala bilm\u0259yib. O, buna g\u00f6r\u0259 2020-ci ild\u0259 ke\u00e7iril\u0259c\u0259k prezident se\u00e7kisi kampaniyas\u0131ndan geri \u00e7\u0259kildiyini b\u0259yan edib, \u201cReuters\u201d x\u0259b\u0259r verir.\n<\/p>\n<p>\n  \u201cM\u0259n s\u0259simi ald\u0131m v\u0259 buna h\u0259r t\u0259r\u0259fd\u0259n d\u0259y\u0259rl\u0259ndirdim. Son bir ne\u00e7\u0259 g\u00fcn \u0259rzind\u0259 h\u0259yat\u0131m\u0131n \u0259n \u00e7\u0259tin q\u0259rarlar\u0131ndan birini verdim\u201d,- o deyib: \u201cPrezidentliy\u0259 namiz\u0259d oldu\u011fum kampaniyan\u0131 davam etdirm\u0259k \u00fc\u00e7\u00fcn bizim sad\u0259c\u0259 yet\u0259rli maliyy\u0259 m\u0259nb\u0259miz yoxdur\u201d, &#8211; Harris \u00e7\u0259r\u015f\u0259nb\u0259 ax\u015fam\u0131 t\u0259r\u0259fdarlar\u0131na e-po\u00e7t m\u0259ktubunda bildirib.\n<\/p>\n<p>\n  Anonimlik \u015f\u0259rtiyl\u0259 dan\u0131\u015fan m\u0259nb\u0259l\u0259r\u0259 g\u00f6r\u0259, Harris \u00e7\u0259r\u015f\u0259nb\u0259 ax\u015fam\u0131 g\u00fcnortadan sonra komandas\u0131n\u0131n \u00fczvl\u0259riyl\u0259 g\u00f6r\u00fc\u015f\u0259r\u0259k onlara q\u0259rar\u0131n\u0131 a\u00e7\u0131qlay\u0131b.\n<\/p>\n<p>\n  55 ya\u015fl\u0131 Harris birl\u0259\u015fdirici, qucaqlay\u0131c\u0131 namiz\u0259d olaraq tan\u0131n\u0131b. O, partiyan\u0131n g\u0259nc, t\u0259r\u0259qqip\u0259rv\u0259r \u00fczvl\u0259rini ruhland\u0131ran v\u0259 daha m\u00fclayim elektorata m\u00fcraci\u0259t ed\u0259n \u0259sas fiqur olub.\n<\/p>\n<p>\n  \u0130yun ay\u0131nda g\u0259rgin debatdan sonra r\u0259y sor\u011fular\u0131nda art\u0131m n\u00fcmayi\u015f etdir\u0259n Harris son aylarda \u0259n y\u00fcks\u0259k pill\u0259d\u0259n a\u015fa\u011f\u0131 d\u00fc\u015f\u00fcb v\u0259 lider namiz\u0259dl\u0259rin pul y\u0131\u011fma (fandreyzinq) i\u015fl\u0259rind\u0259n geri qal\u0131b.\n<\/p>\n<p>\n  Kaliforniyan\u0131n senatoru namiz\u0259d r\u0259qab\u0259tind\u0259 \u0259n \u00f6nd\u0259 ged\u0259nl\u0259rd\u0259n say\u0131l\u0131b.\n<\/p>\n<p>\n  Harris kampanyaya \u00f6n c\u0259bh\u0259\u00e7i kimi daxil olsa da, sonradan onu d\u0259st\u0259kl\u0259y\u0259nl\u0259r\u0259 m\u00f6vqeyini tam a\u00e7\u0131qlaya bilm\u0259m\u0259si v\u0259 r\u0259qibi ke\u00e7mi\u015f vitse-prezident Joe Biden-\u0259 h\u00fccum c\u0259hdini geri \u00e7\u0259km\u0259si s\u0259b\u0259bind\u0259n d\u0259st\u0259k\u00e7il\u0259rinin d\u0259st\u0259yini qoruyub saxlaya bilm\u0259di, &#8211; t\u0259nqid\u00e7il\u0259r qeyd edib.<\/p>\n","protected":false},"excerpt":{"rendered":"<p>55 ya\u015fl\u0131 Harris birl\u0259\u015fdirici, qucaqlay\u0131c\u0131 namiz\u0259d olaraq tan\u0131n\u0131b.<\/p>\n","protected":false},"author":11,"featured_media":133949,"comment_status":"closed","ping_status":"open","sticky":false,"template":"","format":"standard","meta":{"_acf_changed":false,"_sitemap_exclude":false,"_sitemap_priority":"","_sitemap_frequency":"","footnotes":""},"categories":[64],"tags":[],"class_list":["post-198226","post","type-post","status-publish","format-standard","has-post-thumbnail","hentry","category-dunya","infinite-scroll-item","generate-columns","tablet-grid-50","mobile-grid-100","grid-parent","grid-33","no-featured-image-padding"],"acf":[],"yoast_head":"<!-- This site is optimized with the Yoast SEO plugin v27.5 - https:\/\/yoast.com\/product\/yoast-seo-wordpress\/ -->\n<title>AB\u015e-da senator Kamala Harris prezidentliy\u0259 namiz\u0259dliyini geri \u00e7\u0259kib - MEYDAN.TV<\/title>\n<meta name=\"robots\" content=\"index, follow, max-snippet:-1, max-image-preview:large, max-video-preview:-1\" \/>\n<link rel=\"canonical\" href=\"https:\/\/www.meydan.tv\/az\/article\/abs-da-senator-kamala-harris-prezidentliye-namizedliyini-geri-cekib\/\" \/>\n<meta property=\"og:locale\" content=\"az_AZ\" \/>\n<meta property=\"og:type\" content=\"article\" \/>\n<meta property=\"og:title\" content=\"AB\u015e-da senator Kamala Harris prezidentliy\u0259 namiz\u0259dliyini geri \u00e7\u0259kib - MEYDAN.TV\" \/>\n<meta property=\"og:description\" content=\"55 ya\u015fl\u0131 Harris birl\u0259\u015fdirici, qucaqlay\u0131c\u0131 namiz\u0259d olaraq tan\u0131n\u0131b.\" \/>\n<meta property=\"og:url\" content=\"https:\/\/www.meydan.tv\/az\/article\/abs-da-senator-kamala-harris-prezidentliye-namizedliyini-geri-cekib\/\" \/>\n<meta property=\"og:site_name\" content=\"MEYDAN.TV\" \/>\n<meta property=\"article:published_time\" content=\"2019-12-04T10:52:41+00:00\" \/>\n<meta property=\"og:image\" content=\"https:\/\/www.meydan.tv\/wp-content\/uploads\/kamala-harris2.jpg\" \/>\n\t<meta property=\"og:image:width\" content=\"1151\" \/>\n\t<meta property=\"og:image:height\" content=\"694\" \/>\n\t<meta property=\"og:image:type\" content=\"image\/jpeg\" \/>\n<meta name=\"author\" content=\"user-manager\" \/>\n<meta name=\"twitter:card\" content=\"summary_large_image\" \/>\n<script type=\"application\/ld+json\" class=\"yoast-schema-graph\">{\"@context\":\"https:\\\/\\\/schema.org\",\"@graph\":[{\"@type\":\"Article\",\"@id\":\"https:\\\/\\\/www.meydan.tv\\\/az\\\/article\\\/abs-da-senator-kamala-harris-prezidentliye-namizedliyini-geri-cekib\\\/#article\",\"isPartOf\":{\"@id\":\"https:\\\/\\\/www.meydan.tv\\\/az\\\/article\\\/abs-da-senator-kamala-harris-prezidentliye-namizedliyini-geri-cekib\\\/\"},\"author\":{\"name\":\"user-manager\",\"@id\":\"https:\\\/\\\/www.meydan.tv\\\/az\\\/#\\\/schema\\\/person\\\/10d11eccf6da3662cf5fdab9806ea91a\"},\"headline\":\"AB\u015e-da senator Kamala Harris prezidentliy\u0259 namiz\u0259dliyini geri \u00e7\u0259kib\",\"datePublished\":\"2019-12-04T10:52:41+00:00\",\"mainEntityOfPage\":{\"@id\":\"https:\\\/\\\/www.meydan.tv\\\/az\\\/article\\\/abs-da-senator-kamala-harris-prezidentliye-namizedliyini-geri-cekib\\\/\"},\"wordCount\":355,\"publisher\":{\"@id\":\"https:\\\/\\\/www.meydan.tv\\\/az\\\/#organization\"},\"image\":{\"@id\":\"https:\\\/\\\/www.meydan.tv\\\/az\\\/article\\\/abs-da-senator-kamala-harris-prezidentliye-namizedliyini-geri-cekib\\\/#primaryimage\"},\"thumbnailUrl\":\"https:\\\/\\\/www.meydan.tv\\\/wp-content\\\/uploads\\\/kamala-harris2.jpg\",\"articleSection\":[\"D\u00fcnya\"],\"inLanguage\":\"az\"},{\"@type\":\"WebPage\",\"@id\":\"https:\\\/\\\/www.meydan.tv\\\/az\\\/article\\\/abs-da-senator-kamala-harris-prezidentliye-namizedliyini-geri-cekib\\\/\",\"url\":\"https:\\\/\\\/www.meydan.tv\\\/az\\\/article\\\/abs-da-senator-kamala-harris-prezidentliye-namizedliyini-geri-cekib\\\/\",\"name\":\"AB\u015e-da senator Kamala Harris prezidentliy\u0259 namiz\u0259dliyini geri \u00e7\u0259kib - MEYDAN.TV\",\"isPartOf\":{\"@id\":\"https:\\\/\\\/www.meydan.tv\\\/az\\\/#website\"},\"primaryImageOfPage\":{\"@id\":\"https:\\\/\\\/www.meydan.tv\\\/az\\\/article\\\/abs-da-senator-kamala-harris-prezidentliye-namizedliyini-geri-cekib\\\/#primaryimage\"},\"image\":{\"@id\":\"https:\\\/\\\/www.meydan.tv\\\/az\\\/article\\\/abs-da-senator-kamala-harris-prezidentliye-namizedliyini-geri-cekib\\\/#primaryimage\"},\"thumbnailUrl\":\"https:\\\/\\\/www.meydan.tv\\\/wp-content\\\/uploads\\\/kamala-harris2.jpg\",\"datePublished\":\"2019-12-04T10:52:41+00:00\",\"breadcrumb\":{\"@id\":\"https:\\\/\\\/www.meydan.tv\\\/az\\\/article\\\/abs-da-senator-kamala-harris-prezidentliye-namizedliyini-geri-cekib\\\/#breadcrumb\"},\"inLanguage\":\"az\",\"potentialAction\":[{\"@type\":\"ReadAction\",\"target\":[\"https:\\\/\\\/www.meydan.tv\\\/az\\\/article\\\/abs-da-senator-kamala-harris-prezidentliye-namizedliyini-geri-cekib\\\/\"]}]},{\"@type\":\"ImageObject\",\"inLanguage\":\"az\",\"@id\":\"https:\\\/\\\/www.meydan.tv\\\/az\\\/article\\\/abs-da-senator-kamala-harris-prezidentliye-namizedliyini-geri-cekib\\\/#primaryimage\",\"url\":\"https:\\\/\\\/www.meydan.tv\\\/wp-content\\\/uploads\\\/kamala-harris2.jpg\",\"contentUrl\":\"https:\\\/\\\/www.meydan.tv\\\/wp-content\\\/uploads\\\/kamala-harris2.jpg\",\"width\":1151,\"height\":694,\"caption\":\"Source: Foto: arxiv\"},{\"@type\":\"BreadcrumbList\",\"@id\":\"https:\\\/\\\/www.meydan.tv\\\/az\\\/article\\\/abs-da-senator-kamala-harris-prezidentliye-namizedliyini-geri-cekib\\\/#breadcrumb\",\"itemListElement\":[{\"@type\":\"ListItem\",\"position\":1,\"name\":\"Ana s\u0259hif\u0259\",\"item\":\"https:\\\/\\\/www.meydan.tv\\\/az\\\/\"},{\"@type\":\"ListItem\",\"position\":2,\"name\":\"D\u00fcnya\",\"item\":\"https:\\\/\\\/www.meydan.tv\\\/az\\\/section\\\/dunya\\\/\"},{\"@type\":\"ListItem\",\"position\":3,\"name\":\"AB\u015e-da senator Kamala Harris prezidentliy\u0259 namiz\u0259dliyini geri \u00e7\u0259kib\"}]},{\"@type\":\"WebSite\",\"@id\":\"https:\\\/\\\/www.meydan.tv\\\/az\\\/#website\",\"url\":\"https:\\\/\\\/www.meydan.tv\\\/az\\\/\",\"name\":\"MEYDAN.TV\",\"description\":\"Meydan TV Az\u0259rbaycan\u0131n media m\u0259kan\u0131ndak\u0131 alternativ s\u0259sidir\",\"publisher\":{\"@id\":\"https:\\\/\\\/www.meydan.tv\\\/az\\\/#organization\"},\"potentialAction\":[{\"@type\":\"SearchAction\",\"target\":{\"@type\":\"EntryPoint\",\"urlTemplate\":\"https:\\\/\\\/www.meydan.tv\\\/az\\\/?s={search_term_string}\"},\"query-input\":{\"@type\":\"PropertyValueSpecification\",\"valueRequired\":true,\"valueName\":\"search_term_string\"}}],\"inLanguage\":\"az\"},{\"@type\":\"Organization\",\"@id\":\"https:\\\/\\\/www.meydan.tv\\\/az\\\/#organization\",\"name\":\"Meydan TV\",\"url\":\"https:\\\/\\\/www.meydan.tv\\\/az\\\/\",\"logo\":{\"@type\":\"ImageObject\",\"inLanguage\":\"az\",\"@id\":\"https:\\\/\\\/www.meydan.tv\\\/az\\\/#\\\/schema\\\/logo\\\/image\\\/\",\"url\":\"https:\\\/\\\/www.meydan.tv\\\/wp-content\\\/uploads\\\/2021\\\/07\\\/meydan-logo.svg\",\"contentUrl\":\"https:\\\/\\\/www.meydan.tv\\\/wp-content\\\/uploads\\\/2021\\\/07\\\/meydan-logo.svg\",\"width\":195,\"height\":46,\"caption\":\"Meydan TV\"},\"image\":{\"@id\":\"https:\\\/\\\/www.meydan.tv\\\/az\\\/#\\\/schema\\\/logo\\\/image\\\/\"}},{\"@type\":\"Person\",\"@id\":\"https:\\\/\\\/www.meydan.tv\\\/az\\\/#\\\/schema\\\/person\\\/10d11eccf6da3662cf5fdab9806ea91a\",\"name\":\"user-manager\"}]}<\/script>\n<!-- \/ Yoast SEO plugin. -->","yoast_head_json":{"title":"AB\u015e-da senator Kamala Harris prezidentliy\u0259 namiz\u0259dliyini geri \u00e7\u0259kib - MEYDAN.TV","robots":{"index":"index","follow":"follow","max-snippet":"max-snippet:-1","max-image-preview":"max-image-preview:large","max-video-preview":"max-video-preview:-1"},"canonical":"https:\/\/www.meydan.tv\/az\/article\/abs-da-senator-kamala-harris-prezidentliye-namizedliyini-geri-cekib\/","og_locale":"az_AZ","og_type":"article","og_title":"AB\u015e-da senator Kamala Harris prezidentliy\u0259 namiz\u0259dliyini geri \u00e7\u0259kib - MEYDAN.TV","og_description":"55 ya\u015fl\u0131 Harris birl\u0259\u015fdirici, qucaqlay\u0131c\u0131 namiz\u0259d olaraq tan\u0131n\u0131b.","og_url":"https:\/\/www.meydan.tv\/az\/article\/abs-da-senator-kamala-harris-prezidentliye-namizedliyini-geri-cekib\/","og_site_name":"MEYDAN.TV","article_published_time":"2019-12-04T10:52:41+00:00","og_image":[{"width":1151,"height":694,"url":"https:\/\/www.meydan.tv\/wp-content\/uploads\/kamala-harris2.jpg","type":"image\/jpeg"}],"author":"user-manager","twitter_card":"summary_large_image","schema":{"@context":"https:\/\/schema.org","@graph":[{"@type":"Article","@id":"https:\/\/www.meydan.tv\/az\/article\/abs-da-senator-kamala-harris-prezidentliye-namizedliyini-geri-cekib\/#article","isPartOf":{"@id":"https:\/\/www.meydan.tv\/az\/article\/abs-da-senator-kamala-harris-prezidentliye-namizedliyini-geri-cekib\/"},"author":{"name":"user-manager","@id":"https:\/\/www.meydan.tv\/az\/#\/schema\/person\/10d11eccf6da3662cf5fdab9806ea91a"},"headline":"AB\u015e-da senator Kamala Harris prezidentliy\u0259 namiz\u0259dliyini geri \u00e7\u0259kib","datePublished":"2019-12-04T10:52:41+00:00","mainEntityOfPage":{"@id":"https:\/\/www.meydan.tv\/az\/article\/abs-da-senator-kamala-harris-prezidentliye-namizedliyini-geri-cekib\/"},"wordCount":355,"publisher":{"@id":"https:\/\/www.meydan.tv\/az\/#organization"},"image":{"@id":"https:\/\/www.meydan.tv\/az\/article\/abs-da-senator-kamala-harris-prezidentliye-namizedliyini-geri-cekib\/#primaryimage"},"thumbnailUrl":"https:\/\/www.meydan.tv\/wp-content\/uploads\/kamala-harris2.jpg","articleSection":["D\u00fcnya"],"inLanguage":"az"},{"@type":"WebPage","@id":"https:\/\/www.meydan.tv\/az\/article\/abs-da-senator-kamala-harris-prezidentliye-namizedliyini-geri-cekib\/","url":"https:\/\/www.meydan.tv\/az\/article\/abs-da-senator-kamala-harris-prezidentliye-namizedliyini-geri-cekib\/","name":"AB\u015e-da senator Kamala Harris prezidentliy\u0259 namiz\u0259dliyini geri \u00e7\u0259kib - MEYDAN.TV","isPartOf":{"@id":"https:\/\/www.meydan.tv\/az\/#website"},"primaryImageOfPage":{"@id":"https:\/\/www.meydan.tv\/az\/article\/abs-da-senator-kamala-harris-prezidentliye-namizedliyini-geri-cekib\/#primaryimage"},"image":{"@id":"https:\/\/www.meydan.tv\/az\/article\/abs-da-senator-kamala-harris-prezidentliye-namizedliyini-geri-cekib\/#primaryimage"},"thumbnailUrl":"https:\/\/www.meydan.tv\/wp-content\/uploads\/kamala-harris2.jpg","datePublished":"2019-12-04T10:52:41+00:00","breadcrumb":{"@id":"https:\/\/www.meydan.tv\/az\/article\/abs-da-senator-kamala-harris-prezidentliye-namizedliyini-geri-cekib\/#breadcrumb"},"inLanguage":"az","potentialAction":[{"@type":"ReadAction","target":["https:\/\/www.meydan.tv\/az\/article\/abs-da-senator-kamala-harris-prezidentliye-namizedliyini-geri-cekib\/"]}]},{"@type":"ImageObject","inLanguage":"az","@id":"https:\/\/www.meydan.tv\/az\/article\/abs-da-senator-kamala-harris-prezidentliye-namizedliyini-geri-cekib\/#primaryimage","url":"https:\/\/www.meydan.tv\/wp-content\/uploads\/kamala-harris2.jpg","contentUrl":"https:\/\/www.meydan.tv\/wp-content\/uploads\/kamala-harris2.jpg","width":1151,"height":694,"caption":"Source: Foto: arxiv"},{"@type":"BreadcrumbList","@id":"https:\/\/www.meydan.tv\/az\/article\/abs-da-senator-kamala-harris-prezidentliye-namizedliyini-geri-cekib\/#breadcrumb","itemListElement":[{"@type":"ListItem","position":1,"name":"Ana s\u0259hif\u0259","item":"https:\/\/www.meydan.tv\/az\/"},{"@type":"ListItem","position":2,"name":"D\u00fcnya","item":"https:\/\/www.meydan.tv\/az\/section\/dunya\/"},{"@type":"ListItem","position":3,"name":"AB\u015e-da senator Kamala Harris prezidentliy\u0259 namiz\u0259dliyini geri \u00e7\u0259kib"}]},{"@type":"WebSite","@id":"https:\/\/www.meydan.tv\/az\/#website","url":"https:\/\/www.meydan.tv\/az\/","name":"MEYDAN.TV","description":"Meydan TV Az\u0259rbaycan\u0131n media m\u0259kan\u0131ndak\u0131 alternativ s\u0259sidir","publisher":{"@id":"https:\/\/www.meydan.tv\/az\/#organization"},"potentialAction":[{"@type":"SearchAction","target":{"@type":"EntryPoint","urlTemplate":"https:\/\/www.meydan.tv\/az\/?s={search_term_string}"},"query-input":{"@type":"PropertyValueSpecification","valueRequired":true,"valueName":"search_term_string"}}],"inLanguage":"az"},{"@type":"Organization","@id":"https:\/\/www.meydan.tv\/az\/#organization","name":"Meydan TV","url":"https:\/\/www.meydan.tv\/az\/","logo":{"@type":"ImageObject","inLanguage":"az","@id":"https:\/\/www.meydan.tv\/az\/#\/schema\/logo\/image\/","url":"https:\/\/www.meydan.tv\/wp-content\/uploads\/2021\/07\/meydan-logo.svg","contentUrl":"https:\/\/www.meydan.tv\/wp-content\/uploads\/2021\/07\/meydan-logo.svg","width":195,"height":46,"caption":"Meydan TV"},"image":{"@id":"https:\/\/www.meydan.tv\/az\/#\/schema\/logo\/image\/"}},{"@type":"Person","@id":"https:\/\/www.meydan.tv\/az\/#\/schema\/person\/10d11eccf6da3662cf5fdab9806ea91a","name":"user-manager"}]}},"_links":{"self":[{"href":"https:\/\/www.meydan.tv\/az\/wp-json\/wp\/v2\/posts\/198226","targetHints":{"allow":["GET"]}}],"collection":[{"href":"https:\/\/www.meydan.tv\/az\/wp-json\/wp\/v2\/posts"}],"about":[{"href":"https:\/\/www.meydan.tv\/az\/wp-json\/wp\/v2\/types\/post"}],"author":[{"embeddable":true,"href":"https:\/\/www.meydan.tv\/az\/wp-json\/wp\/v2\/users\/11"}],"replies":[{"embeddable":true,"href":"https:\/\/www.meydan.tv\/az\/wp-json\/wp\/v2\/comments?post=198226"}],"version-history":[{"count":0,"href":"https:\/\/www.meydan.tv\/az\/wp-json\/wp\/v2\/posts\/198226\/revisions"}],"wp:featuredmedia":[{"embeddable":true,"href":"https:\/\/www.meydan.tv\/az\/wp-json\/wp\/v2\/media\/133949"}],"wp:attachment":[{"href":"https:\/\/www.meydan.tv\/az\/wp-json\/wp\/v2\/media?parent=198226"}],"wp:term":[{"taxonomy":"category","embeddable":true,"href":"https:\/\/www.meydan.tv\/az\/wp-json\/wp\/v2\/categories?post=198226"},{"taxonomy":"post_tag","embeddable":true,"href":"https:\/\/www.meydan.tv\/az\/wp-json\/wp\/v2\/tags?post=198226"}],"curies":[{"name":"wp","href":"https:\/\/api.w.org\/{rel}","templated":true}]}}