{"id":198222,"date":"2019-12-04T09:37:17","date_gmt":"2019-12-04T09:37:17","guid":{"rendered":"https:\/\/www.meydan.tv\/article\/bmt-dunya-qasiqcinin-qetlinden-sonra-edalet-ucun-kifayet-qeder-gormeyib\/"},"modified":"2019-12-04T09:37:17","modified_gmt":"2019-12-04T09:37:17","slug":"bmt-dunya-qasiqcinin-qetlinden-sonra-edalet-ucun-kifayet-qeder-gormeyib","status":"publish","type":"post","link":"https:\/\/www.meydan.tv\/az\/article\/bmt-dunya-qasiqcinin-qetlinden-sonra-edalet-ucun-kifayet-qeder-gormeyib\/","title":{"rendered":"BMT: D\u00fcnya Qa\u015f\u0131q\u00e7\u0131n\u0131n q\u0259tlind\u0259n sonra \u0259dal\u0259t \u00fc\u00e7\u00fcn kifay\u0259t q\u0259d\u0259r i\u015f g\u00f6rm\u0259yib"},"content":{"rendered":"<p>\n  <i><br \/>\n    Jurnalistin ni\u015fanl\u0131s\u0131 deyib ki, h\u0259l\u0259 d\u0259 \u0259dal\u0259t axtaran insanlar\u0131 xat\u0131rlatmaq niyy\u0259tind\u0259dir<br \/>\n  <\/i>\n<\/p>\n<p>\n  \u201cS\u0259udi jurnalist Camal Qa\u015f\u0131q\u00e7\u0131n\u0131n \u00f6ld\u00fcr\u00fclm\u0259sind\u0259n sonra \u0259dal\u0259tin t\u0259min edilm\u0259si \u00fc\u00e7\u00fcn d\u00fcnya kifay\u0259t q\u0259d\u0259r i\u015f g\u00f6rm\u0259yib\u201d, &#8211; BMT-nin x\u00fcsusi m\u0259ruz\u0259\u00e7isi \u00e7\u0259r\u015f\u0259nb\u0259 ax\u015fam\u0131 deyib. \u201cReuters\u201d yaz\u0131b ki, BMT-nin m\u0259hk\u0259m\u0259d\u0259nk\u0259nar edamlar \u00fczr\u0259 m\u0259ruz\u0259\u00e7isi Aqnes Kalamard (Agnes Callamard) 2018-ci ild\u0259 Riyad\u0131n \u0130stanbuldak\u0131 konsullu\u011funda S\u0259udiyy\u0259 \u0259m\u0259liyyat\u00e7\u0131lar\u0131 t\u0259r\u0259find\u0259n Qa\u015f\u0131q\u00e7\u0131n\u0131n \u00f6ld\u00fcr\u00fclm\u0259si il\u0259 ba\u011fl\u0131 Avropa Birliyi v\u0259 AB\u015e-\u0131 daha s\u0259rt add\u0131mlar atma\u011fa \u00e7a\u011f\u0131r\u0131b.\n<\/p>\n<p>\n  \u201cD\u00fc\u015f\u00fcn\u00fcr\u0259m ki, beyn\u0259lxalq ictimaiyy\u0259t bug\u00fcn\u0259 q\u0259d\u0259r Camal Qa\u015f\u0131q\u00e7\u0131n\u0131n \u00f6ld\u00fcr\u00fclm\u0259si il\u0259 ba\u011fl\u0131 toxunulmazl\u0131q v\u0259 c\u0259zas\u0131zl\u0131\u011f\u0131 t\u0259min etm\u0259k borcunu yerin\u0259 yetir\u0259 bilm\u0259yib. Bunu q\u0259bul etm\u0259k \u00f6n\u0259mlidir\u201d, &#8211; Kalamard Br\u00fcsseld\u0259 jurnalistl\u0259r\u0259 bildirib.\n<\/p>\n<p>\n  Kalamard S\u0259udiyy\u0259 m\u0259hk\u0259m\u0259si \u0259v\u0259zin\u0259 beyn\u0259lxalq cinay\u0259t istintaq\u0131 t\u0259l\u0259b edib, ancaq \u018fr-Riyad onun t\u0259l\u0259bini r\u0259dd edib.\n<\/p>\n<p>\n  Qa\u015f\u0131q\u00e7\u0131 il\u0259 evl\u0259nm\u0259li olan X\u0259dic\u0259 (Hatice) Cengiz Kalamard\u0131 Br\u00fcssel\u0259 etdiyi s\u0259f\u0259rd\u0259 m\u00fc\u015fayi\u0259t edib v\u0259 qeyd edib ki, h\u0259l\u0259 d\u0259 \u0259dal\u0259t axtaran insanlar\u0131 xat\u0131rlatmaq niyy\u0259tind\u0259dir.\n<\/p>\n<p>\n  Qa\u015f\u0131q\u00e7\u0131 AB\u015e \u2013da ya\u015fay\u0131b v\u0259 S\u0259udiyy\u0259 v\u0259li\u0259hd \u015fahzad\u0259si M\u0259h\u0259mm\u0259d bin Salman\u0131n t\u0259nqid\u00e7isi olub. Onun sirli \u00f6l\u00fcm\u00fc il\u0259 \u0259laq\u0259dar 11 s\u0259udiyy\u0259li \u015f\u00fcbh\u0259li qismind\u0259 m\u00fchakim\u0259 olunub. Kalamard t\u0259r\u0259find\u0259n haz\u0131rlanan hesabatda v\u0259li\u0259hd \u015fahzad\u0259sinin v\u0259 S\u0259udiyy\u0259 \u018fr\u0259bistan\u0131n\u0131n dig\u0259r y\u00fcks\u0259k v\u0259zif\u0259li \u015f\u0259xsl\u0259rini ara\u015fd\u0131r\u0131lmas\u0131 t\u0259l\u0259b edilir.\n<\/p>\n<p>\n  Qa\u015f\u0131q\u00e7\u0131n\u0131n \u00f6l\u00fcm\u00fc Riyad\u0131n v\u0259 Salman\u0131n imicin\u0259 ciddi x\u0259l\u0259l g\u0259tirib. CIA v\u0259 b\u0259zi Q\u0259rb h\u00f6kum\u0259tl\u0259ri \u015fahzad\u0259 M\u0259h\u0259mm\u0259din Qa\u015f\u0131q\u00e7\u0131n\u0131n \u00f6ld\u00fcr\u00fclm\u0259sin\u0259 \u0259mr verdiyin\u0259 inand\u0131qlar\u0131n\u0131 s\u00f6yl\u0259yibl\u0259r, lakin S\u0259udiyy\u0259 r\u0259smil\u0259ri onun q\u0259tld\u0259 he\u00e7 bir rolunun olmad\u0131\u011f\u0131n\u0131 bildiribl\u0259r.\n<\/p>\n<p>\n  Avropa Birliyi Qa\u015f\u0131q\u00e7\u0131n\u0131n \u00f6ld\u00fcr\u00fclm\u0259sinin birinci ild\u00f6n\u00fcm\u00fcnd\u0259 b\u00fct\u00fcn m\u0259sul \u015f\u0259xsl\u0259rin tam m\u0259suliyy\u0259t da\u015f\u0131ma\u011fa \u00e7a\u011f\u0131r\u0131b v\u0259 deyib ki, apar\u0131lan ara\u015fd\u0131rma \u201cetibarl\u0131 v\u0259 \u015f\u0259ffaf\u201d olmal\u0131d\u0131r.\n<\/p>\n<p>\n  Birl\u0259\u015fmi\u015f \u015etatlar S\u0259udiyy\u0259 \u018fr\u0259bistan\u0131n\u0131 q\u0259tlin arxas\u0131nda duranlar\u0131n m\u0259suliyy\u0259t\u0259 c\u0259lb edilm\u0259si y\u00f6n\u00fcnd\u0259 ciddi ir\u0259lil\u0259yi\u015f\u0259 nail olma\u011fa \u00e7a\u011f\u0131r\u0131b.<\/p>\n","protected":false},"excerpt":{"rendered":"<p>Jurnalistin ni\u015fanl\u0131s\u0131 deyib ki, h\u0259l\u0259 d\u0259 \u0259dal\u0259t axtaran insanlar\u0131 xat\u0131rlatmaq niyy\u0259tind\u0259dir<\/p>\n","protected":false},"author":11,"featured_media":111611,"comment_status":"closed","ping_status":"open","sticky":false,"template":"","format":"standard","meta":{"_acf_changed":false,"_sitemap_exclude":false,"_sitemap_priority":"","_sitemap_frequency":"","footnotes":""},"categories":[64],"tags":[],"class_list":["post-198222","post","type-post","status-publish","format-standard","has-post-thumbnail","hentry","category-dunya","infinite-scroll-item","generate-columns","tablet-grid-50","mobile-grid-100","grid-parent","grid-33","no-featured-image-padding"],"acf":[],"yoast_head":"<!-- This site is optimized with the Yoast SEO plugin v27.5 - https:\/\/yoast.com\/product\/yoast-seo-wordpress\/ -->\n<title>BMT: D\u00fcnya Qa\u015f\u0131q\u00e7\u0131n\u0131n q\u0259tlind\u0259n sonra \u0259dal\u0259t \u00fc\u00e7\u00fcn kifay\u0259t q\u0259d\u0259r i\u015f g\u00f6rm\u0259yib - MEYDAN.TV<\/title>\n<meta name=\"robots\" content=\"index, follow, max-snippet:-1, max-image-preview:large, max-video-preview:-1\" \/>\n<link rel=\"canonical\" href=\"https:\/\/www.meydan.tv\/az\/article\/bmt-dunya-qasiqcinin-qetlinden-sonra-edalet-ucun-kifayet-qeder-gormeyib\/\" \/>\n<meta property=\"og:locale\" content=\"az_AZ\" \/>\n<meta property=\"og:type\" content=\"article\" \/>\n<meta property=\"og:title\" content=\"BMT: D\u00fcnya Qa\u015f\u0131q\u00e7\u0131n\u0131n q\u0259tlind\u0259n sonra \u0259dal\u0259t \u00fc\u00e7\u00fcn kifay\u0259t q\u0259d\u0259r i\u015f g\u00f6rm\u0259yib - MEYDAN.TV\" \/>\n<meta property=\"og:description\" content=\"Jurnalistin ni\u015fanl\u0131s\u0131 deyib ki, h\u0259l\u0259 d\u0259 \u0259dal\u0259t axtaran insanlar\u0131 xat\u0131rlatmaq niyy\u0259tind\u0259dir\" \/>\n<meta property=\"og:url\" content=\"https:\/\/www.meydan.tv\/az\/article\/bmt-dunya-qasiqcinin-qetlinden-sonra-edalet-ucun-kifayet-qeder-gormeyib\/\" \/>\n<meta property=\"og:site_name\" content=\"MEYDAN.TV\" \/>\n<meta property=\"article:published_time\" content=\"2019-12-04T09:37:17+00:00\" \/>\n<meta property=\"og:image\" content=\"https:\/\/www.meydan.tv\/wp-content\/uploads\/44406.jpg\" \/>\n\t<meta property=\"og:image:width\" content=\"1010\" \/>\n\t<meta property=\"og:image:height\" content=\"644\" \/>\n\t<meta property=\"og:image:type\" content=\"image\/jpeg\" \/>\n<meta name=\"author\" content=\"user-manager\" \/>\n<meta name=\"twitter:card\" content=\"summary_large_image\" \/>\n<script type=\"application\/ld+json\" class=\"yoast-schema-graph\">{\"@context\":\"https:\\\/\\\/schema.org\",\"@graph\":[{\"@type\":\"Article\",\"@id\":\"https:\\\/\\\/www.meydan.tv\\\/az\\\/article\\\/bmt-dunya-qasiqcinin-qetlinden-sonra-edalet-ucun-kifayet-qeder-gormeyib\\\/#article\",\"isPartOf\":{\"@id\":\"https:\\\/\\\/www.meydan.tv\\\/az\\\/article\\\/bmt-dunya-qasiqcinin-qetlinden-sonra-edalet-ucun-kifayet-qeder-gormeyib\\\/\"},\"author\":{\"name\":\"user-manager\",\"@id\":\"https:\\\/\\\/www.meydan.tv\\\/az\\\/#\\\/schema\\\/person\\\/10d11eccf6da3662cf5fdab9806ea91a\"},\"headline\":\"BMT: D\u00fcnya Qa\u015f\u0131q\u00e7\u0131n\u0131n q\u0259tlind\u0259n sonra \u0259dal\u0259t \u00fc\u00e7\u00fcn kifay\u0259t q\u0259d\u0259r i\u015f g\u00f6rm\u0259yib\",\"datePublished\":\"2019-12-04T09:37:17+00:00\",\"mainEntityOfPage\":{\"@id\":\"https:\\\/\\\/www.meydan.tv\\\/az\\\/article\\\/bmt-dunya-qasiqcinin-qetlinden-sonra-edalet-ucun-kifayet-qeder-gormeyib\\\/\"},\"wordCount\":493,\"publisher\":{\"@id\":\"https:\\\/\\\/www.meydan.tv\\\/az\\\/#organization\"},\"image\":{\"@id\":\"https:\\\/\\\/www.meydan.tv\\\/az\\\/article\\\/bmt-dunya-qasiqcinin-qetlinden-sonra-edalet-ucun-kifayet-qeder-gormeyib\\\/#primaryimage\"},\"thumbnailUrl\":\"https:\\\/\\\/www.meydan.tv\\\/wp-content\\\/uploads\\\/44406.jpg\",\"articleSection\":[\"D\u00fcnya\"],\"inLanguage\":\"az\"},{\"@type\":\"WebPage\",\"@id\":\"https:\\\/\\\/www.meydan.tv\\\/az\\\/article\\\/bmt-dunya-qasiqcinin-qetlinden-sonra-edalet-ucun-kifayet-qeder-gormeyib\\\/\",\"url\":\"https:\\\/\\\/www.meydan.tv\\\/az\\\/article\\\/bmt-dunya-qasiqcinin-qetlinden-sonra-edalet-ucun-kifayet-qeder-gormeyib\\\/\",\"name\":\"BMT: D\u00fcnya Qa\u015f\u0131q\u00e7\u0131n\u0131n q\u0259tlind\u0259n sonra \u0259dal\u0259t \u00fc\u00e7\u00fcn kifay\u0259t q\u0259d\u0259r i\u015f g\u00f6rm\u0259yib - MEYDAN.TV\",\"isPartOf\":{\"@id\":\"https:\\\/\\\/www.meydan.tv\\\/az\\\/#website\"},\"primaryImageOfPage\":{\"@id\":\"https:\\\/\\\/www.meydan.tv\\\/az\\\/article\\\/bmt-dunya-qasiqcinin-qetlinden-sonra-edalet-ucun-kifayet-qeder-gormeyib\\\/#primaryimage\"},\"image\":{\"@id\":\"https:\\\/\\\/www.meydan.tv\\\/az\\\/article\\\/bmt-dunya-qasiqcinin-qetlinden-sonra-edalet-ucun-kifayet-qeder-gormeyib\\\/#primaryimage\"},\"thumbnailUrl\":\"https:\\\/\\\/www.meydan.tv\\\/wp-content\\\/uploads\\\/44406.jpg\",\"datePublished\":\"2019-12-04T09:37:17+00:00\",\"breadcrumb\":{\"@id\":\"https:\\\/\\\/www.meydan.tv\\\/az\\\/article\\\/bmt-dunya-qasiqcinin-qetlinden-sonra-edalet-ucun-kifayet-qeder-gormeyib\\\/#breadcrumb\"},\"inLanguage\":\"az\",\"potentialAction\":[{\"@type\":\"ReadAction\",\"target\":[\"https:\\\/\\\/www.meydan.tv\\\/az\\\/article\\\/bmt-dunya-qasiqcinin-qetlinden-sonra-edalet-ucun-kifayet-qeder-gormeyib\\\/\"]}]},{\"@type\":\"ImageObject\",\"inLanguage\":\"az\",\"@id\":\"https:\\\/\\\/www.meydan.tv\\\/az\\\/article\\\/bmt-dunya-qasiqcinin-qetlinden-sonra-edalet-ucun-kifayet-qeder-gormeyib\\\/#primaryimage\",\"url\":\"https:\\\/\\\/www.meydan.tv\\\/wp-content\\\/uploads\\\/44406.jpg\",\"contentUrl\":\"https:\\\/\\\/www.meydan.tv\\\/wp-content\\\/uploads\\\/44406.jpg\",\"width\":1010,\"height\":644,\"caption\":\"Source:\"},{\"@type\":\"BreadcrumbList\",\"@id\":\"https:\\\/\\\/www.meydan.tv\\\/az\\\/article\\\/bmt-dunya-qasiqcinin-qetlinden-sonra-edalet-ucun-kifayet-qeder-gormeyib\\\/#breadcrumb\",\"itemListElement\":[{\"@type\":\"ListItem\",\"position\":1,\"name\":\"Ana s\u0259hif\u0259\",\"item\":\"https:\\\/\\\/www.meydan.tv\\\/az\\\/\"},{\"@type\":\"ListItem\",\"position\":2,\"name\":\"D\u00fcnya\",\"item\":\"https:\\\/\\\/www.meydan.tv\\\/az\\\/section\\\/dunya\\\/\"},{\"@type\":\"ListItem\",\"position\":3,\"name\":\"BMT: D\u00fcnya Qa\u015f\u0131q\u00e7\u0131n\u0131n q\u0259tlind\u0259n sonra \u0259dal\u0259t \u00fc\u00e7\u00fcn kifay\u0259t q\u0259d\u0259r i\u015f g\u00f6rm\u0259yib\"}]},{\"@type\":\"WebSite\",\"@id\":\"https:\\\/\\\/www.meydan.tv\\\/az\\\/#website\",\"url\":\"https:\\\/\\\/www.meydan.tv\\\/az\\\/\",\"name\":\"MEYDAN.TV\",\"description\":\"Meydan TV Az\u0259rbaycan\u0131n media m\u0259kan\u0131ndak\u0131 alternativ s\u0259sidir\",\"publisher\":{\"@id\":\"https:\\\/\\\/www.meydan.tv\\\/az\\\/#organization\"},\"potentialAction\":[{\"@type\":\"SearchAction\",\"target\":{\"@type\":\"EntryPoint\",\"urlTemplate\":\"https:\\\/\\\/www.meydan.tv\\\/az\\\/?s={search_term_string}\"},\"query-input\":{\"@type\":\"PropertyValueSpecification\",\"valueRequired\":true,\"valueName\":\"search_term_string\"}}],\"inLanguage\":\"az\"},{\"@type\":\"Organization\",\"@id\":\"https:\\\/\\\/www.meydan.tv\\\/az\\\/#organization\",\"name\":\"Meydan TV\",\"url\":\"https:\\\/\\\/www.meydan.tv\\\/az\\\/\",\"logo\":{\"@type\":\"ImageObject\",\"inLanguage\":\"az\",\"@id\":\"https:\\\/\\\/www.meydan.tv\\\/az\\\/#\\\/schema\\\/logo\\\/image\\\/\",\"url\":\"https:\\\/\\\/www.meydan.tv\\\/wp-content\\\/uploads\\\/2021\\\/07\\\/meydan-logo.svg\",\"contentUrl\":\"https:\\\/\\\/www.meydan.tv\\\/wp-content\\\/uploads\\\/2021\\\/07\\\/meydan-logo.svg\",\"width\":195,\"height\":46,\"caption\":\"Meydan TV\"},\"image\":{\"@id\":\"https:\\\/\\\/www.meydan.tv\\\/az\\\/#\\\/schema\\\/logo\\\/image\\\/\"}},{\"@type\":\"Person\",\"@id\":\"https:\\\/\\\/www.meydan.tv\\\/az\\\/#\\\/schema\\\/person\\\/10d11eccf6da3662cf5fdab9806ea91a\",\"name\":\"user-manager\"}]}<\/script>\n<!-- \/ Yoast SEO plugin. -->","yoast_head_json":{"title":"BMT: D\u00fcnya Qa\u015f\u0131q\u00e7\u0131n\u0131n q\u0259tlind\u0259n sonra \u0259dal\u0259t \u00fc\u00e7\u00fcn kifay\u0259t q\u0259d\u0259r i\u015f g\u00f6rm\u0259yib - MEYDAN.TV","robots":{"index":"index","follow":"follow","max-snippet":"max-snippet:-1","max-image-preview":"max-image-preview:large","max-video-preview":"max-video-preview:-1"},"canonical":"https:\/\/www.meydan.tv\/az\/article\/bmt-dunya-qasiqcinin-qetlinden-sonra-edalet-ucun-kifayet-qeder-gormeyib\/","og_locale":"az_AZ","og_type":"article","og_title":"BMT: D\u00fcnya Qa\u015f\u0131q\u00e7\u0131n\u0131n q\u0259tlind\u0259n sonra \u0259dal\u0259t \u00fc\u00e7\u00fcn kifay\u0259t q\u0259d\u0259r i\u015f g\u00f6rm\u0259yib - MEYDAN.TV","og_description":"Jurnalistin ni\u015fanl\u0131s\u0131 deyib ki, h\u0259l\u0259 d\u0259 \u0259dal\u0259t axtaran insanlar\u0131 xat\u0131rlatmaq niyy\u0259tind\u0259dir","og_url":"https:\/\/www.meydan.tv\/az\/article\/bmt-dunya-qasiqcinin-qetlinden-sonra-edalet-ucun-kifayet-qeder-gormeyib\/","og_site_name":"MEYDAN.TV","article_published_time":"2019-12-04T09:37:17+00:00","og_image":[{"width":1010,"height":644,"url":"https:\/\/www.meydan.tv\/wp-content\/uploads\/44406.jpg","type":"image\/jpeg"}],"author":"user-manager","twitter_card":"summary_large_image","schema":{"@context":"https:\/\/schema.org","@graph":[{"@type":"Article","@id":"https:\/\/www.meydan.tv\/az\/article\/bmt-dunya-qasiqcinin-qetlinden-sonra-edalet-ucun-kifayet-qeder-gormeyib\/#article","isPartOf":{"@id":"https:\/\/www.meydan.tv\/az\/article\/bmt-dunya-qasiqcinin-qetlinden-sonra-edalet-ucun-kifayet-qeder-gormeyib\/"},"author":{"name":"user-manager","@id":"https:\/\/www.meydan.tv\/az\/#\/schema\/person\/10d11eccf6da3662cf5fdab9806ea91a"},"headline":"BMT: D\u00fcnya Qa\u015f\u0131q\u00e7\u0131n\u0131n q\u0259tlind\u0259n sonra \u0259dal\u0259t \u00fc\u00e7\u00fcn kifay\u0259t q\u0259d\u0259r i\u015f g\u00f6rm\u0259yib","datePublished":"2019-12-04T09:37:17+00:00","mainEntityOfPage":{"@id":"https:\/\/www.meydan.tv\/az\/article\/bmt-dunya-qasiqcinin-qetlinden-sonra-edalet-ucun-kifayet-qeder-gormeyib\/"},"wordCount":493,"publisher":{"@id":"https:\/\/www.meydan.tv\/az\/#organization"},"image":{"@id":"https:\/\/www.meydan.tv\/az\/article\/bmt-dunya-qasiqcinin-qetlinden-sonra-edalet-ucun-kifayet-qeder-gormeyib\/#primaryimage"},"thumbnailUrl":"https:\/\/www.meydan.tv\/wp-content\/uploads\/44406.jpg","articleSection":["D\u00fcnya"],"inLanguage":"az"},{"@type":"WebPage","@id":"https:\/\/www.meydan.tv\/az\/article\/bmt-dunya-qasiqcinin-qetlinden-sonra-edalet-ucun-kifayet-qeder-gormeyib\/","url":"https:\/\/www.meydan.tv\/az\/article\/bmt-dunya-qasiqcinin-qetlinden-sonra-edalet-ucun-kifayet-qeder-gormeyib\/","name":"BMT: D\u00fcnya Qa\u015f\u0131q\u00e7\u0131n\u0131n q\u0259tlind\u0259n sonra \u0259dal\u0259t \u00fc\u00e7\u00fcn kifay\u0259t q\u0259d\u0259r i\u015f g\u00f6rm\u0259yib - MEYDAN.TV","isPartOf":{"@id":"https:\/\/www.meydan.tv\/az\/#website"},"primaryImageOfPage":{"@id":"https:\/\/www.meydan.tv\/az\/article\/bmt-dunya-qasiqcinin-qetlinden-sonra-edalet-ucun-kifayet-qeder-gormeyib\/#primaryimage"},"image":{"@id":"https:\/\/www.meydan.tv\/az\/article\/bmt-dunya-qasiqcinin-qetlinden-sonra-edalet-ucun-kifayet-qeder-gormeyib\/#primaryimage"},"thumbnailUrl":"https:\/\/www.meydan.tv\/wp-content\/uploads\/44406.jpg","datePublished":"2019-12-04T09:37:17+00:00","breadcrumb":{"@id":"https:\/\/www.meydan.tv\/az\/article\/bmt-dunya-qasiqcinin-qetlinden-sonra-edalet-ucun-kifayet-qeder-gormeyib\/#breadcrumb"},"inLanguage":"az","potentialAction":[{"@type":"ReadAction","target":["https:\/\/www.meydan.tv\/az\/article\/bmt-dunya-qasiqcinin-qetlinden-sonra-edalet-ucun-kifayet-qeder-gormeyib\/"]}]},{"@type":"ImageObject","inLanguage":"az","@id":"https:\/\/www.meydan.tv\/az\/article\/bmt-dunya-qasiqcinin-qetlinden-sonra-edalet-ucun-kifayet-qeder-gormeyib\/#primaryimage","url":"https:\/\/www.meydan.tv\/wp-content\/uploads\/44406.jpg","contentUrl":"https:\/\/www.meydan.tv\/wp-content\/uploads\/44406.jpg","width":1010,"height":644,"caption":"Source:"},{"@type":"BreadcrumbList","@id":"https:\/\/www.meydan.tv\/az\/article\/bmt-dunya-qasiqcinin-qetlinden-sonra-edalet-ucun-kifayet-qeder-gormeyib\/#breadcrumb","itemListElement":[{"@type":"ListItem","position":1,"name":"Ana s\u0259hif\u0259","item":"https:\/\/www.meydan.tv\/az\/"},{"@type":"ListItem","position":2,"name":"D\u00fcnya","item":"https:\/\/www.meydan.tv\/az\/section\/dunya\/"},{"@type":"ListItem","position":3,"name":"BMT: D\u00fcnya Qa\u015f\u0131q\u00e7\u0131n\u0131n q\u0259tlind\u0259n sonra \u0259dal\u0259t \u00fc\u00e7\u00fcn kifay\u0259t q\u0259d\u0259r i\u015f g\u00f6rm\u0259yib"}]},{"@type":"WebSite","@id":"https:\/\/www.meydan.tv\/az\/#website","url":"https:\/\/www.meydan.tv\/az\/","name":"MEYDAN.TV","description":"Meydan TV Az\u0259rbaycan\u0131n media m\u0259kan\u0131ndak\u0131 alternativ s\u0259sidir","publisher":{"@id":"https:\/\/www.meydan.tv\/az\/#organization"},"potentialAction":[{"@type":"SearchAction","target":{"@type":"EntryPoint","urlTemplate":"https:\/\/www.meydan.tv\/az\/?s={search_term_string}"},"query-input":{"@type":"PropertyValueSpecification","valueRequired":true,"valueName":"search_term_string"}}],"inLanguage":"az"},{"@type":"Organization","@id":"https:\/\/www.meydan.tv\/az\/#organization","name":"Meydan TV","url":"https:\/\/www.meydan.tv\/az\/","logo":{"@type":"ImageObject","inLanguage":"az","@id":"https:\/\/www.meydan.tv\/az\/#\/schema\/logo\/image\/","url":"https:\/\/www.meydan.tv\/wp-content\/uploads\/2021\/07\/meydan-logo.svg","contentUrl":"https:\/\/www.meydan.tv\/wp-content\/uploads\/2021\/07\/meydan-logo.svg","width":195,"height":46,"caption":"Meydan TV"},"image":{"@id":"https:\/\/www.meydan.tv\/az\/#\/schema\/logo\/image\/"}},{"@type":"Person","@id":"https:\/\/www.meydan.tv\/az\/#\/schema\/person\/10d11eccf6da3662cf5fdab9806ea91a","name":"user-manager"}]}},"_links":{"self":[{"href":"https:\/\/www.meydan.tv\/az\/wp-json\/wp\/v2\/posts\/198222","targetHints":{"allow":["GET"]}}],"collection":[{"href":"https:\/\/www.meydan.tv\/az\/wp-json\/wp\/v2\/posts"}],"about":[{"href":"https:\/\/www.meydan.tv\/az\/wp-json\/wp\/v2\/types\/post"}],"author":[{"embeddable":true,"href":"https:\/\/www.meydan.tv\/az\/wp-json\/wp\/v2\/users\/11"}],"replies":[{"embeddable":true,"href":"https:\/\/www.meydan.tv\/az\/wp-json\/wp\/v2\/comments?post=198222"}],"version-history":[{"count":0,"href":"https:\/\/www.meydan.tv\/az\/wp-json\/wp\/v2\/posts\/198222\/revisions"}],"wp:featuredmedia":[{"embeddable":true,"href":"https:\/\/www.meydan.tv\/az\/wp-json\/wp\/v2\/media\/111611"}],"wp:attachment":[{"href":"https:\/\/www.meydan.tv\/az\/wp-json\/wp\/v2\/media?parent=198222"}],"wp:term":[{"taxonomy":"category","embeddable":true,"href":"https:\/\/www.meydan.tv\/az\/wp-json\/wp\/v2\/categories?post=198222"},{"taxonomy":"post_tag","embeddable":true,"href":"https:\/\/www.meydan.tv\/az\/wp-json\/wp\/v2\/tags?post=198222"}],"curies":[{"name":"wp","href":"https:\/\/api.w.org\/{rel}","templated":true}]}}