{"id":198219,"date":"2019-12-04T08:52:03","date_gmt":"2019-12-04T08:52:03","guid":{"rendered":"https:\/\/www.meydan.tv\/article\/hacibala-abutalibov-bakini-ogullari-ise-istanbul-ve-londonu-sevir\/"},"modified":"2019-12-04T08:52:03","modified_gmt":"2019-12-04T08:52:03","slug":"hacibala-abutalibov-bakini-ogullari-ise-istanbul-ve-londonu-sevir","status":"publish","type":"post","link":"https:\/\/www.meydan.tv\/az\/article\/hacibala-abutalibov-bakini-ogullari-ise-istanbul-ve-londonu-sevir\/","title":{"rendered":"Hac\u0131bala Abutal\u0131bov Bak\u0131n\u0131, o\u011fullar\u0131 is\u0259 \u0130stanbul v\u0259 Londonu sevir"},"content":{"rendered":"<p>\n  <i><br \/>\n    Ba\u015f nazirin ke\u00e7mi\u015f m\u00fcavinin qohumlar\u0131n\u0131n \u00e7oxlu sayda m\u00fclk\u00fc var<br \/>\n  <\/i>\n<\/p>\n<p>\n  \u0130srafil Abutal\u0131b v\u0259 Orxan Abutal\u0131bov qarda\u015flar\u0131n\u0131n T\u00fcrkiy\u0259, \u0130ngilt\u0259r\u0259 v\u0259 Az\u0259rbaycan\u0131n turizm, da\u015f\u0131nmaz \u0259mlak v\u0259 restoran biznesin\u0259, t\u0259hsil sektoruna yat\u0131r\u0131mlar\u0131 on milyonlarla dollarla \u00f6l\u00e7\u00fcl\u00fcr. Amma t\u0259kc\u0259 onlar deyil, Az\u0259rbaycan paytaxt\u0131n\u0131n ke\u00e7mi\u015f icra ba\u015f\u00e7\u0131s\u0131n\u0131n yax\u0131n qohumlar\u0131 da xaricd\u0259 b\u00f6y\u00fck biznes \u015f\u0259b\u0259k\u0259si qurublar.\n<\/p>\n<p>\n  \u201cSizin g\u00f6st\u0259ri\u015fl\u0259rinizin, Bak\u0131n\u0131n bel\u0259 g\u00f6z\u0259l v\u0259ziyy\u0259t\u0259 \u00e7atd\u0131r\u0131lmas\u0131 \u00fc\u00e7\u00fcn Sizin arzular\u0131n\u0131z\u0131n yerin\u0259 yetirilm\u0259sind\u0259 \u0259limd\u0259n g\u0259l\u0259ni ed\u0259 bildim. Bak\u0131 g\u00f6z\u0259ll\u0259\u015fdi v\u0259 Siz d\u0259 h\u0259mi\u015f\u0259 demisiniz v\u0259 deyirsiniz ki, Bak\u0131 d\u00fcnyan\u0131n \u0259n g\u00f6z\u0259l \u015f\u0259h\u0259ridir\u201d.Oktyabr\u0131n 21-d\u0259 &#8211; Ba\u015f nazirin m\u00fcavini postundan istefa \u0259riz\u0259sinin q\u0259bul edildiyi g\u00fcn &#8211; prezident \u0130lham \u018fliyevl\u0259 g\u00f6r\u00fc\u015f\u00fcnd\u0259 H.Abutal\u0131bov Bak\u0131n\u0131n simas\u0131n\u0131n d\u0259yi\u015fm\u0259si \u00fc\u00e7\u00fcn v\u0259zif\u0259d\u0259 oldu\u011fu d\u00f6vrd\u0259 \u0259zml\u0259 \u00e7al\u0131\u015fd\u0131\u011f\u0131n\u0131 \u015f\u00f6vql\u0259 dil\u0259 g\u0259tirdi. D\u00fczd\u00fcr, d\u00f6vl\u0259t ba\u015f\u00e7\u0131s\u0131 soru\u015fmad\u0131, amma soru\u015fsayd\u0131, 1995-ci ild\u0259n d\u00f6vl\u0259t qullu\u011funda olan v\u0259 m\u0259bl\u0259\u011fi y\u00fcz milyonlarla manatla \u00f6l\u00e7\u00fcl\u0259n \u015f\u0259h\u0259r b\u00fcdc\u0259si \u00fcz\u0259rind\u0259 s\u0259r\u0259ncam ver\u0259n 75 ya\u015fl\u0131 fizik, ictimaiyy\u0259t qar\u015f\u0131s\u0131nda \u00f6z\u00fcn\u00fcn qeyri-adekvat v\u0259 b\u0259z\u0259n m\u0259z\u0259li \u00e7\u0131x\u0131\u015flar\u0131 il\u0259 yadda qalan H.Abutal\u0131bov bu d\u00f6vrd\u0259 iki \u00f6vlad\u0131n\u0131n Az\u0259rbaycanda v\u0259 \u00f6lk\u0259 xaricind\u0259 b\u00f6y\u00fck s\u0259rv\u0259t\u0259 nec\u0259 sahib olmas\u0131n\u0131 izah etm\u0259kd\u0259 y\u0259qin ki \u00e7\u0259tinlik \u00e7\u0259k\u0259rdi.\n<\/p>\n<p>\n  <b><br \/>\n    Londonun<br \/>\n  <\/b><br \/>\n  <b><br \/>\n    \u0259mlak<br \/>\n  <\/b><br \/>\n  <b><br \/>\n    bazar\u0131na<br \/>\n  <\/b><br \/>\n  <b><br \/>\n    yat\u0131r\u0131mlar<br \/>\n  <\/b>\n<\/p>\n<p>\n  D\u00f6vl\u0259t qullu\u011funa g\u0259l\u0259n\u0259d\u0259k AMEA-n\u0131n Fizika \u0130nstitutunda laboratoriya m\u00fcdiri i\u015fl\u0259y\u0259n H.Abutal\u0131bovun b\u00f6y\u00fck o\u011flu \u0130srafil ixtisasca h\u00fcquq\u015f\u00fcnasd\u0131r. Bak\u0131da m\u00fcxt\u0259lif qurumlarda, o c\u00fcml\u0259d\u0259n Konstitusiya M\u0259hk\u0259m\u0259sinin s\u0259drinin k\u00f6m\u0259k\u00e7isi v\u0259zif\u0259sind\u0259<br \/>\n  <a href=\"http:\/\/www.constcourt.gov.az\/details\/41\"><br \/>\n    \u00e7al\u0131\u015f\u0131b<br \/>\n  <\/a><br \/>\n  .\n<\/p>\n<p>\n  Londonda biznes al\u0259min\u0259 ilk g\u0259li\u015fi 2007-ci il\u0259 t\u0259sad\u00fcf edir. 29 ya\u015fl\u0131 \u0130srafil burada \u201c<br \/>\n  <b><br \/>\n    Androush<br \/>\n  <\/b><br \/>\n  <b><br \/>\n    Shtriker<br \/>\n  <\/b><br \/>\n  <a href=\"https:\/\/www.companieslist.co.uk\/05951592-androush-shtriker-limited\"><br \/>\n    <b><br \/>\n      Limited<br \/>\n    <\/b><br \/>\n  <\/a><br \/>\n  \u201d v\u0259 \u201c<br \/>\n  <b><br \/>\n    Hamilton<br \/>\n  <\/b><br \/>\n  <b><br \/>\n    Consultancy<br \/>\n  <\/b><br \/>\n  <b><br \/>\n    &amp;<br \/>\n  <\/b><br \/>\n  <b><br \/>\n    Advisory<br \/>\n  <\/b><br \/>\n  <a href=\"https:\/\/www.companieslist.co.uk\/06446757-hamilton-consultancy-advisory-limited\"><br \/>\n    <b><br \/>\n      Limited<br \/>\n    <\/b><br \/>\n  <\/a><br \/>\n  \u201d \u015firk\u0259tl\u0259rinin direktoru olub. Bu \u015firk\u0259tl\u0259r 9-10 ildir ki, f\u0259aliyy\u0259tini dayand\u0131r\u0131b.\n<\/p>\n<p>\n  \u0130srafil Abutal\u0131b ikinci d\u0259f\u0259 Londona bir daha 2016-c\u0131 ild\u0259 d\u00f6n\u00fcb. \u018fvv\u0259lc\u0259 o, \u201c<br \/>\n  <b><br \/>\n    Sidmouth \u0130nvestment Limited<br \/>\n  <\/b><br \/>\n  \u201d<br \/>\n  <a href=\"https:\/\/beta.companieshouse.gov.uk\/company\/08765435\/persons-with-significant-control\"><br \/>\n    \u015firk\u0259tini<br \/>\n  <\/a><br \/>\n  qurub. N\u00f6vb\u0259ti il burada t\u0259sis etdiyi \u201c<br \/>\n  <b><br \/>\n    Kenwood AM Ltd<br \/>\n  <\/b><br \/>\n  \u201d<br \/>\n  <a href=\"https:\/\/beta.companieshouse.gov.uk\/company\/10762472\/persons-with-significant-control\"><br \/>\n    \u015firk\u0259ti<br \/>\n  <\/a><br \/>\n  vasit\u0259sil\u0259 \u201c<br \/>\n  <b><br \/>\n    Rock Gate Mews Limited<br \/>\n  <\/b><br \/>\n  \u201d<br \/>\n  <a href=\"https:\/\/beta.companieshouse.gov.uk\/company\/08825721\/persons-with-significant-control\"><br \/>\n    \u015firk\u0259tin\u0259<br \/>\n  <\/a><br \/>\n  sahib olub. Sonuncu \u015firk\u0259tin ingilis sahibl\u0259ri onu banka ipoteka borcuna g\u00f6r\u0259 \u0130.Abutal\u0131ba satmal\u0131 olmu\u015fdular. Londonda 17 Spaniards End \u00fcnvan\u0131ndak\u0131 h\u0259min \u0259mlak\u0131 yerli rieltorlar 6,6 milyon funt<br \/>\n  <a href=\"https:\/\/www.zoopla.co.uk\/property\/17-spaniards-end\/london\/nw3-7jg\/17216410\"><br \/>\n    d\u0259y\u0259rind\u0259<br \/>\n  <\/a><br \/>\n  qiym\u0259tl\u0259ndirir.\n<\/p>\n<p>\n  Londonda ya\u015fayan Az\u0259rbaycan \u0259silli Anar Pa\u015fa adl\u0131 \u015f\u0259xsin r\u0259hb\u0259rlik etdiyi h\u0259r \u00fc\u00e7 \u015firk\u0259t B\u00f6y\u00fck Britaniyada da\u015f\u0131nmaz \u0259mlak\u0131n al\u011f\u0131-satq\u0131s\u0131 il\u0259 m\u0259\u015f\u011fuldur. \u0130srafil Abutal\u0131b\u0131n ofisl\u0259ri f\u0259rqli m\u0259kanlarda yerl\u0259\u015f\u0259n \u015firk\u0259tl\u0259rinin toplam aktivl\u0259ri maliyy\u0259 hesabatlar\u0131na g\u00f6r\u0259 9 milyon 671 min funt v\u0259 ya 21,3 milyon manat t\u0259\u015fkil edir.\n<\/p>\n<p>\n  <b><br \/>\n    Abutal\u0131bovlar \u0130stanbulda<br \/>\n  <\/b>\n<\/p>\n<p>\n  Abutal\u0131bovlar\u0131n T\u00fcrkiy\u0259d\u0259 \u0259mlak bazar\u0131na giri\u015fm\u0259si 2013-c\u00fc ild\u0259n ba\u015flay\u0131b. Qarda\u015flar burada \u00e7oxlu sayda \u015firk\u0259t\u0259 sahibdirl\u0259r. \u015eirk\u0259tl\u0259rin v\u0259 m\u00fclkl\u0259rin \u0259sas hiss\u0259si \u0130stanbulun tarixi m\u0259rk\u0259zl\u0259rind\u0259n birind\u0259 &#8211; Sultanahmetd\u0259dir. Alt\u0131 ild\u0259 onlar bu \u015firk\u0259tl\u0259r\u0259 milyonlarla s\u0259rmay\u0259 qoyublar. T\u00fcrkiy\u0259nin \u201cTicaret Sicili Gazetesi\u201dnd\u0259 (\u015firk\u0259tl\u0259rin yarad\u0131lmas\u0131na v\u0259 onlar\u0131n idar\u0259etm\u0259sind\u0259 ba\u015f ver\u0259n d\u0259yi\u015fiklikl\u0259r\u0259 dair r\u0259smi q\u0259zet \u2013 red.)a\u00e7\u0131qlanan m\u0259lumatlara g\u00f6r\u0259, bu s\u0259rmay\u0259nin \u0259sas hiss\u0259si \u00f6lk\u0259 xaricind\u0259n g\u0259lir.\n<\/p>\n<p>\n  \u0130srafil Abutal\u0131bov 2015-ci ilin iyul ay\u0131n\u0131n 27-d\u0259 T\u00fcrkiy\u0259 v\u0259t\u0259nda\u015fl\u0131\u011f\u0131 al\u0131b v\u0259 soyad\u0131n\u0131 d\u0259yi\u015fdirib. \u0130ndi o, \u0130srafil Abutal\u0131bd\u0131r. Onun \u0130stanbuldak\u0131 ya\u015fay\u0131\u015f yeri Bak\u0131rk\u00f6yd\u0259, d\u0259bd\u0259b\u0259li \u015f\u0259xsi villalar\u0131n tikildiyi \u015e\u0259nlikk\u00f6y m\u0259h\u0259ll\u0259sidir (\u015e\u0259hid M\u00fc\u0259mm\u0259r Y\u00fczs\u00fcr\u0259n k\u00fc\u00e7\u0259si, ev 1\/5, m\u0259nzil 2). Ya\u015f\u0131ll\u0131qlarla \u0259hat\u0259 olunmu\u015f bu be\u015fm\u0259rt\u0259b\u0259li m\u00fclk h\u0259m d\u0259 \u0130. Abutal\u0131b\u0131n h\u0259yat yolda\u015f\u0131 Nail\u0259 Abutal\u0131b\u0131n (\u018fzimova) ev \u00fcnvan\u0131d\u0131r. Orxan is\u0259 h\u0259l\u0259 d\u0259 Az\u0259rbaycan v\u0259t\u0259nda\u015f\u0131d\u0131r v\u0259 Bak\u0131da, atas\u0131 il\u0259 eyni \u00fcnvanda: Mustafa Top\u00e7uba\u015fov k\u00fc\u00e7\u0259si, ev 21, m\u0259nzil 2-d\u0259<br \/>\n  <a href=\"https:\/\/www.infocenter.gov.az\/page\/voters\/default.aspx?s=22&amp;sm=1\"><br \/>\n    qeydiyyatdad\u0131r<br \/>\n  <\/a><br \/>\n  .\n<\/p>\n<p>\n  <b><br \/>\n    Qarda\u015flar\u0131n T\u00fcrkiy\u0259d\u0259 \u015firk\u0259t yaratma f\u0259aliyy\u0259tind\u0259 diqq\u0259t \u00e7\u0259k\u0259n m\u0259qamlardan biri budur ki, bir \u00e7ox halda \u015firk\u0259tl\u0259rin ilk t\u0259sis\u00e7il\u0259ri<br \/>\n  <\/b><br \/>\n  <b><br \/>\n    qismind\u0259 sonradan bu \u015firk\u0259tl\u0259rd\u0259 idar\u0259edici olacaq \u015f\u0259xsl\u0259r i\u015ftirak edibl\u0259r.<br \/>\n  <\/b><br \/>\n  <b><br \/>\n    Dig\u0259r m\u0259qam is\u0259 onlar\u0131n sat\u0131n ald\u0131qlar\u0131 ya\u015f\u0131 100-150 il olan evl\u0259ri s\u00f6km\u0259dikl\u0259ri, \u0259ksin\u0259, ne\u00e7\u0259y\u0259 ba\u015fa g\u0259l\u0259c\u0259yini d\u00fc\u015f\u00fcnm\u0259d\u0259n b\u0259z\u0259n ilkin g\u00f6rk\u0259mind\u0259n<br \/>\n  <\/b><br \/>\n  <b><br \/>\n    d\u0259 g\u00f6z\u0259l b\u0259rpa etm\u0259l\u0259ridir.<br \/>\n  <\/b><br \/>\n  <b><br \/>\n    Bak\u0131da is\u0259 Hac\u0131bala Abutal\u0131bovun d\u00f6n\u0259mind\u0259 tarixi memarl\u0131q abid\u0259l\u0259rinin buldozerin t\u0131rt\u0131llar\u0131 alt\u0131nda can verm\u0259si tikinti apar\u0131lan \u0259razl\u0259rd\u0259 normaya \u00e7evrilmi\u015fdi.<br \/>\n  <\/b>\n<\/p>\n<p>\n  \u201c<br \/>\n  <b><br \/>\n    12 Group Otelcilik Turizm ve Ticaret A.\u015e.<br \/>\n  <\/b><br \/>\n  \u201d<br \/>\n  <a href=\"http:\/\/new.12group.com.tr\/en\/about.html\"><br \/>\n    \u015firk\u0259tini<br \/>\n  <\/a><br \/>\n  2013-c\u00fc ilin iyul ay\u0131nda 100.000 lir\u0259 s\u0259rmay\u0259 il\u0259 K\u00fcr\u015fat \u00d6zt\u00fcrk t\u0259sis edib. H\u0259min ilin oktyabr\u0131nda \u015firk\u0259tin s\u0259hml\u0259ri notariusa qeydiyyat \u00fcnvan\u0131 Bak\u0131 \u015f\u0259h\u0259ri, Mir\u0259li Qa\u015fqay k\u00fc\u00e7\u0259si, ev 93, m\u0259nzil 24 (T\u00fcrkiy\u0259 m\u0259nb\u0259l\u0259rin\u0259 g\u00f6r\u0259, bu m\u0259nzil h\u0259m d\u0259 onun qarda\u015f\u0131 Orxan Abutal\u0131bovun ya\u015fay\u0131\u015f yeridir) kimi t\u0259qdim olunan \u0130srafil Abutal\u0131bova \u00f6t\u00fcr\u00fcl\u00fcb. 2016-c\u0131 ilin \u0259vv\u0259lind\u0259 \u015firk\u0259tin qeydiyyat\u0131Ba\u011fc\u0131lar\/\u0130stanbul, Ko\u00e7man k\u00fc\u00e7\u0259si, 54 \u00fcnvan\u0131ndak\u0131 Ziyal Plazadan Fatih, K\u00fc\u00e7\u00fck Ayasofya m\u0259h\u0259ll\u0259si, \u00d6dev k\u00fc\u00e7\u0259si, ev 5\/2 \u00fcnvan\u0131na k\u00f6\u00e7\u00fcr\u00fcl\u00fcb. Bu unvanda \u0130.Abutal\u0131bovun ikim\u0259rt\u0259b\u0259li m\u00fclk\u00fc var. Evi G\u00fclab Memarl\u0131q<br \/>\n  <a href=\"http:\/\/www.gulab.com.tr\/\"><br \/>\n    \u015firk\u0259ti<br \/>\n  <\/a><br \/>\n  2018-ci ild\u0259 b\u0259rpa edib. Bu in\u015faat \u015firk\u0259ti d\u0259 Hac\u0131bala Abutal\u0131bovun o\u011fullar\u0131na m\u0259xsusdur. 2017-ci ilin avqustunda \u0130.Abutal\u0131b 12 Group \u015firk\u0259tin\u0259 daha 1 milyon lir\u0259 s\u0259rmay\u0259 qoyub. 2018-ci ilin oktyabr\u0131nda o, \u015firk\u0259tin ba\u015f ofisini Kad\u0131rqa Liman\u0131 k\u00fc\u00e7\u0259si, ev 123\/1-\u0259 k\u00f6\u00e7\u00fcr\u00fcb. Bu ilin iyununda is\u0259 \u201c12 Group\u201d Otelcilik \u015firk\u0259tinin kapital\u0131 8.371.520 lir\u0259y\u0259 qald\u0131r\u0131l\u0131b. Art\u0131m \u015firk\u0259t\u0259 yeni s\u0259hmdar\u0131n \u2013 Kahraman Dadan\u0131n g\u0259li\u015fi hesab\u0131na ba\u015f verib. O, \u015firk\u0259t\u0259 yat\u0131r\u0131m\u0131 K\u00fc\u00e7\u00fck Ayasofya m\u0259h\u0259ll\u0259sind\u0259 yerl\u0259\u015f\u0259n 268,5 kvadratmetrlik da\u015f\u0131nmaz \u0259mlak \u015f\u0259klind\u0259 edib. Lakin avqustun 5-d\u0259n \u0130.Abutal\u0131b K.Dadan\u0131npay\u0131n\u0131 sat\u0131n al\u0131b v\u0259 yenid\u0259n \u015firk\u0259tin yegan\u0259 sahibidir. Haz\u0131rda \u201c12 Group\u201d \u015firk\u0259tl\u0259rinin \u0130stanbuldak\u0131 ba\u015f ofisi K\u00fc\u00e7\u00fck Ayasofyada, \u015eehit Mehmet Pa\u015fa k\u00fc\u00e7\u0259sind\u0259ki \u00fc\u00e7m\u0259rt\u0259b\u0259li evdir. K\u00f6hn\u0259 g\u00f6rk\u0259minin b\u0259rpa olunmas\u0131na iki il s\u0259rf olunan h\u0259min binada h\u0259m d\u0259 \u201c<br \/>\n  <b><br \/>\n    G\u00fclab \u0130n\u015faat Mimarl\u0131k ve Geyrimankul Dan\u0131\u015fmanl\u0131k<br \/>\n  <\/b><br \/>\n  <b><br \/>\n    A.\u015e.<br \/>\n  <\/b><br \/>\n  \u201d yerl\u0259\u015fir.\n<\/p>\n<figure class=\"wp-block-image size-large\">\n  <img decoding=\"async\" src=\"https:\/\/www.meydan.tv\/az\/45735acb-5fed-4ef9-875a-f1a4996a8102-png\/\" alt=\"45735ACB-5FED-4EF9-875A-F1A4996A8102.png\" class=\"wp-image-133910\"\/><figcaption>\n    \u0130stanbulda biznesl\u0259r<br \/>\n  <\/figcaption><\/figure>\n<p>\n  \u201cG\u00fclab \u0130n\u015faat\u201d \u015firk\u0259tini 2015-ci ilin oktyabr\u0131nda \u0130.Abutal\u0131b 0,5 milyon lir\u0259 kapitalla yarad\u0131b. 2017-ci ild\u0259 o, \u015firk\u0259t\u0259 daha 1,5 milyon lir\u0259 yat\u0131r\u0131b, qarda\u015f\u0131 Orxan\u0131 bu tikinti v\u0259 memarl\u0131q \u015firk\u0259tinin r\u0259hb\u0259rl\u0259rind\u0259n biri t\u0259yin edib. Bir il sonra \u0130srafil \u015firk\u0259tin s\u0259hml\u0259rinin 0,5%-ni Ya\u015far T\u00fcrkmen\u0259 sat\u0131b. \u201c12 Group\u201d-un sifari\u015fi il\u0259 \u015firk\u0259tin tikdiyi evl\u0259r aras\u0131nda K\u00fc\u00e7\u00fck\u00e7ekme\/\u0130stanbul, Sefak\u00f6yd\u0259 h\u0259r biri 263 m\u00b2-lik 2-qatl\u0131 kiray\u0259llik Premium sinifli 4 m\u0259nzild\u0259n ibar\u0259t 4-m\u0259rt\u0259b\u0259li ev d\u0259 var.\n<\/p>\n<p>\n  Kad\u0131rqa Liman\u0131 m\u0259h\u0259ll\u0259sind\u0259ki \u201c<br \/>\n  <a href=\"http:\/\/www.verniartsalon.com\"><br \/>\n    <b><br \/>\n      Verni Art Salon<br \/>\n    <\/b><br \/>\n  <\/a><br \/>\n  \u201d adl\u0131 muzey qarda\u015flara m\u0259xsusdur. Ki\u00e7ik Ayasofya M\u0259scidi il\u0259 Sokullu Mehmet Pa\u015fa M\u0259scidi aras\u0131nda q\u0259rarla\u015fan, b\u0259rpa i\u015fl\u0259rind\u0259n sonra bu ilin yay\u0131nda istifad\u0259y\u0259 veril\u0259n bu \u00fc\u00e7m\u0259rt\u0259b\u0259li binadan g\u0259miqay\u0131rma ustalar\u0131 Osmanl\u0131 d\u00f6vr\u00fcnd\u0259 anbar kimi istifad\u0259 ed\u0259rdil\u0259r. Abutal\u0131bovlar indi buraya \u2013 600 m\u00b2 sah\u0259ni tutan muzey\u0259 &#8211; T\u00fcrkiy\u0259nin h\u0259r yerind\u0259n \u0259ntiq \u0259\u015fyalar, mebell\u0259r, Az\u0259rbaycanda \u0259ll\u0259 toxunmu\u015f ip\u0259k v\u0259 pun xal\u00e7a kolleksiyalar\u0131 g\u0259tirib n\u00fcmayi\u015f etdirirl\u0259r.\n<\/p>\n<p>\n  \u201c<br \/>\n  <b><br \/>\n    Zeytin Gayrimankul Yat\u0131r\u0131m Otelcilik Turizm ve Ticaret A.\u015e.<br \/>\n  <\/b><br \/>\n  \u201d 2013-c\u00fc ilin may\u0131nda \u0130stanbulda, Ziyal Plazada yarad\u0131l\u0131b. \u0130ki ay sonra Nail\u0259 \u018fzimova \u015firk\u0259ti Zeki Kurtdan sat\u0131n al\u0131b v\u0259 kapital\u0131n\u0131 100 mind\u0259n 315 min lir\u0259y\u0259 qald\u0131r\u0131b. Nail\u0259 \u018fzimova 2015-ci ilin iyul ay\u0131nda Az\u0259rbaycan v\u0259t\u0259nda\u015fl\u0131\u011f\u0131n\u0131 T\u00fcrkiy\u0259 v\u0259t\u0259nda\u015fl\u0131\u011f\u0131na d\u0259yi\u015fib v\u0259 h\u0259yat yolda\u015f\u0131 \u0130srafil Abutal\u0131b\u0131n soyad\u0131n\u0131 q\u0259bul edib. N\u00f6vb\u0259ti il \u015firk\u0259t Fatih\/\u0130stanbul, KasapOsman k\u00fc\u00e7\u0259si, 16 n\u00f6mr\u0259li ev\u0259 k\u00f6\u00e7\u00fcr\u00fcl\u00fcb. Buradak\u0131 torpaq sah\u0259si \u00fcz\u0259rind\u0259 ki\u00e7ik bir m\u00fclk var. 2017-ci ild\u0259 is\u0259 o, Zeytin \u015firk\u0259tinin kapital\u0131n\u0131 2 milyon lir\u0259y\u0259 \u00e7atd\u0131r\u0131b.\n<\/p>\n<p>\n  \u201c<br \/>\n  <b><br \/>\n    \u0130ncir Otelcilik Turizm ve Ticaret A. \u015e.<br \/>\n  <\/b><br \/>\n  \u201d \u015firk\u0259ti Zeytin Gayrimankul Yat\u0131r\u0131m Otekcilik Turizm ve Ticaret A.\u015e. il\u0259,s\u00f6zl\u0259\u015fibl\u0259rmi\u015f kimi, eyni vaxtda, eyni \u00fcnvanda v\u0259 eyni m\u0259bl\u0259\u011fd\u0259 kapitalla yarad\u0131l\u0131b. T\u0259sis\u00e7isi G\u00fcr\u015fat \u00d6zt\u00fcrk olub. \u0130yulda \u015firk\u0259tin kapital\u0131 9.280.000 lir\u0259y\u0259 qald\u0131r\u0131l\u0131b v\u0259 Bak\u0131da, M\u0259tbuat prospekti, ev 4<br \/>\n  <a href=\"http:\/\/www.infocenter.gov.az\/page\/voters\/default.aspx?s=29&amp;sm=1\"><br \/>\n    \u00fcnvan\u0131nda<br \/>\n  <\/a><br \/>\n  qeydiyyatda olan Jal\u0259 Telman q\u0131z\u0131 Haqverdiyeva onun t\u0259k sahibin\u0259 \u00e7evrilib. 2014-c\u00fc ilin fevral\u0131nda \u015firk\u0259t Fatih\/\u0130stanbul, Yerebatan k\u00fc\u00e7\u0259si, ev 29-a k\u00f6\u00e7\u00fcr\u00fcl\u00fcb. 2015-ci ilin noyabr\u0131nda is\u0259 onun da \u00fcnvan\u0131 dig\u0259r \u015firk\u0259tl\u0259r kimi Ziyal Plazan\u0131n 3-c\u00fc m\u0259rt\u0259b\u0259sin\u0259 d\u0259yi\u015fdirilib. Lakin noyabr ay\u0131n\u0131n sonunda \u015firk\u0259tin m\u0259rk\u0259zi ofisi yenid\u0259n Yerebatan k\u00fc\u00e7\u0259si, ev 29-a qaytar\u0131l\u0131b. N\u0259hay\u0259t, 2018-ci ilin avqust ay\u0131n\u0131n 28-d\u0259 bu \u015firk\u0259tin d\u0259 \u201cAjva \u0130n\u015faat Otelcilik ve Turizm A.\u015e.\u201d-y\u0259 birl\u0259\u015fdirm\u0259k bar\u0259d\u0259 q\u0259rar verilir. \u201c\u0130ncir Otelcilik\u201d \u015firk\u0259tinin 2014-2018-ci ild\u0259 Fatih \u0130stanbul \u015f\u00f6b\u0259si (Yerebatan k\u00fcc\u0259si, 31A) m\u00f6vcud olub. Yerebatan k\u00fc\u00e7\u0259sind\u0259ki bu \u00fcnvanlarda ki\u00e7ik kofeteriyalar yerl\u0259\u015fir. Jal\u0259 Haqverdiyevaya g\u0259linc\u0259, 32 ya\u015fl\u0131 bu xan\u0131m h\u0259m d\u0259 Bak\u0131dak\u0131 m\u0259nzilin\u0259 qeydiyyatda olan \u201c<br \/>\n  <b><br \/>\n    Trans R<br \/>\n  <\/b><br \/>\n  \u201d MMC-nin r\u0259hb\u0259ridir.\n<\/p>\n<p>\n  \u201c<br \/>\n  <b><br \/>\n    Aziyade Otelcilik Turizm Sanayi ve Ticaret A.\u015e.<br \/>\n  <\/b><br \/>\n  \u201d 2013-c\u00fc ild\u0259 T\u00fcrkiy\u0259nin \u201cRota A.\u015e.\u201d \u015firk\u0259tinin b\u00f6l\u00fcnm\u0259si n\u0259tic\u0259sind\u0259 Hamza Balc\u0131 v\u0259 H\u00fcsam\u0259ddin Naml\u0131c\u0131 t\u0259r\u0259find\u0259n 1 milyon 762,6 min lir\u0259 kapitalla yarad\u0131l\u0131b. Bu \u015firk\u0259t Sultanahmet m\u0259h\u0259ll\u0259sind\u0259 \u201cAziyade\u201d adl\u0131 yeddim\u0259rt\u0259b\u0259li mehmanxanaya sahib idi. Bir ay sonra &#8211; iyulda onlar \u015firk\u0259ti<br \/>\n  <a href=\"https:\/\/www.infocenter.gov.az\/page\/voters\/default.aspx?s=19&amp;sm=10\"><br \/>\n    Az\u0259rbaycan<br \/>\n  <\/a><br \/>\n  v\u0259t\u0259nda\u015f\u0131 (Bak\u0131 \u015f\u0259h\u0259ri, Heyd\u0259r \u018fliyev k\u00fc\u00e7\u0259si, ev 80\/1, m\u0259nzil 10) \u0130lqar \u018fliyev\u0259 sat\u0131blar. Maraql\u0131d\u0131r ki, bu m\u0259nzil h\u0259m d\u0259 \u0130srafil Abutal\u0131bovun qeydiyyat<br \/>\n  <a href=\"https:\/\/www.infocenter.gov.az\/page\/voters\/default.aspx?s=19&amp;sm=10\"><br \/>\n    \u00fcnvan\u0131<br \/>\n  <\/a><br \/>\n  imi\u015f. Yeri g\u0259lmi\u015fk\u0259n, T\u00fcrkiy\u0259 v\u0259t\u0259nda\u015fl\u0131\u011f\u0131 alan \u0130srafil M\u0259rk\u0259zi Se\u00e7ki Komisiyas\u0131n\u0131nm\u0259lumatlar\u0131na g\u00f6r\u0259 Az\u0259rbaycan v\u0259t\u0259nda\u015fl\u0131\u011f\u0131n\u0131 saxlay\u0131r.\n<\/p>\n<p>\n  \u0130lqar \u018fliyevin g\u0259li\u015fi il\u0259 \u015firk\u0259tin ofisi Ziyal Plazan\u0131n 3-c\u00fc m\u0259rt\u0259b\u0259sin\u0259 k\u00fc\u00e7\u00fcr\u00fcl\u00fcb. Sentyabr ay\u0131ndan is\u0259 \u015firk\u0259tin yeni \u00fcnvan\u0131 Piyerloti, 30 olur. Bura<br \/>\n  <b><br \/>\n    \u201cAjwa Hotel Sultanahmet\u201d<br \/>\n  <\/b><br \/>\n  in yerl\u0259\u015fdiyi \u00fcnvand\u0131r. 2014-c\u00fc ilin mart\u0131nda \u015firk\u0259tin kapital\u0131 2 milyon lir\u0259y\u0259 \u00e7atd\u0131r\u0131l\u0131b. N\u0259hay\u0259t, 2016-c\u0131 ilin avqustunda \u0130.Abutal\u0131bov \u201cAziyade\u201d Otelcilik Turizm Sanayi ve Ticaret A.\u015e. \u015firk\u0259tinin yeni s\u0259hmdar\u0131 v\u0259 \u0130dar\u0259 Hey\u0259ti s\u0259dri olur. Mehmanxanaya qoyulan s\u0259rmay\u0259l\u0259r hesab\u0131na 2017-ci ilin sentyabr\u0131nda \u015firk\u0259tin kapital\u0131 30 milyon lir\u0259y\u0259 qald\u0131r\u0131l\u0131b. Bunun 28.980.000 lir\u0259si \u0130srafil\u0259, 980.000 lir\u0259si \u2013 qarda\u015f\u0131 Orxana, qalan 40.000 lir\u0259 is\u0259 \u0130lqar \u018fliyev\u0259 m\u0259xsusdur. Otelin t\u0259miri 3 il s\u00fcr\u00fcb. \u0130nteryeri v\u0259 61 n\u00f6mr\u0259si bahal\u0131 \u0259\u015fyalarla b\u0259z\u0259dilmi\u015f, \u0259l i\u015fi olan xal\u0131lar d\u00f6\u015f\u0259nmi\u015f bu be\u015fulduzlu otelin \u00fcmumi sah\u0259si 6700 m\u00b2-\u0259\u00e7at\u0131r. Onun 7-ci m\u0259rt\u0259b\u0259sind\u0259 Az\u0259rbaycan yem\u0259kl\u0259rinin d\u0259 t\u0259klif olundu\u011fu \u201c<br \/>\n  <b><br \/>\n    Z\u0259f\u0259ran\u201d<br \/>\n  <\/b><br \/>\n  <b><br \/>\n    restoran\u0131<br \/>\n  <\/b><br \/>\n  <a href=\"http:\/\/zeferan.com.tr\/kurumsal\/azerbaycan-mutfagi\"><br \/>\n    yerl\u0259\u015fir<br \/>\n  <\/a><br \/>\n  .\n<\/p>\n<p>\n  \u201c<br \/>\n  <b><br \/>\n    Ajva \u0130n\u015faat Otelcilik ve Turizm A.\u015e.<br \/>\n  <\/b><br \/>\n  \u201d-ni 2014-c\u00fc ilin \u0259vv\u0259lind\u0259 \u00d6zcan Dada v\u0259 A\u015fk\u0131n Arslan K\u00fc\u00e7\u00fck Ayasofya m\u0259h\u0259ll\u0259sind\u0259ki k\u00f6hn\u0259 \u201c<br \/>\n  <b><br \/>\n    Turkuaz\u201d<br \/>\n  <\/b><br \/>\n  <b><br \/>\n    otelind\u0259<br \/>\n  <\/b><br \/>\n  yarad\u0131blar. 2015-ci ilin avqustunda \u015firk\u0259t \u0130.Abutal\u0131bovun n\u0259zar\u0259tin\u0259 ke\u00e7ib v\u0259 oktyabrda kapital\u0131 10 milyon lir\u0259y\u0259 qald\u0131r\u0131l\u0131b. 2018-ci ild\u0259 \u201cZeytin\u201dGayrimankul Yat\u0131r\u0131m Otekcilik Turizm ve Ticaret A.\u015e. \u015firk\u0259ti il\u0259 b\u0259rab\u0259r \u201c\u0130ncir Otelcilik Turizm ve Ticaret A. \u015e.\u201d v\u0259 \u201cAziyade Otelcilik Turizm Sanayi ve Ticaret A.\u015e.\u201d \u015firk\u0259tl\u0259ri d\u0259 \u201cAjva \u0130n\u015faat Otelcilik ve Turizm A.\u015e.\u201d-y\u0259 birl\u0259\u015fdirilib. Birl\u0259\u015fm\u0259 n\u0259tic\u0259sind\u0259 \u201cAjva \u0130n\u015faat\u201d \u015firk\u0259tinin nizamnam\u0259 kapital\u0131 51.280.000 lir\u0259y\u0259 \u00e7at\u0131b.\n<\/p>\n<p>\n  \u0130.Abutal\u0131b 2018-ci ild\u0259 \u201cAziyade\u201d Otelcilik Turizm San. ve Tic. A.\u015e.-nin Fatih \u015f\u00f6b\u0259sini r\u0259mzi 30 min lir\u0259 kapitalla yarad\u0131b. Az sonra \u015f\u00f6b\u0259nin yerl\u0259\u015fdiyi \u00fcnvandak\u0131 (K\u00fc\u00e7\u00fck Ayasofya Medresesi, 6) 3-m\u0259rt\u0259b\u0259li ev b\u0259rpa edilib. Haz\u0131rda \u201c<br \/>\n  <b><br \/>\n    BeyazKonak an<br \/>\n  <\/b><br \/>\n  <b><br \/>\n    Ajwa<br \/>\n  <\/b><br \/>\n  <b><br \/>\n    Home\u201d<br \/>\n  <\/b><br \/>\n  adlanan bu m\u0259kan 4 yataq otaql\u0131 l\u00fcks apartamentdir. 325 m\u00b2 sah\u0259si olan h\u0259min obyektin yan\u0131nda Abutal\u0131bovlar\u0131n xudmani \u201c<br \/>\n  <b><br \/>\n    Villa Hagia Sophia\u201d<br \/>\n  <\/b><br \/>\n  restoran\u0131 var.\n<\/p>\n<p>\n  Yax\u0131n vaxtlarda Nev\u015fehird\u0259, al\u00e7aq t\u0259p\u0259l\u0259rin aras\u0131nda karvansaray t\u0259rzind\u0259 in\u015fa olunmu\u015f \u201c<br \/>\n  <b><br \/>\n    Ajwa Cappadocia\u201d<br \/>\n  <\/b><br \/>\n  oteli istifad\u0259y\u0259 veril\u0259c\u0259k. Bir ne\u00e7\u0259 hektar \u0259razini tutan bu 52 n\u00f6mr\u0259lik mehmanxanan\u0131n ne\u00e7\u0259y\u0259 ba\u015fa g\u0259ldiyini qarda\u015flar h\u0259l\u0259 elan etm\u0259yibl\u0259r. M\u0259lum olansa odur ki, Abutal\u0131bovlar\u0131n yeni oteli \u0130stanbuldak\u0131ndan 1100 m\u00b2 geni\u015fdir.\n<\/p>\n<p>\n  Abutal\u0131bovlar Nev\u015fehird\u0259 daha bir otel tikm\u0259k \u00fc\u00e7\u00fcn bu ilin mart\u0131nda d\u00f6vl\u0259td\u0259n vergi g\u00fcz\u0259\u015ftl\u0259ri n\u0259z\u0259rd\u0259 tutan investisiya t\u0259\u015fviqi s\u0259n\u0259di<br \/>\n  <a href=\"https:\/\/dengemusavirlik.com\/2019\/2019_mart_tesvikleri.htm\"><br \/>\n    al\u0131blar<br \/>\n  <\/a><br \/>\n  . \u201cAjva \u0130n\u015faat\u201d \u015firk\u0259tinin Nev\u015fehir Ur\u011fup \u015f\u00f6b\u0259si t\u0259xmin\u0259n 30 milyon AB\u015e dollar\u0131 d\u0259y\u0259rind\u0259 qiym\u0259tl\u0259ndiril\u0259n otel in\u015fa etm\u0259yi h\u0259d\u0259fl\u0259yib. Layih\u0259y\u0259 g\u00f6r\u0259, 5 ulduzlu mehmanxana 98 n\u00f6mr\u0259d\u0259n ibar\u0259t olmaqla 196 yataq yerlikdir. Burada 30 yeni i\u015f yeri a\u00e7\u0131lacaq.\n<\/p>\n<p>\n  <b><br \/>\n    \u201cAjwa Homes\u201d<br \/>\n  <\/b><br \/>\n  butikin\u0259 daxil olan \u201c<br \/>\n  <b><br \/>\n    The Clock<br \/>\n  <\/b><br \/>\n  <a href=\"https:\/\/www.ajwa.com.tr\/sultanahmet\/ajwa-homes.aspx\"><br \/>\n    <b><br \/>\n      House<br \/>\n    <\/b><br \/>\n  <\/a><br \/>\n  <b><br \/>\n    \u201d<br \/>\n  <\/b><br \/>\n  oteli is\u0259 2016-2019-c\u0131 ill\u0259rd\u0259 \u0259sasl\u0131 b\u0259rpadan sonra bu ilin avqust ay\u0131nda istifad\u0259y\u0259 verilib. Sultanahmet m\u0259h\u0259ll\u0259sind\u0259 yeddi evd\u0259n ibar\u0259t bu m\u0259kan\u0131n \u00fcmumi sah\u0259si yax\u0131nl\u0131\u011f\u0131ndak\u0131 x\u00fcsusi ba\u011f da daxil olmaqla 870 m\u00b2-dir.\n<\/p>\n<p>\n  Amma Abutal\u0131bovlar bu \u00f6lk\u0259d\u0259 t\u0259kc\u0259 da\u015f\u0131nmaz \u0259mlak, otel v\u0259 restoran biznesin\u0259 yat\u0131r\u0131m etmirl\u0259r. Onlar h\u0259m d\u0259 t\u0259hsil sektorunda t\u0259msil olunurlar. 2017-ci ild\u0259 \u201c12 Group\u201d \u015firk\u0259ti (92,5%) v\u0259 xan\u0131m Yeliz Kum Ezercan\u0131n (7,5%) i\u015ftirak\u0131 il\u0259 nizamnam\u0259 kapital\u0131na 100.000 lir\u0259 qoyulmaqla \u201c<br \/>\n  <b><br \/>\n    41 North<br \/>\n  <\/b><br \/>\n  <b><br \/>\n    Business School Egitim A.\u015e.<br \/>\n  <\/b><br \/>\n  \u201d \u015firk\u0259ti<br \/>\n  <a href=\"https:\/\/www.41north.com.tr\/\"><br \/>\n    yarad\u0131l\u0131b<br \/>\n  <\/a><br \/>\n  . Bu m\u0259kt\u0259b i\u015f adamlar\u0131na biznes idar\u0259etm\u0259 sah\u0259sind\u0259 master v\u0259 doktor d\u0259r\u0259c\u0259si \u00fczr\u0259 t\u0259dris, el\u0259c\u0259 d\u0259 r\u0259q\u0259msal texnologiyalar \u00fczr\u0259 sertifikatla\u015fd\u0131rma il\u0259 m\u0259\u015f\u011fuldur.\n<\/p>\n<p>\n  <b><br \/>\n    Az\u0259rbaycandak\u0131 biznes<br \/>\n  <\/b>\n<\/p>\n<p>\n  Orxan Abutal\u0131bovun r\u0259hb\u0259rlik etdiyi \u201c<br \/>\n  <b><br \/>\n    12 Group<br \/>\n  <\/b><br \/>\n  \u201d MMC (2006-c\u0131 il) Bak\u0131da m\u00fcxt\u0259lif sah\u0259l\u0259rd\u0259 f\u0259aliyy\u0259t g\u00f6st\u0259r\u0259n bir ne\u00e7\u0259 \u015firk\u0259ti birl\u0259\u015fdirir. \u201c<br \/>\n  <b><br \/>\n    Renessans<br \/>\n  <\/b><br \/>\n  <b><br \/>\n    Reklam<br \/>\n  <\/b><br \/>\n  <b><br \/>\n    v\u0259<br \/>\n  <\/b><br \/>\n  <b><br \/>\n    \u0130stehsalat<br \/>\n  <\/b><br \/>\n  <b><br \/>\n    Ko.<br \/>\n  <\/b><br \/>\n  \u201d MMC (2006-c\u0131 il) Bak\u0131da a\u00e7\u0131q m\u0259kanda reklam<br \/>\n  <a href=\"http:\/\/adra.gov.az\/az\/page\/operators\"><br \/>\n    yerl\u0259\u015fdirilm\u0259si<br \/>\n  <\/a><br \/>\n  il\u0259, \u201c<br \/>\n  <b><br \/>\n    12<br \/>\n  <\/b><br \/>\n  <b><br \/>\n    Travel<br \/>\n  <\/b><br \/>\n  \u201d MMC(2004-c\u00fc il) \u2013 s\u0259yah\u0259t xidm\u0259tl\u0259ri, \u201c<br \/>\n  <b><br \/>\n    12<br \/>\n  <\/b><br \/>\n  <b><br \/>\n    Laundry<br \/>\n  <\/b><br \/>\n  \u201d MMC (2013-c\u00fc il) \u2013 cama\u015f\u0131rxana f\u0259aliyy\u0259ti, \u201c<br \/>\n  <b><br \/>\n    12<br \/>\n  <\/b><br \/>\n  <b><br \/>\n    Rent<br \/>\n  <\/b><br \/>\n  <b><br \/>\n    a Car<br \/>\n  <\/b><br \/>\n  \u201d(2005-ci il) \u2013 minik n\u0259qliyyat vasit\u0259l\u0259rinin icar\u0259si, \u201c<br \/>\n  <b><br \/>\n    12<br \/>\n  <\/b><br \/>\n  <b><br \/>\n    Consulting<br \/>\n  <\/b><br \/>\n  <b><br \/>\n    H\u00fcquq \u015eirk\u0259ti<br \/>\n  <\/b><br \/>\n  \u201d (2013-c\u00fc il) \u2013 h\u00fcquq xidm\u0259tl\u0259ri sah\u0259l\u0259rind\u0259 \u00e7al\u0131\u015f\u0131r. Bundan ba\u015fqa, Abutal\u0131bovlar \u0130\u00e7\u0259ri\u015f\u0259h\u0259rd\u0259 As\u0259f Zeynall\u0131 k\u00fc\u00e7\u0259si, ev 9, 11, 22 v\u0259 23 \u00fcnvanlar\u0131nda yerl\u0259\u015f\u0259n \u201c<br \/>\n  <b><br \/>\n    Art<br \/>\n  <\/b><br \/>\n  <b><br \/>\n    Group<br \/>\n  <\/b><br \/>\n  \u201d, \u201c<br \/>\n  <b><br \/>\n    HanRestoran<br \/>\n  <\/b><br \/>\n  \u201d<br \/>\n  <a href=\"https:\/\/hanrestaurant.az\/?page_id=406&amp;lang=az\"><br \/>\n    restoranlar\u0131na<br \/>\n  <\/a><br \/>\n  , \u0259ntiq \u0259\u015fyalar\u0131n v\u0259 suvenirl\u0259rin sat\u0131ld\u0131\u011f\u0131 \u201c<br \/>\n  <a href=\"http:\/\/www.artgroup.az\"><br \/>\n    <b><br \/>\n      ArtSalon<br \/>\n    <\/b><br \/>\n  <\/a><br \/>\n  \u201d ma\u011fazas\u0131na sahibdirl\u0259r. Qarda\u015flar\u0131n Az\u0259rbaycan \u015firk\u0259tl\u0259rinin b\u0259zisinin qeydiyyat \u00fcnvanlar\u0131 el\u0259 bu m\u0259kanlard\u0131r. \u201cHan\u201d restoran\u0131 q\u0259dim karvansarayd\u0131r. Buradak\u0131 a\u00e7\u0131q meydan\u00e7ada eyni vaxtda 400 n\u0259f\u0259r\u0259 xidm\u0259t g\u00f6st\u0259rm\u0259k, daha 9 V\u0130P otaqlarda qonaq qar\u015f\u0131lamaq m\u00fcmk\u00fcnd\u00fcr. Hac\u0131bala Abutal\u0131bovun o\u011fullar\u0131n\u0131n Bak\u0131 \u015f\u0259h\u0259rinin dig\u0259r \u0259razil\u0259rind\u0259 \u201cArtGroup\u201d \u015f\u0259b\u0259k\u0259sin\u0259 daxil olan \u201c<br \/>\n  <b><br \/>\n    Han<br \/>\n  <\/b><br \/>\n  <b><br \/>\n    Lounge<br \/>\n  <\/b><br \/>\n  \u201d v\u0259 \u201c<br \/>\n  <b><br \/>\n    Han Garden<br \/>\n  <\/b><br \/>\n  \u201d restoranlar\u0131 da var. Diqq\u0259ti c\u0259lb ed\u0259n m\u0259qamlardan biri budurki, Abutal\u0131bovun o\u011fullar\u0131n\u0131n Halal sistemi il\u0259 T\u00fcrkiy\u0259d\u0259 idar\u0259 etdikl\u0259ri kafe v\u0259 restoranlar\u0131ndan f\u0259rqli olaraq, Az\u0259rbaycandak\u0131 restoranlar\u0131nda \u015f\u0259rab menyunun adi elementl\u0259rind\u0259ndir.\n<\/p>\n<p>\n  <b><br \/>\n    Abutal\u0131bovun<br \/>\n  <\/b><br \/>\n  <b><br \/>\n    biznesmen<br \/>\n  <\/b><br \/>\n  <b><br \/>\n    qohumlar\u0131<br \/>\n  <\/b>\n<\/p>\n<p>\n  Ke\u00e7mi\u015f icra ba\u015f\u00e7\u0131s\u0131n\u0131n qarda\u015f\u0131 v\u0259 onun ail\u0259 \u00fczvl\u0259rinin d\u0259 Bak\u0131da v\u0259 T\u00fcrkiy\u0259d\u0259 geni\u015f biznes \u015f\u0259b\u0259k\u0259si var.\n<\/p>\n<p>\n  Hac\u0131bala Abutal\u0131bovu b\u00f6y\u00fck qarda\u015f\u0131 Osman 1997-ci ild\u0259 yarad\u0131lan \u201c<br \/>\n  <b><br \/>\n    Enerjiqura\u015fd\u0131rma<br \/>\n  <\/b><br \/>\n  \u201d \u015firk\u0259tinin (Bak\u0131 \u015f\u0259., 20 Yanvar k\u00fc\u00e7\u0259si, ev 7) direktorudur. \u015eirk\u0259tin Bak\u0131 \u015f\u0259h\u0259ri \u0130cra Hakimiyy\u0259tinin sifari\u015fi il\u0259 elekrtik dir\u0259kl\u0259rinin qura\u015fd\u0131r\u0131lmas\u0131 il\u0259 m\u0259\u015f\u011ful oldu\u011fu bildirilir.\n<\/p>\n<p>\n  Osman Abutal\u0131bovun 46 ya\u015fl\u0131 o\u011flu<br \/>\n  <a href=\"https:\/\/www.infocenter.gov.az\/page\/voters\/default.aspx?s=25&amp;sm=24\"><br \/>\n    Oktay<br \/>\n  <\/a><br \/>\n  2009-cu ild\u0259 mineral su istehsal\u0131 il\u0259 m\u0259\u015f\u011ful olan \u201c<br \/>\n  <b><br \/>\n    Bayta\u015f Su ve Me\u015frubat Pazarlama Sanayi Ticaret Limited<br \/>\n  <\/b><br \/>\n  \u201d \u015firk\u0259tind\u0259 16,7% (167.000 lir\u0259) pay al\u0131b. Onunla birlikd\u0259 \u015firk\u0259tin s\u0259hmdarlar\u0131 aras\u0131na Bak\u0131 \u015f\u0259h\u0259r \u0130cra Hakimiyy\u0259tinin M\u0259nzil Fondunun u\u00e7otu \u015f\u00f6b\u0259sinin m\u00fcdiri, Yeni Az\u0259rbaycan Partiyas\u0131 Suraxan\u0131 rayon t\u0259\u015fkilat\u0131n\u0131n s\u0259dri V\u00fcqar S\u0259m\u0259nd\u0259r o\u011flu Seyidov v\u0259 i\u015f adam\u0131 Xudaqulu \u018fh\u0259t o\u011flu Rzayev d\u0259 eyni paylarla \u015firk\u0259tin pay\u00e7\u0131lar\u0131 s\u0131ras\u0131na daxil olublar. \u00dc\u00e7 ay sonra, avqust ay\u0131nda V\u00fcqar s\u0259hml\u0259ri h\u0259yat yolda\u015f\u0131na \u2013 Oktay\u0131n bac\u0131s\u0131 Reyhan Seyidovan\u0131n ad\u0131na \u00f6t\u00fcr\u00fcb. Dekabrda ortaqlar \u015firk\u0259tin kapital\u0131n\u0131 1 milyondan 7 milyon lir\u0259y\u0259 qald\u0131r\u0131blar. Bunun 1.169.000 lir\u0259si Oktay Abutal\u0131bova m\u0259xsus idi. Bir il ke\u00e7\u0259r-ke\u00e7m\u0259z kapital 15 milyon lir\u0259y\u0259 \u00e7atd\u0131r\u0131l\u0131b. Az\u0259rbaycandan olan s\u0259hmdarlar\u0131n h\u0259r birinin pay\u0131 2,5 milyon lir\u0259y\u0259 y\u00fcks\u0259lib. 2010-cu ilin may\u0131nda \u0259vv\u0259lc\u0259 \u015firk\u0259tin ad\u0131 (\u201cNi<br \/>\n  <b><br \/>\n    da Su v<br \/>\n  <\/b><br \/>\n  e<br \/>\n  <b><br \/>\n    Me\u015frubat Pazarlama Sanayi Ticaret Limited),<br \/>\n  <\/b><br \/>\n  oktyabrda is\u0259 pay\u00e7\u0131lar\u0131 d\u0259yi\u015fib. O, tamamil\u0259 Az\u0259rbaycan kapitall\u0131 \u015firk\u0259t\u0259 \u00e7evrilib. Osman Abutal\u0131bovun ail\u0259 \u00fczvl\u0259ri \u015firk\u0259td\u0259 10 milyon lir\u0259lik paya sahib olmaqla ona tam n\u0259zar\u0259ti \u0259ld\u0259 edibl\u0259r. Dekabrda \u015firk\u0259t \u0130stanbuldan Sapancaya (Sakarya vilay\u0259ti) k\u00f6\u00e7\u00fcr\u00fcl\u00fcb. Burada ortaqlar\u0131n 14,5 min m\u00b2 sah\u0259d\u0259 da\u015f\u0131nmaz \u0259mlak\u0131 var. Be\u015f il sonra &#8211; 2015-ci ilin sonunda ortaqlar q\u0259fl\u0259t\u0259n \u015firk\u0259tin l\u0259\u011fv edilm\u0259si haqda q\u0259rar q\u0259bul edibl\u0259r.\n<\/p>\n<p>\n  Sakaryada Oktay Abutal\u0131bov v\u0259 Xudaqulu Rzayev 2010-cu ild\u0259 \u201c<br \/>\n  <b><br \/>\n    Hazar Vox Me\u015frubat ve Su Pazarlama \u0130n\u015faat Sanayi ve Ticaret Limited<br \/>\n  <\/b><br \/>\n  \u201d \u015firk\u0259tini qurublar. 2015-ci ilin fevral\u0131nda is\u0259 Reyhan Seyidova \u0130stanbulda kapital\u0131na 200 min lir\u0259 yat\u0131rd\u0131\u011f\u0131 \u201c<br \/>\n  <b><br \/>\n    Sinan<br \/>\n  <\/b><br \/>\n  <b><br \/>\n    Grup Egitim Hizmetleri ve D\u0131\u015f Ticaret Limited<br \/>\n  <\/b><br \/>\n  \u201d \u015firk\u0259tini t\u0259sis edib, iyunda onu \u015firk\u0259t\u0259 direktor t\u0259yin etdiyi \u015f\u0259xs\u0259 &#8211; Salih Karaemino\u011fullar\u0131na sat\u0131b.\n<\/p>\n<p>\n  Bak\u0131da is\u0259 Reyhan Seyidovan\u0131n ad\u0131na \u00e7oxlu sayda obyekt: Bil\u0259c\u0259ri q\u0259s\u0259b\u0259si, Y. H\u00fcseynov k\u00fc\u00e7\u0259si, 70F \u00fcnvan\u0131nda 73 m\u00b2-lik kafe-\u00e7ayxana , Nizami rayonu, 8-ci km ya\u015fay\u0131\u015f massivi, M.Abbasov k\u00fc\u00e7\u0259si, 2 \u00fcnvan\u0131nda 5 hektar sah\u0259d\u0259 in\u015fa olunmu\u015f 18098,5 m\u00b2-lik 4-m\u0259rt\u0259b\u0259li ofis, yem\u0259kxana v\u0259 6 \u0259d\u0259d<br \/>\n  <a href=\"https:\/\/arxkom.gov.az\/images\/dovlet_reyestr\/kodlar\/Baki\/ctimai\/Tikintiye-669.pdf\"><br \/>\n    anbar<br \/>\n  <\/a><br \/>\n  , \u201cYa\u015f\u0131l Ada U\u015faq Ba\u011f\u00e7as\u0131\u201d<br \/>\n  <a href=\"http:\/\/www.justice.gov.az\/documents\/papers\/76.pdf\"><br \/>\n    MMC<br \/>\n  <\/a><br \/>\n  var.<\/p>\n","protected":false},"excerpt":{"rendered":"<p>Ba\u015f nazirin ke\u00e7mi\u015f m\u00fcavinin qohumlar\u0131n\u0131n \u00e7oxlu sayda m\u00fclk\u00fc var<\/p>\n","protected":false},"author":11,"featured_media":133907,"comment_status":"closed","ping_status":"open","sticky":false,"template":"","format":"standard","meta":{"_acf_changed":false,"_sitemap_exclude":false,"_sitemap_priority":"","_sitemap_frequency":"","footnotes":""},"categories":[55],"tags":[],"class_list":["post-198219","post","type-post","status-publish","format-standard","has-post-thumbnail","hentry","category-arasdirma","infinite-scroll-item","generate-columns","tablet-grid-50","mobile-grid-100","grid-parent","grid-33","no-featured-image-padding"],"acf":[],"yoast_head":"<!-- This site is optimized with the Yoast SEO plugin v27.4 - https:\/\/yoast.com\/product\/yoast-seo-wordpress\/ -->\n<title>Hac\u0131bala Abutal\u0131bov Bak\u0131n\u0131, o\u011fullar\u0131 is\u0259 \u0130stanbul v\u0259 Londonu sevir - MEYDAN.TV<\/title>\n<meta name=\"robots\" content=\"index, follow, max-snippet:-1, max-image-preview:large, max-video-preview:-1\" \/>\n<link rel=\"canonical\" href=\"https:\/\/www.meydan.tv\/az\/article\/hacibala-abutalibov-bakini-ogullari-ise-istanbul-ve-londonu-sevir\/\" \/>\n<meta property=\"og:locale\" content=\"az_AZ\" \/>\n<meta property=\"og:type\" content=\"article\" \/>\n<meta property=\"og:title\" content=\"Hac\u0131bala Abutal\u0131bov Bak\u0131n\u0131, o\u011fullar\u0131 is\u0259 \u0130stanbul v\u0259 Londonu sevir - MEYDAN.TV\" \/>\n<meta property=\"og:description\" content=\"Ba\u015f nazirin ke\u00e7mi\u015f m\u00fcavinin qohumlar\u0131n\u0131n \u00e7oxlu sayda m\u00fclk\u00fc var\" \/>\n<meta property=\"og:url\" content=\"https:\/\/www.meydan.tv\/az\/article\/hacibala-abutalibov-bakini-ogullari-ise-istanbul-ve-londonu-sevir\/\" \/>\n<meta property=\"og:site_name\" content=\"MEYDAN.TV\" \/>\n<meta property=\"article:published_time\" content=\"2019-12-04T08:52:03+00:00\" \/>\n<meta property=\"og:image\" content=\"https:\/\/www.meydan.tv\/wp-content\/uploads\/1427ac7b-6f64-4924-9f42-91f251bd78a6-1200x675.png\" \/>\n\t<meta property=\"og:image:width\" content=\"1200\" \/>\n\t<meta property=\"og:image:height\" content=\"675\" \/>\n\t<meta property=\"og:image:type\" content=\"image\/png\" \/>\n<meta name=\"author\" content=\"user-manager\" \/>\n<meta name=\"twitter:card\" content=\"summary_large_image\" \/>\n<script type=\"application\/ld+json\" class=\"yoast-schema-graph\">{\"@context\":\"https:\\\/\\\/schema.org\",\"@graph\":[{\"@type\":\"Article\",\"@id\":\"https:\\\/\\\/www.meydan.tv\\\/az\\\/article\\\/hacibala-abutalibov-bakini-ogullari-ise-istanbul-ve-londonu-sevir\\\/#article\",\"isPartOf\":{\"@id\":\"https:\\\/\\\/www.meydan.tv\\\/az\\\/article\\\/hacibala-abutalibov-bakini-ogullari-ise-istanbul-ve-londonu-sevir\\\/\"},\"author\":{\"name\":\"user-manager\",\"@id\":\"https:\\\/\\\/www.meydan.tv\\\/az\\\/#\\\/schema\\\/person\\\/10d11eccf6da3662cf5fdab9806ea91a\"},\"headline\":\"Hac\u0131bala Abutal\u0131bov Bak\u0131n\u0131, o\u011fullar\u0131 is\u0259 \u0130stanbul v\u0259 Londonu sevir\",\"datePublished\":\"2019-12-04T08:52:03+00:00\",\"mainEntityOfPage\":{\"@id\":\"https:\\\/\\\/www.meydan.tv\\\/az\\\/article\\\/hacibala-abutalibov-bakini-ogullari-ise-istanbul-ve-londonu-sevir\\\/\"},\"wordCount\":3399,\"publisher\":{\"@id\":\"https:\\\/\\\/www.meydan.tv\\\/az\\\/#organization\"},\"image\":{\"@id\":\"https:\\\/\\\/www.meydan.tv\\\/az\\\/article\\\/hacibala-abutalibov-bakini-ogullari-ise-istanbul-ve-londonu-sevir\\\/#primaryimage\"},\"thumbnailUrl\":\"https:\\\/\\\/www.meydan.tv\\\/wp-content\\\/uploads\\\/1427ac7b-6f64-4924-9f42-91f251bd78a6.png\",\"articleSection\":[\"Ara\u015fd\u0131rma\"],\"inLanguage\":\"az\"},{\"@type\":\"WebPage\",\"@id\":\"https:\\\/\\\/www.meydan.tv\\\/az\\\/article\\\/hacibala-abutalibov-bakini-ogullari-ise-istanbul-ve-londonu-sevir\\\/\",\"url\":\"https:\\\/\\\/www.meydan.tv\\\/az\\\/article\\\/hacibala-abutalibov-bakini-ogullari-ise-istanbul-ve-londonu-sevir\\\/\",\"name\":\"Hac\u0131bala Abutal\u0131bov Bak\u0131n\u0131, o\u011fullar\u0131 is\u0259 \u0130stanbul v\u0259 Londonu sevir - MEYDAN.TV\",\"isPartOf\":{\"@id\":\"https:\\\/\\\/www.meydan.tv\\\/az\\\/#website\"},\"primaryImageOfPage\":{\"@id\":\"https:\\\/\\\/www.meydan.tv\\\/az\\\/article\\\/hacibala-abutalibov-bakini-ogullari-ise-istanbul-ve-londonu-sevir\\\/#primaryimage\"},\"image\":{\"@id\":\"https:\\\/\\\/www.meydan.tv\\\/az\\\/article\\\/hacibala-abutalibov-bakini-ogullari-ise-istanbul-ve-londonu-sevir\\\/#primaryimage\"},\"thumbnailUrl\":\"https:\\\/\\\/www.meydan.tv\\\/wp-content\\\/uploads\\\/1427ac7b-6f64-4924-9f42-91f251bd78a6.png\",\"datePublished\":\"2019-12-04T08:52:03+00:00\",\"breadcrumb\":{\"@id\":\"https:\\\/\\\/www.meydan.tv\\\/az\\\/article\\\/hacibala-abutalibov-bakini-ogullari-ise-istanbul-ve-londonu-sevir\\\/#breadcrumb\"},\"inLanguage\":\"az\",\"potentialAction\":[{\"@type\":\"ReadAction\",\"target\":[\"https:\\\/\\\/www.meydan.tv\\\/az\\\/article\\\/hacibala-abutalibov-bakini-ogullari-ise-istanbul-ve-londonu-sevir\\\/\"]}]},{\"@type\":\"ImageObject\",\"inLanguage\":\"az\",\"@id\":\"https:\\\/\\\/www.meydan.tv\\\/az\\\/article\\\/hacibala-abutalibov-bakini-ogullari-ise-istanbul-ve-londonu-sevir\\\/#primaryimage\",\"url\":\"https:\\\/\\\/www.meydan.tv\\\/wp-content\\\/uploads\\\/1427ac7b-6f64-4924-9f42-91f251bd78a6.png\",\"contentUrl\":\"https:\\\/\\\/www.meydan.tv\\\/wp-content\\\/uploads\\\/1427ac7b-6f64-4924-9f42-91f251bd78a6.png\",\"width\":1600,\"height\":900,\"caption\":\"Source: Meydan Tv\"},{\"@type\":\"BreadcrumbList\",\"@id\":\"https:\\\/\\\/www.meydan.tv\\\/az\\\/article\\\/hacibala-abutalibov-bakini-ogullari-ise-istanbul-ve-londonu-sevir\\\/#breadcrumb\",\"itemListElement\":[{\"@type\":\"ListItem\",\"position\":1,\"name\":\"Ana s\u0259hif\u0259\",\"item\":\"https:\\\/\\\/www.meydan.tv\\\/az\\\/\"},{\"@type\":\"ListItem\",\"position\":2,\"name\":\"Ara\u015fd\u0131rma\",\"item\":\"https:\\\/\\\/www.meydan.tv\\\/az\\\/section\\\/arasdirma\\\/\"},{\"@type\":\"ListItem\",\"position\":3,\"name\":\"Hac\u0131bala Abutal\u0131bov Bak\u0131n\u0131, o\u011fullar\u0131 is\u0259 \u0130stanbul v\u0259 Londonu sevir\"}]},{\"@type\":\"WebSite\",\"@id\":\"https:\\\/\\\/www.meydan.tv\\\/az\\\/#website\",\"url\":\"https:\\\/\\\/www.meydan.tv\\\/az\\\/\",\"name\":\"MEYDAN.TV\",\"description\":\"Meydan TV Az\u0259rbaycan\u0131n media m\u0259kan\u0131ndak\u0131 alternativ s\u0259sidir\",\"publisher\":{\"@id\":\"https:\\\/\\\/www.meydan.tv\\\/az\\\/#organization\"},\"potentialAction\":[{\"@type\":\"SearchAction\",\"target\":{\"@type\":\"EntryPoint\",\"urlTemplate\":\"https:\\\/\\\/www.meydan.tv\\\/az\\\/?s={search_term_string}\"},\"query-input\":{\"@type\":\"PropertyValueSpecification\",\"valueRequired\":true,\"valueName\":\"search_term_string\"}}],\"inLanguage\":\"az\"},{\"@type\":\"Organization\",\"@id\":\"https:\\\/\\\/www.meydan.tv\\\/az\\\/#organization\",\"name\":\"Meydan TV\",\"url\":\"https:\\\/\\\/www.meydan.tv\\\/az\\\/\",\"logo\":{\"@type\":\"ImageObject\",\"inLanguage\":\"az\",\"@id\":\"https:\\\/\\\/www.meydan.tv\\\/az\\\/#\\\/schema\\\/logo\\\/image\\\/\",\"url\":\"https:\\\/\\\/www.meydan.tv\\\/wp-content\\\/uploads\\\/2021\\\/07\\\/meydan-logo.svg\",\"contentUrl\":\"https:\\\/\\\/www.meydan.tv\\\/wp-content\\\/uploads\\\/2021\\\/07\\\/meydan-logo.svg\",\"width\":195,\"height\":46,\"caption\":\"Meydan TV\"},\"image\":{\"@id\":\"https:\\\/\\\/www.meydan.tv\\\/az\\\/#\\\/schema\\\/logo\\\/image\\\/\"}},{\"@type\":\"Person\",\"@id\":\"https:\\\/\\\/www.meydan.tv\\\/az\\\/#\\\/schema\\\/person\\\/10d11eccf6da3662cf5fdab9806ea91a\",\"name\":\"user-manager\"}]}<\/script>\n<!-- \/ Yoast SEO plugin. -->","yoast_head_json":{"title":"Hac\u0131bala Abutal\u0131bov Bak\u0131n\u0131, o\u011fullar\u0131 is\u0259 \u0130stanbul v\u0259 Londonu sevir - MEYDAN.TV","robots":{"index":"index","follow":"follow","max-snippet":"max-snippet:-1","max-image-preview":"max-image-preview:large","max-video-preview":"max-video-preview:-1"},"canonical":"https:\/\/www.meydan.tv\/az\/article\/hacibala-abutalibov-bakini-ogullari-ise-istanbul-ve-londonu-sevir\/","og_locale":"az_AZ","og_type":"article","og_title":"Hac\u0131bala Abutal\u0131bov Bak\u0131n\u0131, o\u011fullar\u0131 is\u0259 \u0130stanbul v\u0259 Londonu sevir - MEYDAN.TV","og_description":"Ba\u015f nazirin ke\u00e7mi\u015f m\u00fcavinin qohumlar\u0131n\u0131n \u00e7oxlu sayda m\u00fclk\u00fc var","og_url":"https:\/\/www.meydan.tv\/az\/article\/hacibala-abutalibov-bakini-ogullari-ise-istanbul-ve-londonu-sevir\/","og_site_name":"MEYDAN.TV","article_published_time":"2019-12-04T08:52:03+00:00","og_image":[{"width":1200,"height":675,"url":"https:\/\/www.meydan.tv\/wp-content\/uploads\/1427ac7b-6f64-4924-9f42-91f251bd78a6-1200x675.png","type":"image\/png"}],"author":"user-manager","twitter_card":"summary_large_image","schema":{"@context":"https:\/\/schema.org","@graph":[{"@type":"Article","@id":"https:\/\/www.meydan.tv\/az\/article\/hacibala-abutalibov-bakini-ogullari-ise-istanbul-ve-londonu-sevir\/#article","isPartOf":{"@id":"https:\/\/www.meydan.tv\/az\/article\/hacibala-abutalibov-bakini-ogullari-ise-istanbul-ve-londonu-sevir\/"},"author":{"name":"user-manager","@id":"https:\/\/www.meydan.tv\/az\/#\/schema\/person\/10d11eccf6da3662cf5fdab9806ea91a"},"headline":"Hac\u0131bala Abutal\u0131bov Bak\u0131n\u0131, o\u011fullar\u0131 is\u0259 \u0130stanbul v\u0259 Londonu sevir","datePublished":"2019-12-04T08:52:03+00:00","mainEntityOfPage":{"@id":"https:\/\/www.meydan.tv\/az\/article\/hacibala-abutalibov-bakini-ogullari-ise-istanbul-ve-londonu-sevir\/"},"wordCount":3399,"publisher":{"@id":"https:\/\/www.meydan.tv\/az\/#organization"},"image":{"@id":"https:\/\/www.meydan.tv\/az\/article\/hacibala-abutalibov-bakini-ogullari-ise-istanbul-ve-londonu-sevir\/#primaryimage"},"thumbnailUrl":"https:\/\/www.meydan.tv\/wp-content\/uploads\/1427ac7b-6f64-4924-9f42-91f251bd78a6.png","articleSection":["Ara\u015fd\u0131rma"],"inLanguage":"az"},{"@type":"WebPage","@id":"https:\/\/www.meydan.tv\/az\/article\/hacibala-abutalibov-bakini-ogullari-ise-istanbul-ve-londonu-sevir\/","url":"https:\/\/www.meydan.tv\/az\/article\/hacibala-abutalibov-bakini-ogullari-ise-istanbul-ve-londonu-sevir\/","name":"Hac\u0131bala Abutal\u0131bov Bak\u0131n\u0131, o\u011fullar\u0131 is\u0259 \u0130stanbul v\u0259 Londonu sevir - MEYDAN.TV","isPartOf":{"@id":"https:\/\/www.meydan.tv\/az\/#website"},"primaryImageOfPage":{"@id":"https:\/\/www.meydan.tv\/az\/article\/hacibala-abutalibov-bakini-ogullari-ise-istanbul-ve-londonu-sevir\/#primaryimage"},"image":{"@id":"https:\/\/www.meydan.tv\/az\/article\/hacibala-abutalibov-bakini-ogullari-ise-istanbul-ve-londonu-sevir\/#primaryimage"},"thumbnailUrl":"https:\/\/www.meydan.tv\/wp-content\/uploads\/1427ac7b-6f64-4924-9f42-91f251bd78a6.png","datePublished":"2019-12-04T08:52:03+00:00","breadcrumb":{"@id":"https:\/\/www.meydan.tv\/az\/article\/hacibala-abutalibov-bakini-ogullari-ise-istanbul-ve-londonu-sevir\/#breadcrumb"},"inLanguage":"az","potentialAction":[{"@type":"ReadAction","target":["https:\/\/www.meydan.tv\/az\/article\/hacibala-abutalibov-bakini-ogullari-ise-istanbul-ve-londonu-sevir\/"]}]},{"@type":"ImageObject","inLanguage":"az","@id":"https:\/\/www.meydan.tv\/az\/article\/hacibala-abutalibov-bakini-ogullari-ise-istanbul-ve-londonu-sevir\/#primaryimage","url":"https:\/\/www.meydan.tv\/wp-content\/uploads\/1427ac7b-6f64-4924-9f42-91f251bd78a6.png","contentUrl":"https:\/\/www.meydan.tv\/wp-content\/uploads\/1427ac7b-6f64-4924-9f42-91f251bd78a6.png","width":1600,"height":900,"caption":"Source: Meydan Tv"},{"@type":"BreadcrumbList","@id":"https:\/\/www.meydan.tv\/az\/article\/hacibala-abutalibov-bakini-ogullari-ise-istanbul-ve-londonu-sevir\/#breadcrumb","itemListElement":[{"@type":"ListItem","position":1,"name":"Ana s\u0259hif\u0259","item":"https:\/\/www.meydan.tv\/az\/"},{"@type":"ListItem","position":2,"name":"Ara\u015fd\u0131rma","item":"https:\/\/www.meydan.tv\/az\/section\/arasdirma\/"},{"@type":"ListItem","position":3,"name":"Hac\u0131bala Abutal\u0131bov Bak\u0131n\u0131, o\u011fullar\u0131 is\u0259 \u0130stanbul v\u0259 Londonu sevir"}]},{"@type":"WebSite","@id":"https:\/\/www.meydan.tv\/az\/#website","url":"https:\/\/www.meydan.tv\/az\/","name":"MEYDAN.TV","description":"Meydan TV Az\u0259rbaycan\u0131n media m\u0259kan\u0131ndak\u0131 alternativ s\u0259sidir","publisher":{"@id":"https:\/\/www.meydan.tv\/az\/#organization"},"potentialAction":[{"@type":"SearchAction","target":{"@type":"EntryPoint","urlTemplate":"https:\/\/www.meydan.tv\/az\/?s={search_term_string}"},"query-input":{"@type":"PropertyValueSpecification","valueRequired":true,"valueName":"search_term_string"}}],"inLanguage":"az"},{"@type":"Organization","@id":"https:\/\/www.meydan.tv\/az\/#organization","name":"Meydan TV","url":"https:\/\/www.meydan.tv\/az\/","logo":{"@type":"ImageObject","inLanguage":"az","@id":"https:\/\/www.meydan.tv\/az\/#\/schema\/logo\/image\/","url":"https:\/\/www.meydan.tv\/wp-content\/uploads\/2021\/07\/meydan-logo.svg","contentUrl":"https:\/\/www.meydan.tv\/wp-content\/uploads\/2021\/07\/meydan-logo.svg","width":195,"height":46,"caption":"Meydan TV"},"image":{"@id":"https:\/\/www.meydan.tv\/az\/#\/schema\/logo\/image\/"}},{"@type":"Person","@id":"https:\/\/www.meydan.tv\/az\/#\/schema\/person\/10d11eccf6da3662cf5fdab9806ea91a","name":"user-manager"}]}},"_links":{"self":[{"href":"https:\/\/www.meydan.tv\/az\/wp-json\/wp\/v2\/posts\/198219","targetHints":{"allow":["GET"]}}],"collection":[{"href":"https:\/\/www.meydan.tv\/az\/wp-json\/wp\/v2\/posts"}],"about":[{"href":"https:\/\/www.meydan.tv\/az\/wp-json\/wp\/v2\/types\/post"}],"author":[{"embeddable":true,"href":"https:\/\/www.meydan.tv\/az\/wp-json\/wp\/v2\/users\/11"}],"replies":[{"embeddable":true,"href":"https:\/\/www.meydan.tv\/az\/wp-json\/wp\/v2\/comments?post=198219"}],"version-history":[{"count":0,"href":"https:\/\/www.meydan.tv\/az\/wp-json\/wp\/v2\/posts\/198219\/revisions"}],"wp:featuredmedia":[{"embeddable":true,"href":"https:\/\/www.meydan.tv\/az\/wp-json\/wp\/v2\/media\/133907"}],"wp:attachment":[{"href":"https:\/\/www.meydan.tv\/az\/wp-json\/wp\/v2\/media?parent=198219"}],"wp:term":[{"taxonomy":"category","embeddable":true,"href":"https:\/\/www.meydan.tv\/az\/wp-json\/wp\/v2\/categories?post=198219"},{"taxonomy":"post_tag","embeddable":true,"href":"https:\/\/www.meydan.tv\/az\/wp-json\/wp\/v2\/tags?post=198219"}],"curies":[{"name":"wp","href":"https:\/\/api.w.org\/{rel}","templated":true}]}}