{"id":198217,"date":"2019-12-04T05:51:31","date_gmt":"2019-12-04T05:51:31","guid":{"rendered":"https:\/\/www.meydan.tv\/article\/malta-azerbaycan-yene-de-arasdirilmasi-zamani-maltali-jurnalistin-oldurulduyu-qaz-muqavilesi-haqda\/"},"modified":"2019-12-04T05:51:31","modified_gmt":"2019-12-04T05:51:31","slug":"malta-azerbaycan-yene-de-arasdirilmasi-zamani-maltali-jurnalistin-oldurulduyu-qaz-muqavilesi-haqda","status":"publish","type":"post","link":"https:\/\/www.meydan.tv\/az\/article\/malta-azerbaycan-yene-de-arasdirilmasi-zamani-maltali-jurnalistin-oldurulduyu-qaz-muqavilesi-haqda\/","title":{"rendered":"Malta-Az\u0259rbaycan \u2013 yen\u0259 d\u0259 ara\u015fd\u0131r\u0131lmas\u0131 zaman\u0131 maltal\u0131 jurnalistin \u00f6ld\u00fcr\u00fcld\u00fcy\u00fc qaz m\u00fcqavil\u0259si haqda"},"content":{"rendered":"<p>\n  M\u0259qal\u0259<br \/>\n  <a href=\"https:\/\/jam-news.net\/malta-az\u0259rbaycan-yen\u0259-d\u0259-arasdirilmasi-zamani-maltali-jurnalistin-oldurulduyu-qaz-muqavil\u0259si-haqda\/?lang=az-AZ\"><br \/>\n    JAMnews<br \/>\n  <\/a><br \/>\n  sayt\u0131nda d\u0259rc olunub.\n<\/p>\n<p>\n  <b><br \/>\n    <i><br \/>\n      \u0130stintaq f\u0259alla\u015f\u0131b, Defne Qalisiyan\u0131n ail\u0259si Malta, Az\u0259rbaycan v\u0259 B\u018f\u018f aras\u0131ndak\u0131 \u0259laq\u0259l\u0259rin ara\u015fd\u0131r\u0131lmas\u0131nda Avropolun i\u015ftirak\u0131n\u0131 t\u0259l\u0259b edir. B\u00fct\u00fcn t\u0259f\u0259rr\u00fcatlar<br \/>\n    <\/i><br \/>\n  <\/b>\n<\/p>\n<p>\n  Maltada iki il \u0259vv\u0259l, 2017-ci il sentyabr\u0131n 16-da ma\u015f\u0131n\u0131na bomba qoyularaq q\u0259tl\u0259 yetiril\u0259n jurnalist Dafne Qalisiyan\u0131n i\u015fi \u00fczr\u0259 istintaq prosesi q\u0259fil f\u0259alla\u015f\u0131b.\n<\/p>\n<p>\n  <b><br \/>\n    Malta h\u00f6kum\u0259ti v\u0259 Az\u0259brycan\u0131n SOCAR d\u00f6vl\u0259t neft-qaz \u015firk\u0259ti aras\u0131ndak\u0131 milyarl\u0131q sazi\u015f d\u0259 ara\u015fd\u0131rman\u0131n m\u0259rk\u0259zind\u0259dir.<br \/>\n  <\/b>\n<\/p>\n<p>\n  Ara\u015fd\u0131rma\u00e7\u0131 jurnalistl\u0259r bu i\u015fd\u0259 korrupsiya t\u0259rkibinin oldu\u011f\u011funu ehtimal edirl\u0259r.\n<\/p>\n<p>\n  Q\u0259tl\u0259 yetirilmi\u015f jurnalistin ail\u0259si \u2013 valideynl\u0259ri, \u0259ri, \u00fc\u00e7 o\u011flu v\u0259 bac\u0131lar\u0131 Malta, Az\u0259rbaycan v\u0259 Birl\u0259\u015fmi\u015f \u018fr\u0259b \u018fmirlikl\u0259ri aras\u0131nda ba\u011flanm\u0131\u015f sazi\u015fin ara\u015fd\u0131r\u0131lmas\u0131na Avropolun da c\u0259lb olunmas\u0131n\u0131<br \/>\n  <a href=\"https:\/\/www.tvm.com.mt\/en\/news\/caruana-galizia-family-call-on-authorities-to-prosecute-keith-schembri\/\"><br \/>\n    <b><br \/>\n      <i><br \/>\n        t\u0259l\u0259b edirl\u0259r<br \/>\n      <\/i><br \/>\n    <\/b><br \/>\n  <\/a><br \/>\n  .\n<\/p>\n<p>\n  Defne Haruana Qalisiya bir ne\u00e7\u0259 \u00f6lk\u0259d\u0259 m\u00fcxt\u0259lif banklar v\u0259 maliyy\u0259 strukturlar\u0131 vasit\u0259sil\u0259 b\u00f6y\u00fck m\u0259bl\u0259\u011fd\u0259 pullar\u0131n yuyulmas\u0131 faktlar\u0131 \u00fczr\u0259 ara\u015fd\u0131rma apar\u0131rd\u0131.<br \/>\n  <b><br \/>\n    \u201c\u00c7irkli pul\u201d m\u0259nb\u0259l\u0259ri s\u0131ras\u0131nda \u0259n ba\u015fdan Az\u0259rbaycan, Moldova v\u0259 Rusiyan\u0131n ad\u0131 hallan\u0131rd\u0131.<br \/>\n  <\/b>\n<\/p>\n<p>\n  Defne Qalisiyan\u0131n q\u0259tli haqda i\u015f \u00fczr\u0259 istintaqda iki ildir ki, m\u00fc\u0259yy\u0259n dur\u011funluq ya\u015fan\u0131rd\u0131, bu da beyn\u0259lxalq media t\u0259r\u0259find\u0259n yaln\u0131z Malta h\u00f6kum\u0259tin\u0259 qar\u015f\u0131 deyil, Avropa \u0130ttifaq\u0131n\u0131n r\u0259hb\u0259rliyin\u0259 qar\u015f\u0131 da h\u00fccumlara s\u0259b\u0259b olurdu.\n<\/p>\n<p>\n  Malta is\u0259 1964-c\u00fc ild\u0259 B\u00f6y\u00fck Britaniyan\u0131n ke\u00e7mi\u015f m\u00fcst\u0259ml\u0259k\u0259si m\u00fcst\u0259qil d\u00f6vl\u0259t olandan b\u0259ri \u0259n b\u00f6y\u00fck siyasi b\u00f6hran\u0131n i\u00e7in\u0259 d\u00fc\u015fd\u00fc.\n<\/p>\n<p>\n  2019-cu ilin noyabr\u0131nda, n\u0259hay\u0259t, bu i\u015f \u00fczr\u0259 saxlan\u0131lmalar v\u0259 h\u0259bsl\u0259r ba\u015flad\u0131.\n<\/p>\n<p>\n  <b><br \/>\n    Hakimiyy\u0259t n\u00fcmay\u0259nd\u0259l\u0259ri v\u0259 maqnat jurnalistin q\u0259tlind\u0259 ittiham olunur<br \/>\n  <\/b>\n<\/p>\n<p>\n  Noyabr\u0131n 30-da Maltada qumar imperiyas\u0131n\u0131n 38 ya\u015fl\u0131 ba\u015f\u00e7\u0131s\u0131, maqnat Yorgen Gonek\u0259 qar\u015f\u0131 q\u0259tld\u0259 i\u015ftirakla ba\u011fl\u0131<br \/>\n  <a href=\"https:\/\/www.theguardian.com\/world\/2019\/nov\/30\/maltese-businessman-charged-with-complicity-to-journalist\"><br \/>\n    <b><br \/>\n      <i><br \/>\n        ittiham<br \/>\n      <\/i><br \/>\n    <\/b><br \/>\n  <\/a><br \/>\n  ir\u0259li s\u00fcr\u00fcld\u00fc. O, adadan qa\u00e7maq ist\u0259rk\u0259n yaxalan\u0131b.\n<\/p>\n<p>\n  Dindirilm\u0259 zaman\u0131 o, \u00f6z g\u00fcnah\u0131n\u0131 inkar edib, amma bildirib ki, Malta ba\u015f nazirinin yax\u0131n siyasi m\u00fctt\u0259fiqi Kit \u015eembrinin q\u0259tld\u0259 \u0259li var.\n<\/p>\n<p>\n  Bundan d\u0259rhal sonra \u015eembri ba\u015f nazirin administrasiya r\u0259hb\u0259ri postindan istefa verib, amma ona qar\u015f\u0131 ir\u0259li s\u00fcr\u00fcl\u0259n ittihamlar\u0131 r\u0259dd edib.\n<\/p>\n<p>\n  Ba\u015f nazir Cozef Muskat\u0131n \u00f6z\u00fc is\u0259 istintaq ba\u015fa \u00e7atd\u0131qdan sonra istefaya ged\u0259c\u0259k.\n<\/p>\n<figure class=\"wp-block-image size-large\">\n  <img decoding=\"async\" src=\"https:\/\/www.meydan.tv\/az\/2-png\/\" alt=\"2.png\" class=\"wp-image-133925\"\/><figcaption>\n    Malta ba\u015f naziri Cozef Muskat 2019-cu il noyabr\u0131n 29-da ke\u00e7iril\u0259n m\u0259tbuat konfrans\u0131nda Defne Qalisiyan\u0131n q\u0259tli il\u0259 ba\u011fl\u0131 istintaq i\u015fi ba\u015fa \u00e7atandan sonra istefaya ged\u0259c\u0259yini bildirdiyi an<br \/>\n  <\/figcaption><\/figure>\n<p>\n  Bu arada Defne Qalisiyan\u0131n ail\u0259si noyabr\u0131n 26-da Avropola<br \/>\n  <a href=\"https:\/\/www.tvm.com.mt\/en\/news\/caruana-galizia-family-call-on-authorities-to-prosecute-keith-schembri\/\"><br \/>\n    <b><br \/>\n      <i><br \/>\n        m\u00fcraci\u0259t ed\u0259r\u0259k<br \/>\n      <\/i><br \/>\n    <\/b><br \/>\n  <\/a><br \/>\n  ,<br \/>\n  <b><br \/>\n    Malta, Az\u0259rbaycan v\u0259 Birl\u0259\u015fmi\u015f \u018fr\u0259b \u018fmirlikl\u0259ri aras\u0131nda pul ax\u0131n\u0131n\u0131<br \/>\n  <\/b><br \/>\n  izl\u0259m\u0259y\u0259 \u00e7al\u0131\u015fan istintaqa laz\u0131m\u0131 d\u0259st\u0259k g\u00f6st\u0259rilm\u0259sini xahi\u015f edib.\n<\/p>\n<p>\n  Ara\u015fd\u0131r\u0131lmas\u0131 jurnalistin h\u0259yat\u0131 bahas\u0131na ba\u015fa g\u0259l\u0259n bu sazi\u015fin mahiyy\u0259tinin n\u0259d\u0259n ibar\u0259t oldu\u011fu b\u00f6y\u00fck ehtimalla yeni m\u0259hk\u0259m\u0259 prosesinin m\u00f6vzusu olacaq. Defne Qalisiyan\u0131n \u00f6l\u00fcm\u00fcnd\u0259n sonra ara\u015fd\u0131rma onun h\u0259mkarlar\u0131 t\u0259r\u0259find\u0259n davam etdirilib \u2013<br \/>\n  <a href=\"https:\/\/www.occrp.org\/en\/thedaphneproject\/\"><br \/>\n    <b><br \/>\n      <i><br \/>\n        \u00abDefne Layih\u0259sind\u0259\u00bb<br \/>\n      <\/i><br \/>\n    <\/b><br \/>\n  <\/a><br \/>\n  18 beyn\u0259lxalq n\u0259\u0259\u015fr birl\u0259\u015fib. Onlar n\u0259 \u00fcz\u0259 \u00e7\u0131xara bilib? \u201cDefne Layih\u0259si\u201d i\u015ftirak\u00e7\u0131s\u0131n\u0131n Britaniyan\u0131n<br \/>\n  <a href=\"https:\/\/www.theguardian.com\/world\/2018\/apr\/25\/malta-azerbaijan-energy-deal-losing-money-claim-experts?fbclid=IwAR2BviDMaXnmlmfeXp\"><br \/>\n    <b><br \/>\n      <i><br \/>\n        The Guardian<br \/>\n      <\/i><br \/>\n    <\/b><br \/>\n  <\/a><br \/>\n  q\u0259zetind\u0259 d\u0259rc olunan m\u0259qal\u0259sin\u0259 \u0259sas\u0259n.\n<\/p>\n<p>\n  <b><br \/>\n    Niy\u0259 qiym\u0259t iki d\u0259f\u0259 bahad\u0131r? Malta v\u0259 Az\u0259rbaycan aras\u0131ndak\u0131 sazi\u015fin mahiyy\u0259ti<br \/>\n  <\/b>\n<\/p>\n<p>\n  2013-c\u00fc ild\u0259 Malta h\u00f6kum\u0259ti elektrik stansiyas\u0131n\u0131n in\u015fas\u0131 v\u0259 daha sonra maye qazla t\u0259min olunmas\u0131 \u00fczr\u0259 tender elan edib.\n<\/p>\n<p>\n  <b><br \/>\n    Tenderi Az\u0259rbaycan\u0131n SOCAR d\u00f6vl\u0259t \u015firk\u0259tin\u0259 m\u0259xsus olan \u201cElectrogas\u201d \u015firk\u0259ti udub.<br \/>\n  <\/b><br \/>\n  Daha sonra 2015-ci ild\u0259 \u201cElectrogas\u201d<br \/>\n  <b><br \/>\n    h\u0259min SOCAR-la<br \/>\n  <\/b><br \/>\n  t\u0259bii qaz\u0131n \u00e7atd\u0131r\u0131lmas\u0131 il\u0259 ba\u011fl\u0131 milyard avrodan art\u0131q m\u0259bl\u0259\u011fd\u0259 m\u00fcqavil\u0259 imzalay\u0131r.\n<\/p>\n<p>\n  2017-ci ild\u0259 qaz \u00e7atd\u0131r\u0131lmas\u0131 ba\u015flay\u0131r v\u0259 m\u0259lum olur ki,<br \/>\n  <b><br \/>\n    Malta qaz\u0131 a\u00e7\u0131q bazarda oldu\u011fundan dem\u0259k olar ki iki d\u0259f\u0259 art\u0131q qiym\u0259t\u0259 al\u0131r.<br \/>\n  <\/b>\n<\/p>\n<p>\n  <b><br \/>\n    Sxem bel\u0259 i\u015fl\u0259yir:<br \/>\n  <\/b>\n<\/p>\n<p>\n  <i><br \/>\n    1. SOCAR \u201cShell\u201d\u015firk\u0259tind\u0259n t\u0259xmin\u0259n 113 milyon dollarl\u0131q qaz al\u0131r.<br \/>\n  <\/i>\n<\/p>\n<p>\n  <i><br \/>\n    2. SOCAR b\u00fct\u00fcn bu qaz\u0131 \u201cElectrogas Malta\u201d \u015firk\u0259tin\u0259 sat\u0131r, amma t\u0259xmin\u0259n 153 milyon dollara. 40 milyon dollarl\u0131q g\u0259liri \u00f6z\u00fcn\u0259 saxlay\u0131r.<br \/>\n  <\/i>\n<\/p>\n<p>\n  <i><br \/>\n    3.\u201cElectrogas Malta\u201d h\u0259min qaz\u0131 Maltan\u0131n \u201cEnemalta\u201d \u015firk\u0259tin\u0259 eyni qiym\u0259t\u0259 sat\u0131r. Daha sonra \u201cEnemalta\u201d \u201cElectrogas\u201d \u015firk\u0259tinin i\u015f\u015ftirak\u0131 il\u0259 qaz\u0131 elektrik\u0259 \u00e7evirir.<br \/>\n  <\/i>\n<\/p>\n<figure class=\"wp-block-image size-large\">\n  <img decoding=\"async\" src=\"https:\/\/www.meydan.tv\/az\/3-png\/\" alt=\"3.png\" class=\"wp-image-133928\"\/><figcaption>\n    Sat\u0131\u015f sxemi<br \/>\n  <\/figcaption><\/figure>\n<p>\n  Malta qaz\u0131 onunla t\u0259xmin\u0259n eyni vaxtda m\u00fcqavil\u0259 imzalayan, m\u0259s\u0259l\u0259n, Yunan\u0131stan, \u0130taliya v\u0259 T\u00fcrkiy\u0259d\u0259n daha y\u00fcks\u0259k qiym\u0259t\u0259 al\u0131r.\n<\/p>\n<p>\n  B\u0259s Malta niy\u0259 bunu edir?\n<\/p>\n<p>\n  <b><br \/>\n    Ara\u015fd\u0131rma\u00e7\u0131 jurnalistl\u0259rin suallar\u0131<br \/>\n  <\/b>\n<\/p>\n<p>\n  <b><br \/>\n    Suallardan biri, \u0259n lab\u00fcd\u00fc m\u0259hz budur<br \/>\n  <\/b><br \/>\n  \u2013 niy\u0259 Malta \u0259vv\u0259lc\u0259d\u0259n qat-qat y\u00fcks\u0259k qiym\u0259t\u0259 m\u00fcqavil\u0259 imzalay\u0131b?\n<\/p>\n<p>\n  Maltan\u0131n h\u00f6kum\u0259t n\u00fcmay\u0259nd\u0259l\u0259ri bu sual\u0131n cavab\u0131nda jurnalistl\u0259r\u0259 bildiribl\u0259r ki, 2015-ci ild\u0259 sazi\u015f imzalanan zaman qaz\u0131n qiym\u0259ti y\u00fcks\u0259k idi, amma sonra k\u0259skin ucuzla\u015fd\u0131. Bununla bel\u0259 SOCAR-la imzalanan m\u00fcqavil\u0259d\u0259 sabit qiym\u0259t qeyd olunub.\n<\/p>\n<p>\n  Amma qaz \u00fczr\u0259 dig\u0259r t\u0259chizat\u00e7\u0131larla analoji m\u00fcqavil\u0259 imzalayan Yunan\u0131stan v\u0259 \u0130taliya art\u0131q \u015f\u0259rtl\u0259rin yenid\u0259n bax\u0131lmas\u0131na nail olublar. malta is\u0259 bu m\u0259s\u0259l\u0259ni \u00fcmumiyy\u0259tl\u0259 qald\u0131rmay\u0131b.\n<\/p>\n<p>\n  \u00dcst\u0259lik, h\u00f6kum\u0259tin bu cavab\u0131 qaz\u0131n niy\u0259 SOCAR-\u0131n i\u015ftirak\u0131 olmadan birba\u015fa \u201cShell\u201dd\u0259n al\u0131nmad\u0131\u011f\u0131n\u0131 izah etmir.\n<\/p>\n<p>\n  <b><br \/>\n    Ba\u015fqa sual da var:<br \/>\n  <\/b>\n<\/p>\n<p>\n  Qaz maye hal\u0131nda n\u0259ql olunur. Az\u0259rbaycan is\u0259 b\u00f6y\u00fck neft v\u0259 qaz ehtiyatlar\u0131na sahib olsa da, maye qaz istehsal etmir. SOCAR \u015firk\u0259tinin maye qaz\u0131n n\u0259\u0259 istehsal\u0131nda, n\u0259 d\u0259 ticar\u0259tind\u0259 t\u0259cr\u00fcb\u0259si yoxdur. O zaman niy\u0259 Malta h\u00f6kum\u0259ti m\u0259hz SOCAR-\u0131 t\u0259r\u0259fda\u015f olaraq se\u00e7ib?\n<\/p>\n<p>\n  <b><br \/>\n    V\u0259 \u00fc\u00e7\u00fcnc\u00fc sual:<br \/>\n  <\/b>\n<\/p>\n<p>\n  Malta h\u00f6kum\u0259ti niy\u0259s\u0259 maye qaz\u0131n t\u0259chizat\u0131 il\u0259 ba\u011fl\u0131 a\u00e7\u0131q tender elan etm\u0259yib. Sonra is\u0259 niy\u0259s\u0259 imzalanm\u0131\u015f m\u00fcqavil\u0259nin \u015f\u0259rtl\u0259ri il\u0259 ba\u011fl\u0131 informasiya d\u0259rc etm\u0259yib. V\u0259 h\u0259l\u0259 d\u0259 ictimaiyy\u0259t\u0259 bu m\u00fcqavil\u0259 il\u0259 ba\u011fl\u0131 tam m\u0259lumat t\u0259qdim etm\u0259kd\u0259n boyun qa\u00e7\u0131r\u0131r.\n<\/p>\n<p>\n  \u201cDefne Layih\u0259sin\u0259\u201d daxil olan n\u0259\u015frl\u0259rin jurnalistl\u0259ri ara\u015fd\u0131rman\u0131 davam etdirm\u0259k niyy\u0259tind\u0259dirl\u0259r.<\/p>\n","protected":false},"excerpt":{"rendered":"<p>Q\u0259tl\u0259 yetirilmi\u015f jurnalistin ail\u0259si \u2013 valideynl\u0259ri, \u0259ri, \u00fc\u00e7 o\u011flu v\u0259 bac\u0131lar\u0131 Malta, Az\u0259rbaycan v\u0259 Birl\u0259\u015fmi\u015f \u018fr\u0259b \u018fmirlikl\u0259ri aras\u0131nda ba\u011flanm\u0131\u015f sazi\u015fin ara\u015fd\u0131r\u0131lmas\u0131na Avropolun da c\u0259lb olunmas\u0131n\u0131 t\u0259l\u0259b edirl\u0259r.<\/p>\n","protected":false},"author":11,"featured_media":133922,"comment_status":"closed","ping_status":"open","sticky":false,"template":"","format":"standard","meta":{"_acf_changed":false,"_sitemap_exclude":false,"_sitemap_priority":"","_sitemap_frequency":"","footnotes":""},"categories":[64],"tags":[],"class_list":["post-198217","post","type-post","status-publish","format-standard","has-post-thumbnail","hentry","category-dunya","infinite-scroll-item","generate-columns","tablet-grid-50","mobile-grid-100","grid-parent","grid-33","no-featured-image-padding"],"acf":[],"yoast_head":"<!-- This site is optimized with the Yoast SEO plugin v27.5 - https:\/\/yoast.com\/product\/yoast-seo-wordpress\/ -->\n<title>Malta-Az\u0259rbaycan \u2013 yen\u0259 d\u0259 ara\u015fd\u0131r\u0131lmas\u0131 zaman\u0131 maltal\u0131 jurnalistin \u00f6ld\u00fcr\u00fcld\u00fcy\u00fc qaz m\u00fcqavil\u0259si haqda - MEYDAN.TV<\/title>\n<meta name=\"robots\" content=\"index, follow, max-snippet:-1, max-image-preview:large, max-video-preview:-1\" \/>\n<link rel=\"canonical\" href=\"https:\/\/www.meydan.tv\/az\/article\/malta-azerbaycan-yene-de-arasdirilmasi-zamani-maltali-jurnalistin-oldurulduyu-qaz-muqavilesi-haqda\/\" \/>\n<meta property=\"og:locale\" content=\"az_AZ\" \/>\n<meta property=\"og:type\" content=\"article\" \/>\n<meta property=\"og:title\" content=\"Malta-Az\u0259rbaycan \u2013 yen\u0259 d\u0259 ara\u015fd\u0131r\u0131lmas\u0131 zaman\u0131 maltal\u0131 jurnalistin \u00f6ld\u00fcr\u00fcld\u00fcy\u00fc qaz m\u00fcqavil\u0259si haqda - MEYDAN.TV\" \/>\n<meta property=\"og:description\" content=\"Q\u0259tl\u0259 yetirilmi\u015f jurnalistin ail\u0259si \u2013 valideynl\u0259ri, \u0259ri, \u00fc\u00e7 o\u011flu v\u0259 bac\u0131lar\u0131 Malta, Az\u0259rbaycan v\u0259 Birl\u0259\u015fmi\u015f \u018fr\u0259b \u018fmirlikl\u0259ri aras\u0131nda ba\u011flanm\u0131\u015f sazi\u015fin ara\u015fd\u0131r\u0131lmas\u0131na Avropolun da c\u0259lb olunmas\u0131n\u0131 t\u0259l\u0259b edirl\u0259r.\" \/>\n<meta property=\"og:url\" content=\"https:\/\/www.meydan.tv\/az\/article\/malta-azerbaycan-yene-de-arasdirilmasi-zamani-maltali-jurnalistin-oldurulduyu-qaz-muqavilesi-haqda\/\" \/>\n<meta property=\"og:site_name\" content=\"MEYDAN.TV\" \/>\n<meta property=\"article:published_time\" content=\"2019-12-04T05:51:31+00:00\" \/>\n<meta property=\"og:image\" content=\"https:\/\/www.meydan.tv\/wp-content\/uploads\/da.png\" \/>\n\t<meta property=\"og:image:width\" content=\"780\" \/>\n\t<meta property=\"og:image:height\" content=\"513\" \/>\n\t<meta property=\"og:image:type\" content=\"image\/png\" \/>\n<meta name=\"author\" content=\"user-manager\" \/>\n<meta name=\"twitter:card\" content=\"summary_large_image\" \/>\n<script type=\"application\/ld+json\" class=\"yoast-schema-graph\">{\"@context\":\"https:\\\/\\\/schema.org\",\"@graph\":[{\"@type\":\"Article\",\"@id\":\"https:\\\/\\\/www.meydan.tv\\\/az\\\/article\\\/malta-azerbaycan-yene-de-arasdirilmasi-zamani-maltali-jurnalistin-oldurulduyu-qaz-muqavilesi-haqda\\\/#article\",\"isPartOf\":{\"@id\":\"https:\\\/\\\/www.meydan.tv\\\/az\\\/article\\\/malta-azerbaycan-yene-de-arasdirilmasi-zamani-maltali-jurnalistin-oldurulduyu-qaz-muqavilesi-haqda\\\/\"},\"author\":{\"name\":\"user-manager\",\"@id\":\"https:\\\/\\\/www.meydan.tv\\\/az\\\/#\\\/schema\\\/person\\\/10d11eccf6da3662cf5fdab9806ea91a\"},\"headline\":\"Malta-Az\u0259rbaycan \u2013 yen\u0259 d\u0259 ara\u015fd\u0131r\u0131lmas\u0131 zaman\u0131 maltal\u0131 jurnalistin \u00f6ld\u00fcr\u00fcld\u00fcy\u00fc qaz m\u00fcqavil\u0259si haqda\",\"datePublished\":\"2019-12-04T05:51:31+00:00\",\"mainEntityOfPage\":{\"@id\":\"https:\\\/\\\/www.meydan.tv\\\/az\\\/article\\\/malta-azerbaycan-yene-de-arasdirilmasi-zamani-maltali-jurnalistin-oldurulduyu-qaz-muqavilesi-haqda\\\/\"},\"wordCount\":1183,\"publisher\":{\"@id\":\"https:\\\/\\\/www.meydan.tv\\\/az\\\/#organization\"},\"image\":{\"@id\":\"https:\\\/\\\/www.meydan.tv\\\/az\\\/article\\\/malta-azerbaycan-yene-de-arasdirilmasi-zamani-maltali-jurnalistin-oldurulduyu-qaz-muqavilesi-haqda\\\/#primaryimage\"},\"thumbnailUrl\":\"https:\\\/\\\/www.meydan.tv\\\/wp-content\\\/uploads\\\/da.png\",\"articleSection\":[\"D\u00fcnya\"],\"inLanguage\":\"az\"},{\"@type\":\"WebPage\",\"@id\":\"https:\\\/\\\/www.meydan.tv\\\/az\\\/article\\\/malta-azerbaycan-yene-de-arasdirilmasi-zamani-maltali-jurnalistin-oldurulduyu-qaz-muqavilesi-haqda\\\/\",\"url\":\"https:\\\/\\\/www.meydan.tv\\\/az\\\/article\\\/malta-azerbaycan-yene-de-arasdirilmasi-zamani-maltali-jurnalistin-oldurulduyu-qaz-muqavilesi-haqda\\\/\",\"name\":\"Malta-Az\u0259rbaycan \u2013 yen\u0259 d\u0259 ara\u015fd\u0131r\u0131lmas\u0131 zaman\u0131 maltal\u0131 jurnalistin \u00f6ld\u00fcr\u00fcld\u00fcy\u00fc qaz m\u00fcqavil\u0259si haqda - MEYDAN.TV\",\"isPartOf\":{\"@id\":\"https:\\\/\\\/www.meydan.tv\\\/az\\\/#website\"},\"primaryImageOfPage\":{\"@id\":\"https:\\\/\\\/www.meydan.tv\\\/az\\\/article\\\/malta-azerbaycan-yene-de-arasdirilmasi-zamani-maltali-jurnalistin-oldurulduyu-qaz-muqavilesi-haqda\\\/#primaryimage\"},\"image\":{\"@id\":\"https:\\\/\\\/www.meydan.tv\\\/az\\\/article\\\/malta-azerbaycan-yene-de-arasdirilmasi-zamani-maltali-jurnalistin-oldurulduyu-qaz-muqavilesi-haqda\\\/#primaryimage\"},\"thumbnailUrl\":\"https:\\\/\\\/www.meydan.tv\\\/wp-content\\\/uploads\\\/da.png\",\"datePublished\":\"2019-12-04T05:51:31+00:00\",\"breadcrumb\":{\"@id\":\"https:\\\/\\\/www.meydan.tv\\\/az\\\/article\\\/malta-azerbaycan-yene-de-arasdirilmasi-zamani-maltali-jurnalistin-oldurulduyu-qaz-muqavilesi-haqda\\\/#breadcrumb\"},\"inLanguage\":\"az\",\"potentialAction\":[{\"@type\":\"ReadAction\",\"target\":[\"https:\\\/\\\/www.meydan.tv\\\/az\\\/article\\\/malta-azerbaycan-yene-de-arasdirilmasi-zamani-maltali-jurnalistin-oldurulduyu-qaz-muqavilesi-haqda\\\/\"]}]},{\"@type\":\"ImageObject\",\"inLanguage\":\"az\",\"@id\":\"https:\\\/\\\/www.meydan.tv\\\/az\\\/article\\\/malta-azerbaycan-yene-de-arasdirilmasi-zamani-maltali-jurnalistin-oldurulduyu-qaz-muqavilesi-haqda\\\/#primaryimage\",\"url\":\"https:\\\/\\\/www.meydan.tv\\\/wp-content\\\/uploads\\\/da.png\",\"contentUrl\":\"https:\\\/\\\/www.meydan.tv\\\/wp-content\\\/uploads\\\/da.png\",\"width\":780,\"height\":513,\"caption\":\"Source: Reuters\"},{\"@type\":\"BreadcrumbList\",\"@id\":\"https:\\\/\\\/www.meydan.tv\\\/az\\\/article\\\/malta-azerbaycan-yene-de-arasdirilmasi-zamani-maltali-jurnalistin-oldurulduyu-qaz-muqavilesi-haqda\\\/#breadcrumb\",\"itemListElement\":[{\"@type\":\"ListItem\",\"position\":1,\"name\":\"Ana s\u0259hif\u0259\",\"item\":\"https:\\\/\\\/www.meydan.tv\\\/az\\\/\"},{\"@type\":\"ListItem\",\"position\":2,\"name\":\"D\u00fcnya\",\"item\":\"https:\\\/\\\/www.meydan.tv\\\/az\\\/section\\\/dunya\\\/\"},{\"@type\":\"ListItem\",\"position\":3,\"name\":\"Malta-Az\u0259rbaycan \u2013 yen\u0259 d\u0259 ara\u015fd\u0131r\u0131lmas\u0131 zaman\u0131 maltal\u0131 jurnalistin \u00f6ld\u00fcr\u00fcld\u00fcy\u00fc qaz m\u00fcqavil\u0259si haqda\"}]},{\"@type\":\"WebSite\",\"@id\":\"https:\\\/\\\/www.meydan.tv\\\/az\\\/#website\",\"url\":\"https:\\\/\\\/www.meydan.tv\\\/az\\\/\",\"name\":\"MEYDAN.TV\",\"description\":\"Meydan TV Az\u0259rbaycan\u0131n media m\u0259kan\u0131ndak\u0131 alternativ s\u0259sidir\",\"publisher\":{\"@id\":\"https:\\\/\\\/www.meydan.tv\\\/az\\\/#organization\"},\"potentialAction\":[{\"@type\":\"SearchAction\",\"target\":{\"@type\":\"EntryPoint\",\"urlTemplate\":\"https:\\\/\\\/www.meydan.tv\\\/az\\\/?s={search_term_string}\"},\"query-input\":{\"@type\":\"PropertyValueSpecification\",\"valueRequired\":true,\"valueName\":\"search_term_string\"}}],\"inLanguage\":\"az\"},{\"@type\":\"Organization\",\"@id\":\"https:\\\/\\\/www.meydan.tv\\\/az\\\/#organization\",\"name\":\"Meydan TV\",\"url\":\"https:\\\/\\\/www.meydan.tv\\\/az\\\/\",\"logo\":{\"@type\":\"ImageObject\",\"inLanguage\":\"az\",\"@id\":\"https:\\\/\\\/www.meydan.tv\\\/az\\\/#\\\/schema\\\/logo\\\/image\\\/\",\"url\":\"https:\\\/\\\/www.meydan.tv\\\/wp-content\\\/uploads\\\/2021\\\/07\\\/meydan-logo.svg\",\"contentUrl\":\"https:\\\/\\\/www.meydan.tv\\\/wp-content\\\/uploads\\\/2021\\\/07\\\/meydan-logo.svg\",\"width\":195,\"height\":46,\"caption\":\"Meydan TV\"},\"image\":{\"@id\":\"https:\\\/\\\/www.meydan.tv\\\/az\\\/#\\\/schema\\\/logo\\\/image\\\/\"}},{\"@type\":\"Person\",\"@id\":\"https:\\\/\\\/www.meydan.tv\\\/az\\\/#\\\/schema\\\/person\\\/10d11eccf6da3662cf5fdab9806ea91a\",\"name\":\"user-manager\"}]}<\/script>\n<!-- \/ Yoast SEO plugin. -->","yoast_head_json":{"title":"Malta-Az\u0259rbaycan \u2013 yen\u0259 d\u0259 ara\u015fd\u0131r\u0131lmas\u0131 zaman\u0131 maltal\u0131 jurnalistin \u00f6ld\u00fcr\u00fcld\u00fcy\u00fc qaz m\u00fcqavil\u0259si haqda - MEYDAN.TV","robots":{"index":"index","follow":"follow","max-snippet":"max-snippet:-1","max-image-preview":"max-image-preview:large","max-video-preview":"max-video-preview:-1"},"canonical":"https:\/\/www.meydan.tv\/az\/article\/malta-azerbaycan-yene-de-arasdirilmasi-zamani-maltali-jurnalistin-oldurulduyu-qaz-muqavilesi-haqda\/","og_locale":"az_AZ","og_type":"article","og_title":"Malta-Az\u0259rbaycan \u2013 yen\u0259 d\u0259 ara\u015fd\u0131r\u0131lmas\u0131 zaman\u0131 maltal\u0131 jurnalistin \u00f6ld\u00fcr\u00fcld\u00fcy\u00fc qaz m\u00fcqavil\u0259si haqda - MEYDAN.TV","og_description":"Q\u0259tl\u0259 yetirilmi\u015f jurnalistin ail\u0259si \u2013 valideynl\u0259ri, \u0259ri, \u00fc\u00e7 o\u011flu v\u0259 bac\u0131lar\u0131 Malta, Az\u0259rbaycan v\u0259 Birl\u0259\u015fmi\u015f \u018fr\u0259b \u018fmirlikl\u0259ri aras\u0131nda ba\u011flanm\u0131\u015f sazi\u015fin ara\u015fd\u0131r\u0131lmas\u0131na Avropolun da c\u0259lb olunmas\u0131n\u0131 t\u0259l\u0259b edirl\u0259r.","og_url":"https:\/\/www.meydan.tv\/az\/article\/malta-azerbaycan-yene-de-arasdirilmasi-zamani-maltali-jurnalistin-oldurulduyu-qaz-muqavilesi-haqda\/","og_site_name":"MEYDAN.TV","article_published_time":"2019-12-04T05:51:31+00:00","og_image":[{"width":780,"height":513,"url":"https:\/\/www.meydan.tv\/wp-content\/uploads\/da.png","type":"image\/png"}],"author":"user-manager","twitter_card":"summary_large_image","schema":{"@context":"https:\/\/schema.org","@graph":[{"@type":"Article","@id":"https:\/\/www.meydan.tv\/az\/article\/malta-azerbaycan-yene-de-arasdirilmasi-zamani-maltali-jurnalistin-oldurulduyu-qaz-muqavilesi-haqda\/#article","isPartOf":{"@id":"https:\/\/www.meydan.tv\/az\/article\/malta-azerbaycan-yene-de-arasdirilmasi-zamani-maltali-jurnalistin-oldurulduyu-qaz-muqavilesi-haqda\/"},"author":{"name":"user-manager","@id":"https:\/\/www.meydan.tv\/az\/#\/schema\/person\/10d11eccf6da3662cf5fdab9806ea91a"},"headline":"Malta-Az\u0259rbaycan \u2013 yen\u0259 d\u0259 ara\u015fd\u0131r\u0131lmas\u0131 zaman\u0131 maltal\u0131 jurnalistin \u00f6ld\u00fcr\u00fcld\u00fcy\u00fc qaz m\u00fcqavil\u0259si haqda","datePublished":"2019-12-04T05:51:31+00:00","mainEntityOfPage":{"@id":"https:\/\/www.meydan.tv\/az\/article\/malta-azerbaycan-yene-de-arasdirilmasi-zamani-maltali-jurnalistin-oldurulduyu-qaz-muqavilesi-haqda\/"},"wordCount":1183,"publisher":{"@id":"https:\/\/www.meydan.tv\/az\/#organization"},"image":{"@id":"https:\/\/www.meydan.tv\/az\/article\/malta-azerbaycan-yene-de-arasdirilmasi-zamani-maltali-jurnalistin-oldurulduyu-qaz-muqavilesi-haqda\/#primaryimage"},"thumbnailUrl":"https:\/\/www.meydan.tv\/wp-content\/uploads\/da.png","articleSection":["D\u00fcnya"],"inLanguage":"az"},{"@type":"WebPage","@id":"https:\/\/www.meydan.tv\/az\/article\/malta-azerbaycan-yene-de-arasdirilmasi-zamani-maltali-jurnalistin-oldurulduyu-qaz-muqavilesi-haqda\/","url":"https:\/\/www.meydan.tv\/az\/article\/malta-azerbaycan-yene-de-arasdirilmasi-zamani-maltali-jurnalistin-oldurulduyu-qaz-muqavilesi-haqda\/","name":"Malta-Az\u0259rbaycan \u2013 yen\u0259 d\u0259 ara\u015fd\u0131r\u0131lmas\u0131 zaman\u0131 maltal\u0131 jurnalistin \u00f6ld\u00fcr\u00fcld\u00fcy\u00fc qaz m\u00fcqavil\u0259si haqda - MEYDAN.TV","isPartOf":{"@id":"https:\/\/www.meydan.tv\/az\/#website"},"primaryImageOfPage":{"@id":"https:\/\/www.meydan.tv\/az\/article\/malta-azerbaycan-yene-de-arasdirilmasi-zamani-maltali-jurnalistin-oldurulduyu-qaz-muqavilesi-haqda\/#primaryimage"},"image":{"@id":"https:\/\/www.meydan.tv\/az\/article\/malta-azerbaycan-yene-de-arasdirilmasi-zamani-maltali-jurnalistin-oldurulduyu-qaz-muqavilesi-haqda\/#primaryimage"},"thumbnailUrl":"https:\/\/www.meydan.tv\/wp-content\/uploads\/da.png","datePublished":"2019-12-04T05:51:31+00:00","breadcrumb":{"@id":"https:\/\/www.meydan.tv\/az\/article\/malta-azerbaycan-yene-de-arasdirilmasi-zamani-maltali-jurnalistin-oldurulduyu-qaz-muqavilesi-haqda\/#breadcrumb"},"inLanguage":"az","potentialAction":[{"@type":"ReadAction","target":["https:\/\/www.meydan.tv\/az\/article\/malta-azerbaycan-yene-de-arasdirilmasi-zamani-maltali-jurnalistin-oldurulduyu-qaz-muqavilesi-haqda\/"]}]},{"@type":"ImageObject","inLanguage":"az","@id":"https:\/\/www.meydan.tv\/az\/article\/malta-azerbaycan-yene-de-arasdirilmasi-zamani-maltali-jurnalistin-oldurulduyu-qaz-muqavilesi-haqda\/#primaryimage","url":"https:\/\/www.meydan.tv\/wp-content\/uploads\/da.png","contentUrl":"https:\/\/www.meydan.tv\/wp-content\/uploads\/da.png","width":780,"height":513,"caption":"Source: Reuters"},{"@type":"BreadcrumbList","@id":"https:\/\/www.meydan.tv\/az\/article\/malta-azerbaycan-yene-de-arasdirilmasi-zamani-maltali-jurnalistin-oldurulduyu-qaz-muqavilesi-haqda\/#breadcrumb","itemListElement":[{"@type":"ListItem","position":1,"name":"Ana s\u0259hif\u0259","item":"https:\/\/www.meydan.tv\/az\/"},{"@type":"ListItem","position":2,"name":"D\u00fcnya","item":"https:\/\/www.meydan.tv\/az\/section\/dunya\/"},{"@type":"ListItem","position":3,"name":"Malta-Az\u0259rbaycan \u2013 yen\u0259 d\u0259 ara\u015fd\u0131r\u0131lmas\u0131 zaman\u0131 maltal\u0131 jurnalistin \u00f6ld\u00fcr\u00fcld\u00fcy\u00fc qaz m\u00fcqavil\u0259si haqda"}]},{"@type":"WebSite","@id":"https:\/\/www.meydan.tv\/az\/#website","url":"https:\/\/www.meydan.tv\/az\/","name":"MEYDAN.TV","description":"Meydan TV Az\u0259rbaycan\u0131n media m\u0259kan\u0131ndak\u0131 alternativ s\u0259sidir","publisher":{"@id":"https:\/\/www.meydan.tv\/az\/#organization"},"potentialAction":[{"@type":"SearchAction","target":{"@type":"EntryPoint","urlTemplate":"https:\/\/www.meydan.tv\/az\/?s={search_term_string}"},"query-input":{"@type":"PropertyValueSpecification","valueRequired":true,"valueName":"search_term_string"}}],"inLanguage":"az"},{"@type":"Organization","@id":"https:\/\/www.meydan.tv\/az\/#organization","name":"Meydan TV","url":"https:\/\/www.meydan.tv\/az\/","logo":{"@type":"ImageObject","inLanguage":"az","@id":"https:\/\/www.meydan.tv\/az\/#\/schema\/logo\/image\/","url":"https:\/\/www.meydan.tv\/wp-content\/uploads\/2021\/07\/meydan-logo.svg","contentUrl":"https:\/\/www.meydan.tv\/wp-content\/uploads\/2021\/07\/meydan-logo.svg","width":195,"height":46,"caption":"Meydan TV"},"image":{"@id":"https:\/\/www.meydan.tv\/az\/#\/schema\/logo\/image\/"}},{"@type":"Person","@id":"https:\/\/www.meydan.tv\/az\/#\/schema\/person\/10d11eccf6da3662cf5fdab9806ea91a","name":"user-manager"}]}},"_links":{"self":[{"href":"https:\/\/www.meydan.tv\/az\/wp-json\/wp\/v2\/posts\/198217","targetHints":{"allow":["GET"]}}],"collection":[{"href":"https:\/\/www.meydan.tv\/az\/wp-json\/wp\/v2\/posts"}],"about":[{"href":"https:\/\/www.meydan.tv\/az\/wp-json\/wp\/v2\/types\/post"}],"author":[{"embeddable":true,"href":"https:\/\/www.meydan.tv\/az\/wp-json\/wp\/v2\/users\/11"}],"replies":[{"embeddable":true,"href":"https:\/\/www.meydan.tv\/az\/wp-json\/wp\/v2\/comments?post=198217"}],"version-history":[{"count":0,"href":"https:\/\/www.meydan.tv\/az\/wp-json\/wp\/v2\/posts\/198217\/revisions"}],"wp:featuredmedia":[{"embeddable":true,"href":"https:\/\/www.meydan.tv\/az\/wp-json\/wp\/v2\/media\/133922"}],"wp:attachment":[{"href":"https:\/\/www.meydan.tv\/az\/wp-json\/wp\/v2\/media?parent=198217"}],"wp:term":[{"taxonomy":"category","embeddable":true,"href":"https:\/\/www.meydan.tv\/az\/wp-json\/wp\/v2\/categories?post=198217"},{"taxonomy":"post_tag","embeddable":true,"href":"https:\/\/www.meydan.tv\/az\/wp-json\/wp\/v2\/tags?post=198217"}],"curies":[{"name":"wp","href":"https:\/\/api.w.org\/{rel}","templated":true}]}}