{"id":198211,"date":"2019-12-03T19:00:09","date_gmt":"2019-12-03T19:00:09","guid":{"rendered":"https:\/\/www.meydan.tv\/article\/almaniya-cecenin-oldurulmesinde-rusiyani-subheli-bilir\/"},"modified":"2019-12-03T19:00:09","modified_gmt":"2019-12-03T19:00:09","slug":"almaniya-cecenin-oldurulmesinde-rusiyani-subheli-bilir","status":"publish","type":"post","link":"https:\/\/www.meydan.tv\/az\/article\/almaniya-cecenin-oldurulmesinde-rusiyani-subheli-bilir\/","title":{"rendered":"Almaniya \u00e7e\u00e7enin \u00f6ld\u00fcr\u00fclm\u0259sind\u0259 Rusiyan\u0131 \u015f\u00fcbh\u0259li bilir"},"content":{"rendered":"<p>\n  <i><br \/>\n    Federal prokurorluq q\u0259tl\u0259 ba\u011fl\u0131 cinay\u0259t i\u015fin\u0259 baxacaq<br \/>\n  <\/i>\n<\/p>\n<p>\n  Alman Federal Prokurorlu\u011fu bu yay Berlind\u0259 \u00f6ld\u00fcr\u00fclm\u00fc\u015f bir etnik \u00e7e\u00e7en, G\u00fcrc\u00fcstan v\u0259t\u0259nda\u015f\u0131n\u0131n i\u015fin\u0259 baxma\u011fa haz\u0131rla\u015f\u0131r. RFE\/RL x\u0259b\u0259r verir ki, prokurorluq Rusiya k\u0259\u015ffiyyat\u0131n\u0131n q\u0259tld\u0259 \u0259linin oldu\u011funu d\u00fc\u015f\u00fcn\u00fcr.\n<\/p>\n<p>\n  \u018fvv\u0259ll\u0259r Rusiyan\u0131n \u00c7e\u00e7enistan b\u00f6lg\u0259sind\u0259 separat\u00e7\u0131larla birlikd\u0259 d\u00f6y\u00fc\u015f\u0259n 40 ya\u015fl\u0131 Zelimxan Xango\u015fvili avqust ay\u0131n\u0131n 23-d\u0259 Klayner Tiyerqarten (Kleiner Tiergarten) park\u0131nda iki d\u0259f\u0259 ba\u015f\u0131ndan vurulub.\n<\/p>\n<p>\n  Q\u0259tlin h\u0259yata ke\u00e7irilm\u0259sind\u0259 \u015f\u00fcbh\u0259li bilin\u0259n Rusiya v\u0259t\u0259nda\u015f\u0131 q\u0131sa m\u00fcdd\u0259t sonra h\u0259bs olunub.\n<\/p>\n<p>\n  \u201cFederal Prokurorluq Rusiya d\u00f6vl\u0259t qurumlar\u0131n\u0131 q\u0259tlin \u0259mrind\u0259 \u015f\u00fcbh\u0259li bilir\u201d, &#8211; alman h\u0259ft\u0259lik jurnal \u201cDer Spiegel\u201d bildirib. Qeyd edilib ki, federal prokurorluq yax\u0131n g\u00fcnl\u0259rd\u0259 laz\u0131mi add\u0131mlar atma\u011fa haz\u0131rla\u015f\u0131r.\n<\/p>\n<p>\n  Dig\u0259r alman medias\u0131 v\u0259 \u201dReuters\u201d h\u0259m\u00e7inin x\u0259b\u0259r verir ki, federal prokurorluq bu h\u0259ft\u0259 h\u0259r\u0259k\u0259t\u0259 ke\u00e7\u0259c\u0259k.\n<\/p>\n<p>\n  \u201cQ\u0259tlin arxas\u0131nda xarici bir k\u0259\u015ffiyyat orqan\u0131n\u0131n dayand\u0131\u011f\u0131na dair d\u0259lilimiz var\u201d, &#8211; \u201cReuters\u201d alman h\u00fcquq m\u0259nb\u0259sin\u0259 istinad ed\u0259r\u0259k qeyd edib.\n<\/p>\n<p>\n  Alman medias\u0131 Xango\u015fvilinin sui-q\u0259sdi il\u0259 ke\u00e7mi\u015f rus casusu Sergey Skripal\u0131n \u0130ngilt\u0259r\u0259d\u0259 z\u0259h\u0259rl\u0259nm\u0259si aras\u0131nda ox\u015farl\u0131\u011fa diqq\u0259t \u00e7\u0259kib.\n<\/p>\n<p>\n  Rusiya h\u0259r iki hadis\u0259d\u0259 d\u00f6vl\u0259tin i\u015ftirak\u0131n\u0131 r\u0259dd edib.\n<\/p>\n<p>\n  Xango\u015fvili 1999-2002-ci ill\u0259rd\u0259 \u0130kinci \u00c7e\u00e7en m\u00fcharib\u0259sind\u0259 komandir \u015eamil Basayevl\u0259 birlikd\u0259 rus milli q\u00fcvv\u0259l\u0259rin\u0259 qar\u015f\u0131 sava\u015f\u0131b. Onun ke\u00e7mi\u015f \u00c7e\u00e7enistan prezidenti Aslan Masxadovla yax\u0131n oldu\u011fu bildirilir.\n<\/p>\n<p>\n  \u201dDer Spiegel\u201d, Rusiyadak\u0131 \u201dThe \u0130nsider\u201d v\u0259 Britaniya onlayn ara\u015fd\u0131rmac\u0131 qurumu \u201dBellingcat\u201din ortaq ara\u015fd\u0131rmas\u0131na g\u00f6r\u0259, \u015f\u00fcbh\u0259li Vadim Adreyevi\u00e7 Sokolov ad\u0131 alt\u0131nda f\u0259aliyy\u0259t g\u00f6st\u0259rib. Bel\u0259 ki, o, Rusiya t\u0259hl\u00fck\u0259sizlik xidm\u0259ti, x\u00fcsus\u0259n d\u0259 GRU h\u0259rbi k\u0259\u015ffiyyat\u0131 il\u0259 \u0259laq\u0259li pasportdan istifad\u0259 edib.\n<\/p>\n<p>\n  Lakin \u015f\u00fcbh\u0259linin h\u0259qiqi kimliyi m\u0259lum deyil.\n<\/p>\n<p>\n  Rusiya milli pasport qeydiyyat \u015f\u00f6b\u0259sind\u0259 g\u00f6st\u0259ril\u0259n ad il\u0259 he\u00e7 kimin qeydiyyatda olmad\u0131\u011f\u0131 bildirilir.\n<\/p>\n<p>\n  \u201cBellingcat\u201d ara\u015fd\u0131rmas\u0131nda qeyd edilir ki, Rusiyan\u0131n GRU h\u0259rbi k\u0259\u015ffiyyat xidm\u0259tinin \u00fc\u00e7 r\u0259smisi Skripal v\u0259 q\u0131z\u0131n\u0131 y\u00fcks\u0259k z\u0259h\u0259rli sinir \u00f6ld\u00fcr\u00fcc\u00fc il\u0259 \u00f6ld\u00fcrm\u0259y\u0259 c\u0259hd edib.\n<\/p>\n<p>\n  \u0130ddia olunan \u00fc\u00e7 n\u0259f\u0259rd\u0259n ikisi dindirilm\u0259k \u00fc\u00e7\u00fcn axtar\u0131\u015fdad\u0131r. Skripal v\u0259 q\u0131z\u0131 \u00f6l\u00fcmd\u0259n qurtula bilib.<\/p>\n","protected":false},"excerpt":{"rendered":"<p>Federal prokurorluq q\u0259tl\u0259 ba\u011fl\u0131 cinay\u0259t i\u015fin\u0259 baxacaq<\/p>\n","protected":false},"author":11,"featured_media":100455,"comment_status":"closed","ping_status":"open","sticky":false,"template":"","format":"standard","meta":{"_acf_changed":false,"_sitemap_exclude":false,"_sitemap_priority":"","_sitemap_frequency":"","footnotes":""},"categories":[64],"tags":[],"class_list":["post-198211","post","type-post","status-publish","format-standard","has-post-thumbnail","hentry","category-dunya","infinite-scroll-item","generate-columns","tablet-grid-50","mobile-grid-100","grid-parent","grid-33","no-featured-image-padding"],"acf":[],"yoast_head":"<!-- This site is optimized with the Yoast SEO plugin v27.5 - https:\/\/yoast.com\/product\/yoast-seo-wordpress\/ -->\n<title>Almaniya \u00e7e\u00e7enin \u00f6ld\u00fcr\u00fclm\u0259sind\u0259 Rusiyan\u0131 \u015f\u00fcbh\u0259li bilir - MEYDAN.TV<\/title>\n<meta name=\"robots\" content=\"index, follow, max-snippet:-1, max-image-preview:large, max-video-preview:-1\" \/>\n<link rel=\"canonical\" href=\"https:\/\/www.meydan.tv\/az\/article\/almaniya-cecenin-oldurulmesinde-rusiyani-subheli-bilir\/\" \/>\n<meta property=\"og:locale\" content=\"az_AZ\" \/>\n<meta property=\"og:type\" content=\"article\" \/>\n<meta property=\"og:title\" content=\"Almaniya \u00e7e\u00e7enin \u00f6ld\u00fcr\u00fclm\u0259sind\u0259 Rusiyan\u0131 \u015f\u00fcbh\u0259li bilir - MEYDAN.TV\" \/>\n<meta property=\"og:description\" content=\"Federal prokurorluq q\u0259tl\u0259 ba\u011fl\u0131 cinay\u0259t i\u015fin\u0259 baxacaq\" \/>\n<meta property=\"og:url\" content=\"https:\/\/www.meydan.tv\/az\/article\/almaniya-cecenin-oldurulmesinde-rusiyani-subheli-bilir\/\" \/>\n<meta property=\"og:site_name\" content=\"MEYDAN.TV\" \/>\n<meta property=\"article:published_time\" content=\"2019-12-03T19:00:09+00:00\" \/>\n<meta property=\"og:image\" content=\"https:\/\/www.meydan.tv\/wp-content\/uploads\/39741.jpg\" \/>\n\t<meta property=\"og:image:width\" content=\"1024\" \/>\n\t<meta property=\"og:image:height\" content=\"768\" \/>\n\t<meta property=\"og:image:type\" content=\"image\/jpeg\" \/>\n<meta name=\"author\" content=\"user-manager\" \/>\n<meta name=\"twitter:card\" content=\"summary_large_image\" \/>\n<script type=\"application\/ld+json\" class=\"yoast-schema-graph\">{\"@context\":\"https:\\\/\\\/schema.org\",\"@graph\":[{\"@type\":\"Article\",\"@id\":\"https:\\\/\\\/www.meydan.tv\\\/az\\\/article\\\/almaniya-cecenin-oldurulmesinde-rusiyani-subheli-bilir\\\/#article\",\"isPartOf\":{\"@id\":\"https:\\\/\\\/www.meydan.tv\\\/az\\\/article\\\/almaniya-cecenin-oldurulmesinde-rusiyani-subheli-bilir\\\/\"},\"author\":{\"name\":\"user-manager\",\"@id\":\"https:\\\/\\\/www.meydan.tv\\\/az\\\/#\\\/schema\\\/person\\\/10d11eccf6da3662cf5fdab9806ea91a\"},\"headline\":\"Almaniya \u00e7e\u00e7enin \u00f6ld\u00fcr\u00fclm\u0259sind\u0259 Rusiyan\u0131 \u015f\u00fcbh\u0259li bilir\",\"datePublished\":\"2019-12-03T19:00:09+00:00\",\"mainEntityOfPage\":{\"@id\":\"https:\\\/\\\/www.meydan.tv\\\/az\\\/article\\\/almaniya-cecenin-oldurulmesinde-rusiyani-subheli-bilir\\\/\"},\"wordCount\":465,\"publisher\":{\"@id\":\"https:\\\/\\\/www.meydan.tv\\\/az\\\/#organization\"},\"image\":{\"@id\":\"https:\\\/\\\/www.meydan.tv\\\/az\\\/article\\\/almaniya-cecenin-oldurulmesinde-rusiyani-subheli-bilir\\\/#primaryimage\"},\"thumbnailUrl\":\"https:\\\/\\\/www.meydan.tv\\\/wp-content\\\/uploads\\\/39741.jpg\",\"articleSection\":[\"D\u00fcnya\"],\"inLanguage\":\"az\"},{\"@type\":\"WebPage\",\"@id\":\"https:\\\/\\\/www.meydan.tv\\\/az\\\/article\\\/almaniya-cecenin-oldurulmesinde-rusiyani-subheli-bilir\\\/\",\"url\":\"https:\\\/\\\/www.meydan.tv\\\/az\\\/article\\\/almaniya-cecenin-oldurulmesinde-rusiyani-subheli-bilir\\\/\",\"name\":\"Almaniya \u00e7e\u00e7enin \u00f6ld\u00fcr\u00fclm\u0259sind\u0259 Rusiyan\u0131 \u015f\u00fcbh\u0259li bilir - MEYDAN.TV\",\"isPartOf\":{\"@id\":\"https:\\\/\\\/www.meydan.tv\\\/az\\\/#website\"},\"primaryImageOfPage\":{\"@id\":\"https:\\\/\\\/www.meydan.tv\\\/az\\\/article\\\/almaniya-cecenin-oldurulmesinde-rusiyani-subheli-bilir\\\/#primaryimage\"},\"image\":{\"@id\":\"https:\\\/\\\/www.meydan.tv\\\/az\\\/article\\\/almaniya-cecenin-oldurulmesinde-rusiyani-subheli-bilir\\\/#primaryimage\"},\"thumbnailUrl\":\"https:\\\/\\\/www.meydan.tv\\\/wp-content\\\/uploads\\\/39741.jpg\",\"datePublished\":\"2019-12-03T19:00:09+00:00\",\"breadcrumb\":{\"@id\":\"https:\\\/\\\/www.meydan.tv\\\/az\\\/article\\\/almaniya-cecenin-oldurulmesinde-rusiyani-subheli-bilir\\\/#breadcrumb\"},\"inLanguage\":\"az\",\"potentialAction\":[{\"@type\":\"ReadAction\",\"target\":[\"https:\\\/\\\/www.meydan.tv\\\/az\\\/article\\\/almaniya-cecenin-oldurulmesinde-rusiyani-subheli-bilir\\\/\"]}]},{\"@type\":\"ImageObject\",\"inLanguage\":\"az\",\"@id\":\"https:\\\/\\\/www.meydan.tv\\\/az\\\/article\\\/almaniya-cecenin-oldurulmesinde-rusiyani-subheli-bilir\\\/#primaryimage\",\"url\":\"https:\\\/\\\/www.meydan.tv\\\/wp-content\\\/uploads\\\/39741.jpg\",\"contentUrl\":\"https:\\\/\\\/www.meydan.tv\\\/wp-content\\\/uploads\\\/39741.jpg\",\"width\":1024,\"height\":768,\"caption\":\"Source: arxiv\"},{\"@type\":\"BreadcrumbList\",\"@id\":\"https:\\\/\\\/www.meydan.tv\\\/az\\\/article\\\/almaniya-cecenin-oldurulmesinde-rusiyani-subheli-bilir\\\/#breadcrumb\",\"itemListElement\":[{\"@type\":\"ListItem\",\"position\":1,\"name\":\"Ana s\u0259hif\u0259\",\"item\":\"https:\\\/\\\/www.meydan.tv\\\/az\\\/\"},{\"@type\":\"ListItem\",\"position\":2,\"name\":\"D\u00fcnya\",\"item\":\"https:\\\/\\\/www.meydan.tv\\\/az\\\/section\\\/dunya\\\/\"},{\"@type\":\"ListItem\",\"position\":3,\"name\":\"Almaniya \u00e7e\u00e7enin \u00f6ld\u00fcr\u00fclm\u0259sind\u0259 Rusiyan\u0131 \u015f\u00fcbh\u0259li bilir\"}]},{\"@type\":\"WebSite\",\"@id\":\"https:\\\/\\\/www.meydan.tv\\\/az\\\/#website\",\"url\":\"https:\\\/\\\/www.meydan.tv\\\/az\\\/\",\"name\":\"MEYDAN.TV\",\"description\":\"Meydan TV Az\u0259rbaycan\u0131n media m\u0259kan\u0131ndak\u0131 alternativ s\u0259sidir\",\"publisher\":{\"@id\":\"https:\\\/\\\/www.meydan.tv\\\/az\\\/#organization\"},\"potentialAction\":[{\"@type\":\"SearchAction\",\"target\":{\"@type\":\"EntryPoint\",\"urlTemplate\":\"https:\\\/\\\/www.meydan.tv\\\/az\\\/?s={search_term_string}\"},\"query-input\":{\"@type\":\"PropertyValueSpecification\",\"valueRequired\":true,\"valueName\":\"search_term_string\"}}],\"inLanguage\":\"az\"},{\"@type\":\"Organization\",\"@id\":\"https:\\\/\\\/www.meydan.tv\\\/az\\\/#organization\",\"name\":\"Meydan TV\",\"url\":\"https:\\\/\\\/www.meydan.tv\\\/az\\\/\",\"logo\":{\"@type\":\"ImageObject\",\"inLanguage\":\"az\",\"@id\":\"https:\\\/\\\/www.meydan.tv\\\/az\\\/#\\\/schema\\\/logo\\\/image\\\/\",\"url\":\"https:\\\/\\\/www.meydan.tv\\\/wp-content\\\/uploads\\\/2021\\\/07\\\/meydan-logo.svg\",\"contentUrl\":\"https:\\\/\\\/www.meydan.tv\\\/wp-content\\\/uploads\\\/2021\\\/07\\\/meydan-logo.svg\",\"width\":195,\"height\":46,\"caption\":\"Meydan TV\"},\"image\":{\"@id\":\"https:\\\/\\\/www.meydan.tv\\\/az\\\/#\\\/schema\\\/logo\\\/image\\\/\"}},{\"@type\":\"Person\",\"@id\":\"https:\\\/\\\/www.meydan.tv\\\/az\\\/#\\\/schema\\\/person\\\/10d11eccf6da3662cf5fdab9806ea91a\",\"name\":\"user-manager\"}]}<\/script>\n<!-- \/ Yoast SEO plugin. -->","yoast_head_json":{"title":"Almaniya \u00e7e\u00e7enin \u00f6ld\u00fcr\u00fclm\u0259sind\u0259 Rusiyan\u0131 \u015f\u00fcbh\u0259li bilir - MEYDAN.TV","robots":{"index":"index","follow":"follow","max-snippet":"max-snippet:-1","max-image-preview":"max-image-preview:large","max-video-preview":"max-video-preview:-1"},"canonical":"https:\/\/www.meydan.tv\/az\/article\/almaniya-cecenin-oldurulmesinde-rusiyani-subheli-bilir\/","og_locale":"az_AZ","og_type":"article","og_title":"Almaniya \u00e7e\u00e7enin \u00f6ld\u00fcr\u00fclm\u0259sind\u0259 Rusiyan\u0131 \u015f\u00fcbh\u0259li bilir - MEYDAN.TV","og_description":"Federal prokurorluq q\u0259tl\u0259 ba\u011fl\u0131 cinay\u0259t i\u015fin\u0259 baxacaq","og_url":"https:\/\/www.meydan.tv\/az\/article\/almaniya-cecenin-oldurulmesinde-rusiyani-subheli-bilir\/","og_site_name":"MEYDAN.TV","article_published_time":"2019-12-03T19:00:09+00:00","og_image":[{"width":1024,"height":768,"url":"https:\/\/www.meydan.tv\/wp-content\/uploads\/39741.jpg","type":"image\/jpeg"}],"author":"user-manager","twitter_card":"summary_large_image","schema":{"@context":"https:\/\/schema.org","@graph":[{"@type":"Article","@id":"https:\/\/www.meydan.tv\/az\/article\/almaniya-cecenin-oldurulmesinde-rusiyani-subheli-bilir\/#article","isPartOf":{"@id":"https:\/\/www.meydan.tv\/az\/article\/almaniya-cecenin-oldurulmesinde-rusiyani-subheli-bilir\/"},"author":{"name":"user-manager","@id":"https:\/\/www.meydan.tv\/az\/#\/schema\/person\/10d11eccf6da3662cf5fdab9806ea91a"},"headline":"Almaniya \u00e7e\u00e7enin \u00f6ld\u00fcr\u00fclm\u0259sind\u0259 Rusiyan\u0131 \u015f\u00fcbh\u0259li bilir","datePublished":"2019-12-03T19:00:09+00:00","mainEntityOfPage":{"@id":"https:\/\/www.meydan.tv\/az\/article\/almaniya-cecenin-oldurulmesinde-rusiyani-subheli-bilir\/"},"wordCount":465,"publisher":{"@id":"https:\/\/www.meydan.tv\/az\/#organization"},"image":{"@id":"https:\/\/www.meydan.tv\/az\/article\/almaniya-cecenin-oldurulmesinde-rusiyani-subheli-bilir\/#primaryimage"},"thumbnailUrl":"https:\/\/www.meydan.tv\/wp-content\/uploads\/39741.jpg","articleSection":["D\u00fcnya"],"inLanguage":"az"},{"@type":"WebPage","@id":"https:\/\/www.meydan.tv\/az\/article\/almaniya-cecenin-oldurulmesinde-rusiyani-subheli-bilir\/","url":"https:\/\/www.meydan.tv\/az\/article\/almaniya-cecenin-oldurulmesinde-rusiyani-subheli-bilir\/","name":"Almaniya \u00e7e\u00e7enin \u00f6ld\u00fcr\u00fclm\u0259sind\u0259 Rusiyan\u0131 \u015f\u00fcbh\u0259li bilir - MEYDAN.TV","isPartOf":{"@id":"https:\/\/www.meydan.tv\/az\/#website"},"primaryImageOfPage":{"@id":"https:\/\/www.meydan.tv\/az\/article\/almaniya-cecenin-oldurulmesinde-rusiyani-subheli-bilir\/#primaryimage"},"image":{"@id":"https:\/\/www.meydan.tv\/az\/article\/almaniya-cecenin-oldurulmesinde-rusiyani-subheli-bilir\/#primaryimage"},"thumbnailUrl":"https:\/\/www.meydan.tv\/wp-content\/uploads\/39741.jpg","datePublished":"2019-12-03T19:00:09+00:00","breadcrumb":{"@id":"https:\/\/www.meydan.tv\/az\/article\/almaniya-cecenin-oldurulmesinde-rusiyani-subheli-bilir\/#breadcrumb"},"inLanguage":"az","potentialAction":[{"@type":"ReadAction","target":["https:\/\/www.meydan.tv\/az\/article\/almaniya-cecenin-oldurulmesinde-rusiyani-subheli-bilir\/"]}]},{"@type":"ImageObject","inLanguage":"az","@id":"https:\/\/www.meydan.tv\/az\/article\/almaniya-cecenin-oldurulmesinde-rusiyani-subheli-bilir\/#primaryimage","url":"https:\/\/www.meydan.tv\/wp-content\/uploads\/39741.jpg","contentUrl":"https:\/\/www.meydan.tv\/wp-content\/uploads\/39741.jpg","width":1024,"height":768,"caption":"Source: arxiv"},{"@type":"BreadcrumbList","@id":"https:\/\/www.meydan.tv\/az\/article\/almaniya-cecenin-oldurulmesinde-rusiyani-subheli-bilir\/#breadcrumb","itemListElement":[{"@type":"ListItem","position":1,"name":"Ana s\u0259hif\u0259","item":"https:\/\/www.meydan.tv\/az\/"},{"@type":"ListItem","position":2,"name":"D\u00fcnya","item":"https:\/\/www.meydan.tv\/az\/section\/dunya\/"},{"@type":"ListItem","position":3,"name":"Almaniya \u00e7e\u00e7enin \u00f6ld\u00fcr\u00fclm\u0259sind\u0259 Rusiyan\u0131 \u015f\u00fcbh\u0259li bilir"}]},{"@type":"WebSite","@id":"https:\/\/www.meydan.tv\/az\/#website","url":"https:\/\/www.meydan.tv\/az\/","name":"MEYDAN.TV","description":"Meydan TV Az\u0259rbaycan\u0131n media m\u0259kan\u0131ndak\u0131 alternativ s\u0259sidir","publisher":{"@id":"https:\/\/www.meydan.tv\/az\/#organization"},"potentialAction":[{"@type":"SearchAction","target":{"@type":"EntryPoint","urlTemplate":"https:\/\/www.meydan.tv\/az\/?s={search_term_string}"},"query-input":{"@type":"PropertyValueSpecification","valueRequired":true,"valueName":"search_term_string"}}],"inLanguage":"az"},{"@type":"Organization","@id":"https:\/\/www.meydan.tv\/az\/#organization","name":"Meydan TV","url":"https:\/\/www.meydan.tv\/az\/","logo":{"@type":"ImageObject","inLanguage":"az","@id":"https:\/\/www.meydan.tv\/az\/#\/schema\/logo\/image\/","url":"https:\/\/www.meydan.tv\/wp-content\/uploads\/2021\/07\/meydan-logo.svg","contentUrl":"https:\/\/www.meydan.tv\/wp-content\/uploads\/2021\/07\/meydan-logo.svg","width":195,"height":46,"caption":"Meydan TV"},"image":{"@id":"https:\/\/www.meydan.tv\/az\/#\/schema\/logo\/image\/"}},{"@type":"Person","@id":"https:\/\/www.meydan.tv\/az\/#\/schema\/person\/10d11eccf6da3662cf5fdab9806ea91a","name":"user-manager"}]}},"_links":{"self":[{"href":"https:\/\/www.meydan.tv\/az\/wp-json\/wp\/v2\/posts\/198211","targetHints":{"allow":["GET"]}}],"collection":[{"href":"https:\/\/www.meydan.tv\/az\/wp-json\/wp\/v2\/posts"}],"about":[{"href":"https:\/\/www.meydan.tv\/az\/wp-json\/wp\/v2\/types\/post"}],"author":[{"embeddable":true,"href":"https:\/\/www.meydan.tv\/az\/wp-json\/wp\/v2\/users\/11"}],"replies":[{"embeddable":true,"href":"https:\/\/www.meydan.tv\/az\/wp-json\/wp\/v2\/comments?post=198211"}],"version-history":[{"count":0,"href":"https:\/\/www.meydan.tv\/az\/wp-json\/wp\/v2\/posts\/198211\/revisions"}],"wp:featuredmedia":[{"embeddable":true,"href":"https:\/\/www.meydan.tv\/az\/wp-json\/wp\/v2\/media\/100455"}],"wp:attachment":[{"href":"https:\/\/www.meydan.tv\/az\/wp-json\/wp\/v2\/media?parent=198211"}],"wp:term":[{"taxonomy":"category","embeddable":true,"href":"https:\/\/www.meydan.tv\/az\/wp-json\/wp\/v2\/categories?post=198211"},{"taxonomy":"post_tag","embeddable":true,"href":"https:\/\/www.meydan.tv\/az\/wp-json\/wp\/v2\/tags?post=198211"}],"curies":[{"name":"wp","href":"https:\/\/api.w.org\/{rel}","templated":true}]}}