{"id":198197,"date":"2019-12-02T19:03:12","date_gmt":"2019-12-02T19:03:12","guid":{"rendered":"https:\/\/www.meydan.tv\/article\/navalninin-fondu-azerbaycanli-teleaparicinin-emlakini-arasdirib\/"},"modified":"2019-12-02T19:03:12","modified_gmt":"2019-12-02T19:03:12","slug":"navalninin-fondu-azerbaycanli-teleaparicinin-emlakini-arasdirib","status":"publish","type":"post","link":"https:\/\/www.meydan.tv\/az\/article\/navalninin-fondu-azerbaycanli-teleaparicinin-emlakini-arasdirib\/","title":{"rendered":"Navaln\u0131n\u0131n fondu az\u0259rbaycanl\u0131 teleapar\u0131c\u0131n\u0131n \u0259mlak\u0131n\u0131 ara\u015fd\u0131r\u0131b"},"content":{"rendered":"<p>\n  <i><br \/>\n    Nail\u0259 \u018fsg\u0259rzad\u0259nin jeti, yaxtas\u0131 haqda m\u0259lumatlar var<br \/>\n  <\/i>\n<\/p>\n<p>\n  Navaln\u0131 VTB r\u0259hb\u0259ri il\u0259 \u201c\u0259laq\u0259si olan\u201d teleapar\u0131c\u0131 \u018fsg\u0259rzad\u0259nin jet, yaxtas\u0131 haqda m\u0259lumat verib.\n<\/p>\n<p>\n  Aleksey Navaln\u0131n\u0131n Korrupsiyaya Qar\u015f\u0131 M\u00fcbariz\u0259 Fondu (KMF) Rusiya D\u00f6vl\u0259t Televiziyas\u0131n\u0131n apar\u0131c\u0131s\u0131 Nail\u0259 \u018fsg\u0259rzad\u0259nin \u201cBombardier Global 6000&quot; biznes jet v\u0259 62 metrlik SEA&amp;Us yaxtas\u0131ndan istifad\u0259 etdiyini a\u015fkar edib, &#8211; \u201cCurrent Time\u201d x\u0259b\u0259r verir.\n<\/p>\n<p>\n  KMF \u0259m\u0259kda\u015flar\u0131 jurnalistin \u201c\u0130nstagram\u201d hesab\u0131ndak\u0131 \u015f\u0259kill\u0259rini t\u0259yyar\u0259l\u0259rin v\u0259 g\u0259mil\u0259rin h\u0259r\u0259k\u0259ti haqq\u0131nda a\u00e7\u0131q m\u0259lumatlarla m\u00fcqayis\u0259 edibl\u0259r. Onlar h\u0259m\u00e7inin bildiribl\u0259r ki, yaxtan\u0131n foto\u015f\u0259kill\u0259ri Barselona liman\u0131nda park ed\u0259rk\u0259n \u00e7\u0259kilib.\n<\/p>\n<p>\n  Biznes jetin haz\u0131rda Belizd\u0259 of\u015for \u015firk\u0259td\u0259 qeydiyyatdan ke\u00e7diy bildirilir, lakin jetin m\u0259nf\u0259\u0259tdarlar\u0131 b\u0259lli deyil. T\u0259yyar\u0259nin \u0259vv\u0259lki sahibi VTB Bank\u0131n strukturlar\u0131ndan birinin sahibi olub\n<\/p>\n<p>\n  \u201cBombardier Global 6000\u201din qiym\u0259ti t\u0259xmin\u0259n 60 milyon dollard\u0131r. (KMF is\u0259 Bombardier Global 6000-in icar\u0259y\u0259 g\u00f6t\u00fcr\u00fcl\u0259 bil\u0259c\u0259yini qeyd edir. Onun icar\u0259 qiym\u0259ti, istintaqda qeyd edilir ki, u\u00e7u\u015fun h\u0259r saat\u0131na 559 min rubl t\u0259\u015fkil edir). Yaxta of\u015forda da qeydiyyatdad\u0131r, d\u0259y\u0259ri 62 milyon dollard\u0131r.\n<\/p>\n<p>\n  Navaln\u0131 qeyd edib ki, \u018fsg\u0259rzad\u0259nin jet v\u0259 yaxtadan istifad\u0259si VTB r\u0259hb\u0259ri Andrey Kostin il\u0259 ya\u015fad\u0131\u011f\u0131 x\u00fcsusi \u201cm\u00fcnasib\u0259t\u201d s\u0259b\u0259bind\u0259ndir.\n<\/p>\n<p>\n  \u201cNail\u0259 \u018fsg\u0259rzad\u0259 buna b\u0259nz\u0259r \u015feyi \u00f6z\u00fc ala bilm\u0259z. O, d\u00f6vl\u0259t telekanal\u0131 Rossiya 1-d\u0259 apar\u0131c\u0131 i\u015fl\u0259yir. O, n\u0259 Solovevdir, n\u0259 d\u0259 Kiselev, d\u00f6vl\u0259t t\u0259bli\u011fat\u0131n\u0131n ulduzu is\u0259 he\u00e7 deyil\u201d, &#8211; Navaln\u0131 vur\u011fulay\u0131b. M\u00fcxalif\u0259t is\u0259 bildirir ki, Kostinin VTB-d\u0259ki maa\u015f\u0131 da yaxtan\u0131 saxlamaq \u00fc\u00e7\u00fcn kifay\u0259t deyil.\n<\/p>\n<p>\n  KMF-nin ara\u015fd\u0131rmas\u0131 Nail\u0259 \u018fsg\u0259rzad\u0259y\u0259 m\u0259xsus da\u015f\u0131nmaz \u0259mlak bar\u0259d\u0259 d\u0259 m\u0259lumat verir. Bel\u0259 ki, Da\u015f\u0131nmaz \u018fmlak\u0131n Vahid D\u00f6vl\u0259t Reyestrind\u0259n iki \u00e7\u0131xar\u0131\u015fda qeyd edilir ki, 2015-ci ild\u0259n b\u0259ri Nail\u0259 Vaqif q\u0131z\u0131 \u018fsg\u0259rzad\u0259 Moskva \u0259traf\u0131ndak\u0131 Jukovka-3 kotec q\u0259s\u0259b\u0259sind\u0259 53 sot torpaq sah\u0259sin\u0259 v\u0259 sah\u0259si 923 kvadratmetr olan ev\u0259 sahibdir.\n<\/p>\n<p>\n  H\u0259m\u00e7inin onun Moskvada \u201cNovaya Ostojenka\u201d ya\u015fay\u0131\u015f kompleksind\u0259 iki m\u0259nzil\u0259 sahib oldu\u011fu qeyd edilir. KMF \u0259ld\u0259 etdiyi da\u015f\u0131nmaz \u0259mlak reyestrind\u0259n iki \u00e7\u0131xar\u0131\u015fda bildirilir ki, 2011-ci ild\u0259 \u018fsg\u0259rzad\u0259 sah\u0259si 229 kvadratmetr olan m\u0259nzilin sahibi olub, 2014-c\u00fc ild\u0259 is\u0259 155 metrlik bir m\u0259nzill\u0259r\u0259 yiy\u0259l\u0259nib.\n<\/p>\n<p>\n  KMF qeyd edir ki, 2019-cu ilin aprel ay\u0131nda mediaya n\u0259zar\u0259t ed\u0259n Roskomnadzor Rusiyan\u0131n VTB d\u00f6vl\u0259t bank\u0131 v\u0259 onun r\u0259hb\u0259ri Andrey Kostin, habel\u0259 Nail\u0259 \u018fsg\u0259rzad\u0259 haqda m\u0259lumatlar\u0131n ke\u00e7diyi min\u0259d\u0259k internet resursuna \u00e7\u0131x\u0131\u015f\u0131 bloklay\u0131b.\n<\/p>\n<p>\n  Aprelin 4-d\u0259 Baza n\u0259\u015fri bildirib ki, \u201cYandeks.Dzen\u201d \u0259vv\u0259lc\u0259 VTB-y\u0259, sonra is\u0259 Nail\u0259 \u018fsg\u0259rzad\u0259y\u0259 m\u0259xsus olan y\u00fcz milyonlarla dollarl\u0131q m\u0259nzil bar\u0259d\u0259 ara\u015fd\u0131rman\u0131 silib.\n<\/p>\n<p>\n  M\u0259qal\u0259d\u0259 deyilirdi ki, \u018fsg\u0259rzad\u0259 bu m\u0259nzil\u0259 VTB r\u0259hb\u0259ri il\u0259 m\u00fcnasib\u0259tl\u0259ri say\u0259sind\u0259 sahibl\u0259n\u0259 bil\u0259rdi.<\/p>\n","protected":false},"excerpt":{"rendered":"<p>Nail\u0259 \u018fsg\u0259rzad\u0259nin jeti, yaxtas\u0131 haqda m\u0259lumatlar var<\/p>\n","protected":false},"author":11,"featured_media":133870,"comment_status":"closed","ping_status":"open","sticky":false,"template":"","format":"standard","meta":{"_acf_changed":false,"_sitemap_exclude":false,"_sitemap_priority":"","_sitemap_frequency":"","footnotes":""},"categories":[64],"tags":[],"class_list":["post-198197","post","type-post","status-publish","format-standard","has-post-thumbnail","hentry","category-dunya","infinite-scroll-item","generate-columns","tablet-grid-50","mobile-grid-100","grid-parent","grid-33","no-featured-image-padding"],"acf":[],"yoast_head":"<!-- This site is optimized with the Yoast SEO plugin v27.5 - https:\/\/yoast.com\/product\/yoast-seo-wordpress\/ -->\n<title>Navaln\u0131n\u0131n fondu az\u0259rbaycanl\u0131 teleapar\u0131c\u0131n\u0131n \u0259mlak\u0131n\u0131 ara\u015fd\u0131r\u0131b - MEYDAN.TV<\/title>\n<meta name=\"robots\" content=\"index, follow, max-snippet:-1, max-image-preview:large, max-video-preview:-1\" \/>\n<link rel=\"canonical\" href=\"https:\/\/www.meydan.tv\/az\/article\/navalninin-fondu-azerbaycanli-teleaparicinin-emlakini-arasdirib\/\" \/>\n<meta property=\"og:locale\" content=\"az_AZ\" \/>\n<meta property=\"og:type\" content=\"article\" \/>\n<meta property=\"og:title\" content=\"Navaln\u0131n\u0131n fondu az\u0259rbaycanl\u0131 teleapar\u0131c\u0131n\u0131n \u0259mlak\u0131n\u0131 ara\u015fd\u0131r\u0131b - MEYDAN.TV\" \/>\n<meta property=\"og:description\" content=\"Nail\u0259 \u018fsg\u0259rzad\u0259nin jeti, yaxtas\u0131 haqda m\u0259lumatlar var\" \/>\n<meta property=\"og:url\" content=\"https:\/\/www.meydan.tv\/az\/article\/navalninin-fondu-azerbaycanli-teleaparicinin-emlakini-arasdirib\/\" \/>\n<meta property=\"og:site_name\" content=\"MEYDAN.TV\" \/>\n<meta property=\"article:published_time\" content=\"2019-12-02T19:03:12+00:00\" \/>\n<meta property=\"og:image\" content=\"https:\/\/www.meydan.tv\/wp-content\/uploads\/bf442f079ac61c361e49432089ed3dcb_1527484866_untitled-1-recovered-1440-c-90.jpg\" \/>\n\t<meta property=\"og:image:width\" content=\"1440\" \/>\n\t<meta property=\"og:image:height\" content=\"720\" \/>\n\t<meta property=\"og:image:type\" content=\"image\/jpeg\" \/>\n<meta name=\"author\" content=\"user-manager\" \/>\n<meta name=\"twitter:card\" content=\"summary_large_image\" \/>\n<script type=\"application\/ld+json\" class=\"yoast-schema-graph\">{\"@context\":\"https:\\\/\\\/schema.org\",\"@graph\":[{\"@type\":\"Article\",\"@id\":\"https:\\\/\\\/www.meydan.tv\\\/az\\\/article\\\/navalninin-fondu-azerbaycanli-teleaparicinin-emlakini-arasdirib\\\/#article\",\"isPartOf\":{\"@id\":\"https:\\\/\\\/www.meydan.tv\\\/az\\\/article\\\/navalninin-fondu-azerbaycanli-teleaparicinin-emlakini-arasdirib\\\/\"},\"author\":{\"name\":\"user-manager\",\"@id\":\"https:\\\/\\\/www.meydan.tv\\\/az\\\/#\\\/schema\\\/person\\\/10d11eccf6da3662cf5fdab9806ea91a\"},\"headline\":\"Navaln\u0131n\u0131n fondu az\u0259rbaycanl\u0131 teleapar\u0131c\u0131n\u0131n \u0259mlak\u0131n\u0131 ara\u015fd\u0131r\u0131b\",\"datePublished\":\"2019-12-02T19:03:12+00:00\",\"mainEntityOfPage\":{\"@id\":\"https:\\\/\\\/www.meydan.tv\\\/az\\\/article\\\/navalninin-fondu-azerbaycanli-teleaparicinin-emlakini-arasdirib\\\/\"},\"wordCount\":563,\"publisher\":{\"@id\":\"https:\\\/\\\/www.meydan.tv\\\/az\\\/#organization\"},\"image\":{\"@id\":\"https:\\\/\\\/www.meydan.tv\\\/az\\\/article\\\/navalninin-fondu-azerbaycanli-teleaparicinin-emlakini-arasdirib\\\/#primaryimage\"},\"thumbnailUrl\":\"https:\\\/\\\/www.meydan.tv\\\/wp-content\\\/uploads\\\/bf442f079ac61c361e49432089ed3dcb_1527484866_untitled-1-recovered-1440-c-90.jpg\",\"articleSection\":[\"D\u00fcnya\"],\"inLanguage\":\"az\"},{\"@type\":\"WebPage\",\"@id\":\"https:\\\/\\\/www.meydan.tv\\\/az\\\/article\\\/navalninin-fondu-azerbaycanli-teleaparicinin-emlakini-arasdirib\\\/\",\"url\":\"https:\\\/\\\/www.meydan.tv\\\/az\\\/article\\\/navalninin-fondu-azerbaycanli-teleaparicinin-emlakini-arasdirib\\\/\",\"name\":\"Navaln\u0131n\u0131n fondu az\u0259rbaycanl\u0131 teleapar\u0131c\u0131n\u0131n \u0259mlak\u0131n\u0131 ara\u015fd\u0131r\u0131b - MEYDAN.TV\",\"isPartOf\":{\"@id\":\"https:\\\/\\\/www.meydan.tv\\\/az\\\/#website\"},\"primaryImageOfPage\":{\"@id\":\"https:\\\/\\\/www.meydan.tv\\\/az\\\/article\\\/navalninin-fondu-azerbaycanli-teleaparicinin-emlakini-arasdirib\\\/#primaryimage\"},\"image\":{\"@id\":\"https:\\\/\\\/www.meydan.tv\\\/az\\\/article\\\/navalninin-fondu-azerbaycanli-teleaparicinin-emlakini-arasdirib\\\/#primaryimage\"},\"thumbnailUrl\":\"https:\\\/\\\/www.meydan.tv\\\/wp-content\\\/uploads\\\/bf442f079ac61c361e49432089ed3dcb_1527484866_untitled-1-recovered-1440-c-90.jpg\",\"datePublished\":\"2019-12-02T19:03:12+00:00\",\"breadcrumb\":{\"@id\":\"https:\\\/\\\/www.meydan.tv\\\/az\\\/article\\\/navalninin-fondu-azerbaycanli-teleaparicinin-emlakini-arasdirib\\\/#breadcrumb\"},\"inLanguage\":\"az\",\"potentialAction\":[{\"@type\":\"ReadAction\",\"target\":[\"https:\\\/\\\/www.meydan.tv\\\/az\\\/article\\\/navalninin-fondu-azerbaycanli-teleaparicinin-emlakini-arasdirib\\\/\"]}]},{\"@type\":\"ImageObject\",\"inLanguage\":\"az\",\"@id\":\"https:\\\/\\\/www.meydan.tv\\\/az\\\/article\\\/navalninin-fondu-azerbaycanli-teleaparicinin-emlakini-arasdirib\\\/#primaryimage\",\"url\":\"https:\\\/\\\/www.meydan.tv\\\/wp-content\\\/uploads\\\/bf442f079ac61c361e49432089ed3dcb_1527484866_untitled-1-recovered-1440-c-90.jpg\",\"contentUrl\":\"https:\\\/\\\/www.meydan.tv\\\/wp-content\\\/uploads\\\/bf442f079ac61c361e49432089ed3dcb_1527484866_untitled-1-recovered-1440-c-90.jpg\",\"width\":1440,\"height\":720,\"caption\":\"Source: Meydan TV\"},{\"@type\":\"BreadcrumbList\",\"@id\":\"https:\\\/\\\/www.meydan.tv\\\/az\\\/article\\\/navalninin-fondu-azerbaycanli-teleaparicinin-emlakini-arasdirib\\\/#breadcrumb\",\"itemListElement\":[{\"@type\":\"ListItem\",\"position\":1,\"name\":\"Ana s\u0259hif\u0259\",\"item\":\"https:\\\/\\\/www.meydan.tv\\\/az\\\/\"},{\"@type\":\"ListItem\",\"position\":2,\"name\":\"D\u00fcnya\",\"item\":\"https:\\\/\\\/www.meydan.tv\\\/az\\\/section\\\/dunya\\\/\"},{\"@type\":\"ListItem\",\"position\":3,\"name\":\"Navaln\u0131n\u0131n fondu az\u0259rbaycanl\u0131 teleapar\u0131c\u0131n\u0131n \u0259mlak\u0131n\u0131 ara\u015fd\u0131r\u0131b\"}]},{\"@type\":\"WebSite\",\"@id\":\"https:\\\/\\\/www.meydan.tv\\\/az\\\/#website\",\"url\":\"https:\\\/\\\/www.meydan.tv\\\/az\\\/\",\"name\":\"MEYDAN.TV\",\"description\":\"Meydan TV Az\u0259rbaycan\u0131n media m\u0259kan\u0131ndak\u0131 alternativ s\u0259sidir\",\"publisher\":{\"@id\":\"https:\\\/\\\/www.meydan.tv\\\/az\\\/#organization\"},\"potentialAction\":[{\"@type\":\"SearchAction\",\"target\":{\"@type\":\"EntryPoint\",\"urlTemplate\":\"https:\\\/\\\/www.meydan.tv\\\/az\\\/?s={search_term_string}\"},\"query-input\":{\"@type\":\"PropertyValueSpecification\",\"valueRequired\":true,\"valueName\":\"search_term_string\"}}],\"inLanguage\":\"az\"},{\"@type\":\"Organization\",\"@id\":\"https:\\\/\\\/www.meydan.tv\\\/az\\\/#organization\",\"name\":\"Meydan TV\",\"url\":\"https:\\\/\\\/www.meydan.tv\\\/az\\\/\",\"logo\":{\"@type\":\"ImageObject\",\"inLanguage\":\"az\",\"@id\":\"https:\\\/\\\/www.meydan.tv\\\/az\\\/#\\\/schema\\\/logo\\\/image\\\/\",\"url\":\"https:\\\/\\\/www.meydan.tv\\\/wp-content\\\/uploads\\\/2021\\\/07\\\/meydan-logo.svg\",\"contentUrl\":\"https:\\\/\\\/www.meydan.tv\\\/wp-content\\\/uploads\\\/2021\\\/07\\\/meydan-logo.svg\",\"width\":195,\"height\":46,\"caption\":\"Meydan TV\"},\"image\":{\"@id\":\"https:\\\/\\\/www.meydan.tv\\\/az\\\/#\\\/schema\\\/logo\\\/image\\\/\"}},{\"@type\":\"Person\",\"@id\":\"https:\\\/\\\/www.meydan.tv\\\/az\\\/#\\\/schema\\\/person\\\/10d11eccf6da3662cf5fdab9806ea91a\",\"name\":\"user-manager\"}]}<\/script>\n<!-- \/ Yoast SEO plugin. -->","yoast_head_json":{"title":"Navaln\u0131n\u0131n fondu az\u0259rbaycanl\u0131 teleapar\u0131c\u0131n\u0131n \u0259mlak\u0131n\u0131 ara\u015fd\u0131r\u0131b - MEYDAN.TV","robots":{"index":"index","follow":"follow","max-snippet":"max-snippet:-1","max-image-preview":"max-image-preview:large","max-video-preview":"max-video-preview:-1"},"canonical":"https:\/\/www.meydan.tv\/az\/article\/navalninin-fondu-azerbaycanli-teleaparicinin-emlakini-arasdirib\/","og_locale":"az_AZ","og_type":"article","og_title":"Navaln\u0131n\u0131n fondu az\u0259rbaycanl\u0131 teleapar\u0131c\u0131n\u0131n \u0259mlak\u0131n\u0131 ara\u015fd\u0131r\u0131b - MEYDAN.TV","og_description":"Nail\u0259 \u018fsg\u0259rzad\u0259nin jeti, yaxtas\u0131 haqda m\u0259lumatlar var","og_url":"https:\/\/www.meydan.tv\/az\/article\/navalninin-fondu-azerbaycanli-teleaparicinin-emlakini-arasdirib\/","og_site_name":"MEYDAN.TV","article_published_time":"2019-12-02T19:03:12+00:00","og_image":[{"width":1440,"height":720,"url":"https:\/\/www.meydan.tv\/wp-content\/uploads\/bf442f079ac61c361e49432089ed3dcb_1527484866_untitled-1-recovered-1440-c-90.jpg","type":"image\/jpeg"}],"author":"user-manager","twitter_card":"summary_large_image","schema":{"@context":"https:\/\/schema.org","@graph":[{"@type":"Article","@id":"https:\/\/www.meydan.tv\/az\/article\/navalninin-fondu-azerbaycanli-teleaparicinin-emlakini-arasdirib\/#article","isPartOf":{"@id":"https:\/\/www.meydan.tv\/az\/article\/navalninin-fondu-azerbaycanli-teleaparicinin-emlakini-arasdirib\/"},"author":{"name":"user-manager","@id":"https:\/\/www.meydan.tv\/az\/#\/schema\/person\/10d11eccf6da3662cf5fdab9806ea91a"},"headline":"Navaln\u0131n\u0131n fondu az\u0259rbaycanl\u0131 teleapar\u0131c\u0131n\u0131n \u0259mlak\u0131n\u0131 ara\u015fd\u0131r\u0131b","datePublished":"2019-12-02T19:03:12+00:00","mainEntityOfPage":{"@id":"https:\/\/www.meydan.tv\/az\/article\/navalninin-fondu-azerbaycanli-teleaparicinin-emlakini-arasdirib\/"},"wordCount":563,"publisher":{"@id":"https:\/\/www.meydan.tv\/az\/#organization"},"image":{"@id":"https:\/\/www.meydan.tv\/az\/article\/navalninin-fondu-azerbaycanli-teleaparicinin-emlakini-arasdirib\/#primaryimage"},"thumbnailUrl":"https:\/\/www.meydan.tv\/wp-content\/uploads\/bf442f079ac61c361e49432089ed3dcb_1527484866_untitled-1-recovered-1440-c-90.jpg","articleSection":["D\u00fcnya"],"inLanguage":"az"},{"@type":"WebPage","@id":"https:\/\/www.meydan.tv\/az\/article\/navalninin-fondu-azerbaycanli-teleaparicinin-emlakini-arasdirib\/","url":"https:\/\/www.meydan.tv\/az\/article\/navalninin-fondu-azerbaycanli-teleaparicinin-emlakini-arasdirib\/","name":"Navaln\u0131n\u0131n fondu az\u0259rbaycanl\u0131 teleapar\u0131c\u0131n\u0131n \u0259mlak\u0131n\u0131 ara\u015fd\u0131r\u0131b - MEYDAN.TV","isPartOf":{"@id":"https:\/\/www.meydan.tv\/az\/#website"},"primaryImageOfPage":{"@id":"https:\/\/www.meydan.tv\/az\/article\/navalninin-fondu-azerbaycanli-teleaparicinin-emlakini-arasdirib\/#primaryimage"},"image":{"@id":"https:\/\/www.meydan.tv\/az\/article\/navalninin-fondu-azerbaycanli-teleaparicinin-emlakini-arasdirib\/#primaryimage"},"thumbnailUrl":"https:\/\/www.meydan.tv\/wp-content\/uploads\/bf442f079ac61c361e49432089ed3dcb_1527484866_untitled-1-recovered-1440-c-90.jpg","datePublished":"2019-12-02T19:03:12+00:00","breadcrumb":{"@id":"https:\/\/www.meydan.tv\/az\/article\/navalninin-fondu-azerbaycanli-teleaparicinin-emlakini-arasdirib\/#breadcrumb"},"inLanguage":"az","potentialAction":[{"@type":"ReadAction","target":["https:\/\/www.meydan.tv\/az\/article\/navalninin-fondu-azerbaycanli-teleaparicinin-emlakini-arasdirib\/"]}]},{"@type":"ImageObject","inLanguage":"az","@id":"https:\/\/www.meydan.tv\/az\/article\/navalninin-fondu-azerbaycanli-teleaparicinin-emlakini-arasdirib\/#primaryimage","url":"https:\/\/www.meydan.tv\/wp-content\/uploads\/bf442f079ac61c361e49432089ed3dcb_1527484866_untitled-1-recovered-1440-c-90.jpg","contentUrl":"https:\/\/www.meydan.tv\/wp-content\/uploads\/bf442f079ac61c361e49432089ed3dcb_1527484866_untitled-1-recovered-1440-c-90.jpg","width":1440,"height":720,"caption":"Source: Meydan TV"},{"@type":"BreadcrumbList","@id":"https:\/\/www.meydan.tv\/az\/article\/navalninin-fondu-azerbaycanli-teleaparicinin-emlakini-arasdirib\/#breadcrumb","itemListElement":[{"@type":"ListItem","position":1,"name":"Ana s\u0259hif\u0259","item":"https:\/\/www.meydan.tv\/az\/"},{"@type":"ListItem","position":2,"name":"D\u00fcnya","item":"https:\/\/www.meydan.tv\/az\/section\/dunya\/"},{"@type":"ListItem","position":3,"name":"Navaln\u0131n\u0131n fondu az\u0259rbaycanl\u0131 teleapar\u0131c\u0131n\u0131n \u0259mlak\u0131n\u0131 ara\u015fd\u0131r\u0131b"}]},{"@type":"WebSite","@id":"https:\/\/www.meydan.tv\/az\/#website","url":"https:\/\/www.meydan.tv\/az\/","name":"MEYDAN.TV","description":"Meydan TV Az\u0259rbaycan\u0131n media m\u0259kan\u0131ndak\u0131 alternativ s\u0259sidir","publisher":{"@id":"https:\/\/www.meydan.tv\/az\/#organization"},"potentialAction":[{"@type":"SearchAction","target":{"@type":"EntryPoint","urlTemplate":"https:\/\/www.meydan.tv\/az\/?s={search_term_string}"},"query-input":{"@type":"PropertyValueSpecification","valueRequired":true,"valueName":"search_term_string"}}],"inLanguage":"az"},{"@type":"Organization","@id":"https:\/\/www.meydan.tv\/az\/#organization","name":"Meydan TV","url":"https:\/\/www.meydan.tv\/az\/","logo":{"@type":"ImageObject","inLanguage":"az","@id":"https:\/\/www.meydan.tv\/az\/#\/schema\/logo\/image\/","url":"https:\/\/www.meydan.tv\/wp-content\/uploads\/2021\/07\/meydan-logo.svg","contentUrl":"https:\/\/www.meydan.tv\/wp-content\/uploads\/2021\/07\/meydan-logo.svg","width":195,"height":46,"caption":"Meydan TV"},"image":{"@id":"https:\/\/www.meydan.tv\/az\/#\/schema\/logo\/image\/"}},{"@type":"Person","@id":"https:\/\/www.meydan.tv\/az\/#\/schema\/person\/10d11eccf6da3662cf5fdab9806ea91a","name":"user-manager"}]}},"_links":{"self":[{"href":"https:\/\/www.meydan.tv\/az\/wp-json\/wp\/v2\/posts\/198197","targetHints":{"allow":["GET"]}}],"collection":[{"href":"https:\/\/www.meydan.tv\/az\/wp-json\/wp\/v2\/posts"}],"about":[{"href":"https:\/\/www.meydan.tv\/az\/wp-json\/wp\/v2\/types\/post"}],"author":[{"embeddable":true,"href":"https:\/\/www.meydan.tv\/az\/wp-json\/wp\/v2\/users\/11"}],"replies":[{"embeddable":true,"href":"https:\/\/www.meydan.tv\/az\/wp-json\/wp\/v2\/comments?post=198197"}],"version-history":[{"count":0,"href":"https:\/\/www.meydan.tv\/az\/wp-json\/wp\/v2\/posts\/198197\/revisions"}],"wp:featuredmedia":[{"embeddable":true,"href":"https:\/\/www.meydan.tv\/az\/wp-json\/wp\/v2\/media\/133870"}],"wp:attachment":[{"href":"https:\/\/www.meydan.tv\/az\/wp-json\/wp\/v2\/media?parent=198197"}],"wp:term":[{"taxonomy":"category","embeddable":true,"href":"https:\/\/www.meydan.tv\/az\/wp-json\/wp\/v2\/categories?post=198197"},{"taxonomy":"post_tag","embeddable":true,"href":"https:\/\/www.meydan.tv\/az\/wp-json\/wp\/v2\/tags?post=198197"}],"curies":[{"name":"wp","href":"https:\/\/api.w.org\/{rel}","templated":true}]}}