{"id":198192,"date":"2019-12-02T18:10:14","date_gmt":"2019-12-02T18:10:14","guid":{"rendered":"https:\/\/www.meydan.tv\/article\/hebsde-olan-demirtas-xestaxanaya-qaldirilib\/"},"modified":"2019-12-02T18:10:14","modified_gmt":"2019-12-02T18:10:14","slug":"hebsde-olan-demirtas-xestaxanaya-qaldirilib","status":"publish","type":"post","link":"https:\/\/www.meydan.tv\/az\/article\/hebsde-olan-demirtas-xestaxanaya-qaldirilib\/","title":{"rendered":"H\u0259bsd\u0259 olan D\u0259mirta\u015f x\u0259staxanaya qald\u0131r\u0131l\u0131b"},"content":{"rendered":"<p>\n  <i><br \/>\n    Siyas\u0259t\u00e7inin sin\u0259 a\u011fr\u0131lar\u0131 s\u0259b\u0259bind\u0259n hu\u015funu itirdiyi deyilir<br \/>\n  <\/i>\n<\/p>\n<p>\n  T\u00fcrkiy\u0259nin \u0259sas k\u00fcrd t\u0259r\u0259fdar\u0131 olan Xalqlar\u0131n Demokratik Partiyas\u0131n\u0131n (HDP) sabiq r\u0259hb\u0259ri S\u0259lah\u0259ddin D\u0259mirta\u015f bazar ert\u0259si g\u00fcn\u00fc x\u0259st\u0259xanaya qald\u0131r\u0131l\u0131b. \u201cReuters\u201d x\u0259b\u0259r verir ki, o, ke\u00e7\u0259n h\u0259ft\u0259 sin\u0259 a\u011fr\u0131lar\u0131 s\u0259b\u0259bind\u0259n hu\u015funu itirib v\u0259 d\u0259rhal x\u0259st\u0259xanaya qald\u0131r\u0131l\u0131b.\n<\/p>\n<p>\n  T\u00fcrkiy\u0259nin tan\u0131nm\u0131\u015f siyas\u0259t\u00e7il\u0259rind\u0259n olan D\u0259mirta\u015f terrorizm d\u0259 daxil olmaqla bir ne\u00e7\u0259 ittiham \u00fczr\u0259 3 ild\u0259n \u00e7oxdur ki, h\u0259bsd\u0259dir. \u018fsas i\u015fd\u0259 t\u0259qsirli bilin\u0259rs\u0259, o, 142 il m\u00fcdd\u0259tin\u0259 azadl\u0131qdan m\u0259hrum edil\u0259 bil\u0259r.\n<\/p>\n<p>\n  Bac\u0131s\u0131 v\u0259 v\u0259kill\u0259rind\u0259n biri olan Ayg\u00fcl D\u0259mirta\u015f \u0259vv\u0259ll\u0259r deyib ki, D\u0259mirta\u015f 26 noyabrda n\u0259f\u0259s almaqda \u00e7\u0259tinlik \u00e7\u0259kib v\u0259 hu\u015funu itirib. Buna baxmayaraq, onu x\u0259st\u0259xanaya aparmay\u0131blar.\n<\/p>\n<p>\n  T\u00fcrkiy\u0259 parlamentind\u0259 ikinci b\u00f6y\u00fck m\u00fcxalif\u0259t partiyas\u0131 olan HDP deyib ki, partiyan\u0131n iki mill\u0259t v\u0259kili D\u0259mirta\u015f\u0131 h\u0259bsxanada ziyar\u0259t etdikd\u0259n sonra siyas\u0259t\u00e7i x\u0259st\u0259xanaya qald\u0131r\u0131l\u0131b.\n<\/p>\n<p>\n  D\u0259mirta\u015f\u0131n saxland\u0131\u011f\u0131 h\u0259bsxanan\u0131n yerl\u0259\u015fdiyi \u018fdirn\u0259 \u0259yal\u0259tinin ba\u015f prokuroru deyib ki, ke\u00e7\u0259n h\u0259ft\u0259 edil\u0259n ilkin yoxlamalar D\u0259mirta\u015fda sa\u011flaml\u0131q probleml\u0259rinin olmad\u0131\u011f\u0131n\u0131 g\u00f6st\u0259rib. Qeyd edilib ki, \u0259trafl\u0131 m\u00fcayin\u0259 \u00fc\u00e7\u00fcn ayr\u0131ca x\u0259st\u0259xana il\u0259 g\u00f6r\u00fc\u015fl\u0259r edilib v\u0259 bundan sonra D\u0259mirta\u015f bazar ert\u0259si g\u00fcn\u00fc x\u0259st\u0259xanaya k\u00f6\u00e7\u00fcr\u00fcl\u00fcb.\n<\/p>\n<p>\n  46 ya\u015fl\u0131 D\u0259mirta\u015f noyabr\u0131n 26-da s\u0259h\u0259r saatlar\u0131nda hu\u015funu itirdikd\u0259n sonra uzun m\u00fcdd\u0259t hu\u015fsuz v\u0259ziyy\u0259td\u0259 qal\u0131b, &#8211; v\u0259kili \u201ctwitter\u201dd\u0259 qeyd edib.\n<\/p>\n<p>\n  \u201cD\u0259mirta\u015f\u0131n \u00fcz\u0259rind\u0259 elektrokardioqramma m\u00fcayin\u0259si apar\u0131l\u0131b. Ancaq h\u0259bsxana h\u0259kimi qeyd edib ki, siyas\u0259t\u00e7i kardiologiya, nevrologiya v\u0259 qastroenterologiya m\u00fct\u0259x\u0259ssisl\u0259ri t\u0259r\u0259find\u0259n m\u00fcayin\u0259 \u00fc\u00e7\u00fcn x\u0259st\u0259xanaya g\u00f6t\u00fcr\u00fclm\u0259lidir\u201d, &#8211; v\u0259kili bildirib.\n<\/p>\n<p>\n  Sentyabrda Ankara prokurorlar\u0131 D\u0259mirta\u015fla \u0259laq\u0259dar yeni istintaq ba\u015flad\u0131b v\u0259 m\u0259hk\u0259m\u0259 \u0259sas i\u015fd\u0259 h\u0259bs q\u0259rar\u0131 qald\u0131r\u0131ld\u0131qdan sonra onun n\u0259zar\u0259t\u0259 al\u0131nmas\u0131n\u0131 ist\u0259yib. D\u0259mirta\u015f ittihamlar\u0131 r\u0259dd edir.\n<\/p>\n<p>\n  Ankara HDP-ni T\u00fcrkiy\u0259 d\u00f6vl\u0259tin\u0259 qar\u015f\u0131 silahl\u0131 m\u00fcbariz\u0259 aparan K\u00fcrd\u00fcstan \u0130\u015f\u00e7i Partiyas\u0131 (PKK) il\u0259 \u0259laq\u0259l\u0259rd\u0259 ittiham edir. HDP terrorla \u0259laq\u0259ni r\u0259dd edir.<\/p>\n","protected":false},"excerpt":{"rendered":"<p>Siyas\u0259t\u00e7inin sin\u0259 a\u011fr\u0131lar\u0131 s\u0259b\u0259bind\u0259n hu\u015funu itirdiyi deyilir<\/p>\n","protected":false},"author":11,"featured_media":133867,"comment_status":"closed","ping_status":"open","sticky":false,"template":"","format":"standard","meta":{"_acf_changed":false,"_sitemap_exclude":false,"_sitemap_priority":"","_sitemap_frequency":"","footnotes":""},"categories":[64],"tags":[],"class_list":["post-198192","post","type-post","status-publish","format-standard","has-post-thumbnail","hentry","category-dunya","infinite-scroll-item","generate-columns","tablet-grid-50","mobile-grid-100","grid-parent","grid-33","no-featured-image-padding"],"acf":[],"yoast_head":"<!-- This site is optimized with the Yoast SEO plugin v27.5 - https:\/\/yoast.com\/product\/yoast-seo-wordpress\/ -->\n<title>H\u0259bsd\u0259 olan D\u0259mirta\u015f x\u0259staxanaya qald\u0131r\u0131l\u0131b - MEYDAN.TV<\/title>\n<meta name=\"robots\" content=\"index, follow, max-snippet:-1, max-image-preview:large, max-video-preview:-1\" \/>\n<link rel=\"canonical\" href=\"https:\/\/www.meydan.tv\/az\/article\/hebsde-olan-demirtas-xestaxanaya-qaldirilib\/\" \/>\n<meta property=\"og:locale\" content=\"az_AZ\" \/>\n<meta property=\"og:type\" content=\"article\" \/>\n<meta property=\"og:title\" content=\"H\u0259bsd\u0259 olan D\u0259mirta\u015f x\u0259staxanaya qald\u0131r\u0131l\u0131b - MEYDAN.TV\" \/>\n<meta property=\"og:description\" content=\"Siyas\u0259t\u00e7inin sin\u0259 a\u011fr\u0131lar\u0131 s\u0259b\u0259bind\u0259n hu\u015funu itirdiyi deyilir\" \/>\n<meta property=\"og:url\" content=\"https:\/\/www.meydan.tv\/az\/article\/hebsde-olan-demirtas-xestaxanaya-qaldirilib\/\" \/>\n<meta property=\"og:site_name\" content=\"MEYDAN.TV\" \/>\n<meta property=\"article:published_time\" content=\"2019-12-02T18:10:14+00:00\" \/>\n<meta property=\"og:image\" content=\"https:\/\/www.meydan.tv\/wp-content\/uploads\/edirne-cumhuriyet-bassavciligi-ndan-selahattin-12678276_9349_amp.jpg\" \/>\n\t<meta property=\"og:image:width\" content=\"1275\" \/>\n\t<meta property=\"og:image:height\" content=\"675\" \/>\n\t<meta property=\"og:image:type\" content=\"image\/jpeg\" \/>\n<meta name=\"author\" content=\"user-manager\" \/>\n<meta name=\"twitter:card\" content=\"summary_large_image\" \/>\n<script type=\"application\/ld+json\" class=\"yoast-schema-graph\">{\"@context\":\"https:\\\/\\\/schema.org\",\"@graph\":[{\"@type\":\"Article\",\"@id\":\"https:\\\/\\\/www.meydan.tv\\\/az\\\/article\\\/hebsde-olan-demirtas-xestaxanaya-qaldirilib\\\/#article\",\"isPartOf\":{\"@id\":\"https:\\\/\\\/www.meydan.tv\\\/az\\\/article\\\/hebsde-olan-demirtas-xestaxanaya-qaldirilib\\\/\"},\"author\":{\"name\":\"user-manager\",\"@id\":\"https:\\\/\\\/www.meydan.tv\\\/az\\\/#\\\/schema\\\/person\\\/10d11eccf6da3662cf5fdab9806ea91a\"},\"headline\":\"H\u0259bsd\u0259 olan D\u0259mirta\u015f x\u0259staxanaya qald\u0131r\u0131l\u0131b\",\"datePublished\":\"2019-12-02T18:10:14+00:00\",\"mainEntityOfPage\":{\"@id\":\"https:\\\/\\\/www.meydan.tv\\\/az\\\/article\\\/hebsde-olan-demirtas-xestaxanaya-qaldirilib\\\/\"},\"wordCount\":456,\"publisher\":{\"@id\":\"https:\\\/\\\/www.meydan.tv\\\/az\\\/#organization\"},\"image\":{\"@id\":\"https:\\\/\\\/www.meydan.tv\\\/az\\\/article\\\/hebsde-olan-demirtas-xestaxanaya-qaldirilib\\\/#primaryimage\"},\"thumbnailUrl\":\"https:\\\/\\\/www.meydan.tv\\\/wp-content\\\/uploads\\\/edirne-cumhuriyet-bassavciligi-ndan-selahattin-12678276_9349_amp.jpg\",\"articleSection\":[\"D\u00fcnya\"],\"inLanguage\":\"az\"},{\"@type\":\"WebPage\",\"@id\":\"https:\\\/\\\/www.meydan.tv\\\/az\\\/article\\\/hebsde-olan-demirtas-xestaxanaya-qaldirilib\\\/\",\"url\":\"https:\\\/\\\/www.meydan.tv\\\/az\\\/article\\\/hebsde-olan-demirtas-xestaxanaya-qaldirilib\\\/\",\"name\":\"H\u0259bsd\u0259 olan D\u0259mirta\u015f x\u0259staxanaya qald\u0131r\u0131l\u0131b - MEYDAN.TV\",\"isPartOf\":{\"@id\":\"https:\\\/\\\/www.meydan.tv\\\/az\\\/#website\"},\"primaryImageOfPage\":{\"@id\":\"https:\\\/\\\/www.meydan.tv\\\/az\\\/article\\\/hebsde-olan-demirtas-xestaxanaya-qaldirilib\\\/#primaryimage\"},\"image\":{\"@id\":\"https:\\\/\\\/www.meydan.tv\\\/az\\\/article\\\/hebsde-olan-demirtas-xestaxanaya-qaldirilib\\\/#primaryimage\"},\"thumbnailUrl\":\"https:\\\/\\\/www.meydan.tv\\\/wp-content\\\/uploads\\\/edirne-cumhuriyet-bassavciligi-ndan-selahattin-12678276_9349_amp.jpg\",\"datePublished\":\"2019-12-02T18:10:14+00:00\",\"breadcrumb\":{\"@id\":\"https:\\\/\\\/www.meydan.tv\\\/az\\\/article\\\/hebsde-olan-demirtas-xestaxanaya-qaldirilib\\\/#breadcrumb\"},\"inLanguage\":\"az\",\"potentialAction\":[{\"@type\":\"ReadAction\",\"target\":[\"https:\\\/\\\/www.meydan.tv\\\/az\\\/article\\\/hebsde-olan-demirtas-xestaxanaya-qaldirilib\\\/\"]}]},{\"@type\":\"ImageObject\",\"inLanguage\":\"az\",\"@id\":\"https:\\\/\\\/www.meydan.tv\\\/az\\\/article\\\/hebsde-olan-demirtas-xestaxanaya-qaldirilib\\\/#primaryimage\",\"url\":\"https:\\\/\\\/www.meydan.tv\\\/wp-content\\\/uploads\\\/edirne-cumhuriyet-bassavciligi-ndan-selahattin-12678276_9349_amp.jpg\",\"contentUrl\":\"https:\\\/\\\/www.meydan.tv\\\/wp-content\\\/uploads\\\/edirne-cumhuriyet-bassavciligi-ndan-selahattin-12678276_9349_amp.jpg\",\"width\":1275,\"height\":675,\"caption\":\"Foto: arxiv\"},{\"@type\":\"BreadcrumbList\",\"@id\":\"https:\\\/\\\/www.meydan.tv\\\/az\\\/article\\\/hebsde-olan-demirtas-xestaxanaya-qaldirilib\\\/#breadcrumb\",\"itemListElement\":[{\"@type\":\"ListItem\",\"position\":1,\"name\":\"Ana s\u0259hif\u0259\",\"item\":\"https:\\\/\\\/www.meydan.tv\\\/az\\\/\"},{\"@type\":\"ListItem\",\"position\":2,\"name\":\"D\u00fcnya\",\"item\":\"https:\\\/\\\/www.meydan.tv\\\/az\\\/section\\\/dunya\\\/\"},{\"@type\":\"ListItem\",\"position\":3,\"name\":\"H\u0259bsd\u0259 olan D\u0259mirta\u015f x\u0259staxanaya qald\u0131r\u0131l\u0131b\"}]},{\"@type\":\"WebSite\",\"@id\":\"https:\\\/\\\/www.meydan.tv\\\/az\\\/#website\",\"url\":\"https:\\\/\\\/www.meydan.tv\\\/az\\\/\",\"name\":\"MEYDAN.TV\",\"description\":\"Meydan TV Az\u0259rbaycan\u0131n media m\u0259kan\u0131ndak\u0131 alternativ s\u0259sidir\",\"publisher\":{\"@id\":\"https:\\\/\\\/www.meydan.tv\\\/az\\\/#organization\"},\"potentialAction\":[{\"@type\":\"SearchAction\",\"target\":{\"@type\":\"EntryPoint\",\"urlTemplate\":\"https:\\\/\\\/www.meydan.tv\\\/az\\\/?s={search_term_string}\"},\"query-input\":{\"@type\":\"PropertyValueSpecification\",\"valueRequired\":true,\"valueName\":\"search_term_string\"}}],\"inLanguage\":\"az\"},{\"@type\":\"Organization\",\"@id\":\"https:\\\/\\\/www.meydan.tv\\\/az\\\/#organization\",\"name\":\"Meydan TV\",\"url\":\"https:\\\/\\\/www.meydan.tv\\\/az\\\/\",\"logo\":{\"@type\":\"ImageObject\",\"inLanguage\":\"az\",\"@id\":\"https:\\\/\\\/www.meydan.tv\\\/az\\\/#\\\/schema\\\/logo\\\/image\\\/\",\"url\":\"https:\\\/\\\/www.meydan.tv\\\/wp-content\\\/uploads\\\/2021\\\/07\\\/meydan-logo.svg\",\"contentUrl\":\"https:\\\/\\\/www.meydan.tv\\\/wp-content\\\/uploads\\\/2021\\\/07\\\/meydan-logo.svg\",\"width\":195,\"height\":46,\"caption\":\"Meydan TV\"},\"image\":{\"@id\":\"https:\\\/\\\/www.meydan.tv\\\/az\\\/#\\\/schema\\\/logo\\\/image\\\/\"}},{\"@type\":\"Person\",\"@id\":\"https:\\\/\\\/www.meydan.tv\\\/az\\\/#\\\/schema\\\/person\\\/10d11eccf6da3662cf5fdab9806ea91a\",\"name\":\"user-manager\"}]}<\/script>\n<!-- \/ Yoast SEO plugin. -->","yoast_head_json":{"title":"H\u0259bsd\u0259 olan D\u0259mirta\u015f x\u0259staxanaya qald\u0131r\u0131l\u0131b - MEYDAN.TV","robots":{"index":"index","follow":"follow","max-snippet":"max-snippet:-1","max-image-preview":"max-image-preview:large","max-video-preview":"max-video-preview:-1"},"canonical":"https:\/\/www.meydan.tv\/az\/article\/hebsde-olan-demirtas-xestaxanaya-qaldirilib\/","og_locale":"az_AZ","og_type":"article","og_title":"H\u0259bsd\u0259 olan D\u0259mirta\u015f x\u0259staxanaya qald\u0131r\u0131l\u0131b - MEYDAN.TV","og_description":"Siyas\u0259t\u00e7inin sin\u0259 a\u011fr\u0131lar\u0131 s\u0259b\u0259bind\u0259n hu\u015funu itirdiyi deyilir","og_url":"https:\/\/www.meydan.tv\/az\/article\/hebsde-olan-demirtas-xestaxanaya-qaldirilib\/","og_site_name":"MEYDAN.TV","article_published_time":"2019-12-02T18:10:14+00:00","og_image":[{"width":1275,"height":675,"url":"https:\/\/www.meydan.tv\/wp-content\/uploads\/edirne-cumhuriyet-bassavciligi-ndan-selahattin-12678276_9349_amp.jpg","type":"image\/jpeg"}],"author":"user-manager","twitter_card":"summary_large_image","schema":{"@context":"https:\/\/schema.org","@graph":[{"@type":"Article","@id":"https:\/\/www.meydan.tv\/az\/article\/hebsde-olan-demirtas-xestaxanaya-qaldirilib\/#article","isPartOf":{"@id":"https:\/\/www.meydan.tv\/az\/article\/hebsde-olan-demirtas-xestaxanaya-qaldirilib\/"},"author":{"name":"user-manager","@id":"https:\/\/www.meydan.tv\/az\/#\/schema\/person\/10d11eccf6da3662cf5fdab9806ea91a"},"headline":"H\u0259bsd\u0259 olan D\u0259mirta\u015f x\u0259staxanaya qald\u0131r\u0131l\u0131b","datePublished":"2019-12-02T18:10:14+00:00","mainEntityOfPage":{"@id":"https:\/\/www.meydan.tv\/az\/article\/hebsde-olan-demirtas-xestaxanaya-qaldirilib\/"},"wordCount":456,"publisher":{"@id":"https:\/\/www.meydan.tv\/az\/#organization"},"image":{"@id":"https:\/\/www.meydan.tv\/az\/article\/hebsde-olan-demirtas-xestaxanaya-qaldirilib\/#primaryimage"},"thumbnailUrl":"https:\/\/www.meydan.tv\/wp-content\/uploads\/edirne-cumhuriyet-bassavciligi-ndan-selahattin-12678276_9349_amp.jpg","articleSection":["D\u00fcnya"],"inLanguage":"az"},{"@type":"WebPage","@id":"https:\/\/www.meydan.tv\/az\/article\/hebsde-olan-demirtas-xestaxanaya-qaldirilib\/","url":"https:\/\/www.meydan.tv\/az\/article\/hebsde-olan-demirtas-xestaxanaya-qaldirilib\/","name":"H\u0259bsd\u0259 olan D\u0259mirta\u015f x\u0259staxanaya qald\u0131r\u0131l\u0131b - MEYDAN.TV","isPartOf":{"@id":"https:\/\/www.meydan.tv\/az\/#website"},"primaryImageOfPage":{"@id":"https:\/\/www.meydan.tv\/az\/article\/hebsde-olan-demirtas-xestaxanaya-qaldirilib\/#primaryimage"},"image":{"@id":"https:\/\/www.meydan.tv\/az\/article\/hebsde-olan-demirtas-xestaxanaya-qaldirilib\/#primaryimage"},"thumbnailUrl":"https:\/\/www.meydan.tv\/wp-content\/uploads\/edirne-cumhuriyet-bassavciligi-ndan-selahattin-12678276_9349_amp.jpg","datePublished":"2019-12-02T18:10:14+00:00","breadcrumb":{"@id":"https:\/\/www.meydan.tv\/az\/article\/hebsde-olan-demirtas-xestaxanaya-qaldirilib\/#breadcrumb"},"inLanguage":"az","potentialAction":[{"@type":"ReadAction","target":["https:\/\/www.meydan.tv\/az\/article\/hebsde-olan-demirtas-xestaxanaya-qaldirilib\/"]}]},{"@type":"ImageObject","inLanguage":"az","@id":"https:\/\/www.meydan.tv\/az\/article\/hebsde-olan-demirtas-xestaxanaya-qaldirilib\/#primaryimage","url":"https:\/\/www.meydan.tv\/wp-content\/uploads\/edirne-cumhuriyet-bassavciligi-ndan-selahattin-12678276_9349_amp.jpg","contentUrl":"https:\/\/www.meydan.tv\/wp-content\/uploads\/edirne-cumhuriyet-bassavciligi-ndan-selahattin-12678276_9349_amp.jpg","width":1275,"height":675,"caption":"Foto: arxiv"},{"@type":"BreadcrumbList","@id":"https:\/\/www.meydan.tv\/az\/article\/hebsde-olan-demirtas-xestaxanaya-qaldirilib\/#breadcrumb","itemListElement":[{"@type":"ListItem","position":1,"name":"Ana s\u0259hif\u0259","item":"https:\/\/www.meydan.tv\/az\/"},{"@type":"ListItem","position":2,"name":"D\u00fcnya","item":"https:\/\/www.meydan.tv\/az\/section\/dunya\/"},{"@type":"ListItem","position":3,"name":"H\u0259bsd\u0259 olan D\u0259mirta\u015f x\u0259staxanaya qald\u0131r\u0131l\u0131b"}]},{"@type":"WebSite","@id":"https:\/\/www.meydan.tv\/az\/#website","url":"https:\/\/www.meydan.tv\/az\/","name":"MEYDAN.TV","description":"Meydan TV Az\u0259rbaycan\u0131n media m\u0259kan\u0131ndak\u0131 alternativ s\u0259sidir","publisher":{"@id":"https:\/\/www.meydan.tv\/az\/#organization"},"potentialAction":[{"@type":"SearchAction","target":{"@type":"EntryPoint","urlTemplate":"https:\/\/www.meydan.tv\/az\/?s={search_term_string}"},"query-input":{"@type":"PropertyValueSpecification","valueRequired":true,"valueName":"search_term_string"}}],"inLanguage":"az"},{"@type":"Organization","@id":"https:\/\/www.meydan.tv\/az\/#organization","name":"Meydan TV","url":"https:\/\/www.meydan.tv\/az\/","logo":{"@type":"ImageObject","inLanguage":"az","@id":"https:\/\/www.meydan.tv\/az\/#\/schema\/logo\/image\/","url":"https:\/\/www.meydan.tv\/wp-content\/uploads\/2021\/07\/meydan-logo.svg","contentUrl":"https:\/\/www.meydan.tv\/wp-content\/uploads\/2021\/07\/meydan-logo.svg","width":195,"height":46,"caption":"Meydan TV"},"image":{"@id":"https:\/\/www.meydan.tv\/az\/#\/schema\/logo\/image\/"}},{"@type":"Person","@id":"https:\/\/www.meydan.tv\/az\/#\/schema\/person\/10d11eccf6da3662cf5fdab9806ea91a","name":"user-manager"}]}},"_links":{"self":[{"href":"https:\/\/www.meydan.tv\/az\/wp-json\/wp\/v2\/posts\/198192","targetHints":{"allow":["GET"]}}],"collection":[{"href":"https:\/\/www.meydan.tv\/az\/wp-json\/wp\/v2\/posts"}],"about":[{"href":"https:\/\/www.meydan.tv\/az\/wp-json\/wp\/v2\/types\/post"}],"author":[{"embeddable":true,"href":"https:\/\/www.meydan.tv\/az\/wp-json\/wp\/v2\/users\/11"}],"replies":[{"embeddable":true,"href":"https:\/\/www.meydan.tv\/az\/wp-json\/wp\/v2\/comments?post=198192"}],"version-history":[{"count":0,"href":"https:\/\/www.meydan.tv\/az\/wp-json\/wp\/v2\/posts\/198192\/revisions"}],"wp:featuredmedia":[{"embeddable":true,"href":"https:\/\/www.meydan.tv\/az\/wp-json\/wp\/v2\/media\/133867"}],"wp:attachment":[{"href":"https:\/\/www.meydan.tv\/az\/wp-json\/wp\/v2\/media?parent=198192"}],"wp:term":[{"taxonomy":"category","embeddable":true,"href":"https:\/\/www.meydan.tv\/az\/wp-json\/wp\/v2\/categories?post=198192"},{"taxonomy":"post_tag","embeddable":true,"href":"https:\/\/www.meydan.tv\/az\/wp-json\/wp\/v2\/tags?post=198192"}],"curies":[{"name":"wp","href":"https:\/\/api.w.org\/{rel}","templated":true}]}}