{"id":198174,"date":"2019-11-29T19:06:54","date_gmt":"2019-11-29T19:06:54","guid":{"rendered":"https:\/\/www.meydan.tv\/article\/iranli-qadin-azerbaycanda-girov-saxlandigini-deyir\/"},"modified":"2019-11-29T19:06:54","modified_gmt":"2019-11-29T19:06:54","slug":"iranli-qadin-azerbaycanda-girov-saxlandigini-deyir","status":"publish","type":"post","link":"https:\/\/www.meydan.tv\/az\/article\/iranli-qadin-azerbaycanda-girov-saxlandigini-deyir\/","title":{"rendered":"\u0130ranl\u0131 qad\u0131n Az\u0259rbaycanda girov saxland\u0131\u011f\u0131n\u0131 deyir"},"content":{"rendered":"<p>\n  <i><br \/>\n    Atefeh Dehghanizadeh: \u201cKi\u015fiy\u0259 g\u00f6r\u0259 onun qad\u0131n\u0131n\u0131, u\u015fa\u011f\u0131n\u0131 c\u0259zaland\u0131rmaq, \u0259ziyy\u0259t etm\u0259k he\u00e7 bir \u00e7\u0259r\u00e7iv\u0259y\u0259 s\u0131\u011fm\u0131r\u201d<br \/>\n  <\/i>\n<\/p>\n<p>\n  \u0130ran v\u0259t\u0259nda\u015f\u0131 olan 1984-c\u00fc il t\u0259v\u0259ll\u00fcdl\u00fc Atefeh Dehghanizadeh Az\u0259rbaycanda m\u0259hk\u0259m\u0259y\u0259 m\u00fcraci\u0259t ed\u0259r\u0259k, burada girov saxland\u0131\u011f\u0131n\u0131 iddia edir. Onun s\u00f6zl\u0259rin\u0259 g\u00f6r\u0259, h\u00fcquq-m\u00fchafiz\u0259 orqanlar\u0131 pasportunu da \u0259lind\u0259n al\u0131b, onu 3 ya\u015fl\u0131 q\u0131z\u0131 v\u0259 55 ya\u015fl\u0131 anas\u0131 il\u0259 birlikd\u0259 \u00f6lk\u0259d\u0259n getm\u0259y\u0259 qoymurlar.\n<\/p>\n<p>\n  Yasamal Rayon M\u0259hk\u0259m\u0259sind\u0259 hakim G\u00fcnel \u018fkb\u0259rlinin s\u0259drliyil\u0259 iranl\u0131 qad\u0131n\u0131n \u015fikay\u0259tin\u0259 bax\u0131l\u0131b. \u015eikay\u0259t m\u0259hk\u0259m\u0259 n\u0259zar\u0259ti qaydas\u0131nda verildiyin\u0259 g\u00f6r\u0259 proses d\u0259 qapal\u0131 ke\u00e7irilib. Hakim Atefeh Dehghanizadehin \u00f6lk\u0259d\u0259n \u00e7\u0131x\u0131\u015f\u0131na qada\u011fa qoyulmas\u0131, pasportunun \u0259lind\u0259n al\u0131nmas\u0131 bar\u0259d\u0259 Yasamal Rayon Polis \u0130dar\u0259si v\u0259 Yasamal Rayon Prokurorlu\u011funun \u0259m\u0259kda\u015flar\u0131n\u0131n h\u0259r\u0259k\u0259tl\u0259rini qanunsuz hesab edib. \u00d6lk\u0259d\u0259n \u00e7\u0131x\u0131\u015fa qoyulan qada\u011fan\u0131n aradan qald\u0131r\u0131lmas\u0131, qad\u0131n\u0131n pasportunun qaytar\u0131lmas\u0131 bar\u0259d\u0259 q\u0259rar \u00e7\u0131xar\u0131l\u0131b.\n<\/p>\n<p>\n  Atefeh Dehghanizadeh Meydan TV-y\u0259 bildirib ki, m\u0259hk\u0259m\u0259nin bu q\u0259rar\u0131n\u0131n icra olunmamas\u0131ndan qorxur: \u201cM\u0259n, k\u00f6rp\u0259 \u00f6vlad\u0131m, anam bir il\u0259 yax\u0131nd\u0131r z\u00fclmd\u0259yik. Bu m\u00fcdd\u0259td\u0259 n\u0259l\u0259r g\u00f6rm\u0259dim? Biz &#8211; m\u0259n, q\u0131z\u0131m v\u0259 anam birlikd\u0259 bu il yanvar\u0131n 9-da Bak\u0131dan T\u00fcrkiy\u0259y\u0259 ged\u0259nd\u0259 aeroportda bir n\u0259f\u0259r biz\u0259 h\u00fccum el\u0259di. Sand\u0131m ki, u\u015fa\u011f\u0131 qa\u00e7\u0131rmaq ist\u0259yir. \u018flimd\u0259ki s\u0259n\u0259di al\u0131b c\u0131rd\u0131. S\u0259s\u0259 polisl\u0259r g\u0259ldi. Sonradan bildim ki, m\u0259n\u0259 h\u00fccum ed\u0259n h\u0259yat yolda\u015f\u0131mla pul problemi olan Orxan adl\u0131 \u015f\u0259xs imi\u015f. M\u0259n\u0259 \u00f6lk\u0259d\u0259n getm\u0259y\u0259 imkan vermirdi ki, biz \u00f6lk\u0259d\u0259 girov qalaq, yolda\u015f\u0131mdan pulu als\u0131n. Sonra polis idar\u0259si v\u0259 prokurorluq da bizi qanunsuz olaraq, \u00f6lk\u0259d\u0259 saxlamaqda ona yard\u0131m\u00e7\u0131 oldu\u201d.\n<\/p>\n<p>\n  Hava liman\u0131ndak\u0131 insidentin i\u015ftirak\u00e7\u0131lar\u0131ndan biri &#8211; Orxan \u0130smay\u0131lov qad\u0131ndan \u015fikay\u0259t\u00e7i olub, Atefeh Dehghanizadehin ona b\u00f6htan atd\u0131\u011f\u0131n\u0131, u\u015fa\u011f\u0131n\u0131 qa\u00e7\u0131rmaqda ittiham etdiyini bildirib. Bununla \u0259laq\u0259dar cinay\u0259t i\u015fi ba\u015flan\u0131b, Atefeh Dehghanizadeh \u015f\u00fcbh\u0259li \u015f\u0259xs qismind\u0259 tan\u0131n\u0131b. Lakin yet\u0259rli \u0259saslar olmad\u0131\u011f\u0131ndan t\u0259qsirl\u0259ndiril\u0259n \u015f\u0259xs qismind\u0259 c\u0259lb olunmay\u0131b. O, s\u0259rb\u0259st burax\u0131lsa da, Yasamal Rayon Prokurorlu\u011funun m\u00fcst\u0259ntiqi Zamil Mehral\u0131yev pasportunu qaytarmaqdan imtina edib. Bu \u00fczd\u0259n qad\u0131n m\u0259hk\u0259m\u0259y\u0259 \u015fikay\u0259t edib.\n<\/p>\n<p>\n  Atefeh Dehghanizadehin h\u0259yat yolda\u015f\u0131 Ferzad Foroozanmehrdir. O, Orxan \u0130smay\u0131lova qar\u015f\u0131 d\u0259l\u0259duzluqda \u2013 240 min manatl\u0131q evini sat\u0131b, pulunu \u0259l\u0259 ke\u00e7irm\u0259kd\u0259 ittiham olunur. Bu \u00fczd\u0259n Az\u0259rbaycanda onun bar\u0259sind\u0259 cinay\u0259t i\u015fi ba\u015flan\u0131b.\n<\/p>\n<p>\n  \u201cB\u0259z\u0259n gec\u0259 saatlar\u0131nda 8-10 polis qald\u0131\u011f\u0131m\u0131z ev\u0259 g\u0259lir, bizi g\u00f6t\u00fcr\u00fcb idar\u0259y\u0259 apar\u0131r. Bir d\u0259f\u0259 gec\u0259d\u0259n s\u0259h\u0259r\u0259 q\u0259d\u0259r \u00fc\u00e7\u00fcm\u00fcz\u00fc d\u0259 Yasamal rayonunun 26-c\u0131 polis b\u00f6lm\u0259sind\u0259 saxlad\u0131lar. U\u015faq m\u00f6hk\u0259m qorxur. H\u0259yat yolda\u015f\u0131ma g\u00f6r\u0259 biz\u0259 burada z\u00fclm el\u0259yirl\u0259r. Ki\u015fiy\u0259 g\u00f6r\u0259 onun qad\u0131n\u0131n\u0131, u\u015fa\u011f\u0131n\u0131 c\u0259zaland\u0131rmaq, onlara \u0259ziyy\u0259t etm\u0259k he\u00e7 bir \u00e7\u0259r\u00e7iv\u0259y\u0259 s\u0131\u011fm\u0131r. Bir m\u00fcdd\u0259tdir ki, pulumuz da t\u00fck\u0259nib, k\u00f6rp\u0259 u\u015fa\u011f\u0131m g\u00fcnl\u0259rl\u0259 ac qal\u0131r. Bizi girov saxlay\u0131b, z\u00fclm el\u0259yirl\u0259r\u201d, &#8211; dey\u0259 Atefeh Dehghanizadeh a\u011flay\u0131r.\n<\/p>\n<p>\n  O, \u0259lav\u0259 edib ki, Az\u0259rbaycanda \u00fczl\u0259\u015fdiyi qanunsuzluqlarla \u0259laq\u0259dar T\u00fcrkiy\u0259d\u0259ki v\u0259kill\u0259ri Avropa M\u0259hk\u0259m\u0259sin\u0259 \u015fikay\u0259t g\u00f6nd\u0259rib.<\/p>\n","protected":false},"excerpt":{"rendered":"<p>\u201cM\u0259n, k\u00f6rp\u0259 \u00f6vlad\u0131m, anam bir il\u0259 yax\u0131nd\u0131r z\u00fclmd\u0259yik&#8221;.<\/p>\n","protected":false},"author":11,"featured_media":133828,"comment_status":"closed","ping_status":"open","sticky":false,"template":"","format":"standard","meta":{"_acf_changed":false,"_sitemap_exclude":false,"_sitemap_priority":"","_sitemap_frequency":"","footnotes":""},"categories":[62],"tags":[],"class_list":["post-198174","post","type-post","status-publish","format-standard","has-post-thumbnail","hentry","category-sosial","infinite-scroll-item","generate-columns","tablet-grid-50","mobile-grid-100","grid-parent","grid-33","no-featured-image-padding"],"acf":[],"yoast_head":"<!-- This site is optimized with the Yoast SEO plugin v27.4 - https:\/\/yoast.com\/product\/yoast-seo-wordpress\/ -->\n<title>\u0130ranl\u0131 qad\u0131n Az\u0259rbaycanda girov saxland\u0131\u011f\u0131n\u0131 deyir - MEYDAN.TV<\/title>\n<meta name=\"robots\" content=\"index, follow, max-snippet:-1, max-image-preview:large, max-video-preview:-1\" \/>\n<link rel=\"canonical\" href=\"https:\/\/www.meydan.tv\/az\/article\/iranli-qadin-azerbaycanda-girov-saxlandigini-deyir\/\" \/>\n<meta property=\"og:locale\" content=\"az_AZ\" \/>\n<meta property=\"og:type\" content=\"article\" \/>\n<meta property=\"og:title\" content=\"\u0130ranl\u0131 qad\u0131n Az\u0259rbaycanda girov saxland\u0131\u011f\u0131n\u0131 deyir - MEYDAN.TV\" \/>\n<meta property=\"og:description\" content=\"\u201cM\u0259n, k\u00f6rp\u0259 \u00f6vlad\u0131m, anam bir il\u0259 yax\u0131nd\u0131r z\u00fclmd\u0259yik&quot;.\" \/>\n<meta property=\"og:url\" content=\"https:\/\/www.meydan.tv\/az\/article\/iranli-qadin-azerbaycanda-girov-saxlandigini-deyir\/\" \/>\n<meta property=\"og:site_name\" content=\"MEYDAN.TV\" \/>\n<meta property=\"article:published_time\" content=\"2019-11-29T19:06:54+00:00\" \/>\n<meta property=\"og:image\" content=\"https:\/\/www.meydan.tv\/wp-content\/uploads\/76503bd9-8659-4a1d-8aaa-dd1033ec50c2_cx0_cy17_cw0_w1200_r1_s.jpg\" \/>\n\t<meta property=\"og:image:width\" content=\"1200\" \/>\n\t<meta property=\"og:image:height\" content=\"675\" \/>\n\t<meta property=\"og:image:type\" content=\"image\/jpeg\" \/>\n<meta name=\"author\" content=\"user-manager\" \/>\n<meta name=\"twitter:card\" content=\"summary_large_image\" \/>\n<script type=\"application\/ld+json\" class=\"yoast-schema-graph\">{\"@context\":\"https:\\\/\\\/schema.org\",\"@graph\":[{\"@type\":\"Article\",\"@id\":\"https:\\\/\\\/www.meydan.tv\\\/az\\\/article\\\/iranli-qadin-azerbaycanda-girov-saxlandigini-deyir\\\/#article\",\"isPartOf\":{\"@id\":\"https:\\\/\\\/www.meydan.tv\\\/az\\\/article\\\/iranli-qadin-azerbaycanda-girov-saxlandigini-deyir\\\/\"},\"author\":{\"name\":\"user-manager\",\"@id\":\"https:\\\/\\\/www.meydan.tv\\\/az\\\/#\\\/schema\\\/person\\\/10d11eccf6da3662cf5fdab9806ea91a\"},\"headline\":\"\u0130ranl\u0131 qad\u0131n Az\u0259rbaycanda girov saxland\u0131\u011f\u0131n\u0131 deyir\",\"datePublished\":\"2019-11-29T19:06:54+00:00\",\"mainEntityOfPage\":{\"@id\":\"https:\\\/\\\/www.meydan.tv\\\/az\\\/article\\\/iranli-qadin-azerbaycanda-girov-saxlandigini-deyir\\\/\"},\"wordCount\":668,\"publisher\":{\"@id\":\"https:\\\/\\\/www.meydan.tv\\\/az\\\/#organization\"},\"image\":{\"@id\":\"https:\\\/\\\/www.meydan.tv\\\/az\\\/article\\\/iranli-qadin-azerbaycanda-girov-saxlandigini-deyir\\\/#primaryimage\"},\"thumbnailUrl\":\"https:\\\/\\\/www.meydan.tv\\\/wp-content\\\/uploads\\\/76503bd9-8659-4a1d-8aaa-dd1033ec50c2_cx0_cy17_cw0_w1200_r1_s.jpg\",\"articleSection\":[\"Sosial\"],\"inLanguage\":\"az\"},{\"@type\":\"WebPage\",\"@id\":\"https:\\\/\\\/www.meydan.tv\\\/az\\\/article\\\/iranli-qadin-azerbaycanda-girov-saxlandigini-deyir\\\/\",\"url\":\"https:\\\/\\\/www.meydan.tv\\\/az\\\/article\\\/iranli-qadin-azerbaycanda-girov-saxlandigini-deyir\\\/\",\"name\":\"\u0130ranl\u0131 qad\u0131n Az\u0259rbaycanda girov saxland\u0131\u011f\u0131n\u0131 deyir - MEYDAN.TV\",\"isPartOf\":{\"@id\":\"https:\\\/\\\/www.meydan.tv\\\/az\\\/#website\"},\"primaryImageOfPage\":{\"@id\":\"https:\\\/\\\/www.meydan.tv\\\/az\\\/article\\\/iranli-qadin-azerbaycanda-girov-saxlandigini-deyir\\\/#primaryimage\"},\"image\":{\"@id\":\"https:\\\/\\\/www.meydan.tv\\\/az\\\/article\\\/iranli-qadin-azerbaycanda-girov-saxlandigini-deyir\\\/#primaryimage\"},\"thumbnailUrl\":\"https:\\\/\\\/www.meydan.tv\\\/wp-content\\\/uploads\\\/76503bd9-8659-4a1d-8aaa-dd1033ec50c2_cx0_cy17_cw0_w1200_r1_s.jpg\",\"datePublished\":\"2019-11-29T19:06:54+00:00\",\"breadcrumb\":{\"@id\":\"https:\\\/\\\/www.meydan.tv\\\/az\\\/article\\\/iranli-qadin-azerbaycanda-girov-saxlandigini-deyir\\\/#breadcrumb\"},\"inLanguage\":\"az\",\"potentialAction\":[{\"@type\":\"ReadAction\",\"target\":[\"https:\\\/\\\/www.meydan.tv\\\/az\\\/article\\\/iranli-qadin-azerbaycanda-girov-saxlandigini-deyir\\\/\"]}]},{\"@type\":\"ImageObject\",\"inLanguage\":\"az\",\"@id\":\"https:\\\/\\\/www.meydan.tv\\\/az\\\/article\\\/iranli-qadin-azerbaycanda-girov-saxlandigini-deyir\\\/#primaryimage\",\"url\":\"https:\\\/\\\/www.meydan.tv\\\/wp-content\\\/uploads\\\/76503bd9-8659-4a1d-8aaa-dd1033ec50c2_cx0_cy17_cw0_w1200_r1_s.jpg\",\"contentUrl\":\"https:\\\/\\\/www.meydan.tv\\\/wp-content\\\/uploads\\\/76503bd9-8659-4a1d-8aaa-dd1033ec50c2_cx0_cy17_cw0_w1200_r1_s.jpg\",\"width\":1200,\"height\":675,\"caption\":\"Source: Foto: AzadliqRadiosu\"},{\"@type\":\"BreadcrumbList\",\"@id\":\"https:\\\/\\\/www.meydan.tv\\\/az\\\/article\\\/iranli-qadin-azerbaycanda-girov-saxlandigini-deyir\\\/#breadcrumb\",\"itemListElement\":[{\"@type\":\"ListItem\",\"position\":1,\"name\":\"Ana s\u0259hif\u0259\",\"item\":\"https:\\\/\\\/www.meydan.tv\\\/az\\\/\"},{\"@type\":\"ListItem\",\"position\":2,\"name\":\"Sosial\",\"item\":\"https:\\\/\\\/www.meydan.tv\\\/az\\\/section\\\/sosial\\\/\"},{\"@type\":\"ListItem\",\"position\":3,\"name\":\"\u0130ranl\u0131 qad\u0131n Az\u0259rbaycanda girov saxland\u0131\u011f\u0131n\u0131 deyir\"}]},{\"@type\":\"WebSite\",\"@id\":\"https:\\\/\\\/www.meydan.tv\\\/az\\\/#website\",\"url\":\"https:\\\/\\\/www.meydan.tv\\\/az\\\/\",\"name\":\"MEYDAN.TV\",\"description\":\"Meydan TV Az\u0259rbaycan\u0131n media m\u0259kan\u0131ndak\u0131 alternativ s\u0259sidir\",\"publisher\":{\"@id\":\"https:\\\/\\\/www.meydan.tv\\\/az\\\/#organization\"},\"potentialAction\":[{\"@type\":\"SearchAction\",\"target\":{\"@type\":\"EntryPoint\",\"urlTemplate\":\"https:\\\/\\\/www.meydan.tv\\\/az\\\/?s={search_term_string}\"},\"query-input\":{\"@type\":\"PropertyValueSpecification\",\"valueRequired\":true,\"valueName\":\"search_term_string\"}}],\"inLanguage\":\"az\"},{\"@type\":\"Organization\",\"@id\":\"https:\\\/\\\/www.meydan.tv\\\/az\\\/#organization\",\"name\":\"Meydan TV\",\"url\":\"https:\\\/\\\/www.meydan.tv\\\/az\\\/\",\"logo\":{\"@type\":\"ImageObject\",\"inLanguage\":\"az\",\"@id\":\"https:\\\/\\\/www.meydan.tv\\\/az\\\/#\\\/schema\\\/logo\\\/image\\\/\",\"url\":\"https:\\\/\\\/www.meydan.tv\\\/wp-content\\\/uploads\\\/2021\\\/07\\\/meydan-logo.svg\",\"contentUrl\":\"https:\\\/\\\/www.meydan.tv\\\/wp-content\\\/uploads\\\/2021\\\/07\\\/meydan-logo.svg\",\"width\":195,\"height\":46,\"caption\":\"Meydan TV\"},\"image\":{\"@id\":\"https:\\\/\\\/www.meydan.tv\\\/az\\\/#\\\/schema\\\/logo\\\/image\\\/\"}},{\"@type\":\"Person\",\"@id\":\"https:\\\/\\\/www.meydan.tv\\\/az\\\/#\\\/schema\\\/person\\\/10d11eccf6da3662cf5fdab9806ea91a\",\"name\":\"user-manager\"}]}<\/script>\n<!-- \/ Yoast SEO plugin. -->","yoast_head_json":{"title":"\u0130ranl\u0131 qad\u0131n Az\u0259rbaycanda girov saxland\u0131\u011f\u0131n\u0131 deyir - MEYDAN.TV","robots":{"index":"index","follow":"follow","max-snippet":"max-snippet:-1","max-image-preview":"max-image-preview:large","max-video-preview":"max-video-preview:-1"},"canonical":"https:\/\/www.meydan.tv\/az\/article\/iranli-qadin-azerbaycanda-girov-saxlandigini-deyir\/","og_locale":"az_AZ","og_type":"article","og_title":"\u0130ranl\u0131 qad\u0131n Az\u0259rbaycanda girov saxland\u0131\u011f\u0131n\u0131 deyir - MEYDAN.TV","og_description":"\u201cM\u0259n, k\u00f6rp\u0259 \u00f6vlad\u0131m, anam bir il\u0259 yax\u0131nd\u0131r z\u00fclmd\u0259yik\".","og_url":"https:\/\/www.meydan.tv\/az\/article\/iranli-qadin-azerbaycanda-girov-saxlandigini-deyir\/","og_site_name":"MEYDAN.TV","article_published_time":"2019-11-29T19:06:54+00:00","og_image":[{"width":1200,"height":675,"url":"https:\/\/www.meydan.tv\/wp-content\/uploads\/76503bd9-8659-4a1d-8aaa-dd1033ec50c2_cx0_cy17_cw0_w1200_r1_s.jpg","type":"image\/jpeg"}],"author":"user-manager","twitter_card":"summary_large_image","schema":{"@context":"https:\/\/schema.org","@graph":[{"@type":"Article","@id":"https:\/\/www.meydan.tv\/az\/article\/iranli-qadin-azerbaycanda-girov-saxlandigini-deyir\/#article","isPartOf":{"@id":"https:\/\/www.meydan.tv\/az\/article\/iranli-qadin-azerbaycanda-girov-saxlandigini-deyir\/"},"author":{"name":"user-manager","@id":"https:\/\/www.meydan.tv\/az\/#\/schema\/person\/10d11eccf6da3662cf5fdab9806ea91a"},"headline":"\u0130ranl\u0131 qad\u0131n Az\u0259rbaycanda girov saxland\u0131\u011f\u0131n\u0131 deyir","datePublished":"2019-11-29T19:06:54+00:00","mainEntityOfPage":{"@id":"https:\/\/www.meydan.tv\/az\/article\/iranli-qadin-azerbaycanda-girov-saxlandigini-deyir\/"},"wordCount":668,"publisher":{"@id":"https:\/\/www.meydan.tv\/az\/#organization"},"image":{"@id":"https:\/\/www.meydan.tv\/az\/article\/iranli-qadin-azerbaycanda-girov-saxlandigini-deyir\/#primaryimage"},"thumbnailUrl":"https:\/\/www.meydan.tv\/wp-content\/uploads\/76503bd9-8659-4a1d-8aaa-dd1033ec50c2_cx0_cy17_cw0_w1200_r1_s.jpg","articleSection":["Sosial"],"inLanguage":"az"},{"@type":"WebPage","@id":"https:\/\/www.meydan.tv\/az\/article\/iranli-qadin-azerbaycanda-girov-saxlandigini-deyir\/","url":"https:\/\/www.meydan.tv\/az\/article\/iranli-qadin-azerbaycanda-girov-saxlandigini-deyir\/","name":"\u0130ranl\u0131 qad\u0131n Az\u0259rbaycanda girov saxland\u0131\u011f\u0131n\u0131 deyir - MEYDAN.TV","isPartOf":{"@id":"https:\/\/www.meydan.tv\/az\/#website"},"primaryImageOfPage":{"@id":"https:\/\/www.meydan.tv\/az\/article\/iranli-qadin-azerbaycanda-girov-saxlandigini-deyir\/#primaryimage"},"image":{"@id":"https:\/\/www.meydan.tv\/az\/article\/iranli-qadin-azerbaycanda-girov-saxlandigini-deyir\/#primaryimage"},"thumbnailUrl":"https:\/\/www.meydan.tv\/wp-content\/uploads\/76503bd9-8659-4a1d-8aaa-dd1033ec50c2_cx0_cy17_cw0_w1200_r1_s.jpg","datePublished":"2019-11-29T19:06:54+00:00","breadcrumb":{"@id":"https:\/\/www.meydan.tv\/az\/article\/iranli-qadin-azerbaycanda-girov-saxlandigini-deyir\/#breadcrumb"},"inLanguage":"az","potentialAction":[{"@type":"ReadAction","target":["https:\/\/www.meydan.tv\/az\/article\/iranli-qadin-azerbaycanda-girov-saxlandigini-deyir\/"]}]},{"@type":"ImageObject","inLanguage":"az","@id":"https:\/\/www.meydan.tv\/az\/article\/iranli-qadin-azerbaycanda-girov-saxlandigini-deyir\/#primaryimage","url":"https:\/\/www.meydan.tv\/wp-content\/uploads\/76503bd9-8659-4a1d-8aaa-dd1033ec50c2_cx0_cy17_cw0_w1200_r1_s.jpg","contentUrl":"https:\/\/www.meydan.tv\/wp-content\/uploads\/76503bd9-8659-4a1d-8aaa-dd1033ec50c2_cx0_cy17_cw0_w1200_r1_s.jpg","width":1200,"height":675,"caption":"Source: Foto: AzadliqRadiosu"},{"@type":"BreadcrumbList","@id":"https:\/\/www.meydan.tv\/az\/article\/iranli-qadin-azerbaycanda-girov-saxlandigini-deyir\/#breadcrumb","itemListElement":[{"@type":"ListItem","position":1,"name":"Ana s\u0259hif\u0259","item":"https:\/\/www.meydan.tv\/az\/"},{"@type":"ListItem","position":2,"name":"Sosial","item":"https:\/\/www.meydan.tv\/az\/section\/sosial\/"},{"@type":"ListItem","position":3,"name":"\u0130ranl\u0131 qad\u0131n Az\u0259rbaycanda girov saxland\u0131\u011f\u0131n\u0131 deyir"}]},{"@type":"WebSite","@id":"https:\/\/www.meydan.tv\/az\/#website","url":"https:\/\/www.meydan.tv\/az\/","name":"MEYDAN.TV","description":"Meydan TV Az\u0259rbaycan\u0131n media m\u0259kan\u0131ndak\u0131 alternativ s\u0259sidir","publisher":{"@id":"https:\/\/www.meydan.tv\/az\/#organization"},"potentialAction":[{"@type":"SearchAction","target":{"@type":"EntryPoint","urlTemplate":"https:\/\/www.meydan.tv\/az\/?s={search_term_string}"},"query-input":{"@type":"PropertyValueSpecification","valueRequired":true,"valueName":"search_term_string"}}],"inLanguage":"az"},{"@type":"Organization","@id":"https:\/\/www.meydan.tv\/az\/#organization","name":"Meydan TV","url":"https:\/\/www.meydan.tv\/az\/","logo":{"@type":"ImageObject","inLanguage":"az","@id":"https:\/\/www.meydan.tv\/az\/#\/schema\/logo\/image\/","url":"https:\/\/www.meydan.tv\/wp-content\/uploads\/2021\/07\/meydan-logo.svg","contentUrl":"https:\/\/www.meydan.tv\/wp-content\/uploads\/2021\/07\/meydan-logo.svg","width":195,"height":46,"caption":"Meydan TV"},"image":{"@id":"https:\/\/www.meydan.tv\/az\/#\/schema\/logo\/image\/"}},{"@type":"Person","@id":"https:\/\/www.meydan.tv\/az\/#\/schema\/person\/10d11eccf6da3662cf5fdab9806ea91a","name":"user-manager"}]}},"_links":{"self":[{"href":"https:\/\/www.meydan.tv\/az\/wp-json\/wp\/v2\/posts\/198174","targetHints":{"allow":["GET"]}}],"collection":[{"href":"https:\/\/www.meydan.tv\/az\/wp-json\/wp\/v2\/posts"}],"about":[{"href":"https:\/\/www.meydan.tv\/az\/wp-json\/wp\/v2\/types\/post"}],"author":[{"embeddable":true,"href":"https:\/\/www.meydan.tv\/az\/wp-json\/wp\/v2\/users\/11"}],"replies":[{"embeddable":true,"href":"https:\/\/www.meydan.tv\/az\/wp-json\/wp\/v2\/comments?post=198174"}],"version-history":[{"count":0,"href":"https:\/\/www.meydan.tv\/az\/wp-json\/wp\/v2\/posts\/198174\/revisions"}],"wp:featuredmedia":[{"embeddable":true,"href":"https:\/\/www.meydan.tv\/az\/wp-json\/wp\/v2\/media\/133828"}],"wp:attachment":[{"href":"https:\/\/www.meydan.tv\/az\/wp-json\/wp\/v2\/media?parent=198174"}],"wp:term":[{"taxonomy":"category","embeddable":true,"href":"https:\/\/www.meydan.tv\/az\/wp-json\/wp\/v2\/categories?post=198174"},{"taxonomy":"post_tag","embeddable":true,"href":"https:\/\/www.meydan.tv\/az\/wp-json\/wp\/v2\/tags?post=198174"}],"curies":[{"name":"wp","href":"https:\/\/api.w.org\/{rel}","templated":true}]}}