{"id":198171,"date":"2019-11-29T18:14:11","date_gmt":"2019-11-29T18:14:11","guid":{"rendered":"https:\/\/www.meydan.tv\/article\/din-xadimi-sistani-hokumetin-etrazcilara-guc-tetbiqini-pisleyib\/"},"modified":"2019-11-29T18:14:11","modified_gmt":"2019-11-29T18:14:11","slug":"din-xadimi-sistani-hokumetin-etrazcilara-guc-tetbiqini-pisleyib","status":"publish","type":"post","link":"https:\/\/www.meydan.tv\/az\/article\/din-xadimi-sistani-hokumetin-etrazcilara-guc-tetbiqini-pisleyib\/","title":{"rendered":"Din xadimi Sistani h\u00f6kum\u0259tin etraz\u00e7\u0131lara g\u00fcc t\u0259tbiqini pisl\u0259yib"},"content":{"rendered":"<p>\n  <i><br \/>\n    T\u0259hl\u00fck\u0259sizlik m\u0259nb\u0259l\u0259rinin verdiyi m\u0259lumata g\u00f6r\u0259, n\u00fcmayi\u015f\u00e7il\u0259r bir polis b\u00f6lm\u0259sini yand\u0131r\u0131b<br \/>\n  <\/i>\n<\/p>\n<p>\n  \u0130raq \u015fi\u0259 din xadimi Ayatollah \u018fli Sistani h\u00f6kum\u0259t \u0259leyhin\u0259 etiraz\u00e7\u0131lara qar\u015f\u0131 g\u00fcc t\u0259tbiq edilm\u0259sini q\u0131nay\u0131b. RFE\/RL x\u0259b\u0259r verir ki, o, h\u0259m\u00e7inin n\u00fcmayi\u015f\u00e7il\u0259ri \u015fidd\u0259t v\u0259 vandalizm h\u0259r\u0259k\u0259tl\u0259rind\u0259n \u00e7\u0259kinm\u0259y\u0259 \u00e7a\u011f\u0131r\u0131b.\n<\/p>\n<p>\n  Sistani oktyabr ay\u0131n\u0131n \u0259vv\u0259lind\u0259 ba\u015flad\u0131\u011f\u0131 g\u00fcnd\u0259n b\u0259ri \u0259n az\u0131 350 n\u0259f\u0259rin \u00f6l\u00fcm\u00fc v\u0259 minl\u0259rl\u0259 insan\u0131n yaralanmas\u0131na s\u0259b\u0259b olan etirazlar plan\u0131nda parlamenti haz\u0131rk\u0131 kabineti d\u0259st\u0259kl\u0259m\u0259m\u0259y\u0259 \u00e7a\u011f\u0131r\u0131b.\n<\/p>\n<p>\n  \u201cHaz\u0131rk\u0131 h\u00f6kum\u0259tin t\u0259\u015fkil olundu\u011fu parlamentd\u0259n xahi\u015f edilir ki, bu m\u0259s\u0259l\u0259d\u0259 se\u00e7imini bir daha n\u0259z\u0259rd\u0259n ke\u00e7irsin v\u0259 \u00f6vladlar\u0131n\u0131n qan\u0131n\u0131 qorumaqdan \u00f6tr\u00fc \u0130raq xalq\u0131n\u0131n mara\u011f\u0131na uy\u011fun h\u0259r\u0259k\u0259t etsin\u201d,- Sistaninin t\u0259msil\u00e7isi 29 noyabrda c\u00fcm\u0259 namaz\u0131 zaman\u0131 verdiyi x\u00fctb\u0259d\u0259 onun s\u00f6zl\u0259rini s\u0259sl\u0259ndirib.\n<\/p>\n<p>\n  \u0130raql\u0131lar Ba\u011fdad\u0131n k\u00fc\u00e7\u0259l\u0259rin\u0259 ax\u0131\u015faraq h\u00f6kum\u0259td\u0259n daha \u00e7ox i\u015f t\u0259l\u0259b etm\u0259kl\u0259 yana\u015f\u0131, idar\u0259\u00e7il\u0259rin endemik korrupsiyaya son qoymas\u0131n\u0131 v\u0259 d\u00f6vl\u0259t xidm\u0259tl\u0259rinin yax\u015f\u0131la\u015fd\u0131r\u0131lmas\u0131n\u0131 t\u0259l\u0259b edibl\u0259r.\n<\/p>\n<p>\n  Noyabr\u0131n 29-da minl\u0259rl\u0259 etiraz\u00e7\u0131 yenid\u0259n \u0130raq\u0131n c\u0259nubunda, h\u00f6kum\u0259t \u0259leyhin\u0259 mitinql\u0259rd\u0259 \u0259n az 33 n\u0259f\u0259rin \u00f6ld\u00fcr\u00fclm\u0259sind\u0259n sonra yenid\u0259n bir araya g\u0259libl\u0259r.\n<\/p>\n<p>\n  Noyabr\u0131n 28-d\u0259 Nasiriyah \u015f\u0259h\u0259rind\u0259 t\u0259hl\u00fck\u0259sizlik q\u00fcvv\u0259l\u0259rinin etiraz\u00e7\u0131lar\u0131n \u0259l\u0259 ke\u00e7irdiyi iki k\u00f6rp\u00fcn\u00fc t\u0259mizl\u0259m\u0259k \u00fc\u00e7\u00fcn odlu silah v\u0259 g\u00f6zya\u015fard\u0131c\u0131 qazdan istifad\u0259 etm\u0259sind\u0259n sonra \u0259n az 25 n\u0259f\u0259rin \u00f6ld\u00fcr\u00fcld\u00fcy\u00fc bildirilir. T\u0259hl\u00fck\u0259sizlik m\u0259nb\u0259l\u0259rinin verdiyi m\u0259lumata g\u00f6r\u0259, n\u00fcmayi\u015f\u00e7il\u0259r bir polis b\u00f6lm\u0259sini yand\u0131r\u0131b.\n<\/p>\n<p>\n  X\u0259b\u0259rl\u0259rd\u0259 bildirilir ki, etiraz\u00e7\u0131lar parlament v\u0259 h\u00f6kum\u0259t binalar\u0131n\u0131n yerl\u0259\u015fdiyi Ya\u015f\u0131l B\u00f6lg\u0259y\u0259 ke\u00e7m\u0259y\u0259 \u00e7al\u0131\u015fark\u0259n Ba\u011fdad\u0131n \u018fhrar k\u00f6rp\u00fcs\u00fcn\u0259 d\u0259 odlu silahlardan at\u0259\u015f edilib. Hadis\u0259 zaman\u0131 d\u00f6rd n\u0259f\u0259rin \u00f6ld\u00fcr\u00fcld\u00fcy\u00fc bildirilir.\n<\/p>\n<p>\n  N\u0259c\u0259f \u015f\u0259h\u0259rinin c\u0259nubunda ba\u015f ver\u0259n qar\u015f\u0131durmalarda daha d\u00f6rd n\u0259f\u0259rin \u00f6ld\u00fcy\u00fc qeyd edilir.\n<\/p>\n<p>\n  \u0130raq h\u0259rbi q\u00fcvv\u0259l\u0259ri 28 noyabrda t\u0259hl\u00fck\u0259sizlik v\u0259 asayi\u015fin b\u0259rpas\u0131 \u00fc\u00e7\u00fcn bir ne\u00e7\u0259 vilay\u0259td\u0259 operativ q\u0259rargahlar yarad\u0131ld\u0131\u011f\u0131n\u0131 qeyd edib.<\/p>\n","protected":false},"excerpt":{"rendered":"<p>Sistani oktyabr ay\u0131n\u0131n \u0259vv\u0259lind\u0259 ba\u015flad\u0131\u011f\u0131 g\u00fcnd\u0259n b\u0259ri \u0259n az\u0131 350 n\u0259f\u0259rin \u00f6l\u00fcm\u00fc v\u0259 minl\u0259rl\u0259 insan\u0131n yaralanmas\u0131na s\u0259b\u0259b olan etirazlar plan\u0131nda parlamenti haz\u0131rk\u0131 kabineti d\u0259st\u0259kl\u0259m\u0259m\u0259y\u0259 \u00e7a\u011f\u0131r\u0131b.<\/p>\n","protected":false},"author":11,"featured_media":133825,"comment_status":"closed","ping_status":"open","sticky":false,"template":"","format":"standard","meta":{"_acf_changed":false,"_sitemap_exclude":false,"_sitemap_priority":"","_sitemap_frequency":"","footnotes":""},"categories":[64],"tags":[],"class_list":["post-198171","post","type-post","status-publish","format-standard","has-post-thumbnail","hentry","category-dunya","infinite-scroll-item","generate-columns","tablet-grid-50","mobile-grid-100","grid-parent","grid-33","no-featured-image-padding"],"acf":[],"yoast_head":"<!-- This site is optimized with the Yoast SEO plugin v27.5 - https:\/\/yoast.com\/product\/yoast-seo-wordpress\/ -->\n<title>Din xadimi Sistani h\u00f6kum\u0259tin etraz\u00e7\u0131lara g\u00fcc t\u0259tbiqini pisl\u0259yib - MEYDAN.TV<\/title>\n<meta name=\"robots\" content=\"index, follow, max-snippet:-1, max-image-preview:large, max-video-preview:-1\" \/>\n<link rel=\"canonical\" href=\"https:\/\/www.meydan.tv\/az\/article\/din-xadimi-sistani-hokumetin-etrazcilara-guc-tetbiqini-pisleyib\/\" \/>\n<meta property=\"og:locale\" content=\"az_AZ\" \/>\n<meta property=\"og:type\" content=\"article\" \/>\n<meta property=\"og:title\" content=\"Din xadimi Sistani h\u00f6kum\u0259tin etraz\u00e7\u0131lara g\u00fcc t\u0259tbiqini pisl\u0259yib - MEYDAN.TV\" \/>\n<meta property=\"og:description\" content=\"Sistani oktyabr ay\u0131n\u0131n \u0259vv\u0259lind\u0259 ba\u015flad\u0131\u011f\u0131 g\u00fcnd\u0259n b\u0259ri \u0259n az\u0131 350 n\u0259f\u0259rin \u00f6l\u00fcm\u00fc v\u0259 minl\u0259rl\u0259 insan\u0131n yaralanmas\u0131na s\u0259b\u0259b olan etirazlar plan\u0131nda parlamenti haz\u0131rk\u0131 kabineti d\u0259st\u0259kl\u0259m\u0259m\u0259y\u0259 \u00e7a\u011f\u0131r\u0131b.\" \/>\n<meta property=\"og:url\" content=\"https:\/\/www.meydan.tv\/az\/article\/din-xadimi-sistani-hokumetin-etrazcilara-guc-tetbiqini-pisleyib\/\" \/>\n<meta property=\"og:site_name\" content=\"MEYDAN.TV\" \/>\n<meta property=\"article:published_time\" content=\"2019-11-29T18:14:11+00:00\" \/>\n<meta property=\"og:image\" content=\"https:\/\/www.meydan.tv\/wp-content\/uploads\/2018_5-4-ali-al-sistani29178419_1644565655631972_1690535407294349312_n.jpg\" \/>\n\t<meta property=\"og:image:width\" content=\"1200\" \/>\n\t<meta property=\"og:image:height\" content=\"800\" \/>\n\t<meta property=\"og:image:type\" content=\"image\/jpeg\" \/>\n<meta name=\"author\" content=\"user-manager\" \/>\n<meta name=\"twitter:card\" content=\"summary_large_image\" \/>\n<script type=\"application\/ld+json\" class=\"yoast-schema-graph\">{\"@context\":\"https:\\\/\\\/schema.org\",\"@graph\":[{\"@type\":\"Article\",\"@id\":\"https:\\\/\\\/www.meydan.tv\\\/az\\\/article\\\/din-xadimi-sistani-hokumetin-etrazcilara-guc-tetbiqini-pisleyib\\\/#article\",\"isPartOf\":{\"@id\":\"https:\\\/\\\/www.meydan.tv\\\/az\\\/article\\\/din-xadimi-sistani-hokumetin-etrazcilara-guc-tetbiqini-pisleyib\\\/\"},\"author\":{\"name\":\"user-manager\",\"@id\":\"https:\\\/\\\/www.meydan.tv\\\/az\\\/#\\\/schema\\\/person\\\/10d11eccf6da3662cf5fdab9806ea91a\"},\"headline\":\"Din xadimi Sistani h\u00f6kum\u0259tin etraz\u00e7\u0131lara g\u00fcc t\u0259tbiqini pisl\u0259yib\",\"datePublished\":\"2019-11-29T18:14:11+00:00\",\"mainEntityOfPage\":{\"@id\":\"https:\\\/\\\/www.meydan.tv\\\/az\\\/article\\\/din-xadimi-sistani-hokumetin-etrazcilara-guc-tetbiqini-pisleyib\\\/\"},\"wordCount\":479,\"publisher\":{\"@id\":\"https:\\\/\\\/www.meydan.tv\\\/az\\\/#organization\"},\"image\":{\"@id\":\"https:\\\/\\\/www.meydan.tv\\\/az\\\/article\\\/din-xadimi-sistani-hokumetin-etrazcilara-guc-tetbiqini-pisleyib\\\/#primaryimage\"},\"thumbnailUrl\":\"https:\\\/\\\/www.meydan.tv\\\/wp-content\\\/uploads\\\/2018_5-4-ali-al-sistani29178419_1644565655631972_1690535407294349312_n.jpg\",\"articleSection\":[\"D\u00fcnya\"],\"inLanguage\":\"az\"},{\"@type\":\"WebPage\",\"@id\":\"https:\\\/\\\/www.meydan.tv\\\/az\\\/article\\\/din-xadimi-sistani-hokumetin-etrazcilara-guc-tetbiqini-pisleyib\\\/\",\"url\":\"https:\\\/\\\/www.meydan.tv\\\/az\\\/article\\\/din-xadimi-sistani-hokumetin-etrazcilara-guc-tetbiqini-pisleyib\\\/\",\"name\":\"Din xadimi Sistani h\u00f6kum\u0259tin etraz\u00e7\u0131lara g\u00fcc t\u0259tbiqini pisl\u0259yib - MEYDAN.TV\",\"isPartOf\":{\"@id\":\"https:\\\/\\\/www.meydan.tv\\\/az\\\/#website\"},\"primaryImageOfPage\":{\"@id\":\"https:\\\/\\\/www.meydan.tv\\\/az\\\/article\\\/din-xadimi-sistani-hokumetin-etrazcilara-guc-tetbiqini-pisleyib\\\/#primaryimage\"},\"image\":{\"@id\":\"https:\\\/\\\/www.meydan.tv\\\/az\\\/article\\\/din-xadimi-sistani-hokumetin-etrazcilara-guc-tetbiqini-pisleyib\\\/#primaryimage\"},\"thumbnailUrl\":\"https:\\\/\\\/www.meydan.tv\\\/wp-content\\\/uploads\\\/2018_5-4-ali-al-sistani29178419_1644565655631972_1690535407294349312_n.jpg\",\"datePublished\":\"2019-11-29T18:14:11+00:00\",\"breadcrumb\":{\"@id\":\"https:\\\/\\\/www.meydan.tv\\\/az\\\/article\\\/din-xadimi-sistani-hokumetin-etrazcilara-guc-tetbiqini-pisleyib\\\/#breadcrumb\"},\"inLanguage\":\"az\",\"potentialAction\":[{\"@type\":\"ReadAction\",\"target\":[\"https:\\\/\\\/www.meydan.tv\\\/az\\\/article\\\/din-xadimi-sistani-hokumetin-etrazcilara-guc-tetbiqini-pisleyib\\\/\"]}]},{\"@type\":\"ImageObject\",\"inLanguage\":\"az\",\"@id\":\"https:\\\/\\\/www.meydan.tv\\\/az\\\/article\\\/din-xadimi-sistani-hokumetin-etrazcilara-guc-tetbiqini-pisleyib\\\/#primaryimage\",\"url\":\"https:\\\/\\\/www.meydan.tv\\\/wp-content\\\/uploads\\\/2018_5-4-ali-al-sistani29178419_1644565655631972_1690535407294349312_n.jpg\",\"contentUrl\":\"https:\\\/\\\/www.meydan.tv\\\/wp-content\\\/uploads\\\/2018_5-4-ali-al-sistani29178419_1644565655631972_1690535407294349312_n.jpg\",\"width\":1200,\"height\":800,\"caption\":\"Source: Foto: arxiv\"},{\"@type\":\"BreadcrumbList\",\"@id\":\"https:\\\/\\\/www.meydan.tv\\\/az\\\/article\\\/din-xadimi-sistani-hokumetin-etrazcilara-guc-tetbiqini-pisleyib\\\/#breadcrumb\",\"itemListElement\":[{\"@type\":\"ListItem\",\"position\":1,\"name\":\"Ana s\u0259hif\u0259\",\"item\":\"https:\\\/\\\/www.meydan.tv\\\/az\\\/\"},{\"@type\":\"ListItem\",\"position\":2,\"name\":\"D\u00fcnya\",\"item\":\"https:\\\/\\\/www.meydan.tv\\\/az\\\/section\\\/dunya\\\/\"},{\"@type\":\"ListItem\",\"position\":3,\"name\":\"Din xadimi Sistani h\u00f6kum\u0259tin etraz\u00e7\u0131lara g\u00fcc t\u0259tbiqini pisl\u0259yib\"}]},{\"@type\":\"WebSite\",\"@id\":\"https:\\\/\\\/www.meydan.tv\\\/az\\\/#website\",\"url\":\"https:\\\/\\\/www.meydan.tv\\\/az\\\/\",\"name\":\"MEYDAN.TV\",\"description\":\"Meydan TV Az\u0259rbaycan\u0131n media m\u0259kan\u0131ndak\u0131 alternativ s\u0259sidir\",\"publisher\":{\"@id\":\"https:\\\/\\\/www.meydan.tv\\\/az\\\/#organization\"},\"potentialAction\":[{\"@type\":\"SearchAction\",\"target\":{\"@type\":\"EntryPoint\",\"urlTemplate\":\"https:\\\/\\\/www.meydan.tv\\\/az\\\/?s={search_term_string}\"},\"query-input\":{\"@type\":\"PropertyValueSpecification\",\"valueRequired\":true,\"valueName\":\"search_term_string\"}}],\"inLanguage\":\"az\"},{\"@type\":\"Organization\",\"@id\":\"https:\\\/\\\/www.meydan.tv\\\/az\\\/#organization\",\"name\":\"Meydan TV\",\"url\":\"https:\\\/\\\/www.meydan.tv\\\/az\\\/\",\"logo\":{\"@type\":\"ImageObject\",\"inLanguage\":\"az\",\"@id\":\"https:\\\/\\\/www.meydan.tv\\\/az\\\/#\\\/schema\\\/logo\\\/image\\\/\",\"url\":\"https:\\\/\\\/www.meydan.tv\\\/wp-content\\\/uploads\\\/2021\\\/07\\\/meydan-logo.svg\",\"contentUrl\":\"https:\\\/\\\/www.meydan.tv\\\/wp-content\\\/uploads\\\/2021\\\/07\\\/meydan-logo.svg\",\"width\":195,\"height\":46,\"caption\":\"Meydan TV\"},\"image\":{\"@id\":\"https:\\\/\\\/www.meydan.tv\\\/az\\\/#\\\/schema\\\/logo\\\/image\\\/\"}},{\"@type\":\"Person\",\"@id\":\"https:\\\/\\\/www.meydan.tv\\\/az\\\/#\\\/schema\\\/person\\\/10d11eccf6da3662cf5fdab9806ea91a\",\"name\":\"user-manager\"}]}<\/script>\n<!-- \/ Yoast SEO plugin. -->","yoast_head_json":{"title":"Din xadimi Sistani h\u00f6kum\u0259tin etraz\u00e7\u0131lara g\u00fcc t\u0259tbiqini pisl\u0259yib - MEYDAN.TV","robots":{"index":"index","follow":"follow","max-snippet":"max-snippet:-1","max-image-preview":"max-image-preview:large","max-video-preview":"max-video-preview:-1"},"canonical":"https:\/\/www.meydan.tv\/az\/article\/din-xadimi-sistani-hokumetin-etrazcilara-guc-tetbiqini-pisleyib\/","og_locale":"az_AZ","og_type":"article","og_title":"Din xadimi Sistani h\u00f6kum\u0259tin etraz\u00e7\u0131lara g\u00fcc t\u0259tbiqini pisl\u0259yib - MEYDAN.TV","og_description":"Sistani oktyabr ay\u0131n\u0131n \u0259vv\u0259lind\u0259 ba\u015flad\u0131\u011f\u0131 g\u00fcnd\u0259n b\u0259ri \u0259n az\u0131 350 n\u0259f\u0259rin \u00f6l\u00fcm\u00fc v\u0259 minl\u0259rl\u0259 insan\u0131n yaralanmas\u0131na s\u0259b\u0259b olan etirazlar plan\u0131nda parlamenti haz\u0131rk\u0131 kabineti d\u0259st\u0259kl\u0259m\u0259m\u0259y\u0259 \u00e7a\u011f\u0131r\u0131b.","og_url":"https:\/\/www.meydan.tv\/az\/article\/din-xadimi-sistani-hokumetin-etrazcilara-guc-tetbiqini-pisleyib\/","og_site_name":"MEYDAN.TV","article_published_time":"2019-11-29T18:14:11+00:00","og_image":[{"width":1200,"height":800,"url":"https:\/\/www.meydan.tv\/wp-content\/uploads\/2018_5-4-ali-al-sistani29178419_1644565655631972_1690535407294349312_n.jpg","type":"image\/jpeg"}],"author":"user-manager","twitter_card":"summary_large_image","schema":{"@context":"https:\/\/schema.org","@graph":[{"@type":"Article","@id":"https:\/\/www.meydan.tv\/az\/article\/din-xadimi-sistani-hokumetin-etrazcilara-guc-tetbiqini-pisleyib\/#article","isPartOf":{"@id":"https:\/\/www.meydan.tv\/az\/article\/din-xadimi-sistani-hokumetin-etrazcilara-guc-tetbiqini-pisleyib\/"},"author":{"name":"user-manager","@id":"https:\/\/www.meydan.tv\/az\/#\/schema\/person\/10d11eccf6da3662cf5fdab9806ea91a"},"headline":"Din xadimi Sistani h\u00f6kum\u0259tin etraz\u00e7\u0131lara g\u00fcc t\u0259tbiqini pisl\u0259yib","datePublished":"2019-11-29T18:14:11+00:00","mainEntityOfPage":{"@id":"https:\/\/www.meydan.tv\/az\/article\/din-xadimi-sistani-hokumetin-etrazcilara-guc-tetbiqini-pisleyib\/"},"wordCount":479,"publisher":{"@id":"https:\/\/www.meydan.tv\/az\/#organization"},"image":{"@id":"https:\/\/www.meydan.tv\/az\/article\/din-xadimi-sistani-hokumetin-etrazcilara-guc-tetbiqini-pisleyib\/#primaryimage"},"thumbnailUrl":"https:\/\/www.meydan.tv\/wp-content\/uploads\/2018_5-4-ali-al-sistani29178419_1644565655631972_1690535407294349312_n.jpg","articleSection":["D\u00fcnya"],"inLanguage":"az"},{"@type":"WebPage","@id":"https:\/\/www.meydan.tv\/az\/article\/din-xadimi-sistani-hokumetin-etrazcilara-guc-tetbiqini-pisleyib\/","url":"https:\/\/www.meydan.tv\/az\/article\/din-xadimi-sistani-hokumetin-etrazcilara-guc-tetbiqini-pisleyib\/","name":"Din xadimi Sistani h\u00f6kum\u0259tin etraz\u00e7\u0131lara g\u00fcc t\u0259tbiqini pisl\u0259yib - MEYDAN.TV","isPartOf":{"@id":"https:\/\/www.meydan.tv\/az\/#website"},"primaryImageOfPage":{"@id":"https:\/\/www.meydan.tv\/az\/article\/din-xadimi-sistani-hokumetin-etrazcilara-guc-tetbiqini-pisleyib\/#primaryimage"},"image":{"@id":"https:\/\/www.meydan.tv\/az\/article\/din-xadimi-sistani-hokumetin-etrazcilara-guc-tetbiqini-pisleyib\/#primaryimage"},"thumbnailUrl":"https:\/\/www.meydan.tv\/wp-content\/uploads\/2018_5-4-ali-al-sistani29178419_1644565655631972_1690535407294349312_n.jpg","datePublished":"2019-11-29T18:14:11+00:00","breadcrumb":{"@id":"https:\/\/www.meydan.tv\/az\/article\/din-xadimi-sistani-hokumetin-etrazcilara-guc-tetbiqini-pisleyib\/#breadcrumb"},"inLanguage":"az","potentialAction":[{"@type":"ReadAction","target":["https:\/\/www.meydan.tv\/az\/article\/din-xadimi-sistani-hokumetin-etrazcilara-guc-tetbiqini-pisleyib\/"]}]},{"@type":"ImageObject","inLanguage":"az","@id":"https:\/\/www.meydan.tv\/az\/article\/din-xadimi-sistani-hokumetin-etrazcilara-guc-tetbiqini-pisleyib\/#primaryimage","url":"https:\/\/www.meydan.tv\/wp-content\/uploads\/2018_5-4-ali-al-sistani29178419_1644565655631972_1690535407294349312_n.jpg","contentUrl":"https:\/\/www.meydan.tv\/wp-content\/uploads\/2018_5-4-ali-al-sistani29178419_1644565655631972_1690535407294349312_n.jpg","width":1200,"height":800,"caption":"Source: Foto: arxiv"},{"@type":"BreadcrumbList","@id":"https:\/\/www.meydan.tv\/az\/article\/din-xadimi-sistani-hokumetin-etrazcilara-guc-tetbiqini-pisleyib\/#breadcrumb","itemListElement":[{"@type":"ListItem","position":1,"name":"Ana s\u0259hif\u0259","item":"https:\/\/www.meydan.tv\/az\/"},{"@type":"ListItem","position":2,"name":"D\u00fcnya","item":"https:\/\/www.meydan.tv\/az\/section\/dunya\/"},{"@type":"ListItem","position":3,"name":"Din xadimi Sistani h\u00f6kum\u0259tin etraz\u00e7\u0131lara g\u00fcc t\u0259tbiqini pisl\u0259yib"}]},{"@type":"WebSite","@id":"https:\/\/www.meydan.tv\/az\/#website","url":"https:\/\/www.meydan.tv\/az\/","name":"MEYDAN.TV","description":"Meydan TV Az\u0259rbaycan\u0131n media m\u0259kan\u0131ndak\u0131 alternativ s\u0259sidir","publisher":{"@id":"https:\/\/www.meydan.tv\/az\/#organization"},"potentialAction":[{"@type":"SearchAction","target":{"@type":"EntryPoint","urlTemplate":"https:\/\/www.meydan.tv\/az\/?s={search_term_string}"},"query-input":{"@type":"PropertyValueSpecification","valueRequired":true,"valueName":"search_term_string"}}],"inLanguage":"az"},{"@type":"Organization","@id":"https:\/\/www.meydan.tv\/az\/#organization","name":"Meydan TV","url":"https:\/\/www.meydan.tv\/az\/","logo":{"@type":"ImageObject","inLanguage":"az","@id":"https:\/\/www.meydan.tv\/az\/#\/schema\/logo\/image\/","url":"https:\/\/www.meydan.tv\/wp-content\/uploads\/2021\/07\/meydan-logo.svg","contentUrl":"https:\/\/www.meydan.tv\/wp-content\/uploads\/2021\/07\/meydan-logo.svg","width":195,"height":46,"caption":"Meydan TV"},"image":{"@id":"https:\/\/www.meydan.tv\/az\/#\/schema\/logo\/image\/"}},{"@type":"Person","@id":"https:\/\/www.meydan.tv\/az\/#\/schema\/person\/10d11eccf6da3662cf5fdab9806ea91a","name":"user-manager"}]}},"_links":{"self":[{"href":"https:\/\/www.meydan.tv\/az\/wp-json\/wp\/v2\/posts\/198171","targetHints":{"allow":["GET"]}}],"collection":[{"href":"https:\/\/www.meydan.tv\/az\/wp-json\/wp\/v2\/posts"}],"about":[{"href":"https:\/\/www.meydan.tv\/az\/wp-json\/wp\/v2\/types\/post"}],"author":[{"embeddable":true,"href":"https:\/\/www.meydan.tv\/az\/wp-json\/wp\/v2\/users\/11"}],"replies":[{"embeddable":true,"href":"https:\/\/www.meydan.tv\/az\/wp-json\/wp\/v2\/comments?post=198171"}],"version-history":[{"count":0,"href":"https:\/\/www.meydan.tv\/az\/wp-json\/wp\/v2\/posts\/198171\/revisions"}],"wp:featuredmedia":[{"embeddable":true,"href":"https:\/\/www.meydan.tv\/az\/wp-json\/wp\/v2\/media\/133825"}],"wp:attachment":[{"href":"https:\/\/www.meydan.tv\/az\/wp-json\/wp\/v2\/media?parent=198171"}],"wp:term":[{"taxonomy":"category","embeddable":true,"href":"https:\/\/www.meydan.tv\/az\/wp-json\/wp\/v2\/categories?post=198171"},{"taxonomy":"post_tag","embeddable":true,"href":"https:\/\/www.meydan.tv\/az\/wp-json\/wp\/v2\/tags?post=198171"}],"curies":[{"name":"wp","href":"https:\/\/api.w.org\/{rel}","templated":true}]}}