{"id":198168,"date":"2019-11-29T14:08:42","date_gmt":"2019-11-29T14:08:42","guid":{"rendered":"https:\/\/www.meydan.tv\/article\/zelzeleden-zerercekmisler-prezident-gelende-yaxin-duse-bilmirik-ki-derdimizi-deyek\/"},"modified":"2019-11-29T14:08:42","modified_gmt":"2019-11-29T14:08:42","slug":"zelzeleden-zerercekmisler-prezident-gelende-yaxin-duse-bilmirik-ki-derdimizi-deyek","status":"publish","type":"post","link":"https:\/\/www.meydan.tv\/az\/article\/zelzeleden-zerercekmisler-prezident-gelende-yaxin-duse-bilmirik-ki-derdimizi-deyek\/","title":{"rendered":"Z\u0259lz\u0259l\u0259d\u0259n z\u0259r\u0259r\u00e7\u0259kmi\u015fl\u0259r: Prezident g\u0259l\u0259nd\u0259 yax\u0131n d\u00fc\u015f\u0259 bilmirik ki, d\u0259rdimizi dey\u0259k"},"content":{"rendered":"<p>\n  <i><br \/>\n    Sakinl\u0259r deyirl\u0259r q\u0259zal\u0131 v\u0259ziyy\u0259t\u0259 d\u00fc\u015f\u0259n evl\u0259rii h\u0259r an da\u011f\u0131la bil\u0259r<br \/>\n  <\/i>\n<\/p>\n<p>\n  \u201cM\u0259rk\u0259zi k\u00fc\u00e7\u0259l\u0259rd\u0259ki evl\u0259ri d\u00fcz\u0259ldibl\u0259r, o yerl\u0259rd\u0259 evl\u0259r g\u00f6z qaba\u011f\u0131ndad\u0131r, tikilm\u0259li olan\u0131 yerd\u0259n s\u00f6k\u00fcb, t\u0259z\u0259d\u0259n tikibl\u0259r, t\u0259mir olunmal\u0131n\u0131 t\u0259mir edibl\u0259r. Bir az k\u0259nardak\u0131 evl\u0259r\u0259 is\u0259 el\u0259c\u0259 bax\u0131\u015f ke\u00e7irib, gedibl\u0259r\u201d.\n<\/p>\n<p>\n  \u015eamax\u0131 \u015f\u0259h\u0259ri, Sar\u0131torpaq k\u00fc\u00e7\u0259si 2 sayl\u0131 \u00fcnvanda ya\u015fayan Almaz Zahidova Meydan TV-y\u0259 dan\u0131\u015f\u0131r ki, bu ilin fevral\u0131nda ba\u015f ver\u0259n z\u0259lz\u0259l\u0259 zaman\u0131 evi q\u0259zal\u0131 v\u0259ziyy\u0259t\u0259 d\u00fc\u015f\u00fcb. Ham\u0131 kimi onun da evin\u0259 F\u00f6vq\u0259lad\u0259 Hallar Komissiyas\u0131 t\u0259r\u0259find\u0259n bax\u0131\u015f ke\u00e7irilib. Almaz Zahidova deyir, ev \u00f6z\u00fcl\u00fcnd\u0259n q\u0259zal\u0131 v\u0259ziyy\u0259t\u0259 d\u00fc\u015fs\u0259 d\u0259, t\u0259mir siyah\u0131s\u0131na qeyd edibl\u0259r. Ancaq he\u00e7 t\u0259mir \u00fc\u00e7\u00fcn d\u0259 g\u0259l\u0259n olmay\u0131b.\n<\/p>\n<p>\n  <b><br \/>\n    \u201cEv da\u011f\u0131lsa, can\u0131m\u0131z\u0131 xilas ed\u0259 bilm\u0259y\u0259c\u0259yik\u201d<br \/>\n  <\/b>\n<\/p>\n<p>\n  \u201cEvimizi t\u0259xmin\u0259n 15 il \u0259vv\u0259l tikmi\u015fik. Ancaq z\u0259lz\u0259l\u0259 \u00e7ox g\u00fccl\u00fc oldu\u011fundan evi yerind\u0259n t\u0259rp\u0259tdi. Divarlar\u0131 yar\u0131q-yar\u0131qd\u0131r. G\u0259lib evi t\u0259mir siyah\u0131s\u0131na alanda dedik ki, bu ev t\u0259mirlik deyil, \u00f6z\u00fcld\u0259n t\u0259z\u0259d\u0259n tikilm\u0259lidir. \u0130\u015f oras\u0131ndad\u0131r ki, sonradan he\u00e7 t\u0259mir \u00fc\u00e7\u00fcn d\u0259 g\u0259lm\u0259dil\u0259r. H\u0259r an da\u011f\u0131lmaq t\u0259hl\u00fck\u0259si var. Evd\u0259 \u00f6vladlar\u0131mla birlikd\u0259 ya\u015fay\u0131ram. U\u015faqlar var, ev da\u011f\u0131lsa, n\u0259 u\u015faqlar\u0131n, n\u0259 d\u0259 \u00f6z can\u0131m\u0131z\u0131 xilas ed\u0259 bil\u0259c\u0259yik\u201d, &#8211; Almaz Zahidova deyir.\n<\/p>\n<p>\n  Zahidovlar ail\u0259si yerli icra hakimiyy\u0259tin\u0259 v\u0259 aidiyy\u0259ti \u00fczr\u0259 ba\u015fqa qurumlara m\u00fcraci\u0259t edibl\u0259r. Ancaq h\u0259l\u0259 d\u0259 problemin h\u0259llin\u0259 nail ola bilm\u0259yibl\u0259r. Almaz Zahidova deyir, F\u00f6vq\u0259lad\u0259 Hallar Komissiyas\u0131 v\u0259 yerli icra hakimiyy\u0259ti yaln\u0131z g\u00f6z qar\u015f\u0131s\u0131nda olan tikilil\u0259ri t\u0259mir-b\u0259rpa edib.\n<\/p>\n<figure class=\"wp-block-image size-large\">\n  <img decoding=\"async\" src=\"https:\/\/www.meydan.tv\/az\/reg_shamaxi_almaz_zahidovan__n_evi_divar_arali_4-jpg\/\" alt=\"reg_shamaxi_almaz_zahidovan__n_evi_divar_arali_4.jpg\" class=\"wp-image-133813\"\/><figcaption>\n    &#8220;H\u0259r an da\u011f\u0131lmaq t\u0259hl\u00fck\u0259si var&#8221;<br \/>\n  <\/figcaption><\/figure>\n<p>\n  <b><br \/>\n    \u201cPrezident g\u0259l\u0259nd\u0259 yax\u0131n d\u00fc\u015f\u0259 bilmirik\u201d<br \/>\n  <\/b>\n<\/p>\n<p>\n  \u015eamax\u0131n\u0131n ba\u015fqa sakini Xan\u0131m \u015e\u00fck\u00fcrova da ya\u015fad\u0131\u011f\u0131 evin z\u0259lz\u0259l\u0259d\u0259n q\u0259zal\u0131 v\u0259ziyy\u0259t\u0259 d\u00fc\u015fd\u00fcy\u00fcn\u00fc v\u0259 \u00f6t\u0259n 10 aya yax\u0131n m\u00fcdd\u0259td\u0259 aidiyy\u0259ti qurumlar\u0131n ail\u0259yl\u0259 maraqlanmad\u0131\u011f\u0131n\u0131 deyir:\n<\/p>\n<p>\n  \u201c\u0130cra hakimiyy\u0259tini d\u0259, F\u00f6vq\u0259lad\u0259 Hallar Komissiyas\u0131n\u0131 da maraqland\u0131ran yaln\u0131z prezident v\u0259 vitse-prezident\u0259 g\u00f6st\u0259rm\u0259k \u00fc\u00e7\u00fcn bir ne\u00e7\u0259 ev oldu. Ayr\u0131-ayr\u0131 vaxtlarda \u015eamax\u0131ya g\u0259l\u0259n prezident d\u0259, vitse-prezident d\u0259 onlara g\u00f6st\u0259ril\u0259n evl\u0259rl\u0259 kifay\u0259tl\u0259ndil\u0259r. Bir dem\u0259dil\u0259r ki, ke\u00e7im qon\u015fu k\u00fc\u00e7\u0259d\u0259ki evl\u0259r\u0259 bax\u0131m, k\u0259ndl\u0259rd\u0259ki evl\u0259r\u0259 bax\u0131m&#8230; \u015eamax\u0131dak\u0131 evl\u0259r t\u0259kc\u0259 Saray n\u0259n\u0259nin evind\u0259n ibar\u0259t deyil ax\u0131&#8230; G\u0259l\u0259ni apar\u0131rlar Saray n\u0259n\u0259 \u00fc\u00e7\u00fcn tikilmi\u015f ev\u0259, Saray n\u0259n\u0259nin d\u0259 k\u00fc\u00e7\u0259d\u0259n x\u0259b\u0259ri yox, el\u0259 bilir ham\u0131n\u0131n evi d\u00fcz\u0259lib. 10 aya yax\u0131n vaxt ke\u00e7ir, nec\u0259 ki, 10 ay \u0259vv\u0259l g\u0259lib evi siyah\u0131ya al\u0131b gedibl\u0259r, ondan sonra maraqlanan olmay\u0131b. Prezident g\u0259l\u0259nd\u0259 adamlar\u0131 sal\u0131rlar evl\u0259r\u0259, deyirl\u0259r, he\u00e7 kim g\u00f6z\u0259 g\u00f6r\u00fcnm\u0259sin. Prezident\u0259 yax\u0131nla\u015fa bilmirik ki, dey\u0259k, g\u0259l, bizim d\u0259 evimiz\u0259 bax&#8230;\u201d\n<\/p>\n<p>\n  <b><br \/>\n    \u201c251 ev tikilib, 257 ev is\u0259 tikilm\u0259kd\u0259dir\u201d<br \/>\n  <\/b>\n<\/p>\n<p>\n  R\u0259smi qurumlarsa bel\u0259 demir. Bu yax\u0131nlarda F\u00f6vq\u0259lad\u0259 Hallar Nazirliyinin (FHN) z\u0259lz\u0259l\u0259 b\u00f6lg\u0259si \u00fczr\u0259 ezam olunmu\u015f n\u00fcmay\u0259nd\u0259si H\u0259s\u0259n Qas\u0131mzad\u0259 jurnalistl\u0259r\u0259 bildirib ki, z\u0259lz\u0259l\u0259nin z\u0259r\u0259r vurdu\u011fu evl\u0259r\u0259 nazirliyin m\u00fct\u0259x\u0259ssisl\u0259rind\u0259n ibar\u0259t 36 qrup t\u0259r\u0259find\u0259n bax\u0131\u015f ke\u00e7irilib. 847 f\u0259rdi ya\u015fay\u0131\u015f evi q\u0259zal\u0131 hesab edilib. 251 evin tikintisi ba\u015fa \u00e7at\u0131b, 257 evin tikintisi davam edir. B\u0259rpaya ehtiyac\u0131 olan 2192 evd\u0259n 1339-da b\u0259rpa i\u015fl\u0259rin\u0259 ba\u015flan\u0131l\u0131b. 449 evd\u0259 b\u0259rpa i\u015fl\u0259ri yekunla\u015fd\u0131r\u0131l\u0131b.\n<\/p>\n<p>\n  FHN r\u0259smisi bildirib ki, z\u0259lz\u0259l\u0259 ba\u015f ver\u0259n rayonlarda in\u015fa edil\u0259n evl\u0259rin keyfiyy\u0259ti ciddi n\u0259zar\u0259td\u0259 saxlan\u0131l\u0131r.\n<\/p>\n<figure class=\"wp-block-image size-large\">\n  <img decoding=\"async\" src=\"https:\/\/www.meydan.tv\/az\/reg_shamaxi_almaz_zahidovanin_evi_5-jpg\/\" alt=\"reg_shamaxi_almaz_zahidovanin_evi_5.jpg\" class=\"wp-image-133810\"\/><figcaption>\n    &#8220;U\u015faqlar var, ev da\u011f\u0131lsa, n\u0259 u\u015faqlar\u0131n, n\u0259 d\u0259 \u00f6z can\u0131m\u0131z\u0131 xilas ed\u0259 bil\u0259c\u0259yik&#8221;<br \/>\n  <\/figcaption><\/figure>\n<p>\n  Bu il fevral\u0131n 5-d\u0259 Pirqulu stansiyas\u0131ndan 7 km c\u0259nubda, A\u011fsu \u0259razisind\u0259 4,4 bal g\u00fcc\u00fcnd\u0259 z\u0259lz\u0259l\u0259 qeyd\u0259 al\u0131n\u0131b. H\u0259min z\u0259lz\u0259l\u0259 episentrd\u0259 5 bala yax\u0131n, \u0259traf rayonlarda 4,3 bala q\u0259d\u0259r hiss olunub. H\u0259min g\u00fcn Pirqulu stansiyas\u0131ndan 9 km c\u0259nub-q\u0259rbd\u0259, \u0130smay\u0131ll\u0131 \u0259razisind\u0259 z\u0259lz\u0259l\u0259 qeyd\u0259 al\u0131n\u0131b. Fevral\u0131n 9-da v\u0259 11-d\u0259 d\u0259 Pirqulu stansiyas\u0131ndan 8 v\u0259 9 km c\u0259nub-q\u0259rbd\u0259 v\u0259 q\u0259rbd\u0259 yeralt\u0131 t\u0259kanlar ba\u015f verib. Z\u0259lz\u0259l\u0259 zaman\u0131 \u015eamax\u0131, A\u011fsu v\u0259 \u0130smay\u0131ll\u0131da da\u011f\u0131nt\u0131lar qeyd\u0259 al\u0131n\u0131b. \u018fn \u00e7ox z\u0259r\u0259r is\u0259 \u015eamax\u0131 \u015f\u0259h\u0259rind\u0259ki evl\u0259r\u0259 d\u0259yib.\n<\/p>\n<p>\n  Z\u0259lz\u0259l\u0259d\u0259n bir g\u00fcn sonra prezident \u0130lham \u018fliyev \u015eamax\u0131ya s\u0259f\u0259r edib, z\u0259lz\u0259l\u0259d\u0259n z\u0259r\u0259r\u00e7\u0259kmi\u015f sakinl\u0259rl\u0259 g\u00f6r\u00fc\u015f\u00fcb, onlara evl\u0259rinin b\u0259rpa edil\u0259c\u0259yini, b\u0259rpas\u0131 m\u00fcmk\u00fcn olmayan evl\u0259rin is\u0259 yenid\u0259n tikil\u0259c\u0259yini bildirib. Aidiyy\u0259ti qurumlara is\u0259 tap\u015f\u0131r\u0131qlar\u0131n\u0131 verib. Bundan bir ne\u00e7\u0259 ay sonra is\u0259 Birinci vitse-prezident Mehriban \u018fliyeva da \u015eamax\u0131da olub, v\u0259ziyy\u0259tl\u0259 maraqlan\u0131b.\n<\/p>\n<figure class=\"wp-block-image size-large\">\n  <img decoding=\"async\" src=\"https:\/\/www.meydan.tv\/az\/reg_shamaxi_almaz_zahidovanin_evi_1-jpg\/\" alt=\"reg_shamaxi_almaz_zahidovanin_evi_1.jpg\" class=\"wp-image-133816\"\/><figcaption>\n    &#8220;Ancaq he\u00e7 t\u0259mir \u00fc\u00e7\u00fcn d\u0259 g\u0259l\u0259n olmay\u0131b&#8221;<br \/>\n  <\/figcaption><\/figure>\n","protected":false},"excerpt":{"rendered":"<p>&#8220;G\u0259l\u0259ni apar\u0131rlar Saray n\u0259n\u0259 \u00fc\u00e7\u00fcn tikilmi\u015f ev\u0259, Saray n\u0259n\u0259nin d\u0259 k\u00fc\u00e7\u0259d\u0259n x\u0259b\u0259ri yox, el\u0259 bilir ham\u0131n\u0131n evi d\u00fcz\u0259lib&#8221;<\/p>\n","protected":false},"author":11,"featured_media":133807,"comment_status":"closed","ping_status":"open","sticky":false,"template":"","format":"standard","meta":{"_acf_changed":false,"_sitemap_exclude":false,"_sitemap_priority":"","_sitemap_frequency":"","footnotes":""},"categories":[60],"tags":[],"class_list":["post-198168","post","type-post","status-publish","format-standard","has-post-thumbnail","hentry","category-bolge","infinite-scroll-item","generate-columns","tablet-grid-50","mobile-grid-100","grid-parent","grid-33","no-featured-image-padding"],"acf":[],"yoast_head":"<!-- This site is optimized with the Yoast SEO plugin v27.5 - https:\/\/yoast.com\/product\/yoast-seo-wordpress\/ -->\n<title>Z\u0259lz\u0259l\u0259d\u0259n z\u0259r\u0259r\u00e7\u0259kmi\u015fl\u0259r: Prezident g\u0259l\u0259nd\u0259 yax\u0131n d\u00fc\u015f\u0259 bilmirik ki, d\u0259rdimizi dey\u0259k - MEYDAN.TV<\/title>\n<meta name=\"robots\" content=\"index, follow, max-snippet:-1, max-image-preview:large, max-video-preview:-1\" \/>\n<link rel=\"canonical\" href=\"https:\/\/www.meydan.tv\/az\/article\/zelzeleden-zerercekmisler-prezident-gelende-yaxin-duse-bilmirik-ki-derdimizi-deyek\/\" \/>\n<meta property=\"og:locale\" content=\"az_AZ\" \/>\n<meta property=\"og:type\" content=\"article\" \/>\n<meta property=\"og:title\" content=\"Z\u0259lz\u0259l\u0259d\u0259n z\u0259r\u0259r\u00e7\u0259kmi\u015fl\u0259r: Prezident g\u0259l\u0259nd\u0259 yax\u0131n d\u00fc\u015f\u0259 bilmirik ki, d\u0259rdimizi dey\u0259k - MEYDAN.TV\" \/>\n<meta property=\"og:description\" content=\"&quot;G\u0259l\u0259ni apar\u0131rlar Saray n\u0259n\u0259 \u00fc\u00e7\u00fcn tikilmi\u015f ev\u0259, Saray n\u0259n\u0259nin d\u0259 k\u00fc\u00e7\u0259d\u0259n x\u0259b\u0259ri yox, el\u0259 bilir ham\u0131n\u0131n evi d\u00fcz\u0259lib&quot;\" \/>\n<meta property=\"og:url\" content=\"https:\/\/www.meydan.tv\/az\/article\/zelzeleden-zerercekmisler-prezident-gelende-yaxin-duse-bilmirik-ki-derdimizi-deyek\/\" \/>\n<meta property=\"og:site_name\" content=\"MEYDAN.TV\" \/>\n<meta property=\"article:published_time\" content=\"2019-11-29T14:08:42+00:00\" \/>\n<meta property=\"og:image\" content=\"https:\/\/www.meydan.tv\/wp-content\/uploads\/reg_shamaxi_almaz_zahidovan__n_evi_2.jpg\" \/>\n\t<meta property=\"og:image:width\" content=\"960\" \/>\n\t<meta property=\"og:image:height\" content=\"1280\" \/>\n\t<meta property=\"og:image:type\" content=\"image\/jpeg\" \/>\n<meta name=\"author\" content=\"user-manager\" \/>\n<meta name=\"twitter:card\" content=\"summary_large_image\" \/>\n<script type=\"application\/ld+json\" class=\"yoast-schema-graph\">{\"@context\":\"https:\\\/\\\/schema.org\",\"@graph\":[{\"@type\":\"Article\",\"@id\":\"https:\\\/\\\/www.meydan.tv\\\/az\\\/article\\\/zelzeleden-zerercekmisler-prezident-gelende-yaxin-duse-bilmirik-ki-derdimizi-deyek\\\/#article\",\"isPartOf\":{\"@id\":\"https:\\\/\\\/www.meydan.tv\\\/az\\\/article\\\/zelzeleden-zerercekmisler-prezident-gelende-yaxin-duse-bilmirik-ki-derdimizi-deyek\\\/\"},\"author\":{\"name\":\"user-manager\",\"@id\":\"https:\\\/\\\/www.meydan.tv\\\/az\\\/#\\\/schema\\\/person\\\/10d11eccf6da3662cf5fdab9806ea91a\"},\"headline\":\"Z\u0259lz\u0259l\u0259d\u0259n z\u0259r\u0259r\u00e7\u0259kmi\u015fl\u0259r: Prezident g\u0259l\u0259nd\u0259 yax\u0131n d\u00fc\u015f\u0259 bilmirik ki, d\u0259rdimizi dey\u0259k\",\"datePublished\":\"2019-11-29T14:08:42+00:00\",\"mainEntityOfPage\":{\"@id\":\"https:\\\/\\\/www.meydan.tv\\\/az\\\/article\\\/zelzeleden-zerercekmisler-prezident-gelende-yaxin-duse-bilmirik-ki-derdimizi-deyek\\\/\"},\"wordCount\":992,\"publisher\":{\"@id\":\"https:\\\/\\\/www.meydan.tv\\\/az\\\/#organization\"},\"image\":{\"@id\":\"https:\\\/\\\/www.meydan.tv\\\/az\\\/article\\\/zelzeleden-zerercekmisler-prezident-gelende-yaxin-duse-bilmirik-ki-derdimizi-deyek\\\/#primaryimage\"},\"thumbnailUrl\":\"https:\\\/\\\/www.meydan.tv\\\/wp-content\\\/uploads\\\/reg_shamaxi_almaz_zahidovan__n_evi_2.jpg\",\"articleSection\":[\"B\u00f6lg\u0259\"],\"inLanguage\":\"az\"},{\"@type\":\"WebPage\",\"@id\":\"https:\\\/\\\/www.meydan.tv\\\/az\\\/article\\\/zelzeleden-zerercekmisler-prezident-gelende-yaxin-duse-bilmirik-ki-derdimizi-deyek\\\/\",\"url\":\"https:\\\/\\\/www.meydan.tv\\\/az\\\/article\\\/zelzeleden-zerercekmisler-prezident-gelende-yaxin-duse-bilmirik-ki-derdimizi-deyek\\\/\",\"name\":\"Z\u0259lz\u0259l\u0259d\u0259n z\u0259r\u0259r\u00e7\u0259kmi\u015fl\u0259r: Prezident g\u0259l\u0259nd\u0259 yax\u0131n d\u00fc\u015f\u0259 bilmirik ki, d\u0259rdimizi dey\u0259k - MEYDAN.TV\",\"isPartOf\":{\"@id\":\"https:\\\/\\\/www.meydan.tv\\\/az\\\/#website\"},\"primaryImageOfPage\":{\"@id\":\"https:\\\/\\\/www.meydan.tv\\\/az\\\/article\\\/zelzeleden-zerercekmisler-prezident-gelende-yaxin-duse-bilmirik-ki-derdimizi-deyek\\\/#primaryimage\"},\"image\":{\"@id\":\"https:\\\/\\\/www.meydan.tv\\\/az\\\/article\\\/zelzeleden-zerercekmisler-prezident-gelende-yaxin-duse-bilmirik-ki-derdimizi-deyek\\\/#primaryimage\"},\"thumbnailUrl\":\"https:\\\/\\\/www.meydan.tv\\\/wp-content\\\/uploads\\\/reg_shamaxi_almaz_zahidovan__n_evi_2.jpg\",\"datePublished\":\"2019-11-29T14:08:42+00:00\",\"breadcrumb\":{\"@id\":\"https:\\\/\\\/www.meydan.tv\\\/az\\\/article\\\/zelzeleden-zerercekmisler-prezident-gelende-yaxin-duse-bilmirik-ki-derdimizi-deyek\\\/#breadcrumb\"},\"inLanguage\":\"az\",\"potentialAction\":[{\"@type\":\"ReadAction\",\"target\":[\"https:\\\/\\\/www.meydan.tv\\\/az\\\/article\\\/zelzeleden-zerercekmisler-prezident-gelende-yaxin-duse-bilmirik-ki-derdimizi-deyek\\\/\"]}]},{\"@type\":\"ImageObject\",\"inLanguage\":\"az\",\"@id\":\"https:\\\/\\\/www.meydan.tv\\\/az\\\/article\\\/zelzeleden-zerercekmisler-prezident-gelende-yaxin-duse-bilmirik-ki-derdimizi-deyek\\\/#primaryimage\",\"url\":\"https:\\\/\\\/www.meydan.tv\\\/wp-content\\\/uploads\\\/reg_shamaxi_almaz_zahidovan__n_evi_2.jpg\",\"contentUrl\":\"https:\\\/\\\/www.meydan.tv\\\/wp-content\\\/uploads\\\/reg_shamaxi_almaz_zahidovan__n_evi_2.jpg\",\"width\":960,\"height\":1280,\"caption\":\"Source: Specify Source\"},{\"@type\":\"BreadcrumbList\",\"@id\":\"https:\\\/\\\/www.meydan.tv\\\/az\\\/article\\\/zelzeleden-zerercekmisler-prezident-gelende-yaxin-duse-bilmirik-ki-derdimizi-deyek\\\/#breadcrumb\",\"itemListElement\":[{\"@type\":\"ListItem\",\"position\":1,\"name\":\"Ana s\u0259hif\u0259\",\"item\":\"https:\\\/\\\/www.meydan.tv\\\/az\\\/\"},{\"@type\":\"ListItem\",\"position\":2,\"name\":\"B\u00f6lg\u0259\",\"item\":\"https:\\\/\\\/www.meydan.tv\\\/az\\\/section\\\/bolge\\\/\"},{\"@type\":\"ListItem\",\"position\":3,\"name\":\"Z\u0259lz\u0259l\u0259d\u0259n z\u0259r\u0259r\u00e7\u0259kmi\u015fl\u0259r: Prezident g\u0259l\u0259nd\u0259 yax\u0131n d\u00fc\u015f\u0259 bilmirik ki, d\u0259rdimizi dey\u0259k\"}]},{\"@type\":\"WebSite\",\"@id\":\"https:\\\/\\\/www.meydan.tv\\\/az\\\/#website\",\"url\":\"https:\\\/\\\/www.meydan.tv\\\/az\\\/\",\"name\":\"MEYDAN.TV\",\"description\":\"Meydan TV Az\u0259rbaycan\u0131n media m\u0259kan\u0131ndak\u0131 alternativ s\u0259sidir\",\"publisher\":{\"@id\":\"https:\\\/\\\/www.meydan.tv\\\/az\\\/#organization\"},\"potentialAction\":[{\"@type\":\"SearchAction\",\"target\":{\"@type\":\"EntryPoint\",\"urlTemplate\":\"https:\\\/\\\/www.meydan.tv\\\/az\\\/?s={search_term_string}\"},\"query-input\":{\"@type\":\"PropertyValueSpecification\",\"valueRequired\":true,\"valueName\":\"search_term_string\"}}],\"inLanguage\":\"az\"},{\"@type\":\"Organization\",\"@id\":\"https:\\\/\\\/www.meydan.tv\\\/az\\\/#organization\",\"name\":\"Meydan TV\",\"url\":\"https:\\\/\\\/www.meydan.tv\\\/az\\\/\",\"logo\":{\"@type\":\"ImageObject\",\"inLanguage\":\"az\",\"@id\":\"https:\\\/\\\/www.meydan.tv\\\/az\\\/#\\\/schema\\\/logo\\\/image\\\/\",\"url\":\"https:\\\/\\\/www.meydan.tv\\\/wp-content\\\/uploads\\\/2021\\\/07\\\/meydan-logo.svg\",\"contentUrl\":\"https:\\\/\\\/www.meydan.tv\\\/wp-content\\\/uploads\\\/2021\\\/07\\\/meydan-logo.svg\",\"width\":195,\"height\":46,\"caption\":\"Meydan TV\"},\"image\":{\"@id\":\"https:\\\/\\\/www.meydan.tv\\\/az\\\/#\\\/schema\\\/logo\\\/image\\\/\"}},{\"@type\":\"Person\",\"@id\":\"https:\\\/\\\/www.meydan.tv\\\/az\\\/#\\\/schema\\\/person\\\/10d11eccf6da3662cf5fdab9806ea91a\",\"name\":\"user-manager\"}]}<\/script>\n<!-- \/ Yoast SEO plugin. -->","yoast_head_json":{"title":"Z\u0259lz\u0259l\u0259d\u0259n z\u0259r\u0259r\u00e7\u0259kmi\u015fl\u0259r: Prezident g\u0259l\u0259nd\u0259 yax\u0131n d\u00fc\u015f\u0259 bilmirik ki, d\u0259rdimizi dey\u0259k - MEYDAN.TV","robots":{"index":"index","follow":"follow","max-snippet":"max-snippet:-1","max-image-preview":"max-image-preview:large","max-video-preview":"max-video-preview:-1"},"canonical":"https:\/\/www.meydan.tv\/az\/article\/zelzeleden-zerercekmisler-prezident-gelende-yaxin-duse-bilmirik-ki-derdimizi-deyek\/","og_locale":"az_AZ","og_type":"article","og_title":"Z\u0259lz\u0259l\u0259d\u0259n z\u0259r\u0259r\u00e7\u0259kmi\u015fl\u0259r: Prezident g\u0259l\u0259nd\u0259 yax\u0131n d\u00fc\u015f\u0259 bilmirik ki, d\u0259rdimizi dey\u0259k - MEYDAN.TV","og_description":"\"G\u0259l\u0259ni apar\u0131rlar Saray n\u0259n\u0259 \u00fc\u00e7\u00fcn tikilmi\u015f ev\u0259, Saray n\u0259n\u0259nin d\u0259 k\u00fc\u00e7\u0259d\u0259n x\u0259b\u0259ri yox, el\u0259 bilir ham\u0131n\u0131n evi d\u00fcz\u0259lib\"","og_url":"https:\/\/www.meydan.tv\/az\/article\/zelzeleden-zerercekmisler-prezident-gelende-yaxin-duse-bilmirik-ki-derdimizi-deyek\/","og_site_name":"MEYDAN.TV","article_published_time":"2019-11-29T14:08:42+00:00","og_image":[{"width":960,"height":1280,"url":"https:\/\/www.meydan.tv\/wp-content\/uploads\/reg_shamaxi_almaz_zahidovan__n_evi_2.jpg","type":"image\/jpeg"}],"author":"user-manager","twitter_card":"summary_large_image","schema":{"@context":"https:\/\/schema.org","@graph":[{"@type":"Article","@id":"https:\/\/www.meydan.tv\/az\/article\/zelzeleden-zerercekmisler-prezident-gelende-yaxin-duse-bilmirik-ki-derdimizi-deyek\/#article","isPartOf":{"@id":"https:\/\/www.meydan.tv\/az\/article\/zelzeleden-zerercekmisler-prezident-gelende-yaxin-duse-bilmirik-ki-derdimizi-deyek\/"},"author":{"name":"user-manager","@id":"https:\/\/www.meydan.tv\/az\/#\/schema\/person\/10d11eccf6da3662cf5fdab9806ea91a"},"headline":"Z\u0259lz\u0259l\u0259d\u0259n z\u0259r\u0259r\u00e7\u0259kmi\u015fl\u0259r: Prezident g\u0259l\u0259nd\u0259 yax\u0131n d\u00fc\u015f\u0259 bilmirik ki, d\u0259rdimizi dey\u0259k","datePublished":"2019-11-29T14:08:42+00:00","mainEntityOfPage":{"@id":"https:\/\/www.meydan.tv\/az\/article\/zelzeleden-zerercekmisler-prezident-gelende-yaxin-duse-bilmirik-ki-derdimizi-deyek\/"},"wordCount":992,"publisher":{"@id":"https:\/\/www.meydan.tv\/az\/#organization"},"image":{"@id":"https:\/\/www.meydan.tv\/az\/article\/zelzeleden-zerercekmisler-prezident-gelende-yaxin-duse-bilmirik-ki-derdimizi-deyek\/#primaryimage"},"thumbnailUrl":"https:\/\/www.meydan.tv\/wp-content\/uploads\/reg_shamaxi_almaz_zahidovan__n_evi_2.jpg","articleSection":["B\u00f6lg\u0259"],"inLanguage":"az"},{"@type":"WebPage","@id":"https:\/\/www.meydan.tv\/az\/article\/zelzeleden-zerercekmisler-prezident-gelende-yaxin-duse-bilmirik-ki-derdimizi-deyek\/","url":"https:\/\/www.meydan.tv\/az\/article\/zelzeleden-zerercekmisler-prezident-gelende-yaxin-duse-bilmirik-ki-derdimizi-deyek\/","name":"Z\u0259lz\u0259l\u0259d\u0259n z\u0259r\u0259r\u00e7\u0259kmi\u015fl\u0259r: Prezident g\u0259l\u0259nd\u0259 yax\u0131n d\u00fc\u015f\u0259 bilmirik ki, d\u0259rdimizi dey\u0259k - MEYDAN.TV","isPartOf":{"@id":"https:\/\/www.meydan.tv\/az\/#website"},"primaryImageOfPage":{"@id":"https:\/\/www.meydan.tv\/az\/article\/zelzeleden-zerercekmisler-prezident-gelende-yaxin-duse-bilmirik-ki-derdimizi-deyek\/#primaryimage"},"image":{"@id":"https:\/\/www.meydan.tv\/az\/article\/zelzeleden-zerercekmisler-prezident-gelende-yaxin-duse-bilmirik-ki-derdimizi-deyek\/#primaryimage"},"thumbnailUrl":"https:\/\/www.meydan.tv\/wp-content\/uploads\/reg_shamaxi_almaz_zahidovan__n_evi_2.jpg","datePublished":"2019-11-29T14:08:42+00:00","breadcrumb":{"@id":"https:\/\/www.meydan.tv\/az\/article\/zelzeleden-zerercekmisler-prezident-gelende-yaxin-duse-bilmirik-ki-derdimizi-deyek\/#breadcrumb"},"inLanguage":"az","potentialAction":[{"@type":"ReadAction","target":["https:\/\/www.meydan.tv\/az\/article\/zelzeleden-zerercekmisler-prezident-gelende-yaxin-duse-bilmirik-ki-derdimizi-deyek\/"]}]},{"@type":"ImageObject","inLanguage":"az","@id":"https:\/\/www.meydan.tv\/az\/article\/zelzeleden-zerercekmisler-prezident-gelende-yaxin-duse-bilmirik-ki-derdimizi-deyek\/#primaryimage","url":"https:\/\/www.meydan.tv\/wp-content\/uploads\/reg_shamaxi_almaz_zahidovan__n_evi_2.jpg","contentUrl":"https:\/\/www.meydan.tv\/wp-content\/uploads\/reg_shamaxi_almaz_zahidovan__n_evi_2.jpg","width":960,"height":1280,"caption":"Source: Specify Source"},{"@type":"BreadcrumbList","@id":"https:\/\/www.meydan.tv\/az\/article\/zelzeleden-zerercekmisler-prezident-gelende-yaxin-duse-bilmirik-ki-derdimizi-deyek\/#breadcrumb","itemListElement":[{"@type":"ListItem","position":1,"name":"Ana s\u0259hif\u0259","item":"https:\/\/www.meydan.tv\/az\/"},{"@type":"ListItem","position":2,"name":"B\u00f6lg\u0259","item":"https:\/\/www.meydan.tv\/az\/section\/bolge\/"},{"@type":"ListItem","position":3,"name":"Z\u0259lz\u0259l\u0259d\u0259n z\u0259r\u0259r\u00e7\u0259kmi\u015fl\u0259r: Prezident g\u0259l\u0259nd\u0259 yax\u0131n d\u00fc\u015f\u0259 bilmirik ki, d\u0259rdimizi dey\u0259k"}]},{"@type":"WebSite","@id":"https:\/\/www.meydan.tv\/az\/#website","url":"https:\/\/www.meydan.tv\/az\/","name":"MEYDAN.TV","description":"Meydan TV Az\u0259rbaycan\u0131n media m\u0259kan\u0131ndak\u0131 alternativ s\u0259sidir","publisher":{"@id":"https:\/\/www.meydan.tv\/az\/#organization"},"potentialAction":[{"@type":"SearchAction","target":{"@type":"EntryPoint","urlTemplate":"https:\/\/www.meydan.tv\/az\/?s={search_term_string}"},"query-input":{"@type":"PropertyValueSpecification","valueRequired":true,"valueName":"search_term_string"}}],"inLanguage":"az"},{"@type":"Organization","@id":"https:\/\/www.meydan.tv\/az\/#organization","name":"Meydan TV","url":"https:\/\/www.meydan.tv\/az\/","logo":{"@type":"ImageObject","inLanguage":"az","@id":"https:\/\/www.meydan.tv\/az\/#\/schema\/logo\/image\/","url":"https:\/\/www.meydan.tv\/wp-content\/uploads\/2021\/07\/meydan-logo.svg","contentUrl":"https:\/\/www.meydan.tv\/wp-content\/uploads\/2021\/07\/meydan-logo.svg","width":195,"height":46,"caption":"Meydan TV"},"image":{"@id":"https:\/\/www.meydan.tv\/az\/#\/schema\/logo\/image\/"}},{"@type":"Person","@id":"https:\/\/www.meydan.tv\/az\/#\/schema\/person\/10d11eccf6da3662cf5fdab9806ea91a","name":"user-manager"}]}},"_links":{"self":[{"href":"https:\/\/www.meydan.tv\/az\/wp-json\/wp\/v2\/posts\/198168","targetHints":{"allow":["GET"]}}],"collection":[{"href":"https:\/\/www.meydan.tv\/az\/wp-json\/wp\/v2\/posts"}],"about":[{"href":"https:\/\/www.meydan.tv\/az\/wp-json\/wp\/v2\/types\/post"}],"author":[{"embeddable":true,"href":"https:\/\/www.meydan.tv\/az\/wp-json\/wp\/v2\/users\/11"}],"replies":[{"embeddable":true,"href":"https:\/\/www.meydan.tv\/az\/wp-json\/wp\/v2\/comments?post=198168"}],"version-history":[{"count":0,"href":"https:\/\/www.meydan.tv\/az\/wp-json\/wp\/v2\/posts\/198168\/revisions"}],"wp:featuredmedia":[{"embeddable":true,"href":"https:\/\/www.meydan.tv\/az\/wp-json\/wp\/v2\/media\/133807"}],"wp:attachment":[{"href":"https:\/\/www.meydan.tv\/az\/wp-json\/wp\/v2\/media?parent=198168"}],"wp:term":[{"taxonomy":"category","embeddable":true,"href":"https:\/\/www.meydan.tv\/az\/wp-json\/wp\/v2\/categories?post=198168"},{"taxonomy":"post_tag","embeddable":true,"href":"https:\/\/www.meydan.tv\/az\/wp-json\/wp\/v2\/tags?post=198168"}],"curies":[{"name":"wp","href":"https:\/\/api.w.org\/{rel}","templated":true}]}}