{"id":198154,"date":"2019-11-29T09:13:50","date_gmt":"2019-11-29T09:13:50","guid":{"rendered":"https:\/\/www.meydan.tv\/article\/goycayda-iscilerin-ekseriyyetinin-maas-karti-icra-bascisinin-elaltilarinin-cibindedir\/"},"modified":"2019-11-29T09:13:50","modified_gmt":"2019-11-29T09:13:50","slug":"goycayda-iscilerin-ekseriyyetinin-maas-karti-icra-bascisinin-elaltilarinin-cibindedir","status":"publish","type":"post","link":"https:\/\/www.meydan.tv\/az\/article\/goycayda-iscilerin-ekseriyyetinin-maas-karti-icra-bascisinin-elaltilarinin-cibindedir\/","title":{"rendered":"G\u00f6y\u00e7ayda: \u0130\u015f\u00e7il\u0259rin \u0259ks\u0259riyy\u0259tinin maa\u015f kart\u0131 icra ba\u015f\u00e7\u0131s\u0131n\u0131n \u0259lalt\u0131lar\u0131n\u0131n cibind\u0259dir"},"content":{"rendered":"<p>\n  <i><br \/>\n    \u0130\u015fd\u0259n \u00e7\u0131xar\u0131lan f\u0259hl\u0259 v\u0259 s\u00fcp\u00fcrg\u0259\u00e7il\u0259r rayon r\u0259hb\u0259rliyind\u0259n naraz\u0131d\u0131r<br \/>\n  <\/i>\n<\/p>\n<p>\n  G\u00f6y\u00e7ay Rayon Sanitar-T\u0259mizlik \u0130dar\u0259sind\u0259 \u00e7al\u0131\u015fan 49 f\u0259hl\u0259 v\u0259 s\u00fcp\u00fcrg\u0259\u00e7inin bu ilin avqustunda etiraz ed\u0259r\u0259k i\u015fd\u0259n \u00e7\u0131xd\u0131qlar\u0131 deyilir.\n<\/p>\n<p>\n  Onlar bunu dig\u0259r kommunal t\u0259s\u0259rr\u00fcfat birlikl\u0259rind\u0259 pulsuz i\u015fl\u0259dildikl\u0259ri \u00fc\u00e7\u00fcn etdikl\u0259rini bildirirl\u0259r.\n<\/p>\n<p>\n  \u201cG\u00f6y\u00e7ay Rayon \u0130cra Hakimiyy\u0259tinin n\u0259zdind\u0259 olan m\u0259nzil kommunal t\u0259s\u0259rr\u00fcfat birlikl\u0259rind\u0259 i\u015f\u0259 g\u00f6t\u00fcr\u00fcl\u0259n i\u015f\u00e7il\u0259rin \u0259ks\u0259riyy\u0259tinin maa\u015f kartlar\u0131 icra ba\u015f\u00e7\u0131s\u0131n\u0131n \u0259lalt\u0131lar\u0131n\u0131n cibind\u0259dir\u201d, &#8211; \u015eahzad\u0259 \u018fliyeva Meydan TV \u0259m\u0259kda\u015f\u0131 il\u0259 s\u00f6hb\u0259tind\u0259 bel\u0259 iddia edir:\n<\/p>\n<p>\n  \u201cM\u0259n 2018-ci ild\u0259 G\u00f6y\u00e7ay Rayon Sanitar-T\u0259mizlik \u0130dar\u0259sind\u0259 s\u00fcp\u00fcrg\u0259\u00e7i i\u015fin\u0259 d\u00fcz\u0259lmi\u015f\u0259m. \u018fvv\u0259ll\u0259r maa\u015f\u0131m 160 manat idi. Sonradan art\u0131b 180 manat olmu\u015fdu. M\u0259n \u0259sas\u0259n, gec\u0259l\u0259r, 2-3 rad\u0259l\u0259rind\u0259 i\u015f\u0259 \u00e7\u0131x\u0131rd\u0131m. G\u00fcnd\u00fcz \u015f\u0259h\u0259rd\u0259 ma\u015f\u0131nlar v\u0259 \u0259hali h\u0259r\u0259k\u0259t etdiyi \u00fc\u00e7\u00fcn idar\u0259nin ke\u00e7mi\u015f r\u0259isi t\u0259r\u0259find\u0259n bel\u0259 g\u00f6st\u0259ri\u015f verilmi\u015fdi ki, gec\u0259l\u0259r i\u015fl\u0259y\u0259k. Rauf \u0130sayev k\u00fc\u00e7\u0259sini tam, Atat\u00fcrk v\u0259 F\u00fczuli k\u00fc\u00e7\u0259l\u0259rinin is\u0259 bir hiss\u0259sini s\u00fcp\u00fcr\u00fcrd\u00fcm.\n<\/p>\n<p>\n  \u00d6z i\u015fimiz azm\u0131\u015f kimi G\u00f6y\u00e7ay Abadla\u015fd\u0131rma v\u0259 T\u0259mir \u0130dar\u0259sinin i\u015f\u00e7il\u0259rinin i\u015fini d\u0259 biz g\u00f6rm\u0259li olurduq. \u00c7\u00fcnki i\u015f\u00e7i \u0259m\u0259yi az idi. H\u0259min idar\u0259nin i\u015f\u00e7il\u0259ri t\u0259r\u0259find\u0259n k\u0259silib, at\u0131lm\u0131\u015f a\u011faclar\u0131, binalarda apar\u0131lan t\u0259mir i\u015fl\u0259rind\u0259n sonrak\u0131 qal\u0131qlar\u0131 bizim s\u00fcr\u00fcc\u00fc v\u0259 f\u0259hl\u0259l\u0259rimiz da\u015f\u0131y\u0131rd\u0131. \u0130dar\u0259mizin r\u0259isin\u0259 i\u015fimizin \u00e7ox v\u0259 a\u011f\u0131r olmas\u0131 il\u0259 ba\u011fl\u0131 d\u0259f\u0259l\u0259rl\u0259 etiraz\u0131m\u0131z\u0131 bildirmi\u015fdik. H\u0259tta ke\u00e7iril\u0259n iclaslarda da birba\u015fa icra ba\u015f\u00e7\u0131s\u0131n\u0131n \u00f6z\u00fcn\u0259 etiraz etmi\u015fdik ki, niy\u0259 ba\u015fqalar\u0131n\u0131n yerin\u0259 biz i\u015fl\u0259m\u0259liyik? Ba\u015f\u00e7\u0131 bizi i\u015fd\u0259n \u00e7\u0131xarmaqla, yaxud idar\u0259l\u0259ri birl\u0259\u015fdirib, bizi ixtisara salaca\u011f\u0131 il\u0259 h\u0259d\u0259l\u0259yirdi. Biziml\u0259 \u00e7ox kobud formada dan\u0131\u015f\u0131r, h\u0259tta t\u0259hqir edirdi. A\u011fz\u0131m\u0131z\u0131 a\u00e7\u0131b, n\u0259y\u0259s\u0259 etiraz ed\u0259nd\u0259 d\u0259, dediyim kimi ba\u015flay\u0131rd\u0131 h\u0259d\u0259l\u0259m\u0259y\u0259.\n<\/p>\n<p>\n  El\u0259 bir z\u0259man\u0259dir ki, ham\u0131 bir qar\u0131n \u00e7\u00f6r\u0259yini qazanmaq ist\u0259yir. Amma bu, o dem\u0259k deyil ki, 180 manata g\u00f6r\u0259 m\u0259n ba\u015fqalar\u0131n\u0131n da i\u015fini g\u00f6rm\u0259liy\u0259m. Ax\u0131rda b\u0131\u00e7aq s\u00fcm\u00fcy\u0259 dir\u0259ndi, bu ilin iyulunda iclasda icra ba\u015f\u00e7\u0131s\u0131 il\u0259 i\u015f\u00e7il\u0259r aras\u0131nda s\u00f6z-s\u00f6hb\u0259t yarand\u0131, idar\u0259mizin r\u0259isi i\u015fd\u0259n \u00e7\u0131xar\u0131ld\u0131. Sonradan biz, idar\u0259nin 49 n\u0259f\u0259r i\u015f\u00e7isi \u0259riz\u0259 yaz\u0131b i\u015fd\u0259n \u00e7\u0131xd\u0131q, \u00e7\u00fcnki bilirdik ki, bundan sonra bizi orada saxlamayacaqlar\u201d.\n<\/p>\n<figure class=\"wp-block-image size-large\">\n  <img decoding=\"async\" src=\"https:\/\/www.meydan.tv\/az\/__ahzad_____liyeva-jpg\/\" alt=\"__ahzad_____liyeva.jpg\" class=\"wp-image-133768\"\/><figcaption>\n    \u015eahzad\u0259 \u018fliyeva<br \/>\n  <\/figcaption><\/figure>\n<p>\n  G\u00f6y\u00e7ay Rayon Sanitar-T\u0259mizlik \u0130dar\u0259sind\u0259 f\u0259hl\u0259 i\u015fl\u0259mi\u015f A\u011famirz\u0259 A\u011fam\u0259mm\u0259dov vaxtl\u0131-vaxt\u0131nda i\u015f\u0259 getdiyini, veril\u0259n tap\u015f\u0131r\u0131qlar\u0131 yerin\u0259 yetirdiyini s\u00f6yl\u0259yir:\n<\/p>\n<p>\n  \u201c\u018fm\u0259khaqq\u0131m 219 manat idi, h\u0259min pula gec\u0259 s\u0259h\u0259r\u0259 kimi i\u015fl\u0259yirdim. \u00d6z i\u015fimd\u0259 he\u00e7 bir n\u00f6qsana yol verm\u0259mi\u015f\u0259m. Biz orada i\u015fl\u0259y\u0259nd\u0259 h\u0259r iki qurumun &#8211; Abadla\u015fd\u0131rma v\u0259 T\u0259mir \u0130dar\u0259si v\u0259 M\u0259nzil \u0130stismar \u0130dar\u0259sinin i\u015f\u00e7il\u0259rinin \u00e7oxu i\u015f\u0259 \u00e7\u0131xm\u0131rd\u0131. \u018fm\u0259k kartlar\u0131 icra ba\u015f\u00e7\u0131s\u0131n\u0131n ba\u015f m\u00fchasibi Kamran K\u0259rimovda v\u0259 idar\u0259 m\u00fcdirl\u0259rind\u0259 idi. Onlar\u0131n i\u015f\u00e7i q\u00fcvv\u0259si az oldu\u011fu \u00fc\u00e7\u00fcn i\u015fl\u0259rini biz g\u00f6r\u00fcrd\u00fck. D\u0259f\u0259l\u0259rl\u0259 bununla \u0259laq\u0259dar etiraz\u0131m\u0131z\u0131 bildirmi\u015fdik, amma n\u0259tic\u0259si olmay\u0131b. Bel\u0259 olmaz ax\u0131, bir idar\u0259y\u0259 y\u00fczd\u0259n \u00e7ox i\u015f\u00e7i yeri ayr\u0131l\u0131r, amma i\u015f\u0259 15-20 adam \u00e7\u0131x\u0131r. Bizi iki-\u00fc\u00e7 idar\u0259nin yerin\u0259 i\u015fl\u0259dirdinizs\u0259, he\u00e7 olmasa, maa\u015f\u0131m\u0131z\u0131 art\u0131rayd\u0131n\u0131z\u201d.\n<\/p>\n<p>\n  \u201cBiz i\u015fd\u0259n \u00e7\u0131xd\u0131qdan sonra son \u0259m\u0259khaqq\u0131m\u0131z\u0131 verm\u0259dil\u0259r. Bir ayl\u0131q maa\u015f\u0131m\u0131z\u0131 m\u0259nims\u0259dil\u0259r\u201d, &#8211; Sanitar-T\u0259mizlik \u0130dar\u0259sind\u0259 s\u00fcp\u00fcrg\u0259\u00e7i i\u015fl\u0259mi\u015f G\u00fcl\u00e7\u00f6hr\u0259 S\u00fcleymanova bel\u0259 deyir:\n<\/p>\n<p>\n  \u201c\u00d6yr\u0259nmi\u015f\u0259m ki, i\u015fd\u0259n \u00e7\u0131xan adamlar\u0131n yerin\u0259 ba\u015fqalar\u0131n\u0131n ad\u0131n\u0131 yaz\u0131blar, \u0259m\u0259khaqq\u0131n\u0131 da \u00f6zl\u0259ri al\u0131rlar. \u0130dar\u0259nin yeni m\u00fcdiri Fuad B\u0259\u015firov onlarla adam\u0131n maa\u015f kart\u0131na oturan pulu, h\u0259r ay \u0130nzibati \u0259razi dair\u0259l\u0259ri \u00fczr\u0259 n\u00fcmay\u0259nd\u0259si R\u0259\u015fad \u015e\u00fck\u00fcrovla aralar\u0131nda b\u00f6l\u00fcrl\u0259r. Niy\u0259 i\u015f\u0259 g\u0259lm\u0259y\u0259n adamlar\u0131n maa\u015f\u0131n\u0131 b\u0259zi m\u0259murlar yem\u0259lidir? D\u0259f\u0259l\u0259rl\u0259 \u015fikay\u0259t etmi\u015fik, amma bu haqs\u0131zl\u0131\u011f\u0131, \u00f6zba\u015f\u0131nal\u0131\u011f\u0131 g\u00f6r\u0259n yoxdur. El\u0259 bil ki, ham\u0131 icra ba\u015f\u00e7\u0131s\u0131ndan qorxur. G\u0259lib, ya\u015fay\u0131\u015f\u0131m\u0131za baxs\u0131nlar, g\u00f6rs\u00fcnl\u0259r ki, rayonda m\u0259murlar at oynad\u0131rlar. Bir idar\u0259nin i\u015f\u00e7isi oldu\u011fum halda, niy\u0259 \u0259lav\u0259 iki idar\u0259nin i\u015fini g\u00f6rm\u0259liy\u0259m? Pulunu da yuxarda oturanlar yem\u0259lidir?\n<\/p>\n<p>\n  Bu yax\u0131nlarda yoxlama g\u0259lmi\u015fdi. \u0130\u015f\u00e7il\u0259ri evl\u0259rind\u0259n \u00e7a\u011f\u0131r\u0131b ora y\u0131\u011f\u0131rd\u0131lar ki, idar\u0259y\u0259 yoxlama g\u0259lib. Yoxlama g\u00f6rm\u00fcr ki, onlar\u0131 evd\u0259n \u00e7a\u011f\u0131r\u0131b g\u0259tirirl\u0259r, \u00f6z\u00fc d\u0259 toy paltar\u0131nda? Orada ad\u0131 ged\u0259nl\u0259r, yanacaqdoldurma m\u00fcdiri, ma\u011faza sahibi, Bak\u0131ya s\u0259rni\u015fin da\u015f\u0131yan s\u00fcr\u00fcc\u00fcl\u0259r, \u00e7ayxana i\u015fl\u0259d\u0259nl\u0259r, musiqi\u00e7il\u0259rdir. Yax\u015f\u0131d\u0131r vallah, evind\u0259 oturub, staj\u0131 gedir. Yoxlama aparanlar biziml\u0259 d\u0259 g\u00f6r\u00fc\u015f\u00fcb, s\u00f6hb\u0259t etdil\u0259r, \u015fikay\u0259tl\u0259rimiz\u0259 qulaq asd\u0131lar. Amma n\u0259tic\u0259si n\u0259 oldu? He\u00e7 n\u0259\u201d.\n<\/p>\n<p>\n  G\u00f6y\u00e7ay Rayon M\u0259nzil \u0130stismar \u0130dar\u0259sinin r\u0259isi Ayaz S\u0259f\u0259r\u0259liyev Meydan TV-y\u0259 \u201cBizim idar\u0259nin 145 n\u0259f\u0259r i\u015f\u00e7isi var, ham\u0131s\u0131 da i\u015f\u0259 \u00e7\u0131x\u0131r. Bu yax\u0131nlarda \u015fikay\u0259t olmu\u015fdu, \u201cDOST\u201d \u0130\u015f M\u0259rk\u0259zind\u0259n g\u0259lib, ara\u015fd\u0131rd\u0131lar, g\u00f6rd\u00fcl\u0259r ki, i\u015f\u00e7il\u0259r ham\u0131s\u0131 yerind\u0259dir, ham\u0131s\u0131 da sah\u0259y\u0259 \u00e7\u0131x\u0131r\u201d, &#8211; deyib.\n<\/p>\n<p>\n  G\u00f6y\u00e7ay Abadla\u015fd\u0131rma v\u0259 T\u0259mir \u0130dar\u0259sinin r\u0259isi \u015e\u00f6hr\u0259t C\u0259f\u0259rov Meydan TV \u0259m\u0259kda\u015f\u0131 il\u0259 s\u00f6hb\u0259tind\u0259 adamlar\u0131n i\u015fl\u0259 t\u0259min olunmas\u0131 prosesinin \u201cDOST\u201d \u0130\u015f M\u0259rk\u0259zi t\u0259r\u0259find\u0259n apar\u0131ld\u0131\u011f\u0131n\u0131 s\u00f6yl\u0259yib:\n<\/p>\n<p>\n  \u201c\u0130\u015f\u0259 g\u00f6t\u00fcr\u00fclm\u0259 prosesind\u0259 bizim h\u0259r hans\u0131 bir m\u00fcdaxil\u0259mizd\u0259n s\u00f6hb\u0259t ged\u0259 bilm\u0259z. H\u0259min adamlara g\u0259linc\u0259, onlar i\u015fl\u0259m\u0259dikl\u0259ri \u00fc\u00e7\u00fcn i\u015fd\u0259n \u00e7\u0131xar\u0131l\u0131blar. \u0130ndi d\u0259 bilmirl\u0259r ki, n\u0259 etsinl\u0259r. Biz i\u015f\u00e7il\u0259rin i\u015f\u0259 davamiyy\u0259tinin tabell\u0259rini tuturuq, veririk \u201cDOST\u201d \u0130\u015f M\u0259rk\u0259zin\u0259, onlar da maa\u015flar\u0131n\u0131 hesablay\u0131rlar. Noyabr-dekabr aylar\u0131nda is\u0259 i\u015f\u00e7il\u0259r yar\u0131-yar\u0131 m\u0259zuniyy\u0259t\u0259 burax\u0131l\u0131r. \u201cDOST\u201d \u0130\u015f M\u0259rk\u0259zi t\u0259r\u0259find\u0259n 280 n\u0259f\u0259r i\u015f\u00e7i verilib. Onlardan 130-150 n\u0259f\u0259r m\u0259zuniyy\u0259t\u0259 burax\u0131l\u0131b\u201d.\n<\/p>\n<p>\n  G\u00f6y\u00e7ay Rayon Sanitar-T\u0259mizlik \u0130dar\u0259sinin r\u0259isi Fuad B\u0259\u015firov Meydan TV vasit\u0259sil\u0259 iddiaya m\u00fcnasib\u0259tini bildirib:\n<\/p>\n<p>\n  \u201cM\u0259nim idar\u0259m\u0259 \u201cDOST\u201d \u0130\u015f M\u0259rk\u0259zi t\u0259r\u0259find\u0259n 70 vakant i\u015f yeri verilib. Onlardan 66-s\u0131 haz\u0131rda i\u015fl\u0259yir. \u0130\u015f\u00e7il\u0259rin ham\u0131s\u0131 vaxtl\u0131-vaxt\u0131nda \u00e7\u0131x\u0131b i\u015fini g\u00f6r\u00fcr, buna g\u00f6r\u0259 d\u0259 \u0259m\u0259khaqq\u0131 al\u0131r. Tabel bizd\u0259 tutulur, G\u00f6y\u00e7ay Rayon M\u0259\u015f\u011fulluq \u0130dar\u0259sin\u0259 g\u00f6nd\u0259rilir. Oradan da \u201cDOST\u201d \u0130\u015f M\u0259rk\u0259zin\u0259 y\u00f6nl\u0259ndirilir v\u0259 \u0259m\u0259khaqq\u0131 verilir. \u0130\u015f\u00e7il\u0259rimin davamiyy\u0259ti G\u00f6y\u00e7ay Rayon \u0130cra Hakimiyy\u0259ti, M\u0259\u015f\u011fulluq M\u0259rk\u0259zi, \u0130nzibati \u0259razi dair\u0259l\u0259ri \u00fczr\u0259 n\u00fcmay\u0259nd\u0259liyi t\u0259r\u0259find\u0259n m\u00fct\u0259madi olaraq yoxlan\u0131l\u0131r. H\u0259r k\u0259s \u00f6z \u0259razisini s\u00fcp\u00fcr\u00fcr, ham\u0131n\u0131n da \u0259m\u0259k kart\u0131 \u00f6z\u00fcnd\u0259dir.\n<\/p>\n<p>\n  S\u0259sl\u0259ndiril\u0259n ittihamlara g\u0259linc\u0259, bizim idar\u0259nin k\u00f6hn\u0259 m\u00fcdiri Lo\u011fman \u018fliyev i\u015fd\u0259n \u00e7\u0131xar\u0131landan sonra ad\u0131 olub, \u00f6z\u00fc i\u015fd\u0259 olmayan 69 n\u0259f\u0259r \u00fcz\u0259 \u00e7\u0131xd\u0131. Onlardan c\u0259mi 21 n\u0259f\u0259r i\u015fl\u0259yirdi. \u018flimizd\u0259 aktlar var, onlar\u0131n he\u00e7 biri i\u015fd\u0259 olmad\u0131\u011f\u0131 \u00fc\u00e7\u00fcn 49 n\u0259f\u0259r i\u015fd\u0259n \u00e7\u0131xar\u0131l\u0131b\u201d.\n<\/p>\n<figure class=\"wp-block-image size-large\">\n  <img decoding=\"async\" src=\"https:\/\/www.meydan.tv\/az\/a__amirz___a__am__mm__dov-jpg\/\" alt=\"a__amirz___a__am__mm__dov.jpg\" class=\"wp-image-133771\"\/><figcaption>\n    A\u011famirz\u0259 A\u011fam\u0259mm\u0259dov<br \/>\n  <\/figcaption><\/figure>\n<p>\n  G\u00f6y\u00e7ay Rayon \u0130cra Hakimiyy\u0259tinin \u0130nzibati \u0259razi dair\u0259l\u0259ri \u00fczr\u0259 n\u00fcmay\u0259nd\u0259si R\u0259\u015fad \u015e\u00fck\u00fcrov Meydan TV-y\u0259 bildirib ki, m\u0259s\u0259l\u0259 il\u0259 ba\u011fl\u0131 yoxlama i\u015fl\u0259ri apar\u0131l\u0131b:\n<\/p>\n<p>\n  \u201cBir m\u00fcdd\u0259t \u00f6nc\u0259 \u015fikay\u0259t olunmu\u015fdu. \u201cDOST\u201d \u0130\u015f M\u0259rk\u0259zinin n\u00fcmay\u0259nd\u0259l\u0259ri g\u0259lib, yoxlama ke\u00e7irdi. \u0130\u015f\u00e7il\u0259rin sistemd\u0259 \u015f\u0259kli, haqlar\u0131nda m\u0259lumatlar \u00e7\u0131xd\u0131. Bu formada yoxlan\u0131l\u0131b v\u0259 nazir\u0259 m\u0259ruz\u0259 olundu. H\u0259min ittihamlar q\u0259r\u0259zlidir v\u0259 he\u00e7 bir \u0259sas\u0131 yoxdur.\n<\/p>\n<p>\n  Sanitar-T\u0259mizlik idar\u0259sinin ke\u00e7mi\u015f m\u00fcdiri Lo\u011fman \u018fliyev i\u015fl\u0259diyi m\u00fcdd\u0259td\u0259 \u00e7oxsayl\u0131 \u015fikay\u0259tl\u0259r \u0259sas\u0131nda v\u0259zif\u0259sind\u0259n k\u0259narla\u015fd\u0131r\u0131ld\u0131qdan sonra apar\u0131lan daxili audit n\u0259tic\u0259sind\u0259 \u00e7oxsayl\u0131 n\u00f6qsanlar t\u0259sbit olundu. Bir qrup i\u015f\u00e7i sabiq m\u00fcdir v\u0259zif\u0259sind\u0259n uzaqla\u015fd\u0131r\u0131ld\u0131qdan sonra k\u00f6n\u00fcll\u00fc i\u015fd\u0259n \u00e7\u0131xd\u0131. H\u0259min adamlar t\u0259krar i\u015f\u0259 qay\u0131tmaq \u00fc\u00e7\u00fcn bel\u0259 edir\u201d.\n<\/p>\n<p>\n  G\u00f6y\u00e7ay Rayon \u0130cra Hakimiyy\u0259tinin Ba\u015f m\u00fchasibi Kamran K\u0259rimov Meydan TV vasit\u0259sil\u0259 m\u0259s\u0259l\u0259y\u0259 ayd\u0131nl\u0131q g\u0259tirib:\n<\/p>\n<p>\n  \u201cBu ilin \u0259vv\u0259lind\u0259 G\u00f6y\u00e7ay Rayon \u0130cra Hakimiyy\u0259tin\u0259 \u00fcmumilikd\u0259 495 n\u0259f\u0259r i\u015f\u00e7i yeri ayr\u0131l\u0131b. \u0130\u015f ist\u0259y\u0259n M\u0259\u015f\u011fulluq \u0130dar\u0259sin\u0259 g\u0259lib, qeydiyyatdan ke\u00e7ir, \u0259m\u0259k kitab\u00e7as\u0131, sa\u011flaml\u0131q haqq\u0131nda aray\u0131\u015f\u0131n\u0131 t\u0259qdim edir. M\u0259\u015f\u011fulluq \u0130dar\u0259si m\u00fcraci\u0259t ed\u0259n adam\u0131n bilavasit\u0259 \u00f6z\u00fc il\u0259 \u00fcnsiyy\u0259td\u0259 oldu\u011fu t\u0259qdird\u0259 qeydiyyat\u0131n\u0131 apar\u0131r. Daha sonra h\u0259min s\u0259n\u0259dl\u0259r Bak\u0131ya g\u00f6nd\u0259rilir, t\u0259sdiq olunduqdan sonra adamlar i\u015fl\u0259 t\u0259min olunur.\n<\/p>\n<p>\n  Biz imtiyazl\u0131 ail\u0259l\u0259ri d\u0259 bu i\u015f\u0259 c\u0259lb etmi\u015fik. \u0130\u015f\u00e7il\u0259r m\u0259cbur deyil ki, s\u0259h\u0259r 9-da i\u015f\u0259 g\u0259lsin, ax\u015fam saat 6-ya kimi i\u015fl\u0259sin. S\u0259h\u0259r 9-dan, g\u00fcnorta saat 1-\u0259 q\u0259d\u0259r i\u015fl\u0259y\u0259n var. G\u00fcnortadan sonra da i\u015fl\u0259y\u0259n var. Bu i\u015f insanlar\u0131n maddi v\u0259ziyy\u0259tini yax\u015f\u0131la\u015fd\u0131rmaq \u00fc\u00e7\u00fcn yarad\u0131l\u0131b.\n<\/p>\n<p>\n  \u0130\u015f\u0259 g\u00f6t\u00fcr\u00fcl\u0259n zaman icra hakimiyy\u0259tinin he\u00e7 bir m\u00fcdaxil\u0259si q\u0259tiyy\u0259n ola bilm\u0259z. \u0130\u015f\u00e7inin \u00f6z\u00fc g\u0259lir, qeydiyyatdan ke\u00e7ir. Biz\u0259 avqust ay\u0131nda bu m\u0259s\u0259l\u0259 il\u0259 ba\u011fl\u0131 \u015fikay\u0259t daxil olmu\u015fdu. \u201cDOST\u201d \u0130\u015f M\u0259rk\u0259zinin \u00fc\u00e7 n\u00fcmay\u0259nd\u0259si g\u0259ldi, b\u00fct\u00fcn \u0259razil\u0259rd\u0259 qrafik \u0259sas\u0131nda \u00fc\u00e7 g\u00fcn \u0259rzind\u0259 yoxlama apard\u0131lar. Monitorinq n\u0259tic\u0259sind\u0259 95 faiz n\u0259tic\u0259 g\u00f6st\u0259rildi. Be\u015f faiz is\u0259 fiziki m\u0259hdudiyy\u0259ti olanlar\u0131n pay\u0131na d\u00fc\u015fd\u00fc. Y\u0259ni \u015fik\u0259st adamd\u0131r, k\u00f6m\u0259k m\u0259qs\u0259dil\u0259 i\u015fl\u0259 t\u0259min olunub. \u0130\u015f\u00e7il\u0259r h\u0259r hans\u0131 probleml\u0259rl\u0259 ba\u011fl\u0131 biz\u0259 yax\u0131nla\u015fanda onlara k\u00f6m\u0259klik g\u00f6st\u0259rm\u0259y\u0259 \u00e7al\u0131\u015f\u0131r\u0131q.\n<\/p>\n<p>\n  Sanitar-T\u0259mizlik \u0130dar\u0259sind\u0259 i\u015fl\u0259y\u0259n 49 n\u0259f\u0259rl\u0259 g\u00f6r\u00fc\u015f ke\u00e7irildi. Onlara bildirildi ki, i\u015fl\u0259m\u0259k ist\u0259yirsinizs\u0259, problem yoxdur. Sizi i\u015fd\u0259n \u00e7\u0131xaran yoxdur. Sizin m\u00fcdiriniz etdiyi qanunsuzluqlara g\u00f6r\u0259 i\u015fd\u0259n azad olunub. Onlar da raz\u0131la\u015fmay\u0131b, \u0259rizl\u0259rini yaz\u0131b, i\u015fd\u0259n azad olunublar.\n<\/p>\n<p>\n  Dig\u0259r i\u015f\u00e7il\u0259r is\u0259 haz\u0131rda idar\u0259d\u0259 i\u015fl\u0259yirl\u0259r. Onlar deyirl\u0259r ki, biz i\u015fl\u0259yib, \u00e7\u00f6r\u0259yimizi qazan\u0131r\u0131q. Olmas\u0131n Lo\u011fman \u018fliyev, olsun Fuad B\u0259\u015firov. Bizim \u00fc\u00e7\u00fcn \u00f6n\u0259mli olan i\u015fimizdir.\n<\/p>\n<p>\n  H\u0259min 49 n\u0259f\u0259r is\u0259 \u00f6z \u0259riz\u0259l\u0259ri il\u0259 \u201cDOST\u201d \u0130\u015f M\u0259rk\u0259zi t\u0259r\u0259find\u0259n i\u015fd\u0259n \u00e7\u0131xar\u0131l\u0131b. Onlardan t\u0259xmin\u0259n 10-13 n\u0259f\u0259ri sabiq m\u00fcdirin qohumlar\u0131 idi. Adamlar \u0259riz\u0259l\u0259rini yaz\u0131b, i\u015fd\u0259n \u00e7\u0131xd\u0131lar. He\u00e7 kim\u0259 t\u0259zyiq g\u00f6st\u0259rilm\u0259yib, m\u0259cbur i\u015fd\u0259n uzaqla\u015fd\u0131r\u0131lmay\u0131b. \u0130dar\u0259l\u0259r\u0259 ciddi n\u0259zar\u0259t var, m\u00fcdaxil\u0259 ola bilm\u0259z. Kart\u0131n al\u0131b saxlamaq kimi s\u00f6hb\u0259t ola bilm\u0259z. Bizim \u00f6z\u00fcm\u00fcz\u0259 d\u0259 maraql\u0131d\u0131r ki, niy\u0259 h\u0259min 49 n\u0259f\u0259r Fuad B\u0259\u015firovla i\u015fl\u0259m\u0259k ist\u0259m\u0259yib. \u0130ndi i\u015f tapmaq \u00e7\u0259tindir, he\u00e7 kim i\u015fini itirm\u0259k ist\u0259m\u0259z. G\u00f6r\u00fcn\u00fcr, h\u0259min adamlar \u0259vv\u0259ll\u0259r d\u0259 i\u015fl\u0259m\u0259yibl\u0259r. \u00c7\u00fcnki biz onlardan i\u015f\u0259 \u00e7\u0131xma\u011f\u0131 t\u0259l\u0259b ed\u0259n kimi \u0259riz\u0259l\u0259rini yaz\u0131b \u00e7\u0131xd\u0131lar. \u0130cra ba\u015f\u00e7\u0131s\u0131n\u0131n idar\u0259l\u0259ri birl\u0259\u015fdirm\u0259si s\u00f6hb\u0259ti bo\u015fdur, yaland\u0131r\u201d.\n<\/p>\n<p>\n  2018-ci ilnin avqustunda prezident \u0130lham \u018fliyev \u201cDayan\u0131ql\u0131 v\u0259 Operativ Sosial T\u0259minat Agentliyi&quot; (DOST) publik h\u00fcquqi \u015f\u0259xsin yarad\u0131lmas\u0131 il\u0259 ba\u011fl\u0131 f\u0259rman imzalay\u0131b. F\u0259rmanda bel\u0259 bir agentliyin yarad\u0131lmas\u0131 \u00fc\u00e7\u00fcn m\u0259qs\u0259din \u0259halinin m\u0259\u015f\u011fullu\u011fu, \u0259m\u0259k, sosial m\u00fcdafi\u0259 v\u0259 t\u0259minat sah\u0259l\u0259rind\u0259 v\u0259t\u0259nda\u015flara g\u00f6st\u0259ril\u0259n xidm\u0259tl\u0259rin keyfiyy\u0259tinin y\u00fcks\u0259ldilm\u0259si, \u015f\u0259ffafl\u0131\u011f\u0131n art\u0131r\u0131lmas\u0131 g\u00f6st\u0259rilir. Bundan ba\u015fqa, agentlik innovativ h\u0259ll\u0259rin t\u0259tbiqi v\u0259 elektron xidm\u0259tl\u0259r\u0259 ke\u00e7idin s\u00fcr\u0259tl\u0259ndirilm\u0259si, habel\u0259 s\u00fcr\u00fcnd\u00fcrm\u0259\u00e7ilik hallar\u0131n\u0131n qar\u015f\u0131s\u0131n\u0131n al\u0131nmas\u0131 v\u0259 v\u0259t\u0259nda\u015f m\u0259mnunlu\u011funun art\u0131r\u0131lmas\u0131na g\u00f6r\u0259 yarad\u0131l\u0131b.\n<\/p>\n<p>\n  2019-cu il yanvar\u0131n 20-d\u0259 prezident \u0130lham \u018fliyevin s\u0259r\u0259ncam\u0131 il\u0259 G\u00f6y\u00e7ay Rayon \u0130cra Hakimiyy\u0259tin\u0259 \u00fcmumilikd\u0259 495 n\u0259f\u0259r i\u015f\u00e7i yeri ayr\u0131l\u0131b. G\u00f6y\u00e7ay Rayon M\u0259nzil \u0130stismar idar\u0259sin\u0259 145, G\u00f6y\u00e7ay Rayon Sanitar-T\u0259mizlik \u0130dar\u0259sin\u0259 70, G\u00f6y\u00e7ay Abadla\u015fd\u0131rma v\u0259 T\u0259mir \u0130dar\u0259sin\u0259 280 n\u0259f\u0259r i\u015f\u00e7i verilib.<\/p>\n","protected":false},"excerpt":{"rendered":"<p>\u201c\u00d6yr\u0259nmi\u015f\u0259m ki, i\u015fd\u0259n \u00e7\u0131xan adamlar\u0131n yerin\u0259 ba\u015fqalar\u0131n\u0131n ad\u0131n\u0131 yaz\u0131blar, \u0259m\u0259khaqq\u0131n\u0131 da \u00f6zl\u0259ri al\u0131rlar&#8221;.<\/p>\n","protected":false},"author":11,"featured_media":133786,"comment_status":"closed","ping_status":"open","sticky":false,"template":"","format":"standard","meta":{"_acf_changed":false,"_sitemap_exclude":false,"_sitemap_priority":"","_sitemap_frequency":"","footnotes":""},"categories":[60],"tags":[],"class_list":["post-198154","post","type-post","status-publish","format-standard","has-post-thumbnail","hentry","category-bolge","infinite-scroll-item","generate-columns","tablet-grid-50","mobile-grid-100","grid-parent","grid-33","no-featured-image-padding"],"acf":[],"yoast_head":"<!-- This site is optimized with the Yoast SEO plugin v27.5 - https:\/\/yoast.com\/product\/yoast-seo-wordpress\/ -->\n<title>G\u00f6y\u00e7ayda: \u0130\u015f\u00e7il\u0259rin \u0259ks\u0259riyy\u0259tinin maa\u015f kart\u0131 icra ba\u015f\u00e7\u0131s\u0131n\u0131n \u0259lalt\u0131lar\u0131n\u0131n cibind\u0259dir - MEYDAN.TV<\/title>\n<meta name=\"robots\" content=\"index, follow, max-snippet:-1, max-image-preview:large, max-video-preview:-1\" \/>\n<link rel=\"canonical\" href=\"https:\/\/www.meydan.tv\/az\/article\/goycayda-iscilerin-ekseriyyetinin-maas-karti-icra-bascisinin-elaltilarinin-cibindedir\/\" \/>\n<meta property=\"og:locale\" content=\"az_AZ\" \/>\n<meta property=\"og:type\" content=\"article\" \/>\n<meta property=\"og:title\" content=\"G\u00f6y\u00e7ayda: \u0130\u015f\u00e7il\u0259rin \u0259ks\u0259riyy\u0259tinin maa\u015f kart\u0131 icra ba\u015f\u00e7\u0131s\u0131n\u0131n \u0259lalt\u0131lar\u0131n\u0131n cibind\u0259dir - MEYDAN.TV\" \/>\n<meta property=\"og:description\" content=\"\u201c\u00d6yr\u0259nmi\u015f\u0259m ki, i\u015fd\u0259n \u00e7\u0131xan adamlar\u0131n yerin\u0259 ba\u015fqalar\u0131n\u0131n ad\u0131n\u0131 yaz\u0131blar, \u0259m\u0259khaqq\u0131n\u0131 da \u00f6zl\u0259ri al\u0131rlar&quot;.\" \/>\n<meta property=\"og:url\" content=\"https:\/\/www.meydan.tv\/az\/article\/goycayda-iscilerin-ekseriyyetinin-maas-karti-icra-bascisinin-elaltilarinin-cibindedir\/\" \/>\n<meta property=\"og:site_name\" content=\"MEYDAN.TV\" \/>\n<meta property=\"article:published_time\" content=\"2019-11-29T09:13:50+00:00\" \/>\n<meta property=\"og:image\" content=\"https:\/\/www.meydan.tv\/wp-content\/uploads\/b4d7bde825f0ae10de0993c9957f6376.jpg\" \/>\n\t<meta property=\"og:image:width\" content=\"1896\" \/>\n\t<meta property=\"og:image:height\" content=\"1272\" \/>\n\t<meta property=\"og:image:type\" content=\"image\/jpeg\" \/>\n<meta name=\"author\" content=\"user-manager\" \/>\n<meta name=\"twitter:card\" content=\"summary_large_image\" \/>\n<script type=\"application\/ld+json\" class=\"yoast-schema-graph\">{\"@context\":\"https:\\\/\\\/schema.org\",\"@graph\":[{\"@type\":\"Article\",\"@id\":\"https:\\\/\\\/www.meydan.tv\\\/az\\\/article\\\/goycayda-iscilerin-ekseriyyetinin-maas-karti-icra-bascisinin-elaltilarinin-cibindedir\\\/#article\",\"isPartOf\":{\"@id\":\"https:\\\/\\\/www.meydan.tv\\\/az\\\/article\\\/goycayda-iscilerin-ekseriyyetinin-maas-karti-icra-bascisinin-elaltilarinin-cibindedir\\\/\"},\"author\":{\"name\":\"user-manager\",\"@id\":\"https:\\\/\\\/www.meydan.tv\\\/az\\\/#\\\/schema\\\/person\\\/10d11eccf6da3662cf5fdab9806ea91a\"},\"headline\":\"G\u00f6y\u00e7ayda: \u0130\u015f\u00e7il\u0259rin \u0259ks\u0259riyy\u0259tinin maa\u015f kart\u0131 icra ba\u015f\u00e7\u0131s\u0131n\u0131n \u0259lalt\u0131lar\u0131n\u0131n cibind\u0259dir\",\"datePublished\":\"2019-11-29T09:13:50+00:00\",\"mainEntityOfPage\":{\"@id\":\"https:\\\/\\\/www.meydan.tv\\\/az\\\/article\\\/goycayda-iscilerin-ekseriyyetinin-maas-karti-icra-bascisinin-elaltilarinin-cibindedir\\\/\"},\"wordCount\":2467,\"publisher\":{\"@id\":\"https:\\\/\\\/www.meydan.tv\\\/az\\\/#organization\"},\"image\":{\"@id\":\"https:\\\/\\\/www.meydan.tv\\\/az\\\/article\\\/goycayda-iscilerin-ekseriyyetinin-maas-karti-icra-bascisinin-elaltilarinin-cibindedir\\\/#primaryimage\"},\"thumbnailUrl\":\"https:\\\/\\\/www.meydan.tv\\\/wp-content\\\/uploads\\\/b4d7bde825f0ae10de0993c9957f6376.jpg\",\"articleSection\":[\"B\u00f6lg\u0259\"],\"inLanguage\":\"az\"},{\"@type\":\"WebPage\",\"@id\":\"https:\\\/\\\/www.meydan.tv\\\/az\\\/article\\\/goycayda-iscilerin-ekseriyyetinin-maas-karti-icra-bascisinin-elaltilarinin-cibindedir\\\/\",\"url\":\"https:\\\/\\\/www.meydan.tv\\\/az\\\/article\\\/goycayda-iscilerin-ekseriyyetinin-maas-karti-icra-bascisinin-elaltilarinin-cibindedir\\\/\",\"name\":\"G\u00f6y\u00e7ayda: \u0130\u015f\u00e7il\u0259rin \u0259ks\u0259riyy\u0259tinin maa\u015f kart\u0131 icra ba\u015f\u00e7\u0131s\u0131n\u0131n \u0259lalt\u0131lar\u0131n\u0131n cibind\u0259dir - MEYDAN.TV\",\"isPartOf\":{\"@id\":\"https:\\\/\\\/www.meydan.tv\\\/az\\\/#website\"},\"primaryImageOfPage\":{\"@id\":\"https:\\\/\\\/www.meydan.tv\\\/az\\\/article\\\/goycayda-iscilerin-ekseriyyetinin-maas-karti-icra-bascisinin-elaltilarinin-cibindedir\\\/#primaryimage\"},\"image\":{\"@id\":\"https:\\\/\\\/www.meydan.tv\\\/az\\\/article\\\/goycayda-iscilerin-ekseriyyetinin-maas-karti-icra-bascisinin-elaltilarinin-cibindedir\\\/#primaryimage\"},\"thumbnailUrl\":\"https:\\\/\\\/www.meydan.tv\\\/wp-content\\\/uploads\\\/b4d7bde825f0ae10de0993c9957f6376.jpg\",\"datePublished\":\"2019-11-29T09:13:50+00:00\",\"breadcrumb\":{\"@id\":\"https:\\\/\\\/www.meydan.tv\\\/az\\\/article\\\/goycayda-iscilerin-ekseriyyetinin-maas-karti-icra-bascisinin-elaltilarinin-cibindedir\\\/#breadcrumb\"},\"inLanguage\":\"az\",\"potentialAction\":[{\"@type\":\"ReadAction\",\"target\":[\"https:\\\/\\\/www.meydan.tv\\\/az\\\/article\\\/goycayda-iscilerin-ekseriyyetinin-maas-karti-icra-bascisinin-elaltilarinin-cibindedir\\\/\"]}]},{\"@type\":\"ImageObject\",\"inLanguage\":\"az\",\"@id\":\"https:\\\/\\\/www.meydan.tv\\\/az\\\/article\\\/goycayda-iscilerin-ekseriyyetinin-maas-karti-icra-bascisinin-elaltilarinin-cibindedir\\\/#primaryimage\",\"url\":\"https:\\\/\\\/www.meydan.tv\\\/wp-content\\\/uploads\\\/b4d7bde825f0ae10de0993c9957f6376.jpg\",\"contentUrl\":\"https:\\\/\\\/www.meydan.tv\\\/wp-content\\\/uploads\\\/b4d7bde825f0ae10de0993c9957f6376.jpg\",\"width\":1896,\"height\":1272,\"caption\":\"Foto: arxiv\"},{\"@type\":\"BreadcrumbList\",\"@id\":\"https:\\\/\\\/www.meydan.tv\\\/az\\\/article\\\/goycayda-iscilerin-ekseriyyetinin-maas-karti-icra-bascisinin-elaltilarinin-cibindedir\\\/#breadcrumb\",\"itemListElement\":[{\"@type\":\"ListItem\",\"position\":1,\"name\":\"Ana s\u0259hif\u0259\",\"item\":\"https:\\\/\\\/www.meydan.tv\\\/az\\\/\"},{\"@type\":\"ListItem\",\"position\":2,\"name\":\"B\u00f6lg\u0259\",\"item\":\"https:\\\/\\\/www.meydan.tv\\\/az\\\/section\\\/bolge\\\/\"},{\"@type\":\"ListItem\",\"position\":3,\"name\":\"G\u00f6y\u00e7ayda: \u0130\u015f\u00e7il\u0259rin \u0259ks\u0259riyy\u0259tinin maa\u015f kart\u0131 icra ba\u015f\u00e7\u0131s\u0131n\u0131n \u0259lalt\u0131lar\u0131n\u0131n cibind\u0259dir\"}]},{\"@type\":\"WebSite\",\"@id\":\"https:\\\/\\\/www.meydan.tv\\\/az\\\/#website\",\"url\":\"https:\\\/\\\/www.meydan.tv\\\/az\\\/\",\"name\":\"MEYDAN.TV\",\"description\":\"Meydan TV Az\u0259rbaycan\u0131n media m\u0259kan\u0131ndak\u0131 alternativ s\u0259sidir\",\"publisher\":{\"@id\":\"https:\\\/\\\/www.meydan.tv\\\/az\\\/#organization\"},\"potentialAction\":[{\"@type\":\"SearchAction\",\"target\":{\"@type\":\"EntryPoint\",\"urlTemplate\":\"https:\\\/\\\/www.meydan.tv\\\/az\\\/?s={search_term_string}\"},\"query-input\":{\"@type\":\"PropertyValueSpecification\",\"valueRequired\":true,\"valueName\":\"search_term_string\"}}],\"inLanguage\":\"az\"},{\"@type\":\"Organization\",\"@id\":\"https:\\\/\\\/www.meydan.tv\\\/az\\\/#organization\",\"name\":\"Meydan TV\",\"url\":\"https:\\\/\\\/www.meydan.tv\\\/az\\\/\",\"logo\":{\"@type\":\"ImageObject\",\"inLanguage\":\"az\",\"@id\":\"https:\\\/\\\/www.meydan.tv\\\/az\\\/#\\\/schema\\\/logo\\\/image\\\/\",\"url\":\"https:\\\/\\\/www.meydan.tv\\\/wp-content\\\/uploads\\\/2021\\\/07\\\/meydan-logo.svg\",\"contentUrl\":\"https:\\\/\\\/www.meydan.tv\\\/wp-content\\\/uploads\\\/2021\\\/07\\\/meydan-logo.svg\",\"width\":195,\"height\":46,\"caption\":\"Meydan TV\"},\"image\":{\"@id\":\"https:\\\/\\\/www.meydan.tv\\\/az\\\/#\\\/schema\\\/logo\\\/image\\\/\"}},{\"@type\":\"Person\",\"@id\":\"https:\\\/\\\/www.meydan.tv\\\/az\\\/#\\\/schema\\\/person\\\/10d11eccf6da3662cf5fdab9806ea91a\",\"name\":\"user-manager\"}]}<\/script>\n<!-- \/ Yoast SEO plugin. -->","yoast_head_json":{"title":"G\u00f6y\u00e7ayda: \u0130\u015f\u00e7il\u0259rin \u0259ks\u0259riyy\u0259tinin maa\u015f kart\u0131 icra ba\u015f\u00e7\u0131s\u0131n\u0131n \u0259lalt\u0131lar\u0131n\u0131n cibind\u0259dir - MEYDAN.TV","robots":{"index":"index","follow":"follow","max-snippet":"max-snippet:-1","max-image-preview":"max-image-preview:large","max-video-preview":"max-video-preview:-1"},"canonical":"https:\/\/www.meydan.tv\/az\/article\/goycayda-iscilerin-ekseriyyetinin-maas-karti-icra-bascisinin-elaltilarinin-cibindedir\/","og_locale":"az_AZ","og_type":"article","og_title":"G\u00f6y\u00e7ayda: \u0130\u015f\u00e7il\u0259rin \u0259ks\u0259riyy\u0259tinin maa\u015f kart\u0131 icra ba\u015f\u00e7\u0131s\u0131n\u0131n \u0259lalt\u0131lar\u0131n\u0131n cibind\u0259dir - MEYDAN.TV","og_description":"\u201c\u00d6yr\u0259nmi\u015f\u0259m ki, i\u015fd\u0259n \u00e7\u0131xan adamlar\u0131n yerin\u0259 ba\u015fqalar\u0131n\u0131n ad\u0131n\u0131 yaz\u0131blar, \u0259m\u0259khaqq\u0131n\u0131 da \u00f6zl\u0259ri al\u0131rlar\".","og_url":"https:\/\/www.meydan.tv\/az\/article\/goycayda-iscilerin-ekseriyyetinin-maas-karti-icra-bascisinin-elaltilarinin-cibindedir\/","og_site_name":"MEYDAN.TV","article_published_time":"2019-11-29T09:13:50+00:00","og_image":[{"width":1896,"height":1272,"url":"https:\/\/www.meydan.tv\/wp-content\/uploads\/b4d7bde825f0ae10de0993c9957f6376.jpg","type":"image\/jpeg"}],"author":"user-manager","twitter_card":"summary_large_image","schema":{"@context":"https:\/\/schema.org","@graph":[{"@type":"Article","@id":"https:\/\/www.meydan.tv\/az\/article\/goycayda-iscilerin-ekseriyyetinin-maas-karti-icra-bascisinin-elaltilarinin-cibindedir\/#article","isPartOf":{"@id":"https:\/\/www.meydan.tv\/az\/article\/goycayda-iscilerin-ekseriyyetinin-maas-karti-icra-bascisinin-elaltilarinin-cibindedir\/"},"author":{"name":"user-manager","@id":"https:\/\/www.meydan.tv\/az\/#\/schema\/person\/10d11eccf6da3662cf5fdab9806ea91a"},"headline":"G\u00f6y\u00e7ayda: \u0130\u015f\u00e7il\u0259rin \u0259ks\u0259riyy\u0259tinin maa\u015f kart\u0131 icra ba\u015f\u00e7\u0131s\u0131n\u0131n \u0259lalt\u0131lar\u0131n\u0131n cibind\u0259dir","datePublished":"2019-11-29T09:13:50+00:00","mainEntityOfPage":{"@id":"https:\/\/www.meydan.tv\/az\/article\/goycayda-iscilerin-ekseriyyetinin-maas-karti-icra-bascisinin-elaltilarinin-cibindedir\/"},"wordCount":2467,"publisher":{"@id":"https:\/\/www.meydan.tv\/az\/#organization"},"image":{"@id":"https:\/\/www.meydan.tv\/az\/article\/goycayda-iscilerin-ekseriyyetinin-maas-karti-icra-bascisinin-elaltilarinin-cibindedir\/#primaryimage"},"thumbnailUrl":"https:\/\/www.meydan.tv\/wp-content\/uploads\/b4d7bde825f0ae10de0993c9957f6376.jpg","articleSection":["B\u00f6lg\u0259"],"inLanguage":"az"},{"@type":"WebPage","@id":"https:\/\/www.meydan.tv\/az\/article\/goycayda-iscilerin-ekseriyyetinin-maas-karti-icra-bascisinin-elaltilarinin-cibindedir\/","url":"https:\/\/www.meydan.tv\/az\/article\/goycayda-iscilerin-ekseriyyetinin-maas-karti-icra-bascisinin-elaltilarinin-cibindedir\/","name":"G\u00f6y\u00e7ayda: \u0130\u015f\u00e7il\u0259rin \u0259ks\u0259riyy\u0259tinin maa\u015f kart\u0131 icra ba\u015f\u00e7\u0131s\u0131n\u0131n \u0259lalt\u0131lar\u0131n\u0131n cibind\u0259dir - MEYDAN.TV","isPartOf":{"@id":"https:\/\/www.meydan.tv\/az\/#website"},"primaryImageOfPage":{"@id":"https:\/\/www.meydan.tv\/az\/article\/goycayda-iscilerin-ekseriyyetinin-maas-karti-icra-bascisinin-elaltilarinin-cibindedir\/#primaryimage"},"image":{"@id":"https:\/\/www.meydan.tv\/az\/article\/goycayda-iscilerin-ekseriyyetinin-maas-karti-icra-bascisinin-elaltilarinin-cibindedir\/#primaryimage"},"thumbnailUrl":"https:\/\/www.meydan.tv\/wp-content\/uploads\/b4d7bde825f0ae10de0993c9957f6376.jpg","datePublished":"2019-11-29T09:13:50+00:00","breadcrumb":{"@id":"https:\/\/www.meydan.tv\/az\/article\/goycayda-iscilerin-ekseriyyetinin-maas-karti-icra-bascisinin-elaltilarinin-cibindedir\/#breadcrumb"},"inLanguage":"az","potentialAction":[{"@type":"ReadAction","target":["https:\/\/www.meydan.tv\/az\/article\/goycayda-iscilerin-ekseriyyetinin-maas-karti-icra-bascisinin-elaltilarinin-cibindedir\/"]}]},{"@type":"ImageObject","inLanguage":"az","@id":"https:\/\/www.meydan.tv\/az\/article\/goycayda-iscilerin-ekseriyyetinin-maas-karti-icra-bascisinin-elaltilarinin-cibindedir\/#primaryimage","url":"https:\/\/www.meydan.tv\/wp-content\/uploads\/b4d7bde825f0ae10de0993c9957f6376.jpg","contentUrl":"https:\/\/www.meydan.tv\/wp-content\/uploads\/b4d7bde825f0ae10de0993c9957f6376.jpg","width":1896,"height":1272,"caption":"Foto: arxiv"},{"@type":"BreadcrumbList","@id":"https:\/\/www.meydan.tv\/az\/article\/goycayda-iscilerin-ekseriyyetinin-maas-karti-icra-bascisinin-elaltilarinin-cibindedir\/#breadcrumb","itemListElement":[{"@type":"ListItem","position":1,"name":"Ana s\u0259hif\u0259","item":"https:\/\/www.meydan.tv\/az\/"},{"@type":"ListItem","position":2,"name":"B\u00f6lg\u0259","item":"https:\/\/www.meydan.tv\/az\/section\/bolge\/"},{"@type":"ListItem","position":3,"name":"G\u00f6y\u00e7ayda: \u0130\u015f\u00e7il\u0259rin \u0259ks\u0259riyy\u0259tinin maa\u015f kart\u0131 icra ba\u015f\u00e7\u0131s\u0131n\u0131n \u0259lalt\u0131lar\u0131n\u0131n cibind\u0259dir"}]},{"@type":"WebSite","@id":"https:\/\/www.meydan.tv\/az\/#website","url":"https:\/\/www.meydan.tv\/az\/","name":"MEYDAN.TV","description":"Meydan TV Az\u0259rbaycan\u0131n media m\u0259kan\u0131ndak\u0131 alternativ s\u0259sidir","publisher":{"@id":"https:\/\/www.meydan.tv\/az\/#organization"},"potentialAction":[{"@type":"SearchAction","target":{"@type":"EntryPoint","urlTemplate":"https:\/\/www.meydan.tv\/az\/?s={search_term_string}"},"query-input":{"@type":"PropertyValueSpecification","valueRequired":true,"valueName":"search_term_string"}}],"inLanguage":"az"},{"@type":"Organization","@id":"https:\/\/www.meydan.tv\/az\/#organization","name":"Meydan TV","url":"https:\/\/www.meydan.tv\/az\/","logo":{"@type":"ImageObject","inLanguage":"az","@id":"https:\/\/www.meydan.tv\/az\/#\/schema\/logo\/image\/","url":"https:\/\/www.meydan.tv\/wp-content\/uploads\/2021\/07\/meydan-logo.svg","contentUrl":"https:\/\/www.meydan.tv\/wp-content\/uploads\/2021\/07\/meydan-logo.svg","width":195,"height":46,"caption":"Meydan TV"},"image":{"@id":"https:\/\/www.meydan.tv\/az\/#\/schema\/logo\/image\/"}},{"@type":"Person","@id":"https:\/\/www.meydan.tv\/az\/#\/schema\/person\/10d11eccf6da3662cf5fdab9806ea91a","name":"user-manager"}]}},"_links":{"self":[{"href":"https:\/\/www.meydan.tv\/az\/wp-json\/wp\/v2\/posts\/198154","targetHints":{"allow":["GET"]}}],"collection":[{"href":"https:\/\/www.meydan.tv\/az\/wp-json\/wp\/v2\/posts"}],"about":[{"href":"https:\/\/www.meydan.tv\/az\/wp-json\/wp\/v2\/types\/post"}],"author":[{"embeddable":true,"href":"https:\/\/www.meydan.tv\/az\/wp-json\/wp\/v2\/users\/11"}],"replies":[{"embeddable":true,"href":"https:\/\/www.meydan.tv\/az\/wp-json\/wp\/v2\/comments?post=198154"}],"version-history":[{"count":0,"href":"https:\/\/www.meydan.tv\/az\/wp-json\/wp\/v2\/posts\/198154\/revisions"}],"wp:featuredmedia":[{"embeddable":true,"href":"https:\/\/www.meydan.tv\/az\/wp-json\/wp\/v2\/media\/133786"}],"wp:attachment":[{"href":"https:\/\/www.meydan.tv\/az\/wp-json\/wp\/v2\/media?parent=198154"}],"wp:term":[{"taxonomy":"category","embeddable":true,"href":"https:\/\/www.meydan.tv\/az\/wp-json\/wp\/v2\/categories?post=198154"},{"taxonomy":"post_tag","embeddable":true,"href":"https:\/\/www.meydan.tv\/az\/wp-json\/wp\/v2\/tags?post=198154"}],"curies":[{"name":"wp","href":"https:\/\/api.w.org\/{rel}","templated":true}]}}