{"id":198139,"date":"2019-11-28T13:04:23","date_gmt":"2019-11-28T13:04:23","guid":{"rendered":"https:\/\/www.meydan.tv\/article\/sernisinler-baki-yalama-elektrik-qatari-telebati-odemir\/"},"modified":"2019-11-28T13:04:23","modified_gmt":"2019-11-28T13:04:23","slug":"sernisinler-baki-yalama-elektrik-qatari-telebati-odemir","status":"publish","type":"post","link":"https:\/\/www.meydan.tv\/az\/article\/sernisinler-baki-yalama-elektrik-qatari-telebati-odemir\/","title":{"rendered":"S\u0259rni\u015finl\u0259r: Bak\u0131-Yalama elektrik qatar\u0131 t\u0259l\u0259bat\u0131 \u00f6d\u0259mir"},"content":{"rendered":"<p>\n  <i><br \/>\n    \u201c\u018fvv\u0259lki kimi g\u00fcnd\u0259 2 reys ets\u0259l\u0259r, ham\u0131 raz\u0131 qalar\u201d<br \/>\n  <\/i>\n<\/p>\n<p>\n  \u201c\u018fvv\u0259l g\u00fcn\u00fcn 2 saat\u0131 (s\u0259h\u0259r, ax\u015fam) Bak\u0131ya qatarla ged\u0259 bilirdik. \u00d6z\u00fc d\u0259 q\u0259na\u0259tl\u0259, \u00e7ox az pula ba\u015fa g\u0259lirdi. Bak\u0131-Yalama-Bak\u0131 istiqam\u0259tind\u0259 y\u00fczl\u0259rl\u0259 ya\u015fay\u0131\u015f m\u0259nt\u0259q\u0259si var. M\u0259saf\u0259d\u0259n as\u0131l\u0131 olaraq Bak\u0131ya gedib-g\u0259lm\u0259k 1-3 manat edirdi. \u0130ndi avtobuslarda qalm\u0131\u015f\u0131q. H\u0259m narahatd\u0131r, h\u0259m d\u0259 baha\u201d.\n<\/p>\n<p>\n  Bak\u0131-Yalama d\u0259mir yolundan istifad\u0259 ed\u0259n s\u0259rni\u015finl\u0259r Meydan TV-y\u0259 bel\u0259 deyibl\u0259r. Bildiribl\u0259r ki, bu \u0259trafda ya\u015fayan insanlar\u0131n 90 faizi azt\u0259minatl\u0131d\u0131r. Qatardan istifad\u0259 ed\u0259nl\u0259rin is\u0259 dem\u0259k olar ki, ham\u0131s\u0131:\n<\/p>\n<p>\n  \u201cPulu olan\u0131n ma\u015f\u0131n\u0131 var, ya da taksiyl\u0259 gedir. H\u0259min reysl\u0259rd\u0259n istifad\u0259 ed\u0259nl\u0259rin ham\u0131s\u0131 kas\u0131blar idi. Sovetd\u0259n qalan qatarlar olsa da, h\u0259r g\u00fcn bu mar\u015frut il\u0259 2 d\u0259n\u0259 qatar i\u015fl\u0259yirdi. Ke\u00e7diyi \u0259razil\u0259rd\u0259 ya\u015fayanlar\u0131n n\u0259qliyyata olan t\u0259l\u0259bat\u0131n\u0131 pis-yax\u015f\u0131 t\u0259min edirdi\u201d.\n<\/p>\n<p>\n  S\u0259rni\u015finl\u0259r deyirl\u0259r ki, 6 il \u0259vv\u0259l h\u0259min 4 vaqonlu qatarlar l\u0259\u011fv edilib. Bir m\u00fcdd\u0259t s\u0131rf d\u0259miryol\u00e7ular \u00fc\u00e7\u00fcn f\u0259aliyy\u0259t g\u00f6st\u0259rib. Sonradan s\u0259rni\u015finl\u0259rin \u00e7oxsayl\u0131 arzu v\u0259 t\u0259klifl\u0259ri n\u0259z\u0259r\u0259 al\u0131naraq h\u0259min istiqam\u0259td\u0259 qatarlar\u0131n h\u0259r\u0259k\u0259ti b\u0259rpa edilib. Ancaq g\u00fcnd\u0259 bir d\u0259f\u0259 olmaqla:\n<\/p>\n<p>\n  \u201cHaz\u0131rda Bak\u0131-Yalama-Bak\u0131 elektrik qatar\u0131 h\u0259r g\u00fcn saat 20-00-da Bak\u0131 s\u0259rni\u015fin stansiyas\u0131ndan yola d\u00fc\u015f\u00fcr. Saat 01-10-da Yalama stansiyas\u0131na \u00e7at\u0131r. 03-30-da Yalama stansiyas\u0131ndan Bak\u0131ya geri qay\u0131d\u0131r. \u00c7atm\u0131r, 1 reys bu q\u0259d\u0259r insan\u0131n t\u0259l\u0259bat\u0131n\u0131 \u00f6d\u0259mir\u201d.\n<\/p>\n<p>\n  \u015eikay\u0259t\u00e7il\u0259r deyirl\u0259r ki, d\u00fczd\u00fcr, haz\u0131rda i\u015fl\u0259y\u0259n bu qatar 6 vaqonludur v\u0259 daha m\u00fcasir, rahat v\u0259 yenidir. Amma s\u0259rni\u015finl\u0259rin t\u0259l\u0259bat\u0131n\u0131 tam \u00f6d\u0259y\u0259 bilmir:\n<\/p>\n<p>\n  \u201cQatar\u0131n ke\u00e7diyi Ke\u015fl\u0259, Bil\u0259c\u0259ri, X\u0131rdalan, G\u00fczd\u0259k, Sumqay\u0131t, Ya\u015fma, Gil\u0259zi, Siy\u0259z\u0259n, \u015eabran, Xa\u00e7maz, Yalama v\u0259 s. ya\u015fay\u0131\u015f yerl\u0259rind\u0259, ara stansiyalarda kifay\u0259t q\u0259d\u0259r \u0259hali ya\u015fay\u0131r. Onlar\u0131n \u0259ks\u0259riyy\u0259ti azt\u0259minatl\u0131d\u0131r. \u018fg\u0259r s\u0259rni\u015finl\u0259r \u0259vv\u0259l ara m\u0259saf\u0259d\u0259n as\u0131l\u0131 olaraq 1-3 manata rahat v\u0259 q\u0259na\u0259t ed\u0259r\u0259k bu qatarla gedib-g\u0259lirdil\u0259rs\u0259, indi m\u0259cbur olub avtobuslara 3-6 manat x\u0259rcl\u0259yirl\u0259r\u201d.\n<\/p>\n<p>\n  Sakinl\u0259r deyirl\u0259r ki, bu ma\u015ftrutla g\u00fcnd\u0259 2, h\u0259tta 3 qatar\u0131n g\u00fcn\u00fcn m\u00fcxt\u0259lif saatlar\u0131nda i\u015fl\u0259m\u0259sin\u0259 ehtiyac var. Bu s\u0259rni\u015finl\u0259r \u00fc\u00e7\u00fcn h\u0259m s\u0259rf\u0259li, h\u0259m d\u0259 rahat olar:\n<\/p>\n<p>\n  \u201cBiz adlar\u0131n\u0131 dediyimiz \u0259razil\u0259rd\u0259 ya\u015fayan sakinl\u0259rik. \u201cAz\u0259rbaycan D\u0259mir Yollar\u0131&quot; Qapal\u0131 S\u0259hmdar C\u0259miyy\u0259tinin s\u0259dri Cavid Qurbanovdan xahi\u015f edirik ki, yenid\u0259n bizim g\u00fcnd\u0259lik he\u00e7 olmasa bir reysimizi b\u0259rpa etsinl\u0259r. Ya Bak\u0131-Yalama-Bak\u0131 ma\u015ftrutu il\u0259 h\u0259r\u0259k\u0259t ed\u0259n elektrik qatarlar\u0131n\u0131n, ya da reysin say\u0131 art\u0131r\u0131ls\u0131n ki, bizim nisb\u0259t\u0259n ucuz n\u0259qliyyata olan t\u0259l\u0259bat\u0131m\u0131z tam \u00f6d\u0259nsin. \u018fziyy\u0259t v\u0259 art\u0131q x\u0259rc \u00e7\u0259km\u0259d\u0259n bu qatarlardan istifad\u0259 ed\u0259 bil\u0259k\u201d.\n<\/p>\n<p>\n  \u201cAz\u0259rbaycan D\u0259mir Yollar\u0131&quot; Qapal\u0131 S\u0259hmdar C\u0259miyy\u0259tind\u0259n Meydan TV-y\u0259 bildirilib ki, ola bil\u0259r g\u00fcn \u0259rzind\u0259 ged\u0259n bir reys s\u0259rni\u015finl\u0259r\u0259 azl\u0131q edir. Bu zaman sakinl\u0259r onlara m\u00fcraci\u0259t etm\u0259lidir:\n<\/p>\n<p>\n  \u201cZ\u0259ng etsinl\u0259r v\u0259 yaxud g\u0259lsinl\u0259r, probleml\u0259rini s\u00f6ylsinl\u0259r, dinl\u0259y\u0259k. \u018fg\u0259r h\u0259qiq\u0259t\u0259n bir reys azl\u0131q edirs\u0259, t\u0259l\u0259bata uy\u011fun olaraq art\u0131r\u0131la v\u0259 yaxud t\u0259nziml\u0259n\u0259 bil\u0259r. Ancaq bunun \u00fc\u00e7\u00fcn \u015fikay\u0259t\u00e7il\u0259rin birba\u015fa biz\u0259 m\u00fcraci\u0259t etm\u0259l\u0259ri laz\u0131md\u0131r\u201d.<\/p>\n","protected":false},"excerpt":{"rendered":"<p>&#8220;Haz\u0131rda Bak\u0131-Yalama-Bak\u0131 elektrik qatar\u0131 h\u0259r g\u00fcn saat 20-00-da Bak\u0131 s\u0259rni\u015fin stansiyas\u0131ndan yola d\u00fc\u015f\u00fcr&#8221;.<\/p>\n","protected":false},"author":11,"featured_media":133725,"comment_status":"closed","ping_status":"open","sticky":false,"template":"","format":"standard","meta":{"_acf_changed":false,"_sitemap_exclude":false,"_sitemap_priority":"","_sitemap_frequency":"","footnotes":""},"categories":[60],"tags":[],"class_list":["post-198139","post","type-post","status-publish","format-standard","has-post-thumbnail","hentry","category-bolge","infinite-scroll-item","generate-columns","tablet-grid-50","mobile-grid-100","grid-parent","grid-33","no-featured-image-padding"],"acf":[],"yoast_head":"<!-- This site is optimized with the Yoast SEO plugin v27.5 - https:\/\/yoast.com\/product\/yoast-seo-wordpress\/ -->\n<title>S\u0259rni\u015finl\u0259r: Bak\u0131-Yalama elektrik qatar\u0131 t\u0259l\u0259bat\u0131 \u00f6d\u0259mir - MEYDAN.TV<\/title>\n<meta name=\"robots\" content=\"index, follow, max-snippet:-1, max-image-preview:large, max-video-preview:-1\" \/>\n<link rel=\"canonical\" href=\"https:\/\/www.meydan.tv\/az\/article\/sernisinler-baki-yalama-elektrik-qatari-telebati-odemir\/\" \/>\n<meta property=\"og:locale\" content=\"az_AZ\" \/>\n<meta property=\"og:type\" content=\"article\" \/>\n<meta property=\"og:title\" content=\"S\u0259rni\u015finl\u0259r: Bak\u0131-Yalama elektrik qatar\u0131 t\u0259l\u0259bat\u0131 \u00f6d\u0259mir - MEYDAN.TV\" \/>\n<meta property=\"og:description\" content=\"&quot;Haz\u0131rda Bak\u0131-Yalama-Bak\u0131 elektrik qatar\u0131 h\u0259r g\u00fcn saat 20-00-da Bak\u0131 s\u0259rni\u015fin stansiyas\u0131ndan yola d\u00fc\u015f\u00fcr&quot;.\" \/>\n<meta property=\"og:url\" content=\"https:\/\/www.meydan.tv\/az\/article\/sernisinler-baki-yalama-elektrik-qatari-telebati-odemir\/\" \/>\n<meta property=\"og:site_name\" content=\"MEYDAN.TV\" \/>\n<meta property=\"article:published_time\" content=\"2019-11-28T13:04:23+00:00\" \/>\n<meta property=\"og:image\" content=\"https:\/\/www.meydan.tv\/wp-content\/uploads\/yalama_elektrik_train_250116.jpg\" \/>\n\t<meta property=\"og:image:width\" content=\"1000\" \/>\n\t<meta property=\"og:image:height\" content=\"664\" \/>\n\t<meta property=\"og:image:type\" content=\"image\/jpeg\" \/>\n<meta name=\"author\" content=\"user-manager\" \/>\n<meta name=\"twitter:card\" content=\"summary_large_image\" \/>\n<script type=\"application\/ld+json\" class=\"yoast-schema-graph\">{\"@context\":\"https:\\\/\\\/schema.org\",\"@graph\":[{\"@type\":\"Article\",\"@id\":\"https:\\\/\\\/www.meydan.tv\\\/az\\\/article\\\/sernisinler-baki-yalama-elektrik-qatari-telebati-odemir\\\/#article\",\"isPartOf\":{\"@id\":\"https:\\\/\\\/www.meydan.tv\\\/az\\\/article\\\/sernisinler-baki-yalama-elektrik-qatari-telebati-odemir\\\/\"},\"author\":{\"name\":\"user-manager\",\"@id\":\"https:\\\/\\\/www.meydan.tv\\\/az\\\/#\\\/schema\\\/person\\\/10d11eccf6da3662cf5fdab9806ea91a\"},\"headline\":\"S\u0259rni\u015finl\u0259r: Bak\u0131-Yalama elektrik qatar\u0131 t\u0259l\u0259bat\u0131 \u00f6d\u0259mir\",\"datePublished\":\"2019-11-28T13:04:23+00:00\",\"mainEntityOfPage\":{\"@id\":\"https:\\\/\\\/www.meydan.tv\\\/az\\\/article\\\/sernisinler-baki-yalama-elektrik-qatari-telebati-odemir\\\/\"},\"wordCount\":709,\"publisher\":{\"@id\":\"https:\\\/\\\/www.meydan.tv\\\/az\\\/#organization\"},\"image\":{\"@id\":\"https:\\\/\\\/www.meydan.tv\\\/az\\\/article\\\/sernisinler-baki-yalama-elektrik-qatari-telebati-odemir\\\/#primaryimage\"},\"thumbnailUrl\":\"https:\\\/\\\/www.meydan.tv\\\/wp-content\\\/uploads\\\/yalama_elektrik_train_250116.jpg\",\"articleSection\":[\"B\u00f6lg\u0259\"],\"inLanguage\":\"az\"},{\"@type\":\"WebPage\",\"@id\":\"https:\\\/\\\/www.meydan.tv\\\/az\\\/article\\\/sernisinler-baki-yalama-elektrik-qatari-telebati-odemir\\\/\",\"url\":\"https:\\\/\\\/www.meydan.tv\\\/az\\\/article\\\/sernisinler-baki-yalama-elektrik-qatari-telebati-odemir\\\/\",\"name\":\"S\u0259rni\u015finl\u0259r: Bak\u0131-Yalama elektrik qatar\u0131 t\u0259l\u0259bat\u0131 \u00f6d\u0259mir - MEYDAN.TV\",\"isPartOf\":{\"@id\":\"https:\\\/\\\/www.meydan.tv\\\/az\\\/#website\"},\"primaryImageOfPage\":{\"@id\":\"https:\\\/\\\/www.meydan.tv\\\/az\\\/article\\\/sernisinler-baki-yalama-elektrik-qatari-telebati-odemir\\\/#primaryimage\"},\"image\":{\"@id\":\"https:\\\/\\\/www.meydan.tv\\\/az\\\/article\\\/sernisinler-baki-yalama-elektrik-qatari-telebati-odemir\\\/#primaryimage\"},\"thumbnailUrl\":\"https:\\\/\\\/www.meydan.tv\\\/wp-content\\\/uploads\\\/yalama_elektrik_train_250116.jpg\",\"datePublished\":\"2019-11-28T13:04:23+00:00\",\"breadcrumb\":{\"@id\":\"https:\\\/\\\/www.meydan.tv\\\/az\\\/article\\\/sernisinler-baki-yalama-elektrik-qatari-telebati-odemir\\\/#breadcrumb\"},\"inLanguage\":\"az\",\"potentialAction\":[{\"@type\":\"ReadAction\",\"target\":[\"https:\\\/\\\/www.meydan.tv\\\/az\\\/article\\\/sernisinler-baki-yalama-elektrik-qatari-telebati-odemir\\\/\"]}]},{\"@type\":\"ImageObject\",\"inLanguage\":\"az\",\"@id\":\"https:\\\/\\\/www.meydan.tv\\\/az\\\/article\\\/sernisinler-baki-yalama-elektrik-qatari-telebati-odemir\\\/#primaryimage\",\"url\":\"https:\\\/\\\/www.meydan.tv\\\/wp-content\\\/uploads\\\/yalama_elektrik_train_250116.jpg\",\"contentUrl\":\"https:\\\/\\\/www.meydan.tv\\\/wp-content\\\/uploads\\\/yalama_elektrik_train_250116.jpg\",\"width\":1000,\"height\":664,\"caption\":\"Source: Specify Source\"},{\"@type\":\"BreadcrumbList\",\"@id\":\"https:\\\/\\\/www.meydan.tv\\\/az\\\/article\\\/sernisinler-baki-yalama-elektrik-qatari-telebati-odemir\\\/#breadcrumb\",\"itemListElement\":[{\"@type\":\"ListItem\",\"position\":1,\"name\":\"Ana s\u0259hif\u0259\",\"item\":\"https:\\\/\\\/www.meydan.tv\\\/az\\\/\"},{\"@type\":\"ListItem\",\"position\":2,\"name\":\"B\u00f6lg\u0259\",\"item\":\"https:\\\/\\\/www.meydan.tv\\\/az\\\/section\\\/bolge\\\/\"},{\"@type\":\"ListItem\",\"position\":3,\"name\":\"S\u0259rni\u015finl\u0259r: Bak\u0131-Yalama elektrik qatar\u0131 t\u0259l\u0259bat\u0131 \u00f6d\u0259mir\"}]},{\"@type\":\"WebSite\",\"@id\":\"https:\\\/\\\/www.meydan.tv\\\/az\\\/#website\",\"url\":\"https:\\\/\\\/www.meydan.tv\\\/az\\\/\",\"name\":\"MEYDAN.TV\",\"description\":\"Meydan TV Az\u0259rbaycan\u0131n media m\u0259kan\u0131ndak\u0131 alternativ s\u0259sidir\",\"publisher\":{\"@id\":\"https:\\\/\\\/www.meydan.tv\\\/az\\\/#organization\"},\"potentialAction\":[{\"@type\":\"SearchAction\",\"target\":{\"@type\":\"EntryPoint\",\"urlTemplate\":\"https:\\\/\\\/www.meydan.tv\\\/az\\\/?s={search_term_string}\"},\"query-input\":{\"@type\":\"PropertyValueSpecification\",\"valueRequired\":true,\"valueName\":\"search_term_string\"}}],\"inLanguage\":\"az\"},{\"@type\":\"Organization\",\"@id\":\"https:\\\/\\\/www.meydan.tv\\\/az\\\/#organization\",\"name\":\"Meydan TV\",\"url\":\"https:\\\/\\\/www.meydan.tv\\\/az\\\/\",\"logo\":{\"@type\":\"ImageObject\",\"inLanguage\":\"az\",\"@id\":\"https:\\\/\\\/www.meydan.tv\\\/az\\\/#\\\/schema\\\/logo\\\/image\\\/\",\"url\":\"https:\\\/\\\/www.meydan.tv\\\/wp-content\\\/uploads\\\/2021\\\/07\\\/meydan-logo.svg\",\"contentUrl\":\"https:\\\/\\\/www.meydan.tv\\\/wp-content\\\/uploads\\\/2021\\\/07\\\/meydan-logo.svg\",\"width\":195,\"height\":46,\"caption\":\"Meydan TV\"},\"image\":{\"@id\":\"https:\\\/\\\/www.meydan.tv\\\/az\\\/#\\\/schema\\\/logo\\\/image\\\/\"}},{\"@type\":\"Person\",\"@id\":\"https:\\\/\\\/www.meydan.tv\\\/az\\\/#\\\/schema\\\/person\\\/10d11eccf6da3662cf5fdab9806ea91a\",\"name\":\"user-manager\"}]}<\/script>\n<!-- \/ Yoast SEO plugin. -->","yoast_head_json":{"title":"S\u0259rni\u015finl\u0259r: Bak\u0131-Yalama elektrik qatar\u0131 t\u0259l\u0259bat\u0131 \u00f6d\u0259mir - MEYDAN.TV","robots":{"index":"index","follow":"follow","max-snippet":"max-snippet:-1","max-image-preview":"max-image-preview:large","max-video-preview":"max-video-preview:-1"},"canonical":"https:\/\/www.meydan.tv\/az\/article\/sernisinler-baki-yalama-elektrik-qatari-telebati-odemir\/","og_locale":"az_AZ","og_type":"article","og_title":"S\u0259rni\u015finl\u0259r: Bak\u0131-Yalama elektrik qatar\u0131 t\u0259l\u0259bat\u0131 \u00f6d\u0259mir - MEYDAN.TV","og_description":"\"Haz\u0131rda Bak\u0131-Yalama-Bak\u0131 elektrik qatar\u0131 h\u0259r g\u00fcn saat 20-00-da Bak\u0131 s\u0259rni\u015fin stansiyas\u0131ndan yola d\u00fc\u015f\u00fcr\".","og_url":"https:\/\/www.meydan.tv\/az\/article\/sernisinler-baki-yalama-elektrik-qatari-telebati-odemir\/","og_site_name":"MEYDAN.TV","article_published_time":"2019-11-28T13:04:23+00:00","og_image":[{"width":1000,"height":664,"url":"https:\/\/www.meydan.tv\/wp-content\/uploads\/yalama_elektrik_train_250116.jpg","type":"image\/jpeg"}],"author":"user-manager","twitter_card":"summary_large_image","schema":{"@context":"https:\/\/schema.org","@graph":[{"@type":"Article","@id":"https:\/\/www.meydan.tv\/az\/article\/sernisinler-baki-yalama-elektrik-qatari-telebati-odemir\/#article","isPartOf":{"@id":"https:\/\/www.meydan.tv\/az\/article\/sernisinler-baki-yalama-elektrik-qatari-telebati-odemir\/"},"author":{"name":"user-manager","@id":"https:\/\/www.meydan.tv\/az\/#\/schema\/person\/10d11eccf6da3662cf5fdab9806ea91a"},"headline":"S\u0259rni\u015finl\u0259r: Bak\u0131-Yalama elektrik qatar\u0131 t\u0259l\u0259bat\u0131 \u00f6d\u0259mir","datePublished":"2019-11-28T13:04:23+00:00","mainEntityOfPage":{"@id":"https:\/\/www.meydan.tv\/az\/article\/sernisinler-baki-yalama-elektrik-qatari-telebati-odemir\/"},"wordCount":709,"publisher":{"@id":"https:\/\/www.meydan.tv\/az\/#organization"},"image":{"@id":"https:\/\/www.meydan.tv\/az\/article\/sernisinler-baki-yalama-elektrik-qatari-telebati-odemir\/#primaryimage"},"thumbnailUrl":"https:\/\/www.meydan.tv\/wp-content\/uploads\/yalama_elektrik_train_250116.jpg","articleSection":["B\u00f6lg\u0259"],"inLanguage":"az"},{"@type":"WebPage","@id":"https:\/\/www.meydan.tv\/az\/article\/sernisinler-baki-yalama-elektrik-qatari-telebati-odemir\/","url":"https:\/\/www.meydan.tv\/az\/article\/sernisinler-baki-yalama-elektrik-qatari-telebati-odemir\/","name":"S\u0259rni\u015finl\u0259r: Bak\u0131-Yalama elektrik qatar\u0131 t\u0259l\u0259bat\u0131 \u00f6d\u0259mir - MEYDAN.TV","isPartOf":{"@id":"https:\/\/www.meydan.tv\/az\/#website"},"primaryImageOfPage":{"@id":"https:\/\/www.meydan.tv\/az\/article\/sernisinler-baki-yalama-elektrik-qatari-telebati-odemir\/#primaryimage"},"image":{"@id":"https:\/\/www.meydan.tv\/az\/article\/sernisinler-baki-yalama-elektrik-qatari-telebati-odemir\/#primaryimage"},"thumbnailUrl":"https:\/\/www.meydan.tv\/wp-content\/uploads\/yalama_elektrik_train_250116.jpg","datePublished":"2019-11-28T13:04:23+00:00","breadcrumb":{"@id":"https:\/\/www.meydan.tv\/az\/article\/sernisinler-baki-yalama-elektrik-qatari-telebati-odemir\/#breadcrumb"},"inLanguage":"az","potentialAction":[{"@type":"ReadAction","target":["https:\/\/www.meydan.tv\/az\/article\/sernisinler-baki-yalama-elektrik-qatari-telebati-odemir\/"]}]},{"@type":"ImageObject","inLanguage":"az","@id":"https:\/\/www.meydan.tv\/az\/article\/sernisinler-baki-yalama-elektrik-qatari-telebati-odemir\/#primaryimage","url":"https:\/\/www.meydan.tv\/wp-content\/uploads\/yalama_elektrik_train_250116.jpg","contentUrl":"https:\/\/www.meydan.tv\/wp-content\/uploads\/yalama_elektrik_train_250116.jpg","width":1000,"height":664,"caption":"Source: Specify Source"},{"@type":"BreadcrumbList","@id":"https:\/\/www.meydan.tv\/az\/article\/sernisinler-baki-yalama-elektrik-qatari-telebati-odemir\/#breadcrumb","itemListElement":[{"@type":"ListItem","position":1,"name":"Ana s\u0259hif\u0259","item":"https:\/\/www.meydan.tv\/az\/"},{"@type":"ListItem","position":2,"name":"B\u00f6lg\u0259","item":"https:\/\/www.meydan.tv\/az\/section\/bolge\/"},{"@type":"ListItem","position":3,"name":"S\u0259rni\u015finl\u0259r: Bak\u0131-Yalama elektrik qatar\u0131 t\u0259l\u0259bat\u0131 \u00f6d\u0259mir"}]},{"@type":"WebSite","@id":"https:\/\/www.meydan.tv\/az\/#website","url":"https:\/\/www.meydan.tv\/az\/","name":"MEYDAN.TV","description":"Meydan TV Az\u0259rbaycan\u0131n media m\u0259kan\u0131ndak\u0131 alternativ s\u0259sidir","publisher":{"@id":"https:\/\/www.meydan.tv\/az\/#organization"},"potentialAction":[{"@type":"SearchAction","target":{"@type":"EntryPoint","urlTemplate":"https:\/\/www.meydan.tv\/az\/?s={search_term_string}"},"query-input":{"@type":"PropertyValueSpecification","valueRequired":true,"valueName":"search_term_string"}}],"inLanguage":"az"},{"@type":"Organization","@id":"https:\/\/www.meydan.tv\/az\/#organization","name":"Meydan TV","url":"https:\/\/www.meydan.tv\/az\/","logo":{"@type":"ImageObject","inLanguage":"az","@id":"https:\/\/www.meydan.tv\/az\/#\/schema\/logo\/image\/","url":"https:\/\/www.meydan.tv\/wp-content\/uploads\/2021\/07\/meydan-logo.svg","contentUrl":"https:\/\/www.meydan.tv\/wp-content\/uploads\/2021\/07\/meydan-logo.svg","width":195,"height":46,"caption":"Meydan TV"},"image":{"@id":"https:\/\/www.meydan.tv\/az\/#\/schema\/logo\/image\/"}},{"@type":"Person","@id":"https:\/\/www.meydan.tv\/az\/#\/schema\/person\/10d11eccf6da3662cf5fdab9806ea91a","name":"user-manager"}]}},"_links":{"self":[{"href":"https:\/\/www.meydan.tv\/az\/wp-json\/wp\/v2\/posts\/198139","targetHints":{"allow":["GET"]}}],"collection":[{"href":"https:\/\/www.meydan.tv\/az\/wp-json\/wp\/v2\/posts"}],"about":[{"href":"https:\/\/www.meydan.tv\/az\/wp-json\/wp\/v2\/types\/post"}],"author":[{"embeddable":true,"href":"https:\/\/www.meydan.tv\/az\/wp-json\/wp\/v2\/users\/11"}],"replies":[{"embeddable":true,"href":"https:\/\/www.meydan.tv\/az\/wp-json\/wp\/v2\/comments?post=198139"}],"version-history":[{"count":0,"href":"https:\/\/www.meydan.tv\/az\/wp-json\/wp\/v2\/posts\/198139\/revisions"}],"wp:featuredmedia":[{"embeddable":true,"href":"https:\/\/www.meydan.tv\/az\/wp-json\/wp\/v2\/media\/133725"}],"wp:attachment":[{"href":"https:\/\/www.meydan.tv\/az\/wp-json\/wp\/v2\/media?parent=198139"}],"wp:term":[{"taxonomy":"category","embeddable":true,"href":"https:\/\/www.meydan.tv\/az\/wp-json\/wp\/v2\/categories?post=198139"},{"taxonomy":"post_tag","embeddable":true,"href":"https:\/\/www.meydan.tv\/az\/wp-json\/wp\/v2\/tags?post=198139"}],"curies":[{"name":"wp","href":"https:\/\/api.w.org\/{rel}","templated":true}]}}