{"id":198135,"date":"2019-11-28T11:36:05","date_gmt":"2019-11-28T11:36:05","guid":{"rendered":"https:\/\/www.meydan.tv\/article\/8-ailenin-hokumetden-menzil-telebi\/"},"modified":"2019-11-28T11:36:05","modified_gmt":"2019-11-28T11:36:05","slug":"8-ailenin-hokumetden-menzil-telebi","status":"publish","type":"post","link":"https:\/\/www.meydan.tv\/az\/article\/8-ailenin-hokumetden-menzil-telebi\/","title":{"rendered":"8 ail\u0259nin h\u00f6kum\u0259td\u0259n m\u0259nzil t\u0259l\u0259bi"},"content":{"rendered":"<p>\n  <i><br \/>\n    \u201cBizi q\u0259zal\u0131 binadan \u00e7\u0131xaranda tezlikl\u0259 ev tikil\u0259c\u0259yini v\u0259d etdil\u0259r, 4 ildir ki, kiray\u0259l\u0259rd\u0259 qalm\u0131\u015f\u0131q\u201d<br \/>\n  <\/i>\n<\/p>\n<p>\n  \u201cM\u0259skunla\u015fd\u0131\u011f\u0131m\u0131z binadan \u00e7\u0131xaranda dedil\u0259r, sizi ba\u015fqa ya\u015fay\u0131\u015f yerl\u0259ri il\u0259 t\u0259min ed\u0259c\u0259yik. 4 ildir ortada qalm\u0131\u015f\u0131q. V\u0259ziyy\u0259timiz olduqca ac\u0131nacaql\u0131d\u0131r\u201d.\n<\/p>\n<p>\n  8 ail\u0259 uzun ill\u0259r G\u00f6y\u00e7ay \u015f\u0259h\u0259ri, Atat\u00fcrk k\u00fc\u00e7\u0259si, 102 sayl\u0131 \u00fcnvandak\u0131 58 sayl\u0131 pe\u015f\u0259 liseyinin yataqxanas\u0131nda m\u0259skunla\u015f\u0131blar. 2015-ci ild\u0259 F\u00f6vq\u0259lad\u0259 hallar naziri K\u0259mal\u0259ddin Heyd\u0259rov \u015f\u0259xs\u0259n binaya bax\u0131\u015f ke\u00e7irib, tikilinin bir hiss\u0259sinin \u00e7\u00f6km\u0259kd\u0259 oldu\u011funu bildir\u0259r\u0259k ail\u0259l\u0259rin bir qisminin k\u00f6\u00e7\u00fcr\u00fclm\u0259sini tap\u015f\u0131r\u0131b. H\u0259min binada m\u0259skunla\u015fan v\u0259 sonradan oradan \u00e7\u0131xar\u0131lan ail\u0259l\u0259rd\u0259n birinin \u00fczv\u00fc Etibar B\u0259\u015firov deyir ki, 4 ildir kiray\u0259l\u0259rd\u0259 ya\u015fama\u011fa davam edirl\u0259r.\n<\/p>\n<p>\n  <b><br \/>\n    \u201cNazir tap\u015f\u0131rd\u0131 ki, ail\u0259l\u0259r\u0259 ev verilm\u0259kl\u0259 k\u00f6\u00e7\u00fcr\u00fcls\u00fcnl\u0259r\u201d<br \/>\n  <\/b>\n<\/p>\n<p>\n  \u201cBinada 16 ail\u0259 ya\u015fay\u0131rd\u0131. 8 ail\u0259nin ya\u015fad\u0131\u011f\u0131 t\u0259r\u0259f tamamil\u0259 \u00e7\u00f6km\u00fc\u015fd\u00fc, insanlar\u0131n h\u0259r an da\u011f\u0131nt\u0131 alt\u0131nda qalmaq t\u0259hl\u00fck\u0259si vard\u0131. Nazir dedi ki, bu insanlar\u0131 bir g\u00fcn d\u0259 bu binada saxlamaq olmaz. 3 g\u00fcnd\u0259n sonra akt t\u0259rtib olundu, 8 ail\u0259 binadan \u00e7\u0131xar\u0131ld\u0131. Ail\u0259l\u0259ri kiray\u0259 evl\u0259r\u0259 k\u00f6\u00e7\u00fcrd\u00fcl\u0259r. 1 il 3 ay kiray\u0259 pulunu G\u00f6y\u00e7ay Rayon \u0130cra Hakimiyy\u0259ti \u00f6d\u0259di. \u0130cra hakimiyy\u0259tinin ba\u015f\u00e7\u0131s\u0131 d\u0259yi\u015fdi, yeni ba\u015f\u00e7\u0131 kiray\u0259 pulumuzu k\u0259sdi\u201d, &#8211; Etibar B\u0259\u015firov deyir.\n<\/p>\n<p>\n  Sakinin s\u00f6zl\u0259rin\u0259 g\u00f6r\u0259, ail\u0259l\u0259r\u0259 ev tikilm\u0259si il\u0259 ba\u011fl\u0131 v\u0259dl\u0259rin \u00fcst\u00fcnd\u0259n 4 il ke\u00e7ir. Ail\u0259l\u0259r kiray\u0259 pulunu \u00f6d\u0259y\u0259 bilmirl\u0259r:\n<\/p>\n<p>\n  \u201c250 manat maa\u015f al\u0131ram, 130 manat kiray\u0259pulu \u00f6d\u0259yir\u0259m. \u0130ki \u00f6vlad\u0131m var, x\u0259st\u0259 anam da m\u0259nim himay\u0259md\u0259dir. Qazanc\u0131m\u0131n b\u00f6y\u00fck hiss\u0259si ev kiray\u0259sin\u0259 gedir. \u00c7ox vaxt kiray\u0259 pulunun vaxt\u0131 \u00e7atanda borca girm\u0259li oluruq. H\u00f6kum\u0259t bizi evl\u0259 t\u0259min etm\u0259lidir\u201d.\n<\/p>\n<figure class=\"wp-block-image size-large\">\n  <img decoding=\"async\" src=\"https:\/\/www.meydan.tv\/az\/reg_goycay_shikayetci_etibar_bashirov-jpg\/\" alt=\"reg_goycay_shikayetci_etibar_bashirov.jpg\" class=\"wp-image-133707\"\/><figcaption>\n    Etibar B\u0259\u015firov<br \/>\n  <\/figcaption><\/figure>\n<p>\n  <b><br \/>\n    Ail\u0259l\u0259r yerli icra hakimiyy\u0259tin\u0259 m\u00fcraci\u0259t ets\u0259 d\u0259&#8230;<br \/>\n  <\/b>\n<\/p>\n<p>\n  Ail\u0259l\u0259rin dem\u0259sin\u0259 g\u00f6r\u0259, 4 il \u0259vv\u0259l nazir h\u0259min q\u0259zal\u0131 binan\u0131n tezlikl\u0259 s\u00f6k\u00fcl\u0259c\u0259yini des\u0259 d\u0259, bina h\u0259l\u0259 d\u0259 s\u00f6k\u00fclm\u0259yib:\n<\/p>\n<p>\n  \u201cBizim ya\u015fad\u0131\u011f\u0131m\u0131z hiss\u0259d\u0259 tavan art\u0131q da\u011f\u0131lm\u0131\u015fd\u0131, ancaq dig\u0259r hiss\u0259d\u0259 v\u0259ziyy\u0259t bir q\u0259d\u0259r f\u0259rqli idi. Ona g\u00f6r\u0259 d\u0259 8 ail\u0259 binadan \u00e7\u0131xar\u0131ld\u0131, dig\u0259r 8 ail\u0259 h\u0259l\u0259 d\u0259 orada ya\u015fama\u011fa davam edir. Bizi oradan \u00e7\u0131xaranda tezlikl\u0259 dig\u0259r 8 ail\u0259nin d\u0259 k\u00f6\u00e7\u00fcr\u00fcl\u0259c\u0259yini d\u0259 demi\u015fdil\u0259r. Ancaq 4 il ke\u00e7ir, n\u0259 ail\u0259l\u0259r k\u00f6\u00e7\u00fcr\u00fcld\u00fc, n\u0259 d\u0259 bina s\u00f6k\u00fcld\u00fc. Bizi ortal\u0131qda qoymaqdansa, el\u0259 ya\u015fad\u0131\u011f\u0131m\u0131z binan\u0131n da\u011f\u0131lan hiss\u0259l\u0259rini d\u00fcz\u0259lts\u0259ydil\u0259r, \u0259n az\u0131, indi kiray\u0259 pulu axtarmazd\u0131q\u201d.\n<\/p>\n<p>\n  <b><br \/>\n    V\u0259sait ayr\u0131lsa, m\u0259s\u0259l\u0259y\u0259 bax\u0131lacaq<br \/>\n  <\/b>\n<\/p>\n<p>\n  \u00c7\u0259tin durumda olan ail\u0259l\u0259r d\u0259f\u0259l\u0259rl\u0259 rayon icra hakimiyy\u0259tin\u0259, Birinci vitse-prezident\u0259, F\u00f6vq\u0259lad\u0259 Hallar Nazirliyin\u0259 v\u0259 ba\u015fqa qurumlara m\u00fcraci\u0259t ets\u0259l\u0259r d\u0259, problem h\u0259ll olunmay\u0131b. F\u00f6vq\u0259lad\u0259 Hallar Nazirliyind\u0259n ail\u0259l\u0259r\u0259 g\u00f6nd\u0259ril\u0259n m\u0259ktubda bildirilib ki, bina q\u0259zal\u0131 tikilil\u0259r siyah\u0131s\u0131na daxil edilib. Bu m\u0259s\u0259l\u0259 \u00fc\u00e7\u00fcn v\u0259sait ayr\u0131laca\u011f\u0131 halda h\u0259llini tapacaq.\n<\/p>\n<p>\n  G\u00f6y\u00e7ay Rayon \u0130cra Hakimiyy\u0259tind\u0259n Meydan TV-y\u0259 bildirilib ki, 58 sayl\u0131 pe\u015f\u0259 m\u0259kt\u0259bi sovet vaxt\u0131 f\u0259aliyy\u0259t g\u00f6st\u0259rib. SSR\u0130 da\u011f\u0131landan sonra f\u0259aliyy\u0259tini dayand\u0131r\u0131b. M\u0259kt\u0259bin yataqxanas\u0131 is\u0259 ya\u015fama\u011fa evi olmayanlara s\u0131\u011f\u0131nacaq kimi verilib. Bina q\u0259zal\u0131 v\u0259ziyy\u0259td\u0259 oldu\u011fu \u00fc\u00e7\u00fcn h\u0259min ail\u0259l\u0259r kiray\u0259 evl\u0259r\u0259 \u00e7\u0131xar\u0131l\u0131b. \u0130cra hakimiyy\u0259ti 1 il 3 ay \u0259rzind\u0259 sakinl\u0259r\u0259 \u00f6z imkanlar\u0131 hesab\u0131na h\u0259r ay ail\u0259l\u0259rin h\u0259r birin\u0259 k\u00f6m\u0259k \u00fc\u00e7\u00fcn qeyri-r\u0259smi \u015f\u0259kild\u0259 50 manat kiray\u0259pulu \u00f6d\u0259yib. Ancaq sonradan qurumun k\u00f6m\u0259k etm\u0259y\u0259 maddi imkan\u0131 olmad\u0131\u011f\u0131 \u00fc\u00e7\u00fcn pul verilm\u0259sini dayand\u0131r\u0131b. \u0130cra hakimiyy\u0259tinin n\u0259zdind\u0259 m\u0259nzil fondu olmad\u0131\u011f\u0131ndan ke\u00e7mi\u015f yataqxana binas\u0131ndan \u00e7\u0131xar\u0131lan ail\u0259l\u0259ri m\u0259nzill\u0259 t\u0259min etm\u0259k imkan\u0131 yoxdur.\n<\/p>\n<figure class=\"wp-block-image size-large\">\n  <img decoding=\"async\" src=\"https:\/\/www.meydan.tv\/az\/reg_goycay_yataqxana_2-jpg\/\" alt=\"reg_goycay_yataqxana_2.jpg\" class=\"wp-image-133713\"\/><figcaption>\n    &#8220;Bizim ya\u015fad\u0131\u011f\u0131m\u0131z hiss\u0259d\u0259 tavan art\u0131q da\u011f\u0131lm\u0131\u015fd\u0131, ancaq dig\u0259r hiss\u0259d\u0259 v\u0259ziyy\u0259t bir q\u0259d\u0259r f\u0259rqli idi&#8221;.<br \/>\n  <\/figcaption><\/figure>\n","protected":false},"excerpt":{"rendered":"<p>Ail\u0259l\u0259rin dem\u0259sin\u0259 g\u00f6r\u0259, 4 il \u0259vv\u0259l nazir h\u0259min q\u0259zal\u0131 binan\u0131n tezlikl\u0259 s\u00f6k\u00fcl\u0259c\u0259yini des\u0259 d\u0259, bina h\u0259l\u0259 d\u0259 s\u00f6k\u00fclm\u0259yib<\/p>\n","protected":false},"author":11,"featured_media":133710,"comment_status":"closed","ping_status":"open","sticky":false,"template":"","format":"standard","meta":{"_acf_changed":false,"_sitemap_exclude":false,"_sitemap_priority":"","_sitemap_frequency":"","footnotes":""},"categories":[60],"tags":[],"class_list":["post-198135","post","type-post","status-publish","format-standard","has-post-thumbnail","hentry","category-bolge","infinite-scroll-item","generate-columns","tablet-grid-50","mobile-grid-100","grid-parent","grid-33","no-featured-image-padding"],"acf":[],"yoast_head":"<!-- This site is optimized with the Yoast SEO plugin v27.5 - https:\/\/yoast.com\/product\/yoast-seo-wordpress\/ -->\n<title>8 ail\u0259nin h\u00f6kum\u0259td\u0259n m\u0259nzil t\u0259l\u0259bi - MEYDAN.TV<\/title>\n<meta name=\"robots\" content=\"index, follow, max-snippet:-1, max-image-preview:large, max-video-preview:-1\" \/>\n<link rel=\"canonical\" href=\"https:\/\/www.meydan.tv\/az\/article\/8-ailenin-hokumetden-menzil-telebi\/\" \/>\n<meta property=\"og:locale\" content=\"az_AZ\" \/>\n<meta property=\"og:type\" content=\"article\" \/>\n<meta property=\"og:title\" content=\"8 ail\u0259nin h\u00f6kum\u0259td\u0259n m\u0259nzil t\u0259l\u0259bi - MEYDAN.TV\" \/>\n<meta property=\"og:description\" content=\"Ail\u0259l\u0259rin dem\u0259sin\u0259 g\u00f6r\u0259, 4 il \u0259vv\u0259l nazir h\u0259min q\u0259zal\u0131 binan\u0131n tezlikl\u0259 s\u00f6k\u00fcl\u0259c\u0259yini des\u0259 d\u0259, bina h\u0259l\u0259 d\u0259 s\u00f6k\u00fclm\u0259yib\" \/>\n<meta property=\"og:url\" content=\"https:\/\/www.meydan.tv\/az\/article\/8-ailenin-hokumetden-menzil-telebi\/\" \/>\n<meta property=\"og:site_name\" content=\"MEYDAN.TV\" \/>\n<meta property=\"article:published_time\" content=\"2019-11-28T11:36:05+00:00\" \/>\n<meta property=\"og:image\" content=\"https:\/\/www.meydan.tv\/wp-content\/uploads\/reg_goycay_yataqxana_1.jpg\" \/>\n\t<meta property=\"og:image:width\" content=\"1024\" \/>\n\t<meta property=\"og:image:height\" content=\"768\" \/>\n\t<meta property=\"og:image:type\" content=\"image\/jpeg\" \/>\n<meta name=\"author\" content=\"user-manager\" \/>\n<meta name=\"twitter:card\" content=\"summary_large_image\" \/>\n<script type=\"application\/ld+json\" class=\"yoast-schema-graph\">{\"@context\":\"https:\\\/\\\/schema.org\",\"@graph\":[{\"@type\":\"Article\",\"@id\":\"https:\\\/\\\/www.meydan.tv\\\/az\\\/article\\\/8-ailenin-hokumetden-menzil-telebi\\\/#article\",\"isPartOf\":{\"@id\":\"https:\\\/\\\/www.meydan.tv\\\/az\\\/article\\\/8-ailenin-hokumetden-menzil-telebi\\\/\"},\"author\":{\"name\":\"user-manager\",\"@id\":\"https:\\\/\\\/www.meydan.tv\\\/az\\\/#\\\/schema\\\/person\\\/10d11eccf6da3662cf5fdab9806ea91a\"},\"headline\":\"8 ail\u0259nin h\u00f6kum\u0259td\u0259n m\u0259nzil t\u0259l\u0259bi\",\"datePublished\":\"2019-11-28T11:36:05+00:00\",\"mainEntityOfPage\":{\"@id\":\"https:\\\/\\\/www.meydan.tv\\\/az\\\/article\\\/8-ailenin-hokumetden-menzil-telebi\\\/\"},\"wordCount\":783,\"publisher\":{\"@id\":\"https:\\\/\\\/www.meydan.tv\\\/az\\\/#organization\"},\"image\":{\"@id\":\"https:\\\/\\\/www.meydan.tv\\\/az\\\/article\\\/8-ailenin-hokumetden-menzil-telebi\\\/#primaryimage\"},\"thumbnailUrl\":\"https:\\\/\\\/www.meydan.tv\\\/wp-content\\\/uploads\\\/reg_goycay_yataqxana_1.jpg\",\"articleSection\":[\"B\u00f6lg\u0259\"],\"inLanguage\":\"az\"},{\"@type\":\"WebPage\",\"@id\":\"https:\\\/\\\/www.meydan.tv\\\/az\\\/article\\\/8-ailenin-hokumetden-menzil-telebi\\\/\",\"url\":\"https:\\\/\\\/www.meydan.tv\\\/az\\\/article\\\/8-ailenin-hokumetden-menzil-telebi\\\/\",\"name\":\"8 ail\u0259nin h\u00f6kum\u0259td\u0259n m\u0259nzil t\u0259l\u0259bi - MEYDAN.TV\",\"isPartOf\":{\"@id\":\"https:\\\/\\\/www.meydan.tv\\\/az\\\/#website\"},\"primaryImageOfPage\":{\"@id\":\"https:\\\/\\\/www.meydan.tv\\\/az\\\/article\\\/8-ailenin-hokumetden-menzil-telebi\\\/#primaryimage\"},\"image\":{\"@id\":\"https:\\\/\\\/www.meydan.tv\\\/az\\\/article\\\/8-ailenin-hokumetden-menzil-telebi\\\/#primaryimage\"},\"thumbnailUrl\":\"https:\\\/\\\/www.meydan.tv\\\/wp-content\\\/uploads\\\/reg_goycay_yataqxana_1.jpg\",\"datePublished\":\"2019-11-28T11:36:05+00:00\",\"breadcrumb\":{\"@id\":\"https:\\\/\\\/www.meydan.tv\\\/az\\\/article\\\/8-ailenin-hokumetden-menzil-telebi\\\/#breadcrumb\"},\"inLanguage\":\"az\",\"potentialAction\":[{\"@type\":\"ReadAction\",\"target\":[\"https:\\\/\\\/www.meydan.tv\\\/az\\\/article\\\/8-ailenin-hokumetden-menzil-telebi\\\/\"]}]},{\"@type\":\"ImageObject\",\"inLanguage\":\"az\",\"@id\":\"https:\\\/\\\/www.meydan.tv\\\/az\\\/article\\\/8-ailenin-hokumetden-menzil-telebi\\\/#primaryimage\",\"url\":\"https:\\\/\\\/www.meydan.tv\\\/wp-content\\\/uploads\\\/reg_goycay_yataqxana_1.jpg\",\"contentUrl\":\"https:\\\/\\\/www.meydan.tv\\\/wp-content\\\/uploads\\\/reg_goycay_yataqxana_1.jpg\",\"width\":1024,\"height\":768,\"caption\":\"Source: Specify Source\"},{\"@type\":\"BreadcrumbList\",\"@id\":\"https:\\\/\\\/www.meydan.tv\\\/az\\\/article\\\/8-ailenin-hokumetden-menzil-telebi\\\/#breadcrumb\",\"itemListElement\":[{\"@type\":\"ListItem\",\"position\":1,\"name\":\"Ana s\u0259hif\u0259\",\"item\":\"https:\\\/\\\/www.meydan.tv\\\/az\\\/\"},{\"@type\":\"ListItem\",\"position\":2,\"name\":\"B\u00f6lg\u0259\",\"item\":\"https:\\\/\\\/www.meydan.tv\\\/az\\\/section\\\/bolge\\\/\"},{\"@type\":\"ListItem\",\"position\":3,\"name\":\"8 ail\u0259nin h\u00f6kum\u0259td\u0259n m\u0259nzil t\u0259l\u0259bi\"}]},{\"@type\":\"WebSite\",\"@id\":\"https:\\\/\\\/www.meydan.tv\\\/az\\\/#website\",\"url\":\"https:\\\/\\\/www.meydan.tv\\\/az\\\/\",\"name\":\"MEYDAN.TV\",\"description\":\"Meydan TV Az\u0259rbaycan\u0131n media m\u0259kan\u0131ndak\u0131 alternativ s\u0259sidir\",\"publisher\":{\"@id\":\"https:\\\/\\\/www.meydan.tv\\\/az\\\/#organization\"},\"potentialAction\":[{\"@type\":\"SearchAction\",\"target\":{\"@type\":\"EntryPoint\",\"urlTemplate\":\"https:\\\/\\\/www.meydan.tv\\\/az\\\/?s={search_term_string}\"},\"query-input\":{\"@type\":\"PropertyValueSpecification\",\"valueRequired\":true,\"valueName\":\"search_term_string\"}}],\"inLanguage\":\"az\"},{\"@type\":\"Organization\",\"@id\":\"https:\\\/\\\/www.meydan.tv\\\/az\\\/#organization\",\"name\":\"Meydan TV\",\"url\":\"https:\\\/\\\/www.meydan.tv\\\/az\\\/\",\"logo\":{\"@type\":\"ImageObject\",\"inLanguage\":\"az\",\"@id\":\"https:\\\/\\\/www.meydan.tv\\\/az\\\/#\\\/schema\\\/logo\\\/image\\\/\",\"url\":\"https:\\\/\\\/www.meydan.tv\\\/wp-content\\\/uploads\\\/2021\\\/07\\\/meydan-logo.svg\",\"contentUrl\":\"https:\\\/\\\/www.meydan.tv\\\/wp-content\\\/uploads\\\/2021\\\/07\\\/meydan-logo.svg\",\"width\":195,\"height\":46,\"caption\":\"Meydan TV\"},\"image\":{\"@id\":\"https:\\\/\\\/www.meydan.tv\\\/az\\\/#\\\/schema\\\/logo\\\/image\\\/\"}},{\"@type\":\"Person\",\"@id\":\"https:\\\/\\\/www.meydan.tv\\\/az\\\/#\\\/schema\\\/person\\\/10d11eccf6da3662cf5fdab9806ea91a\",\"name\":\"user-manager\"}]}<\/script>\n<!-- \/ Yoast SEO plugin. -->","yoast_head_json":{"title":"8 ail\u0259nin h\u00f6kum\u0259td\u0259n m\u0259nzil t\u0259l\u0259bi - MEYDAN.TV","robots":{"index":"index","follow":"follow","max-snippet":"max-snippet:-1","max-image-preview":"max-image-preview:large","max-video-preview":"max-video-preview:-1"},"canonical":"https:\/\/www.meydan.tv\/az\/article\/8-ailenin-hokumetden-menzil-telebi\/","og_locale":"az_AZ","og_type":"article","og_title":"8 ail\u0259nin h\u00f6kum\u0259td\u0259n m\u0259nzil t\u0259l\u0259bi - MEYDAN.TV","og_description":"Ail\u0259l\u0259rin dem\u0259sin\u0259 g\u00f6r\u0259, 4 il \u0259vv\u0259l nazir h\u0259min q\u0259zal\u0131 binan\u0131n tezlikl\u0259 s\u00f6k\u00fcl\u0259c\u0259yini des\u0259 d\u0259, bina h\u0259l\u0259 d\u0259 s\u00f6k\u00fclm\u0259yib","og_url":"https:\/\/www.meydan.tv\/az\/article\/8-ailenin-hokumetden-menzil-telebi\/","og_site_name":"MEYDAN.TV","article_published_time":"2019-11-28T11:36:05+00:00","og_image":[{"width":1024,"height":768,"url":"https:\/\/www.meydan.tv\/wp-content\/uploads\/reg_goycay_yataqxana_1.jpg","type":"image\/jpeg"}],"author":"user-manager","twitter_card":"summary_large_image","schema":{"@context":"https:\/\/schema.org","@graph":[{"@type":"Article","@id":"https:\/\/www.meydan.tv\/az\/article\/8-ailenin-hokumetden-menzil-telebi\/#article","isPartOf":{"@id":"https:\/\/www.meydan.tv\/az\/article\/8-ailenin-hokumetden-menzil-telebi\/"},"author":{"name":"user-manager","@id":"https:\/\/www.meydan.tv\/az\/#\/schema\/person\/10d11eccf6da3662cf5fdab9806ea91a"},"headline":"8 ail\u0259nin h\u00f6kum\u0259td\u0259n m\u0259nzil t\u0259l\u0259bi","datePublished":"2019-11-28T11:36:05+00:00","mainEntityOfPage":{"@id":"https:\/\/www.meydan.tv\/az\/article\/8-ailenin-hokumetden-menzil-telebi\/"},"wordCount":783,"publisher":{"@id":"https:\/\/www.meydan.tv\/az\/#organization"},"image":{"@id":"https:\/\/www.meydan.tv\/az\/article\/8-ailenin-hokumetden-menzil-telebi\/#primaryimage"},"thumbnailUrl":"https:\/\/www.meydan.tv\/wp-content\/uploads\/reg_goycay_yataqxana_1.jpg","articleSection":["B\u00f6lg\u0259"],"inLanguage":"az"},{"@type":"WebPage","@id":"https:\/\/www.meydan.tv\/az\/article\/8-ailenin-hokumetden-menzil-telebi\/","url":"https:\/\/www.meydan.tv\/az\/article\/8-ailenin-hokumetden-menzil-telebi\/","name":"8 ail\u0259nin h\u00f6kum\u0259td\u0259n m\u0259nzil t\u0259l\u0259bi - MEYDAN.TV","isPartOf":{"@id":"https:\/\/www.meydan.tv\/az\/#website"},"primaryImageOfPage":{"@id":"https:\/\/www.meydan.tv\/az\/article\/8-ailenin-hokumetden-menzil-telebi\/#primaryimage"},"image":{"@id":"https:\/\/www.meydan.tv\/az\/article\/8-ailenin-hokumetden-menzil-telebi\/#primaryimage"},"thumbnailUrl":"https:\/\/www.meydan.tv\/wp-content\/uploads\/reg_goycay_yataqxana_1.jpg","datePublished":"2019-11-28T11:36:05+00:00","breadcrumb":{"@id":"https:\/\/www.meydan.tv\/az\/article\/8-ailenin-hokumetden-menzil-telebi\/#breadcrumb"},"inLanguage":"az","potentialAction":[{"@type":"ReadAction","target":["https:\/\/www.meydan.tv\/az\/article\/8-ailenin-hokumetden-menzil-telebi\/"]}]},{"@type":"ImageObject","inLanguage":"az","@id":"https:\/\/www.meydan.tv\/az\/article\/8-ailenin-hokumetden-menzil-telebi\/#primaryimage","url":"https:\/\/www.meydan.tv\/wp-content\/uploads\/reg_goycay_yataqxana_1.jpg","contentUrl":"https:\/\/www.meydan.tv\/wp-content\/uploads\/reg_goycay_yataqxana_1.jpg","width":1024,"height":768,"caption":"Source: Specify Source"},{"@type":"BreadcrumbList","@id":"https:\/\/www.meydan.tv\/az\/article\/8-ailenin-hokumetden-menzil-telebi\/#breadcrumb","itemListElement":[{"@type":"ListItem","position":1,"name":"Ana s\u0259hif\u0259","item":"https:\/\/www.meydan.tv\/az\/"},{"@type":"ListItem","position":2,"name":"B\u00f6lg\u0259","item":"https:\/\/www.meydan.tv\/az\/section\/bolge\/"},{"@type":"ListItem","position":3,"name":"8 ail\u0259nin h\u00f6kum\u0259td\u0259n m\u0259nzil t\u0259l\u0259bi"}]},{"@type":"WebSite","@id":"https:\/\/www.meydan.tv\/az\/#website","url":"https:\/\/www.meydan.tv\/az\/","name":"MEYDAN.TV","description":"Meydan TV Az\u0259rbaycan\u0131n media m\u0259kan\u0131ndak\u0131 alternativ s\u0259sidir","publisher":{"@id":"https:\/\/www.meydan.tv\/az\/#organization"},"potentialAction":[{"@type":"SearchAction","target":{"@type":"EntryPoint","urlTemplate":"https:\/\/www.meydan.tv\/az\/?s={search_term_string}"},"query-input":{"@type":"PropertyValueSpecification","valueRequired":true,"valueName":"search_term_string"}}],"inLanguage":"az"},{"@type":"Organization","@id":"https:\/\/www.meydan.tv\/az\/#organization","name":"Meydan TV","url":"https:\/\/www.meydan.tv\/az\/","logo":{"@type":"ImageObject","inLanguage":"az","@id":"https:\/\/www.meydan.tv\/az\/#\/schema\/logo\/image\/","url":"https:\/\/www.meydan.tv\/wp-content\/uploads\/2021\/07\/meydan-logo.svg","contentUrl":"https:\/\/www.meydan.tv\/wp-content\/uploads\/2021\/07\/meydan-logo.svg","width":195,"height":46,"caption":"Meydan TV"},"image":{"@id":"https:\/\/www.meydan.tv\/az\/#\/schema\/logo\/image\/"}},{"@type":"Person","@id":"https:\/\/www.meydan.tv\/az\/#\/schema\/person\/10d11eccf6da3662cf5fdab9806ea91a","name":"user-manager"}]}},"_links":{"self":[{"href":"https:\/\/www.meydan.tv\/az\/wp-json\/wp\/v2\/posts\/198135","targetHints":{"allow":["GET"]}}],"collection":[{"href":"https:\/\/www.meydan.tv\/az\/wp-json\/wp\/v2\/posts"}],"about":[{"href":"https:\/\/www.meydan.tv\/az\/wp-json\/wp\/v2\/types\/post"}],"author":[{"embeddable":true,"href":"https:\/\/www.meydan.tv\/az\/wp-json\/wp\/v2\/users\/11"}],"replies":[{"embeddable":true,"href":"https:\/\/www.meydan.tv\/az\/wp-json\/wp\/v2\/comments?post=198135"}],"version-history":[{"count":0,"href":"https:\/\/www.meydan.tv\/az\/wp-json\/wp\/v2\/posts\/198135\/revisions"}],"wp:featuredmedia":[{"embeddable":true,"href":"https:\/\/www.meydan.tv\/az\/wp-json\/wp\/v2\/media\/133710"}],"wp:attachment":[{"href":"https:\/\/www.meydan.tv\/az\/wp-json\/wp\/v2\/media?parent=198135"}],"wp:term":[{"taxonomy":"category","embeddable":true,"href":"https:\/\/www.meydan.tv\/az\/wp-json\/wp\/v2\/categories?post=198135"},{"taxonomy":"post_tag","embeddable":true,"href":"https:\/\/www.meydan.tv\/az\/wp-json\/wp\/v2\/tags?post=198135"}],"curies":[{"name":"wp","href":"https:\/\/api.w.org\/{rel}","templated":true}]}}