{"id":198129,"date":"2019-11-27T14:56:15","date_gmt":"2019-11-27T14:56:15","guid":{"rendered":"https:\/\/www.meydan.tv\/article\/ismayilli-sakini-hekimlerin-sehlenkarligi-uzunden-usagin-ayaqlari-kesildi\/"},"modified":"2019-11-27T14:56:15","modified_gmt":"2019-11-27T14:56:15","slug":"ismayilli-sakini-hekimlerin-sehlenkarligi-uzunden-usagin-ayaqlari-kesildi","status":"publish","type":"post","link":"https:\/\/www.meydan.tv\/az\/article\/ismayilli-sakini-hekimlerin-sehlenkarligi-uzunden-usagin-ayaqlari-kesildi\/","title":{"rendered":"\u0130smay\u0131ll\u0131 sakini: H\u0259kiml\u0259rin s\u0259hl\u0259nkarl\u0131\u011f\u0131 \u00fcz\u00fcnd\u0259n u\u015fa\u011f\u0131n ayaqlar\u0131 k\u0259sildi"},"content":{"rendered":"<p>\n  <i><br \/>\n    T\u0259rlan S\u0259limov 4 ya\u015fl\u0131 \u00f6vlad\u0131n\u0131n s\u0259hh\u0259tin\u0259 vurulmu\u015f z\u0259r\u0259rl\u0259 ba\u011fl\u0131 S\u0259hiyy\u0259 Naziriyinin tabeliyind\u0259ki \u00fc\u00e7 x\u0259st\u0259xanan\u0131 m\u0259hk\u0259m\u0259y\u0259 verib<br \/>\n  <\/i>\n<\/p>\n<p>\n  \u201cSonradan bildik ki, Z\u0259hra rayon u\u015faq poliklinikas\u0131nda ona vurulan antibiotikl\u0259rd\u0259n \u015fok ke\u00e7irib. G\u00f6st\u0259rdikl\u0259ri tibbi m\u00fcdaxil\u0259l\u0259r is\u0259 u\u015fa\u011f\u0131n v\u0259ziyy\u0259tini daha da a\u011f\u0131rla\u015fd\u0131r\u0131b, ortada vaxt itirmi\u015fik. Biz Z\u0259hran\u0131 Rusiyaya aparanda oradak\u0131 h\u0259kiml\u0259r dedi, laz\u0131ms\u0131z m\u00fcdaxil\u0259l\u0259r olub, laz\u0131mi tibbi yard\u0131m is\u0259 gecikib. U\u015fa\u011f\u0131n bir aya\u011f\u0131 topuqdan, dig\u0259r aya\u011f\u0131 dabandan k\u0259sildi\u201d.\n<\/p>\n<p>\n  <b><br \/>\n    \u201c\u0130yn\u0259 vurub v\u0259ziyy\u0259tini a\u011f\u0131rla\u015fd\u0131rd\u0131lar\u201d<br \/>\n  <\/b>\n<\/p>\n<p>\n  \u0130smay\u0131ll\u0131n\u0131n Namazgah k\u0259ndinin sakini T\u0259rlan S\u0259limov Meydan TV-y\u0259 azya\u015fl\u0131 \u00f6vlad\u0131 Z\u0259hran\u0131n ba\u015f\u0131na g\u0259l\u0259nl\u0259rd\u0259n dan\u0131\u015f\u0131r. Dem\u0259sin\u0259 g\u00f6r\u0259, 2017-ci ilin fevral\u0131nda \u2013 h\u0259l\u0259 Z\u0259hra 2 ayl\u0131q olark\u0259n, q\u0259fl\u0259t\u0259n h\u0259rar\u0259ti y\u00fckl\u0259sib. Valideynl\u0259ri onu \u0130smay\u0131ll\u0131 rayon U\u015faq Poliklinikas\u0131na g\u00f6t\u00fcr\u00fcbl\u0259r. Atan\u0131n dem\u0259sin\u0259 g\u00f6r\u0259, burada Z\u0259hraya inyeksiya yolu il\u0259 antibiotik preparatlar vurulub. N\u0259tic\u0259d\u0259 u\u015fa\u011f\u0131n h\u0259rar\u0259ti daha da y\u00fckl\u0259sib:\n<\/p>\n<p>\n  \u201cU\u015fa\u011f\u0131 poliklinikaya aparanda h\u0259rar\u0259ti 38 idi, hals\u0131z idi. He\u00e7 bir m\u00fcayin\u0259 aparmadan, u\u015fa\u011f\u0131n d\u0259rdini, s\u0259b\u0259bini bilm\u0259d\u0259n tibb bac\u0131s\u0131 antibiotik vurdu. H\u0259rar\u0259t d\u0259rhal 38-d\u0259n qalxd\u0131, 40 d\u0259r\u0259c\u0259ni \u00f6td\u00fc, v\u0259ziyy\u0259t daha da a\u011f\u0131rla\u015fd\u0131. Tibb bac\u0131lar\u0131 qorxuya d\u00fc\u015fm\u00fc\u015fd\u00fcl\u0259r ki, bird\u0259n u\u015faq \u201csudur\u011fa\u201d ke\u00e7ir\u0259r, qar\u015f\u0131s\u0131n\u0131 ala bilm\u0259zl\u0259r. Ba\u015fqa iyn\u0259l\u0259r vurub birt\u0259h\u0259r q\u0131zd\u0131rman\u0131 t\u0259z\u0259d\u0259n 38-\u0259 sald\u0131lar, sonra da u\u015fa\u011f\u0131 verdil\u0259r biz\u0259 ki, apar\u0131n, ev\u0259 \u00e7at\u0131nca h\u0259rar\u0259ti d\u00fc\u015f\u0259c\u0259k, \u00f6z\u00fcn\u0259 g\u0259l\u0259c\u0259k\u201d.\n<\/p>\n<p>\n  Z\u0259hran\u0131n v\u0259ziyy\u0259tind\u0259 yax\u015f\u0131l\u0131\u011fa do\u011fru ir\u0259lil\u0259yi\u015f olmay\u0131b. \u018fksin\u0259, n\u00f6vb\u0259ti g\u00fcn s\u0259h\u0259r valideynl\u0259ri onun ayaqlar\u0131nda, qollar\u0131nda v\u0259 b\u0259d\u0259ninin ba\u015fqa hiss\u0259l\u0259rind\u0259 g\u00f6y\u0259rti izl\u0259ri a\u015fkar edibl\u0259r.\n<\/p>\n<p>\n  <b><br \/>\n    \u201cN\u0259 h\u0259kim ay\u0131rd\u0131lar, n\u0259 d\u0259 t\u0259cili yard\u0131m ma\u015f\u0131n\u0131&#8230;\u201d<br \/>\n  <\/b>\n<\/p>\n<p>\n  \u201cQorxduq, d\u0259rhal u\u015faq poliklinikas\u0131na qay\u0131td\u0131q, u\u015fa\u011f\u0131n b\u0259d\u0259nind\u0259ki g\u00f6y izl\u0259ri g\u00f6st\u0259rdik, dedil\u0259r, biz bilmirik bu, n\u0259d\u0259n \u0259m\u0259l\u0259 g\u0259lib. Bizi \u0130smay\u0131ll\u0131 Rayon M\u0259rk\u0259zi X\u0259st\u0259xanas\u0131na g\u00f6nd\u0259rdil\u0259r. 4 saat h\u0259min x\u0259st\u0259xanada olduq, h\u0259kiml\u0259r bir-birinin \u00fcst\u00fcn\u0259 g\u00f6nd\u0259rirdil\u0259r, h\u0259r\u0259 bir na\u011f\u0131l dan\u0131\u015f\u0131rd\u0131. Bizi 4 saat l\u0259ngid\u0259nd\u0259n sonra g\u00f6nd\u0259ri\u015f ka\u011f\u0131z\u0131 verdil\u0259r, dedil\u0259r: \u201cBiz d\u0259 ba\u015f a\u00e7mad\u0131q, apar\u0131n Bak\u0131ya, orda \u00e7ar\u0259 ed\u0259rl\u0259r\u201d. M\u0259n bildirdim ki, u\u015faq a\u011f\u0131rd\u0131r, h\u0259kim ayr\u0131ls\u0131n, he\u00e7 olmasa t\u0259cili tibbi yard\u0131m ma\u015f\u0131n\u0131yla, h\u0259kim n\u0259zar\u0259ti alt\u0131nda aparaq. N\u0259 ma\u015f\u0131n ay\u0131rd\u0131lar, n\u0259 d\u0259 h\u0259kim&#8230; Hu\u015fsuz v\u0259ziyy\u0259td\u0259 olan u\u015fa\u011f\u0131 Bak\u0131ya taksiyl\u0259 g\u0259tirdik\u201d.\n<\/p>\n<figure class=\"wp-block-image size-large\">\n  <img decoding=\"async\" src=\"https:\/\/www.meydan.tv\/az\/screenshot_2019-11-27_at_14-46-38-png\/\" alt=\"screenshot_2019-11-27_at_14.46.38.png\" class=\"wp-image-133689\"\/><figcaption>\n    T\u0259rlan S\u0259limov<br \/>\n  <\/figcaption><\/figure>\n<p>\n  Valideynl\u0259ri Z\u0259hran\u0131 Bak\u0131ya, Respublika U\u015faq Klinik X\u0259st\u0259xanas\u0131na g\u0259tiribl\u0259r. Burada onlara bildirilib ki, u\u015fa\u011f\u0131n b\u0259d\u0259nin\u0259 infeksiya yay\u0131l\u0131b, qanqrena \u0259m\u0259l\u0259 g\u0259lib, ayaqlar\u0131 v\u0259 bir \u0259li amputasiya olunmal\u0131d\u0131r.\n<\/p>\n<p>\n  <b><br \/>\n    \u201cZ\u0259hran\u0131n h\u0259yat\u0131n\u0131 rusiyal\u0131 h\u0259kiml\u0259r xilas etdi\u201d<br \/>\n  <\/b>\n<\/p>\n<p>\n  Ata s\u00f6z\u00fcn\u0259 davam edir:\n<\/p>\n<p>\n  \u201cBaxd\u0131m ki, h\u0259kiml\u0259r \u00e7ox etinas\u0131z yana\u015f\u0131r, he\u00e7 kimi m\u0259nim u\u015fa\u011f\u0131m\u0131n taleyi maraqland\u0131rm\u0131r, sanki ham\u0131 ortal\u0131qda dola\u015f\u0131b vaxt uzad\u0131r. U\u015faq anbaan \u0259ld\u0259n gedirdi. Qohumlar\u0131n m\u0259sl\u0259h\u0259til\u0259 x\u0259st\u0259xanadan \u00e7\u0131xd\u0131q v\u0259 sabah\u0131 g\u00fcn Rusiyaya getdik. M\u0259nim u\u015faqlar\u0131m da, \u00f6z\u00fcm d\u0259 Rusiya v\u0259t\u0259nda\u015f\u0131y\u0131q, \u00f6z\u00fcm orda ya\u015fam\u0131\u015fam, u\u015faqlar\u0131m orda do\u011fulub. Az\u0259rbaycana \u2013 k\u0259ndimiz\u0259 bir ne\u00e7\u0259 g\u00fcnl\u00fcy\u0259 qonaq g\u0259lmi\u015fdik ki, ba\u015f\u0131m\u0131za bunlar g\u0259ldi. Sabah\u0131 g\u00fcn &#8211; fevral\u0131n 23-d\u0259 ax\u015fam saatlar\u0131nda u\u015fa\u011f\u0131m art\u0131q rusiyal\u0131 h\u0259kiml\u0259rin \u0259lind\u0259 idi. Rusiyal\u0131 h\u0259kiml\u0259r u\u015fa\u011fa Bak\u0131da qoyulmu\u015f k\u0259skin bronxit diaqnozunun s\u0259hv oldu\u011funu bildirdil\u0259r. H\u0259tta bu diaqnozu g\u00fcl\u00fcnc adland\u0131rd\u0131lar. U\u015faq ba\u015fdan-aya\u011fa m\u00fcayin\u0259 olunandan sonra ona meninqokok diaqnozu qoyuldu. (Meninqokok &#8211;\n<\/p>\n<p>\n  q\u0131zd\u0131rma, petexial v\u0259 ya al-q\u0131rm\u0131z\u0131 s\u0259pgi, sepsis, yaxud meningit \u0259lam\u0259tl\u0259ri il\u0259 s\u0259ciyy\u0259l\u0259n\u0259n a\u011f\u0131r yoluxucu x\u0259st\u0259likdir). Z\u0259hran\u0131n h\u0259r iki aya\u011f\u0131nda qanqrena ir\u0259lil\u0259diyi \u00fc\u00e7\u00fcn biri topuqdan, dig\u0259ri is\u0259 daban hiss\u0259sind\u0259n amputasiya olunub. O, 4 aya yax\u0131n rusiyal\u0131 h\u0259kiml\u0259rin n\u0259zar\u0259tind\u0259 qal\u0131b.\n<\/p>\n<p>\n  <b><br \/>\n    800 min manatl\u0131q t\u0259zminat t\u0259l\u0259bi<br \/>\n  <\/b>\n<\/p>\n<p>\n  Az\u0259rbaycana qay\u0131dandan sonra T\u0259rlan S\u0259limov \u0130smay\u0131ll\u0131 Rayon Prokurorlu\u011funa \u015fikay\u0259t edib. O, Ba\u015f prokuror Zakir Qaralovla da g\u00f6r\u00fc\u015f\u00fcb, Ba\u015f prokuror ona m\u0259s\u0259l\u0259nin obyektiv ara\u015fd\u0131r\u0131laca\u011f\u0131n\u0131 bildirib. Lakin rayon prokurorlu\u011fu ara\u015fd\u0131rman\u0131n sonunda cinay\u0259t i\u015fi ba\u015flanmas\u0131n\u0131 r\u0259dd edib. Prokurorlu\u011fun bu q\u0259rar\u0131ndan \u015fikay\u0259t veril\u0259r\u0259k l\u0259\u011fv etdirilib. \u0130\u015f yoxlan\u0131lmas\u0131 \u00fc\u00e7\u00fcn yenid\u0259n prokurorlu\u011fa qaytar\u0131l\u0131b.\n<\/p>\n<figure class=\"wp-block-image size-large\">\n  <img decoding=\"async\" src=\"https:\/\/www.meydan.tv\/az\/untitled_design_-_2019-11-27t144315-937-jpg\/\" alt=\"untitled_design_-_2019-11-27t144315.937.jpg\" class=\"wp-image-133677\"\/><figcaption>\n    Z\u0259hran\u0131n aya\u011f\u0131<br \/>\n  <\/figcaption><\/figure>\n<p>\n  T\u0259rlan S\u0259limov bir m\u00fcdd\u0259t \u0259vv\u0259l s\u0259hl\u0259nkarl\u0131q, s\u0259hv diaqnoz qoyulmas\u0131, s\u0259hv m\u00fcalic\u0259 iddias\u0131 il\u0259 U\u015faq Klinik X\u0259st\u0259xanas\u0131n\u0131, \u0130smay\u0131ll\u0131 Rayon M\u0259rk\u0259zi X\u0259st\u0259xanas\u0131n\u0131 v\u0259 \u0130smay\u0131ll\u0131 Rayon U\u015faq Poliklinikas\u0131n\u0131 m\u0259hk\u0259m\u0259y\u0259 verib. S\u0259hiyy\u0259 Nazirliyinin h\u0259r \u00fc\u00e7 x\u0259st\u0259xanas\u0131na qar\u015f\u0131 800 min manat t\u0259zminat davas\u0131 a\u00e7\u0131b. \u0130smay\u0131ll\u0131 Rayon Prokurorlu\u011funda apar\u0131lan ara\u015fd\u0131rmalarla \u0259laq\u0259dar olaraq m\u0259hk\u0259m\u0259 bax\u0131\u015f\u0131 qeyri-m\u00fc\u0259yy\u0259n vaxtad\u0259k t\u0259xir\u0259 sal\u0131n\u0131b.\n<\/p>\n<p>\n  \u0130smay\u0131ll\u0131 Rayon Prokurorlu\u011fundan Meydan TV-y\u0259 bildirilib ki, T\u0259rlan S\u0259limovun \u015fikay\u0259ti \u0259sas\u0131nda ara\u015fd\u0131rmalar davam edir. \u0130ndiy\u0259d\u0259k iki d\u0259f\u0259 ekspertiza ke\u00e7irilib v\u0259 n\u00f6vb\u0259ti ekspertiza t\u0259yin olunacaq.\n<\/p>\n<p>\n  Respublika U\u015faq Klinikas\u0131ndan bildirilib ki, hadis\u0259nin \u00fcst\u00fcnd\u0259n 2 ild\u0259n \u00e7ox vaxt ke\u00e7ib. Z\u0259hra S\u0259limovayla ba\u011fl\u0131 s\u0259n\u0259dl\u0259r arxiv\u0259 g\u00f6nd\u0259rildiyi \u00fc\u00e7\u00fcn m\u0259lumat ver\u0259 bilmirl\u0259r.\n<\/p>\n<figure class=\"wp-block-image size-large\">\n  <img decoding=\"async\" src=\"https:\/\/www.meydan.tv\/az\/image_from_ios-3-jpg-39\/\" alt=\"image_from_ios (3).jpg\" class=\"wp-image-133686\"\/><figcaption>\n    Epikriz<br \/>\n  <\/figcaption><\/figure>\n<figure class=\"wp-block-image size-large\">\n  <img decoding=\"async\" src=\"https:\/\/www.meydan.tv\/az\/image_from_ios-2-jpg-75\/\" alt=\"image_from_ios (2).jpg\" class=\"wp-image-133683\"\/><figcaption>\n    Epikriz<br \/>\n  <\/figcaption><\/figure>\n","protected":false},"excerpt":{"rendered":"<p>T\u0259rlan S\u0259limov bir m\u00fcdd\u0259t \u0259vv\u0259l s\u0259hl\u0259nkarl\u0131q, s\u0259hv diaqnoz qoyulmas\u0131, s\u0259hv m\u00fcalic\u0259 iddias\u0131 il\u0259 U\u015faq Klinik X\u0259st\u0259xanas\u0131n\u0131, \u0130smay\u0131ll\u0131 Rayon M\u0259rk\u0259zi X\u0259st\u0259xanas\u0131n\u0131 v\u0259 \u0130smay\u0131ll\u0131 Rayon U\u015faq Poliklinikas\u0131n\u0131 m\u0259hk\u0259m\u0259y\u0259 verib.<\/p>\n","protected":false},"author":11,"featured_media":133692,"comment_status":"closed","ping_status":"open","sticky":false,"template":"","format":"standard","meta":{"_acf_changed":false,"_sitemap_exclude":false,"_sitemap_priority":"","_sitemap_frequency":"","footnotes":""},"categories":[60],"tags":[],"class_list":["post-198129","post","type-post","status-publish","format-standard","has-post-thumbnail","hentry","category-bolge","infinite-scroll-item","generate-columns","tablet-grid-50","mobile-grid-100","grid-parent","grid-33","no-featured-image-padding"],"acf":[],"yoast_head":"<!-- This site is optimized with the Yoast SEO plugin v27.5 - https:\/\/yoast.com\/product\/yoast-seo-wordpress\/ -->\n<title>\u0130smay\u0131ll\u0131 sakini: H\u0259kiml\u0259rin s\u0259hl\u0259nkarl\u0131\u011f\u0131 \u00fcz\u00fcnd\u0259n u\u015fa\u011f\u0131n ayaqlar\u0131 k\u0259sildi - MEYDAN.TV<\/title>\n<meta name=\"robots\" content=\"index, follow, max-snippet:-1, max-image-preview:large, max-video-preview:-1\" \/>\n<link rel=\"canonical\" href=\"https:\/\/www.meydan.tv\/az\/article\/ismayilli-sakini-hekimlerin-sehlenkarligi-uzunden-usagin-ayaqlari-kesildi\/\" \/>\n<meta property=\"og:locale\" content=\"az_AZ\" \/>\n<meta property=\"og:type\" content=\"article\" \/>\n<meta property=\"og:title\" content=\"\u0130smay\u0131ll\u0131 sakini: H\u0259kiml\u0259rin s\u0259hl\u0259nkarl\u0131\u011f\u0131 \u00fcz\u00fcnd\u0259n u\u015fa\u011f\u0131n ayaqlar\u0131 k\u0259sildi - MEYDAN.TV\" \/>\n<meta property=\"og:description\" content=\"T\u0259rlan S\u0259limov bir m\u00fcdd\u0259t \u0259vv\u0259l s\u0259hl\u0259nkarl\u0131q, s\u0259hv diaqnoz qoyulmas\u0131, s\u0259hv m\u00fcalic\u0259 iddias\u0131 il\u0259 U\u015faq Klinik X\u0259st\u0259xanas\u0131n\u0131, \u0130smay\u0131ll\u0131 Rayon M\u0259rk\u0259zi X\u0259st\u0259xanas\u0131n\u0131 v\u0259 \u0130smay\u0131ll\u0131 Rayon U\u015faq Poliklinikas\u0131n\u0131 m\u0259hk\u0259m\u0259y\u0259 verib.\" \/>\n<meta property=\"og:url\" content=\"https:\/\/www.meydan.tv\/az\/article\/ismayilli-sakini-hekimlerin-sehlenkarligi-uzunden-usagin-ayaqlari-kesildi\/\" \/>\n<meta property=\"og:site_name\" content=\"MEYDAN.TV\" \/>\n<meta property=\"article:published_time\" content=\"2019-11-27T14:56:15+00:00\" \/>\n<meta property=\"og:image\" content=\"https:\/\/www.meydan.tv\/wp-content\/uploads\/1427879879_xx-u.jpg\" \/>\n\t<meta property=\"og:image:width\" content=\"767\" \/>\n\t<meta property=\"og:image:height\" content=\"574\" \/>\n\t<meta property=\"og:image:type\" content=\"image\/jpeg\" \/>\n<meta name=\"author\" content=\"user-manager\" \/>\n<meta name=\"twitter:card\" content=\"summary_large_image\" \/>\n<script type=\"application\/ld+json\" class=\"yoast-schema-graph\">{\"@context\":\"https:\\\/\\\/schema.org\",\"@graph\":[{\"@type\":\"Article\",\"@id\":\"https:\\\/\\\/www.meydan.tv\\\/az\\\/article\\\/ismayilli-sakini-hekimlerin-sehlenkarligi-uzunden-usagin-ayaqlari-kesildi\\\/#article\",\"isPartOf\":{\"@id\":\"https:\\\/\\\/www.meydan.tv\\\/az\\\/article\\\/ismayilli-sakini-hekimlerin-sehlenkarligi-uzunden-usagin-ayaqlari-kesildi\\\/\"},\"author\":{\"name\":\"user-manager\",\"@id\":\"https:\\\/\\\/www.meydan.tv\\\/az\\\/#\\\/schema\\\/person\\\/10d11eccf6da3662cf5fdab9806ea91a\"},\"headline\":\"\u0130smay\u0131ll\u0131 sakini: H\u0259kiml\u0259rin s\u0259hl\u0259nkarl\u0131\u011f\u0131 \u00fcz\u00fcnd\u0259n u\u015fa\u011f\u0131n ayaqlar\u0131 k\u0259sildi\",\"datePublished\":\"2019-11-27T14:56:15+00:00\",\"mainEntityOfPage\":{\"@id\":\"https:\\\/\\\/www.meydan.tv\\\/az\\\/article\\\/ismayilli-sakini-hekimlerin-sehlenkarligi-uzunden-usagin-ayaqlari-kesildi\\\/\"},\"wordCount\":1161,\"publisher\":{\"@id\":\"https:\\\/\\\/www.meydan.tv\\\/az\\\/#organization\"},\"image\":{\"@id\":\"https:\\\/\\\/www.meydan.tv\\\/az\\\/article\\\/ismayilli-sakini-hekimlerin-sehlenkarligi-uzunden-usagin-ayaqlari-kesildi\\\/#primaryimage\"},\"thumbnailUrl\":\"https:\\\/\\\/www.meydan.tv\\\/wp-content\\\/uploads\\\/1427879879_xx-u.jpg\",\"articleSection\":[\"B\u00f6lg\u0259\"],\"inLanguage\":\"az\"},{\"@type\":\"WebPage\",\"@id\":\"https:\\\/\\\/www.meydan.tv\\\/az\\\/article\\\/ismayilli-sakini-hekimlerin-sehlenkarligi-uzunden-usagin-ayaqlari-kesildi\\\/\",\"url\":\"https:\\\/\\\/www.meydan.tv\\\/az\\\/article\\\/ismayilli-sakini-hekimlerin-sehlenkarligi-uzunden-usagin-ayaqlari-kesildi\\\/\",\"name\":\"\u0130smay\u0131ll\u0131 sakini: H\u0259kiml\u0259rin s\u0259hl\u0259nkarl\u0131\u011f\u0131 \u00fcz\u00fcnd\u0259n u\u015fa\u011f\u0131n ayaqlar\u0131 k\u0259sildi - MEYDAN.TV\",\"isPartOf\":{\"@id\":\"https:\\\/\\\/www.meydan.tv\\\/az\\\/#website\"},\"primaryImageOfPage\":{\"@id\":\"https:\\\/\\\/www.meydan.tv\\\/az\\\/article\\\/ismayilli-sakini-hekimlerin-sehlenkarligi-uzunden-usagin-ayaqlari-kesildi\\\/#primaryimage\"},\"image\":{\"@id\":\"https:\\\/\\\/www.meydan.tv\\\/az\\\/article\\\/ismayilli-sakini-hekimlerin-sehlenkarligi-uzunden-usagin-ayaqlari-kesildi\\\/#primaryimage\"},\"thumbnailUrl\":\"https:\\\/\\\/www.meydan.tv\\\/wp-content\\\/uploads\\\/1427879879_xx-u.jpg\",\"datePublished\":\"2019-11-27T14:56:15+00:00\",\"breadcrumb\":{\"@id\":\"https:\\\/\\\/www.meydan.tv\\\/az\\\/article\\\/ismayilli-sakini-hekimlerin-sehlenkarligi-uzunden-usagin-ayaqlari-kesildi\\\/#breadcrumb\"},\"inLanguage\":\"az\",\"potentialAction\":[{\"@type\":\"ReadAction\",\"target\":[\"https:\\\/\\\/www.meydan.tv\\\/az\\\/article\\\/ismayilli-sakini-hekimlerin-sehlenkarligi-uzunden-usagin-ayaqlari-kesildi\\\/\"]}]},{\"@type\":\"ImageObject\",\"inLanguage\":\"az\",\"@id\":\"https:\\\/\\\/www.meydan.tv\\\/az\\\/article\\\/ismayilli-sakini-hekimlerin-sehlenkarligi-uzunden-usagin-ayaqlari-kesildi\\\/#primaryimage\",\"url\":\"https:\\\/\\\/www.meydan.tv\\\/wp-content\\\/uploads\\\/1427879879_xx-u.jpg\",\"contentUrl\":\"https:\\\/\\\/www.meydan.tv\\\/wp-content\\\/uploads\\\/1427879879_xx-u.jpg\",\"width\":767,\"height\":574,\"caption\":\"Source: Foto: arxiv\"},{\"@type\":\"BreadcrumbList\",\"@id\":\"https:\\\/\\\/www.meydan.tv\\\/az\\\/article\\\/ismayilli-sakini-hekimlerin-sehlenkarligi-uzunden-usagin-ayaqlari-kesildi\\\/#breadcrumb\",\"itemListElement\":[{\"@type\":\"ListItem\",\"position\":1,\"name\":\"Ana s\u0259hif\u0259\",\"item\":\"https:\\\/\\\/www.meydan.tv\\\/az\\\/\"},{\"@type\":\"ListItem\",\"position\":2,\"name\":\"B\u00f6lg\u0259\",\"item\":\"https:\\\/\\\/www.meydan.tv\\\/az\\\/section\\\/bolge\\\/\"},{\"@type\":\"ListItem\",\"position\":3,\"name\":\"\u0130smay\u0131ll\u0131 sakini: H\u0259kiml\u0259rin s\u0259hl\u0259nkarl\u0131\u011f\u0131 \u00fcz\u00fcnd\u0259n u\u015fa\u011f\u0131n ayaqlar\u0131 k\u0259sildi\"}]},{\"@type\":\"WebSite\",\"@id\":\"https:\\\/\\\/www.meydan.tv\\\/az\\\/#website\",\"url\":\"https:\\\/\\\/www.meydan.tv\\\/az\\\/\",\"name\":\"MEYDAN.TV\",\"description\":\"Meydan TV Az\u0259rbaycan\u0131n media m\u0259kan\u0131ndak\u0131 alternativ s\u0259sidir\",\"publisher\":{\"@id\":\"https:\\\/\\\/www.meydan.tv\\\/az\\\/#organization\"},\"potentialAction\":[{\"@type\":\"SearchAction\",\"target\":{\"@type\":\"EntryPoint\",\"urlTemplate\":\"https:\\\/\\\/www.meydan.tv\\\/az\\\/?s={search_term_string}\"},\"query-input\":{\"@type\":\"PropertyValueSpecification\",\"valueRequired\":true,\"valueName\":\"search_term_string\"}}],\"inLanguage\":\"az\"},{\"@type\":\"Organization\",\"@id\":\"https:\\\/\\\/www.meydan.tv\\\/az\\\/#organization\",\"name\":\"Meydan TV\",\"url\":\"https:\\\/\\\/www.meydan.tv\\\/az\\\/\",\"logo\":{\"@type\":\"ImageObject\",\"inLanguage\":\"az\",\"@id\":\"https:\\\/\\\/www.meydan.tv\\\/az\\\/#\\\/schema\\\/logo\\\/image\\\/\",\"url\":\"https:\\\/\\\/www.meydan.tv\\\/wp-content\\\/uploads\\\/2021\\\/07\\\/meydan-logo.svg\",\"contentUrl\":\"https:\\\/\\\/www.meydan.tv\\\/wp-content\\\/uploads\\\/2021\\\/07\\\/meydan-logo.svg\",\"width\":195,\"height\":46,\"caption\":\"Meydan TV\"},\"image\":{\"@id\":\"https:\\\/\\\/www.meydan.tv\\\/az\\\/#\\\/schema\\\/logo\\\/image\\\/\"}},{\"@type\":\"Person\",\"@id\":\"https:\\\/\\\/www.meydan.tv\\\/az\\\/#\\\/schema\\\/person\\\/10d11eccf6da3662cf5fdab9806ea91a\",\"name\":\"user-manager\"}]}<\/script>\n<!-- \/ Yoast SEO plugin. -->","yoast_head_json":{"title":"\u0130smay\u0131ll\u0131 sakini: H\u0259kiml\u0259rin s\u0259hl\u0259nkarl\u0131\u011f\u0131 \u00fcz\u00fcnd\u0259n u\u015fa\u011f\u0131n ayaqlar\u0131 k\u0259sildi - MEYDAN.TV","robots":{"index":"index","follow":"follow","max-snippet":"max-snippet:-1","max-image-preview":"max-image-preview:large","max-video-preview":"max-video-preview:-1"},"canonical":"https:\/\/www.meydan.tv\/az\/article\/ismayilli-sakini-hekimlerin-sehlenkarligi-uzunden-usagin-ayaqlari-kesildi\/","og_locale":"az_AZ","og_type":"article","og_title":"\u0130smay\u0131ll\u0131 sakini: H\u0259kiml\u0259rin s\u0259hl\u0259nkarl\u0131\u011f\u0131 \u00fcz\u00fcnd\u0259n u\u015fa\u011f\u0131n ayaqlar\u0131 k\u0259sildi - MEYDAN.TV","og_description":"T\u0259rlan S\u0259limov bir m\u00fcdd\u0259t \u0259vv\u0259l s\u0259hl\u0259nkarl\u0131q, s\u0259hv diaqnoz qoyulmas\u0131, s\u0259hv m\u00fcalic\u0259 iddias\u0131 il\u0259 U\u015faq Klinik X\u0259st\u0259xanas\u0131n\u0131, \u0130smay\u0131ll\u0131 Rayon M\u0259rk\u0259zi X\u0259st\u0259xanas\u0131n\u0131 v\u0259 \u0130smay\u0131ll\u0131 Rayon U\u015faq Poliklinikas\u0131n\u0131 m\u0259hk\u0259m\u0259y\u0259 verib.","og_url":"https:\/\/www.meydan.tv\/az\/article\/ismayilli-sakini-hekimlerin-sehlenkarligi-uzunden-usagin-ayaqlari-kesildi\/","og_site_name":"MEYDAN.TV","article_published_time":"2019-11-27T14:56:15+00:00","og_image":[{"width":767,"height":574,"url":"https:\/\/www.meydan.tv\/wp-content\/uploads\/1427879879_xx-u.jpg","type":"image\/jpeg"}],"author":"user-manager","twitter_card":"summary_large_image","schema":{"@context":"https:\/\/schema.org","@graph":[{"@type":"Article","@id":"https:\/\/www.meydan.tv\/az\/article\/ismayilli-sakini-hekimlerin-sehlenkarligi-uzunden-usagin-ayaqlari-kesildi\/#article","isPartOf":{"@id":"https:\/\/www.meydan.tv\/az\/article\/ismayilli-sakini-hekimlerin-sehlenkarligi-uzunden-usagin-ayaqlari-kesildi\/"},"author":{"name":"user-manager","@id":"https:\/\/www.meydan.tv\/az\/#\/schema\/person\/10d11eccf6da3662cf5fdab9806ea91a"},"headline":"\u0130smay\u0131ll\u0131 sakini: H\u0259kiml\u0259rin s\u0259hl\u0259nkarl\u0131\u011f\u0131 \u00fcz\u00fcnd\u0259n u\u015fa\u011f\u0131n ayaqlar\u0131 k\u0259sildi","datePublished":"2019-11-27T14:56:15+00:00","mainEntityOfPage":{"@id":"https:\/\/www.meydan.tv\/az\/article\/ismayilli-sakini-hekimlerin-sehlenkarligi-uzunden-usagin-ayaqlari-kesildi\/"},"wordCount":1161,"publisher":{"@id":"https:\/\/www.meydan.tv\/az\/#organization"},"image":{"@id":"https:\/\/www.meydan.tv\/az\/article\/ismayilli-sakini-hekimlerin-sehlenkarligi-uzunden-usagin-ayaqlari-kesildi\/#primaryimage"},"thumbnailUrl":"https:\/\/www.meydan.tv\/wp-content\/uploads\/1427879879_xx-u.jpg","articleSection":["B\u00f6lg\u0259"],"inLanguage":"az"},{"@type":"WebPage","@id":"https:\/\/www.meydan.tv\/az\/article\/ismayilli-sakini-hekimlerin-sehlenkarligi-uzunden-usagin-ayaqlari-kesildi\/","url":"https:\/\/www.meydan.tv\/az\/article\/ismayilli-sakini-hekimlerin-sehlenkarligi-uzunden-usagin-ayaqlari-kesildi\/","name":"\u0130smay\u0131ll\u0131 sakini: H\u0259kiml\u0259rin s\u0259hl\u0259nkarl\u0131\u011f\u0131 \u00fcz\u00fcnd\u0259n u\u015fa\u011f\u0131n ayaqlar\u0131 k\u0259sildi - MEYDAN.TV","isPartOf":{"@id":"https:\/\/www.meydan.tv\/az\/#website"},"primaryImageOfPage":{"@id":"https:\/\/www.meydan.tv\/az\/article\/ismayilli-sakini-hekimlerin-sehlenkarligi-uzunden-usagin-ayaqlari-kesildi\/#primaryimage"},"image":{"@id":"https:\/\/www.meydan.tv\/az\/article\/ismayilli-sakini-hekimlerin-sehlenkarligi-uzunden-usagin-ayaqlari-kesildi\/#primaryimage"},"thumbnailUrl":"https:\/\/www.meydan.tv\/wp-content\/uploads\/1427879879_xx-u.jpg","datePublished":"2019-11-27T14:56:15+00:00","breadcrumb":{"@id":"https:\/\/www.meydan.tv\/az\/article\/ismayilli-sakini-hekimlerin-sehlenkarligi-uzunden-usagin-ayaqlari-kesildi\/#breadcrumb"},"inLanguage":"az","potentialAction":[{"@type":"ReadAction","target":["https:\/\/www.meydan.tv\/az\/article\/ismayilli-sakini-hekimlerin-sehlenkarligi-uzunden-usagin-ayaqlari-kesildi\/"]}]},{"@type":"ImageObject","inLanguage":"az","@id":"https:\/\/www.meydan.tv\/az\/article\/ismayilli-sakini-hekimlerin-sehlenkarligi-uzunden-usagin-ayaqlari-kesildi\/#primaryimage","url":"https:\/\/www.meydan.tv\/wp-content\/uploads\/1427879879_xx-u.jpg","contentUrl":"https:\/\/www.meydan.tv\/wp-content\/uploads\/1427879879_xx-u.jpg","width":767,"height":574,"caption":"Source: Foto: arxiv"},{"@type":"BreadcrumbList","@id":"https:\/\/www.meydan.tv\/az\/article\/ismayilli-sakini-hekimlerin-sehlenkarligi-uzunden-usagin-ayaqlari-kesildi\/#breadcrumb","itemListElement":[{"@type":"ListItem","position":1,"name":"Ana s\u0259hif\u0259","item":"https:\/\/www.meydan.tv\/az\/"},{"@type":"ListItem","position":2,"name":"B\u00f6lg\u0259","item":"https:\/\/www.meydan.tv\/az\/section\/bolge\/"},{"@type":"ListItem","position":3,"name":"\u0130smay\u0131ll\u0131 sakini: H\u0259kiml\u0259rin s\u0259hl\u0259nkarl\u0131\u011f\u0131 \u00fcz\u00fcnd\u0259n u\u015fa\u011f\u0131n ayaqlar\u0131 k\u0259sildi"}]},{"@type":"WebSite","@id":"https:\/\/www.meydan.tv\/az\/#website","url":"https:\/\/www.meydan.tv\/az\/","name":"MEYDAN.TV","description":"Meydan TV Az\u0259rbaycan\u0131n media m\u0259kan\u0131ndak\u0131 alternativ s\u0259sidir","publisher":{"@id":"https:\/\/www.meydan.tv\/az\/#organization"},"potentialAction":[{"@type":"SearchAction","target":{"@type":"EntryPoint","urlTemplate":"https:\/\/www.meydan.tv\/az\/?s={search_term_string}"},"query-input":{"@type":"PropertyValueSpecification","valueRequired":true,"valueName":"search_term_string"}}],"inLanguage":"az"},{"@type":"Organization","@id":"https:\/\/www.meydan.tv\/az\/#organization","name":"Meydan TV","url":"https:\/\/www.meydan.tv\/az\/","logo":{"@type":"ImageObject","inLanguage":"az","@id":"https:\/\/www.meydan.tv\/az\/#\/schema\/logo\/image\/","url":"https:\/\/www.meydan.tv\/wp-content\/uploads\/2021\/07\/meydan-logo.svg","contentUrl":"https:\/\/www.meydan.tv\/wp-content\/uploads\/2021\/07\/meydan-logo.svg","width":195,"height":46,"caption":"Meydan TV"},"image":{"@id":"https:\/\/www.meydan.tv\/az\/#\/schema\/logo\/image\/"}},{"@type":"Person","@id":"https:\/\/www.meydan.tv\/az\/#\/schema\/person\/10d11eccf6da3662cf5fdab9806ea91a","name":"user-manager"}]}},"_links":{"self":[{"href":"https:\/\/www.meydan.tv\/az\/wp-json\/wp\/v2\/posts\/198129","targetHints":{"allow":["GET"]}}],"collection":[{"href":"https:\/\/www.meydan.tv\/az\/wp-json\/wp\/v2\/posts"}],"about":[{"href":"https:\/\/www.meydan.tv\/az\/wp-json\/wp\/v2\/types\/post"}],"author":[{"embeddable":true,"href":"https:\/\/www.meydan.tv\/az\/wp-json\/wp\/v2\/users\/11"}],"replies":[{"embeddable":true,"href":"https:\/\/www.meydan.tv\/az\/wp-json\/wp\/v2\/comments?post=198129"}],"version-history":[{"count":0,"href":"https:\/\/www.meydan.tv\/az\/wp-json\/wp\/v2\/posts\/198129\/revisions"}],"wp:featuredmedia":[{"embeddable":true,"href":"https:\/\/www.meydan.tv\/az\/wp-json\/wp\/v2\/media\/133692"}],"wp:attachment":[{"href":"https:\/\/www.meydan.tv\/az\/wp-json\/wp\/v2\/media?parent=198129"}],"wp:term":[{"taxonomy":"category","embeddable":true,"href":"https:\/\/www.meydan.tv\/az\/wp-json\/wp\/v2\/categories?post=198129"},{"taxonomy":"post_tag","embeddable":true,"href":"https:\/\/www.meydan.tv\/az\/wp-json\/wp\/v2\/tags?post=198129"}],"curies":[{"name":"wp","href":"https:\/\/api.w.org\/{rel}","templated":true}]}}