{"id":198128,"date":"2019-11-27T15:33:38","date_gmt":"2019-11-27T15:33:38","guid":{"rendered":"https:\/\/www.meydan.tv\/article\/irandaki-etirazlarda-218-neferin-oldurulduyu-bildirilir\/"},"modified":"2019-11-27T15:33:38","modified_gmt":"2019-11-27T15:33:38","slug":"irandaki-etirazlarda-218-neferin-oldurulduyu-bildirilir","status":"publish","type":"post","link":"https:\/\/www.meydan.tv\/az\/article\/irandaki-etirazlarda-218-neferin-oldurulduyu-bildirilir\/","title":{"rendered":"\u0130randak\u0131 etirazlarda 218 n\u0259f\u0259rin \u00f6ld\u00fcr\u00fcld\u00fcy\u00fc bildirilir"},"content":{"rendered":"<p>\n  <i><br \/>\n    Etirazlar zaman\u0131 4523 adam h\u0259bs edilib<br \/>\n  <\/i>\n<\/p>\n<p>\n  \u201c25 noyabrad\u0259k \u0130randa yanacaq qiym\u0259tinin artmas\u0131na qar\u015f\u0131 ba\u015flam\u0131\u015f etirazlarda 218 n\u0259f\u0259r \u00f6ld\u00fcr\u00fcl\u00fcb. \u00d6ld\u00fcr\u00fcl\u0259nl\u0259rd\u0259n 87 n\u0259f\u0259ri Tehran \u0259yal\u0259tinin pay\u0131na d\u00fc\u015f\u00fcr\u201d,- \u201c\u0130ran wire\u201d x\u0259b\u0259r verir.\n<\/p>\n<p>\n  \u018fyal\u0259t v\u0259 \u015f\u0259h\u0259r r\u0259hb\u0259rl\u0259ri t\u0259r\u0259find\u0259n Daxili \u0130\u015fl\u0259r Nazirliyin\u0259 g\u00f6nd\u0259ril\u0259n hesabatlar \u0259sas\u0131nda qeyd\u0259 al\u0131nan bu r\u0259q\u0259ml\u0259rin artaca\u011f\u0131 g\u00f6zl\u0259nilir.\n<\/p>\n<p>\n  Nazirlik bildirir ki, noyabr\u0131n 19-da onlara daxil olan m\u0259lumatlara \u0259sas\u0259n etirazlar zaman\u0131 4523 adam h\u0259bs edilib. Bu r\u0259q\u0259m yenil\u0259nm\u0259yib v\u0259 nazirliy\u0259 \u0259lav\u0259 m\u0259lumatlar daxil olmay\u0131b.\n<\/p>\n<p>\n  19 noyabrda \u201cAmnesty \u0130nternational\u201d \u0130randa \u00f6ld\u00fcr\u00fcl\u0259nl\u0259rin 100-d\u0259n art\u0131q oldu\u011funu s\u00f6yl\u0259yib v\u0259 Tehran\u0131 zorak\u0131l\u0131\u011fa son qoyma\u011fa \u00e7a\u011f\u0131r\u0131b. \u201cAljazeera\u201d x\u0259b\u0259r verir ki, insan h\u00fcquqlar\u0131 t\u0259\u015fkilat\u0131 \u0130ran t\u0259hl\u00fck\u0259sizlik q\u00fcvv\u0259l\u0259rini ba\u015flad\u0131\u011f\u0131 g\u00fcnd\u0259n etibar\u0259n n\u00fcmayi\u015fl\u0259ri da\u011f\u0131tmaq \u00fc\u00e7\u00fcn \u201ch\u0259ddind\u0259n art\u0131q v\u0259 \u00f6ld\u00fcr\u00fcc\u00fc g\u00fcc\u201d t\u0259tbiq etm\u0259kd\u0259 g\u00fcnahland\u0131r\u0131b.\n<\/p>\n<p>\n  \u201cEtibarl\u0131 m\u0259nb\u0259l\u0259r\u0259 \u0259sas\u0259n, 21 \u015f\u0259h\u0259rd\u0259 \u0259n az 106 etiraz\u00e7\u0131 \u00f6ld\u00fcr\u00fcl\u00fcb\u201d,- \u201cAmnesty\u201d deyib.\n<\/p>\n<p>\n  \u201c\u00d6l\u0259nl\u0259rin say\u0131 daha \u00e7ox ola bil\u0259r, b\u0259zi m\u0259lumatlara g\u00f6r\u0259 200 n\u0259f\u0259rin \u00f6ld\u00fcy\u00fc bildirilir\u201d,- t\u0259\u015fkilat qeyd edib.\n<\/p>\n<p>\n  \u201c\u0130nqilab Ke\u015fik\u00e7il\u0259rinin M\u0259rk\u0259zi \u0130mam \u018fli T\u0259hl\u00fck\u0259sizlik Qarnizonunun komandiri general Qolam H\u00fcseyn Qeybp\u0259rv\u0259r (Gholam Hossein Gheybparvar) q\u00fcvv\u0259l\u0259r\u0259 ist\u0259yin\u0259 g\u00f6r\u0259 at\u0259\u015f etm\u0259k \u0259mri ver\u0259 bilm\u0259k icaz\u0259sin\u0259 sahib olub v\u0259 bu s\u0259b\u0259bd\u0259n etiraz\u00e7\u0131lar\u0131n k\u00fctl\u0259vi \u015f\u0259kild\u0259 q\u0259tlin\u0259 birba\u015fa cavabdehlik da\u015f\u0131y\u0131r\u201d, &#8211; ad\u0131n\u0131n a\u00e7\u0131qlanmas\u0131n\u0131 ist\u0259m\u0259y\u0259n m\u0259nb\u0259 qeyd edib.\n<\/p>\n<p>\n  M\u0259rk\u0259zi \u0130mam \u018fli T\u0259hl\u00fck\u0259sizlik Qarnizonu 2009-cu il prezident se\u00e7kil\u0259rind\u0259n sonra qurulan \u0130mam \u018fli batalyonlar\u0131na r\u0259hb\u0259rlik edir. Batalyonlar\u0131n f\u0259aliyy\u0259ti o zaman v\u0259 indi d\u0259 xalq etirazlar\u0131na qar\u015f\u0131 \u00e7\u0131xmaq v\u0259 onlar\u0131 m\u00fct\u0259\u015f\u0259kkil, h\u0259rt\u0259r\u0259fli \u015f\u0259kild\u0259 yat\u0131rmaqdan ibar\u0259tdir. Batalyonlar \u0130nqilab Ke\u015fik\u00e7il\u0259rinin \u00e7\u0259tiri alt\u0131nda f\u0259aliyy\u0259t g\u00f6st\u0259r\u0259n h\u0259rbi Basij t\u0259\u015fkilat\u0131n\u0131n bir hiss\u0259sini t\u0259\u015fkil edir. \u0130nqilab Ke\u015fik\u00e7il\u0259rinin ke\u00e7mi\u015f komandiri general-mayor M\u0259h\u0259mm\u0259d \u018fli C\u0259f\u0259rinin dediyin\u0259 g\u00f6r\u0259, t\u0259qrib\u0259n 31.000 \u0259sg\u0259r Basij batalyonlar\u0131n \u00fczv olmaq \u00fc\u00e7\u00fcn t\u0259lim ke\u00e7ib.\n<\/p>\n<p>\n  \u0130ran\u0131n m\u0259hk\u0259m\u0259 hey\u0259ti bildirib ki, yanacaq qiym\u0259tinin artmas\u0131 il\u0259 ba\u011fl\u0131 h\u00f6kum\u0259t \u0259leyhin\u0259 etiraz aksiyalar\u0131nda g\u00fcnahland\u0131r\u0131lan 100-\u0259 yax\u0131n lider h\u0259bs olunub.\n<\/p>\n<p>\n  \u201cNew York Times\u201d bildirir ki, c\u00fcm\u0259 x\u00fctb\u0259l\u0259rinin lideri din xadimi Ay\u0259tullah \u018fhm\u0259d Xat\u0259mi etirazlar\u0131n t\u0259\u015fkilat\u00e7\u0131lar\u0131n\u0131n \u201cmaksimum c\u0259zaya\u201d layiq olduqlar\u0131n\u0131 s\u00f6yl\u0259yib.\n<\/p>\n<p>\n  Xat\u0259mi deyib ki, hakimiyy\u0259t etirazlar\u0131n qal\u0131qlar\u0131n\u0131 m\u0259hv etm\u0259y\u0259 k\u00f6m\u0259k etm\u0259k \u00fc\u00e7\u00fcn \u015f\u00fcbh\u0259lil\u0259rd\u0259n n\u00fcmun\u0259l\u0259r haz\u0131rlama\u011fa \u00e7al\u0131\u015f\u0131r. Xat\u0259mi \u015f\u00fcbh\u0259lil\u0259rin edam c\u0259zas\u0131na m\u0259hkum edil\u0259c\u0259yini n\u0259z\u0259rd\u0259 tutdu\u011funu bildirm\u0259s\u0259 d\u0259, Ali Lider Ay\u0259tullah \u018fli Xameney\u0259 ba\u011fl\u0131 \u201cKayhan\u201d q\u0259zeti onlar\u0131n as\u0131lmal\u0131 olduqlar\u0131n\u0131 qeyd edib.\n<\/p>\n<p>\n  \u201cBu sistem bu axmaqlar t\u0259r\u0259find\u0259n t\u0259rp\u0259dil\u0259c\u0259k sistem deyil&quot;,-\u0130ran\u0131n r\u0259smi \u0130slam Respublikas\u0131 X\u0259b\u0259r Agentliyinin m\u0259lumat\u0131na g\u00f6r\u0259 Xat\u0259mi bel\u0259 deyib.<\/p>\n","protected":false},"excerpt":{"rendered":"<p>\u201c\u0130nqilab Ke\u015fik\u00e7il\u0259rinin M\u0259rk\u0259zi \u0130mam \u018fli T\u0259hl\u00fck\u0259sizlik Qarnizonunun komandiri general Qolam H\u00fcseyn Qeybp\u0259rv\u0259r (Gholam Hossein Gheybparvar) q\u00fcvv\u0259l\u0259r\u0259 ist\u0259yin\u0259 g\u00f6r\u0259 at\u0259\u015f etm\u0259k \u0259mri ver\u0259 bilm\u0259k icaz\u0259sin\u0259 sahib olub v\u0259 bu s\u0259b\u0259bd\u0259n etiraz\u00e7\u0131lar\u0131n k\u00fctl\u0259vi \u015f\u0259kild\u0259 q\u0259tlin\u0259 birba\u015fa cavabdehlik da\u015f\u0131y\u0131r\u201d, &#8211;  ad\u0131n\u0131n a\u00e7\u0131qlanmas\u0131n\u0131 ist\u0259m\u0259y\u0259n m\u0259nb\u0259 qeyd edib<\/p>\n","protected":false},"author":11,"featured_media":133695,"comment_status":"closed","ping_status":"open","sticky":false,"template":"","format":"standard","meta":{"_acf_changed":false,"_sitemap_exclude":false,"_sitemap_priority":"","_sitemap_frequency":"","footnotes":""},"categories":[64],"tags":[],"class_list":["post-198128","post","type-post","status-publish","format-standard","has-post-thumbnail","hentry","category-dunya","infinite-scroll-item","generate-columns","tablet-grid-50","mobile-grid-100","grid-parent","grid-33","no-featured-image-padding"],"acf":[],"yoast_head":"<!-- This site is optimized with the Yoast SEO plugin v27.5 - https:\/\/yoast.com\/product\/yoast-seo-wordpress\/ -->\n<title>\u0130randak\u0131 etirazlarda 218 n\u0259f\u0259rin \u00f6ld\u00fcr\u00fcld\u00fcy\u00fc bildirilir - MEYDAN.TV<\/title>\n<meta name=\"robots\" content=\"index, follow, max-snippet:-1, max-image-preview:large, max-video-preview:-1\" \/>\n<link rel=\"canonical\" href=\"https:\/\/www.meydan.tv\/az\/article\/irandaki-etirazlarda-218-neferin-oldurulduyu-bildirilir\/\" \/>\n<meta property=\"og:locale\" content=\"az_AZ\" \/>\n<meta property=\"og:type\" content=\"article\" \/>\n<meta property=\"og:title\" content=\"\u0130randak\u0131 etirazlarda 218 n\u0259f\u0259rin \u00f6ld\u00fcr\u00fcld\u00fcy\u00fc bildirilir - MEYDAN.TV\" \/>\n<meta property=\"og:description\" content=\"\u201c\u0130nqilab Ke\u015fik\u00e7il\u0259rinin M\u0259rk\u0259zi \u0130mam \u018fli T\u0259hl\u00fck\u0259sizlik Qarnizonunun komandiri general Qolam H\u00fcseyn Qeybp\u0259rv\u0259r (Gholam Hossein Gheybparvar) q\u00fcvv\u0259l\u0259r\u0259 ist\u0259yin\u0259 g\u00f6r\u0259 at\u0259\u015f etm\u0259k \u0259mri ver\u0259 bilm\u0259k icaz\u0259sin\u0259 sahib olub v\u0259 bu s\u0259b\u0259bd\u0259n etiraz\u00e7\u0131lar\u0131n k\u00fctl\u0259vi \u015f\u0259kild\u0259 q\u0259tlin\u0259 birba\u015fa cavabdehlik da\u015f\u0131y\u0131r\u201d, - ad\u0131n\u0131n a\u00e7\u0131qlanmas\u0131n\u0131 ist\u0259m\u0259y\u0259n m\u0259nb\u0259 qeyd edib\" \/>\n<meta property=\"og:url\" content=\"https:\/\/www.meydan.tv\/az\/article\/irandaki-etirazlarda-218-neferin-oldurulduyu-bildirilir\/\" \/>\n<meta property=\"og:site_name\" content=\"MEYDAN.TV\" \/>\n<meta property=\"article:published_time\" content=\"2019-11-27T15:33:38+00:00\" \/>\n<meta property=\"og:image\" content=\"https:\/\/www.meydan.tv\/wp-content\/uploads\/c5c7970e357b4b6290ad39595a280d14_18.jpg\" \/>\n\t<meta property=\"og:image:width\" content=\"853\" \/>\n\t<meta property=\"og:image:height\" content=\"480\" \/>\n\t<meta property=\"og:image:type\" content=\"image\/jpeg\" \/>\n<meta name=\"author\" content=\"user-manager\" \/>\n<meta name=\"twitter:card\" content=\"summary_large_image\" \/>\n<script type=\"application\/ld+json\" class=\"yoast-schema-graph\">{\"@context\":\"https:\\\/\\\/schema.org\",\"@graph\":[{\"@type\":\"Article\",\"@id\":\"https:\\\/\\\/www.meydan.tv\\\/az\\\/article\\\/irandaki-etirazlarda-218-neferin-oldurulduyu-bildirilir\\\/#article\",\"isPartOf\":{\"@id\":\"https:\\\/\\\/www.meydan.tv\\\/az\\\/article\\\/irandaki-etirazlarda-218-neferin-oldurulduyu-bildirilir\\\/\"},\"author\":{\"name\":\"user-manager\",\"@id\":\"https:\\\/\\\/www.meydan.tv\\\/az\\\/#\\\/schema\\\/person\\\/10d11eccf6da3662cf5fdab9806ea91a\"},\"headline\":\"\u0130randak\u0131 etirazlarda 218 n\u0259f\u0259rin \u00f6ld\u00fcr\u00fcld\u00fcy\u00fc bildirilir\",\"datePublished\":\"2019-11-27T15:33:38+00:00\",\"mainEntityOfPage\":{\"@id\":\"https:\\\/\\\/www.meydan.tv\\\/az\\\/article\\\/irandaki-etirazlarda-218-neferin-oldurulduyu-bildirilir\\\/\"},\"wordCount\":637,\"publisher\":{\"@id\":\"https:\\\/\\\/www.meydan.tv\\\/az\\\/#organization\"},\"image\":{\"@id\":\"https:\\\/\\\/www.meydan.tv\\\/az\\\/article\\\/irandaki-etirazlarda-218-neferin-oldurulduyu-bildirilir\\\/#primaryimage\"},\"thumbnailUrl\":\"https:\\\/\\\/www.meydan.tv\\\/wp-content\\\/uploads\\\/c5c7970e357b4b6290ad39595a280d14_18.jpg\",\"articleSection\":[\"D\u00fcnya\"],\"inLanguage\":\"az\"},{\"@type\":\"WebPage\",\"@id\":\"https:\\\/\\\/www.meydan.tv\\\/az\\\/article\\\/irandaki-etirazlarda-218-neferin-oldurulduyu-bildirilir\\\/\",\"url\":\"https:\\\/\\\/www.meydan.tv\\\/az\\\/article\\\/irandaki-etirazlarda-218-neferin-oldurulduyu-bildirilir\\\/\",\"name\":\"\u0130randak\u0131 etirazlarda 218 n\u0259f\u0259rin \u00f6ld\u00fcr\u00fcld\u00fcy\u00fc bildirilir - MEYDAN.TV\",\"isPartOf\":{\"@id\":\"https:\\\/\\\/www.meydan.tv\\\/az\\\/#website\"},\"primaryImageOfPage\":{\"@id\":\"https:\\\/\\\/www.meydan.tv\\\/az\\\/article\\\/irandaki-etirazlarda-218-neferin-oldurulduyu-bildirilir\\\/#primaryimage\"},\"image\":{\"@id\":\"https:\\\/\\\/www.meydan.tv\\\/az\\\/article\\\/irandaki-etirazlarda-218-neferin-oldurulduyu-bildirilir\\\/#primaryimage\"},\"thumbnailUrl\":\"https:\\\/\\\/www.meydan.tv\\\/wp-content\\\/uploads\\\/c5c7970e357b4b6290ad39595a280d14_18.jpg\",\"datePublished\":\"2019-11-27T15:33:38+00:00\",\"breadcrumb\":{\"@id\":\"https:\\\/\\\/www.meydan.tv\\\/az\\\/article\\\/irandaki-etirazlarda-218-neferin-oldurulduyu-bildirilir\\\/#breadcrumb\"},\"inLanguage\":\"az\",\"potentialAction\":[{\"@type\":\"ReadAction\",\"target\":[\"https:\\\/\\\/www.meydan.tv\\\/az\\\/article\\\/irandaki-etirazlarda-218-neferin-oldurulduyu-bildirilir\\\/\"]}]},{\"@type\":\"ImageObject\",\"inLanguage\":\"az\",\"@id\":\"https:\\\/\\\/www.meydan.tv\\\/az\\\/article\\\/irandaki-etirazlarda-218-neferin-oldurulduyu-bildirilir\\\/#primaryimage\",\"url\":\"https:\\\/\\\/www.meydan.tv\\\/wp-content\\\/uploads\\\/c5c7970e357b4b6290ad39595a280d14_18.jpg\",\"contentUrl\":\"https:\\\/\\\/www.meydan.tv\\\/wp-content\\\/uploads\\\/c5c7970e357b4b6290ad39595a280d14_18.jpg\",\"width\":853,\"height\":480,\"caption\":\"Source: Foto: arxiv\"},{\"@type\":\"BreadcrumbList\",\"@id\":\"https:\\\/\\\/www.meydan.tv\\\/az\\\/article\\\/irandaki-etirazlarda-218-neferin-oldurulduyu-bildirilir\\\/#breadcrumb\",\"itemListElement\":[{\"@type\":\"ListItem\",\"position\":1,\"name\":\"Ana s\u0259hif\u0259\",\"item\":\"https:\\\/\\\/www.meydan.tv\\\/az\\\/\"},{\"@type\":\"ListItem\",\"position\":2,\"name\":\"D\u00fcnya\",\"item\":\"https:\\\/\\\/www.meydan.tv\\\/az\\\/section\\\/dunya\\\/\"},{\"@type\":\"ListItem\",\"position\":3,\"name\":\"\u0130randak\u0131 etirazlarda 218 n\u0259f\u0259rin \u00f6ld\u00fcr\u00fcld\u00fcy\u00fc bildirilir\"}]},{\"@type\":\"WebSite\",\"@id\":\"https:\\\/\\\/www.meydan.tv\\\/az\\\/#website\",\"url\":\"https:\\\/\\\/www.meydan.tv\\\/az\\\/\",\"name\":\"MEYDAN.TV\",\"description\":\"Meydan TV Az\u0259rbaycan\u0131n media m\u0259kan\u0131ndak\u0131 alternativ s\u0259sidir\",\"publisher\":{\"@id\":\"https:\\\/\\\/www.meydan.tv\\\/az\\\/#organization\"},\"potentialAction\":[{\"@type\":\"SearchAction\",\"target\":{\"@type\":\"EntryPoint\",\"urlTemplate\":\"https:\\\/\\\/www.meydan.tv\\\/az\\\/?s={search_term_string}\"},\"query-input\":{\"@type\":\"PropertyValueSpecification\",\"valueRequired\":true,\"valueName\":\"search_term_string\"}}],\"inLanguage\":\"az\"},{\"@type\":\"Organization\",\"@id\":\"https:\\\/\\\/www.meydan.tv\\\/az\\\/#organization\",\"name\":\"Meydan TV\",\"url\":\"https:\\\/\\\/www.meydan.tv\\\/az\\\/\",\"logo\":{\"@type\":\"ImageObject\",\"inLanguage\":\"az\",\"@id\":\"https:\\\/\\\/www.meydan.tv\\\/az\\\/#\\\/schema\\\/logo\\\/image\\\/\",\"url\":\"https:\\\/\\\/www.meydan.tv\\\/wp-content\\\/uploads\\\/2021\\\/07\\\/meydan-logo.svg\",\"contentUrl\":\"https:\\\/\\\/www.meydan.tv\\\/wp-content\\\/uploads\\\/2021\\\/07\\\/meydan-logo.svg\",\"width\":195,\"height\":46,\"caption\":\"Meydan TV\"},\"image\":{\"@id\":\"https:\\\/\\\/www.meydan.tv\\\/az\\\/#\\\/schema\\\/logo\\\/image\\\/\"}},{\"@type\":\"Person\",\"@id\":\"https:\\\/\\\/www.meydan.tv\\\/az\\\/#\\\/schema\\\/person\\\/10d11eccf6da3662cf5fdab9806ea91a\",\"name\":\"user-manager\"}]}<\/script>\n<!-- \/ Yoast SEO plugin. -->","yoast_head_json":{"title":"\u0130randak\u0131 etirazlarda 218 n\u0259f\u0259rin \u00f6ld\u00fcr\u00fcld\u00fcy\u00fc bildirilir - MEYDAN.TV","robots":{"index":"index","follow":"follow","max-snippet":"max-snippet:-1","max-image-preview":"max-image-preview:large","max-video-preview":"max-video-preview:-1"},"canonical":"https:\/\/www.meydan.tv\/az\/article\/irandaki-etirazlarda-218-neferin-oldurulduyu-bildirilir\/","og_locale":"az_AZ","og_type":"article","og_title":"\u0130randak\u0131 etirazlarda 218 n\u0259f\u0259rin \u00f6ld\u00fcr\u00fcld\u00fcy\u00fc bildirilir - MEYDAN.TV","og_description":"\u201c\u0130nqilab Ke\u015fik\u00e7il\u0259rinin M\u0259rk\u0259zi \u0130mam \u018fli T\u0259hl\u00fck\u0259sizlik Qarnizonunun komandiri general Qolam H\u00fcseyn Qeybp\u0259rv\u0259r (Gholam Hossein Gheybparvar) q\u00fcvv\u0259l\u0259r\u0259 ist\u0259yin\u0259 g\u00f6r\u0259 at\u0259\u015f etm\u0259k \u0259mri ver\u0259 bilm\u0259k icaz\u0259sin\u0259 sahib olub v\u0259 bu s\u0259b\u0259bd\u0259n etiraz\u00e7\u0131lar\u0131n k\u00fctl\u0259vi \u015f\u0259kild\u0259 q\u0259tlin\u0259 birba\u015fa cavabdehlik da\u015f\u0131y\u0131r\u201d, - ad\u0131n\u0131n a\u00e7\u0131qlanmas\u0131n\u0131 ist\u0259m\u0259y\u0259n m\u0259nb\u0259 qeyd edib","og_url":"https:\/\/www.meydan.tv\/az\/article\/irandaki-etirazlarda-218-neferin-oldurulduyu-bildirilir\/","og_site_name":"MEYDAN.TV","article_published_time":"2019-11-27T15:33:38+00:00","og_image":[{"width":853,"height":480,"url":"https:\/\/www.meydan.tv\/wp-content\/uploads\/c5c7970e357b4b6290ad39595a280d14_18.jpg","type":"image\/jpeg"}],"author":"user-manager","twitter_card":"summary_large_image","schema":{"@context":"https:\/\/schema.org","@graph":[{"@type":"Article","@id":"https:\/\/www.meydan.tv\/az\/article\/irandaki-etirazlarda-218-neferin-oldurulduyu-bildirilir\/#article","isPartOf":{"@id":"https:\/\/www.meydan.tv\/az\/article\/irandaki-etirazlarda-218-neferin-oldurulduyu-bildirilir\/"},"author":{"name":"user-manager","@id":"https:\/\/www.meydan.tv\/az\/#\/schema\/person\/10d11eccf6da3662cf5fdab9806ea91a"},"headline":"\u0130randak\u0131 etirazlarda 218 n\u0259f\u0259rin \u00f6ld\u00fcr\u00fcld\u00fcy\u00fc bildirilir","datePublished":"2019-11-27T15:33:38+00:00","mainEntityOfPage":{"@id":"https:\/\/www.meydan.tv\/az\/article\/irandaki-etirazlarda-218-neferin-oldurulduyu-bildirilir\/"},"wordCount":637,"publisher":{"@id":"https:\/\/www.meydan.tv\/az\/#organization"},"image":{"@id":"https:\/\/www.meydan.tv\/az\/article\/irandaki-etirazlarda-218-neferin-oldurulduyu-bildirilir\/#primaryimage"},"thumbnailUrl":"https:\/\/www.meydan.tv\/wp-content\/uploads\/c5c7970e357b4b6290ad39595a280d14_18.jpg","articleSection":["D\u00fcnya"],"inLanguage":"az"},{"@type":"WebPage","@id":"https:\/\/www.meydan.tv\/az\/article\/irandaki-etirazlarda-218-neferin-oldurulduyu-bildirilir\/","url":"https:\/\/www.meydan.tv\/az\/article\/irandaki-etirazlarda-218-neferin-oldurulduyu-bildirilir\/","name":"\u0130randak\u0131 etirazlarda 218 n\u0259f\u0259rin \u00f6ld\u00fcr\u00fcld\u00fcy\u00fc bildirilir - MEYDAN.TV","isPartOf":{"@id":"https:\/\/www.meydan.tv\/az\/#website"},"primaryImageOfPage":{"@id":"https:\/\/www.meydan.tv\/az\/article\/irandaki-etirazlarda-218-neferin-oldurulduyu-bildirilir\/#primaryimage"},"image":{"@id":"https:\/\/www.meydan.tv\/az\/article\/irandaki-etirazlarda-218-neferin-oldurulduyu-bildirilir\/#primaryimage"},"thumbnailUrl":"https:\/\/www.meydan.tv\/wp-content\/uploads\/c5c7970e357b4b6290ad39595a280d14_18.jpg","datePublished":"2019-11-27T15:33:38+00:00","breadcrumb":{"@id":"https:\/\/www.meydan.tv\/az\/article\/irandaki-etirazlarda-218-neferin-oldurulduyu-bildirilir\/#breadcrumb"},"inLanguage":"az","potentialAction":[{"@type":"ReadAction","target":["https:\/\/www.meydan.tv\/az\/article\/irandaki-etirazlarda-218-neferin-oldurulduyu-bildirilir\/"]}]},{"@type":"ImageObject","inLanguage":"az","@id":"https:\/\/www.meydan.tv\/az\/article\/irandaki-etirazlarda-218-neferin-oldurulduyu-bildirilir\/#primaryimage","url":"https:\/\/www.meydan.tv\/wp-content\/uploads\/c5c7970e357b4b6290ad39595a280d14_18.jpg","contentUrl":"https:\/\/www.meydan.tv\/wp-content\/uploads\/c5c7970e357b4b6290ad39595a280d14_18.jpg","width":853,"height":480,"caption":"Source: Foto: arxiv"},{"@type":"BreadcrumbList","@id":"https:\/\/www.meydan.tv\/az\/article\/irandaki-etirazlarda-218-neferin-oldurulduyu-bildirilir\/#breadcrumb","itemListElement":[{"@type":"ListItem","position":1,"name":"Ana s\u0259hif\u0259","item":"https:\/\/www.meydan.tv\/az\/"},{"@type":"ListItem","position":2,"name":"D\u00fcnya","item":"https:\/\/www.meydan.tv\/az\/section\/dunya\/"},{"@type":"ListItem","position":3,"name":"\u0130randak\u0131 etirazlarda 218 n\u0259f\u0259rin \u00f6ld\u00fcr\u00fcld\u00fcy\u00fc bildirilir"}]},{"@type":"WebSite","@id":"https:\/\/www.meydan.tv\/az\/#website","url":"https:\/\/www.meydan.tv\/az\/","name":"MEYDAN.TV","description":"Meydan TV Az\u0259rbaycan\u0131n media m\u0259kan\u0131ndak\u0131 alternativ s\u0259sidir","publisher":{"@id":"https:\/\/www.meydan.tv\/az\/#organization"},"potentialAction":[{"@type":"SearchAction","target":{"@type":"EntryPoint","urlTemplate":"https:\/\/www.meydan.tv\/az\/?s={search_term_string}"},"query-input":{"@type":"PropertyValueSpecification","valueRequired":true,"valueName":"search_term_string"}}],"inLanguage":"az"},{"@type":"Organization","@id":"https:\/\/www.meydan.tv\/az\/#organization","name":"Meydan TV","url":"https:\/\/www.meydan.tv\/az\/","logo":{"@type":"ImageObject","inLanguage":"az","@id":"https:\/\/www.meydan.tv\/az\/#\/schema\/logo\/image\/","url":"https:\/\/www.meydan.tv\/wp-content\/uploads\/2021\/07\/meydan-logo.svg","contentUrl":"https:\/\/www.meydan.tv\/wp-content\/uploads\/2021\/07\/meydan-logo.svg","width":195,"height":46,"caption":"Meydan TV"},"image":{"@id":"https:\/\/www.meydan.tv\/az\/#\/schema\/logo\/image\/"}},{"@type":"Person","@id":"https:\/\/www.meydan.tv\/az\/#\/schema\/person\/10d11eccf6da3662cf5fdab9806ea91a","name":"user-manager"}]}},"_links":{"self":[{"href":"https:\/\/www.meydan.tv\/az\/wp-json\/wp\/v2\/posts\/198128","targetHints":{"allow":["GET"]}}],"collection":[{"href":"https:\/\/www.meydan.tv\/az\/wp-json\/wp\/v2\/posts"}],"about":[{"href":"https:\/\/www.meydan.tv\/az\/wp-json\/wp\/v2\/types\/post"}],"author":[{"embeddable":true,"href":"https:\/\/www.meydan.tv\/az\/wp-json\/wp\/v2\/users\/11"}],"replies":[{"embeddable":true,"href":"https:\/\/www.meydan.tv\/az\/wp-json\/wp\/v2\/comments?post=198128"}],"version-history":[{"count":0,"href":"https:\/\/www.meydan.tv\/az\/wp-json\/wp\/v2\/posts\/198128\/revisions"}],"wp:featuredmedia":[{"embeddable":true,"href":"https:\/\/www.meydan.tv\/az\/wp-json\/wp\/v2\/media\/133695"}],"wp:attachment":[{"href":"https:\/\/www.meydan.tv\/az\/wp-json\/wp\/v2\/media?parent=198128"}],"wp:term":[{"taxonomy":"category","embeddable":true,"href":"https:\/\/www.meydan.tv\/az\/wp-json\/wp\/v2\/categories?post=198128"},{"taxonomy":"post_tag","embeddable":true,"href":"https:\/\/www.meydan.tv\/az\/wp-json\/wp\/v2\/tags?post=198128"}],"curies":[{"name":"wp","href":"https:\/\/api.w.org\/{rel}","templated":true}]}}