{"id":198123,"date":"2019-11-27T11:14:41","date_gmt":"2019-11-27T11:14:41","guid":{"rendered":"https:\/\/www.meydan.tv\/article\/icra-hakimiyyeti-ile-zelzele-bolgesi-uzre-qerargahin-yollarinda-qalmisiq\/"},"modified":"2019-11-27T11:14:41","modified_gmt":"2019-11-27T11:14:41","slug":"icra-hakimiyyeti-ile-zelzele-bolgesi-uzre-qerargahin-yollarinda-qalmisiq","status":"publish","type":"post","link":"https:\/\/www.meydan.tv\/az\/article\/icra-hakimiyyeti-ile-zelzele-bolgesi-uzre-qerargahin-yollarinda-qalmisiq\/","title":{"rendered":"\u201c\u0130cra hakimiyy\u0259ti il\u0259 z\u0259lz\u0259l\u0259 b\u00f6lg\u0259si \u00fczr\u0259 q\u0259rargah\u0131n yollar\u0131nda qalm\u0131\u015f\u0131q\u201d"},"content":{"rendered":"<p>\n  <i><br \/>\n    A\u011fsu sakini z\u0259lz\u0259l\u0259d\u0259n z\u0259r\u0259r g\u00f6rm\u00fc\u015f evini t\u0259mir etm\u0259dikl\u0259rini deyir<br \/>\n  <\/i>\n<\/p>\n<p>\n  \u201c1918-ci ilin mart\u0131nda erm\u0259nil\u0259r A\u011fsuda da q\u0259tliamlar t\u00f6r\u0259dib, evl\u0259ri yand\u0131r\u0131b, insanlar\u0131 \u00f6ld\u00fcr\u00fcbl\u0259r. Bu da erm\u0259nil\u0259rin 101 il \u0259vv\u0259l yand\u0131rd\u0131\u011f\u0131 evl\u0259rd\u0259ndir. R\u0259hm\u0259tlik qay\u0131natam bu evd\u0259 90 il ya\u015fay\u0131b. O, \u0130kinci D\u00fcnya M\u00fcharib\u0259sinin i\u015ftirak\u00e7\u0131s\u0131 olub, \u00e7oxlu sayda medallar\u0131 vard\u0131. \u018flil idi, evi \u0259m\u0259lli-ba\u015fl\u0131 tikm\u0259k imkan\u0131 olmay\u0131b. Sonra da o\u011flu, y\u0259ni m\u0259nim h\u0259yat yolda\u015f\u0131m, g\u0259nc ya\u015flar\u0131nda avtomobil q\u0259zas\u0131 ke\u00e7irdi, aya\u011f\u0131na mil qoyuldu. \u018flq\u0259r\u0259z, vaxt\u0131nda imkan\u0131m\u0131z olmad\u0131 ki, evi yenid\u0259n d\u00fcz-\u0259m\u0259lli in\u015fa ed\u0259k\u201d.\n<\/p>\n<p>\n  A\u011fsu \u015f\u0259h\u0259ri, Heyd\u0259r \u018fliyev k\u00fc\u00e7\u0259si 73 \u00fcnvan\u0131nda ya\u015fayan N\u0259zak\u0259t Abdullayeva Faiq q\u0131z\u0131 Meydan TV-y\u0259 a\u00e7\u0131qlamas\u0131nda bel\u0259 deyir. S\u00f6yl\u0259yir ki, 2019-cu il fevral\u0131n \u0259vv\u0259lind\u0259 ba\u015f ver\u0259n z\u0259lz\u0259l\u0259d\u0259 ya\u015fad\u0131qlar\u0131 evin divarlar\u0131nda d\u0259rin \u00e7atlar yaran\u0131b:\n<\/p>\n<p>\n  \u201cZ\u0259lz\u0259l\u0259d\u0259n sonra evin ne\u00e7\u0259 yeri partlad\u0131. K\u00fcrs\u00fcs\u00fcz tikilidir, ya\u011f\u0131\u015f ya\u011fanda, evin i\u00e7in\u0259 h\u0259m damdan, h\u0259m d\u0259 h\u0259y\u0259td\u0259n su ax\u0131r. A\u011fsu Rayon \u0130cra Hakimiyy\u0259tin\u0259, h\u0259m\u00e7inin F\u00f6vq\u0259lad\u0259 Hallar Nazirliyinin z\u0259lz\u0259l\u0259 b\u00f6lg\u0259si \u00fczr\u0259 q\u0259rargah\u0131na m\u00fcraci\u0259t etdik. Bir d\u0259f\u0259 g\u0259lib bax\u0131blar, iki kis\u0259 sement, bir vedr\u0259 emulsiya qoyub getmi\u015fdil\u0259r. Bir m\u00fcdd\u0259td\u0259n sonra g\u0259lib, qoyduqlar\u0131n\u0131 g\u00f6t\u00fcr\u00fcb bird\u0259f\u0259lik getdil\u0259r. \u018fr-arvad k\u00f6hn\u0259 dam\u0131n alt\u0131nda ya\u015fay\u0131r\u0131q, \u015fikay\u0259timiz\u0259 baxan, maraqlanan yoxdur. Bu ilin mart\u0131ndan bu yana icra hakimiyy\u0259ti il\u0259 z\u0259lz\u0259l\u0259 b\u00f6lg\u0259si \u00fczr\u0259 q\u0259rargah\u0131n yollar\u0131nda qalm\u0131\u015f\u0131q\u201d.\n<\/p>\n<figure class=\"wp-block-image size-large\">\n  <img decoding=\"async\" src=\"https:\/\/www.meydan.tv\/az\/image_from_ios-2-jpg-74\/\" alt=\"image_from_ios (2).jpg\" class=\"wp-image-133656\"\/><figcaption>\n    &#8220;K\u00fcrs\u00fcs\u00fcz tikilidir, ya\u011f\u0131\u015f ya\u011fanda, evin i\u00e7in\u0259 h\u0259m damdan, h\u0259m d\u0259 h\u0259y\u0259td\u0259n su ax\u0131r&#8221;.<br \/>\n  <\/figcaption><\/figure>\n<p>\n  \u015eikay\u0259t\u00e7i s\u00f6yl\u0259yir ki, \u0259n son m\u00fcraci\u0259ti zaman\u0131 evl\u0259rind\u0259 yenid\u0259n bax\u0131\u015f ke\u00e7iril\u0259c\u0259yin\u0259 dair v\u0259d verilib. Amma yen\u0259 d\u0259 he\u00e7 bir n\u0259tic\u0259si olmay\u0131b:\n<\/p>\n<p>\n  \u201cYeni icra ba\u015f\u00e7\u0131s\u0131 Vahid Ta\u011f\u0131yevin q\u0259bulunda olmu\u015fam. O, m\u0259n\u0259 s\u00f6z verdi, dedi ki, F\u00f6vq\u0259lad\u0259 Hallar Nazirliyinin z\u0259lz\u0259l\u0259 b\u00f6lg\u0259si \u00fczr\u0259 q\u0259rargah\u0131na get, s\u0259nin evin\u0259 t\u0259krar bax\u0131\u015f ke\u00e7irib, yenid\u0259n tik\u0259c\u0259kl\u0259r. Getdim, q\u0259rargahda qeydiyyat\u0131m\u0131 apard\u0131lar. Q\u0259rargah r\u0259isi H\u0259s\u0259n Qas\u0131mzad\u0259nin yan\u0131nda oldum, d\u0259rdimi dedim. O da cavab\u0131nda bildirdi ki, arxay\u0131n olun, g\u0259lib, evinizd\u0259 bax\u0131\u015f ke\u00e7ir\u0259c\u0259yik. Noyabr\u0131n 15-d\u0259 g\u0259lm\u0259li idil\u0259r, g\u00f6zl\u0259yir\u0259m, he\u00e7 bir x\u0259b\u0259r-\u0259t\u0259r yoxdur. \u0130cra Hakimiyy\u0259tinin Memarl\u0131q v\u0259 tikinti \u015f\u00f6b\u0259sinin m\u00fcdiri Mir\u0259li Qurbanov \u00f6z\u00fc d\u0259 demi\u015fdi ki, bu ev b\u0259rbad v\u0259ziyy\u0259td\u0259dir.\n<\/p>\n<p>\n  Prezident \u0130lham \u018fliyev indiy\u0259 kimi 7 milyon manat ay\u0131r\u0131b, amma yeddi milyonluq ev tikm\u0259yibl\u0259r. Biz d\u0259 Prezidentimizd\u0259n, Birinci-vitse prezidentd\u0259n xahi\u015f edirik ki, evimiz\u0259 bax\u0131\u015f ke\u00e7irilsin, \u0259dal\u0259ti q\u0259rar verilsin, s\u00f6k\u00fcl\u00fcb yenisi tikilsin. Malikan\u0259si olan adamlara ikinci evi tikirl\u0259r, amma bizim evl\u0259r\u0259 baxan yoxdur\u201d.\n<\/p>\n<p>\n  A\u011fsu Rayon \u0130cra Hakimiyy\u0259tinin \u0130nformasiya t\u0259minat\u0131 v\u0259 t\u0259hlil sektorunun m\u00fcdiri Cavan\u015fir N\u0259sibov Meydan TV-y\u0259 deyib ki, bu ilin \u0259vv\u0259lind\u0259 ba\u015f ver\u0259n z\u0259lz\u0259l\u0259 zaman\u0131 A\u011fsuda q\u0259za v\u0259ziyy\u0259tin\u0259 d\u00fc\u015f\u0259n ev olmay\u0131b:\n<\/p>\n<p>\n  \u201c\u015eamax\u0131 is\u0259 seysmik \u0259razidir, bura il\u0259 aras\u0131nda k\u0259skin f\u0259rq var. Orada ev da\u011f\u0131l\u0131bsa, A\u011fsuda uzaqba\u015f\u0131 divara \u00e7at d\u00fc\u015f\u0259 bil\u0259r. A\u011fsuda 16 min\u0259 q\u0259d\u0259r ev var. Ham\u0131 ist\u0259yir ki, ona havay\u0131 ev tikib versinl\u0259r. Prezident ay\u0131rd\u0131\u011f\u0131 pulla demir ki, A\u011fsuda ya\u015fayan 80 min \u0259halinin ham\u0131s\u0131 yeni m\u0259nzil\u0259 k\u00f6\u00e7s\u00fcn.\n<\/p>\n<figure class=\"wp-block-image size-large\">\n  <img decoding=\"async\" src=\"https:\/\/www.meydan.tv\/az\/image_from_ios-4-jpg-85\/\" alt=\"image_from_ios (4).jpg\" class=\"wp-image-133659\"\/><figcaption>\n    &#8220;\u0130cra Hakimiyy\u0259tinin Memarl\u0131q v\u0259 tikinti \u015f\u00f6b\u0259sinin m\u00fcdiri Mir\u0259li Qurbanov \u00f6z\u00fc d\u0259 demi\u015fdi ki, bu ev b\u0259rbad v\u0259ziyy\u0259td\u0259dir&#8221;<br \/>\n  <\/figcaption><\/figure>\n<p>\n  \u0130cra Hakimiyy\u0259tinin \u0259lav\u0259 fondu yoxdur ki, kim\u0259s\u0259 ev tiksin. \u018flimizd\u0259n g\u0259l\u0259ni etm\u0259y\u0259 \u00e7al\u0131\u015f\u0131r\u0131q, amma camaat he\u00e7 c\u00fcr ba\u015fa d\u00fc\u015fm\u0259k ist\u0259mir. \u00c7al\u0131\u015f\u0131rlar ki, n\u0259s\u0259 qopars\u0131nlar. Evinin divar\u0131 \u00e7atlay\u0131b, deyirs\u0259n ki, yax\u015f\u0131, al, bu 50-100 manat\u0131 \u00e7at\u0131 doldur. Deyir ki, yox, filank\u0259s\u0259 m\u0259nzil tikmisiz, m\u0259n\u0259 d\u0259 ev ist\u0259yir\u0259m. A\u011fsuda \u00e7ox v\u0259t\u0259nda\u015f bel, lom g\u00f6t\u00fcr\u00fcb evini da\u011f\u0131td\u0131 ki, guya z\u0259lz\u0259l\u0259d\u0259 olub. M\u0259n raz\u0131yam, 50-60 il \u00f6nc\u0259 tikil\u0259n k\u00f6hn\u0259 evl\u0259r var. Amma bunu z\u0259lz\u0259l\u0259 il\u0259 \u0259laq\u0259l\u0259ndirm\u0259k d\u00fczg\u00fcn deyil. \u00dcmumiyy\u0259tl\u0259, k\u0259rpic evl\u0259r\u0259 z\u0259lz\u0259l\u0259 zaman\u0131 he\u00e7 bir ziyan d\u0259ymir. Da\u015f evd\u0259 \u00e7atlar yarana bil\u0259r, k\u0259rpicd\u0259 is\u0259 \u0259ksin\u0259, birl\u0259\u015fm\u0259 gedir\u201d.\n<\/p>\n<p>\n  A\u011fsu Rayon \u0130cra Hakimiyy\u0259tinin Memarl\u0131q v\u0259 in\u015faat \u015f\u00f6b\u0259sinin m\u00fcdiri Mir\u0259li Qurbanov bundan \u00f6nc\u0259 Meydan TV-y\u0259 bildirmi\u015fdi ki, rayon \u00fczr\u0259 \u00fcmumilikd\u0259 2104 evin t\u0259mir, b\u0259rpa v\u0259 tikintisi n\u0259z\u0259rd\u0259 tutulub. \u0130ndiy\u0259d\u0259k 642 ev haz\u0131r olaraq t\u0259hvil verilib. Onun t\u0259xminl\u0259rin\u0259 g\u00f6r\u0259, tikinti i\u015fl\u0259ri g\u0259l\u0259n ilin sonlar\u0131na kimi davam etdiril\u0259c\u0259k.\n<\/p>\n<p>\n  \u00d6lk\u0259 ba\u015f\u00e7\u0131s\u0131n\u0131n s\u0259r\u0259ncam\u0131na \u0259sas\u0259n, indiy\u0259d\u0259k d\u00f6vl\u0259t b\u00fcdc\u0259sind\u0259n t\u0259bii f\u0259lak\u0259td\u0259n z\u0259r\u0259r g\u00f6rm\u00fc\u015f rayonlara \u00fcmumilikd\u0259 7 milyon manat ayr\u0131l\u0131b.\n<\/p>\n<figure class=\"wp-block-image size-large\">\n  <img decoding=\"async\" src=\"https:\/\/www.meydan.tv\/az\/image_from_ios-3-jpg-38\/\" alt=\"image_from_ios (3).jpg\" class=\"wp-image-133665\"\/><figcaption>\n    &#8220;Evinin divar\u0131 \u00e7atlay\u0131b, deyirs\u0259n ki, yax\u015f\u0131, al, bu 50-100 manat\u0131 \u00e7at\u0131 doldur&#8221;<br \/>\n  <\/figcaption><\/figure>\n","protected":false},"excerpt":{"rendered":"<p>&#8220;Noyabr\u0131n 15-d\u0259 g\u0259lm\u0259li idil\u0259r, g\u00f6zl\u0259yir\u0259m, he\u00e7 bir x\u0259b\u0259r-\u0259t\u0259r yoxdur&#8221;<\/p>\n","protected":false},"author":11,"featured_media":133662,"comment_status":"closed","ping_status":"open","sticky":false,"template":"","format":"standard","meta":{"_acf_changed":false,"_sitemap_exclude":false,"_sitemap_priority":"","_sitemap_frequency":"","footnotes":""},"categories":[60],"tags":[],"class_list":["post-198123","post","type-post","status-publish","format-standard","has-post-thumbnail","hentry","category-bolge","infinite-scroll-item","generate-columns","tablet-grid-50","mobile-grid-100","grid-parent","grid-33","no-featured-image-padding"],"acf":[],"yoast_head":"<!-- This site is optimized with the Yoast SEO plugin v27.5 - https:\/\/yoast.com\/product\/yoast-seo-wordpress\/ -->\n<title>\u201c\u0130cra hakimiyy\u0259ti il\u0259 z\u0259lz\u0259l\u0259 b\u00f6lg\u0259si \u00fczr\u0259 q\u0259rargah\u0131n yollar\u0131nda qalm\u0131\u015f\u0131q\u201d - MEYDAN.TV<\/title>\n<meta name=\"robots\" content=\"index, follow, max-snippet:-1, max-image-preview:large, max-video-preview:-1\" \/>\n<link rel=\"canonical\" href=\"https:\/\/www.meydan.tv\/az\/article\/icra-hakimiyyeti-ile-zelzele-bolgesi-uzre-qerargahin-yollarinda-qalmisiq\/\" \/>\n<meta property=\"og:locale\" content=\"az_AZ\" \/>\n<meta property=\"og:type\" content=\"article\" \/>\n<meta property=\"og:title\" content=\"\u201c\u0130cra hakimiyy\u0259ti il\u0259 z\u0259lz\u0259l\u0259 b\u00f6lg\u0259si \u00fczr\u0259 q\u0259rargah\u0131n yollar\u0131nda qalm\u0131\u015f\u0131q\u201d - MEYDAN.TV\" \/>\n<meta property=\"og:description\" content=\"&quot;Noyabr\u0131n 15-d\u0259 g\u0259lm\u0259li idil\u0259r, g\u00f6zl\u0259yir\u0259m, he\u00e7 bir x\u0259b\u0259r-\u0259t\u0259r yoxdur&quot;\" \/>\n<meta property=\"og:url\" content=\"https:\/\/www.meydan.tv\/az\/article\/icra-hakimiyyeti-ile-zelzele-bolgesi-uzre-qerargahin-yollarinda-qalmisiq\/\" \/>\n<meta property=\"og:site_name\" content=\"MEYDAN.TV\" \/>\n<meta property=\"article:published_time\" content=\"2019-11-27T11:14:41+00:00\" \/>\n<meta property=\"og:image\" content=\"https:\/\/www.meydan.tv\/wp-content\/uploads\/image_from_ios_5_ielll1e.jpg\" \/>\n\t<meta property=\"og:image:width\" content=\"960\" \/>\n\t<meta property=\"og:image:height\" content=\"720\" \/>\n\t<meta property=\"og:image:type\" content=\"image\/jpeg\" \/>\n<meta name=\"author\" content=\"user-manager\" \/>\n<meta name=\"twitter:card\" content=\"summary_large_image\" \/>\n<script type=\"application\/ld+json\" class=\"yoast-schema-graph\">{\"@context\":\"https:\\\/\\\/schema.org\",\"@graph\":[{\"@type\":\"Article\",\"@id\":\"https:\\\/\\\/www.meydan.tv\\\/az\\\/article\\\/icra-hakimiyyeti-ile-zelzele-bolgesi-uzre-qerargahin-yollarinda-qalmisiq\\\/#article\",\"isPartOf\":{\"@id\":\"https:\\\/\\\/www.meydan.tv\\\/az\\\/article\\\/icra-hakimiyyeti-ile-zelzele-bolgesi-uzre-qerargahin-yollarinda-qalmisiq\\\/\"},\"author\":{\"name\":\"user-manager\",\"@id\":\"https:\\\/\\\/www.meydan.tv\\\/az\\\/#\\\/schema\\\/person\\\/10d11eccf6da3662cf5fdab9806ea91a\"},\"headline\":\"\u201c\u0130cra hakimiyy\u0259ti il\u0259 z\u0259lz\u0259l\u0259 b\u00f6lg\u0259si \u00fczr\u0259 q\u0259rargah\u0131n yollar\u0131nda qalm\u0131\u015f\u0131q\u201d\",\"datePublished\":\"2019-11-27T11:14:41+00:00\",\"mainEntityOfPage\":{\"@id\":\"https:\\\/\\\/www.meydan.tv\\\/az\\\/article\\\/icra-hakimiyyeti-ile-zelzele-bolgesi-uzre-qerargahin-yollarinda-qalmisiq\\\/\"},\"wordCount\":1012,\"publisher\":{\"@id\":\"https:\\\/\\\/www.meydan.tv\\\/az\\\/#organization\"},\"image\":{\"@id\":\"https:\\\/\\\/www.meydan.tv\\\/az\\\/article\\\/icra-hakimiyyeti-ile-zelzele-bolgesi-uzre-qerargahin-yollarinda-qalmisiq\\\/#primaryimage\"},\"thumbnailUrl\":\"https:\\\/\\\/www.meydan.tv\\\/wp-content\\\/uploads\\\/image_from_ios_5_ielll1e.jpg\",\"articleSection\":[\"B\u00f6lg\u0259\"],\"inLanguage\":\"az\"},{\"@type\":\"WebPage\",\"@id\":\"https:\\\/\\\/www.meydan.tv\\\/az\\\/article\\\/icra-hakimiyyeti-ile-zelzele-bolgesi-uzre-qerargahin-yollarinda-qalmisiq\\\/\",\"url\":\"https:\\\/\\\/www.meydan.tv\\\/az\\\/article\\\/icra-hakimiyyeti-ile-zelzele-bolgesi-uzre-qerargahin-yollarinda-qalmisiq\\\/\",\"name\":\"\u201c\u0130cra hakimiyy\u0259ti il\u0259 z\u0259lz\u0259l\u0259 b\u00f6lg\u0259si \u00fczr\u0259 q\u0259rargah\u0131n yollar\u0131nda qalm\u0131\u015f\u0131q\u201d - MEYDAN.TV\",\"isPartOf\":{\"@id\":\"https:\\\/\\\/www.meydan.tv\\\/az\\\/#website\"},\"primaryImageOfPage\":{\"@id\":\"https:\\\/\\\/www.meydan.tv\\\/az\\\/article\\\/icra-hakimiyyeti-ile-zelzele-bolgesi-uzre-qerargahin-yollarinda-qalmisiq\\\/#primaryimage\"},\"image\":{\"@id\":\"https:\\\/\\\/www.meydan.tv\\\/az\\\/article\\\/icra-hakimiyyeti-ile-zelzele-bolgesi-uzre-qerargahin-yollarinda-qalmisiq\\\/#primaryimage\"},\"thumbnailUrl\":\"https:\\\/\\\/www.meydan.tv\\\/wp-content\\\/uploads\\\/image_from_ios_5_ielll1e.jpg\",\"datePublished\":\"2019-11-27T11:14:41+00:00\",\"breadcrumb\":{\"@id\":\"https:\\\/\\\/www.meydan.tv\\\/az\\\/article\\\/icra-hakimiyyeti-ile-zelzele-bolgesi-uzre-qerargahin-yollarinda-qalmisiq\\\/#breadcrumb\"},\"inLanguage\":\"az\",\"potentialAction\":[{\"@type\":\"ReadAction\",\"target\":[\"https:\\\/\\\/www.meydan.tv\\\/az\\\/article\\\/icra-hakimiyyeti-ile-zelzele-bolgesi-uzre-qerargahin-yollarinda-qalmisiq\\\/\"]}]},{\"@type\":\"ImageObject\",\"inLanguage\":\"az\",\"@id\":\"https:\\\/\\\/www.meydan.tv\\\/az\\\/article\\\/icra-hakimiyyeti-ile-zelzele-bolgesi-uzre-qerargahin-yollarinda-qalmisiq\\\/#primaryimage\",\"url\":\"https:\\\/\\\/www.meydan.tv\\\/wp-content\\\/uploads\\\/image_from_ios_5_ielll1e.jpg\",\"contentUrl\":\"https:\\\/\\\/www.meydan.tv\\\/wp-content\\\/uploads\\\/image_from_ios_5_ielll1e.jpg\",\"width\":960,\"height\":720,\"caption\":\"Source: Specify Source\"},{\"@type\":\"BreadcrumbList\",\"@id\":\"https:\\\/\\\/www.meydan.tv\\\/az\\\/article\\\/icra-hakimiyyeti-ile-zelzele-bolgesi-uzre-qerargahin-yollarinda-qalmisiq\\\/#breadcrumb\",\"itemListElement\":[{\"@type\":\"ListItem\",\"position\":1,\"name\":\"Ana s\u0259hif\u0259\",\"item\":\"https:\\\/\\\/www.meydan.tv\\\/az\\\/\"},{\"@type\":\"ListItem\",\"position\":2,\"name\":\"B\u00f6lg\u0259\",\"item\":\"https:\\\/\\\/www.meydan.tv\\\/az\\\/section\\\/bolge\\\/\"},{\"@type\":\"ListItem\",\"position\":3,\"name\":\"\u201c\u0130cra hakimiyy\u0259ti il\u0259 z\u0259lz\u0259l\u0259 b\u00f6lg\u0259si \u00fczr\u0259 q\u0259rargah\u0131n yollar\u0131nda qalm\u0131\u015f\u0131q\u201d\"}]},{\"@type\":\"WebSite\",\"@id\":\"https:\\\/\\\/www.meydan.tv\\\/az\\\/#website\",\"url\":\"https:\\\/\\\/www.meydan.tv\\\/az\\\/\",\"name\":\"MEYDAN.TV\",\"description\":\"Meydan TV Az\u0259rbaycan\u0131n media m\u0259kan\u0131ndak\u0131 alternativ s\u0259sidir\",\"publisher\":{\"@id\":\"https:\\\/\\\/www.meydan.tv\\\/az\\\/#organization\"},\"potentialAction\":[{\"@type\":\"SearchAction\",\"target\":{\"@type\":\"EntryPoint\",\"urlTemplate\":\"https:\\\/\\\/www.meydan.tv\\\/az\\\/?s={search_term_string}\"},\"query-input\":{\"@type\":\"PropertyValueSpecification\",\"valueRequired\":true,\"valueName\":\"search_term_string\"}}],\"inLanguage\":\"az\"},{\"@type\":\"Organization\",\"@id\":\"https:\\\/\\\/www.meydan.tv\\\/az\\\/#organization\",\"name\":\"Meydan TV\",\"url\":\"https:\\\/\\\/www.meydan.tv\\\/az\\\/\",\"logo\":{\"@type\":\"ImageObject\",\"inLanguage\":\"az\",\"@id\":\"https:\\\/\\\/www.meydan.tv\\\/az\\\/#\\\/schema\\\/logo\\\/image\\\/\",\"url\":\"https:\\\/\\\/www.meydan.tv\\\/wp-content\\\/uploads\\\/2021\\\/07\\\/meydan-logo.svg\",\"contentUrl\":\"https:\\\/\\\/www.meydan.tv\\\/wp-content\\\/uploads\\\/2021\\\/07\\\/meydan-logo.svg\",\"width\":195,\"height\":46,\"caption\":\"Meydan TV\"},\"image\":{\"@id\":\"https:\\\/\\\/www.meydan.tv\\\/az\\\/#\\\/schema\\\/logo\\\/image\\\/\"}},{\"@type\":\"Person\",\"@id\":\"https:\\\/\\\/www.meydan.tv\\\/az\\\/#\\\/schema\\\/person\\\/10d11eccf6da3662cf5fdab9806ea91a\",\"name\":\"user-manager\"}]}<\/script>\n<!-- \/ Yoast SEO plugin. -->","yoast_head_json":{"title":"\u201c\u0130cra hakimiyy\u0259ti il\u0259 z\u0259lz\u0259l\u0259 b\u00f6lg\u0259si \u00fczr\u0259 q\u0259rargah\u0131n yollar\u0131nda qalm\u0131\u015f\u0131q\u201d - MEYDAN.TV","robots":{"index":"index","follow":"follow","max-snippet":"max-snippet:-1","max-image-preview":"max-image-preview:large","max-video-preview":"max-video-preview:-1"},"canonical":"https:\/\/www.meydan.tv\/az\/article\/icra-hakimiyyeti-ile-zelzele-bolgesi-uzre-qerargahin-yollarinda-qalmisiq\/","og_locale":"az_AZ","og_type":"article","og_title":"\u201c\u0130cra hakimiyy\u0259ti il\u0259 z\u0259lz\u0259l\u0259 b\u00f6lg\u0259si \u00fczr\u0259 q\u0259rargah\u0131n yollar\u0131nda qalm\u0131\u015f\u0131q\u201d - MEYDAN.TV","og_description":"\"Noyabr\u0131n 15-d\u0259 g\u0259lm\u0259li idil\u0259r, g\u00f6zl\u0259yir\u0259m, he\u00e7 bir x\u0259b\u0259r-\u0259t\u0259r yoxdur\"","og_url":"https:\/\/www.meydan.tv\/az\/article\/icra-hakimiyyeti-ile-zelzele-bolgesi-uzre-qerargahin-yollarinda-qalmisiq\/","og_site_name":"MEYDAN.TV","article_published_time":"2019-11-27T11:14:41+00:00","og_image":[{"width":960,"height":720,"url":"https:\/\/www.meydan.tv\/wp-content\/uploads\/image_from_ios_5_ielll1e.jpg","type":"image\/jpeg"}],"author":"user-manager","twitter_card":"summary_large_image","schema":{"@context":"https:\/\/schema.org","@graph":[{"@type":"Article","@id":"https:\/\/www.meydan.tv\/az\/article\/icra-hakimiyyeti-ile-zelzele-bolgesi-uzre-qerargahin-yollarinda-qalmisiq\/#article","isPartOf":{"@id":"https:\/\/www.meydan.tv\/az\/article\/icra-hakimiyyeti-ile-zelzele-bolgesi-uzre-qerargahin-yollarinda-qalmisiq\/"},"author":{"name":"user-manager","@id":"https:\/\/www.meydan.tv\/az\/#\/schema\/person\/10d11eccf6da3662cf5fdab9806ea91a"},"headline":"\u201c\u0130cra hakimiyy\u0259ti il\u0259 z\u0259lz\u0259l\u0259 b\u00f6lg\u0259si \u00fczr\u0259 q\u0259rargah\u0131n yollar\u0131nda qalm\u0131\u015f\u0131q\u201d","datePublished":"2019-11-27T11:14:41+00:00","mainEntityOfPage":{"@id":"https:\/\/www.meydan.tv\/az\/article\/icra-hakimiyyeti-ile-zelzele-bolgesi-uzre-qerargahin-yollarinda-qalmisiq\/"},"wordCount":1012,"publisher":{"@id":"https:\/\/www.meydan.tv\/az\/#organization"},"image":{"@id":"https:\/\/www.meydan.tv\/az\/article\/icra-hakimiyyeti-ile-zelzele-bolgesi-uzre-qerargahin-yollarinda-qalmisiq\/#primaryimage"},"thumbnailUrl":"https:\/\/www.meydan.tv\/wp-content\/uploads\/image_from_ios_5_ielll1e.jpg","articleSection":["B\u00f6lg\u0259"],"inLanguage":"az"},{"@type":"WebPage","@id":"https:\/\/www.meydan.tv\/az\/article\/icra-hakimiyyeti-ile-zelzele-bolgesi-uzre-qerargahin-yollarinda-qalmisiq\/","url":"https:\/\/www.meydan.tv\/az\/article\/icra-hakimiyyeti-ile-zelzele-bolgesi-uzre-qerargahin-yollarinda-qalmisiq\/","name":"\u201c\u0130cra hakimiyy\u0259ti il\u0259 z\u0259lz\u0259l\u0259 b\u00f6lg\u0259si \u00fczr\u0259 q\u0259rargah\u0131n yollar\u0131nda qalm\u0131\u015f\u0131q\u201d - MEYDAN.TV","isPartOf":{"@id":"https:\/\/www.meydan.tv\/az\/#website"},"primaryImageOfPage":{"@id":"https:\/\/www.meydan.tv\/az\/article\/icra-hakimiyyeti-ile-zelzele-bolgesi-uzre-qerargahin-yollarinda-qalmisiq\/#primaryimage"},"image":{"@id":"https:\/\/www.meydan.tv\/az\/article\/icra-hakimiyyeti-ile-zelzele-bolgesi-uzre-qerargahin-yollarinda-qalmisiq\/#primaryimage"},"thumbnailUrl":"https:\/\/www.meydan.tv\/wp-content\/uploads\/image_from_ios_5_ielll1e.jpg","datePublished":"2019-11-27T11:14:41+00:00","breadcrumb":{"@id":"https:\/\/www.meydan.tv\/az\/article\/icra-hakimiyyeti-ile-zelzele-bolgesi-uzre-qerargahin-yollarinda-qalmisiq\/#breadcrumb"},"inLanguage":"az","potentialAction":[{"@type":"ReadAction","target":["https:\/\/www.meydan.tv\/az\/article\/icra-hakimiyyeti-ile-zelzele-bolgesi-uzre-qerargahin-yollarinda-qalmisiq\/"]}]},{"@type":"ImageObject","inLanguage":"az","@id":"https:\/\/www.meydan.tv\/az\/article\/icra-hakimiyyeti-ile-zelzele-bolgesi-uzre-qerargahin-yollarinda-qalmisiq\/#primaryimage","url":"https:\/\/www.meydan.tv\/wp-content\/uploads\/image_from_ios_5_ielll1e.jpg","contentUrl":"https:\/\/www.meydan.tv\/wp-content\/uploads\/image_from_ios_5_ielll1e.jpg","width":960,"height":720,"caption":"Source: Specify Source"},{"@type":"BreadcrumbList","@id":"https:\/\/www.meydan.tv\/az\/article\/icra-hakimiyyeti-ile-zelzele-bolgesi-uzre-qerargahin-yollarinda-qalmisiq\/#breadcrumb","itemListElement":[{"@type":"ListItem","position":1,"name":"Ana s\u0259hif\u0259","item":"https:\/\/www.meydan.tv\/az\/"},{"@type":"ListItem","position":2,"name":"B\u00f6lg\u0259","item":"https:\/\/www.meydan.tv\/az\/section\/bolge\/"},{"@type":"ListItem","position":3,"name":"\u201c\u0130cra hakimiyy\u0259ti il\u0259 z\u0259lz\u0259l\u0259 b\u00f6lg\u0259si \u00fczr\u0259 q\u0259rargah\u0131n yollar\u0131nda qalm\u0131\u015f\u0131q\u201d"}]},{"@type":"WebSite","@id":"https:\/\/www.meydan.tv\/az\/#website","url":"https:\/\/www.meydan.tv\/az\/","name":"MEYDAN.TV","description":"Meydan TV Az\u0259rbaycan\u0131n media m\u0259kan\u0131ndak\u0131 alternativ s\u0259sidir","publisher":{"@id":"https:\/\/www.meydan.tv\/az\/#organization"},"potentialAction":[{"@type":"SearchAction","target":{"@type":"EntryPoint","urlTemplate":"https:\/\/www.meydan.tv\/az\/?s={search_term_string}"},"query-input":{"@type":"PropertyValueSpecification","valueRequired":true,"valueName":"search_term_string"}}],"inLanguage":"az"},{"@type":"Organization","@id":"https:\/\/www.meydan.tv\/az\/#organization","name":"Meydan TV","url":"https:\/\/www.meydan.tv\/az\/","logo":{"@type":"ImageObject","inLanguage":"az","@id":"https:\/\/www.meydan.tv\/az\/#\/schema\/logo\/image\/","url":"https:\/\/www.meydan.tv\/wp-content\/uploads\/2021\/07\/meydan-logo.svg","contentUrl":"https:\/\/www.meydan.tv\/wp-content\/uploads\/2021\/07\/meydan-logo.svg","width":195,"height":46,"caption":"Meydan TV"},"image":{"@id":"https:\/\/www.meydan.tv\/az\/#\/schema\/logo\/image\/"}},{"@type":"Person","@id":"https:\/\/www.meydan.tv\/az\/#\/schema\/person\/10d11eccf6da3662cf5fdab9806ea91a","name":"user-manager"}]}},"_links":{"self":[{"href":"https:\/\/www.meydan.tv\/az\/wp-json\/wp\/v2\/posts\/198123","targetHints":{"allow":["GET"]}}],"collection":[{"href":"https:\/\/www.meydan.tv\/az\/wp-json\/wp\/v2\/posts"}],"about":[{"href":"https:\/\/www.meydan.tv\/az\/wp-json\/wp\/v2\/types\/post"}],"author":[{"embeddable":true,"href":"https:\/\/www.meydan.tv\/az\/wp-json\/wp\/v2\/users\/11"}],"replies":[{"embeddable":true,"href":"https:\/\/www.meydan.tv\/az\/wp-json\/wp\/v2\/comments?post=198123"}],"version-history":[{"count":0,"href":"https:\/\/www.meydan.tv\/az\/wp-json\/wp\/v2\/posts\/198123\/revisions"}],"wp:featuredmedia":[{"embeddable":true,"href":"https:\/\/www.meydan.tv\/az\/wp-json\/wp\/v2\/media\/133662"}],"wp:attachment":[{"href":"https:\/\/www.meydan.tv\/az\/wp-json\/wp\/v2\/media?parent=198123"}],"wp:term":[{"taxonomy":"category","embeddable":true,"href":"https:\/\/www.meydan.tv\/az\/wp-json\/wp\/v2\/categories?post=198123"},{"taxonomy":"post_tag","embeddable":true,"href":"https:\/\/www.meydan.tv\/az\/wp-json\/wp\/v2\/tags?post=198123"}],"curies":[{"name":"wp","href":"https:\/\/api.w.org\/{rel}","templated":true}]}}