{"id":198118,"date":"2019-11-26T20:40:52","date_gmt":"2019-11-26T20:40:52","guid":{"rendered":"https:\/\/www.meydan.tv\/article\/qalizianin-qetli-bas-nazirin-aparat-rehberi-istefa-verib\/"},"modified":"2019-11-26T20:40:52","modified_gmt":"2019-11-26T20:40:52","slug":"qalizianin-qetli-bas-nazirin-aparat-rehberi-istefa-verib","status":"publish","type":"post","link":"https:\/\/www.meydan.tv\/az\/article\/qalizianin-qetli-bas-nazirin-aparat-rehberi-istefa-verib\/","title":{"rendered":"Qalizian\u0131n q\u0259tli: Ba\u015f nazirin aparat r\u0259hb\u0259ri istefa verib"},"content":{"rendered":"<p>\n  <i><br \/>\n    Kembri m\u00fcnasib\u0259t bildirm\u0259yib, ancaq m\u0259tbuatda qeyd edilir ki, o, bu add\u0131m\u0131 polis\u0259 k\u00f6m\u0259k etm\u0259k m\u0259qs\u0259diyl\u0259 at\u0131b<br \/>\n  <\/i>\n<\/p>\n<p>\n  Maltan\u0131n Ba\u015f naziri Cozef Muskat (Joseph Muscat) deyir ki, onun aparat r\u0259hb\u0259ri Ki\u00e7 Kembri (Keith Schembri) jurnalist Dafne Qalizian\u0131n (Daphne Caruana Galizia) \u00f6ld\u00fcr\u00fclm\u0259si il\u0259 \u0259laq\u0259dar polis istintaq\u0131 davam etdiyi \u00fc\u00e7\u00fcn v\u0259zif\u0259sind\u0259n gedib.\n<\/p>\n<p>\n  Kembri m\u00fcnasib\u0259t bildirm\u0259yib, ancaq m\u0259tbuatda qeyd edilir ki, o, bu add\u0131m\u0131 polis\u0259 k\u00f6m\u0259k etm\u0259k m\u0259qs\u0259diyl\u0259 at\u0131b.\n<\/p>\n<p>\n  Dafnenin istintaq\u0131 ke\u00e7\u0259n h\u0259ft\u0259d\u0259n etibar\u0259n intensiv hal al\u0131b. \u0130nstintaq\u0131n t\u0259rkib hiss\u0259si olaraq maltal\u0131 i\u015f adam\u0131 Yorqen Fenek (Yorgen Fenech) h\u0259bs edilib.\n<\/p>\n<p>\n  Cinay\u0259td\u0259 \u015f\u00fcbh\u0259li bilin\u0259n vasit\u0259\u00e7i is\u0259 prezident t\u0259r\u0259find\u0259n \u0259fv olunub.\n<\/p>\n<p>\n  Muskat parlamentd\u0259 bildirib ki, \u015f\u00fcbh\u0259li bilin\u0259n Melvin Toymaya (Theuma) q\u0259tl haqq\u0131nda m\u0259lumat payla\u015fd\u0131\u011f\u0131 \u00fc\u00e7\u00fcn toxunulmazl\u0131q h\u00fcquq verilib. Malta x\u0259b\u0259rl\u0259rind\u0259 qeyd edilir ki, onun \u0259lind\u0259 \u00f6l\u00fcm hadis\u0259siyl\u0259 ba\u011fl\u0131 s\u0259s yaz\u0131lar\u0131 var.\n<\/p>\n<p>\n  Ba\u015f nazir \u00e7\u0259r\u015f\u0259nb\u0259 ax\u015fam\u0131 sabiq aparat r\u0259hb\u0259rinin istintaqa c\u0259lb edilm\u0259si v\u0259 bu sor\u011funun n\u0259 il\u0259 \u0259laq\u0259dar ola bil\u0259c\u0259yi bar\u0259d\u0259 spekulyasiya etm\u0259y\u0259c\u0259yini bildirib.\n<\/p>\n<p>\n  T\u0259hqiqat\u00e7\u0131 jurnalist Dafne Qalizia 2017-ci ilin oktyabr ay\u0131nda korrupsiya il\u0259 ba\u011fl\u0131 ara\u015fd\u0131rmalar\u0131ndan sonra avtomobild\u0259 partlad\u0131laraq \u00f6ld\u00fcr\u00fcl\u00fcb.\n<\/p>\n<p>\n  O, yaz\u0131lar\u0131nda Fenek\u0259 m\u0259xsus \u201c17 Black\u201d adl\u0131 \u015firk\u0259tin y\u00fcks\u0259k r\u00fctb\u0259li siyas\u0259t\u00e7il\u0259rl\u0259 ba\u011fl\u0131 oldu\u011funu bildirmi\u015fdi. Son bloqunda Dafne Kembri haqq\u0131nda da yazm\u0131\u015fd\u0131.\n<\/p>\n<p>\n  Fenekin d\u0259 m\u0259lumat qar\u015f\u0131l\u0131\u011f\u0131nda \u0259fv ist\u0259diyi bildirilir. Onun yaxtas\u0131nda h\u0259bs edildikd\u0259n sonra x\u0259st\u0259xanada m\u00fcalic\u0259y\u0259 al\u0131nd\u0131\u011f\u0131 qeyd olunur.\n<\/p>\n<p>\n  Q\u0259tlin h\u0259yata ke\u00e7irilm\u0259sind\u0259 indiy\u0259d\u0259k \u00fc\u00e7 n\u0259f\u0259r ittiham olunub.\n<\/p>\n<p>\n  Ke\u00e7\u0259n h\u0259ft\u0259 Fenekin h\u0259bsind\u0259n sonra Vallettada parlament binas\u0131 qar\u015f\u0131s\u0131nda topla\u015fan k\u00fctl\u0259 Muskat\u0131n istefas\u0131n\u0131 t\u0259l\u0259b edib. Bazar ert\u0259si g\u00fcn\u00fc etirazlar davam edib v\u0259 t\u0259l\u0259b\u0259l\u0259r \u00e7\u0259r\u015f\u0259nb\u0259 ax\u015fam\u0131 yeni n\u00fcmayi\u015fl\u0259r\u0259 \u00e7a\u011f\u0131r\u0131\u015f edibl\u0259r.\n<\/p>\n<p>\n  Malta m\u0259tbuat\u0131n\u0131n verdiyi m\u0259lumata g\u00f6r\u0259, Ba\u015f nazir \u00e7\u0259r\u015f\u0259nb\u0259 ax\u015fam\u0131 deyib ki, parlament qrupunun iclas\u0131nda ona yekdillikl\u0259 d\u0259st\u0259k ifad\u0259 edilib.\n<\/p>\n<p>\n  Kembrinin \u201cPanama s\u0259n\u0259dl\u0259ri\u201d adl\u0131 ara\u015fd\u0131rmada ad\u0131 ke\u00e7ir v\u0259 Qalizia onun v\u0259 nazir Konrad Mizzinin gizli \u015firk\u0259tl\u0259rd\u0259n faydaland\u0131\u011f\u0131n\u0131 iddia etmi\u015fdi.\n<\/p>\n<p>\n  Kembri v\u0259 turizm naziri deyil\u0259nl\u0259ri inkar edib. \u0130stefa edib- etm\u0259y\u0259c\u0259yini soru\u015fan jurnalistl\u0259r\u0259 Mizzi \u00e7\u0259r\u015f\u0259nb\u0259 ax\u015fam\u0131 g\u00fcn\u00fc h\u00f6kum\u0259t iclas\u0131ndan sonra a\u00e7\u0131qlama ver\u0259c\u0259yini bildirib.\n<\/p>\n<p>\n  Malta i\u015f c\u0259miyy\u0259ti deyib ki, davam ed\u0259n istintaq \u00f6lk\u0259y\u0259 vurulmu\u015f z\u0259r\u0259rin h\u0259cmini ortaya qoya bilib.\n<\/p>\n<p>\n  Ticar\u0259t Palatas\u0131 b\u0259yanat\u0131nda bildirib ki, istintaq n\u0259tic\u0259sind\u0259 cinay\u0259t f\u0259aliyy\u0259tinin iqtidar dair\u0259l\u0259rin\u0259 n\u0259 d\u0259r\u0259c\u0259d\u0259 daxil oldu\u011fu ayd\u0131n olub.<\/p>\n","protected":false},"excerpt":{"rendered":"<p>Ba\u015f nazir \u00e7\u0259r\u015f\u0259nb\u0259 ax\u015fam\u0131 sabiq aparat r\u0259hb\u0259rinin istintaqa c\u0259lb edilm\u0259si v\u0259 bu sor\u011funun n\u0259 il\u0259 \u0259laq\u0259dar ola bil\u0259c\u0259yi bar\u0259d\u0259 spekulyasiya etm\u0259y\u0259c\u0259yini bildirib.<\/p>\n","protected":false},"author":11,"featured_media":133644,"comment_status":"closed","ping_status":"open","sticky":false,"template":"","format":"standard","meta":{"_acf_changed":false,"_sitemap_exclude":false,"_sitemap_priority":"","_sitemap_frequency":"","footnotes":""},"categories":[64],"tags":[],"class_list":["post-198118","post","type-post","status-publish","format-standard","has-post-thumbnail","hentry","category-dunya","infinite-scroll-item","generate-columns","tablet-grid-50","mobile-grid-100","grid-parent","grid-33","no-featured-image-padding"],"acf":[],"yoast_head":"<!-- This site is optimized with the Yoast SEO plugin v27.5 - https:\/\/yoast.com\/product\/yoast-seo-wordpress\/ -->\n<title>Qalizian\u0131n q\u0259tli: Ba\u015f nazirin aparat r\u0259hb\u0259ri istefa verib - MEYDAN.TV<\/title>\n<meta name=\"robots\" content=\"index, follow, max-snippet:-1, max-image-preview:large, max-video-preview:-1\" \/>\n<link rel=\"canonical\" href=\"https:\/\/www.meydan.tv\/az\/article\/qalizianin-qetli-bas-nazirin-aparat-rehberi-istefa-verib\/\" \/>\n<meta property=\"og:locale\" content=\"az_AZ\" \/>\n<meta property=\"og:type\" content=\"article\" \/>\n<meta property=\"og:title\" content=\"Qalizian\u0131n q\u0259tli: Ba\u015f nazirin aparat r\u0259hb\u0259ri istefa verib - MEYDAN.TV\" \/>\n<meta property=\"og:description\" content=\"Ba\u015f nazir \u00e7\u0259r\u015f\u0259nb\u0259 ax\u015fam\u0131 sabiq aparat r\u0259hb\u0259rinin istintaqa c\u0259lb edilm\u0259si v\u0259 bu sor\u011funun n\u0259 il\u0259 \u0259laq\u0259dar ola bil\u0259c\u0259yi bar\u0259d\u0259 spekulyasiya etm\u0259y\u0259c\u0259yini bildirib.\" \/>\n<meta property=\"og:url\" content=\"https:\/\/www.meydan.tv\/az\/article\/qalizianin-qetli-bas-nazirin-aparat-rehberi-istefa-verib\/\" \/>\n<meta property=\"og:site_name\" content=\"MEYDAN.TV\" \/>\n<meta property=\"article:published_time\" content=\"2019-11-26T20:40:52+00:00\" \/>\n<meta property=\"og:image\" content=\"https:\/\/www.meydan.tv\/wp-content\/uploads\/untitled-design-2019-11-26t113202.610-1024x576-1.jpg\" \/>\n\t<meta property=\"og:image:width\" content=\"1024\" \/>\n\t<meta property=\"og:image:height\" content=\"576\" \/>\n\t<meta property=\"og:image:type\" content=\"image\/jpeg\" \/>\n<meta name=\"author\" content=\"user-manager\" \/>\n<meta name=\"twitter:card\" content=\"summary_large_image\" \/>\n<script type=\"application\/ld+json\" class=\"yoast-schema-graph\">{\"@context\":\"https:\\\/\\\/schema.org\",\"@graph\":[{\"@type\":\"Article\",\"@id\":\"https:\\\/\\\/www.meydan.tv\\\/az\\\/article\\\/qalizianin-qetli-bas-nazirin-aparat-rehberi-istefa-verib\\\/#article\",\"isPartOf\":{\"@id\":\"https:\\\/\\\/www.meydan.tv\\\/az\\\/article\\\/qalizianin-qetli-bas-nazirin-aparat-rehberi-istefa-verib\\\/\"},\"author\":{\"name\":\"user-manager\",\"@id\":\"https:\\\/\\\/www.meydan.tv\\\/az\\\/#\\\/schema\\\/person\\\/10d11eccf6da3662cf5fdab9806ea91a\"},\"headline\":\"Qalizian\u0131n q\u0259tli: Ba\u015f nazirin aparat r\u0259hb\u0259ri istefa verib\",\"datePublished\":\"2019-11-26T20:40:52+00:00\",\"mainEntityOfPage\":{\"@id\":\"https:\\\/\\\/www.meydan.tv\\\/az\\\/article\\\/qalizianin-qetli-bas-nazirin-aparat-rehberi-istefa-verib\\\/\"},\"wordCount\":549,\"publisher\":{\"@id\":\"https:\\\/\\\/www.meydan.tv\\\/az\\\/#organization\"},\"image\":{\"@id\":\"https:\\\/\\\/www.meydan.tv\\\/az\\\/article\\\/qalizianin-qetli-bas-nazirin-aparat-rehberi-istefa-verib\\\/#primaryimage\"},\"thumbnailUrl\":\"https:\\\/\\\/www.meydan.tv\\\/wp-content\\\/uploads\\\/untitled-design-2019-11-26t113202.610-1024x576-1.jpg\",\"articleSection\":[\"D\u00fcnya\"],\"inLanguage\":\"az\"},{\"@type\":\"WebPage\",\"@id\":\"https:\\\/\\\/www.meydan.tv\\\/az\\\/article\\\/qalizianin-qetli-bas-nazirin-aparat-rehberi-istefa-verib\\\/\",\"url\":\"https:\\\/\\\/www.meydan.tv\\\/az\\\/article\\\/qalizianin-qetli-bas-nazirin-aparat-rehberi-istefa-verib\\\/\",\"name\":\"Qalizian\u0131n q\u0259tli: Ba\u015f nazirin aparat r\u0259hb\u0259ri istefa verib - MEYDAN.TV\",\"isPartOf\":{\"@id\":\"https:\\\/\\\/www.meydan.tv\\\/az\\\/#website\"},\"primaryImageOfPage\":{\"@id\":\"https:\\\/\\\/www.meydan.tv\\\/az\\\/article\\\/qalizianin-qetli-bas-nazirin-aparat-rehberi-istefa-verib\\\/#primaryimage\"},\"image\":{\"@id\":\"https:\\\/\\\/www.meydan.tv\\\/az\\\/article\\\/qalizianin-qetli-bas-nazirin-aparat-rehberi-istefa-verib\\\/#primaryimage\"},\"thumbnailUrl\":\"https:\\\/\\\/www.meydan.tv\\\/wp-content\\\/uploads\\\/untitled-design-2019-11-26t113202.610-1024x576-1.jpg\",\"datePublished\":\"2019-11-26T20:40:52+00:00\",\"breadcrumb\":{\"@id\":\"https:\\\/\\\/www.meydan.tv\\\/az\\\/article\\\/qalizianin-qetli-bas-nazirin-aparat-rehberi-istefa-verib\\\/#breadcrumb\"},\"inLanguage\":\"az\",\"potentialAction\":[{\"@type\":\"ReadAction\",\"target\":[\"https:\\\/\\\/www.meydan.tv\\\/az\\\/article\\\/qalizianin-qetli-bas-nazirin-aparat-rehberi-istefa-verib\\\/\"]}]},{\"@type\":\"ImageObject\",\"inLanguage\":\"az\",\"@id\":\"https:\\\/\\\/www.meydan.tv\\\/az\\\/article\\\/qalizianin-qetli-bas-nazirin-aparat-rehberi-istefa-verib\\\/#primaryimage\",\"url\":\"https:\\\/\\\/www.meydan.tv\\\/wp-content\\\/uploads\\\/untitled-design-2019-11-26t113202.610-1024x576-1.jpg\",\"contentUrl\":\"https:\\\/\\\/www.meydan.tv\\\/wp-content\\\/uploads\\\/untitled-design-2019-11-26t113202.610-1024x576-1.jpg\",\"width\":1024,\"height\":576,\"caption\":\"Source: Foto: arxiv\"},{\"@type\":\"BreadcrumbList\",\"@id\":\"https:\\\/\\\/www.meydan.tv\\\/az\\\/article\\\/qalizianin-qetli-bas-nazirin-aparat-rehberi-istefa-verib\\\/#breadcrumb\",\"itemListElement\":[{\"@type\":\"ListItem\",\"position\":1,\"name\":\"Ana s\u0259hif\u0259\",\"item\":\"https:\\\/\\\/www.meydan.tv\\\/az\\\/\"},{\"@type\":\"ListItem\",\"position\":2,\"name\":\"D\u00fcnya\",\"item\":\"https:\\\/\\\/www.meydan.tv\\\/az\\\/section\\\/dunya\\\/\"},{\"@type\":\"ListItem\",\"position\":3,\"name\":\"Qalizian\u0131n q\u0259tli: Ba\u015f nazirin aparat r\u0259hb\u0259ri istefa verib\"}]},{\"@type\":\"WebSite\",\"@id\":\"https:\\\/\\\/www.meydan.tv\\\/az\\\/#website\",\"url\":\"https:\\\/\\\/www.meydan.tv\\\/az\\\/\",\"name\":\"MEYDAN.TV\",\"description\":\"Meydan TV Az\u0259rbaycan\u0131n media m\u0259kan\u0131ndak\u0131 alternativ s\u0259sidir\",\"publisher\":{\"@id\":\"https:\\\/\\\/www.meydan.tv\\\/az\\\/#organization\"},\"potentialAction\":[{\"@type\":\"SearchAction\",\"target\":{\"@type\":\"EntryPoint\",\"urlTemplate\":\"https:\\\/\\\/www.meydan.tv\\\/az\\\/?s={search_term_string}\"},\"query-input\":{\"@type\":\"PropertyValueSpecification\",\"valueRequired\":true,\"valueName\":\"search_term_string\"}}],\"inLanguage\":\"az\"},{\"@type\":\"Organization\",\"@id\":\"https:\\\/\\\/www.meydan.tv\\\/az\\\/#organization\",\"name\":\"Meydan TV\",\"url\":\"https:\\\/\\\/www.meydan.tv\\\/az\\\/\",\"logo\":{\"@type\":\"ImageObject\",\"inLanguage\":\"az\",\"@id\":\"https:\\\/\\\/www.meydan.tv\\\/az\\\/#\\\/schema\\\/logo\\\/image\\\/\",\"url\":\"https:\\\/\\\/www.meydan.tv\\\/wp-content\\\/uploads\\\/2021\\\/07\\\/meydan-logo.svg\",\"contentUrl\":\"https:\\\/\\\/www.meydan.tv\\\/wp-content\\\/uploads\\\/2021\\\/07\\\/meydan-logo.svg\",\"width\":195,\"height\":46,\"caption\":\"Meydan TV\"},\"image\":{\"@id\":\"https:\\\/\\\/www.meydan.tv\\\/az\\\/#\\\/schema\\\/logo\\\/image\\\/\"}},{\"@type\":\"Person\",\"@id\":\"https:\\\/\\\/www.meydan.tv\\\/az\\\/#\\\/schema\\\/person\\\/10d11eccf6da3662cf5fdab9806ea91a\",\"name\":\"user-manager\"}]}<\/script>\n<!-- \/ Yoast SEO plugin. -->","yoast_head_json":{"title":"Qalizian\u0131n q\u0259tli: Ba\u015f nazirin aparat r\u0259hb\u0259ri istefa verib - MEYDAN.TV","robots":{"index":"index","follow":"follow","max-snippet":"max-snippet:-1","max-image-preview":"max-image-preview:large","max-video-preview":"max-video-preview:-1"},"canonical":"https:\/\/www.meydan.tv\/az\/article\/qalizianin-qetli-bas-nazirin-aparat-rehberi-istefa-verib\/","og_locale":"az_AZ","og_type":"article","og_title":"Qalizian\u0131n q\u0259tli: Ba\u015f nazirin aparat r\u0259hb\u0259ri istefa verib - MEYDAN.TV","og_description":"Ba\u015f nazir \u00e7\u0259r\u015f\u0259nb\u0259 ax\u015fam\u0131 sabiq aparat r\u0259hb\u0259rinin istintaqa c\u0259lb edilm\u0259si v\u0259 bu sor\u011funun n\u0259 il\u0259 \u0259laq\u0259dar ola bil\u0259c\u0259yi bar\u0259d\u0259 spekulyasiya etm\u0259y\u0259c\u0259yini bildirib.","og_url":"https:\/\/www.meydan.tv\/az\/article\/qalizianin-qetli-bas-nazirin-aparat-rehberi-istefa-verib\/","og_site_name":"MEYDAN.TV","article_published_time":"2019-11-26T20:40:52+00:00","og_image":[{"width":1024,"height":576,"url":"https:\/\/www.meydan.tv\/wp-content\/uploads\/untitled-design-2019-11-26t113202.610-1024x576-1.jpg","type":"image\/jpeg"}],"author":"user-manager","twitter_card":"summary_large_image","schema":{"@context":"https:\/\/schema.org","@graph":[{"@type":"Article","@id":"https:\/\/www.meydan.tv\/az\/article\/qalizianin-qetli-bas-nazirin-aparat-rehberi-istefa-verib\/#article","isPartOf":{"@id":"https:\/\/www.meydan.tv\/az\/article\/qalizianin-qetli-bas-nazirin-aparat-rehberi-istefa-verib\/"},"author":{"name":"user-manager","@id":"https:\/\/www.meydan.tv\/az\/#\/schema\/person\/10d11eccf6da3662cf5fdab9806ea91a"},"headline":"Qalizian\u0131n q\u0259tli: Ba\u015f nazirin aparat r\u0259hb\u0259ri istefa verib","datePublished":"2019-11-26T20:40:52+00:00","mainEntityOfPage":{"@id":"https:\/\/www.meydan.tv\/az\/article\/qalizianin-qetli-bas-nazirin-aparat-rehberi-istefa-verib\/"},"wordCount":549,"publisher":{"@id":"https:\/\/www.meydan.tv\/az\/#organization"},"image":{"@id":"https:\/\/www.meydan.tv\/az\/article\/qalizianin-qetli-bas-nazirin-aparat-rehberi-istefa-verib\/#primaryimage"},"thumbnailUrl":"https:\/\/www.meydan.tv\/wp-content\/uploads\/untitled-design-2019-11-26t113202.610-1024x576-1.jpg","articleSection":["D\u00fcnya"],"inLanguage":"az"},{"@type":"WebPage","@id":"https:\/\/www.meydan.tv\/az\/article\/qalizianin-qetli-bas-nazirin-aparat-rehberi-istefa-verib\/","url":"https:\/\/www.meydan.tv\/az\/article\/qalizianin-qetli-bas-nazirin-aparat-rehberi-istefa-verib\/","name":"Qalizian\u0131n q\u0259tli: Ba\u015f nazirin aparat r\u0259hb\u0259ri istefa verib - MEYDAN.TV","isPartOf":{"@id":"https:\/\/www.meydan.tv\/az\/#website"},"primaryImageOfPage":{"@id":"https:\/\/www.meydan.tv\/az\/article\/qalizianin-qetli-bas-nazirin-aparat-rehberi-istefa-verib\/#primaryimage"},"image":{"@id":"https:\/\/www.meydan.tv\/az\/article\/qalizianin-qetli-bas-nazirin-aparat-rehberi-istefa-verib\/#primaryimage"},"thumbnailUrl":"https:\/\/www.meydan.tv\/wp-content\/uploads\/untitled-design-2019-11-26t113202.610-1024x576-1.jpg","datePublished":"2019-11-26T20:40:52+00:00","breadcrumb":{"@id":"https:\/\/www.meydan.tv\/az\/article\/qalizianin-qetli-bas-nazirin-aparat-rehberi-istefa-verib\/#breadcrumb"},"inLanguage":"az","potentialAction":[{"@type":"ReadAction","target":["https:\/\/www.meydan.tv\/az\/article\/qalizianin-qetli-bas-nazirin-aparat-rehberi-istefa-verib\/"]}]},{"@type":"ImageObject","inLanguage":"az","@id":"https:\/\/www.meydan.tv\/az\/article\/qalizianin-qetli-bas-nazirin-aparat-rehberi-istefa-verib\/#primaryimage","url":"https:\/\/www.meydan.tv\/wp-content\/uploads\/untitled-design-2019-11-26t113202.610-1024x576-1.jpg","contentUrl":"https:\/\/www.meydan.tv\/wp-content\/uploads\/untitled-design-2019-11-26t113202.610-1024x576-1.jpg","width":1024,"height":576,"caption":"Source: Foto: arxiv"},{"@type":"BreadcrumbList","@id":"https:\/\/www.meydan.tv\/az\/article\/qalizianin-qetli-bas-nazirin-aparat-rehberi-istefa-verib\/#breadcrumb","itemListElement":[{"@type":"ListItem","position":1,"name":"Ana s\u0259hif\u0259","item":"https:\/\/www.meydan.tv\/az\/"},{"@type":"ListItem","position":2,"name":"D\u00fcnya","item":"https:\/\/www.meydan.tv\/az\/section\/dunya\/"},{"@type":"ListItem","position":3,"name":"Qalizian\u0131n q\u0259tli: Ba\u015f nazirin aparat r\u0259hb\u0259ri istefa verib"}]},{"@type":"WebSite","@id":"https:\/\/www.meydan.tv\/az\/#website","url":"https:\/\/www.meydan.tv\/az\/","name":"MEYDAN.TV","description":"Meydan TV Az\u0259rbaycan\u0131n media m\u0259kan\u0131ndak\u0131 alternativ s\u0259sidir","publisher":{"@id":"https:\/\/www.meydan.tv\/az\/#organization"},"potentialAction":[{"@type":"SearchAction","target":{"@type":"EntryPoint","urlTemplate":"https:\/\/www.meydan.tv\/az\/?s={search_term_string}"},"query-input":{"@type":"PropertyValueSpecification","valueRequired":true,"valueName":"search_term_string"}}],"inLanguage":"az"},{"@type":"Organization","@id":"https:\/\/www.meydan.tv\/az\/#organization","name":"Meydan TV","url":"https:\/\/www.meydan.tv\/az\/","logo":{"@type":"ImageObject","inLanguage":"az","@id":"https:\/\/www.meydan.tv\/az\/#\/schema\/logo\/image\/","url":"https:\/\/www.meydan.tv\/wp-content\/uploads\/2021\/07\/meydan-logo.svg","contentUrl":"https:\/\/www.meydan.tv\/wp-content\/uploads\/2021\/07\/meydan-logo.svg","width":195,"height":46,"caption":"Meydan TV"},"image":{"@id":"https:\/\/www.meydan.tv\/az\/#\/schema\/logo\/image\/"}},{"@type":"Person","@id":"https:\/\/www.meydan.tv\/az\/#\/schema\/person\/10d11eccf6da3662cf5fdab9806ea91a","name":"user-manager"}]}},"_links":{"self":[{"href":"https:\/\/www.meydan.tv\/az\/wp-json\/wp\/v2\/posts\/198118","targetHints":{"allow":["GET"]}}],"collection":[{"href":"https:\/\/www.meydan.tv\/az\/wp-json\/wp\/v2\/posts"}],"about":[{"href":"https:\/\/www.meydan.tv\/az\/wp-json\/wp\/v2\/types\/post"}],"author":[{"embeddable":true,"href":"https:\/\/www.meydan.tv\/az\/wp-json\/wp\/v2\/users\/11"}],"replies":[{"embeddable":true,"href":"https:\/\/www.meydan.tv\/az\/wp-json\/wp\/v2\/comments?post=198118"}],"version-history":[{"count":0,"href":"https:\/\/www.meydan.tv\/az\/wp-json\/wp\/v2\/posts\/198118\/revisions"}],"wp:featuredmedia":[{"embeddable":true,"href":"https:\/\/www.meydan.tv\/az\/wp-json\/wp\/v2\/media\/133644"}],"wp:attachment":[{"href":"https:\/\/www.meydan.tv\/az\/wp-json\/wp\/v2\/media?parent=198118"}],"wp:term":[{"taxonomy":"category","embeddable":true,"href":"https:\/\/www.meydan.tv\/az\/wp-json\/wp\/v2\/categories?post=198118"},{"taxonomy":"post_tag","embeddable":true,"href":"https:\/\/www.meydan.tv\/az\/wp-json\/wp\/v2\/tags?post=198118"}],"curies":[{"name":"wp","href":"https:\/\/api.w.org\/{rel}","templated":true}]}}