{"id":198116,"date":"2019-11-26T15:18:39","date_gmt":"2019-11-26T15:18:39","guid":{"rendered":"https:\/\/www.meydan.tv\/article\/drezdende-xezineyle-dolu-muzey-qaret-edilib\/"},"modified":"2019-11-26T15:18:39","modified_gmt":"2019-11-26T15:18:39","slug":"drezdende-xezineyle-dolu-muzey-qaret-edilib","status":"publish","type":"post","link":"https:\/\/www.meydan.tv\/az\/article\/drezdende-xezineyle-dolu-muzey-qaret-edilib\/","title":{"rendered":"Drezdend\u0259 x\u0259zin\u0259yl\u0259 dolu muzey qar\u0259t edilib"},"content":{"rendered":"<p>\n  <i><br \/>\n    Polis o\u011furlanm\u0131\u015f \u0259s\u0259rl\u0259r bar\u0259d\u0259 h\u0259l\u0259 m\u0259lumat verm\u0259yib<br \/>\n  <\/i>\n<\/p>\n<p>\n  Almaniyan\u0131n Drezden \u015f\u0259h\u0259rind\u0259ki Qr\u00fcnes Qev\u00f6lbe (Gr\u00fcnes Gew\u00f6lbe) muzeyind\u0259 o\u011fruluq hadis\u0259si ba\u015f verib, &#8211; DW x\u0259b\u0259r verir.\n<\/p>\n<p>\n  Muzey Avropan\u0131n \u0259n q\u0259dim v\u0259 \u0259n b\u00f6y\u00fck x\u0259zin\u0259l\u0259rind\u0259n biridir.\n<\/p>\n<p>\n  Bazar ert\u0259si s\u0259h\u0259r Almaniyan\u0131n Drezdend\u0259ki Qr\u00fcnez Qev\u00f6lbe muzeyin\u0259 o\u011fru girib.\n<\/p>\n<p>\n  Avropan\u0131n \u0259n q\u0259dim v\u0259 \u0259n b\u00f6y\u00fck x\u0259zin\u0259l\u0259rind\u0259n biri olan muzey\u0259 gir\u0259n o\u011frular\u0131n tarixi hiss\u0259ni h\u0259d\u0259f ald\u0131qlar\u0131 qeyd edilir. Polis o\u011furlanm\u0131\u015f \u0259s\u0259rl\u0259r bar\u0259d\u0259 h\u0259l\u0259 m\u0259lumat verm\u0259yib.\n<\/p>\n<p>\n  \u201cBild\u201d q\u0259zeti yaz\u0131r ki, muzeyin elektrik enerjisi o\u011frular girm\u0259d\u0259n \u0259vv\u0259l t\u0259xribata u\u011fray\u0131b. Muzey\u0259 elektrik enerjisi ver\u0259n \u015firk\u0259t hadis\u0259ni t\u0259sdiql\u0259yib, lakin iki hadis\u0259 aras\u0131nda \u0259laq\u0259nin ara\u015fd\u0131r\u0131ld\u0131\u011f\u0131 qeyd edilib.\n<\/p>\n<p>\n  \u201cBild\u201d o\u011frular\u0131n zin\u0259t \u0259\u015fyalar\u0131 o\u011furlad\u0131qlar\u0131n\u0131 v\u0259 ki\u00e7ik bir p\u0259nc\u0259r\u0259d\u0259n muzey\u0259 girdikl\u0259rini qeyd edib.\n<\/p>\n<p>\n  Saksoniya polisi hadis\u0259ni \u00f6z tviter hesab\u0131ndan elan edib v\u0259 qeyd edib ki, hadis\u0259 yerini ara\u015fd\u0131r\u0131rlar.\n<\/p>\n<p>\n  \u201cYaln\u0131z s\u0259n\u0259t kolleksiyas\u0131 deyil, saksonlar qar\u0259t edilib\u201d, &#8211; Saksoniya \u0259yal\u0259tinin Ba\u015f naziri Mi\u015fel Kre\u00e7mer (Michael Kretschmer) hadis\u0259 yerin\u0259 ba\u015f \u00e7\u0259kdikd\u0259n sonra qeyd edib.\n<\/p>\n<p>\n  Muzeyd\u0259ki \u0259s\u0259rl\u0259r 1723-1730 ill\u0259ri aras\u0131nda Sakson G\u00fccl\u00fc Avqust d\u00f6vr\u00fcnd\u0259 toplan\u0131b. Muzeyin \u0259n qiym\u0259tli \u0259\u015fyalar\u0131ndan biri olan 41 karatl\u0131q ya\u015f\u0131l almaz haz\u0131rda Nyu-Yorkdak\u0131 Metropolitan \u0130nc\u0259s\u0259n\u0259t Muzeyind\u0259 n\u00fcmayi\u015f edilir.\n<\/p>\n<p>\n  Muzeyin 10 salonunda 3000-\u0259 yax\u0131n zin\u0259t \u0259\u015fyalar\u0131, q\u0131z\u0131l, g\u00fcm\u00fc\u015f, qiym\u0259tli da\u015flar v\u0259 dig\u0259r qiym\u0259tli materiallar n\u00fcmayi\u015f etdirilir.\n<\/p>\n<p>\n  \u0130kinci D\u00fcnya M\u00fcharib\u0259si zaman\u0131 yarars\u0131z olmu\u015f bina sonradan b\u0259rpa edilib. 2006-c\u0131 ild\u0259 yenid\u0259n a\u00e7\u0131lan bina turistl\u0259r t\u0259r\u0259find\u0259n s\u0131x ziyar\u0259t edilir.<\/p>\n","protected":false},"excerpt":{"rendered":"<p>Muzeyin 10 salonunda 3000-\u0259 yax\u0131n zin\u0259t \u0259\u015fyalar\u0131, q\u0131z\u0131l, g\u00fcm\u00fc\u015f, qiym\u0259tli da\u015flar v\u0259 dig\u0259r qiym\u0259tli materiallar n\u00fcmayi\u015f etdirilir.<\/p>\n","protected":false},"author":11,"featured_media":133641,"comment_status":"closed","ping_status":"open","sticky":false,"template":"","format":"standard","meta":{"_acf_changed":false,"_sitemap_exclude":false,"_sitemap_priority":"","_sitemap_frequency":"","footnotes":""},"categories":[64],"tags":[],"class_list":["post-198116","post","type-post","status-publish","format-standard","has-post-thumbnail","hentry","category-dunya","infinite-scroll-item","generate-columns","tablet-grid-50","mobile-grid-100","grid-parent","grid-33","no-featured-image-padding"],"acf":[],"yoast_head":"<!-- This site is optimized with the Yoast SEO plugin v27.5 - https:\/\/yoast.com\/product\/yoast-seo-wordpress\/ -->\n<title>Drezdend\u0259 x\u0259zin\u0259yl\u0259 dolu muzey qar\u0259t edilib - MEYDAN.TV<\/title>\n<meta name=\"robots\" content=\"index, follow, max-snippet:-1, max-image-preview:large, max-video-preview:-1\" \/>\n<link rel=\"canonical\" href=\"https:\/\/www.meydan.tv\/az\/article\/drezdende-xezineyle-dolu-muzey-qaret-edilib\/\" \/>\n<meta property=\"og:locale\" content=\"az_AZ\" \/>\n<meta property=\"og:type\" content=\"article\" \/>\n<meta property=\"og:title\" content=\"Drezdend\u0259 x\u0259zin\u0259yl\u0259 dolu muzey qar\u0259t edilib - MEYDAN.TV\" \/>\n<meta property=\"og:description\" content=\"Muzeyin 10 salonunda 3000-\u0259 yax\u0131n zin\u0259t \u0259\u015fyalar\u0131, q\u0131z\u0131l, g\u00fcm\u00fc\u015f, qiym\u0259tli da\u015flar v\u0259 dig\u0259r qiym\u0259tli materiallar n\u00fcmayi\u015f etdirilir.\" \/>\n<meta property=\"og:url\" content=\"https:\/\/www.meydan.tv\/az\/article\/drezdende-xezineyle-dolu-muzey-qaret-edilib\/\" \/>\n<meta property=\"og:site_name\" content=\"MEYDAN.TV\" \/>\n<meta property=\"article:published_time\" content=\"2019-11-26T15:18:39+00:00\" \/>\n<meta property=\"og:image\" content=\"https:\/\/www.meydan.tv\/wp-content\/uploads\/51397735_403.jpg\" \/>\n\t<meta property=\"og:image:width\" content=\"940\" \/>\n\t<meta property=\"og:image:height\" content=\"529\" \/>\n\t<meta property=\"og:image:type\" content=\"image\/jpeg\" \/>\n<meta name=\"author\" content=\"user-manager\" \/>\n<meta name=\"twitter:card\" content=\"summary_large_image\" \/>\n<script type=\"application\/ld+json\" class=\"yoast-schema-graph\">{\"@context\":\"https:\\\/\\\/schema.org\",\"@graph\":[{\"@type\":\"Article\",\"@id\":\"https:\\\/\\\/www.meydan.tv\\\/az\\\/article\\\/drezdende-xezineyle-dolu-muzey-qaret-edilib\\\/#article\",\"isPartOf\":{\"@id\":\"https:\\\/\\\/www.meydan.tv\\\/az\\\/article\\\/drezdende-xezineyle-dolu-muzey-qaret-edilib\\\/\"},\"author\":{\"name\":\"user-manager\",\"@id\":\"https:\\\/\\\/www.meydan.tv\\\/az\\\/#\\\/schema\\\/person\\\/10d11eccf6da3662cf5fdab9806ea91a\"},\"headline\":\"Drezdend\u0259 x\u0259zin\u0259yl\u0259 dolu muzey qar\u0259t edilib\",\"datePublished\":\"2019-11-26T15:18:39+00:00\",\"mainEntityOfPage\":{\"@id\":\"https:\\\/\\\/www.meydan.tv\\\/az\\\/article\\\/drezdende-xezineyle-dolu-muzey-qaret-edilib\\\/\"},\"wordCount\":357,\"publisher\":{\"@id\":\"https:\\\/\\\/www.meydan.tv\\\/az\\\/#organization\"},\"image\":{\"@id\":\"https:\\\/\\\/www.meydan.tv\\\/az\\\/article\\\/drezdende-xezineyle-dolu-muzey-qaret-edilib\\\/#primaryimage\"},\"thumbnailUrl\":\"https:\\\/\\\/www.meydan.tv\\\/wp-content\\\/uploads\\\/51397735_403.jpg\",\"articleSection\":[\"D\u00fcnya\"],\"inLanguage\":\"az\"},{\"@type\":\"WebPage\",\"@id\":\"https:\\\/\\\/www.meydan.tv\\\/az\\\/article\\\/drezdende-xezineyle-dolu-muzey-qaret-edilib\\\/\",\"url\":\"https:\\\/\\\/www.meydan.tv\\\/az\\\/article\\\/drezdende-xezineyle-dolu-muzey-qaret-edilib\\\/\",\"name\":\"Drezdend\u0259 x\u0259zin\u0259yl\u0259 dolu muzey qar\u0259t edilib - MEYDAN.TV\",\"isPartOf\":{\"@id\":\"https:\\\/\\\/www.meydan.tv\\\/az\\\/#website\"},\"primaryImageOfPage\":{\"@id\":\"https:\\\/\\\/www.meydan.tv\\\/az\\\/article\\\/drezdende-xezineyle-dolu-muzey-qaret-edilib\\\/#primaryimage\"},\"image\":{\"@id\":\"https:\\\/\\\/www.meydan.tv\\\/az\\\/article\\\/drezdende-xezineyle-dolu-muzey-qaret-edilib\\\/#primaryimage\"},\"thumbnailUrl\":\"https:\\\/\\\/www.meydan.tv\\\/wp-content\\\/uploads\\\/51397735_403.jpg\",\"datePublished\":\"2019-11-26T15:18:39+00:00\",\"breadcrumb\":{\"@id\":\"https:\\\/\\\/www.meydan.tv\\\/az\\\/article\\\/drezdende-xezineyle-dolu-muzey-qaret-edilib\\\/#breadcrumb\"},\"inLanguage\":\"az\",\"potentialAction\":[{\"@type\":\"ReadAction\",\"target\":[\"https:\\\/\\\/www.meydan.tv\\\/az\\\/article\\\/drezdende-xezineyle-dolu-muzey-qaret-edilib\\\/\"]}]},{\"@type\":\"ImageObject\",\"inLanguage\":\"az\",\"@id\":\"https:\\\/\\\/www.meydan.tv\\\/az\\\/article\\\/drezdende-xezineyle-dolu-muzey-qaret-edilib\\\/#primaryimage\",\"url\":\"https:\\\/\\\/www.meydan.tv\\\/wp-content\\\/uploads\\\/51397735_403.jpg\",\"contentUrl\":\"https:\\\/\\\/www.meydan.tv\\\/wp-content\\\/uploads\\\/51397735_403.jpg\",\"width\":940,\"height\":529,\"caption\":\"Source: Foto: https:\\\/\\\/www.dw.com\\\/ru\"},{\"@type\":\"BreadcrumbList\",\"@id\":\"https:\\\/\\\/www.meydan.tv\\\/az\\\/article\\\/drezdende-xezineyle-dolu-muzey-qaret-edilib\\\/#breadcrumb\",\"itemListElement\":[{\"@type\":\"ListItem\",\"position\":1,\"name\":\"Ana s\u0259hif\u0259\",\"item\":\"https:\\\/\\\/www.meydan.tv\\\/az\\\/\"},{\"@type\":\"ListItem\",\"position\":2,\"name\":\"D\u00fcnya\",\"item\":\"https:\\\/\\\/www.meydan.tv\\\/az\\\/section\\\/dunya\\\/\"},{\"@type\":\"ListItem\",\"position\":3,\"name\":\"Drezdend\u0259 x\u0259zin\u0259yl\u0259 dolu muzey qar\u0259t edilib\"}]},{\"@type\":\"WebSite\",\"@id\":\"https:\\\/\\\/www.meydan.tv\\\/az\\\/#website\",\"url\":\"https:\\\/\\\/www.meydan.tv\\\/az\\\/\",\"name\":\"MEYDAN.TV\",\"description\":\"Meydan TV Az\u0259rbaycan\u0131n media m\u0259kan\u0131ndak\u0131 alternativ s\u0259sidir\",\"publisher\":{\"@id\":\"https:\\\/\\\/www.meydan.tv\\\/az\\\/#organization\"},\"potentialAction\":[{\"@type\":\"SearchAction\",\"target\":{\"@type\":\"EntryPoint\",\"urlTemplate\":\"https:\\\/\\\/www.meydan.tv\\\/az\\\/?s={search_term_string}\"},\"query-input\":{\"@type\":\"PropertyValueSpecification\",\"valueRequired\":true,\"valueName\":\"search_term_string\"}}],\"inLanguage\":\"az\"},{\"@type\":\"Organization\",\"@id\":\"https:\\\/\\\/www.meydan.tv\\\/az\\\/#organization\",\"name\":\"Meydan TV\",\"url\":\"https:\\\/\\\/www.meydan.tv\\\/az\\\/\",\"logo\":{\"@type\":\"ImageObject\",\"inLanguage\":\"az\",\"@id\":\"https:\\\/\\\/www.meydan.tv\\\/az\\\/#\\\/schema\\\/logo\\\/image\\\/\",\"url\":\"https:\\\/\\\/www.meydan.tv\\\/wp-content\\\/uploads\\\/2021\\\/07\\\/meydan-logo.svg\",\"contentUrl\":\"https:\\\/\\\/www.meydan.tv\\\/wp-content\\\/uploads\\\/2021\\\/07\\\/meydan-logo.svg\",\"width\":195,\"height\":46,\"caption\":\"Meydan TV\"},\"image\":{\"@id\":\"https:\\\/\\\/www.meydan.tv\\\/az\\\/#\\\/schema\\\/logo\\\/image\\\/\"}},{\"@type\":\"Person\",\"@id\":\"https:\\\/\\\/www.meydan.tv\\\/az\\\/#\\\/schema\\\/person\\\/10d11eccf6da3662cf5fdab9806ea91a\",\"name\":\"user-manager\"}]}<\/script>\n<!-- \/ Yoast SEO plugin. -->","yoast_head_json":{"title":"Drezdend\u0259 x\u0259zin\u0259yl\u0259 dolu muzey qar\u0259t edilib - MEYDAN.TV","robots":{"index":"index","follow":"follow","max-snippet":"max-snippet:-1","max-image-preview":"max-image-preview:large","max-video-preview":"max-video-preview:-1"},"canonical":"https:\/\/www.meydan.tv\/az\/article\/drezdende-xezineyle-dolu-muzey-qaret-edilib\/","og_locale":"az_AZ","og_type":"article","og_title":"Drezdend\u0259 x\u0259zin\u0259yl\u0259 dolu muzey qar\u0259t edilib - MEYDAN.TV","og_description":"Muzeyin 10 salonunda 3000-\u0259 yax\u0131n zin\u0259t \u0259\u015fyalar\u0131, q\u0131z\u0131l, g\u00fcm\u00fc\u015f, qiym\u0259tli da\u015flar v\u0259 dig\u0259r qiym\u0259tli materiallar n\u00fcmayi\u015f etdirilir.","og_url":"https:\/\/www.meydan.tv\/az\/article\/drezdende-xezineyle-dolu-muzey-qaret-edilib\/","og_site_name":"MEYDAN.TV","article_published_time":"2019-11-26T15:18:39+00:00","og_image":[{"width":940,"height":529,"url":"https:\/\/www.meydan.tv\/wp-content\/uploads\/51397735_403.jpg","type":"image\/jpeg"}],"author":"user-manager","twitter_card":"summary_large_image","schema":{"@context":"https:\/\/schema.org","@graph":[{"@type":"Article","@id":"https:\/\/www.meydan.tv\/az\/article\/drezdende-xezineyle-dolu-muzey-qaret-edilib\/#article","isPartOf":{"@id":"https:\/\/www.meydan.tv\/az\/article\/drezdende-xezineyle-dolu-muzey-qaret-edilib\/"},"author":{"name":"user-manager","@id":"https:\/\/www.meydan.tv\/az\/#\/schema\/person\/10d11eccf6da3662cf5fdab9806ea91a"},"headline":"Drezdend\u0259 x\u0259zin\u0259yl\u0259 dolu muzey qar\u0259t edilib","datePublished":"2019-11-26T15:18:39+00:00","mainEntityOfPage":{"@id":"https:\/\/www.meydan.tv\/az\/article\/drezdende-xezineyle-dolu-muzey-qaret-edilib\/"},"wordCount":357,"publisher":{"@id":"https:\/\/www.meydan.tv\/az\/#organization"},"image":{"@id":"https:\/\/www.meydan.tv\/az\/article\/drezdende-xezineyle-dolu-muzey-qaret-edilib\/#primaryimage"},"thumbnailUrl":"https:\/\/www.meydan.tv\/wp-content\/uploads\/51397735_403.jpg","articleSection":["D\u00fcnya"],"inLanguage":"az"},{"@type":"WebPage","@id":"https:\/\/www.meydan.tv\/az\/article\/drezdende-xezineyle-dolu-muzey-qaret-edilib\/","url":"https:\/\/www.meydan.tv\/az\/article\/drezdende-xezineyle-dolu-muzey-qaret-edilib\/","name":"Drezdend\u0259 x\u0259zin\u0259yl\u0259 dolu muzey qar\u0259t edilib - MEYDAN.TV","isPartOf":{"@id":"https:\/\/www.meydan.tv\/az\/#website"},"primaryImageOfPage":{"@id":"https:\/\/www.meydan.tv\/az\/article\/drezdende-xezineyle-dolu-muzey-qaret-edilib\/#primaryimage"},"image":{"@id":"https:\/\/www.meydan.tv\/az\/article\/drezdende-xezineyle-dolu-muzey-qaret-edilib\/#primaryimage"},"thumbnailUrl":"https:\/\/www.meydan.tv\/wp-content\/uploads\/51397735_403.jpg","datePublished":"2019-11-26T15:18:39+00:00","breadcrumb":{"@id":"https:\/\/www.meydan.tv\/az\/article\/drezdende-xezineyle-dolu-muzey-qaret-edilib\/#breadcrumb"},"inLanguage":"az","potentialAction":[{"@type":"ReadAction","target":["https:\/\/www.meydan.tv\/az\/article\/drezdende-xezineyle-dolu-muzey-qaret-edilib\/"]}]},{"@type":"ImageObject","inLanguage":"az","@id":"https:\/\/www.meydan.tv\/az\/article\/drezdende-xezineyle-dolu-muzey-qaret-edilib\/#primaryimage","url":"https:\/\/www.meydan.tv\/wp-content\/uploads\/51397735_403.jpg","contentUrl":"https:\/\/www.meydan.tv\/wp-content\/uploads\/51397735_403.jpg","width":940,"height":529,"caption":"Source: Foto: https:\/\/www.dw.com\/ru"},{"@type":"BreadcrumbList","@id":"https:\/\/www.meydan.tv\/az\/article\/drezdende-xezineyle-dolu-muzey-qaret-edilib\/#breadcrumb","itemListElement":[{"@type":"ListItem","position":1,"name":"Ana s\u0259hif\u0259","item":"https:\/\/www.meydan.tv\/az\/"},{"@type":"ListItem","position":2,"name":"D\u00fcnya","item":"https:\/\/www.meydan.tv\/az\/section\/dunya\/"},{"@type":"ListItem","position":3,"name":"Drezdend\u0259 x\u0259zin\u0259yl\u0259 dolu muzey qar\u0259t edilib"}]},{"@type":"WebSite","@id":"https:\/\/www.meydan.tv\/az\/#website","url":"https:\/\/www.meydan.tv\/az\/","name":"MEYDAN.TV","description":"Meydan TV Az\u0259rbaycan\u0131n media m\u0259kan\u0131ndak\u0131 alternativ s\u0259sidir","publisher":{"@id":"https:\/\/www.meydan.tv\/az\/#organization"},"potentialAction":[{"@type":"SearchAction","target":{"@type":"EntryPoint","urlTemplate":"https:\/\/www.meydan.tv\/az\/?s={search_term_string}"},"query-input":{"@type":"PropertyValueSpecification","valueRequired":true,"valueName":"search_term_string"}}],"inLanguage":"az"},{"@type":"Organization","@id":"https:\/\/www.meydan.tv\/az\/#organization","name":"Meydan TV","url":"https:\/\/www.meydan.tv\/az\/","logo":{"@type":"ImageObject","inLanguage":"az","@id":"https:\/\/www.meydan.tv\/az\/#\/schema\/logo\/image\/","url":"https:\/\/www.meydan.tv\/wp-content\/uploads\/2021\/07\/meydan-logo.svg","contentUrl":"https:\/\/www.meydan.tv\/wp-content\/uploads\/2021\/07\/meydan-logo.svg","width":195,"height":46,"caption":"Meydan TV"},"image":{"@id":"https:\/\/www.meydan.tv\/az\/#\/schema\/logo\/image\/"}},{"@type":"Person","@id":"https:\/\/www.meydan.tv\/az\/#\/schema\/person\/10d11eccf6da3662cf5fdab9806ea91a","name":"user-manager"}]}},"_links":{"self":[{"href":"https:\/\/www.meydan.tv\/az\/wp-json\/wp\/v2\/posts\/198116","targetHints":{"allow":["GET"]}}],"collection":[{"href":"https:\/\/www.meydan.tv\/az\/wp-json\/wp\/v2\/posts"}],"about":[{"href":"https:\/\/www.meydan.tv\/az\/wp-json\/wp\/v2\/types\/post"}],"author":[{"embeddable":true,"href":"https:\/\/www.meydan.tv\/az\/wp-json\/wp\/v2\/users\/11"}],"replies":[{"embeddable":true,"href":"https:\/\/www.meydan.tv\/az\/wp-json\/wp\/v2\/comments?post=198116"}],"version-history":[{"count":0,"href":"https:\/\/www.meydan.tv\/az\/wp-json\/wp\/v2\/posts\/198116\/revisions"}],"wp:featuredmedia":[{"embeddable":true,"href":"https:\/\/www.meydan.tv\/az\/wp-json\/wp\/v2\/media\/133641"}],"wp:attachment":[{"href":"https:\/\/www.meydan.tv\/az\/wp-json\/wp\/v2\/media?parent=198116"}],"wp:term":[{"taxonomy":"category","embeddable":true,"href":"https:\/\/www.meydan.tv\/az\/wp-json\/wp\/v2\/categories?post=198116"},{"taxonomy":"post_tag","embeddable":true,"href":"https:\/\/www.meydan.tv\/az\/wp-json\/wp\/v2\/tags?post=198116"}],"curies":[{"name":"wp","href":"https:\/\/api.w.org\/{rel}","templated":true}]}}