{"id":198114,"date":"2019-11-26T15:08:20","date_gmt":"2019-11-26T15:08:20","guid":{"rendered":"https:\/\/www.meydan.tv\/article\/albaniyada-zelzele-13-neferin-olduyu-bildirilir\/"},"modified":"2019-11-26T15:08:20","modified_gmt":"2019-11-26T15:08:20","slug":"albaniyada-zelzele-13-neferin-olduyu-bildirilir","status":"publish","type":"post","link":"https:\/\/www.meydan.tv\/az\/article\/albaniyada-zelzele-13-neferin-olduyu-bildirilir\/","title":{"rendered":"Albaniyada z\u0259lz\u0259l\u0259; 13 n\u0259f\u0259rin \u00f6ld\u00fcy\u00fc bildirilir"},"content":{"rendered":"<p>\n  <i><br \/>\n    Bir ne\u00e7\u0259 saat sonra Bosniyan\u0131n Mostar \u015f\u0259h\u0259rind\u0259 ayr\u0131 bir z\u0259lz\u0259l\u0259 olub<br \/>\n  <\/i>\n<\/p>\n<p>\n  Albaniyada 6.4 bal g\u00fcc\u00fcnd\u0259 z\u0259lz\u0259l\u0259 ba\u015f verib. BBC x\u0259b\u0259r verir ki, binalar\u0131n u\u00e7du\u011fu, insanlar\u0131n da\u011f\u0131nt\u0131lar alt\u0131nda qald\u0131\u011f\u0131 qeyd edilir.\n<\/p>\n<p>\n  \u018fn az 13 n\u0259f\u0259r \u00f6l\u00fcb.\n<\/p>\n<p>\n  \u201cBir n\u0259f\u0259r p\u0259nc\u0259r\u0259d\u0259n \u00f6z\u00fcn\u00fc ataraq \u00f6l\u00fcb\u201d, &#8211; M\u00fcdafi\u0259 Nazirliyinin n\u00fcmay\u0259nd\u0259si qeyd edib.\n<\/p>\n<p>\n  Z\u0259lz\u0259l\u0259 \u00e7\u0259r\u015f\u0259nb\u0259 ax\u015fam\u0131 g\u00fcn\u00fc erk\u0259n saatlarda paytaxt Tiranadan 34 km \u015fimal-q\u0259rbd\u0259 ba\u015f verib.\n<\/p>\n<p>\n  Bir ne\u00e7\u0259 saat sonra Bosniyan\u0131n Mostar \u015f\u0259h\u0259rind\u0259 ayr\u0131 bir z\u0259lz\u0259l\u0259 olub. X\u0259sar\u0259t alanlar bar\u0259d\u0259 m\u0259lumat verilmir.\n<\/p>\n<p>\n  Albaniyan\u0131n Ba\u015f naziri Edi Rama tviterd\u0259 qeyd edib: \u201cBizim qurbanlar\u0131m\u0131z var. Biz t\u0259sir\u0259 m\u0259ruz qalan \u0259razil\u0259rd\u0259 m\u00fcmk\u00fcn olan h\u0259r \u015feyi etm\u0259y\u0259 \u00e7al\u0131\u015f\u0131r\u0131q\u201d.\n<\/p>\n<p>\n  M\u0259kt\u0259bl\u0259rin g\u00fcn \u0259rzind\u0259 ba\u011fl\u0131 olaca\u011f\u0131 bildirilir.\n<\/p>\n<p>\n  T\u0259cili yard\u0131m i\u015f\u00e7il\u0259ri alban medias\u0131na bildiribl\u0259r ki, \u00f6l\u0259nl\u0259rd\u0259n biri n\u0259v\u0259sinin b\u0259d\u0259nini qucaqlayaraq onu xilas ed\u0259 bilmi\u015f ya\u015fl\u0131 qad\u0131nd\u0131r.\n<\/p>\n<p>\n  M\u00fcdafi\u0259 Nazirliyinin s\u00f6zc\u00fcs\u00fc qeyd edib ki, yan\u011f\u0131ns\u00f6nd\u00fcr\u0259nl\u0259rin v\u0259 ordu i\u015f\u00e7il\u0259rinin xilasetm\u0259 i\u015fl\u0259ri apard\u0131q\u0131 Durresd\u0259 da\u011f\u0131nt\u0131lar alt\u0131ndan d\u00f6rd n\u0259f\u0259rin \u00f6l\u00fc b\u0259d\u0259ni a\u015fkar edilib.\n<\/p>\n<p>\n  \u00d6l\u0259nl\u0259rd\u0259n dig\u0259r \u00fc\u00e7 n\u0259f\u0259r Tiranadan 40 km \u015fimal-q\u0259rbd\u0259 v\u0259 episentr\u0259 yax\u0131n olan Thumane \u015f\u0259h\u0259rind\u0259 h\u0259yat\u0131n\u0131 itirib. Daha \u00e7ox insan\u0131n da\u011f\u0131nt\u0131lar alt\u0131nda qalma ehtimal\u0131 var.\n<\/p>\n<p>\n  Eyvandan tullanan dig\u0259r bir ki\u015fi Kurbind\u0259 \u00f6l\u00fcb. Lezhada ba\u015fqa bir n\u0259f\u0259rin \u00f6ld\u00fcy\u00fc qeyd edilir.\n<\/p>\n<p>\n  Avropa-Aral\u0131q d\u0259nizi seysmoloji m\u0259rk\u0259zind\u0259n veril\u0259n m\u0259lumata g\u00f6r\u0259, 5.3 bal g\u00fcc\u00fcnd\u0259 dig\u0259r bir z\u0259lz\u0259l\u0259 d\u0259 ba\u015f verib.\n<\/p>\n<p>\n  Balkanlar seysmik c\u0259h\u0259td\u0259n aktiv \u0259razid\u0259 yerl\u0259\u015fir.\n<\/p>\n<p>\n  \u00c7\u0259r\u015f\u0259nb\u0259 ax\u015fam\u0131 ba\u015f ver\u0259n z\u0259lz\u0259l\u0259 hakimiyy\u0259t t\u0259r\u0259find\u0259n Albaniyan\u0131 on ill\u0259r \u0259rzind\u0259 vuran \u0259n g\u00fccl\u00fc z\u0259lz\u0259l\u0259 kimi xarakteriz\u0259 edilib.\n<\/p>\n<p>\n  1979-cu ild\u0259 Albaniyada 6.9 bal g\u00fcc\u00fcnd\u0259 z\u0259lz\u0259l\u0259 olub. N\u0259tic\u0259d\u0259 136 n\u0259f\u0259r \u00f6l\u00fcb v\u0259 1000-d\u0259n \u00e7ox insan yaralan\u0131b.<\/p>\n","protected":false},"excerpt":{"rendered":"<p>T\u0259cili yard\u0131m i\u015f\u00e7il\u0259ri alban medias\u0131na bildiribl\u0259r ki, \u00f6l\u0259nl\u0259rd\u0259n biri n\u0259v\u0259sinin b\u0259d\u0259nini qucaqlayaraq onu xilas ed\u0259 bilmi\u015f ya\u015fl\u0131 qad\u0131nd\u0131r.<\/p>\n","protected":false},"author":11,"featured_media":133635,"comment_status":"closed","ping_status":"open","sticky":false,"template":"","format":"standard","meta":{"_acf_changed":false,"_sitemap_exclude":false,"_sitemap_priority":"","_sitemap_frequency":"","footnotes":""},"categories":[64],"tags":[],"class_list":["post-198114","post","type-post","status-publish","format-standard","has-post-thumbnail","hentry","category-dunya","infinite-scroll-item","generate-columns","tablet-grid-50","mobile-grid-100","grid-parent","grid-33","no-featured-image-padding"],"acf":[],"yoast_head":"<!-- This site is optimized with the Yoast SEO plugin v27.5 - https:\/\/yoast.com\/product\/yoast-seo-wordpress\/ -->\n<title>Albaniyada z\u0259lz\u0259l\u0259; 13 n\u0259f\u0259rin \u00f6ld\u00fcy\u00fc bildirilir - MEYDAN.TV<\/title>\n<meta name=\"robots\" content=\"index, follow, max-snippet:-1, max-image-preview:large, max-video-preview:-1\" \/>\n<link rel=\"canonical\" href=\"https:\/\/www.meydan.tv\/az\/article\/albaniyada-zelzele-13-neferin-olduyu-bildirilir\/\" \/>\n<meta property=\"og:locale\" content=\"az_AZ\" \/>\n<meta property=\"og:type\" content=\"article\" \/>\n<meta property=\"og:title\" content=\"Albaniyada z\u0259lz\u0259l\u0259; 13 n\u0259f\u0259rin \u00f6ld\u00fcy\u00fc bildirilir - MEYDAN.TV\" \/>\n<meta property=\"og:description\" content=\"T\u0259cili yard\u0131m i\u015f\u00e7il\u0259ri alban medias\u0131na bildiribl\u0259r ki, \u00f6l\u0259nl\u0259rd\u0259n biri n\u0259v\u0259sinin b\u0259d\u0259nini qucaqlayaraq onu xilas ed\u0259 bilmi\u015f ya\u015fl\u0131 qad\u0131nd\u0131r.\" \/>\n<meta property=\"og:url\" content=\"https:\/\/www.meydan.tv\/az\/article\/albaniyada-zelzele-13-neferin-olduyu-bildirilir\/\" \/>\n<meta property=\"og:site_name\" content=\"MEYDAN.TV\" \/>\n<meta property=\"article:published_time\" content=\"2019-11-26T15:08:20+00:00\" \/>\n<meta property=\"og:image\" content=\"https:\/\/www.meydan.tv\/wp-content\/uploads\/755747717153878.jpeg\" \/>\n\t<meta property=\"og:image:width\" content=\"1180\" \/>\n\t<meta property=\"og:image:height\" content=\"730\" \/>\n\t<meta property=\"og:image:type\" content=\"image\/jpeg\" \/>\n<meta name=\"author\" content=\"user-manager\" \/>\n<meta name=\"twitter:card\" content=\"summary_large_image\" \/>\n<script type=\"application\/ld+json\" class=\"yoast-schema-graph\">{\"@context\":\"https:\\\/\\\/schema.org\",\"@graph\":[{\"@type\":\"Article\",\"@id\":\"https:\\\/\\\/www.meydan.tv\\\/az\\\/article\\\/albaniyada-zelzele-13-neferin-olduyu-bildirilir\\\/#article\",\"isPartOf\":{\"@id\":\"https:\\\/\\\/www.meydan.tv\\\/az\\\/article\\\/albaniyada-zelzele-13-neferin-olduyu-bildirilir\\\/\"},\"author\":{\"name\":\"user-manager\",\"@id\":\"https:\\\/\\\/www.meydan.tv\\\/az\\\/#\\\/schema\\\/person\\\/10d11eccf6da3662cf5fdab9806ea91a\"},\"headline\":\"Albaniyada z\u0259lz\u0259l\u0259; 13 n\u0259f\u0259rin \u00f6ld\u00fcy\u00fc bildirilir\",\"datePublished\":\"2019-11-26T15:08:20+00:00\",\"mainEntityOfPage\":{\"@id\":\"https:\\\/\\\/www.meydan.tv\\\/az\\\/article\\\/albaniyada-zelzele-13-neferin-olduyu-bildirilir\\\/\"},\"wordCount\":406,\"publisher\":{\"@id\":\"https:\\\/\\\/www.meydan.tv\\\/az\\\/#organization\"},\"image\":{\"@id\":\"https:\\\/\\\/www.meydan.tv\\\/az\\\/article\\\/albaniyada-zelzele-13-neferin-olduyu-bildirilir\\\/#primaryimage\"},\"thumbnailUrl\":\"https:\\\/\\\/www.meydan.tv\\\/wp-content\\\/uploads\\\/755747717153878.jpeg\",\"articleSection\":[\"D\u00fcnya\"],\"inLanguage\":\"az\"},{\"@type\":\"WebPage\",\"@id\":\"https:\\\/\\\/www.meydan.tv\\\/az\\\/article\\\/albaniyada-zelzele-13-neferin-olduyu-bildirilir\\\/\",\"url\":\"https:\\\/\\\/www.meydan.tv\\\/az\\\/article\\\/albaniyada-zelzele-13-neferin-olduyu-bildirilir\\\/\",\"name\":\"Albaniyada z\u0259lz\u0259l\u0259; 13 n\u0259f\u0259rin \u00f6ld\u00fcy\u00fc bildirilir - MEYDAN.TV\",\"isPartOf\":{\"@id\":\"https:\\\/\\\/www.meydan.tv\\\/az\\\/#website\"},\"primaryImageOfPage\":{\"@id\":\"https:\\\/\\\/www.meydan.tv\\\/az\\\/article\\\/albaniyada-zelzele-13-neferin-olduyu-bildirilir\\\/#primaryimage\"},\"image\":{\"@id\":\"https:\\\/\\\/www.meydan.tv\\\/az\\\/article\\\/albaniyada-zelzele-13-neferin-olduyu-bildirilir\\\/#primaryimage\"},\"thumbnailUrl\":\"https:\\\/\\\/www.meydan.tv\\\/wp-content\\\/uploads\\\/755747717153878.jpeg\",\"datePublished\":\"2019-11-26T15:08:20+00:00\",\"breadcrumb\":{\"@id\":\"https:\\\/\\\/www.meydan.tv\\\/az\\\/article\\\/albaniyada-zelzele-13-neferin-olduyu-bildirilir\\\/#breadcrumb\"},\"inLanguage\":\"az\",\"potentialAction\":[{\"@type\":\"ReadAction\",\"target\":[\"https:\\\/\\\/www.meydan.tv\\\/az\\\/article\\\/albaniyada-zelzele-13-neferin-olduyu-bildirilir\\\/\"]}]},{\"@type\":\"ImageObject\",\"inLanguage\":\"az\",\"@id\":\"https:\\\/\\\/www.meydan.tv\\\/az\\\/article\\\/albaniyada-zelzele-13-neferin-olduyu-bildirilir\\\/#primaryimage\",\"url\":\"https:\\\/\\\/www.meydan.tv\\\/wp-content\\\/uploads\\\/755747717153878.jpeg\",\"contentUrl\":\"https:\\\/\\\/www.meydan.tv\\\/wp-content\\\/uploads\\\/755747717153878.jpeg\",\"width\":1180,\"height\":730,\"caption\":\"Source: Foto: google.ru\"},{\"@type\":\"BreadcrumbList\",\"@id\":\"https:\\\/\\\/www.meydan.tv\\\/az\\\/article\\\/albaniyada-zelzele-13-neferin-olduyu-bildirilir\\\/#breadcrumb\",\"itemListElement\":[{\"@type\":\"ListItem\",\"position\":1,\"name\":\"Ana s\u0259hif\u0259\",\"item\":\"https:\\\/\\\/www.meydan.tv\\\/az\\\/\"},{\"@type\":\"ListItem\",\"position\":2,\"name\":\"D\u00fcnya\",\"item\":\"https:\\\/\\\/www.meydan.tv\\\/az\\\/section\\\/dunya\\\/\"},{\"@type\":\"ListItem\",\"position\":3,\"name\":\"Albaniyada z\u0259lz\u0259l\u0259; 13 n\u0259f\u0259rin \u00f6ld\u00fcy\u00fc bildirilir\"}]},{\"@type\":\"WebSite\",\"@id\":\"https:\\\/\\\/www.meydan.tv\\\/az\\\/#website\",\"url\":\"https:\\\/\\\/www.meydan.tv\\\/az\\\/\",\"name\":\"MEYDAN.TV\",\"description\":\"Meydan TV Az\u0259rbaycan\u0131n media m\u0259kan\u0131ndak\u0131 alternativ s\u0259sidir\",\"publisher\":{\"@id\":\"https:\\\/\\\/www.meydan.tv\\\/az\\\/#organization\"},\"potentialAction\":[{\"@type\":\"SearchAction\",\"target\":{\"@type\":\"EntryPoint\",\"urlTemplate\":\"https:\\\/\\\/www.meydan.tv\\\/az\\\/?s={search_term_string}\"},\"query-input\":{\"@type\":\"PropertyValueSpecification\",\"valueRequired\":true,\"valueName\":\"search_term_string\"}}],\"inLanguage\":\"az\"},{\"@type\":\"Organization\",\"@id\":\"https:\\\/\\\/www.meydan.tv\\\/az\\\/#organization\",\"name\":\"Meydan TV\",\"url\":\"https:\\\/\\\/www.meydan.tv\\\/az\\\/\",\"logo\":{\"@type\":\"ImageObject\",\"inLanguage\":\"az\",\"@id\":\"https:\\\/\\\/www.meydan.tv\\\/az\\\/#\\\/schema\\\/logo\\\/image\\\/\",\"url\":\"https:\\\/\\\/www.meydan.tv\\\/wp-content\\\/uploads\\\/2021\\\/07\\\/meydan-logo.svg\",\"contentUrl\":\"https:\\\/\\\/www.meydan.tv\\\/wp-content\\\/uploads\\\/2021\\\/07\\\/meydan-logo.svg\",\"width\":195,\"height\":46,\"caption\":\"Meydan TV\"},\"image\":{\"@id\":\"https:\\\/\\\/www.meydan.tv\\\/az\\\/#\\\/schema\\\/logo\\\/image\\\/\"}},{\"@type\":\"Person\",\"@id\":\"https:\\\/\\\/www.meydan.tv\\\/az\\\/#\\\/schema\\\/person\\\/10d11eccf6da3662cf5fdab9806ea91a\",\"name\":\"user-manager\"}]}<\/script>\n<!-- \/ Yoast SEO plugin. -->","yoast_head_json":{"title":"Albaniyada z\u0259lz\u0259l\u0259; 13 n\u0259f\u0259rin \u00f6ld\u00fcy\u00fc bildirilir - MEYDAN.TV","robots":{"index":"index","follow":"follow","max-snippet":"max-snippet:-1","max-image-preview":"max-image-preview:large","max-video-preview":"max-video-preview:-1"},"canonical":"https:\/\/www.meydan.tv\/az\/article\/albaniyada-zelzele-13-neferin-olduyu-bildirilir\/","og_locale":"az_AZ","og_type":"article","og_title":"Albaniyada z\u0259lz\u0259l\u0259; 13 n\u0259f\u0259rin \u00f6ld\u00fcy\u00fc bildirilir - MEYDAN.TV","og_description":"T\u0259cili yard\u0131m i\u015f\u00e7il\u0259ri alban medias\u0131na bildiribl\u0259r ki, \u00f6l\u0259nl\u0259rd\u0259n biri n\u0259v\u0259sinin b\u0259d\u0259nini qucaqlayaraq onu xilas ed\u0259 bilmi\u015f ya\u015fl\u0131 qad\u0131nd\u0131r.","og_url":"https:\/\/www.meydan.tv\/az\/article\/albaniyada-zelzele-13-neferin-olduyu-bildirilir\/","og_site_name":"MEYDAN.TV","article_published_time":"2019-11-26T15:08:20+00:00","og_image":[{"width":1180,"height":730,"url":"https:\/\/www.meydan.tv\/wp-content\/uploads\/755747717153878.jpeg","type":"image\/jpeg"}],"author":"user-manager","twitter_card":"summary_large_image","schema":{"@context":"https:\/\/schema.org","@graph":[{"@type":"Article","@id":"https:\/\/www.meydan.tv\/az\/article\/albaniyada-zelzele-13-neferin-olduyu-bildirilir\/#article","isPartOf":{"@id":"https:\/\/www.meydan.tv\/az\/article\/albaniyada-zelzele-13-neferin-olduyu-bildirilir\/"},"author":{"name":"user-manager","@id":"https:\/\/www.meydan.tv\/az\/#\/schema\/person\/10d11eccf6da3662cf5fdab9806ea91a"},"headline":"Albaniyada z\u0259lz\u0259l\u0259; 13 n\u0259f\u0259rin \u00f6ld\u00fcy\u00fc bildirilir","datePublished":"2019-11-26T15:08:20+00:00","mainEntityOfPage":{"@id":"https:\/\/www.meydan.tv\/az\/article\/albaniyada-zelzele-13-neferin-olduyu-bildirilir\/"},"wordCount":406,"publisher":{"@id":"https:\/\/www.meydan.tv\/az\/#organization"},"image":{"@id":"https:\/\/www.meydan.tv\/az\/article\/albaniyada-zelzele-13-neferin-olduyu-bildirilir\/#primaryimage"},"thumbnailUrl":"https:\/\/www.meydan.tv\/wp-content\/uploads\/755747717153878.jpeg","articleSection":["D\u00fcnya"],"inLanguage":"az"},{"@type":"WebPage","@id":"https:\/\/www.meydan.tv\/az\/article\/albaniyada-zelzele-13-neferin-olduyu-bildirilir\/","url":"https:\/\/www.meydan.tv\/az\/article\/albaniyada-zelzele-13-neferin-olduyu-bildirilir\/","name":"Albaniyada z\u0259lz\u0259l\u0259; 13 n\u0259f\u0259rin \u00f6ld\u00fcy\u00fc bildirilir - MEYDAN.TV","isPartOf":{"@id":"https:\/\/www.meydan.tv\/az\/#website"},"primaryImageOfPage":{"@id":"https:\/\/www.meydan.tv\/az\/article\/albaniyada-zelzele-13-neferin-olduyu-bildirilir\/#primaryimage"},"image":{"@id":"https:\/\/www.meydan.tv\/az\/article\/albaniyada-zelzele-13-neferin-olduyu-bildirilir\/#primaryimage"},"thumbnailUrl":"https:\/\/www.meydan.tv\/wp-content\/uploads\/755747717153878.jpeg","datePublished":"2019-11-26T15:08:20+00:00","breadcrumb":{"@id":"https:\/\/www.meydan.tv\/az\/article\/albaniyada-zelzele-13-neferin-olduyu-bildirilir\/#breadcrumb"},"inLanguage":"az","potentialAction":[{"@type":"ReadAction","target":["https:\/\/www.meydan.tv\/az\/article\/albaniyada-zelzele-13-neferin-olduyu-bildirilir\/"]}]},{"@type":"ImageObject","inLanguage":"az","@id":"https:\/\/www.meydan.tv\/az\/article\/albaniyada-zelzele-13-neferin-olduyu-bildirilir\/#primaryimage","url":"https:\/\/www.meydan.tv\/wp-content\/uploads\/755747717153878.jpeg","contentUrl":"https:\/\/www.meydan.tv\/wp-content\/uploads\/755747717153878.jpeg","width":1180,"height":730,"caption":"Source: Foto: google.ru"},{"@type":"BreadcrumbList","@id":"https:\/\/www.meydan.tv\/az\/article\/albaniyada-zelzele-13-neferin-olduyu-bildirilir\/#breadcrumb","itemListElement":[{"@type":"ListItem","position":1,"name":"Ana s\u0259hif\u0259","item":"https:\/\/www.meydan.tv\/az\/"},{"@type":"ListItem","position":2,"name":"D\u00fcnya","item":"https:\/\/www.meydan.tv\/az\/section\/dunya\/"},{"@type":"ListItem","position":3,"name":"Albaniyada z\u0259lz\u0259l\u0259; 13 n\u0259f\u0259rin \u00f6ld\u00fcy\u00fc bildirilir"}]},{"@type":"WebSite","@id":"https:\/\/www.meydan.tv\/az\/#website","url":"https:\/\/www.meydan.tv\/az\/","name":"MEYDAN.TV","description":"Meydan TV Az\u0259rbaycan\u0131n media m\u0259kan\u0131ndak\u0131 alternativ s\u0259sidir","publisher":{"@id":"https:\/\/www.meydan.tv\/az\/#organization"},"potentialAction":[{"@type":"SearchAction","target":{"@type":"EntryPoint","urlTemplate":"https:\/\/www.meydan.tv\/az\/?s={search_term_string}"},"query-input":{"@type":"PropertyValueSpecification","valueRequired":true,"valueName":"search_term_string"}}],"inLanguage":"az"},{"@type":"Organization","@id":"https:\/\/www.meydan.tv\/az\/#organization","name":"Meydan TV","url":"https:\/\/www.meydan.tv\/az\/","logo":{"@type":"ImageObject","inLanguage":"az","@id":"https:\/\/www.meydan.tv\/az\/#\/schema\/logo\/image\/","url":"https:\/\/www.meydan.tv\/wp-content\/uploads\/2021\/07\/meydan-logo.svg","contentUrl":"https:\/\/www.meydan.tv\/wp-content\/uploads\/2021\/07\/meydan-logo.svg","width":195,"height":46,"caption":"Meydan TV"},"image":{"@id":"https:\/\/www.meydan.tv\/az\/#\/schema\/logo\/image\/"}},{"@type":"Person","@id":"https:\/\/www.meydan.tv\/az\/#\/schema\/person\/10d11eccf6da3662cf5fdab9806ea91a","name":"user-manager"}]}},"_links":{"self":[{"href":"https:\/\/www.meydan.tv\/az\/wp-json\/wp\/v2\/posts\/198114","targetHints":{"allow":["GET"]}}],"collection":[{"href":"https:\/\/www.meydan.tv\/az\/wp-json\/wp\/v2\/posts"}],"about":[{"href":"https:\/\/www.meydan.tv\/az\/wp-json\/wp\/v2\/types\/post"}],"author":[{"embeddable":true,"href":"https:\/\/www.meydan.tv\/az\/wp-json\/wp\/v2\/users\/11"}],"replies":[{"embeddable":true,"href":"https:\/\/www.meydan.tv\/az\/wp-json\/wp\/v2\/comments?post=198114"}],"version-history":[{"count":0,"href":"https:\/\/www.meydan.tv\/az\/wp-json\/wp\/v2\/posts\/198114\/revisions"}],"wp:featuredmedia":[{"embeddable":true,"href":"https:\/\/www.meydan.tv\/az\/wp-json\/wp\/v2\/media\/133635"}],"wp:attachment":[{"href":"https:\/\/www.meydan.tv\/az\/wp-json\/wp\/v2\/media?parent=198114"}],"wp:term":[{"taxonomy":"category","embeddable":true,"href":"https:\/\/www.meydan.tv\/az\/wp-json\/wp\/v2\/categories?post=198114"},{"taxonomy":"post_tag","embeddable":true,"href":"https:\/\/www.meydan.tv\/az\/wp-json\/wp\/v2\/tags?post=198114"}],"curies":[{"name":"wp","href":"https:\/\/api.w.org\/{rel}","templated":true}]}}