{"id":198113,"date":"2019-11-26T14:56:33","date_gmt":"2019-11-26T14:56:33","guid":{"rendered":"https:\/\/www.meydan.tv\/article\/gurcu-polisi-etirazcilari-dagitmaq-ucun-su-toplarindan-istifade-edib\/"},"modified":"2019-11-26T14:56:33","modified_gmt":"2019-11-26T14:56:33","slug":"gurcu-polisi-etirazcilari-dagitmaq-ucun-su-toplarindan-istifade-edib","status":"publish","type":"post","link":"https:\/\/www.meydan.tv\/az\/article\/gurcu-polisi-etirazcilari-dagitmaq-ucun-su-toplarindan-istifade-edib\/","title":{"rendered":"G\u00fcrc\u00fc polisi etiraz\u00e7\u0131lar\u0131 da\u011f\u0131tmaq \u00fc\u00e7\u00fcn su toplar\u0131ndan istifad\u0259 edib"},"content":{"rendered":"<p>\n  <i><br \/>\n    Polis haz\u0131rda parlament\u0259 giri\u015f\u0259 n\u0259zar\u0259t edir<br \/>\n  <\/i>\n<\/p>\n<p>\n  S\u0259h\u0259r saatlar\u0131nda 30 d\u0259qiq\u0259lik ultimatum verildikd\u0259n sonra G\u00fcrc\u00fcstan polisi etiraz\u00e7\u0131lar\u0131 parlamentin qar\u015f\u0131s\u0131ndan da\u011f\u0131tmaq \u00fc\u00e7\u00fcn su toplar\u0131ndan istifad\u0259 edib. RFE\/RL x\u0259b\u0259r verir ki, minl\u0259rl\u0259 se\u00e7icinin islahat \u00e7a\u011f\u0131r\u0131\u015flar\u0131 etdiyi n\u00fcmayi\u015fd\u0259 bir ne\u00e7\u0259 f\u0259al saxlan\u0131b.\n<\/p>\n<p>\n  Daxili \u0130\u015fl\u0259r Nazirliyi 26 noyabrda verdiyi a\u00e7\u0131qlamada bildirib ki, 28 etiraz\u00e7\u0131 \u201cpolis\u0259 tabe olmad\u0131\u011f\u0131 \u00fc\u00e7\u00fcn v\u0259 xuliqanl\u0131\u011fa g\u00f6r\u0259\u201d n\u0259zar\u0259t\u0259 al\u0131n\u0131b. Bundan \u0259vv\u0259l yay\u0131lan m\u0259lumatlara g\u00f6r\u0259, saxlan\u0131lanlar aras\u0131nda m\u00fcxalif Vahid Milli H\u0259r\u0259kat\u0131n iki \u00fczv\u00fc Ako Mina\u015fvili v\u0259 Gia Tevdoradze d\u0259 olub.\n<\/p>\n<p>\n  S\u0259hiyy\u0259 Nazirliyi d\u00f6rd n\u0259f\u0259rin yaraland\u0131\u011f\u0131n\u0131, \u00fc\u00e7 n\u0259f\u0259rin x\u0259st\u0259xanada n\u0259zar\u0259t\u0259 al\u0131nd\u0131\u011f\u0131n\u0131 bildirib. Yerli media x\u0259b\u0259r verir ki, yaral\u0131lar aras\u0131nda \u201cMtavari Alkhi\u201d telekanal\u0131n\u0131n jurnalisti Vasil Dabrunda\u015fvili d\u0259 var. Onun haz\u0131rda x\u0259st\u0259xanada olanlar\u0131n aras\u0131nda olub-olmad\u0131\u011f\u0131 b\u0259lli deyil.\n<\/p>\n<p>\n  Polis haz\u0131rda parlament\u0259 giri\u015f\u0259 n\u0259zar\u0259t edir. Minl\u0259rl\u0259 n\u00fcmayi\u015f\u00e7i h\u0259l\u0259 d\u0259 \u0259razid\u0259dir v\u0259 qeyd edirl\u0259r ki, onlar\u0131n m\u0259qs\u0259di deputatlar\u0131n binaya giri\u015fini \u0259ng\u0259ll\u0259m\u0259kdir.\n<\/p>\n<p>\n  M\u00fcxalif Yeni G\u00fcrc\u00fcstan Partiyas\u0131n\u0131n lideri Giorgi Va\u015fadze noyabr\u0131n 26-da televiziyaya verdiyi m\u00fcsahib\u0259d\u0259 deyib ki, hakim G\u00fcrc\u00fc Arzusu Partiyas\u0131 yaln\u0131z polisd\u0259n istifad\u0259 ed\u0259r\u0259k parlament iclas\u0131 ke\u00e7irm\u0259y\u0259 qadirdir.\n<\/p>\n<p>\n  \u201cPolis kordonu biz\u0259 \u015fans vers\u0259, bir parlament\u0259 gir\u0259c\u0259yik\u201d,- Va\u015fadze deyib.\n<\/p>\n<p>\n  Etiraz\u00e7\u0131lar \u00f6nc\u0259ki g\u00fcn hakim G\u00fcrc\u00fc Arzusu Partiyas\u0131 g\u0259l\u0259n ild\u0259n etibar\u0259n se\u00e7ki sistemini qar\u0131\u015f\u0131q sistemd\u0259n proporsional sistem\u0259 d\u0259yi\u015fm\u0259kd\u0259n imtina etdiyi \u00fc\u00e7\u00fcn parlamentin qar\u015f\u0131s\u0131na toplanm\u0131\u015fd\u0131.\n<\/p>\n<p>\n  20-y\u0259 yax\u0131n m\u00fcxalif qrupun t\u0259r\u0259fdarlar\u0131 Tbilisinin Respublika Meydan\u0131ndan parlament\u0259 do\u011fru y\u00fcr\u00fc\u015f ed\u0259r\u0259k, \u015f\u0259h\u0259rin \u0259sas magistral yolu olan Rustaveli prospektind\u0259 n\u0259qliyyat\u0131n h\u0259r\u0259k\u0259tini iflic etmi\u015fdi.\n<\/p>\n<p>\n  Aksiya i\u015ftirak\u00e7\u0131lar\u0131 h\u00f6kum\u0259ti istefaya getm\u0259y\u0259 v\u0259 erk\u0259n se\u00e7kil\u0259rin ke\u00e7irilm\u0259sin\u0259 \u00e7a\u011f\u0131raraq mill\u0259t v\u0259kill\u0259rinin noyabr\u0131n 26-da plenar iclas\u0131n ke\u00e7irildiyi parlament\u0259 girm\u0259sinin qar\u015f\u0131s\u0131n\u0131 alm\u0131\u015fd\u0131.\n<\/p>\n<p>\n  Noyabr\u0131n 25-d\u0259 hakim partiyan\u0131n ba\u015f katibi, Tbilisi meri Kaxa Kaladze partiya iclas\u0131ndan sonra deyib ki, m\u0259s\u0259l\u0259 bitib v\u0259 se\u00e7ki sistemind\u0259 he\u00e7 bir d\u0259yi\u015fiklik g\u00f6zl\u0259nilmir.\n<\/p>\n<p>\n  M\u00fcxalif\u0259tin fikrinc\u0259 status-kvo 2012-ci ild\u0259n b\u0259ri hakimiyy\u0259td\u0259 olan G\u00fcrc\u00fc Arzusu Partiyas\u0131n\u0131n xeyrin\u0259dir.<\/p>\n","protected":false},"excerpt":{"rendered":"<p>M\u00fcxalif Yeni G\u00fcrc\u00fcstan Partiyas\u0131n\u0131n lideri Giorgi Va\u015fadze noyabr\u0131n 26-da televiziyaya verdiyi m\u00fcsahib\u0259d\u0259 deyib ki, hakim G\u00fcrc\u00fc Arzusu Partiyas\u0131 yaln\u0131z polisd\u0259n istifad\u0259 ed\u0259r\u0259k parlament iclas\u0131 ke\u00e7irm\u0259y\u0259 qadirdir.<\/p>\n","protected":false},"author":11,"featured_media":126262,"comment_status":"closed","ping_status":"open","sticky":false,"template":"","format":"standard","meta":{"_acf_changed":false,"_sitemap_exclude":false,"_sitemap_priority":"","_sitemap_frequency":"","footnotes":""},"categories":[64],"tags":[],"class_list":["post-198113","post","type-post","status-publish","format-standard","has-post-thumbnail","hentry","category-dunya","infinite-scroll-item","generate-columns","tablet-grid-50","mobile-grid-100","grid-parent","grid-33","no-featured-image-padding"],"acf":[],"yoast_head":"<!-- This site is optimized with the Yoast SEO plugin v27.5 - https:\/\/yoast.com\/product\/yoast-seo-wordpress\/ -->\n<title>G\u00fcrc\u00fc polisi etiraz\u00e7\u0131lar\u0131 da\u011f\u0131tmaq \u00fc\u00e7\u00fcn su toplar\u0131ndan istifad\u0259 edib - MEYDAN.TV<\/title>\n<meta name=\"robots\" content=\"index, follow, max-snippet:-1, max-image-preview:large, max-video-preview:-1\" \/>\n<link rel=\"canonical\" href=\"https:\/\/www.meydan.tv\/az\/article\/gurcu-polisi-etirazcilari-dagitmaq-ucun-su-toplarindan-istifade-edib\/\" \/>\n<meta property=\"og:locale\" content=\"az_AZ\" \/>\n<meta property=\"og:type\" content=\"article\" \/>\n<meta property=\"og:title\" content=\"G\u00fcrc\u00fc polisi etiraz\u00e7\u0131lar\u0131 da\u011f\u0131tmaq \u00fc\u00e7\u00fcn su toplar\u0131ndan istifad\u0259 edib - MEYDAN.TV\" \/>\n<meta property=\"og:description\" content=\"M\u00fcxalif Yeni G\u00fcrc\u00fcstan Partiyas\u0131n\u0131n lideri Giorgi Va\u015fadze noyabr\u0131n 26-da televiziyaya verdiyi m\u00fcsahib\u0259d\u0259 deyib ki, hakim G\u00fcrc\u00fc Arzusu Partiyas\u0131 yaln\u0131z polisd\u0259n istifad\u0259 ed\u0259r\u0259k parlament iclas\u0131 ke\u00e7irm\u0259y\u0259 qadirdir.\" \/>\n<meta property=\"og:url\" content=\"https:\/\/www.meydan.tv\/az\/article\/gurcu-polisi-etirazcilari-dagitmaq-ucun-su-toplarindan-istifade-edib\/\" \/>\n<meta property=\"og:site_name\" content=\"MEYDAN.TV\" \/>\n<meta property=\"article:published_time\" content=\"2019-11-26T14:56:33+00:00\" \/>\n<meta property=\"og:image\" content=\"https:\/\/www.meydan.tv\/wp-content\/uploads\/aks.jpg\" \/>\n\t<meta property=\"og:image:width\" content=\"764\" \/>\n\t<meta property=\"og:image:height\" content=\"480\" \/>\n\t<meta property=\"og:image:type\" content=\"image\/jpeg\" \/>\n<meta name=\"author\" content=\"user-manager\" \/>\n<meta name=\"twitter:card\" content=\"summary_large_image\" \/>\n<script type=\"application\/ld+json\" class=\"yoast-schema-graph\">{\"@context\":\"https:\\\/\\\/schema.org\",\"@graph\":[{\"@type\":\"Article\",\"@id\":\"https:\\\/\\\/www.meydan.tv\\\/az\\\/article\\\/gurcu-polisi-etirazcilari-dagitmaq-ucun-su-toplarindan-istifade-edib\\\/#article\",\"isPartOf\":{\"@id\":\"https:\\\/\\\/www.meydan.tv\\\/az\\\/article\\\/gurcu-polisi-etirazcilari-dagitmaq-ucun-su-toplarindan-istifade-edib\\\/\"},\"author\":{\"name\":\"user-manager\",\"@id\":\"https:\\\/\\\/www.meydan.tv\\\/az\\\/#\\\/schema\\\/person\\\/10d11eccf6da3662cf5fdab9806ea91a\"},\"headline\":\"G\u00fcrc\u00fc polisi etiraz\u00e7\u0131lar\u0131 da\u011f\u0131tmaq \u00fc\u00e7\u00fcn su toplar\u0131ndan istifad\u0259 edib\",\"datePublished\":\"2019-11-26T14:56:33+00:00\",\"mainEntityOfPage\":{\"@id\":\"https:\\\/\\\/www.meydan.tv\\\/az\\\/article\\\/gurcu-polisi-etirazcilari-dagitmaq-ucun-su-toplarindan-istifade-edib\\\/\"},\"wordCount\":464,\"publisher\":{\"@id\":\"https:\\\/\\\/www.meydan.tv\\\/az\\\/#organization\"},\"image\":{\"@id\":\"https:\\\/\\\/www.meydan.tv\\\/az\\\/article\\\/gurcu-polisi-etirazcilari-dagitmaq-ucun-su-toplarindan-istifade-edib\\\/#primaryimage\"},\"thumbnailUrl\":\"https:\\\/\\\/www.meydan.tv\\\/wp-content\\\/uploads\\\/aks.jpg\",\"articleSection\":[\"D\u00fcnya\"],\"inLanguage\":\"az\"},{\"@type\":\"WebPage\",\"@id\":\"https:\\\/\\\/www.meydan.tv\\\/az\\\/article\\\/gurcu-polisi-etirazcilari-dagitmaq-ucun-su-toplarindan-istifade-edib\\\/\",\"url\":\"https:\\\/\\\/www.meydan.tv\\\/az\\\/article\\\/gurcu-polisi-etirazcilari-dagitmaq-ucun-su-toplarindan-istifade-edib\\\/\",\"name\":\"G\u00fcrc\u00fc polisi etiraz\u00e7\u0131lar\u0131 da\u011f\u0131tmaq \u00fc\u00e7\u00fcn su toplar\u0131ndan istifad\u0259 edib - MEYDAN.TV\",\"isPartOf\":{\"@id\":\"https:\\\/\\\/www.meydan.tv\\\/az\\\/#website\"},\"primaryImageOfPage\":{\"@id\":\"https:\\\/\\\/www.meydan.tv\\\/az\\\/article\\\/gurcu-polisi-etirazcilari-dagitmaq-ucun-su-toplarindan-istifade-edib\\\/#primaryimage\"},\"image\":{\"@id\":\"https:\\\/\\\/www.meydan.tv\\\/az\\\/article\\\/gurcu-polisi-etirazcilari-dagitmaq-ucun-su-toplarindan-istifade-edib\\\/#primaryimage\"},\"thumbnailUrl\":\"https:\\\/\\\/www.meydan.tv\\\/wp-content\\\/uploads\\\/aks.jpg\",\"datePublished\":\"2019-11-26T14:56:33+00:00\",\"breadcrumb\":{\"@id\":\"https:\\\/\\\/www.meydan.tv\\\/az\\\/article\\\/gurcu-polisi-etirazcilari-dagitmaq-ucun-su-toplarindan-istifade-edib\\\/#breadcrumb\"},\"inLanguage\":\"az\",\"potentialAction\":[{\"@type\":\"ReadAction\",\"target\":[\"https:\\\/\\\/www.meydan.tv\\\/az\\\/article\\\/gurcu-polisi-etirazcilari-dagitmaq-ucun-su-toplarindan-istifade-edib\\\/\"]}]},{\"@type\":\"ImageObject\",\"inLanguage\":\"az\",\"@id\":\"https:\\\/\\\/www.meydan.tv\\\/az\\\/article\\\/gurcu-polisi-etirazcilari-dagitmaq-ucun-su-toplarindan-istifade-edib\\\/#primaryimage\",\"url\":\"https:\\\/\\\/www.meydan.tv\\\/wp-content\\\/uploads\\\/aks.jpg\",\"contentUrl\":\"https:\\\/\\\/www.meydan.tv\\\/wp-content\\\/uploads\\\/aks.jpg\",\"width\":764,\"height\":480,\"caption\":\"Source: google.az\"},{\"@type\":\"BreadcrumbList\",\"@id\":\"https:\\\/\\\/www.meydan.tv\\\/az\\\/article\\\/gurcu-polisi-etirazcilari-dagitmaq-ucun-su-toplarindan-istifade-edib\\\/#breadcrumb\",\"itemListElement\":[{\"@type\":\"ListItem\",\"position\":1,\"name\":\"Ana s\u0259hif\u0259\",\"item\":\"https:\\\/\\\/www.meydan.tv\\\/az\\\/\"},{\"@type\":\"ListItem\",\"position\":2,\"name\":\"D\u00fcnya\",\"item\":\"https:\\\/\\\/www.meydan.tv\\\/az\\\/section\\\/dunya\\\/\"},{\"@type\":\"ListItem\",\"position\":3,\"name\":\"G\u00fcrc\u00fc polisi etiraz\u00e7\u0131lar\u0131 da\u011f\u0131tmaq \u00fc\u00e7\u00fcn su toplar\u0131ndan istifad\u0259 edib\"}]},{\"@type\":\"WebSite\",\"@id\":\"https:\\\/\\\/www.meydan.tv\\\/az\\\/#website\",\"url\":\"https:\\\/\\\/www.meydan.tv\\\/az\\\/\",\"name\":\"MEYDAN.TV\",\"description\":\"Meydan TV Az\u0259rbaycan\u0131n media m\u0259kan\u0131ndak\u0131 alternativ s\u0259sidir\",\"publisher\":{\"@id\":\"https:\\\/\\\/www.meydan.tv\\\/az\\\/#organization\"},\"potentialAction\":[{\"@type\":\"SearchAction\",\"target\":{\"@type\":\"EntryPoint\",\"urlTemplate\":\"https:\\\/\\\/www.meydan.tv\\\/az\\\/?s={search_term_string}\"},\"query-input\":{\"@type\":\"PropertyValueSpecification\",\"valueRequired\":true,\"valueName\":\"search_term_string\"}}],\"inLanguage\":\"az\"},{\"@type\":\"Organization\",\"@id\":\"https:\\\/\\\/www.meydan.tv\\\/az\\\/#organization\",\"name\":\"Meydan TV\",\"url\":\"https:\\\/\\\/www.meydan.tv\\\/az\\\/\",\"logo\":{\"@type\":\"ImageObject\",\"inLanguage\":\"az\",\"@id\":\"https:\\\/\\\/www.meydan.tv\\\/az\\\/#\\\/schema\\\/logo\\\/image\\\/\",\"url\":\"https:\\\/\\\/www.meydan.tv\\\/wp-content\\\/uploads\\\/2021\\\/07\\\/meydan-logo.svg\",\"contentUrl\":\"https:\\\/\\\/www.meydan.tv\\\/wp-content\\\/uploads\\\/2021\\\/07\\\/meydan-logo.svg\",\"width\":195,\"height\":46,\"caption\":\"Meydan TV\"},\"image\":{\"@id\":\"https:\\\/\\\/www.meydan.tv\\\/az\\\/#\\\/schema\\\/logo\\\/image\\\/\"}},{\"@type\":\"Person\",\"@id\":\"https:\\\/\\\/www.meydan.tv\\\/az\\\/#\\\/schema\\\/person\\\/10d11eccf6da3662cf5fdab9806ea91a\",\"name\":\"user-manager\"}]}<\/script>\n<!-- \/ Yoast SEO plugin. -->","yoast_head_json":{"title":"G\u00fcrc\u00fc polisi etiraz\u00e7\u0131lar\u0131 da\u011f\u0131tmaq \u00fc\u00e7\u00fcn su toplar\u0131ndan istifad\u0259 edib - MEYDAN.TV","robots":{"index":"index","follow":"follow","max-snippet":"max-snippet:-1","max-image-preview":"max-image-preview:large","max-video-preview":"max-video-preview:-1"},"canonical":"https:\/\/www.meydan.tv\/az\/article\/gurcu-polisi-etirazcilari-dagitmaq-ucun-su-toplarindan-istifade-edib\/","og_locale":"az_AZ","og_type":"article","og_title":"G\u00fcrc\u00fc polisi etiraz\u00e7\u0131lar\u0131 da\u011f\u0131tmaq \u00fc\u00e7\u00fcn su toplar\u0131ndan istifad\u0259 edib - MEYDAN.TV","og_description":"M\u00fcxalif Yeni G\u00fcrc\u00fcstan Partiyas\u0131n\u0131n lideri Giorgi Va\u015fadze noyabr\u0131n 26-da televiziyaya verdiyi m\u00fcsahib\u0259d\u0259 deyib ki, hakim G\u00fcrc\u00fc Arzusu Partiyas\u0131 yaln\u0131z polisd\u0259n istifad\u0259 ed\u0259r\u0259k parlament iclas\u0131 ke\u00e7irm\u0259y\u0259 qadirdir.","og_url":"https:\/\/www.meydan.tv\/az\/article\/gurcu-polisi-etirazcilari-dagitmaq-ucun-su-toplarindan-istifade-edib\/","og_site_name":"MEYDAN.TV","article_published_time":"2019-11-26T14:56:33+00:00","og_image":[{"width":764,"height":480,"url":"https:\/\/www.meydan.tv\/wp-content\/uploads\/aks.jpg","type":"image\/jpeg"}],"author":"user-manager","twitter_card":"summary_large_image","schema":{"@context":"https:\/\/schema.org","@graph":[{"@type":"Article","@id":"https:\/\/www.meydan.tv\/az\/article\/gurcu-polisi-etirazcilari-dagitmaq-ucun-su-toplarindan-istifade-edib\/#article","isPartOf":{"@id":"https:\/\/www.meydan.tv\/az\/article\/gurcu-polisi-etirazcilari-dagitmaq-ucun-su-toplarindan-istifade-edib\/"},"author":{"name":"user-manager","@id":"https:\/\/www.meydan.tv\/az\/#\/schema\/person\/10d11eccf6da3662cf5fdab9806ea91a"},"headline":"G\u00fcrc\u00fc polisi etiraz\u00e7\u0131lar\u0131 da\u011f\u0131tmaq \u00fc\u00e7\u00fcn su toplar\u0131ndan istifad\u0259 edib","datePublished":"2019-11-26T14:56:33+00:00","mainEntityOfPage":{"@id":"https:\/\/www.meydan.tv\/az\/article\/gurcu-polisi-etirazcilari-dagitmaq-ucun-su-toplarindan-istifade-edib\/"},"wordCount":464,"publisher":{"@id":"https:\/\/www.meydan.tv\/az\/#organization"},"image":{"@id":"https:\/\/www.meydan.tv\/az\/article\/gurcu-polisi-etirazcilari-dagitmaq-ucun-su-toplarindan-istifade-edib\/#primaryimage"},"thumbnailUrl":"https:\/\/www.meydan.tv\/wp-content\/uploads\/aks.jpg","articleSection":["D\u00fcnya"],"inLanguage":"az"},{"@type":"WebPage","@id":"https:\/\/www.meydan.tv\/az\/article\/gurcu-polisi-etirazcilari-dagitmaq-ucun-su-toplarindan-istifade-edib\/","url":"https:\/\/www.meydan.tv\/az\/article\/gurcu-polisi-etirazcilari-dagitmaq-ucun-su-toplarindan-istifade-edib\/","name":"G\u00fcrc\u00fc polisi etiraz\u00e7\u0131lar\u0131 da\u011f\u0131tmaq \u00fc\u00e7\u00fcn su toplar\u0131ndan istifad\u0259 edib - MEYDAN.TV","isPartOf":{"@id":"https:\/\/www.meydan.tv\/az\/#website"},"primaryImageOfPage":{"@id":"https:\/\/www.meydan.tv\/az\/article\/gurcu-polisi-etirazcilari-dagitmaq-ucun-su-toplarindan-istifade-edib\/#primaryimage"},"image":{"@id":"https:\/\/www.meydan.tv\/az\/article\/gurcu-polisi-etirazcilari-dagitmaq-ucun-su-toplarindan-istifade-edib\/#primaryimage"},"thumbnailUrl":"https:\/\/www.meydan.tv\/wp-content\/uploads\/aks.jpg","datePublished":"2019-11-26T14:56:33+00:00","breadcrumb":{"@id":"https:\/\/www.meydan.tv\/az\/article\/gurcu-polisi-etirazcilari-dagitmaq-ucun-su-toplarindan-istifade-edib\/#breadcrumb"},"inLanguage":"az","potentialAction":[{"@type":"ReadAction","target":["https:\/\/www.meydan.tv\/az\/article\/gurcu-polisi-etirazcilari-dagitmaq-ucun-su-toplarindan-istifade-edib\/"]}]},{"@type":"ImageObject","inLanguage":"az","@id":"https:\/\/www.meydan.tv\/az\/article\/gurcu-polisi-etirazcilari-dagitmaq-ucun-su-toplarindan-istifade-edib\/#primaryimage","url":"https:\/\/www.meydan.tv\/wp-content\/uploads\/aks.jpg","contentUrl":"https:\/\/www.meydan.tv\/wp-content\/uploads\/aks.jpg","width":764,"height":480,"caption":"Source: google.az"},{"@type":"BreadcrumbList","@id":"https:\/\/www.meydan.tv\/az\/article\/gurcu-polisi-etirazcilari-dagitmaq-ucun-su-toplarindan-istifade-edib\/#breadcrumb","itemListElement":[{"@type":"ListItem","position":1,"name":"Ana s\u0259hif\u0259","item":"https:\/\/www.meydan.tv\/az\/"},{"@type":"ListItem","position":2,"name":"D\u00fcnya","item":"https:\/\/www.meydan.tv\/az\/section\/dunya\/"},{"@type":"ListItem","position":3,"name":"G\u00fcrc\u00fc polisi etiraz\u00e7\u0131lar\u0131 da\u011f\u0131tmaq \u00fc\u00e7\u00fcn su toplar\u0131ndan istifad\u0259 edib"}]},{"@type":"WebSite","@id":"https:\/\/www.meydan.tv\/az\/#website","url":"https:\/\/www.meydan.tv\/az\/","name":"MEYDAN.TV","description":"Meydan TV Az\u0259rbaycan\u0131n media m\u0259kan\u0131ndak\u0131 alternativ s\u0259sidir","publisher":{"@id":"https:\/\/www.meydan.tv\/az\/#organization"},"potentialAction":[{"@type":"SearchAction","target":{"@type":"EntryPoint","urlTemplate":"https:\/\/www.meydan.tv\/az\/?s={search_term_string}"},"query-input":{"@type":"PropertyValueSpecification","valueRequired":true,"valueName":"search_term_string"}}],"inLanguage":"az"},{"@type":"Organization","@id":"https:\/\/www.meydan.tv\/az\/#organization","name":"Meydan TV","url":"https:\/\/www.meydan.tv\/az\/","logo":{"@type":"ImageObject","inLanguage":"az","@id":"https:\/\/www.meydan.tv\/az\/#\/schema\/logo\/image\/","url":"https:\/\/www.meydan.tv\/wp-content\/uploads\/2021\/07\/meydan-logo.svg","contentUrl":"https:\/\/www.meydan.tv\/wp-content\/uploads\/2021\/07\/meydan-logo.svg","width":195,"height":46,"caption":"Meydan TV"},"image":{"@id":"https:\/\/www.meydan.tv\/az\/#\/schema\/logo\/image\/"}},{"@type":"Person","@id":"https:\/\/www.meydan.tv\/az\/#\/schema\/person\/10d11eccf6da3662cf5fdab9806ea91a","name":"user-manager"}]}},"_links":{"self":[{"href":"https:\/\/www.meydan.tv\/az\/wp-json\/wp\/v2\/posts\/198113","targetHints":{"allow":["GET"]}}],"collection":[{"href":"https:\/\/www.meydan.tv\/az\/wp-json\/wp\/v2\/posts"}],"about":[{"href":"https:\/\/www.meydan.tv\/az\/wp-json\/wp\/v2\/types\/post"}],"author":[{"embeddable":true,"href":"https:\/\/www.meydan.tv\/az\/wp-json\/wp\/v2\/users\/11"}],"replies":[{"embeddable":true,"href":"https:\/\/www.meydan.tv\/az\/wp-json\/wp\/v2\/comments?post=198113"}],"version-history":[{"count":0,"href":"https:\/\/www.meydan.tv\/az\/wp-json\/wp\/v2\/posts\/198113\/revisions"}],"wp:featuredmedia":[{"embeddable":true,"href":"https:\/\/www.meydan.tv\/az\/wp-json\/wp\/v2\/media\/126262"}],"wp:attachment":[{"href":"https:\/\/www.meydan.tv\/az\/wp-json\/wp\/v2\/media?parent=198113"}],"wp:term":[{"taxonomy":"category","embeddable":true,"href":"https:\/\/www.meydan.tv\/az\/wp-json\/wp\/v2\/categories?post=198113"},{"taxonomy":"post_tag","embeddable":true,"href":"https:\/\/www.meydan.tv\/az\/wp-json\/wp\/v2\/tags?post=198113"}],"curies":[{"name":"wp","href":"https:\/\/api.w.org\/{rel}","templated":true}]}}