{"id":198101,"date":"2019-11-26T09:08:00","date_gmt":"2019-11-26T09:08:00","guid":{"rendered":"https:\/\/www.meydan.tv\/article\/xirdaoymaqlilar-torpaqlar-bos-qalib-hami-eli-cibinde-gezir\/"},"modified":"2019-11-26T09:08:00","modified_gmt":"2019-11-26T09:08:00","slug":"xirdaoymaqlilar-torpaqlar-bos-qalib-hami-eli-cibinde-gezir","status":"publish","type":"post","link":"https:\/\/www.meydan.tv\/az\/article\/xirdaoymaqlilar-torpaqlar-bos-qalib-hami-eli-cibinde-gezir\/","title":{"rendered":"X\u0131rdaoymaql\u0131lar: Torpaqlar bo\u015f qal\u0131b, ham\u0131 \u0259li cibind\u0259 g\u0259zir"},"content":{"rendered":"<p>\n  <i><br \/>\n    K\u0259ndlil\u0259rin iddias\u0131na g\u00f6r\u0259, istifad\u0259l\u0259rin\u0259 veril\u0259n torpaq sah\u0259l\u0259rinin s\u0259n\u0259di olmad\u0131\u011f\u0131na g\u00f6r\u0259, d\u00f6vl\u0259tin g\u00fcz\u0259\u015ftl\u0259rind\u0259n yararlana bilmirl\u0259r<br \/>\n  <\/i>\n<\/p>\n<p>\n  \u201cT\u0259klif etdikl\u0259ri torpaq sah\u0259l\u0259rin\u0259 g\u00f6r\u0259 biz\u0259 s\u0259n\u0259d verilmir. \u0130ll\u0259rdir ki, s\u0259n\u0259dsiz torpaqlar\u0131 \u0259kirik. S\u0259n\u0259dsiz torpaqsa k\u0259ndlinin deyil, ist\u0259nil\u0259n vaxt h\u0259min torpaqdan m\u0259hrum ola bil\u0259r. K\u0259nd sakinl\u0259rinin \u00e7oxu bundan ehtiyat ed\u0259r\u0259k torpaqlar\u0131 \u0259km\u0259kd\u0259n \u0259l \u00fcz\u00fcr. Bu is\u0259 onsuz da ba\u015f al\u0131b ged\u0259n s\u0259fal\u0259ti daha da d\u0259rinl\u0259\u015fdirir. Ham\u0131 i\u015fsiz, ham\u0131 \u00e7\u00f6r\u0259ksiz&#8230; Ham\u0131 bir-birind\u0259n qa\u00e7\u0131r, \u00e7\u00fcnki bir-birin\u0259 \u00e7\u00f6r\u0259kpulu borcludur\u201d.\n<\/p>\n<p>\n  \u015eabran\u0131n X\u0131rdaoymaq k\u0259nd sakinl\u0259ri Meydan TV-y\u0259 dan\u0131\u015f\u0131rlar ki, 400-d\u0259n \u00e7ox sakinin ya\u015fad\u0131\u011f\u0131 k\u0259ndd\u0259 pay torpa\u011f\u0131 olan \u00e7ox az sakin var. K\u0259ndin \u0259razisi b\u00f6y\u00fck olsa da, torpaq sakinl\u0259r\u0259 verilmir, yaxud da veril\u0259n torpaq s\u0259n\u0259dl\u0259\u015fdirilmir. K\u0259ndlil\u0259rs\u0259 hesab edir ki, s\u0259n\u0259dsiz torpaq onlar\u0131n deyil v\u0259 ist\u0259nil\u0259n vaxt \u0259ll\u0259rind\u0259n al\u0131na bil\u0259r. Buna g\u00f6r\u0259 d\u0259 onlar bel\u0259 torpaqlar\u0131 istifad\u0259y\u0259 g\u00f6t\u00fcrm\u0259y\u0259 ehtiyat edirl\u0259r. K\u0259nd sakinl\u0259ri dan\u0131\u015f\u0131r ki, ill\u0259rdir istifad\u0259l\u0259rind\u0259 olan torpaq sah\u0259l\u0259rini s\u0259n\u0259dl\u0259\u015fdirm\u0259y\u0259 \u00e7al\u0131\u015f\u0131rlar. Ancaq buna nail ola bilmirl\u0259r.\n<\/p>\n<p>\n  <b><br \/>\n    \u201c\u00c7\u0259kdiyimiz x\u0259rcin mayas\u0131n\u0131 qazana bilmirik\u201d<br \/>\n  <\/b>\n<\/p>\n<p>\n  \u201cK\u0259ndd\u0259 bel\u0259 torpaqlar\u0131n t\u0259xmin\u0259n 80 hektar\u0131 k\u0259ndlil\u0259r\u0259 verilib. Ondan da istifad\u0259 ed\u0259 bilmirik. \u00c7\u00fcnki h\u0259min torpaqlara g\u00f6r\u0259 biz\u0259 s\u0259n\u0259d verilm\u0259yib. Bu is\u0259 k\u0259ndli \u00fc\u00e7\u00fcn h\u0259min torpaqlar\u0131 \u0259km\u0259k h\u0259m risklidir, h\u0259m d\u0259 s\u0259n\u0259dsiz torpa\u011fa g\u00f6r\u0259 g\u00fcz\u0259\u015ftli g\u00fcbr\u0259, su, aqrotexnika, subsidiyalardan faydalana bilmirik. Bu g\u00fcz\u0259\u015ftl\u0259r olmayanda da k\u0259ndli o torpaqdan xeyir g\u00f6t\u00fcr\u0259 bilmir &#8211; \u00e7\u0259kdiyi x\u0259rcin mayas\u0131n\u0131 da \u00e7\u0131xara bilmir\u201d, &#8211; ad\u0131n\u0131n \u00e7\u0259kilm\u0259sini ist\u0259m\u0259y\u0259n sakin deyir.\n<\/p>\n<p>\n  <b><br \/>\n    \u201c\u0130\u015fsizlikd\u0259n pis v\u0259rdi\u015fl\u0259r\u0259 qa\u00e7\u0131rlar\u201d<br \/>\n  <\/b>\n<\/p>\n<p>\n  K\u0259nd sakinl\u0259rinin t\u0259l\u0259bi istifad\u0259l\u0259rin\u0259 veril\u0259n torpaq sah\u0259l\u0259rin\u0259 g\u00f6r\u0259 D\u00f6vl\u0259t Aktlar\u0131n\u0131n paylanmas\u0131d\u0131r:\n<\/p>\n<p>\n  \u201cD\u00f6vl\u0259t Akt\u0131 olmayan torpaqdan istifad\u0259 etm\u0259k m\u00fcmk\u00fcn deyil. K\u0259ndliy\u0259 n\u0259 laz\u0131md\u0131r \u2013 torpaq, su, bir d\u0259 d\u00f6vl\u0259tin qanunla n\u0259z\u0259rd\u0259 tutulan g\u00fcz\u0259\u015ftl\u0259rd\u0259n yararlanmas\u0131&#8230; V\u0259ssalam, \u0259ksin, sats\u0131n, ba\u015f\u0131n\u0131 saxlas\u0131n. X\u0131rdaoymaql\u0131lar i\u015fsizlik bataql\u0131\u011f\u0131nda \u00e7abalay\u0131r. \u0130\u015fsiz, g\u00fccs\u00fcz g\u0259ncl\u0259r pis v\u0259rdi\u015fl\u0259r\u0259 qa\u00e7\u0131rlar, avara\u00e7\u0131l\u0131q, t\u00fcfeylilik ba\u015f al\u0131b gedir. D\u00f6vl\u0259t k\u0259ndliy\u0259 t\u0259s\u0259rr\u00fcfatla m\u0259\u015f\u011ful olma\u011fa \u015f\u0259rait yaratsa, h\u0259r\u0259 bir t\u0259r\u0259fd\u0259 ba\u015f\u0131n\u0131 \u00f6z torpa\u011f\u0131 il\u0259 qatar, \u0259k\u0259r, m\u0259hsul g\u00f6t\u00fcr\u0259r, satar, dolanar&#8230; Ancaq \u0259kin torpaqlar\u0131na g\u00f6r\u0259 s\u0259n\u0259d verilm\u0259diyi \u00fc\u00e7\u00fcn k\u0259ndli \u0259vv\u0259la, o torpa\u011f\u0131 \u00f6z\u00fcn\u00fcnk\u00fc hesab el\u0259mir, sonras\u0131 da g\u00fcz\u0259\u015ftl\u0259rd\u0259n yararlana bilmir v\u0259 z\u0259r\u0259r\u0259 d\u00fc\u015fm\u0259m\u0259k \u00fc\u00e7\u00fcn \u0259kin\u0259 ba\u015f qo\u015fmur. K\u0259nd\u0259 girirs\u0259n, g\u00f6r\u00fcrs\u0259n ki, ham\u0131 \u0259li cibind\u0259 g\u0259zir, torpaqlar bombo\u015f qal\u0131b\u201d.\n<\/p>\n<figure class=\"wp-block-image size-large\">\n  <img decoding=\"async\" src=\"https:\/\/www.meydan.tv\/az\/image_from_ios-4-jpg-84\/\" alt=\"image_from_ios (4).jpg\" class=\"wp-image-133611\"\/><figcaption>\n    K\u0259nd sakinl\u0259rinin t\u0259l\u0259bi istifad\u0259l\u0259rin\u0259 veril\u0259n torpaq sah\u0259l\u0259rin\u0259 g\u00f6r\u0259 D\u00f6vl\u0259t Aktlar\u0131n\u0131n paylanmas\u0131d\u0131r<br \/>\n  <\/figcaption><\/figure>\n<p>\n  <b><br \/>\n    K\u0259ndli: \u201cFermer t\u0259s\u0259rr\u00fcfatlar\u0131 yarad\u0131ls\u0131n\u201d<br \/>\n  <\/b>\n<\/p>\n<p>\n  K\u0259nd sakini \u018fb\u00fclf\u0259z M\u0259mm\u0259dovun da ist\u0259diyi odur ki, istifad\u0259sind\u0259 olan torpaq sah\u0259si s\u0259n\u0259dl\u0259\u015fdirilsin, fermer t\u0259s\u0259rr\u00fcfatlar\u0131 yarad\u0131ls\u0131n:\n<\/p>\n<p>\n  \u201cH\u0259r ail\u0259y\u0259 1.5 hektar torpaq sah\u0259si verilib, ancaq he\u00e7 birinin D\u00f6vl\u0259t Akt\u0131 yoxdur. \u0130st\u0259diyimiz odur ki, h\u0259m bu torpaqlar, h\u0259m d\u0259 k\u0259ndd\u0259ki bo\u015f torpaqlar s\u0259n\u0259dl\u0259\u015fdirilsin. K\u0259ndlil\u0259r qruplar \u015f\u0259klind\u0259 birl\u0259\u015fin fermer t\u0259s\u0259rr\u00fcfatlar\u0131 yarats\u0131n, \u0259kin, heyvandarl\u0131q inki\u015faf etdirilsin. Torpaqlar\u0131 n\u00f6vb\u0259li qaydada \u0259k\u0259k, m\u0259hsul g\u00f6t\u00fcr\u0259k&#8230; \u0130\u015fimizi quraq, d\u00f6vl\u0259tin g\u00fcz\u0259\u015ftl\u0259rini \u0259ld\u0259 ed\u0259k, vergisini \u00f6d\u0259y\u0259k, bir yer\u0259 \u00e7\u0131xaq, \u00f6z\u00fcm\u00fcz\u00fc n\u0259y\u0259s\u0259 yararl\u0131 hiss ed\u0259k. Bil\u0259k ki, n\u0259y\u0259 g\u00f6r\u0259 ya\u015fay\u0131r\u0131q. 40 ya\u015f\u0131m var, gedib rayon m\u0259rk\u0259zind\u0259n \u00e7\u00f6r\u0259yi nisy\u0259 al\u0131b, g\u0259tirib u\u015faqlar\u0131ma yedizdirir\u0259m. Halbuki, alt\u0131, \u00fcst\u00fc s\u0259rv\u0259t olan torpaqda ya\u015fay\u0131ram\u201d.\n<\/p>\n<p>\n  N\u0259rmin\u0259 Allahver\u0259nova deyir, h\u0259yat yolda\u015f\u0131n\u0131n uzun ill\u0259r m\u00fcraci\u0259tind\u0259n sonra 50 sot torpaq sah\u0259si ayr\u0131l\u0131b, ancaq s\u0259n\u0259d verilm\u0259yib. Sah\u0259d\u0259 t\u0259r\u0259v\u0259z \u0259kibl\u0259r, ancaq bir m\u00fcdd\u0259t \u0259vv\u0259l onlara x\u0259b\u0259rdarl\u0131q olunub ki, daha sah\u0259d\u0259 \u0259kin i\u015fl\u0259ri aparmas\u0131nlar:\n<\/p>\n<p>\n  \u201cM\u0259hsulu Bak\u0131 bazarlar\u0131na g\u00f6nd\u0259rirdik. G\u0259lib sah\u0259d\u0259n y\u00fckl\u0259yib apar\u0131rd\u0131lar. \u0130ndi o da yoxdur. \u0130st\u0259yirik ki, ba\u015fqa yerl\u0259rd\u0259ki kimi, burda da islahatlar apar\u0131ls\u0131n. Biz\u0259 verdikl\u0259ri 1.5 hektar torpaq sah\u0259l\u0259rin\u0259 g\u00f6r\u0259 D\u00f6vl\u0259t Aktlar\u0131 paylans\u0131n. Biz d\u0259 fermer i\u015fl\u0259ri quraq, d\u00f6vl\u0259tin g\u00fcz\u0259\u015ftl\u0259rind\u0259n yararlanaq, ail\u0259mizi doland\u0131raq. \u0130\u015f yox, torpaq yox, heyvandarl\u0131\u011fa \u015f\u0259rait yox. Bu k\u0259ndli da\u015f-k\u0259s\u0259kl\u0259 dolans\u0131n? Y\u0259ni o regionlar\u0131n inki\u015faf\u0131 proqram\u0131ndan bu X\u0131rdaoymaqa, azca da olsa, pay d\u00fc\u015fm\u0259di?\u201d\n<\/p>\n<p>\n  <b><br \/>\n    \u201c\u00d6r\u00fc\u015fl\u0259rimiz\u0259 yax\u0131n d\u00fc\u015f\u0259 bilmirik\u201d<br \/>\n  <\/b>\n<\/p>\n<p>\n  K\u0259ndin dig\u0259r problemi \u00f6r\u00fc\u015f sah\u0259l\u0259ri il\u0259 ba\u011fl\u0131d\u0131r. K\u0259ndlil\u0259rin dem\u0259sin\u0259 g\u00f6r\u0259, bu \u0259razil\u0259r sakinl\u0259rin ata-baba yurdu olsa da, torpaqlar\u0131nda qon\u015fu k\u0259ndl\u0259rin sakinl\u0259ri istifad\u0259 edir:\n<\/p>\n<p>\n  \u201cBiz ya\u015fad\u0131\u011f\u0131m\u0131z yerd\u0259 iki in\u0259yimizi otara bilmirik. Bizd\u0259n icra hakimiyy\u0259ti, b\u0259l\u0259diyy\u0259 pul ist\u0259yir. Qon\u015fu k\u0259ndin sakinl\u0259rind\u0259n pul al\u0131b burada mal-qara otarma\u011fa icaz\u0259 verirl\u0259r, amma bizi yax\u0131n buraxm\u0131rlar. D\u0259d\u0259-babadan burada ya\u015fam\u0131\u015f\u0131q. Ancaq bizi sanki i\u015f\u011fal alt\u0131nda saxlay\u0131rlar\u201d.\n<\/p>\n<p>\n  \u015eabran Rayon \u0130cra Hakimiyy\u0259tind\u0259n bildirilib ki, k\u0259ndlil\u0259rin \u015fikay\u0259tl\u0259ri \u0259sass\u0131zd\u0131r. \u0130ddia olunan torpaqlar Bak\u0131 C\u0131d\u0131r Meydan\u0131n\u0131n balans\u0131ndad\u0131r. 2002-ci ild\u0259 Nazirl\u0259r Kabinetinin uy\u011fun s\u0259r\u0259ncam\u0131yla k\u0259ndlil\u0259rin istifad\u0259sin\u0259 torpaq sah\u0259l\u0259ri verilib. H\u0259r ail\u0259y\u0259 1.5 hektar sah\u0259 d\u00fc\u015f\u00fcb. K\u0259ndlil\u0259r bu sah\u0259l\u0259ri s\u0259n\u0259dl\u0259\u015fdirm\u0259k \u00fc\u00e7\u00fcn aidiyy\u0259ti qurumlara m\u00fcraci\u0259t etm\u0259lidil\u0259r.\n<\/p>\n<figure class=\"wp-block-image size-large\">\n  <img decoding=\"async\" src=\"https:\/\/www.meydan.tv\/az\/image_from_ios-5-jpg-66\/\" alt=\"image_from_ios (5).jpg\" class=\"wp-image-133608\"\/><figcaption>\n    K\u0259nd sakini \u018fb\u00fclf\u0259z M\u0259mm\u0259dovun da ist\u0259diyi odur ki, istifad\u0259sind\u0259 olan torpaq sah\u0259si s\u0259n\u0259dl\u0259\u015fdirilsin, fermer t\u0259s\u0259rr\u00fcfatlar\u0131 yarad\u0131ls\u0131n<br \/>\n  <\/figcaption><\/figure>\n","protected":false},"excerpt":{"rendered":"<p>K\u0259ndlil\u0259rs\u0259 hesab edir ki, s\u0259n\u0259dsiz torpaq onlar\u0131n deyil v\u0259 ist\u0259nil\u0259n vaxt \u0259ll\u0259rind\u0259n al\u0131na bil\u0259r.<\/p>\n","protected":false},"author":11,"featured_media":133602,"comment_status":"closed","ping_status":"open","sticky":false,"template":"","format":"standard","meta":{"_acf_changed":false,"_sitemap_exclude":false,"_sitemap_priority":"","_sitemap_frequency":"","footnotes":""},"categories":[60],"tags":[],"class_list":["post-198101","post","type-post","status-publish","format-standard","has-post-thumbnail","hentry","category-bolge","infinite-scroll-item","generate-columns","tablet-grid-50","mobile-grid-100","grid-parent","grid-33","no-featured-image-padding"],"acf":[],"yoast_head":"<!-- This site is optimized with the Yoast SEO plugin v27.5 - https:\/\/yoast.com\/product\/yoast-seo-wordpress\/ -->\n<title>X\u0131rdaoymaql\u0131lar: Torpaqlar bo\u015f qal\u0131b, ham\u0131 \u0259li cibind\u0259 g\u0259zir - MEYDAN.TV<\/title>\n<meta name=\"robots\" content=\"index, follow, max-snippet:-1, max-image-preview:large, max-video-preview:-1\" \/>\n<link rel=\"canonical\" href=\"https:\/\/www.meydan.tv\/az\/article\/xirdaoymaqlilar-torpaqlar-bos-qalib-hami-eli-cibinde-gezir\/\" \/>\n<meta property=\"og:locale\" content=\"az_AZ\" \/>\n<meta property=\"og:type\" content=\"article\" \/>\n<meta property=\"og:title\" content=\"X\u0131rdaoymaql\u0131lar: Torpaqlar bo\u015f qal\u0131b, ham\u0131 \u0259li cibind\u0259 g\u0259zir - MEYDAN.TV\" \/>\n<meta property=\"og:description\" content=\"K\u0259ndlil\u0259rs\u0259 hesab edir ki, s\u0259n\u0259dsiz torpaq onlar\u0131n deyil v\u0259 ist\u0259nil\u0259n vaxt \u0259ll\u0259rind\u0259n al\u0131na bil\u0259r.\" \/>\n<meta property=\"og:url\" content=\"https:\/\/www.meydan.tv\/az\/article\/xirdaoymaqlilar-torpaqlar-bos-qalib-hami-eli-cibinde-gezir\/\" \/>\n<meta property=\"og:site_name\" content=\"MEYDAN.TV\" \/>\n<meta property=\"article:published_time\" content=\"2019-11-26T09:08:00+00:00\" \/>\n<meta property=\"og:image\" content=\"https:\/\/www.meydan.tv\/wp-content\/uploads\/orchards_in_shabran_rayon.jpg\" \/>\n\t<meta property=\"og:image:width\" content=\"1648\" \/>\n\t<meta property=\"og:image:height\" content=\"1236\" \/>\n\t<meta property=\"og:image:type\" content=\"image\/jpeg\" \/>\n<meta name=\"author\" content=\"user-manager\" \/>\n<meta name=\"twitter:card\" content=\"summary_large_image\" \/>\n<script type=\"application\/ld+json\" class=\"yoast-schema-graph\">{\"@context\":\"https:\\\/\\\/schema.org\",\"@graph\":[{\"@type\":\"Article\",\"@id\":\"https:\\\/\\\/www.meydan.tv\\\/az\\\/article\\\/xirdaoymaqlilar-torpaqlar-bos-qalib-hami-eli-cibinde-gezir\\\/#article\",\"isPartOf\":{\"@id\":\"https:\\\/\\\/www.meydan.tv\\\/az\\\/article\\\/xirdaoymaqlilar-torpaqlar-bos-qalib-hami-eli-cibinde-gezir\\\/\"},\"author\":{\"name\":\"user-manager\",\"@id\":\"https:\\\/\\\/www.meydan.tv\\\/az\\\/#\\\/schema\\\/person\\\/10d11eccf6da3662cf5fdab9806ea91a\"},\"headline\":\"X\u0131rdaoymaql\u0131lar: Torpaqlar bo\u015f qal\u0131b, ham\u0131 \u0259li cibind\u0259 g\u0259zir\",\"datePublished\":\"2019-11-26T09:08:00+00:00\",\"mainEntityOfPage\":{\"@id\":\"https:\\\/\\\/www.meydan.tv\\\/az\\\/article\\\/xirdaoymaqlilar-torpaqlar-bos-qalib-hami-eli-cibinde-gezir\\\/\"},\"wordCount\":1184,\"publisher\":{\"@id\":\"https:\\\/\\\/www.meydan.tv\\\/az\\\/#organization\"},\"image\":{\"@id\":\"https:\\\/\\\/www.meydan.tv\\\/az\\\/article\\\/xirdaoymaqlilar-torpaqlar-bos-qalib-hami-eli-cibinde-gezir\\\/#primaryimage\"},\"thumbnailUrl\":\"https:\\\/\\\/www.meydan.tv\\\/wp-content\\\/uploads\\\/orchards_in_shabran_rayon.jpg\",\"articleSection\":[\"B\u00f6lg\u0259\"],\"inLanguage\":\"az\"},{\"@type\":\"WebPage\",\"@id\":\"https:\\\/\\\/www.meydan.tv\\\/az\\\/article\\\/xirdaoymaqlilar-torpaqlar-bos-qalib-hami-eli-cibinde-gezir\\\/\",\"url\":\"https:\\\/\\\/www.meydan.tv\\\/az\\\/article\\\/xirdaoymaqlilar-torpaqlar-bos-qalib-hami-eli-cibinde-gezir\\\/\",\"name\":\"X\u0131rdaoymaql\u0131lar: Torpaqlar bo\u015f qal\u0131b, ham\u0131 \u0259li cibind\u0259 g\u0259zir - MEYDAN.TV\",\"isPartOf\":{\"@id\":\"https:\\\/\\\/www.meydan.tv\\\/az\\\/#website\"},\"primaryImageOfPage\":{\"@id\":\"https:\\\/\\\/www.meydan.tv\\\/az\\\/article\\\/xirdaoymaqlilar-torpaqlar-bos-qalib-hami-eli-cibinde-gezir\\\/#primaryimage\"},\"image\":{\"@id\":\"https:\\\/\\\/www.meydan.tv\\\/az\\\/article\\\/xirdaoymaqlilar-torpaqlar-bos-qalib-hami-eli-cibinde-gezir\\\/#primaryimage\"},\"thumbnailUrl\":\"https:\\\/\\\/www.meydan.tv\\\/wp-content\\\/uploads\\\/orchards_in_shabran_rayon.jpg\",\"datePublished\":\"2019-11-26T09:08:00+00:00\",\"breadcrumb\":{\"@id\":\"https:\\\/\\\/www.meydan.tv\\\/az\\\/article\\\/xirdaoymaqlilar-torpaqlar-bos-qalib-hami-eli-cibinde-gezir\\\/#breadcrumb\"},\"inLanguage\":\"az\",\"potentialAction\":[{\"@type\":\"ReadAction\",\"target\":[\"https:\\\/\\\/www.meydan.tv\\\/az\\\/article\\\/xirdaoymaqlilar-torpaqlar-bos-qalib-hami-eli-cibinde-gezir\\\/\"]}]},{\"@type\":\"ImageObject\",\"inLanguage\":\"az\",\"@id\":\"https:\\\/\\\/www.meydan.tv\\\/az\\\/article\\\/xirdaoymaqlilar-torpaqlar-bos-qalib-hami-eli-cibinde-gezir\\\/#primaryimage\",\"url\":\"https:\\\/\\\/www.meydan.tv\\\/wp-content\\\/uploads\\\/orchards_in_shabran_rayon.jpg\",\"contentUrl\":\"https:\\\/\\\/www.meydan.tv\\\/wp-content\\\/uploads\\\/orchards_in_shabran_rayon.jpg\",\"width\":1648,\"height\":1236,\"caption\":\"Source: Foto: Meydan TV\"},{\"@type\":\"BreadcrumbList\",\"@id\":\"https:\\\/\\\/www.meydan.tv\\\/az\\\/article\\\/xirdaoymaqlilar-torpaqlar-bos-qalib-hami-eli-cibinde-gezir\\\/#breadcrumb\",\"itemListElement\":[{\"@type\":\"ListItem\",\"position\":1,\"name\":\"Ana s\u0259hif\u0259\",\"item\":\"https:\\\/\\\/www.meydan.tv\\\/az\\\/\"},{\"@type\":\"ListItem\",\"position\":2,\"name\":\"B\u00f6lg\u0259\",\"item\":\"https:\\\/\\\/www.meydan.tv\\\/az\\\/section\\\/bolge\\\/\"},{\"@type\":\"ListItem\",\"position\":3,\"name\":\"X\u0131rdaoymaql\u0131lar: Torpaqlar bo\u015f qal\u0131b, ham\u0131 \u0259li cibind\u0259 g\u0259zir\"}]},{\"@type\":\"WebSite\",\"@id\":\"https:\\\/\\\/www.meydan.tv\\\/az\\\/#website\",\"url\":\"https:\\\/\\\/www.meydan.tv\\\/az\\\/\",\"name\":\"MEYDAN.TV\",\"description\":\"Meydan TV Az\u0259rbaycan\u0131n media m\u0259kan\u0131ndak\u0131 alternativ s\u0259sidir\",\"publisher\":{\"@id\":\"https:\\\/\\\/www.meydan.tv\\\/az\\\/#organization\"},\"potentialAction\":[{\"@type\":\"SearchAction\",\"target\":{\"@type\":\"EntryPoint\",\"urlTemplate\":\"https:\\\/\\\/www.meydan.tv\\\/az\\\/?s={search_term_string}\"},\"query-input\":{\"@type\":\"PropertyValueSpecification\",\"valueRequired\":true,\"valueName\":\"search_term_string\"}}],\"inLanguage\":\"az\"},{\"@type\":\"Organization\",\"@id\":\"https:\\\/\\\/www.meydan.tv\\\/az\\\/#organization\",\"name\":\"Meydan TV\",\"url\":\"https:\\\/\\\/www.meydan.tv\\\/az\\\/\",\"logo\":{\"@type\":\"ImageObject\",\"inLanguage\":\"az\",\"@id\":\"https:\\\/\\\/www.meydan.tv\\\/az\\\/#\\\/schema\\\/logo\\\/image\\\/\",\"url\":\"https:\\\/\\\/www.meydan.tv\\\/wp-content\\\/uploads\\\/2021\\\/07\\\/meydan-logo.svg\",\"contentUrl\":\"https:\\\/\\\/www.meydan.tv\\\/wp-content\\\/uploads\\\/2021\\\/07\\\/meydan-logo.svg\",\"width\":195,\"height\":46,\"caption\":\"Meydan TV\"},\"image\":{\"@id\":\"https:\\\/\\\/www.meydan.tv\\\/az\\\/#\\\/schema\\\/logo\\\/image\\\/\"}},{\"@type\":\"Person\",\"@id\":\"https:\\\/\\\/www.meydan.tv\\\/az\\\/#\\\/schema\\\/person\\\/10d11eccf6da3662cf5fdab9806ea91a\",\"name\":\"user-manager\"}]}<\/script>\n<!-- \/ Yoast SEO plugin. -->","yoast_head_json":{"title":"X\u0131rdaoymaql\u0131lar: Torpaqlar bo\u015f qal\u0131b, ham\u0131 \u0259li cibind\u0259 g\u0259zir - MEYDAN.TV","robots":{"index":"index","follow":"follow","max-snippet":"max-snippet:-1","max-image-preview":"max-image-preview:large","max-video-preview":"max-video-preview:-1"},"canonical":"https:\/\/www.meydan.tv\/az\/article\/xirdaoymaqlilar-torpaqlar-bos-qalib-hami-eli-cibinde-gezir\/","og_locale":"az_AZ","og_type":"article","og_title":"X\u0131rdaoymaql\u0131lar: Torpaqlar bo\u015f qal\u0131b, ham\u0131 \u0259li cibind\u0259 g\u0259zir - MEYDAN.TV","og_description":"K\u0259ndlil\u0259rs\u0259 hesab edir ki, s\u0259n\u0259dsiz torpaq onlar\u0131n deyil v\u0259 ist\u0259nil\u0259n vaxt \u0259ll\u0259rind\u0259n al\u0131na bil\u0259r.","og_url":"https:\/\/www.meydan.tv\/az\/article\/xirdaoymaqlilar-torpaqlar-bos-qalib-hami-eli-cibinde-gezir\/","og_site_name":"MEYDAN.TV","article_published_time":"2019-11-26T09:08:00+00:00","og_image":[{"width":1648,"height":1236,"url":"https:\/\/www.meydan.tv\/wp-content\/uploads\/orchards_in_shabran_rayon.jpg","type":"image\/jpeg"}],"author":"user-manager","twitter_card":"summary_large_image","schema":{"@context":"https:\/\/schema.org","@graph":[{"@type":"Article","@id":"https:\/\/www.meydan.tv\/az\/article\/xirdaoymaqlilar-torpaqlar-bos-qalib-hami-eli-cibinde-gezir\/#article","isPartOf":{"@id":"https:\/\/www.meydan.tv\/az\/article\/xirdaoymaqlilar-torpaqlar-bos-qalib-hami-eli-cibinde-gezir\/"},"author":{"name":"user-manager","@id":"https:\/\/www.meydan.tv\/az\/#\/schema\/person\/10d11eccf6da3662cf5fdab9806ea91a"},"headline":"X\u0131rdaoymaql\u0131lar: Torpaqlar bo\u015f qal\u0131b, ham\u0131 \u0259li cibind\u0259 g\u0259zir","datePublished":"2019-11-26T09:08:00+00:00","mainEntityOfPage":{"@id":"https:\/\/www.meydan.tv\/az\/article\/xirdaoymaqlilar-torpaqlar-bos-qalib-hami-eli-cibinde-gezir\/"},"wordCount":1184,"publisher":{"@id":"https:\/\/www.meydan.tv\/az\/#organization"},"image":{"@id":"https:\/\/www.meydan.tv\/az\/article\/xirdaoymaqlilar-torpaqlar-bos-qalib-hami-eli-cibinde-gezir\/#primaryimage"},"thumbnailUrl":"https:\/\/www.meydan.tv\/wp-content\/uploads\/orchards_in_shabran_rayon.jpg","articleSection":["B\u00f6lg\u0259"],"inLanguage":"az"},{"@type":"WebPage","@id":"https:\/\/www.meydan.tv\/az\/article\/xirdaoymaqlilar-torpaqlar-bos-qalib-hami-eli-cibinde-gezir\/","url":"https:\/\/www.meydan.tv\/az\/article\/xirdaoymaqlilar-torpaqlar-bos-qalib-hami-eli-cibinde-gezir\/","name":"X\u0131rdaoymaql\u0131lar: Torpaqlar bo\u015f qal\u0131b, ham\u0131 \u0259li cibind\u0259 g\u0259zir - MEYDAN.TV","isPartOf":{"@id":"https:\/\/www.meydan.tv\/az\/#website"},"primaryImageOfPage":{"@id":"https:\/\/www.meydan.tv\/az\/article\/xirdaoymaqlilar-torpaqlar-bos-qalib-hami-eli-cibinde-gezir\/#primaryimage"},"image":{"@id":"https:\/\/www.meydan.tv\/az\/article\/xirdaoymaqlilar-torpaqlar-bos-qalib-hami-eli-cibinde-gezir\/#primaryimage"},"thumbnailUrl":"https:\/\/www.meydan.tv\/wp-content\/uploads\/orchards_in_shabran_rayon.jpg","datePublished":"2019-11-26T09:08:00+00:00","breadcrumb":{"@id":"https:\/\/www.meydan.tv\/az\/article\/xirdaoymaqlilar-torpaqlar-bos-qalib-hami-eli-cibinde-gezir\/#breadcrumb"},"inLanguage":"az","potentialAction":[{"@type":"ReadAction","target":["https:\/\/www.meydan.tv\/az\/article\/xirdaoymaqlilar-torpaqlar-bos-qalib-hami-eli-cibinde-gezir\/"]}]},{"@type":"ImageObject","inLanguage":"az","@id":"https:\/\/www.meydan.tv\/az\/article\/xirdaoymaqlilar-torpaqlar-bos-qalib-hami-eli-cibinde-gezir\/#primaryimage","url":"https:\/\/www.meydan.tv\/wp-content\/uploads\/orchards_in_shabran_rayon.jpg","contentUrl":"https:\/\/www.meydan.tv\/wp-content\/uploads\/orchards_in_shabran_rayon.jpg","width":1648,"height":1236,"caption":"Source: Foto: Meydan TV"},{"@type":"BreadcrumbList","@id":"https:\/\/www.meydan.tv\/az\/article\/xirdaoymaqlilar-torpaqlar-bos-qalib-hami-eli-cibinde-gezir\/#breadcrumb","itemListElement":[{"@type":"ListItem","position":1,"name":"Ana s\u0259hif\u0259","item":"https:\/\/www.meydan.tv\/az\/"},{"@type":"ListItem","position":2,"name":"B\u00f6lg\u0259","item":"https:\/\/www.meydan.tv\/az\/section\/bolge\/"},{"@type":"ListItem","position":3,"name":"X\u0131rdaoymaql\u0131lar: Torpaqlar bo\u015f qal\u0131b, ham\u0131 \u0259li cibind\u0259 g\u0259zir"}]},{"@type":"WebSite","@id":"https:\/\/www.meydan.tv\/az\/#website","url":"https:\/\/www.meydan.tv\/az\/","name":"MEYDAN.TV","description":"Meydan TV Az\u0259rbaycan\u0131n media m\u0259kan\u0131ndak\u0131 alternativ s\u0259sidir","publisher":{"@id":"https:\/\/www.meydan.tv\/az\/#organization"},"potentialAction":[{"@type":"SearchAction","target":{"@type":"EntryPoint","urlTemplate":"https:\/\/www.meydan.tv\/az\/?s={search_term_string}"},"query-input":{"@type":"PropertyValueSpecification","valueRequired":true,"valueName":"search_term_string"}}],"inLanguage":"az"},{"@type":"Organization","@id":"https:\/\/www.meydan.tv\/az\/#organization","name":"Meydan TV","url":"https:\/\/www.meydan.tv\/az\/","logo":{"@type":"ImageObject","inLanguage":"az","@id":"https:\/\/www.meydan.tv\/az\/#\/schema\/logo\/image\/","url":"https:\/\/www.meydan.tv\/wp-content\/uploads\/2021\/07\/meydan-logo.svg","contentUrl":"https:\/\/www.meydan.tv\/wp-content\/uploads\/2021\/07\/meydan-logo.svg","width":195,"height":46,"caption":"Meydan TV"},"image":{"@id":"https:\/\/www.meydan.tv\/az\/#\/schema\/logo\/image\/"}},{"@type":"Person","@id":"https:\/\/www.meydan.tv\/az\/#\/schema\/person\/10d11eccf6da3662cf5fdab9806ea91a","name":"user-manager"}]}},"_links":{"self":[{"href":"https:\/\/www.meydan.tv\/az\/wp-json\/wp\/v2\/posts\/198101","targetHints":{"allow":["GET"]}}],"collection":[{"href":"https:\/\/www.meydan.tv\/az\/wp-json\/wp\/v2\/posts"}],"about":[{"href":"https:\/\/www.meydan.tv\/az\/wp-json\/wp\/v2\/types\/post"}],"author":[{"embeddable":true,"href":"https:\/\/www.meydan.tv\/az\/wp-json\/wp\/v2\/users\/11"}],"replies":[{"embeddable":true,"href":"https:\/\/www.meydan.tv\/az\/wp-json\/wp\/v2\/comments?post=198101"}],"version-history":[{"count":0,"href":"https:\/\/www.meydan.tv\/az\/wp-json\/wp\/v2\/posts\/198101\/revisions"}],"wp:featuredmedia":[{"embeddable":true,"href":"https:\/\/www.meydan.tv\/az\/wp-json\/wp\/v2\/media\/133602"}],"wp:attachment":[{"href":"https:\/\/www.meydan.tv\/az\/wp-json\/wp\/v2\/media?parent=198101"}],"wp:term":[{"taxonomy":"category","embeddable":true,"href":"https:\/\/www.meydan.tv\/az\/wp-json\/wp\/v2\/categories?post=198101"},{"taxonomy":"post_tag","embeddable":true,"href":"https:\/\/www.meydan.tv\/az\/wp-json\/wp\/v2\/tags?post=198101"}],"curies":[{"name":"wp","href":"https:\/\/api.w.org\/{rel}","templated":true}]}}