{"id":198100,"date":"2019-11-26T08:59:20","date_gmt":"2019-11-26T08:59:20","guid":{"rendered":"https:\/\/www.meydan.tv\/article\/lerik-sakini-vilayet-eyvazovun-qebulunda-oldum-evimi-elimden-aldilar\/"},"modified":"2019-11-26T08:59:20","modified_gmt":"2019-11-26T08:59:20","slug":"lerik-sakini-vilayet-eyvazovun-qebulunda-oldum-evimi-elimden-aldilar","status":"publish","type":"post","link":"https:\/\/www.meydan.tv\/az\/article\/lerik-sakini-vilayet-eyvazovun-qebulunda-oldum-evimi-elimden-aldilar\/","title":{"rendered":"Lerik sakini: Vilay\u0259t Eyvazovun q\u0259bulunda oldum, evimi \u0259limd\u0259n ald\u0131lar"},"content":{"rendered":"<p>\n  <i><br \/>\n    \u201cR\u00f6v\u015f\u0259n Ba\u011f\u0131rov, prezident s\u0259ni rayona g\u00f6nd\u0259rm\u0259yib ki, ona-buna sata\u015fasan\u201d<br \/>\n  <\/i>\n<\/p>\n<p>\n  \u201c2009-cu ild\u0259 Lerik \u015f\u0259h\u0259rinin m\u0259rk\u0259zind\u0259, sosial binada m\u0259n\u0259 \u00fc\u00e7otaql\u0131 ev verilib. M\u0259nzili alan zaman s\u0259n\u0259d\u0259 Lerik Rayon \u0130cra Hakimiyy\u0259tinin be\u015f n\u0259f\u0259r r\u0259smi n\u00fcmay\u0259nd\u0259si qol \u00e7\u0259kib. S\u0259n\u0259dd\u0259 g\u00f6st\u0259rilir ki, binadak\u0131 m\u0259nzill\u0259rin orderl\u0259\u015fdirilm\u0259si, rayon m\u0259nzil-istismar sah\u0259sinin balans\u0131na verilm\u0259si prosesl\u0259ri tamamlanad\u0259k ev m\u0259nim h\u00fcquqi m\u00fclkiyy\u0259tim hesab edilir.\n<\/p>\n<p>\n  \u018flimd\u0259 s\u0259n\u0259dim olsa da, on ild\u0259n sonra, bu il sentyabr\u0131n 25-d\u0259 Lerik Rayon \u0130cra Hakimiyy\u0259tinin ba\u015f\u00e7\u0131s\u0131 R\u00f6v\u015f\u0259n Ba\u011f\u0131rov t\u0259r\u0259find\u0259n evim \u0259limd\u0259n al\u0131n\u0131b. Daha do\u011frusu, c\u0259ng\u0259llik qanunlar\u0131 il\u0259 h\u0259r\u0259k\u0259t edibl\u0259r, pusquda durublar, h\u0259yat yolda\u015f\u0131mla m\u0259n evd\u0259n \u00e7\u0131xan kimi, g\u0259lib a\u00e7arlar\u0131 d\u0259yi\u015fibl\u0259r\u201d.\n<\/p>\n<p>\n  Bu s\u00f6zl\u0259ri Meydan TV-y\u0259 Lerik \u015f\u0259h\u0259ri, H\u0259zi Aslanov k\u00fc\u00e7\u0259si ev 12, m\u0259nzil 18 \u00fcnvan\u0131nda ya\u015fayan \u0130lham \u0130badov deyir. O, iddia edir ki, m\u0259nzilinin zorla \u0259lind\u0259n al\u0131nmas\u0131na Daxili \u0130\u015fl\u0259r Nazirliyinin L\u0259nk\u0259ran \u015f\u0259h\u0259rind\u0259 ke\u00e7iril\u0259n q\u0259bulunda i\u015ftirak\u0131 s\u0259b\u0259b olub:\n<\/p>\n<p>\n  \u201cBu il sentyabr\u0131n 24-d\u0259 daxili i\u015fl\u0259r naziri Vilay\u0259t Eyvazov Lerikd\u0259 sakinl\u0259rl\u0259 g\u00f6r\u00fc\u015f\u00fcrd\u00fc, m\u0259n d\u0259 onun q\u0259bulunda oldum. Q\u0259bul prosesind\u0259 bir ne\u00e7\u0259 \u0259lav\u0259 general v\u0259 polis r\u0259isi d\u0259 i\u015ftirak edirdi. Lerik Rayon \u0130cra Hakimiyy\u0259tind\u0259 ba\u015f ver\u0259n korrupsiya hallar\u0131 il\u0259 ba\u011fl\u0131 dan\u0131\u015fd\u0131m, dedim ki, bu rayon quldurlar m\u0259kan\u0131d\u0131r. S\u0259h\u0259ri g\u00fcn h\u0259yat yolda\u015f\u0131mla m\u0259n evd\u0259 olmayanda g\u0259lib m\u0259nzilin a\u00e7arlar\u0131n\u0131 d\u0259yi\u015fibl\u0259r. Qon\u015fulardan soru\u015fdum, dedil\u0259r ki, Lerik Rayon \u0130cra Hakimiyy\u0259tinin i\u015f\u00e7il\u0259ri g\u0259lmi\u015fdi, yanlar\u0131nda polis sah\u0259 inspektoru H\u0259\u015fimxan F\u0259rziyev d\u0259 olub.\n<\/p>\n<p>\n  V\u0259t\u0259nda\u015f\u0131n evin\u0259 girm\u0259k \u00fc\u00e7\u00fcn m\u0259hk\u0259m\u0259 q\u0259tnam\u0259si, q\u0259rar\u0131 olmal\u0131d\u0131r. Onlar\u0131n \u0259lind\u0259 he\u00e7 bir s\u0259n\u0259d olmad\u0131\u011f\u0131 halda evim\u0259 hans\u0131 \u0259sasla giribl\u0259r? Evd\u0259 h\u0259yat yolda\u015f\u0131m\u0131n bahal\u0131 \u0259\u015fyalar\u0131, \u0259mlak\u0131m\u0131z olub. M\u0259nzilimi \u0259limd\u0259n alma\u011f\u0131 onunla \u0259sasland\u0131rd\u0131lar ki, guya ev m\u0259n\u0259 m\u00fcv\u0259qq\u0259ti verilibmi\u015f. Halbuki, ya\u015fad\u0131\u011f\u0131m ev\u0259 order veril\u0259n\u0259 q\u0259d\u0259r m\u0259nzil m\u0259nim h\u00fcquqi m\u00fclkiyy\u0259timdir. Bina 16 m\u0259nzild\u0259n ibar\u0259tdir, orada ya\u015fayan ail\u0259l\u0259rin he\u00e7 birin\u0259 order verilm\u0259yib.\n<\/p>\n<p>\n  Binam\u0131zdak\u0131 m\u0259nzill\u0259r\u0259 order veril\u0259n\u0259d\u0259k m\u0259nim h\u0259min evd\u0259 ya\u015famaq h\u00fcququm var. Evimin qap\u0131s\u0131 m\u0259hk\u0259m\u0259 q\u0259tnam\u0259si olmadan n\u0259 \u00fc\u00e7\u00fcn s\u0131nd\u0131r\u0131lmal\u0131, a\u00e7arlar\u0131 da ba\u015fqas\u0131na verilm\u0259lidir? Haz\u0131rda evimd\u0259 ba\u015fqa bir ail\u0259 ya\u015fay\u0131r.\n<\/p>\n<p>\n  Onlarla dan\u0131\u015fma\u011fa \u00e7al\u0131\u015fm\u0131\u015fam, amma n\u0259tic\u0259siz qal\u0131b. \u018fg\u0259r bu on ild\u0259 orada qanunsuz ya\u015fay\u0131rd\u0131msa, kor idil\u0259r, bunu g\u00f6rm\u00fcrd\u00fcl\u0259r? Niy\u0259 m\u0259n daxili i\u015fl\u0259r nazirinin q\u0259buluna ged\u0259n kimi g\u00f6rd\u00fcl\u0259r? Q\u0259bulda rayonda ba\u015f ver\u0259n korrupsiya hallar\u0131 il\u0259 ba\u011fl\u0131 dan\u0131\u015fm\u0131\u015fam. G\u0259lib, yoxlas\u0131nlar, ara\u015fd\u0131rs\u0131nlar. Bel\u0259 \u00e7\u0131x\u0131r ki, \u00f6lk\u0259 v\u0259t\u0259nda\u015flar\u0131 he\u00e7 kim\u0259 d\u0259rdini dem\u0259m\u0259li, \u015f\u0131kay\u0259t etm\u0259m\u0259lidir? R\u00f6v\u015f\u0259n Ba\u011f\u0131rov, prezident s\u0259ni rayona g\u00f6nd\u0259rm\u0259yib ki, ona-buna sata\u015fasan\u201d.\n<\/p>\n<figure class=\"wp-block-image size-large\">\n  <img decoding=\"async\" src=\"https:\/\/www.meydan.tv\/az\/image_from_ios-3-jpg-37\/\" alt=\"image_from_ios (3).jpg\" class=\"wp-image-133599\"\/><figcaption>\n    T\u0259hkim akt\u0131<br \/>\n  <\/figcaption><\/figure>\n<p>\n  \u015eikay\u0259t\u00e7i evinin al\u0131nmas\u0131 il\u0259 ba\u011fl\u0131 Lerik rayonun h\u00fcquq-m\u00fchafiz\u0259 orqanlar\u0131n\u0131 m\u0259lumatland\u0131r\u0131b:\n<\/p>\n<p>\n  \u201cH\u0259m\u00e7inin, Milli M\u0259clis\u0259, Prezident\u0259, Birinci vitse-prezident\u0259, Ba\u015f nazirinin birinci m\u00fcavini \u018fli \u018fhm\u0259dova, Prezidentin k\u00f6m\u0259k\u00e7isi \u018fli H\u0259s\u0259nova, Milli M\u0259clisinin s\u0259dr m\u00fcavini Bahar Muradovaya, Prezident Adminstrasiyas\u0131na yaz\u0131l\u0131, \u015fifahi v\u0259 teleqramla m\u00fcraci\u0259tl\u0259r etmi\u015f\u0259m. Bu g\u00fcn\u0259 kimi \u0259sasl\u0131 t\u0259dbir g\u00f6r\u00fclm\u0259yib.\n<\/p>\n<p>\n  Haz\u0131rda Lerikin Z\u00fcv\u00fcc k\u0259ndind\u0259, atam\u0131n evind\u0259 m\u0259skunla\u015fm\u0131\u015fam. \u015e\u0259raitsiz v\u0259ziyy\u0259td\u0259 ya\u015fay\u0131r\u0131q. H\u0259yat yolda\u015f\u0131m onkoloji x\u0259st\u0259dir, \u00fcst\u0259lik, ikinci qrup \u0259lildir.\n<\/p>\n<p>\n  On il ya\u015fad\u0131\u011f\u0131m ev\u0259 elektrik, qaz, telefon x\u0259tti \u00e7\u0259kdirmi\u015f\u0259m. H\u0259tta h\u0259y\u0259td\u0259 anbarla yana\u015f\u0131, su \u00e7\u0259ni tikdirmi\u015f\u0259m. Sentyabrdan bu yana evimizd\u0259ki \u0259\u015fyalardan x\u0259b\u0259rimiz yoxdur\u201d.\n<\/p>\n<p>\n  Polis sah\u0259 inspektoru H\u0259\u015fimxan F\u0259rziyev Meydan TV \u0259m\u0259kda\u015f\u0131 il\u0259 s\u00f6hb\u0259tind\u0259 olay\u0131 t\u0259sdiql\u0259s\u0259 d\u0259, m\u0259s\u0259l\u0259 il\u0259 ba\u011fl\u0131 a\u00e7\u0131qlama verm\u0259k ist\u0259m\u0259diyini bildirib.\n<\/p>\n<p>\n  Lerik Rayon \u0130cra Hakimiyy\u0259tinin \u0130ctimai-siyasi v\u0259 humanitar m\u0259s\u0259l\u0259l\u0259r \u015f\u00f6b\u0259sinin m\u00fcdiri Arzu V\u0259lim\u0259mm\u0259dova Meydan TV-y\u0259 a\u00e7\u0131qlamas\u0131nda qurumun m\u0259s\u0259l\u0259y\u0259 m\u00fcnasib\u0259t bildirm\u0259y\u0259c\u0259yini s\u00f6yl\u0259yib.<\/p>\n","protected":false},"excerpt":{"rendered":"<p>&#8220;On il ya\u015fad\u0131\u011f\u0131m ev\u0259 elektrik, qaz, telefon x\u0259tti \u00e7\u0259kdirmi\u015f\u0259m\u201d.<\/p>\n","protected":false},"author":11,"featured_media":133593,"comment_status":"closed","ping_status":"open","sticky":false,"template":"","format":"standard","meta":{"_acf_changed":false,"_sitemap_exclude":false,"_sitemap_priority":"","_sitemap_frequency":"","footnotes":""},"categories":[60],"tags":[],"class_list":["post-198100","post","type-post","status-publish","format-standard","has-post-thumbnail","hentry","category-bolge","infinite-scroll-item","generate-columns","tablet-grid-50","mobile-grid-100","grid-parent","grid-33","no-featured-image-padding"],"acf":[],"yoast_head":"<!-- This site is optimized with the Yoast SEO plugin v27.5 - https:\/\/yoast.com\/product\/yoast-seo-wordpress\/ -->\n<title>Lerik sakini: Vilay\u0259t Eyvazovun q\u0259bulunda oldum, evimi \u0259limd\u0259n ald\u0131lar - MEYDAN.TV<\/title>\n<meta name=\"robots\" content=\"index, follow, max-snippet:-1, max-image-preview:large, max-video-preview:-1\" \/>\n<link rel=\"canonical\" href=\"https:\/\/www.meydan.tv\/az\/article\/lerik-sakini-vilayet-eyvazovun-qebulunda-oldum-evimi-elimden-aldilar\/\" \/>\n<meta property=\"og:locale\" content=\"az_AZ\" \/>\n<meta property=\"og:type\" content=\"article\" \/>\n<meta property=\"og:title\" content=\"Lerik sakini: Vilay\u0259t Eyvazovun q\u0259bulunda oldum, evimi \u0259limd\u0259n ald\u0131lar - MEYDAN.TV\" \/>\n<meta property=\"og:description\" content=\"&quot;On il ya\u015fad\u0131\u011f\u0131m ev\u0259 elektrik, qaz, telefon x\u0259tti \u00e7\u0259kdirmi\u015f\u0259m\u201d.\" \/>\n<meta property=\"og:url\" content=\"https:\/\/www.meydan.tv\/az\/article\/lerik-sakini-vilayet-eyvazovun-qebulunda-oldum-evimi-elimden-aldilar\/\" \/>\n<meta property=\"og:site_name\" content=\"MEYDAN.TV\" \/>\n<meta property=\"article:published_time\" content=\"2019-11-26T08:59:20+00:00\" \/>\n<meta property=\"og:image\" content=\"https:\/\/www.meydan.tv\/wp-content\/uploads\/image_from_ios_2_dflcn4k.jpg\" \/>\n\t<meta property=\"og:image:width\" content=\"960\" \/>\n\t<meta property=\"og:image:height\" content=\"720\" \/>\n\t<meta property=\"og:image:type\" content=\"image\/jpeg\" \/>\n<meta name=\"author\" content=\"user-manager\" \/>\n<meta name=\"twitter:card\" content=\"summary_large_image\" \/>\n<script type=\"application\/ld+json\" class=\"yoast-schema-graph\">{\"@context\":\"https:\\\/\\\/schema.org\",\"@graph\":[{\"@type\":\"Article\",\"@id\":\"https:\\\/\\\/www.meydan.tv\\\/az\\\/article\\\/lerik-sakini-vilayet-eyvazovun-qebulunda-oldum-evimi-elimden-aldilar\\\/#article\",\"isPartOf\":{\"@id\":\"https:\\\/\\\/www.meydan.tv\\\/az\\\/article\\\/lerik-sakini-vilayet-eyvazovun-qebulunda-oldum-evimi-elimden-aldilar\\\/\"},\"author\":{\"name\":\"user-manager\",\"@id\":\"https:\\\/\\\/www.meydan.tv\\\/az\\\/#\\\/schema\\\/person\\\/10d11eccf6da3662cf5fdab9806ea91a\"},\"headline\":\"Lerik sakini: Vilay\u0259t Eyvazovun q\u0259bulunda oldum, evimi \u0259limd\u0259n ald\u0131lar\",\"datePublished\":\"2019-11-26T08:59:20+00:00\",\"mainEntityOfPage\":{\"@id\":\"https:\\\/\\\/www.meydan.tv\\\/az\\\/article\\\/lerik-sakini-vilayet-eyvazovun-qebulunda-oldum-evimi-elimden-aldilar\\\/\"},\"wordCount\":847,\"publisher\":{\"@id\":\"https:\\\/\\\/www.meydan.tv\\\/az\\\/#organization\"},\"image\":{\"@id\":\"https:\\\/\\\/www.meydan.tv\\\/az\\\/article\\\/lerik-sakini-vilayet-eyvazovun-qebulunda-oldum-evimi-elimden-aldilar\\\/#primaryimage\"},\"thumbnailUrl\":\"https:\\\/\\\/www.meydan.tv\\\/wp-content\\\/uploads\\\/image_from_ios_2_dflcn4k.jpg\",\"articleSection\":[\"B\u00f6lg\u0259\"],\"inLanguage\":\"az\"},{\"@type\":\"WebPage\",\"@id\":\"https:\\\/\\\/www.meydan.tv\\\/az\\\/article\\\/lerik-sakini-vilayet-eyvazovun-qebulunda-oldum-evimi-elimden-aldilar\\\/\",\"url\":\"https:\\\/\\\/www.meydan.tv\\\/az\\\/article\\\/lerik-sakini-vilayet-eyvazovun-qebulunda-oldum-evimi-elimden-aldilar\\\/\",\"name\":\"Lerik sakini: Vilay\u0259t Eyvazovun q\u0259bulunda oldum, evimi \u0259limd\u0259n ald\u0131lar - MEYDAN.TV\",\"isPartOf\":{\"@id\":\"https:\\\/\\\/www.meydan.tv\\\/az\\\/#website\"},\"primaryImageOfPage\":{\"@id\":\"https:\\\/\\\/www.meydan.tv\\\/az\\\/article\\\/lerik-sakini-vilayet-eyvazovun-qebulunda-oldum-evimi-elimden-aldilar\\\/#primaryimage\"},\"image\":{\"@id\":\"https:\\\/\\\/www.meydan.tv\\\/az\\\/article\\\/lerik-sakini-vilayet-eyvazovun-qebulunda-oldum-evimi-elimden-aldilar\\\/#primaryimage\"},\"thumbnailUrl\":\"https:\\\/\\\/www.meydan.tv\\\/wp-content\\\/uploads\\\/image_from_ios_2_dflcn4k.jpg\",\"datePublished\":\"2019-11-26T08:59:20+00:00\",\"breadcrumb\":{\"@id\":\"https:\\\/\\\/www.meydan.tv\\\/az\\\/article\\\/lerik-sakini-vilayet-eyvazovun-qebulunda-oldum-evimi-elimden-aldilar\\\/#breadcrumb\"},\"inLanguage\":\"az\",\"potentialAction\":[{\"@type\":\"ReadAction\",\"target\":[\"https:\\\/\\\/www.meydan.tv\\\/az\\\/article\\\/lerik-sakini-vilayet-eyvazovun-qebulunda-oldum-evimi-elimden-aldilar\\\/\"]}]},{\"@type\":\"ImageObject\",\"inLanguage\":\"az\",\"@id\":\"https:\\\/\\\/www.meydan.tv\\\/az\\\/article\\\/lerik-sakini-vilayet-eyvazovun-qebulunda-oldum-evimi-elimden-aldilar\\\/#primaryimage\",\"url\":\"https:\\\/\\\/www.meydan.tv\\\/wp-content\\\/uploads\\\/image_from_ios_2_dflcn4k.jpg\",\"contentUrl\":\"https:\\\/\\\/www.meydan.tv\\\/wp-content\\\/uploads\\\/image_from_ios_2_dflcn4k.jpg\",\"width\":960,\"height\":720,\"caption\":\"Source: Specify Source\"},{\"@type\":\"BreadcrumbList\",\"@id\":\"https:\\\/\\\/www.meydan.tv\\\/az\\\/article\\\/lerik-sakini-vilayet-eyvazovun-qebulunda-oldum-evimi-elimden-aldilar\\\/#breadcrumb\",\"itemListElement\":[{\"@type\":\"ListItem\",\"position\":1,\"name\":\"Ana s\u0259hif\u0259\",\"item\":\"https:\\\/\\\/www.meydan.tv\\\/az\\\/\"},{\"@type\":\"ListItem\",\"position\":2,\"name\":\"B\u00f6lg\u0259\",\"item\":\"https:\\\/\\\/www.meydan.tv\\\/az\\\/section\\\/bolge\\\/\"},{\"@type\":\"ListItem\",\"position\":3,\"name\":\"Lerik sakini: Vilay\u0259t Eyvazovun q\u0259bulunda oldum, evimi \u0259limd\u0259n ald\u0131lar\"}]},{\"@type\":\"WebSite\",\"@id\":\"https:\\\/\\\/www.meydan.tv\\\/az\\\/#website\",\"url\":\"https:\\\/\\\/www.meydan.tv\\\/az\\\/\",\"name\":\"MEYDAN.TV\",\"description\":\"Meydan TV Az\u0259rbaycan\u0131n media m\u0259kan\u0131ndak\u0131 alternativ s\u0259sidir\",\"publisher\":{\"@id\":\"https:\\\/\\\/www.meydan.tv\\\/az\\\/#organization\"},\"potentialAction\":[{\"@type\":\"SearchAction\",\"target\":{\"@type\":\"EntryPoint\",\"urlTemplate\":\"https:\\\/\\\/www.meydan.tv\\\/az\\\/?s={search_term_string}\"},\"query-input\":{\"@type\":\"PropertyValueSpecification\",\"valueRequired\":true,\"valueName\":\"search_term_string\"}}],\"inLanguage\":\"az\"},{\"@type\":\"Organization\",\"@id\":\"https:\\\/\\\/www.meydan.tv\\\/az\\\/#organization\",\"name\":\"Meydan TV\",\"url\":\"https:\\\/\\\/www.meydan.tv\\\/az\\\/\",\"logo\":{\"@type\":\"ImageObject\",\"inLanguage\":\"az\",\"@id\":\"https:\\\/\\\/www.meydan.tv\\\/az\\\/#\\\/schema\\\/logo\\\/image\\\/\",\"url\":\"https:\\\/\\\/www.meydan.tv\\\/wp-content\\\/uploads\\\/2021\\\/07\\\/meydan-logo.svg\",\"contentUrl\":\"https:\\\/\\\/www.meydan.tv\\\/wp-content\\\/uploads\\\/2021\\\/07\\\/meydan-logo.svg\",\"width\":195,\"height\":46,\"caption\":\"Meydan TV\"},\"image\":{\"@id\":\"https:\\\/\\\/www.meydan.tv\\\/az\\\/#\\\/schema\\\/logo\\\/image\\\/\"}},{\"@type\":\"Person\",\"@id\":\"https:\\\/\\\/www.meydan.tv\\\/az\\\/#\\\/schema\\\/person\\\/10d11eccf6da3662cf5fdab9806ea91a\",\"name\":\"user-manager\"}]}<\/script>\n<!-- \/ Yoast SEO plugin. -->","yoast_head_json":{"title":"Lerik sakini: Vilay\u0259t Eyvazovun q\u0259bulunda oldum, evimi \u0259limd\u0259n ald\u0131lar - MEYDAN.TV","robots":{"index":"index","follow":"follow","max-snippet":"max-snippet:-1","max-image-preview":"max-image-preview:large","max-video-preview":"max-video-preview:-1"},"canonical":"https:\/\/www.meydan.tv\/az\/article\/lerik-sakini-vilayet-eyvazovun-qebulunda-oldum-evimi-elimden-aldilar\/","og_locale":"az_AZ","og_type":"article","og_title":"Lerik sakini: Vilay\u0259t Eyvazovun q\u0259bulunda oldum, evimi \u0259limd\u0259n ald\u0131lar - MEYDAN.TV","og_description":"\"On il ya\u015fad\u0131\u011f\u0131m ev\u0259 elektrik, qaz, telefon x\u0259tti \u00e7\u0259kdirmi\u015f\u0259m\u201d.","og_url":"https:\/\/www.meydan.tv\/az\/article\/lerik-sakini-vilayet-eyvazovun-qebulunda-oldum-evimi-elimden-aldilar\/","og_site_name":"MEYDAN.TV","article_published_time":"2019-11-26T08:59:20+00:00","og_image":[{"width":960,"height":720,"url":"https:\/\/www.meydan.tv\/wp-content\/uploads\/image_from_ios_2_dflcn4k.jpg","type":"image\/jpeg"}],"author":"user-manager","twitter_card":"summary_large_image","schema":{"@context":"https:\/\/schema.org","@graph":[{"@type":"Article","@id":"https:\/\/www.meydan.tv\/az\/article\/lerik-sakini-vilayet-eyvazovun-qebulunda-oldum-evimi-elimden-aldilar\/#article","isPartOf":{"@id":"https:\/\/www.meydan.tv\/az\/article\/lerik-sakini-vilayet-eyvazovun-qebulunda-oldum-evimi-elimden-aldilar\/"},"author":{"name":"user-manager","@id":"https:\/\/www.meydan.tv\/az\/#\/schema\/person\/10d11eccf6da3662cf5fdab9806ea91a"},"headline":"Lerik sakini: Vilay\u0259t Eyvazovun q\u0259bulunda oldum, evimi \u0259limd\u0259n ald\u0131lar","datePublished":"2019-11-26T08:59:20+00:00","mainEntityOfPage":{"@id":"https:\/\/www.meydan.tv\/az\/article\/lerik-sakini-vilayet-eyvazovun-qebulunda-oldum-evimi-elimden-aldilar\/"},"wordCount":847,"publisher":{"@id":"https:\/\/www.meydan.tv\/az\/#organization"},"image":{"@id":"https:\/\/www.meydan.tv\/az\/article\/lerik-sakini-vilayet-eyvazovun-qebulunda-oldum-evimi-elimden-aldilar\/#primaryimage"},"thumbnailUrl":"https:\/\/www.meydan.tv\/wp-content\/uploads\/image_from_ios_2_dflcn4k.jpg","articleSection":["B\u00f6lg\u0259"],"inLanguage":"az"},{"@type":"WebPage","@id":"https:\/\/www.meydan.tv\/az\/article\/lerik-sakini-vilayet-eyvazovun-qebulunda-oldum-evimi-elimden-aldilar\/","url":"https:\/\/www.meydan.tv\/az\/article\/lerik-sakini-vilayet-eyvazovun-qebulunda-oldum-evimi-elimden-aldilar\/","name":"Lerik sakini: Vilay\u0259t Eyvazovun q\u0259bulunda oldum, evimi \u0259limd\u0259n ald\u0131lar - MEYDAN.TV","isPartOf":{"@id":"https:\/\/www.meydan.tv\/az\/#website"},"primaryImageOfPage":{"@id":"https:\/\/www.meydan.tv\/az\/article\/lerik-sakini-vilayet-eyvazovun-qebulunda-oldum-evimi-elimden-aldilar\/#primaryimage"},"image":{"@id":"https:\/\/www.meydan.tv\/az\/article\/lerik-sakini-vilayet-eyvazovun-qebulunda-oldum-evimi-elimden-aldilar\/#primaryimage"},"thumbnailUrl":"https:\/\/www.meydan.tv\/wp-content\/uploads\/image_from_ios_2_dflcn4k.jpg","datePublished":"2019-11-26T08:59:20+00:00","breadcrumb":{"@id":"https:\/\/www.meydan.tv\/az\/article\/lerik-sakini-vilayet-eyvazovun-qebulunda-oldum-evimi-elimden-aldilar\/#breadcrumb"},"inLanguage":"az","potentialAction":[{"@type":"ReadAction","target":["https:\/\/www.meydan.tv\/az\/article\/lerik-sakini-vilayet-eyvazovun-qebulunda-oldum-evimi-elimden-aldilar\/"]}]},{"@type":"ImageObject","inLanguage":"az","@id":"https:\/\/www.meydan.tv\/az\/article\/lerik-sakini-vilayet-eyvazovun-qebulunda-oldum-evimi-elimden-aldilar\/#primaryimage","url":"https:\/\/www.meydan.tv\/wp-content\/uploads\/image_from_ios_2_dflcn4k.jpg","contentUrl":"https:\/\/www.meydan.tv\/wp-content\/uploads\/image_from_ios_2_dflcn4k.jpg","width":960,"height":720,"caption":"Source: Specify Source"},{"@type":"BreadcrumbList","@id":"https:\/\/www.meydan.tv\/az\/article\/lerik-sakini-vilayet-eyvazovun-qebulunda-oldum-evimi-elimden-aldilar\/#breadcrumb","itemListElement":[{"@type":"ListItem","position":1,"name":"Ana s\u0259hif\u0259","item":"https:\/\/www.meydan.tv\/az\/"},{"@type":"ListItem","position":2,"name":"B\u00f6lg\u0259","item":"https:\/\/www.meydan.tv\/az\/section\/bolge\/"},{"@type":"ListItem","position":3,"name":"Lerik sakini: Vilay\u0259t Eyvazovun q\u0259bulunda oldum, evimi \u0259limd\u0259n ald\u0131lar"}]},{"@type":"WebSite","@id":"https:\/\/www.meydan.tv\/az\/#website","url":"https:\/\/www.meydan.tv\/az\/","name":"MEYDAN.TV","description":"Meydan TV Az\u0259rbaycan\u0131n media m\u0259kan\u0131ndak\u0131 alternativ s\u0259sidir","publisher":{"@id":"https:\/\/www.meydan.tv\/az\/#organization"},"potentialAction":[{"@type":"SearchAction","target":{"@type":"EntryPoint","urlTemplate":"https:\/\/www.meydan.tv\/az\/?s={search_term_string}"},"query-input":{"@type":"PropertyValueSpecification","valueRequired":true,"valueName":"search_term_string"}}],"inLanguage":"az"},{"@type":"Organization","@id":"https:\/\/www.meydan.tv\/az\/#organization","name":"Meydan TV","url":"https:\/\/www.meydan.tv\/az\/","logo":{"@type":"ImageObject","inLanguage":"az","@id":"https:\/\/www.meydan.tv\/az\/#\/schema\/logo\/image\/","url":"https:\/\/www.meydan.tv\/wp-content\/uploads\/2021\/07\/meydan-logo.svg","contentUrl":"https:\/\/www.meydan.tv\/wp-content\/uploads\/2021\/07\/meydan-logo.svg","width":195,"height":46,"caption":"Meydan TV"},"image":{"@id":"https:\/\/www.meydan.tv\/az\/#\/schema\/logo\/image\/"}},{"@type":"Person","@id":"https:\/\/www.meydan.tv\/az\/#\/schema\/person\/10d11eccf6da3662cf5fdab9806ea91a","name":"user-manager"}]}},"_links":{"self":[{"href":"https:\/\/www.meydan.tv\/az\/wp-json\/wp\/v2\/posts\/198100","targetHints":{"allow":["GET"]}}],"collection":[{"href":"https:\/\/www.meydan.tv\/az\/wp-json\/wp\/v2\/posts"}],"about":[{"href":"https:\/\/www.meydan.tv\/az\/wp-json\/wp\/v2\/types\/post"}],"author":[{"embeddable":true,"href":"https:\/\/www.meydan.tv\/az\/wp-json\/wp\/v2\/users\/11"}],"replies":[{"embeddable":true,"href":"https:\/\/www.meydan.tv\/az\/wp-json\/wp\/v2\/comments?post=198100"}],"version-history":[{"count":0,"href":"https:\/\/www.meydan.tv\/az\/wp-json\/wp\/v2\/posts\/198100\/revisions"}],"wp:featuredmedia":[{"embeddable":true,"href":"https:\/\/www.meydan.tv\/az\/wp-json\/wp\/v2\/media\/133593"}],"wp:attachment":[{"href":"https:\/\/www.meydan.tv\/az\/wp-json\/wp\/v2\/media?parent=198100"}],"wp:term":[{"taxonomy":"category","embeddable":true,"href":"https:\/\/www.meydan.tv\/az\/wp-json\/wp\/v2\/categories?post=198100"},{"taxonomy":"post_tag","embeddable":true,"href":"https:\/\/www.meydan.tv\/az\/wp-json\/wp\/v2\/tags?post=198100"}],"curies":[{"name":"wp","href":"https:\/\/api.w.org\/{rel}","templated":true}]}}