{"id":198097,"date":"2019-11-26T08:30:40","date_gmt":"2019-11-26T08:30:40","guid":{"rendered":"https:\/\/www.meydan.tv\/article\/6-telebe-dem-qazindan-zeherlenib\/"},"modified":"2019-11-26T08:30:40","modified_gmt":"2019-11-26T08:30:40","slug":"6-telebe-dem-qazindan-zeherlenib","status":"publish","type":"post","link":"https:\/\/www.meydan.tv\/az\/article\/6-telebe-dem-qazindan-zeherlenib\/","title":{"rendered":"6 t\u0259l\u0259b\u0259 d\u0259m qaz\u0131ndan z\u0259h\u0259rl\u0259nib"},"content":{"rendered":"<p>\n  <i><br \/>\n    H\u0259kiml\u0259r t\u0259l\u0259b\u0259l\u0259rin durumunu orta-a\u011f\u0131r kimi qiym\u0259tl\u0259ndirib<br \/>\n  <\/i>\n<\/p>\n<p>\n  Noyabr\u0131n 26-da X\u0259z\u0259r Universitetinin 6 t\u0259l\u0259b\u0259si kiray\u0259 qald\u0131qlar\u0131 m\u0259nzild\u0259 d\u0259m qaz\u0131ndan z\u0259h\u0259rl\u0259nib. Hadis\u0259 Qara Qarayev prospekti 76, m\u0259nzil 28 \u00fcnvan\u0131nda ba\u015f verib.\n<\/p>\n<p>\n  M\u0259lumat\u0131 S\u0259hiyy\u0259 Nazirliyinin M\u0259tbuat Xidm\u0259ti yay\u0131b.\n<\/p>\n<p>\n  Bildirilib ki, Kliniki Tibbi M\u0259rk\u0259zin Toksikologiya \u015f\u00f6b\u0259sind\u0259 t\u0259l\u0259b\u0259 q\u0131zlara ilkin tibbi yard\u0131m g\u00f6st\u0259rilib v\u0259 onlar ev\u0259 burax\u0131l\u0131blar. H\u0259kiml\u0259r t\u0259l\u0259b\u0259l\u0259rin durumunu orta-a\u011f\u0131r kimi qiym\u0259tl\u0259ndirib.\n<\/p>\n<p>\n  Noyabr\u0131n 21-d\u0259 is\u0259<br \/>\n  <a href=\"https:\/\/www.meydan.tv\/az\/article\/bdu-da-zeherlenme-telebeler-arasinda-olen-var\/?ref=list-news\"><br \/>\n    Bak\u0131 D\u00f6vl\u0259t Universiteti<br \/>\n  <\/a><br \/>\n  nin 2 n\u00f6mr\u0259li yataqxanas\u0131nda 3 t\u0259l\u0259b\u0259 q\u0131z z\u0259h\u0259rl\u0259nmi\u015fdi. Onlardan \u015e\u0259k\u0259r Hast\u0259mova h\u0259min g\u00fcn v\u0259fat etdi.\n<\/p>\n<p>\n  Hadis\u0259 il\u0259 \u0259laq\u0259dar Bak\u0131 \u015e\u0259h\u0259r Prokurorlu\u011funda Cinay\u0259t M\u0259c\u0259ll\u0259sinin 314.2-ci (s\u0259hl\u0259nkarl\u0131q, ehtiyats\u0131zl\u0131qdan z\u0259r\u0259r\u00e7\u0259kmi\u015f \u015f\u0259xsin \u00f6l\u00fcm\u00fcn\u0259 v\u0259 ya dig\u0259r a\u011f\u0131r n\u0259tic\u0259l\u0259r\u0259 s\u0259b\u0259b olduqda) madd\u0259si il\u0259 cinay\u0259t i\u015fi a\u00e7\u0131l\u0131b. Q\u0131zlar\u0131n n\u0259d\u0259n z\u0259h\u0259rl\u0259ndiyi h\u0259l\u0259 m\u0259lum deyil.<\/p>\n","protected":false},"excerpt":{"rendered":"<p>Bildirilib ki, Kliniki Tibbi M\u0259rk\u0259zin Toksikologiya \u015f\u00f6b\u0259sind\u0259 t\u0259l\u0259b\u0259 q\u0131zlara ilkin tibbi yard\u0131m g\u00f6st\u0259rilib v\u0259 onlar ev\u0259 burax\u0131l\u0131blar.<\/p>\n","protected":false},"author":11,"featured_media":133587,"comment_status":"closed","ping_status":"open","sticky":false,"template":"","format":"standard","meta":{"_acf_changed":false,"_sitemap_exclude":false,"_sitemap_priority":"","_sitemap_frequency":"","footnotes":""},"categories":[62],"tags":[],"class_list":["post-198097","post","type-post","status-publish","format-standard","has-post-thumbnail","hentry","category-sosial","infinite-scroll-item","generate-columns","tablet-grid-50","mobile-grid-100","grid-parent","grid-33","no-featured-image-padding"],"acf":[],"yoast_head":"<!-- This site is optimized with the Yoast SEO plugin v27.4 - https:\/\/yoast.com\/product\/yoast-seo-wordpress\/ -->\n<title>6 t\u0259l\u0259b\u0259 d\u0259m qaz\u0131ndan z\u0259h\u0259rl\u0259nib - MEYDAN.TV<\/title>\n<meta name=\"robots\" content=\"index, follow, max-snippet:-1, max-image-preview:large, max-video-preview:-1\" \/>\n<link rel=\"canonical\" href=\"https:\/\/www.meydan.tv\/az\/article\/6-telebe-dem-qazindan-zeherlenib\/\" \/>\n<meta property=\"og:locale\" content=\"az_AZ\" \/>\n<meta property=\"og:type\" content=\"article\" \/>\n<meta property=\"og:title\" content=\"6 t\u0259l\u0259b\u0259 d\u0259m qaz\u0131ndan z\u0259h\u0259rl\u0259nib - MEYDAN.TV\" \/>\n<meta property=\"og:description\" content=\"Bildirilib ki, Kliniki Tibbi M\u0259rk\u0259zin Toksikologiya \u015f\u00f6b\u0259sind\u0259 t\u0259l\u0259b\u0259 q\u0131zlara ilkin tibbi yard\u0131m g\u00f6st\u0259rilib v\u0259 onlar ev\u0259 burax\u0131l\u0131blar.\" \/>\n<meta property=\"og:url\" content=\"https:\/\/www.meydan.tv\/az\/article\/6-telebe-dem-qazindan-zeherlenib\/\" \/>\n<meta property=\"og:site_name\" content=\"MEYDAN.TV\" \/>\n<meta property=\"article:published_time\" content=\"2019-11-26T08:30:40+00:00\" \/>\n<meta property=\"og:image\" content=\"https:\/\/www.meydan.tv\/wp-content\/uploads\/xzr-universiteti.jpg\" \/>\n\t<meta property=\"og:image:width\" content=\"1280\" \/>\n\t<meta property=\"og:image:height\" content=\"635\" \/>\n\t<meta property=\"og:image:type\" content=\"image\/jpeg\" \/>\n<meta name=\"author\" content=\"user-manager\" \/>\n<meta name=\"twitter:card\" content=\"summary_large_image\" \/>\n<script type=\"application\/ld+json\" class=\"yoast-schema-graph\">{\"@context\":\"https:\\\/\\\/schema.org\",\"@graph\":[{\"@type\":\"Article\",\"@id\":\"https:\\\/\\\/www.meydan.tv\\\/az\\\/article\\\/6-telebe-dem-qazindan-zeherlenib\\\/#article\",\"isPartOf\":{\"@id\":\"https:\\\/\\\/www.meydan.tv\\\/az\\\/article\\\/6-telebe-dem-qazindan-zeherlenib\\\/\"},\"author\":{\"name\":\"user-manager\",\"@id\":\"https:\\\/\\\/www.meydan.tv\\\/az\\\/#\\\/schema\\\/person\\\/10d11eccf6da3662cf5fdab9806ea91a\"},\"headline\":\"6 t\u0259l\u0259b\u0259 d\u0259m qaz\u0131ndan z\u0259h\u0259rl\u0259nib\",\"datePublished\":\"2019-11-26T08:30:40+00:00\",\"mainEntityOfPage\":{\"@id\":\"https:\\\/\\\/www.meydan.tv\\\/az\\\/article\\\/6-telebe-dem-qazindan-zeherlenib\\\/\"},\"wordCount\":221,\"publisher\":{\"@id\":\"https:\\\/\\\/www.meydan.tv\\\/az\\\/#organization\"},\"image\":{\"@id\":\"https:\\\/\\\/www.meydan.tv\\\/az\\\/article\\\/6-telebe-dem-qazindan-zeherlenib\\\/#primaryimage\"},\"thumbnailUrl\":\"https:\\\/\\\/www.meydan.tv\\\/wp-content\\\/uploads\\\/xzr-universiteti.jpg\",\"articleSection\":[\"Sosial\"],\"inLanguage\":\"az\"},{\"@type\":\"WebPage\",\"@id\":\"https:\\\/\\\/www.meydan.tv\\\/az\\\/article\\\/6-telebe-dem-qazindan-zeherlenib\\\/\",\"url\":\"https:\\\/\\\/www.meydan.tv\\\/az\\\/article\\\/6-telebe-dem-qazindan-zeherlenib\\\/\",\"name\":\"6 t\u0259l\u0259b\u0259 d\u0259m qaz\u0131ndan z\u0259h\u0259rl\u0259nib - MEYDAN.TV\",\"isPartOf\":{\"@id\":\"https:\\\/\\\/www.meydan.tv\\\/az\\\/#website\"},\"primaryImageOfPage\":{\"@id\":\"https:\\\/\\\/www.meydan.tv\\\/az\\\/article\\\/6-telebe-dem-qazindan-zeherlenib\\\/#primaryimage\"},\"image\":{\"@id\":\"https:\\\/\\\/www.meydan.tv\\\/az\\\/article\\\/6-telebe-dem-qazindan-zeherlenib\\\/#primaryimage\"},\"thumbnailUrl\":\"https:\\\/\\\/www.meydan.tv\\\/wp-content\\\/uploads\\\/xzr-universiteti.jpg\",\"datePublished\":\"2019-11-26T08:30:40+00:00\",\"breadcrumb\":{\"@id\":\"https:\\\/\\\/www.meydan.tv\\\/az\\\/article\\\/6-telebe-dem-qazindan-zeherlenib\\\/#breadcrumb\"},\"inLanguage\":\"az\",\"potentialAction\":[{\"@type\":\"ReadAction\",\"target\":[\"https:\\\/\\\/www.meydan.tv\\\/az\\\/article\\\/6-telebe-dem-qazindan-zeherlenib\\\/\"]}]},{\"@type\":\"ImageObject\",\"inLanguage\":\"az\",\"@id\":\"https:\\\/\\\/www.meydan.tv\\\/az\\\/article\\\/6-telebe-dem-qazindan-zeherlenib\\\/#primaryimage\",\"url\":\"https:\\\/\\\/www.meydan.tv\\\/wp-content\\\/uploads\\\/xzr-universiteti.jpg\",\"contentUrl\":\"https:\\\/\\\/www.meydan.tv\\\/wp-content\\\/uploads\\\/xzr-universiteti.jpg\",\"width\":1280,\"height\":635,\"caption\":\"Source: Foto: arxiv\"},{\"@type\":\"BreadcrumbList\",\"@id\":\"https:\\\/\\\/www.meydan.tv\\\/az\\\/article\\\/6-telebe-dem-qazindan-zeherlenib\\\/#breadcrumb\",\"itemListElement\":[{\"@type\":\"ListItem\",\"position\":1,\"name\":\"Ana s\u0259hif\u0259\",\"item\":\"https:\\\/\\\/www.meydan.tv\\\/az\\\/\"},{\"@type\":\"ListItem\",\"position\":2,\"name\":\"Sosial\",\"item\":\"https:\\\/\\\/www.meydan.tv\\\/az\\\/section\\\/sosial\\\/\"},{\"@type\":\"ListItem\",\"position\":3,\"name\":\"6 t\u0259l\u0259b\u0259 d\u0259m qaz\u0131ndan z\u0259h\u0259rl\u0259nib\"}]},{\"@type\":\"WebSite\",\"@id\":\"https:\\\/\\\/www.meydan.tv\\\/az\\\/#website\",\"url\":\"https:\\\/\\\/www.meydan.tv\\\/az\\\/\",\"name\":\"MEYDAN.TV\",\"description\":\"Meydan TV Az\u0259rbaycan\u0131n media m\u0259kan\u0131ndak\u0131 alternativ s\u0259sidir\",\"publisher\":{\"@id\":\"https:\\\/\\\/www.meydan.tv\\\/az\\\/#organization\"},\"potentialAction\":[{\"@type\":\"SearchAction\",\"target\":{\"@type\":\"EntryPoint\",\"urlTemplate\":\"https:\\\/\\\/www.meydan.tv\\\/az\\\/?s={search_term_string}\"},\"query-input\":{\"@type\":\"PropertyValueSpecification\",\"valueRequired\":true,\"valueName\":\"search_term_string\"}}],\"inLanguage\":\"az\"},{\"@type\":\"Organization\",\"@id\":\"https:\\\/\\\/www.meydan.tv\\\/az\\\/#organization\",\"name\":\"Meydan TV\",\"url\":\"https:\\\/\\\/www.meydan.tv\\\/az\\\/\",\"logo\":{\"@type\":\"ImageObject\",\"inLanguage\":\"az\",\"@id\":\"https:\\\/\\\/www.meydan.tv\\\/az\\\/#\\\/schema\\\/logo\\\/image\\\/\",\"url\":\"https:\\\/\\\/www.meydan.tv\\\/wp-content\\\/uploads\\\/2021\\\/07\\\/meydan-logo.svg\",\"contentUrl\":\"https:\\\/\\\/www.meydan.tv\\\/wp-content\\\/uploads\\\/2021\\\/07\\\/meydan-logo.svg\",\"width\":195,\"height\":46,\"caption\":\"Meydan TV\"},\"image\":{\"@id\":\"https:\\\/\\\/www.meydan.tv\\\/az\\\/#\\\/schema\\\/logo\\\/image\\\/\"}},{\"@type\":\"Person\",\"@id\":\"https:\\\/\\\/www.meydan.tv\\\/az\\\/#\\\/schema\\\/person\\\/10d11eccf6da3662cf5fdab9806ea91a\",\"name\":\"user-manager\"}]}<\/script>\n<!-- \/ Yoast SEO plugin. -->","yoast_head_json":{"title":"6 t\u0259l\u0259b\u0259 d\u0259m qaz\u0131ndan z\u0259h\u0259rl\u0259nib - MEYDAN.TV","robots":{"index":"index","follow":"follow","max-snippet":"max-snippet:-1","max-image-preview":"max-image-preview:large","max-video-preview":"max-video-preview:-1"},"canonical":"https:\/\/www.meydan.tv\/az\/article\/6-telebe-dem-qazindan-zeherlenib\/","og_locale":"az_AZ","og_type":"article","og_title":"6 t\u0259l\u0259b\u0259 d\u0259m qaz\u0131ndan z\u0259h\u0259rl\u0259nib - MEYDAN.TV","og_description":"Bildirilib ki, Kliniki Tibbi M\u0259rk\u0259zin Toksikologiya \u015f\u00f6b\u0259sind\u0259 t\u0259l\u0259b\u0259 q\u0131zlara ilkin tibbi yard\u0131m g\u00f6st\u0259rilib v\u0259 onlar ev\u0259 burax\u0131l\u0131blar.","og_url":"https:\/\/www.meydan.tv\/az\/article\/6-telebe-dem-qazindan-zeherlenib\/","og_site_name":"MEYDAN.TV","article_published_time":"2019-11-26T08:30:40+00:00","og_image":[{"width":1280,"height":635,"url":"https:\/\/www.meydan.tv\/wp-content\/uploads\/xzr-universiteti.jpg","type":"image\/jpeg"}],"author":"user-manager","twitter_card":"summary_large_image","schema":{"@context":"https:\/\/schema.org","@graph":[{"@type":"Article","@id":"https:\/\/www.meydan.tv\/az\/article\/6-telebe-dem-qazindan-zeherlenib\/#article","isPartOf":{"@id":"https:\/\/www.meydan.tv\/az\/article\/6-telebe-dem-qazindan-zeherlenib\/"},"author":{"name":"user-manager","@id":"https:\/\/www.meydan.tv\/az\/#\/schema\/person\/10d11eccf6da3662cf5fdab9806ea91a"},"headline":"6 t\u0259l\u0259b\u0259 d\u0259m qaz\u0131ndan z\u0259h\u0259rl\u0259nib","datePublished":"2019-11-26T08:30:40+00:00","mainEntityOfPage":{"@id":"https:\/\/www.meydan.tv\/az\/article\/6-telebe-dem-qazindan-zeherlenib\/"},"wordCount":221,"publisher":{"@id":"https:\/\/www.meydan.tv\/az\/#organization"},"image":{"@id":"https:\/\/www.meydan.tv\/az\/article\/6-telebe-dem-qazindan-zeherlenib\/#primaryimage"},"thumbnailUrl":"https:\/\/www.meydan.tv\/wp-content\/uploads\/xzr-universiteti.jpg","articleSection":["Sosial"],"inLanguage":"az"},{"@type":"WebPage","@id":"https:\/\/www.meydan.tv\/az\/article\/6-telebe-dem-qazindan-zeherlenib\/","url":"https:\/\/www.meydan.tv\/az\/article\/6-telebe-dem-qazindan-zeherlenib\/","name":"6 t\u0259l\u0259b\u0259 d\u0259m qaz\u0131ndan z\u0259h\u0259rl\u0259nib - MEYDAN.TV","isPartOf":{"@id":"https:\/\/www.meydan.tv\/az\/#website"},"primaryImageOfPage":{"@id":"https:\/\/www.meydan.tv\/az\/article\/6-telebe-dem-qazindan-zeherlenib\/#primaryimage"},"image":{"@id":"https:\/\/www.meydan.tv\/az\/article\/6-telebe-dem-qazindan-zeherlenib\/#primaryimage"},"thumbnailUrl":"https:\/\/www.meydan.tv\/wp-content\/uploads\/xzr-universiteti.jpg","datePublished":"2019-11-26T08:30:40+00:00","breadcrumb":{"@id":"https:\/\/www.meydan.tv\/az\/article\/6-telebe-dem-qazindan-zeherlenib\/#breadcrumb"},"inLanguage":"az","potentialAction":[{"@type":"ReadAction","target":["https:\/\/www.meydan.tv\/az\/article\/6-telebe-dem-qazindan-zeherlenib\/"]}]},{"@type":"ImageObject","inLanguage":"az","@id":"https:\/\/www.meydan.tv\/az\/article\/6-telebe-dem-qazindan-zeherlenib\/#primaryimage","url":"https:\/\/www.meydan.tv\/wp-content\/uploads\/xzr-universiteti.jpg","contentUrl":"https:\/\/www.meydan.tv\/wp-content\/uploads\/xzr-universiteti.jpg","width":1280,"height":635,"caption":"Source: Foto: arxiv"},{"@type":"BreadcrumbList","@id":"https:\/\/www.meydan.tv\/az\/article\/6-telebe-dem-qazindan-zeherlenib\/#breadcrumb","itemListElement":[{"@type":"ListItem","position":1,"name":"Ana s\u0259hif\u0259","item":"https:\/\/www.meydan.tv\/az\/"},{"@type":"ListItem","position":2,"name":"Sosial","item":"https:\/\/www.meydan.tv\/az\/section\/sosial\/"},{"@type":"ListItem","position":3,"name":"6 t\u0259l\u0259b\u0259 d\u0259m qaz\u0131ndan z\u0259h\u0259rl\u0259nib"}]},{"@type":"WebSite","@id":"https:\/\/www.meydan.tv\/az\/#website","url":"https:\/\/www.meydan.tv\/az\/","name":"MEYDAN.TV","description":"Meydan TV Az\u0259rbaycan\u0131n media m\u0259kan\u0131ndak\u0131 alternativ s\u0259sidir","publisher":{"@id":"https:\/\/www.meydan.tv\/az\/#organization"},"potentialAction":[{"@type":"SearchAction","target":{"@type":"EntryPoint","urlTemplate":"https:\/\/www.meydan.tv\/az\/?s={search_term_string}"},"query-input":{"@type":"PropertyValueSpecification","valueRequired":true,"valueName":"search_term_string"}}],"inLanguage":"az"},{"@type":"Organization","@id":"https:\/\/www.meydan.tv\/az\/#organization","name":"Meydan TV","url":"https:\/\/www.meydan.tv\/az\/","logo":{"@type":"ImageObject","inLanguage":"az","@id":"https:\/\/www.meydan.tv\/az\/#\/schema\/logo\/image\/","url":"https:\/\/www.meydan.tv\/wp-content\/uploads\/2021\/07\/meydan-logo.svg","contentUrl":"https:\/\/www.meydan.tv\/wp-content\/uploads\/2021\/07\/meydan-logo.svg","width":195,"height":46,"caption":"Meydan TV"},"image":{"@id":"https:\/\/www.meydan.tv\/az\/#\/schema\/logo\/image\/"}},{"@type":"Person","@id":"https:\/\/www.meydan.tv\/az\/#\/schema\/person\/10d11eccf6da3662cf5fdab9806ea91a","name":"user-manager"}]}},"_links":{"self":[{"href":"https:\/\/www.meydan.tv\/az\/wp-json\/wp\/v2\/posts\/198097","targetHints":{"allow":["GET"]}}],"collection":[{"href":"https:\/\/www.meydan.tv\/az\/wp-json\/wp\/v2\/posts"}],"about":[{"href":"https:\/\/www.meydan.tv\/az\/wp-json\/wp\/v2\/types\/post"}],"author":[{"embeddable":true,"href":"https:\/\/www.meydan.tv\/az\/wp-json\/wp\/v2\/users\/11"}],"replies":[{"embeddable":true,"href":"https:\/\/www.meydan.tv\/az\/wp-json\/wp\/v2\/comments?post=198097"}],"version-history":[{"count":0,"href":"https:\/\/www.meydan.tv\/az\/wp-json\/wp\/v2\/posts\/198097\/revisions"}],"wp:featuredmedia":[{"embeddable":true,"href":"https:\/\/www.meydan.tv\/az\/wp-json\/wp\/v2\/media\/133587"}],"wp:attachment":[{"href":"https:\/\/www.meydan.tv\/az\/wp-json\/wp\/v2\/media?parent=198097"}],"wp:term":[{"taxonomy":"category","embeddable":true,"href":"https:\/\/www.meydan.tv\/az\/wp-json\/wp\/v2\/categories?post=198097"},{"taxonomy":"post_tag","embeddable":true,"href":"https:\/\/www.meydan.tv\/az\/wp-json\/wp\/v2\/tags?post=198097"}],"curies":[{"name":"wp","href":"https:\/\/api.w.org\/{rel}","templated":true}]}}