{"id":198096,"date":"2019-11-26T08:25:47","date_gmt":"2019-11-26T08:25:47","guid":{"rendered":"https:\/\/www.meydan.tv\/article\/gurcustanda-hakim-partiyanin-proporsional-sisteme-kecmemesi-etirazlara-tekan-verir\/"},"modified":"2019-11-26T08:25:47","modified_gmt":"2019-11-26T08:25:47","slug":"gurcustanda-hakim-partiyanin-proporsional-sisteme-kecmemesi-etirazlara-tekan-verir","status":"publish","type":"post","link":"https:\/\/www.meydan.tv\/az\/article\/gurcustanda-hakim-partiyanin-proporsional-sisteme-kecmemesi-etirazlara-tekan-verir\/","title":{"rendered":"G\u00fcrc\u00fcstanda hakim partiyan\u0131n proporsional sistem\u0259 ke\u00e7m\u0259m\u0259si etirazlara t\u0259kan verir"},"content":{"rendered":"<p>\n  <i><br \/>\n    \u201cM\u0259s\u0259l\u0259 ba\u011fland\u0131 v\u0259 se\u00e7ki sistemind\u0259 he\u00e7 bir d\u0259yi\u015fiklik olmayacaq\u201d<br \/>\n  <\/i>\n<\/p>\n<p>\n  G\u00fcrc\u00fcstan paytaxt\u0131n\u0131n m\u0259rk\u0259zind\u0259 bir ne\u00e7\u0259 min insan etiraz edir. RFE RL x\u0259b\u0259r verir ki, etirazlara baxmayaraq, hakim partiyan\u0131n se\u00e7ki islahatlar\u0131n\u0131 q\u0259bul etm\u0259diyi \u00fc\u00e7\u00fcn noyabr\u0131n 25-d\u0259 m\u00fcxalif\u0259tin d\u0259st\u0259k\u00e7il\u0259ri Tbilisinin Respublika Meydan\u0131ndan parlamentin binas\u0131na do\u011fru h\u0259r\u0259k\u0259t edib. Onlar \u015f\u0259h\u0259rin \u0259sas magistral yolu olan Rustaveli prospektind\u0259 n\u0259qliyyat\u0131n h\u0259r\u0259k\u0259tini dayand\u0131r\u0131blar.\n<\/p>\n<p>\n  G\u00fcn\u00fcn \u0259vv\u0259lind\u0259 hakim G\u00fcrc\u00fc Arzusu Partiyas\u0131 se\u00e7ki qaydalar\u0131n\u0131 2020-ci ild\u0259n etibar\u0259n qar\u0131\u015f\u0131q sistemd\u0259n proporsional sistem\u0259 d\u0259yi\u015fm\u0259kd\u0259n imtina edib.\n<\/p>\n<p>\n  Onun ba\u015f katibi, Tbilisi meri Kaxa Kaladze partiya iclas\u0131ndan sonra deyib: \u201cM\u0259s\u0259l\u0259 ba\u011fland\u0131 v\u0259 se\u00e7ki sistemind\u0259 he\u00e7 bir d\u0259yi\u015fiklik olmayacaq\u201d.\n<\/p>\n<p>\n  M\u0259s\u0259l\u0259nin aktuall\u0131\u011f\u0131 noyabr ay\u0131n\u0131n 14-d\u0259 proporsional se\u00e7ki sistemin\u0259 ke\u00e7idl\u0259 ba\u011fl\u0131 konstitusiya d\u0259yi\u015fikliyini parlament r\u0259dd etdikd\u0259n sonra ba\u015flay\u0131b.\n<\/p>\n<p>\n  \u0130slahat iyun v\u0259 iyul aylar\u0131nda Tbilisid\u0259 h\u0259ft\u0259l\u0259rl\u0259 n\u00fcmayi\u015f ed\u0259n minl\u0259rl\u0259 etiraz\u00e7\u0131s\u0131n\u0131n \u0259sas t\u0259l\u0259bl\u0259rind\u0259n biri olub.\n<\/p>\n<p>\n  \u0130ndiy\u0259 q\u0259d\u0259r 37 etiraz\u00e7\u0131 h\u0259bs olunub.\n<\/p>\n<p>\n  Haz\u0131rda qanunverici orqan\u0131n t\u0259xmin\u0259n yar\u0131s\u0131 proporsional se\u00e7kiyl\u0259 se\u00e7ilir. Lakin m\u00fcxalif\u0259t bu durumun hakim G\u00fcrc\u00fc Arzusu Partiyas\u0131n\u0131n xeyrin\u0259 i\u015fl\u0259diyini qeyd edir.\n<\/p>\n<p>\n  Q\u0259rb diplomatlar\u0131 yeni etiraz\u0131n daha b\u00f6y\u00fck zorak\u0131l\u0131\u011fa yol a\u00e7aca\u011f\u0131ndan narahatd\u0131r.\n<\/p>\n<p>\n  Noyabr\u0131n 17-d\u0259 Tbilisid\u0259 20 min n\u0259f\u0259rin mitinqind\u0259n sonra AB\u015e v\u0259 Avropa Birliyi G\u00fcrc\u00fcstan h\u00f6kum\u0259tini, siyasi partiyalar\u0131 v\u0259 v\u0259t\u0259nda\u015f c\u0259miyy\u0259tini \u201cdinc v\u0259 qar\u015f\u0131l\u0131ql\u0131 anlay\u0131\u015fa dayanan dialoqa\u201d \u00e7a\u011f\u0131r\u0131b.\n<\/p>\n<p>\n  Avropa Birliyinin G\u00fcrc\u00fcstandak\u0131 n\u00fcmay\u0259nd\u0259 hey\u0259ti v\u0259 AB\u015e s\u0259firliyi 17 noyabr tarixind\u0259 birg\u0259 b\u0259yanatla \u00e7\u0131x\u0131\u015f ed\u0259r\u0259k deyib ki, onlar parlamentin konstitusiya d\u0259yi\u015fiklikl\u0259rini q\u0259bul ed\u0259 bilm\u0259m\u0259sinin g\u00fcrc\u00fc c\u0259miyy\u0259tinin geni\u015f bir hiss\u0259sind\u0259 d\u0259rin x\u0259yal q\u0131r\u0131ql\u0131\u011f\u0131 yaratd\u0131\u011f\u0131n\u0131 g\u00f6r\u00fcr v\u0259 q\u0259bul edir.\n<\/p>\n<p>\n  S\u0259sverm\u0259 Avropa \u015euras\u0131 Parlament Assambleyas\u0131n\u0131n (A\u015ePA) t\u0259nqidl\u0259rin\u0259 d\u0259 s\u0259b\u0259b olub.<\/p>\n","protected":false},"excerpt":{"rendered":"<p>M\u0259s\u0259l\u0259nin aktuall\u0131\u011f\u0131 noyabr ay\u0131n\u0131n 14-d\u0259 proporsional se\u00e7ki sistemin\u0259 ke\u00e7idl\u0259 ba\u011fl\u0131 konstitusiya d\u0259yi\u015fikliyini parlament r\u0259dd etdikd\u0259n sonra ba\u015flay\u0131b.<\/p>\n","protected":false},"author":11,"featured_media":126262,"comment_status":"closed","ping_status":"open","sticky":false,"template":"","format":"standard","meta":{"_acf_changed":false,"_sitemap_exclude":false,"_sitemap_priority":"","_sitemap_frequency":"","footnotes":""},"categories":[64],"tags":[],"class_list":["post-198096","post","type-post","status-publish","format-standard","has-post-thumbnail","hentry","category-dunya","infinite-scroll-item","generate-columns","tablet-grid-50","mobile-grid-100","grid-parent","grid-33","no-featured-image-padding"],"acf":[],"yoast_head":"<!-- This site is optimized with the Yoast SEO plugin v27.5 - https:\/\/yoast.com\/product\/yoast-seo-wordpress\/ -->\n<title>G\u00fcrc\u00fcstanda hakim partiyan\u0131n proporsional sistem\u0259 ke\u00e7m\u0259m\u0259si etirazlara t\u0259kan verir - MEYDAN.TV<\/title>\n<meta name=\"robots\" content=\"index, follow, max-snippet:-1, max-image-preview:large, max-video-preview:-1\" \/>\n<link rel=\"canonical\" href=\"https:\/\/www.meydan.tv\/az\/article\/gurcustanda-hakim-partiyanin-proporsional-sisteme-kecmemesi-etirazlara-tekan-verir\/\" \/>\n<meta property=\"og:locale\" content=\"az_AZ\" \/>\n<meta property=\"og:type\" content=\"article\" \/>\n<meta property=\"og:title\" content=\"G\u00fcrc\u00fcstanda hakim partiyan\u0131n proporsional sistem\u0259 ke\u00e7m\u0259m\u0259si etirazlara t\u0259kan verir - MEYDAN.TV\" \/>\n<meta property=\"og:description\" content=\"M\u0259s\u0259l\u0259nin aktuall\u0131\u011f\u0131 noyabr ay\u0131n\u0131n 14-d\u0259 proporsional se\u00e7ki sistemin\u0259 ke\u00e7idl\u0259 ba\u011fl\u0131 konstitusiya d\u0259yi\u015fikliyini parlament r\u0259dd etdikd\u0259n sonra ba\u015flay\u0131b.\" \/>\n<meta property=\"og:url\" content=\"https:\/\/www.meydan.tv\/az\/article\/gurcustanda-hakim-partiyanin-proporsional-sisteme-kecmemesi-etirazlara-tekan-verir\/\" \/>\n<meta property=\"og:site_name\" content=\"MEYDAN.TV\" \/>\n<meta property=\"article:published_time\" content=\"2019-11-26T08:25:47+00:00\" \/>\n<meta property=\"og:image\" content=\"https:\/\/www.meydan.tv\/wp-content\/uploads\/aks.jpg\" \/>\n\t<meta property=\"og:image:width\" content=\"764\" \/>\n\t<meta property=\"og:image:height\" content=\"480\" \/>\n\t<meta property=\"og:image:type\" content=\"image\/jpeg\" \/>\n<meta name=\"author\" content=\"user-manager\" \/>\n<meta name=\"twitter:card\" content=\"summary_large_image\" \/>\n<script type=\"application\/ld+json\" class=\"yoast-schema-graph\">{\"@context\":\"https:\\\/\\\/schema.org\",\"@graph\":[{\"@type\":\"Article\",\"@id\":\"https:\\\/\\\/www.meydan.tv\\\/az\\\/article\\\/gurcustanda-hakim-partiyanin-proporsional-sisteme-kecmemesi-etirazlara-tekan-verir\\\/#article\",\"isPartOf\":{\"@id\":\"https:\\\/\\\/www.meydan.tv\\\/az\\\/article\\\/gurcustanda-hakim-partiyanin-proporsional-sisteme-kecmemesi-etirazlara-tekan-verir\\\/\"},\"author\":{\"name\":\"user-manager\",\"@id\":\"https:\\\/\\\/www.meydan.tv\\\/az\\\/#\\\/schema\\\/person\\\/10d11eccf6da3662cf5fdab9806ea91a\"},\"headline\":\"G\u00fcrc\u00fcstanda hakim partiyan\u0131n proporsional sistem\u0259 ke\u00e7m\u0259m\u0259si etirazlara t\u0259kan verir\",\"datePublished\":\"2019-11-26T08:25:47+00:00\",\"mainEntityOfPage\":{\"@id\":\"https:\\\/\\\/www.meydan.tv\\\/az\\\/article\\\/gurcustanda-hakim-partiyanin-proporsional-sisteme-kecmemesi-etirazlara-tekan-verir\\\/\"},\"wordCount\":414,\"publisher\":{\"@id\":\"https:\\\/\\\/www.meydan.tv\\\/az\\\/#organization\"},\"image\":{\"@id\":\"https:\\\/\\\/www.meydan.tv\\\/az\\\/article\\\/gurcustanda-hakim-partiyanin-proporsional-sisteme-kecmemesi-etirazlara-tekan-verir\\\/#primaryimage\"},\"thumbnailUrl\":\"https:\\\/\\\/www.meydan.tv\\\/wp-content\\\/uploads\\\/aks.jpg\",\"articleSection\":[\"D\u00fcnya\"],\"inLanguage\":\"az\"},{\"@type\":\"WebPage\",\"@id\":\"https:\\\/\\\/www.meydan.tv\\\/az\\\/article\\\/gurcustanda-hakim-partiyanin-proporsional-sisteme-kecmemesi-etirazlara-tekan-verir\\\/\",\"url\":\"https:\\\/\\\/www.meydan.tv\\\/az\\\/article\\\/gurcustanda-hakim-partiyanin-proporsional-sisteme-kecmemesi-etirazlara-tekan-verir\\\/\",\"name\":\"G\u00fcrc\u00fcstanda hakim partiyan\u0131n proporsional sistem\u0259 ke\u00e7m\u0259m\u0259si etirazlara t\u0259kan verir - MEYDAN.TV\",\"isPartOf\":{\"@id\":\"https:\\\/\\\/www.meydan.tv\\\/az\\\/#website\"},\"primaryImageOfPage\":{\"@id\":\"https:\\\/\\\/www.meydan.tv\\\/az\\\/article\\\/gurcustanda-hakim-partiyanin-proporsional-sisteme-kecmemesi-etirazlara-tekan-verir\\\/#primaryimage\"},\"image\":{\"@id\":\"https:\\\/\\\/www.meydan.tv\\\/az\\\/article\\\/gurcustanda-hakim-partiyanin-proporsional-sisteme-kecmemesi-etirazlara-tekan-verir\\\/#primaryimage\"},\"thumbnailUrl\":\"https:\\\/\\\/www.meydan.tv\\\/wp-content\\\/uploads\\\/aks.jpg\",\"datePublished\":\"2019-11-26T08:25:47+00:00\",\"breadcrumb\":{\"@id\":\"https:\\\/\\\/www.meydan.tv\\\/az\\\/article\\\/gurcustanda-hakim-partiyanin-proporsional-sisteme-kecmemesi-etirazlara-tekan-verir\\\/#breadcrumb\"},\"inLanguage\":\"az\",\"potentialAction\":[{\"@type\":\"ReadAction\",\"target\":[\"https:\\\/\\\/www.meydan.tv\\\/az\\\/article\\\/gurcustanda-hakim-partiyanin-proporsional-sisteme-kecmemesi-etirazlara-tekan-verir\\\/\"]}]},{\"@type\":\"ImageObject\",\"inLanguage\":\"az\",\"@id\":\"https:\\\/\\\/www.meydan.tv\\\/az\\\/article\\\/gurcustanda-hakim-partiyanin-proporsional-sisteme-kecmemesi-etirazlara-tekan-verir\\\/#primaryimage\",\"url\":\"https:\\\/\\\/www.meydan.tv\\\/wp-content\\\/uploads\\\/aks.jpg\",\"contentUrl\":\"https:\\\/\\\/www.meydan.tv\\\/wp-content\\\/uploads\\\/aks.jpg\",\"width\":764,\"height\":480,\"caption\":\"Source: google.az\"},{\"@type\":\"BreadcrumbList\",\"@id\":\"https:\\\/\\\/www.meydan.tv\\\/az\\\/article\\\/gurcustanda-hakim-partiyanin-proporsional-sisteme-kecmemesi-etirazlara-tekan-verir\\\/#breadcrumb\",\"itemListElement\":[{\"@type\":\"ListItem\",\"position\":1,\"name\":\"Ana s\u0259hif\u0259\",\"item\":\"https:\\\/\\\/www.meydan.tv\\\/az\\\/\"},{\"@type\":\"ListItem\",\"position\":2,\"name\":\"D\u00fcnya\",\"item\":\"https:\\\/\\\/www.meydan.tv\\\/az\\\/section\\\/dunya\\\/\"},{\"@type\":\"ListItem\",\"position\":3,\"name\":\"G\u00fcrc\u00fcstanda hakim partiyan\u0131n proporsional sistem\u0259 ke\u00e7m\u0259m\u0259si etirazlara t\u0259kan verir\"}]},{\"@type\":\"WebSite\",\"@id\":\"https:\\\/\\\/www.meydan.tv\\\/az\\\/#website\",\"url\":\"https:\\\/\\\/www.meydan.tv\\\/az\\\/\",\"name\":\"MEYDAN.TV\",\"description\":\"Meydan TV Az\u0259rbaycan\u0131n media m\u0259kan\u0131ndak\u0131 alternativ s\u0259sidir\",\"publisher\":{\"@id\":\"https:\\\/\\\/www.meydan.tv\\\/az\\\/#organization\"},\"potentialAction\":[{\"@type\":\"SearchAction\",\"target\":{\"@type\":\"EntryPoint\",\"urlTemplate\":\"https:\\\/\\\/www.meydan.tv\\\/az\\\/?s={search_term_string}\"},\"query-input\":{\"@type\":\"PropertyValueSpecification\",\"valueRequired\":true,\"valueName\":\"search_term_string\"}}],\"inLanguage\":\"az\"},{\"@type\":\"Organization\",\"@id\":\"https:\\\/\\\/www.meydan.tv\\\/az\\\/#organization\",\"name\":\"Meydan TV\",\"url\":\"https:\\\/\\\/www.meydan.tv\\\/az\\\/\",\"logo\":{\"@type\":\"ImageObject\",\"inLanguage\":\"az\",\"@id\":\"https:\\\/\\\/www.meydan.tv\\\/az\\\/#\\\/schema\\\/logo\\\/image\\\/\",\"url\":\"https:\\\/\\\/www.meydan.tv\\\/wp-content\\\/uploads\\\/2021\\\/07\\\/meydan-logo.svg\",\"contentUrl\":\"https:\\\/\\\/www.meydan.tv\\\/wp-content\\\/uploads\\\/2021\\\/07\\\/meydan-logo.svg\",\"width\":195,\"height\":46,\"caption\":\"Meydan TV\"},\"image\":{\"@id\":\"https:\\\/\\\/www.meydan.tv\\\/az\\\/#\\\/schema\\\/logo\\\/image\\\/\"}},{\"@type\":\"Person\",\"@id\":\"https:\\\/\\\/www.meydan.tv\\\/az\\\/#\\\/schema\\\/person\\\/10d11eccf6da3662cf5fdab9806ea91a\",\"name\":\"user-manager\"}]}<\/script>\n<!-- \/ Yoast SEO plugin. -->","yoast_head_json":{"title":"G\u00fcrc\u00fcstanda hakim partiyan\u0131n proporsional sistem\u0259 ke\u00e7m\u0259m\u0259si etirazlara t\u0259kan verir - MEYDAN.TV","robots":{"index":"index","follow":"follow","max-snippet":"max-snippet:-1","max-image-preview":"max-image-preview:large","max-video-preview":"max-video-preview:-1"},"canonical":"https:\/\/www.meydan.tv\/az\/article\/gurcustanda-hakim-partiyanin-proporsional-sisteme-kecmemesi-etirazlara-tekan-verir\/","og_locale":"az_AZ","og_type":"article","og_title":"G\u00fcrc\u00fcstanda hakim partiyan\u0131n proporsional sistem\u0259 ke\u00e7m\u0259m\u0259si etirazlara t\u0259kan verir - MEYDAN.TV","og_description":"M\u0259s\u0259l\u0259nin aktuall\u0131\u011f\u0131 noyabr ay\u0131n\u0131n 14-d\u0259 proporsional se\u00e7ki sistemin\u0259 ke\u00e7idl\u0259 ba\u011fl\u0131 konstitusiya d\u0259yi\u015fikliyini parlament r\u0259dd etdikd\u0259n sonra ba\u015flay\u0131b.","og_url":"https:\/\/www.meydan.tv\/az\/article\/gurcustanda-hakim-partiyanin-proporsional-sisteme-kecmemesi-etirazlara-tekan-verir\/","og_site_name":"MEYDAN.TV","article_published_time":"2019-11-26T08:25:47+00:00","og_image":[{"width":764,"height":480,"url":"https:\/\/www.meydan.tv\/wp-content\/uploads\/aks.jpg","type":"image\/jpeg"}],"author":"user-manager","twitter_card":"summary_large_image","schema":{"@context":"https:\/\/schema.org","@graph":[{"@type":"Article","@id":"https:\/\/www.meydan.tv\/az\/article\/gurcustanda-hakim-partiyanin-proporsional-sisteme-kecmemesi-etirazlara-tekan-verir\/#article","isPartOf":{"@id":"https:\/\/www.meydan.tv\/az\/article\/gurcustanda-hakim-partiyanin-proporsional-sisteme-kecmemesi-etirazlara-tekan-verir\/"},"author":{"name":"user-manager","@id":"https:\/\/www.meydan.tv\/az\/#\/schema\/person\/10d11eccf6da3662cf5fdab9806ea91a"},"headline":"G\u00fcrc\u00fcstanda hakim partiyan\u0131n proporsional sistem\u0259 ke\u00e7m\u0259m\u0259si etirazlara t\u0259kan verir","datePublished":"2019-11-26T08:25:47+00:00","mainEntityOfPage":{"@id":"https:\/\/www.meydan.tv\/az\/article\/gurcustanda-hakim-partiyanin-proporsional-sisteme-kecmemesi-etirazlara-tekan-verir\/"},"wordCount":414,"publisher":{"@id":"https:\/\/www.meydan.tv\/az\/#organization"},"image":{"@id":"https:\/\/www.meydan.tv\/az\/article\/gurcustanda-hakim-partiyanin-proporsional-sisteme-kecmemesi-etirazlara-tekan-verir\/#primaryimage"},"thumbnailUrl":"https:\/\/www.meydan.tv\/wp-content\/uploads\/aks.jpg","articleSection":["D\u00fcnya"],"inLanguage":"az"},{"@type":"WebPage","@id":"https:\/\/www.meydan.tv\/az\/article\/gurcustanda-hakim-partiyanin-proporsional-sisteme-kecmemesi-etirazlara-tekan-verir\/","url":"https:\/\/www.meydan.tv\/az\/article\/gurcustanda-hakim-partiyanin-proporsional-sisteme-kecmemesi-etirazlara-tekan-verir\/","name":"G\u00fcrc\u00fcstanda hakim partiyan\u0131n proporsional sistem\u0259 ke\u00e7m\u0259m\u0259si etirazlara t\u0259kan verir - MEYDAN.TV","isPartOf":{"@id":"https:\/\/www.meydan.tv\/az\/#website"},"primaryImageOfPage":{"@id":"https:\/\/www.meydan.tv\/az\/article\/gurcustanda-hakim-partiyanin-proporsional-sisteme-kecmemesi-etirazlara-tekan-verir\/#primaryimage"},"image":{"@id":"https:\/\/www.meydan.tv\/az\/article\/gurcustanda-hakim-partiyanin-proporsional-sisteme-kecmemesi-etirazlara-tekan-verir\/#primaryimage"},"thumbnailUrl":"https:\/\/www.meydan.tv\/wp-content\/uploads\/aks.jpg","datePublished":"2019-11-26T08:25:47+00:00","breadcrumb":{"@id":"https:\/\/www.meydan.tv\/az\/article\/gurcustanda-hakim-partiyanin-proporsional-sisteme-kecmemesi-etirazlara-tekan-verir\/#breadcrumb"},"inLanguage":"az","potentialAction":[{"@type":"ReadAction","target":["https:\/\/www.meydan.tv\/az\/article\/gurcustanda-hakim-partiyanin-proporsional-sisteme-kecmemesi-etirazlara-tekan-verir\/"]}]},{"@type":"ImageObject","inLanguage":"az","@id":"https:\/\/www.meydan.tv\/az\/article\/gurcustanda-hakim-partiyanin-proporsional-sisteme-kecmemesi-etirazlara-tekan-verir\/#primaryimage","url":"https:\/\/www.meydan.tv\/wp-content\/uploads\/aks.jpg","contentUrl":"https:\/\/www.meydan.tv\/wp-content\/uploads\/aks.jpg","width":764,"height":480,"caption":"Source: google.az"},{"@type":"BreadcrumbList","@id":"https:\/\/www.meydan.tv\/az\/article\/gurcustanda-hakim-partiyanin-proporsional-sisteme-kecmemesi-etirazlara-tekan-verir\/#breadcrumb","itemListElement":[{"@type":"ListItem","position":1,"name":"Ana s\u0259hif\u0259","item":"https:\/\/www.meydan.tv\/az\/"},{"@type":"ListItem","position":2,"name":"D\u00fcnya","item":"https:\/\/www.meydan.tv\/az\/section\/dunya\/"},{"@type":"ListItem","position":3,"name":"G\u00fcrc\u00fcstanda hakim partiyan\u0131n proporsional sistem\u0259 ke\u00e7m\u0259m\u0259si etirazlara t\u0259kan verir"}]},{"@type":"WebSite","@id":"https:\/\/www.meydan.tv\/az\/#website","url":"https:\/\/www.meydan.tv\/az\/","name":"MEYDAN.TV","description":"Meydan TV Az\u0259rbaycan\u0131n media m\u0259kan\u0131ndak\u0131 alternativ s\u0259sidir","publisher":{"@id":"https:\/\/www.meydan.tv\/az\/#organization"},"potentialAction":[{"@type":"SearchAction","target":{"@type":"EntryPoint","urlTemplate":"https:\/\/www.meydan.tv\/az\/?s={search_term_string}"},"query-input":{"@type":"PropertyValueSpecification","valueRequired":true,"valueName":"search_term_string"}}],"inLanguage":"az"},{"@type":"Organization","@id":"https:\/\/www.meydan.tv\/az\/#organization","name":"Meydan TV","url":"https:\/\/www.meydan.tv\/az\/","logo":{"@type":"ImageObject","inLanguage":"az","@id":"https:\/\/www.meydan.tv\/az\/#\/schema\/logo\/image\/","url":"https:\/\/www.meydan.tv\/wp-content\/uploads\/2021\/07\/meydan-logo.svg","contentUrl":"https:\/\/www.meydan.tv\/wp-content\/uploads\/2021\/07\/meydan-logo.svg","width":195,"height":46,"caption":"Meydan TV"},"image":{"@id":"https:\/\/www.meydan.tv\/az\/#\/schema\/logo\/image\/"}},{"@type":"Person","@id":"https:\/\/www.meydan.tv\/az\/#\/schema\/person\/10d11eccf6da3662cf5fdab9806ea91a","name":"user-manager"}]}},"_links":{"self":[{"href":"https:\/\/www.meydan.tv\/az\/wp-json\/wp\/v2\/posts\/198096","targetHints":{"allow":["GET"]}}],"collection":[{"href":"https:\/\/www.meydan.tv\/az\/wp-json\/wp\/v2\/posts"}],"about":[{"href":"https:\/\/www.meydan.tv\/az\/wp-json\/wp\/v2\/types\/post"}],"author":[{"embeddable":true,"href":"https:\/\/www.meydan.tv\/az\/wp-json\/wp\/v2\/users\/11"}],"replies":[{"embeddable":true,"href":"https:\/\/www.meydan.tv\/az\/wp-json\/wp\/v2\/comments?post=198096"}],"version-history":[{"count":0,"href":"https:\/\/www.meydan.tv\/az\/wp-json\/wp\/v2\/posts\/198096\/revisions"}],"wp:featuredmedia":[{"embeddable":true,"href":"https:\/\/www.meydan.tv\/az\/wp-json\/wp\/v2\/media\/126262"}],"wp:attachment":[{"href":"https:\/\/www.meydan.tv\/az\/wp-json\/wp\/v2\/media?parent=198096"}],"wp:term":[{"taxonomy":"category","embeddable":true,"href":"https:\/\/www.meydan.tv\/az\/wp-json\/wp\/v2\/categories?post=198096"},{"taxonomy":"post_tag","embeddable":true,"href":"https:\/\/www.meydan.tv\/az\/wp-json\/wp\/v2\/tags?post=198096"}],"curies":[{"name":"wp","href":"https:\/\/api.w.org\/{rel}","templated":true}]}}