{"id":198088,"date":"2019-11-25T15:12:32","date_gmt":"2019-11-25T15:12:32","guid":{"rendered":"https:\/\/www.meydan.tv\/article\/nenenin-umidine-qalan-korpeler\/"},"modified":"2019-11-25T15:12:32","modified_gmt":"2019-11-25T15:12:32","slug":"nenenin-umidine-qalan-korpeler","status":"publish","type":"post","link":"https:\/\/www.meydan.tv\/az\/article\/nenenin-umidine-qalan-korpeler\/","title":{"rendered":"N\u0259n\u0259nin \u00fcmidin\u0259 qalan k\u00f6rp\u0259l\u0259r"},"content":{"rendered":"<p>\n  <i><br \/>\n    \u201cSevincin d\u0259fn m\u0259rasimind\u0259 istifad\u0259 olunan b\u00fct\u00fcn \u0259rza\u011f\u0131 nisy\u0259 g\u00f6t\u00fcr\u00fcb, indi pulunu \u00f6d\u0259y\u0259 bilmirik\u201d<br \/>\n  <\/i>\n<\/p>\n<p>\n  Yard\u0131ml\u0131n\u0131n Mirimli k\u0259ndind\u0259 ya\u015fayan 69 ya\u015fl\u0131 G\u00fcl\u00e7\u00f6hr\u0259 V\u0259liyeva 7 n\u0259v\u0259sin\u0259 anal\u0131q etm\u0259li olur. U\u015faqlar\u0131 saxlaya bilm\u0259diyini deyir, \u00e7\u00fcnki krediti \u00f6d\u0259y\u0259nd\u0259n sonra pensiyadan \u0259lind\u0259 c\u0259mi 100 manat qal\u0131r.\n<\/p>\n<p>\n  <b><br \/>\n    \u201cNisy\u0259 bir kis\u0259 un al\u0131r\u0131q ki, ac\u0131ndan \u00f6lm\u0259y\u0259k\u201d<br \/>\n  <\/b>\n<\/p>\n<p>\n  K\u0259ndin \u0259t\u0259yind\u0259 bizi qar\u015f\u0131layan Tacirin \u0259ynind\u0259 g\u00f6d\u0259k\u00e7\u0259 yoxdur. U\u015faq soyuqdan titr\u0259yir. Anas\u0131 Sevinc A\u011fayeva sentyabr\u0131n 13-d\u0259 v\u0259fat edib. Atas\u0131 Mirz\u0259li H\u0259s\u0259nov 12 ildir h\u0259bsxanadad\u0131r. \u00dc\u00e7 u\u015faq n\u0259n\u0259 G\u00fcl\u00e7\u00f6hr\u0259 V\u0259liyevaya s\u0131\u011f\u0131nmal\u0131 olub. Sevincin qarda\u015f\u0131 S\u0259xav\u0259t A\u011fayevin d\u0259 ilk nikahdan do\u011fulan 4 \u00f6vlad\u0131 qad\u0131n\u0131n himay\u0259sind\u0259dir.\n<\/p>\n<p>\n  G\u00fcl\u00e7\u00f6hr\u0259 xan\u0131m\u0131n evind\u0259n b\u00fct\u00fcn k\u0259nd g\u00f6r\u00fcn\u00fcr. Buralarda q\u0131\u015f uzun s\u00fcr\u00fcr. Evd\u0259 ham\u0131 otaqlardan birind\u0259ki soban\u0131n \u0259traf\u0131na y\u0131\u011f\u0131\u015f\u0131b. Qalan otaqlara soyuqdan girm\u0259k olmur. S\u0259xav\u0259t ikinci d\u0259f\u0259 ail\u0259 h\u0259yat\u0131 qurub, daha bir \u00f6vlad\u0131 do\u011fulub. G\u00fcl\u00e7\u00f6hr\u0259 xan\u0131m deyir ki, evd\u0259 11 n\u0259f\u0259r bir otaqda yatmal\u0131 olurlar.\n<\/p>\n<p>\n  \u201c\u00c7ox pis v\u0259ziyy\u0259td\u0259 ya\u015fay\u0131r\u0131q. Ev\u0259 m\u0259nim pensiyamdan ba\u015fqa pul g\u0259lmir. 170 manat\u0131n 70-ni kredit\u0259 verir\u0259m. Q\u0131z\u0131m x\u0259r\u00e7\u0259ng\u0259 tutulanda 2 min manat g\u00f6t\u00fcrm\u00fc\u015fd\u00fcm. He\u00e7 m\u00fcalic\u0259y\u0259 d\u0259 \u00e7atmad\u0131. U\u015fa\u011f\u0131m iki ay\u0131n i\u00e7ind\u0259 \u0259riyib getdi. H\u0259l\u0259 \u00fc\u00e7 il kredit \u00f6d\u0259m\u0259liy\u0259m. Evin g\u00fcn\u00fcn\u00fc g\u00f6r\u00fcrs\u00fcz. T\u0259kc\u0259 bu otaqda i\u015f\u0131q yand\u0131r\u0131r\u0131q ki, \u00e7ox pul \u00f6d\u0259m\u0259y\u0259k. H\u0259r yer qaranl\u0131q, soyuq. N\u0259 televizorumuz var, n\u0259 d\u0259 soyuducumuz. Nisy\u0259 bir kis\u0259 un al\u0131r\u0131q ki, ac\u0131ndan \u00f6lm\u0259y\u0259k. Bu q\u0259d\u0259r k\u00fclf\u0259ti yedizdirm\u0259k var\u201d, &#8211; qad\u0131n dan\u0131\u015f\u0131r.\n<\/p>\n<p>\n  <b><br \/>\n    \u201cU\u015fa\u011f\u0131 geyimi olmad\u0131\u011f\u0131na g\u00f6r\u0259 m\u0259kt\u0259b\u0259 g\u00f6nd\u0259r\u0259 bilmirik\u201d<br \/>\n  <\/b>\n<\/p>\n<p>\n  Sevinc A\u011fayeva sa\u011fl\u0131\u011f\u0131nda anas\u0131na y\u00fck olmaq ist\u0259m\u0259yib, u\u015faqlar\u0131n\u0131 g\u00f6t\u00fcr\u00fcb C\u0259lilabad\u0131n Privolnoye k\u0259ndin\u0259 gedib, orada kiray\u0259 ev tutub.\n<\/p>\n<p>\n  \u201cBizim k\u0259ndd\u0259 i\u015f olmad\u0131\u011f\u0131ndan ora k\u00f6\u00e7m\u00fc\u015fd\u00fc ki, \u00e7iy\u0259l\u0259k, kartof y\u0131\u011fmaq \u00fc\u00e7\u00fcn sah\u0259y\u0259 \u00e7\u0131xa bilsin. \u018f\u015fyalar\u0131 da orada qal\u0131b, imkans\u0131zl\u0131qdan gedib g\u0259tir\u0259 bilm\u0259mi\u015fik. Sizi qar\u015f\u0131lama\u011fa \u00e7\u0131xan u\u015faq x\u0259st\u0259di, m\u00fcalic\u0259 el\u0259tdirm\u0259y\u0259 g\u00fcc\u00fcm\u00fcz \u00e7atm\u0131r. U\u015faqlardan biri alt\u0131nc\u0131 sinifd\u0259 oxuyur, geyimi olmad\u0131\u011f\u0131ndan m\u0259kt\u0259b\u0259 g\u00f6nd\u0259r\u0259 bilmirik. Ayaqqab\u0131 yox, \u00e7anta yox. M\u0259n bu u\u015faqlar\u0131 nec\u0259 b\u00f6y\u00fcd\u0259c\u0259m?\u201d &#8211; G\u00fcl\u00e7\u00f6hr\u0259 xan\u0131m\u0131n ritorik sual\u0131na cavab tapmaq \u00e7\u0259tin g\u00f6r\u00fcn\u00fcr.\n<\/p>\n<figure class=\"wp-block-image size-large\">\n  <img decoding=\"async\" src=\"https:\/\/www.meydan.tv\/az\/image_from_ios-2-jpg-72\/\" alt=\"image_from_ios (2).jpg\" class=\"wp-image-133542\"\/><figcaption>\n    G\u00fcl\u00e7\u00f6hr\u0259 V\u0259liyeva<br \/>\n  <\/figcaption><\/figure>\n<p>\n  S\u00f6hb\u0259t\u0259 qo\u015fulan qohumlardan Asif A\u011fayev deyir ki, ail\u0259 sosial yard\u0131m alsa, birt\u0259h\u0259r ke\u00e7in\u0259rl\u0259r:\n<\/p>\n<p>\n  \u201cVerm\u0259k ist\u0259mirl\u0259r. Bu arvad 70 ya\u015f\u0131 haqlay\u0131b. U\u015faqlar\u0131n atas\u0131n\u0131n h\u0259l\u0259 3 ili var. Bu yetiml\u0259r\u0259 kims\u0259 baxmal\u0131d\u0131. D\u00f6vl\u0259t, he\u00e7 olmasa, bunu n\u0259z\u0259r\u0259 als\u0131n. Bu u\u015faqlar\u0131n da ya\u015famaq haqq\u0131 var\u201d.\n<\/p>\n<p>\n  Asif A\u011fayev, \u00fcmumiyy\u0259tl\u0259, k\u0259ndd\u0259 ya\u015fay\u0131\u015f s\u0259viyy\u0259sinin a\u015fa\u011f\u0131 oldu\u011funu bildirir. Dediyin\u0259 g\u00f6r\u0259, duman g\u0259l\u0259n kimi h\u0259r yerd\u0259 i\u015f\u0131qlar s\u00f6n\u00fcr:\n<\/p>\n<p>\n  \u201cY\u0259qin bura g\u0259lib \u00e7\u0131xana q\u0259d\u0259r k\u0259ndd\u0259ki evl\u0259ri g\u00f6rd\u00fcn\u00fcz. Ham\u0131 yoxsuldur. He\u00e7 kim he\u00e7 kim\u0259 k\u00f6m\u0259k el\u0259y\u0259 bilmir. K\u0259ndd\u0259 qaz yoxdu. Odunun bir ma\u015f\u0131n\u0131n\u0131 400 manata sat\u0131rlar. \u0130ndi t\u0259s\u0259vv\u00fcr el\u0259yin, bu ail\u0259 q\u0131\u015f\u0131 nec\u0259 ke\u00e7ir\u0259c\u0259k. Soyuqdan q\u0131r\u0131lacaqlar&#8230;\u201d\n<\/p>\n<p>\n  <b><br \/>\n    \u201cPul olsa, \u0130rana m\u00fcalic\u0259y\u0259 ged\u0259rdim\u201d<br \/>\n  <\/b>\n<\/p>\n<p>\n  S\u0259xav\u0259tin i\u015f \u00fc\u00e7\u00fcn ba\u015f vurmad\u0131\u011f\u0131 yer qalmay\u0131b. Deyir ki, \u0259n yax\u015f\u0131 halda f\u0259hl\u0259 i\u015fi tapmaq m\u00fcmk\u00fcn olurdu. \u0130ndi he\u00e7 i\u015fl\u0259y\u0259 bilmir, m\u0259d\u0259sind\u0259 yara a\u015fkar olunub.\n<\/p>\n<p>\n  G\u00fcl\u00e7\u00f6hr\u0259 V\u0259liyeva dan\u0131\u015f\u0131r: \u201c\u00d6z\u00fcm d\u0259 x\u0259st\u0259y\u0259m, amma indi S\u0259xav\u0259tin m\u00fcalic\u0259si daha vacibdir. Onu sa\u011faltmaq \u00fc\u00e7\u00fcn borc g\u00f6t\u00fcrm\u00fc\u015fd\u00fcm, h\u0259l\u0259 bunu da qaytarmaq var. S\u0259xav\u0259ti L\u0259nk\u0259rana, Masall\u0131ya aparm\u0131\u015f\u0131q. Daha m\u00fcalic\u0259y\u0259 g\u00fcc\u00fcm\u00fcz \u00e7atm\u0131r\u201d.\n<\/p>\n<p>\n  S\u0259xav\u0259t sakit dayana bilm\u0259diyini deyir. A\u011fr\u0131lara baxmayaraq peyin y\u0131\u011fma\u011fa gedir, 5-6 manat qazanma\u011fa \u00e7al\u0131\u015f\u0131r. M\u0259d\u0259si S\u0259xav\u0259t\u0259 normal ya\u015fama\u011fa imkan vermir:\n<\/p>\n<p>\n  \u201cPul olsa, \u0130rana m\u00fcalic\u0259y\u0259 ged\u0259rdim. Amma n\u0259 v\u0259ziyy\u0259td\u0259yik. D\u00fckanlara xeyli borcumuz y\u0131\u011f\u0131l\u0131b\u201d.\n<\/p>\n<figure class=\"wp-block-image size-large\">\n  <img decoding=\"async\" src=\"https:\/\/www.meydan.tv\/az\/image_from_ios-4-jpg-83\/\" alt=\"image_from_ios (4).jpg\" class=\"wp-image-133548\"\/><figcaption>\n    S\u0259xav\u0259t A\u011fayev<br \/>\n  <\/figcaption><\/figure>\n<p>\n  Bayaqdan biz\u0259 qulaq asan k\u0259nd sakini Emilxan S\u0259m\u0259dov deyir ki, S\u0259xav\u0259tin ona da borcu var. Amma peyin y\u0131\u011fmaqla qazand\u0131\u011f\u0131n\u0131 onun \u0259lind\u0259n alma\u011fa \u00fcr\u0259yi g\u0259lmir: \u201cM\u0259n\u0259 vers\u0259, b\u0259s evd\u0259 n\u0259 yey\u0259c\u0259kl\u0259r?\u201d\n<\/p>\n<p>\n  H\u0259y\u0259t\u0259 \u00e7\u0131xanda Asif A\u011fayev daha bir problemd\u0259n dan\u0131\u015f\u0131r. Ail\u0259 Sevincin d\u0259fn m\u0259rasimind\u0259 istifad\u0259 olunan b\u00fct\u00fcn \u0259rza\u011f\u0131 nisy\u0259 g\u00f6t\u00fcr\u00fcbm\u00fc\u015f, indi pulunu \u00f6d\u0259y\u0259 bilmirl\u0259r.\n<\/p>\n<p>\n  Tacir bizi yola sal\u0131r. \u00dc\u015f\u00fcy\u00fcr. Ev\u0259 t\u0259l\u0259sir. Bu g\u00fcn son odun par\u00e7alar\u0131n\u0131 yand\u0131r\u0131rlar&#8230;\n<\/p>\n<p>\n  <b><br \/>\n    Qeyd:<br \/>\n  <\/b>\n<\/p>\n<p>\n  Meydan TV ail\u0259 il\u0259 ba\u011fl\u0131 Yard\u0131ml\u0131 Rayon \u0130cra Hakimiyy\u0259tini m\u0259lumatland\u0131r\u0131b. Qurumdan bildirilib ki, ail\u0259 h\u0259r hans\u0131 \u015fikay\u0259tl\u0259 ba\u011fl\u0131 onlara m\u00fcraci\u0259t etm\u0259yib. Buna baxmayaraq, ail\u0259nin v\u0259ziyy\u0259ti il\u0259 maraqlanacaqlar.\n<\/p>\n<figure class=\"wp-block-image size-large\">\n  <img decoding=\"async\" src=\"https:\/\/www.meydan.tv\/az\/image_from_ios-5-jpg-65\/\" alt=\"image_from_ios (5).jpg\" class=\"wp-image-133554\"\/><figcaption>\n    Rentgen cavab\u0131<br \/>\n  <\/figcaption><\/figure>\n","protected":false},"excerpt":{"rendered":"<p>Ail\u0259 Sevincin d\u0259fn m\u0259rasimind\u0259 istifad\u0259 olunan b\u00fct\u00fcn \u0259rza\u011f\u0131 nisy\u0259 g\u00f6t\u00fcr\u00fcbm\u00fc\u015f, indi pulunu \u00f6d\u0259y\u0259 bilmirl\u0259r.<br \/>\nTacir bizi yola sal\u0131r.<\/p>\n","protected":false},"author":11,"featured_media":133545,"comment_status":"closed","ping_status":"open","sticky":false,"template":"","format":"standard","meta":{"_acf_changed":false,"_sitemap_exclude":false,"_sitemap_priority":"","_sitemap_frequency":"","footnotes":""},"categories":[60],"tags":[],"class_list":["post-198088","post","type-post","status-publish","format-standard","has-post-thumbnail","hentry","category-bolge","infinite-scroll-item","generate-columns","tablet-grid-50","mobile-grid-100","grid-parent","grid-33","no-featured-image-padding"],"acf":[],"yoast_head":"<!-- This site is optimized with the Yoast SEO plugin v27.4 - https:\/\/yoast.com\/product\/yoast-seo-wordpress\/ -->\n<title>N\u0259n\u0259nin \u00fcmidin\u0259 qalan k\u00f6rp\u0259l\u0259r - MEYDAN.TV<\/title>\n<meta name=\"robots\" content=\"index, follow, max-snippet:-1, max-image-preview:large, max-video-preview:-1\" \/>\n<link rel=\"canonical\" href=\"https:\/\/www.meydan.tv\/az\/article\/nenenin-umidine-qalan-korpeler\/\" \/>\n<meta property=\"og:locale\" content=\"az_AZ\" \/>\n<meta property=\"og:type\" content=\"article\" \/>\n<meta property=\"og:title\" content=\"N\u0259n\u0259nin \u00fcmidin\u0259 qalan k\u00f6rp\u0259l\u0259r - MEYDAN.TV\" \/>\n<meta property=\"og:description\" content=\"Ail\u0259 Sevincin d\u0259fn m\u0259rasimind\u0259 istifad\u0259 olunan b\u00fct\u00fcn \u0259rza\u011f\u0131 nisy\u0259 g\u00f6t\u00fcr\u00fcbm\u00fc\u015f, indi pulunu \u00f6d\u0259y\u0259 bilmirl\u0259r. Tacir bizi yola sal\u0131r.\" \/>\n<meta property=\"og:url\" content=\"https:\/\/www.meydan.tv\/az\/article\/nenenin-umidine-qalan-korpeler\/\" \/>\n<meta property=\"og:site_name\" content=\"MEYDAN.TV\" \/>\n<meta property=\"article:published_time\" content=\"2019-11-25T15:12:32+00:00\" \/>\n<meta property=\"og:image\" content=\"https:\/\/www.meydan.tv\/wp-content\/uploads\/image_from_ios_3_kkur6mn.jpg\" \/>\n\t<meta property=\"og:image:width\" content=\"1024\" \/>\n\t<meta property=\"og:image:height\" content=\"764\" \/>\n\t<meta property=\"og:image:type\" content=\"image\/jpeg\" \/>\n<meta name=\"author\" content=\"user-manager\" \/>\n<meta name=\"twitter:card\" content=\"summary_large_image\" \/>\n<script type=\"application\/ld+json\" class=\"yoast-schema-graph\">{\"@context\":\"https:\\\/\\\/schema.org\",\"@graph\":[{\"@type\":\"Article\",\"@id\":\"https:\\\/\\\/www.meydan.tv\\\/az\\\/article\\\/nenenin-umidine-qalan-korpeler\\\/#article\",\"isPartOf\":{\"@id\":\"https:\\\/\\\/www.meydan.tv\\\/az\\\/article\\\/nenenin-umidine-qalan-korpeler\\\/\"},\"author\":{\"name\":\"user-manager\",\"@id\":\"https:\\\/\\\/www.meydan.tv\\\/az\\\/#\\\/schema\\\/person\\\/10d11eccf6da3662cf5fdab9806ea91a\"},\"headline\":\"N\u0259n\u0259nin \u00fcmidin\u0259 qalan k\u00f6rp\u0259l\u0259r\",\"datePublished\":\"2019-11-25T15:12:32+00:00\",\"mainEntityOfPage\":{\"@id\":\"https:\\\/\\\/www.meydan.tv\\\/az\\\/article\\\/nenenin-umidine-qalan-korpeler\\\/\"},\"wordCount\":988,\"publisher\":{\"@id\":\"https:\\\/\\\/www.meydan.tv\\\/az\\\/#organization\"},\"image\":{\"@id\":\"https:\\\/\\\/www.meydan.tv\\\/az\\\/article\\\/nenenin-umidine-qalan-korpeler\\\/#primaryimage\"},\"thumbnailUrl\":\"https:\\\/\\\/www.meydan.tv\\\/wp-content\\\/uploads\\\/image_from_ios_3_kkur6mn.jpg\",\"articleSection\":[\"B\u00f6lg\u0259\"],\"inLanguage\":\"az\"},{\"@type\":\"WebPage\",\"@id\":\"https:\\\/\\\/www.meydan.tv\\\/az\\\/article\\\/nenenin-umidine-qalan-korpeler\\\/\",\"url\":\"https:\\\/\\\/www.meydan.tv\\\/az\\\/article\\\/nenenin-umidine-qalan-korpeler\\\/\",\"name\":\"N\u0259n\u0259nin \u00fcmidin\u0259 qalan k\u00f6rp\u0259l\u0259r - MEYDAN.TV\",\"isPartOf\":{\"@id\":\"https:\\\/\\\/www.meydan.tv\\\/az\\\/#website\"},\"primaryImageOfPage\":{\"@id\":\"https:\\\/\\\/www.meydan.tv\\\/az\\\/article\\\/nenenin-umidine-qalan-korpeler\\\/#primaryimage\"},\"image\":{\"@id\":\"https:\\\/\\\/www.meydan.tv\\\/az\\\/article\\\/nenenin-umidine-qalan-korpeler\\\/#primaryimage\"},\"thumbnailUrl\":\"https:\\\/\\\/www.meydan.tv\\\/wp-content\\\/uploads\\\/image_from_ios_3_kkur6mn.jpg\",\"datePublished\":\"2019-11-25T15:12:32+00:00\",\"breadcrumb\":{\"@id\":\"https:\\\/\\\/www.meydan.tv\\\/az\\\/article\\\/nenenin-umidine-qalan-korpeler\\\/#breadcrumb\"},\"inLanguage\":\"az\",\"potentialAction\":[{\"@type\":\"ReadAction\",\"target\":[\"https:\\\/\\\/www.meydan.tv\\\/az\\\/article\\\/nenenin-umidine-qalan-korpeler\\\/\"]}]},{\"@type\":\"ImageObject\",\"inLanguage\":\"az\",\"@id\":\"https:\\\/\\\/www.meydan.tv\\\/az\\\/article\\\/nenenin-umidine-qalan-korpeler\\\/#primaryimage\",\"url\":\"https:\\\/\\\/www.meydan.tv\\\/wp-content\\\/uploads\\\/image_from_ios_3_kkur6mn.jpg\",\"contentUrl\":\"https:\\\/\\\/www.meydan.tv\\\/wp-content\\\/uploads\\\/image_from_ios_3_kkur6mn.jpg\",\"width\":1024,\"height\":764,\"caption\":\"Source: Specify Source\"},{\"@type\":\"BreadcrumbList\",\"@id\":\"https:\\\/\\\/www.meydan.tv\\\/az\\\/article\\\/nenenin-umidine-qalan-korpeler\\\/#breadcrumb\",\"itemListElement\":[{\"@type\":\"ListItem\",\"position\":1,\"name\":\"Ana s\u0259hif\u0259\",\"item\":\"https:\\\/\\\/www.meydan.tv\\\/az\\\/\"},{\"@type\":\"ListItem\",\"position\":2,\"name\":\"B\u00f6lg\u0259\",\"item\":\"https:\\\/\\\/www.meydan.tv\\\/az\\\/section\\\/bolge\\\/\"},{\"@type\":\"ListItem\",\"position\":3,\"name\":\"N\u0259n\u0259nin \u00fcmidin\u0259 qalan k\u00f6rp\u0259l\u0259r\"}]},{\"@type\":\"WebSite\",\"@id\":\"https:\\\/\\\/www.meydan.tv\\\/az\\\/#website\",\"url\":\"https:\\\/\\\/www.meydan.tv\\\/az\\\/\",\"name\":\"MEYDAN.TV\",\"description\":\"Meydan TV Az\u0259rbaycan\u0131n media m\u0259kan\u0131ndak\u0131 alternativ s\u0259sidir\",\"publisher\":{\"@id\":\"https:\\\/\\\/www.meydan.tv\\\/az\\\/#organization\"},\"potentialAction\":[{\"@type\":\"SearchAction\",\"target\":{\"@type\":\"EntryPoint\",\"urlTemplate\":\"https:\\\/\\\/www.meydan.tv\\\/az\\\/?s={search_term_string}\"},\"query-input\":{\"@type\":\"PropertyValueSpecification\",\"valueRequired\":true,\"valueName\":\"search_term_string\"}}],\"inLanguage\":\"az\"},{\"@type\":\"Organization\",\"@id\":\"https:\\\/\\\/www.meydan.tv\\\/az\\\/#organization\",\"name\":\"Meydan TV\",\"url\":\"https:\\\/\\\/www.meydan.tv\\\/az\\\/\",\"logo\":{\"@type\":\"ImageObject\",\"inLanguage\":\"az\",\"@id\":\"https:\\\/\\\/www.meydan.tv\\\/az\\\/#\\\/schema\\\/logo\\\/image\\\/\",\"url\":\"https:\\\/\\\/www.meydan.tv\\\/wp-content\\\/uploads\\\/2021\\\/07\\\/meydan-logo.svg\",\"contentUrl\":\"https:\\\/\\\/www.meydan.tv\\\/wp-content\\\/uploads\\\/2021\\\/07\\\/meydan-logo.svg\",\"width\":195,\"height\":46,\"caption\":\"Meydan TV\"},\"image\":{\"@id\":\"https:\\\/\\\/www.meydan.tv\\\/az\\\/#\\\/schema\\\/logo\\\/image\\\/\"}},{\"@type\":\"Person\",\"@id\":\"https:\\\/\\\/www.meydan.tv\\\/az\\\/#\\\/schema\\\/person\\\/10d11eccf6da3662cf5fdab9806ea91a\",\"name\":\"user-manager\"}]}<\/script>\n<!-- \/ Yoast SEO plugin. -->","yoast_head_json":{"title":"N\u0259n\u0259nin \u00fcmidin\u0259 qalan k\u00f6rp\u0259l\u0259r - MEYDAN.TV","robots":{"index":"index","follow":"follow","max-snippet":"max-snippet:-1","max-image-preview":"max-image-preview:large","max-video-preview":"max-video-preview:-1"},"canonical":"https:\/\/www.meydan.tv\/az\/article\/nenenin-umidine-qalan-korpeler\/","og_locale":"az_AZ","og_type":"article","og_title":"N\u0259n\u0259nin \u00fcmidin\u0259 qalan k\u00f6rp\u0259l\u0259r - MEYDAN.TV","og_description":"Ail\u0259 Sevincin d\u0259fn m\u0259rasimind\u0259 istifad\u0259 olunan b\u00fct\u00fcn \u0259rza\u011f\u0131 nisy\u0259 g\u00f6t\u00fcr\u00fcbm\u00fc\u015f, indi pulunu \u00f6d\u0259y\u0259 bilmirl\u0259r. Tacir bizi yola sal\u0131r.","og_url":"https:\/\/www.meydan.tv\/az\/article\/nenenin-umidine-qalan-korpeler\/","og_site_name":"MEYDAN.TV","article_published_time":"2019-11-25T15:12:32+00:00","og_image":[{"width":1024,"height":764,"url":"https:\/\/www.meydan.tv\/wp-content\/uploads\/image_from_ios_3_kkur6mn.jpg","type":"image\/jpeg"}],"author":"user-manager","twitter_card":"summary_large_image","schema":{"@context":"https:\/\/schema.org","@graph":[{"@type":"Article","@id":"https:\/\/www.meydan.tv\/az\/article\/nenenin-umidine-qalan-korpeler\/#article","isPartOf":{"@id":"https:\/\/www.meydan.tv\/az\/article\/nenenin-umidine-qalan-korpeler\/"},"author":{"name":"user-manager","@id":"https:\/\/www.meydan.tv\/az\/#\/schema\/person\/10d11eccf6da3662cf5fdab9806ea91a"},"headline":"N\u0259n\u0259nin \u00fcmidin\u0259 qalan k\u00f6rp\u0259l\u0259r","datePublished":"2019-11-25T15:12:32+00:00","mainEntityOfPage":{"@id":"https:\/\/www.meydan.tv\/az\/article\/nenenin-umidine-qalan-korpeler\/"},"wordCount":988,"publisher":{"@id":"https:\/\/www.meydan.tv\/az\/#organization"},"image":{"@id":"https:\/\/www.meydan.tv\/az\/article\/nenenin-umidine-qalan-korpeler\/#primaryimage"},"thumbnailUrl":"https:\/\/www.meydan.tv\/wp-content\/uploads\/image_from_ios_3_kkur6mn.jpg","articleSection":["B\u00f6lg\u0259"],"inLanguage":"az"},{"@type":"WebPage","@id":"https:\/\/www.meydan.tv\/az\/article\/nenenin-umidine-qalan-korpeler\/","url":"https:\/\/www.meydan.tv\/az\/article\/nenenin-umidine-qalan-korpeler\/","name":"N\u0259n\u0259nin \u00fcmidin\u0259 qalan k\u00f6rp\u0259l\u0259r - MEYDAN.TV","isPartOf":{"@id":"https:\/\/www.meydan.tv\/az\/#website"},"primaryImageOfPage":{"@id":"https:\/\/www.meydan.tv\/az\/article\/nenenin-umidine-qalan-korpeler\/#primaryimage"},"image":{"@id":"https:\/\/www.meydan.tv\/az\/article\/nenenin-umidine-qalan-korpeler\/#primaryimage"},"thumbnailUrl":"https:\/\/www.meydan.tv\/wp-content\/uploads\/image_from_ios_3_kkur6mn.jpg","datePublished":"2019-11-25T15:12:32+00:00","breadcrumb":{"@id":"https:\/\/www.meydan.tv\/az\/article\/nenenin-umidine-qalan-korpeler\/#breadcrumb"},"inLanguage":"az","potentialAction":[{"@type":"ReadAction","target":["https:\/\/www.meydan.tv\/az\/article\/nenenin-umidine-qalan-korpeler\/"]}]},{"@type":"ImageObject","inLanguage":"az","@id":"https:\/\/www.meydan.tv\/az\/article\/nenenin-umidine-qalan-korpeler\/#primaryimage","url":"https:\/\/www.meydan.tv\/wp-content\/uploads\/image_from_ios_3_kkur6mn.jpg","contentUrl":"https:\/\/www.meydan.tv\/wp-content\/uploads\/image_from_ios_3_kkur6mn.jpg","width":1024,"height":764,"caption":"Source: Specify Source"},{"@type":"BreadcrumbList","@id":"https:\/\/www.meydan.tv\/az\/article\/nenenin-umidine-qalan-korpeler\/#breadcrumb","itemListElement":[{"@type":"ListItem","position":1,"name":"Ana s\u0259hif\u0259","item":"https:\/\/www.meydan.tv\/az\/"},{"@type":"ListItem","position":2,"name":"B\u00f6lg\u0259","item":"https:\/\/www.meydan.tv\/az\/section\/bolge\/"},{"@type":"ListItem","position":3,"name":"N\u0259n\u0259nin \u00fcmidin\u0259 qalan k\u00f6rp\u0259l\u0259r"}]},{"@type":"WebSite","@id":"https:\/\/www.meydan.tv\/az\/#website","url":"https:\/\/www.meydan.tv\/az\/","name":"MEYDAN.TV","description":"Meydan TV Az\u0259rbaycan\u0131n media m\u0259kan\u0131ndak\u0131 alternativ s\u0259sidir","publisher":{"@id":"https:\/\/www.meydan.tv\/az\/#organization"},"potentialAction":[{"@type":"SearchAction","target":{"@type":"EntryPoint","urlTemplate":"https:\/\/www.meydan.tv\/az\/?s={search_term_string}"},"query-input":{"@type":"PropertyValueSpecification","valueRequired":true,"valueName":"search_term_string"}}],"inLanguage":"az"},{"@type":"Organization","@id":"https:\/\/www.meydan.tv\/az\/#organization","name":"Meydan TV","url":"https:\/\/www.meydan.tv\/az\/","logo":{"@type":"ImageObject","inLanguage":"az","@id":"https:\/\/www.meydan.tv\/az\/#\/schema\/logo\/image\/","url":"https:\/\/www.meydan.tv\/wp-content\/uploads\/2021\/07\/meydan-logo.svg","contentUrl":"https:\/\/www.meydan.tv\/wp-content\/uploads\/2021\/07\/meydan-logo.svg","width":195,"height":46,"caption":"Meydan TV"},"image":{"@id":"https:\/\/www.meydan.tv\/az\/#\/schema\/logo\/image\/"}},{"@type":"Person","@id":"https:\/\/www.meydan.tv\/az\/#\/schema\/person\/10d11eccf6da3662cf5fdab9806ea91a","name":"user-manager"}]}},"_links":{"self":[{"href":"https:\/\/www.meydan.tv\/az\/wp-json\/wp\/v2\/posts\/198088","targetHints":{"allow":["GET"]}}],"collection":[{"href":"https:\/\/www.meydan.tv\/az\/wp-json\/wp\/v2\/posts"}],"about":[{"href":"https:\/\/www.meydan.tv\/az\/wp-json\/wp\/v2\/types\/post"}],"author":[{"embeddable":true,"href":"https:\/\/www.meydan.tv\/az\/wp-json\/wp\/v2\/users\/11"}],"replies":[{"embeddable":true,"href":"https:\/\/www.meydan.tv\/az\/wp-json\/wp\/v2\/comments?post=198088"}],"version-history":[{"count":0,"href":"https:\/\/www.meydan.tv\/az\/wp-json\/wp\/v2\/posts\/198088\/revisions"}],"wp:featuredmedia":[{"embeddable":true,"href":"https:\/\/www.meydan.tv\/az\/wp-json\/wp\/v2\/media\/133545"}],"wp:attachment":[{"href":"https:\/\/www.meydan.tv\/az\/wp-json\/wp\/v2\/media?parent=198088"}],"wp:term":[{"taxonomy":"category","embeddable":true,"href":"https:\/\/www.meydan.tv\/az\/wp-json\/wp\/v2\/categories?post=198088"},{"taxonomy":"post_tag","embeddable":true,"href":"https:\/\/www.meydan.tv\/az\/wp-json\/wp\/v2\/tags?post=198088"}],"curies":[{"name":"wp","href":"https:\/\/api.w.org\/{rel}","templated":true}]}}