{"id":198075,"date":"2019-11-25T11:42:52","date_gmt":"2019-11-25T11:42:52","guid":{"rendered":"https:\/\/www.meydan.tv\/article\/deputat-i-ve-ii-sinifde-ev-tapsiriqlari-azaldilsin-ve-ya-legv-olunsun\/"},"modified":"2019-11-25T11:42:52","modified_gmt":"2019-11-25T11:42:52","slug":"deputat-i-ve-ii-sinifde-ev-tapsiriqlari-azaldilsin-ve-ya-legv-olunsun","status":"publish","type":"post","link":"https:\/\/www.meydan.tv\/az\/article\/deputat-i-ve-ii-sinifde-ev-tapsiriqlari-azaldilsin-ve-ya-legv-olunsun\/","title":{"rendered":"Deputat: I v\u0259 II sinifd\u0259 ev tap\u015f\u0131r\u0131qlar\u0131 azald\u0131ls\u0131n v\u0259 ya l\u0259\u011fv olunsun"},"content":{"rendered":"<p>\n  <i><br \/>\n    &quot;U\u015faqlar ax\u015fam saat 8-9-a kimi yaln\u0131z ev tap\u015f\u0131r\u0131qlar\u0131 il\u0259 m\u0259\u015f\u011ful olurlar&quot;<br \/>\n  <\/i>\n<\/p>\n<p>\n  &quot;Ax\u0131 n\u0259 \u00fc\u00e7\u00fcn orta m\u0259kt\u0259bl\u0259rd\u0259 \u015fagirdl\u0259ri h\u0259ddind\u0259n art\u0131q ev tap\u015f\u0131r\u0131\u011f\u0131 il\u0259 y\u00fckl\u0259yirl\u0259r? B\u0259zi hallarda he\u00e7 tap\u015f\u0131r\u0131qlar\u0131n izah\u0131 da verilmir&quot;.\n<\/p>\n<p>\n  Bunu Milli M\u0259clisin plenar iclas\u0131nda deputat Elmira Axundova deyib.\n<\/p>\n<p>\n  O vur\u011fulay\u0131b ki, m\u00fc\u0259lliml\u0259r \u00fcz\u0259rin\u0259 d\u00fc\u015f\u0259n v\u0259zif\u0259l\u0259ri \u00e7ox vaxt valideynl\u0259rin \u00e7iyinl\u0259rin\u0259 y\u00fckl\u0259yir, s\u0259b\u0259bi is\u0259 proqram\u0131n g\u0259rginliyi il\u0259 izah edirl\u0259r:\n<\/p>\n<p>\n  &quot;6 ya\u015fl\u0131 u\u015faqlar d\u0259rsd\u0259n g\u0259l\u0259rk\u0259n ax\u015fam saat 8-9-a kimi yaln\u0131z ev tap\u015f\u0131r\u0131qlar\u0131 il\u0259 m\u0259\u015f\u011ful olurlar. Ax\u0131 onlar u\u015faqd\u0131rlar. Bu q\u0259d\u0259r a\u011f\u0131r y\u00fck alt\u0131nda \u015fagirdl\u0259rin m\u0259kt\u0259b\u0259 qar\u015f\u0131 nifr\u0259ti oyana bil\u0259r. I v\u0259 II sinifd\u0259 ev tap\u015f\u0131r\u0131qlar\u0131 ya l\u0259\u011fv olunsun, ya da c\u00fczi olsun. Yoxsa u\u015faqlar\u0131m\u0131z idman v\u0259 ya h\u0259r hans\u0131 inc\u0259s\u0259n\u0259t n\u00f6vl\u0259ri il\u0259 m\u0259\u015f\u011ful olma\u011fa vaxt tapmayacaqlar. Bel\u0259 olan halda m\u0259kt\u0259bl\u0259r robot insanlar yeti\u015fdir\u0259c\u0259k. \u015eagirdl\u0259rin bu q\u0259d\u0259r oturaq h\u0259yat t\u0259rzi ke\u00e7irm\u0259si onlar\u0131n s\u0259hh\u0259tl\u0259rind\u0259 ciddi probleml\u0259r yarada bil\u0259r\u201d.\n<\/p>\n<figure class=\"wp-block-image size-large\">\n  <img decoding=\"async\" src=\"https:\/\/www.meydan.tv\/az\/elmira-axundova\/\" alt=\"Elmira Axundova\" class=\"wp-image-104676\"\/><figcaption>\n    Elmira Axundova<br \/>\n  <\/figcaption><\/figure>\n<p>\n  E.Axundova m\u0259kt\u0259bl\u0259rd\u0259, x\u00fcsusil\u0259 d\u0259 rus b\u00f6lm\u0259sind\u0259 d\u0259rslikl\u0259rin keyfiyy\u0259tin\u0259 n\u0259zar\u0259t edilm\u0259sinin vacib oldu\u011funu bildirib:\n<\/p>\n<p>\n  &quot;D\u0259rslikl\u0259r yenid\u0259n i\u015fl\u0259nm\u0259lidir, \u00e7\u00fcnki haz\u0131rda kitablar\u0131n keyfiyy\u0259ti he\u00e7 kimi qane etmir. V sinif &quot;Ana dili&quot; kitab\u0131 kimi d\u0259rslikl\u0259rl\u0259 n\u0259inki u\u015faqlara r\u0259smi d\u00f6vl\u0259t dilini \u00f6yr\u0259d\u0259c\u0259yik, \u0259ksin\u0259 onlarda bu dil\u0259 qar\u015f\u0131 etinads\u0131zl\u0131q yaranacaq&quot;.<\/p>\n","protected":false},"excerpt":{"rendered":"<p>E.Axundova m\u0259kt\u0259bl\u0259rd\u0259, x\u00fcsusil\u0259 d\u0259 rus b\u00f6lm\u0259sind\u0259 d\u0259rslikl\u0259rin keyfiyy\u0259tin\u0259 n\u0259zar\u0259t edilm\u0259sinin vacib oldu\u011funu bildirib<\/p>\n","protected":false},"author":11,"featured_media":104676,"comment_status":"closed","ping_status":"open","sticky":false,"template":"","format":"standard","meta":{"_acf_changed":false,"_sitemap_exclude":false,"_sitemap_priority":"","_sitemap_frequency":"","footnotes":""},"categories":[62],"tags":[],"class_list":["post-198075","post","type-post","status-publish","format-standard","has-post-thumbnail","hentry","category-sosial","infinite-scroll-item","generate-columns","tablet-grid-50","mobile-grid-100","grid-parent","grid-33","no-featured-image-padding"],"acf":[],"yoast_head":"<!-- This site is optimized with the Yoast SEO plugin v27.4 - https:\/\/yoast.com\/product\/yoast-seo-wordpress\/ -->\n<title>Deputat: I v\u0259 II sinifd\u0259 ev tap\u015f\u0131r\u0131qlar\u0131 azald\u0131ls\u0131n v\u0259 ya l\u0259\u011fv olunsun - MEYDAN.TV<\/title>\n<meta name=\"robots\" content=\"index, follow, max-snippet:-1, max-image-preview:large, max-video-preview:-1\" \/>\n<link rel=\"canonical\" href=\"https:\/\/www.meydan.tv\/az\/article\/deputat-i-ve-ii-sinifde-ev-tapsiriqlari-azaldilsin-ve-ya-legv-olunsun\/\" \/>\n<meta property=\"og:locale\" content=\"az_AZ\" \/>\n<meta property=\"og:type\" content=\"article\" \/>\n<meta property=\"og:title\" content=\"Deputat: I v\u0259 II sinifd\u0259 ev tap\u015f\u0131r\u0131qlar\u0131 azald\u0131ls\u0131n v\u0259 ya l\u0259\u011fv olunsun - MEYDAN.TV\" \/>\n<meta property=\"og:description\" content=\"E.Axundova m\u0259kt\u0259bl\u0259rd\u0259, x\u00fcsusil\u0259 d\u0259 rus b\u00f6lm\u0259sind\u0259 d\u0259rslikl\u0259rin keyfiyy\u0259tin\u0259 n\u0259zar\u0259t edilm\u0259sinin vacib oldu\u011funu bildirib\" \/>\n<meta property=\"og:url\" content=\"https:\/\/www.meydan.tv\/az\/article\/deputat-i-ve-ii-sinifde-ev-tapsiriqlari-azaldilsin-ve-ya-legv-olunsun\/\" \/>\n<meta property=\"og:site_name\" content=\"MEYDAN.TV\" \/>\n<meta property=\"article:published_time\" content=\"2019-11-25T11:42:52+00:00\" \/>\n<meta property=\"og:image\" content=\"https:\/\/www.meydan.tv\/wp-content\/uploads\/41534.jpg\" \/>\n\t<meta property=\"og:image:width\" content=\"1200\" \/>\n\t<meta property=\"og:image:height\" content=\"650\" \/>\n\t<meta property=\"og:image:type\" content=\"image\/jpeg\" \/>\n<meta name=\"author\" content=\"user-manager\" \/>\n<meta name=\"twitter:card\" content=\"summary_large_image\" \/>\n<script type=\"application\/ld+json\" class=\"yoast-schema-graph\">{\"@context\":\"https:\\\/\\\/schema.org\",\"@graph\":[{\"@type\":\"Article\",\"@id\":\"https:\\\/\\\/www.meydan.tv\\\/az\\\/article\\\/deputat-i-ve-ii-sinifde-ev-tapsiriqlari-azaldilsin-ve-ya-legv-olunsun\\\/#article\",\"isPartOf\":{\"@id\":\"https:\\\/\\\/www.meydan.tv\\\/az\\\/article\\\/deputat-i-ve-ii-sinifde-ev-tapsiriqlari-azaldilsin-ve-ya-legv-olunsun\\\/\"},\"author\":{\"name\":\"user-manager\",\"@id\":\"https:\\\/\\\/www.meydan.tv\\\/az\\\/#\\\/schema\\\/person\\\/10d11eccf6da3662cf5fdab9806ea91a\"},\"headline\":\"Deputat: I v\u0259 II sinifd\u0259 ev tap\u015f\u0131r\u0131qlar\u0131 azald\u0131ls\u0131n v\u0259 ya l\u0259\u011fv olunsun\",\"datePublished\":\"2019-11-25T11:42:52+00:00\",\"mainEntityOfPage\":{\"@id\":\"https:\\\/\\\/www.meydan.tv\\\/az\\\/article\\\/deputat-i-ve-ii-sinifde-ev-tapsiriqlari-azaldilsin-ve-ya-legv-olunsun\\\/\"},\"wordCount\":341,\"publisher\":{\"@id\":\"https:\\\/\\\/www.meydan.tv\\\/az\\\/#organization\"},\"image\":{\"@id\":\"https:\\\/\\\/www.meydan.tv\\\/az\\\/article\\\/deputat-i-ve-ii-sinifde-ev-tapsiriqlari-azaldilsin-ve-ya-legv-olunsun\\\/#primaryimage\"},\"thumbnailUrl\":\"https:\\\/\\\/www.meydan.tv\\\/wp-content\\\/uploads\\\/41534.jpg\",\"articleSection\":[\"Sosial\"],\"inLanguage\":\"az\"},{\"@type\":\"WebPage\",\"@id\":\"https:\\\/\\\/www.meydan.tv\\\/az\\\/article\\\/deputat-i-ve-ii-sinifde-ev-tapsiriqlari-azaldilsin-ve-ya-legv-olunsun\\\/\",\"url\":\"https:\\\/\\\/www.meydan.tv\\\/az\\\/article\\\/deputat-i-ve-ii-sinifde-ev-tapsiriqlari-azaldilsin-ve-ya-legv-olunsun\\\/\",\"name\":\"Deputat: I v\u0259 II sinifd\u0259 ev tap\u015f\u0131r\u0131qlar\u0131 azald\u0131ls\u0131n v\u0259 ya l\u0259\u011fv olunsun - MEYDAN.TV\",\"isPartOf\":{\"@id\":\"https:\\\/\\\/www.meydan.tv\\\/az\\\/#website\"},\"primaryImageOfPage\":{\"@id\":\"https:\\\/\\\/www.meydan.tv\\\/az\\\/article\\\/deputat-i-ve-ii-sinifde-ev-tapsiriqlari-azaldilsin-ve-ya-legv-olunsun\\\/#primaryimage\"},\"image\":{\"@id\":\"https:\\\/\\\/www.meydan.tv\\\/az\\\/article\\\/deputat-i-ve-ii-sinifde-ev-tapsiriqlari-azaldilsin-ve-ya-legv-olunsun\\\/#primaryimage\"},\"thumbnailUrl\":\"https:\\\/\\\/www.meydan.tv\\\/wp-content\\\/uploads\\\/41534.jpg\",\"datePublished\":\"2019-11-25T11:42:52+00:00\",\"breadcrumb\":{\"@id\":\"https:\\\/\\\/www.meydan.tv\\\/az\\\/article\\\/deputat-i-ve-ii-sinifde-ev-tapsiriqlari-azaldilsin-ve-ya-legv-olunsun\\\/#breadcrumb\"},\"inLanguage\":\"az\",\"potentialAction\":[{\"@type\":\"ReadAction\",\"target\":[\"https:\\\/\\\/www.meydan.tv\\\/az\\\/article\\\/deputat-i-ve-ii-sinifde-ev-tapsiriqlari-azaldilsin-ve-ya-legv-olunsun\\\/\"]}]},{\"@type\":\"ImageObject\",\"inLanguage\":\"az\",\"@id\":\"https:\\\/\\\/www.meydan.tv\\\/az\\\/article\\\/deputat-i-ve-ii-sinifde-ev-tapsiriqlari-azaldilsin-ve-ya-legv-olunsun\\\/#primaryimage\",\"url\":\"https:\\\/\\\/www.meydan.tv\\\/wp-content\\\/uploads\\\/41534.jpg\",\"contentUrl\":\"https:\\\/\\\/www.meydan.tv\\\/wp-content\\\/uploads\\\/41534.jpg\",\"width\":1200,\"height\":650,\"caption\":\"Source: Az\u0259rtac\"},{\"@type\":\"BreadcrumbList\",\"@id\":\"https:\\\/\\\/www.meydan.tv\\\/az\\\/article\\\/deputat-i-ve-ii-sinifde-ev-tapsiriqlari-azaldilsin-ve-ya-legv-olunsun\\\/#breadcrumb\",\"itemListElement\":[{\"@type\":\"ListItem\",\"position\":1,\"name\":\"Ana s\u0259hif\u0259\",\"item\":\"https:\\\/\\\/www.meydan.tv\\\/az\\\/\"},{\"@type\":\"ListItem\",\"position\":2,\"name\":\"Sosial\",\"item\":\"https:\\\/\\\/www.meydan.tv\\\/az\\\/section\\\/sosial\\\/\"},{\"@type\":\"ListItem\",\"position\":3,\"name\":\"Deputat: I v\u0259 II sinifd\u0259 ev tap\u015f\u0131r\u0131qlar\u0131 azald\u0131ls\u0131n v\u0259 ya l\u0259\u011fv olunsun\"}]},{\"@type\":\"WebSite\",\"@id\":\"https:\\\/\\\/www.meydan.tv\\\/az\\\/#website\",\"url\":\"https:\\\/\\\/www.meydan.tv\\\/az\\\/\",\"name\":\"MEYDAN.TV\",\"description\":\"Meydan TV Az\u0259rbaycan\u0131n media m\u0259kan\u0131ndak\u0131 alternativ s\u0259sidir\",\"publisher\":{\"@id\":\"https:\\\/\\\/www.meydan.tv\\\/az\\\/#organization\"},\"potentialAction\":[{\"@type\":\"SearchAction\",\"target\":{\"@type\":\"EntryPoint\",\"urlTemplate\":\"https:\\\/\\\/www.meydan.tv\\\/az\\\/?s={search_term_string}\"},\"query-input\":{\"@type\":\"PropertyValueSpecification\",\"valueRequired\":true,\"valueName\":\"search_term_string\"}}],\"inLanguage\":\"az\"},{\"@type\":\"Organization\",\"@id\":\"https:\\\/\\\/www.meydan.tv\\\/az\\\/#organization\",\"name\":\"Meydan TV\",\"url\":\"https:\\\/\\\/www.meydan.tv\\\/az\\\/\",\"logo\":{\"@type\":\"ImageObject\",\"inLanguage\":\"az\",\"@id\":\"https:\\\/\\\/www.meydan.tv\\\/az\\\/#\\\/schema\\\/logo\\\/image\\\/\",\"url\":\"https:\\\/\\\/www.meydan.tv\\\/wp-content\\\/uploads\\\/2021\\\/07\\\/meydan-logo.svg\",\"contentUrl\":\"https:\\\/\\\/www.meydan.tv\\\/wp-content\\\/uploads\\\/2021\\\/07\\\/meydan-logo.svg\",\"width\":195,\"height\":46,\"caption\":\"Meydan TV\"},\"image\":{\"@id\":\"https:\\\/\\\/www.meydan.tv\\\/az\\\/#\\\/schema\\\/logo\\\/image\\\/\"}},{\"@type\":\"Person\",\"@id\":\"https:\\\/\\\/www.meydan.tv\\\/az\\\/#\\\/schema\\\/person\\\/10d11eccf6da3662cf5fdab9806ea91a\",\"name\":\"user-manager\"}]}<\/script>\n<!-- \/ Yoast SEO plugin. -->","yoast_head_json":{"title":"Deputat: I v\u0259 II sinifd\u0259 ev tap\u015f\u0131r\u0131qlar\u0131 azald\u0131ls\u0131n v\u0259 ya l\u0259\u011fv olunsun - MEYDAN.TV","robots":{"index":"index","follow":"follow","max-snippet":"max-snippet:-1","max-image-preview":"max-image-preview:large","max-video-preview":"max-video-preview:-1"},"canonical":"https:\/\/www.meydan.tv\/az\/article\/deputat-i-ve-ii-sinifde-ev-tapsiriqlari-azaldilsin-ve-ya-legv-olunsun\/","og_locale":"az_AZ","og_type":"article","og_title":"Deputat: I v\u0259 II sinifd\u0259 ev tap\u015f\u0131r\u0131qlar\u0131 azald\u0131ls\u0131n v\u0259 ya l\u0259\u011fv olunsun - MEYDAN.TV","og_description":"E.Axundova m\u0259kt\u0259bl\u0259rd\u0259, x\u00fcsusil\u0259 d\u0259 rus b\u00f6lm\u0259sind\u0259 d\u0259rslikl\u0259rin keyfiyy\u0259tin\u0259 n\u0259zar\u0259t edilm\u0259sinin vacib oldu\u011funu bildirib","og_url":"https:\/\/www.meydan.tv\/az\/article\/deputat-i-ve-ii-sinifde-ev-tapsiriqlari-azaldilsin-ve-ya-legv-olunsun\/","og_site_name":"MEYDAN.TV","article_published_time":"2019-11-25T11:42:52+00:00","og_image":[{"width":1200,"height":650,"url":"https:\/\/www.meydan.tv\/wp-content\/uploads\/41534.jpg","type":"image\/jpeg"}],"author":"user-manager","twitter_card":"summary_large_image","schema":{"@context":"https:\/\/schema.org","@graph":[{"@type":"Article","@id":"https:\/\/www.meydan.tv\/az\/article\/deputat-i-ve-ii-sinifde-ev-tapsiriqlari-azaldilsin-ve-ya-legv-olunsun\/#article","isPartOf":{"@id":"https:\/\/www.meydan.tv\/az\/article\/deputat-i-ve-ii-sinifde-ev-tapsiriqlari-azaldilsin-ve-ya-legv-olunsun\/"},"author":{"name":"user-manager","@id":"https:\/\/www.meydan.tv\/az\/#\/schema\/person\/10d11eccf6da3662cf5fdab9806ea91a"},"headline":"Deputat: I v\u0259 II sinifd\u0259 ev tap\u015f\u0131r\u0131qlar\u0131 azald\u0131ls\u0131n v\u0259 ya l\u0259\u011fv olunsun","datePublished":"2019-11-25T11:42:52+00:00","mainEntityOfPage":{"@id":"https:\/\/www.meydan.tv\/az\/article\/deputat-i-ve-ii-sinifde-ev-tapsiriqlari-azaldilsin-ve-ya-legv-olunsun\/"},"wordCount":341,"publisher":{"@id":"https:\/\/www.meydan.tv\/az\/#organization"},"image":{"@id":"https:\/\/www.meydan.tv\/az\/article\/deputat-i-ve-ii-sinifde-ev-tapsiriqlari-azaldilsin-ve-ya-legv-olunsun\/#primaryimage"},"thumbnailUrl":"https:\/\/www.meydan.tv\/wp-content\/uploads\/41534.jpg","articleSection":["Sosial"],"inLanguage":"az"},{"@type":"WebPage","@id":"https:\/\/www.meydan.tv\/az\/article\/deputat-i-ve-ii-sinifde-ev-tapsiriqlari-azaldilsin-ve-ya-legv-olunsun\/","url":"https:\/\/www.meydan.tv\/az\/article\/deputat-i-ve-ii-sinifde-ev-tapsiriqlari-azaldilsin-ve-ya-legv-olunsun\/","name":"Deputat: I v\u0259 II sinifd\u0259 ev tap\u015f\u0131r\u0131qlar\u0131 azald\u0131ls\u0131n v\u0259 ya l\u0259\u011fv olunsun - MEYDAN.TV","isPartOf":{"@id":"https:\/\/www.meydan.tv\/az\/#website"},"primaryImageOfPage":{"@id":"https:\/\/www.meydan.tv\/az\/article\/deputat-i-ve-ii-sinifde-ev-tapsiriqlari-azaldilsin-ve-ya-legv-olunsun\/#primaryimage"},"image":{"@id":"https:\/\/www.meydan.tv\/az\/article\/deputat-i-ve-ii-sinifde-ev-tapsiriqlari-azaldilsin-ve-ya-legv-olunsun\/#primaryimage"},"thumbnailUrl":"https:\/\/www.meydan.tv\/wp-content\/uploads\/41534.jpg","datePublished":"2019-11-25T11:42:52+00:00","breadcrumb":{"@id":"https:\/\/www.meydan.tv\/az\/article\/deputat-i-ve-ii-sinifde-ev-tapsiriqlari-azaldilsin-ve-ya-legv-olunsun\/#breadcrumb"},"inLanguage":"az","potentialAction":[{"@type":"ReadAction","target":["https:\/\/www.meydan.tv\/az\/article\/deputat-i-ve-ii-sinifde-ev-tapsiriqlari-azaldilsin-ve-ya-legv-olunsun\/"]}]},{"@type":"ImageObject","inLanguage":"az","@id":"https:\/\/www.meydan.tv\/az\/article\/deputat-i-ve-ii-sinifde-ev-tapsiriqlari-azaldilsin-ve-ya-legv-olunsun\/#primaryimage","url":"https:\/\/www.meydan.tv\/wp-content\/uploads\/41534.jpg","contentUrl":"https:\/\/www.meydan.tv\/wp-content\/uploads\/41534.jpg","width":1200,"height":650,"caption":"Source: Az\u0259rtac"},{"@type":"BreadcrumbList","@id":"https:\/\/www.meydan.tv\/az\/article\/deputat-i-ve-ii-sinifde-ev-tapsiriqlari-azaldilsin-ve-ya-legv-olunsun\/#breadcrumb","itemListElement":[{"@type":"ListItem","position":1,"name":"Ana s\u0259hif\u0259","item":"https:\/\/www.meydan.tv\/az\/"},{"@type":"ListItem","position":2,"name":"Sosial","item":"https:\/\/www.meydan.tv\/az\/section\/sosial\/"},{"@type":"ListItem","position":3,"name":"Deputat: I v\u0259 II sinifd\u0259 ev tap\u015f\u0131r\u0131qlar\u0131 azald\u0131ls\u0131n v\u0259 ya l\u0259\u011fv olunsun"}]},{"@type":"WebSite","@id":"https:\/\/www.meydan.tv\/az\/#website","url":"https:\/\/www.meydan.tv\/az\/","name":"MEYDAN.TV","description":"Meydan TV Az\u0259rbaycan\u0131n media m\u0259kan\u0131ndak\u0131 alternativ s\u0259sidir","publisher":{"@id":"https:\/\/www.meydan.tv\/az\/#organization"},"potentialAction":[{"@type":"SearchAction","target":{"@type":"EntryPoint","urlTemplate":"https:\/\/www.meydan.tv\/az\/?s={search_term_string}"},"query-input":{"@type":"PropertyValueSpecification","valueRequired":true,"valueName":"search_term_string"}}],"inLanguage":"az"},{"@type":"Organization","@id":"https:\/\/www.meydan.tv\/az\/#organization","name":"Meydan TV","url":"https:\/\/www.meydan.tv\/az\/","logo":{"@type":"ImageObject","inLanguage":"az","@id":"https:\/\/www.meydan.tv\/az\/#\/schema\/logo\/image\/","url":"https:\/\/www.meydan.tv\/wp-content\/uploads\/2021\/07\/meydan-logo.svg","contentUrl":"https:\/\/www.meydan.tv\/wp-content\/uploads\/2021\/07\/meydan-logo.svg","width":195,"height":46,"caption":"Meydan TV"},"image":{"@id":"https:\/\/www.meydan.tv\/az\/#\/schema\/logo\/image\/"}},{"@type":"Person","@id":"https:\/\/www.meydan.tv\/az\/#\/schema\/person\/10d11eccf6da3662cf5fdab9806ea91a","name":"user-manager"}]}},"_links":{"self":[{"href":"https:\/\/www.meydan.tv\/az\/wp-json\/wp\/v2\/posts\/198075","targetHints":{"allow":["GET"]}}],"collection":[{"href":"https:\/\/www.meydan.tv\/az\/wp-json\/wp\/v2\/posts"}],"about":[{"href":"https:\/\/www.meydan.tv\/az\/wp-json\/wp\/v2\/types\/post"}],"author":[{"embeddable":true,"href":"https:\/\/www.meydan.tv\/az\/wp-json\/wp\/v2\/users\/11"}],"replies":[{"embeddable":true,"href":"https:\/\/www.meydan.tv\/az\/wp-json\/wp\/v2\/comments?post=198075"}],"version-history":[{"count":0,"href":"https:\/\/www.meydan.tv\/az\/wp-json\/wp\/v2\/posts\/198075\/revisions"}],"wp:featuredmedia":[{"embeddable":true,"href":"https:\/\/www.meydan.tv\/az\/wp-json\/wp\/v2\/media\/104676"}],"wp:attachment":[{"href":"https:\/\/www.meydan.tv\/az\/wp-json\/wp\/v2\/media?parent=198075"}],"wp:term":[{"taxonomy":"category","embeddable":true,"href":"https:\/\/www.meydan.tv\/az\/wp-json\/wp\/v2\/categories?post=198075"},{"taxonomy":"post_tag","embeddable":true,"href":"https:\/\/www.meydan.tv\/az\/wp-json\/wp\/v2\/tags?post=198075"}],"curies":[{"name":"wp","href":"https:\/\/api.w.org\/{rel}","templated":true}]}}